{"id":11739,"date":"2021-10-23T12:26:15","date_gmt":"2021-10-23T10:26:15","guid":{"rendered":"https:\/\/www.organisator.ch\/?p=8727"},"modified":"2021-10-23T12:26:15","modified_gmt":"2021-10-23T10:26:15","slug":"schweizer-kmu-tag-2021-wenn-ueberraschungen-die-neue-normalitaet-sind","status":"publish","type":"post","link":"https:\/\/www.organisator.ch\/fr\/allgemein\/2021-10-23\/schweizer-kmu-tag-2021-wenn-ueberraschungen-die-neue-normalitaet-sind\/","title":{"rendered":"Journ\u00e9e suisse des PME 2021 : quand les surprises deviennent la nouvelle normalit\u00e9"},"content":{"rendered":"<figure id=\"attachment_8728\" aria-describedby=\"caption-attachment-8728\" style=\"width: 680px\" class=\"wp-caption alignnone\"><a href=\"https:\/\/www.organisator.ch\/wp-content\/uploads\/2021\/10\/Schweizer-KMU-Tag-2021-Wenn-Ueberraschungen-die-neue-Normalitaet-sind-1_Organisator.jpg\"><img loading=\"lazy\" decoding=\"async\" class=\"size-medium wp-image-8728\" src=\"https:\/\/www.organisator.ch\/wp-content\/uploads\/2021\/10\/Schweizer-KMU-Tag-2021-Wenn-Ueberraschungen-die-neue-Normalitaet-sind-1_Organisator.jpg\" alt=\"\" width=\"680\" height=\"452\" \/><\/a><figcaption id=\"caption-attachment-8728\" class=\"wp-caption-text\">A enthousiasm\u00e9 le public lors de la Journ\u00e9e suisse des PME 2021 : Christian Jott Jenny pendant sa chanson sur la bureaucratie des autorit\u00e9s. (Photo : Thomas Berner)<\/figcaption><\/figure>\n<p>Apr\u00e8s avoir d\u00fb \u00eatre annul\u00e9e coup sur coup l'ann\u00e9e derni\u00e8re, la Journ\u00e9e suisse des PME 2021 a presque permis un retour \u00e0 la normale. Un millier de visiteurs se sont retrouv\u00e9s \u00e0 Saint-Gall pour rattraper ce que les mesures prises en raison de la pand\u00e9mie n'ont pas permis pendant des mois : Se rencontrer en personne, \u00e9changer des id\u00e9es et \u00e9couter des expos\u00e9s passionnants.<\/p>\n<figure id=\"attachment_8729\" aria-describedby=\"caption-attachment-8729\" style=\"width: 680px\" class=\"wp-caption alignnone\"><a href=\"https:\/\/www.organisator.ch\/wp-content\/uploads\/2021\/10\/Schweizer-KMU-Tag-2021-Wenn-Ueberraschungen-die-neue-Normalitaet-sind-6_Organisator.jpg\"><img loading=\"lazy\" decoding=\"async\" class=\"size-medium wp-image-8729\" src=\"https:\/\/www.organisator.ch\/wp-content\/uploads\/2021\/10\/Schweizer-KMU-Tag-2021-Wenn-Ueberraschungen-die-neue-Normalitaet-sind-6_Organisator.jpg\" alt=\"\" width=\"680\" height=\"508\" \/><\/a><figcaption id=\"caption-attachment-8729\" class=\"wp-caption-text\">L'h\u00f4te Tobi Wolf : \"Penser et croire \u00e0 nouveau davantage aux surprises positives\". (Image : Thomas Berner)<\/figcaption><\/figure>\n<h2><strong>Journ\u00e9e suisse des PME 2021 et la nouvelle normalit\u00e9<\/strong><\/h2>\n<p>Cette ann\u00e9e encore, le th\u00e8me du congr\u00e8s \"PME et surprises - coup de th\u00e9\u00e2tre\" n'a rien perdu de son actualit\u00e9. Dans son discours d'ouverture, l'h\u00f4te Tobi Wolf a constat\u00e9 que l'incertitude reste grande dans tous les secteurs. Cela signifie que les entreprises doivent plus que jamais \u00eatre pr\u00eates \u00e0 faire face \u00e0 des surprises. Selon une enqu\u00eate men\u00e9e aupr\u00e8s des participants \u00e0 la Journ\u00e9e PME, la p\u00e9nurie de main-d'\u0153uvre qualifi\u00e9e, les cyberincidents et l'approvisionnement en mat\u00e9riel sont cit\u00e9s comme des d\u00e9fis particuli\u00e8rement importants \u00e0 l'heure actuelle. Tobi Wolf a montr\u00e9 comment le virus a compl\u00e8tement chang\u00e9 nos domaines de vie : Notre comportement de consommation, le monde du travail - mais aussi la solidarit\u00e9 et le comportement envers notre environnement. On paie sans contact, on c\u00e9l\u00e8bre des mariages virtuels, on travaille de partout de mani\u00e8re mobile. Tout cela n'\u00e9pargne pas les PME. Selon l'enqu\u00eate, 60 pour cent des participants au sondage veulent faire face activement \u00e0 la nouvelle normalit\u00e9. \"Il faut \u00e0 nouveau plus de curiosit\u00e9 et d'envie de nouveaut\u00e9 dans les entreprises\", conclut Tobi Wolf.<\/p>\n<h2><strong>Bateaux de sauvetage pour PME<\/strong><\/h2>\n<p>Konrad Hummler, ancien propri\u00e9taire de la banque priv\u00e9e Wegelin et aujourd'hui g\u00e9rant d'un think tank sp\u00e9cialis\u00e9 dans les questions strat\u00e9giques contemporaines, a ensuite exprim\u00e9 un point de vue un peu plus pessimiste. Il constate toujours une certaine anxi\u00e9t\u00e9 et une division de la soci\u00e9t\u00e9. L'\u00e9conomie a certes \u00e9t\u00e9 sauv\u00e9e par un \"renflouement global\", mais en accumulant une gigantesque montagne de dettes. Hummler n'a pas n\u00e9cessairement qualifi\u00e9 de surprenante l'apparition d'une pand\u00e9mie en soi, mais plut\u00f4t la d\u00e9faillance des autorit\u00e9s dans sa gestion. Il a compar\u00e9 la gestion de la pand\u00e9mie au naufrage du Titanic : insouciance, arrogance et ignorance des informations, qui ont finalement abouti \u00e0 un confinement inefficace et \u00e0 un manque de canots de sauvetage. Et c'est justement de ces canots de sauvetage dont les entreprises auraient besoin. Konrad Hummler recommande en quelque sorte un retour aux anciennes vertus : Constitution de r\u00e9serves, redondances, syst\u00e8mes de s\u00e9curit\u00e9 collectifs et, surtout, des amis sur lesquels on peut compter. \"M\u00eame s'il a de l'eau jusqu'au cou, un entrepreneur ne doit pas se sentir \u00e0 l'\u00e9troit\", affirme Hummler.<\/p>\n<figure id=\"attachment_8730\" aria-describedby=\"caption-attachment-8730\" style=\"width: 680px\" class=\"wp-caption alignnone\"><a href=\"https:\/\/www.organisator.ch\/wp-content\/uploads\/2021\/10\/Schweizer-KMU-Tag-2021-Wenn-Ueberraschungen-die-neue-Normalitaet-sind-2_Organisator.jpg\"><img loading=\"lazy\" decoding=\"async\" class=\"size-medium wp-image-8730\" src=\"https:\/\/www.organisator.ch\/wp-content\/uploads\/2021\/10\/Schweizer-KMU-Tag-2021-Wenn-Ueberraschungen-die-neue-Normalitaet-sind-2_Organisator.jpg\" alt=\"\" width=\"680\" height=\"472\" \/><\/a><figcaption id=\"caption-attachment-8730\" class=\"wp-caption-text\">Konrad Hummler n'a pas m\u00e2ch\u00e9 ses mots (photo : Thomas Berner)<\/figcaption><\/figure>\n<h2><strong>La cr\u00e9ation culturelle et la bureaucratie administrative<\/strong><\/h2>\n<p>Christian Jott Jenny, pr\u00e9sident de la commune de St-Moritz et organisateur d'\u00e9v\u00e9nements culturels, a ensuite livr\u00e9 un tour d'horizon joyeux et truff\u00e9 d'anecdotes. Il a compar\u00e9 les communes \u00e0 des PME : les communes se livrent \u00e9galement \u00e0 une sorte de concurrence entre elles, comme des entreprises, mais elles se distinguent par le fait qu'elles disposent - gr\u00e2ce aux imp\u00f4ts - de \"recettes quasi garanties\" et ne peuvent donc pas \u00eatre \"men\u00e9es au fond du trou\". Jenny a \u00e9galement constat\u00e9 qu'il y a quelques ann\u00e9es encore, les communes s'inspiraient beaucoup de l'\u00e9conomie (New Public Management), mais qu'aujourd'hui, c'est plut\u00f4t l'inverse : sous l'aspect de la gouvernance d'entreprise, les entreprises commencent plus que jamais \u00e0 s'inspirer des processus de cogestion tels qu'ils se d\u00e9roulent dans les communes.<\/p>\n<p>Christian Jott Jenny - t\u00e9nor classique de formation - s'est attaqu\u00e9 concr\u00e8tement \u00e0 la bureaucratie lors d'une repr\u00e9sentation musicale. Dans une chanson, il a d\u00e9crit la recherche fastidieuse d'un formulaire de demande \u00e0 travers de nombreux services administratifs. L'anecdote suivante a montr\u00e9 que toute forme de satire et de plaisanterie a finalement un fond de v\u00e9rit\u00e9 : le comit\u00e9 d'organisation de la Journ\u00e9e PME n'a re\u00e7u la confirmation officielle de l'autorisation de la manifestation qu'\u00e0 14h24...<\/p>\n<h2><strong>Les startups, les PME de demain<\/strong><\/h2>\n<p>La \"session d'inspiration\" a constitu\u00e9 un autre point du programme de la Journ\u00e9e suisse des PME 2021 : trois startups ont pr\u00e9sent\u00e9 leurs id\u00e9es commerciales. Andreas Brenner d'Avrios a pr\u00e9sent\u00e9 une plateforme SaaS de gestion de flotte pour les PME, Jan-Philip Schade a pr\u00e9sent\u00e9 sa startup FinTech Kaspar&amp; et Sandra Tobler a repr\u00e9sent\u00e9 Futurae Technologies AG, une spin-off de l'ETH qui a d\u00e9velopp\u00e9 une solution de cybers\u00e9curit\u00e9. C'est finalement Kaspar&amp; et son application de placement qui ont remport\u00e9 les faveurs du public. Marc Schlegel, fondateur de Lizza, une entreprise qui a d\u00e9velopp\u00e9 une p\u00e2te \u00e0 pizza \u00e0 faible teneur en glucides et qui a rapidement fait fureur, \u00e9tait \u00e9galement pr\u00e9sent lors de la s\u00e9ance d'inspiration. Marc Schlegel a entre-temps r\u00e9ussi sa sortie et est rentr\u00e9 de vacances d\u00e9tendu.<\/p>\n<figure id=\"attachment_8731\" aria-describedby=\"caption-attachment-8731\" style=\"width: 680px\" class=\"wp-caption alignnone\"><a href=\"https:\/\/www.organisator.ch\/wp-content\/uploads\/2021\/10\/Schweizer-KMU-Tag-2021-Wenn-Ueberraschungen-die-neue-Normalitaet-sind-3_Organisator.jpg\"><img loading=\"lazy\" decoding=\"async\" class=\"size-medium wp-image-8731\" src=\"https:\/\/www.organisator.ch\/wp-content\/uploads\/2021\/10\/Schweizer-KMU-Tag-2021-Wenn-Ueberraschungen-die-neue-Normalitaet-sind-3_Organisator.jpg\" alt=\"\" width=\"680\" height=\"452\" \/><\/a><figcaption id=\"caption-attachment-8731\" class=\"wp-caption-text\">Trois start-up ont rivalis\u00e9 : l'animatrice Steffi Buchli (tout \u00e0 gauche) en discussion avec Sandra Tobler, Andreas Brenner et Jan-Philip Schade (de gauche \u00e0 droite). (Image : Thomas Berner)<\/figcaption><\/figure>\n<h2><strong>Notre cerveau \"d\u00e9raisonnable\" et un voyage de l'autre c\u00f4t\u00e9 de l'Atlantique<\/strong><\/h2>\n<p>Le dernier bloc d'expos\u00e9s a d'abord \u00e9t\u00e9 pr\u00e9sent\u00e9 par le neuroscientifique Lutz J\u00e4ncke, puis par Gabi Schenkel. Lutz J\u00e4ncke a pos\u00e9 la question rh\u00e9torique : notre cerveau est-il raisonnable ? Il a expliqu\u00e9 que la r\u00e9ponse \u00e0 cette question ne pouvait \u00eatre que \"non\", car notre cerveau n'est pas du tout fait pour prendre des d\u00e9cisions rationnelles. En effet, nous prenons de nombreuses d\u00e9cisions de mani\u00e8re inconsciente, car notre cerveau est constamment occup\u00e9 \u00e0 \"interpr\u00e9ter tout ce qui se trouve sur notre chemin\". La raison n'est qu'une explication philosophique influenc\u00e9e par les Lumi\u00e8res. Mais ce sont les processus inconscients dans notre cerveau qui dominent.<\/p>\n<figure id=\"attachment_8732\" aria-describedby=\"caption-attachment-8732\" style=\"width: 680px\" class=\"wp-caption alignnone\"><a href=\"https:\/\/www.organisator.ch\/wp-content\/uploads\/2021\/10\/Schweizer-KMU-Tag-2021-Wenn-Ueberraschungen-die-neue-Normalitaet-sind-4_Organisator.jpg\"><img loading=\"lazy\" decoding=\"async\" class=\"size-medium wp-image-8732\" src=\"https:\/\/www.organisator.ch\/wp-content\/uploads\/2021\/10\/Schweizer-KMU-Tag-2021-Wenn-Ueberraschungen-die-neue-Normalitaet-sind-4_Organisator.jpg\" alt=\"\" width=\"680\" height=\"452\" \/><\/a><figcaption id=\"caption-attachment-8732\" class=\"wp-caption-text\">Gabi Schenkel et Lutz J\u00e4ncke lors de la table ronde de la Journ\u00e9e suisse des PME 2021. (Photo : Thomas Berner)<\/figcaption><\/figure>\n<p>La sportive d'endurance Gabi Schenkel est la premi\u00e8re Suissesse \u00e0 avoir travers\u00e9 l'Atlantique en solitaire \u00e0 bord d'un bateau \u00e0 rames. Il va sans dire qu'elle a d\u00fb faire face \u00e0 de nombreux impr\u00e9vus lors de cette aventure - rame cass\u00e9e, panne partielle du syst\u00e8me de navigation. Elle a d\u00e9crit, \u00e0 l'aide d'images et de courts m\u00e9trages impressionnants, comment elle a d\u00fb g\u00e9rer sa solitude pendant 75 jours. Elle a montr\u00e9 clairement comment on vit diff\u00e9remment les bons moments lorsqu'on en conna\u00eet aussi le c\u00f4t\u00e9 oppos\u00e9 - un point que Lutz J\u00e4ncke a \u00e9galement soulign\u00e9 lors de la discussion qui a suivi avec l'animatrice Steffi Buchli.<\/p>\n<h2><strong>Prochaine Journ\u00e9e suisse des PME : 28 octobre 2022<\/strong><\/h2>\n<p>Il y avait aussi quelque chose \u00e0 f\u00eater lors de la Journ\u00e9e suisse des PME 2021 : le 75e anniversaire de l'Institut PME-HSG. L'histoire de l'institut a \u00e9t\u00e9 racont\u00e9e avec humour et en musique par l'artiste vocal Martin O.. La cr\u00e9ation de la Journ\u00e9e PME en 2003 a bien s\u00fbr \u00e9t\u00e9 l'un des nombreux jalons, dont l'histoire sera racont\u00e9e l'ann\u00e9e prochaine, le 28 octobre 2022.<\/p>\n<p><em>Plus d'informations : <a href=\"https:\/\/www.kmu-tag.ch\/\">www.kmu-tag.ch<\/a><\/em><\/p>","protected":false},"excerpt":{"rendered":"<p>Nachdem er im letzten Jahr Knall auf Fall abgesagt werden musste, liess der Schweizer KMU-Tag 2021 fast schon wieder Normalit\u00e4t zu. 1000 Besucherinnen und Besucher fanden sich in St.Gallen ein um das nachzuholen, was die Pandemie-Massnahmen w\u00e4hrend Monaten nicht m\u00f6glich machten: Sich pers\u00f6nliche zu begegnen, sich auszutauschen und spannende Referate anzuh\u00f6ren. Schweizer KMU-Tag 2021 und [&hellip;]<\/p>\n","protected":false},"author":4,"featured_media":11509,"comment_status":"closed","ping_status":"closed","sticky":false,"template":"","format":"standard","meta":{"_acf_changed":false,"_yoast_wpseo_focuskw":"Schweizer KMU-Tag 2021","_yoast_wpseo_metadesc":"Am 22. Oktober fand - nach einj\u00e4hriger Pause - der Schweizer KMU-Tag 2021 statt. Die Tagung stand unter dem Motto \u00abKMU und \u00dcberraschungen \u2013 Knall auf Fall\u00bb.","articlekey":"","footnotes":""},"categories":[1],"tags":[305,335,502,508],"class_list":["post-11739","post","type-post","status-publish","format-standard","has-post-thumbnail","hentry","category-allgemein","tag-kmu-tag","tag-management-und-unternehmensfuehrung","tag-veranstaltungen","tag-vermischtes"],"acf":[],"yoast_head":"<!-- This site is optimized with the Yoast SEO plugin v27.4 - https:\/\/yoast.com\/product\/yoast-seo-wordpress\/ -->\n<title>Schweizer KMU-Tag 2021: Wenn \u00dcberraschungen die neue Normalit\u00e4t sind - Organisator<\/title>\n<meta name=\"description\" content=\"Am 22. Oktober fand - nach einj\u00e4hriger Pause - der Schweizer KMU-Tag 2021 statt. Die Tagung stand unter dem Motto \u00abKMU und \u00dcberraschungen \u2013 Knall auf Fall\u00bb.\" \/>\n<meta name=\"robots\" content=\"index, follow, max-snippet:-1, max-image-preview:large, max-video-preview:-1\" \/>\n<link rel=\"canonical\" href=\"https:\/\/www.organisator.ch\/fr\/general\/2021-10-23\/schweizer-kmu-tag-2021-wenn-ueberraschungen-die-neue-normalitaet-sind\/\" \/>\n<meta property=\"og:locale\" content=\"fr_FR\" \/>\n<meta property=\"og:type\" content=\"article\" \/>\n<meta property=\"og:title\" content=\"Schweizer KMU-Tag 2021: Wenn \u00dcberraschungen die neue Normalit\u00e4t sind\" \/>\n<meta property=\"og:description\" content=\"Am 22. Oktober fand - nach einj\u00e4hriger Pause - der Schweizer KMU-Tag 2021 statt. Die Tagung stand unter dem Motto \u00abKMU und \u00dcberraschungen \u2013 Knall auf Fall\u00bb.\" \/>\n<meta property=\"og:url\" content=\"https:\/\/www.organisator.ch\/fr\/general\/2021-10-23\/schweizer-kmu-tag-2021-wenn-ueberraschungen-die-neue-normalitaet-sind\/\" \/>\n<meta property=\"og:site_name\" content=\"Organisator\" \/>\n<meta property=\"article:publisher\" content=\"https:\/\/www.facebook.com\/OrganisatorFachmagazin\" \/>\n<meta property=\"article:published_time\" content=\"2021-10-23T10:26:15+00:00\" \/>\n<meta name=\"author\" content=\"thomas.berner\" \/>\n<meta name=\"twitter:card\" content=\"summary_large_image\" \/>\n<meta name=\"twitter:title\" content=\"Schweizer #KMU-Tag 2021: Wenn #\u00dcberraschungen die neue Normalit\u00e4t sind\" \/>\n<meta name=\"twitter:description\" content=\"Am 22. Oktober fand - nach einj\u00e4hriger Pause - der Schweizer #KMU-Tag 2021 statt. Die #Tagung stand unter dem Motto \u00abKMU und #\u00dcberraschungen \u2013 Knall auf Fall\u00bb.\" \/>\n<script type=\"application\/ld+json\" class=\"yoast-schema-graph\">{\"@context\":\"https:\\\/\\\/schema.org\",\"@graph\":[{\"@type\":\"Article\",\"@id\":\"https:\\\/\\\/www.organisator.ch\\\/de\\\/allgemein\\\/2021-10-23\\\/schweizer-kmu-tag-2021-wenn-ueberraschungen-die-neue-normalitaet-sind\\\/#article\",\"isPartOf\":{\"@id\":\"https:\\\/\\\/www.organisator.ch\\\/de\\\/allgemein\\\/2021-10-23\\\/schweizer-kmu-tag-2021-wenn-ueberraschungen-die-neue-normalitaet-sind\\\/\"},\"author\":{\"name\":\"thomas.berner\",\"@id\":\"https:\\\/\\\/www.organisator.ch\\\/#\\\/schema\\\/person\\\/6f650f90b2842cd4c0cc334b4e36f67e\"},\"headline\":\"Schweizer KMU-Tag 2021: Wenn \u00dcberraschungen die neue Normalit\u00e4t sind\",\"datePublished\":\"2021-10-23T10:26:15+00:00\",\"mainEntityOfPage\":{\"@id\":\"https:\\\/\\\/www.organisator.ch\\\/de\\\/allgemein\\\/2021-10-23\\\/schweizer-kmu-tag-2021-wenn-ueberraschungen-die-neue-normalitaet-sind\\\/\"},\"wordCount\":1078,\"publisher\":{\"@id\":\"https:\\\/\\\/www.organisator.ch\\\/#organization\"},\"image\":{\"@id\":\"https:\\\/\\\/www.organisator.ch\\\/de\\\/allgemein\\\/2021-10-23\\\/schweizer-kmu-tag-2021-wenn-ueberraschungen-die-neue-normalitaet-sind\\\/#primaryimage\"},\"thumbnailUrl\":\"https:\\\/\\\/www.organisator.ch\\\/wp-content\\\/uploads\\\/2021\\\/10\\\/Schweizer-KMU-Tag-2021-Wenn-Ueberraschungen-die-neue-Normalitaet-sind-1_Organisator.jpg\",\"keywords\":[\"KMU-Tag\",\"Management und Unternehmensf\u00fchrung\",\"Veranstaltungen\",\"Vermischtes\"],\"articleSection\":[\"Allgemein\"],\"inLanguage\":\"fr-FR\"},{\"@type\":\"WebPage\",\"@id\":\"https:\\\/\\\/www.organisator.ch\\\/de\\\/allgemein\\\/2021-10-23\\\/schweizer-kmu-tag-2021-wenn-ueberraschungen-die-neue-normalitaet-sind\\\/\",\"url\":\"https:\\\/\\\/www.organisator.ch\\\/de\\\/allgemein\\\/2021-10-23\\\/schweizer-kmu-tag-2021-wenn-ueberraschungen-die-neue-normalitaet-sind\\\/\",\"name\":\"Schweizer KMU-Tag 2021: Wenn \u00dcberraschungen die neue Normalit\u00e4t sind - Organisator\",\"isPartOf\":{\"@id\":\"https:\\\/\\\/www.organisator.ch\\\/#website\"},\"primaryImageOfPage\":{\"@id\":\"https:\\\/\\\/www.organisator.ch\\\/de\\\/allgemein\\\/2021-10-23\\\/schweizer-kmu-tag-2021-wenn-ueberraschungen-die-neue-normalitaet-sind\\\/#primaryimage\"},\"image\":{\"@id\":\"https:\\\/\\\/www.organisator.ch\\\/de\\\/allgemein\\\/2021-10-23\\\/schweizer-kmu-tag-2021-wenn-ueberraschungen-die-neue-normalitaet-sind\\\/#primaryimage\"},\"thumbnailUrl\":\"https:\\\/\\\/www.organisator.ch\\\/wp-content\\\/uploads\\\/2021\\\/10\\\/Schweizer-KMU-Tag-2021-Wenn-Ueberraschungen-die-neue-Normalitaet-sind-1_Organisator.jpg\",\"datePublished\":\"2021-10-23T10:26:15+00:00\",\"description\":\"Am 22. Oktober fand - nach einj\u00e4hriger Pause - der Schweizer KMU-Tag 2021 statt. Die Tagung stand unter dem Motto \u00abKMU und \u00dcberraschungen \u2013 Knall auf Fall\u00bb.\",\"breadcrumb\":{\"@id\":\"https:\\\/\\\/www.organisator.ch\\\/de\\\/allgemein\\\/2021-10-23\\\/schweizer-kmu-tag-2021-wenn-ueberraschungen-die-neue-normalitaet-sind\\\/#breadcrumb\"},\"inLanguage\":\"fr-FR\",\"potentialAction\":[{\"@type\":\"ReadAction\",\"target\":[\"https:\\\/\\\/www.organisator.ch\\\/de\\\/allgemein\\\/2021-10-23\\\/schweizer-kmu-tag-2021-wenn-ueberraschungen-die-neue-normalitaet-sind\\\/\"]}]},{\"@type\":\"ImageObject\",\"inLanguage\":\"fr-FR\",\"@id\":\"https:\\\/\\\/www.organisator.ch\\\/de\\\/allgemein\\\/2021-10-23\\\/schweizer-kmu-tag-2021-wenn-ueberraschungen-die-neue-normalitaet-sind\\\/#primaryimage\",\"url\":\"https:\\\/\\\/www.organisator.ch\\\/wp-content\\\/uploads\\\/2021\\\/10\\\/Schweizer-KMU-Tag-2021-Wenn-Ueberraschungen-die-neue-Normalitaet-sind-1_Organisator.jpg\",\"contentUrl\":\"https:\\\/\\\/www.organisator.ch\\\/wp-content\\\/uploads\\\/2021\\\/10\\\/Schweizer-KMU-Tag-2021-Wenn-Ueberraschungen-die-neue-Normalitaet-sind-1_Organisator.jpg\",\"width\":680,\"height\":452,\"caption\":\"Begeisterte am Schweizer KMU-Tag 2021 das Publikum: Christian Jott Jenny w\u00e4hrend seines Chansons \u00fcber Beh\u00f6rden-B\u00fcrokratie. (Bild: Thomas Berner)\"},{\"@type\":\"BreadcrumbList\",\"@id\":\"https:\\\/\\\/www.organisator.ch\\\/de\\\/allgemein\\\/2021-10-23\\\/schweizer-kmu-tag-2021-wenn-ueberraschungen-die-neue-normalitaet-sind\\\/#breadcrumb\",\"itemListElement\":[{\"@type\":\"ListItem\",\"position\":1,\"name\":\"Home\",\"item\":\"https:\\\/\\\/www.organisator.ch\\\/\"},{\"@type\":\"ListItem\",\"position\":2,\"name\":\"Schweizer KMU-Tag 2021: Wenn \u00dcberraschungen die neue Normalit\u00e4t sind\"}]},{\"@type\":\"WebSite\",\"@id\":\"https:\\\/\\\/www.organisator.ch\\\/#website\",\"url\":\"https:\\\/\\\/www.organisator.ch\\\/\",\"name\":\"Organisator\",\"description\":\"Kompetent. Praxisnah. Der ORGANISATOR bereitet in 10 Ausgaben pro Jahr die wesentlichen Themen f\u00fcr F\u00fchrungskr\u00e4fte von KMU auf.\",\"publisher\":{\"@id\":\"https:\\\/\\\/www.organisator.ch\\\/#organization\"},\"potentialAction\":[{\"@type\":\"SearchAction\",\"target\":{\"@type\":\"EntryPoint\",\"urlTemplate\":\"https:\\\/\\\/www.organisator.ch\\\/?s={search_term_string}\"},\"query-input\":{\"@type\":\"PropertyValueSpecification\",\"valueRequired\":true,\"valueName\":\"search_term_string\"}}],\"inLanguage\":\"fr-FR\"},{\"@type\":\"Organization\",\"@id\":\"https:\\\/\\\/www.organisator.ch\\\/#organization\",\"name\":\"Organisator\",\"url\":\"https:\\\/\\\/www.organisator.ch\\\/\",\"logo\":{\"@type\":\"ImageObject\",\"inLanguage\":\"fr-FR\",\"@id\":\"https:\\\/\\\/www.organisator.ch\\\/#\\\/schema\\\/logo\\\/image\\\/\",\"url\":\"https:\\\/\\\/www.organisator.ch\\\/wp-content\\\/uploads\\\/2022\\\/01\\\/Logo_Organisator_Website.png\",\"contentUrl\":\"https:\\\/\\\/www.organisator.ch\\\/wp-content\\\/uploads\\\/2022\\\/01\\\/Logo_Organisator_Website.png\",\"width\":800,\"height\":77,\"caption\":\"Organisator\"},\"image\":{\"@id\":\"https:\\\/\\\/www.organisator.ch\\\/#\\\/schema\\\/logo\\\/image\\\/\"},\"sameAs\":[\"https:\\\/\\\/www.facebook.com\\\/OrganisatorFachmagazin\",\"https:\\\/\\\/www.linkedin.com\\\/showcase\\\/organisator-das-magazin-fr-kmu\",\"https:\\\/\\\/www.xing.com\\\/news\\\/pages\\\/organisator-ch-695\",\"https:\\\/\\\/www.youtube.com\\\/channel\\\/UCGP2Sq0iWaZwT3BdIAQFYpw\"]},{\"@type\":\"Person\",\"@id\":\"https:\\\/\\\/www.organisator.ch\\\/#\\\/schema\\\/person\\\/6f650f90b2842cd4c0cc334b4e36f67e\",\"name\":\"thomas.berner\",\"image\":{\"@type\":\"ImageObject\",\"inLanguage\":\"fr-FR\",\"@id\":\"https:\\\/\\\/secure.gravatar.com\\\/avatar\\\/ac5001d2a36cb6c6cd3e50789007ffca834b477b74a2144564522e944eabff61?s=96&d=mm&r=g\",\"url\":\"https:\\\/\\\/secure.gravatar.com\\\/avatar\\\/ac5001d2a36cb6c6cd3e50789007ffca834b477b74a2144564522e944eabff61?s=96&d=mm&r=g\",\"contentUrl\":\"https:\\\/\\\/secure.gravatar.com\\\/avatar\\\/ac5001d2a36cb6c6cd3e50789007ffca834b477b74a2144564522e944eabff61?s=96&d=mm&r=g\",\"caption\":\"thomas.berner\"},\"url\":\"https:\\\/\\\/www.organisator.ch\\\/fr\\\/author\\\/thomas-berner\\\/\"}]}<\/script>\n<!-- \/ Yoast SEO plugin. -->","yoast_head_json":{"title":"Journ\u00e9e suisse des PME 2021 : quand les surprises deviennent la nouvelle normalit\u00e9 - Organisateur","description":"Le 22 octobre a eu lieu - apr\u00e8s une pause d'un an - la Journ\u00e9e suisse des PME 2021. La journ\u00e9e \u00e9tait plac\u00e9e sous la devise \"PME et surprises - coup de poing\".","robots":{"index":"index","follow":"follow","max-snippet":"max-snippet:-1","max-image-preview":"max-image-preview:large","max-video-preview":"max-video-preview:-1"},"canonical":"https:\/\/www.organisator.ch\/fr\/general\/2021-10-23\/schweizer-kmu-tag-2021-wenn-ueberraschungen-die-neue-normalitaet-sind\/","og_locale":"fr_FR","og_type":"article","og_title":"Schweizer KMU-Tag 2021: Wenn \u00dcberraschungen die neue Normalit\u00e4t sind","og_description":"Am 22. Oktober fand - nach einj\u00e4hriger Pause - der Schweizer KMU-Tag 2021 statt. Die Tagung stand unter dem Motto \u00abKMU und \u00dcberraschungen \u2013 Knall auf Fall\u00bb.","og_url":"https:\/\/www.organisator.ch\/fr\/general\/2021-10-23\/schweizer-kmu-tag-2021-wenn-ueberraschungen-die-neue-normalitaet-sind\/","og_site_name":"Organisator","article_publisher":"https:\/\/www.facebook.com\/OrganisatorFachmagazin","article_published_time":"2021-10-23T10:26:15+00:00","author":"thomas.berner","twitter_card":"summary_large_image","twitter_title":"Schweizer #KMU-Tag 2021: Wenn #\u00dcberraschungen die neue Normalit\u00e4t sind","twitter_description":"Am 22. Oktober fand - nach einj\u00e4hriger Pause - der Schweizer #KMU-Tag 2021 statt. Die #Tagung stand unter dem Motto \u00abKMU und #\u00dcberraschungen \u2013 Knall auf Fall\u00bb.","schema":{"@context":"https:\/\/schema.org","@graph":[{"@type":"Article","@id":"https:\/\/www.organisator.ch\/de\/allgemein\/2021-10-23\/schweizer-kmu-tag-2021-wenn-ueberraschungen-die-neue-normalitaet-sind\/#article","isPartOf":{"@id":"https:\/\/www.organisator.ch\/de\/allgemein\/2021-10-23\/schweizer-kmu-tag-2021-wenn-ueberraschungen-die-neue-normalitaet-sind\/"},"author":{"name":"thomas.berner","@id":"https:\/\/www.organisator.ch\/#\/schema\/person\/6f650f90b2842cd4c0cc334b4e36f67e"},"headline":"Schweizer KMU-Tag 2021: Wenn \u00dcberraschungen die neue Normalit\u00e4t sind","datePublished":"2021-10-23T10:26:15+00:00","mainEntityOfPage":{"@id":"https:\/\/www.organisator.ch\/de\/allgemein\/2021-10-23\/schweizer-kmu-tag-2021-wenn-ueberraschungen-die-neue-normalitaet-sind\/"},"wordCount":1078,"publisher":{"@id":"https:\/\/www.organisator.ch\/#organization"},"image":{"@id":"https:\/\/www.organisator.ch\/de\/allgemein\/2021-10-23\/schweizer-kmu-tag-2021-wenn-ueberraschungen-die-neue-normalitaet-sind\/#primaryimage"},"thumbnailUrl":"https:\/\/www.organisator.ch\/wp-content\/uploads\/2021\/10\/Schweizer-KMU-Tag-2021-Wenn-Ueberraschungen-die-neue-Normalitaet-sind-1_Organisator.jpg","keywords":["KMU-Tag","Management und Unternehmensf\u00fchrung","Veranstaltungen","Vermischtes"],"articleSection":["Allgemein"],"inLanguage":"fr-FR"},{"@type":"WebPage","@id":"https:\/\/www.organisator.ch\/de\/allgemein\/2021-10-23\/schweizer-kmu-tag-2021-wenn-ueberraschungen-die-neue-normalitaet-sind\/","url":"https:\/\/www.organisator.ch\/de\/allgemein\/2021-10-23\/schweizer-kmu-tag-2021-wenn-ueberraschungen-die-neue-normalitaet-sind\/","name":"Journ\u00e9e suisse des PME 2021 : quand les surprises deviennent la nouvelle normalit\u00e9 - Organisateur","isPartOf":{"@id":"https:\/\/www.organisator.ch\/#website"},"primaryImageOfPage":{"@id":"https:\/\/www.organisator.ch\/de\/allgemein\/2021-10-23\/schweizer-kmu-tag-2021-wenn-ueberraschungen-die-neue-normalitaet-sind\/#primaryimage"},"image":{"@id":"https:\/\/www.organisator.ch\/de\/allgemein\/2021-10-23\/schweizer-kmu-tag-2021-wenn-ueberraschungen-die-neue-normalitaet-sind\/#primaryimage"},"thumbnailUrl":"https:\/\/www.organisator.ch\/wp-content\/uploads\/2021\/10\/Schweizer-KMU-Tag-2021-Wenn-Ueberraschungen-die-neue-Normalitaet-sind-1_Organisator.jpg","datePublished":"2021-10-23T10:26:15+00:00","description":"Le 22 octobre a eu lieu - apr\u00e8s une pause d'un an - la Journ\u00e9e suisse des PME 2021. La journ\u00e9e \u00e9tait plac\u00e9e sous la devise \"PME et surprises - coup de poing\".","breadcrumb":{"@id":"https:\/\/www.organisator.ch\/de\/allgemein\/2021-10-23\/schweizer-kmu-tag-2021-wenn-ueberraschungen-die-neue-normalitaet-sind\/#breadcrumb"},"inLanguage":"fr-FR","potentialAction":[{"@type":"ReadAction","target":["https:\/\/www.organisator.ch\/de\/allgemein\/2021-10-23\/schweizer-kmu-tag-2021-wenn-ueberraschungen-die-neue-normalitaet-sind\/"]}]},{"@type":"ImageObject","inLanguage":"fr-FR","@id":"https:\/\/www.organisator.ch\/de\/allgemein\/2021-10-23\/schweizer-kmu-tag-2021-wenn-ueberraschungen-die-neue-normalitaet-sind\/#primaryimage","url":"https:\/\/www.organisator.ch\/wp-content\/uploads\/2021\/10\/Schweizer-KMU-Tag-2021-Wenn-Ueberraschungen-die-neue-Normalitaet-sind-1_Organisator.jpg","contentUrl":"https:\/\/www.organisator.ch\/wp-content\/uploads\/2021\/10\/Schweizer-KMU-Tag-2021-Wenn-Ueberraschungen-die-neue-Normalitaet-sind-1_Organisator.jpg","width":680,"height":452,"caption":"Begeisterte am Schweizer KMU-Tag 2021 das Publikum: Christian Jott Jenny w\u00e4hrend seines Chansons \u00fcber Beh\u00f6rden-B\u00fcrokratie. (Bild: Thomas Berner)"},{"@type":"BreadcrumbList","@id":"https:\/\/www.organisator.ch\/de\/allgemein\/2021-10-23\/schweizer-kmu-tag-2021-wenn-ueberraschungen-die-neue-normalitaet-sind\/#breadcrumb","itemListElement":[{"@type":"ListItem","position":1,"name":"Home","item":"https:\/\/www.organisator.ch\/"},{"@type":"ListItem","position":2,"name":"Schweizer KMU-Tag 2021: Wenn \u00dcberraschungen die neue Normalit\u00e4t sind"}]},{"@type":"WebSite","@id":"https:\/\/www.organisator.ch\/#website","url":"https:\/\/www.organisator.ch\/","name":"Organisateur","description":"Comp\u00e9tence et comp\u00e9tence. Proches de la pratique. L'ORGANISATEUR pr\u00e9pare 10 num\u00e9ros par an sur les th\u00e8mes essentiels pour les dirigeants de PME.","publisher":{"@id":"https:\/\/www.organisator.ch\/#organization"},"potentialAction":[{"@type":"SearchAction","target":{"@type":"EntryPoint","urlTemplate":"https:\/\/www.organisator.ch\/?s={search_term_string}"},"query-input":{"@type":"PropertyValueSpecification","valueRequired":true,"valueName":"search_term_string"}}],"inLanguage":"fr-FR"},{"@type":"Organization","@id":"https:\/\/www.organisator.ch\/#organization","name":"Organisateur","url":"https:\/\/www.organisator.ch\/","logo":{"@type":"ImageObject","inLanguage":"fr-FR","@id":"https:\/\/www.organisator.ch\/#\/schema\/logo\/image\/","url":"https:\/\/www.organisator.ch\/wp-content\/uploads\/2022\/01\/Logo_Organisator_Website.png","contentUrl":"https:\/\/www.organisator.ch\/wp-content\/uploads\/2022\/01\/Logo_Organisator_Website.png","width":800,"height":77,"caption":"Organisator"},"image":{"@id":"https:\/\/www.organisator.ch\/#\/schema\/logo\/image\/"},"sameAs":["https:\/\/www.facebook.com\/OrganisatorFachmagazin","https:\/\/www.linkedin.com\/showcase\/organisator-das-magazin-fr-kmu","https:\/\/www.xing.com\/news\/pages\/organisator-ch-695","https:\/\/www.youtube.com\/channel\/UCGP2Sq0iWaZwT3BdIAQFYpw"]},{"@type":"Person","@id":"https:\/\/www.organisator.ch\/#\/schema\/person\/6f650f90b2842cd4c0cc334b4e36f67e","name":"thomas.berner","image":{"@type":"ImageObject","inLanguage":"fr-FR","@id":"https:\/\/secure.gravatar.com\/avatar\/ac5001d2a36cb6c6cd3e50789007ffca834b477b74a2144564522e944eabff61?s=96&d=mm&r=g","url":"https:\/\/secure.gravatar.com\/avatar\/ac5001d2a36cb6c6cd3e50789007ffca834b477b74a2144564522e944eabff61?s=96&d=mm&r=g","contentUrl":"https:\/\/secure.gravatar.com\/avatar\/ac5001d2a36cb6c6cd3e50789007ffca834b477b74a2144564522e944eabff61?s=96&d=mm&r=g","caption":"thomas.berner"},"url":"https:\/\/www.organisator.ch\/fr\/author\/thomas-berner\/"}]}},"_links":{"self":[{"href":"https:\/\/www.organisator.ch\/fr\/wp-json\/wp\/v2\/posts\/11739","targetHints":{"allow":["GET"]}}],"collection":[{"href":"https:\/\/www.organisator.ch\/fr\/wp-json\/wp\/v2\/posts"}],"about":[{"href":"https:\/\/www.organisator.ch\/fr\/wp-json\/wp\/v2\/types\/post"}],"author":[{"embeddable":true,"href":"https:\/\/www.organisator.ch\/fr\/wp-json\/wp\/v2\/users\/4"}],"replies":[{"embeddable":true,"href":"https:\/\/www.organisator.ch\/fr\/wp-json\/wp\/v2\/comments?post=11739"}],"version-history":[{"count":0,"href":"https:\/\/www.organisator.ch\/fr\/wp-json\/wp\/v2\/posts\/11739\/revisions"}],"wp:featuredmedia":[{"embeddable":true,"href":"https:\/\/www.organisator.ch\/fr\/wp-json\/wp\/v2\/media\/11509"}],"wp:attachment":[{"href":"https:\/\/www.organisator.ch\/fr\/wp-json\/wp\/v2\/media?parent=11739"}],"wp:term":[{"taxonomy":"category","embeddable":true,"href":"https:\/\/www.organisator.ch\/fr\/wp-json\/wp\/v2\/categories?post=11739"},{"taxonomy":"post_tag","embeddable":true,"href":"https:\/\/www.organisator.ch\/fr\/wp-json\/wp\/v2\/tags?post=11739"}],"curies":[{"name":"wp","href":"https:\/\/api.w.org\/{rel}","templated":true}]}}