{"id":11750,"date":"2021-11-03T08:44:30","date_gmt":"2021-11-03T07:44:30","guid":{"rendered":"https:\/\/www.organisator.ch\/?p=8774"},"modified":"2021-11-03T08:44:30","modified_gmt":"2021-11-03T07:44:30","slug":"digital-fuehrende-unternehmen-bauen-digitale-infrastruktur-aus","status":"publish","type":"post","link":"https:\/\/www.organisator.ch\/fr\/management\/it\/2021-11-03\/digital-fuehrende-unternehmen-bauen-digitale-infrastruktur-aus\/","title":{"rendered":"Les leaders du num\u00e9rique d\u00e9veloppent leur infrastructure num\u00e9rique"},"content":{"rendered":"<figure id=\"attachment_8776\" aria-describedby=\"caption-attachment-8776\" style=\"width: 680px\" class=\"wp-caption alignnone\"><a href=\"https:\/\/www.organisator.ch\/wp-content\/uploads\/2021\/11\/Digital-fuehrende-Unternehmen-bauen-digitale-Infrastruktur-aus_Organisator.jpg\"><img loading=\"lazy\" decoding=\"async\" class=\"size-medium wp-image-8776\" src=\"https:\/\/www.organisator.ch\/wp-content\/uploads\/2021\/11\/Digital-fuehrende-Unternehmen-bauen-digitale-Infrastruktur-aus_Organisator.jpg\" alt=\"\" width=\"680\" height=\"560\" \/><\/a><figcaption id=\"caption-attachment-8776\" class=\"wp-caption-text\">L'interconnectivit\u00e9 comme cl\u00e9 : les entreprises leaders du num\u00e9rique d\u00e9veloppent leur infrastructure num\u00e9rique de plus en plus rapidement. (Image : zVg \/ Equinix)<\/figcaption><\/figure>\n<p>Le dernier Global Interconnection Index (GXI Vol. 5), une \u00e9tude de march\u00e9 publi\u00e9e chaque ann\u00e9e par Equinix, une entreprise mondiale d'infrastructure num\u00e9rique, montre que la pand\u00e9mie a forc\u00e9 l'\u00e9conomie \u00e0 prendre la voie rapide. Les entreprises qui disposaient d\u00e9j\u00e0 d'une strat\u00e9gie \"num\u00e9rique d'abord\" ont \u00e9t\u00e9 quatre fois plus rapides qu'avant la pand\u00e9mie. Les entreprises ont r\u00e9duit le temps n\u00e9cessaire pour d\u00e9ployer leur infrastructure num\u00e9rique dans plusieurs r\u00e9gions, pour l'\u00e9tendre \u00e0 plusieurs sites de p\u00e9riph\u00e9rie ou pour int\u00e9grer plusieurs clouds - ce qui aurait pris deux ans auparavant est d\u00e9sormais possible en six mois.<\/p>\n<h2>Les entreprises leaders dans le domaine du num\u00e9rique poursuivent leur d\u00e9veloppement<\/h2>\n<p>Selon les pr\u00e9visions, ce rythme acc\u00e9l\u00e9r\u00e9 de la transformation num\u00e9rique continuera de stimuler la croissance rapide de la bande passante d'interconnexion. Selon le GXI Vol. 5, la bande passante d'interconnexion totale, la mesure de la connectivit\u00e9 priv\u00e9e pour le transfert de donn\u00e9es entre les organisations, devrait atteindre 21 485+ t\u00e9rabits par seconde (Tbps) ou 85 zettaoctets par an d'ici 2024, ce qui correspond \u00e0 un taux de croissance annuel moyen (CAGR) de 44 % sur cinq ans. Pour l'agglom\u00e9ration de Zurich, on pr\u00e9voit un taux de croissance annuel de 50 % jusqu'en 2024. Cette croissance est en phase avec la demande croissante d'infrastructure num\u00e9rique n\u00e9cessaire pour mettre davantage d'entreprises en ligne, faciliter l'int\u00e9gration \u00e9lectronique avec les partenaires et les cha\u00eenes d'approvisionnement et atteindre davantage de personnes dans des environnements de travail hybrides et distribu\u00e9s. Par secteur d'activit\u00e9 dans la r\u00e9gion EMEA, Zurich se classe d\u00e9j\u00e0 au troisi\u00e8me rang des plus grandes agglom\u00e9rations par secteur dans le domaine des valeurs mobili\u00e8res et du commerce et au quatri\u00e8me rang dans le domaine des services industriels.<\/p>\n<h2>Bande passante d'interconnexion sup\u00e9rieure au trafic Internet<\/h2>\n<p>Pour les entreprises leaders dans le domaine du num\u00e9rique, les affaires et la technologie doivent \u00eatre li\u00e9es pour r\u00e9ussir. La num\u00e9risation du back-office (c\u0153ur), des places de march\u00e9 (\u00e9cosyst\u00e8me), du front-office et du monde physique (p\u00e9riph\u00e9rie) est indispensable \u00e0 cet \u00e9gard. La mesure de la croissance du chiffre d'affaires num\u00e9rique par rapport au co\u00fbt du chiffre d'affaires est un \u00e9l\u00e9ment cl\u00e9 de cette strat\u00e9gie. Les entreprises leaders du num\u00e9rique et les fournisseurs de services r\u00e9seau suivent les principes de l'IOA (Interconnection Oriented Architecture) pour construire et faire \u00e9voluer l'Internet depuis 20 ans d\u00e9j\u00e0. Aujourd'hui, les leaders num\u00e9riques de tous les secteurs utilisent cette architecture et misent sur l'interconnexion. Cela se fait dans une telle mesure que la bande passante totale de l'interconnexion est d\u00e9j\u00e0 neuf fois sup\u00e9rieure \u00e0 l'ensemble du trafic Internet.<\/p>\n<p>Roger Semprini, Managing Director, Equinix, Suisse, r\u00e9sume : \"S'il y a un moment pour passer au Digital-First, c'est maintenant. Il faut agir maintenant, sinon on n'est peut-\u00eatre pas pr\u00eat pour ce qui nous attend. Au cas o\u00f9 il faudrait une autre preuve fondamentale : La bande passante d'interconnexion sera probablement 15 fois plus importante que celle d'Internet. Les leaders num\u00e9riques, ici en Suisse et dans le monde, utilisent cette bande passante pour acc\u00e9l\u00e9rer leur transformation et red\u00e9finir leurs activit\u00e9s\".<\/p>\n<p><em>Source : <a href=\"https:\/\/de.equinix.ch\/interconnection-services\">Equinix<\/a><\/em><\/p>","protected":false},"excerpt":{"rendered":"<p>Der neuste Global Interconnection Index (GXI Vol. 5), eine j\u00e4hrlich von Equinix, einem globalen Unternehmen f\u00fcr digitale Infrastruktur, ver\u00f6ffentlichte Marktstudie, zeigt, dass die Pandemie die Wirtschaft auf die \u00dcberholspur gezwungen hat. Unternehmen, die bereits \u00fcber eine Digital-First-Strategie verf\u00fcgten, waren viermal schneller als vor der Pandemie. Unternehmen haben die Zeit f\u00fcr die Bereitstellung ihrer digitalen Infrastruktur [&hellip;]<\/p>\n","protected":false},"author":4,"featured_media":11527,"comment_status":"closed","ping_status":"closed","sticky":false,"template":"","format":"standard","meta":{"_acf_changed":false,"_yoast_wpseo_focuskw":"digital f\u00fchrende Unternehmen","_yoast_wpseo_metadesc":"Digital f\u00fchrende Unternehmen bauen ihre digitale Infrastruktur nun noch schneller aus - und zwar um mehr als das Vierfache als vor der Pandemie.","articlekey":"","footnotes":""},"categories":[27],"tags":[123,143,286,459],"class_list":["post-11750","post","type-post","status-publish","format-standard","has-post-thumbnail","hentry","category-it","tag-cloud-computing","tag-data-center","tag-it","tag-studie"],"acf":[],"yoast_head":"<!-- This site is optimized with the Yoast SEO plugin v27.5 - https:\/\/yoast.com\/product\/yoast-seo-wordpress\/ -->\n<title>Digital f\u00fchrende Unternehmen bauen digitale Infrastruktur aus - Organisator<\/title>\n<meta name=\"description\" content=\"Digital f\u00fchrende Unternehmen bauen ihre digitale Infrastruktur nun noch schneller aus - und zwar um mehr als das Vierfache als vor der Pandemie.\" \/>\n<meta name=\"robots\" content=\"index, follow, max-snippet:-1, max-image-preview:large, max-video-preview:-1\" \/>\n<link rel=\"canonical\" href=\"https:\/\/www.organisator.ch\/fr\/gestion-2\/it\/2021-11-03\/digital-fuehrende-unternehmen-bauen-digitale-infrastruktur-aus\/\" \/>\n<meta property=\"og:locale\" content=\"fr_FR\" \/>\n<meta property=\"og:type\" content=\"article\" \/>\n<meta property=\"og:title\" content=\"Digital f\u00fchrende Unternehmen bauen digitale Infrastruktur aus\" \/>\n<meta property=\"og:description\" content=\"Digital f\u00fchrende Unternehmen bauen ihre digitale Infrastruktur nun noch schneller aus - und zwar um mehr als das Vierfache als vor der Pandemie.\" \/>\n<meta property=\"og:url\" content=\"https:\/\/www.organisator.ch\/fr\/gestion-2\/it\/2021-11-03\/digital-fuehrende-unternehmen-bauen-digitale-infrastruktur-aus\/\" \/>\n<meta property=\"og:site_name\" content=\"Organisator\" \/>\n<meta property=\"article:publisher\" content=\"https:\/\/www.facebook.com\/OrganisatorFachmagazin\" \/>\n<meta property=\"article:published_time\" content=\"2021-11-03T07:44:30+00:00\" \/>\n<meta name=\"author\" content=\"thomas.berner\" \/>\n<meta name=\"twitter:card\" content=\"summary_large_image\" \/>\n<meta name=\"twitter:title\" content=\"Digital f\u00fchrende Unternehmen bauen digitale #Infrastruktur aus\" \/>\n<meta name=\"twitter:description\" content=\"Digital f\u00fchrende Unternehmen bauen ihre digitale #Infrastruktur nun noch schneller aus - und zwar um mehr als das Vierfache als vor der Pandemie.\" \/>\n<script type=\"application\/ld+json\" class=\"yoast-schema-graph\">{\"@context\":\"https:\\\/\\\/schema.org\",\"@graph\":[{\"@type\":\"Article\",\"@id\":\"https:\\\/\\\/www.organisator.ch\\\/management\\\/it\\\/2021-11-03\\\/digital-fuehrende-unternehmen-bauen-digitale-infrastruktur-aus\\\/#article\",\"isPartOf\":{\"@id\":\"https:\\\/\\\/www.organisator.ch\\\/management\\\/it\\\/2021-11-03\\\/digital-fuehrende-unternehmen-bauen-digitale-infrastruktur-aus\\\/\"},\"author\":{\"name\":\"thomas.berner\",\"@id\":\"https:\\\/\\\/www.organisator.ch\\\/#\\\/schema\\\/person\\\/6f650f90b2842cd4c0cc334b4e36f67e\"},\"headline\":\"Digital f\u00fchrende Unternehmen bauen digitale Infrastruktur aus\",\"datePublished\":\"2021-11-03T07:44:30+00:00\",\"mainEntityOfPage\":{\"@id\":\"https:\\\/\\\/www.organisator.ch\\\/management\\\/it\\\/2021-11-03\\\/digital-fuehrende-unternehmen-bauen-digitale-infrastruktur-aus\\\/\"},\"wordCount\":480,\"publisher\":{\"@id\":\"https:\\\/\\\/www.organisator.ch\\\/#organization\"},\"image\":{\"@id\":\"https:\\\/\\\/www.organisator.ch\\\/management\\\/it\\\/2021-11-03\\\/digital-fuehrende-unternehmen-bauen-digitale-infrastruktur-aus\\\/#primaryimage\"},\"thumbnailUrl\":\"https:\\\/\\\/www.organisator.ch\\\/wp-content\\\/uploads\\\/2021\\\/11\\\/Digital-fuehrende-Unternehmen-bauen-digitale-Infrastruktur-aus_Organisator.jpg\",\"keywords\":[\"Cloud Computing\",\"Data Center\",\"IT\",\"Studie\"],\"articleSection\":[\"IT\"],\"inLanguage\":\"fr-FR\"},{\"@type\":\"WebPage\",\"@id\":\"https:\\\/\\\/www.organisator.ch\\\/management\\\/it\\\/2021-11-03\\\/digital-fuehrende-unternehmen-bauen-digitale-infrastruktur-aus\\\/\",\"url\":\"https:\\\/\\\/www.organisator.ch\\\/management\\\/it\\\/2021-11-03\\\/digital-fuehrende-unternehmen-bauen-digitale-infrastruktur-aus\\\/\",\"name\":\"Digital f\u00fchrende Unternehmen bauen digitale Infrastruktur aus - Organisator\",\"isPartOf\":{\"@id\":\"https:\\\/\\\/www.organisator.ch\\\/#website\"},\"primaryImageOfPage\":{\"@id\":\"https:\\\/\\\/www.organisator.ch\\\/management\\\/it\\\/2021-11-03\\\/digital-fuehrende-unternehmen-bauen-digitale-infrastruktur-aus\\\/#primaryimage\"},\"image\":{\"@id\":\"https:\\\/\\\/www.organisator.ch\\\/management\\\/it\\\/2021-11-03\\\/digital-fuehrende-unternehmen-bauen-digitale-infrastruktur-aus\\\/#primaryimage\"},\"thumbnailUrl\":\"https:\\\/\\\/www.organisator.ch\\\/wp-content\\\/uploads\\\/2021\\\/11\\\/Digital-fuehrende-Unternehmen-bauen-digitale-Infrastruktur-aus_Organisator.jpg\",\"datePublished\":\"2021-11-03T07:44:30+00:00\",\"description\":\"Digital f\u00fchrende Unternehmen bauen ihre digitale Infrastruktur nun noch schneller aus - und zwar um mehr als das Vierfache als vor der Pandemie.\",\"breadcrumb\":{\"@id\":\"https:\\\/\\\/www.organisator.ch\\\/management\\\/it\\\/2021-11-03\\\/digital-fuehrende-unternehmen-bauen-digitale-infrastruktur-aus\\\/#breadcrumb\"},\"inLanguage\":\"fr-FR\",\"potentialAction\":[{\"@type\":\"ReadAction\",\"target\":[\"https:\\\/\\\/www.organisator.ch\\\/management\\\/it\\\/2021-11-03\\\/digital-fuehrende-unternehmen-bauen-digitale-infrastruktur-aus\\\/\"]}]},{\"@type\":\"ImageObject\",\"inLanguage\":\"fr-FR\",\"@id\":\"https:\\\/\\\/www.organisator.ch\\\/management\\\/it\\\/2021-11-03\\\/digital-fuehrende-unternehmen-bauen-digitale-infrastruktur-aus\\\/#primaryimage\",\"url\":\"https:\\\/\\\/www.organisator.ch\\\/wp-content\\\/uploads\\\/2021\\\/11\\\/Digital-fuehrende-Unternehmen-bauen-digitale-Infrastruktur-aus_Organisator.jpg\",\"contentUrl\":\"https:\\\/\\\/www.organisator.ch\\\/wp-content\\\/uploads\\\/2021\\\/11\\\/Digital-fuehrende-Unternehmen-bauen-digitale-Infrastruktur-aus_Organisator.jpg\",\"width\":680,\"height\":560,\"caption\":\"Digital first all\u00fcberall: Digital f\u00fchrende Unternehmen bauen ihre digitale Infrastruktur immer schneller aus. (Bild: zVg \\\/ Equinix)\"},{\"@type\":\"BreadcrumbList\",\"@id\":\"https:\\\/\\\/www.organisator.ch\\\/management\\\/it\\\/2021-11-03\\\/digital-fuehrende-unternehmen-bauen-digitale-infrastruktur-aus\\\/#breadcrumb\",\"itemListElement\":[{\"@type\":\"ListItem\",\"position\":1,\"name\":\"Home\",\"item\":\"https:\\\/\\\/www.organisator.ch\\\/\"},{\"@type\":\"ListItem\",\"position\":2,\"name\":\"Digital f\u00fchrende Unternehmen bauen digitale Infrastruktur aus\"}]},{\"@type\":\"WebSite\",\"@id\":\"https:\\\/\\\/www.organisator.ch\\\/#website\",\"url\":\"https:\\\/\\\/www.organisator.ch\\\/\",\"name\":\"Organisator\",\"description\":\"Kompetent. Praxisnah. Der ORGANISATOR bereitet in 10 Ausgaben pro Jahr die wesentlichen Themen f\u00fcr F\u00fchrungskr\u00e4fte von KMU auf.\",\"publisher\":{\"@id\":\"https:\\\/\\\/www.organisator.ch\\\/#organization\"},\"potentialAction\":[{\"@type\":\"SearchAction\",\"target\":{\"@type\":\"EntryPoint\",\"urlTemplate\":\"https:\\\/\\\/www.organisator.ch\\\/?s={search_term_string}\"},\"query-input\":{\"@type\":\"PropertyValueSpecification\",\"valueRequired\":true,\"valueName\":\"search_term_string\"}}],\"inLanguage\":\"fr-FR\"},{\"@type\":\"Organization\",\"@id\":\"https:\\\/\\\/www.organisator.ch\\\/#organization\",\"name\":\"Organisator\",\"url\":\"https:\\\/\\\/www.organisator.ch\\\/\",\"logo\":{\"@type\":\"ImageObject\",\"inLanguage\":\"fr-FR\",\"@id\":\"https:\\\/\\\/www.organisator.ch\\\/#\\\/schema\\\/logo\\\/image\\\/\",\"url\":\"https:\\\/\\\/www.organisator.ch\\\/wp-content\\\/uploads\\\/2022\\\/01\\\/Logo_Organisator_Website.png\",\"contentUrl\":\"https:\\\/\\\/www.organisator.ch\\\/wp-content\\\/uploads\\\/2022\\\/01\\\/Logo_Organisator_Website.png\",\"width\":800,\"height\":77,\"caption\":\"Organisator\"},\"image\":{\"@id\":\"https:\\\/\\\/www.organisator.ch\\\/#\\\/schema\\\/logo\\\/image\\\/\"},\"sameAs\":[\"https:\\\/\\\/www.facebook.com\\\/OrganisatorFachmagazin\",\"https:\\\/\\\/www.linkedin.com\\\/showcase\\\/organisator-das-magazin-fr-kmu\",\"https:\\\/\\\/www.xing.com\\\/news\\\/pages\\\/organisator-ch-695\",\"https:\\\/\\\/www.youtube.com\\\/channel\\\/UCGP2Sq0iWaZwT3BdIAQFYpw\"]},{\"@type\":\"Person\",\"@id\":\"https:\\\/\\\/www.organisator.ch\\\/#\\\/schema\\\/person\\\/6f650f90b2842cd4c0cc334b4e36f67e\",\"name\":\"thomas.berner\",\"image\":{\"@type\":\"ImageObject\",\"inLanguage\":\"fr-FR\",\"@id\":\"https:\\\/\\\/secure.gravatar.com\\\/avatar\\\/ac5001d2a36cb6c6cd3e50789007ffca834b477b74a2144564522e944eabff61?s=96&d=mm&r=g\",\"url\":\"https:\\\/\\\/secure.gravatar.com\\\/avatar\\\/ac5001d2a36cb6c6cd3e50789007ffca834b477b74a2144564522e944eabff61?s=96&d=mm&r=g\",\"contentUrl\":\"https:\\\/\\\/secure.gravatar.com\\\/avatar\\\/ac5001d2a36cb6c6cd3e50789007ffca834b477b74a2144564522e944eabff61?s=96&d=mm&r=g\",\"caption\":\"thomas.berner\"},\"url\":\"https:\\\/\\\/www.organisator.ch\\\/fr\\\/author\\\/thomas-berner\\\/\"}]}<\/script>\n<!-- \/ Yoast SEO plugin. -->","yoast_head_json":{"title":"Les leaders du num\u00e9rique d\u00e9veloppent leur infrastructure num\u00e9rique - Organisateur","description":"Les entreprises leaders dans le domaine du num\u00e9rique d\u00e9veloppent d\u00e9sormais leur infrastructure num\u00e9rique encore plus rapidement - plus de quatre fois plus qu'avant la pand\u00e9mie.","robots":{"index":"index","follow":"follow","max-snippet":"max-snippet:-1","max-image-preview":"max-image-preview:large","max-video-preview":"max-video-preview:-1"},"canonical":"https:\/\/www.organisator.ch\/fr\/gestion-2\/it\/2021-11-03\/digital-fuehrende-unternehmen-bauen-digitale-infrastruktur-aus\/","og_locale":"fr_FR","og_type":"article","og_title":"Digital f\u00fchrende Unternehmen bauen digitale Infrastruktur aus","og_description":"Digital f\u00fchrende Unternehmen bauen ihre digitale Infrastruktur nun noch schneller aus - und zwar um mehr als das Vierfache als vor der Pandemie.","og_url":"https:\/\/www.organisator.ch\/fr\/gestion-2\/it\/2021-11-03\/digital-fuehrende-unternehmen-bauen-digitale-infrastruktur-aus\/","og_site_name":"Organisator","article_publisher":"https:\/\/www.facebook.com\/OrganisatorFachmagazin","article_published_time":"2021-11-03T07:44:30+00:00","author":"thomas.berner","twitter_card":"summary_large_image","twitter_title":"Digital f\u00fchrende Unternehmen bauen digitale #Infrastruktur aus","twitter_description":"Digital f\u00fchrende Unternehmen bauen ihre digitale #Infrastruktur nun noch schneller aus - und zwar um mehr als das Vierfache als vor der Pandemie.","schema":{"@context":"https:\/\/schema.org","@graph":[{"@type":"Article","@id":"https:\/\/www.organisator.ch\/management\/it\/2021-11-03\/digital-fuehrende-unternehmen-bauen-digitale-infrastruktur-aus\/#article","isPartOf":{"@id":"https:\/\/www.organisator.ch\/management\/it\/2021-11-03\/digital-fuehrende-unternehmen-bauen-digitale-infrastruktur-aus\/"},"author":{"name":"thomas.berner","@id":"https:\/\/www.organisator.ch\/#\/schema\/person\/6f650f90b2842cd4c0cc334b4e36f67e"},"headline":"Digital f\u00fchrende Unternehmen bauen digitale Infrastruktur aus","datePublished":"2021-11-03T07:44:30+00:00","mainEntityOfPage":{"@id":"https:\/\/www.organisator.ch\/management\/it\/2021-11-03\/digital-fuehrende-unternehmen-bauen-digitale-infrastruktur-aus\/"},"wordCount":480,"publisher":{"@id":"https:\/\/www.organisator.ch\/#organization"},"image":{"@id":"https:\/\/www.organisator.ch\/management\/it\/2021-11-03\/digital-fuehrende-unternehmen-bauen-digitale-infrastruktur-aus\/#primaryimage"},"thumbnailUrl":"https:\/\/www.organisator.ch\/wp-content\/uploads\/2021\/11\/Digital-fuehrende-Unternehmen-bauen-digitale-Infrastruktur-aus_Organisator.jpg","keywords":["Cloud Computing","Data Center","IT","Studie"],"articleSection":["IT"],"inLanguage":"fr-FR"},{"@type":"WebPage","@id":"https:\/\/www.organisator.ch\/management\/it\/2021-11-03\/digital-fuehrende-unternehmen-bauen-digitale-infrastruktur-aus\/","url":"https:\/\/www.organisator.ch\/management\/it\/2021-11-03\/digital-fuehrende-unternehmen-bauen-digitale-infrastruktur-aus\/","name":"Les leaders du num\u00e9rique d\u00e9veloppent leur infrastructure num\u00e9rique - Organisateur","isPartOf":{"@id":"https:\/\/www.organisator.ch\/#website"},"primaryImageOfPage":{"@id":"https:\/\/www.organisator.ch\/management\/it\/2021-11-03\/digital-fuehrende-unternehmen-bauen-digitale-infrastruktur-aus\/#primaryimage"},"image":{"@id":"https:\/\/www.organisator.ch\/management\/it\/2021-11-03\/digital-fuehrende-unternehmen-bauen-digitale-infrastruktur-aus\/#primaryimage"},"thumbnailUrl":"https:\/\/www.organisator.ch\/wp-content\/uploads\/2021\/11\/Digital-fuehrende-Unternehmen-bauen-digitale-Infrastruktur-aus_Organisator.jpg","datePublished":"2021-11-03T07:44:30+00:00","description":"Les entreprises leaders dans le domaine du num\u00e9rique d\u00e9veloppent d\u00e9sormais leur infrastructure num\u00e9rique encore plus rapidement - plus de quatre fois plus qu'avant la pand\u00e9mie.","breadcrumb":{"@id":"https:\/\/www.organisator.ch\/management\/it\/2021-11-03\/digital-fuehrende-unternehmen-bauen-digitale-infrastruktur-aus\/#breadcrumb"},"inLanguage":"fr-FR","potentialAction":[{"@type":"ReadAction","target":["https:\/\/www.organisator.ch\/management\/it\/2021-11-03\/digital-fuehrende-unternehmen-bauen-digitale-infrastruktur-aus\/"]}]},{"@type":"ImageObject","inLanguage":"fr-FR","@id":"https:\/\/www.organisator.ch\/management\/it\/2021-11-03\/digital-fuehrende-unternehmen-bauen-digitale-infrastruktur-aus\/#primaryimage","url":"https:\/\/www.organisator.ch\/wp-content\/uploads\/2021\/11\/Digital-fuehrende-Unternehmen-bauen-digitale-Infrastruktur-aus_Organisator.jpg","contentUrl":"https:\/\/www.organisator.ch\/wp-content\/uploads\/2021\/11\/Digital-fuehrende-Unternehmen-bauen-digitale-Infrastruktur-aus_Organisator.jpg","width":680,"height":560,"caption":"Digital first all\u00fcberall: Digital f\u00fchrende Unternehmen bauen ihre digitale Infrastruktur immer schneller aus. (Bild: zVg \/ Equinix)"},{"@type":"BreadcrumbList","@id":"https:\/\/www.organisator.ch\/management\/it\/2021-11-03\/digital-fuehrende-unternehmen-bauen-digitale-infrastruktur-aus\/#breadcrumb","itemListElement":[{"@type":"ListItem","position":1,"name":"Home","item":"https:\/\/www.organisator.ch\/"},{"@type":"ListItem","position":2,"name":"Digital f\u00fchrende Unternehmen bauen digitale Infrastruktur aus"}]},{"@type":"WebSite","@id":"https:\/\/www.organisator.ch\/#website","url":"https:\/\/www.organisator.ch\/","name":"Organisateur","description":"Comp\u00e9tence et comp\u00e9tence. Proches de la pratique. L'ORGANISATEUR pr\u00e9pare 10 num\u00e9ros par an sur les th\u00e8mes essentiels pour les dirigeants de PME.","publisher":{"@id":"https:\/\/www.organisator.ch\/#organization"},"potentialAction":[{"@type":"SearchAction","target":{"@type":"EntryPoint","urlTemplate":"https:\/\/www.organisator.ch\/?s={search_term_string}"},"query-input":{"@type":"PropertyValueSpecification","valueRequired":true,"valueName":"search_term_string"}}],"inLanguage":"fr-FR"},{"@type":"Organization","@id":"https:\/\/www.organisator.ch\/#organization","name":"Organisateur","url":"https:\/\/www.organisator.ch\/","logo":{"@type":"ImageObject","inLanguage":"fr-FR","@id":"https:\/\/www.organisator.ch\/#\/schema\/logo\/image\/","url":"https:\/\/www.organisator.ch\/wp-content\/uploads\/2022\/01\/Logo_Organisator_Website.png","contentUrl":"https:\/\/www.organisator.ch\/wp-content\/uploads\/2022\/01\/Logo_Organisator_Website.png","width":800,"height":77,"caption":"Organisator"},"image":{"@id":"https:\/\/www.organisator.ch\/#\/schema\/logo\/image\/"},"sameAs":["https:\/\/www.facebook.com\/OrganisatorFachmagazin","https:\/\/www.linkedin.com\/showcase\/organisator-das-magazin-fr-kmu","https:\/\/www.xing.com\/news\/pages\/organisator-ch-695","https:\/\/www.youtube.com\/channel\/UCGP2Sq0iWaZwT3BdIAQFYpw"]},{"@type":"Person","@id":"https:\/\/www.organisator.ch\/#\/schema\/person\/6f650f90b2842cd4c0cc334b4e36f67e","name":"thomas.berner","image":{"@type":"ImageObject","inLanguage":"fr-FR","@id":"https:\/\/secure.gravatar.com\/avatar\/ac5001d2a36cb6c6cd3e50789007ffca834b477b74a2144564522e944eabff61?s=96&d=mm&r=g","url":"https:\/\/secure.gravatar.com\/avatar\/ac5001d2a36cb6c6cd3e50789007ffca834b477b74a2144564522e944eabff61?s=96&d=mm&r=g","contentUrl":"https:\/\/secure.gravatar.com\/avatar\/ac5001d2a36cb6c6cd3e50789007ffca834b477b74a2144564522e944eabff61?s=96&d=mm&r=g","caption":"thomas.berner"},"url":"https:\/\/www.organisator.ch\/fr\/author\/thomas-berner\/"}]}},"_links":{"self":[{"href":"https:\/\/www.organisator.ch\/fr\/wp-json\/wp\/v2\/posts\/11750","targetHints":{"allow":["GET"]}}],"collection":[{"href":"https:\/\/www.organisator.ch\/fr\/wp-json\/wp\/v2\/posts"}],"about":[{"href":"https:\/\/www.organisator.ch\/fr\/wp-json\/wp\/v2\/types\/post"}],"author":[{"embeddable":true,"href":"https:\/\/www.organisator.ch\/fr\/wp-json\/wp\/v2\/users\/4"}],"replies":[{"embeddable":true,"href":"https:\/\/www.organisator.ch\/fr\/wp-json\/wp\/v2\/comments?post=11750"}],"version-history":[{"count":0,"href":"https:\/\/www.organisator.ch\/fr\/wp-json\/wp\/v2\/posts\/11750\/revisions"}],"wp:featuredmedia":[{"embeddable":true,"href":"https:\/\/www.organisator.ch\/fr\/wp-json\/wp\/v2\/media\/11527"}],"wp:attachment":[{"href":"https:\/\/www.organisator.ch\/fr\/wp-json\/wp\/v2\/media?parent=11750"}],"wp:term":[{"taxonomy":"category","embeddable":true,"href":"https:\/\/www.organisator.ch\/fr\/wp-json\/wp\/v2\/categories?post=11750"},{"taxonomy":"post_tag","embeddable":true,"href":"https:\/\/www.organisator.ch\/fr\/wp-json\/wp\/v2\/tags?post=11750"}],"curies":[{"name":"wp","href":"https:\/\/api.w.org\/{rel}","templated":true}]}}