{"id":11752,"date":"2021-11-04T14:15:57","date_gmt":"2021-11-04T13:15:57","guid":{"rendered":"https:\/\/www.organisator.ch\/?p=8790"},"modified":"2021-11-04T14:15:57","modified_gmt":"2021-11-04T13:15:57","slug":"hr-digitalisierung-wird-durch-corona-beschleunigt","status":"publish","type":"post","link":"https:\/\/www.organisator.ch\/fr\/human-resources\/hrm\/2021-11-04\/hr-digitalisierung-wird-durch-corona-beschleunigt\/","title":{"rendered":"La num\u00e9risation des RH est acc\u00e9l\u00e9r\u00e9e par Corona"},"content":{"rendered":"<figure id=\"attachment_8791\" aria-describedby=\"caption-attachment-8791\" style=\"width: 680px\" class=\"wp-caption alignnone\"><a href=\"https:\/\/www.organisator.ch\/wp-content\/uploads\/2021\/11\/HR-Digitalisierung-wird-durch-Corona-beschleunigt_Organisator.jpg\"><img loading=\"lazy\" decoding=\"async\" class=\"size-medium wp-image-8791\" src=\"https:\/\/www.organisator.ch\/wp-content\/uploads\/2021\/11\/HR-Digitalisierung-wird-durch-Corona-beschleunigt_Organisator.jpg\" alt=\"\" width=\"680\" height=\"383\" \/><\/a><figcaption id=\"caption-attachment-8791\" class=\"wp-caption-text\">Le monde du travail a chang\u00e9 - la num\u00e9risation des RH continue de progresser rapidement. (Image : Unsplash.com)<\/figcaption><\/figure>\n<p>La pand\u00e9mie Corona a modifi\u00e9 durablement le monde du travail et a entra\u00een\u00e9 une pouss\u00e9e de la num\u00e9risation en de nombreux endroits, notamment dans le domaine des RH. C'est ce que montre l'\u00e9tude \"Digitales Arbeiten 2030\" de F.A.Z. Business Media | research et Cornerstone, pour laquelle 238 cadres au total ont \u00e9t\u00e9 interrog\u00e9s. Thomas Ogilvie (directeur des ressources humaines et directeur du travail chez Deutsche Post DHL Group) et Ulrike Baumgartner-Foisner (Senior Vice President Group Organizational Development &amp; HR, Wienerberger Group) parlent de leurs exp\u00e9riences en mati\u00e8re de num\u00e9risation des RH et de l'approche de leur entreprise vis-\u00e0-vis de Covid-19.<\/p>\n<h2><strong>Le bureau \u00e0 domicile restera<\/strong><\/h2>\n<p>Alors que dans les entreprises interrog\u00e9es, le travail \u00e0 domicile \u00e9tait plut\u00f4t l'exception que la r\u00e8gle avant la pand\u00e9mie, il en sera autrement \u00e0 l'avenir : Seules 3 % des entreprises interrog\u00e9es ram\u00e8neront tous leurs employ\u00e9s au bureau de mani\u00e8re permanente. La majorit\u00e9 (53 pour cent) mise sur le travail hybride - c'est-\u00e0-dire une alternance entre les jours de bureau et les jours de home office - dans lequel les employ\u00e9s travailleront principalement au bureau et seulement de temps en temps sur un autre lieu d'intervention.<\/p>\n<h2><strong>Corona acc\u00e9l\u00e8re le rythme de la num\u00e9risation des RH<\/strong><\/h2>\n<p>Pour que le travail \u00e0 domicile puisse se d\u00e9rouler sans probl\u00e8me, de nombreuses entreprises se sont consacr\u00e9es \u00e0 la transformation num\u00e9rique au cours des derniers mois. Le rythme de la num\u00e9risation dans le domaine des RH a \u00e9galement fortement augment\u00e9 : pr\u00e8s des trois quarts des cadres interrog\u00e9s (73 pour cent) indiquent que la pand\u00e9mie Corona a entra\u00een\u00e9 une pouss\u00e9e de la num\u00e9risation dans leur propre service RH.<\/p>\n<h2><strong>Le prestataire de services administratifs, c'est du pass\u00e9<\/strong><\/h2>\n<p>Du point de vue des d\u00e9cideurs RH et des entreprises interrog\u00e9s, le temps des RH en tant que prestataire de services purement administratifs est d\u00e9finitivement r\u00e9volu. Les t\u00e2ches administratives RH peuvent \u00eatre effectu\u00e9es plus rapidement gr\u00e2ce aux nouvelles technologies. Cela permet aux RH de se consacrer davantage \u00e0 des t\u00e2ches strat\u00e9giques et de conseil. Les d\u00e9partements RH de 46 pour cent des personnes interrog\u00e9es sont des partenaires strat\u00e9giques. Dans 45 pour cent des entreprises interrog\u00e9es, les RH jouent en outre le r\u00f4le de conseiller ou de gestionnaire de crise en cas de pand\u00e9mie. Ce n'est pas \u00e9tonnant, car les RH se trouvent directement \u00e0 l'interface avec les collaborateurs. Les ressources humaines sont donc - avec les sup\u00e9rieurs directs - le premier point de contact pour les questions relatives \u00e0 l'organisation du travail, qui est soumise \u00e0 des changements constants, surtout dans le cadre de la pand\u00e9mie.<\/p>\n<h2><strong>Relever les d\u00e9fis culturels<\/strong><\/h2>\n<p>N\u00e9anmoins, la num\u00e9risation \u00e0 elle seule ne garantit pas le succ\u00e8s. Les entreprises et leurs services RH sont d\u00e9sormais confront\u00e9s au d\u00e9fi d'adapter la culture de direction et d'entreprise \u00e0 la nouvelle donne, afin de garantir un fonctionnement sans faille, m\u00eame dans le cadre d'un mod\u00e8le de travail hybride. Pour 71% des d\u00e9cideurs interrog\u00e9s, le plus grand d\u00e9fi pour les RH est donc d'impliquer les collaborateurs dans le processus de changement. 61 % estiment en outre qu'il est tr\u00e8s difficile d'\u00e9tablir un nouvel \u00e9tat d'esprit et d'accompagner le changement de culture d'entreprise.<\/p>\n<p><em>Les personnes int\u00e9ress\u00e9es peuvent consulter l'\u00e9tude <a href=\"http:\/\/mailing.faz-bm.de\/c\/44972557\/def4880617c05-r21mjy\">ici<\/a> t\u00e9l\u00e9charger gratuitement.<\/em><\/p>","protected":false},"excerpt":{"rendered":"<p>Die Corona-Pandemie hat die Arbeitswelt nachhaltig ver\u00e4ndert und vielerorts f\u00fcr einen Digitalisierungsschub gesorgt \u2013 insbesondere im HR-Bereich. Das zeigt die Studie \u201eDigitales Arbeiten 2030\u201c von F.A.Z. Business Media | research und Cornerstone, f\u00fcr die insgesamt 238 F\u00fchrungskr\u00e4fte befragt wurden. Zus\u00e4tzlich sprechen in der Publikation auch Dr. Thomas Ogilvie (Personalvorstand und Arbeitsdirektor bei Deutsche Post DHL [&hellip;]<\/p>\n","protected":false},"author":4,"featured_media":11531,"comment_status":"closed","ping_status":"closed","sticky":false,"template":"","format":"standard","meta":{"_acf_changed":false,"_yoast_wpseo_focuskw":"HR-Digitalisierung","_yoast_wpseo_metadesc":"Eine Studie aus Deutschland zeigt: F\u00fcr die HR-Digitalisierung wirkt Corona gewissermassen als Katalysator.","articlekey":"","footnotes":""},"categories":[26],"tags":[156,254,459],"class_list":["post-11752","post","type-post","status-publish","format-standard","has-post-thumbnail","hentry","category-hrm","tag-digitalisierung","tag-hrm","tag-studie"],"acf":[],"yoast_head":"<!-- This site is optimized with the Yoast SEO plugin v27.4 - https:\/\/yoast.com\/product\/yoast-seo-wordpress\/ -->\n<title>HR-Digitalisierung wird durch Corona beschleunigt - Organisator<\/title>\n<meta name=\"description\" content=\"Eine Studie aus Deutschland zeigt: F\u00fcr die HR-Digitalisierung wirkt Corona gewissermassen als Katalysator.\" \/>\n<meta name=\"robots\" content=\"index, follow, max-snippet:-1, max-image-preview:large, max-video-preview:-1\" \/>\n<link rel=\"canonical\" href=\"https:\/\/www.organisator.ch\/fr\/ressources-humaines\/hrm\/2021-11-04\/hr-digitalisierung-wird-durch-corona-beschleunigt\/\" \/>\n<meta property=\"og:locale\" content=\"fr_FR\" \/>\n<meta property=\"og:type\" content=\"article\" \/>\n<meta property=\"og:title\" content=\"HR-Digitalisierung wird durch Corona beschleunigt\" \/>\n<meta property=\"og:description\" content=\"Eine Studie aus Deutschland zeigt: F\u00fcr die HR-Digitalisierung wirkt Corona gewissermassen als Katalysator.\" \/>\n<meta property=\"og:url\" content=\"https:\/\/www.organisator.ch\/fr\/ressources-humaines\/hrm\/2021-11-04\/hr-digitalisierung-wird-durch-corona-beschleunigt\/\" \/>\n<meta property=\"og:site_name\" content=\"Organisator\" \/>\n<meta property=\"article:publisher\" content=\"https:\/\/www.facebook.com\/OrganisatorFachmagazin\" \/>\n<meta property=\"article:published_time\" content=\"2021-11-04T13:15:57+00:00\" \/>\n<meta name=\"author\" content=\"thomas.berner\" \/>\n<meta name=\"twitter:card\" content=\"summary_large_image\" \/>\n<meta name=\"twitter:title\" content=\"#HR-Digitalisierung wird durch #Corona beschleunigt\" \/>\n<meta name=\"twitter:description\" content=\"Eine Studie aus #Deutschland zeigt: F\u00fcr die #HR-Digitalisierung wirkt #Corona gewissermassen als Katalysator.\" \/>\n<script type=\"application\/ld+json\" class=\"yoast-schema-graph\">{\"@context\":\"https:\\\/\\\/schema.org\",\"@graph\":[{\"@type\":\"Article\",\"@id\":\"https:\\\/\\\/www.organisator.ch\\\/human-resources\\\/hrm\\\/2021-11-04\\\/hr-digitalisierung-wird-durch-corona-beschleunigt\\\/#article\",\"isPartOf\":{\"@id\":\"https:\\\/\\\/www.organisator.ch\\\/human-resources\\\/hrm\\\/2021-11-04\\\/hr-digitalisierung-wird-durch-corona-beschleunigt\\\/\"},\"author\":{\"name\":\"thomas.berner\",\"@id\":\"https:\\\/\\\/www.organisator.ch\\\/#\\\/schema\\\/person\\\/6f650f90b2842cd4c0cc334b4e36f67e\"},\"headline\":\"HR-Digitalisierung wird durch Corona beschleunigt\",\"datePublished\":\"2021-11-04T13:15:57+00:00\",\"mainEntityOfPage\":{\"@id\":\"https:\\\/\\\/www.organisator.ch\\\/human-resources\\\/hrm\\\/2021-11-04\\\/hr-digitalisierung-wird-durch-corona-beschleunigt\\\/\"},\"wordCount\":468,\"publisher\":{\"@id\":\"https:\\\/\\\/www.organisator.ch\\\/#organization\"},\"image\":{\"@id\":\"https:\\\/\\\/www.organisator.ch\\\/human-resources\\\/hrm\\\/2021-11-04\\\/hr-digitalisierung-wird-durch-corona-beschleunigt\\\/#primaryimage\"},\"thumbnailUrl\":\"https:\\\/\\\/www.organisator.ch\\\/wp-content\\\/uploads\\\/2021\\\/11\\\/HR-Digitalisierung-wird-durch-Corona-beschleunigt_Organisator.jpg\",\"keywords\":[\"Digitalisierung\",\"HRM\",\"Studie\"],\"articleSection\":[\"HRM\"],\"inLanguage\":\"fr-FR\"},{\"@type\":\"WebPage\",\"@id\":\"https:\\\/\\\/www.organisator.ch\\\/human-resources\\\/hrm\\\/2021-11-04\\\/hr-digitalisierung-wird-durch-corona-beschleunigt\\\/\",\"url\":\"https:\\\/\\\/www.organisator.ch\\\/human-resources\\\/hrm\\\/2021-11-04\\\/hr-digitalisierung-wird-durch-corona-beschleunigt\\\/\",\"name\":\"HR-Digitalisierung wird durch Corona beschleunigt - Organisator\",\"isPartOf\":{\"@id\":\"https:\\\/\\\/www.organisator.ch\\\/#website\"},\"primaryImageOfPage\":{\"@id\":\"https:\\\/\\\/www.organisator.ch\\\/human-resources\\\/hrm\\\/2021-11-04\\\/hr-digitalisierung-wird-durch-corona-beschleunigt\\\/#primaryimage\"},\"image\":{\"@id\":\"https:\\\/\\\/www.organisator.ch\\\/human-resources\\\/hrm\\\/2021-11-04\\\/hr-digitalisierung-wird-durch-corona-beschleunigt\\\/#primaryimage\"},\"thumbnailUrl\":\"https:\\\/\\\/www.organisator.ch\\\/wp-content\\\/uploads\\\/2021\\\/11\\\/HR-Digitalisierung-wird-durch-Corona-beschleunigt_Organisator.jpg\",\"datePublished\":\"2021-11-04T13:15:57+00:00\",\"description\":\"Eine Studie aus Deutschland zeigt: F\u00fcr die HR-Digitalisierung wirkt Corona gewissermassen als Katalysator.\",\"breadcrumb\":{\"@id\":\"https:\\\/\\\/www.organisator.ch\\\/human-resources\\\/hrm\\\/2021-11-04\\\/hr-digitalisierung-wird-durch-corona-beschleunigt\\\/#breadcrumb\"},\"inLanguage\":\"fr-FR\",\"potentialAction\":[{\"@type\":\"ReadAction\",\"target\":[\"https:\\\/\\\/www.organisator.ch\\\/human-resources\\\/hrm\\\/2021-11-04\\\/hr-digitalisierung-wird-durch-corona-beschleunigt\\\/\"]}]},{\"@type\":\"ImageObject\",\"inLanguage\":\"fr-FR\",\"@id\":\"https:\\\/\\\/www.organisator.ch\\\/human-resources\\\/hrm\\\/2021-11-04\\\/hr-digitalisierung-wird-durch-corona-beschleunigt\\\/#primaryimage\",\"url\":\"https:\\\/\\\/www.organisator.ch\\\/wp-content\\\/uploads\\\/2021\\\/11\\\/HR-Digitalisierung-wird-durch-Corona-beschleunigt_Organisator.jpg\",\"contentUrl\":\"https:\\\/\\\/www.organisator.ch\\\/wp-content\\\/uploads\\\/2021\\\/11\\\/HR-Digitalisierung-wird-durch-Corona-beschleunigt_Organisator.jpg\",\"width\":680,\"height\":383,\"caption\":\"Die Arbeitswelt hat sich ver\u00e4ndert - die HR-Digitalisierung schreitet weiter schnell voran. (Bild: Unsplash.com)\"},{\"@type\":\"BreadcrumbList\",\"@id\":\"https:\\\/\\\/www.organisator.ch\\\/human-resources\\\/hrm\\\/2021-11-04\\\/hr-digitalisierung-wird-durch-corona-beschleunigt\\\/#breadcrumb\",\"itemListElement\":[{\"@type\":\"ListItem\",\"position\":1,\"name\":\"Home\",\"item\":\"https:\\\/\\\/www.organisator.ch\\\/\"},{\"@type\":\"ListItem\",\"position\":2,\"name\":\"HR-Digitalisierung wird durch Corona beschleunigt\"}]},{\"@type\":\"WebSite\",\"@id\":\"https:\\\/\\\/www.organisator.ch\\\/#website\",\"url\":\"https:\\\/\\\/www.organisator.ch\\\/\",\"name\":\"Organisator\",\"description\":\"Kompetent. Praxisnah. Der ORGANISATOR bereitet in 10 Ausgaben pro Jahr die wesentlichen Themen f\u00fcr F\u00fchrungskr\u00e4fte von KMU auf.\",\"publisher\":{\"@id\":\"https:\\\/\\\/www.organisator.ch\\\/#organization\"},\"potentialAction\":[{\"@type\":\"SearchAction\",\"target\":{\"@type\":\"EntryPoint\",\"urlTemplate\":\"https:\\\/\\\/www.organisator.ch\\\/?s={search_term_string}\"},\"query-input\":{\"@type\":\"PropertyValueSpecification\",\"valueRequired\":true,\"valueName\":\"search_term_string\"}}],\"inLanguage\":\"fr-FR\"},{\"@type\":\"Organization\",\"@id\":\"https:\\\/\\\/www.organisator.ch\\\/#organization\",\"name\":\"Organisator\",\"url\":\"https:\\\/\\\/www.organisator.ch\\\/\",\"logo\":{\"@type\":\"ImageObject\",\"inLanguage\":\"fr-FR\",\"@id\":\"https:\\\/\\\/www.organisator.ch\\\/#\\\/schema\\\/logo\\\/image\\\/\",\"url\":\"https:\\\/\\\/www.organisator.ch\\\/wp-content\\\/uploads\\\/2022\\\/01\\\/Logo_Organisator_Website.png\",\"contentUrl\":\"https:\\\/\\\/www.organisator.ch\\\/wp-content\\\/uploads\\\/2022\\\/01\\\/Logo_Organisator_Website.png\",\"width\":800,\"height\":77,\"caption\":\"Organisator\"},\"image\":{\"@id\":\"https:\\\/\\\/www.organisator.ch\\\/#\\\/schema\\\/logo\\\/image\\\/\"},\"sameAs\":[\"https:\\\/\\\/www.facebook.com\\\/OrganisatorFachmagazin\",\"https:\\\/\\\/www.linkedin.com\\\/showcase\\\/organisator-das-magazin-fr-kmu\",\"https:\\\/\\\/www.xing.com\\\/news\\\/pages\\\/organisator-ch-695\",\"https:\\\/\\\/www.youtube.com\\\/channel\\\/UCGP2Sq0iWaZwT3BdIAQFYpw\"]},{\"@type\":\"Person\",\"@id\":\"https:\\\/\\\/www.organisator.ch\\\/#\\\/schema\\\/person\\\/6f650f90b2842cd4c0cc334b4e36f67e\",\"name\":\"thomas.berner\",\"image\":{\"@type\":\"ImageObject\",\"inLanguage\":\"fr-FR\",\"@id\":\"https:\\\/\\\/secure.gravatar.com\\\/avatar\\\/ac5001d2a36cb6c6cd3e50789007ffca834b477b74a2144564522e944eabff61?s=96&d=mm&r=g\",\"url\":\"https:\\\/\\\/secure.gravatar.com\\\/avatar\\\/ac5001d2a36cb6c6cd3e50789007ffca834b477b74a2144564522e944eabff61?s=96&d=mm&r=g\",\"contentUrl\":\"https:\\\/\\\/secure.gravatar.com\\\/avatar\\\/ac5001d2a36cb6c6cd3e50789007ffca834b477b74a2144564522e944eabff61?s=96&d=mm&r=g\",\"caption\":\"thomas.berner\"},\"url\":\"https:\\\/\\\/www.organisator.ch\\\/fr\\\/author\\\/thomas-berner\\\/\"}]}<\/script>\n<!-- \/ Yoast SEO plugin. -->","yoast_head_json":{"title":"La num\u00e9risation des RH est acc\u00e9l\u00e9r\u00e9e par Corona - Organisateur","description":"Une \u00e9tude allemande le montre : Pour la num\u00e9risation des RH, Corona agit en quelque sorte comme un catalyseur.","robots":{"index":"index","follow":"follow","max-snippet":"max-snippet:-1","max-image-preview":"max-image-preview:large","max-video-preview":"max-video-preview:-1"},"canonical":"https:\/\/www.organisator.ch\/fr\/ressources-humaines\/hrm\/2021-11-04\/hr-digitalisierung-wird-durch-corona-beschleunigt\/","og_locale":"fr_FR","og_type":"article","og_title":"HR-Digitalisierung wird durch Corona beschleunigt","og_description":"Eine Studie aus Deutschland zeigt: F\u00fcr die HR-Digitalisierung wirkt Corona gewissermassen als Katalysator.","og_url":"https:\/\/www.organisator.ch\/fr\/ressources-humaines\/hrm\/2021-11-04\/hr-digitalisierung-wird-durch-corona-beschleunigt\/","og_site_name":"Organisator","article_publisher":"https:\/\/www.facebook.com\/OrganisatorFachmagazin","article_published_time":"2021-11-04T13:15:57+00:00","author":"thomas.berner","twitter_card":"summary_large_image","twitter_title":"#HR-Digitalisierung wird durch #Corona beschleunigt","twitter_description":"Eine Studie aus #Deutschland zeigt: F\u00fcr die #HR-Digitalisierung wirkt #Corona gewissermassen als Katalysator.","schema":{"@context":"https:\/\/schema.org","@graph":[{"@type":"Article","@id":"https:\/\/www.organisator.ch\/human-resources\/hrm\/2021-11-04\/hr-digitalisierung-wird-durch-corona-beschleunigt\/#article","isPartOf":{"@id":"https:\/\/www.organisator.ch\/human-resources\/hrm\/2021-11-04\/hr-digitalisierung-wird-durch-corona-beschleunigt\/"},"author":{"name":"thomas.berner","@id":"https:\/\/www.organisator.ch\/#\/schema\/person\/6f650f90b2842cd4c0cc334b4e36f67e"},"headline":"HR-Digitalisierung wird durch Corona beschleunigt","datePublished":"2021-11-04T13:15:57+00:00","mainEntityOfPage":{"@id":"https:\/\/www.organisator.ch\/human-resources\/hrm\/2021-11-04\/hr-digitalisierung-wird-durch-corona-beschleunigt\/"},"wordCount":468,"publisher":{"@id":"https:\/\/www.organisator.ch\/#organization"},"image":{"@id":"https:\/\/www.organisator.ch\/human-resources\/hrm\/2021-11-04\/hr-digitalisierung-wird-durch-corona-beschleunigt\/#primaryimage"},"thumbnailUrl":"https:\/\/www.organisator.ch\/wp-content\/uploads\/2021\/11\/HR-Digitalisierung-wird-durch-Corona-beschleunigt_Organisator.jpg","keywords":["Digitalisierung","HRM","Studie"],"articleSection":["HRM"],"inLanguage":"fr-FR"},{"@type":"WebPage","@id":"https:\/\/www.organisator.ch\/human-resources\/hrm\/2021-11-04\/hr-digitalisierung-wird-durch-corona-beschleunigt\/","url":"https:\/\/www.organisator.ch\/human-resources\/hrm\/2021-11-04\/hr-digitalisierung-wird-durch-corona-beschleunigt\/","name":"La num\u00e9risation des RH est acc\u00e9l\u00e9r\u00e9e par Corona - Organisateur","isPartOf":{"@id":"https:\/\/www.organisator.ch\/#website"},"primaryImageOfPage":{"@id":"https:\/\/www.organisator.ch\/human-resources\/hrm\/2021-11-04\/hr-digitalisierung-wird-durch-corona-beschleunigt\/#primaryimage"},"image":{"@id":"https:\/\/www.organisator.ch\/human-resources\/hrm\/2021-11-04\/hr-digitalisierung-wird-durch-corona-beschleunigt\/#primaryimage"},"thumbnailUrl":"https:\/\/www.organisator.ch\/wp-content\/uploads\/2021\/11\/HR-Digitalisierung-wird-durch-Corona-beschleunigt_Organisator.jpg","datePublished":"2021-11-04T13:15:57+00:00","description":"Une \u00e9tude allemande le montre : Pour la num\u00e9risation des RH, Corona agit en quelque sorte comme un catalyseur.","breadcrumb":{"@id":"https:\/\/www.organisator.ch\/human-resources\/hrm\/2021-11-04\/hr-digitalisierung-wird-durch-corona-beschleunigt\/#breadcrumb"},"inLanguage":"fr-FR","potentialAction":[{"@type":"ReadAction","target":["https:\/\/www.organisator.ch\/human-resources\/hrm\/2021-11-04\/hr-digitalisierung-wird-durch-corona-beschleunigt\/"]}]},{"@type":"ImageObject","inLanguage":"fr-FR","@id":"https:\/\/www.organisator.ch\/human-resources\/hrm\/2021-11-04\/hr-digitalisierung-wird-durch-corona-beschleunigt\/#primaryimage","url":"https:\/\/www.organisator.ch\/wp-content\/uploads\/2021\/11\/HR-Digitalisierung-wird-durch-Corona-beschleunigt_Organisator.jpg","contentUrl":"https:\/\/www.organisator.ch\/wp-content\/uploads\/2021\/11\/HR-Digitalisierung-wird-durch-Corona-beschleunigt_Organisator.jpg","width":680,"height":383,"caption":"Die Arbeitswelt hat sich ver\u00e4ndert - die HR-Digitalisierung schreitet weiter schnell voran. (Bild: Unsplash.com)"},{"@type":"BreadcrumbList","@id":"https:\/\/www.organisator.ch\/human-resources\/hrm\/2021-11-04\/hr-digitalisierung-wird-durch-corona-beschleunigt\/#breadcrumb","itemListElement":[{"@type":"ListItem","position":1,"name":"Home","item":"https:\/\/www.organisator.ch\/"},{"@type":"ListItem","position":2,"name":"HR-Digitalisierung wird durch Corona beschleunigt"}]},{"@type":"WebSite","@id":"https:\/\/www.organisator.ch\/#website","url":"https:\/\/www.organisator.ch\/","name":"Organisateur","description":"Comp\u00e9tence et comp\u00e9tence. Proches de la pratique. L'ORGANISATEUR pr\u00e9pare 10 num\u00e9ros par an sur les th\u00e8mes essentiels pour les dirigeants de PME.","publisher":{"@id":"https:\/\/www.organisator.ch\/#organization"},"potentialAction":[{"@type":"SearchAction","target":{"@type":"EntryPoint","urlTemplate":"https:\/\/www.organisator.ch\/?s={search_term_string}"},"query-input":{"@type":"PropertyValueSpecification","valueRequired":true,"valueName":"search_term_string"}}],"inLanguage":"fr-FR"},{"@type":"Organization","@id":"https:\/\/www.organisator.ch\/#organization","name":"Organisateur","url":"https:\/\/www.organisator.ch\/","logo":{"@type":"ImageObject","inLanguage":"fr-FR","@id":"https:\/\/www.organisator.ch\/#\/schema\/logo\/image\/","url":"https:\/\/www.organisator.ch\/wp-content\/uploads\/2022\/01\/Logo_Organisator_Website.png","contentUrl":"https:\/\/www.organisator.ch\/wp-content\/uploads\/2022\/01\/Logo_Organisator_Website.png","width":800,"height":77,"caption":"Organisator"},"image":{"@id":"https:\/\/www.organisator.ch\/#\/schema\/logo\/image\/"},"sameAs":["https:\/\/www.facebook.com\/OrganisatorFachmagazin","https:\/\/www.linkedin.com\/showcase\/organisator-das-magazin-fr-kmu","https:\/\/www.xing.com\/news\/pages\/organisator-ch-695","https:\/\/www.youtube.com\/channel\/UCGP2Sq0iWaZwT3BdIAQFYpw"]},{"@type":"Person","@id":"https:\/\/www.organisator.ch\/#\/schema\/person\/6f650f90b2842cd4c0cc334b4e36f67e","name":"thomas.berner","image":{"@type":"ImageObject","inLanguage":"fr-FR","@id":"https:\/\/secure.gravatar.com\/avatar\/ac5001d2a36cb6c6cd3e50789007ffca834b477b74a2144564522e944eabff61?s=96&d=mm&r=g","url":"https:\/\/secure.gravatar.com\/avatar\/ac5001d2a36cb6c6cd3e50789007ffca834b477b74a2144564522e944eabff61?s=96&d=mm&r=g","contentUrl":"https:\/\/secure.gravatar.com\/avatar\/ac5001d2a36cb6c6cd3e50789007ffca834b477b74a2144564522e944eabff61?s=96&d=mm&r=g","caption":"thomas.berner"},"url":"https:\/\/www.organisator.ch\/fr\/author\/thomas-berner\/"}]}},"_links":{"self":[{"href":"https:\/\/www.organisator.ch\/fr\/wp-json\/wp\/v2\/posts\/11752","targetHints":{"allow":["GET"]}}],"collection":[{"href":"https:\/\/www.organisator.ch\/fr\/wp-json\/wp\/v2\/posts"}],"about":[{"href":"https:\/\/www.organisator.ch\/fr\/wp-json\/wp\/v2\/types\/post"}],"author":[{"embeddable":true,"href":"https:\/\/www.organisator.ch\/fr\/wp-json\/wp\/v2\/users\/4"}],"replies":[{"embeddable":true,"href":"https:\/\/www.organisator.ch\/fr\/wp-json\/wp\/v2\/comments?post=11752"}],"version-history":[{"count":0,"href":"https:\/\/www.organisator.ch\/fr\/wp-json\/wp\/v2\/posts\/11752\/revisions"}],"wp:featuredmedia":[{"embeddable":true,"href":"https:\/\/www.organisator.ch\/fr\/wp-json\/wp\/v2\/media\/11531"}],"wp:attachment":[{"href":"https:\/\/www.organisator.ch\/fr\/wp-json\/wp\/v2\/media?parent=11752"}],"wp:term":[{"taxonomy":"category","embeddable":true,"href":"https:\/\/www.organisator.ch\/fr\/wp-json\/wp\/v2\/categories?post=11752"},{"taxonomy":"post_tag","embeddable":true,"href":"https:\/\/www.organisator.ch\/fr\/wp-json\/wp\/v2\/tags?post=11752"}],"curies":[{"name":"wp","href":"https:\/\/api.w.org\/{rel}","templated":true}]}}