{"id":11754,"date":"2021-11-05T09:42:32","date_gmt":"2021-11-05T08:42:32","guid":{"rendered":"https:\/\/www.organisator.ch\/?p=8801"},"modified":"2021-11-05T09:42:32","modified_gmt":"2021-11-05T08:42:32","slug":"so-wird-das-buero-zum-coworking-space","status":"publish","type":"post","link":"https:\/\/www.organisator.ch\/fr\/management\/it\/2021-11-05\/so-wird-das-buero-zum-coworking-space\/","title":{"rendered":"Comment transformer son bureau en espace de coworking"},"content":{"rendered":"<figure id=\"attachment_8802\" aria-describedby=\"caption-attachment-8802\" style=\"width: 680px\" class=\"wp-caption alignnone\"><a href=\"https:\/\/www.organisator.ch\/wp-content\/uploads\/2021\/11\/So-wird-das-Buero-zum-Coworking-Space_Organisator.jpg\"><img loading=\"lazy\" decoding=\"async\" class=\"size-medium wp-image-8802\" src=\"https:\/\/www.organisator.ch\/wp-content\/uploads\/2021\/11\/So-wird-das-Buero-zum-Coworking-Space_Organisator.jpg\" alt=\"\" width=\"680\" height=\"393\" \/><\/a><figcaption id=\"caption-attachment-8802\" class=\"wp-caption-text\">R\u00e9am\u00e9nagement des espaces de bureaux : Les espaces de coworking devraient \u00e9galement offrir une flexibilit\u00e9 maximale sur le plan technologique. (Image : zVg \/ Dell Technologies)<\/figcaption><\/figure>\n<p>La question de savoir si les collaborateurs doivent retourner compl\u00e8tement au bureau ou s'ils peuvent au moins exercer une partie de leur temps de travail ind\u00e9pendamment du lieu o\u00f9 ils se trouvent divise actuellement les esprits. Ceux qui misent sur une forme mixte devraient r\u00e9fl\u00e9chir \u00e0 l'am\u00e9nagement des bureaux. Si moins de collaborateurs travaillent en permanence dans l'entreprise, moins de postes de travail fixes ou individuels sont n\u00e9cessaires. Pour cr\u00e9er les conditions n\u00e9cessaires au desksharing, il faut le soutien de technologies conviviales et intelligentes.<\/p>\n<h2><strong>Le coworking en entreprise<\/strong><\/h2>\n<p>Si les collaborateurs peuvent choisir librement leur lieu de travail au sein de l'entreprise, l'\u00e9change interd\u00e9partemental est encourag\u00e9 - on est toujours assis \u00e0 c\u00f4t\u00e9 d'autres coll\u00e8gues. Cela permet de briser les silos et d'\u00e9liminer les barri\u00e8res entre les \u00e9quipes et les espaces de travail. C'est ainsi que les bureaux deviennent des espaces de coworking propres \u00e0 l'entreprise.<\/p>\n<p>Halter, une entreprise suisse leader dans le domaine de la construction et de l'immobilier, a r\u00e9solument pris le chemin de l'espace de coworking. Lors du r\u00e9am\u00e9nagement de ses bureaux, elle a veill\u00e9 \u00e0 ce que l'agencement soit flexible et invite \u00e0 la collaboration. Un \u00e9quipement informatique moderne permet aux utilisateurs de travailler facilement l\u00e0 o\u00f9 ils le souhaitent. Le r\u00e9am\u00e9nagement a \u00e9galement permis \u00e0 Halter d'\u00e9liminer un vieux probl\u00e8me : les collaborateurs utilisaient diff\u00e9rentes technologies de diff\u00e9rents fabricants, ce qui compliquait \u00e0 la fois le travail flexible et le support.<\/p>\n<h2><strong>Ce qui caract\u00e9rise un \u00e9quipement informatique moderne<\/strong><\/h2>\n<ol>\n<li><em><strong>La connectivit\u00e9 ind\u00e9pendante du fournisseur offre une grande flexibilit\u00e9. <\/strong><\/em>Ceux qui misent sur des types de connexion universels comme Thunderbolt ou USB-C permettent aux utilisatrices et utilisateurs de connecter facilement leurs ordinateurs portables.<\/li>\n<li><em><strong>Une large gamme de clients aupr\u00e8s d'un seul fournisseur simplifie l'approvisionnement. <\/strong><\/em>Selon leur activit\u00e9, les collaborateurs ont des exigences diff\u00e9rentes quant \u00e0 leurs appareils. Le fournisseur doit pouvoir les couvrir au moyen d'un large portefeuille. Pour que la sp\u00e9cification de chaque collaborateur ne soit pas trop complexe, il est utile de le r\u00e9partir en un nombre limit\u00e9 de types d'utilisateurs, appel\u00e9s personas.<\/li>\n<li><em><strong>La configuration personnalis\u00e9e permet une utilisation imm\u00e9diate. <\/strong><\/em>Au lieu de confier la configuration de chaque appareil \u00e0 son propre service informatique, ce qui prend beaucoup de temps, les clients peuvent aujourd'hui \u00eatre livr\u00e9s pr\u00e9configur\u00e9s en usine. Sur demande, ils sont livr\u00e9s avec tout - des applications aux contacts de l'entreprise en passant par les param\u00e8tres - directement aux collaborateurs, o\u00f9 qu'ils se trouvent.<\/li>\n<li><em><strong>Gain de temps gr\u00e2ce \u00e0 la gestion et aux mises \u00e0 jour informatiques centralis\u00e9es. <\/strong><\/em>Les solutions centralis\u00e9es con\u00e7ues pour simplifier l'environnement du cycle de vie des PC permettent de r\u00e9duire les co\u00fbts et de gagner du temps. Elles permettent d'automatiser l'installation, la configuration, la surveillance et la mise \u00e0 jour des images des appareils clients.<\/li>\n<\/ol>\n<p><em>Source : <a href=\"http:\/\/www.delltechnologies.com\/\">www.delltechnologies.com<\/a><\/em><\/p>","protected":false},"excerpt":{"rendered":"<p>An der Frage, ob die Mitarbeitenden wieder komplett ins B\u00fcro zur\u00fcckkehren sollen oder zumindest einen Teil ihrer Arbeitszeit standortunabh\u00e4ngig aus\u00fcben k\u00f6nnen, scheiden sich zurzeit die Geister. Wer auf eine Mischform setzt, sollte sich Gedanken \u00fcber die Gestaltung der B\u00fcror\u00e4umlichkeiten machen. Arbeiten weniger Mitarbeitende permanent im Unternehmen, werden auch weniger feste beziehungsweise individuelle Arbeitspl\u00e4tze ben\u00f6tigt. Um [&hellip;]<\/p>\n","protected":false},"author":4,"featured_media":11532,"comment_status":"closed","ping_status":"closed","sticky":false,"template":"","format":"standard","meta":{"_acf_changed":false,"_yoast_wpseo_focuskw":"Coworking","_yoast_wpseo_metadesc":"Wie Technologie Unternehmen dabei unterst\u00fctzt, firmeneigene Coworking-Spaces zu gestalten, zeigt ein Listicle von Dell Technologies.","articlekey":"","footnotes":""},"categories":[27],"tags":[115,135,156,286],"class_list":["post-11754","post","type-post","status-publish","format-standard","has-post-thumbnail","hentry","category-it","tag-checklisten","tag-coworking","tag-digitalisierung","tag-it"],"acf":[],"yoast_head":"<!-- This site is optimized with the Yoast SEO plugin v27.4 - https:\/\/yoast.com\/product\/yoast-seo-wordpress\/ -->\n<title>So wird das B\u00fcro zum Coworking-Space - Organisator<\/title>\n<meta name=\"description\" content=\"Wie Technologie Unternehmen dabei unterst\u00fctzt, firmeneigene Coworking-Spaces zu gestalten, zeigt ein Listicle von Dell Technologies.\" \/>\n<meta name=\"robots\" content=\"index, follow, max-snippet:-1, max-image-preview:large, max-video-preview:-1\" \/>\n<link rel=\"canonical\" href=\"https:\/\/www.organisator.ch\/fr\/gestion-2\/it\/2021-11-05\/so-wird-das-buero-zum-coworking-space\/\" \/>\n<meta property=\"og:locale\" content=\"fr_FR\" \/>\n<meta property=\"og:type\" content=\"article\" \/>\n<meta property=\"og:title\" content=\"So wird das B\u00fcro zum Coworking-Space\" \/>\n<meta property=\"og:description\" content=\"Wie Technologie Unternehmen dabei unterst\u00fctzt, firmeneigene Coworking-Spaces zu gestalten, zeigt ein Listicle von Dell Technologies.\" \/>\n<meta property=\"og:url\" content=\"https:\/\/www.organisator.ch\/fr\/gestion-2\/it\/2021-11-05\/so-wird-das-buero-zum-coworking-space\/\" \/>\n<meta property=\"og:site_name\" content=\"Organisator\" \/>\n<meta property=\"article:publisher\" content=\"https:\/\/www.facebook.com\/OrganisatorFachmagazin\" \/>\n<meta property=\"article:published_time\" content=\"2021-11-05T08:42:32+00:00\" \/>\n<meta property=\"og:image\" content=\"https:\/\/www.organisator.ch\/wp-content\/uploads\/2021\/08\/organisator_1962_4.png\" \/>\n\t<meta property=\"og:image:width\" content=\"654\" \/>\n\t<meta property=\"og:image:height\" content=\"370\" \/>\n\t<meta property=\"og:image:type\" content=\"image\/png\" \/>\n<meta name=\"author\" content=\"thomas.berner\" \/>\n<meta name=\"twitter:card\" content=\"summary_large_image\" \/>\n<meta name=\"twitter:title\" content=\"So wird das B\u00fcro zum #Coworking-Space\" \/>\n<meta name=\"twitter:description\" content=\"Wie Technologie Unternehmen dabei unterst\u00fctzt, firmeneigene #Coworking-Spaces zu gestalten, zeigt ein Listicle von #Dell Technologies.\" \/>\n<meta name=\"twitter:image\" content=\"https:\/\/www.organisator.ch\/wp-content\/uploads\/2021\/08\/organisator_1962_4.png\" \/>\n<script type=\"application\/ld+json\" class=\"yoast-schema-graph\">{\"@context\":\"https:\\\/\\\/schema.org\",\"@graph\":[{\"@type\":\"Article\",\"@id\":\"https:\\\/\\\/www.organisator.ch\\\/management\\\/it\\\/2021-11-05\\\/so-wird-das-buero-zum-coworking-space\\\/#article\",\"isPartOf\":{\"@id\":\"https:\\\/\\\/www.organisator.ch\\\/management\\\/it\\\/2021-11-05\\\/so-wird-das-buero-zum-coworking-space\\\/\"},\"author\":{\"name\":\"thomas.berner\",\"@id\":\"https:\\\/\\\/www.organisator.ch\\\/#\\\/schema\\\/person\\\/6f650f90b2842cd4c0cc334b4e36f67e\"},\"headline\":\"So wird das B\u00fcro zum Coworking-Space\",\"datePublished\":\"2021-11-05T08:42:32+00:00\",\"mainEntityOfPage\":{\"@id\":\"https:\\\/\\\/www.organisator.ch\\\/management\\\/it\\\/2021-11-05\\\/so-wird-das-buero-zum-coworking-space\\\/\"},\"wordCount\":439,\"publisher\":{\"@id\":\"https:\\\/\\\/www.organisator.ch\\\/#organization\"},\"image\":{\"@id\":\"https:\\\/\\\/www.organisator.ch\\\/management\\\/it\\\/2021-11-05\\\/so-wird-das-buero-zum-coworking-space\\\/#primaryimage\"},\"thumbnailUrl\":\"https:\\\/\\\/www.organisator.ch\\\/wp-content\\\/uploads\\\/2021\\\/11\\\/So-wird-das-Buero-zum-Coworking-Space_Organisator.jpg\",\"keywords\":[\"Checklisten\",\"Coworking\",\"Digitalisierung\",\"IT\"],\"articleSection\":[\"IT\"],\"inLanguage\":\"fr-FR\"},{\"@type\":\"WebPage\",\"@id\":\"https:\\\/\\\/www.organisator.ch\\\/management\\\/it\\\/2021-11-05\\\/so-wird-das-buero-zum-coworking-space\\\/\",\"url\":\"https:\\\/\\\/www.organisator.ch\\\/management\\\/it\\\/2021-11-05\\\/so-wird-das-buero-zum-coworking-space\\\/\",\"name\":\"So wird das B\u00fcro zum Coworking-Space - Organisator\",\"isPartOf\":{\"@id\":\"https:\\\/\\\/www.organisator.ch\\\/#website\"},\"primaryImageOfPage\":{\"@id\":\"https:\\\/\\\/www.organisator.ch\\\/management\\\/it\\\/2021-11-05\\\/so-wird-das-buero-zum-coworking-space\\\/#primaryimage\"},\"image\":{\"@id\":\"https:\\\/\\\/www.organisator.ch\\\/management\\\/it\\\/2021-11-05\\\/so-wird-das-buero-zum-coworking-space\\\/#primaryimage\"},\"thumbnailUrl\":\"https:\\\/\\\/www.organisator.ch\\\/wp-content\\\/uploads\\\/2021\\\/11\\\/So-wird-das-Buero-zum-Coworking-Space_Organisator.jpg\",\"datePublished\":\"2021-11-05T08:42:32+00:00\",\"description\":\"Wie Technologie Unternehmen dabei unterst\u00fctzt, firmeneigene Coworking-Spaces zu gestalten, zeigt ein Listicle von Dell Technologies.\",\"breadcrumb\":{\"@id\":\"https:\\\/\\\/www.organisator.ch\\\/management\\\/it\\\/2021-11-05\\\/so-wird-das-buero-zum-coworking-space\\\/#breadcrumb\"},\"inLanguage\":\"fr-FR\",\"potentialAction\":[{\"@type\":\"ReadAction\",\"target\":[\"https:\\\/\\\/www.organisator.ch\\\/management\\\/it\\\/2021-11-05\\\/so-wird-das-buero-zum-coworking-space\\\/\"]}]},{\"@type\":\"ImageObject\",\"inLanguage\":\"fr-FR\",\"@id\":\"https:\\\/\\\/www.organisator.ch\\\/management\\\/it\\\/2021-11-05\\\/so-wird-das-buero-zum-coworking-space\\\/#primaryimage\",\"url\":\"https:\\\/\\\/www.organisator.ch\\\/wp-content\\\/uploads\\\/2021\\\/11\\\/So-wird-das-Buero-zum-Coworking-Space_Organisator.jpg\",\"contentUrl\":\"https:\\\/\\\/www.organisator.ch\\\/wp-content\\\/uploads\\\/2021\\\/11\\\/So-wird-das-Buero-zum-Coworking-Space_Organisator.jpg\",\"width\":680,\"height\":393,\"caption\":\"Neugestaltung von B\u00fcror\u00e4umlichkeiten: Coworking Spaces sollten auch technologisch h\u00f6chste Flexibilit\u00e4t bieten. (Bild: zVg \\\/ Dell Technologies)\"},{\"@type\":\"BreadcrumbList\",\"@id\":\"https:\\\/\\\/www.organisator.ch\\\/management\\\/it\\\/2021-11-05\\\/so-wird-das-buero-zum-coworking-space\\\/#breadcrumb\",\"itemListElement\":[{\"@type\":\"ListItem\",\"position\":1,\"name\":\"Home\",\"item\":\"https:\\\/\\\/www.organisator.ch\\\/\"},{\"@type\":\"ListItem\",\"position\":2,\"name\":\"So wird das B\u00fcro zum Coworking-Space\"}]},{\"@type\":\"WebSite\",\"@id\":\"https:\\\/\\\/www.organisator.ch\\\/#website\",\"url\":\"https:\\\/\\\/www.organisator.ch\\\/\",\"name\":\"Organisator\",\"description\":\"Kompetent. Praxisnah. Der ORGANISATOR bereitet in 10 Ausgaben pro Jahr die wesentlichen Themen f\u00fcr F\u00fchrungskr\u00e4fte von KMU auf.\",\"publisher\":{\"@id\":\"https:\\\/\\\/www.organisator.ch\\\/#organization\"},\"potentialAction\":[{\"@type\":\"SearchAction\",\"target\":{\"@type\":\"EntryPoint\",\"urlTemplate\":\"https:\\\/\\\/www.organisator.ch\\\/?s={search_term_string}\"},\"query-input\":{\"@type\":\"PropertyValueSpecification\",\"valueRequired\":true,\"valueName\":\"search_term_string\"}}],\"inLanguage\":\"fr-FR\"},{\"@type\":\"Organization\",\"@id\":\"https:\\\/\\\/www.organisator.ch\\\/#organization\",\"name\":\"Organisator\",\"url\":\"https:\\\/\\\/www.organisator.ch\\\/\",\"logo\":{\"@type\":\"ImageObject\",\"inLanguage\":\"fr-FR\",\"@id\":\"https:\\\/\\\/www.organisator.ch\\\/#\\\/schema\\\/logo\\\/image\\\/\",\"url\":\"https:\\\/\\\/www.organisator.ch\\\/wp-content\\\/uploads\\\/2022\\\/01\\\/Logo_Organisator_Website.png\",\"contentUrl\":\"https:\\\/\\\/www.organisator.ch\\\/wp-content\\\/uploads\\\/2022\\\/01\\\/Logo_Organisator_Website.png\",\"width\":800,\"height\":77,\"caption\":\"Organisator\"},\"image\":{\"@id\":\"https:\\\/\\\/www.organisator.ch\\\/#\\\/schema\\\/logo\\\/image\\\/\"},\"sameAs\":[\"https:\\\/\\\/www.facebook.com\\\/OrganisatorFachmagazin\",\"https:\\\/\\\/www.linkedin.com\\\/showcase\\\/organisator-das-magazin-fr-kmu\",\"https:\\\/\\\/www.xing.com\\\/news\\\/pages\\\/organisator-ch-695\",\"https:\\\/\\\/www.youtube.com\\\/channel\\\/UCGP2Sq0iWaZwT3BdIAQFYpw\"]},{\"@type\":\"Person\",\"@id\":\"https:\\\/\\\/www.organisator.ch\\\/#\\\/schema\\\/person\\\/6f650f90b2842cd4c0cc334b4e36f67e\",\"name\":\"thomas.berner\",\"image\":{\"@type\":\"ImageObject\",\"inLanguage\":\"fr-FR\",\"@id\":\"https:\\\/\\\/secure.gravatar.com\\\/avatar\\\/ac5001d2a36cb6c6cd3e50789007ffca834b477b74a2144564522e944eabff61?s=96&d=mm&r=g\",\"url\":\"https:\\\/\\\/secure.gravatar.com\\\/avatar\\\/ac5001d2a36cb6c6cd3e50789007ffca834b477b74a2144564522e944eabff61?s=96&d=mm&r=g\",\"contentUrl\":\"https:\\\/\\\/secure.gravatar.com\\\/avatar\\\/ac5001d2a36cb6c6cd3e50789007ffca834b477b74a2144564522e944eabff61?s=96&d=mm&r=g\",\"caption\":\"thomas.berner\"},\"url\":\"https:\\\/\\\/www.organisator.ch\\\/fr\\\/author\\\/thomas-berner\\\/\"}]}<\/script>\n<!-- \/ Yoast SEO plugin. -->","yoast_head_json":{"title":"Comment transformer son bureau en espace de coworking - Organisateur","description":"Un listicle de Dell Technologies montre comment la technologie aide les entreprises \u00e0 cr\u00e9er leurs propres espaces de coworking.","robots":{"index":"index","follow":"follow","max-snippet":"max-snippet:-1","max-image-preview":"max-image-preview:large","max-video-preview":"max-video-preview:-1"},"canonical":"https:\/\/www.organisator.ch\/fr\/gestion-2\/it\/2021-11-05\/so-wird-das-buero-zum-coworking-space\/","og_locale":"fr_FR","og_type":"article","og_title":"So wird das B\u00fcro zum Coworking-Space","og_description":"Wie Technologie Unternehmen dabei unterst\u00fctzt, firmeneigene Coworking-Spaces zu gestalten, zeigt ein Listicle von Dell Technologies.","og_url":"https:\/\/www.organisator.ch\/fr\/gestion-2\/it\/2021-11-05\/so-wird-das-buero-zum-coworking-space\/","og_site_name":"Organisator","article_publisher":"https:\/\/www.facebook.com\/OrganisatorFachmagazin","article_published_time":"2021-11-05T08:42:32+00:00","og_image":[{"width":654,"height":370,"url":"https:\/\/www.organisator.ch\/wp-content\/uploads\/2021\/08\/organisator_1962_4.png","type":"image\/png"}],"author":"thomas.berner","twitter_card":"summary_large_image","twitter_title":"So wird das B\u00fcro zum #Coworking-Space","twitter_description":"Wie Technologie Unternehmen dabei unterst\u00fctzt, firmeneigene #Coworking-Spaces zu gestalten, zeigt ein Listicle von #Dell Technologies.","twitter_image":"https:\/\/www.organisator.ch\/wp-content\/uploads\/2021\/08\/organisator_1962_4.png","schema":{"@context":"https:\/\/schema.org","@graph":[{"@type":"Article","@id":"https:\/\/www.organisator.ch\/management\/it\/2021-11-05\/so-wird-das-buero-zum-coworking-space\/#article","isPartOf":{"@id":"https:\/\/www.organisator.ch\/management\/it\/2021-11-05\/so-wird-das-buero-zum-coworking-space\/"},"author":{"name":"thomas.berner","@id":"https:\/\/www.organisator.ch\/#\/schema\/person\/6f650f90b2842cd4c0cc334b4e36f67e"},"headline":"So wird das B\u00fcro zum Coworking-Space","datePublished":"2021-11-05T08:42:32+00:00","mainEntityOfPage":{"@id":"https:\/\/www.organisator.ch\/management\/it\/2021-11-05\/so-wird-das-buero-zum-coworking-space\/"},"wordCount":439,"publisher":{"@id":"https:\/\/www.organisator.ch\/#organization"},"image":{"@id":"https:\/\/www.organisator.ch\/management\/it\/2021-11-05\/so-wird-das-buero-zum-coworking-space\/#primaryimage"},"thumbnailUrl":"https:\/\/www.organisator.ch\/wp-content\/uploads\/2021\/11\/So-wird-das-Buero-zum-Coworking-Space_Organisator.jpg","keywords":["Checklisten","Coworking","Digitalisierung","IT"],"articleSection":["IT"],"inLanguage":"fr-FR"},{"@type":"WebPage","@id":"https:\/\/www.organisator.ch\/management\/it\/2021-11-05\/so-wird-das-buero-zum-coworking-space\/","url":"https:\/\/www.organisator.ch\/management\/it\/2021-11-05\/so-wird-das-buero-zum-coworking-space\/","name":"Comment transformer son bureau en espace de coworking - Organisateur","isPartOf":{"@id":"https:\/\/www.organisator.ch\/#website"},"primaryImageOfPage":{"@id":"https:\/\/www.organisator.ch\/management\/it\/2021-11-05\/so-wird-das-buero-zum-coworking-space\/#primaryimage"},"image":{"@id":"https:\/\/www.organisator.ch\/management\/it\/2021-11-05\/so-wird-das-buero-zum-coworking-space\/#primaryimage"},"thumbnailUrl":"https:\/\/www.organisator.ch\/wp-content\/uploads\/2021\/11\/So-wird-das-Buero-zum-Coworking-Space_Organisator.jpg","datePublished":"2021-11-05T08:42:32+00:00","description":"Un listicle de Dell Technologies montre comment la technologie aide les entreprises \u00e0 cr\u00e9er leurs propres espaces de coworking.","breadcrumb":{"@id":"https:\/\/www.organisator.ch\/management\/it\/2021-11-05\/so-wird-das-buero-zum-coworking-space\/#breadcrumb"},"inLanguage":"fr-FR","potentialAction":[{"@type":"ReadAction","target":["https:\/\/www.organisator.ch\/management\/it\/2021-11-05\/so-wird-das-buero-zum-coworking-space\/"]}]},{"@type":"ImageObject","inLanguage":"fr-FR","@id":"https:\/\/www.organisator.ch\/management\/it\/2021-11-05\/so-wird-das-buero-zum-coworking-space\/#primaryimage","url":"https:\/\/www.organisator.ch\/wp-content\/uploads\/2021\/11\/So-wird-das-Buero-zum-Coworking-Space_Organisator.jpg","contentUrl":"https:\/\/www.organisator.ch\/wp-content\/uploads\/2021\/11\/So-wird-das-Buero-zum-Coworking-Space_Organisator.jpg","width":680,"height":393,"caption":"Neugestaltung von B\u00fcror\u00e4umlichkeiten: Coworking Spaces sollten auch technologisch h\u00f6chste Flexibilit\u00e4t bieten. (Bild: zVg \/ Dell Technologies)"},{"@type":"BreadcrumbList","@id":"https:\/\/www.organisator.ch\/management\/it\/2021-11-05\/so-wird-das-buero-zum-coworking-space\/#breadcrumb","itemListElement":[{"@type":"ListItem","position":1,"name":"Home","item":"https:\/\/www.organisator.ch\/"},{"@type":"ListItem","position":2,"name":"So wird das B\u00fcro zum Coworking-Space"}]},{"@type":"WebSite","@id":"https:\/\/www.organisator.ch\/#website","url":"https:\/\/www.organisator.ch\/","name":"Organisateur","description":"Comp\u00e9tence et comp\u00e9tence. Proches de la pratique. L'ORGANISATEUR pr\u00e9pare 10 num\u00e9ros par an sur les th\u00e8mes essentiels pour les dirigeants de PME.","publisher":{"@id":"https:\/\/www.organisator.ch\/#organization"},"potentialAction":[{"@type":"SearchAction","target":{"@type":"EntryPoint","urlTemplate":"https:\/\/www.organisator.ch\/?s={search_term_string}"},"query-input":{"@type":"PropertyValueSpecification","valueRequired":true,"valueName":"search_term_string"}}],"inLanguage":"fr-FR"},{"@type":"Organization","@id":"https:\/\/www.organisator.ch\/#organization","name":"Organisateur","url":"https:\/\/www.organisator.ch\/","logo":{"@type":"ImageObject","inLanguage":"fr-FR","@id":"https:\/\/www.organisator.ch\/#\/schema\/logo\/image\/","url":"https:\/\/www.organisator.ch\/wp-content\/uploads\/2022\/01\/Logo_Organisator_Website.png","contentUrl":"https:\/\/www.organisator.ch\/wp-content\/uploads\/2022\/01\/Logo_Organisator_Website.png","width":800,"height":77,"caption":"Organisator"},"image":{"@id":"https:\/\/www.organisator.ch\/#\/schema\/logo\/image\/"},"sameAs":["https:\/\/www.facebook.com\/OrganisatorFachmagazin","https:\/\/www.linkedin.com\/showcase\/organisator-das-magazin-fr-kmu","https:\/\/www.xing.com\/news\/pages\/organisator-ch-695","https:\/\/www.youtube.com\/channel\/UCGP2Sq0iWaZwT3BdIAQFYpw"]},{"@type":"Person","@id":"https:\/\/www.organisator.ch\/#\/schema\/person\/6f650f90b2842cd4c0cc334b4e36f67e","name":"thomas.berner","image":{"@type":"ImageObject","inLanguage":"fr-FR","@id":"https:\/\/secure.gravatar.com\/avatar\/ac5001d2a36cb6c6cd3e50789007ffca834b477b74a2144564522e944eabff61?s=96&d=mm&r=g","url":"https:\/\/secure.gravatar.com\/avatar\/ac5001d2a36cb6c6cd3e50789007ffca834b477b74a2144564522e944eabff61?s=96&d=mm&r=g","contentUrl":"https:\/\/secure.gravatar.com\/avatar\/ac5001d2a36cb6c6cd3e50789007ffca834b477b74a2144564522e944eabff61?s=96&d=mm&r=g","caption":"thomas.berner"},"url":"https:\/\/www.organisator.ch\/fr\/author\/thomas-berner\/"}]}},"_links":{"self":[{"href":"https:\/\/www.organisator.ch\/fr\/wp-json\/wp\/v2\/posts\/11754","targetHints":{"allow":["GET"]}}],"collection":[{"href":"https:\/\/www.organisator.ch\/fr\/wp-json\/wp\/v2\/posts"}],"about":[{"href":"https:\/\/www.organisator.ch\/fr\/wp-json\/wp\/v2\/types\/post"}],"author":[{"embeddable":true,"href":"https:\/\/www.organisator.ch\/fr\/wp-json\/wp\/v2\/users\/4"}],"replies":[{"embeddable":true,"href":"https:\/\/www.organisator.ch\/fr\/wp-json\/wp\/v2\/comments?post=11754"}],"version-history":[{"count":0,"href":"https:\/\/www.organisator.ch\/fr\/wp-json\/wp\/v2\/posts\/11754\/revisions"}],"wp:featuredmedia":[{"embeddable":true,"href":"https:\/\/www.organisator.ch\/fr\/wp-json\/wp\/v2\/media\/11532"}],"wp:attachment":[{"href":"https:\/\/www.organisator.ch\/fr\/wp-json\/wp\/v2\/media?parent=11754"}],"wp:term":[{"taxonomy":"category","embeddable":true,"href":"https:\/\/www.organisator.ch\/fr\/wp-json\/wp\/v2\/categories?post=11754"},{"taxonomy":"post_tag","embeddable":true,"href":"https:\/\/www.organisator.ch\/fr\/wp-json\/wp\/v2\/tags?post=11754"}],"curies":[{"name":"wp","href":"https:\/\/api.w.org\/{rel}","templated":true}]}}