{"id":11757,"date":"2021-11-08T15:55:48","date_gmt":"2021-11-08T14:55:48","guid":{"rendered":"https:\/\/www.organisator.ch\/?p=8810"},"modified":"2021-11-08T15:55:48","modified_gmt":"2021-11-08T14:55:48","slug":"le-secteur-de-levenementiel-est-toujours-en-crise","status":"publish","type":"post","link":"https:\/\/www.organisator.ch\/fr\/allgemein\/2021-11-08\/die-veranstaltungsbranche-steckt-immer-noch-in-der-krise\/","title":{"rendered":"Le secteur de l'\u00e9v\u00e9nementiel est toujours en crise"},"content":{"rendered":"<figure id=\"attachment_8811\" aria-describedby=\"caption-attachment-8811\" style=\"width: 680px\" class=\"wp-caption alignnone\"><a href=\"https:\/\/www.organisator.ch\/wp-content\/uploads\/2021\/11\/Die-Veranstaltungsbranche-steckt-immer-noch-in-der-Krise_Organisator.jpg\"><img loading=\"lazy\" decoding=\"async\" class=\"size-medium wp-image-8811\" src=\"https:\/\/www.organisator.ch\/wp-content\/uploads\/2021\/11\/Die-Veranstaltungsbranche-steckt-immer-noch-in-der-Krise_Organisator.jpg\" alt=\"\" width=\"680\" height=\"425\" \/><\/a><figcaption id=\"caption-attachment-8811\" class=\"wp-caption-text\">En 2021, les concerts et les f\u00eates sont rest\u00e9s rares. En cons\u00e9quence, le secteur de l'\u00e9v\u00e9nementiel dresse \u00e0 nouveau un bilan sombre. (Image : Pixabay.com)<\/figcaption><\/figure>\n<p>Le secteur de l'\u00e9v\u00e9nementiel esp\u00e9rait que les carnets de commande seraient pleins \u00e0 partir de l'automne 2021, afin de compenser, du moins en partie, les pertes de chiffre d'affaires. La r\u00e9alit\u00e9 montre que les manifestations ne peuvent souvent pas \u00eatre rentables en raison du surcro\u00eet de travail consid\u00e9rable li\u00e9 \u00e0 la mise en \u0153uvre des mesures de protection n\u00e9cessaires et du nombre restreint de visiteurs, voire qu'elles doivent \u00eatre annul\u00e9es \u00e0 l'avance pour \u00e9viter tout dommage. L'obligation de certification et le fait que les tests de certification Covid seront payants \u00e0 partir du 1er octobre 2021 ont \u00e9galement un effet restrictif sur le volume de visiteurs.<\/p>\n<h2>Le secteur de l'\u00e9v\u00e9nementiel conna\u00eet une nouvelle ann\u00e9e sombre<\/h2>\n<p>Les chiffres de la 2e enqu\u00eate sectorielle de la branche de l'\u00e9v\u00e9nementiel et des foires et salons 2021 montrent une image claire : apr\u00e8s une ann\u00e9e 2020 noire comme du charbon, la branche a bient\u00f4t derri\u00e8re elle une autre ann\u00e9e 2021 sombre. Avec un chiffre d'affaires de 2,37 mia. CHF en 2020, la branche n'affiche fin 2021 qu'un chiffre d'affaires d'environ 2,52 mrd. CHF. La comparaison avec le chiffre d'affaires r\u00e9alis\u00e9 en 2019, l'ann\u00e9e pr\u00e9c\u00e9dant la pand\u00e9mie (CHF 5,56 milliards), montre clairement que la crise n'est pas encore termin\u00e9e dans le secteur de l'\u00e9v\u00e9nementiel et des salons et que la reprise sera nettement plus longue que pr\u00e9vu. M\u00eame pour l'ann\u00e9e 2022, les pr\u00e9visions tablent sur une augmentation de 50% du volume du chiffre d'affaires par rapport \u00e0 2019.<\/p>\n<h2>L'aide financi\u00e8re reste n\u00e9cessaire<\/h2>\n<p>Les chiffres montrent que la poursuite des mesures est essentielle pour la branche. L'enqu\u00eate montre \u00e9galement que seules des aides financi\u00e8res telles que les indemnit\u00e9s de ch\u00f4mage partiel ont permis d'\u00e9viter des suppressions d'emplois encore plus massives. L'Alliance des associations de diffuseurs demande donc la poursuite de toutes les mesures de soutien et d'indemnisation macro\u00e9conomiques et sectorielles jusqu'\u00e0 fin 2022, car les conditions-cadres ne permettent toujours pas une exploitation normale. Dans le cas contraire, les restrictions concernant sp\u00e9cifiquement notre secteur ne seraient plus justifi\u00e9es, selon Christoph Kamber, pr\u00e9sident d'EXPO EVENT Swiss LiveCom Association. Une fois toutes les mesures lev\u00e9es, il faudra encore attendre six \u00e0 douze mois avant que la branche ne retrouve une activit\u00e9 normale.<\/p>\n<p>De m\u00eame, l'Alliance des associations d'organisateurs de manifestations se prononce en faveur du OUI aux modifications de la loi Covid 19 : Elle cr\u00e9e la base l\u00e9gale temporaire pour les prestations de soutien \u00e9conomique urgentes et n\u00e9cessaires, notamment pour le bouclier de protection, et constitue la base du certificat Covid, qui rend possible l'organisation de manifestations de grande envergure et cr\u00e9e la confiance chez les visiteurs, dont la branche a un besoin urgent en p\u00e9riode de grande incertitude.<\/p>\n<p><em>Source : <a href=\"https:\/\/expo-event.ch\/de\">www.expo-event.ch<\/a><\/em><\/p>","protected":false},"excerpt":{"rendered":"<p>Die Veranstaltungsbranche erhoffte sich ab Herbst 2021 volle Auftragsb\u00fccher, um die Umsatzeinbussen zumindest teilweise wieder wettzumachen. Die Realit\u00e4t zeigt, dass Veranstaltungen aufgrund des erheblichen Mehraufwandes hinsichtlich Umsetzung notwendiger Schutzmassnahmen sowie den verhaltenen Besucherzahlen oft kaum rentabel umgesetzt werden k\u00f6nnen oder \u2013 um Schaden abzuwenden \u2013 gar im Voraus wieder abgesagt werden m\u00fcssen. Auch wirken sich [&hellip;]<\/p>\n","protected":false},"author":4,"featured_media":11535,"comment_status":"closed","ping_status":"closed","sticky":false,"template":"","format":"standard","meta":{"_acf_changed":false,"_yoast_wpseo_focuskw":"Veranstaltungsbranche","_yoast_wpseo_metadesc":"Die Einstellung von notwendigen Wirtschaftshilfen f\u00fcr die Veranstaltungsbranche sei schlicht nicht akzeptabel, sagt der Dachverband EXPO EVENT.","articlekey":"","footnotes":""},"categories":[1],"tags":[90,188,492,531],"class_list":["post-11757","post","type-post","status-publish","format-standard","has-post-thumbnail","hentry","category-allgemein","tag-branchen","tag-events","tag-unternehmen","tag-wirtschaftspolitik"],"acf":[],"yoast_head":"<!-- This site is optimized with the Yoast SEO plugin v27.4 - https:\/\/yoast.com\/product\/yoast-seo-wordpress\/ -->\n<title>Die Veranstaltungsbranche steckt immer noch in der Krise - Organisator<\/title>\n<meta name=\"description\" content=\"Die Einstellung von notwendigen Wirtschaftshilfen f\u00fcr die Veranstaltungsbranche sei schlicht nicht akzeptabel, sagt der Dachverband EXPO EVENT.\" \/>\n<meta name=\"robots\" content=\"index, follow, max-snippet:-1, max-image-preview:large, max-video-preview:-1\" \/>\n<link rel=\"canonical\" href=\"https:\/\/www.organisator.ch\/fr\/general\/2021-11-08\/le-secteur-de-levenementiel-est-toujours-en-crise\/\" \/>\n<meta property=\"og:locale\" content=\"fr_FR\" \/>\n<meta property=\"og:type\" content=\"article\" \/>\n<meta property=\"og:title\" content=\"Die Veranstaltungsbranche steckt immer noch in der Krise\" \/>\n<meta property=\"og:description\" content=\"Die Einstellung von notwendigen Wirtschaftshilfen f\u00fcr die Veranstaltungsbranche sei schlicht nicht akzeptabel, sagt der Dachverband EXPO EVENT.\" \/>\n<meta property=\"og:url\" content=\"https:\/\/www.organisator.ch\/fr\/general\/2021-11-08\/le-secteur-de-levenementiel-est-toujours-en-crise\/\" \/>\n<meta property=\"og:site_name\" content=\"Organisator\" \/>\n<meta property=\"article:publisher\" content=\"https:\/\/www.facebook.com\/OrganisatorFachmagazin\" \/>\n<meta property=\"article:published_time\" content=\"2021-11-08T14:55:48+00:00\" \/>\n<meta name=\"author\" content=\"thomas.berner\" \/>\n<meta name=\"twitter:card\" content=\"summary_large_image\" \/>\n<meta name=\"twitter:title\" content=\"Die #Veranstaltungsbranche steckt immer noch in der Krise\" \/>\n<meta name=\"twitter:description\" content=\"Die Einstellung von notwendigen #Wirtschaftshilfen f\u00fcr die #Veranstaltungsbranche sei schlicht nicht akzeptabel, sagt der #Dachverband EXPO EVENT.\" \/>\n<script type=\"application\/ld+json\" class=\"yoast-schema-graph\">{\"@context\":\"https:\\\/\\\/schema.org\",\"@graph\":[{\"@type\":\"Article\",\"@id\":\"https:\\\/\\\/www.organisator.ch\\\/it\\\/generale\\\/2021-11-08\\\/die-veranstaltungsbranche-steckt-immer-noch-in-der-krise\\\/#article\",\"isPartOf\":{\"@id\":\"https:\\\/\\\/www.organisator.ch\\\/it\\\/generale\\\/2021-11-08\\\/die-veranstaltungsbranche-steckt-immer-noch-in-der-krise\\\/\"},\"author\":{\"name\":\"thomas.berner\",\"@id\":\"https:\\\/\\\/www.organisator.ch\\\/#\\\/schema\\\/person\\\/6f650f90b2842cd4c0cc334b4e36f67e\"},\"headline\":\"Die Veranstaltungsbranche steckt immer noch in der Krise\",\"datePublished\":\"2021-11-08T14:55:48+00:00\",\"mainEntityOfPage\":{\"@id\":\"https:\\\/\\\/www.organisator.ch\\\/it\\\/generale\\\/2021-11-08\\\/die-veranstaltungsbranche-steckt-immer-noch-in-der-krise\\\/\"},\"wordCount\":397,\"publisher\":{\"@id\":\"https:\\\/\\\/www.organisator.ch\\\/#organization\"},\"image\":{\"@id\":\"https:\\\/\\\/www.organisator.ch\\\/it\\\/generale\\\/2021-11-08\\\/die-veranstaltungsbranche-steckt-immer-noch-in-der-krise\\\/#primaryimage\"},\"thumbnailUrl\":\"https:\\\/\\\/www.organisator.ch\\\/wp-content\\\/uploads\\\/2021\\\/11\\\/Die-Veranstaltungsbranche-steckt-immer-noch-in-der-Krise_Organisator.jpg\",\"keywords\":[\"Branchen\",\"Events\",\"Unternehmen\",\"Wirtschaftspolitik\"],\"articleSection\":[\"Allgemein\"],\"inLanguage\":\"fr-FR\"},{\"@type\":\"WebPage\",\"@id\":\"https:\\\/\\\/www.organisator.ch\\\/it\\\/generale\\\/2021-11-08\\\/die-veranstaltungsbranche-steckt-immer-noch-in-der-krise\\\/\",\"url\":\"https:\\\/\\\/www.organisator.ch\\\/it\\\/generale\\\/2021-11-08\\\/die-veranstaltungsbranche-steckt-immer-noch-in-der-krise\\\/\",\"name\":\"Die Veranstaltungsbranche steckt immer noch in der Krise - Organisator\",\"isPartOf\":{\"@id\":\"https:\\\/\\\/www.organisator.ch\\\/#website\"},\"primaryImageOfPage\":{\"@id\":\"https:\\\/\\\/www.organisator.ch\\\/it\\\/generale\\\/2021-11-08\\\/die-veranstaltungsbranche-steckt-immer-noch-in-der-krise\\\/#primaryimage\"},\"image\":{\"@id\":\"https:\\\/\\\/www.organisator.ch\\\/it\\\/generale\\\/2021-11-08\\\/die-veranstaltungsbranche-steckt-immer-noch-in-der-krise\\\/#primaryimage\"},\"thumbnailUrl\":\"https:\\\/\\\/www.organisator.ch\\\/wp-content\\\/uploads\\\/2021\\\/11\\\/Die-Veranstaltungsbranche-steckt-immer-noch-in-der-Krise_Organisator.jpg\",\"datePublished\":\"2021-11-08T14:55:48+00:00\",\"description\":\"Die Einstellung von notwendigen Wirtschaftshilfen f\u00fcr die Veranstaltungsbranche sei schlicht nicht akzeptabel, sagt der Dachverband EXPO EVENT.\",\"breadcrumb\":{\"@id\":\"https:\\\/\\\/www.organisator.ch\\\/it\\\/generale\\\/2021-11-08\\\/die-veranstaltungsbranche-steckt-immer-noch-in-der-krise\\\/#breadcrumb\"},\"inLanguage\":\"fr-FR\",\"potentialAction\":[{\"@type\":\"ReadAction\",\"target\":[\"https:\\\/\\\/www.organisator.ch\\\/it\\\/generale\\\/2021-11-08\\\/die-veranstaltungsbranche-steckt-immer-noch-in-der-krise\\\/\"]}]},{\"@type\":\"ImageObject\",\"inLanguage\":\"fr-FR\",\"@id\":\"https:\\\/\\\/www.organisator.ch\\\/it\\\/generale\\\/2021-11-08\\\/die-veranstaltungsbranche-steckt-immer-noch-in-der-krise\\\/#primaryimage\",\"url\":\"https:\\\/\\\/www.organisator.ch\\\/wp-content\\\/uploads\\\/2021\\\/11\\\/Die-Veranstaltungsbranche-steckt-immer-noch-in-der-Krise_Organisator.jpg\",\"contentUrl\":\"https:\\\/\\\/www.organisator.ch\\\/wp-content\\\/uploads\\\/2021\\\/11\\\/Die-Veranstaltungsbranche-steckt-immer-noch-in-der-Krise_Organisator.jpg\",\"width\":680,\"height\":425,\"caption\":\"Konzerte und Partys waren auch 2021 Mangelware. Entsprechend zieht die Veranstaltungsbranche erneut eine d\u00fcstere Bilanz. (Bild: Pixabay.com)\"},{\"@type\":\"BreadcrumbList\",\"@id\":\"https:\\\/\\\/www.organisator.ch\\\/it\\\/generale\\\/2021-11-08\\\/die-veranstaltungsbranche-steckt-immer-noch-in-der-krise\\\/#breadcrumb\",\"itemListElement\":[{\"@type\":\"ListItem\",\"position\":1,\"name\":\"Home\",\"item\":\"https:\\\/\\\/www.organisator.ch\\\/\"},{\"@type\":\"ListItem\",\"position\":2,\"name\":\"Die Veranstaltungsbranche steckt immer noch in der Krise\"}]},{\"@type\":\"WebSite\",\"@id\":\"https:\\\/\\\/www.organisator.ch\\\/#website\",\"url\":\"https:\\\/\\\/www.organisator.ch\\\/\",\"name\":\"Organisator\",\"description\":\"Kompetent. Praxisnah. Der ORGANISATOR bereitet in 10 Ausgaben pro Jahr die wesentlichen Themen f\u00fcr F\u00fchrungskr\u00e4fte von KMU auf.\",\"publisher\":{\"@id\":\"https:\\\/\\\/www.organisator.ch\\\/#organization\"},\"potentialAction\":[{\"@type\":\"SearchAction\",\"target\":{\"@type\":\"EntryPoint\",\"urlTemplate\":\"https:\\\/\\\/www.organisator.ch\\\/?s={search_term_string}\"},\"query-input\":{\"@type\":\"PropertyValueSpecification\",\"valueRequired\":true,\"valueName\":\"search_term_string\"}}],\"inLanguage\":\"fr-FR\"},{\"@type\":\"Organization\",\"@id\":\"https:\\\/\\\/www.organisator.ch\\\/#organization\",\"name\":\"Organisator\",\"url\":\"https:\\\/\\\/www.organisator.ch\\\/\",\"logo\":{\"@type\":\"ImageObject\",\"inLanguage\":\"fr-FR\",\"@id\":\"https:\\\/\\\/www.organisator.ch\\\/#\\\/schema\\\/logo\\\/image\\\/\",\"url\":\"https:\\\/\\\/www.organisator.ch\\\/wp-content\\\/uploads\\\/2022\\\/01\\\/Logo_Organisator_Website.png\",\"contentUrl\":\"https:\\\/\\\/www.organisator.ch\\\/wp-content\\\/uploads\\\/2022\\\/01\\\/Logo_Organisator_Website.png\",\"width\":800,\"height\":77,\"caption\":\"Organisator\"},\"image\":{\"@id\":\"https:\\\/\\\/www.organisator.ch\\\/#\\\/schema\\\/logo\\\/image\\\/\"},\"sameAs\":[\"https:\\\/\\\/www.facebook.com\\\/OrganisatorFachmagazin\",\"https:\\\/\\\/www.linkedin.com\\\/showcase\\\/organisator-das-magazin-fr-kmu\",\"https:\\\/\\\/www.xing.com\\\/news\\\/pages\\\/organisator-ch-695\",\"https:\\\/\\\/www.youtube.com\\\/channel\\\/UCGP2Sq0iWaZwT3BdIAQFYpw\"]},{\"@type\":\"Person\",\"@id\":\"https:\\\/\\\/www.organisator.ch\\\/#\\\/schema\\\/person\\\/6f650f90b2842cd4c0cc334b4e36f67e\",\"name\":\"thomas.berner\",\"image\":{\"@type\":\"ImageObject\",\"inLanguage\":\"fr-FR\",\"@id\":\"https:\\\/\\\/secure.gravatar.com\\\/avatar\\\/ac5001d2a36cb6c6cd3e50789007ffca834b477b74a2144564522e944eabff61?s=96&d=mm&r=g\",\"url\":\"https:\\\/\\\/secure.gravatar.com\\\/avatar\\\/ac5001d2a36cb6c6cd3e50789007ffca834b477b74a2144564522e944eabff61?s=96&d=mm&r=g\",\"contentUrl\":\"https:\\\/\\\/secure.gravatar.com\\\/avatar\\\/ac5001d2a36cb6c6cd3e50789007ffca834b477b74a2144564522e944eabff61?s=96&d=mm&r=g\",\"caption\":\"thomas.berner\"},\"url\":\"https:\\\/\\\/www.organisator.ch\\\/fr\\\/author\\\/thomas-berner\\\/\"}]}<\/script>\n<!-- \/ Yoast SEO plugin. -->","yoast_head_json":{"title":"Le secteur de l'\u00e9v\u00e9nementiel est toujours en crise - Organisateur","description":"L'arr\u00eat des aides \u00e9conomiques n\u00e9cessaires au secteur de l'\u00e9v\u00e9nementiel est tout simplement inacceptable, d\u00e9clare l'association fa\u00eeti\u00e8re EXPO EVENT.","robots":{"index":"index","follow":"follow","max-snippet":"max-snippet:-1","max-image-preview":"max-image-preview:large","max-video-preview":"max-video-preview:-1"},"canonical":"https:\/\/www.organisator.ch\/fr\/general\/2021-11-08\/le-secteur-de-levenementiel-est-toujours-en-crise\/","og_locale":"fr_FR","og_type":"article","og_title":"Die Veranstaltungsbranche steckt immer noch in der Krise","og_description":"Die Einstellung von notwendigen Wirtschaftshilfen f\u00fcr die Veranstaltungsbranche sei schlicht nicht akzeptabel, sagt der Dachverband EXPO EVENT.","og_url":"https:\/\/www.organisator.ch\/fr\/general\/2021-11-08\/le-secteur-de-levenementiel-est-toujours-en-crise\/","og_site_name":"Organisator","article_publisher":"https:\/\/www.facebook.com\/OrganisatorFachmagazin","article_published_time":"2021-11-08T14:55:48+00:00","author":"thomas.berner","twitter_card":"summary_large_image","twitter_title":"Die #Veranstaltungsbranche steckt immer noch in der Krise","twitter_description":"Die Einstellung von notwendigen #Wirtschaftshilfen f\u00fcr die #Veranstaltungsbranche sei schlicht nicht akzeptabel, sagt der #Dachverband EXPO EVENT.","schema":{"@context":"https:\/\/schema.org","@graph":[{"@type":"Article","@id":"https:\/\/www.organisator.ch\/it\/generale\/2021-11-08\/die-veranstaltungsbranche-steckt-immer-noch-in-der-krise\/#article","isPartOf":{"@id":"https:\/\/www.organisator.ch\/it\/generale\/2021-11-08\/die-veranstaltungsbranche-steckt-immer-noch-in-der-krise\/"},"author":{"name":"thomas.berner","@id":"https:\/\/www.organisator.ch\/#\/schema\/person\/6f650f90b2842cd4c0cc334b4e36f67e"},"headline":"Die Veranstaltungsbranche steckt immer noch in der Krise","datePublished":"2021-11-08T14:55:48+00:00","mainEntityOfPage":{"@id":"https:\/\/www.organisator.ch\/it\/generale\/2021-11-08\/die-veranstaltungsbranche-steckt-immer-noch-in-der-krise\/"},"wordCount":397,"publisher":{"@id":"https:\/\/www.organisator.ch\/#organization"},"image":{"@id":"https:\/\/www.organisator.ch\/it\/generale\/2021-11-08\/die-veranstaltungsbranche-steckt-immer-noch-in-der-krise\/#primaryimage"},"thumbnailUrl":"https:\/\/www.organisator.ch\/wp-content\/uploads\/2021\/11\/Die-Veranstaltungsbranche-steckt-immer-noch-in-der-Krise_Organisator.jpg","keywords":["Branchen","Events","Unternehmen","Wirtschaftspolitik"],"articleSection":["Allgemein"],"inLanguage":"fr-FR"},{"@type":"WebPage","@id":"https:\/\/www.organisator.ch\/it\/generale\/2021-11-08\/die-veranstaltungsbranche-steckt-immer-noch-in-der-krise\/","url":"https:\/\/www.organisator.ch\/it\/generale\/2021-11-08\/die-veranstaltungsbranche-steckt-immer-noch-in-der-krise\/","name":"Le secteur de l'\u00e9v\u00e9nementiel est toujours en crise - Organisateur","isPartOf":{"@id":"https:\/\/www.organisator.ch\/#website"},"primaryImageOfPage":{"@id":"https:\/\/www.organisator.ch\/it\/generale\/2021-11-08\/die-veranstaltungsbranche-steckt-immer-noch-in-der-krise\/#primaryimage"},"image":{"@id":"https:\/\/www.organisator.ch\/it\/generale\/2021-11-08\/die-veranstaltungsbranche-steckt-immer-noch-in-der-krise\/#primaryimage"},"thumbnailUrl":"https:\/\/www.organisator.ch\/wp-content\/uploads\/2021\/11\/Die-Veranstaltungsbranche-steckt-immer-noch-in-der-Krise_Organisator.jpg","datePublished":"2021-11-08T14:55:48+00:00","description":"L'arr\u00eat des aides \u00e9conomiques n\u00e9cessaires au secteur de l'\u00e9v\u00e9nementiel est tout simplement inacceptable, d\u00e9clare l'association fa\u00eeti\u00e8re EXPO EVENT.","breadcrumb":{"@id":"https:\/\/www.organisator.ch\/it\/generale\/2021-11-08\/die-veranstaltungsbranche-steckt-immer-noch-in-der-krise\/#breadcrumb"},"inLanguage":"fr-FR","potentialAction":[{"@type":"ReadAction","target":["https:\/\/www.organisator.ch\/it\/generale\/2021-11-08\/die-veranstaltungsbranche-steckt-immer-noch-in-der-krise\/"]}]},{"@type":"ImageObject","inLanguage":"fr-FR","@id":"https:\/\/www.organisator.ch\/it\/generale\/2021-11-08\/die-veranstaltungsbranche-steckt-immer-noch-in-der-krise\/#primaryimage","url":"https:\/\/www.organisator.ch\/wp-content\/uploads\/2021\/11\/Die-Veranstaltungsbranche-steckt-immer-noch-in-der-Krise_Organisator.jpg","contentUrl":"https:\/\/www.organisator.ch\/wp-content\/uploads\/2021\/11\/Die-Veranstaltungsbranche-steckt-immer-noch-in-der-Krise_Organisator.jpg","width":680,"height":425,"caption":"Konzerte und Partys waren auch 2021 Mangelware. Entsprechend zieht die Veranstaltungsbranche erneut eine d\u00fcstere Bilanz. (Bild: Pixabay.com)"},{"@type":"BreadcrumbList","@id":"https:\/\/www.organisator.ch\/it\/generale\/2021-11-08\/die-veranstaltungsbranche-steckt-immer-noch-in-der-krise\/#breadcrumb","itemListElement":[{"@type":"ListItem","position":1,"name":"Home","item":"https:\/\/www.organisator.ch\/"},{"@type":"ListItem","position":2,"name":"Die Veranstaltungsbranche steckt immer noch in der Krise"}]},{"@type":"WebSite","@id":"https:\/\/www.organisator.ch\/#website","url":"https:\/\/www.organisator.ch\/","name":"Organisateur","description":"Comp\u00e9tence et comp\u00e9tence. Proches de la pratique. L'ORGANISATEUR pr\u00e9pare 10 num\u00e9ros par an sur les th\u00e8mes essentiels pour les dirigeants de PME.","publisher":{"@id":"https:\/\/www.organisator.ch\/#organization"},"potentialAction":[{"@type":"SearchAction","target":{"@type":"EntryPoint","urlTemplate":"https:\/\/www.organisator.ch\/?s={search_term_string}"},"query-input":{"@type":"PropertyValueSpecification","valueRequired":true,"valueName":"search_term_string"}}],"inLanguage":"fr-FR"},{"@type":"Organization","@id":"https:\/\/www.organisator.ch\/#organization","name":"Organisateur","url":"https:\/\/www.organisator.ch\/","logo":{"@type":"ImageObject","inLanguage":"fr-FR","@id":"https:\/\/www.organisator.ch\/#\/schema\/logo\/image\/","url":"https:\/\/www.organisator.ch\/wp-content\/uploads\/2022\/01\/Logo_Organisator_Website.png","contentUrl":"https:\/\/www.organisator.ch\/wp-content\/uploads\/2022\/01\/Logo_Organisator_Website.png","width":800,"height":77,"caption":"Organisator"},"image":{"@id":"https:\/\/www.organisator.ch\/#\/schema\/logo\/image\/"},"sameAs":["https:\/\/www.facebook.com\/OrganisatorFachmagazin","https:\/\/www.linkedin.com\/showcase\/organisator-das-magazin-fr-kmu","https:\/\/www.xing.com\/news\/pages\/organisator-ch-695","https:\/\/www.youtube.com\/channel\/UCGP2Sq0iWaZwT3BdIAQFYpw"]},{"@type":"Person","@id":"https:\/\/www.organisator.ch\/#\/schema\/person\/6f650f90b2842cd4c0cc334b4e36f67e","name":"thomas.berner","image":{"@type":"ImageObject","inLanguage":"fr-FR","@id":"https:\/\/secure.gravatar.com\/avatar\/ac5001d2a36cb6c6cd3e50789007ffca834b477b74a2144564522e944eabff61?s=96&d=mm&r=g","url":"https:\/\/secure.gravatar.com\/avatar\/ac5001d2a36cb6c6cd3e50789007ffca834b477b74a2144564522e944eabff61?s=96&d=mm&r=g","contentUrl":"https:\/\/secure.gravatar.com\/avatar\/ac5001d2a36cb6c6cd3e50789007ffca834b477b74a2144564522e944eabff61?s=96&d=mm&r=g","caption":"thomas.berner"},"url":"https:\/\/www.organisator.ch\/fr\/author\/thomas-berner\/"}]}},"_links":{"self":[{"href":"https:\/\/www.organisator.ch\/fr\/wp-json\/wp\/v2\/posts\/11757","targetHints":{"allow":["GET"]}}],"collection":[{"href":"https:\/\/www.organisator.ch\/fr\/wp-json\/wp\/v2\/posts"}],"about":[{"href":"https:\/\/www.organisator.ch\/fr\/wp-json\/wp\/v2\/types\/post"}],"author":[{"embeddable":true,"href":"https:\/\/www.organisator.ch\/fr\/wp-json\/wp\/v2\/users\/4"}],"replies":[{"embeddable":true,"href":"https:\/\/www.organisator.ch\/fr\/wp-json\/wp\/v2\/comments?post=11757"}],"version-history":[{"count":0,"href":"https:\/\/www.organisator.ch\/fr\/wp-json\/wp\/v2\/posts\/11757\/revisions"}],"wp:featuredmedia":[{"embeddable":true,"href":"https:\/\/www.organisator.ch\/fr\/wp-json\/wp\/v2\/media\/11535"}],"wp:attachment":[{"href":"https:\/\/www.organisator.ch\/fr\/wp-json\/wp\/v2\/media?parent=11757"}],"wp:term":[{"taxonomy":"category","embeddable":true,"href":"https:\/\/www.organisator.ch\/fr\/wp-json\/wp\/v2\/categories?post=11757"},{"taxonomy":"post_tag","embeddable":true,"href":"https:\/\/www.organisator.ch\/fr\/wp-json\/wp\/v2\/tags?post=11757"}],"curies":[{"name":"wp","href":"https:\/\/api.w.org\/{rel}","templated":true}]}}