{"id":11761,"date":"2021-11-10T16:32:50","date_gmt":"2021-11-10T15:32:50","guid":{"rendered":"https:\/\/www.organisator.ch\/?p=8832"},"modified":"2021-11-10T16:32:50","modified_gmt":"2021-11-10T15:32:50","slug":"abacus-deep-une-nouvelle-generation-de-logiciel-business","status":"publish","type":"post","link":"https:\/\/www.organisator.ch\/fr\/management\/it\/2021-11-10\/abacus-deep-eine-neue-generation-von-business-software\/","title":{"rendered":"Abacus DEEP : une nouvelle g\u00e9n\u00e9ration de logiciels d'entreprise"},"content":{"rendered":"<figure id=\"attachment_8833\" aria-describedby=\"caption-attachment-8833\" style=\"width: 680px\" class=\"wp-caption alignnone\"><a href=\"https:\/\/www.organisator.ch\/wp-content\/uploads\/2021\/11\/Abacus-DEEP-Eine-neue-Generation-von-Business-Software_Organisator.jpg\"><img loading=\"lazy\" decoding=\"async\" class=\"size-medium wp-image-8833\" src=\"https:\/\/www.organisator.ch\/wp-content\/uploads\/2021\/11\/Abacus-DEEP-Eine-neue-Generation-von-Business-Software_Organisator.jpg\" alt=\"\" width=\"680\" height=\"453\" \/><\/a><figcaption id=\"caption-attachment-8833\" class=\"wp-caption-text\">Claudio Hintermann, CEO d'Abacus, pr\u00e9sente Abacus DEEP, une nouvelle \u00e9tape importante de la forge de logiciels suisse. (Image : zVg \/ Abacus)<\/figcaption><\/figure>\n<p>Claudio Hintermann, CEO d'Abacus Research SA, a pr\u00e9sent\u00e9 la cinqui\u00e8me g\u00e9n\u00e9ration du logiciel de gestion Abacus lors de la 27e Abacus Partner Conference du 9 novembre 2021 : \"Abacus DEEP\". La conf\u00e9rence \u00e9tait plac\u00e9e sous la devise \"Welcome to the future\". L'objectif de la nouvelle g\u00e9n\u00e9ration de logiciels est une plateforme ERP s\u00fbre et num\u00e9rique qui permet une comptabilit\u00e9 autonome en temps r\u00e9el sans papier. Cela signifie que les processus de comptabilisation ne se font plus que sous forme num\u00e9rique et que les informations sont imm\u00e9diatement disponibles pour les clients.<\/p>\n<h2>deepbox comme plaque tournante num\u00e9rique universelle<\/h2>\n<p>Gr\u00e2ce \u00e0 l'int\u00e9gration sans faille des technologies deep les plus diverses, les justificatifs des cr\u00e9anciers et des d\u00e9biteurs ainsi que leurs paiements peuvent d\u00e9sormais \u00eatre trait\u00e9s de mani\u00e8re autonome. Une fonction importante pour l'\u00e9change des donn\u00e9es est assur\u00e9e par deepbox, une sorte de bo\u00eete aux lettres \u00e9lectronique qui \u00e9change les documents, les informations et les paiements entre les clients, les fournisseurs, les fiduciaires, les banques, les assurances, les administrations, mais aussi les appareils ou les biens immobiliers et le logiciel de gestion Abacus ainsi qu'AbaNinja. Gr\u00e2ce \u00e0 \"Abacus DEEP\", qui utilise des technologies de la filiale DeepCloud SA, tous les processus de comptabilisation effectu\u00e9s manuellement jusqu'\u00e0 pr\u00e9sent peuvent \u00eatre \u00e9limin\u00e9s.<\/p>\n<p>Mais deepbox peut aussi \u00eatre reli\u00e9 \u00e0 des entreprises externes. Armin Arnegger, CEO de KMS AG, le principal fournisseur de solutions pour les administrations fiscales en Suisse al\u00e9manique, a ainsi pr\u00e9sent\u00e9 la solution pr\u00e9vue, clever-tax. Celle-ci permet de relier directement les bilans et les comptes de r\u00e9sultats de deepbox aux d\u00e9clarations fiscales des entreprises.<\/p>\n<h2>Comptabilisation directe en temps r\u00e9el<\/h2>\n<p>Un autre \u00e9l\u00e9ment de la nouvelle g\u00e9n\u00e9ration de logiciels de gestion est l'int\u00e9gration compl\u00e8te des processus avec la n\u00e9o-banque YAPEAL. Les frais ou les paiements peuvent \u00eatre comptabilis\u00e9s en temps r\u00e9el et de mani\u00e8re totalement autonome. Gr\u00e2ce \u00e0 ces innovations, Abacus renforce, selon ses propres dires, sa position de leader suisse des logiciels de gestion pour les PME et les administrations publiques.<\/p>\n<p>Les nouveaut\u00e9s fonctionnelles centrales, telles que la planification financi\u00e8re et des investissements ainsi que les d\u00e9veloppements ult\u00e9rieurs dans les domaines d'application AbaFiduciaire, Gestion des services, Maintenance, AbaUnit pour la saisie du temps et des prestations, MyAbacus \"for mobile\", la connexion \u00e0 UKA Connect de HRM Systems pour les d\u00e9clarations de maladie et d'accident, AbaClik avec un processus de validation facilit\u00e9 ainsi qu'AbaClock avec reconnaissance faciale, ont \u00e9galement suscit\u00e9 un grand int\u00e9r\u00eat aupr\u00e8s des plus de 700 participants \u00e0 la conf\u00e9rence. \u00c0 l'avenir, des logiciels tiers pourront \u00eatre connect\u00e9s encore plus facilement \u00e0 Abacus via l'API REST.<\/p>\n<p><em>Source et informations compl\u00e9mentaires : <a href=\"http:\/\/www.abacus.ch\">www.abacus.ch<\/a><\/em><\/p>","protected":false},"excerpt":{"rendered":"<p>Claudio Hintermann, CEO der Abacus Research AG, pr\u00e4sentierte anl\u00e4sslich der 27. Abacus Partner Conference vom 9. November 2021 die f\u00fcnfte Generation der Abacus Business Software: \u00abAbacus DEEP\u00bb. Die Konferenz stand unter dem Motto \u00abWelcome to the future\u00bb. Ziel der neuen Software-Generation ist eine sichere und digitale ERP-Plattform, welche eine autonome Echtzeit-Buchhaltung ohne Papier erm\u00f6glicht. Dies [&hellip;]<\/p>\n","protected":false},"author":4,"featured_media":11540,"comment_status":"closed","ping_status":"closed","sticky":false,"template":"","format":"standard","meta":{"_acf_changed":false,"_yoast_wpseo_focuskw":"Abacus DEEP","_yoast_wpseo_metadesc":"Abacus Research pr\u00e4sentiert mit \u00abAbacus DEEP\u00bb eine neue Generation von Business Software. Sie erm\u00f6glicht eine vollst\u00e4ndig autonome Buchf\u00fchrung.","articlekey":"","footnotes":""},"categories":[27],"tags":[288,393],"class_list":["post-11761","post","type-post","status-publish","format-standard","has-post-thumbnail","hentry","category-it","tag-it-business-software","tag-produkte"],"acf":[],"yoast_head":"<!-- This site is optimized with the Yoast SEO plugin v27.4 - https:\/\/yoast.com\/product\/yoast-seo-wordpress\/ -->\n<title>Abacus DEEP: Eine neue Generation von Business Software - Organisator<\/title>\n<meta name=\"description\" content=\"Abacus Research pr\u00e4sentiert mit \u00abAbacus DEEP\u00bb eine neue Generation von Business Software. Sie erm\u00f6glicht eine vollst\u00e4ndig autonome Buchf\u00fchrung.\" \/>\n<meta name=\"robots\" content=\"index, follow, max-snippet:-1, max-image-preview:large, max-video-preview:-1\" \/>\n<link rel=\"canonical\" href=\"https:\/\/www.organisator.ch\/fr\/gestion-2\/it\/2021-11-10\/abacus-deep-une-nouvelle-generation-de-logiciel-business\/\" \/>\n<meta property=\"og:locale\" content=\"fr_FR\" \/>\n<meta property=\"og:type\" content=\"article\" \/>\n<meta property=\"og:title\" content=\"Abacus DEEP: Eine neue Generation von Business Software\" \/>\n<meta property=\"og:description\" content=\"Abacus Research pr\u00e4sentiert mit \u00abAbacus DEEP\u00bb eine neue Generation von Business Software. Sie erm\u00f6glicht eine vollst\u00e4ndig autonome Buchf\u00fchrung.\" \/>\n<meta property=\"og:url\" content=\"https:\/\/www.organisator.ch\/fr\/gestion-2\/it\/2021-11-10\/abacus-deep-une-nouvelle-generation-de-logiciel-business\/\" \/>\n<meta property=\"og:site_name\" content=\"Organisator\" \/>\n<meta property=\"article:publisher\" content=\"https:\/\/www.facebook.com\/OrganisatorFachmagazin\" \/>\n<meta property=\"article:published_time\" content=\"2021-11-10T15:32:50+00:00\" \/>\n<meta property=\"og:image\" content=\"https:\/\/www.organisator.ch\/wp-content\/uploads\/2021\/08\/organisator_1960_7.png\" \/>\n\t<meta property=\"og:image:width\" content=\"654\" \/>\n\t<meta property=\"og:image:height\" content=\"370\" \/>\n\t<meta property=\"og:image:type\" content=\"image\/png\" \/>\n<meta name=\"author\" content=\"thomas.berner\" \/>\n<meta name=\"twitter:card\" content=\"summary_large_image\" \/>\n<meta name=\"twitter:title\" content=\"#Abacus DEEP: Eine neue Generation von #BusinessSoftware\" \/>\n<meta name=\"twitter:description\" content=\"#Abacus Research pr\u00e4sentiert mit \u00ab#AbacusDEEP\u00bb eine neue Generation von Business Software. Sie erm\u00f6glicht eine vollst\u00e4ndig autonome #Buchf\u00fchrung.\" \/>\n<meta name=\"twitter:image\" content=\"https:\/\/www.organisator.ch\/wp-content\/uploads\/2021\/08\/organisator_1960_7.png\" \/>\n<script type=\"application\/ld+json\" class=\"yoast-schema-graph\">{\"@context\":\"https:\\\/\\\/schema.org\",\"@graph\":[{\"@type\":\"Article\",\"@id\":\"https:\\\/\\\/www.organisator.ch\\\/management\\\/it\\\/2021-11-10\\\/abacus-deep-eine-neue-generation-von-business-software\\\/#article\",\"isPartOf\":{\"@id\":\"https:\\\/\\\/www.organisator.ch\\\/management\\\/it\\\/2021-11-10\\\/abacus-deep-eine-neue-generation-von-business-software\\\/\"},\"author\":{\"name\":\"thomas.berner\",\"@id\":\"https:\\\/\\\/www.organisator.ch\\\/#\\\/schema\\\/person\\\/6f650f90b2842cd4c0cc334b4e36f67e\"},\"headline\":\"Abacus DEEP: Eine neue Generation von Business Software\",\"datePublished\":\"2021-11-10T15:32:50+00:00\",\"mainEntityOfPage\":{\"@id\":\"https:\\\/\\\/www.organisator.ch\\\/management\\\/it\\\/2021-11-10\\\/abacus-deep-eine-neue-generation-von-business-software\\\/\"},\"wordCount\":392,\"publisher\":{\"@id\":\"https:\\\/\\\/www.organisator.ch\\\/#organization\"},\"image\":{\"@id\":\"https:\\\/\\\/www.organisator.ch\\\/management\\\/it\\\/2021-11-10\\\/abacus-deep-eine-neue-generation-von-business-software\\\/#primaryimage\"},\"thumbnailUrl\":\"https:\\\/\\\/www.organisator.ch\\\/wp-content\\\/uploads\\\/2021\\\/11\\\/Abacus-DEEP-Eine-neue-Generation-von-Business-Software_Organisator.jpg\",\"keywords\":[\"IT &amp; Business Software\",\"Produkte\"],\"articleSection\":[\"IT\"],\"inLanguage\":\"fr-FR\"},{\"@type\":\"WebPage\",\"@id\":\"https:\\\/\\\/www.organisator.ch\\\/management\\\/it\\\/2021-11-10\\\/abacus-deep-eine-neue-generation-von-business-software\\\/\",\"url\":\"https:\\\/\\\/www.organisator.ch\\\/management\\\/it\\\/2021-11-10\\\/abacus-deep-eine-neue-generation-von-business-software\\\/\",\"name\":\"Abacus DEEP: Eine neue Generation von Business Software - Organisator\",\"isPartOf\":{\"@id\":\"https:\\\/\\\/www.organisator.ch\\\/#website\"},\"primaryImageOfPage\":{\"@id\":\"https:\\\/\\\/www.organisator.ch\\\/management\\\/it\\\/2021-11-10\\\/abacus-deep-eine-neue-generation-von-business-software\\\/#primaryimage\"},\"image\":{\"@id\":\"https:\\\/\\\/www.organisator.ch\\\/management\\\/it\\\/2021-11-10\\\/abacus-deep-eine-neue-generation-von-business-software\\\/#primaryimage\"},\"thumbnailUrl\":\"https:\\\/\\\/www.organisator.ch\\\/wp-content\\\/uploads\\\/2021\\\/11\\\/Abacus-DEEP-Eine-neue-Generation-von-Business-Software_Organisator.jpg\",\"datePublished\":\"2021-11-10T15:32:50+00:00\",\"description\":\"Abacus Research pr\u00e4sentiert mit \u00abAbacus DEEP\u00bb eine neue Generation von Business Software. Sie erm\u00f6glicht eine vollst\u00e4ndig autonome Buchf\u00fchrung.\",\"breadcrumb\":{\"@id\":\"https:\\\/\\\/www.organisator.ch\\\/management\\\/it\\\/2021-11-10\\\/abacus-deep-eine-neue-generation-von-business-software\\\/#breadcrumb\"},\"inLanguage\":\"fr-FR\",\"potentialAction\":[{\"@type\":\"ReadAction\",\"target\":[\"https:\\\/\\\/www.organisator.ch\\\/management\\\/it\\\/2021-11-10\\\/abacus-deep-eine-neue-generation-von-business-software\\\/\"]}]},{\"@type\":\"ImageObject\",\"inLanguage\":\"fr-FR\",\"@id\":\"https:\\\/\\\/www.organisator.ch\\\/management\\\/it\\\/2021-11-10\\\/abacus-deep-eine-neue-generation-von-business-software\\\/#primaryimage\",\"url\":\"https:\\\/\\\/www.organisator.ch\\\/wp-content\\\/uploads\\\/2021\\\/11\\\/Abacus-DEEP-Eine-neue-Generation-von-Business-Software_Organisator.jpg\",\"contentUrl\":\"https:\\\/\\\/www.organisator.ch\\\/wp-content\\\/uploads\\\/2021\\\/11\\\/Abacus-DEEP-Eine-neue-Generation-von-Business-Software_Organisator.jpg\",\"width\":680,\"height\":453,\"caption\":\"Abacus-CEO Claudio Hintermann pr\u00e4sentiert mit Abacus DEEP einen weiteren Meilenstein aus der Schweizer Software-Schmiede. (Bild: zVg \\\/ Abacus)\"},{\"@type\":\"BreadcrumbList\",\"@id\":\"https:\\\/\\\/www.organisator.ch\\\/management\\\/it\\\/2021-11-10\\\/abacus-deep-eine-neue-generation-von-business-software\\\/#breadcrumb\",\"itemListElement\":[{\"@type\":\"ListItem\",\"position\":1,\"name\":\"Home\",\"item\":\"https:\\\/\\\/www.organisator.ch\\\/\"},{\"@type\":\"ListItem\",\"position\":2,\"name\":\"Abacus DEEP: Eine neue Generation von Business Software\"}]},{\"@type\":\"WebSite\",\"@id\":\"https:\\\/\\\/www.organisator.ch\\\/#website\",\"url\":\"https:\\\/\\\/www.organisator.ch\\\/\",\"name\":\"Organisator\",\"description\":\"Kompetent. Praxisnah. Der ORGANISATOR bereitet in 10 Ausgaben pro Jahr die wesentlichen Themen f\u00fcr F\u00fchrungskr\u00e4fte von KMU auf.\",\"publisher\":{\"@id\":\"https:\\\/\\\/www.organisator.ch\\\/#organization\"},\"potentialAction\":[{\"@type\":\"SearchAction\",\"target\":{\"@type\":\"EntryPoint\",\"urlTemplate\":\"https:\\\/\\\/www.organisator.ch\\\/?s={search_term_string}\"},\"query-input\":{\"@type\":\"PropertyValueSpecification\",\"valueRequired\":true,\"valueName\":\"search_term_string\"}}],\"inLanguage\":\"fr-FR\"},{\"@type\":\"Organization\",\"@id\":\"https:\\\/\\\/www.organisator.ch\\\/#organization\",\"name\":\"Organisator\",\"url\":\"https:\\\/\\\/www.organisator.ch\\\/\",\"logo\":{\"@type\":\"ImageObject\",\"inLanguage\":\"fr-FR\",\"@id\":\"https:\\\/\\\/www.organisator.ch\\\/#\\\/schema\\\/logo\\\/image\\\/\",\"url\":\"https:\\\/\\\/www.organisator.ch\\\/wp-content\\\/uploads\\\/2022\\\/01\\\/Logo_Organisator_Website.png\",\"contentUrl\":\"https:\\\/\\\/www.organisator.ch\\\/wp-content\\\/uploads\\\/2022\\\/01\\\/Logo_Organisator_Website.png\",\"width\":800,\"height\":77,\"caption\":\"Organisator\"},\"image\":{\"@id\":\"https:\\\/\\\/www.organisator.ch\\\/#\\\/schema\\\/logo\\\/image\\\/\"},\"sameAs\":[\"https:\\\/\\\/www.facebook.com\\\/OrganisatorFachmagazin\",\"https:\\\/\\\/www.linkedin.com\\\/showcase\\\/organisator-das-magazin-fr-kmu\",\"https:\\\/\\\/www.xing.com\\\/news\\\/pages\\\/organisator-ch-695\",\"https:\\\/\\\/www.youtube.com\\\/channel\\\/UCGP2Sq0iWaZwT3BdIAQFYpw\"]},{\"@type\":\"Person\",\"@id\":\"https:\\\/\\\/www.organisator.ch\\\/#\\\/schema\\\/person\\\/6f650f90b2842cd4c0cc334b4e36f67e\",\"name\":\"thomas.berner\",\"image\":{\"@type\":\"ImageObject\",\"inLanguage\":\"fr-FR\",\"@id\":\"https:\\\/\\\/secure.gravatar.com\\\/avatar\\\/ac5001d2a36cb6c6cd3e50789007ffca834b477b74a2144564522e944eabff61?s=96&d=mm&r=g\",\"url\":\"https:\\\/\\\/secure.gravatar.com\\\/avatar\\\/ac5001d2a36cb6c6cd3e50789007ffca834b477b74a2144564522e944eabff61?s=96&d=mm&r=g\",\"contentUrl\":\"https:\\\/\\\/secure.gravatar.com\\\/avatar\\\/ac5001d2a36cb6c6cd3e50789007ffca834b477b74a2144564522e944eabff61?s=96&d=mm&r=g\",\"caption\":\"thomas.berner\"},\"url\":\"https:\\\/\\\/www.organisator.ch\\\/fr\\\/author\\\/thomas-berner\\\/\"}]}<\/script>\n<!-- \/ Yoast SEO plugin. -->","yoast_head_json":{"title":"Abacus DEEP : une nouvelle g\u00e9n\u00e9ration de logiciels de gestion - Organisateur","description":"Abacus Research pr\u00e9sente avec \"Abacus DEEP\" une nouvelle g\u00e9n\u00e9ration de logiciel de gestion. Il permet une comptabilit\u00e9 enti\u00e8rement autonome.","robots":{"index":"index","follow":"follow","max-snippet":"max-snippet:-1","max-image-preview":"max-image-preview:large","max-video-preview":"max-video-preview:-1"},"canonical":"https:\/\/www.organisator.ch\/fr\/gestion-2\/it\/2021-11-10\/abacus-deep-une-nouvelle-generation-de-logiciel-business\/","og_locale":"fr_FR","og_type":"article","og_title":"Abacus DEEP: Eine neue Generation von Business Software","og_description":"Abacus Research pr\u00e4sentiert mit \u00abAbacus DEEP\u00bb eine neue Generation von Business Software. Sie erm\u00f6glicht eine vollst\u00e4ndig autonome Buchf\u00fchrung.","og_url":"https:\/\/www.organisator.ch\/fr\/gestion-2\/it\/2021-11-10\/abacus-deep-une-nouvelle-generation-de-logiciel-business\/","og_site_name":"Organisator","article_publisher":"https:\/\/www.facebook.com\/OrganisatorFachmagazin","article_published_time":"2021-11-10T15:32:50+00:00","og_image":[{"width":654,"height":370,"url":"https:\/\/www.organisator.ch\/wp-content\/uploads\/2021\/08\/organisator_1960_7.png","type":"image\/png"}],"author":"thomas.berner","twitter_card":"summary_large_image","twitter_title":"#Abacus DEEP: Eine neue Generation von #BusinessSoftware","twitter_description":"#Abacus Research pr\u00e4sentiert mit \u00ab#AbacusDEEP\u00bb eine neue Generation von Business Software. Sie erm\u00f6glicht eine vollst\u00e4ndig autonome #Buchf\u00fchrung.","twitter_image":"https:\/\/www.organisator.ch\/wp-content\/uploads\/2021\/08\/organisator_1960_7.png","schema":{"@context":"https:\/\/schema.org","@graph":[{"@type":"Article","@id":"https:\/\/www.organisator.ch\/management\/it\/2021-11-10\/abacus-deep-eine-neue-generation-von-business-software\/#article","isPartOf":{"@id":"https:\/\/www.organisator.ch\/management\/it\/2021-11-10\/abacus-deep-eine-neue-generation-von-business-software\/"},"author":{"name":"thomas.berner","@id":"https:\/\/www.organisator.ch\/#\/schema\/person\/6f650f90b2842cd4c0cc334b4e36f67e"},"headline":"Abacus DEEP: Eine neue Generation von Business Software","datePublished":"2021-11-10T15:32:50+00:00","mainEntityOfPage":{"@id":"https:\/\/www.organisator.ch\/management\/it\/2021-11-10\/abacus-deep-eine-neue-generation-von-business-software\/"},"wordCount":392,"publisher":{"@id":"https:\/\/www.organisator.ch\/#organization"},"image":{"@id":"https:\/\/www.organisator.ch\/management\/it\/2021-11-10\/abacus-deep-eine-neue-generation-von-business-software\/#primaryimage"},"thumbnailUrl":"https:\/\/www.organisator.ch\/wp-content\/uploads\/2021\/11\/Abacus-DEEP-Eine-neue-Generation-von-Business-Software_Organisator.jpg","keywords":["IT &amp; Business Software","Produkte"],"articleSection":["IT"],"inLanguage":"fr-FR"},{"@type":"WebPage","@id":"https:\/\/www.organisator.ch\/management\/it\/2021-11-10\/abacus-deep-eine-neue-generation-von-business-software\/","url":"https:\/\/www.organisator.ch\/management\/it\/2021-11-10\/abacus-deep-eine-neue-generation-von-business-software\/","name":"Abacus DEEP : une nouvelle g\u00e9n\u00e9ration de logiciels de gestion - Organisateur","isPartOf":{"@id":"https:\/\/www.organisator.ch\/#website"},"primaryImageOfPage":{"@id":"https:\/\/www.organisator.ch\/management\/it\/2021-11-10\/abacus-deep-eine-neue-generation-von-business-software\/#primaryimage"},"image":{"@id":"https:\/\/www.organisator.ch\/management\/it\/2021-11-10\/abacus-deep-eine-neue-generation-von-business-software\/#primaryimage"},"thumbnailUrl":"https:\/\/www.organisator.ch\/wp-content\/uploads\/2021\/11\/Abacus-DEEP-Eine-neue-Generation-von-Business-Software_Organisator.jpg","datePublished":"2021-11-10T15:32:50+00:00","description":"Abacus Research pr\u00e9sente avec \"Abacus DEEP\" une nouvelle g\u00e9n\u00e9ration de logiciel de gestion. Il permet une comptabilit\u00e9 enti\u00e8rement autonome.","breadcrumb":{"@id":"https:\/\/www.organisator.ch\/management\/it\/2021-11-10\/abacus-deep-eine-neue-generation-von-business-software\/#breadcrumb"},"inLanguage":"fr-FR","potentialAction":[{"@type":"ReadAction","target":["https:\/\/www.organisator.ch\/management\/it\/2021-11-10\/abacus-deep-eine-neue-generation-von-business-software\/"]}]},{"@type":"ImageObject","inLanguage":"fr-FR","@id":"https:\/\/www.organisator.ch\/management\/it\/2021-11-10\/abacus-deep-eine-neue-generation-von-business-software\/#primaryimage","url":"https:\/\/www.organisator.ch\/wp-content\/uploads\/2021\/11\/Abacus-DEEP-Eine-neue-Generation-von-Business-Software_Organisator.jpg","contentUrl":"https:\/\/www.organisator.ch\/wp-content\/uploads\/2021\/11\/Abacus-DEEP-Eine-neue-Generation-von-Business-Software_Organisator.jpg","width":680,"height":453,"caption":"Abacus-CEO Claudio Hintermann pr\u00e4sentiert mit Abacus DEEP einen weiteren Meilenstein aus der Schweizer Software-Schmiede. (Bild: zVg \/ Abacus)"},{"@type":"BreadcrumbList","@id":"https:\/\/www.organisator.ch\/management\/it\/2021-11-10\/abacus-deep-eine-neue-generation-von-business-software\/#breadcrumb","itemListElement":[{"@type":"ListItem","position":1,"name":"Home","item":"https:\/\/www.organisator.ch\/"},{"@type":"ListItem","position":2,"name":"Abacus DEEP: Eine neue Generation von Business Software"}]},{"@type":"WebSite","@id":"https:\/\/www.organisator.ch\/#website","url":"https:\/\/www.organisator.ch\/","name":"Organisateur","description":"Comp\u00e9tence et comp\u00e9tence. Proches de la pratique. L'ORGANISATEUR pr\u00e9pare 10 num\u00e9ros par an sur les th\u00e8mes essentiels pour les dirigeants de PME.","publisher":{"@id":"https:\/\/www.organisator.ch\/#organization"},"potentialAction":[{"@type":"SearchAction","target":{"@type":"EntryPoint","urlTemplate":"https:\/\/www.organisator.ch\/?s={search_term_string}"},"query-input":{"@type":"PropertyValueSpecification","valueRequired":true,"valueName":"search_term_string"}}],"inLanguage":"fr-FR"},{"@type":"Organization","@id":"https:\/\/www.organisator.ch\/#organization","name":"Organisateur","url":"https:\/\/www.organisator.ch\/","logo":{"@type":"ImageObject","inLanguage":"fr-FR","@id":"https:\/\/www.organisator.ch\/#\/schema\/logo\/image\/","url":"https:\/\/www.organisator.ch\/wp-content\/uploads\/2022\/01\/Logo_Organisator_Website.png","contentUrl":"https:\/\/www.organisator.ch\/wp-content\/uploads\/2022\/01\/Logo_Organisator_Website.png","width":800,"height":77,"caption":"Organisator"},"image":{"@id":"https:\/\/www.organisator.ch\/#\/schema\/logo\/image\/"},"sameAs":["https:\/\/www.facebook.com\/OrganisatorFachmagazin","https:\/\/www.linkedin.com\/showcase\/organisator-das-magazin-fr-kmu","https:\/\/www.xing.com\/news\/pages\/organisator-ch-695","https:\/\/www.youtube.com\/channel\/UCGP2Sq0iWaZwT3BdIAQFYpw"]},{"@type":"Person","@id":"https:\/\/www.organisator.ch\/#\/schema\/person\/6f650f90b2842cd4c0cc334b4e36f67e","name":"thomas.berner","image":{"@type":"ImageObject","inLanguage":"fr-FR","@id":"https:\/\/secure.gravatar.com\/avatar\/ac5001d2a36cb6c6cd3e50789007ffca834b477b74a2144564522e944eabff61?s=96&d=mm&r=g","url":"https:\/\/secure.gravatar.com\/avatar\/ac5001d2a36cb6c6cd3e50789007ffca834b477b74a2144564522e944eabff61?s=96&d=mm&r=g","contentUrl":"https:\/\/secure.gravatar.com\/avatar\/ac5001d2a36cb6c6cd3e50789007ffca834b477b74a2144564522e944eabff61?s=96&d=mm&r=g","caption":"thomas.berner"},"url":"https:\/\/www.organisator.ch\/fr\/author\/thomas-berner\/"}]}},"_links":{"self":[{"href":"https:\/\/www.organisator.ch\/fr\/wp-json\/wp\/v2\/posts\/11761","targetHints":{"allow":["GET"]}}],"collection":[{"href":"https:\/\/www.organisator.ch\/fr\/wp-json\/wp\/v2\/posts"}],"about":[{"href":"https:\/\/www.organisator.ch\/fr\/wp-json\/wp\/v2\/types\/post"}],"author":[{"embeddable":true,"href":"https:\/\/www.organisator.ch\/fr\/wp-json\/wp\/v2\/users\/4"}],"replies":[{"embeddable":true,"href":"https:\/\/www.organisator.ch\/fr\/wp-json\/wp\/v2\/comments?post=11761"}],"version-history":[{"count":0,"href":"https:\/\/www.organisator.ch\/fr\/wp-json\/wp\/v2\/posts\/11761\/revisions"}],"wp:featuredmedia":[{"embeddable":true,"href":"https:\/\/www.organisator.ch\/fr\/wp-json\/wp\/v2\/media\/11540"}],"wp:attachment":[{"href":"https:\/\/www.organisator.ch\/fr\/wp-json\/wp\/v2\/media?parent=11761"}],"wp:term":[{"taxonomy":"category","embeddable":true,"href":"https:\/\/www.organisator.ch\/fr\/wp-json\/wp\/v2\/categories?post=11761"},{"taxonomy":"post_tag","embeddable":true,"href":"https:\/\/www.organisator.ch\/fr\/wp-json\/wp\/v2\/tags?post=11761"}],"curies":[{"name":"wp","href":"https:\/\/api.w.org\/{rel}","templated":true}]}}