{"id":11765,"date":"2021-11-16T16:35:52","date_gmt":"2021-11-16T15:35:52","guid":{"rendered":"https:\/\/www.organisator.ch\/?p=8848"},"modified":"2021-11-16T16:35:52","modified_gmt":"2021-11-16T15:35:52","slug":"sustainability-nachhaltig-wirtschaften-und-arbeiten","status":"publish","type":"post","link":"https:\/\/www.organisator.ch\/fr\/management\/2021-11-16\/sustainability-nachhaltig-wirtschaften-und-arbeiten\/","title":{"rendered":"Sustainability : g\u00e9rer et travailler de mani\u00e8re durable"},"content":{"rendered":"<figure id=\"attachment_8851\" aria-describedby=\"caption-attachment-8851\" style=\"width: 680px\" class=\"wp-caption alignnone\"><a href=\"https:\/\/www.organisator.ch\/wp-content\/uploads\/2021\/11\/Sustainability-Nachhaltig-wirtschaften-und-arbeiten-1_Organisator.jpg\"><img loading=\"lazy\" decoding=\"async\" class=\"size-medium wp-image-8851\" src=\"https:\/\/www.organisator.ch\/wp-content\/uploads\/2021\/11\/Sustainability-Nachhaltig-wirtschaften-und-arbeiten-1_Organisator.jpg\" alt=\"\" width=\"680\" height=\"453\" \/><\/a><figcaption id=\"caption-attachment-8851\" class=\"wp-caption-text\">Le terme \"sustainability\" ou durabilit\u00e9 est sur toutes les l\u00e8vres. L'\u00e9conomie doit s'y int\u00e9resser de plus pr\u00e8s. (Image : Pixabay.com)<\/figcaption><\/figure>\n<p>Dans le d\u00e9bat sur la durabilit\u00e9, un th\u00e8me qui, il y a quelques ann\u00e9es encore, jouait un r\u00f4le plut\u00f4t marginal dans le domaine de la protection de l'environnement, est devenu le moteur central : le changement climatique. Et comme les cons\u00e9quences du changement climatique sont de plus en plus perceptibles dans le monde entier, il n'est pas n\u00e9cessaire d'\u00eatre proph\u00e8te pour faire des pr\u00e9visions : Dans les ann\u00e9es \u00e0 venir, le changement climatique sera consid\u00e9r\u00e9 par une partie croissante de la population comme une menace massive pour la vie humaine. Et cela obligera \u00e0 son tour la politique \u00e0 intervenir davantage pour r\u00e9guler.<\/p>\n<h2><strong>Le changement climatique modifie l'environnement \u00e9conomique<\/strong><\/h2>\n<p>C'est pourquoi il est pr\u00e9visible : L'\u00e9conomie sera confront\u00e9e \u00e0 des directives de plus en plus strictes en mati\u00e8re de protection de l'environnement et du climat. Le comportement d'achat des clients. va \u00e9galement changer. En outre, de plus en plus de prestataires - c'est-\u00e0-dire de personnes dont le savoir-faire et les comp\u00e9tences sont n\u00e9cessaires aux entreprises - demanderont \u00e0 leur employeur dans quelle mesure celui-ci travaille dans le respect du climat et de l'environnement et contribue \u00e0 un d\u00e9veloppement durable de notre soci\u00e9t\u00e9.<\/p>\n<p>Le probl\u00e8me \u00e0 cet \u00e9gard est le suivant : Dans le discours social, la d\u00e9finition du \"d\u00e9veloppement durable\" et la mani\u00e8re d'atteindre cet objectif sont controvers\u00e9es. C'est pourquoi les entreprises qui se penchent sur le th\u00e8me de la durabilit\u00e9 devraient d'abord se demander ce que ces termes signifient pour elles et obtenir un engagement \u00e0 ce sujet.<\/p>\n<h2><strong>Prendre conscience de ses propres moteurs <\/strong><\/h2>\n<p>Les d\u00e9cideurs doivent \u00eatre conscients du fait que leur organisation s'inscrit dans un environnement qui a des attentes concr\u00e8tes \u00e0 son \u00e9gard ; en outre, les attentes des diff\u00e9rentes parties prenantes telles que les clients, les collaborateurs, les fournisseurs, les l\u00e9gislateurs en mati\u00e8re de capitaux et de l\u00e9gislation \u00e9voluent et divergent souvent. Car ce n'est qu'en connaissant les diff\u00e9rentes attentes qu'une entreprise peut d\u00e9cider : Quelles sont celles auxquelles nous voulons, pouvons et devons r\u00e9pondre ?<\/p>\n<p>Pour cela, il faut \u00e0 nouveau clarifier la question : Pourquoi nous int\u00e9ressons-nous \u00e0 ce th\u00e8me ? Le faisons-nous par motivation intrins\u00e8que, par exemple parce que nous sommes convaincus qu'une \u00e9conomie et un travail durables sont n\u00e9cessaires \u00e0 notre survie ? Ou est-ce le contraire ? Est-ce que nous nous en occupons en premier lieu parce que nous y sommes contraints - par exemple<\/p>\n<ul>\n<li>parce que les mati\u00e8res premi\u00e8res n\u00e9cessaires \u00e0 notre production deviennent de plus en plus rares et ch\u00e8res, ou<\/li>\n<li>parce que le l\u00e9gislateur nous y contraint de plus en plus par des directives ou<\/li>\n<li>parce que le crit\u00e8re de \"durabilit\u00e9\" devient de plus en plus pertinent dans la d\u00e9cision d'achat de nos clients ?<\/li>\n<\/ul>\n<h2><strong>D\u00e9passer l'approche unidimensionnelle<\/strong><\/h2>\n<p>Une approche aussi unidimensionnelle du th\u00e8me de la durabilit\u00e9 ne suffira g\u00e9n\u00e9ralement plus \u00e0 l'avenir pour r\u00e9pondre aux exigences du march\u00e9 et assurer durablement l'existence des entreprises. Elle doit \u00eatre remplac\u00e9e par la reconnaissance du fait qu'un d\u00e9veloppement stable \u00e0 long terme des soci\u00e9t\u00e9s n'est possible que si les objectifs \u00e9cologiques, \u00e9conomiques et sociaux (de d\u00e9veloppement) sont trait\u00e9s sur un pied d'\u00e9galit\u00e9.<\/p>\n<figure id=\"attachment_8849\" aria-describedby=\"caption-attachment-8849\" style=\"width: 680px\" class=\"wp-caption alignnone\"><a href=\"https:\/\/www.organisator.ch\/wp-content\/uploads\/2021\/11\/Sustainability-Nachhaltig-wirtschaften-und-arbeiten-2_Organisator.jpg\"><img loading=\"lazy\" decoding=\"async\" class=\"size-medium wp-image-8849\" src=\"https:\/\/www.organisator.ch\/wp-content\/uploads\/2021\/11\/Sustainability-Nachhaltig-wirtschaften-und-arbeiten-2_Organisator.jpg\" alt=\"\" width=\"680\" height=\"439\" \/><\/a><figcaption id=\"caption-attachment-8849\" class=\"wp-caption-text\">Sustainability : les trois piliers de la durabilit\u00e9.<\/figcaption><\/figure>\n<p>Ce mode de pens\u00e9e caract\u00e9rise \u00e9galement les 17 objectifs de d\u00e9veloppement durable (ODD) que les Nations unies ont formul\u00e9s en 2015 dans leur Agenda 2030 et qui doivent servir de guide \u00e0 tous les gouvernements, soci\u00e9t\u00e9s et entreprises du monde pour leurs actions futures (voir encadr\u00e9).<\/p>\n<h2><strong>Sustainability : un changement de mentalit\u00e9 s'op\u00e8re dans les sph\u00e8res dirigeantes<\/strong><\/h2>\n<p>Cette prise de conscience s'\u00e9tend de plus en plus aux \u00e9tages sup\u00e9rieurs des entreprises. C'est pourquoi un nombre croissant de projets y sont men\u00e9s, dans lesquels les Objectifs de d\u00e9veloppement durable des Nations unies servent souvent de base \u00e0 une r\u00e9flexion :<\/p>\n<ul>\n<li>Que signifie pour nous une \u00e9conomie et un travail durables ?<\/li>\n<li>En quoi cela se traduit-il dans notre travail quotidien dans tous nos domaines et processus commerciaux ?<\/li>\n<li>De notre c\u00f4t\u00e9, quels sont les objectifs de d\u00e9veloppement qui y sont li\u00e9s - \u00e9conomiques, \u00e9cologiques et sociaux ? Et :<\/li>\n<li>Quels changements sont n\u00e9cessaires pour cela dans notre organisation au niveau culturel, structurel et des processus ?<\/li>\n<\/ul>\n<p>Les r\u00e9sultats permettent ensuite de d\u00e9finir des concepts de durabilit\u00e9 et, \u00e0 partir de l\u00e0, des projets de changement et de transformation. En outre, de plus en plus d'entreprises mettent en place des groupes de projet intersectoriels et interfonctionnels qui d\u00e9veloppent en permanence le concept de durabilit\u00e9, car en fin de compte, lorsqu'il s'agit de d\u00e9veloppement durable ou de gestion et de travail durables, nous sommes tous encore en train d'apprendre ou de chercher la voie du succ\u00e8s.<\/p>\n<blockquote>\n<h2><strong>Les 17 objectifs de d\u00e9veloppement durable des Nations unies<\/strong><\/h2>\n<p>En 2015, les Nations unies ont adopt\u00e9 l'Agenda 2030, dans lequel sont formul\u00e9s 17 objectifs mondiaux pour le d\u00e9veloppement durable, appel\u00e9s Objectifs de d\u00e9veloppement durable (ODD). Ceux-ci englobent des aspects \u00e9conomiques, \u00e9cologiques et sociaux du d\u00e9veloppement.<\/p>\n<p><strong>Objectif 1 : mettre fin \u00e0 la pauvret\u00e9 sous toutes ses formes partout<\/strong> - entre autres, \u00e9liminer la pauvret\u00e9 absolue qui menace l'existence de nombreuses personnes dans le monde et r\u00e9duire la pauvret\u00e9 relative de certains groupes de population dans de nombreux \u00c9tats<\/p>\n<p><strong>Objectif 2 : Assurer la s\u00e9curit\u00e9 alimentaire mondiale<\/strong> - entre autres par une agriculture et un d\u00e9veloppement rural durables.<\/p>\n<p><strong>Objectif 3 : Promouvoir la sant\u00e9 et le bien-\u00eatre<\/strong> - permettre, entre autres, \u00e0 tous d'avoir acc\u00e8s \u00e0 des soins m\u00e9dicaux de qualit\u00e9, \u00e0 une alimentation saine, \u00e0 de l'eau propre et \u00e0 un air pur.<\/p>\n<p><strong>Objectif 4 : Une \u00e9ducation de qualit\u00e9 dans le monde entier<\/strong> - entre autres, tous les individus doivent b\u00e9n\u00e9ficier d'une \u00e9ducation de qualit\u00e9 et adapt\u00e9e \u00e0 leurs chances.<\/p>\n<p><strong>Objectif 5 : \u00c9galit\u00e9 entre les femmes et les hommes<\/strong> - non seulement sur le plan juridique, mais aussi dans la vie de tous les jours.<\/p>\n<p><strong>Objectif 6 : une eau de qualit\u00e9<\/strong> - entre autres, un approvisionnement s\u00fbr et durable en eau (potable) pour tous les habitants de la plan\u00e8te.<\/p>\n<p><strong>Objectif 7 : Une \u00e9nergie abordable produite \u00e0 partir de sources d'\u00e9nergie durables<\/strong> - entre autres, comme condition pr\u00e9alable au d\u00e9veloppement \u00e9conomique et social et \u00e0 une protection efficace de l'environnement et du climat.<\/p>\n<p><strong>Objectif 8 : Une \u00e9conomie durable, une chance pour tous<\/strong> - entre autres, veiller globalement \u00e0 des normes sociales minimales et \u00e0 un revenu (du travail) ad\u00e9quat.<\/p>\n<p><strong>Objectif 9 : Innovation et d\u00e9veloppement des infrastructures<\/strong> - assurer une croissance \u00e9conomique durable ainsi que des syst\u00e8mes d'\u00e9ducation et de sant\u00e9 durables, notamment gr\u00e2ce \u00e0 des innovations intelligentes, des infrastructures modernes et une industrie performante.<\/p>\n<p><strong>Objectif 10 : R\u00e9duire les in\u00e9galit\u00e9s<\/strong> - entre autres, r\u00e9duire les in\u00e9galit\u00e9s de revenus, de patrimoine et de chances de d\u00e9veloppement dans le monde entier<\/p>\n<p><strong>Objectif 11 : Villes et communaut\u00e9s durables<\/strong> - cr\u00e9er, entre autres, des logements abordables et mener une politique de d\u00e9veloppement urbain int\u00e9gr\u00e9e<\/p>\n<p><strong>But 12 : Produire et consommer de mani\u00e8re durable<\/strong> - entre autres, utiliser les ressources naturelles avec parcimonie et dans le respect de l'environnement, du climat et de la sant\u00e9.<\/p>\n<p><strong>Objectif 13 : Protection du climat \u00e0 l'\u00e9chelle mondiale<\/strong> - entre autres, limiter consid\u00e9rablement le changement climatique, de mani\u00e8re \u00e0 \u00e9viter les ph\u00e9nom\u00e8nes m\u00e9t\u00e9orologiques extr\u00eames tels que les s\u00e9cheresses et les inondations et \u00e0 ne pas rendre certaines parties du monde inhabitables.<\/p>\n<p><strong>But 14 : Prot\u00e9ger la vie sous-marine<\/strong> - entre autres, \u00e9viter de polluer davantage les oc\u00e9ans et veiller \u00e0 ce qu'ils soient pr\u00e9serv\u00e9s en tant qu'habitat et sources de nourriture, de mati\u00e8res premi\u00e8res et d'\u00e9nergie.<\/p>\n<p><strong>Objectif 15 : Vivre \u00e0 terre<\/strong> - veiller, entre autres, \u00e0 ce que les \u00e9cosyst\u00e8mes restent intacts et \u00e0 ce que les catastrophes environnementales ne mettent pas en p\u00e9ril le d\u00e9veloppement durable et ne provoquent pas la faim et la pauvret\u00e9.<\/p>\n<p><strong>Objectif 16 : Des institutions fortes et transparentes<\/strong> - entre autres, cr\u00e9er et promouvoir des institutions non corrompues, agissant dans le respect de l'\u00c9tat de droit, qui r\u00e9agissent bien, assurent la paix et la justice et permettent un d\u00e9veloppement durable.<\/p>\n<p><strong>Objectif 17 : Partenariat mondial<\/strong> - veiller, notamment par le biais d'un partenariat mondial solide, \u00e0 ce que les objectifs de durabilit\u00e9 soient atteints et que les d\u00e9fis qui en d\u00e9coulent soient relev\u00e9s.<\/p><\/blockquote>\n<p>&nbsp;<\/p>\n<p><strong><em>Vers l'auteur :<\/em><\/strong><br \/>\n<em>Georg Kraus est associ\u00e9 g\u00e9rant de la soci\u00e9t\u00e9 de conseil en gestion d'entreprise <a href=\"https:\/\/www.kraus-und-partner.de\/\">Dr. Kraus &amp; Partner, Bruchsal<\/a>. <\/em><\/p>","protected":false},"excerpt":{"rendered":"<p>In der Nachhaltigkeitsdebatte hat sich ein Thema zum zentralen Treiber entwickelt, das noch vor wenigen Jahren im Bereich Umweltschutz eher eine marginale Rolle spielte: der Klimawandel. Und weil die Folgen des Klimawandels weltweit immer sp\u00fcrbarer werden, muss man kein Prophet sein, um zu prognostizieren: In den kommenden Jahren wird der Klimawandel von einem wachsenden Teil [&hellip;]<\/p>\n","protected":false},"author":4,"featured_media":11545,"comment_status":"closed","ping_status":"closed","sticky":false,"template":"","format":"standard","meta":{"_acf_changed":false,"_yoast_wpseo_focuskw":"Sustainability","_yoast_wpseo_metadesc":"Viel wurde an der COP26 in Glasgow \u00fcber Sustainability gesprochen. Aber was bedeutet f\u00fcr uns Nachhaltigkeit bzw. Sustainability?","articlekey":"","footnotes":""},"categories":[28],"tags":[335,358,508],"class_list":["post-11765","post","type-post","status-publish","format-standard","has-post-thumbnail","hentry","category-management","tag-management-und-unternehmensfuehrung","tag-nachhaltige-wirtschaft","tag-vermischtes"],"acf":[],"yoast_head":"<!-- This site is optimized with the Yoast SEO plugin v27.5 - https:\/\/yoast.com\/product\/yoast-seo-wordpress\/ -->\n<title>Sustainability: Nachhaltig wirtschaften und arbeiten - Organisator<\/title>\n<meta name=\"description\" content=\"Viel wurde an der COP26 in Glasgow \u00fcber Sustainability gesprochen. Aber was bedeutet f\u00fcr uns Nachhaltigkeit bzw. Sustainability?\" \/>\n<meta name=\"robots\" content=\"index, follow, max-snippet:-1, max-image-preview:large, max-video-preview:-1\" \/>\n<link rel=\"canonical\" href=\"https:\/\/www.organisator.ch\/fr\/gestion-2\/2021-11-16\/sustainability-nachhaltig-wirtschaften-und-arbeiten\/\" \/>\n<meta property=\"og:locale\" content=\"fr_FR\" \/>\n<meta property=\"og:type\" content=\"article\" \/>\n<meta property=\"og:title\" content=\"Sustainability: Nachhaltig wirtschaften und arbeiten\" \/>\n<meta property=\"og:description\" content=\"Viel wurde an der COP26 in Glasgow \u00fcber Sustainability gesprochen. Aber was bedeutet f\u00fcr uns Nachhaltigkeit bzw. Sustainability?\" \/>\n<meta property=\"og:url\" content=\"https:\/\/www.organisator.ch\/fr\/gestion-2\/2021-11-16\/sustainability-nachhaltig-wirtschaften-und-arbeiten\/\" \/>\n<meta property=\"og:site_name\" content=\"Organisator\" \/>\n<meta property=\"article:publisher\" content=\"https:\/\/www.facebook.com\/OrganisatorFachmagazin\" \/>\n<meta property=\"article:published_time\" content=\"2021-11-16T15:35:52+00:00\" \/>\n<meta name=\"author\" content=\"thomas.berner\" \/>\n<meta name=\"twitter:card\" content=\"summary_large_image\" \/>\n<meta name=\"twitter:title\" content=\"#Sustainability: #Nachhaltig wirtschaften und arbeiten\" \/>\n<meta name=\"twitter:description\" content=\"Viel wurde an der #COP26 in Glasgow \u00fcber #Sustainability gesprochen. Aber was bedeutet f\u00fcr uns #Nachhaltigkeit bzw. Sustainability?\" \/>\n<script type=\"application\/ld+json\" class=\"yoast-schema-graph\">{\"@context\":\"https:\\\/\\\/schema.org\",\"@graph\":[{\"@type\":\"Article\",\"@id\":\"https:\\\/\\\/www.organisator.ch\\\/management\\\/2021-11-16\\\/sustainability-nachhaltig-wirtschaften-und-arbeiten\\\/#article\",\"isPartOf\":{\"@id\":\"https:\\\/\\\/www.organisator.ch\\\/management\\\/2021-11-16\\\/sustainability-nachhaltig-wirtschaften-und-arbeiten\\\/\"},\"author\":{\"name\":\"thomas.berner\",\"@id\":\"https:\\\/\\\/www.organisator.ch\\\/#\\\/schema\\\/person\\\/6f650f90b2842cd4c0cc334b4e36f67e\"},\"headline\":\"Sustainability: Nachhaltig wirtschaften und arbeiten\",\"datePublished\":\"2021-11-16T15:35:52+00:00\",\"mainEntityOfPage\":{\"@id\":\"https:\\\/\\\/www.organisator.ch\\\/management\\\/2021-11-16\\\/sustainability-nachhaltig-wirtschaften-und-arbeiten\\\/\"},\"wordCount\":1125,\"publisher\":{\"@id\":\"https:\\\/\\\/www.organisator.ch\\\/#organization\"},\"image\":{\"@id\":\"https:\\\/\\\/www.organisator.ch\\\/management\\\/2021-11-16\\\/sustainability-nachhaltig-wirtschaften-und-arbeiten\\\/#primaryimage\"},\"thumbnailUrl\":\"https:\\\/\\\/www.organisator.ch\\\/wp-content\\\/uploads\\\/2021\\\/11\\\/Sustainability-Nachhaltig-wirtschaften-und-arbeiten-1_Organisator.jpg\",\"keywords\":[\"Management und Unternehmensf\u00fchrung\",\"Nachhaltige Wirtschaft\",\"Vermischtes\"],\"articleSection\":[\"MANAGEMENT\"],\"inLanguage\":\"fr-FR\"},{\"@type\":\"WebPage\",\"@id\":\"https:\\\/\\\/www.organisator.ch\\\/management\\\/2021-11-16\\\/sustainability-nachhaltig-wirtschaften-und-arbeiten\\\/\",\"url\":\"https:\\\/\\\/www.organisator.ch\\\/management\\\/2021-11-16\\\/sustainability-nachhaltig-wirtschaften-und-arbeiten\\\/\",\"name\":\"Sustainability: Nachhaltig wirtschaften und arbeiten - Organisator\",\"isPartOf\":{\"@id\":\"https:\\\/\\\/www.organisator.ch\\\/#website\"},\"primaryImageOfPage\":{\"@id\":\"https:\\\/\\\/www.organisator.ch\\\/management\\\/2021-11-16\\\/sustainability-nachhaltig-wirtschaften-und-arbeiten\\\/#primaryimage\"},\"image\":{\"@id\":\"https:\\\/\\\/www.organisator.ch\\\/management\\\/2021-11-16\\\/sustainability-nachhaltig-wirtschaften-und-arbeiten\\\/#primaryimage\"},\"thumbnailUrl\":\"https:\\\/\\\/www.organisator.ch\\\/wp-content\\\/uploads\\\/2021\\\/11\\\/Sustainability-Nachhaltig-wirtschaften-und-arbeiten-1_Organisator.jpg\",\"datePublished\":\"2021-11-16T15:35:52+00:00\",\"description\":\"Viel wurde an der COP26 in Glasgow \u00fcber Sustainability gesprochen. Aber was bedeutet f\u00fcr uns Nachhaltigkeit bzw. Sustainability?\",\"breadcrumb\":{\"@id\":\"https:\\\/\\\/www.organisator.ch\\\/management\\\/2021-11-16\\\/sustainability-nachhaltig-wirtschaften-und-arbeiten\\\/#breadcrumb\"},\"inLanguage\":\"fr-FR\",\"potentialAction\":[{\"@type\":\"ReadAction\",\"target\":[\"https:\\\/\\\/www.organisator.ch\\\/management\\\/2021-11-16\\\/sustainability-nachhaltig-wirtschaften-und-arbeiten\\\/\"]}]},{\"@type\":\"ImageObject\",\"inLanguage\":\"fr-FR\",\"@id\":\"https:\\\/\\\/www.organisator.ch\\\/management\\\/2021-11-16\\\/sustainability-nachhaltig-wirtschaften-und-arbeiten\\\/#primaryimage\",\"url\":\"https:\\\/\\\/www.organisator.ch\\\/wp-content\\\/uploads\\\/2021\\\/11\\\/Sustainability-Nachhaltig-wirtschaften-und-arbeiten-1_Organisator.jpg\",\"contentUrl\":\"https:\\\/\\\/www.organisator.ch\\\/wp-content\\\/uploads\\\/2021\\\/11\\\/Sustainability-Nachhaltig-wirtschaften-und-arbeiten-1_Organisator.jpg\",\"width\":680,\"height\":453,\"caption\":\"Der Begriff \\\"Sustainability\\\" bzw. Nachhaltigkeit ist in aller Munde. Die Wirtschaft muss sich damit noch st\u00e4rker auseinandersetzen. (Bild: Pixabay.com)\"},{\"@type\":\"BreadcrumbList\",\"@id\":\"https:\\\/\\\/www.organisator.ch\\\/management\\\/2021-11-16\\\/sustainability-nachhaltig-wirtschaften-und-arbeiten\\\/#breadcrumb\",\"itemListElement\":[{\"@type\":\"ListItem\",\"position\":1,\"name\":\"Home\",\"item\":\"https:\\\/\\\/www.organisator.ch\\\/\"},{\"@type\":\"ListItem\",\"position\":2,\"name\":\"Sustainability: Nachhaltig wirtschaften und arbeiten\"}]},{\"@type\":\"WebSite\",\"@id\":\"https:\\\/\\\/www.organisator.ch\\\/#website\",\"url\":\"https:\\\/\\\/www.organisator.ch\\\/\",\"name\":\"Organisator\",\"description\":\"Kompetent. Praxisnah. Der ORGANISATOR bereitet in 10 Ausgaben pro Jahr die wesentlichen Themen f\u00fcr F\u00fchrungskr\u00e4fte von KMU auf.\",\"publisher\":{\"@id\":\"https:\\\/\\\/www.organisator.ch\\\/#organization\"},\"potentialAction\":[{\"@type\":\"SearchAction\",\"target\":{\"@type\":\"EntryPoint\",\"urlTemplate\":\"https:\\\/\\\/www.organisator.ch\\\/?s={search_term_string}\"},\"query-input\":{\"@type\":\"PropertyValueSpecification\",\"valueRequired\":true,\"valueName\":\"search_term_string\"}}],\"inLanguage\":\"fr-FR\"},{\"@type\":\"Organization\",\"@id\":\"https:\\\/\\\/www.organisator.ch\\\/#organization\",\"name\":\"Organisator\",\"url\":\"https:\\\/\\\/www.organisator.ch\\\/\",\"logo\":{\"@type\":\"ImageObject\",\"inLanguage\":\"fr-FR\",\"@id\":\"https:\\\/\\\/www.organisator.ch\\\/#\\\/schema\\\/logo\\\/image\\\/\",\"url\":\"https:\\\/\\\/www.organisator.ch\\\/wp-content\\\/uploads\\\/2022\\\/01\\\/Logo_Organisator_Website.png\",\"contentUrl\":\"https:\\\/\\\/www.organisator.ch\\\/wp-content\\\/uploads\\\/2022\\\/01\\\/Logo_Organisator_Website.png\",\"width\":800,\"height\":77,\"caption\":\"Organisator\"},\"image\":{\"@id\":\"https:\\\/\\\/www.organisator.ch\\\/#\\\/schema\\\/logo\\\/image\\\/\"},\"sameAs\":[\"https:\\\/\\\/www.facebook.com\\\/OrganisatorFachmagazin\",\"https:\\\/\\\/www.linkedin.com\\\/showcase\\\/organisator-das-magazin-fr-kmu\",\"https:\\\/\\\/www.xing.com\\\/news\\\/pages\\\/organisator-ch-695\",\"https:\\\/\\\/www.youtube.com\\\/channel\\\/UCGP2Sq0iWaZwT3BdIAQFYpw\"]},{\"@type\":\"Person\",\"@id\":\"https:\\\/\\\/www.organisator.ch\\\/#\\\/schema\\\/person\\\/6f650f90b2842cd4c0cc334b4e36f67e\",\"name\":\"thomas.berner\",\"image\":{\"@type\":\"ImageObject\",\"inLanguage\":\"fr-FR\",\"@id\":\"https:\\\/\\\/secure.gravatar.com\\\/avatar\\\/ac5001d2a36cb6c6cd3e50789007ffca834b477b74a2144564522e944eabff61?s=96&d=mm&r=g\",\"url\":\"https:\\\/\\\/secure.gravatar.com\\\/avatar\\\/ac5001d2a36cb6c6cd3e50789007ffca834b477b74a2144564522e944eabff61?s=96&d=mm&r=g\",\"contentUrl\":\"https:\\\/\\\/secure.gravatar.com\\\/avatar\\\/ac5001d2a36cb6c6cd3e50789007ffca834b477b74a2144564522e944eabff61?s=96&d=mm&r=g\",\"caption\":\"thomas.berner\"},\"url\":\"https:\\\/\\\/www.organisator.ch\\\/fr\\\/author\\\/thomas-berner\\\/\"}]}<\/script>\n<!-- \/ Yoast SEO plugin. -->","yoast_head_json":{"title":"Sustainability : g\u00e9rer et travailler de mani\u00e8re durable - Organisateur","description":"On a beaucoup parl\u00e9 de durabilit\u00e9 lors de la COP26 \u00e0 Glasgow. Mais que signifie pour nous la durabilit\u00e9 ou sustainability ?","robots":{"index":"index","follow":"follow","max-snippet":"max-snippet:-1","max-image-preview":"max-image-preview:large","max-video-preview":"max-video-preview:-1"},"canonical":"https:\/\/www.organisator.ch\/fr\/gestion-2\/2021-11-16\/sustainability-nachhaltig-wirtschaften-und-arbeiten\/","og_locale":"fr_FR","og_type":"article","og_title":"Sustainability: Nachhaltig wirtschaften und arbeiten","og_description":"Viel wurde an der COP26 in Glasgow \u00fcber Sustainability gesprochen. Aber was bedeutet f\u00fcr uns Nachhaltigkeit bzw. Sustainability?","og_url":"https:\/\/www.organisator.ch\/fr\/gestion-2\/2021-11-16\/sustainability-nachhaltig-wirtschaften-und-arbeiten\/","og_site_name":"Organisator","article_publisher":"https:\/\/www.facebook.com\/OrganisatorFachmagazin","article_published_time":"2021-11-16T15:35:52+00:00","author":"thomas.berner","twitter_card":"summary_large_image","twitter_title":"#Sustainability: #Nachhaltig wirtschaften und arbeiten","twitter_description":"Viel wurde an der #COP26 in Glasgow \u00fcber #Sustainability gesprochen. Aber was bedeutet f\u00fcr uns #Nachhaltigkeit bzw. Sustainability?","schema":{"@context":"https:\/\/schema.org","@graph":[{"@type":"Article","@id":"https:\/\/www.organisator.ch\/management\/2021-11-16\/sustainability-nachhaltig-wirtschaften-und-arbeiten\/#article","isPartOf":{"@id":"https:\/\/www.organisator.ch\/management\/2021-11-16\/sustainability-nachhaltig-wirtschaften-und-arbeiten\/"},"author":{"name":"thomas.berner","@id":"https:\/\/www.organisator.ch\/#\/schema\/person\/6f650f90b2842cd4c0cc334b4e36f67e"},"headline":"Sustainability: Nachhaltig wirtschaften und arbeiten","datePublished":"2021-11-16T15:35:52+00:00","mainEntityOfPage":{"@id":"https:\/\/www.organisator.ch\/management\/2021-11-16\/sustainability-nachhaltig-wirtschaften-und-arbeiten\/"},"wordCount":1125,"publisher":{"@id":"https:\/\/www.organisator.ch\/#organization"},"image":{"@id":"https:\/\/www.organisator.ch\/management\/2021-11-16\/sustainability-nachhaltig-wirtschaften-und-arbeiten\/#primaryimage"},"thumbnailUrl":"https:\/\/www.organisator.ch\/wp-content\/uploads\/2021\/11\/Sustainability-Nachhaltig-wirtschaften-und-arbeiten-1_Organisator.jpg","keywords":["Management und Unternehmensf\u00fchrung","Nachhaltige Wirtschaft","Vermischtes"],"articleSection":["MANAGEMENT"],"inLanguage":"fr-FR"},{"@type":"WebPage","@id":"https:\/\/www.organisator.ch\/management\/2021-11-16\/sustainability-nachhaltig-wirtschaften-und-arbeiten\/","url":"https:\/\/www.organisator.ch\/management\/2021-11-16\/sustainability-nachhaltig-wirtschaften-und-arbeiten\/","name":"Sustainability : g\u00e9rer et travailler de mani\u00e8re durable - Organisateur","isPartOf":{"@id":"https:\/\/www.organisator.ch\/#website"},"primaryImageOfPage":{"@id":"https:\/\/www.organisator.ch\/management\/2021-11-16\/sustainability-nachhaltig-wirtschaften-und-arbeiten\/#primaryimage"},"image":{"@id":"https:\/\/www.organisator.ch\/management\/2021-11-16\/sustainability-nachhaltig-wirtschaften-und-arbeiten\/#primaryimage"},"thumbnailUrl":"https:\/\/www.organisator.ch\/wp-content\/uploads\/2021\/11\/Sustainability-Nachhaltig-wirtschaften-und-arbeiten-1_Organisator.jpg","datePublished":"2021-11-16T15:35:52+00:00","description":"On a beaucoup parl\u00e9 de durabilit\u00e9 lors de la COP26 \u00e0 Glasgow. Mais que signifie pour nous la durabilit\u00e9 ou sustainability ?","breadcrumb":{"@id":"https:\/\/www.organisator.ch\/management\/2021-11-16\/sustainability-nachhaltig-wirtschaften-und-arbeiten\/#breadcrumb"},"inLanguage":"fr-FR","potentialAction":[{"@type":"ReadAction","target":["https:\/\/www.organisator.ch\/management\/2021-11-16\/sustainability-nachhaltig-wirtschaften-und-arbeiten\/"]}]},{"@type":"ImageObject","inLanguage":"fr-FR","@id":"https:\/\/www.organisator.ch\/management\/2021-11-16\/sustainability-nachhaltig-wirtschaften-und-arbeiten\/#primaryimage","url":"https:\/\/www.organisator.ch\/wp-content\/uploads\/2021\/11\/Sustainability-Nachhaltig-wirtschaften-und-arbeiten-1_Organisator.jpg","contentUrl":"https:\/\/www.organisator.ch\/wp-content\/uploads\/2021\/11\/Sustainability-Nachhaltig-wirtschaften-und-arbeiten-1_Organisator.jpg","width":680,"height":453,"caption":"Der Begriff \"Sustainability\" bzw. Nachhaltigkeit ist in aller Munde. Die Wirtschaft muss sich damit noch st\u00e4rker auseinandersetzen. (Bild: Pixabay.com)"},{"@type":"BreadcrumbList","@id":"https:\/\/www.organisator.ch\/management\/2021-11-16\/sustainability-nachhaltig-wirtschaften-und-arbeiten\/#breadcrumb","itemListElement":[{"@type":"ListItem","position":1,"name":"Home","item":"https:\/\/www.organisator.ch\/"},{"@type":"ListItem","position":2,"name":"Sustainability: Nachhaltig wirtschaften und arbeiten"}]},{"@type":"WebSite","@id":"https:\/\/www.organisator.ch\/#website","url":"https:\/\/www.organisator.ch\/","name":"Organisateur","description":"Comp\u00e9tence et comp\u00e9tence. Proches de la pratique. L'ORGANISATEUR pr\u00e9pare 10 num\u00e9ros par an sur les th\u00e8mes essentiels pour les dirigeants de PME.","publisher":{"@id":"https:\/\/www.organisator.ch\/#organization"},"potentialAction":[{"@type":"SearchAction","target":{"@type":"EntryPoint","urlTemplate":"https:\/\/www.organisator.ch\/?s={search_term_string}"},"query-input":{"@type":"PropertyValueSpecification","valueRequired":true,"valueName":"search_term_string"}}],"inLanguage":"fr-FR"},{"@type":"Organization","@id":"https:\/\/www.organisator.ch\/#organization","name":"Organisateur","url":"https:\/\/www.organisator.ch\/","logo":{"@type":"ImageObject","inLanguage":"fr-FR","@id":"https:\/\/www.organisator.ch\/#\/schema\/logo\/image\/","url":"https:\/\/www.organisator.ch\/wp-content\/uploads\/2022\/01\/Logo_Organisator_Website.png","contentUrl":"https:\/\/www.organisator.ch\/wp-content\/uploads\/2022\/01\/Logo_Organisator_Website.png","width":800,"height":77,"caption":"Organisator"},"image":{"@id":"https:\/\/www.organisator.ch\/#\/schema\/logo\/image\/"},"sameAs":["https:\/\/www.facebook.com\/OrganisatorFachmagazin","https:\/\/www.linkedin.com\/showcase\/organisator-das-magazin-fr-kmu","https:\/\/www.xing.com\/news\/pages\/organisator-ch-695","https:\/\/www.youtube.com\/channel\/UCGP2Sq0iWaZwT3BdIAQFYpw"]},{"@type":"Person","@id":"https:\/\/www.organisator.ch\/#\/schema\/person\/6f650f90b2842cd4c0cc334b4e36f67e","name":"thomas.berner","image":{"@type":"ImageObject","inLanguage":"fr-FR","@id":"https:\/\/secure.gravatar.com\/avatar\/ac5001d2a36cb6c6cd3e50789007ffca834b477b74a2144564522e944eabff61?s=96&d=mm&r=g","url":"https:\/\/secure.gravatar.com\/avatar\/ac5001d2a36cb6c6cd3e50789007ffca834b477b74a2144564522e944eabff61?s=96&d=mm&r=g","contentUrl":"https:\/\/secure.gravatar.com\/avatar\/ac5001d2a36cb6c6cd3e50789007ffca834b477b74a2144564522e944eabff61?s=96&d=mm&r=g","caption":"thomas.berner"},"url":"https:\/\/www.organisator.ch\/fr\/author\/thomas-berner\/"}]}},"_links":{"self":[{"href":"https:\/\/www.organisator.ch\/fr\/wp-json\/wp\/v2\/posts\/11765","targetHints":{"allow":["GET"]}}],"collection":[{"href":"https:\/\/www.organisator.ch\/fr\/wp-json\/wp\/v2\/posts"}],"about":[{"href":"https:\/\/www.organisator.ch\/fr\/wp-json\/wp\/v2\/types\/post"}],"author":[{"embeddable":true,"href":"https:\/\/www.organisator.ch\/fr\/wp-json\/wp\/v2\/users\/4"}],"replies":[{"embeddable":true,"href":"https:\/\/www.organisator.ch\/fr\/wp-json\/wp\/v2\/comments?post=11765"}],"version-history":[{"count":0,"href":"https:\/\/www.organisator.ch\/fr\/wp-json\/wp\/v2\/posts\/11765\/revisions"}],"wp:featuredmedia":[{"embeddable":true,"href":"https:\/\/www.organisator.ch\/fr\/wp-json\/wp\/v2\/media\/11545"}],"wp:attachment":[{"href":"https:\/\/www.organisator.ch\/fr\/wp-json\/wp\/v2\/media?parent=11765"}],"wp:term":[{"taxonomy":"category","embeddable":true,"href":"https:\/\/www.organisator.ch\/fr\/wp-json\/wp\/v2\/categories?post=11765"},{"taxonomy":"post_tag","embeddable":true,"href":"https:\/\/www.organisator.ch\/fr\/wp-json\/wp\/v2\/tags?post=11765"}],"curies":[{"name":"wp","href":"https:\/\/api.w.org\/{rel}","templated":true}]}}