{"id":11766,"date":"2021-11-17T19:07:25","date_gmt":"2021-11-17T18:07:25","guid":{"rendered":"https:\/\/www.organisator.ch\/?p=8854"},"modified":"2021-11-17T19:07:25","modified_gmt":"2021-11-17T18:07:25","slug":"nachhaltigkeits-themen-bei-dhdl-schweiz-folge-3-4","status":"publish","type":"post","link":"https:\/\/www.organisator.ch\/fr\/management\/2021-11-17\/nachhaltigkeits-themen-bei-dhdl-schweiz-folge-3-4\/","title":{"rendered":"Les th\u00e8mes du d\u00e9veloppement durable chez DHDL Suisse, \u00e9pisode 3\/4"},"content":{"rendered":"<figure id=\"attachment_8855\" aria-describedby=\"caption-attachment-8855\" style=\"width: 680px\" class=\"wp-caption alignnone\"><a href=\"https:\/\/www.organisator.ch\/wp-content\/uploads\/2021\/11\/Nachhaltigkeits-Themen-bei-DHDL-Schweiz-Folge-3-4-1_Organisator.jpg\"><img loading=\"lazy\" decoding=\"async\" class=\"size-medium wp-image-8855\" src=\"https:\/\/www.organisator.ch\/wp-content\/uploads\/2021\/11\/Nachhaltigkeits-Themen-bei-DHDL-Schweiz-Folge-3-4-1_Organisator.jpg\" alt=\"\" width=\"680\" height=\"450\" srcset=\"https:\/\/www.organisator.ch\/wp-content\/uploads\/2021\/11\/Nachhaltigkeits-Themen-bei-DHDL-Schweiz-Folge-3-4-1_Organisator.jpg 680w, https:\/\/www.organisator.ch\/wp-content\/uploads\/2021\/11\/Nachhaltigkeits-Themen-bei-DHDL-Schweiz-Folge-3-4-1_Organisator-18x12.jpg 18w, https:\/\/www.organisator.ch\/wp-content\/uploads\/2021\/11\/Nachhaltigkeits-Themen-bei-DHDL-Schweiz-Folge-3-4-1_Organisator-264x175.jpg 264w, https:\/\/www.organisator.ch\/wp-content\/uploads\/2021\/11\/Nachhaltigkeits-Themen-bei-DHDL-Schweiz-Folge-3-4-1_Organisator-529x350.jpg 529w, https:\/\/www.organisator.ch\/wp-content\/uploads\/2021\/11\/Nachhaltigkeits-Themen-bei-DHDL-Schweiz-Folge-3-4-1_Organisator-300x199.jpg 300w\" sizes=\"auto, (max-width: 680px) 100vw, 680px\" \/><\/a><figcaption id=\"caption-attachment-8855\" class=\"wp-caption-text\">A marqu\u00e9 des points aupr\u00e8s des lions avec les th\u00e8mes de la durabilit\u00e9 : La start-up allemande \"Nomoo\" peut d\u00e9coller en Suisse avec sa glace v\u00e9g\u00e9talienne gr\u00e2ce \u00e0 un investissement de 500'000 francs. (Image : Image : \u00a9CHMedia \/ Kim Christen)<\/figcaption><\/figure>\n<p>Le timing de l'\u00e9mission du 16 novembre 2021 n'\u00e9tait pas mauvais du tout : la COP26 \u00e0 Glasgow vient de s'achever. On y a beaucoup parl\u00e9 de durabilit\u00e9, mais - nous le savons - relativement peu de d\u00e9cisions ont \u00e9t\u00e9 prises. Pourtant, les th\u00e8mes de la durabilit\u00e9 pr\u00e9occupent \u00e9galement les jeunes entreprises, et ce de mani\u00e8re bien plus concr\u00e8te que les politiciens.<\/p>\n<h2>La glace v\u00e9g\u00e9talienne fait fondre le c\u0153ur des lions<\/h2>\n<p>Par exemple \"Nomoo\" avec Rebecca G\u00f6ckel et Jan Grabow de Cologne : \"Durable et saine\" pourrait \u00eatre le slogan de leur glace v\u00e9g\u00e9talienne. Mais \"Nomoo\" signifie \"glace sans vache\" (\"kein Muh\"). Rebecca et Jan sont en train de conqu\u00e9rir le march\u00e9 allemand avec un dessert enti\u00e8rement \u00e0 base de plantes, produit de mani\u00e8re durable et avec un minimum d'\u00e9missions de CO2. Soutenus par Fabio Matticoli, ils veulent maintenant faire sensation en Suisse aussi. Et c'est ce qu'ils font avec leur pr\u00e9sentation. M\u00eame si Jan est apparu un peu didactique avec son bref expos\u00e9 sur les calottes polaires qui fondent, les trois fondateurs ont montr\u00e9 avec professionnalisme les potentiels de march\u00e9 et les avantages de leur dessert glac\u00e9 v\u00e9g\u00e9talien, qui existe d\u00e9j\u00e0 en neuf parfums. Leur offre aux lions : 450'000 francs pour 4 pour cent de parts de l'entreprise. \"Un montant sportif\", comme l'a constat\u00e9 le lion J\u00fcrg Schwarzenbach. Mais la glace v\u00e9g\u00e9talienne a plu \u00e0 tout le monde et la perspective d'un bon chiffre d'affaires - \"Nomoo\" pr\u00e9voit de d\u00e9passer la barre des 10 millions en 2022 - a fait briller les signes de dollars chez les cinq investisseurs. J\u00fcrg Schwarzenbach a propos\u00e9 que tous s'engagent \u00e0 hauteur de 100'000 francs chacun contre cinq pour cent de parts de l'entreprise. Une offre \u00e0 laquelle les trois fondateurs ont voulu r\u00e9fl\u00e9chir \u00e0 deux fois. Ils ont fait une contre-offre : 600'000 francs pour cinq pour cent de parts. Mais les lions sont rest\u00e9s fermes, Patrick Mollet : \"Take it or leave it\". Et c'est ainsi que l'accord a \u00e9t\u00e9 conclu : les cinq lions entrent chez \"Nomoo\" avec 500'000 francs - un bel exemple de n\u00e9gociation r\u00e9ussie avec des investisseurs.<\/p>\n<h2><strong>La chasse au lion avec d'autres th\u00e8mes de durabilit\u00e9<\/strong><\/h2>\n<p>La solution des trois fr\u00e8res Christoph, Adrian et Patrik Bertschi et de leur entreprise \"SmartBreed\" \u00e9tait \u00e9galement ax\u00e9e sur la durabilit\u00e9. Ils ont d\u00e9velopp\u00e9 une bo\u00eete d'\u00e9levage de sauterelles automatis\u00e9e. Ils souhaitent ainsi lutter contre la production d'aliments pour animaux \u00e0 base de soja, qui nuit \u00e0 l'environnement. Les bo\u00eetes d'\u00e9levage de sauterelles permettent aux zoos, aux agriculteurs et aux fabricants de produits alimentaires de produire leur propre nourriture prot\u00e9in\u00e9e. Les criquets se nourrissent de sous-produits agricoles. Elles sont ensuite donn\u00e9es aux animaux de zoo et aux poules pondeuses ou transform\u00e9es pour la consommation humaine. On pourrait donc dire que les lions rencontrent la nourriture pour animaux, et ils ont bien mordu \u00e0 l'hame\u00e7on. Les trois fr\u00e8res voulaient 100'000 francs contre 2 pour cent de parts de l'entreprise, mais J\u00fcrg Schwarzenbach a rapidement dit : \"Il vous faut plus\" et a propos\u00e9 300'000 contre 10 pour cent. Roland Brack a \u00e9galement fait une offre : 200'000 contre 10 pour cent. Patrick Mollet a lui aussi propos\u00e9 100'000 francs, demandant en \u00e9change 3 pour cent de parts de l'entreprise. Apr\u00e8s une br\u00e8ve concertation, les trois fr\u00e8res ont accept\u00e9 l'offre de J\u00fcrg Schwarzenbach. Il faut maintenant trouver des agriculteurs qui se montrent aussi innovants que les trois jeunes entrepreneurs.<\/p>\n<figure id=\"attachment_8856\" aria-describedby=\"caption-attachment-8856\" style=\"width: 680px\" class=\"wp-caption alignnone\"><a href=\"https:\/\/www.organisator.ch\/wp-content\/uploads\/2021\/11\/Nachhaltigkeits-Themen-bei-DHDL-Schweiz-Folge-3-4-2_Organisator.jpg\"><img loading=\"lazy\" decoding=\"async\" class=\"size-medium wp-image-8856\" src=\"https:\/\/www.organisator.ch\/wp-content\/uploads\/2021\/11\/Nachhaltigkeits-Themen-bei-DHDL-Schweiz-Folge-3-4-2_Organisator.jpg\" alt=\"\" width=\"680\" height=\"454\" \/><\/a><figcaption id=\"caption-attachment-8856\" class=\"wp-caption-text\">L'investisseur Tobias Reichmuth, en principe sp\u00e9cialis\u00e9 dans les th\u00e8mes de la durabilit\u00e9, se fait montrer la bo\u00eete d'\u00e9levage de sauterelles de SmartBreed. (Image : Image : \u00a9CHMedia \/ Kim Christen)<\/figcaption><\/figure>\n<h2><strong>Une fois de plus, une entreprise Fintech repart bredouille<\/strong><\/h2>\n<p>Le fait que les entreprises Fintech aient du mal \u00e0 s'imposer chez les Louves est d\u00e9j\u00e0 connu. <a href=\"https:\/\/www.organisator.ch\/die-hoehle-der-loewen-schweiz-3-1-von-gin-grass-flipflops-und-zu-hohen-bewertungen\/\">un \u00e9pisode pr\u00e9c\u00e9dent<\/a> ont montr\u00e9. Cette impression s'est \u00e9galement confirm\u00e9e avec l'id\u00e9e commerciale d'Ivan Sosio et d'Oliver Steeg : avec \"Sparbatze\", ils ont cr\u00e9\u00e9 une plateforme de pr\u00e9voyance num\u00e9rique. Par le biais d'une application, des prestations dans les domaines du placement, des assurances et des finances doivent \u00eatre rendues facilement accessibles aux personnes qui ne veulent pas trop se pr\u00e9occuper de ces questions, mais qui souhaitent tout de m\u00eame mettre de l'argent de c\u00f4t\u00e9 pour le pilier 3a. Avec \"Sparbatze\", l'utilisateur investit exclusivement dans des titres, et pas n'importe lesquels : selon ses propres dires, \"Sparbatze\" est la premi\u00e8re entreprise de Suisse \u00e0 permettre \u00e0 ses clients d'investir dans des cat\u00e9gories th\u00e9matiques telles que Greentech, Robotics ou Gleichberechtigung. \"Tout ce que l'on a d\u00e9j\u00e0 entendu maintes fois\", c'est ce que pensent les lions. M\u00eame le fait que le sprinter de haies Kariem Hussein soit un ambassadeur c\u00e9l\u00e8bre de la marque n'a rien chang\u00e9 au fait qu'aucun des cinq lions n'ait pu s'enthousiasmer pour le produit. Tobias Reichmuth, par exemple, ne s'est pas montr\u00e9 tr\u00e8s enthousiaste \u00e0 l'id\u00e9e que deux grands partenaires, une banque cantonale et une assurance, soient d\u00e9j\u00e0 impliqu\u00e9s. Il n'y a donc pas eu d'accord, d'autant plus que les trois hommes semblaient avoir oubli\u00e9 un d\u00e9tail important : montrer comment fonctionne leur application...<\/p>\n<figure id=\"attachment_8857\" aria-describedby=\"caption-attachment-8857\" style=\"width: 680px\" class=\"wp-caption alignnone\"><a href=\"https:\/\/www.organisator.ch\/wp-content\/uploads\/2021\/11\/Nachhaltigkeits-Themen-bei-DHDL-Schweiz-Folge-3-4-3_Organisator.jpg\"><img loading=\"lazy\" decoding=\"async\" class=\"size-medium wp-image-8857\" src=\"https:\/\/www.organisator.ch\/wp-content\/uploads\/2021\/11\/Nachhaltigkeits-Themen-bei-DHDL-Schweiz-Folge-3-4-3_Organisator.jpg\" alt=\"\" width=\"680\" height=\"454\" srcset=\"https:\/\/www.organisator.ch\/wp-content\/uploads\/2021\/11\/Nachhaltigkeits-Themen-bei-DHDL-Schweiz-Folge-3-4-3_Organisator.jpg 680w, https:\/\/www.organisator.ch\/wp-content\/uploads\/2021\/11\/Nachhaltigkeits-Themen-bei-DHDL-Schweiz-Folge-3-4-3_Organisator-18x12.jpg 18w, https:\/\/www.organisator.ch\/wp-content\/uploads\/2021\/11\/Nachhaltigkeits-Themen-bei-DHDL-Schweiz-Folge-3-4-3_Organisator-262x175.jpg 262w, https:\/\/www.organisator.ch\/wp-content\/uploads\/2021\/11\/Nachhaltigkeits-Themen-bei-DHDL-Schweiz-Folge-3-4-3_Organisator-524x350.jpg 524w, https:\/\/www.organisator.ch\/wp-content\/uploads\/2021\/11\/Nachhaltigkeits-Themen-bei-DHDL-Schweiz-Folge-3-4-3_Organisator-300x200.jpg 300w\" sizes=\"auto, (max-width: 680px) 100vw, 680px\" \/><\/a><figcaption id=\"caption-attachment-8857\" class=\"wp-caption-text\">Tous les arguments et m\u00eame l'ambassadeur de la marque Kariem Hussein (tout \u00e0 gauche) n'ont pas suffi : il n'y a pas eu de march\u00e9 pour le \"Sparbatze\" d'Ivan Sosio (\u00e0 droite) et Oliver Steeg (au centre). (Image : \u00a9CHMedia \/ Kim Christen)<\/figcaption><\/figure>\n<h2><strong>De la Suisse romande \u00e0 la Suisse al\u00e9manique<\/strong><\/h2>\n<p>Leila Delarive et Salvador Garcia de Lausanne ont ensuite apport\u00e9 du charme \u00e0 l'\u00e9mission avec leur plateforme publicitaire automatis\u00e9e \"Amplifiy\". Ils ont expliqu\u00e9 avec sympathie comment les petites entreprises, qui disposent g\u00e9n\u00e9ralement de budgets publicitaires extr\u00eamement limit\u00e9s, peuvent utiliser un assistant marketing num\u00e9rique avec \"Amplify\". Celui-ci permet une exp\u00e9rience publicitaire de bout en bout, comme la cr\u00e9ation de contenus, la vente d'annonces et la page de renvoi. En Suisse romande, la solution semble d\u00e9j\u00e0 bien fonctionner, les deux fondateurs font \u00e9tat de 2000 inscriptions, dont la moiti\u00e9 sont des utilisateurs actifs. Pour pouvoir se lancer \u00e9galement en Suisse al\u00e9manique, ils souhaitaient que les investisseurs leur apportent 250 000 francs en \u00e9change de 6% des parts de l'entreprise. Les plans de croissance d'\"Amplify\" sont ambitieux : ils veulent atteindre 3000 clients d'ici la fin de l'ann\u00e9e et 18 000 l'ann\u00e9e prochaine. Cela a provoqu\u00e9 un froncement de sourcils chez J\u00fcrg Schwarzenbach : Il ne croit pas \u00e0 une croissance aussi rapide et s'est retir\u00e9 de la suite des n\u00e9gociations. Les lions ont \u00e9galement remis en question le positionnement un peu flou vis-\u00e0-vis de Google Ads et des clients qui n'ont pas encore d'affinit\u00e9s avec le num\u00e9rique. Anja Graf et Roland Brack ont n\u00e9anmoins fait une offre de 250 000 francs contre une participation de 10 pour cent. Leila Delarive et Salvador Garcia n'ont pas eu \u00e0 r\u00e9fl\u00e9chir longtemps avant de sauter sur l'occasion.<\/p>\n<h2><strong>Une invention bien pens\u00e9e - mais plut\u00f4t une passion<\/strong><\/h2>\n<p>Christian Schmid, pilote de ligne de formation, a pr\u00e9sent\u00e9 aux cinq lions son invention \"Swiss Cobra\". Il s'agit d'un \"support de combustion\" pour les chemin\u00e9es. Les b\u00fbches peuvent y \u00eatre empil\u00e9es de mani\u00e8re \u00e0 ce qu'elles ne se touchent pas. Cela permet un \u00e9change air-gaz optimal dans la chemin\u00e9e, comme l'a expliqu\u00e9 Christian Schmid. S'il est utilis\u00e9 correctement, le propri\u00e9taire de la chemin\u00e9e \u00e9conomise du bois et pr\u00e9serve l'environnement gr\u00e2ce \u00e0 la r\u00e9duction des poussi\u00e8res fines et des \u00e9missions d'oxyde d'azote. De plus, l'entreprise plante un arbre pour chaque produit vendu. Un produit globalement bien pens\u00e9, comme l'ont \u00e9galement constat\u00e9 les lions. Mais \u00e0 119 francs, il a un prix. Avec environ 11 millions de propri\u00e9taires de chemin\u00e9es dans l'espace DACH, cela repr\u00e9sente une somme consid\u00e9rable. Pourtant, il n'y a pas eu d'accord - Christian Schmid souhaitait un investissement de 80 000 francs contre une participation de 20 pour cent. Roland Brack a au moins propos\u00e9 d'int\u00e9grer la \"Swiss Cobra\" dans son assortiment.<\/p>\n<h2><strong>Les start-ups prennent les devants sur les th\u00e8mes de la durabilit\u00e9<\/strong><\/h2>\n<p>Conclusion de cette \u00e9mission : Alors que les hommes et femmes politiques discutent de durabilit\u00e9 au plus haut niveau, quasiment sans r\u00e9sultat, il existe des entrepreneurs ing\u00e9nieux qui misent sur les actes plut\u00f4t que sur les mots. Dans certains cas, cela a m\u00eame \u00e9t\u00e9 r\u00e9compens\u00e9 par des investissements de renom. On attend avec impatience de voir ce qu'il en adviendra. L'un des succ\u00e8s de l'une des derni\u00e8res saisons de \"Die H\u00f6hle der L\u00f6wen Schweiz\" a \u00e9galement \u00e9t\u00e9 le sous-v\u00eatement durable par abonnement appel\u00e9 \"Flizzer\". Gr\u00e2ce aux investissements de Roland Brack et d'Anja Graf, l'entreprise bernoise s'est d\u00e9velopp\u00e9e et travaille actuellement \u00e0 la production de sous-v\u00eatements f\u00e9minins.<\/p>\n<p><em>Vous trouverez des interviews de deux investisseurs dans \"Die H\u00f6hle der L\u00f6wen Schweiz\".\u00a0<a href=\"https:\/\/www.organisator.ch\/die-hoehle-der-loewen-schweiz-die-loewen-lukas-speiser-und-patrick-mollet-im-gespraech\/\">ici,<\/a> une r\u00e9trospective de l'\u00e9mission du 9 novembre 2021 est disponible <a href=\"https:\/\/www.organisator.ch\/rekord-deal-bei-die-hoehle-der-loewen-schweiz-folge-3-3\/\">ici<\/a>.<\/em><\/p>\n<p><em>Informations sur les prochains envois :\u00a0<a href=\"https:\/\/www.3plus.tv\/die-hoehle-der-loewen-schweiz\">https:\/\/www.3plus.tv\/die-hoehle-der-loewen-schweiz<\/a><\/em><\/p>","protected":false},"excerpt":{"rendered":"<p>Das Timing der Sendung vom 16. November 2021 war gar nicht schlecht: Die COP26 in Glasgow ist eben zu Ende gegangen. \u00dcber Nachhaltigkeit wurde dort viel diskutiert, aber \u2013 wir wissen es \u2013 relativ wenig entschieden. Doch Nachhaltigkeits-Themen besch\u00e4ftigen auch Jungunternehmen, und dies um einiges konkreter als auf Politiker. Veganes Eis l\u00e4sst L\u00f6wen-Herzen schmelzen Etwa [&hellip;]<\/p>\n","protected":false},"author":4,"featured_media":8855,"comment_status":"closed","ping_status":"closed","sticky":false,"template":"","format":"standard","meta":{"_acf_changed":false,"_yoast_wpseo_focuskw":"Nachhaltigkeits-Themen","_yoast_wpseo_metadesc":"Nach den finanziellen H\u00f6henfl\u00fcgen der letzten Wochen wurden in DHDL Schweiz wieder kleinere Br\u00f6tchen gebacken. Daf\u00fcr ging es um Nachhaltigkeits-Themen.","articlekey":"","footnotes":""},"categories":[28],"tags":[2683,451,492,508],"class_list":["post-11766","post","type-post","status-publish","format-standard","has-post-thumbnail","hentry","category-management","tag-hoehle-der-loewen","tag-startups","tag-unternehmen","tag-vermischtes"],"acf":[],"yoast_head":"<!-- This site is optimized with the Yoast SEO plugin v27.4 - https:\/\/yoast.com\/product\/yoast-seo-wordpress\/ -->\n<title>Nachhaltigkeits-Themen bei DHDL Schweiz, Folge 3\/4 - Organisator<\/title>\n<meta name=\"description\" content=\"Nach den finanziellen H\u00f6henfl\u00fcgen der letzten Wochen wurden in DHDL Schweiz wieder kleinere Br\u00f6tchen gebacken. Daf\u00fcr ging es um Nachhaltigkeits-Themen.\" \/>\n<meta name=\"robots\" content=\"index, follow, max-snippet:-1, max-image-preview:large, max-video-preview:-1\" \/>\n<link rel=\"canonical\" href=\"https:\/\/www.organisator.ch\/fr\/gestion-2\/2021-11-17\/nachhaltigkeits-themen-bei-dhdl-schweiz-folge-3-4\/\" \/>\n<meta property=\"og:locale\" content=\"fr_FR\" \/>\n<meta property=\"og:type\" content=\"article\" \/>\n<meta property=\"og:title\" content=\"Nachhaltigkeits-Themen bei DHDL Schweiz, Folge 3\/4\" \/>\n<meta property=\"og:description\" content=\"Nach den finanziellen H\u00f6henfl\u00fcgen der letzten Wochen wurden in DHDL Schweiz wieder kleinere Br\u00f6tchen gebacken. Daf\u00fcr ging es um Nachhaltigkeits-Themen.\" \/>\n<meta property=\"og:url\" content=\"https:\/\/www.organisator.ch\/fr\/gestion-2\/2021-11-17\/nachhaltigkeits-themen-bei-dhdl-schweiz-folge-3-4\/\" \/>\n<meta property=\"og:site_name\" content=\"Organisator\" \/>\n<meta property=\"article:publisher\" content=\"https:\/\/www.facebook.com\/OrganisatorFachmagazin\" \/>\n<meta property=\"article:published_time\" content=\"2021-11-17T18:07:25+00:00\" \/>\n<meta property=\"og:image\" content=\"https:\/\/www.organisator.ch\/wp-content\/uploads\/2021\/11\/Nachhaltigkeits-Themen-bei-DHDL-Schweiz-Folge-3-4-1_Organisator.jpg\" \/>\n\t<meta property=\"og:image:width\" content=\"680\" \/>\n\t<meta property=\"og:image:height\" content=\"450\" \/>\n\t<meta property=\"og:image:type\" content=\"image\/jpeg\" \/>\n<meta name=\"author\" content=\"thomas.berner\" \/>\n<meta name=\"twitter:card\" content=\"summary_large_image\" \/>\n<meta name=\"twitter:title\" content=\"#Nachhaltigkeits-Themen bei #DHDL Schweiz, Folge 3\/4\" \/>\n<meta name=\"twitter:description\" content=\"Nach den finanziellen #H\u00f6henfl\u00fcgen der letzten Wochen wurden in dieser #DHDL Schweiz wieder kleinere Br\u00f6tchen gebacken. Daf\u00fcr ging es um #Nachhaltigkeits-Themen.\" \/>\n<meta name=\"twitter:image\" content=\"https:\/\/www.organisator.ch\/wp-content\/uploads\/2021\/11\/Nachhaltigkeits-Themen-bei-DHDL-Schweiz-Folge-3-4-1_Organisator.jpg\" \/>\n<script type=\"application\/ld+json\" class=\"yoast-schema-graph\">{\"@context\":\"https:\\\/\\\/schema.org\",\"@graph\":[{\"@type\":\"Article\",\"@id\":\"https:\\\/\\\/www.organisator.ch\\\/management\\\/2021-11-17\\\/nachhaltigkeits-themen-bei-dhdl-schweiz-folge-3-4\\\/#article\",\"isPartOf\":{\"@id\":\"https:\\\/\\\/www.organisator.ch\\\/management\\\/2021-11-17\\\/nachhaltigkeits-themen-bei-dhdl-schweiz-folge-3-4\\\/\"},\"author\":{\"name\":\"thomas.berner\",\"@id\":\"https:\\\/\\\/www.organisator.ch\\\/#\\\/schema\\\/person\\\/6f650f90b2842cd4c0cc334b4e36f67e\"},\"headline\":\"Nachhaltigkeits-Themen bei DHDL Schweiz, Folge 3\\\/4\",\"datePublished\":\"2021-11-17T18:07:25+00:00\",\"mainEntityOfPage\":{\"@id\":\"https:\\\/\\\/www.organisator.ch\\\/management\\\/2021-11-17\\\/nachhaltigkeits-themen-bei-dhdl-schweiz-folge-3-4\\\/\"},\"wordCount\":1318,\"publisher\":{\"@id\":\"https:\\\/\\\/www.organisator.ch\\\/#organization\"},\"image\":{\"@id\":\"https:\\\/\\\/www.organisator.ch\\\/management\\\/2021-11-17\\\/nachhaltigkeits-themen-bei-dhdl-schweiz-folge-3-4\\\/#primaryimage\"},\"thumbnailUrl\":\"https:\\\/\\\/www.organisator.ch\\\/wp-content\\\/uploads\\\/2021\\\/11\\\/Nachhaltigkeits-Themen-bei-DHDL-Schweiz-Folge-3-4-1_Organisator.jpg\",\"keywords\":[\"H\u00f6hle der L\u00f6wen\",\"Startups\",\"Unternehmen\",\"Vermischtes\"],\"articleSection\":[\"MANAGEMENT\"],\"inLanguage\":\"fr-FR\"},{\"@type\":\"WebPage\",\"@id\":\"https:\\\/\\\/www.organisator.ch\\\/management\\\/2021-11-17\\\/nachhaltigkeits-themen-bei-dhdl-schweiz-folge-3-4\\\/\",\"url\":\"https:\\\/\\\/www.organisator.ch\\\/management\\\/2021-11-17\\\/nachhaltigkeits-themen-bei-dhdl-schweiz-folge-3-4\\\/\",\"name\":\"Nachhaltigkeits-Themen bei DHDL Schweiz, Folge 3\\\/4 - Organisator\",\"isPartOf\":{\"@id\":\"https:\\\/\\\/www.organisator.ch\\\/#website\"},\"primaryImageOfPage\":{\"@id\":\"https:\\\/\\\/www.organisator.ch\\\/management\\\/2021-11-17\\\/nachhaltigkeits-themen-bei-dhdl-schweiz-folge-3-4\\\/#primaryimage\"},\"image\":{\"@id\":\"https:\\\/\\\/www.organisator.ch\\\/management\\\/2021-11-17\\\/nachhaltigkeits-themen-bei-dhdl-schweiz-folge-3-4\\\/#primaryimage\"},\"thumbnailUrl\":\"https:\\\/\\\/www.organisator.ch\\\/wp-content\\\/uploads\\\/2021\\\/11\\\/Nachhaltigkeits-Themen-bei-DHDL-Schweiz-Folge-3-4-1_Organisator.jpg\",\"datePublished\":\"2021-11-17T18:07:25+00:00\",\"description\":\"Nach den finanziellen H\u00f6henfl\u00fcgen der letzten Wochen wurden in DHDL Schweiz wieder kleinere Br\u00f6tchen gebacken. Daf\u00fcr ging es um Nachhaltigkeits-Themen.\",\"breadcrumb\":{\"@id\":\"https:\\\/\\\/www.organisator.ch\\\/management\\\/2021-11-17\\\/nachhaltigkeits-themen-bei-dhdl-schweiz-folge-3-4\\\/#breadcrumb\"},\"inLanguage\":\"fr-FR\",\"potentialAction\":[{\"@type\":\"ReadAction\",\"target\":[\"https:\\\/\\\/www.organisator.ch\\\/management\\\/2021-11-17\\\/nachhaltigkeits-themen-bei-dhdl-schweiz-folge-3-4\\\/\"]}]},{\"@type\":\"ImageObject\",\"inLanguage\":\"fr-FR\",\"@id\":\"https:\\\/\\\/www.organisator.ch\\\/management\\\/2021-11-17\\\/nachhaltigkeits-themen-bei-dhdl-schweiz-folge-3-4\\\/#primaryimage\",\"url\":\"https:\\\/\\\/www.organisator.ch\\\/wp-content\\\/uploads\\\/2021\\\/11\\\/Nachhaltigkeits-Themen-bei-DHDL-Schweiz-Folge-3-4-1_Organisator.jpg\",\"contentUrl\":\"https:\\\/\\\/www.organisator.ch\\\/wp-content\\\/uploads\\\/2021\\\/11\\\/Nachhaltigkeits-Themen-bei-DHDL-Schweiz-Folge-3-4-1_Organisator.jpg\",\"width\":680,\"height\":450,\"caption\":\"Punkteten bei den L\u00f6wen mit Nachhaltigkeits-Themen: Das deutsche Startup \\\"Nomoo\\\" kann mit einem Investment von 500'000 Franken mit ihrer veganen Glac\u00e9 in der Schweiz durchstarten. (Bild: Bild: \u00a9CHMedia \\\/ Kim Christen)\"},{\"@type\":\"BreadcrumbList\",\"@id\":\"https:\\\/\\\/www.organisator.ch\\\/management\\\/2021-11-17\\\/nachhaltigkeits-themen-bei-dhdl-schweiz-folge-3-4\\\/#breadcrumb\",\"itemListElement\":[{\"@type\":\"ListItem\",\"position\":1,\"name\":\"Home\",\"item\":\"https:\\\/\\\/www.organisator.ch\\\/\"},{\"@type\":\"ListItem\",\"position\":2,\"name\":\"Nachhaltigkeits-Themen bei DHDL Schweiz, Folge 3\\\/4\"}]},{\"@type\":\"WebSite\",\"@id\":\"https:\\\/\\\/www.organisator.ch\\\/#website\",\"url\":\"https:\\\/\\\/www.organisator.ch\\\/\",\"name\":\"Organisator\",\"description\":\"Kompetent. Praxisnah. Der ORGANISATOR bereitet in 10 Ausgaben pro Jahr die wesentlichen Themen f\u00fcr F\u00fchrungskr\u00e4fte von KMU auf.\",\"publisher\":{\"@id\":\"https:\\\/\\\/www.organisator.ch\\\/#organization\"},\"potentialAction\":[{\"@type\":\"SearchAction\",\"target\":{\"@type\":\"EntryPoint\",\"urlTemplate\":\"https:\\\/\\\/www.organisator.ch\\\/?s={search_term_string}\"},\"query-input\":{\"@type\":\"PropertyValueSpecification\",\"valueRequired\":true,\"valueName\":\"search_term_string\"}}],\"inLanguage\":\"fr-FR\"},{\"@type\":\"Organization\",\"@id\":\"https:\\\/\\\/www.organisator.ch\\\/#organization\",\"name\":\"Organisator\",\"url\":\"https:\\\/\\\/www.organisator.ch\\\/\",\"logo\":{\"@type\":\"ImageObject\",\"inLanguage\":\"fr-FR\",\"@id\":\"https:\\\/\\\/www.organisator.ch\\\/#\\\/schema\\\/logo\\\/image\\\/\",\"url\":\"https:\\\/\\\/www.organisator.ch\\\/wp-content\\\/uploads\\\/2022\\\/01\\\/Logo_Organisator_Website.png\",\"contentUrl\":\"https:\\\/\\\/www.organisator.ch\\\/wp-content\\\/uploads\\\/2022\\\/01\\\/Logo_Organisator_Website.png\",\"width\":800,\"height\":77,\"caption\":\"Organisator\"},\"image\":{\"@id\":\"https:\\\/\\\/www.organisator.ch\\\/#\\\/schema\\\/logo\\\/image\\\/\"},\"sameAs\":[\"https:\\\/\\\/www.facebook.com\\\/OrganisatorFachmagazin\",\"https:\\\/\\\/www.linkedin.com\\\/showcase\\\/organisator-das-magazin-fr-kmu\",\"https:\\\/\\\/www.xing.com\\\/news\\\/pages\\\/organisator-ch-695\",\"https:\\\/\\\/www.youtube.com\\\/channel\\\/UCGP2Sq0iWaZwT3BdIAQFYpw\"]},{\"@type\":\"Person\",\"@id\":\"https:\\\/\\\/www.organisator.ch\\\/#\\\/schema\\\/person\\\/6f650f90b2842cd4c0cc334b4e36f67e\",\"name\":\"thomas.berner\",\"image\":{\"@type\":\"ImageObject\",\"inLanguage\":\"fr-FR\",\"@id\":\"https:\\\/\\\/secure.gravatar.com\\\/avatar\\\/ac5001d2a36cb6c6cd3e50789007ffca834b477b74a2144564522e944eabff61?s=96&d=mm&r=g\",\"url\":\"https:\\\/\\\/secure.gravatar.com\\\/avatar\\\/ac5001d2a36cb6c6cd3e50789007ffca834b477b74a2144564522e944eabff61?s=96&d=mm&r=g\",\"contentUrl\":\"https:\\\/\\\/secure.gravatar.com\\\/avatar\\\/ac5001d2a36cb6c6cd3e50789007ffca834b477b74a2144564522e944eabff61?s=96&d=mm&r=g\",\"caption\":\"thomas.berner\"},\"url\":\"https:\\\/\\\/www.organisator.ch\\\/fr\\\/author\\\/thomas-berner\\\/\"}]}<\/script>\n<!-- \/ Yoast SEO plugin. -->","yoast_head_json":{"title":"Les th\u00e8mes du d\u00e9veloppement durable chez DHDL Suisse, \u00e9pisode 3\/4 - Organisateur","description":"Apr\u00e8s les envol\u00e9es financi\u00e8res des derni\u00e8res semaines, DHDL Suisse a de nouveau pr\u00e9par\u00e9 des petits pains. En revanche, les th\u00e8mes de la durabilit\u00e9 ont \u00e9t\u00e9 abord\u00e9s.","robots":{"index":"index","follow":"follow","max-snippet":"max-snippet:-1","max-image-preview":"max-image-preview:large","max-video-preview":"max-video-preview:-1"},"canonical":"https:\/\/www.organisator.ch\/fr\/gestion-2\/2021-11-17\/nachhaltigkeits-themen-bei-dhdl-schweiz-folge-3-4\/","og_locale":"fr_FR","og_type":"article","og_title":"Nachhaltigkeits-Themen bei DHDL Schweiz, Folge 3\/4","og_description":"Nach den finanziellen H\u00f6henfl\u00fcgen der letzten Wochen wurden in DHDL Schweiz wieder kleinere Br\u00f6tchen gebacken. Daf\u00fcr ging es um Nachhaltigkeits-Themen.","og_url":"https:\/\/www.organisator.ch\/fr\/gestion-2\/2021-11-17\/nachhaltigkeits-themen-bei-dhdl-schweiz-folge-3-4\/","og_site_name":"Organisator","article_publisher":"https:\/\/www.facebook.com\/OrganisatorFachmagazin","article_published_time":"2021-11-17T18:07:25+00:00","og_image":[{"width":680,"height":450,"url":"https:\/\/www.organisator.ch\/wp-content\/uploads\/2021\/11\/Nachhaltigkeits-Themen-bei-DHDL-Schweiz-Folge-3-4-1_Organisator.jpg","type":"image\/jpeg"}],"author":"thomas.berner","twitter_card":"summary_large_image","twitter_title":"#Nachhaltigkeits-Themen bei #DHDL Schweiz, Folge 3\/4","twitter_description":"Nach den finanziellen #H\u00f6henfl\u00fcgen der letzten Wochen wurden in dieser #DHDL Schweiz wieder kleinere Br\u00f6tchen gebacken. Daf\u00fcr ging es um #Nachhaltigkeits-Themen.","twitter_image":"https:\/\/www.organisator.ch\/wp-content\/uploads\/2021\/11\/Nachhaltigkeits-Themen-bei-DHDL-Schweiz-Folge-3-4-1_Organisator.jpg","schema":{"@context":"https:\/\/schema.org","@graph":[{"@type":"Article","@id":"https:\/\/www.organisator.ch\/management\/2021-11-17\/nachhaltigkeits-themen-bei-dhdl-schweiz-folge-3-4\/#article","isPartOf":{"@id":"https:\/\/www.organisator.ch\/management\/2021-11-17\/nachhaltigkeits-themen-bei-dhdl-schweiz-folge-3-4\/"},"author":{"name":"thomas.berner","@id":"https:\/\/www.organisator.ch\/#\/schema\/person\/6f650f90b2842cd4c0cc334b4e36f67e"},"headline":"Nachhaltigkeits-Themen bei DHDL Schweiz, Folge 3\/4","datePublished":"2021-11-17T18:07:25+00:00","mainEntityOfPage":{"@id":"https:\/\/www.organisator.ch\/management\/2021-11-17\/nachhaltigkeits-themen-bei-dhdl-schweiz-folge-3-4\/"},"wordCount":1318,"publisher":{"@id":"https:\/\/www.organisator.ch\/#organization"},"image":{"@id":"https:\/\/www.organisator.ch\/management\/2021-11-17\/nachhaltigkeits-themen-bei-dhdl-schweiz-folge-3-4\/#primaryimage"},"thumbnailUrl":"https:\/\/www.organisator.ch\/wp-content\/uploads\/2021\/11\/Nachhaltigkeits-Themen-bei-DHDL-Schweiz-Folge-3-4-1_Organisator.jpg","keywords":["H\u00f6hle der L\u00f6wen","Startups","Unternehmen","Vermischtes"],"articleSection":["MANAGEMENT"],"inLanguage":"fr-FR"},{"@type":"WebPage","@id":"https:\/\/www.organisator.ch\/management\/2021-11-17\/nachhaltigkeits-themen-bei-dhdl-schweiz-folge-3-4\/","url":"https:\/\/www.organisator.ch\/management\/2021-11-17\/nachhaltigkeits-themen-bei-dhdl-schweiz-folge-3-4\/","name":"Les th\u00e8mes du d\u00e9veloppement durable chez DHDL Suisse, \u00e9pisode 3\/4 - Organisateur","isPartOf":{"@id":"https:\/\/www.organisator.ch\/#website"},"primaryImageOfPage":{"@id":"https:\/\/www.organisator.ch\/management\/2021-11-17\/nachhaltigkeits-themen-bei-dhdl-schweiz-folge-3-4\/#primaryimage"},"image":{"@id":"https:\/\/www.organisator.ch\/management\/2021-11-17\/nachhaltigkeits-themen-bei-dhdl-schweiz-folge-3-4\/#primaryimage"},"thumbnailUrl":"https:\/\/www.organisator.ch\/wp-content\/uploads\/2021\/11\/Nachhaltigkeits-Themen-bei-DHDL-Schweiz-Folge-3-4-1_Organisator.jpg","datePublished":"2021-11-17T18:07:25+00:00","description":"Apr\u00e8s les envol\u00e9es financi\u00e8res des derni\u00e8res semaines, DHDL Suisse a de nouveau pr\u00e9par\u00e9 des petits pains. En revanche, les th\u00e8mes de la durabilit\u00e9 ont \u00e9t\u00e9 abord\u00e9s.","breadcrumb":{"@id":"https:\/\/www.organisator.ch\/management\/2021-11-17\/nachhaltigkeits-themen-bei-dhdl-schweiz-folge-3-4\/#breadcrumb"},"inLanguage":"fr-FR","potentialAction":[{"@type":"ReadAction","target":["https:\/\/www.organisator.ch\/management\/2021-11-17\/nachhaltigkeits-themen-bei-dhdl-schweiz-folge-3-4\/"]}]},{"@type":"ImageObject","inLanguage":"fr-FR","@id":"https:\/\/www.organisator.ch\/management\/2021-11-17\/nachhaltigkeits-themen-bei-dhdl-schweiz-folge-3-4\/#primaryimage","url":"https:\/\/www.organisator.ch\/wp-content\/uploads\/2021\/11\/Nachhaltigkeits-Themen-bei-DHDL-Schweiz-Folge-3-4-1_Organisator.jpg","contentUrl":"https:\/\/www.organisator.ch\/wp-content\/uploads\/2021\/11\/Nachhaltigkeits-Themen-bei-DHDL-Schweiz-Folge-3-4-1_Organisator.jpg","width":680,"height":450,"caption":"Punkteten bei den L\u00f6wen mit Nachhaltigkeits-Themen: Das deutsche Startup \"Nomoo\" kann mit einem Investment von 500'000 Franken mit ihrer veganen Glac\u00e9 in der Schweiz durchstarten. (Bild: Bild: \u00a9CHMedia \/ Kim Christen)"},{"@type":"BreadcrumbList","@id":"https:\/\/www.organisator.ch\/management\/2021-11-17\/nachhaltigkeits-themen-bei-dhdl-schweiz-folge-3-4\/#breadcrumb","itemListElement":[{"@type":"ListItem","position":1,"name":"Home","item":"https:\/\/www.organisator.ch\/"},{"@type":"ListItem","position":2,"name":"Nachhaltigkeits-Themen bei DHDL Schweiz, Folge 3\/4"}]},{"@type":"WebSite","@id":"https:\/\/www.organisator.ch\/#website","url":"https:\/\/www.organisator.ch\/","name":"Organisateur","description":"Comp\u00e9tence et comp\u00e9tence. Proches de la pratique. L'ORGANISATEUR pr\u00e9pare 10 num\u00e9ros par an sur les th\u00e8mes essentiels pour les dirigeants de PME.","publisher":{"@id":"https:\/\/www.organisator.ch\/#organization"},"potentialAction":[{"@type":"SearchAction","target":{"@type":"EntryPoint","urlTemplate":"https:\/\/www.organisator.ch\/?s={search_term_string}"},"query-input":{"@type":"PropertyValueSpecification","valueRequired":true,"valueName":"search_term_string"}}],"inLanguage":"fr-FR"},{"@type":"Organization","@id":"https:\/\/www.organisator.ch\/#organization","name":"Organisateur","url":"https:\/\/www.organisator.ch\/","logo":{"@type":"ImageObject","inLanguage":"fr-FR","@id":"https:\/\/www.organisator.ch\/#\/schema\/logo\/image\/","url":"https:\/\/www.organisator.ch\/wp-content\/uploads\/2022\/01\/Logo_Organisator_Website.png","contentUrl":"https:\/\/www.organisator.ch\/wp-content\/uploads\/2022\/01\/Logo_Organisator_Website.png","width":800,"height":77,"caption":"Organisator"},"image":{"@id":"https:\/\/www.organisator.ch\/#\/schema\/logo\/image\/"},"sameAs":["https:\/\/www.facebook.com\/OrganisatorFachmagazin","https:\/\/www.linkedin.com\/showcase\/organisator-das-magazin-fr-kmu","https:\/\/www.xing.com\/news\/pages\/organisator-ch-695","https:\/\/www.youtube.com\/channel\/UCGP2Sq0iWaZwT3BdIAQFYpw"]},{"@type":"Person","@id":"https:\/\/www.organisator.ch\/#\/schema\/person\/6f650f90b2842cd4c0cc334b4e36f67e","name":"thomas.berner","image":{"@type":"ImageObject","inLanguage":"fr-FR","@id":"https:\/\/secure.gravatar.com\/avatar\/ac5001d2a36cb6c6cd3e50789007ffca834b477b74a2144564522e944eabff61?s=96&d=mm&r=g","url":"https:\/\/secure.gravatar.com\/avatar\/ac5001d2a36cb6c6cd3e50789007ffca834b477b74a2144564522e944eabff61?s=96&d=mm&r=g","contentUrl":"https:\/\/secure.gravatar.com\/avatar\/ac5001d2a36cb6c6cd3e50789007ffca834b477b74a2144564522e944eabff61?s=96&d=mm&r=g","caption":"thomas.berner"},"url":"https:\/\/www.organisator.ch\/fr\/author\/thomas-berner\/"}]}},"_links":{"self":[{"href":"https:\/\/www.organisator.ch\/fr\/wp-json\/wp\/v2\/posts\/11766","targetHints":{"allow":["GET"]}}],"collection":[{"href":"https:\/\/www.organisator.ch\/fr\/wp-json\/wp\/v2\/posts"}],"about":[{"href":"https:\/\/www.organisator.ch\/fr\/wp-json\/wp\/v2\/types\/post"}],"author":[{"embeddable":true,"href":"https:\/\/www.organisator.ch\/fr\/wp-json\/wp\/v2\/users\/4"}],"replies":[{"embeddable":true,"href":"https:\/\/www.organisator.ch\/fr\/wp-json\/wp\/v2\/comments?post=11766"}],"version-history":[{"count":0,"href":"https:\/\/www.organisator.ch\/fr\/wp-json\/wp\/v2\/posts\/11766\/revisions"}],"wp:featuredmedia":[{"embeddable":true,"href":"https:\/\/www.organisator.ch\/fr\/wp-json\/wp\/v2\/media\/8855"}],"wp:attachment":[{"href":"https:\/\/www.organisator.ch\/fr\/wp-json\/wp\/v2\/media?parent=11766"}],"wp:term":[{"taxonomy":"category","embeddable":true,"href":"https:\/\/www.organisator.ch\/fr\/wp-json\/wp\/v2\/categories?post=11766"},{"taxonomy":"post_tag","embeddable":true,"href":"https:\/\/www.organisator.ch\/fr\/wp-json\/wp\/v2\/tags?post=11766"}],"curies":[{"name":"wp","href":"https:\/\/api.w.org\/{rel}","templated":true}]}}