{"id":11768,"date":"2021-11-18T11:45:27","date_gmt":"2021-11-18T10:45:27","guid":{"rendered":"https:\/\/www.organisator.ch\/?p=8867"},"modified":"2021-11-18T11:45:27","modified_gmt":"2021-11-18T10:45:27","slug":"dr-egon-p-s-zehnder-mit-91-jahren-verstorben","status":"publish","type":"post","link":"https:\/\/www.organisator.ch\/fr\/management\/2021-11-18\/dr-egon-p-s-zehnder-mit-91-jahren-verstorben\/","title":{"rendered":"D\u00e9c\u00e8s du Dr Egon P. S. Zehnder \u00e0 l'\u00e2ge de 91 ans"},"content":{"rendered":"<figure id=\"attachment_8868\" aria-describedby=\"caption-attachment-8868\" style=\"width: 680px\" class=\"wp-caption alignnone\"><a href=\"https:\/\/www.organisator.ch\/wp-content\/uploads\/2021\/11\/Dr-Egon-P-S-Zehnder-mit-91-Jahren-verstorben_Organisator.jpg\"><img loading=\"lazy\" decoding=\"async\" class=\"size-medium wp-image-8868\" src=\"https:\/\/www.organisator.ch\/wp-content\/uploads\/2021\/11\/Dr-Egon-P-S-Zehnder-mit-91-Jahren-verstorben_Organisator.jpg\" alt=\"\" width=\"680\" height=\"582\" \/><\/a><figcaption id=\"caption-attachment-8868\" class=\"wp-caption-text\">Dr. Egon P. S. Zehnder : le fondateur du cabinet de conseil en ressources humaines du m\u00eame nom, actif dans le monde entier, est d\u00e9c\u00e9d\u00e9 le 16 novembre 2021. (Photo : zVg \/ Egon Zehnder)<\/figcaption><\/figure>\n<p>Dr. Egon P. S. Zehnder, fondateur de la c\u00e9l\u00e8bre soci\u00e9t\u00e9 de conseil en Executive Search et Leadership Advisory, aujourd'hui active dans le monde entier, est d\u00e9c\u00e9d\u00e9 le 16 novembre dans le cercle de sa famille. Zehnder succ\u00e8de \u00e0 son \u00e9pouse Brigitte et laisse derri\u00e8re lui ses cinq enfants Dominik, Andreas, Sven, Peter et Heidi ainsi que 16 petits-enfants.<\/p>\n<h2>Deuil pour le fondateur de l'entreprise<\/h2>\n<p>\"Nos pens\u00e9es vont \u00e0 sa famille\", d\u00e9clare la pr\u00e9sidente Jill Ader. \"Egon \u00e9tait une personnalit\u00e9 entrepreneuriale exceptionnelle, un esprit brillant qui se distinguait par une chaleur et une cordialit\u00e9 extraordinaires\". Le CEO mondial Ed Camara qualifie lui aussi de privil\u00e8ge le fait d'avoir connu l'entrepreneur suisse. \"Egon a pos\u00e9 la premi\u00e8re pierre de l'entreprise dans laquelle nous avons trouv\u00e9 un foyer professionnel. Nous lui devons beaucoup et partageons le deuil de sa famille\".<\/p>\n<h2>Egon P. S. Zehnder : un pionnier<\/h2>\n<p>N\u00e9 le 12 avril 1930, Egon Zehnder, dipl\u00f4m\u00e9 de Harvard, a fond\u00e9 \u00e0 l'\u00e2ge de 34 ans une entreprise qui est devenue au cours de sa vie un acteur mondial de premier plan parmi les soci\u00e9t\u00e9s de recherche de cadres. Contrairement \u00e0 la concurrence, Zehnder a tr\u00e8s t\u00f4t mis\u00e9 sur un partenariat paritaire, qui fait partie d'un ensemble de valeurs clairement d\u00e9finies et toujours en vigueur aujourd'hui. D\u00e8s 1976, il a c\u00e9d\u00e9 ses parts \u00e0 des partenaires \u00e9gaux, et en 2000, il a quitt\u00e9 l'entreprise \u00e0 laquelle il est rest\u00e9 \u00e9troitement li\u00e9. Jill Ader : \"Sa personnalit\u00e9 a marqu\u00e9 l'une des valeurs fondamentales de notre entreprise : la g\u00e9n\u00e9rosit\u00e9\". Ed Camara : \"L'esprit d'entreprise pionnier d'Egon a rendu possible notre mod\u00e8le de soci\u00e9t\u00e9 unique. Ses valeurs ont guid\u00e9 et guideront toujours notre entreprise, qui porte son nom\".<\/p>\n<p><em>Source : <a href=\"http:\/\/www.egonzehnder.com\">www.egonzehnder.com<\/a><\/em><\/p>","protected":false},"excerpt":{"rendered":"<p>Dr. Egon P. S. Zehnder, Gr\u00fcnder des bekannten, heute weltweit t\u00e4tigen Beratungsunternehmens f\u00fcr Executive Search und Leadership Advisory, verstarb am 16. November im Kreis seiner Familie. Zehnder folgt seiner Ehefrau Brigitte und hinterl\u00e4sst die f\u00fcnf Kinder Dominik, Andreas, Sven, Peter und Heidi sowie 16 Enkelkinder. Trauer um den Unternehmensgr\u00fcnder \u201eUnsere Gedanken sind bei seiner Familie\u201c, [&hellip;]<\/p>\n","protected":false},"author":4,"featured_media":11549,"comment_status":"closed","ping_status":"closed","sticky":false,"template":"","format":"standard","meta":{"_acf_changed":false,"_yoast_wpseo_focuskw":"Egon P. S. Zehnder","_yoast_wpseo_metadesc":"Dr. Egon P. S. Zehnder, Gr\u00fcnder der gleichnamigen Personalberatung, ist am 16. November 2021 nach kurzer Krankheit im Kreis seiner Familie verstorben.","articlekey":"","footnotes":""},"categories":[28],"tags":[334,2693,381],"class_list":["post-11768","post","type-post","status-publish","format-standard","has-post-thumbnail","hentry","category-management","tag-management","tag-personalberatung","tag-personalia"],"acf":[],"yoast_head":"<!-- This site is optimized with the Yoast SEO plugin v27.5 - https:\/\/yoast.com\/product\/yoast-seo-wordpress\/ -->\n<title>Dr. Egon P. S. Zehnder mit 91 Jahren verstorben - Organisator<\/title>\n<meta name=\"description\" content=\"Dr. Egon P. S. Zehnder, Gr\u00fcnder der gleichnamigen Personalberatung, ist am 16. November 2021 nach kurzer Krankheit im Kreis seiner Familie verstorben.\" \/>\n<meta name=\"robots\" content=\"index, follow, max-snippet:-1, max-image-preview:large, max-video-preview:-1\" \/>\n<link rel=\"canonical\" href=\"https:\/\/www.organisator.ch\/fr\/gestion-2\/2021-11-18\/dr-egon-p-s-zehnder-mit-91-jahren-verstorben\/\" \/>\n<meta property=\"og:locale\" content=\"fr_FR\" \/>\n<meta property=\"og:type\" content=\"article\" \/>\n<meta property=\"og:title\" content=\"Dr. Egon P. S. Zehnder mit 91 Jahren verstorben\" \/>\n<meta property=\"og:description\" content=\"Dr. Egon P. S. Zehnder, Gr\u00fcnder der gleichnamigen Personalberatung, ist am 16. November 2021 nach kurzer Krankheit im Kreis seiner Familie verstorben.\" \/>\n<meta property=\"og:url\" content=\"https:\/\/www.organisator.ch\/fr\/gestion-2\/2021-11-18\/dr-egon-p-s-zehnder-mit-91-jahren-verstorben\/\" \/>\n<meta property=\"og:site_name\" content=\"Organisator\" \/>\n<meta property=\"article:publisher\" content=\"https:\/\/www.facebook.com\/OrganisatorFachmagazin\" \/>\n<meta property=\"article:published_time\" content=\"2021-11-18T10:45:27+00:00\" \/>\n<meta name=\"author\" content=\"thomas.berner\" \/>\n<meta name=\"twitter:card\" content=\"summary_large_image\" \/>\n<meta name=\"twitter:title\" content=\"Dr. Egon P. S. #Zehnder mit 91 Jahren verstorben\" \/>\n<meta name=\"twitter:description\" content=\"Dr. Egon P. S. #Zehnder, Gr\u00fcnder der gleichnamigen Personalberatung, ist am 16. November 2021 nach kurzer Krankheit im Kreis seiner Familie verstorben.\" \/>\n<script type=\"application\/ld+json\" class=\"yoast-schema-graph\">{\"@context\":\"https:\\\/\\\/schema.org\",\"@graph\":[{\"@type\":\"Article\",\"@id\":\"https:\\\/\\\/www.organisator.ch\\\/management\\\/2021-11-18\\\/dr-egon-p-s-zehnder-mit-91-jahren-verstorben\\\/#article\",\"isPartOf\":{\"@id\":\"https:\\\/\\\/www.organisator.ch\\\/management\\\/2021-11-18\\\/dr-egon-p-s-zehnder-mit-91-jahren-verstorben\\\/\"},\"author\":{\"name\":\"thomas.berner\",\"@id\":\"https:\\\/\\\/www.organisator.ch\\\/#\\\/schema\\\/person\\\/6f650f90b2842cd4c0cc334b4e36f67e\"},\"headline\":\"Dr. Egon P. S. Zehnder mit 91 Jahren verstorben\",\"datePublished\":\"2021-11-18T10:45:27+00:00\",\"mainEntityOfPage\":{\"@id\":\"https:\\\/\\\/www.organisator.ch\\\/management\\\/2021-11-18\\\/dr-egon-p-s-zehnder-mit-91-jahren-verstorben\\\/\"},\"wordCount\":290,\"publisher\":{\"@id\":\"https:\\\/\\\/www.organisator.ch\\\/#organization\"},\"image\":{\"@id\":\"https:\\\/\\\/www.organisator.ch\\\/management\\\/2021-11-18\\\/dr-egon-p-s-zehnder-mit-91-jahren-verstorben\\\/#primaryimage\"},\"thumbnailUrl\":\"https:\\\/\\\/www.organisator.ch\\\/wp-content\\\/uploads\\\/2021\\\/11\\\/Dr-Egon-P-S-Zehnder-mit-91-Jahren-verstorben_Organisator.jpg\",\"keywords\":[\"Management\",\"Personalberatung\",\"Personalia\"],\"articleSection\":[\"MANAGEMENT\"],\"inLanguage\":\"fr-FR\"},{\"@type\":\"WebPage\",\"@id\":\"https:\\\/\\\/www.organisator.ch\\\/management\\\/2021-11-18\\\/dr-egon-p-s-zehnder-mit-91-jahren-verstorben\\\/\",\"url\":\"https:\\\/\\\/www.organisator.ch\\\/management\\\/2021-11-18\\\/dr-egon-p-s-zehnder-mit-91-jahren-verstorben\\\/\",\"name\":\"Dr. Egon P. S. Zehnder mit 91 Jahren verstorben - Organisator\",\"isPartOf\":{\"@id\":\"https:\\\/\\\/www.organisator.ch\\\/#website\"},\"primaryImageOfPage\":{\"@id\":\"https:\\\/\\\/www.organisator.ch\\\/management\\\/2021-11-18\\\/dr-egon-p-s-zehnder-mit-91-jahren-verstorben\\\/#primaryimage\"},\"image\":{\"@id\":\"https:\\\/\\\/www.organisator.ch\\\/management\\\/2021-11-18\\\/dr-egon-p-s-zehnder-mit-91-jahren-verstorben\\\/#primaryimage\"},\"thumbnailUrl\":\"https:\\\/\\\/www.organisator.ch\\\/wp-content\\\/uploads\\\/2021\\\/11\\\/Dr-Egon-P-S-Zehnder-mit-91-Jahren-verstorben_Organisator.jpg\",\"datePublished\":\"2021-11-18T10:45:27+00:00\",\"description\":\"Dr. Egon P. S. Zehnder, Gr\u00fcnder der gleichnamigen Personalberatung, ist am 16. November 2021 nach kurzer Krankheit im Kreis seiner Familie verstorben.\",\"breadcrumb\":{\"@id\":\"https:\\\/\\\/www.organisator.ch\\\/management\\\/2021-11-18\\\/dr-egon-p-s-zehnder-mit-91-jahren-verstorben\\\/#breadcrumb\"},\"inLanguage\":\"fr-FR\",\"potentialAction\":[{\"@type\":\"ReadAction\",\"target\":[\"https:\\\/\\\/www.organisator.ch\\\/management\\\/2021-11-18\\\/dr-egon-p-s-zehnder-mit-91-jahren-verstorben\\\/\"]}]},{\"@type\":\"ImageObject\",\"inLanguage\":\"fr-FR\",\"@id\":\"https:\\\/\\\/www.organisator.ch\\\/management\\\/2021-11-18\\\/dr-egon-p-s-zehnder-mit-91-jahren-verstorben\\\/#primaryimage\",\"url\":\"https:\\\/\\\/www.organisator.ch\\\/wp-content\\\/uploads\\\/2021\\\/11\\\/Dr-Egon-P-S-Zehnder-mit-91-Jahren-verstorben_Organisator.jpg\",\"contentUrl\":\"https:\\\/\\\/www.organisator.ch\\\/wp-content\\\/uploads\\\/2021\\\/11\\\/Dr-Egon-P-S-Zehnder-mit-91-Jahren-verstorben_Organisator.jpg\",\"width\":680,\"height\":582,\"caption\":\"Dr. Egon P. S. Zehnder: Der Gr\u00fcnder der weltweit t\u00e4tigen Personalberatung gleichen Namens verstarb am 16. November 2021. (Bild: zVg \\\/ Egon Zehnder)\"},{\"@type\":\"BreadcrumbList\",\"@id\":\"https:\\\/\\\/www.organisator.ch\\\/management\\\/2021-11-18\\\/dr-egon-p-s-zehnder-mit-91-jahren-verstorben\\\/#breadcrumb\",\"itemListElement\":[{\"@type\":\"ListItem\",\"position\":1,\"name\":\"Home\",\"item\":\"https:\\\/\\\/www.organisator.ch\\\/\"},{\"@type\":\"ListItem\",\"position\":2,\"name\":\"Dr. Egon P. S. Zehnder mit 91 Jahren verstorben\"}]},{\"@type\":\"WebSite\",\"@id\":\"https:\\\/\\\/www.organisator.ch\\\/#website\",\"url\":\"https:\\\/\\\/www.organisator.ch\\\/\",\"name\":\"Organisator\",\"description\":\"Kompetent. Praxisnah. Der ORGANISATOR bereitet in 10 Ausgaben pro Jahr die wesentlichen Themen f\u00fcr F\u00fchrungskr\u00e4fte von KMU auf.\",\"publisher\":{\"@id\":\"https:\\\/\\\/www.organisator.ch\\\/#organization\"},\"potentialAction\":[{\"@type\":\"SearchAction\",\"target\":{\"@type\":\"EntryPoint\",\"urlTemplate\":\"https:\\\/\\\/www.organisator.ch\\\/?s={search_term_string}\"},\"query-input\":{\"@type\":\"PropertyValueSpecification\",\"valueRequired\":true,\"valueName\":\"search_term_string\"}}],\"inLanguage\":\"fr-FR\"},{\"@type\":\"Organization\",\"@id\":\"https:\\\/\\\/www.organisator.ch\\\/#organization\",\"name\":\"Organisator\",\"url\":\"https:\\\/\\\/www.organisator.ch\\\/\",\"logo\":{\"@type\":\"ImageObject\",\"inLanguage\":\"fr-FR\",\"@id\":\"https:\\\/\\\/www.organisator.ch\\\/#\\\/schema\\\/logo\\\/image\\\/\",\"url\":\"https:\\\/\\\/www.organisator.ch\\\/wp-content\\\/uploads\\\/2022\\\/01\\\/Logo_Organisator_Website.png\",\"contentUrl\":\"https:\\\/\\\/www.organisator.ch\\\/wp-content\\\/uploads\\\/2022\\\/01\\\/Logo_Organisator_Website.png\",\"width\":800,\"height\":77,\"caption\":\"Organisator\"},\"image\":{\"@id\":\"https:\\\/\\\/www.organisator.ch\\\/#\\\/schema\\\/logo\\\/image\\\/\"},\"sameAs\":[\"https:\\\/\\\/www.facebook.com\\\/OrganisatorFachmagazin\",\"https:\\\/\\\/www.linkedin.com\\\/showcase\\\/organisator-das-magazin-fr-kmu\",\"https:\\\/\\\/www.xing.com\\\/news\\\/pages\\\/organisator-ch-695\",\"https:\\\/\\\/www.youtube.com\\\/channel\\\/UCGP2Sq0iWaZwT3BdIAQFYpw\"]},{\"@type\":\"Person\",\"@id\":\"https:\\\/\\\/www.organisator.ch\\\/#\\\/schema\\\/person\\\/6f650f90b2842cd4c0cc334b4e36f67e\",\"name\":\"thomas.berner\",\"image\":{\"@type\":\"ImageObject\",\"inLanguage\":\"fr-FR\",\"@id\":\"https:\\\/\\\/secure.gravatar.com\\\/avatar\\\/ac5001d2a36cb6c6cd3e50789007ffca834b477b74a2144564522e944eabff61?s=96&d=mm&r=g\",\"url\":\"https:\\\/\\\/secure.gravatar.com\\\/avatar\\\/ac5001d2a36cb6c6cd3e50789007ffca834b477b74a2144564522e944eabff61?s=96&d=mm&r=g\",\"contentUrl\":\"https:\\\/\\\/secure.gravatar.com\\\/avatar\\\/ac5001d2a36cb6c6cd3e50789007ffca834b477b74a2144564522e944eabff61?s=96&d=mm&r=g\",\"caption\":\"thomas.berner\"},\"url\":\"https:\\\/\\\/www.organisator.ch\\\/fr\\\/author\\\/thomas-berner\\\/\"}]}<\/script>\n<!-- \/ Yoast SEO plugin. -->","yoast_head_json":{"title":"Dr Egon P. S. Zehnder d\u00e9c\u00e9d\u00e9 \u00e0 l'\u00e2ge de 91 ans - Organisateur","description":"Dr. Egon P. S. Zehnder, fondateur du cabinet de conseil en ressources humaines du m\u00eame nom, est d\u00e9c\u00e9d\u00e9 le 16 novembre 2021 apr\u00e8s une courte maladie, entour\u00e9 de sa famille.","robots":{"index":"index","follow":"follow","max-snippet":"max-snippet:-1","max-image-preview":"max-image-preview:large","max-video-preview":"max-video-preview:-1"},"canonical":"https:\/\/www.organisator.ch\/fr\/gestion-2\/2021-11-18\/dr-egon-p-s-zehnder-mit-91-jahren-verstorben\/","og_locale":"fr_FR","og_type":"article","og_title":"Dr. Egon P. S. Zehnder mit 91 Jahren verstorben","og_description":"Dr. Egon P. S. Zehnder, Gr\u00fcnder der gleichnamigen Personalberatung, ist am 16. November 2021 nach kurzer Krankheit im Kreis seiner Familie verstorben.","og_url":"https:\/\/www.organisator.ch\/fr\/gestion-2\/2021-11-18\/dr-egon-p-s-zehnder-mit-91-jahren-verstorben\/","og_site_name":"Organisator","article_publisher":"https:\/\/www.facebook.com\/OrganisatorFachmagazin","article_published_time":"2021-11-18T10:45:27+00:00","author":"thomas.berner","twitter_card":"summary_large_image","twitter_title":"Dr. Egon P. S. #Zehnder mit 91 Jahren verstorben","twitter_description":"Dr. Egon P. S. #Zehnder, Gr\u00fcnder der gleichnamigen Personalberatung, ist am 16. November 2021 nach kurzer Krankheit im Kreis seiner Familie verstorben.","schema":{"@context":"https:\/\/schema.org","@graph":[{"@type":"Article","@id":"https:\/\/www.organisator.ch\/management\/2021-11-18\/dr-egon-p-s-zehnder-mit-91-jahren-verstorben\/#article","isPartOf":{"@id":"https:\/\/www.organisator.ch\/management\/2021-11-18\/dr-egon-p-s-zehnder-mit-91-jahren-verstorben\/"},"author":{"name":"thomas.berner","@id":"https:\/\/www.organisator.ch\/#\/schema\/person\/6f650f90b2842cd4c0cc334b4e36f67e"},"headline":"Dr. Egon P. S. Zehnder mit 91 Jahren verstorben","datePublished":"2021-11-18T10:45:27+00:00","mainEntityOfPage":{"@id":"https:\/\/www.organisator.ch\/management\/2021-11-18\/dr-egon-p-s-zehnder-mit-91-jahren-verstorben\/"},"wordCount":290,"publisher":{"@id":"https:\/\/www.organisator.ch\/#organization"},"image":{"@id":"https:\/\/www.organisator.ch\/management\/2021-11-18\/dr-egon-p-s-zehnder-mit-91-jahren-verstorben\/#primaryimage"},"thumbnailUrl":"https:\/\/www.organisator.ch\/wp-content\/uploads\/2021\/11\/Dr-Egon-P-S-Zehnder-mit-91-Jahren-verstorben_Organisator.jpg","keywords":["Management","Personalberatung","Personalia"],"articleSection":["MANAGEMENT"],"inLanguage":"fr-FR"},{"@type":"WebPage","@id":"https:\/\/www.organisator.ch\/management\/2021-11-18\/dr-egon-p-s-zehnder-mit-91-jahren-verstorben\/","url":"https:\/\/www.organisator.ch\/management\/2021-11-18\/dr-egon-p-s-zehnder-mit-91-jahren-verstorben\/","name":"Dr Egon P. S. Zehnder d\u00e9c\u00e9d\u00e9 \u00e0 l'\u00e2ge de 91 ans - Organisateur","isPartOf":{"@id":"https:\/\/www.organisator.ch\/#website"},"primaryImageOfPage":{"@id":"https:\/\/www.organisator.ch\/management\/2021-11-18\/dr-egon-p-s-zehnder-mit-91-jahren-verstorben\/#primaryimage"},"image":{"@id":"https:\/\/www.organisator.ch\/management\/2021-11-18\/dr-egon-p-s-zehnder-mit-91-jahren-verstorben\/#primaryimage"},"thumbnailUrl":"https:\/\/www.organisator.ch\/wp-content\/uploads\/2021\/11\/Dr-Egon-P-S-Zehnder-mit-91-Jahren-verstorben_Organisator.jpg","datePublished":"2021-11-18T10:45:27+00:00","description":"Dr. Egon P. S. Zehnder, fondateur du cabinet de conseil en ressources humaines du m\u00eame nom, est d\u00e9c\u00e9d\u00e9 le 16 novembre 2021 apr\u00e8s une courte maladie, entour\u00e9 de sa famille.","breadcrumb":{"@id":"https:\/\/www.organisator.ch\/management\/2021-11-18\/dr-egon-p-s-zehnder-mit-91-jahren-verstorben\/#breadcrumb"},"inLanguage":"fr-FR","potentialAction":[{"@type":"ReadAction","target":["https:\/\/www.organisator.ch\/management\/2021-11-18\/dr-egon-p-s-zehnder-mit-91-jahren-verstorben\/"]}]},{"@type":"ImageObject","inLanguage":"fr-FR","@id":"https:\/\/www.organisator.ch\/management\/2021-11-18\/dr-egon-p-s-zehnder-mit-91-jahren-verstorben\/#primaryimage","url":"https:\/\/www.organisator.ch\/wp-content\/uploads\/2021\/11\/Dr-Egon-P-S-Zehnder-mit-91-Jahren-verstorben_Organisator.jpg","contentUrl":"https:\/\/www.organisator.ch\/wp-content\/uploads\/2021\/11\/Dr-Egon-P-S-Zehnder-mit-91-Jahren-verstorben_Organisator.jpg","width":680,"height":582,"caption":"Dr. Egon P. S. Zehnder: Der Gr\u00fcnder der weltweit t\u00e4tigen Personalberatung gleichen Namens verstarb am 16. November 2021. (Bild: zVg \/ Egon Zehnder)"},{"@type":"BreadcrumbList","@id":"https:\/\/www.organisator.ch\/management\/2021-11-18\/dr-egon-p-s-zehnder-mit-91-jahren-verstorben\/#breadcrumb","itemListElement":[{"@type":"ListItem","position":1,"name":"Home","item":"https:\/\/www.organisator.ch\/"},{"@type":"ListItem","position":2,"name":"Dr. Egon P. S. Zehnder mit 91 Jahren verstorben"}]},{"@type":"WebSite","@id":"https:\/\/www.organisator.ch\/#website","url":"https:\/\/www.organisator.ch\/","name":"Organisateur","description":"Comp\u00e9tence et comp\u00e9tence. Proches de la pratique. L'ORGANISATEUR pr\u00e9pare 10 num\u00e9ros par an sur les th\u00e8mes essentiels pour les dirigeants de PME.","publisher":{"@id":"https:\/\/www.organisator.ch\/#organization"},"potentialAction":[{"@type":"SearchAction","target":{"@type":"EntryPoint","urlTemplate":"https:\/\/www.organisator.ch\/?s={search_term_string}"},"query-input":{"@type":"PropertyValueSpecification","valueRequired":true,"valueName":"search_term_string"}}],"inLanguage":"fr-FR"},{"@type":"Organization","@id":"https:\/\/www.organisator.ch\/#organization","name":"Organisateur","url":"https:\/\/www.organisator.ch\/","logo":{"@type":"ImageObject","inLanguage":"fr-FR","@id":"https:\/\/www.organisator.ch\/#\/schema\/logo\/image\/","url":"https:\/\/www.organisator.ch\/wp-content\/uploads\/2022\/01\/Logo_Organisator_Website.png","contentUrl":"https:\/\/www.organisator.ch\/wp-content\/uploads\/2022\/01\/Logo_Organisator_Website.png","width":800,"height":77,"caption":"Organisator"},"image":{"@id":"https:\/\/www.organisator.ch\/#\/schema\/logo\/image\/"},"sameAs":["https:\/\/www.facebook.com\/OrganisatorFachmagazin","https:\/\/www.linkedin.com\/showcase\/organisator-das-magazin-fr-kmu","https:\/\/www.xing.com\/news\/pages\/organisator-ch-695","https:\/\/www.youtube.com\/channel\/UCGP2Sq0iWaZwT3BdIAQFYpw"]},{"@type":"Person","@id":"https:\/\/www.organisator.ch\/#\/schema\/person\/6f650f90b2842cd4c0cc334b4e36f67e","name":"thomas.berner","image":{"@type":"ImageObject","inLanguage":"fr-FR","@id":"https:\/\/secure.gravatar.com\/avatar\/ac5001d2a36cb6c6cd3e50789007ffca834b477b74a2144564522e944eabff61?s=96&d=mm&r=g","url":"https:\/\/secure.gravatar.com\/avatar\/ac5001d2a36cb6c6cd3e50789007ffca834b477b74a2144564522e944eabff61?s=96&d=mm&r=g","contentUrl":"https:\/\/secure.gravatar.com\/avatar\/ac5001d2a36cb6c6cd3e50789007ffca834b477b74a2144564522e944eabff61?s=96&d=mm&r=g","caption":"thomas.berner"},"url":"https:\/\/www.organisator.ch\/fr\/author\/thomas-berner\/"}]}},"_links":{"self":[{"href":"https:\/\/www.organisator.ch\/fr\/wp-json\/wp\/v2\/posts\/11768","targetHints":{"allow":["GET"]}}],"collection":[{"href":"https:\/\/www.organisator.ch\/fr\/wp-json\/wp\/v2\/posts"}],"about":[{"href":"https:\/\/www.organisator.ch\/fr\/wp-json\/wp\/v2\/types\/post"}],"author":[{"embeddable":true,"href":"https:\/\/www.organisator.ch\/fr\/wp-json\/wp\/v2\/users\/4"}],"replies":[{"embeddable":true,"href":"https:\/\/www.organisator.ch\/fr\/wp-json\/wp\/v2\/comments?post=11768"}],"version-history":[{"count":0,"href":"https:\/\/www.organisator.ch\/fr\/wp-json\/wp\/v2\/posts\/11768\/revisions"}],"wp:featuredmedia":[{"embeddable":true,"href":"https:\/\/www.organisator.ch\/fr\/wp-json\/wp\/v2\/media\/11549"}],"wp:attachment":[{"href":"https:\/\/www.organisator.ch\/fr\/wp-json\/wp\/v2\/media?parent=11768"}],"wp:term":[{"taxonomy":"category","embeddable":true,"href":"https:\/\/www.organisator.ch\/fr\/wp-json\/wp\/v2\/categories?post=11768"},{"taxonomy":"post_tag","embeddable":true,"href":"https:\/\/www.organisator.ch\/fr\/wp-json\/wp\/v2\/tags?post=11768"}],"curies":[{"name":"wp","href":"https:\/\/api.w.org\/{rel}","templated":true}]}}