{"id":11771,"date":"2021-11-19T08:48:12","date_gmt":"2021-11-19T07:48:12","guid":{"rendered":"https:\/\/www.organisator.ch\/?p=8878"},"modified":"2021-11-19T08:48:12","modified_gmt":"2021-11-19T07:48:12","slug":"smidex-suisse-exposyum-2021-feierte-premiere","status":"publish","type":"post","link":"https:\/\/www.organisator.ch\/fr\/management\/it\/2021-11-19\/smidex-suisse-exposyum-2021-feierte-premiere\/","title":{"rendered":"SMIDEX Suisse Exposyum 2021 a f\u00eat\u00e9 sa premi\u00e8re \u00e9dition"},"content":{"rendered":"<figure id=\"attachment_8879\" aria-describedby=\"caption-attachment-8879\" style=\"width: 680px\" class=\"wp-caption alignnone\"><a href=\"https:\/\/www.organisator.ch\/wp-content\/uploads\/2021\/11\/SMIDEX-Suisse-Exposyum-2021-feierte-Premiere_Organisator.jpg\"><img loading=\"lazy\" decoding=\"async\" class=\"size-medium wp-image-8879\" src=\"https:\/\/www.organisator.ch\/wp-content\/uploads\/2021\/11\/SMIDEX-Suisse-Exposyum-2021-feierte-Premiere_Organisator.jpg\" alt=\"\" width=\"680\" height=\"412\" \/><\/a><figcaption id=\"caption-attachment-8879\" class=\"wp-caption-text\">Lors de SMIDEX Suisse Exposyum 2021, Marc K. Peter a tenu une conf\u00e9rence sur le th\u00e8me de la cybers\u00e9curit\u00e9 dans les bureaux \u00e0 domicile. (Photo : Thomas Berner)<\/figcaption><\/figure>\n<p>La gestion de la s\u00e9curit\u00e9 de l'information r\u00e9ussit lorsque les personnes responsables s'informent et \u00e9changent des informations. C'est ce que SMIDEX Suisse 2021 a offert \u00e0 ses participants les 17 et 18 novembre derniers. Environ 41 % des PME suisses ont d\u00e9j\u00e0 \u00e9t\u00e9 victimes de cyber-attaques. M\u00eame si les donn\u00e9es des petites entreprises sont moins int\u00e9ressantes pour les cybercriminels, ces entreprises restent pour eux des cibles attrayantes pour deux raisons : Premi\u00e8rement, pour extorquer une ran\u00e7on \u00e0 l'aide d'un ransomware et deuxi\u00e8mement, pour les utiliser comme porte d'entr\u00e9e pour des attaques contre des entreprises plus grandes qui collaborent avec ces PME. C'est dans ce contexte qu'a \u00e9t\u00e9 cr\u00e9\u00e9 SMIDEX Suisse Exposyum, une plateforme en direct pour les syst\u00e8mes de s\u00e9curit\u00e9 physique et la cybers\u00e9curit\u00e9.<\/p>\n<h2>Rendre la vie dure aux pirates informatiques<\/h2>\n<p>Le lancement de la nouvelle plateforme pour la s\u00e9curit\u00e9 est une r\u00e9ussite. L'ouverture par Rainer Maria Salzgeber (mod\u00e9rateur), Nicolas B\u00fcrer (digitalswitzerland) et Nathalie Gratzer (cheffe de projet pour la mise en \u0153uvre de la strat\u00e9gie nationale pour la protection de la Suisse contre les cyberrisques (NCS) \u00e0 l'Office f\u00e9d\u00e9ral pour l'approvisionnement \u00e9conomique du pays), a \u00e9t\u00e9 tr\u00e8s bien accueillie. Dans sa keynote, Nicolas B\u00fcrer a parl\u00e9 des chances et des risques de la num\u00e9risation. Il a \u00e9galement abord\u00e9 la crainte que le changement num\u00e9rique d\u00e9truise de nombreux emplois. Mais il s'est dit convaincu qu'\"il y aura plus d'emplois \u00e0 cause de la num\u00e9risation\". Nathalie Gratzer a quant \u00e0 elle dress\u00e9 un tableau r\u00e9aliste des dangers qui nous menacent depuis le cyberespace : \"Ils sont l\u00e0, m\u00eame si on ne les voit pas\". Mais en prenant les bonnes pr\u00e9cautions, nous aurions encore une chance de rendre la vie de plus en plus difficile aux pirates informatiques.<\/p>\n<h2>T\u00e9moignages et meilleures pratiques en mati\u00e8re de s\u00e9curit\u00e9 informatique<\/h2>\n<p>Dans plus de 30 expos\u00e9s, les participants ont \u00e9t\u00e9 inform\u00e9s de la situation actuelle de la cybers\u00e9curit\u00e9 non seulement par des RSSI et des DSI, mais aussi par des responsables au niveau C des PME. A l'aide d'un sondage actuel, Candid W\u00fcest (VP Cyber Protection Research d'Acronis) a par exemple montr\u00e9 o\u00f9 les entreprises luttent actuellement le plus et comment cela se situe par rapport aux cyberattaques qui fusionnent. Et bien s\u00fbr, les hackers \u00e9thiques ont \u00e9galement jou\u00e9 un r\u00f4le important dans la conf\u00e9rence. Sandro Nafzger (CEO &amp; partenaire de Bug Bounty Switzerland GmbH) a expliqu\u00e9 dans un talk passionnant pourquoi la collaboration est la cl\u00e9 de la r\u00e9ussite de toute transformation num\u00e9rique. Les meilleures pratiques ont \u00e9galement \u00e9t\u00e9 \u00e9voqu\u00e9es : Christoph Monigadon de la Banque cantonale bernoise a montr\u00e9 la voie \u00e0 suivre pour parvenir \u00e0 une v\u00e9ritable culture de la s\u00e9curit\u00e9 dans les entreprises - au lieu d'interdictions et de menaces de cons\u00e9quences, avec de la confiance et une culture de l'erreur qui fonctionne. Ou Lukas Ruf de Migros a expliqu\u00e9 comment le plus grand d\u00e9taillant de Suisse garantit la continuit\u00e9 des activit\u00e9s en cas de cyberincident.<\/p>\n<h2>SMIDEX Suisse Exposyum \u00e0 nouveau \u00e0 l'automne 2022<\/h2>\n<p>En plus des conf\u00e9renciers, 24 exposants ont dialogu\u00e9 avec les visiteurs professionnels int\u00e9ress\u00e9s et les ont soutenus dans leurs mesures de s\u00e9curit\u00e9 gr\u00e2ce \u00e0 leur grande exp\u00e9rience.<\/p>\n<p>Selon l'organisateur DeltaBlue AG, les exposants et les partenaires impliqu\u00e9s ont fait part de nombreux retours positifs. La prochaine \u00e9dition de SMIDEX SUISSE Exposyum est pr\u00e9vue pour l'automne 2022 en association internationale.<\/p>\n<p><a href=\"https:\/\/www.smidex.ch\/Home\/\"><em>Plus d'informations<\/em><\/a><\/p>","protected":false},"excerpt":{"rendered":"<p>Das Managen von Informationssicherheit gelingt, wenn sich verantwortliche Personen informieren und austauschen. Diese M\u00f6glichkeit bot am 17. und 18. November 2021 die SMIDEX Suisse 2021 seinen Teilnehmenden. Rund 41 % der Schweizer KMUs waren bereits Opfer von Cyberangriffen. Selbst wenn die Daten kleinerer Betriebe f\u00fcr Cyberkriminelle weniger interessant sind, bleiben diese Unternehmen f\u00fcr sie aus [&hellip;]<\/p>\n","protected":false},"author":4,"featured_media":11553,"comment_status":"closed","ping_status":"closed","sticky":false,"template":"","format":"standard","meta":{"_acf_changed":false,"_yoast_wpseo_focuskw":"SMIDEX Suisse Exposyum","_yoast_wpseo_metadesc":"Eine Sicherheitsmesse in unsicheren Zeiten: Mit dem SMIDEX Suisse Exposyum 2021 hat am 17. und 18. November 2021 ein informativer Anlass stattgefunden.","articlekey":"","footnotes":""},"categories":[27],"tags":[193,260,335,418],"class_list":["post-11771","post","type-post","status-publish","format-standard","has-post-thumbnail","hentry","category-it","tag-fachkongressfachmesse","tag-ict-sicherheit","tag-management-und-unternehmensfuehrung","tag-risikomanagement"],"acf":[],"yoast_head":"<!-- This site is optimized with the Yoast SEO plugin v27.5 - https:\/\/yoast.com\/product\/yoast-seo-wordpress\/ -->\n<title>SMIDEX Suisse Exposyum 2021 feierte Premiere - Organisator<\/title>\n<meta name=\"description\" content=\"Eine Sicherheitsmesse in unsicheren Zeiten: Mit dem SMIDEX Suisse Exposyum 2021 hat am 17. und 18. November 2021 ein informativer Anlass stattgefunden.\" \/>\n<meta name=\"robots\" content=\"index, follow, max-snippet:-1, max-image-preview:large, max-video-preview:-1\" \/>\n<link rel=\"canonical\" href=\"https:\/\/www.organisator.ch\/fr\/gestion-2\/it\/2021-11-19\/smidex-suisse-exposyum-2021-feierte-premiere\/\" \/>\n<meta property=\"og:locale\" content=\"fr_FR\" \/>\n<meta property=\"og:type\" content=\"article\" \/>\n<meta property=\"og:title\" content=\"SMIDEX Suisse Exposyum 2021 feierte Premiere\" \/>\n<meta property=\"og:description\" content=\"Eine Sicherheitsmesse in unsicheren Zeiten: Mit dem SMIDEX Suisse Exposyum 2021 hat am 17. und 18. November 2021 ein informativer Anlass stattgefunden.\" \/>\n<meta property=\"og:url\" content=\"https:\/\/www.organisator.ch\/fr\/gestion-2\/it\/2021-11-19\/smidex-suisse-exposyum-2021-feierte-premiere\/\" \/>\n<meta property=\"og:site_name\" content=\"Organisator\" \/>\n<meta property=\"article:publisher\" content=\"https:\/\/www.facebook.com\/OrganisatorFachmagazin\" \/>\n<meta property=\"article:published_time\" content=\"2021-11-19T07:48:12+00:00\" \/>\n<meta property=\"og:image\" content=\"https:\/\/www.organisator.ch\/wp-content\/uploads\/2021\/08\/organisator_1959_10.png\" \/>\n\t<meta property=\"og:image:width\" content=\"654\" \/>\n\t<meta property=\"og:image:height\" content=\"370\" \/>\n\t<meta property=\"og:image:type\" content=\"image\/png\" \/>\n<meta name=\"author\" content=\"thomas.berner\" \/>\n<meta name=\"twitter:card\" content=\"summary_large_image\" \/>\n<meta name=\"twitter:title\" content=\"#SMIDEX Suisse #Exposyum 2021 feierte Premiere\" \/>\n<meta name=\"twitter:description\" content=\"Eine Sicherheitsmesse in unsicheren Zeiten: Mit dem #SMIDEX Suisse #Exposyum 2021 hat am 17. und 18. November 2021 ein informativer Anlass stattgefunden.\" \/>\n<meta name=\"twitter:image\" content=\"https:\/\/www.organisator.ch\/wp-content\/uploads\/2021\/08\/organisator_1959_10.png\" \/>\n<script type=\"application\/ld+json\" class=\"yoast-schema-graph\">{\"@context\":\"https:\\\/\\\/schema.org\",\"@graph\":[{\"@type\":\"Article\",\"@id\":\"https:\\\/\\\/www.organisator.ch\\\/management\\\/it\\\/2021-11-19\\\/smidex-suisse-exposyum-2021-feierte-premiere\\\/#article\",\"isPartOf\":{\"@id\":\"https:\\\/\\\/www.organisator.ch\\\/management\\\/it\\\/2021-11-19\\\/smidex-suisse-exposyum-2021-feierte-premiere\\\/\"},\"author\":{\"name\":\"thomas.berner\",\"@id\":\"https:\\\/\\\/www.organisator.ch\\\/#\\\/schema\\\/person\\\/6f650f90b2842cd4c0cc334b4e36f67e\"},\"headline\":\"SMIDEX Suisse Exposyum 2021 feierte Premiere\",\"datePublished\":\"2021-11-19T07:48:12+00:00\",\"mainEntityOfPage\":{\"@id\":\"https:\\\/\\\/www.organisator.ch\\\/management\\\/it\\\/2021-11-19\\\/smidex-suisse-exposyum-2021-feierte-premiere\\\/\"},\"wordCount\":526,\"publisher\":{\"@id\":\"https:\\\/\\\/www.organisator.ch\\\/#organization\"},\"image\":{\"@id\":\"https:\\\/\\\/www.organisator.ch\\\/management\\\/it\\\/2021-11-19\\\/smidex-suisse-exposyum-2021-feierte-premiere\\\/#primaryimage\"},\"thumbnailUrl\":\"https:\\\/\\\/www.organisator.ch\\\/wp-content\\\/uploads\\\/2021\\\/11\\\/SMIDEX-Suisse-Exposyum-2021-feierte-Premiere_Organisator.jpg\",\"keywords\":[\"Fachkongress\\\/Fachmesse\",\"ICT-Sicherheit\",\"Management und Unternehmensf\u00fchrung\",\"Risikomanagement\"],\"articleSection\":[\"IT\"],\"inLanguage\":\"fr-FR\"},{\"@type\":\"WebPage\",\"@id\":\"https:\\\/\\\/www.organisator.ch\\\/management\\\/it\\\/2021-11-19\\\/smidex-suisse-exposyum-2021-feierte-premiere\\\/\",\"url\":\"https:\\\/\\\/www.organisator.ch\\\/management\\\/it\\\/2021-11-19\\\/smidex-suisse-exposyum-2021-feierte-premiere\\\/\",\"name\":\"SMIDEX Suisse Exposyum 2021 feierte Premiere - Organisator\",\"isPartOf\":{\"@id\":\"https:\\\/\\\/www.organisator.ch\\\/#website\"},\"primaryImageOfPage\":{\"@id\":\"https:\\\/\\\/www.organisator.ch\\\/management\\\/it\\\/2021-11-19\\\/smidex-suisse-exposyum-2021-feierte-premiere\\\/#primaryimage\"},\"image\":{\"@id\":\"https:\\\/\\\/www.organisator.ch\\\/management\\\/it\\\/2021-11-19\\\/smidex-suisse-exposyum-2021-feierte-premiere\\\/#primaryimage\"},\"thumbnailUrl\":\"https:\\\/\\\/www.organisator.ch\\\/wp-content\\\/uploads\\\/2021\\\/11\\\/SMIDEX-Suisse-Exposyum-2021-feierte-Premiere_Organisator.jpg\",\"datePublished\":\"2021-11-19T07:48:12+00:00\",\"description\":\"Eine Sicherheitsmesse in unsicheren Zeiten: Mit dem SMIDEX Suisse Exposyum 2021 hat am 17. und 18. November 2021 ein informativer Anlass stattgefunden.\",\"breadcrumb\":{\"@id\":\"https:\\\/\\\/www.organisator.ch\\\/management\\\/it\\\/2021-11-19\\\/smidex-suisse-exposyum-2021-feierte-premiere\\\/#breadcrumb\"},\"inLanguage\":\"fr-FR\",\"potentialAction\":[{\"@type\":\"ReadAction\",\"target\":[\"https:\\\/\\\/www.organisator.ch\\\/management\\\/it\\\/2021-11-19\\\/smidex-suisse-exposyum-2021-feierte-premiere\\\/\"]}]},{\"@type\":\"ImageObject\",\"inLanguage\":\"fr-FR\",\"@id\":\"https:\\\/\\\/www.organisator.ch\\\/management\\\/it\\\/2021-11-19\\\/smidex-suisse-exposyum-2021-feierte-premiere\\\/#primaryimage\",\"url\":\"https:\\\/\\\/www.organisator.ch\\\/wp-content\\\/uploads\\\/2021\\\/11\\\/SMIDEX-Suisse-Exposyum-2021-feierte-Premiere_Organisator.jpg\",\"contentUrl\":\"https:\\\/\\\/www.organisator.ch\\\/wp-content\\\/uploads\\\/2021\\\/11\\\/SMIDEX-Suisse-Exposyum-2021-feierte-Premiere_Organisator.jpg\",\"width\":680,\"height\":412,\"caption\":\"An der SMIDEX Suisse Exposyum 2021 referierte Marc K. Peter \u00fcber das Thema \\\"Cybersicherheit im Homeoffice\\\". (Bild: Thomas Berner)\"},{\"@type\":\"BreadcrumbList\",\"@id\":\"https:\\\/\\\/www.organisator.ch\\\/management\\\/it\\\/2021-11-19\\\/smidex-suisse-exposyum-2021-feierte-premiere\\\/#breadcrumb\",\"itemListElement\":[{\"@type\":\"ListItem\",\"position\":1,\"name\":\"Home\",\"item\":\"https:\\\/\\\/www.organisator.ch\\\/\"},{\"@type\":\"ListItem\",\"position\":2,\"name\":\"SMIDEX Suisse Exposyum 2021 feierte Premiere\"}]},{\"@type\":\"WebSite\",\"@id\":\"https:\\\/\\\/www.organisator.ch\\\/#website\",\"url\":\"https:\\\/\\\/www.organisator.ch\\\/\",\"name\":\"Organisator\",\"description\":\"Kompetent. Praxisnah. Der ORGANISATOR bereitet in 10 Ausgaben pro Jahr die wesentlichen Themen f\u00fcr F\u00fchrungskr\u00e4fte von KMU auf.\",\"publisher\":{\"@id\":\"https:\\\/\\\/www.organisator.ch\\\/#organization\"},\"potentialAction\":[{\"@type\":\"SearchAction\",\"target\":{\"@type\":\"EntryPoint\",\"urlTemplate\":\"https:\\\/\\\/www.organisator.ch\\\/?s={search_term_string}\"},\"query-input\":{\"@type\":\"PropertyValueSpecification\",\"valueRequired\":true,\"valueName\":\"search_term_string\"}}],\"inLanguage\":\"fr-FR\"},{\"@type\":\"Organization\",\"@id\":\"https:\\\/\\\/www.organisator.ch\\\/#organization\",\"name\":\"Organisator\",\"url\":\"https:\\\/\\\/www.organisator.ch\\\/\",\"logo\":{\"@type\":\"ImageObject\",\"inLanguage\":\"fr-FR\",\"@id\":\"https:\\\/\\\/www.organisator.ch\\\/#\\\/schema\\\/logo\\\/image\\\/\",\"url\":\"https:\\\/\\\/www.organisator.ch\\\/wp-content\\\/uploads\\\/2022\\\/01\\\/Logo_Organisator_Website.png\",\"contentUrl\":\"https:\\\/\\\/www.organisator.ch\\\/wp-content\\\/uploads\\\/2022\\\/01\\\/Logo_Organisator_Website.png\",\"width\":800,\"height\":77,\"caption\":\"Organisator\"},\"image\":{\"@id\":\"https:\\\/\\\/www.organisator.ch\\\/#\\\/schema\\\/logo\\\/image\\\/\"},\"sameAs\":[\"https:\\\/\\\/www.facebook.com\\\/OrganisatorFachmagazin\",\"https:\\\/\\\/www.linkedin.com\\\/showcase\\\/organisator-das-magazin-fr-kmu\",\"https:\\\/\\\/www.xing.com\\\/news\\\/pages\\\/organisator-ch-695\",\"https:\\\/\\\/www.youtube.com\\\/channel\\\/UCGP2Sq0iWaZwT3BdIAQFYpw\"]},{\"@type\":\"Person\",\"@id\":\"https:\\\/\\\/www.organisator.ch\\\/#\\\/schema\\\/person\\\/6f650f90b2842cd4c0cc334b4e36f67e\",\"name\":\"thomas.berner\",\"image\":{\"@type\":\"ImageObject\",\"inLanguage\":\"fr-FR\",\"@id\":\"https:\\\/\\\/secure.gravatar.com\\\/avatar\\\/ac5001d2a36cb6c6cd3e50789007ffca834b477b74a2144564522e944eabff61?s=96&d=mm&r=g\",\"url\":\"https:\\\/\\\/secure.gravatar.com\\\/avatar\\\/ac5001d2a36cb6c6cd3e50789007ffca834b477b74a2144564522e944eabff61?s=96&d=mm&r=g\",\"contentUrl\":\"https:\\\/\\\/secure.gravatar.com\\\/avatar\\\/ac5001d2a36cb6c6cd3e50789007ffca834b477b74a2144564522e944eabff61?s=96&d=mm&r=g\",\"caption\":\"thomas.berner\"},\"url\":\"https:\\\/\\\/www.organisator.ch\\\/fr\\\/author\\\/thomas-berner\\\/\"}]}<\/script>\n<!-- \/ Yoast SEO plugin. -->","yoast_head_json":{"title":"SMIDEX Suisse Exposyum 2021 a f\u00eat\u00e9 sa premi\u00e8re - Organisateur","description":"Un salon de la s\u00e9curit\u00e9 en p\u00e9riode d'incertitude : Avec SMIDEX Suisse Exposyum 2021, un \u00e9v\u00e9nement informatif a eu lieu les 17 et 18 novembre 2021.","robots":{"index":"index","follow":"follow","max-snippet":"max-snippet:-1","max-image-preview":"max-image-preview:large","max-video-preview":"max-video-preview:-1"},"canonical":"https:\/\/www.organisator.ch\/fr\/gestion-2\/it\/2021-11-19\/smidex-suisse-exposyum-2021-feierte-premiere\/","og_locale":"fr_FR","og_type":"article","og_title":"SMIDEX Suisse Exposyum 2021 feierte Premiere","og_description":"Eine Sicherheitsmesse in unsicheren Zeiten: Mit dem SMIDEX Suisse Exposyum 2021 hat am 17. und 18. November 2021 ein informativer Anlass stattgefunden.","og_url":"https:\/\/www.organisator.ch\/fr\/gestion-2\/it\/2021-11-19\/smidex-suisse-exposyum-2021-feierte-premiere\/","og_site_name":"Organisator","article_publisher":"https:\/\/www.facebook.com\/OrganisatorFachmagazin","article_published_time":"2021-11-19T07:48:12+00:00","og_image":[{"width":654,"height":370,"url":"https:\/\/www.organisator.ch\/wp-content\/uploads\/2021\/08\/organisator_1959_10.png","type":"image\/png"}],"author":"thomas.berner","twitter_card":"summary_large_image","twitter_title":"#SMIDEX Suisse #Exposyum 2021 feierte Premiere","twitter_description":"Eine Sicherheitsmesse in unsicheren Zeiten: Mit dem #SMIDEX Suisse #Exposyum 2021 hat am 17. und 18. November 2021 ein informativer Anlass stattgefunden.","twitter_image":"https:\/\/www.organisator.ch\/wp-content\/uploads\/2021\/08\/organisator_1959_10.png","schema":{"@context":"https:\/\/schema.org","@graph":[{"@type":"Article","@id":"https:\/\/www.organisator.ch\/management\/it\/2021-11-19\/smidex-suisse-exposyum-2021-feierte-premiere\/#article","isPartOf":{"@id":"https:\/\/www.organisator.ch\/management\/it\/2021-11-19\/smidex-suisse-exposyum-2021-feierte-premiere\/"},"author":{"name":"thomas.berner","@id":"https:\/\/www.organisator.ch\/#\/schema\/person\/6f650f90b2842cd4c0cc334b4e36f67e"},"headline":"SMIDEX Suisse Exposyum 2021 feierte Premiere","datePublished":"2021-11-19T07:48:12+00:00","mainEntityOfPage":{"@id":"https:\/\/www.organisator.ch\/management\/it\/2021-11-19\/smidex-suisse-exposyum-2021-feierte-premiere\/"},"wordCount":526,"publisher":{"@id":"https:\/\/www.organisator.ch\/#organization"},"image":{"@id":"https:\/\/www.organisator.ch\/management\/it\/2021-11-19\/smidex-suisse-exposyum-2021-feierte-premiere\/#primaryimage"},"thumbnailUrl":"https:\/\/www.organisator.ch\/wp-content\/uploads\/2021\/11\/SMIDEX-Suisse-Exposyum-2021-feierte-Premiere_Organisator.jpg","keywords":["Fachkongress\/Fachmesse","ICT-Sicherheit","Management und Unternehmensf\u00fchrung","Risikomanagement"],"articleSection":["IT"],"inLanguage":"fr-FR"},{"@type":"WebPage","@id":"https:\/\/www.organisator.ch\/management\/it\/2021-11-19\/smidex-suisse-exposyum-2021-feierte-premiere\/","url":"https:\/\/www.organisator.ch\/management\/it\/2021-11-19\/smidex-suisse-exposyum-2021-feierte-premiere\/","name":"SMIDEX Suisse Exposyum 2021 a f\u00eat\u00e9 sa premi\u00e8re - Organisateur","isPartOf":{"@id":"https:\/\/www.organisator.ch\/#website"},"primaryImageOfPage":{"@id":"https:\/\/www.organisator.ch\/management\/it\/2021-11-19\/smidex-suisse-exposyum-2021-feierte-premiere\/#primaryimage"},"image":{"@id":"https:\/\/www.organisator.ch\/management\/it\/2021-11-19\/smidex-suisse-exposyum-2021-feierte-premiere\/#primaryimage"},"thumbnailUrl":"https:\/\/www.organisator.ch\/wp-content\/uploads\/2021\/11\/SMIDEX-Suisse-Exposyum-2021-feierte-Premiere_Organisator.jpg","datePublished":"2021-11-19T07:48:12+00:00","description":"Un salon de la s\u00e9curit\u00e9 en p\u00e9riode d'incertitude : Avec SMIDEX Suisse Exposyum 2021, un \u00e9v\u00e9nement informatif a eu lieu les 17 et 18 novembre 2021.","breadcrumb":{"@id":"https:\/\/www.organisator.ch\/management\/it\/2021-11-19\/smidex-suisse-exposyum-2021-feierte-premiere\/#breadcrumb"},"inLanguage":"fr-FR","potentialAction":[{"@type":"ReadAction","target":["https:\/\/www.organisator.ch\/management\/it\/2021-11-19\/smidex-suisse-exposyum-2021-feierte-premiere\/"]}]},{"@type":"ImageObject","inLanguage":"fr-FR","@id":"https:\/\/www.organisator.ch\/management\/it\/2021-11-19\/smidex-suisse-exposyum-2021-feierte-premiere\/#primaryimage","url":"https:\/\/www.organisator.ch\/wp-content\/uploads\/2021\/11\/SMIDEX-Suisse-Exposyum-2021-feierte-Premiere_Organisator.jpg","contentUrl":"https:\/\/www.organisator.ch\/wp-content\/uploads\/2021\/11\/SMIDEX-Suisse-Exposyum-2021-feierte-Premiere_Organisator.jpg","width":680,"height":412,"caption":"An der SMIDEX Suisse Exposyum 2021 referierte Marc K. Peter \u00fcber das Thema \"Cybersicherheit im Homeoffice\". (Bild: Thomas Berner)"},{"@type":"BreadcrumbList","@id":"https:\/\/www.organisator.ch\/management\/it\/2021-11-19\/smidex-suisse-exposyum-2021-feierte-premiere\/#breadcrumb","itemListElement":[{"@type":"ListItem","position":1,"name":"Home","item":"https:\/\/www.organisator.ch\/"},{"@type":"ListItem","position":2,"name":"SMIDEX Suisse Exposyum 2021 feierte Premiere"}]},{"@type":"WebSite","@id":"https:\/\/www.organisator.ch\/#website","url":"https:\/\/www.organisator.ch\/","name":"Organisateur","description":"Comp\u00e9tence et comp\u00e9tence. Proches de la pratique. L'ORGANISATEUR pr\u00e9pare 10 num\u00e9ros par an sur les th\u00e8mes essentiels pour les dirigeants de PME.","publisher":{"@id":"https:\/\/www.organisator.ch\/#organization"},"potentialAction":[{"@type":"SearchAction","target":{"@type":"EntryPoint","urlTemplate":"https:\/\/www.organisator.ch\/?s={search_term_string}"},"query-input":{"@type":"PropertyValueSpecification","valueRequired":true,"valueName":"search_term_string"}}],"inLanguage":"fr-FR"},{"@type":"Organization","@id":"https:\/\/www.organisator.ch\/#organization","name":"Organisateur","url":"https:\/\/www.organisator.ch\/","logo":{"@type":"ImageObject","inLanguage":"fr-FR","@id":"https:\/\/www.organisator.ch\/#\/schema\/logo\/image\/","url":"https:\/\/www.organisator.ch\/wp-content\/uploads\/2022\/01\/Logo_Organisator_Website.png","contentUrl":"https:\/\/www.organisator.ch\/wp-content\/uploads\/2022\/01\/Logo_Organisator_Website.png","width":800,"height":77,"caption":"Organisator"},"image":{"@id":"https:\/\/www.organisator.ch\/#\/schema\/logo\/image\/"},"sameAs":["https:\/\/www.facebook.com\/OrganisatorFachmagazin","https:\/\/www.linkedin.com\/showcase\/organisator-das-magazin-fr-kmu","https:\/\/www.xing.com\/news\/pages\/organisator-ch-695","https:\/\/www.youtube.com\/channel\/UCGP2Sq0iWaZwT3BdIAQFYpw"]},{"@type":"Person","@id":"https:\/\/www.organisator.ch\/#\/schema\/person\/6f650f90b2842cd4c0cc334b4e36f67e","name":"thomas.berner","image":{"@type":"ImageObject","inLanguage":"fr-FR","@id":"https:\/\/secure.gravatar.com\/avatar\/ac5001d2a36cb6c6cd3e50789007ffca834b477b74a2144564522e944eabff61?s=96&d=mm&r=g","url":"https:\/\/secure.gravatar.com\/avatar\/ac5001d2a36cb6c6cd3e50789007ffca834b477b74a2144564522e944eabff61?s=96&d=mm&r=g","contentUrl":"https:\/\/secure.gravatar.com\/avatar\/ac5001d2a36cb6c6cd3e50789007ffca834b477b74a2144564522e944eabff61?s=96&d=mm&r=g","caption":"thomas.berner"},"url":"https:\/\/www.organisator.ch\/fr\/author\/thomas-berner\/"}]}},"_links":{"self":[{"href":"https:\/\/www.organisator.ch\/fr\/wp-json\/wp\/v2\/posts\/11771","targetHints":{"allow":["GET"]}}],"collection":[{"href":"https:\/\/www.organisator.ch\/fr\/wp-json\/wp\/v2\/posts"}],"about":[{"href":"https:\/\/www.organisator.ch\/fr\/wp-json\/wp\/v2\/types\/post"}],"author":[{"embeddable":true,"href":"https:\/\/www.organisator.ch\/fr\/wp-json\/wp\/v2\/users\/4"}],"replies":[{"embeddable":true,"href":"https:\/\/www.organisator.ch\/fr\/wp-json\/wp\/v2\/comments?post=11771"}],"version-history":[{"count":0,"href":"https:\/\/www.organisator.ch\/fr\/wp-json\/wp\/v2\/posts\/11771\/revisions"}],"wp:featuredmedia":[{"embeddable":true,"href":"https:\/\/www.organisator.ch\/fr\/wp-json\/wp\/v2\/media\/11553"}],"wp:attachment":[{"href":"https:\/\/www.organisator.ch\/fr\/wp-json\/wp\/v2\/media?parent=11771"}],"wp:term":[{"taxonomy":"category","embeddable":true,"href":"https:\/\/www.organisator.ch\/fr\/wp-json\/wp\/v2\/categories?post=11771"},{"taxonomy":"post_tag","embeddable":true,"href":"https:\/\/www.organisator.ch\/fr\/wp-json\/wp\/v2\/tags?post=11771"}],"curies":[{"name":"wp","href":"https:\/\/api.w.org\/{rel}","templated":true}]}}