{"id":11781,"date":"2021-11-26T10:17:45","date_gmt":"2021-11-26T09:17:45","guid":{"rendered":"https:\/\/www.organisator.ch\/?p=8928"},"modified":"2021-11-26T10:17:45","modified_gmt":"2021-11-26T09:17:45","slug":"prix-svc-nordschweiz-2021-zwei-junge-unternehmer-ganz-gross","status":"publish","type":"post","link":"https:\/\/www.organisator.ch\/fr\/allgemein\/2021-11-26\/prix-svc-nordschweiz-2021-zwei-junge-unternehmer-ganz-gross\/","title":{"rendered":"Prix SVC Nordschweiz 2021 : Deux jeunes entrepreneurs tr\u00e8s grands !"},"content":{"rendered":"<figure id=\"attachment_8929\" aria-describedby=\"caption-attachment-8929\" style=\"width: 680px\" class=\"wp-caption alignnone\"><a href=\"https:\/\/www.organisator.ch\/wp-content\/uploads\/2021\/11\/Prix-SVC-Nordschweiz-2021-Zwei-junge-Unternehmer-ganz-gross-1_Organisator.jpg\"><img loading=\"lazy\" decoding=\"async\" class=\"size-medium wp-image-8929\" src=\"https:\/\/www.organisator.ch\/wp-content\/uploads\/2021\/11\/Prix-SVC-Nordschweiz-2021-Zwei-junge-Unternehmer-ganz-gross-1_Organisator.jpg\" alt=\"\" width=\"680\" height=\"453\" \/><\/a><figcaption id=\"caption-attachment-8929\" class=\"wp-caption-text\">Les laur\u00e9ats du Prix SVC Nordschweiz 2021, Aurel Greiner (\u00e0 gauche) et Laurenz Ginat se r\u00e9jouissent de leur prix lors de la remise des prix le jeudi 25 novembre 2021 au Congress Center Basel. (Image : SVC\/KEYSTONE\/Manuel Lopez)<\/figcaption><\/figure>\n<p>Pour la dixi\u00e8me fois, le Prix SVC Nordschweiz a \u00e9t\u00e9 d\u00e9cern\u00e9 au Congress Center Basel devant 1000 invit\u00e9s. Ce jubil\u00e9 a \u00e9t\u00e9 l'occasion de revenir sur les remises de prix pass\u00e9es. Quelques-uns des anciens gagnants et laur\u00e9ats \u00e9taient \u00e9galement pr\u00e9sents parmi les invit\u00e9s. C'est le cas de Willi Miesch de Medartis AG (gagnant en 2015). Interrog\u00e9 sur la signification du Prix SVC Nordschweiz, il a d\u00e9clar\u00e9 : \"Au d\u00e9but, je ne savais m\u00eame pas ce que c'\u00e9tait\". Mais apr\u00e8s coup, il conna\u00eet la valeur de cette distinction - tout comme d'autres PME de la r\u00e9gion. En effet, la \"Regio Basilensis est en pleine effervescence \u00e9conomique\", comme l'a dit l'animateur Dani von Wattenwyl en citant un article de la Basler Zeitung sur la premi\u00e8re \u00e9dition du Prix SVC Nordschweiz.<\/p>\n<h2>Gagnant du Prix SVC Nordschweiz 2021 : revendo AG<\/h2>\n<p>Les six finalistes du Prix SVC Nordschweiz 2021 en sont la preuve : ils ont r\u00e9ussi \u00e0 s'imposer parmi une centaine d'entreprises de la r\u00e9gion \u00e0 l'issue d'un processus de s\u00e9lection en plusieurs \u00e9tapes et se sont pr\u00e9sent\u00e9s au public le 25 novembre 2021. C'est revendo AG qui a finalement remport\u00e9 la course. Le concept de revendo met l'accent sur la r\u00e9utilisation des produits Apple et Android, afin de renforcer l'utilisation durable et de maintenir les appareils en circulation plus longtemps. L'entreprise emploie environ 120 personnes et est dirig\u00e9e par Aurel Greiner, VRP, CEO et actionnaire principal, et Laurenz Ginat, CEO. Le mod\u00e8le d'affaires de revendo a convaincu \u00e0 tous points de vue le jury d'experts dirig\u00e9 par Willi Glaeser, pr\u00e9sident d'honneur de Glaeser Wogg AG. Bernhard B. Fischer, responsable r\u00e9gional SVC pour la Suisse du Nord et membre du jury depuis la premi\u00e8re heure, a soulign\u00e9 dans son \u00e9loge : \"Cette victoire est avant tout une r\u00e9compense pour le fait que revendo n'est pas qu'un banal revendeur de smartphones et d'ordinateurs. La motivation de l'entreprise ne repose pas uniquement sur la taille du march\u00e9 de vente, mais bien plus sur le fait de donner un signal contre la soci\u00e9t\u00e9 du tout-jetable\". Le succ\u00e8s de l'entreprise r\u00e9compens\u00e9e d\u00e9pend de nombreux facteurs, dont trois ont \u00e9t\u00e9 soulign\u00e9s par Fischer : \"L'aspect de la durabilit\u00e9 est tr\u00e8s important chez revendo. Les deux fondateurs ont d\u00e9cid\u00e9 de pratiquer un type de recyclage particulier, qui a \u00e9galement gagn\u00e9 en notori\u00e9t\u00e9 ces derni\u00e8res ann\u00e9es sous le terme 'upcycling'. L'upcycling permet de pr\u00e9server les ressources, de r\u00e9duire la consommation d'\u00e9nergie et de diminuer notre besoin en produits neufs. Il faut \u00e9galement souligner la croissance rapide de revendo ag : ce qui a commenc\u00e9 il y a sept ans comme une start-up de deux personnes avec une boutique en ligne est devenu entre-temps une PME impressionnante avec plus de 120 collaborateurs et neuf filiales et s'est ainsi \u00e9tabli comme un employeur important - \u00e9galement au-del\u00e0 de la r\u00e9gion du nord de la Suisse\". Bernhard B. Fischer a mentionn\u00e9 l'exp\u00e9rience d'achat comme autre facteur de succ\u00e8s : \"revendo offre un m\u00e9lange parfait entre les prestations en ligne et le service en magasin. L'entreprise a su associer son commerce en ligne et hors ligne \u00e0 une strat\u00e9gie marketing adapt\u00e9e, ce qui lui permet de s'adresser \u00e0 un large cercle de clients\".<\/p>\n<figure id=\"attachment_8930\" aria-describedby=\"caption-attachment-8930\" style=\"width: 680px\" class=\"wp-caption alignnone\"><a href=\"https:\/\/www.organisator.ch\/wp-content\/uploads\/2021\/11\/Prix-SVC-Nordschweiz-2021-Zwei-junge-Unternehmer-ganz-gross-2_Organisator.jpg\"><img loading=\"lazy\" decoding=\"async\" class=\"size-medium wp-image-8930\" src=\"https:\/\/www.organisator.ch\/wp-content\/uploads\/2021\/11\/Prix-SVC-Nordschweiz-2021-Zwei-junge-Unternehmer-ganz-gross-2_Organisator.jpg\" alt=\"\" width=\"680\" height=\"401\" \/><\/a><figcaption id=\"caption-attachment-8930\" class=\"wp-caption-text\">Juste avant le grand moment (de gauche \u00e0 droite) : Aurel Greiner, Laurenz Ginat, Nick Koch (Robotec Solutions AG, 2e rang), Andreas Gerber (pr\u00e9sident SVC) et Dani von Wattenwyl (pr\u00e9sentateur). (Image : capture d'\u00e9cran \/ Thomas Berner)<\/figcaption><\/figure>\n<h2>Robotec Solutions AG et alltech Installationen AG en deuxi\u00e8me et troisi\u00e8me position<\/h2>\n<p>La deuxi\u00e8me place revient \u00e0 Robotec Solutions AG, leader dans la construction de syst\u00e8mes robotiques, dont le si\u00e8ge est \u00e0 Seon et qui poss\u00e8de des filiales en Allemagne et en Chine. Avec l'exp\u00e9rience de plus de 700 projets r\u00e9alis\u00e9s, l'entreprise est une experte hautement sp\u00e9cialis\u00e9e dans les solutions d'automatisation. Robotec propose le plus grand assortiment de robots au monde, emploie 55 personnes et est dirig\u00e9e par le propri\u00e9taire et CEO Nick Koch. Le bronze a \u00e9t\u00e9 remport\u00e9 par alltech Installationen AG de Muttenz. L'entreprise d'installation, qui poss\u00e8de deux sites en Suisse, r\u00e9alise toutes les phases de la construction, de la planification \u00e0 l'ex\u00e9cution des travaux. Le propri\u00e9taire Kurt Hersperger ainsi que le CEO Mauro Fusco et leurs 200 collaborateurs proposent \u00e0 leurs clients des prestations compl\u00e8tes dans les domaines des installations sanitaires, des installations de chauffage, industrielles et frigorifiques, des syst\u00e8mes \u00e9nerg\u00e9tiques ainsi que du service de chaudi\u00e8res.<\/p>\n<figure id=\"attachment_8932\" aria-describedby=\"caption-attachment-8932\" style=\"width: 680px\" class=\"wp-caption alignnone\"><a href=\"https:\/\/www.organisator.ch\/wp-content\/uploads\/2021\/11\/Prix-SVC-Nordschweiz-2021-Zwei-junge-Unternehmer-ganz-gross-4_Organisator.jpg\"><img loading=\"lazy\" decoding=\"async\" class=\"size-medium wp-image-8932\" src=\"https:\/\/www.organisator.ch\/wp-content\/uploads\/2021\/11\/Prix-SVC-Nordschweiz-2021-Zwei-junge-Unternehmer-ganz-gross-4_Organisator.jpg\" alt=\"\" width=\"680\" height=\"488\" \/><\/a><figcaption id=\"caption-attachment-8932\" class=\"wp-caption-text\">Troisi\u00e8me place au Prix SVC Nordschweiz 2021 : Kurt Hersperger (au centre, alltech Installationen AG). (Image : Capture d'\u00e9cran \/ Thomas Berner)<\/figcaption><\/figure>\n<h2>Rang de dipl\u00f4me pour ifa Institut f\u00fcr Arbeitsmedizin AG, Medgate et Monopol AG<\/h2>\n<p>L'ifa Institut f\u00fcr Arbeitsmedizin AG, leader du march\u00e9 de la promotion de la sant\u00e9 en entreprise, Medgate, fournisseur leader dans le domaine de la t\u00e9l\u00e9m\u00e9decine, ainsi que Monopol AG, qui produit depuis sa fondation en 1947 des peintures pour fa\u00e7ades, des vernis industriels et des protections anticorrosion pour l'acier, l'aluminium et les mati\u00e8res plastiques, ont \u00e9t\u00e9 r\u00e9compens\u00e9s par le rang de dipl\u00f4me.<\/p>\n<figure id=\"attachment_8931\" aria-describedby=\"caption-attachment-8931\" style=\"width: 680px\" class=\"wp-caption alignnone\"><a href=\"https:\/\/www.organisator.ch\/wp-content\/uploads\/2021\/11\/Prix-SVC-Nordschweiz-2021-Zwei-junge-Unternehmer-ganz-gross-3_Organisator.jpg\"><img loading=\"lazy\" decoding=\"async\" class=\"size-medium wp-image-8931\" src=\"https:\/\/www.organisator.ch\/wp-content\/uploads\/2021\/11\/Prix-SVC-Nordschweiz-2021-Zwei-junge-Unternehmer-ganz-gross-3_Organisator.jpg\" alt=\"\" width=\"680\" height=\"513\" \/><\/a><figcaption id=\"caption-attachment-8931\" class=\"wp-caption-text\">Partage du rang de dipl\u00f4me (de g. \u00e0 d.) : Dieter Kissling (ifa Institut f\u00fcr Arbeitsmedizin), Andy Fischer (Medgate AG) et Lionel Schlessinger (Monopol AG). (Image : Capture d'\u00e9cran \/ Thomas Berner)<\/figcaption><\/figure>\n<p>C'est justement en p\u00e9riode de pand\u00e9mie que le secteur de la sant\u00e9 devrait \u00eatre en plein essor, selon une question pos\u00e9e par Dani von Wattenwyl \u00e0 Dieter Kissling, fondateur de l'ifa. \"Il y a six mois, nous \u00e9tions encore en ch\u00f4mage partiel\", a r\u00e9pondu ce dernier. Mais il a soulign\u00e9 qu'actuellement, c'est surtout la pr\u00e9vention qui devient de plus en plus importante pour \u00e9viter les maladies psychiques. Celle-ci doit passer par un travail sur la culture d'entreprise. Et Andy Fischer de Medgate a constat\u00e9 qu'aujourd'hui d\u00e9j\u00e0, pr\u00e8s de la moiti\u00e9 des patients pouvaient \u00eatre trait\u00e9s par t\u00e9l\u00e9m\u00e9decine. Gr\u00e2ce au d\u00e9veloppement des outils num\u00e9riques, cette tendance ne devrait pas s'arr\u00eater. Lionel Schlessinger de Monopol AG a mentionn\u00e9 l'importance de la culture de l'erreur dans son entreprise. \"Ce n'est qu'en apprenant de nos erreurs que nous pouvons progresser\", a d\u00e9clar\u00e9 Schlessinger en substance.<\/p>\n<h2>Mettre en lumi\u00e8re les entreprises qui r\u00e9ussissent<\/h2>\n<p>Une fois de plus, la remise du Prix SVC Nordschweiz 2021 a permis d'offrir une sc\u00e8ne \u00e0 des PME performantes. L'initiateur et le promoteur du Prix SVC est le Swiss Venture Club (SVC), une association ind\u00e9pendante \u00e0 but non lucratif d'entrepreneurs pour des entrepreneurs, dont l'objectif est de soutenir et de promouvoir les PME en tant que force motrice de l'\u00e9conomie suisse et de contribuer \u00e0 la cr\u00e9ation et au maintien d'emplois en Suisse. Le SVC est soutenu par son partenaire strat\u00e9gique Credit Suisse, ses partenaires Emil Frey, EY, La Mobili\u00e8re et Swisscom ainsi que par de nombreux autres sponsors. L'\u00e9v\u00e9nement festif et passionnant du jubil\u00e9, qui pouvait \u00e9galement \u00eatre suivi en livestream, a fait oublier la pand\u00e9mie pendant quelques heures et s'est r\u00e9v\u00e9l\u00e9 \u00eatre un important point de rencontre de l'\u00e9conomie de la Suisse du Nord. Et avec l'entreprise gagnante revendo AG, il a peut-\u00eatre m\u00eame \u00e9t\u00e9 possible de montrer, le 25 novembre 2021, comment il est possible de rendre plus durable la fr\u00e9n\u00e9sie de consommation du Black Friday.<\/p>\n<p><em>Plus d'informations : <a href=\"http:\/\/www.svc.swiss\">Club suisse des entrepreneurs<\/a><\/em><\/p>","protected":false},"excerpt":{"rendered":"<p>Zum zehnten Mal wurde im Congress Center Basel vor 1000 G\u00e4sten der Prix SVC Nordschweiz verliehen. Dieses Jubil\u00e4um wurde zum Anlass genommen, auf vergangene Preisverleihungen zur\u00fcckzuschauen. Einige der fr\u00fcheren Gewinner und Preistr\u00e4ger waren ebenfalls unter den G\u00e4sten. So etwa Willi Miesch von Medartis AG (Gewinner von 2015). Angesprochen auf die Bedeutung des Prix SVC Nordschweiz [&hellip;]<\/p>\n","protected":false},"author":4,"featured_media":11570,"comment_status":"closed","ping_status":"closed","sticky":false,"template":"","format":"standard","meta":{"_acf_changed":false,"_yoast_wpseo_focuskw":"Prix SVC Nordschweiz 2021","_yoast_wpseo_metadesc":"Gewinnerin des Prix SVC Nordschweiz 2021 ist die revendo AG. Die beiden Gr\u00fcnder Aurel Greiner und Laurenz Ginat \u00fcberzeugten mit ihrem Upcycling-Konzept.","articlekey":"","footnotes":""},"categories":[1],"tags":[66,335,390,492],"class_list":["post-11781","post","type-post","status-publish","format-standard","has-post-thumbnail","hentry","category-allgemein","tag-awards","tag-management-und-unternehmensfuehrung","tag-prix-svc","tag-unternehmen"],"acf":[],"yoast_head":"<!-- This site is optimized with the Yoast SEO plugin v27.5 - https:\/\/yoast.com\/product\/yoast-seo-wordpress\/ -->\n<title>Prix SVC Nordschweiz 2021: Zwei junge Unternehmer ganz gross! - Organisator<\/title>\n<meta name=\"description\" content=\"Gewinnerin des Prix SVC Nordschweiz 2021 ist die revendo AG. Die beiden Gr\u00fcnder Aurel Greiner und Laurenz Ginat \u00fcberzeugten mit ihrem Upcycling-Konzept.\" \/>\n<meta name=\"robots\" content=\"index, follow, max-snippet:-1, max-image-preview:large, max-video-preview:-1\" \/>\n<link rel=\"canonical\" href=\"https:\/\/www.organisator.ch\/fr\/general\/2021-11-26\/prix-svc-nordschweiz-2021-zwei-junge-unternehmer-ganz-gross\/\" \/>\n<meta property=\"og:locale\" content=\"fr_FR\" \/>\n<meta property=\"og:type\" content=\"article\" \/>\n<meta property=\"og:title\" content=\"Prix SVC Nordschweiz 2021: Zwei junge Unternehmer ganz gross!\" \/>\n<meta property=\"og:description\" content=\"Gewinnerin des Prix SVC Nordschweiz 2021 ist die revendo AG. Die beiden Gr\u00fcnder Aurel Greiner und Laurenz Ginat \u00fcberzeugten mit ihrem Upcycling-Konzept.\" \/>\n<meta property=\"og:url\" content=\"https:\/\/www.organisator.ch\/fr\/general\/2021-11-26\/prix-svc-nordschweiz-2021-zwei-junge-unternehmer-ganz-gross\/\" \/>\n<meta property=\"og:site_name\" content=\"Organisator\" \/>\n<meta property=\"article:publisher\" content=\"https:\/\/www.facebook.com\/OrganisatorFachmagazin\" \/>\n<meta property=\"article:published_time\" content=\"2021-11-26T09:17:45+00:00\" \/>\n<meta name=\"author\" content=\"thomas.berner\" \/>\n<meta name=\"twitter:card\" content=\"summary_large_image\" \/>\n<meta name=\"twitter:title\" content=\"Prix #SVC #Nordschweiz 2021: Zwei junge Unternehmer ganz gross!\" \/>\n<meta name=\"twitter:description\" content=\"Gewinnerin des Prix #SVC #Nordschweiz 2021 ist die #revendo AG. Die beiden Gr\u00fcnder Aurel Greiner und Laurenz Ginat \u00fcberzeugten mit ihrem #Upcycling-Konzept.\" \/>\n<script type=\"application\/ld+json\" class=\"yoast-schema-graph\">{\"@context\":\"https:\\\/\\\/schema.org\",\"@graph\":[{\"@type\":\"Article\",\"@id\":\"https:\\\/\\\/www.organisator.ch\\\/de\\\/allgemein\\\/2021-11-26\\\/prix-svc-nordschweiz-2021-zwei-junge-unternehmer-ganz-gross\\\/#article\",\"isPartOf\":{\"@id\":\"https:\\\/\\\/www.organisator.ch\\\/de\\\/allgemein\\\/2021-11-26\\\/prix-svc-nordschweiz-2021-zwei-junge-unternehmer-ganz-gross\\\/\"},\"author\":{\"name\":\"thomas.berner\",\"@id\":\"https:\\\/\\\/www.organisator.ch\\\/#\\\/schema\\\/person\\\/6f650f90b2842cd4c0cc334b4e36f67e\"},\"headline\":\"Prix SVC Nordschweiz 2021: Zwei junge Unternehmer ganz gross!\",\"datePublished\":\"2021-11-26T09:17:45+00:00\",\"mainEntityOfPage\":{\"@id\":\"https:\\\/\\\/www.organisator.ch\\\/de\\\/allgemein\\\/2021-11-26\\\/prix-svc-nordschweiz-2021-zwei-junge-unternehmer-ganz-gross\\\/\"},\"wordCount\":1107,\"publisher\":{\"@id\":\"https:\\\/\\\/www.organisator.ch\\\/#organization\"},\"image\":{\"@id\":\"https:\\\/\\\/www.organisator.ch\\\/de\\\/allgemein\\\/2021-11-26\\\/prix-svc-nordschweiz-2021-zwei-junge-unternehmer-ganz-gross\\\/#primaryimage\"},\"thumbnailUrl\":\"https:\\\/\\\/www.organisator.ch\\\/wp-content\\\/uploads\\\/2021\\\/11\\\/Prix-SVC-Nordschweiz-2021-Zwei-junge-Unternehmer-ganz-gross-1_Organisator.jpg\",\"keywords\":[\"Awards\",\"Management und Unternehmensf\u00fchrung\",\"Prix SVC\",\"Unternehmen\"],\"articleSection\":[\"Allgemein\"],\"inLanguage\":\"fr-FR\"},{\"@type\":\"WebPage\",\"@id\":\"https:\\\/\\\/www.organisator.ch\\\/de\\\/allgemein\\\/2021-11-26\\\/prix-svc-nordschweiz-2021-zwei-junge-unternehmer-ganz-gross\\\/\",\"url\":\"https:\\\/\\\/www.organisator.ch\\\/de\\\/allgemein\\\/2021-11-26\\\/prix-svc-nordschweiz-2021-zwei-junge-unternehmer-ganz-gross\\\/\",\"name\":\"Prix SVC Nordschweiz 2021: Zwei junge Unternehmer ganz gross! - Organisator\",\"isPartOf\":{\"@id\":\"https:\\\/\\\/www.organisator.ch\\\/#website\"},\"primaryImageOfPage\":{\"@id\":\"https:\\\/\\\/www.organisator.ch\\\/de\\\/allgemein\\\/2021-11-26\\\/prix-svc-nordschweiz-2021-zwei-junge-unternehmer-ganz-gross\\\/#primaryimage\"},\"image\":{\"@id\":\"https:\\\/\\\/www.organisator.ch\\\/de\\\/allgemein\\\/2021-11-26\\\/prix-svc-nordschweiz-2021-zwei-junge-unternehmer-ganz-gross\\\/#primaryimage\"},\"thumbnailUrl\":\"https:\\\/\\\/www.organisator.ch\\\/wp-content\\\/uploads\\\/2021\\\/11\\\/Prix-SVC-Nordschweiz-2021-Zwei-junge-Unternehmer-ganz-gross-1_Organisator.jpg\",\"datePublished\":\"2021-11-26T09:17:45+00:00\",\"description\":\"Gewinnerin des Prix SVC Nordschweiz 2021 ist die revendo AG. Die beiden Gr\u00fcnder Aurel Greiner und Laurenz Ginat \u00fcberzeugten mit ihrem Upcycling-Konzept.\",\"breadcrumb\":{\"@id\":\"https:\\\/\\\/www.organisator.ch\\\/de\\\/allgemein\\\/2021-11-26\\\/prix-svc-nordschweiz-2021-zwei-junge-unternehmer-ganz-gross\\\/#breadcrumb\"},\"inLanguage\":\"fr-FR\",\"potentialAction\":[{\"@type\":\"ReadAction\",\"target\":[\"https:\\\/\\\/www.organisator.ch\\\/de\\\/allgemein\\\/2021-11-26\\\/prix-svc-nordschweiz-2021-zwei-junge-unternehmer-ganz-gross\\\/\"]}]},{\"@type\":\"ImageObject\",\"inLanguage\":\"fr-FR\",\"@id\":\"https:\\\/\\\/www.organisator.ch\\\/de\\\/allgemein\\\/2021-11-26\\\/prix-svc-nordschweiz-2021-zwei-junge-unternehmer-ganz-gross\\\/#primaryimage\",\"url\":\"https:\\\/\\\/www.organisator.ch\\\/wp-content\\\/uploads\\\/2021\\\/11\\\/Prix-SVC-Nordschweiz-2021-Zwei-junge-Unternehmer-ganz-gross-1_Organisator.jpg\",\"contentUrl\":\"https:\\\/\\\/www.organisator.ch\\\/wp-content\\\/uploads\\\/2021\\\/11\\\/Prix-SVC-Nordschweiz-2021-Zwei-junge-Unternehmer-ganz-gross-1_Organisator.jpg\",\"width\":680,\"height\":453,\"caption\":\"IMAGE DISTRIBUTED FOR SWISS VENTURE CLUB FOR EDITORIAL USE ONLY - Die Gewinner der zehnten Ausgabe des Prix SVC Nordschweiz 2021, Aurel Greiner, VRP, CEO &amp; Hauptaktionaer, revendo AG und Laurenz Ginat CEO revendo AG, freuen sich ueber den Preis waehrend der Preisverleihung am Donnerstag, 25. November 2021, im Congress Center Basel. Der Swiss Venture Club zeichnet mit dem Prix SVC innovative Unternehmen aus, die durch herausragende Leistungen einen wesentlichen und nachhaltigen wirtschaftlichen Erfolg verzeichnen. Der Prix SVC Nordschweiz wurde in diesem Jahr zum zehnten Mal verliehen. (SVC\\\/KEYSTONE\\\/Manuel Lopez)\"},{\"@type\":\"BreadcrumbList\",\"@id\":\"https:\\\/\\\/www.organisator.ch\\\/de\\\/allgemein\\\/2021-11-26\\\/prix-svc-nordschweiz-2021-zwei-junge-unternehmer-ganz-gross\\\/#breadcrumb\",\"itemListElement\":[{\"@type\":\"ListItem\",\"position\":1,\"name\":\"Home\",\"item\":\"https:\\\/\\\/www.organisator.ch\\\/\"},{\"@type\":\"ListItem\",\"position\":2,\"name\":\"Prix SVC Nordschweiz 2021: Zwei junge Unternehmer ganz gross!\"}]},{\"@type\":\"WebSite\",\"@id\":\"https:\\\/\\\/www.organisator.ch\\\/#website\",\"url\":\"https:\\\/\\\/www.organisator.ch\\\/\",\"name\":\"Organisator\",\"description\":\"Kompetent. Praxisnah. Der ORGANISATOR bereitet in 10 Ausgaben pro Jahr die wesentlichen Themen f\u00fcr F\u00fchrungskr\u00e4fte von KMU auf.\",\"publisher\":{\"@id\":\"https:\\\/\\\/www.organisator.ch\\\/#organization\"},\"potentialAction\":[{\"@type\":\"SearchAction\",\"target\":{\"@type\":\"EntryPoint\",\"urlTemplate\":\"https:\\\/\\\/www.organisator.ch\\\/?s={search_term_string}\"},\"query-input\":{\"@type\":\"PropertyValueSpecification\",\"valueRequired\":true,\"valueName\":\"search_term_string\"}}],\"inLanguage\":\"fr-FR\"},{\"@type\":\"Organization\",\"@id\":\"https:\\\/\\\/www.organisator.ch\\\/#organization\",\"name\":\"Organisator\",\"url\":\"https:\\\/\\\/www.organisator.ch\\\/\",\"logo\":{\"@type\":\"ImageObject\",\"inLanguage\":\"fr-FR\",\"@id\":\"https:\\\/\\\/www.organisator.ch\\\/#\\\/schema\\\/logo\\\/image\\\/\",\"url\":\"https:\\\/\\\/www.organisator.ch\\\/wp-content\\\/uploads\\\/2022\\\/01\\\/Logo_Organisator_Website.png\",\"contentUrl\":\"https:\\\/\\\/www.organisator.ch\\\/wp-content\\\/uploads\\\/2022\\\/01\\\/Logo_Organisator_Website.png\",\"width\":800,\"height\":77,\"caption\":\"Organisator\"},\"image\":{\"@id\":\"https:\\\/\\\/www.organisator.ch\\\/#\\\/schema\\\/logo\\\/image\\\/\"},\"sameAs\":[\"https:\\\/\\\/www.facebook.com\\\/OrganisatorFachmagazin\",\"https:\\\/\\\/www.linkedin.com\\\/showcase\\\/organisator-das-magazin-fr-kmu\",\"https:\\\/\\\/www.xing.com\\\/news\\\/pages\\\/organisator-ch-695\",\"https:\\\/\\\/www.youtube.com\\\/channel\\\/UCGP2Sq0iWaZwT3BdIAQFYpw\"]},{\"@type\":\"Person\",\"@id\":\"https:\\\/\\\/www.organisator.ch\\\/#\\\/schema\\\/person\\\/6f650f90b2842cd4c0cc334b4e36f67e\",\"name\":\"thomas.berner\",\"image\":{\"@type\":\"ImageObject\",\"inLanguage\":\"fr-FR\",\"@id\":\"https:\\\/\\\/secure.gravatar.com\\\/avatar\\\/ac5001d2a36cb6c6cd3e50789007ffca834b477b74a2144564522e944eabff61?s=96&d=mm&r=g\",\"url\":\"https:\\\/\\\/secure.gravatar.com\\\/avatar\\\/ac5001d2a36cb6c6cd3e50789007ffca834b477b74a2144564522e944eabff61?s=96&d=mm&r=g\",\"contentUrl\":\"https:\\\/\\\/secure.gravatar.com\\\/avatar\\\/ac5001d2a36cb6c6cd3e50789007ffca834b477b74a2144564522e944eabff61?s=96&d=mm&r=g\",\"caption\":\"thomas.berner\"},\"url\":\"https:\\\/\\\/www.organisator.ch\\\/fr\\\/author\\\/thomas-berner\\\/\"}]}<\/script>\n<!-- \/ Yoast SEO plugin. -->","yoast_head_json":{"title":"Prix SVC Nordschweiz 2021 : Deux jeunes entrepreneurs tr\u00e8s grands ! - Organisateur","description":"La gagnante du Prix SVC Nordschweiz 2021 est revendo AG. Les deux fondateurs, Aurel Greiner et Laurenz Ginat, ont su convaincre avec leur concept d'upcycling.","robots":{"index":"index","follow":"follow","max-snippet":"max-snippet:-1","max-image-preview":"max-image-preview:large","max-video-preview":"max-video-preview:-1"},"canonical":"https:\/\/www.organisator.ch\/fr\/general\/2021-11-26\/prix-svc-nordschweiz-2021-zwei-junge-unternehmer-ganz-gross\/","og_locale":"fr_FR","og_type":"article","og_title":"Prix SVC Nordschweiz 2021: Zwei junge Unternehmer ganz gross!","og_description":"Gewinnerin des Prix SVC Nordschweiz 2021 ist die revendo AG. Die beiden Gr\u00fcnder Aurel Greiner und Laurenz Ginat \u00fcberzeugten mit ihrem Upcycling-Konzept.","og_url":"https:\/\/www.organisator.ch\/fr\/general\/2021-11-26\/prix-svc-nordschweiz-2021-zwei-junge-unternehmer-ganz-gross\/","og_site_name":"Organisator","article_publisher":"https:\/\/www.facebook.com\/OrganisatorFachmagazin","article_published_time":"2021-11-26T09:17:45+00:00","author":"thomas.berner","twitter_card":"summary_large_image","twitter_title":"Prix #SVC #Nordschweiz 2021: Zwei junge Unternehmer ganz gross!","twitter_description":"Gewinnerin des Prix #SVC #Nordschweiz 2021 ist die #revendo AG. Die beiden Gr\u00fcnder Aurel Greiner und Laurenz Ginat \u00fcberzeugten mit ihrem #Upcycling-Konzept.","schema":{"@context":"https:\/\/schema.org","@graph":[{"@type":"Article","@id":"https:\/\/www.organisator.ch\/de\/allgemein\/2021-11-26\/prix-svc-nordschweiz-2021-zwei-junge-unternehmer-ganz-gross\/#article","isPartOf":{"@id":"https:\/\/www.organisator.ch\/de\/allgemein\/2021-11-26\/prix-svc-nordschweiz-2021-zwei-junge-unternehmer-ganz-gross\/"},"author":{"name":"thomas.berner","@id":"https:\/\/www.organisator.ch\/#\/schema\/person\/6f650f90b2842cd4c0cc334b4e36f67e"},"headline":"Prix SVC Nordschweiz 2021: Zwei junge Unternehmer ganz gross!","datePublished":"2021-11-26T09:17:45+00:00","mainEntityOfPage":{"@id":"https:\/\/www.organisator.ch\/de\/allgemein\/2021-11-26\/prix-svc-nordschweiz-2021-zwei-junge-unternehmer-ganz-gross\/"},"wordCount":1107,"publisher":{"@id":"https:\/\/www.organisator.ch\/#organization"},"image":{"@id":"https:\/\/www.organisator.ch\/de\/allgemein\/2021-11-26\/prix-svc-nordschweiz-2021-zwei-junge-unternehmer-ganz-gross\/#primaryimage"},"thumbnailUrl":"https:\/\/www.organisator.ch\/wp-content\/uploads\/2021\/11\/Prix-SVC-Nordschweiz-2021-Zwei-junge-Unternehmer-ganz-gross-1_Organisator.jpg","keywords":["Awards","Management und Unternehmensf\u00fchrung","Prix SVC","Unternehmen"],"articleSection":["Allgemein"],"inLanguage":"fr-FR"},{"@type":"WebPage","@id":"https:\/\/www.organisator.ch\/de\/allgemein\/2021-11-26\/prix-svc-nordschweiz-2021-zwei-junge-unternehmer-ganz-gross\/","url":"https:\/\/www.organisator.ch\/de\/allgemein\/2021-11-26\/prix-svc-nordschweiz-2021-zwei-junge-unternehmer-ganz-gross\/","name":"Prix SVC Nordschweiz 2021 : Deux jeunes entrepreneurs tr\u00e8s grands ! - Organisateur","isPartOf":{"@id":"https:\/\/www.organisator.ch\/#website"},"primaryImageOfPage":{"@id":"https:\/\/www.organisator.ch\/de\/allgemein\/2021-11-26\/prix-svc-nordschweiz-2021-zwei-junge-unternehmer-ganz-gross\/#primaryimage"},"image":{"@id":"https:\/\/www.organisator.ch\/de\/allgemein\/2021-11-26\/prix-svc-nordschweiz-2021-zwei-junge-unternehmer-ganz-gross\/#primaryimage"},"thumbnailUrl":"https:\/\/www.organisator.ch\/wp-content\/uploads\/2021\/11\/Prix-SVC-Nordschweiz-2021-Zwei-junge-Unternehmer-ganz-gross-1_Organisator.jpg","datePublished":"2021-11-26T09:17:45+00:00","description":"La gagnante du Prix SVC Nordschweiz 2021 est revendo AG. Les deux fondateurs, Aurel Greiner et Laurenz Ginat, ont su convaincre avec leur concept d'upcycling.","breadcrumb":{"@id":"https:\/\/www.organisator.ch\/de\/allgemein\/2021-11-26\/prix-svc-nordschweiz-2021-zwei-junge-unternehmer-ganz-gross\/#breadcrumb"},"inLanguage":"fr-FR","potentialAction":[{"@type":"ReadAction","target":["https:\/\/www.organisator.ch\/de\/allgemein\/2021-11-26\/prix-svc-nordschweiz-2021-zwei-junge-unternehmer-ganz-gross\/"]}]},{"@type":"ImageObject","inLanguage":"fr-FR","@id":"https:\/\/www.organisator.ch\/de\/allgemein\/2021-11-26\/prix-svc-nordschweiz-2021-zwei-junge-unternehmer-ganz-gross\/#primaryimage","url":"https:\/\/www.organisator.ch\/wp-content\/uploads\/2021\/11\/Prix-SVC-Nordschweiz-2021-Zwei-junge-Unternehmer-ganz-gross-1_Organisator.jpg","contentUrl":"https:\/\/www.organisator.ch\/wp-content\/uploads\/2021\/11\/Prix-SVC-Nordschweiz-2021-Zwei-junge-Unternehmer-ganz-gross-1_Organisator.jpg","width":680,"height":453,"caption":"IMAGE DISTRIBUTED FOR SWISS VENTURE CLUB FOR EDITORIAL USE ONLY - Die Gewinner der zehnten Ausgabe des Prix SVC Nordschweiz 2021, Aurel Greiner, VRP, CEO &amp; Hauptaktionaer, revendo AG und Laurenz Ginat CEO revendo AG, freuen sich ueber den Preis waehrend der Preisverleihung am Donnerstag, 25. November 2021, im Congress Center Basel. Der Swiss Venture Club zeichnet mit dem Prix SVC innovative Unternehmen aus, die durch herausragende Leistungen einen wesentlichen und nachhaltigen wirtschaftlichen Erfolg verzeichnen. Der Prix SVC Nordschweiz wurde in diesem Jahr zum zehnten Mal verliehen. (SVC\/KEYSTONE\/Manuel Lopez)"},{"@type":"BreadcrumbList","@id":"https:\/\/www.organisator.ch\/de\/allgemein\/2021-11-26\/prix-svc-nordschweiz-2021-zwei-junge-unternehmer-ganz-gross\/#breadcrumb","itemListElement":[{"@type":"ListItem","position":1,"name":"Home","item":"https:\/\/www.organisator.ch\/"},{"@type":"ListItem","position":2,"name":"Prix SVC Nordschweiz 2021: Zwei junge Unternehmer ganz gross!"}]},{"@type":"WebSite","@id":"https:\/\/www.organisator.ch\/#website","url":"https:\/\/www.organisator.ch\/","name":"Organisateur","description":"Comp\u00e9tence et comp\u00e9tence. Proches de la pratique. L'ORGANISATEUR pr\u00e9pare 10 num\u00e9ros par an sur les th\u00e8mes essentiels pour les dirigeants de PME.","publisher":{"@id":"https:\/\/www.organisator.ch\/#organization"},"potentialAction":[{"@type":"SearchAction","target":{"@type":"EntryPoint","urlTemplate":"https:\/\/www.organisator.ch\/?s={search_term_string}"},"query-input":{"@type":"PropertyValueSpecification","valueRequired":true,"valueName":"search_term_string"}}],"inLanguage":"fr-FR"},{"@type":"Organization","@id":"https:\/\/www.organisator.ch\/#organization","name":"Organisateur","url":"https:\/\/www.organisator.ch\/","logo":{"@type":"ImageObject","inLanguage":"fr-FR","@id":"https:\/\/www.organisator.ch\/#\/schema\/logo\/image\/","url":"https:\/\/www.organisator.ch\/wp-content\/uploads\/2022\/01\/Logo_Organisator_Website.png","contentUrl":"https:\/\/www.organisator.ch\/wp-content\/uploads\/2022\/01\/Logo_Organisator_Website.png","width":800,"height":77,"caption":"Organisator"},"image":{"@id":"https:\/\/www.organisator.ch\/#\/schema\/logo\/image\/"},"sameAs":["https:\/\/www.facebook.com\/OrganisatorFachmagazin","https:\/\/www.linkedin.com\/showcase\/organisator-das-magazin-fr-kmu","https:\/\/www.xing.com\/news\/pages\/organisator-ch-695","https:\/\/www.youtube.com\/channel\/UCGP2Sq0iWaZwT3BdIAQFYpw"]},{"@type":"Person","@id":"https:\/\/www.organisator.ch\/#\/schema\/person\/6f650f90b2842cd4c0cc334b4e36f67e","name":"thomas.berner","image":{"@type":"ImageObject","inLanguage":"fr-FR","@id":"https:\/\/secure.gravatar.com\/avatar\/ac5001d2a36cb6c6cd3e50789007ffca834b477b74a2144564522e944eabff61?s=96&d=mm&r=g","url":"https:\/\/secure.gravatar.com\/avatar\/ac5001d2a36cb6c6cd3e50789007ffca834b477b74a2144564522e944eabff61?s=96&d=mm&r=g","contentUrl":"https:\/\/secure.gravatar.com\/avatar\/ac5001d2a36cb6c6cd3e50789007ffca834b477b74a2144564522e944eabff61?s=96&d=mm&r=g","caption":"thomas.berner"},"url":"https:\/\/www.organisator.ch\/fr\/author\/thomas-berner\/"}]}},"_links":{"self":[{"href":"https:\/\/www.organisator.ch\/fr\/wp-json\/wp\/v2\/posts\/11781","targetHints":{"allow":["GET"]}}],"collection":[{"href":"https:\/\/www.organisator.ch\/fr\/wp-json\/wp\/v2\/posts"}],"about":[{"href":"https:\/\/www.organisator.ch\/fr\/wp-json\/wp\/v2\/types\/post"}],"author":[{"embeddable":true,"href":"https:\/\/www.organisator.ch\/fr\/wp-json\/wp\/v2\/users\/4"}],"replies":[{"embeddable":true,"href":"https:\/\/www.organisator.ch\/fr\/wp-json\/wp\/v2\/comments?post=11781"}],"version-history":[{"count":0,"href":"https:\/\/www.organisator.ch\/fr\/wp-json\/wp\/v2\/posts\/11781\/revisions"}],"wp:featuredmedia":[{"embeddable":true,"href":"https:\/\/www.organisator.ch\/fr\/wp-json\/wp\/v2\/media\/11570"}],"wp:attachment":[{"href":"https:\/\/www.organisator.ch\/fr\/wp-json\/wp\/v2\/media?parent=11781"}],"wp:term":[{"taxonomy":"category","embeddable":true,"href":"https:\/\/www.organisator.ch\/fr\/wp-json\/wp\/v2\/categories?post=11781"},{"taxonomy":"post_tag","embeddable":true,"href":"https:\/\/www.organisator.ch\/fr\/wp-json\/wp\/v2\/tags?post=11781"}],"curies":[{"name":"wp","href":"https:\/\/api.w.org\/{rel}","templated":true}]}}