{"id":11785,"date":"2021-12-01T11:37:47","date_gmt":"2021-12-01T10:37:47","guid":{"rendered":"https:\/\/www.organisator.ch\/?p=8952"},"modified":"2021-12-01T11:37:47","modified_gmt":"2021-12-01T10:37:47","slug":"nicht-ueberall-den-nagel-auf-den-kopf-getroffen-bei-die-hoehle-der-loewen-schweiz-3-6","status":"publish","type":"post","link":"https:\/\/www.organisator.ch\/fr\/allgemein\/2021-12-01\/nicht-ueberall-den-nagel-auf-den-kopf-getroffen-bei-die-hoehle-der-loewen-schweiz-3-6\/","title":{"rendered":"L'\u00e9mission \"Die H\u00f6hle der L\u00f6wen Schweiz\" n'a pas fait mouche partout, 3\/6"},"content":{"rendered":"<figure id=\"attachment_8953\" aria-describedby=\"caption-attachment-8953\" style=\"width: 680px\" class=\"wp-caption alignnone\"><a href=\"https:\/\/www.organisator.ch\/wp-content\/uploads\/2021\/12\/Nicht-ueberall-den-Nagel-auf-den-Kopf-getroffen-bei-Die-Hoehle-der-Loewen-Schweiz-3-6-1_Organisator.jpg\"><img loading=\"lazy\" decoding=\"async\" class=\"size-medium wp-image-8953\" src=\"https:\/\/www.organisator.ch\/wp-content\/uploads\/2021\/12\/Nicht-ueberall-den-Nagel-auf-den-Kopf-getroffen-bei-Die-Hoehle-der-Loewen-Schweiz-3-6-1_Organisator.jpg\" alt=\"\" width=\"680\" height=\"471\" \/><\/a><figcaption id=\"caption-attachment-8953\" class=\"wp-caption-text\">Avec \"Nagelstock\", R\u00e9my et Marc Hess enfoncent certes le clou en termes de marque, mais ils ne parviennent pas \u00e0 conclure un accord avec les investisseurs. (Image : Presse 3+)<\/figcaption><\/figure>\n<p>Dehors, il neige ou pleut et il y a de la temp\u00eate - des conditions optimales pour passer une soir\u00e9e agr\u00e9able devant la t\u00e9l\u00e9vision. Ceux qui pr\u00e9f\u00e8rent les activit\u00e9s plus manuelles seront peut-\u00eatre bien servis par le \"b\u00e2ton \u00e0 clous\" : il s'agit d'un jeu dans lequel il faut enfoncer un clou dans un bois avec le c\u00f4t\u00e9 \u00e9troit d'un marteau en donnant le moins de coups possible. La marque \"Nagelstock\" de R\u00e9my et Marc Hess propose ce jouet en diff\u00e9rentes versions joliment con\u00e7ues : par exemple en grande version pour le salon et en version mini pour la route. Et la gamme de produits comprend \u00e9galement une eau-de-vie appel\u00e9e \"Nagler\". Actuellement, le b\u00e2ton \u00e0 clous est surtout vendu en ligne, mais avec 700 francs pour le grand mod\u00e8le, on se trouve tout de m\u00eame dans une cat\u00e9gorie de prix \u00e9lev\u00e9e, comme l'ont \u00e9galement constat\u00e9 les cinq lions. Le nombre de ventes - une par semaine - n'est pas non plus tr\u00e8s convaincant. Le lion J\u00fcrg Schwarzenbach a toutefois appr\u00e9ci\u00e9 la marque dans son ensemble. Il voit un potentiel pour proposer d'autres produits sous cette marque. Il ne voulait toutefois pas investir - \"le c\u0153ur lourd\", comme il l'a soulign\u00e9. Il ne s'agissait pas de beaucoup d'argent : 30'000 francs contre 15 pour cent de participation, c'est ce que R\u00e9my et Marc Hess avaient en t\u00eate. Malgr\u00e9 beaucoup de bienveillance, les quatre autres lions n'ont pas non plus pu se d\u00e9cider \u00e0 investir. Roland Brack a au moins offert la possibilit\u00e9 d'un \"Daydeal\" dans sa boutique en ligne.<\/p>\n<h2>Un accord r\u00e9ussi gr\u00e2ce au vin p\u00e9tillant<\/h2>\n<p>Marc Steimer et Markus Simmler de Buchberg, dans le canton de Schaffhouse, ont d\u00e9velopp\u00e9 sous la marque \"Adam + Uva\" un spritz au vin sans alcool avec lequel ils veulent conqu\u00e9rir le march\u00e9 des boissons. Les lions doivent investir 80'000 francs contre 6 pour cent de parts de l'entreprise pour que cette ambition aboutisse. La boisson pla\u00eet aux lions et aux louves. Ils sont s\u00e9duits par le fait que le spritz au vin est compos\u00e9 \u00e0 100 % d'ingr\u00e9dients suisses. Tobias Reichmuth, en particulier, semble avoir enfonc\u00e9 le clou, pour s'en tenir \u00e0 cette image. Il a assailli les deux entrepreneurs de questions sur les objectifs de chiffre d'affaires (\"1 million dans cinq ans\") ou sur les marges b\u00e9n\u00e9ficiaires (\"1 franc par bouteille est r\u00e9aliste\"). Mais faut-il vraiment des investisseurs pour changer d'\u00e9chelle dans la production ? Ne serait-il pas pr\u00e9f\u00e9rable de recourir \u00e0 un financement bancaire ? Lukas Speiser et Tobias Reichmuth se sont mis d'accord et ont finalement d\u00e9cid\u00e9 d'offrir ensemble 80 000 francs contre une participation de 5 pour cent chacun dans l'entreprise. Marc Steimer et Markus Simmler voulaient d'abord r\u00e9duire leur participation \u00e0 4,5 pour cent chacun, mais ils ont tout de m\u00eame accept\u00e9 l'offre lorsqu'ils ont constat\u00e9 que Tobias Reichmuth et Lukas Speiser ne voulaient pas revenir sur leur position.<\/p>\n<figure id=\"attachment_8954\" aria-describedby=\"caption-attachment-8954\" style=\"width: 680px\" class=\"wp-caption alignnone\"><a href=\"https:\/\/www.organisator.ch\/wp-content\/uploads\/2021\/12\/Nicht-ueberall-den-Nagel-auf-den-Kopf-getroffen-bei-Die-Hoehle-der-Loewen-Schweiz-3-6-2_Organisator.jpg\"><img loading=\"lazy\" decoding=\"async\" class=\"size-medium wp-image-8954\" src=\"https:\/\/www.organisator.ch\/wp-content\/uploads\/2021\/12\/Nicht-ueberall-den-Nagel-auf-den-Kopf-getroffen-bei-Die-Hoehle-der-Loewen-Schweiz-3-6-2_Organisator.jpg\" alt=\"\" width=\"680\" height=\"451\" \/><\/a><figcaption id=\"caption-attachment-8954\" class=\"wp-caption-text\">\"Les gars, on a conclu un march\u00e9\" : Tobias Reichmuth f\u00e9licite les trois fondateurs de \"Relai\", une application permettant d'\u00e9conomiser du bitcoin. Avec les cryptomonnaies, ils ont fait mouche aupr\u00e8s de lui. (Image : Presse 3+)<\/figcaption><\/figure>\n<h2>L'\u00e9pargne en bitcoins pour tous<\/h2>\n<p>\"L'application d'investissement en bitcoins la plus simple au monde\" : c'est en ces termes que Julian Liniger, Adem Bilican et Fabian Dominguez ont pr\u00e9sent\u00e9 leur solution \"Relai\". Celle-ci permet aux d\u00e9butants et aux fans de crypto avanc\u00e9s d'acheter et de vendre des bitcoins de mani\u00e8re simple et rapide. L'application fonctionne comme un distributeur automatique de billets : Argent entrant - Bitcoin sortant. Simple et facile parce que la l\u00e9gislation suisse n'exige une v\u00e9rification qu'\u00e0 partir de 1000 francs par jour et par client pour de telles op\u00e9rations de change. Les bitcoins sont stock\u00e9s sur le smartphone, \"Relai\" ne g\u00e8re donc pas d'actifs. 5000 clients actifs, qui investissent environ 2 millions de francs par mois. Pour chaque transaction, \"Relai\" pr\u00e9l\u00e8ve 3 pour cent de frais. Les trois fondateurs veulent maintenant un investissement de 500 000 francs contre une participation de 5 pour cent, de pr\u00e9f\u00e9rence de Tobias Reichmuth bien s\u00fbr, qui a lui-m\u00eame d\u00e9j\u00e0 mont\u00e9 une entreprise de cryptomonnaies. J\u00fcrg Schwarzenbach a d'abord fait preuve de beaucoup de reconnaissance, \"mais ce n'est pas pour moi\", a-t-il expliqu\u00e9 pour justifier son retrait. Patrick Mollet a fait remarquer qu'il existait d\u00e9j\u00e0 d'innombrables plates-formes de cryptographie - \"vous n'avez pas besoin de vous\" - et a \u00e9galement quitt\u00e9 le projet. Pour Roland Brack, les cryptomonnaies sont \"la plus grande pyramide de Ponzi l\u00e9galis\u00e9e\" et ne voulait donc pas non plus investir. Il restait Tobias Reichmuth, qui a battu le tambour pour les cryptomonnaies aupr\u00e8s des autres lions, et Bettina Hein : ensemble, ils ont offert les 500 000 francs souhait\u00e9s. Julian Liniger, Adem Bilican et Fabian Dominguez ont accept\u00e9 avec plaisir et veulent maintenant viser l'acquisition d'une licence de courtier et contribuer \u00e0 la d\u00e9mocratisation de la crypto-monnaie bitcoin gr\u00e2ce \u00e0 un \"marketing agressif\".<\/p>\n<h2>Passer \u00e0 deux doigts de l'investissement<\/h2>\n<p>Les troubles du sommeil sont une maladie tr\u00e8s r\u00e9pandue, comme nous l'avons d\u00e9j\u00e0 appris lors d'une pr\u00e9c\u00e9dente \u00e9mission. Avec \"SilentSleep\", un appareil destin\u00e9 \u00e0 la th\u00e9rapie de l'apn\u00e9e du sommeil, Aron et Alex Suarez ainsi que Samuel Buob sont entr\u00e9s dans la grotte des lions. Ils ont d\u00e9velopp\u00e9 un \"didgeridoo m\u00e9dical\" et une application pour traiter l'apn\u00e9e du sommeil. En jouant sur le digderidoo, les muscles de la gorge sont entra\u00een\u00e9s, ce qui permet de gu\u00e9rir compl\u00e8tement et durablement en quelques semaines une cause de ronflement et d'apn\u00e9e du sommeil, comme Alex Suarez a pu le raconter par sa propre exp\u00e9rience. Les trois hommes voulaient maintenant que les lions investissent un million de francs contre 15 pour cent de participation - une \u00e9valuation tr\u00e8s \u00e9lev\u00e9e. Mais derri\u00e8re cela, il y a 15 ans de d\u00e9veloppement et de recherche. Le produit existe et doit maintenant \u00eatre mis \u00e0 l'\u00e9chelle, selon la justification des trois entrepreneurs. La lionne Anja Graf a trouv\u00e9 la solution tr\u00e8s convaincante, mais n'a pas voulu investir. J\u00fcrg Schwarzenbach a lui aussi refus\u00e9 : \"Je serais peut-\u00eatre un client potentiel, mais la technologie m\u00e9dicale n'est pas vraiment mon domaine d'activit\u00e9\", a-t-il expliqu\u00e9 en substance. Bettina Hein a trouv\u00e9 l'\u00e9valuation \"trop sportive\" et s'est \u00e9galement retir\u00e9e. Roland Brack \u00e9tait d'avis qu'il fallait maintenant vraiment lancer le produit en grand, mais pour lui aussi, la technique m\u00e9dicale ne correspondait pas assez \u00e0 son portefeuille. Et Lukas Speiser, le dernier lion ? Il se d\u00e9crit lui-m\u00eame comme un \"optimisateur du sommeil\" et aurait sans doute accept\u00e9 une proposition d'investissement plus basse. Mais il s'est d\u00e9clar\u00e9 pr\u00eat \u00e0 offrir son expertise pour la commercialisation B2C et \u00e0 investir ult\u00e9rieurement. Pour les t\u00e9l\u00e9spectateurs, la question se posait : les lions ne voulaient-ils pas torpiller leur investissement ant\u00e9rieur dans \"Sleepiz\" ?<\/p>\n<figure id=\"attachment_8955\" aria-describedby=\"caption-attachment-8955\" style=\"width: 680px\" class=\"wp-caption alignnone\"><a href=\"https:\/\/www.organisator.ch\/wp-content\/uploads\/2021\/12\/Nicht-ueberall-den-Nagel-auf-den-Kopf-getroffen-bei-Die-Hoehle-der-Loewen-Schweiz-3-6-3_Organisator.jpg\"><img loading=\"lazy\" decoding=\"async\" class=\"size-medium wp-image-8955\" src=\"https:\/\/www.organisator.ch\/wp-content\/uploads\/2021\/12\/Nicht-ueberall-den-Nagel-auf-den-Kopf-getroffen-bei-Die-Hoehle-der-Loewen-Schweiz-3-6-3_Organisator.jpg\" alt=\"\" width=\"680\" height=\"427\" \/><\/a><figcaption id=\"caption-attachment-8955\" class=\"wp-caption-text\">Les cinq lions et lionnes en train d'essayer le digderidoos m\u00e9dical \"SilentSleep\". (image : presse 3+)<\/figcaption><\/figure>\n<h2>En plein dans le mille ? Deux fois non<\/h2>\n<p>L'entreprise \"Ehrenwort\", repr\u00e9sent\u00e9e par Thomas Gigl, est venue d'Autriche. Elle produit des \u00e9pices, des herbes, des m\u00e9langes d'\u00e9pices, du poivre et du sel de haute qualit\u00e9, et ce de mani\u00e8re \u00e9quitable et durable. Gigl souhaite ainsi apporter en Suisse un peu plus de \"pep\" dans les rayons d'\u00e9pices qu'il juge poussi\u00e9reux. Il voulait obtenir 200 000 francs contre 7 pour cent de participation \u00e0 l'entreprise aupr\u00e8s des lions suisses. Mais ceux-ci l'ont tout de suite pris en grippe : pourquoi devraient-ils investir dans une entreprise autrichienne ? Il s'est ensuite av\u00e9r\u00e9 que \"Ehrenwort\" disposait d\u00e9j\u00e0 d'un partenaire de distribution en Suisse. Et pour le reste, Thomas Gigl semblait avoir d\u00e9j\u00e0 fait beaucoup de choses correctement pour se lancer sur le march\u00e9 suisse. Les cinq lions \u00e9taient unanimes dans leur verdict : s'il y a d\u00e9j\u00e0 un partenaire dans le bateau, il n'est pas n\u00e9cessaire d'avoir des investisseurs en Suisse. Aucun accord n'a \u00e9t\u00e9 conclu, mais Thomas Gigl a gagn\u00e9 un ticket pour le MediaShop.<\/p>\n<p>Un d\u00e9sinfectant comme produit lifestyle ? Avec \"Cr\u00e9ation d'Alain\", Alain Giger et Sasha Zaric ont voulu enfoncer le clou. Enrichi de particules d'or et d'argent, le produit d\u00e9sinfecte et soigne les mains en m\u00eame temps. Le d\u00e9sinfectant contient non seulement de l'argent pur, qui d\u00e9sinfecte doublement et prolonge l'effet, mais offre en m\u00eame temps une protection anti-\u00e2ge, selon la promesse. Mais les lions et les louves ne se laissent pas vraiment r\u00e9chauffer. Patrick Mollet a donc rapidement abandonn\u00e9. Pour Bettina Hein aussi, un investissement ne convenait pas au portefeuille. Roland Brack a \u00e9t\u00e9 un peu plus clair : \"Vous arrivez trop tard\", car le march\u00e9 pour de tels produits est globalement en recul. J\u00fcrg Schwarzenbach voyait au moins une niche de march\u00e9 pour \"Cr\u00e9ation d'Alain\", mais il a \u00e9t\u00e9 rapidement \u00e9limin\u00e9. Conclusion : il n'y a pas eu de march\u00e9.<\/p>\n<h2>Exemple d'une application r\u00e9ussie<\/h2>\n<p>Pour une fois, les fondateurs de l'entreprise n'ont pas mis le doigt sur tout. R\u00e9trospectivement, l'application \"HYLL\" a montr\u00e9 o\u00f9 cela a \u00e9t\u00e9 possible par le pass\u00e9. Celle-ci s'est pr\u00e9sent\u00e9e l'ann\u00e9e derni\u00e8re devant les investisseurs. \"HYLL\" a d\u00e9velopp\u00e9 une application similaire \u00e0 Uber pour les pistes de ski. L'utilisateur ou l'utilisatrice trouve les skis pr\u00e9par\u00e9s pour lui ou elle directement au bord de la piste. Il suffit de les scanner avec son smartphone via l'application \"HYLL\" pour pouvoir partir imm\u00e9diatement. A la fin de la journ\u00e9e, l'utilisateur ou l'utilisatrice remet les skis en place et le d\u00e9compte se fait automatiquement en fonction du temps pass\u00e9. Entre-temps, l'application s'est \u00e9tendue \u00e0 d'autres offres de loisirs avec l'aide des deux investisseurs Tobias Reichmuth et Roland Brack.<\/p>\n<p><em>Vous trouverez des interviews de deux investisseurs dans \"Die H\u00f6hle der L\u00f6wen Schweiz\".\u00a0<a href=\"https:\/\/www.organisator.ch\/die-hoehle-der-loewen-schweiz-die-loewen-lukas-speiser-und-patrick-mollet-im-gespraech\/\">ici,<\/a> une r\u00e9trospective de l'\u00e9mission du 23 novembre 2021 est disponible <a href=\"https:\/\/www.organisator.ch\/der-duft-des-geldes-in-der-hoehle-der-loewen-schweiz-folge-3-5\/\">ici<\/a>.<\/em><\/p>\n<p><em>Informations sur les prochains envois :\u00a0<a href=\"https:\/\/www.3plus.tv\/die-hoehle-der-loewen-schweiz\">https:\/\/www.3plus.tv\/die-hoehle-der-loewen-schweiz<\/a><\/em><\/p>","protected":false},"excerpt":{"rendered":"<p>Draussen schneit bzw. regnet und st\u00fcrmt es \u2013 optimale Voraussetzungen f\u00fcr einen gem\u00fctlichen Abend vor dem TV. Wer es etwas handfester mag, ist vielleicht mit dem \u00abNagelstock\u00bb gut bedient: Das ist ein Spiel, bei dem man mit der schmalen Seite eines Hammers mit m\u00f6glichst wenigen Schl\u00e4gen einen Nagel in ein Holz schlagen muss. Die Marke [&hellip;]<\/p>\n","protected":false},"author":4,"featured_media":11577,"comment_status":"closed","ping_status":"closed","sticky":false,"template":"","format":"standard","meta":{"_acf_changed":false,"_yoast_wpseo_focuskw":"Nagel auf den Kopf","_yoast_wpseo_metadesc":"Trotz viel Zuspruch von den L\u00f6winnen und L\u00f6wen: Den Nagel auf den Kopf treffen mit einem Deal konnten in DHDL Schweiz vom 30.11.2021 nur zwei Startups.","articlekey":"","footnotes":""},"categories":[1],"tags":[2683,335,451,492,508],"class_list":["post-11785","post","type-post","status-publish","format-standard","has-post-thumbnail","hentry","category-allgemein","tag-hoehle-der-loewen","tag-management-und-unternehmensfuehrung","tag-startups","tag-unternehmen","tag-vermischtes"],"acf":[],"yoast_head":"<!-- This site is optimized with the Yoast SEO plugin v27.5 - https:\/\/yoast.com\/product\/yoast-seo-wordpress\/ -->\n<title>Nicht \u00fcberall den Nagel auf den Kopf getroffen bei \u00abDie H\u00f6hle der L\u00f6wen Schweiz\u00bb, 3\/6 - Organisator<\/title>\n<meta name=\"description\" content=\"Trotz viel Zuspruch von den L\u00f6winnen und L\u00f6wen: Den Nagel auf den Kopf treffen mit einem Deal konnten in DHDL Schweiz vom 30.11.2021 nur zwei Startups.\" \/>\n<meta name=\"robots\" content=\"index, follow, max-snippet:-1, max-image-preview:large, max-video-preview:-1\" \/>\n<link rel=\"canonical\" href=\"https:\/\/www.organisator.ch\/fr\/general\/2021-12-01\/nicht-ueberall-den-nagel-auf-den-kopf-getroffen-bei-die-hoehle-der-loewen-schweiz-3-6\/\" \/>\n<meta property=\"og:locale\" content=\"fr_FR\" \/>\n<meta property=\"og:type\" content=\"article\" \/>\n<meta property=\"og:title\" content=\"Nicht \u00fcberall den Nagel auf den Kopf getroffen bei \u00abDie H\u00f6hle der L\u00f6wen\u00bb Schweiz, 3\/6\" \/>\n<meta property=\"og:description\" content=\"Trotz viel Zuspruch von den L\u00f6winnen und L\u00f6wen: Den Nagel auf den Kopf treffen mit einem Deal konnten in DHDL Schweiz vom 30.11.2021 nur zwei Startups.\" \/>\n<meta property=\"og:url\" content=\"https:\/\/www.organisator.ch\/fr\/general\/2021-12-01\/nicht-ueberall-den-nagel-auf-den-kopf-getroffen-bei-die-hoehle-der-loewen-schweiz-3-6\/\" \/>\n<meta property=\"og:site_name\" content=\"Organisator\" \/>\n<meta property=\"article:publisher\" content=\"https:\/\/www.facebook.com\/OrganisatorFachmagazin\" \/>\n<meta property=\"article:published_time\" content=\"2021-12-01T10:37:47+00:00\" \/>\n<meta name=\"author\" content=\"thomas.berner\" \/>\n<meta name=\"twitter:card\" content=\"summary_large_image\" \/>\n<meta name=\"twitter:title\" content=\"Nicht \u00fcberall den #Nagel auf den Kopf getroffen bei \u00abDie H\u00f6hle der L\u00f6wen\u00bb Schweiz, 3\/6\" \/>\n<meta name=\"twitter:description\" content=\"Trotz viel Zuspruch von den L\u00f6winnen und L\u00f6wen: Den Nagel auf den Kopf treffen mit einem Deal konnten in #DHDL Schweiz vom 30.11.2021 nur zwei #Startups.\" \/>\n<script type=\"application\/ld+json\" class=\"yoast-schema-graph\">{\"@context\":\"https:\\\/\\\/schema.org\",\"@graph\":[{\"@type\":\"Article\",\"@id\":\"https:\\\/\\\/www.organisator.ch\\\/de\\\/allgemein\\\/2021-12-01\\\/nicht-ueberall-den-nagel-auf-den-kopf-getroffen-bei-die-hoehle-der-loewen-schweiz-3-6\\\/#article\",\"isPartOf\":{\"@id\":\"https:\\\/\\\/www.organisator.ch\\\/de\\\/allgemein\\\/2021-12-01\\\/nicht-ueberall-den-nagel-auf-den-kopf-getroffen-bei-die-hoehle-der-loewen-schweiz-3-6\\\/\"},\"author\":{\"name\":\"thomas.berner\",\"@id\":\"https:\\\/\\\/www.organisator.ch\\\/#\\\/schema\\\/person\\\/6f650f90b2842cd4c0cc334b4e36f67e\"},\"headline\":\"Nicht \u00fcberall den Nagel auf den Kopf getroffen bei \u00abDie H\u00f6hle der L\u00f6wen Schweiz\u00bb, 3\\\/6\",\"datePublished\":\"2021-12-01T10:37:47+00:00\",\"mainEntityOfPage\":{\"@id\":\"https:\\\/\\\/www.organisator.ch\\\/de\\\/allgemein\\\/2021-12-01\\\/nicht-ueberall-den-nagel-auf-den-kopf-getroffen-bei-die-hoehle-der-loewen-schweiz-3-6\\\/\"},\"wordCount\":1562,\"publisher\":{\"@id\":\"https:\\\/\\\/www.organisator.ch\\\/#organization\"},\"image\":{\"@id\":\"https:\\\/\\\/www.organisator.ch\\\/de\\\/allgemein\\\/2021-12-01\\\/nicht-ueberall-den-nagel-auf-den-kopf-getroffen-bei-die-hoehle-der-loewen-schweiz-3-6\\\/#primaryimage\"},\"thumbnailUrl\":\"https:\\\/\\\/www.organisator.ch\\\/wp-content\\\/uploads\\\/2021\\\/12\\\/Nicht-ueberall-den-Nagel-auf-den-Kopf-getroffen-bei-Die-Hoehle-der-Loewen-Schweiz-3-6-1_Organisator.jpg\",\"keywords\":[\"H\u00f6hle der L\u00f6wen\",\"Management und Unternehmensf\u00fchrung\",\"Startups\",\"Unternehmen\",\"Vermischtes\"],\"articleSection\":[\"Allgemein\"],\"inLanguage\":\"fr-FR\"},{\"@type\":\"WebPage\",\"@id\":\"https:\\\/\\\/www.organisator.ch\\\/de\\\/allgemein\\\/2021-12-01\\\/nicht-ueberall-den-nagel-auf-den-kopf-getroffen-bei-die-hoehle-der-loewen-schweiz-3-6\\\/\",\"url\":\"https:\\\/\\\/www.organisator.ch\\\/de\\\/allgemein\\\/2021-12-01\\\/nicht-ueberall-den-nagel-auf-den-kopf-getroffen-bei-die-hoehle-der-loewen-schweiz-3-6\\\/\",\"name\":\"Nicht \u00fcberall den Nagel auf den Kopf getroffen bei \u00abDie H\u00f6hle der L\u00f6wen Schweiz\u00bb, 3\\\/6 - Organisator\",\"isPartOf\":{\"@id\":\"https:\\\/\\\/www.organisator.ch\\\/#website\"},\"primaryImageOfPage\":{\"@id\":\"https:\\\/\\\/www.organisator.ch\\\/de\\\/allgemein\\\/2021-12-01\\\/nicht-ueberall-den-nagel-auf-den-kopf-getroffen-bei-die-hoehle-der-loewen-schweiz-3-6\\\/#primaryimage\"},\"image\":{\"@id\":\"https:\\\/\\\/www.organisator.ch\\\/de\\\/allgemein\\\/2021-12-01\\\/nicht-ueberall-den-nagel-auf-den-kopf-getroffen-bei-die-hoehle-der-loewen-schweiz-3-6\\\/#primaryimage\"},\"thumbnailUrl\":\"https:\\\/\\\/www.organisator.ch\\\/wp-content\\\/uploads\\\/2021\\\/12\\\/Nicht-ueberall-den-Nagel-auf-den-Kopf-getroffen-bei-Die-Hoehle-der-Loewen-Schweiz-3-6-1_Organisator.jpg\",\"datePublished\":\"2021-12-01T10:37:47+00:00\",\"description\":\"Trotz viel Zuspruch von den L\u00f6winnen und L\u00f6wen: Den Nagel auf den Kopf treffen mit einem Deal konnten in DHDL Schweiz vom 30.11.2021 nur zwei Startups.\",\"breadcrumb\":{\"@id\":\"https:\\\/\\\/www.organisator.ch\\\/de\\\/allgemein\\\/2021-12-01\\\/nicht-ueberall-den-nagel-auf-den-kopf-getroffen-bei-die-hoehle-der-loewen-schweiz-3-6\\\/#breadcrumb\"},\"inLanguage\":\"fr-FR\",\"potentialAction\":[{\"@type\":\"ReadAction\",\"target\":[\"https:\\\/\\\/www.organisator.ch\\\/de\\\/allgemein\\\/2021-12-01\\\/nicht-ueberall-den-nagel-auf-den-kopf-getroffen-bei-die-hoehle-der-loewen-schweiz-3-6\\\/\"]}]},{\"@type\":\"ImageObject\",\"inLanguage\":\"fr-FR\",\"@id\":\"https:\\\/\\\/www.organisator.ch\\\/de\\\/allgemein\\\/2021-12-01\\\/nicht-ueberall-den-nagel-auf-den-kopf-getroffen-bei-die-hoehle-der-loewen-schweiz-3-6\\\/#primaryimage\",\"url\":\"https:\\\/\\\/www.organisator.ch\\\/wp-content\\\/uploads\\\/2021\\\/12\\\/Nicht-ueberall-den-Nagel-auf-den-Kopf-getroffen-bei-Die-Hoehle-der-Loewen-Schweiz-3-6-1_Organisator.jpg\",\"contentUrl\":\"https:\\\/\\\/www.organisator.ch\\\/wp-content\\\/uploads\\\/2021\\\/12\\\/Nicht-ueberall-den-Nagel-auf-den-Kopf-getroffen-bei-Die-Hoehle-der-Loewen-Schweiz-3-6-1_Organisator.jpg\",\"width\":680,\"height\":471,\"caption\":\"R\u00e9my und Marc Hess treffen mit \\\"Nagelstock\\\" zwar den Nagel auf den Kopf, aber zu einem Deal mit den Investoren kommt es nicht. (Bild: Presse 3+)\"},{\"@type\":\"BreadcrumbList\",\"@id\":\"https:\\\/\\\/www.organisator.ch\\\/de\\\/allgemein\\\/2021-12-01\\\/nicht-ueberall-den-nagel-auf-den-kopf-getroffen-bei-die-hoehle-der-loewen-schweiz-3-6\\\/#breadcrumb\",\"itemListElement\":[{\"@type\":\"ListItem\",\"position\":1,\"name\":\"Home\",\"item\":\"https:\\\/\\\/www.organisator.ch\\\/\"},{\"@type\":\"ListItem\",\"position\":2,\"name\":\"Nicht \u00fcberall den Nagel auf den Kopf getroffen bei \u00abDie H\u00f6hle der L\u00f6wen Schweiz\u00bb, 3\\\/6\"}]},{\"@type\":\"WebSite\",\"@id\":\"https:\\\/\\\/www.organisator.ch\\\/#website\",\"url\":\"https:\\\/\\\/www.organisator.ch\\\/\",\"name\":\"Organisator\",\"description\":\"Kompetent. Praxisnah. Der ORGANISATOR bereitet in 10 Ausgaben pro Jahr die wesentlichen Themen f\u00fcr F\u00fchrungskr\u00e4fte von KMU auf.\",\"publisher\":{\"@id\":\"https:\\\/\\\/www.organisator.ch\\\/#organization\"},\"potentialAction\":[{\"@type\":\"SearchAction\",\"target\":{\"@type\":\"EntryPoint\",\"urlTemplate\":\"https:\\\/\\\/www.organisator.ch\\\/?s={search_term_string}\"},\"query-input\":{\"@type\":\"PropertyValueSpecification\",\"valueRequired\":true,\"valueName\":\"search_term_string\"}}],\"inLanguage\":\"fr-FR\"},{\"@type\":\"Organization\",\"@id\":\"https:\\\/\\\/www.organisator.ch\\\/#organization\",\"name\":\"Organisator\",\"url\":\"https:\\\/\\\/www.organisator.ch\\\/\",\"logo\":{\"@type\":\"ImageObject\",\"inLanguage\":\"fr-FR\",\"@id\":\"https:\\\/\\\/www.organisator.ch\\\/#\\\/schema\\\/logo\\\/image\\\/\",\"url\":\"https:\\\/\\\/www.organisator.ch\\\/wp-content\\\/uploads\\\/2022\\\/01\\\/Logo_Organisator_Website.png\",\"contentUrl\":\"https:\\\/\\\/www.organisator.ch\\\/wp-content\\\/uploads\\\/2022\\\/01\\\/Logo_Organisator_Website.png\",\"width\":800,\"height\":77,\"caption\":\"Organisator\"},\"image\":{\"@id\":\"https:\\\/\\\/www.organisator.ch\\\/#\\\/schema\\\/logo\\\/image\\\/\"},\"sameAs\":[\"https:\\\/\\\/www.facebook.com\\\/OrganisatorFachmagazin\",\"https:\\\/\\\/www.linkedin.com\\\/showcase\\\/organisator-das-magazin-fr-kmu\",\"https:\\\/\\\/www.xing.com\\\/news\\\/pages\\\/organisator-ch-695\",\"https:\\\/\\\/www.youtube.com\\\/channel\\\/UCGP2Sq0iWaZwT3BdIAQFYpw\"]},{\"@type\":\"Person\",\"@id\":\"https:\\\/\\\/www.organisator.ch\\\/#\\\/schema\\\/person\\\/6f650f90b2842cd4c0cc334b4e36f67e\",\"name\":\"thomas.berner\",\"image\":{\"@type\":\"ImageObject\",\"inLanguage\":\"fr-FR\",\"@id\":\"https:\\\/\\\/secure.gravatar.com\\\/avatar\\\/ac5001d2a36cb6c6cd3e50789007ffca834b477b74a2144564522e944eabff61?s=96&d=mm&r=g\",\"url\":\"https:\\\/\\\/secure.gravatar.com\\\/avatar\\\/ac5001d2a36cb6c6cd3e50789007ffca834b477b74a2144564522e944eabff61?s=96&d=mm&r=g\",\"contentUrl\":\"https:\\\/\\\/secure.gravatar.com\\\/avatar\\\/ac5001d2a36cb6c6cd3e50789007ffca834b477b74a2144564522e944eabff61?s=96&d=mm&r=g\",\"caption\":\"thomas.berner\"},\"url\":\"https:\\\/\\\/www.organisator.ch\\\/fr\\\/author\\\/thomas-berner\\\/\"}]}<\/script>\n<!-- \/ Yoast SEO plugin. -->","yoast_head_json":{"title":"L'organisateur de \"Die H\u00f6hle der L\u00f6wen Schweiz\" n'a pas fait mouche partout, 3\/6","description":"Malgr\u00e9 les encouragements des louves, seules deux startups ont r\u00e9ussi \u00e0 enfoncer le clou avec un deal dans DHDL Suisse du 30 novembre 2021.","robots":{"index":"index","follow":"follow","max-snippet":"max-snippet:-1","max-image-preview":"max-image-preview:large","max-video-preview":"max-video-preview:-1"},"canonical":"https:\/\/www.organisator.ch\/fr\/general\/2021-12-01\/nicht-ueberall-den-nagel-auf-den-kopf-getroffen-bei-die-hoehle-der-loewen-schweiz-3-6\/","og_locale":"fr_FR","og_type":"article","og_title":"Nicht \u00fcberall den Nagel auf den Kopf getroffen bei \u00abDie H\u00f6hle der L\u00f6wen\u00bb Schweiz, 3\/6","og_description":"Trotz viel Zuspruch von den L\u00f6winnen und L\u00f6wen: Den Nagel auf den Kopf treffen mit einem Deal konnten in DHDL Schweiz vom 30.11.2021 nur zwei Startups.","og_url":"https:\/\/www.organisator.ch\/fr\/general\/2021-12-01\/nicht-ueberall-den-nagel-auf-den-kopf-getroffen-bei-die-hoehle-der-loewen-schweiz-3-6\/","og_site_name":"Organisator","article_publisher":"https:\/\/www.facebook.com\/OrganisatorFachmagazin","article_published_time":"2021-12-01T10:37:47+00:00","author":"thomas.berner","twitter_card":"summary_large_image","twitter_title":"Nicht \u00fcberall den #Nagel auf den Kopf getroffen bei \u00abDie H\u00f6hle der L\u00f6wen\u00bb Schweiz, 3\/6","twitter_description":"Trotz viel Zuspruch von den L\u00f6winnen und L\u00f6wen: Den Nagel auf den Kopf treffen mit einem Deal konnten in #DHDL Schweiz vom 30.11.2021 nur zwei #Startups.","schema":{"@context":"https:\/\/schema.org","@graph":[{"@type":"Article","@id":"https:\/\/www.organisator.ch\/de\/allgemein\/2021-12-01\/nicht-ueberall-den-nagel-auf-den-kopf-getroffen-bei-die-hoehle-der-loewen-schweiz-3-6\/#article","isPartOf":{"@id":"https:\/\/www.organisator.ch\/de\/allgemein\/2021-12-01\/nicht-ueberall-den-nagel-auf-den-kopf-getroffen-bei-die-hoehle-der-loewen-schweiz-3-6\/"},"author":{"name":"thomas.berner","@id":"https:\/\/www.organisator.ch\/#\/schema\/person\/6f650f90b2842cd4c0cc334b4e36f67e"},"headline":"Nicht \u00fcberall den Nagel auf den Kopf getroffen bei \u00abDie H\u00f6hle der L\u00f6wen Schweiz\u00bb, 3\/6","datePublished":"2021-12-01T10:37:47+00:00","mainEntityOfPage":{"@id":"https:\/\/www.organisator.ch\/de\/allgemein\/2021-12-01\/nicht-ueberall-den-nagel-auf-den-kopf-getroffen-bei-die-hoehle-der-loewen-schweiz-3-6\/"},"wordCount":1562,"publisher":{"@id":"https:\/\/www.organisator.ch\/#organization"},"image":{"@id":"https:\/\/www.organisator.ch\/de\/allgemein\/2021-12-01\/nicht-ueberall-den-nagel-auf-den-kopf-getroffen-bei-die-hoehle-der-loewen-schweiz-3-6\/#primaryimage"},"thumbnailUrl":"https:\/\/www.organisator.ch\/wp-content\/uploads\/2021\/12\/Nicht-ueberall-den-Nagel-auf-den-Kopf-getroffen-bei-Die-Hoehle-der-Loewen-Schweiz-3-6-1_Organisator.jpg","keywords":["H\u00f6hle der L\u00f6wen","Management und Unternehmensf\u00fchrung","Startups","Unternehmen","Vermischtes"],"articleSection":["Allgemein"],"inLanguage":"fr-FR"},{"@type":"WebPage","@id":"https:\/\/www.organisator.ch\/de\/allgemein\/2021-12-01\/nicht-ueberall-den-nagel-auf-den-kopf-getroffen-bei-die-hoehle-der-loewen-schweiz-3-6\/","url":"https:\/\/www.organisator.ch\/de\/allgemein\/2021-12-01\/nicht-ueberall-den-nagel-auf-den-kopf-getroffen-bei-die-hoehle-der-loewen-schweiz-3-6\/","name":"L'organisateur de \"Die H\u00f6hle der L\u00f6wen Schweiz\" n'a pas fait mouche partout, 3\/6","isPartOf":{"@id":"https:\/\/www.organisator.ch\/#website"},"primaryImageOfPage":{"@id":"https:\/\/www.organisator.ch\/de\/allgemein\/2021-12-01\/nicht-ueberall-den-nagel-auf-den-kopf-getroffen-bei-die-hoehle-der-loewen-schweiz-3-6\/#primaryimage"},"image":{"@id":"https:\/\/www.organisator.ch\/de\/allgemein\/2021-12-01\/nicht-ueberall-den-nagel-auf-den-kopf-getroffen-bei-die-hoehle-der-loewen-schweiz-3-6\/#primaryimage"},"thumbnailUrl":"https:\/\/www.organisator.ch\/wp-content\/uploads\/2021\/12\/Nicht-ueberall-den-Nagel-auf-den-Kopf-getroffen-bei-Die-Hoehle-der-Loewen-Schweiz-3-6-1_Organisator.jpg","datePublished":"2021-12-01T10:37:47+00:00","description":"Malgr\u00e9 les encouragements des louves, seules deux startups ont r\u00e9ussi \u00e0 enfoncer le clou avec un deal dans DHDL Suisse du 30 novembre 2021.","breadcrumb":{"@id":"https:\/\/www.organisator.ch\/de\/allgemein\/2021-12-01\/nicht-ueberall-den-nagel-auf-den-kopf-getroffen-bei-die-hoehle-der-loewen-schweiz-3-6\/#breadcrumb"},"inLanguage":"fr-FR","potentialAction":[{"@type":"ReadAction","target":["https:\/\/www.organisator.ch\/de\/allgemein\/2021-12-01\/nicht-ueberall-den-nagel-auf-den-kopf-getroffen-bei-die-hoehle-der-loewen-schweiz-3-6\/"]}]},{"@type":"ImageObject","inLanguage":"fr-FR","@id":"https:\/\/www.organisator.ch\/de\/allgemein\/2021-12-01\/nicht-ueberall-den-nagel-auf-den-kopf-getroffen-bei-die-hoehle-der-loewen-schweiz-3-6\/#primaryimage","url":"https:\/\/www.organisator.ch\/wp-content\/uploads\/2021\/12\/Nicht-ueberall-den-Nagel-auf-den-Kopf-getroffen-bei-Die-Hoehle-der-Loewen-Schweiz-3-6-1_Organisator.jpg","contentUrl":"https:\/\/www.organisator.ch\/wp-content\/uploads\/2021\/12\/Nicht-ueberall-den-Nagel-auf-den-Kopf-getroffen-bei-Die-Hoehle-der-Loewen-Schweiz-3-6-1_Organisator.jpg","width":680,"height":471,"caption":"R\u00e9my und Marc Hess treffen mit \"Nagelstock\" zwar den Nagel auf den Kopf, aber zu einem Deal mit den Investoren kommt es nicht. (Bild: Presse 3+)"},{"@type":"BreadcrumbList","@id":"https:\/\/www.organisator.ch\/de\/allgemein\/2021-12-01\/nicht-ueberall-den-nagel-auf-den-kopf-getroffen-bei-die-hoehle-der-loewen-schweiz-3-6\/#breadcrumb","itemListElement":[{"@type":"ListItem","position":1,"name":"Home","item":"https:\/\/www.organisator.ch\/"},{"@type":"ListItem","position":2,"name":"Nicht \u00fcberall den Nagel auf den Kopf getroffen bei \u00abDie H\u00f6hle der L\u00f6wen Schweiz\u00bb, 3\/6"}]},{"@type":"WebSite","@id":"https:\/\/www.organisator.ch\/#website","url":"https:\/\/www.organisator.ch\/","name":"Organisateur","description":"Comp\u00e9tence et comp\u00e9tence. Proches de la pratique. L'ORGANISATEUR pr\u00e9pare 10 num\u00e9ros par an sur les th\u00e8mes essentiels pour les dirigeants de PME.","publisher":{"@id":"https:\/\/www.organisator.ch\/#organization"},"potentialAction":[{"@type":"SearchAction","target":{"@type":"EntryPoint","urlTemplate":"https:\/\/www.organisator.ch\/?s={search_term_string}"},"query-input":{"@type":"PropertyValueSpecification","valueRequired":true,"valueName":"search_term_string"}}],"inLanguage":"fr-FR"},{"@type":"Organization","@id":"https:\/\/www.organisator.ch\/#organization","name":"Organisateur","url":"https:\/\/www.organisator.ch\/","logo":{"@type":"ImageObject","inLanguage":"fr-FR","@id":"https:\/\/www.organisator.ch\/#\/schema\/logo\/image\/","url":"https:\/\/www.organisator.ch\/wp-content\/uploads\/2022\/01\/Logo_Organisator_Website.png","contentUrl":"https:\/\/www.organisator.ch\/wp-content\/uploads\/2022\/01\/Logo_Organisator_Website.png","width":800,"height":77,"caption":"Organisator"},"image":{"@id":"https:\/\/www.organisator.ch\/#\/schema\/logo\/image\/"},"sameAs":["https:\/\/www.facebook.com\/OrganisatorFachmagazin","https:\/\/www.linkedin.com\/showcase\/organisator-das-magazin-fr-kmu","https:\/\/www.xing.com\/news\/pages\/organisator-ch-695","https:\/\/www.youtube.com\/channel\/UCGP2Sq0iWaZwT3BdIAQFYpw"]},{"@type":"Person","@id":"https:\/\/www.organisator.ch\/#\/schema\/person\/6f650f90b2842cd4c0cc334b4e36f67e","name":"thomas.berner","image":{"@type":"ImageObject","inLanguage":"fr-FR","@id":"https:\/\/secure.gravatar.com\/avatar\/ac5001d2a36cb6c6cd3e50789007ffca834b477b74a2144564522e944eabff61?s=96&d=mm&r=g","url":"https:\/\/secure.gravatar.com\/avatar\/ac5001d2a36cb6c6cd3e50789007ffca834b477b74a2144564522e944eabff61?s=96&d=mm&r=g","contentUrl":"https:\/\/secure.gravatar.com\/avatar\/ac5001d2a36cb6c6cd3e50789007ffca834b477b74a2144564522e944eabff61?s=96&d=mm&r=g","caption":"thomas.berner"},"url":"https:\/\/www.organisator.ch\/fr\/author\/thomas-berner\/"}]}},"_links":{"self":[{"href":"https:\/\/www.organisator.ch\/fr\/wp-json\/wp\/v2\/posts\/11785","targetHints":{"allow":["GET"]}}],"collection":[{"href":"https:\/\/www.organisator.ch\/fr\/wp-json\/wp\/v2\/posts"}],"about":[{"href":"https:\/\/www.organisator.ch\/fr\/wp-json\/wp\/v2\/types\/post"}],"author":[{"embeddable":true,"href":"https:\/\/www.organisator.ch\/fr\/wp-json\/wp\/v2\/users\/4"}],"replies":[{"embeddable":true,"href":"https:\/\/www.organisator.ch\/fr\/wp-json\/wp\/v2\/comments?post=11785"}],"version-history":[{"count":0,"href":"https:\/\/www.organisator.ch\/fr\/wp-json\/wp\/v2\/posts\/11785\/revisions"}],"wp:featuredmedia":[{"embeddable":true,"href":"https:\/\/www.organisator.ch\/fr\/wp-json\/wp\/v2\/media\/11577"}],"wp:attachment":[{"href":"https:\/\/www.organisator.ch\/fr\/wp-json\/wp\/v2\/media?parent=11785"}],"wp:term":[{"taxonomy":"category","embeddable":true,"href":"https:\/\/www.organisator.ch\/fr\/wp-json\/wp\/v2\/categories?post=11785"},{"taxonomy":"post_tag","embeddable":true,"href":"https:\/\/www.organisator.ch\/fr\/wp-json\/wp\/v2\/tags?post=11785"}],"curies":[{"name":"wp","href":"https:\/\/api.w.org\/{rel}","templated":true}]}}