{"id":11790,"date":"2021-12-08T14:51:15","date_gmt":"2021-12-08T13:51:15","guid":{"rendered":"https:\/\/www.organisator.ch\/?p=8987"},"modified":"2021-12-08T14:51:15","modified_gmt":"2021-12-08T13:51:15","slug":"it-budgets-fuer-2022-steigen-stark","status":"publish","type":"post","link":"https:\/\/www.organisator.ch\/fr\/management\/it\/2021-12-08\/it-budgets-fuer-2022-steigen-stark\/","title":{"rendered":"Les budgets informatiques pour 2022 augmentent fortement"},"content":{"rendered":"<figure id=\"attachment_8995\" aria-describedby=\"caption-attachment-8995\" style=\"width: 680px\" class=\"wp-caption alignnone\"><a href=\"https:\/\/www.organisator.ch\/wp-content\/uploads\/2021\/12\/IT-Budgets-fuer-2022-steigen-stark-1_Organisator.jpg\"><img loading=\"lazy\" decoding=\"async\" class=\"size-medium wp-image-8995\" src=\"https:\/\/www.organisator.ch\/wp-content\/uploads\/2021\/12\/IT-Budgets-fuer-2022-steigen-stark-1_Organisator.jpg\" alt=\"\" width=\"680\" height=\"620\" \/><\/a><figcaption id=\"caption-attachment-8995\" class=\"wp-caption-text\">\u00c9volution des budgets informatiques pour 2022. (Graphique : Capgemini)<\/figcaption><\/figure>\n<p>Une \u00e9tude de Capgemini sur les tendances informatiques de l'ann\u00e9e prochaine montre que les budgets informatiques pour 2022 vont augmenter dans de nombreuses entreprises. Les investissements suppl\u00e9mentaires ne seront toutefois pas principalement consacr\u00e9s \u00e0 de nouveaux d\u00e9veloppements, mais \u00e0 la modernisation des environnements syst\u00e8me existants, selon l'un des r\u00e9sultats de l'\u00e9tude \u00e0 laquelle 195 responsables informatiques et techniques de grandes entreprises et d'administrations publiques d'Allemagne, d'Autriche et de Suisse ont particip\u00e9 en septembre et octobre 2021.<\/p>\n<h2>Trois quarts des entreprises pr\u00e9voient d'augmenter leur budget informatique en 2022<\/h2>\n<p>En chiffres concrets, 73% des personnes interrog\u00e9es s'attendent \u00e0 une augmentation de leur budget informatique en 2022, ce qui repr\u00e9sente la valeur la plus \u00e9lev\u00e9e depuis le d\u00e9but de l'enqu\u00eate en 2003, est-il pr\u00e9cis\u00e9. Pr\u00e8s d'un tiers des participants \u00e0 l'\u00e9tude vont m\u00eame augmenter leurs investissements informatiques de plus de 10 pour cent en 2022, contre seulement un cinqui\u00e8me des personnes interrog\u00e9es l'ann\u00e9e pr\u00e9c\u00e9dente. Environ 11 pour cent r\u00e9duiront leurs d\u00e9penses informatiques, alors qu'ils \u00e9taient encore pr\u00e8s de 15 pour cent l'ann\u00e9e pr\u00e9c\u00e9dente. Les pr\u00e9visions pour 2023 sont \u00e9galement tr\u00e8s positives : pr\u00e8s de 73 % des personnes interrog\u00e9es s'attendent \u00e0 une augmentation des d\u00e9penses, et pr\u00e8s d'un tiers \u00e0 des augmentations de plus de 10 %.<\/p>\n<h2>L'\u00e9conomie sur la voie de l'expansion<\/h2>\n<p>Pr\u00e8s de 83 pour cent des repr\u00e9sentants d'entreprises interrog\u00e9s ont indiqu\u00e9 que leur organisation devrait se d\u00e9velopper sur le plan \u00e9conomique ou organisationnel en 2022. Seuls 10 pour cent n'ont pas de projets d'expansion et souhaitent se stabiliser. Seuls 1,4 % des entreprises pr\u00e9voient de r\u00e9duire leur taille. \"L'informatique joue un r\u00f4le d\u00e9cisif dans les plans d'expansion de nombreuses organisations, comme le montrent les investissements \u00e9lev\u00e9s dans ce domaine. La num\u00e9risation et l'utilisation de syst\u00e8mes intelligents ne doivent pas seulement g\u00e9n\u00e9rer des avantages concurrentiels. Elles contribuent en outre \u00e0 r\u00e9duire les \u00e9missions de gaz \u00e0 effet de serre tout en att\u00e9nuant les changements d\u00e9mographiques et la p\u00e9nurie de main-d'\u0153uvre qualifi\u00e9e, par exemple en d\u00e9chargeant les collaborateurs des t\u00e2ches routini\u00e8res\", commente Guido Kamann, directeur de Capgemini en Suisse, \u00e0 propos des r\u00e9sultats.<\/p>\n<figure id=\"attachment_8996\" aria-describedby=\"caption-attachment-8996\" style=\"width: 680px\" class=\"wp-caption alignnone\"><a href=\"https:\/\/www.organisator.ch\/wp-content\/uploads\/2021\/12\/IT-Budgets-fuer-2022-steigen-stark-2_Organisator.jpg\"><img loading=\"lazy\" decoding=\"async\" class=\"size-medium wp-image-8996\" src=\"https:\/\/www.organisator.ch\/wp-content\/uploads\/2021\/12\/IT-Budgets-fuer-2022-steigen-stark-2_Organisator.jpg\" alt=\"\" width=\"680\" height=\"201\" \/><\/a><figcaption id=\"caption-attachment-8996\" class=\"wp-caption-text\">R\u00e9partition du budget informatique entre la maintenance des syst\u00e8mes, la modernisation et les nouveaux d\u00e9ploiements. (Graphique : Capgemini)<\/figcaption><\/figure>\n<h2>Plus d'argent pour la modernisation de l'informatique<\/h2>\n<p>Si en 2021, pr\u00e8s de 47 % du budget informatique \u00e9taient encore consacr\u00e9s au maintien de l'environnement syst\u00e8me existant, ils ne seront plus que 44 % l'ann\u00e9e prochaine, r\u00e9v\u00e8le l'enqu\u00eate de Capgemini. Les d\u00e9penses pour les nouveaux d\u00e9veloppements diminueront \u00e9galement l\u00e9g\u00e8rement, passant de 26 % environ l'ann\u00e9e derni\u00e8re \u00e0 24 %. En revanche, les entreprises et les administrations pr\u00e9voient de d\u00e9penser plus d'argent pour les modernisations : La part de ces investissements dans le budget informatique total passe d'environ 27 % l'ann\u00e9e derni\u00e8re \u00e0 pr\u00e8s de 32 % aujourd'hui. \"Nous partons du principe que les modernisations concernent dans de nombreux cas des projets visant \u00e0 rendre les applications compatibles avec le cloud. En effet, compte tenu des normes \u00e9lev\u00e9es en mati\u00e8re de s\u00e9curit\u00e9 et d'environnement, de la large offre de services et du rapport qualit\u00e9-prix, il vaut la peine de moderniser maintenant les applications centrales plus anciennes et de les faire passer au cloud\", explique Guido Kamann.<\/p>\n<h2>L'informatique comme facteur de comp\u00e9titivit\u00e9<\/h2>\n<p>Et qu'en est-il du financement des innovations informatiques ? Selon l'\u00e9tude, celui-ci est d\u00e9sormais presque aussi fr\u00e9quent du c\u00f4t\u00e9 de l'entreprise que du c\u00f4t\u00e9 de l'IT. Cela montre d'une part que l'activit\u00e9 principale de nombreuses entreprises repose d\u00e9sormais sur l'informatique. D'autre part, les d\u00e9cideurs commerciaux consid\u00e8rent l'informatique comme un facteur de comp\u00e9titivit\u00e9 et lancent nettement plus de projets num\u00e9riques qu'auparavant. Dans le cadre des projets IT communs, les secteurs Business et IT ne collaborent toutefois d'\u00e9gal \u00e0 \u00e9gal que dans une organisation sur dix environ. Dans tous les autres cas, c'est toujours le bailleur de fonds principal qui a la plus grande influence sur les d\u00e9cisions.<\/p>\n<p><em>Source et informations compl\u00e9mentaires : <a href=\"http:\/\/www.capgemini.com\/de\">Capgemini<\/a><\/em><\/p>","protected":false},"excerpt":{"rendered":"<p>Eine Studie von Capgemini zu den IT-Trends des n\u00e4chsten Jahrs zeigt, dass die IT-Budgets f\u00fcr 2022 in vielen Unternehmen steigen werden. Die zus\u00e4tzlichen Investitionen fliessen aber nicht vornehmlich in Neuentwicklungen, sondern in Modernisierungen bestehender Systemlandschaften, so ein Ergebnis der Studie, an der im September und Oktober 2021 195 IT- und Fachverantwortliche von Grossunternehmen und Beh\u00f6rden [&hellip;]<\/p>\n","protected":false},"author":4,"featured_media":11591,"comment_status":"closed","ping_status":"closed","sticky":false,"template":"","format":"standard","meta":{"_acf_changed":false,"_yoast_wpseo_focuskw":"IT-Budgets f\u00fcr 2022","_yoast_wpseo_metadesc":"IT-Budgets f\u00fcr 2022: Unternehmen und Beh\u00f6rden investieren mehr in Modernisierung, w\u00e4hrend die anteiligen Ausgaben f\u00fcr Systemerhalt leicht sinken.","articlekey":"","footnotes":""},"categories":[27],"tags":[202,286,459],"class_list":["post-11790","post","type-post","status-publish","format-standard","has-post-thumbnail","hentry","category-it","tag-finanzenrecht","tag-it","tag-studie"],"acf":[],"yoast_head":"<!-- This site is optimized with the Yoast SEO plugin v27.5 - https:\/\/yoast.com\/product\/yoast-seo-wordpress\/ -->\n<title>IT-Budgets f\u00fcr 2022 steigen stark - Organisator<\/title>\n<meta name=\"description\" content=\"IT-Budgets f\u00fcr 2022: Unternehmen und Beh\u00f6rden investieren mehr in Modernisierung, w\u00e4hrend die anteiligen Ausgaben f\u00fcr Systemerhalt leicht sinken.\" \/>\n<meta name=\"robots\" content=\"index, follow, max-snippet:-1, max-image-preview:large, max-video-preview:-1\" \/>\n<link rel=\"canonical\" href=\"https:\/\/www.organisator.ch\/fr\/gestion-2\/it\/2021-12-08\/it-budgets-fuer-2022-steigen-stark\/\" \/>\n<meta property=\"og:locale\" content=\"fr_FR\" \/>\n<meta property=\"og:type\" content=\"article\" \/>\n<meta property=\"og:title\" content=\"IT-Budgets f\u00fcr 2022 steigen stark\" \/>\n<meta property=\"og:description\" content=\"IT-Budgets f\u00fcr 2022: Unternehmen und Beh\u00f6rden investieren mehr in Modernisierung, w\u00e4hrend die anteiligen Ausgaben f\u00fcr Systemerhalt leicht sinken.\" \/>\n<meta property=\"og:url\" content=\"https:\/\/www.organisator.ch\/fr\/gestion-2\/it\/2021-12-08\/it-budgets-fuer-2022-steigen-stark\/\" \/>\n<meta property=\"og:site_name\" content=\"Organisator\" \/>\n<meta property=\"article:publisher\" content=\"https:\/\/www.facebook.com\/OrganisatorFachmagazin\" \/>\n<meta property=\"article:published_time\" content=\"2021-12-08T13:51:15+00:00\" \/>\n<meta name=\"author\" content=\"thomas.berner\" \/>\n<meta name=\"twitter:card\" content=\"summary_large_image\" \/>\n<meta name=\"twitter:title\" content=\"#IT-Budgets f\u00fcr 2022 steigen stark\" \/>\n<meta name=\"twitter:description\" content=\"#IT-Budgets f\u00fcr 2022: #Unternehmen und #Beh\u00f6rden investieren mehr in #Modernisierung, w\u00e4hrend die anteiligen Ausgaben f\u00fcr #Systemerhalt leicht sinken.\" \/>\n<script type=\"application\/ld+json\" class=\"yoast-schema-graph\">{\"@context\":\"https:\\\/\\\/schema.org\",\"@graph\":[{\"@type\":\"Article\",\"@id\":\"https:\\\/\\\/www.organisator.ch\\\/management\\\/it\\\/2021-12-08\\\/it-budgets-fuer-2022-steigen-stark\\\/#article\",\"isPartOf\":{\"@id\":\"https:\\\/\\\/www.organisator.ch\\\/management\\\/it\\\/2021-12-08\\\/it-budgets-fuer-2022-steigen-stark\\\/\"},\"author\":{\"name\":\"thomas.berner\",\"@id\":\"https:\\\/\\\/www.organisator.ch\\\/#\\\/schema\\\/person\\\/6f650f90b2842cd4c0cc334b4e36f67e\"},\"headline\":\"IT-Budgets f\u00fcr 2022 steigen stark\",\"datePublished\":\"2021-12-08T13:51:15+00:00\",\"mainEntityOfPage\":{\"@id\":\"https:\\\/\\\/www.organisator.ch\\\/management\\\/it\\\/2021-12-08\\\/it-budgets-fuer-2022-steigen-stark\\\/\"},\"wordCount\":550,\"publisher\":{\"@id\":\"https:\\\/\\\/www.organisator.ch\\\/#organization\"},\"image\":{\"@id\":\"https:\\\/\\\/www.organisator.ch\\\/management\\\/it\\\/2021-12-08\\\/it-budgets-fuer-2022-steigen-stark\\\/#primaryimage\"},\"thumbnailUrl\":\"https:\\\/\\\/www.organisator.ch\\\/wp-content\\\/uploads\\\/2021\\\/12\\\/IT-Budgets-fuer-2022-steigen-stark-1_Organisator.jpg\",\"keywords\":[\"Finanzen\\\/Recht\",\"IT\",\"Studie\"],\"articleSection\":[\"IT\"],\"inLanguage\":\"fr-FR\"},{\"@type\":\"WebPage\",\"@id\":\"https:\\\/\\\/www.organisator.ch\\\/management\\\/it\\\/2021-12-08\\\/it-budgets-fuer-2022-steigen-stark\\\/\",\"url\":\"https:\\\/\\\/www.organisator.ch\\\/management\\\/it\\\/2021-12-08\\\/it-budgets-fuer-2022-steigen-stark\\\/\",\"name\":\"IT-Budgets f\u00fcr 2022 steigen stark - Organisator\",\"isPartOf\":{\"@id\":\"https:\\\/\\\/www.organisator.ch\\\/#website\"},\"primaryImageOfPage\":{\"@id\":\"https:\\\/\\\/www.organisator.ch\\\/management\\\/it\\\/2021-12-08\\\/it-budgets-fuer-2022-steigen-stark\\\/#primaryimage\"},\"image\":{\"@id\":\"https:\\\/\\\/www.organisator.ch\\\/management\\\/it\\\/2021-12-08\\\/it-budgets-fuer-2022-steigen-stark\\\/#primaryimage\"},\"thumbnailUrl\":\"https:\\\/\\\/www.organisator.ch\\\/wp-content\\\/uploads\\\/2021\\\/12\\\/IT-Budgets-fuer-2022-steigen-stark-1_Organisator.jpg\",\"datePublished\":\"2021-12-08T13:51:15+00:00\",\"description\":\"IT-Budgets f\u00fcr 2022: Unternehmen und Beh\u00f6rden investieren mehr in Modernisierung, w\u00e4hrend die anteiligen Ausgaben f\u00fcr Systemerhalt leicht sinken.\",\"breadcrumb\":{\"@id\":\"https:\\\/\\\/www.organisator.ch\\\/management\\\/it\\\/2021-12-08\\\/it-budgets-fuer-2022-steigen-stark\\\/#breadcrumb\"},\"inLanguage\":\"fr-FR\",\"potentialAction\":[{\"@type\":\"ReadAction\",\"target\":[\"https:\\\/\\\/www.organisator.ch\\\/management\\\/it\\\/2021-12-08\\\/it-budgets-fuer-2022-steigen-stark\\\/\"]}]},{\"@type\":\"ImageObject\",\"inLanguage\":\"fr-FR\",\"@id\":\"https:\\\/\\\/www.organisator.ch\\\/management\\\/it\\\/2021-12-08\\\/it-budgets-fuer-2022-steigen-stark\\\/#primaryimage\",\"url\":\"https:\\\/\\\/www.organisator.ch\\\/wp-content\\\/uploads\\\/2021\\\/12\\\/IT-Budgets-fuer-2022-steigen-stark-1_Organisator.jpg\",\"contentUrl\":\"https:\\\/\\\/www.organisator.ch\\\/wp-content\\\/uploads\\\/2021\\\/12\\\/IT-Budgets-fuer-2022-steigen-stark-1_Organisator.jpg\",\"width\":680,\"height\":620,\"caption\":\"Entwicklung der IT-Budgets f\u00fcr 2022. (Grafik: Capgemini)\"},{\"@type\":\"BreadcrumbList\",\"@id\":\"https:\\\/\\\/www.organisator.ch\\\/management\\\/it\\\/2021-12-08\\\/it-budgets-fuer-2022-steigen-stark\\\/#breadcrumb\",\"itemListElement\":[{\"@type\":\"ListItem\",\"position\":1,\"name\":\"Home\",\"item\":\"https:\\\/\\\/www.organisator.ch\\\/\"},{\"@type\":\"ListItem\",\"position\":2,\"name\":\"IT-Budgets f\u00fcr 2022 steigen stark\"}]},{\"@type\":\"WebSite\",\"@id\":\"https:\\\/\\\/www.organisator.ch\\\/#website\",\"url\":\"https:\\\/\\\/www.organisator.ch\\\/\",\"name\":\"Organisator\",\"description\":\"Kompetent. Praxisnah. Der ORGANISATOR bereitet in 10 Ausgaben pro Jahr die wesentlichen Themen f\u00fcr F\u00fchrungskr\u00e4fte von KMU auf.\",\"publisher\":{\"@id\":\"https:\\\/\\\/www.organisator.ch\\\/#organization\"},\"potentialAction\":[{\"@type\":\"SearchAction\",\"target\":{\"@type\":\"EntryPoint\",\"urlTemplate\":\"https:\\\/\\\/www.organisator.ch\\\/?s={search_term_string}\"},\"query-input\":{\"@type\":\"PropertyValueSpecification\",\"valueRequired\":true,\"valueName\":\"search_term_string\"}}],\"inLanguage\":\"fr-FR\"},{\"@type\":\"Organization\",\"@id\":\"https:\\\/\\\/www.organisator.ch\\\/#organization\",\"name\":\"Organisator\",\"url\":\"https:\\\/\\\/www.organisator.ch\\\/\",\"logo\":{\"@type\":\"ImageObject\",\"inLanguage\":\"fr-FR\",\"@id\":\"https:\\\/\\\/www.organisator.ch\\\/#\\\/schema\\\/logo\\\/image\\\/\",\"url\":\"https:\\\/\\\/www.organisator.ch\\\/wp-content\\\/uploads\\\/2022\\\/01\\\/Logo_Organisator_Website.png\",\"contentUrl\":\"https:\\\/\\\/www.organisator.ch\\\/wp-content\\\/uploads\\\/2022\\\/01\\\/Logo_Organisator_Website.png\",\"width\":800,\"height\":77,\"caption\":\"Organisator\"},\"image\":{\"@id\":\"https:\\\/\\\/www.organisator.ch\\\/#\\\/schema\\\/logo\\\/image\\\/\"},\"sameAs\":[\"https:\\\/\\\/www.facebook.com\\\/OrganisatorFachmagazin\",\"https:\\\/\\\/www.linkedin.com\\\/showcase\\\/organisator-das-magazin-fr-kmu\",\"https:\\\/\\\/www.xing.com\\\/news\\\/pages\\\/organisator-ch-695\",\"https:\\\/\\\/www.youtube.com\\\/channel\\\/UCGP2Sq0iWaZwT3BdIAQFYpw\"]},{\"@type\":\"Person\",\"@id\":\"https:\\\/\\\/www.organisator.ch\\\/#\\\/schema\\\/person\\\/6f650f90b2842cd4c0cc334b4e36f67e\",\"name\":\"thomas.berner\",\"image\":{\"@type\":\"ImageObject\",\"inLanguage\":\"fr-FR\",\"@id\":\"https:\\\/\\\/secure.gravatar.com\\\/avatar\\\/ac5001d2a36cb6c6cd3e50789007ffca834b477b74a2144564522e944eabff61?s=96&d=mm&r=g\",\"url\":\"https:\\\/\\\/secure.gravatar.com\\\/avatar\\\/ac5001d2a36cb6c6cd3e50789007ffca834b477b74a2144564522e944eabff61?s=96&d=mm&r=g\",\"contentUrl\":\"https:\\\/\\\/secure.gravatar.com\\\/avatar\\\/ac5001d2a36cb6c6cd3e50789007ffca834b477b74a2144564522e944eabff61?s=96&d=mm&r=g\",\"caption\":\"thomas.berner\"},\"url\":\"https:\\\/\\\/www.organisator.ch\\\/fr\\\/author\\\/thomas-berner\\\/\"}]}<\/script>\n<!-- \/ Yoast SEO plugin. -->","yoast_head_json":{"title":"Les budgets IT pour 2022 augmentent fortement - Organisateur","description":"Budgets informatiques pour 2022 : les entreprises et les administrations publiques investissent davantage dans la modernisation, tandis que les d\u00e9penses proportionnelles pour la maintenance des syst\u00e8mes diminuent l\u00e9g\u00e8rement.","robots":{"index":"index","follow":"follow","max-snippet":"max-snippet:-1","max-image-preview":"max-image-preview:large","max-video-preview":"max-video-preview:-1"},"canonical":"https:\/\/www.organisator.ch\/fr\/gestion-2\/it\/2021-12-08\/it-budgets-fuer-2022-steigen-stark\/","og_locale":"fr_FR","og_type":"article","og_title":"IT-Budgets f\u00fcr 2022 steigen stark","og_description":"IT-Budgets f\u00fcr 2022: Unternehmen und Beh\u00f6rden investieren mehr in Modernisierung, w\u00e4hrend die anteiligen Ausgaben f\u00fcr Systemerhalt leicht sinken.","og_url":"https:\/\/www.organisator.ch\/fr\/gestion-2\/it\/2021-12-08\/it-budgets-fuer-2022-steigen-stark\/","og_site_name":"Organisator","article_publisher":"https:\/\/www.facebook.com\/OrganisatorFachmagazin","article_published_time":"2021-12-08T13:51:15+00:00","author":"thomas.berner","twitter_card":"summary_large_image","twitter_title":"#IT-Budgets f\u00fcr 2022 steigen stark","twitter_description":"#IT-Budgets f\u00fcr 2022: #Unternehmen und #Beh\u00f6rden investieren mehr in #Modernisierung, w\u00e4hrend die anteiligen Ausgaben f\u00fcr #Systemerhalt leicht sinken.","schema":{"@context":"https:\/\/schema.org","@graph":[{"@type":"Article","@id":"https:\/\/www.organisator.ch\/management\/it\/2021-12-08\/it-budgets-fuer-2022-steigen-stark\/#article","isPartOf":{"@id":"https:\/\/www.organisator.ch\/management\/it\/2021-12-08\/it-budgets-fuer-2022-steigen-stark\/"},"author":{"name":"thomas.berner","@id":"https:\/\/www.organisator.ch\/#\/schema\/person\/6f650f90b2842cd4c0cc334b4e36f67e"},"headline":"IT-Budgets f\u00fcr 2022 steigen stark","datePublished":"2021-12-08T13:51:15+00:00","mainEntityOfPage":{"@id":"https:\/\/www.organisator.ch\/management\/it\/2021-12-08\/it-budgets-fuer-2022-steigen-stark\/"},"wordCount":550,"publisher":{"@id":"https:\/\/www.organisator.ch\/#organization"},"image":{"@id":"https:\/\/www.organisator.ch\/management\/it\/2021-12-08\/it-budgets-fuer-2022-steigen-stark\/#primaryimage"},"thumbnailUrl":"https:\/\/www.organisator.ch\/wp-content\/uploads\/2021\/12\/IT-Budgets-fuer-2022-steigen-stark-1_Organisator.jpg","keywords":["Finanzen\/Recht","IT","Studie"],"articleSection":["IT"],"inLanguage":"fr-FR"},{"@type":"WebPage","@id":"https:\/\/www.organisator.ch\/management\/it\/2021-12-08\/it-budgets-fuer-2022-steigen-stark\/","url":"https:\/\/www.organisator.ch\/management\/it\/2021-12-08\/it-budgets-fuer-2022-steigen-stark\/","name":"Les budgets IT pour 2022 augmentent fortement - Organisateur","isPartOf":{"@id":"https:\/\/www.organisator.ch\/#website"},"primaryImageOfPage":{"@id":"https:\/\/www.organisator.ch\/management\/it\/2021-12-08\/it-budgets-fuer-2022-steigen-stark\/#primaryimage"},"image":{"@id":"https:\/\/www.organisator.ch\/management\/it\/2021-12-08\/it-budgets-fuer-2022-steigen-stark\/#primaryimage"},"thumbnailUrl":"https:\/\/www.organisator.ch\/wp-content\/uploads\/2021\/12\/IT-Budgets-fuer-2022-steigen-stark-1_Organisator.jpg","datePublished":"2021-12-08T13:51:15+00:00","description":"Budgets informatiques pour 2022 : les entreprises et les administrations publiques investissent davantage dans la modernisation, tandis que les d\u00e9penses proportionnelles pour la maintenance des syst\u00e8mes diminuent l\u00e9g\u00e8rement.","breadcrumb":{"@id":"https:\/\/www.organisator.ch\/management\/it\/2021-12-08\/it-budgets-fuer-2022-steigen-stark\/#breadcrumb"},"inLanguage":"fr-FR","potentialAction":[{"@type":"ReadAction","target":["https:\/\/www.organisator.ch\/management\/it\/2021-12-08\/it-budgets-fuer-2022-steigen-stark\/"]}]},{"@type":"ImageObject","inLanguage":"fr-FR","@id":"https:\/\/www.organisator.ch\/management\/it\/2021-12-08\/it-budgets-fuer-2022-steigen-stark\/#primaryimage","url":"https:\/\/www.organisator.ch\/wp-content\/uploads\/2021\/12\/IT-Budgets-fuer-2022-steigen-stark-1_Organisator.jpg","contentUrl":"https:\/\/www.organisator.ch\/wp-content\/uploads\/2021\/12\/IT-Budgets-fuer-2022-steigen-stark-1_Organisator.jpg","width":680,"height":620,"caption":"Entwicklung der IT-Budgets f\u00fcr 2022. (Grafik: Capgemini)"},{"@type":"BreadcrumbList","@id":"https:\/\/www.organisator.ch\/management\/it\/2021-12-08\/it-budgets-fuer-2022-steigen-stark\/#breadcrumb","itemListElement":[{"@type":"ListItem","position":1,"name":"Home","item":"https:\/\/www.organisator.ch\/"},{"@type":"ListItem","position":2,"name":"IT-Budgets f\u00fcr 2022 steigen stark"}]},{"@type":"WebSite","@id":"https:\/\/www.organisator.ch\/#website","url":"https:\/\/www.organisator.ch\/","name":"Organisateur","description":"Comp\u00e9tence et comp\u00e9tence. Proches de la pratique. L'ORGANISATEUR pr\u00e9pare 10 num\u00e9ros par an sur les th\u00e8mes essentiels pour les dirigeants de PME.","publisher":{"@id":"https:\/\/www.organisator.ch\/#organization"},"potentialAction":[{"@type":"SearchAction","target":{"@type":"EntryPoint","urlTemplate":"https:\/\/www.organisator.ch\/?s={search_term_string}"},"query-input":{"@type":"PropertyValueSpecification","valueRequired":true,"valueName":"search_term_string"}}],"inLanguage":"fr-FR"},{"@type":"Organization","@id":"https:\/\/www.organisator.ch\/#organization","name":"Organisateur","url":"https:\/\/www.organisator.ch\/","logo":{"@type":"ImageObject","inLanguage":"fr-FR","@id":"https:\/\/www.organisator.ch\/#\/schema\/logo\/image\/","url":"https:\/\/www.organisator.ch\/wp-content\/uploads\/2022\/01\/Logo_Organisator_Website.png","contentUrl":"https:\/\/www.organisator.ch\/wp-content\/uploads\/2022\/01\/Logo_Organisator_Website.png","width":800,"height":77,"caption":"Organisator"},"image":{"@id":"https:\/\/www.organisator.ch\/#\/schema\/logo\/image\/"},"sameAs":["https:\/\/www.facebook.com\/OrganisatorFachmagazin","https:\/\/www.linkedin.com\/showcase\/organisator-das-magazin-fr-kmu","https:\/\/www.xing.com\/news\/pages\/organisator-ch-695","https:\/\/www.youtube.com\/channel\/UCGP2Sq0iWaZwT3BdIAQFYpw"]},{"@type":"Person","@id":"https:\/\/www.organisator.ch\/#\/schema\/person\/6f650f90b2842cd4c0cc334b4e36f67e","name":"thomas.berner","image":{"@type":"ImageObject","inLanguage":"fr-FR","@id":"https:\/\/secure.gravatar.com\/avatar\/ac5001d2a36cb6c6cd3e50789007ffca834b477b74a2144564522e944eabff61?s=96&d=mm&r=g","url":"https:\/\/secure.gravatar.com\/avatar\/ac5001d2a36cb6c6cd3e50789007ffca834b477b74a2144564522e944eabff61?s=96&d=mm&r=g","contentUrl":"https:\/\/secure.gravatar.com\/avatar\/ac5001d2a36cb6c6cd3e50789007ffca834b477b74a2144564522e944eabff61?s=96&d=mm&r=g","caption":"thomas.berner"},"url":"https:\/\/www.organisator.ch\/fr\/author\/thomas-berner\/"}]}},"_links":{"self":[{"href":"https:\/\/www.organisator.ch\/fr\/wp-json\/wp\/v2\/posts\/11790","targetHints":{"allow":["GET"]}}],"collection":[{"href":"https:\/\/www.organisator.ch\/fr\/wp-json\/wp\/v2\/posts"}],"about":[{"href":"https:\/\/www.organisator.ch\/fr\/wp-json\/wp\/v2\/types\/post"}],"author":[{"embeddable":true,"href":"https:\/\/www.organisator.ch\/fr\/wp-json\/wp\/v2\/users\/4"}],"replies":[{"embeddable":true,"href":"https:\/\/www.organisator.ch\/fr\/wp-json\/wp\/v2\/comments?post=11790"}],"version-history":[{"count":0,"href":"https:\/\/www.organisator.ch\/fr\/wp-json\/wp\/v2\/posts\/11790\/revisions"}],"wp:featuredmedia":[{"embeddable":true,"href":"https:\/\/www.organisator.ch\/fr\/wp-json\/wp\/v2\/media\/11591"}],"wp:attachment":[{"href":"https:\/\/www.organisator.ch\/fr\/wp-json\/wp\/v2\/media?parent=11790"}],"wp:term":[{"taxonomy":"category","embeddable":true,"href":"https:\/\/www.organisator.ch\/fr\/wp-json\/wp\/v2\/categories?post=11790"},{"taxonomy":"post_tag","embeddable":true,"href":"https:\/\/www.organisator.ch\/fr\/wp-json\/wp\/v2\/tags?post=11790"}],"curies":[{"name":"wp","href":"https:\/\/api.w.org\/{rel}","templated":true}]}}