{"id":11793,"date":"2021-12-13T07:00:06","date_gmt":"2021-12-13T06:00:06","guid":{"rendered":"https:\/\/www.organisator.ch\/?p=9004"},"modified":"2021-12-13T07:00:06","modified_gmt":"2021-12-13T06:00:06","slug":"gewinner-des-prix-svc-nordschweiz-revendo-ag-wollen-in-gesamte-dach-region-vorstossen","status":"publish","type":"post","link":"https:\/\/www.organisator.ch\/fr\/management\/2021-12-13\/gewinner-des-prix-svc-nordschweiz-revendo-ag-wollen-in-gesamte-dach-region-vorstossen\/","title":{"rendered":"Les laur\u00e9ats du Prix SVC Nordschweiz, Revendo AG, veulent s'implanter dans toute la r\u00e9gion DACH"},"content":{"rendered":"<figure id=\"attachment_9005\" aria-describedby=\"caption-attachment-9005\" style=\"width: 680px\" class=\"wp-caption alignnone\"><a href=\"https:\/\/www.organisator.ch\/wp-content\/uploads\/2021\/12\/Gewinner-des-Prix-SVC-NordschweizRevendo-AG-wollen-in-gesamte-DACH-Region-vorstossen_Organisator.jpg\"><img loading=\"lazy\" decoding=\"async\" class=\"size-medium wp-image-9005\" src=\"https:\/\/www.organisator.ch\/wp-content\/uploads\/2021\/12\/Gewinner-des-Prix-SVC-NordschweizRevendo-AG-wollen-in-gesamte-DACH-Region-vorstossen_Organisator.jpg\" alt=\"\" width=\"680\" height=\"390\" \/><\/a><figcaption id=\"caption-attachment-9005\" class=\"wp-caption-text\">Aurel Greiner (\u00e0 gauche) et Laurenz Ginat : les fiers gagnants du Prix SVC Nordschweiz 2021. (Image : Thomas Berner \/ Screenshot)<\/figcaption><\/figure>\n<p>Certains n'avaient pas pr\u00e9vu Revendo AG comme vainqueur du Prix SVC Nordschweiz 2021. Les cinq autres co-finalistes, dont certains sont pr\u00e9sents sur le march\u00e9 avec succ\u00e8s depuis des d\u00e9cennies, auraient tout aussi bien pu remporter la course. Mais l'entreprise fond\u00e9e en 2013 seulement a convaincu le jury de A \u00e0 Z. Bernhard B. Fischer, directeur de la r\u00e9gion SVC Nordschweiz, a soulign\u00e9 les aspects les plus importants comme suit : \"Chez Revendo, la durabilit\u00e9 s'\u00e9crit en lettres capitales. L'entreprise donne un signal contre la soci\u00e9t\u00e9 du tout-jetable et ses produits sont dans l'air du temps. La croissance rapide de Revendo et les nouveaux emplois cr\u00e9\u00e9s montrent de mani\u00e8re impressionnante que ce concept d'upcycling est un succ\u00e8s. Enfin, l'exp\u00e9rience d'achat chez Revendo est \u00e9galement convaincante, car elle est parfaitement adapt\u00e9e aux besoins des clients, tant en ligne que dans la boutique\". Lors de la remise du Prix Jubil\u00e9 SVC Nordschweiz le 25 novembre 2021, le SVC a toutefois pu d\u00e9montrer que c'est pr\u00e9cis\u00e9ment pour cette raison que Revendo SA fait partie des PME les plus innovantes de Suisse. Jeune et durable : une nouvelle tendance pour les entreprises gagnantes ? Bernhard B. Fischer r\u00e9pond par la n\u00e9gative : \"Le Prix SVC n'est pas comparable \u00e0 un prix de start-up\". Les entreprises qui souhaitent passer par le processus du jury doivent avoir plus de cinq ans.<\/p>\n<h2>Les fiers gagnants du Prix SVC Nordschweiz 2021<\/h2>\n<p>Les deux membres de la direction de Revendo AG, Aurel Greiner et Laurenz Ginat, se sont une nouvelle fois montr\u00e9s ravis que leur entreprise ait \u00e9t\u00e9 d\u00e9sign\u00e9e vainqueur du Prix SVC Nordschweiz 2021, qui a \u00e9t\u00e9 d\u00e9cern\u00e9 entre-temps pour la dixi\u00e8me fois. \"Nous n'aurions jamais pens\u00e9 pouvoir nous imposer dans ce groupe de participants\", a d\u00e9clar\u00e9 Laurenz Ginat. \"Le fait que nous ayons effectivement re\u00e7u le prix PME le plus renomm\u00e9 de Suisse du Nord n'est pas seulement un grand honneur pour nous, mais aussi une confirmation que Revendo est sur la bonne voie\".<\/p>\n<h2>Revendo veut d\u00e9velopper ses activit\u00e9s \u00e0 l'\u00e9tranger<\/h2>\n<p>La success story de Revendo doit maintenant se poursuivre dans l'ensemble de l'espace germanophone. En \u00e9t\u00e9 2021, Revendo a ouvert sa premi\u00e8re filiale en dehors de la Suisse, dans la capitale autrichienne Vienne. Cette strat\u00e9gie doit maintenant \u00eatre poursuivie, comme l'a expliqu\u00e9 Aurel Greiner : \"Le Prix SVC nous donne le courage de porter notre concept dans d'autres villes. Notre objectif est de faire conna\u00eetre la marque 'Revendo' dans toute la r\u00e9gion DACH au cours des prochaines ann\u00e9es et de jouer un r\u00f4le de pionnier dans le reconditionnement de l'\u00e9lectronique usag\u00e9e\".<\/p>\n<h2>Le prix arrive au bon moment<\/h2>\n<p>En interne, la distinction a \u00e9galement suscit\u00e9 beaucoup d'\u00e9nergie positive. \"Nous avons re\u00e7u beaucoup de bons \u00e9chos\", ont d\u00e9clar\u00e9 Greiner et Ginat \u00e0 l'unisson. De plus, le fait d'avoir remport\u00e9 ce prix ensemble et d'\u00eatre ainsi confirm\u00e9s dans la pertinence de leur travail quotidien a \u00e9t\u00e9 tr\u00e8s motivant pour l'esprit d'\u00e9quipe au sein de l'entreprise. Selon les deux fondateurs de l'entreprise, le prix arrive au bon moment. Il cr\u00e9e de bonnes conditions pour l'expansion pr\u00e9vue. \"Gr\u00e2ce au prix, de nouveaux partenariats ont d\u00e9j\u00e0 \u00e9t\u00e9 conclus\", ajoute Aurel Greiner.<\/p>\n<h2>Mettre les gaz\" en ligne<\/h2>\n<p>Bernhard B. Fischer s'est montr\u00e9 confiant dans le fait que l'on entendra encore souvent parler de Revendo \u00e0 l'international. Et le responsable r\u00e9gional SVC en est convaincu : les fondateurs de l'entreprise et toute leur \u00e9quipe continueront \u00e0 suivre avec d\u00e9termination et \u00e9lan la voie qu'ils ont choisie, une voie innovante et parfois pleine de d\u00e9fis. A l'\u00e9tranger, on veut dans un premier temps \"mettre les gaz\" en ligne, car l'\u00e9volution du commerce stationnaire est actuellement incertaine. Des concepts de shop-in-shop sont \u00e9galement envisageables, ont expliqu\u00e9 Greiner et Ginat. Les jeunes laur\u00e9ats du Prix SVC Nordschweiz 2021 devraient donner un \u00e9cho suppl\u00e9mentaire au Prix de l'Entreprise au sein de la g\u00e9n\u00e9ration montante d'entrepreneurs.<\/p>\n<p><em>Plus d'informations : <a href=\"http:\/\/www.revendo.ch\">Revendo AG<\/a> \/ <a href=\"http:\/\/www.svc.swiss\">Club suisse des entrepreneurs<\/a><\/em><\/p>","protected":false},"excerpt":{"rendered":"<p>Die Revendo AG hatten wohl manche nicht als Gewinner des Prix SVC Nordschweiz 2021 auf der Rechnung. Die f\u00fcnf anderen Mit-Finalisten, die zum Teil schon seit Jahrzehnten erfolgreich am Markt sind, h\u00e4tten genauso gut das Rennen machen k\u00f6nnen. Das erst 2013 gegr\u00fcndete Unternehmen \u00fcberzeugte die Jury aber von A bis Z. Bernhard B. Fischer, Leiter [&hellip;]<\/p>\n","protected":false},"author":4,"featured_media":11595,"comment_status":"closed","ping_status":"closed","sticky":false,"template":"","format":"standard","meta":{"_acf_changed":false,"_yoast_wpseo_focuskw":"Gewinner des Prix SVC Nordschweiz","_yoast_wpseo_metadesc":"Die Gewinner des Prix SVC Nordschweiz 2021 wollen ihre aussergew\u00f6hnliche Erfolgsgeschichte weiterschreiben und weiter in den DACH-Raum vorstossen.","articlekey":"","footnotes":""},"categories":[28],"tags":[66,390,492],"class_list":["post-11793","post","type-post","status-publish","format-standard","has-post-thumbnail","hentry","category-management","tag-awards","tag-prix-svc","tag-unternehmen"],"acf":[],"yoast_head":"<!-- This site is optimized with the Yoast SEO plugin v27.5 - https:\/\/yoast.com\/product\/yoast-seo-wordpress\/ -->\n<title>Gewinner des Prix SVC Nordschweiz, Revendo AG, wollen in gesamte DACH-Region vorstossen - Organisator<\/title>\n<meta name=\"description\" content=\"Die Gewinner des Prix SVC Nordschweiz 2021 wollen ihre aussergew\u00f6hnliche Erfolgsgeschichte weiterschreiben und weiter in den DACH-Raum vorstossen.\" \/>\n<meta name=\"robots\" content=\"index, follow, max-snippet:-1, max-image-preview:large, max-video-preview:-1\" \/>\n<link rel=\"canonical\" href=\"https:\/\/www.organisator.ch\/fr\/gestion-2\/2021-12-13\/gewinner-des-prix-svc-nordschweiz-revendo-ag-wollen-in-gesamte-dach-region-vorstossen\/\" \/>\n<meta property=\"og:locale\" content=\"fr_FR\" \/>\n<meta property=\"og:type\" content=\"article\" \/>\n<meta property=\"og:title\" content=\"Gewinner des Prix SVC Nordschweiz, Revendo AG, wollen in gesamte DACH-Region vorstossen\" \/>\n<meta property=\"og:description\" content=\"Die Gewinner des Prix SVC Nordschweiz 2021 wollen ihre aussergew\u00f6hnliche Erfolgsgeschichte weiterschreiben und weiter in den DACH-Raum vorstossen.\" \/>\n<meta property=\"og:url\" content=\"https:\/\/www.organisator.ch\/fr\/gestion-2\/2021-12-13\/gewinner-des-prix-svc-nordschweiz-revendo-ag-wollen-in-gesamte-dach-region-vorstossen\/\" \/>\n<meta property=\"og:site_name\" content=\"Organisator\" \/>\n<meta property=\"article:publisher\" content=\"https:\/\/www.facebook.com\/OrganisatorFachmagazin\" \/>\n<meta property=\"article:published_time\" content=\"2021-12-13T06:00:06+00:00\" \/>\n<meta property=\"og:image\" content=\"https:\/\/www.organisator.ch\/wp-content\/uploads\/2021\/08\/organisator_1956_6.png\" \/>\n\t<meta property=\"og:image:width\" content=\"654\" \/>\n\t<meta property=\"og:image:height\" content=\"370\" \/>\n\t<meta property=\"og:image:type\" content=\"image\/png\" \/>\n<meta name=\"author\" content=\"thomas.berner\" \/>\n<meta name=\"twitter:card\" content=\"summary_large_image\" \/>\n<meta name=\"twitter:title\" content=\"Gewinner des Prix SVC #Nordschweiz, #Revendo AG, wollen in gesamte #DACH-Region vorstossen\" \/>\n<meta name=\"twitter:description\" content=\"Die Gewinner des Prix #SVC Nordschweiz 2021 wollen ihre aussergew\u00f6hnliche #Erfolgsgeschichte weiterschreiben und weiter in den #DACH-Raum vorstossen.\" \/>\n<meta name=\"twitter:image\" content=\"https:\/\/www.organisator.ch\/wp-content\/uploads\/2021\/08\/organisator_1956_6.png\" \/>\n<script type=\"application\/ld+json\" class=\"yoast-schema-graph\">{\"@context\":\"https:\\\/\\\/schema.org\",\"@graph\":[{\"@type\":\"Article\",\"@id\":\"https:\\\/\\\/www.organisator.ch\\\/management\\\/2021-12-13\\\/gewinner-des-prix-svc-nordschweiz-revendo-ag-wollen-in-gesamte-dach-region-vorstossen\\\/#article\",\"isPartOf\":{\"@id\":\"https:\\\/\\\/www.organisator.ch\\\/management\\\/2021-12-13\\\/gewinner-des-prix-svc-nordschweiz-revendo-ag-wollen-in-gesamte-dach-region-vorstossen\\\/\"},\"author\":{\"name\":\"thomas.berner\",\"@id\":\"https:\\\/\\\/www.organisator.ch\\\/#\\\/schema\\\/person\\\/6f650f90b2842cd4c0cc334b4e36f67e\"},\"headline\":\"Gewinner des Prix SVC Nordschweiz, Revendo AG, wollen in gesamte DACH-Region vorstossen\",\"datePublished\":\"2021-12-13T06:00:06+00:00\",\"mainEntityOfPage\":{\"@id\":\"https:\\\/\\\/www.organisator.ch\\\/management\\\/2021-12-13\\\/gewinner-des-prix-svc-nordschweiz-revendo-ag-wollen-in-gesamte-dach-region-vorstossen\\\/\"},\"wordCount\":627,\"publisher\":{\"@id\":\"https:\\\/\\\/www.organisator.ch\\\/#organization\"},\"image\":{\"@id\":\"https:\\\/\\\/www.organisator.ch\\\/management\\\/2021-12-13\\\/gewinner-des-prix-svc-nordschweiz-revendo-ag-wollen-in-gesamte-dach-region-vorstossen\\\/#primaryimage\"},\"thumbnailUrl\":\"https:\\\/\\\/www.organisator.ch\\\/wp-content\\\/uploads\\\/2021\\\/12\\\/Gewinner-des-Prix-SVC-NordschweizRevendo-AG-wollen-in-gesamte-DACH-Region-vorstossen_Organisator.jpg\",\"keywords\":[\"Awards\",\"Prix SVC\",\"Unternehmen\"],\"articleSection\":[\"MANAGEMENT\"],\"inLanguage\":\"fr-FR\"},{\"@type\":\"WebPage\",\"@id\":\"https:\\\/\\\/www.organisator.ch\\\/management\\\/2021-12-13\\\/gewinner-des-prix-svc-nordschweiz-revendo-ag-wollen-in-gesamte-dach-region-vorstossen\\\/\",\"url\":\"https:\\\/\\\/www.organisator.ch\\\/management\\\/2021-12-13\\\/gewinner-des-prix-svc-nordschweiz-revendo-ag-wollen-in-gesamte-dach-region-vorstossen\\\/\",\"name\":\"Gewinner des Prix SVC Nordschweiz, Revendo AG, wollen in gesamte DACH-Region vorstossen - Organisator\",\"isPartOf\":{\"@id\":\"https:\\\/\\\/www.organisator.ch\\\/#website\"},\"primaryImageOfPage\":{\"@id\":\"https:\\\/\\\/www.organisator.ch\\\/management\\\/2021-12-13\\\/gewinner-des-prix-svc-nordschweiz-revendo-ag-wollen-in-gesamte-dach-region-vorstossen\\\/#primaryimage\"},\"image\":{\"@id\":\"https:\\\/\\\/www.organisator.ch\\\/management\\\/2021-12-13\\\/gewinner-des-prix-svc-nordschweiz-revendo-ag-wollen-in-gesamte-dach-region-vorstossen\\\/#primaryimage\"},\"thumbnailUrl\":\"https:\\\/\\\/www.organisator.ch\\\/wp-content\\\/uploads\\\/2021\\\/12\\\/Gewinner-des-Prix-SVC-NordschweizRevendo-AG-wollen-in-gesamte-DACH-Region-vorstossen_Organisator.jpg\",\"datePublished\":\"2021-12-13T06:00:06+00:00\",\"description\":\"Die Gewinner des Prix SVC Nordschweiz 2021 wollen ihre aussergew\u00f6hnliche Erfolgsgeschichte weiterschreiben und weiter in den DACH-Raum vorstossen.\",\"breadcrumb\":{\"@id\":\"https:\\\/\\\/www.organisator.ch\\\/management\\\/2021-12-13\\\/gewinner-des-prix-svc-nordschweiz-revendo-ag-wollen-in-gesamte-dach-region-vorstossen\\\/#breadcrumb\"},\"inLanguage\":\"fr-FR\",\"potentialAction\":[{\"@type\":\"ReadAction\",\"target\":[\"https:\\\/\\\/www.organisator.ch\\\/management\\\/2021-12-13\\\/gewinner-des-prix-svc-nordschweiz-revendo-ag-wollen-in-gesamte-dach-region-vorstossen\\\/\"]}]},{\"@type\":\"ImageObject\",\"inLanguage\":\"fr-FR\",\"@id\":\"https:\\\/\\\/www.organisator.ch\\\/management\\\/2021-12-13\\\/gewinner-des-prix-svc-nordschweiz-revendo-ag-wollen-in-gesamte-dach-region-vorstossen\\\/#primaryimage\",\"url\":\"https:\\\/\\\/www.organisator.ch\\\/wp-content\\\/uploads\\\/2021\\\/12\\\/Gewinner-des-Prix-SVC-NordschweizRevendo-AG-wollen-in-gesamte-DACH-Region-vorstossen_Organisator.jpg\",\"contentUrl\":\"https:\\\/\\\/www.organisator.ch\\\/wp-content\\\/uploads\\\/2021\\\/12\\\/Gewinner-des-Prix-SVC-NordschweizRevendo-AG-wollen-in-gesamte-DACH-Region-vorstossen_Organisator.jpg\",\"width\":680,\"height\":390,\"caption\":\"Aurel Greiner (links) und Laurenz Ginat: Die stolzen Gewinner des Prix SVZ Nordschweiz 2021. (Bild: Thomas Berner \\\/ Screenshot)\"},{\"@type\":\"BreadcrumbList\",\"@id\":\"https:\\\/\\\/www.organisator.ch\\\/management\\\/2021-12-13\\\/gewinner-des-prix-svc-nordschweiz-revendo-ag-wollen-in-gesamte-dach-region-vorstossen\\\/#breadcrumb\",\"itemListElement\":[{\"@type\":\"ListItem\",\"position\":1,\"name\":\"Home\",\"item\":\"https:\\\/\\\/www.organisator.ch\\\/\"},{\"@type\":\"ListItem\",\"position\":2,\"name\":\"Gewinner des Prix SVC Nordschweiz, Revendo AG, wollen in gesamte DACH-Region vorstossen\"}]},{\"@type\":\"WebSite\",\"@id\":\"https:\\\/\\\/www.organisator.ch\\\/#website\",\"url\":\"https:\\\/\\\/www.organisator.ch\\\/\",\"name\":\"Organisator\",\"description\":\"Kompetent. Praxisnah. Der ORGANISATOR bereitet in 10 Ausgaben pro Jahr die wesentlichen Themen f\u00fcr F\u00fchrungskr\u00e4fte von KMU auf.\",\"publisher\":{\"@id\":\"https:\\\/\\\/www.organisator.ch\\\/#organization\"},\"potentialAction\":[{\"@type\":\"SearchAction\",\"target\":{\"@type\":\"EntryPoint\",\"urlTemplate\":\"https:\\\/\\\/www.organisator.ch\\\/?s={search_term_string}\"},\"query-input\":{\"@type\":\"PropertyValueSpecification\",\"valueRequired\":true,\"valueName\":\"search_term_string\"}}],\"inLanguage\":\"fr-FR\"},{\"@type\":\"Organization\",\"@id\":\"https:\\\/\\\/www.organisator.ch\\\/#organization\",\"name\":\"Organisator\",\"url\":\"https:\\\/\\\/www.organisator.ch\\\/\",\"logo\":{\"@type\":\"ImageObject\",\"inLanguage\":\"fr-FR\",\"@id\":\"https:\\\/\\\/www.organisator.ch\\\/#\\\/schema\\\/logo\\\/image\\\/\",\"url\":\"https:\\\/\\\/www.organisator.ch\\\/wp-content\\\/uploads\\\/2022\\\/01\\\/Logo_Organisator_Website.png\",\"contentUrl\":\"https:\\\/\\\/www.organisator.ch\\\/wp-content\\\/uploads\\\/2022\\\/01\\\/Logo_Organisator_Website.png\",\"width\":800,\"height\":77,\"caption\":\"Organisator\"},\"image\":{\"@id\":\"https:\\\/\\\/www.organisator.ch\\\/#\\\/schema\\\/logo\\\/image\\\/\"},\"sameAs\":[\"https:\\\/\\\/www.facebook.com\\\/OrganisatorFachmagazin\",\"https:\\\/\\\/www.linkedin.com\\\/showcase\\\/organisator-das-magazin-fr-kmu\",\"https:\\\/\\\/www.xing.com\\\/news\\\/pages\\\/organisator-ch-695\",\"https:\\\/\\\/www.youtube.com\\\/channel\\\/UCGP2Sq0iWaZwT3BdIAQFYpw\"]},{\"@type\":\"Person\",\"@id\":\"https:\\\/\\\/www.organisator.ch\\\/#\\\/schema\\\/person\\\/6f650f90b2842cd4c0cc334b4e36f67e\",\"name\":\"thomas.berner\",\"image\":{\"@type\":\"ImageObject\",\"inLanguage\":\"fr-FR\",\"@id\":\"https:\\\/\\\/secure.gravatar.com\\\/avatar\\\/ac5001d2a36cb6c6cd3e50789007ffca834b477b74a2144564522e944eabff61?s=96&d=mm&r=g\",\"url\":\"https:\\\/\\\/secure.gravatar.com\\\/avatar\\\/ac5001d2a36cb6c6cd3e50789007ffca834b477b74a2144564522e944eabff61?s=96&d=mm&r=g\",\"contentUrl\":\"https:\\\/\\\/secure.gravatar.com\\\/avatar\\\/ac5001d2a36cb6c6cd3e50789007ffca834b477b74a2144564522e944eabff61?s=96&d=mm&r=g\",\"caption\":\"thomas.berner\"},\"url\":\"https:\\\/\\\/www.organisator.ch\\\/fr\\\/author\\\/thomas-berner\\\/\"}]}<\/script>\n<!-- \/ Yoast SEO plugin. -->","yoast_head_json":{"title":"Les gagnants du Prix SVC Nordschweiz, Revendo AG, veulent s'implanter dans toute la r\u00e9gion DACH - Organisateur","description":"Les laur\u00e9ats du Prix SVC Nordschweiz 2021 veulent continuer \u00e0 \u00e9crire leur extraordinaire success story et s'implanter davantage dans l'espace DACH.","robots":{"index":"index","follow":"follow","max-snippet":"max-snippet:-1","max-image-preview":"max-image-preview:large","max-video-preview":"max-video-preview:-1"},"canonical":"https:\/\/www.organisator.ch\/fr\/gestion-2\/2021-12-13\/gewinner-des-prix-svc-nordschweiz-revendo-ag-wollen-in-gesamte-dach-region-vorstossen\/","og_locale":"fr_FR","og_type":"article","og_title":"Gewinner des Prix SVC Nordschweiz, Revendo AG, wollen in gesamte DACH-Region vorstossen","og_description":"Die Gewinner des Prix SVC Nordschweiz 2021 wollen ihre aussergew\u00f6hnliche Erfolgsgeschichte weiterschreiben und weiter in den DACH-Raum vorstossen.","og_url":"https:\/\/www.organisator.ch\/fr\/gestion-2\/2021-12-13\/gewinner-des-prix-svc-nordschweiz-revendo-ag-wollen-in-gesamte-dach-region-vorstossen\/","og_site_name":"Organisator","article_publisher":"https:\/\/www.facebook.com\/OrganisatorFachmagazin","article_published_time":"2021-12-13T06:00:06+00:00","og_image":[{"width":654,"height":370,"url":"https:\/\/www.organisator.ch\/wp-content\/uploads\/2021\/08\/organisator_1956_6.png","type":"image\/png"}],"author":"thomas.berner","twitter_card":"summary_large_image","twitter_title":"Gewinner des Prix SVC #Nordschweiz, #Revendo AG, wollen in gesamte #DACH-Region vorstossen","twitter_description":"Die Gewinner des Prix #SVC Nordschweiz 2021 wollen ihre aussergew\u00f6hnliche #Erfolgsgeschichte weiterschreiben und weiter in den #DACH-Raum vorstossen.","twitter_image":"https:\/\/www.organisator.ch\/wp-content\/uploads\/2021\/08\/organisator_1956_6.png","schema":{"@context":"https:\/\/schema.org","@graph":[{"@type":"Article","@id":"https:\/\/www.organisator.ch\/management\/2021-12-13\/gewinner-des-prix-svc-nordschweiz-revendo-ag-wollen-in-gesamte-dach-region-vorstossen\/#article","isPartOf":{"@id":"https:\/\/www.organisator.ch\/management\/2021-12-13\/gewinner-des-prix-svc-nordschweiz-revendo-ag-wollen-in-gesamte-dach-region-vorstossen\/"},"author":{"name":"thomas.berner","@id":"https:\/\/www.organisator.ch\/#\/schema\/person\/6f650f90b2842cd4c0cc334b4e36f67e"},"headline":"Gewinner des Prix SVC Nordschweiz, Revendo AG, wollen in gesamte DACH-Region vorstossen","datePublished":"2021-12-13T06:00:06+00:00","mainEntityOfPage":{"@id":"https:\/\/www.organisator.ch\/management\/2021-12-13\/gewinner-des-prix-svc-nordschweiz-revendo-ag-wollen-in-gesamte-dach-region-vorstossen\/"},"wordCount":627,"publisher":{"@id":"https:\/\/www.organisator.ch\/#organization"},"image":{"@id":"https:\/\/www.organisator.ch\/management\/2021-12-13\/gewinner-des-prix-svc-nordschweiz-revendo-ag-wollen-in-gesamte-dach-region-vorstossen\/#primaryimage"},"thumbnailUrl":"https:\/\/www.organisator.ch\/wp-content\/uploads\/2021\/12\/Gewinner-des-Prix-SVC-NordschweizRevendo-AG-wollen-in-gesamte-DACH-Region-vorstossen_Organisator.jpg","keywords":["Awards","Prix SVC","Unternehmen"],"articleSection":["MANAGEMENT"],"inLanguage":"fr-FR"},{"@type":"WebPage","@id":"https:\/\/www.organisator.ch\/management\/2021-12-13\/gewinner-des-prix-svc-nordschweiz-revendo-ag-wollen-in-gesamte-dach-region-vorstossen\/","url":"https:\/\/www.organisator.ch\/management\/2021-12-13\/gewinner-des-prix-svc-nordschweiz-revendo-ag-wollen-in-gesamte-dach-region-vorstossen\/","name":"Les gagnants du Prix SVC Nordschweiz, Revendo AG, veulent s'implanter dans toute la r\u00e9gion DACH - Organisateur","isPartOf":{"@id":"https:\/\/www.organisator.ch\/#website"},"primaryImageOfPage":{"@id":"https:\/\/www.organisator.ch\/management\/2021-12-13\/gewinner-des-prix-svc-nordschweiz-revendo-ag-wollen-in-gesamte-dach-region-vorstossen\/#primaryimage"},"image":{"@id":"https:\/\/www.organisator.ch\/management\/2021-12-13\/gewinner-des-prix-svc-nordschweiz-revendo-ag-wollen-in-gesamte-dach-region-vorstossen\/#primaryimage"},"thumbnailUrl":"https:\/\/www.organisator.ch\/wp-content\/uploads\/2021\/12\/Gewinner-des-Prix-SVC-NordschweizRevendo-AG-wollen-in-gesamte-DACH-Region-vorstossen_Organisator.jpg","datePublished":"2021-12-13T06:00:06+00:00","description":"Les laur\u00e9ats du Prix SVC Nordschweiz 2021 veulent continuer \u00e0 \u00e9crire leur extraordinaire success story et s'implanter davantage dans l'espace DACH.","breadcrumb":{"@id":"https:\/\/www.organisator.ch\/management\/2021-12-13\/gewinner-des-prix-svc-nordschweiz-revendo-ag-wollen-in-gesamte-dach-region-vorstossen\/#breadcrumb"},"inLanguage":"fr-FR","potentialAction":[{"@type":"ReadAction","target":["https:\/\/www.organisator.ch\/management\/2021-12-13\/gewinner-des-prix-svc-nordschweiz-revendo-ag-wollen-in-gesamte-dach-region-vorstossen\/"]}]},{"@type":"ImageObject","inLanguage":"fr-FR","@id":"https:\/\/www.organisator.ch\/management\/2021-12-13\/gewinner-des-prix-svc-nordschweiz-revendo-ag-wollen-in-gesamte-dach-region-vorstossen\/#primaryimage","url":"https:\/\/www.organisator.ch\/wp-content\/uploads\/2021\/12\/Gewinner-des-Prix-SVC-NordschweizRevendo-AG-wollen-in-gesamte-DACH-Region-vorstossen_Organisator.jpg","contentUrl":"https:\/\/www.organisator.ch\/wp-content\/uploads\/2021\/12\/Gewinner-des-Prix-SVC-NordschweizRevendo-AG-wollen-in-gesamte-DACH-Region-vorstossen_Organisator.jpg","width":680,"height":390,"caption":"Aurel Greiner (links) und Laurenz Ginat: Die stolzen Gewinner des Prix SVZ Nordschweiz 2021. (Bild: Thomas Berner \/ Screenshot)"},{"@type":"BreadcrumbList","@id":"https:\/\/www.organisator.ch\/management\/2021-12-13\/gewinner-des-prix-svc-nordschweiz-revendo-ag-wollen-in-gesamte-dach-region-vorstossen\/#breadcrumb","itemListElement":[{"@type":"ListItem","position":1,"name":"Home","item":"https:\/\/www.organisator.ch\/"},{"@type":"ListItem","position":2,"name":"Gewinner des Prix SVC Nordschweiz, Revendo AG, wollen in gesamte DACH-Region vorstossen"}]},{"@type":"WebSite","@id":"https:\/\/www.organisator.ch\/#website","url":"https:\/\/www.organisator.ch\/","name":"Organisateur","description":"Comp\u00e9tence et comp\u00e9tence. Proches de la pratique. L'ORGANISATEUR pr\u00e9pare 10 num\u00e9ros par an sur les th\u00e8mes essentiels pour les dirigeants de PME.","publisher":{"@id":"https:\/\/www.organisator.ch\/#organization"},"potentialAction":[{"@type":"SearchAction","target":{"@type":"EntryPoint","urlTemplate":"https:\/\/www.organisator.ch\/?s={search_term_string}"},"query-input":{"@type":"PropertyValueSpecification","valueRequired":true,"valueName":"search_term_string"}}],"inLanguage":"fr-FR"},{"@type":"Organization","@id":"https:\/\/www.organisator.ch\/#organization","name":"Organisateur","url":"https:\/\/www.organisator.ch\/","logo":{"@type":"ImageObject","inLanguage":"fr-FR","@id":"https:\/\/www.organisator.ch\/#\/schema\/logo\/image\/","url":"https:\/\/www.organisator.ch\/wp-content\/uploads\/2022\/01\/Logo_Organisator_Website.png","contentUrl":"https:\/\/www.organisator.ch\/wp-content\/uploads\/2022\/01\/Logo_Organisator_Website.png","width":800,"height":77,"caption":"Organisator"},"image":{"@id":"https:\/\/www.organisator.ch\/#\/schema\/logo\/image\/"},"sameAs":["https:\/\/www.facebook.com\/OrganisatorFachmagazin","https:\/\/www.linkedin.com\/showcase\/organisator-das-magazin-fr-kmu","https:\/\/www.xing.com\/news\/pages\/organisator-ch-695","https:\/\/www.youtube.com\/channel\/UCGP2Sq0iWaZwT3BdIAQFYpw"]},{"@type":"Person","@id":"https:\/\/www.organisator.ch\/#\/schema\/person\/6f650f90b2842cd4c0cc334b4e36f67e","name":"thomas.berner","image":{"@type":"ImageObject","inLanguage":"fr-FR","@id":"https:\/\/secure.gravatar.com\/avatar\/ac5001d2a36cb6c6cd3e50789007ffca834b477b74a2144564522e944eabff61?s=96&d=mm&r=g","url":"https:\/\/secure.gravatar.com\/avatar\/ac5001d2a36cb6c6cd3e50789007ffca834b477b74a2144564522e944eabff61?s=96&d=mm&r=g","contentUrl":"https:\/\/secure.gravatar.com\/avatar\/ac5001d2a36cb6c6cd3e50789007ffca834b477b74a2144564522e944eabff61?s=96&d=mm&r=g","caption":"thomas.berner"},"url":"https:\/\/www.organisator.ch\/fr\/author\/thomas-berner\/"}]}},"_links":{"self":[{"href":"https:\/\/www.organisator.ch\/fr\/wp-json\/wp\/v2\/posts\/11793","targetHints":{"allow":["GET"]}}],"collection":[{"href":"https:\/\/www.organisator.ch\/fr\/wp-json\/wp\/v2\/posts"}],"about":[{"href":"https:\/\/www.organisator.ch\/fr\/wp-json\/wp\/v2\/types\/post"}],"author":[{"embeddable":true,"href":"https:\/\/www.organisator.ch\/fr\/wp-json\/wp\/v2\/users\/4"}],"replies":[{"embeddable":true,"href":"https:\/\/www.organisator.ch\/fr\/wp-json\/wp\/v2\/comments?post=11793"}],"version-history":[{"count":0,"href":"https:\/\/www.organisator.ch\/fr\/wp-json\/wp\/v2\/posts\/11793\/revisions"}],"wp:featuredmedia":[{"embeddable":true,"href":"https:\/\/www.organisator.ch\/fr\/wp-json\/wp\/v2\/media\/11595"}],"wp:attachment":[{"href":"https:\/\/www.organisator.ch\/fr\/wp-json\/wp\/v2\/media?parent=11793"}],"wp:term":[{"taxonomy":"category","embeddable":true,"href":"https:\/\/www.organisator.ch\/fr\/wp-json\/wp\/v2\/categories?post=11793"},{"taxonomy":"post_tag","embeddable":true,"href":"https:\/\/www.organisator.ch\/fr\/wp-json\/wp\/v2\/tags?post=11793"}],"curies":[{"name":"wp","href":"https:\/\/api.w.org\/{rel}","templated":true}]}}