{"id":11800,"date":"2021-12-17T07:00:09","date_gmt":"2021-12-17T06:00:09","guid":{"rendered":"https:\/\/www.organisator.ch\/?p=9036"},"modified":"2021-12-17T07:00:09","modified_gmt":"2021-12-17T06:00:09","slug":"impulsion-au-succes-comment-vous-etes-heureux-en-chef","status":"publish","type":"post","link":"https:\/\/www.organisator.ch\/fr\/management\/2021-12-17\/erfolgs-impuls-wie-gluecklich-sind-sie-als-leader\/","title":{"rendered":"Impulsion du succ\u00e8s : \u00e0 quel point \u00eates-vous heureux en tant que leader ?"},"content":{"rendered":"<figure id=\"attachment_9038\" aria-describedby=\"caption-attachment-9038\" style=\"width: 680px\" class=\"wp-caption alignnone\"><a href=\"https:\/\/www.organisator.ch\/wp-content\/uploads\/2021\/12\/Erfolgs-Impuls-Wie-gluecklich-sind-Sie-als-Leader_Organisator.jpg\"><img loading=\"lazy\" decoding=\"async\" class=\"size-medium wp-image-9038\" src=\"https:\/\/www.organisator.ch\/wp-content\/uploads\/2021\/12\/Erfolgs-Impuls-Wie-gluecklich-sind-Sie-als-Leader_Organisator.jpg\" alt=\"\" width=\"680\" height=\"453\" \/><\/a><figcaption id=\"caption-attachment-9038\" class=\"wp-caption-text\">Cette question n'est pas seulement valable \u00e0 No\u00ebl : \u00cates-vous heureux de ce que vous faites ? (Image : Pixabay.com)<\/figcaption><\/figure>\n<p>A quel point \u00eates-vous heureux en tant que leader ? Je vous l'accorde : La question peut vous para\u00eetre \u00e9trange. Rares sont ceux qui associent le \"bonheur\" au leadership. Et ce, \u00e0 tort. Car si vous acceptez toutes les contraintes et les heures suppl\u00e9mentaires qui vont g\u00e9n\u00e9ralement de pair avec les postes de direction, vous ne voulez pas \u00eatre malheureux en plus, n'est-ce pas ?<\/p>\n<h2>Pourquoi ne pas \u00eatre heureux en tant que leader ?<\/h2>\n<p>Il y en a beaucoup qui ne se laissent pas aller \u00e0 cette r\u00e9flexion. J'aime demander \u00e0 mes clients au d\u00e9but de notre collaboration : \"\u00cates-vous heureux dans ce que vous faites ?\" Ou encore une autre remarque : si vous demandez aux parents ce qu'ils souhaitent le plus pour leurs enfants, la r\u00e9ponse num\u00e9ro un est : \"Qu'ils soient heureux !\".<\/p>\n<p>Alors, si le plus important pour nous est que nos proches soient heureux, pourquoi ne pas le faire aussi dans le domaine du leadership ? Et en cette p\u00e9riode de l'ann\u00e9e, l'id\u00e9e me semble \u00e9vidente.<\/p>\n<h2>Trois id\u00e9es pour augmenter le sentiment de bonheur<\/h2>\n<p>Alors : \u00eates-vous heureux dans ce que vous faites au travail ? Et les membres de votre \u00e9quipe le sont-ils ? Car si vous et vos collaborateurs l'\u00eates, tout le monde sera plus performant et aura plus de plaisir \u00e0 le faire.<\/p>\n<p>Alors, comment r\u00e9ussir \u00e0 augmenter le sentiment de bonheur pour soi et pour les autres ? Voici trois choses que vous pouvez appliquer imm\u00e9diatement.<\/p>\n<ol>\n<li>L'un des leviers les plus simples pour rendre les autres heureux est de leur faire sentir qu'ils sont importants. Ou inversement : si les gens sont malheureux, c'est souvent parce qu'ils se consid\u00e8rent comme peu importants et qu'ils ne sont pas reconnus. Si vous \u00eates vous-m\u00eame dans un environnement o\u00f9 vous n'\u00eates pas reconnu et que vous ne pouvez pas changer cela, il est temps de quitter cet environnement. Alors, dites et montrez souvent \u00e0 vos proches \u00e0 quel point ils sont importants.<\/li>\n<li>La croissance personnelle. Les gens sont souvent malheureux parce qu'ils ne se d\u00e9veloppent gu\u00e8re. La croissance personnelle est un levier tr\u00e8s puissant pour plus d'\u00e9panouissement et de bonheur. Fixez-vous donc, \u00e0 vous et \u00e0 votre \u00e9quipe, des objectifs concrets de d\u00e9veloppement personnel, et pas seulement sur des sujets professionnels.<\/li>\n<li>Faire le bien. La recherche sur le bonheur r\u00e9v\u00e8le r\u00e9guli\u00e8rement que peu de choses rendent aussi heureux \u00e0 long terme que de faire du bien aux autres. Il peut s'agir de choses immat\u00e9rielles comme la confiance, le soutien, la reconnaissance, les compliments et ainsi de suite.<\/li>\n<\/ol>\n<p>Voici trois id\u00e9es pour vous rendre plus heureux, vous et votre \u00e9quipe. Ce n'est pas une mauvaise id\u00e9e pour la nouvelle ann\u00e9e, n'est-ce pas ?<\/p>\n<p><i><strong>Vers l'auteur :<\/strong><br \/>\n<\/i><em>Volkmar V\u00f6lzke est un maximisateur de succ\u00e8s. Auteur de livres. Conseiller et consultant. Coach de formation. Orateur. <a href=\"http:\/\/www.volkmarvoelzke.ch\/\">www.volkmarvoelzke.ch<\/a><\/em><\/p>","protected":false},"excerpt":{"rendered":"<p>Wie gl\u00fccklich sind Sie als Leader? Zugegeben: Die Frage mag Ihnen merkw\u00fcrdig vorkommen. Die wenigsten verbinden \u201cGl\u00fccklichsein\u201d mit Leadership. Zu Unrecht. Denn wenn Sie all die Strapazen und \u00dcberstunden auf sich nehmen, die mit F\u00fchrungspositionen normalerweise einhergehen, dann wollen Sie dabei nicht auch noch ungl\u00fccklich sein, oder? Weshalb auch als Leader nicht gl\u00fccklich sein? Gar [&hellip;]<\/p>\n","protected":false},"author":4,"featured_media":11604,"comment_status":"closed","ping_status":"closed","sticky":false,"template":"","format":"standard","meta":{"_acf_changed":false,"_yoast_wpseo_focuskw":"gl\u00fccklich","_yoast_wpseo_metadesc":"Ein neuer Erfolgs-Impuls pr\u00e4sentiert drei Ideen, wie man sowohl sich selbst als auch das Team gl\u00fccklich bzw. noch gl\u00fccklicher macht.","articlekey":"","footnotes":""},"categories":[28],"tags":[115,177,335],"class_list":["post-11800","post","type-post","status-publish","format-standard","has-post-thumbnail","hentry","category-management","tag-checklisten","tag-erfolgs-impuls","tag-management-und-unternehmensfuehrung"],"acf":[],"yoast_head":"<!-- This site is optimized with the Yoast SEO plugin v27.5 - https:\/\/yoast.com\/product\/yoast-seo-wordpress\/ -->\n<title>Erfolgs-Impuls: Wie gl\u00fccklich sind Sie als Leader? - Organisator<\/title>\n<meta name=\"description\" content=\"Ein neuer Erfolgs-Impuls pr\u00e4sentiert drei Ideen, wie man sowohl sich selbst als auch das Team gl\u00fccklich bzw. noch gl\u00fccklicher macht.\" \/>\n<meta name=\"robots\" content=\"index, follow, max-snippet:-1, max-image-preview:large, max-video-preview:-1\" \/>\n<link rel=\"canonical\" href=\"https:\/\/www.organisator.ch\/fr\/gestion-2\/2021-12-17\/impulsion-au-succes-comment-vous-etes-heureux-en-chef\/\" \/>\n<meta property=\"og:locale\" content=\"fr_FR\" \/>\n<meta property=\"og:type\" content=\"article\" \/>\n<meta property=\"og:title\" content=\"Erfolgs-Impuls: Wie gl\u00fccklich sind Sie als Leader?\" \/>\n<meta property=\"og:description\" content=\"Ein neuer Erfolgs-Impuls pr\u00e4sentiert drei Ideen, wie man sowohl sich selbst als auch das Team gl\u00fccklich bzw. noch gl\u00fccklicher macht.\" \/>\n<meta property=\"og:url\" content=\"https:\/\/www.organisator.ch\/fr\/gestion-2\/2021-12-17\/impulsion-au-succes-comment-vous-etes-heureux-en-chef\/\" \/>\n<meta property=\"og:site_name\" content=\"Organisator\" \/>\n<meta property=\"article:publisher\" content=\"https:\/\/www.facebook.com\/OrganisatorFachmagazin\" \/>\n<meta property=\"article:published_time\" content=\"2021-12-17T06:00:09+00:00\" \/>\n<meta property=\"og:image\" content=\"https:\/\/www.organisator.ch\/wp-content\/uploads\/2021\/08\/organisator_1955_7.png\" \/>\n\t<meta property=\"og:image:width\" content=\"654\" \/>\n\t<meta property=\"og:image:height\" content=\"370\" \/>\n\t<meta property=\"og:image:type\" content=\"image\/png\" \/>\n<meta name=\"author\" content=\"thomas.berner\" \/>\n<meta name=\"twitter:card\" content=\"summary_large_image\" \/>\n<meta name=\"twitter:title\" content=\"#Erfolgs-Impuls: Wie #gl\u00fccklich sind Sie als Leader?\" \/>\n<meta name=\"twitter:description\" content=\"Ein neuer #Erfolgs-Impuls pr\u00e4sentiert drei Ideen, wie man sowohl sich selbst als auch das #Team #gl\u00fccklich bzw. noch gl\u00fccklicher macht.\" \/>\n<meta name=\"twitter:image\" content=\"https:\/\/www.organisator.ch\/wp-content\/uploads\/2021\/08\/organisator_1955_7.png\" \/>\n<script type=\"application\/ld+json\" class=\"yoast-schema-graph\">{\"@context\":\"https:\\\/\\\/schema.org\",\"@graph\":[{\"@type\":\"Article\",\"@id\":\"https:\\\/\\\/www.organisator.ch\\\/management\\\/2021-12-17\\\/erfolgs-impuls-wie-gluecklich-sind-sie-als-leader\\\/#article\",\"isPartOf\":{\"@id\":\"https:\\\/\\\/www.organisator.ch\\\/management\\\/2021-12-17\\\/erfolgs-impuls-wie-gluecklich-sind-sie-als-leader\\\/\"},\"author\":{\"name\":\"thomas.berner\",\"@id\":\"https:\\\/\\\/www.organisator.ch\\\/#\\\/schema\\\/person\\\/6f650f90b2842cd4c0cc334b4e36f67e\"},\"headline\":\"Erfolgs-Impuls: Wie gl\u00fccklich sind Sie als Leader?\",\"datePublished\":\"2021-12-17T06:00:09+00:00\",\"mainEntityOfPage\":{\"@id\":\"https:\\\/\\\/www.organisator.ch\\\/management\\\/2021-12-17\\\/erfolgs-impuls-wie-gluecklich-sind-sie-als-leader\\\/\"},\"wordCount\":475,\"publisher\":{\"@id\":\"https:\\\/\\\/www.organisator.ch\\\/#organization\"},\"image\":{\"@id\":\"https:\\\/\\\/www.organisator.ch\\\/management\\\/2021-12-17\\\/erfolgs-impuls-wie-gluecklich-sind-sie-als-leader\\\/#primaryimage\"},\"thumbnailUrl\":\"https:\\\/\\\/www.organisator.ch\\\/wp-content\\\/uploads\\\/2021\\\/12\\\/Erfolgs-Impuls-Wie-gluecklich-sind-Sie-als-Leader_Organisator.jpg\",\"keywords\":[\"Checklisten\",\"Erfolgs-Impuls\",\"Management und Unternehmensf\u00fchrung\"],\"articleSection\":[\"MANAGEMENT\"],\"inLanguage\":\"fr-FR\"},{\"@type\":\"WebPage\",\"@id\":\"https:\\\/\\\/www.organisator.ch\\\/management\\\/2021-12-17\\\/erfolgs-impuls-wie-gluecklich-sind-sie-als-leader\\\/\",\"url\":\"https:\\\/\\\/www.organisator.ch\\\/management\\\/2021-12-17\\\/erfolgs-impuls-wie-gluecklich-sind-sie-als-leader\\\/\",\"name\":\"Erfolgs-Impuls: Wie gl\u00fccklich sind Sie als Leader? - Organisator\",\"isPartOf\":{\"@id\":\"https:\\\/\\\/www.organisator.ch\\\/#website\"},\"primaryImageOfPage\":{\"@id\":\"https:\\\/\\\/www.organisator.ch\\\/management\\\/2021-12-17\\\/erfolgs-impuls-wie-gluecklich-sind-sie-als-leader\\\/#primaryimage\"},\"image\":{\"@id\":\"https:\\\/\\\/www.organisator.ch\\\/management\\\/2021-12-17\\\/erfolgs-impuls-wie-gluecklich-sind-sie-als-leader\\\/#primaryimage\"},\"thumbnailUrl\":\"https:\\\/\\\/www.organisator.ch\\\/wp-content\\\/uploads\\\/2021\\\/12\\\/Erfolgs-Impuls-Wie-gluecklich-sind-Sie-als-Leader_Organisator.jpg\",\"datePublished\":\"2021-12-17T06:00:09+00:00\",\"description\":\"Ein neuer Erfolgs-Impuls pr\u00e4sentiert drei Ideen, wie man sowohl sich selbst als auch das Team gl\u00fccklich bzw. noch gl\u00fccklicher macht.\",\"breadcrumb\":{\"@id\":\"https:\\\/\\\/www.organisator.ch\\\/management\\\/2021-12-17\\\/erfolgs-impuls-wie-gluecklich-sind-sie-als-leader\\\/#breadcrumb\"},\"inLanguage\":\"fr-FR\",\"potentialAction\":[{\"@type\":\"ReadAction\",\"target\":[\"https:\\\/\\\/www.organisator.ch\\\/management\\\/2021-12-17\\\/erfolgs-impuls-wie-gluecklich-sind-sie-als-leader\\\/\"]}]},{\"@type\":\"ImageObject\",\"inLanguage\":\"fr-FR\",\"@id\":\"https:\\\/\\\/www.organisator.ch\\\/management\\\/2021-12-17\\\/erfolgs-impuls-wie-gluecklich-sind-sie-als-leader\\\/#primaryimage\",\"url\":\"https:\\\/\\\/www.organisator.ch\\\/wp-content\\\/uploads\\\/2021\\\/12\\\/Erfolgs-Impuls-Wie-gluecklich-sind-Sie-als-Leader_Organisator.jpg\",\"contentUrl\":\"https:\\\/\\\/www.organisator.ch\\\/wp-content\\\/uploads\\\/2021\\\/12\\\/Erfolgs-Impuls-Wie-gluecklich-sind-Sie-als-Leader_Organisator.jpg\",\"width\":680,\"height\":453,\"caption\":\"Die Frage gilt nicht nur an Weihnachten: Sind Sie gl\u00fccklich mit dem, was Sie tun? (Bild: Pixabay.com)\"},{\"@type\":\"BreadcrumbList\",\"@id\":\"https:\\\/\\\/www.organisator.ch\\\/management\\\/2021-12-17\\\/erfolgs-impuls-wie-gluecklich-sind-sie-als-leader\\\/#breadcrumb\",\"itemListElement\":[{\"@type\":\"ListItem\",\"position\":1,\"name\":\"Home\",\"item\":\"https:\\\/\\\/www.organisator.ch\\\/\"},{\"@type\":\"ListItem\",\"position\":2,\"name\":\"Erfolgs-Impuls: Wie gl\u00fccklich sind Sie als Leader?\"}]},{\"@type\":\"WebSite\",\"@id\":\"https:\\\/\\\/www.organisator.ch\\\/#website\",\"url\":\"https:\\\/\\\/www.organisator.ch\\\/\",\"name\":\"Organisator\",\"description\":\"Kompetent. Praxisnah. Der ORGANISATOR bereitet in 10 Ausgaben pro Jahr die wesentlichen Themen f\u00fcr F\u00fchrungskr\u00e4fte von KMU auf.\",\"publisher\":{\"@id\":\"https:\\\/\\\/www.organisator.ch\\\/#organization\"},\"potentialAction\":[{\"@type\":\"SearchAction\",\"target\":{\"@type\":\"EntryPoint\",\"urlTemplate\":\"https:\\\/\\\/www.organisator.ch\\\/?s={search_term_string}\"},\"query-input\":{\"@type\":\"PropertyValueSpecification\",\"valueRequired\":true,\"valueName\":\"search_term_string\"}}],\"inLanguage\":\"fr-FR\"},{\"@type\":\"Organization\",\"@id\":\"https:\\\/\\\/www.organisator.ch\\\/#organization\",\"name\":\"Organisator\",\"url\":\"https:\\\/\\\/www.organisator.ch\\\/\",\"logo\":{\"@type\":\"ImageObject\",\"inLanguage\":\"fr-FR\",\"@id\":\"https:\\\/\\\/www.organisator.ch\\\/#\\\/schema\\\/logo\\\/image\\\/\",\"url\":\"https:\\\/\\\/www.organisator.ch\\\/wp-content\\\/uploads\\\/2022\\\/01\\\/Logo_Organisator_Website.png\",\"contentUrl\":\"https:\\\/\\\/www.organisator.ch\\\/wp-content\\\/uploads\\\/2022\\\/01\\\/Logo_Organisator_Website.png\",\"width\":800,\"height\":77,\"caption\":\"Organisator\"},\"image\":{\"@id\":\"https:\\\/\\\/www.organisator.ch\\\/#\\\/schema\\\/logo\\\/image\\\/\"},\"sameAs\":[\"https:\\\/\\\/www.facebook.com\\\/OrganisatorFachmagazin\",\"https:\\\/\\\/www.linkedin.com\\\/showcase\\\/organisator-das-magazin-fr-kmu\",\"https:\\\/\\\/www.xing.com\\\/news\\\/pages\\\/organisator-ch-695\",\"https:\\\/\\\/www.youtube.com\\\/channel\\\/UCGP2Sq0iWaZwT3BdIAQFYpw\"]},{\"@type\":\"Person\",\"@id\":\"https:\\\/\\\/www.organisator.ch\\\/#\\\/schema\\\/person\\\/6f650f90b2842cd4c0cc334b4e36f67e\",\"name\":\"thomas.berner\",\"image\":{\"@type\":\"ImageObject\",\"inLanguage\":\"fr-FR\",\"@id\":\"https:\\\/\\\/secure.gravatar.com\\\/avatar\\\/ac5001d2a36cb6c6cd3e50789007ffca834b477b74a2144564522e944eabff61?s=96&d=mm&r=g\",\"url\":\"https:\\\/\\\/secure.gravatar.com\\\/avatar\\\/ac5001d2a36cb6c6cd3e50789007ffca834b477b74a2144564522e944eabff61?s=96&d=mm&r=g\",\"contentUrl\":\"https:\\\/\\\/secure.gravatar.com\\\/avatar\\\/ac5001d2a36cb6c6cd3e50789007ffca834b477b74a2144564522e944eabff61?s=96&d=mm&r=g\",\"caption\":\"thomas.berner\"},\"url\":\"https:\\\/\\\/www.organisator.ch\\\/fr\\\/author\\\/thomas-berner\\\/\"}]}<\/script>\n<!-- \/ Yoast SEO plugin. -->","yoast_head_json":{"title":"Impulsion du succ\u00e8s : \u00e0 quel point \u00eates-vous heureux en tant que leader ? - Organisateur","description":"Une nouvelle impulsion pour le succ\u00e8s pr\u00e9sente trois id\u00e9es pour se rendre soi-m\u00eame et son \u00e9quipe heureux ou encore plus heureux.","robots":{"index":"index","follow":"follow","max-snippet":"max-snippet:-1","max-image-preview":"max-image-preview:large","max-video-preview":"max-video-preview:-1"},"canonical":"https:\/\/www.organisator.ch\/fr\/gestion-2\/2021-12-17\/impulsion-au-succes-comment-vous-etes-heureux-en-chef\/","og_locale":"fr_FR","og_type":"article","og_title":"Erfolgs-Impuls: Wie gl\u00fccklich sind Sie als Leader?","og_description":"Ein neuer Erfolgs-Impuls pr\u00e4sentiert drei Ideen, wie man sowohl sich selbst als auch das Team gl\u00fccklich bzw. noch gl\u00fccklicher macht.","og_url":"https:\/\/www.organisator.ch\/fr\/gestion-2\/2021-12-17\/impulsion-au-succes-comment-vous-etes-heureux-en-chef\/","og_site_name":"Organisator","article_publisher":"https:\/\/www.facebook.com\/OrganisatorFachmagazin","article_published_time":"2021-12-17T06:00:09+00:00","og_image":[{"width":654,"height":370,"url":"https:\/\/www.organisator.ch\/wp-content\/uploads\/2021\/08\/organisator_1955_7.png","type":"image\/png"}],"author":"thomas.berner","twitter_card":"summary_large_image","twitter_title":"#Erfolgs-Impuls: Wie #gl\u00fccklich sind Sie als Leader?","twitter_description":"Ein neuer #Erfolgs-Impuls pr\u00e4sentiert drei Ideen, wie man sowohl sich selbst als auch das #Team #gl\u00fccklich bzw. noch gl\u00fccklicher macht.","twitter_image":"https:\/\/www.organisator.ch\/wp-content\/uploads\/2021\/08\/organisator_1955_7.png","schema":{"@context":"https:\/\/schema.org","@graph":[{"@type":"Article","@id":"https:\/\/www.organisator.ch\/management\/2021-12-17\/erfolgs-impuls-wie-gluecklich-sind-sie-als-leader\/#article","isPartOf":{"@id":"https:\/\/www.organisator.ch\/management\/2021-12-17\/erfolgs-impuls-wie-gluecklich-sind-sie-als-leader\/"},"author":{"name":"thomas.berner","@id":"https:\/\/www.organisator.ch\/#\/schema\/person\/6f650f90b2842cd4c0cc334b4e36f67e"},"headline":"Erfolgs-Impuls: Wie gl\u00fccklich sind Sie als Leader?","datePublished":"2021-12-17T06:00:09+00:00","mainEntityOfPage":{"@id":"https:\/\/www.organisator.ch\/management\/2021-12-17\/erfolgs-impuls-wie-gluecklich-sind-sie-als-leader\/"},"wordCount":475,"publisher":{"@id":"https:\/\/www.organisator.ch\/#organization"},"image":{"@id":"https:\/\/www.organisator.ch\/management\/2021-12-17\/erfolgs-impuls-wie-gluecklich-sind-sie-als-leader\/#primaryimage"},"thumbnailUrl":"https:\/\/www.organisator.ch\/wp-content\/uploads\/2021\/12\/Erfolgs-Impuls-Wie-gluecklich-sind-Sie-als-Leader_Organisator.jpg","keywords":["Checklisten","Erfolgs-Impuls","Management und Unternehmensf\u00fchrung"],"articleSection":["MANAGEMENT"],"inLanguage":"fr-FR"},{"@type":"WebPage","@id":"https:\/\/www.organisator.ch\/management\/2021-12-17\/erfolgs-impuls-wie-gluecklich-sind-sie-als-leader\/","url":"https:\/\/www.organisator.ch\/management\/2021-12-17\/erfolgs-impuls-wie-gluecklich-sind-sie-als-leader\/","name":"Impulsion du succ\u00e8s : \u00e0 quel point \u00eates-vous heureux en tant que leader ? - Organisateur","isPartOf":{"@id":"https:\/\/www.organisator.ch\/#website"},"primaryImageOfPage":{"@id":"https:\/\/www.organisator.ch\/management\/2021-12-17\/erfolgs-impuls-wie-gluecklich-sind-sie-als-leader\/#primaryimage"},"image":{"@id":"https:\/\/www.organisator.ch\/management\/2021-12-17\/erfolgs-impuls-wie-gluecklich-sind-sie-als-leader\/#primaryimage"},"thumbnailUrl":"https:\/\/www.organisator.ch\/wp-content\/uploads\/2021\/12\/Erfolgs-Impuls-Wie-gluecklich-sind-Sie-als-Leader_Organisator.jpg","datePublished":"2021-12-17T06:00:09+00:00","description":"Une nouvelle impulsion pour le succ\u00e8s pr\u00e9sente trois id\u00e9es pour se rendre soi-m\u00eame et son \u00e9quipe heureux ou encore plus heureux.","breadcrumb":{"@id":"https:\/\/www.organisator.ch\/management\/2021-12-17\/erfolgs-impuls-wie-gluecklich-sind-sie-als-leader\/#breadcrumb"},"inLanguage":"fr-FR","potentialAction":[{"@type":"ReadAction","target":["https:\/\/www.organisator.ch\/management\/2021-12-17\/erfolgs-impuls-wie-gluecklich-sind-sie-als-leader\/"]}]},{"@type":"ImageObject","inLanguage":"fr-FR","@id":"https:\/\/www.organisator.ch\/management\/2021-12-17\/erfolgs-impuls-wie-gluecklich-sind-sie-als-leader\/#primaryimage","url":"https:\/\/www.organisator.ch\/wp-content\/uploads\/2021\/12\/Erfolgs-Impuls-Wie-gluecklich-sind-Sie-als-Leader_Organisator.jpg","contentUrl":"https:\/\/www.organisator.ch\/wp-content\/uploads\/2021\/12\/Erfolgs-Impuls-Wie-gluecklich-sind-Sie-als-Leader_Organisator.jpg","width":680,"height":453,"caption":"Die Frage gilt nicht nur an Weihnachten: Sind Sie gl\u00fccklich mit dem, was Sie tun? (Bild: Pixabay.com)"},{"@type":"BreadcrumbList","@id":"https:\/\/www.organisator.ch\/management\/2021-12-17\/erfolgs-impuls-wie-gluecklich-sind-sie-als-leader\/#breadcrumb","itemListElement":[{"@type":"ListItem","position":1,"name":"Home","item":"https:\/\/www.organisator.ch\/"},{"@type":"ListItem","position":2,"name":"Erfolgs-Impuls: Wie gl\u00fccklich sind Sie als Leader?"}]},{"@type":"WebSite","@id":"https:\/\/www.organisator.ch\/#website","url":"https:\/\/www.organisator.ch\/","name":"Organisateur","description":"Comp\u00e9tence et comp\u00e9tence. Proches de la pratique. L'ORGANISATEUR pr\u00e9pare 10 num\u00e9ros par an sur les th\u00e8mes essentiels pour les dirigeants de PME.","publisher":{"@id":"https:\/\/www.organisator.ch\/#organization"},"potentialAction":[{"@type":"SearchAction","target":{"@type":"EntryPoint","urlTemplate":"https:\/\/www.organisator.ch\/?s={search_term_string}"},"query-input":{"@type":"PropertyValueSpecification","valueRequired":true,"valueName":"search_term_string"}}],"inLanguage":"fr-FR"},{"@type":"Organization","@id":"https:\/\/www.organisator.ch\/#organization","name":"Organisateur","url":"https:\/\/www.organisator.ch\/","logo":{"@type":"ImageObject","inLanguage":"fr-FR","@id":"https:\/\/www.organisator.ch\/#\/schema\/logo\/image\/","url":"https:\/\/www.organisator.ch\/wp-content\/uploads\/2022\/01\/Logo_Organisator_Website.png","contentUrl":"https:\/\/www.organisator.ch\/wp-content\/uploads\/2022\/01\/Logo_Organisator_Website.png","width":800,"height":77,"caption":"Organisator"},"image":{"@id":"https:\/\/www.organisator.ch\/#\/schema\/logo\/image\/"},"sameAs":["https:\/\/www.facebook.com\/OrganisatorFachmagazin","https:\/\/www.linkedin.com\/showcase\/organisator-das-magazin-fr-kmu","https:\/\/www.xing.com\/news\/pages\/organisator-ch-695","https:\/\/www.youtube.com\/channel\/UCGP2Sq0iWaZwT3BdIAQFYpw"]},{"@type":"Person","@id":"https:\/\/www.organisator.ch\/#\/schema\/person\/6f650f90b2842cd4c0cc334b4e36f67e","name":"thomas.berner","image":{"@type":"ImageObject","inLanguage":"fr-FR","@id":"https:\/\/secure.gravatar.com\/avatar\/ac5001d2a36cb6c6cd3e50789007ffca834b477b74a2144564522e944eabff61?s=96&d=mm&r=g","url":"https:\/\/secure.gravatar.com\/avatar\/ac5001d2a36cb6c6cd3e50789007ffca834b477b74a2144564522e944eabff61?s=96&d=mm&r=g","contentUrl":"https:\/\/secure.gravatar.com\/avatar\/ac5001d2a36cb6c6cd3e50789007ffca834b477b74a2144564522e944eabff61?s=96&d=mm&r=g","caption":"thomas.berner"},"url":"https:\/\/www.organisator.ch\/fr\/author\/thomas-berner\/"}]}},"_links":{"self":[{"href":"https:\/\/www.organisator.ch\/fr\/wp-json\/wp\/v2\/posts\/11800","targetHints":{"allow":["GET"]}}],"collection":[{"href":"https:\/\/www.organisator.ch\/fr\/wp-json\/wp\/v2\/posts"}],"about":[{"href":"https:\/\/www.organisator.ch\/fr\/wp-json\/wp\/v2\/types\/post"}],"author":[{"embeddable":true,"href":"https:\/\/www.organisator.ch\/fr\/wp-json\/wp\/v2\/users\/4"}],"replies":[{"embeddable":true,"href":"https:\/\/www.organisator.ch\/fr\/wp-json\/wp\/v2\/comments?post=11800"}],"version-history":[{"count":0,"href":"https:\/\/www.organisator.ch\/fr\/wp-json\/wp\/v2\/posts\/11800\/revisions"}],"wp:featuredmedia":[{"embeddable":true,"href":"https:\/\/www.organisator.ch\/fr\/wp-json\/wp\/v2\/media\/11604"}],"wp:attachment":[{"href":"https:\/\/www.organisator.ch\/fr\/wp-json\/wp\/v2\/media?parent=11800"}],"wp:term":[{"taxonomy":"category","embeddable":true,"href":"https:\/\/www.organisator.ch\/fr\/wp-json\/wp\/v2\/categories?post=11800"},{"taxonomy":"post_tag","embeddable":true,"href":"https:\/\/www.organisator.ch\/fr\/wp-json\/wp\/v2\/tags?post=11800"}],"curies":[{"name":"wp","href":"https:\/\/api.w.org\/{rel}","templated":true}]}}