{"id":11801,"date":"2021-12-20T09:47:16","date_gmt":"2021-12-20T08:47:16","guid":{"rendered":"https:\/\/www.organisator.ch\/?p=9048"},"modified":"2021-12-20T09:47:16","modified_gmt":"2021-12-20T08:47:16","slug":"weihnachtsfeiern-fallen-in-unternehmen-aus-gefestet-wird-dafuer-anders","status":"publish","type":"post","link":"https:\/\/www.organisator.ch\/fr\/allgemein\/2021-12-20\/weihnachtsfeiern-fallen-in-unternehmen-aus-gefestet-wird-dafuer-anders\/","title":{"rendered":"Les f\u00eates de fin d'ann\u00e9e sont annul\u00e9es dans les entreprises - mais les c\u00e9l\u00e9brations sont diff\u00e9rentes"},"content":{"rendered":"<figure id=\"attachment_9049\" aria-describedby=\"caption-attachment-9049\" style=\"width: 680px\" class=\"wp-caption alignnone\"><a href=\"https:\/\/www.organisator.ch\/wp-content\/uploads\/2021\/12\/Weihnachtsfeiern-fallen-in-Unternehmen-aus-gefestet-wird-dafuer-anders_Organisator.jpg\"><img loading=\"lazy\" decoding=\"async\" class=\"size-medium wp-image-9049\" src=\"https:\/\/www.organisator.ch\/wp-content\/uploads\/2021\/12\/Weihnachtsfeiern-fallen-in-Unternehmen-aus-gefestet-wird-dafuer-anders_Organisator.jpg\" alt=\"\" width=\"680\" height=\"589\" \/><\/a><figcaption id=\"caption-attachment-9049\" class=\"wp-caption-text\">Les f\u00eates de No\u00ebl ont \u00e9t\u00e9 annul\u00e9es cette ann\u00e9e dans de nombreuses entreprises, mais les cadeaux de No\u00ebl sont tout de m\u00eame offerts. (Image : Unsplash.com)<\/figcaption><\/figure>\n<p>En d\u00e9cembre, les familles ne sont pas les seules \u00e0 organiser une f\u00eate de No\u00ebl, de nombreuses entreprises le font \u00e9galement. Pourtant, cet \u00e9v\u00e9nement souvent joyeux et attendu n'aura pas lieu cette ann\u00e9e dans la plupart des entreprises, comme le montre une r\u00e9cente enqu\u00eate de la plateforme d'emploi Indeed. Dans le cadre d'un sondage YouGov, l'entreprise a interrog\u00e9 378 managers en Suisse sur la f\u00eate de No\u00ebl dans leur propre entreprise.<\/p>\n<h2>Peu de f\u00eates de No\u00ebl virtuelles<\/h2>\n<p>52 % des managers* interrog\u00e9s ont d\u00e9clar\u00e9 que leur entreprise n'avait pas organis\u00e9 de f\u00eate de No\u00ebl cette ann\u00e9e. En revanche, 48 % des entreprises ont organis\u00e9 une f\u00eate avec leurs collaborateurs cette ann\u00e9e. Pour la plupart d'entre elles, la pr\u00e9sence \u00e9tait un crit\u00e8re important : 95 % des f\u00eates de No\u00ebl ont r\u00e9uni les collaborateurs en personne. Une comparaison avec l'Allemagne voisine montre que les d\u00e9veloppements actuels de la pand\u00e9mie Corona y ont eu une influence nettement plus importante sur la planification de No\u00ebl. Ainsi, 77 % des managers* interrog\u00e9s dans ce pays ont d\u00e9clar\u00e9 qu'il n'y avait pas eu de f\u00eate de No\u00ebl dans leur entreprise cette ann\u00e9e, principalement en raison de la pand\u00e9mie.<\/p>\n<p>Les f\u00eates de No\u00ebl qui ont eu lieu \u00e9taient principalement soumises \u00e0 diff\u00e9rentes conditions de Corona : dans 39% des cas, toute l'entreprise a pu f\u00eater ensemble, mais en respectant les r\u00e8gles 2G ou 2G+. En outre, 15% des entreprises ont f\u00eat\u00e9 en petites \u00e9quipes, et 12% ont suivi cette r\u00e9partition en respectant en plus les r\u00e8gles 2G. Au total, 4 % des entreprises interrog\u00e9es ont organis\u00e9 leur f\u00eate de No\u00ebl de mani\u00e8re virtuelle.<\/p>\n<h2>Surtout des annulations de derni\u00e8re minute des f\u00eates de No\u00ebl<\/h2>\n<p>Pour la moiti\u00e9 des entreprises qui n'ont pas organis\u00e9 de f\u00eate de No\u00ebl pour leurs collaborateurs cette ann\u00e9e, celle-ci a \u00e9t\u00e9 victime de la pand\u00e9mie actuelle : 43 pour cent des entreprises ont annul\u00e9 leurs f\u00eates de No\u00ebl d\u00e9j\u00e0 pr\u00e9vues en raison de la situation actuelle de Corona. 23 % n'ont m\u00eame pas pr\u00e9vu de f\u00eate de No\u00ebl en raison de la situation incertaine sur l'ensemble de l'ann\u00e9e. En outre, 19 % des cadres* ont indiqu\u00e9 que leur entreprise n'avait jamais organis\u00e9 de f\u00eate de No\u00ebl officielle, m\u00eame avant la pand\u00e9mie.<\/p>\n<h2>Voici comment les entreprises font plaisir \u00e0 leurs collaborateurs \u00e0 No\u00ebl<\/h2>\n<p>Plus de deux tiers des entreprises (69 %) offrent un petit cadeau \u00e0 leurs collaborateurs \u00e0 No\u00ebl. Les cadeaux culinaires, comme le chocolat ou une bouteille de vin, sont particuli\u00e8rement appr\u00e9ci\u00e9s : 19 % des entreprises les offrent \u00e0 leurs collaborateurs \u00e0 No\u00ebl. Les bons d'achat et les cadeaux physiques sont \u00e9galement tr\u00e8s appr\u00e9ci\u00e9s, avec une proportion de 16 % chacun. Onze autres pour cent font plaisir \u00e0 leurs employ\u00e9s en leur offrant une somme d'argent qui n'est pas un 13e salaire. Au total, 29 % des managers* indiquent que leurs collaborateurs ne re\u00e7oivent pas de cadeaux \u00e0 No\u00ebl.<\/p>\n<p><em>Source : <a href=\"https:\/\/ch.indeed.com\/\">Indeed<\/a><\/em><\/p>","protected":false},"excerpt":{"rendered":"<p>Im Dezember veranstalten nicht nur Familien, sondern in der Regel auch viele Unternehmen eine Weihnachtsfeier. Doch dieses oftmals feuchtfr\u00f6hliche sowie herbeigesehnte Event f\u00e4llt in diesem Jahr in den meisten Unternehmen aus, wie eine aktuelle Umfrage der Jobplattform Indeed zeigt. Daf\u00fcr befragte das Unternehmen in einer YouGov-Befragung 378 Manager in der Schweiz zur Weihnachtsfeier im eigenen [&hellip;]<\/p>\n","protected":false},"author":4,"featured_media":11606,"comment_status":"closed","ping_status":"closed","sticky":false,"template":"","format":"standard","meta":{"_acf_changed":false,"_yoast_wpseo_focuskw":"Weihnachtsfeiern","_yoast_wpseo_metadesc":"Auch wenn die Weihnachtsfeiern in jedem zweiten Unternehmen ausfallen, finden sich andere Anl\u00e4sse, um ein Firmenfest steigen zu lassen.","articlekey":"","footnotes":""},"categories":[1],"tags":[2681,208,335,2706],"class_list":["post-11801","post","type-post","status-publish","format-standard","has-post-thumbnail","hentry","category-allgemein","tag-firmenanlaesse","tag-fit-im-job","tag-management-und-unternehmensfuehrung","tag-weihnachten"],"acf":[],"yoast_head":"<!-- This site is optimized with the Yoast SEO plugin v27.5 - https:\/\/yoast.com\/product\/yoast-seo-wordpress\/ -->\n<title>Weihnachtsfeiern fallen in Unternehmen aus - gefestet wird daf\u00fcr anders - Organisator<\/title>\n<meta name=\"description\" content=\"Auch wenn die Weihnachtsfeiern in jedem zweiten Unternehmen ausfallen, finden sich andere Anl\u00e4sse, um ein Firmenfest steigen zu lassen.\" \/>\n<meta name=\"robots\" content=\"index, follow, max-snippet:-1, max-image-preview:large, max-video-preview:-1\" \/>\n<link rel=\"canonical\" href=\"https:\/\/www.organisator.ch\/fr\/general\/2021-12-20\/weihnachtsfeiern-fallen-in-unternehmen-aus-gefestet-wird-dafuer-anders\/\" \/>\n<meta property=\"og:locale\" content=\"fr_FR\" \/>\n<meta property=\"og:type\" content=\"article\" \/>\n<meta property=\"og:title\" content=\"Weihnachtsfeiern fallen in Unternehmen aus - gefestet wird daf\u00fcr anders\" \/>\n<meta property=\"og:description\" content=\"Auch wenn die Weihnachtsfeiern in jedem zweiten Unternehmen ausfallen, finden sich andere Anl\u00e4sse, um ein Firmenfest steigen zu lassen.\" \/>\n<meta property=\"og:url\" content=\"https:\/\/www.organisator.ch\/fr\/general\/2021-12-20\/weihnachtsfeiern-fallen-in-unternehmen-aus-gefestet-wird-dafuer-anders\/\" \/>\n<meta property=\"og:site_name\" content=\"Organisator\" \/>\n<meta property=\"article:publisher\" content=\"https:\/\/www.facebook.com\/OrganisatorFachmagazin\" \/>\n<meta property=\"article:published_time\" content=\"2021-12-20T08:47:16+00:00\" \/>\n<meta property=\"og:image\" content=\"https:\/\/www.organisator.ch\/wp-content\/uploads\/2021\/08\/organisator_1955_4.png\" \/>\n\t<meta property=\"og:image:width\" content=\"654\" \/>\n\t<meta property=\"og:image:height\" content=\"370\" \/>\n\t<meta property=\"og:image:type\" content=\"image\/png\" \/>\n<meta name=\"author\" content=\"thomas.berner\" \/>\n<meta name=\"twitter:card\" content=\"summary_large_image\" \/>\n<meta name=\"twitter:title\" content=\"#Weihnachtsfeiern fallen in Unternehmen aus - gefestet wird daf\u00fcr anders\" \/>\n<meta name=\"twitter:description\" content=\"Auch wenn die #Weihnachtsfeiern in jedem zweiten Unternehmen ausfallen, finden sich andere Anl\u00e4sse, um ein #Firmenfest steigen zu lassen.\" \/>\n<meta name=\"twitter:image\" content=\"https:\/\/www.organisator.ch\/wp-content\/uploads\/2021\/08\/organisator_1955_4.png\" \/>\n<script type=\"application\/ld+json\" class=\"yoast-schema-graph\">{\"@context\":\"https:\\\/\\\/schema.org\",\"@graph\":[{\"@type\":\"Article\",\"@id\":\"https:\\\/\\\/www.organisator.ch\\\/fr\\\/general\\\/2021-12-20\\\/weihnachtsfeiern-fallen-in-unternehmen-aus-gefestet-wird-dafuer-anders\\\/#article\",\"isPartOf\":{\"@id\":\"https:\\\/\\\/www.organisator.ch\\\/fr\\\/general\\\/2021-12-20\\\/weihnachtsfeiern-fallen-in-unternehmen-aus-gefestet-wird-dafuer-anders\\\/\"},\"author\":{\"name\":\"thomas.berner\",\"@id\":\"https:\\\/\\\/www.organisator.ch\\\/#\\\/schema\\\/person\\\/6f650f90b2842cd4c0cc334b4e36f67e\"},\"headline\":\"Weihnachtsfeiern fallen in Unternehmen aus &#8211; gefestet wird daf\u00fcr anders\",\"datePublished\":\"2021-12-20T08:47:16+00:00\",\"mainEntityOfPage\":{\"@id\":\"https:\\\/\\\/www.organisator.ch\\\/fr\\\/general\\\/2021-12-20\\\/weihnachtsfeiern-fallen-in-unternehmen-aus-gefestet-wird-dafuer-anders\\\/\"},\"wordCount\":429,\"publisher\":{\"@id\":\"https:\\\/\\\/www.organisator.ch\\\/#organization\"},\"image\":{\"@id\":\"https:\\\/\\\/www.organisator.ch\\\/fr\\\/general\\\/2021-12-20\\\/weihnachtsfeiern-fallen-in-unternehmen-aus-gefestet-wird-dafuer-anders\\\/#primaryimage\"},\"thumbnailUrl\":\"https:\\\/\\\/www.organisator.ch\\\/wp-content\\\/uploads\\\/2021\\\/12\\\/Weihnachtsfeiern-fallen-in-Unternehmen-aus-gefestet-wird-dafuer-anders_Organisator.jpg\",\"keywords\":[\"Firmenanl\u00e4sse\",\"Fit im Job\",\"Management und Unternehmensf\u00fchrung\",\"Weihnachten\"],\"articleSection\":[\"Allgemein\"],\"inLanguage\":\"fr-FR\"},{\"@type\":\"WebPage\",\"@id\":\"https:\\\/\\\/www.organisator.ch\\\/fr\\\/general\\\/2021-12-20\\\/weihnachtsfeiern-fallen-in-unternehmen-aus-gefestet-wird-dafuer-anders\\\/\",\"url\":\"https:\\\/\\\/www.organisator.ch\\\/fr\\\/general\\\/2021-12-20\\\/weihnachtsfeiern-fallen-in-unternehmen-aus-gefestet-wird-dafuer-anders\\\/\",\"name\":\"Weihnachtsfeiern fallen in Unternehmen aus - gefestet wird daf\u00fcr anders - Organisator\",\"isPartOf\":{\"@id\":\"https:\\\/\\\/www.organisator.ch\\\/#website\"},\"primaryImageOfPage\":{\"@id\":\"https:\\\/\\\/www.organisator.ch\\\/fr\\\/general\\\/2021-12-20\\\/weihnachtsfeiern-fallen-in-unternehmen-aus-gefestet-wird-dafuer-anders\\\/#primaryimage\"},\"image\":{\"@id\":\"https:\\\/\\\/www.organisator.ch\\\/fr\\\/general\\\/2021-12-20\\\/weihnachtsfeiern-fallen-in-unternehmen-aus-gefestet-wird-dafuer-anders\\\/#primaryimage\"},\"thumbnailUrl\":\"https:\\\/\\\/www.organisator.ch\\\/wp-content\\\/uploads\\\/2021\\\/12\\\/Weihnachtsfeiern-fallen-in-Unternehmen-aus-gefestet-wird-dafuer-anders_Organisator.jpg\",\"datePublished\":\"2021-12-20T08:47:16+00:00\",\"description\":\"Auch wenn die Weihnachtsfeiern in jedem zweiten Unternehmen ausfallen, finden sich andere Anl\u00e4sse, um ein Firmenfest steigen zu lassen.\",\"breadcrumb\":{\"@id\":\"https:\\\/\\\/www.organisator.ch\\\/fr\\\/general\\\/2021-12-20\\\/weihnachtsfeiern-fallen-in-unternehmen-aus-gefestet-wird-dafuer-anders\\\/#breadcrumb\"},\"inLanguage\":\"fr-FR\",\"potentialAction\":[{\"@type\":\"ReadAction\",\"target\":[\"https:\\\/\\\/www.organisator.ch\\\/fr\\\/general\\\/2021-12-20\\\/weihnachtsfeiern-fallen-in-unternehmen-aus-gefestet-wird-dafuer-anders\\\/\"]}]},{\"@type\":\"ImageObject\",\"inLanguage\":\"fr-FR\",\"@id\":\"https:\\\/\\\/www.organisator.ch\\\/fr\\\/general\\\/2021-12-20\\\/weihnachtsfeiern-fallen-in-unternehmen-aus-gefestet-wird-dafuer-anders\\\/#primaryimage\",\"url\":\"https:\\\/\\\/www.organisator.ch\\\/wp-content\\\/uploads\\\/2021\\\/12\\\/Weihnachtsfeiern-fallen-in-Unternehmen-aus-gefestet-wird-dafuer-anders_Organisator.jpg\",\"contentUrl\":\"https:\\\/\\\/www.organisator.ch\\\/wp-content\\\/uploads\\\/2021\\\/12\\\/Weihnachtsfeiern-fallen-in-Unternehmen-aus-gefestet-wird-dafuer-anders_Organisator.jpg\",\"width\":680,\"height\":589,\"caption\":\"Weihnachtsfeiern sind dieses Jahr in vielen Unternehmen ausgefallen... (Bild: Unsplash.com)\"},{\"@type\":\"BreadcrumbList\",\"@id\":\"https:\\\/\\\/www.organisator.ch\\\/fr\\\/general\\\/2021-12-20\\\/weihnachtsfeiern-fallen-in-unternehmen-aus-gefestet-wird-dafuer-anders\\\/#breadcrumb\",\"itemListElement\":[{\"@type\":\"ListItem\",\"position\":1,\"name\":\"Home\",\"item\":\"https:\\\/\\\/www.organisator.ch\\\/\"},{\"@type\":\"ListItem\",\"position\":2,\"name\":\"Weihnachtsfeiern fallen in Unternehmen aus &#8211; gefestet wird daf\u00fcr anders\"}]},{\"@type\":\"WebSite\",\"@id\":\"https:\\\/\\\/www.organisator.ch\\\/#website\",\"url\":\"https:\\\/\\\/www.organisator.ch\\\/\",\"name\":\"Organisator\",\"description\":\"Kompetent. Praxisnah. Der ORGANISATOR bereitet in 10 Ausgaben pro Jahr die wesentlichen Themen f\u00fcr F\u00fchrungskr\u00e4fte von KMU auf.\",\"publisher\":{\"@id\":\"https:\\\/\\\/www.organisator.ch\\\/#organization\"},\"potentialAction\":[{\"@type\":\"SearchAction\",\"target\":{\"@type\":\"EntryPoint\",\"urlTemplate\":\"https:\\\/\\\/www.organisator.ch\\\/?s={search_term_string}\"},\"query-input\":{\"@type\":\"PropertyValueSpecification\",\"valueRequired\":true,\"valueName\":\"search_term_string\"}}],\"inLanguage\":\"fr-FR\"},{\"@type\":\"Organization\",\"@id\":\"https:\\\/\\\/www.organisator.ch\\\/#organization\",\"name\":\"Organisator\",\"url\":\"https:\\\/\\\/www.organisator.ch\\\/\",\"logo\":{\"@type\":\"ImageObject\",\"inLanguage\":\"fr-FR\",\"@id\":\"https:\\\/\\\/www.organisator.ch\\\/#\\\/schema\\\/logo\\\/image\\\/\",\"url\":\"https:\\\/\\\/www.organisator.ch\\\/wp-content\\\/uploads\\\/2022\\\/01\\\/Logo_Organisator_Website.png\",\"contentUrl\":\"https:\\\/\\\/www.organisator.ch\\\/wp-content\\\/uploads\\\/2022\\\/01\\\/Logo_Organisator_Website.png\",\"width\":800,\"height\":77,\"caption\":\"Organisator\"},\"image\":{\"@id\":\"https:\\\/\\\/www.organisator.ch\\\/#\\\/schema\\\/logo\\\/image\\\/\"},\"sameAs\":[\"https:\\\/\\\/www.facebook.com\\\/OrganisatorFachmagazin\",\"https:\\\/\\\/www.linkedin.com\\\/showcase\\\/organisator-das-magazin-fr-kmu\",\"https:\\\/\\\/www.xing.com\\\/news\\\/pages\\\/organisator-ch-695\",\"https:\\\/\\\/www.youtube.com\\\/channel\\\/UCGP2Sq0iWaZwT3BdIAQFYpw\"]},{\"@type\":\"Person\",\"@id\":\"https:\\\/\\\/www.organisator.ch\\\/#\\\/schema\\\/person\\\/6f650f90b2842cd4c0cc334b4e36f67e\",\"name\":\"thomas.berner\",\"image\":{\"@type\":\"ImageObject\",\"inLanguage\":\"fr-FR\",\"@id\":\"https:\\\/\\\/secure.gravatar.com\\\/avatar\\\/ac5001d2a36cb6c6cd3e50789007ffca834b477b74a2144564522e944eabff61?s=96&d=mm&r=g\",\"url\":\"https:\\\/\\\/secure.gravatar.com\\\/avatar\\\/ac5001d2a36cb6c6cd3e50789007ffca834b477b74a2144564522e944eabff61?s=96&d=mm&r=g\",\"contentUrl\":\"https:\\\/\\\/secure.gravatar.com\\\/avatar\\\/ac5001d2a36cb6c6cd3e50789007ffca834b477b74a2144564522e944eabff61?s=96&d=mm&r=g\",\"caption\":\"thomas.berner\"},\"url\":\"https:\\\/\\\/www.organisator.ch\\\/fr\\\/author\\\/thomas-berner\\\/\"}]}<\/script>\n<!-- \/ Yoast SEO plugin. -->","yoast_head_json":{"title":"Les f\u00eates de fin d'ann\u00e9e ne sont pas organis\u00e9es dans les entreprises - Organisateur","description":"M\u00eame si les f\u00eates de No\u00ebl sont annul\u00e9es dans une entreprise sur deux, on trouve d'autres occasions pour organiser une f\u00eate d'entreprise.","robots":{"index":"index","follow":"follow","max-snippet":"max-snippet:-1","max-image-preview":"max-image-preview:large","max-video-preview":"max-video-preview:-1"},"canonical":"https:\/\/www.organisator.ch\/fr\/general\/2021-12-20\/weihnachtsfeiern-fallen-in-unternehmen-aus-gefestet-wird-dafuer-anders\/","og_locale":"fr_FR","og_type":"article","og_title":"Weihnachtsfeiern fallen in Unternehmen aus - gefestet wird daf\u00fcr anders","og_description":"Auch wenn die Weihnachtsfeiern in jedem zweiten Unternehmen ausfallen, finden sich andere Anl\u00e4sse, um ein Firmenfest steigen zu lassen.","og_url":"https:\/\/www.organisator.ch\/fr\/general\/2021-12-20\/weihnachtsfeiern-fallen-in-unternehmen-aus-gefestet-wird-dafuer-anders\/","og_site_name":"Organisator","article_publisher":"https:\/\/www.facebook.com\/OrganisatorFachmagazin","article_published_time":"2021-12-20T08:47:16+00:00","og_image":[{"width":654,"height":370,"url":"https:\/\/www.organisator.ch\/wp-content\/uploads\/2021\/08\/organisator_1955_4.png","type":"image\/png"}],"author":"thomas.berner","twitter_card":"summary_large_image","twitter_title":"#Weihnachtsfeiern fallen in Unternehmen aus - gefestet wird daf\u00fcr anders","twitter_description":"Auch wenn die #Weihnachtsfeiern in jedem zweiten Unternehmen ausfallen, finden sich andere Anl\u00e4sse, um ein #Firmenfest steigen zu lassen.","twitter_image":"https:\/\/www.organisator.ch\/wp-content\/uploads\/2021\/08\/organisator_1955_4.png","schema":{"@context":"https:\/\/schema.org","@graph":[{"@type":"Article","@id":"https:\/\/www.organisator.ch\/fr\/general\/2021-12-20\/weihnachtsfeiern-fallen-in-unternehmen-aus-gefestet-wird-dafuer-anders\/#article","isPartOf":{"@id":"https:\/\/www.organisator.ch\/fr\/general\/2021-12-20\/weihnachtsfeiern-fallen-in-unternehmen-aus-gefestet-wird-dafuer-anders\/"},"author":{"name":"thomas.berner","@id":"https:\/\/www.organisator.ch\/#\/schema\/person\/6f650f90b2842cd4c0cc334b4e36f67e"},"headline":"Weihnachtsfeiern fallen in Unternehmen aus &#8211; gefestet wird daf\u00fcr anders","datePublished":"2021-12-20T08:47:16+00:00","mainEntityOfPage":{"@id":"https:\/\/www.organisator.ch\/fr\/general\/2021-12-20\/weihnachtsfeiern-fallen-in-unternehmen-aus-gefestet-wird-dafuer-anders\/"},"wordCount":429,"publisher":{"@id":"https:\/\/www.organisator.ch\/#organization"},"image":{"@id":"https:\/\/www.organisator.ch\/fr\/general\/2021-12-20\/weihnachtsfeiern-fallen-in-unternehmen-aus-gefestet-wird-dafuer-anders\/#primaryimage"},"thumbnailUrl":"https:\/\/www.organisator.ch\/wp-content\/uploads\/2021\/12\/Weihnachtsfeiern-fallen-in-Unternehmen-aus-gefestet-wird-dafuer-anders_Organisator.jpg","keywords":["Firmenanl\u00e4sse","Fit im Job","Management und Unternehmensf\u00fchrung","Weihnachten"],"articleSection":["Allgemein"],"inLanguage":"fr-FR"},{"@type":"WebPage","@id":"https:\/\/www.organisator.ch\/fr\/general\/2021-12-20\/weihnachtsfeiern-fallen-in-unternehmen-aus-gefestet-wird-dafuer-anders\/","url":"https:\/\/www.organisator.ch\/fr\/general\/2021-12-20\/weihnachtsfeiern-fallen-in-unternehmen-aus-gefestet-wird-dafuer-anders\/","name":"Les f\u00eates de fin d'ann\u00e9e ne sont pas organis\u00e9es dans les entreprises - Organisateur","isPartOf":{"@id":"https:\/\/www.organisator.ch\/#website"},"primaryImageOfPage":{"@id":"https:\/\/www.organisator.ch\/fr\/general\/2021-12-20\/weihnachtsfeiern-fallen-in-unternehmen-aus-gefestet-wird-dafuer-anders\/#primaryimage"},"image":{"@id":"https:\/\/www.organisator.ch\/fr\/general\/2021-12-20\/weihnachtsfeiern-fallen-in-unternehmen-aus-gefestet-wird-dafuer-anders\/#primaryimage"},"thumbnailUrl":"https:\/\/www.organisator.ch\/wp-content\/uploads\/2021\/12\/Weihnachtsfeiern-fallen-in-Unternehmen-aus-gefestet-wird-dafuer-anders_Organisator.jpg","datePublished":"2021-12-20T08:47:16+00:00","description":"M\u00eame si les f\u00eates de No\u00ebl sont annul\u00e9es dans une entreprise sur deux, on trouve d'autres occasions pour organiser une f\u00eate d'entreprise.","breadcrumb":{"@id":"https:\/\/www.organisator.ch\/fr\/general\/2021-12-20\/weihnachtsfeiern-fallen-in-unternehmen-aus-gefestet-wird-dafuer-anders\/#breadcrumb"},"inLanguage":"fr-FR","potentialAction":[{"@type":"ReadAction","target":["https:\/\/www.organisator.ch\/fr\/general\/2021-12-20\/weihnachtsfeiern-fallen-in-unternehmen-aus-gefestet-wird-dafuer-anders\/"]}]},{"@type":"ImageObject","inLanguage":"fr-FR","@id":"https:\/\/www.organisator.ch\/fr\/general\/2021-12-20\/weihnachtsfeiern-fallen-in-unternehmen-aus-gefestet-wird-dafuer-anders\/#primaryimage","url":"https:\/\/www.organisator.ch\/wp-content\/uploads\/2021\/12\/Weihnachtsfeiern-fallen-in-Unternehmen-aus-gefestet-wird-dafuer-anders_Organisator.jpg","contentUrl":"https:\/\/www.organisator.ch\/wp-content\/uploads\/2021\/12\/Weihnachtsfeiern-fallen-in-Unternehmen-aus-gefestet-wird-dafuer-anders_Organisator.jpg","width":680,"height":589,"caption":"Weihnachtsfeiern sind dieses Jahr in vielen Unternehmen ausgefallen... (Bild: Unsplash.com)"},{"@type":"BreadcrumbList","@id":"https:\/\/www.organisator.ch\/fr\/general\/2021-12-20\/weihnachtsfeiern-fallen-in-unternehmen-aus-gefestet-wird-dafuer-anders\/#breadcrumb","itemListElement":[{"@type":"ListItem","position":1,"name":"Home","item":"https:\/\/www.organisator.ch\/"},{"@type":"ListItem","position":2,"name":"Weihnachtsfeiern fallen in Unternehmen aus &#8211; gefestet wird daf\u00fcr anders"}]},{"@type":"WebSite","@id":"https:\/\/www.organisator.ch\/#website","url":"https:\/\/www.organisator.ch\/","name":"Organisateur","description":"Comp\u00e9tence et comp\u00e9tence. Proches de la pratique. L'ORGANISATEUR pr\u00e9pare 10 num\u00e9ros par an sur les th\u00e8mes essentiels pour les dirigeants de PME.","publisher":{"@id":"https:\/\/www.organisator.ch\/#organization"},"potentialAction":[{"@type":"SearchAction","target":{"@type":"EntryPoint","urlTemplate":"https:\/\/www.organisator.ch\/?s={search_term_string}"},"query-input":{"@type":"PropertyValueSpecification","valueRequired":true,"valueName":"search_term_string"}}],"inLanguage":"fr-FR"},{"@type":"Organization","@id":"https:\/\/www.organisator.ch\/#organization","name":"Organisateur","url":"https:\/\/www.organisator.ch\/","logo":{"@type":"ImageObject","inLanguage":"fr-FR","@id":"https:\/\/www.organisator.ch\/#\/schema\/logo\/image\/","url":"https:\/\/www.organisator.ch\/wp-content\/uploads\/2022\/01\/Logo_Organisator_Website.png","contentUrl":"https:\/\/www.organisator.ch\/wp-content\/uploads\/2022\/01\/Logo_Organisator_Website.png","width":800,"height":77,"caption":"Organisator"},"image":{"@id":"https:\/\/www.organisator.ch\/#\/schema\/logo\/image\/"},"sameAs":["https:\/\/www.facebook.com\/OrganisatorFachmagazin","https:\/\/www.linkedin.com\/showcase\/organisator-das-magazin-fr-kmu","https:\/\/www.xing.com\/news\/pages\/organisator-ch-695","https:\/\/www.youtube.com\/channel\/UCGP2Sq0iWaZwT3BdIAQFYpw"]},{"@type":"Person","@id":"https:\/\/www.organisator.ch\/#\/schema\/person\/6f650f90b2842cd4c0cc334b4e36f67e","name":"thomas.berner","image":{"@type":"ImageObject","inLanguage":"fr-FR","@id":"https:\/\/secure.gravatar.com\/avatar\/ac5001d2a36cb6c6cd3e50789007ffca834b477b74a2144564522e944eabff61?s=96&d=mm&r=g","url":"https:\/\/secure.gravatar.com\/avatar\/ac5001d2a36cb6c6cd3e50789007ffca834b477b74a2144564522e944eabff61?s=96&d=mm&r=g","contentUrl":"https:\/\/secure.gravatar.com\/avatar\/ac5001d2a36cb6c6cd3e50789007ffca834b477b74a2144564522e944eabff61?s=96&d=mm&r=g","caption":"thomas.berner"},"url":"https:\/\/www.organisator.ch\/fr\/author\/thomas-berner\/"}]}},"_links":{"self":[{"href":"https:\/\/www.organisator.ch\/fr\/wp-json\/wp\/v2\/posts\/11801","targetHints":{"allow":["GET"]}}],"collection":[{"href":"https:\/\/www.organisator.ch\/fr\/wp-json\/wp\/v2\/posts"}],"about":[{"href":"https:\/\/www.organisator.ch\/fr\/wp-json\/wp\/v2\/types\/post"}],"author":[{"embeddable":true,"href":"https:\/\/www.organisator.ch\/fr\/wp-json\/wp\/v2\/users\/4"}],"replies":[{"embeddable":true,"href":"https:\/\/www.organisator.ch\/fr\/wp-json\/wp\/v2\/comments?post=11801"}],"version-history":[{"count":0,"href":"https:\/\/www.organisator.ch\/fr\/wp-json\/wp\/v2\/posts\/11801\/revisions"}],"wp:featuredmedia":[{"embeddable":true,"href":"https:\/\/www.organisator.ch\/fr\/wp-json\/wp\/v2\/media\/11606"}],"wp:attachment":[{"href":"https:\/\/www.organisator.ch\/fr\/wp-json\/wp\/v2\/media?parent=11801"}],"wp:term":[{"taxonomy":"category","embeddable":true,"href":"https:\/\/www.organisator.ch\/fr\/wp-json\/wp\/v2\/categories?post=11801"},{"taxonomy":"post_tag","embeddable":true,"href":"https:\/\/www.organisator.ch\/fr\/wp-json\/wp\/v2\/tags?post=11801"}],"curies":[{"name":"wp","href":"https:\/\/api.w.org\/{rel}","templated":true}]}}