{"id":11804,"date":"2021-12-28T07:17:46","date_gmt":"2021-12-28T06:17:46","guid":{"rendered":"https:\/\/www.organisator.ch\/?p=9044"},"modified":"2021-12-28T07:17:46","modified_gmt":"2021-12-28T06:17:46","slug":"ki-anwalt-fuer-datennutzungs-rechtsfragen-entwickelt","status":"publish","type":"post","link":"https:\/\/www.organisator.ch\/fr\/management\/finanzen_recht\/2021-12-28\/ki-anwalt-fuer-datennutzungs-rechtsfragen-entwickelt\/","title":{"rendered":"Un avocat de l'IA d\u00e9velopp\u00e9 pour les questions juridiques li\u00e9es \u00e0 l'utilisation des donn\u00e9es"},"content":{"rendered":"<figure id=\"attachment_9045\" aria-describedby=\"caption-attachment-9045\" style=\"width: 680px\" class=\"wp-caption alignnone\"><a href=\"https:\/\/www.organisator.ch\/wp-content\/uploads\/2021\/12\/KI-Anwalt-fuer-Datennutzungs-Rechtsfragen-entwickelt_Organisator.jpg\"><img loading=\"lazy\" decoding=\"async\" class=\"size-medium wp-image-9045\" src=\"https:\/\/www.organisator.ch\/wp-content\/uploads\/2021\/12\/KI-Anwalt-fuer-Datennutzungs-Rechtsfragen-entwickelt_Organisator.jpg\" alt=\"\" width=\"680\" height=\"383\" srcset=\"https:\/\/www.organisator.ch\/wp-content\/uploads\/2021\/12\/KI-Anwalt-fuer-Datennutzungs-Rechtsfragen-entwickelt_Organisator.jpg 680w, https:\/\/www.organisator.ch\/wp-content\/uploads\/2021\/12\/KI-Anwalt-fuer-Datennutzungs-Rechtsfragen-entwickelt_Organisator-18x10.jpg 18w, https:\/\/www.organisator.ch\/wp-content\/uploads\/2021\/12\/KI-Anwalt-fuer-Datennutzungs-Rechtsfragen-entwickelt_Organisator-311x175.jpg 311w, https:\/\/www.organisator.ch\/wp-content\/uploads\/2021\/12\/KI-Anwalt-fuer-Datennutzungs-Rechtsfragen-entwickelt_Organisator-621x350.jpg 621w, https:\/\/www.organisator.ch\/wp-content\/uploads\/2021\/12\/KI-Anwalt-fuer-Datennutzungs-Rechtsfragen-entwickelt_Organisator-300x169.jpg 300w\" sizes=\"auto, (max-width: 680px) 100vw, 680px\" \/><\/a><figcaption id=\"caption-attachment-9045\" class=\"wp-caption-text\">Une application qui fonctionne comme un avocat IA : \u00e0 l'avenir, elle pourra donner des renseignements compr\u00e9hensibles sur les dispositions relatives \u00e0 l'utilisation des donn\u00e9es. (Image : Haute \u00e9cole de Lucerne)<\/figcaption><\/figure>\n<p>Un cas comme il peut s'en produire souvent : Maria et Daniel se sont inscrits au service de livraison en ligne d'une cha\u00eene de supermarch\u00e9s et ont accept\u00e9 pour cela les conditions d'utilisation des donn\u00e9es de l'entreprise - un document long comme le bras et difficile \u00e0 comprendre. D\u00e8s lors, la famille re\u00e7oit presque quotidiennement, \u00e0 son grand dam, de la publicit\u00e9, non seulement de la cha\u00eene de supermarch\u00e9s, mais aussi de sa filiale. \"Ont-ils le droit de faire \u00e7a ?\", se demandent Maria et Daniel. Souvent, seul(e) un(e) juriste peut r\u00e9pondre \u00e0 cette question.<\/p>\n<h2>Un chatbot comme avocat IA<\/h2>\n<p>Maria, Daniel et leur newsletter sont bien s\u00fbr fictifs. Mais tout le monde conna\u00eet probablement de tels exemples dans la vie quotidienne. \"Les consommateurs ne savent souvent pas ce que les entreprises ont le droit de faire avec leurs donn\u00e9es et comment ils peuvent se d\u00e9fendre contre une utilisation ind\u00e9sirable de ces donn\u00e9es\", explique le juriste Michiel Van Roey, cofondateur de Profila, une plateforme internationale sp\u00e9cialis\u00e9e dans la protection des donn\u00e9es, la fid\u00e9lisation de la client\u00e8le et le marketing.<\/p>\n<p>La Haute \u00e9cole de Lucerne et Profila travaillent sur un projet commun visant \u00e0 changer cela : Les chercheurs veulent mettre \u00e0 la disposition de Maria et Daniel une sorte d'\"avocat IA\" qui les soutiendra par ses conseils professionnels. L'avocat se pr\u00e9sente sous la forme d'une application chatbot pour smartphones, comparable aux assistants num\u00e9riques tels que Siri ou Alexa.<\/p>\n<p>Le chatbot fournira aux utilisateurs des informations sur la mani\u00e8re dont les entreprises utilisent leurs donn\u00e9es, sous la forme de Q&amp;A compr\u00e9hensibles par les non-initi\u00e9s. Il pourra \u00e9galement les aider \u00e0 g\u00e9rer leurs donn\u00e9es : \"Les consommateurs doivent pouvoir d\u00e9terminer plus facilement eux-m\u00eames qui a acc\u00e8s \u00e0 leurs donn\u00e9es personnelles et \u00e0 quelles fins celles-ci sont utilis\u00e9es\", explique Michel Van Roey - dans le cas de Maria et Daniel, il s'agit donc de savoir si une filiale de la cha\u00eene de supermarch\u00e9s peut leur envoyer de la publicit\u00e9.<\/p>\n<h2>\"Les r\u00e9ponses juridiques doivent \u00eatre pr\u00e9cises\"<\/h2>\n<p>Derri\u00e8re l'avocat IA se cache une base de donn\u00e9es intelligente d\u00e9velopp\u00e9e \u00e0 la Haute \u00e9cole de Lucerne. L'\u00e9quipe de recherche d'Alexander Denzler, du d\u00e9partement Informatique, \"alimente\" l'algorithme de la base de donn\u00e9es avec pr\u00e8s d'un million de documents au total, des cas juridiques et des jugements des tribunaux aux conditions g\u00e9n\u00e9rales d'affaires des entreprises, en passant par les directives d'utilisation des donn\u00e9es des autorit\u00e9s et des associations. Plus le syst\u00e8me dispose de donn\u00e9es, mieux il apprend \u00e0 r\u00e9pondre \u00e0 des cas sp\u00e9cifiques, comme l'explique Denzler.<br \/>\nPour les chercheurs en informatique, la reconnaissance vocale repr\u00e9sente un d\u00e9fi particulier. En effet, la plupart des utilisateurs ne connaissent pas les termes juridiques. \"Notre intelligence artificielle doit malgr\u00e9 tout \u00eatre en mesure de comprendre quels probl\u00e8mes juridiques se cachent derri\u00e8re une question\", explique Denzler. \"Lorsqu'il s'agit de questions juridiques, les r\u00e9ponses doivent \u00eatre pr\u00e9cises\".<\/p>\n<h2>En cas de doute, l'homme prend le relais<\/h2>\n<p>Afin de s'assurer que l'avocat IA fonctionne correctement et ne se r\u00e9v\u00e8le pas \u00eatre un avocat num\u00e9rique angulaire, les juristes de Profila examineront la base de donn\u00e9es sous toutes les coutures au moyen de questions test. Une premi\u00e8re version capable de comprendre et de r\u00e9pondre aux questions de mani\u00e8re fiable devrait \u00eatre pr\u00eate \u00e0 l'\u00e9t\u00e9 2022. Plus le programme sera utilis\u00e9, plus il pourra se baser sur de nouveaux cas et donc de nouvelles donn\u00e9es.<\/p>\n<p>Alexander Denzler souligne qu'il y aura toujours des situations o\u00f9 l'avocat IA ne pourra pas fournir de r\u00e9ponse satisfaisante, parce que les questions sont trop sp\u00e9cifiques ou n'ont jamais \u00e9t\u00e9 pos\u00e9es. L'IA manque donc tout simplement de donn\u00e9es de r\u00e9f\u00e9rence. Dans de tels cas, le chatbot pr\u00e9sentera aux utilisateurs une courte liste de juristes sp\u00e9cialis\u00e9s dans le domaine en question, qui pourront fournir des informations en temps utile moyennant une somme d'environ 10 francs par question. L'expertise de ces professionnels sera d\u00e9termin\u00e9e sur la base de leur CV et de leurs activit\u00e9s ant\u00e9rieures sur l'application.<\/p>\n<h2>Financement de projets par la Conf\u00e9d\u00e9ration<\/h2>\n<p>D\u00e8s que la base de donn\u00e9es intelligente sera pr\u00eate, l'\u00e9quipe de recherche commencera \u00e0 mettre en place un r\u00e9seau de juristes qui participeront \u00e0 l'application Profila. L'objectif est d'achever le projet d'ici 2023. La premi\u00e8re version de l'appli ne comprendra que les questions en allemand. Si elle fait ses preuves, Alexander Denzler et Michiel Van Roey esp\u00e8rent pouvoir d\u00e9velopper dans un deuxi\u00e8me temps une version pour d'autres march\u00e9s nationaux.<\/p>\n<p>L'agence f\u00e9d\u00e9rale pour l'innovation Innosuisse finance le projet, pr\u00e9vu sur deux ans, \u00e0 hauteur de 550'000 francs. Au total, le volume du projet s'\u00e9l\u00e8ve \u00e0 950'000 francs.<\/p>\n<p><em>Source et informations compl\u00e9mentaires : <a href=\"http:\/\/www.hslu.ch\">www.hslu.ch<\/a> \/ <a href=\"http:\/\/www.profila.com\">www.profila.com<\/a><\/em><\/p>","protected":false},"excerpt":{"rendered":"<p>Ein Fall, wie er h\u00e4ufig vorkommen kann: Maria und Daniel haben sich f\u00fcr den Online-Lieferdienst einer Supermarkt-Kette angemeldet und daf\u00fcr auch den Datennutzungsbestimmungen des Unternehmens zugestimmt \u2013 ein ellenlanges, schwer verst\u00e4ndliches Dokument. Von nun an erh\u00e4lt die Familie zu ihrem \u00c4rger fast t\u00e4glich Werbung, nicht nur von der Supermarkt-Kette, sondern auch von deren Tochter-Unternehmen. \u00abD\u00fcrfen [&hellip;]<\/p>\n","protected":false},"author":4,"featured_media":9045,"comment_status":"closed","ping_status":"closed","sticky":false,"template":"","format":"standard","meta":{"_acf_changed":false,"_yoast_wpseo_focuskw":"KI-Anwalt","_yoast_wpseo_metadesc":"Datennutzungs-Bestimmungen von Unternehmen sind oft ein Buch mit sieben Siegeln. Ein \u00abKI-Anwalt\u00bb soll Laien per App nun bei Datenschutzfragen Auskunft geben","articlekey":"","footnotes":""},"categories":[24],"tags":[202,319,393],"class_list":["post-11804","post","type-post","status-publish","format-standard","has-post-thumbnail","hentry","category-finanzen_recht","tag-finanzenrecht","tag-kuenstliche-intelligenz","tag-produkte"],"acf":[],"yoast_head":"<!-- This site is optimized with the Yoast SEO plugin v27.5 - https:\/\/yoast.com\/product\/yoast-seo-wordpress\/ -->\n<title>KI-Anwalt f\u00fcr Datennutzungs-Rechtsfragen entwickelt - Organisator<\/title>\n<meta name=\"description\" content=\"Datennutzungs-Bestimmungen von Unternehmen sind oft ein Buch mit sieben Siegeln. Ein \u00abKI-Anwalt\u00bb soll Laien per App nun bei Datenschutzfragen Auskunft geben\" \/>\n<meta name=\"robots\" content=\"index, follow, max-snippet:-1, max-image-preview:large, max-video-preview:-1\" \/>\n<link rel=\"canonical\" href=\"https:\/\/www.organisator.ch\/fr\/gestion-2\/finanzen_recht\/2021-12-28\/ki-anwalt-fuer-datennutzungs-rechtsfragen-entwickelt\/\" \/>\n<meta property=\"og:locale\" content=\"fr_FR\" \/>\n<meta property=\"og:type\" content=\"article\" \/>\n<meta property=\"og:title\" content=\"KI-Anwalt f\u00fcr Datennutzungs-Rechtsfragen entwickelt\" \/>\n<meta property=\"og:description\" content=\"Datennutzungs-Bestimmungen von Unternehmen sind oft ein Buch mit sieben Siegeln. Ein \u00abKI-Anwalt\u00bb soll Laien per App nun bei Datenschutzfragen Auskunft geben\" \/>\n<meta property=\"og:url\" content=\"https:\/\/www.organisator.ch\/fr\/gestion-2\/finanzen_recht\/2021-12-28\/ki-anwalt-fuer-datennutzungs-rechtsfragen-entwickelt\/\" \/>\n<meta property=\"og:site_name\" content=\"Organisator\" \/>\n<meta property=\"article:publisher\" content=\"https:\/\/www.facebook.com\/OrganisatorFachmagazin\" \/>\n<meta property=\"article:published_time\" content=\"2021-12-28T06:17:46+00:00\" \/>\n<meta property=\"og:image\" content=\"https:\/\/www.organisator.ch\/wp-content\/uploads\/2021\/12\/KI-Anwalt-fuer-Datennutzungs-Rechtsfragen-entwickelt_Organisator.jpg\" \/>\n\t<meta property=\"og:image:width\" content=\"680\" \/>\n\t<meta property=\"og:image:height\" content=\"383\" \/>\n\t<meta property=\"og:image:type\" content=\"image\/jpeg\" \/>\n<meta name=\"author\" content=\"thomas.berner\" \/>\n<meta name=\"twitter:card\" content=\"summary_large_image\" \/>\n<meta name=\"twitter:title\" content=\"#KI-Anwalt f\u00fcr #Datennutzungs-Rechtsfragen entwickelt\" \/>\n<meta name=\"twitter:description\" content=\"#Datennutzungs-Bestimmungen von Unternehmen sind oft ein Buch mit sieben Siegeln. Ein \u00ab#KI-Anwalt\u00bb soll Laien per App nun bei #Datenschutzfragen Auskunft geben\" \/>\n<meta name=\"twitter:image\" content=\"https:\/\/www.organisator.ch\/wp-content\/uploads\/2021\/12\/KI-Anwalt-fuer-Datennutzungs-Rechtsfragen-entwickelt_Organisator.jpg\" \/>\n<script type=\"application\/ld+json\" class=\"yoast-schema-graph\">{\"@context\":\"https:\\\/\\\/schema.org\",\"@graph\":[{\"@type\":\"Article\",\"@id\":\"https:\\\/\\\/www.organisator.ch\\\/management\\\/finanzen_recht\\\/2021-12-28\\\/ki-anwalt-fuer-datennutzungs-rechtsfragen-entwickelt\\\/#article\",\"isPartOf\":{\"@id\":\"https:\\\/\\\/www.organisator.ch\\\/management\\\/finanzen_recht\\\/2021-12-28\\\/ki-anwalt-fuer-datennutzungs-rechtsfragen-entwickelt\\\/\"},\"author\":{\"name\":\"thomas.berner\",\"@id\":\"https:\\\/\\\/www.organisator.ch\\\/#\\\/schema\\\/person\\\/6f650f90b2842cd4c0cc334b4e36f67e\"},\"headline\":\"KI-Anwalt f\u00fcr Datennutzungs-Rechtsfragen entwickelt\",\"datePublished\":\"2021-12-28T06:17:46+00:00\",\"mainEntityOfPage\":{\"@id\":\"https:\\\/\\\/www.organisator.ch\\\/management\\\/finanzen_recht\\\/2021-12-28\\\/ki-anwalt-fuer-datennutzungs-rechtsfragen-entwickelt\\\/\"},\"wordCount\":713,\"publisher\":{\"@id\":\"https:\\\/\\\/www.organisator.ch\\\/#organization\"},\"image\":{\"@id\":\"https:\\\/\\\/www.organisator.ch\\\/management\\\/finanzen_recht\\\/2021-12-28\\\/ki-anwalt-fuer-datennutzungs-rechtsfragen-entwickelt\\\/#primaryimage\"},\"thumbnailUrl\":\"https:\\\/\\\/www.organisator.ch\\\/wp-content\\\/uploads\\\/2021\\\/12\\\/KI-Anwalt-fuer-Datennutzungs-Rechtsfragen-entwickelt_Organisator.jpg\",\"keywords\":[\"Finanzen\\\/Recht\",\"K\u00fcnstliche Intelligenz\",\"Produkte\"],\"articleSection\":[\"FINANZEN\\\/RECHT\"],\"inLanguage\":\"fr-FR\"},{\"@type\":\"WebPage\",\"@id\":\"https:\\\/\\\/www.organisator.ch\\\/management\\\/finanzen_recht\\\/2021-12-28\\\/ki-anwalt-fuer-datennutzungs-rechtsfragen-entwickelt\\\/\",\"url\":\"https:\\\/\\\/www.organisator.ch\\\/management\\\/finanzen_recht\\\/2021-12-28\\\/ki-anwalt-fuer-datennutzungs-rechtsfragen-entwickelt\\\/\",\"name\":\"KI-Anwalt f\u00fcr Datennutzungs-Rechtsfragen entwickelt - Organisator\",\"isPartOf\":{\"@id\":\"https:\\\/\\\/www.organisator.ch\\\/#website\"},\"primaryImageOfPage\":{\"@id\":\"https:\\\/\\\/www.organisator.ch\\\/management\\\/finanzen_recht\\\/2021-12-28\\\/ki-anwalt-fuer-datennutzungs-rechtsfragen-entwickelt\\\/#primaryimage\"},\"image\":{\"@id\":\"https:\\\/\\\/www.organisator.ch\\\/management\\\/finanzen_recht\\\/2021-12-28\\\/ki-anwalt-fuer-datennutzungs-rechtsfragen-entwickelt\\\/#primaryimage\"},\"thumbnailUrl\":\"https:\\\/\\\/www.organisator.ch\\\/wp-content\\\/uploads\\\/2021\\\/12\\\/KI-Anwalt-fuer-Datennutzungs-Rechtsfragen-entwickelt_Organisator.jpg\",\"datePublished\":\"2021-12-28T06:17:46+00:00\",\"description\":\"Datennutzungs-Bestimmungen von Unternehmen sind oft ein Buch mit sieben Siegeln. Ein \u00abKI-Anwalt\u00bb soll Laien per App nun bei Datenschutzfragen Auskunft geben\",\"breadcrumb\":{\"@id\":\"https:\\\/\\\/www.organisator.ch\\\/management\\\/finanzen_recht\\\/2021-12-28\\\/ki-anwalt-fuer-datennutzungs-rechtsfragen-entwickelt\\\/#breadcrumb\"},\"inLanguage\":\"fr-FR\",\"potentialAction\":[{\"@type\":\"ReadAction\",\"target\":[\"https:\\\/\\\/www.organisator.ch\\\/management\\\/finanzen_recht\\\/2021-12-28\\\/ki-anwalt-fuer-datennutzungs-rechtsfragen-entwickelt\\\/\"]}]},{\"@type\":\"ImageObject\",\"inLanguage\":\"fr-FR\",\"@id\":\"https:\\\/\\\/www.organisator.ch\\\/management\\\/finanzen_recht\\\/2021-12-28\\\/ki-anwalt-fuer-datennutzungs-rechtsfragen-entwickelt\\\/#primaryimage\",\"url\":\"https:\\\/\\\/www.organisator.ch\\\/wp-content\\\/uploads\\\/2021\\\/12\\\/KI-Anwalt-fuer-Datennutzungs-Rechtsfragen-entwickelt_Organisator.jpg\",\"contentUrl\":\"https:\\\/\\\/www.organisator.ch\\\/wp-content\\\/uploads\\\/2021\\\/12\\\/KI-Anwalt-fuer-Datennutzungs-Rechtsfragen-entwickelt_Organisator.jpg\",\"width\":680,\"height\":383,\"caption\":\"Eine App, die als KI-Anwalt funktioniert: Sie kann insk\u00fcnftig verst\u00e4ndlich Auskunft geben zu Datennutzungs-Bestimmungen. (Bild: Hochschule Luzern)\"},{\"@type\":\"BreadcrumbList\",\"@id\":\"https:\\\/\\\/www.organisator.ch\\\/management\\\/finanzen_recht\\\/2021-12-28\\\/ki-anwalt-fuer-datennutzungs-rechtsfragen-entwickelt\\\/#breadcrumb\",\"itemListElement\":[{\"@type\":\"ListItem\",\"position\":1,\"name\":\"Home\",\"item\":\"https:\\\/\\\/www.organisator.ch\\\/\"},{\"@type\":\"ListItem\",\"position\":2,\"name\":\"KI-Anwalt f\u00fcr Datennutzungs-Rechtsfragen entwickelt\"}]},{\"@type\":\"WebSite\",\"@id\":\"https:\\\/\\\/www.organisator.ch\\\/#website\",\"url\":\"https:\\\/\\\/www.organisator.ch\\\/\",\"name\":\"Organisator\",\"description\":\"Kompetent. Praxisnah. Der ORGANISATOR bereitet in 10 Ausgaben pro Jahr die wesentlichen Themen f\u00fcr F\u00fchrungskr\u00e4fte von KMU auf.\",\"publisher\":{\"@id\":\"https:\\\/\\\/www.organisator.ch\\\/#organization\"},\"potentialAction\":[{\"@type\":\"SearchAction\",\"target\":{\"@type\":\"EntryPoint\",\"urlTemplate\":\"https:\\\/\\\/www.organisator.ch\\\/?s={search_term_string}\"},\"query-input\":{\"@type\":\"PropertyValueSpecification\",\"valueRequired\":true,\"valueName\":\"search_term_string\"}}],\"inLanguage\":\"fr-FR\"},{\"@type\":\"Organization\",\"@id\":\"https:\\\/\\\/www.organisator.ch\\\/#organization\",\"name\":\"Organisator\",\"url\":\"https:\\\/\\\/www.organisator.ch\\\/\",\"logo\":{\"@type\":\"ImageObject\",\"inLanguage\":\"fr-FR\",\"@id\":\"https:\\\/\\\/www.organisator.ch\\\/#\\\/schema\\\/logo\\\/image\\\/\",\"url\":\"https:\\\/\\\/www.organisator.ch\\\/wp-content\\\/uploads\\\/2022\\\/01\\\/Logo_Organisator_Website.png\",\"contentUrl\":\"https:\\\/\\\/www.organisator.ch\\\/wp-content\\\/uploads\\\/2022\\\/01\\\/Logo_Organisator_Website.png\",\"width\":800,\"height\":77,\"caption\":\"Organisator\"},\"image\":{\"@id\":\"https:\\\/\\\/www.organisator.ch\\\/#\\\/schema\\\/logo\\\/image\\\/\"},\"sameAs\":[\"https:\\\/\\\/www.facebook.com\\\/OrganisatorFachmagazin\",\"https:\\\/\\\/www.linkedin.com\\\/showcase\\\/organisator-das-magazin-fr-kmu\",\"https:\\\/\\\/www.xing.com\\\/news\\\/pages\\\/organisator-ch-695\",\"https:\\\/\\\/www.youtube.com\\\/channel\\\/UCGP2Sq0iWaZwT3BdIAQFYpw\"]},{\"@type\":\"Person\",\"@id\":\"https:\\\/\\\/www.organisator.ch\\\/#\\\/schema\\\/person\\\/6f650f90b2842cd4c0cc334b4e36f67e\",\"name\":\"thomas.berner\",\"image\":{\"@type\":\"ImageObject\",\"inLanguage\":\"fr-FR\",\"@id\":\"https:\\\/\\\/secure.gravatar.com\\\/avatar\\\/ac5001d2a36cb6c6cd3e50789007ffca834b477b74a2144564522e944eabff61?s=96&d=mm&r=g\",\"url\":\"https:\\\/\\\/secure.gravatar.com\\\/avatar\\\/ac5001d2a36cb6c6cd3e50789007ffca834b477b74a2144564522e944eabff61?s=96&d=mm&r=g\",\"contentUrl\":\"https:\\\/\\\/secure.gravatar.com\\\/avatar\\\/ac5001d2a36cb6c6cd3e50789007ffca834b477b74a2144564522e944eabff61?s=96&d=mm&r=g\",\"caption\":\"thomas.berner\"},\"url\":\"https:\\\/\\\/www.organisator.ch\\\/fr\\\/author\\\/thomas-berner\\\/\"}]}<\/script>\n<!-- \/ Yoast SEO plugin. -->","yoast_head_json":{"title":"Avocat en intelligence artificielle d\u00e9velopp\u00e9 pour les questions juridiques li\u00e9es \u00e0 l'utilisation des donn\u00e9es - Organisateur","description":"Les dispositions relatives \u00e0 l'utilisation des donn\u00e9es des entreprises sont souvent un livre \u00e0 sept sceaux. Un \"avocat de l'IA\" doit d\u00e9sormais renseigner les profanes sur les questions de protection des donn\u00e9es via une application.","robots":{"index":"index","follow":"follow","max-snippet":"max-snippet:-1","max-image-preview":"max-image-preview:large","max-video-preview":"max-video-preview:-1"},"canonical":"https:\/\/www.organisator.ch\/fr\/gestion-2\/finanzen_recht\/2021-12-28\/ki-anwalt-fuer-datennutzungs-rechtsfragen-entwickelt\/","og_locale":"fr_FR","og_type":"article","og_title":"KI-Anwalt f\u00fcr Datennutzungs-Rechtsfragen entwickelt","og_description":"Datennutzungs-Bestimmungen von Unternehmen sind oft ein Buch mit sieben Siegeln. Ein \u00abKI-Anwalt\u00bb soll Laien per App nun bei Datenschutzfragen Auskunft geben","og_url":"https:\/\/www.organisator.ch\/fr\/gestion-2\/finanzen_recht\/2021-12-28\/ki-anwalt-fuer-datennutzungs-rechtsfragen-entwickelt\/","og_site_name":"Organisator","article_publisher":"https:\/\/www.facebook.com\/OrganisatorFachmagazin","article_published_time":"2021-12-28T06:17:46+00:00","og_image":[{"width":680,"height":383,"url":"https:\/\/www.organisator.ch\/wp-content\/uploads\/2021\/12\/KI-Anwalt-fuer-Datennutzungs-Rechtsfragen-entwickelt_Organisator.jpg","type":"image\/jpeg"}],"author":"thomas.berner","twitter_card":"summary_large_image","twitter_title":"#KI-Anwalt f\u00fcr #Datennutzungs-Rechtsfragen entwickelt","twitter_description":"#Datennutzungs-Bestimmungen von Unternehmen sind oft ein Buch mit sieben Siegeln. Ein \u00ab#KI-Anwalt\u00bb soll Laien per App nun bei #Datenschutzfragen Auskunft geben","twitter_image":"https:\/\/www.organisator.ch\/wp-content\/uploads\/2021\/12\/KI-Anwalt-fuer-Datennutzungs-Rechtsfragen-entwickelt_Organisator.jpg","schema":{"@context":"https:\/\/schema.org","@graph":[{"@type":"Article","@id":"https:\/\/www.organisator.ch\/management\/finanzen_recht\/2021-12-28\/ki-anwalt-fuer-datennutzungs-rechtsfragen-entwickelt\/#article","isPartOf":{"@id":"https:\/\/www.organisator.ch\/management\/finanzen_recht\/2021-12-28\/ki-anwalt-fuer-datennutzungs-rechtsfragen-entwickelt\/"},"author":{"name":"thomas.berner","@id":"https:\/\/www.organisator.ch\/#\/schema\/person\/6f650f90b2842cd4c0cc334b4e36f67e"},"headline":"KI-Anwalt f\u00fcr Datennutzungs-Rechtsfragen entwickelt","datePublished":"2021-12-28T06:17:46+00:00","mainEntityOfPage":{"@id":"https:\/\/www.organisator.ch\/management\/finanzen_recht\/2021-12-28\/ki-anwalt-fuer-datennutzungs-rechtsfragen-entwickelt\/"},"wordCount":713,"publisher":{"@id":"https:\/\/www.organisator.ch\/#organization"},"image":{"@id":"https:\/\/www.organisator.ch\/management\/finanzen_recht\/2021-12-28\/ki-anwalt-fuer-datennutzungs-rechtsfragen-entwickelt\/#primaryimage"},"thumbnailUrl":"https:\/\/www.organisator.ch\/wp-content\/uploads\/2021\/12\/KI-Anwalt-fuer-Datennutzungs-Rechtsfragen-entwickelt_Organisator.jpg","keywords":["Finanzen\/Recht","K\u00fcnstliche Intelligenz","Produkte"],"articleSection":["FINANZEN\/RECHT"],"inLanguage":"fr-FR"},{"@type":"WebPage","@id":"https:\/\/www.organisator.ch\/management\/finanzen_recht\/2021-12-28\/ki-anwalt-fuer-datennutzungs-rechtsfragen-entwickelt\/","url":"https:\/\/www.organisator.ch\/management\/finanzen_recht\/2021-12-28\/ki-anwalt-fuer-datennutzungs-rechtsfragen-entwickelt\/","name":"Avocat en intelligence artificielle d\u00e9velopp\u00e9 pour les questions juridiques li\u00e9es \u00e0 l'utilisation des donn\u00e9es - Organisateur","isPartOf":{"@id":"https:\/\/www.organisator.ch\/#website"},"primaryImageOfPage":{"@id":"https:\/\/www.organisator.ch\/management\/finanzen_recht\/2021-12-28\/ki-anwalt-fuer-datennutzungs-rechtsfragen-entwickelt\/#primaryimage"},"image":{"@id":"https:\/\/www.organisator.ch\/management\/finanzen_recht\/2021-12-28\/ki-anwalt-fuer-datennutzungs-rechtsfragen-entwickelt\/#primaryimage"},"thumbnailUrl":"https:\/\/www.organisator.ch\/wp-content\/uploads\/2021\/12\/KI-Anwalt-fuer-Datennutzungs-Rechtsfragen-entwickelt_Organisator.jpg","datePublished":"2021-12-28T06:17:46+00:00","description":"Les dispositions relatives \u00e0 l'utilisation des donn\u00e9es des entreprises sont souvent un livre \u00e0 sept sceaux. Un \"avocat de l'IA\" doit d\u00e9sormais renseigner les profanes sur les questions de protection des donn\u00e9es via une application.","breadcrumb":{"@id":"https:\/\/www.organisator.ch\/management\/finanzen_recht\/2021-12-28\/ki-anwalt-fuer-datennutzungs-rechtsfragen-entwickelt\/#breadcrumb"},"inLanguage":"fr-FR","potentialAction":[{"@type":"ReadAction","target":["https:\/\/www.organisator.ch\/management\/finanzen_recht\/2021-12-28\/ki-anwalt-fuer-datennutzungs-rechtsfragen-entwickelt\/"]}]},{"@type":"ImageObject","inLanguage":"fr-FR","@id":"https:\/\/www.organisator.ch\/management\/finanzen_recht\/2021-12-28\/ki-anwalt-fuer-datennutzungs-rechtsfragen-entwickelt\/#primaryimage","url":"https:\/\/www.organisator.ch\/wp-content\/uploads\/2021\/12\/KI-Anwalt-fuer-Datennutzungs-Rechtsfragen-entwickelt_Organisator.jpg","contentUrl":"https:\/\/www.organisator.ch\/wp-content\/uploads\/2021\/12\/KI-Anwalt-fuer-Datennutzungs-Rechtsfragen-entwickelt_Organisator.jpg","width":680,"height":383,"caption":"Eine App, die als KI-Anwalt funktioniert: Sie kann insk\u00fcnftig verst\u00e4ndlich Auskunft geben zu Datennutzungs-Bestimmungen. (Bild: Hochschule Luzern)"},{"@type":"BreadcrumbList","@id":"https:\/\/www.organisator.ch\/management\/finanzen_recht\/2021-12-28\/ki-anwalt-fuer-datennutzungs-rechtsfragen-entwickelt\/#breadcrumb","itemListElement":[{"@type":"ListItem","position":1,"name":"Home","item":"https:\/\/www.organisator.ch\/"},{"@type":"ListItem","position":2,"name":"KI-Anwalt f\u00fcr Datennutzungs-Rechtsfragen entwickelt"}]},{"@type":"WebSite","@id":"https:\/\/www.organisator.ch\/#website","url":"https:\/\/www.organisator.ch\/","name":"Organisateur","description":"Comp\u00e9tence et comp\u00e9tence. Proches de la pratique. L'ORGANISATEUR pr\u00e9pare 10 num\u00e9ros par an sur les th\u00e8mes essentiels pour les dirigeants de PME.","publisher":{"@id":"https:\/\/www.organisator.ch\/#organization"},"potentialAction":[{"@type":"SearchAction","target":{"@type":"EntryPoint","urlTemplate":"https:\/\/www.organisator.ch\/?s={search_term_string}"},"query-input":{"@type":"PropertyValueSpecification","valueRequired":true,"valueName":"search_term_string"}}],"inLanguage":"fr-FR"},{"@type":"Organization","@id":"https:\/\/www.organisator.ch\/#organization","name":"Organisateur","url":"https:\/\/www.organisator.ch\/","logo":{"@type":"ImageObject","inLanguage":"fr-FR","@id":"https:\/\/www.organisator.ch\/#\/schema\/logo\/image\/","url":"https:\/\/www.organisator.ch\/wp-content\/uploads\/2022\/01\/Logo_Organisator_Website.png","contentUrl":"https:\/\/www.organisator.ch\/wp-content\/uploads\/2022\/01\/Logo_Organisator_Website.png","width":800,"height":77,"caption":"Organisator"},"image":{"@id":"https:\/\/www.organisator.ch\/#\/schema\/logo\/image\/"},"sameAs":["https:\/\/www.facebook.com\/OrganisatorFachmagazin","https:\/\/www.linkedin.com\/showcase\/organisator-das-magazin-fr-kmu","https:\/\/www.xing.com\/news\/pages\/organisator-ch-695","https:\/\/www.youtube.com\/channel\/UCGP2Sq0iWaZwT3BdIAQFYpw"]},{"@type":"Person","@id":"https:\/\/www.organisator.ch\/#\/schema\/person\/6f650f90b2842cd4c0cc334b4e36f67e","name":"thomas.berner","image":{"@type":"ImageObject","inLanguage":"fr-FR","@id":"https:\/\/secure.gravatar.com\/avatar\/ac5001d2a36cb6c6cd3e50789007ffca834b477b74a2144564522e944eabff61?s=96&d=mm&r=g","url":"https:\/\/secure.gravatar.com\/avatar\/ac5001d2a36cb6c6cd3e50789007ffca834b477b74a2144564522e944eabff61?s=96&d=mm&r=g","contentUrl":"https:\/\/secure.gravatar.com\/avatar\/ac5001d2a36cb6c6cd3e50789007ffca834b477b74a2144564522e944eabff61?s=96&d=mm&r=g","caption":"thomas.berner"},"url":"https:\/\/www.organisator.ch\/fr\/author\/thomas-berner\/"}]}},"_links":{"self":[{"href":"https:\/\/www.organisator.ch\/fr\/wp-json\/wp\/v2\/posts\/11804","targetHints":{"allow":["GET"]}}],"collection":[{"href":"https:\/\/www.organisator.ch\/fr\/wp-json\/wp\/v2\/posts"}],"about":[{"href":"https:\/\/www.organisator.ch\/fr\/wp-json\/wp\/v2\/types\/post"}],"author":[{"embeddable":true,"href":"https:\/\/www.organisator.ch\/fr\/wp-json\/wp\/v2\/users\/4"}],"replies":[{"embeddable":true,"href":"https:\/\/www.organisator.ch\/fr\/wp-json\/wp\/v2\/comments?post=11804"}],"version-history":[{"count":0,"href":"https:\/\/www.organisator.ch\/fr\/wp-json\/wp\/v2\/posts\/11804\/revisions"}],"wp:featuredmedia":[{"embeddable":true,"href":"https:\/\/www.organisator.ch\/fr\/wp-json\/wp\/v2\/media\/9045"}],"wp:attachment":[{"href":"https:\/\/www.organisator.ch\/fr\/wp-json\/wp\/v2\/media?parent=11804"}],"wp:term":[{"taxonomy":"category","embeddable":true,"href":"https:\/\/www.organisator.ch\/fr\/wp-json\/wp\/v2\/categories?post=11804"},{"taxonomy":"post_tag","embeddable":true,"href":"https:\/\/www.organisator.ch\/fr\/wp-json\/wp\/v2\/tags?post=11804"}],"curies":[{"name":"wp","href":"https:\/\/api.w.org\/{rel}","templated":true}]}}