{"id":11805,"date":"2021-12-29T10:05:39","date_gmt":"2021-12-29T09:05:39","guid":{"rendered":"https:\/\/www.organisator.ch\/?p=9051"},"modified":"2021-12-29T10:05:39","modified_gmt":"2021-12-29T09:05:39","slug":"prix-svc-ostschweiz-2022-die-sechs-finalisten-kurz-vorgestellt","status":"publish","type":"post","link":"https:\/\/www.organisator.ch\/fr\/management\/2021-12-29\/prix-svc-ostschweiz-2022-die-sechs-finalisten-kurz-vorgestellt\/","title":{"rendered":"Prix SVC Ostschweiz 2022 : pr\u00e9sentation succincte des six finalistes"},"content":{"rendered":"<figure id=\"attachment_9052\" aria-describedby=\"caption-attachment-9052\" style=\"width: 680px\" class=\"wp-caption alignnone\"><a href=\"https:\/\/www.organisator.ch\/wp-content\/uploads\/2021\/12\/Prix-SVC-Ostschweiz-2022-Die-sechs-Finalisten-kurz-vorgestellt-_Organisator.jpg\"><img loading=\"lazy\" decoding=\"async\" class=\"size-medium wp-image-9052\" src=\"https:\/\/www.organisator.ch\/wp-content\/uploads\/2021\/12\/Prix-SVC-Ostschweiz-2022-Die-sechs-Finalisten-kurz-vorgestellt-_Organisator.jpg\" alt=\"\" width=\"680\" height=\"450\" \/><\/a><figcaption id=\"caption-attachment-9052\" class=\"wp-caption-text\">En 2020, Evatec AG et son CEO Andreas W\u00e4lti ont remport\u00e9 le Prix SVC Ostschweiz. Qui peut exulter pour le Prix SVC Ostschweiz 2022 ? (Image : Thomas Berner)<\/figcaption><\/figure>\n<p>Le Prix SVC Ostschweiz est d\u00e9cern\u00e9 par le Swiss Venture Club (SVC) \u00e0 des petites et moyennes entreprises (PME) de la r\u00e9gion qui r\u00e9ussissent et qui convainquent par leur culture d'entreprise, la qualit\u00e9 de leurs collaborateurs et de leur management, leurs produits et leurs innovations ainsi que par leurs r\u00e9sultats durables. Depuis 2004, le Prix SVC Ostschweiz est d\u00e9cern\u00e9 tous les deux ans, donc en 2022 pour la dixi\u00e8me fois d\u00e9j\u00e0.<\/p>\n<h2>Des entreprises de toute la Suisse orientale<\/h2>\n<p>Les six finalistes, toutes des PME prosp\u00e8res de Suisse orientale, sont d\u00e9sormais nomin\u00e9es : Appenzeller Alpenbitter AG (Appenzell), Ifolor AG (Kreuzlingen), H\u00f6gg Gruppe (Wattwil), La Conditoria (Sedrun), Mosmatic AG (Necker) et Wild &amp; K\u00fcpfer AG (Schmerikon) peuvent esp\u00e9rer remporter le Prix SVC Ostschweiz 2022 lors de la finale. Les entreprises ont \u00e9t\u00e9 nomin\u00e9es par un jury de 11 experts, sous la direction d'Andrea Fanzun, partenaire et CEO de Fanzun AG, au cours d'une proc\u00e9dure en plusieurs \u00e9tapes, parmi une liste d'environ 150 entreprises. Le choix s'est port\u00e9 sur des entreprises des deux Appenzell, de Glaris, des Grisons, de Saint-Gall et de Thurgovie.<\/p>\n<h2>Les six finalistes pour le Prix SVC Ostschweiz 2022<\/h2>\n<p>Les six finalistes se pr\u00e9sentent - par ordre alphab\u00e9tique - comme suit :<\/p>\n<ul>\n<li><strong>Appenzeller Alpenbitter SA<\/strong> (<a href=\"http:\/\/www.appenzeller.com\">www.appenzeller.com<\/a>) : Il y a 120 ans, les deux Appenzellois Emil Ebneter et Beat K\u00f6lbener ont pos\u00e9 la premi\u00e8re pierre de l'Appenzeller Alpenbitter AG. Ils ont d\u00e9velopp\u00e9 l'Appenzeller Alpenbitter avec 42 herbes s\u00e9lectionn\u00e9es. La recette de ce produit naturel est un secret bien gard\u00e9 par la famille fondatrice. Jusqu'\u00e0 aujourd'hui, l'Appenzeller Alpenbitter AG est une entreprise enti\u00e8rement familiale, qui emploie actuellement une quarantaine de personnes. Depuis octobre 2020, Pascal Loepfe-Br\u00fcgger, arri\u00e8re-petit-fils du fondateur Beat K\u00f6lbener, est le directeur de l'entreprise traditionnelle appenzelloise.<\/li>\n<li><strong>Groupe H\u00f6gg <\/strong>(<a href=\"http:\/\/www.hoegg.ch\">www.hoegg.ch<\/a>) : Ce qui a commenc\u00e9 en 1905 comme mar\u00e9chalerie \u00e0 Lichtensteig s'est d\u00e9velopp\u00e9 en un groupe d'entreprises moderne et innovant comptant plus de 160 collaborateurs. Le groupe H\u00f6gg se compose d'un fournisseur sp\u00e9cialis\u00e9 dans la fabrication de pr\u00e9cision et l'assemblage de modules (H\u00f6gg AG Produktionstechnik) ainsi que dans l'ing\u00e9nierie avec responsabilit\u00e9 de syst\u00e8me (simplify engineering AG). En tant qu'expert en monte-escaliers et si\u00e8ges \u00e9l\u00e9vateurs, elle offre des solutions id\u00e9ales pour surmonter les diff\u00e9rences de hauteur pour les personnes \u00e0 mobilit\u00e9 r\u00e9duite. (H\u00f6gg Liftsysteme AG).<\/li>\n<li><strong>Ifolor AG <\/strong>(<a href=\"http:\/\/www.ifolor.ch\">www.ifolor.ch<\/a>) : Ifolor fait revivre des moments inoubliables dans des produits photo personnalis\u00e9s. L'offre comprend des produits haut de gamme tels que des livres photo,<br \/>\n-calendriers, -cartes de v\u0153ux, -d\u00e9coration murale, -cadeaux photo et -photos. En tant qu'entreprise familiale fond\u00e9e en 1961, Ifolor allie tradition et innovation et travaille depuis 2011 de mani\u00e8re climatiquement neutre. L'entreprise est active dans quinze pays, emploie environ 270 collaborateurs et r\u00e9alise un chiffre d'affaires annuel de plus de 100 millions de CHF. Les produits photo tr\u00e8s appr\u00e9ci\u00e9s sont fabriqu\u00e9s au si\u00e8ge principal suisse \u00e0 Kreuzlingen et \u00e0 Kerava en Finlande.<\/li>\n<li><strong>La Conditoria<\/strong> (<a href=\"http:\/\/www.conditoria.swiss\">www.conditoria.swiss<\/a>) : \u00c0 1400 m\u00e8tres d'altitude, la Conditoria produit depuis 1965 d\u00e9j\u00e0 les plus d\u00e9licieuses sp\u00e9cialit\u00e9s des Grisons. L'entreprise familiale, dirig\u00e9e par la deuxi\u00e8me g\u00e9n\u00e9ration, ne cesse de cr\u00e9er des produits uniques, comme le produit phare \"la plus petite tourte aux noix des Grisons du monde\", qui ne p\u00e8se que 19 grammes. Chaque ann\u00e9e, l'entreprise, qui emploie une cinquantaine de collaborateurs, produit des millions de fois son produit phare, le distribue principalement dans le commerce de d\u00e9tail suisse (notamment chez le grand distributeur Coop), mais l'exporte \u00e9galement dans treize pays diff\u00e9rents, de Hong Kong aux \u00c9tats-Unis en passant par la Cor\u00e9e du Sud.<\/li>\n<li><strong>Mosmatic AG <\/strong>(<a href=\"http:\/\/www.mosmatic.com\">www.mosmatic.com<\/a>) : L'entreprise familiale suisse Mosmatic AG est sp\u00e9cialis\u00e9e depuis plus de 40 ans dans les produits destin\u00e9s aux secteurs des techniques de lavage automobile, du nettoyage haute pression et des joints tournants de pr\u00e9cision. Des solutions sp\u00e9ciales innovantes et orient\u00e9es vers le client, ainsi que des d\u00e9veloppements brevet\u00e9s, font la renomm\u00e9e de l'entreprise suisse au-del\u00e0 des fronti\u00e8res. Fond\u00e9 en Suisse en 1978, le groupe d'entreprises Mosmatic est aujourd'hui repr\u00e9sent\u00e9 dans le monde entier avec des filiales aux \u00c9tats-Unis, au Canada et en Australie. L'ensemble de la gamme de produits est fabriqu\u00e9 par plus de 120 collaborateurs motiv\u00e9s dans la vall\u00e9e de Necker.<\/li>\n<li><strong>Wild &amp; K\u00fcpfer AG <\/strong>(<a href=\"http:\/\/www.wildkuepfer.swiss\">www.wildkuepfer.swiss<\/a>) : Depuis plus de 40 ans, Wild &amp; K\u00fcpfer AG d\u00e9veloppe, produit et assemble des pi\u00e8ces et des modules en plastique de haute pr\u00e9cision pour des applications complexes. Sur son site ultramoderne de Schmerikon, l'entreprise familiale investit en permanence dans la technologie de pointe et les performances de pointe. C'est aussi pour cette raison que Wild &amp; K\u00fcpfer AG, qui emploie plus de 200 personnes, est leader du march\u00e9 technologique en Suisse et en Europe dans le domaine du moulage par injection de mati\u00e8res plastiques.<\/li>\n<\/ul>\n<h2>\u00c9v\u00e9nements \u00e0 forte visibilit\u00e9 pour les PME<\/h2>\n<p>L'organisme responsable et l'initiateur du Prix SVC est le Swiss Venture Club (SVC), une association ind\u00e9pendante \u00e0 but non lucratif d'entrepreneurs pour des entrepreneurs, dont l'objectif est de soutenir et de promouvoir les PME en tant que force motrice de l'\u00e9conomie suisse et de contribuer \u00e0 la cr\u00e9ation et au maintien d'emplois en Suisse. Le SVC est soutenu par le partenaire premium Credit Suisse, les partenaires Emil Frey, EY, La Mobili\u00e8re et Swisscom ainsi que par de nombreux autres sponsors. Les c\u00e9r\u00e9monies de remise des prix, qui sont les activit\u00e9s les plus visibles du SVC, sont devenues des \u00e9v\u00e9nements connus dans toute la Suisse. Elles sont d\u00e9sormais organis\u00e9es dans huit r\u00e9gions \u00e9conomiques et tous les deux ans.<\/p>\n<p><em>Plus d'informations : <a href=\"http:\/\/www.svc.swiss\">Swiss Venture Club (SVC)<\/a><\/em><\/p>","protected":false},"excerpt":{"rendered":"<p>Mit dem Prix SVC Ostschweiz werden vom Swiss Venture Club (SVC) erfolgreiche Klein- und Mittelunternehmen (KMU) der Region ausgezeichnet, die \u00fcberzeugen: mit ihrer Firmenkultur, mit der Qualit\u00e4t der Mitarbeitenden und des Managements, mit ihren Produkten und Innovationen sowie mit einem nachhaltigen Erfolgsausweis. Seit 2004 wird der Prix SVC Ostschweiz alle zwei Jahre vergeben, 2022 also [&hellip;]<\/p>\n","protected":false},"author":4,"featured_media":11607,"comment_status":"closed","ping_status":"closed","sticky":false,"template":"","format":"standard","meta":{"_acf_changed":false,"_yoast_wpseo_focuskw":"Prix SVC Ostschweiz 2022","_yoast_wpseo_metadesc":"Am 10. M\u00e4rz 2022 wird der Prix SVC Ostschweiz 2022 vor rund 1'000 G\u00e4sten verliehen werden. Sechs Ostschweizer KMU stehen im Final.","articlekey":"","footnotes":""},"categories":[28],"tags":[66,335,390,492],"class_list":["post-11805","post","type-post","status-publish","format-standard","has-post-thumbnail","hentry","category-management","tag-awards","tag-management-und-unternehmensfuehrung","tag-prix-svc","tag-unternehmen"],"acf":[],"yoast_head":"<!-- This site is optimized with the Yoast SEO plugin v27.5 - https:\/\/yoast.com\/product\/yoast-seo-wordpress\/ -->\n<title>Prix SVC Ostschweiz 2022: Die sechs Finalisten kurz vorgestellt - Organisator<\/title>\n<meta name=\"description\" content=\"Am 10. M\u00e4rz 2022 wird der Prix SVC Ostschweiz 2022 vor rund 1&#039;000 G\u00e4sten verliehen werden. Sechs Ostschweizer KMU stehen im Final.\" \/>\n<meta name=\"robots\" content=\"index, follow, max-snippet:-1, max-image-preview:large, max-video-preview:-1\" \/>\n<link rel=\"canonical\" href=\"https:\/\/www.organisator.ch\/fr\/gestion-2\/2021-12-29\/prix-svc-ostschweiz-2022-die-sechs-finalisten-kurz-vorgestellt\/\" \/>\n<meta property=\"og:locale\" content=\"fr_FR\" \/>\n<meta property=\"og:type\" content=\"article\" \/>\n<meta property=\"og:title\" content=\"Prix SVC Ostschweiz 2022: Die sechs Finalisten kurz vorgestellt\" \/>\n<meta property=\"og:description\" content=\"Am 10. M\u00e4rz 2022 wird der Prix SVC Ostschweiz 2022 vor rund 1&#039;000 G\u00e4sten verliehen werden. Sechs Ostschweizer KMU stehen im Final.\" \/>\n<meta property=\"og:url\" content=\"https:\/\/www.organisator.ch\/fr\/gestion-2\/2021-12-29\/prix-svc-ostschweiz-2022-die-sechs-finalisten-kurz-vorgestellt\/\" \/>\n<meta property=\"og:site_name\" content=\"Organisator\" \/>\n<meta property=\"article:publisher\" content=\"https:\/\/www.facebook.com\/OrganisatorFachmagazin\" \/>\n<meta property=\"article:published_time\" content=\"2021-12-29T09:05:39+00:00\" \/>\n<meta name=\"author\" content=\"thomas.berner\" \/>\n<meta name=\"twitter:card\" content=\"summary_large_image\" \/>\n<meta name=\"twitter:title\" content=\"Prix #SVC #Ostschweiz 2022: Die sechs #Finalisten kurz vorgestellt\" \/>\n<meta name=\"twitter:description\" content=\"Am 10. M\u00e4rz 2022 wird der #PrixSVCOstschweiz 2022 vor rund 1&#039;000 G\u00e4sten verliehen werden. Sechs #Ostschweizer KMU stehen im Final.\" \/>\n<script type=\"application\/ld+json\" class=\"yoast-schema-graph\">{\"@context\":\"https:\\\/\\\/schema.org\",\"@graph\":[{\"@type\":\"Article\",\"@id\":\"https:\\\/\\\/www.organisator.ch\\\/management\\\/2021-12-29\\\/prix-svc-ostschweiz-2022-die-sechs-finalisten-kurz-vorgestellt\\\/#article\",\"isPartOf\":{\"@id\":\"https:\\\/\\\/www.organisator.ch\\\/management\\\/2021-12-29\\\/prix-svc-ostschweiz-2022-die-sechs-finalisten-kurz-vorgestellt\\\/\"},\"author\":{\"name\":\"thomas.berner\",\"@id\":\"https:\\\/\\\/www.organisator.ch\\\/#\\\/schema\\\/person\\\/6f650f90b2842cd4c0cc334b4e36f67e\"},\"headline\":\"Prix SVC Ostschweiz 2022: Die sechs Finalisten kurz vorgestellt\",\"datePublished\":\"2021-12-29T09:05:39+00:00\",\"mainEntityOfPage\":{\"@id\":\"https:\\\/\\\/www.organisator.ch\\\/management\\\/2021-12-29\\\/prix-svc-ostschweiz-2022-die-sechs-finalisten-kurz-vorgestellt\\\/\"},\"wordCount\":797,\"publisher\":{\"@id\":\"https:\\\/\\\/www.organisator.ch\\\/#organization\"},\"image\":{\"@id\":\"https:\\\/\\\/www.organisator.ch\\\/management\\\/2021-12-29\\\/prix-svc-ostschweiz-2022-die-sechs-finalisten-kurz-vorgestellt\\\/#primaryimage\"},\"thumbnailUrl\":\"https:\\\/\\\/www.organisator.ch\\\/wp-content\\\/uploads\\\/2021\\\/12\\\/Prix-SVC-Ostschweiz-2022-Die-sechs-Finalisten-kurz-vorgestellt-_Organisator.jpg\",\"keywords\":[\"Awards\",\"Management und Unternehmensf\u00fchrung\",\"Prix SVC\",\"Unternehmen\"],\"articleSection\":[\"MANAGEMENT\"],\"inLanguage\":\"fr-FR\"},{\"@type\":\"WebPage\",\"@id\":\"https:\\\/\\\/www.organisator.ch\\\/management\\\/2021-12-29\\\/prix-svc-ostschweiz-2022-die-sechs-finalisten-kurz-vorgestellt\\\/\",\"url\":\"https:\\\/\\\/www.organisator.ch\\\/management\\\/2021-12-29\\\/prix-svc-ostschweiz-2022-die-sechs-finalisten-kurz-vorgestellt\\\/\",\"name\":\"Prix SVC Ostschweiz 2022: Die sechs Finalisten kurz vorgestellt - Organisator\",\"isPartOf\":{\"@id\":\"https:\\\/\\\/www.organisator.ch\\\/#website\"},\"primaryImageOfPage\":{\"@id\":\"https:\\\/\\\/www.organisator.ch\\\/management\\\/2021-12-29\\\/prix-svc-ostschweiz-2022-die-sechs-finalisten-kurz-vorgestellt\\\/#primaryimage\"},\"image\":{\"@id\":\"https:\\\/\\\/www.organisator.ch\\\/management\\\/2021-12-29\\\/prix-svc-ostschweiz-2022-die-sechs-finalisten-kurz-vorgestellt\\\/#primaryimage\"},\"thumbnailUrl\":\"https:\\\/\\\/www.organisator.ch\\\/wp-content\\\/uploads\\\/2021\\\/12\\\/Prix-SVC-Ostschweiz-2022-Die-sechs-Finalisten-kurz-vorgestellt-_Organisator.jpg\",\"datePublished\":\"2021-12-29T09:05:39+00:00\",\"description\":\"Am 10. M\u00e4rz 2022 wird der Prix SVC Ostschweiz 2022 vor rund 1'000 G\u00e4sten verliehen werden. Sechs Ostschweizer KMU stehen im Final.\",\"breadcrumb\":{\"@id\":\"https:\\\/\\\/www.organisator.ch\\\/management\\\/2021-12-29\\\/prix-svc-ostschweiz-2022-die-sechs-finalisten-kurz-vorgestellt\\\/#breadcrumb\"},\"inLanguage\":\"fr-FR\",\"potentialAction\":[{\"@type\":\"ReadAction\",\"target\":[\"https:\\\/\\\/www.organisator.ch\\\/management\\\/2021-12-29\\\/prix-svc-ostschweiz-2022-die-sechs-finalisten-kurz-vorgestellt\\\/\"]}]},{\"@type\":\"ImageObject\",\"inLanguage\":\"fr-FR\",\"@id\":\"https:\\\/\\\/www.organisator.ch\\\/management\\\/2021-12-29\\\/prix-svc-ostschweiz-2022-die-sechs-finalisten-kurz-vorgestellt\\\/#primaryimage\",\"url\":\"https:\\\/\\\/www.organisator.ch\\\/wp-content\\\/uploads\\\/2021\\\/12\\\/Prix-SVC-Ostschweiz-2022-Die-sechs-Finalisten-kurz-vorgestellt-_Organisator.jpg\",\"contentUrl\":\"https:\\\/\\\/www.organisator.ch\\\/wp-content\\\/uploads\\\/2021\\\/12\\\/Prix-SVC-Ostschweiz-2022-Die-sechs-Finalisten-kurz-vorgestellt-_Organisator.jpg\",\"width\":680,\"height\":450,\"caption\":\"2020 gewann die Evatec AG mit CEO Andreas W\u00e4lti den Prix SVC Ostschweiz. Wer darf f\u00fcr den Prix SVC Ostschweiz 2022 jubeln? (Bild: Thomas Berner)\"},{\"@type\":\"BreadcrumbList\",\"@id\":\"https:\\\/\\\/www.organisator.ch\\\/management\\\/2021-12-29\\\/prix-svc-ostschweiz-2022-die-sechs-finalisten-kurz-vorgestellt\\\/#breadcrumb\",\"itemListElement\":[{\"@type\":\"ListItem\",\"position\":1,\"name\":\"Home\",\"item\":\"https:\\\/\\\/www.organisator.ch\\\/\"},{\"@type\":\"ListItem\",\"position\":2,\"name\":\"Prix SVC Ostschweiz 2022: Die sechs Finalisten kurz vorgestellt\"}]},{\"@type\":\"WebSite\",\"@id\":\"https:\\\/\\\/www.organisator.ch\\\/#website\",\"url\":\"https:\\\/\\\/www.organisator.ch\\\/\",\"name\":\"Organisator\",\"description\":\"Kompetent. Praxisnah. Der ORGANISATOR bereitet in 10 Ausgaben pro Jahr die wesentlichen Themen f\u00fcr F\u00fchrungskr\u00e4fte von KMU auf.\",\"publisher\":{\"@id\":\"https:\\\/\\\/www.organisator.ch\\\/#organization\"},\"potentialAction\":[{\"@type\":\"SearchAction\",\"target\":{\"@type\":\"EntryPoint\",\"urlTemplate\":\"https:\\\/\\\/www.organisator.ch\\\/?s={search_term_string}\"},\"query-input\":{\"@type\":\"PropertyValueSpecification\",\"valueRequired\":true,\"valueName\":\"search_term_string\"}}],\"inLanguage\":\"fr-FR\"},{\"@type\":\"Organization\",\"@id\":\"https:\\\/\\\/www.organisator.ch\\\/#organization\",\"name\":\"Organisator\",\"url\":\"https:\\\/\\\/www.organisator.ch\\\/\",\"logo\":{\"@type\":\"ImageObject\",\"inLanguage\":\"fr-FR\",\"@id\":\"https:\\\/\\\/www.organisator.ch\\\/#\\\/schema\\\/logo\\\/image\\\/\",\"url\":\"https:\\\/\\\/www.organisator.ch\\\/wp-content\\\/uploads\\\/2022\\\/01\\\/Logo_Organisator_Website.png\",\"contentUrl\":\"https:\\\/\\\/www.organisator.ch\\\/wp-content\\\/uploads\\\/2022\\\/01\\\/Logo_Organisator_Website.png\",\"width\":800,\"height\":77,\"caption\":\"Organisator\"},\"image\":{\"@id\":\"https:\\\/\\\/www.organisator.ch\\\/#\\\/schema\\\/logo\\\/image\\\/\"},\"sameAs\":[\"https:\\\/\\\/www.facebook.com\\\/OrganisatorFachmagazin\",\"https:\\\/\\\/www.linkedin.com\\\/showcase\\\/organisator-das-magazin-fr-kmu\",\"https:\\\/\\\/www.xing.com\\\/news\\\/pages\\\/organisator-ch-695\",\"https:\\\/\\\/www.youtube.com\\\/channel\\\/UCGP2Sq0iWaZwT3BdIAQFYpw\"]},{\"@type\":\"Person\",\"@id\":\"https:\\\/\\\/www.organisator.ch\\\/#\\\/schema\\\/person\\\/6f650f90b2842cd4c0cc334b4e36f67e\",\"name\":\"thomas.berner\",\"image\":{\"@type\":\"ImageObject\",\"inLanguage\":\"fr-FR\",\"@id\":\"https:\\\/\\\/secure.gravatar.com\\\/avatar\\\/ac5001d2a36cb6c6cd3e50789007ffca834b477b74a2144564522e944eabff61?s=96&d=mm&r=g\",\"url\":\"https:\\\/\\\/secure.gravatar.com\\\/avatar\\\/ac5001d2a36cb6c6cd3e50789007ffca834b477b74a2144564522e944eabff61?s=96&d=mm&r=g\",\"contentUrl\":\"https:\\\/\\\/secure.gravatar.com\\\/avatar\\\/ac5001d2a36cb6c6cd3e50789007ffca834b477b74a2144564522e944eabff61?s=96&d=mm&r=g\",\"caption\":\"thomas.berner\"},\"url\":\"https:\\\/\\\/www.organisator.ch\\\/fr\\\/author\\\/thomas-berner\\\/\"}]}<\/script>\n<!-- \/ Yoast SEO plugin. -->","yoast_head_json":{"title":"Prix SVC Ostschweiz 2022 : Pr\u00e9sentation succincte des six finalistes - Organisateur","description":"Le 10 mars 2022, le Prix SVC Ostschweiz 2022 sera d\u00e9cern\u00e9 devant un millier d'invit\u00e9s. Six PME de Suisse orientale sont en lice pour la finale.","robots":{"index":"index","follow":"follow","max-snippet":"max-snippet:-1","max-image-preview":"max-image-preview:large","max-video-preview":"max-video-preview:-1"},"canonical":"https:\/\/www.organisator.ch\/fr\/gestion-2\/2021-12-29\/prix-svc-ostschweiz-2022-die-sechs-finalisten-kurz-vorgestellt\/","og_locale":"fr_FR","og_type":"article","og_title":"Prix SVC Ostschweiz 2022: Die sechs Finalisten kurz vorgestellt","og_description":"Am 10. M\u00e4rz 2022 wird der Prix SVC Ostschweiz 2022 vor rund 1'000 G\u00e4sten verliehen werden. Sechs Ostschweizer KMU stehen im Final.","og_url":"https:\/\/www.organisator.ch\/fr\/gestion-2\/2021-12-29\/prix-svc-ostschweiz-2022-die-sechs-finalisten-kurz-vorgestellt\/","og_site_name":"Organisator","article_publisher":"https:\/\/www.facebook.com\/OrganisatorFachmagazin","article_published_time":"2021-12-29T09:05:39+00:00","author":"thomas.berner","twitter_card":"summary_large_image","twitter_title":"Prix #SVC #Ostschweiz 2022: Die sechs #Finalisten kurz vorgestellt","twitter_description":"Am 10. M\u00e4rz 2022 wird der #PrixSVCOstschweiz 2022 vor rund 1'000 G\u00e4sten verliehen werden. Sechs #Ostschweizer KMU stehen im Final.","schema":{"@context":"https:\/\/schema.org","@graph":[{"@type":"Article","@id":"https:\/\/www.organisator.ch\/management\/2021-12-29\/prix-svc-ostschweiz-2022-die-sechs-finalisten-kurz-vorgestellt\/#article","isPartOf":{"@id":"https:\/\/www.organisator.ch\/management\/2021-12-29\/prix-svc-ostschweiz-2022-die-sechs-finalisten-kurz-vorgestellt\/"},"author":{"name":"thomas.berner","@id":"https:\/\/www.organisator.ch\/#\/schema\/person\/6f650f90b2842cd4c0cc334b4e36f67e"},"headline":"Prix SVC Ostschweiz 2022: Die sechs Finalisten kurz vorgestellt","datePublished":"2021-12-29T09:05:39+00:00","mainEntityOfPage":{"@id":"https:\/\/www.organisator.ch\/management\/2021-12-29\/prix-svc-ostschweiz-2022-die-sechs-finalisten-kurz-vorgestellt\/"},"wordCount":797,"publisher":{"@id":"https:\/\/www.organisator.ch\/#organization"},"image":{"@id":"https:\/\/www.organisator.ch\/management\/2021-12-29\/prix-svc-ostschweiz-2022-die-sechs-finalisten-kurz-vorgestellt\/#primaryimage"},"thumbnailUrl":"https:\/\/www.organisator.ch\/wp-content\/uploads\/2021\/12\/Prix-SVC-Ostschweiz-2022-Die-sechs-Finalisten-kurz-vorgestellt-_Organisator.jpg","keywords":["Awards","Management und Unternehmensf\u00fchrung","Prix SVC","Unternehmen"],"articleSection":["MANAGEMENT"],"inLanguage":"fr-FR"},{"@type":"WebPage","@id":"https:\/\/www.organisator.ch\/management\/2021-12-29\/prix-svc-ostschweiz-2022-die-sechs-finalisten-kurz-vorgestellt\/","url":"https:\/\/www.organisator.ch\/management\/2021-12-29\/prix-svc-ostschweiz-2022-die-sechs-finalisten-kurz-vorgestellt\/","name":"Prix SVC Ostschweiz 2022 : Pr\u00e9sentation succincte des six finalistes - Organisateur","isPartOf":{"@id":"https:\/\/www.organisator.ch\/#website"},"primaryImageOfPage":{"@id":"https:\/\/www.organisator.ch\/management\/2021-12-29\/prix-svc-ostschweiz-2022-die-sechs-finalisten-kurz-vorgestellt\/#primaryimage"},"image":{"@id":"https:\/\/www.organisator.ch\/management\/2021-12-29\/prix-svc-ostschweiz-2022-die-sechs-finalisten-kurz-vorgestellt\/#primaryimage"},"thumbnailUrl":"https:\/\/www.organisator.ch\/wp-content\/uploads\/2021\/12\/Prix-SVC-Ostschweiz-2022-Die-sechs-Finalisten-kurz-vorgestellt-_Organisator.jpg","datePublished":"2021-12-29T09:05:39+00:00","description":"Le 10 mars 2022, le Prix SVC Ostschweiz 2022 sera d\u00e9cern\u00e9 devant un millier d'invit\u00e9s. Six PME de Suisse orientale sont en lice pour la finale.","breadcrumb":{"@id":"https:\/\/www.organisator.ch\/management\/2021-12-29\/prix-svc-ostschweiz-2022-die-sechs-finalisten-kurz-vorgestellt\/#breadcrumb"},"inLanguage":"fr-FR","potentialAction":[{"@type":"ReadAction","target":["https:\/\/www.organisator.ch\/management\/2021-12-29\/prix-svc-ostschweiz-2022-die-sechs-finalisten-kurz-vorgestellt\/"]}]},{"@type":"ImageObject","inLanguage":"fr-FR","@id":"https:\/\/www.organisator.ch\/management\/2021-12-29\/prix-svc-ostschweiz-2022-die-sechs-finalisten-kurz-vorgestellt\/#primaryimage","url":"https:\/\/www.organisator.ch\/wp-content\/uploads\/2021\/12\/Prix-SVC-Ostschweiz-2022-Die-sechs-Finalisten-kurz-vorgestellt-_Organisator.jpg","contentUrl":"https:\/\/www.organisator.ch\/wp-content\/uploads\/2021\/12\/Prix-SVC-Ostschweiz-2022-Die-sechs-Finalisten-kurz-vorgestellt-_Organisator.jpg","width":680,"height":450,"caption":"2020 gewann die Evatec AG mit CEO Andreas W\u00e4lti den Prix SVC Ostschweiz. Wer darf f\u00fcr den Prix SVC Ostschweiz 2022 jubeln? (Bild: Thomas Berner)"},{"@type":"BreadcrumbList","@id":"https:\/\/www.organisator.ch\/management\/2021-12-29\/prix-svc-ostschweiz-2022-die-sechs-finalisten-kurz-vorgestellt\/#breadcrumb","itemListElement":[{"@type":"ListItem","position":1,"name":"Home","item":"https:\/\/www.organisator.ch\/"},{"@type":"ListItem","position":2,"name":"Prix SVC Ostschweiz 2022: Die sechs Finalisten kurz vorgestellt"}]},{"@type":"WebSite","@id":"https:\/\/www.organisator.ch\/#website","url":"https:\/\/www.organisator.ch\/","name":"Organisateur","description":"Comp\u00e9tence et comp\u00e9tence. Proches de la pratique. L'ORGANISATEUR pr\u00e9pare 10 num\u00e9ros par an sur les th\u00e8mes essentiels pour les dirigeants de PME.","publisher":{"@id":"https:\/\/www.organisator.ch\/#organization"},"potentialAction":[{"@type":"SearchAction","target":{"@type":"EntryPoint","urlTemplate":"https:\/\/www.organisator.ch\/?s={search_term_string}"},"query-input":{"@type":"PropertyValueSpecification","valueRequired":true,"valueName":"search_term_string"}}],"inLanguage":"fr-FR"},{"@type":"Organization","@id":"https:\/\/www.organisator.ch\/#organization","name":"Organisateur","url":"https:\/\/www.organisator.ch\/","logo":{"@type":"ImageObject","inLanguage":"fr-FR","@id":"https:\/\/www.organisator.ch\/#\/schema\/logo\/image\/","url":"https:\/\/www.organisator.ch\/wp-content\/uploads\/2022\/01\/Logo_Organisator_Website.png","contentUrl":"https:\/\/www.organisator.ch\/wp-content\/uploads\/2022\/01\/Logo_Organisator_Website.png","width":800,"height":77,"caption":"Organisator"},"image":{"@id":"https:\/\/www.organisator.ch\/#\/schema\/logo\/image\/"},"sameAs":["https:\/\/www.facebook.com\/OrganisatorFachmagazin","https:\/\/www.linkedin.com\/showcase\/organisator-das-magazin-fr-kmu","https:\/\/www.xing.com\/news\/pages\/organisator-ch-695","https:\/\/www.youtube.com\/channel\/UCGP2Sq0iWaZwT3BdIAQFYpw"]},{"@type":"Person","@id":"https:\/\/www.organisator.ch\/#\/schema\/person\/6f650f90b2842cd4c0cc334b4e36f67e","name":"thomas.berner","image":{"@type":"ImageObject","inLanguage":"fr-FR","@id":"https:\/\/secure.gravatar.com\/avatar\/ac5001d2a36cb6c6cd3e50789007ffca834b477b74a2144564522e944eabff61?s=96&d=mm&r=g","url":"https:\/\/secure.gravatar.com\/avatar\/ac5001d2a36cb6c6cd3e50789007ffca834b477b74a2144564522e944eabff61?s=96&d=mm&r=g","contentUrl":"https:\/\/secure.gravatar.com\/avatar\/ac5001d2a36cb6c6cd3e50789007ffca834b477b74a2144564522e944eabff61?s=96&d=mm&r=g","caption":"thomas.berner"},"url":"https:\/\/www.organisator.ch\/fr\/author\/thomas-berner\/"}]}},"_links":{"self":[{"href":"https:\/\/www.organisator.ch\/fr\/wp-json\/wp\/v2\/posts\/11805","targetHints":{"allow":["GET"]}}],"collection":[{"href":"https:\/\/www.organisator.ch\/fr\/wp-json\/wp\/v2\/posts"}],"about":[{"href":"https:\/\/www.organisator.ch\/fr\/wp-json\/wp\/v2\/types\/post"}],"author":[{"embeddable":true,"href":"https:\/\/www.organisator.ch\/fr\/wp-json\/wp\/v2\/users\/4"}],"replies":[{"embeddable":true,"href":"https:\/\/www.organisator.ch\/fr\/wp-json\/wp\/v2\/comments?post=11805"}],"version-history":[{"count":0,"href":"https:\/\/www.organisator.ch\/fr\/wp-json\/wp\/v2\/posts\/11805\/revisions"}],"wp:featuredmedia":[{"embeddable":true,"href":"https:\/\/www.organisator.ch\/fr\/wp-json\/wp\/v2\/media\/11607"}],"wp:attachment":[{"href":"https:\/\/www.organisator.ch\/fr\/wp-json\/wp\/v2\/media?parent=11805"}],"wp:term":[{"taxonomy":"category","embeddable":true,"href":"https:\/\/www.organisator.ch\/fr\/wp-json\/wp\/v2\/categories?post=11805"},{"taxonomy":"post_tag","embeddable":true,"href":"https:\/\/www.organisator.ch\/fr\/wp-json\/wp\/v2\/tags?post=11805"}],"curies":[{"name":"wp","href":"https:\/\/api.w.org\/{rel}","templated":true}]}}