{"id":11819,"date":"2022-01-12T11:38:37","date_gmt":"2022-01-12T10:38:37","guid":{"rendered":"https:\/\/www.organisator.ch\/?p=9110"},"modified":"2022-01-12T11:38:37","modified_gmt":"2022-01-12T10:38:37","slug":"infoniqa-investiert-in-schweizer-portfolio","status":"publish","type":"post","link":"https:\/\/www.organisator.ch\/fr\/management\/it\/2022-01-12\/infoniqa-investiert-in-schweizer-portfolio\/","title":{"rendered":"Infoniqa investit dans un portefeuille suisse"},"content":{"rendered":"<figure id=\"attachment_9111\" aria-describedby=\"caption-attachment-9111\" style=\"width: 680px\" class=\"wp-caption alignnone\"><a href=\"https:\/\/www.organisator.ch\/wp-content\/uploads\/2022\/01\/Infoniqa-investiert-in-Schweizer-Portfolio_Organisator.jpg\"><img loading=\"lazy\" decoding=\"async\" class=\"size-medium wp-image-9111\" src=\"https:\/\/www.organisator.ch\/wp-content\/uploads\/2022\/01\/Infoniqa-investiert-in-Schweizer-Portfolio_Organisator.jpg\" alt=\"\" width=\"680\" height=\"494\" \/><\/a><figcaption id=\"caption-attachment-9111\" class=\"wp-caption-text\">La base de donn\u00e9es du personnel de Sage 200 Extra dans la nouvelle pr\u00e9sentation dans le cadre d'Infoniqa ONE HCM (Image : Infoniqa)<\/figcaption><\/figure>\n<p>Comme pour la <a href=\"https:\/\/www.organisator.ch\/infoniqa-uebernimmt-sage-schweiz-ag\/\">Reprise des activit\u00e9s suisses de Sage<\/a> la nouvelle entreprise propri\u00e9taire Infoniqa investit activement dans le d\u00e9veloppement des produits et services logiciels locaux. Une s\u00e9rie de nouvelles fonctions et de travaux de base seront r\u00e9alis\u00e9s pour les nouvelles versions des produits suisses Sage 50 Extra et Sage 200 Extra. L'image de marque sera progressivement adapt\u00e9e. \"Avec ces investissements, nous \u00e9largissons \u00e0 long terme les possibilit\u00e9s de nos clients de g\u00e9rer leur entreprise de mani\u00e8re encore plus l\u00e9g\u00e8re et plus simple. Nous ouvrons maintenant la voie \u00e0 des d\u00e9veloppements innovants qui signifient plus de transparence, plus d'automatisation et moins d'administration\", explique Thomas Hersche, directeur g\u00e9n\u00e9ral d'Infoniqa Switzerland Software and Services AG.<\/p>\n<h2><strong>Premi\u00e8re \u00e9tape vers l'int\u00e9gration HCM<\/strong><\/h2>\n<p>Une premi\u00e8re int\u00e9gration a \u00e9t\u00e9 d\u00e9velopp\u00e9e pour Sage 200 Extra et Infoniqa ONE HCM. Celle-ci rend les donn\u00e9es de base du personnel, les d\u00e9comptes de salaire et les certificats de salaire de Sage 200 Extra disponibles dans Infoniqa ONE HCM. D'autres \u00e9tapes d'extension vers une int\u00e9gration compl\u00e8te sont d\u00e9velopp\u00e9es en collaboration avec des clients pilotes et seront disponibles dans les prochaines mises \u00e0 jour. Infoniqa ONE HCM est une solution modulaire bas\u00e9e sur le cloud pour la gestion du capital humain (HCM). Elle permet aux entreprises d'avoir une vue \u00e0 360\u00b0 sur leur personnel et num\u00e9rise tous les domaines des ressources humaines, du recrutement \u00e0 l'e-learning.<\/p>\n<h2><strong>Extension de la connectivit\u00e9 avec l'API REST<\/strong><\/h2>\n<p>De nouveaux services web pour la comptabilit\u00e9 sont lanc\u00e9s chez Sage 50 Extra. Via l'interface Web REST API, toutes les donn\u00e9es financi\u00e8res des comptabilit\u00e9s principales et secondaires peuvent \u00eatre \u00e9chang\u00e9es de mani\u00e8re bidirectionnelle avec des solutions tierces, des applications mobiles et des applications web. Cette nouveaut\u00e9 constitue la base d'autres \u00e9tapes d'extension en collaboration avec Run my Accounts pour les fiduciaires.<\/p>\n<h2><strong>Une gestion des frais plus simple<\/strong><\/h2>\n<p>En outre, une nouvelle fonction de saisie des frais sera livr\u00e9e pour Sage 200 Extra et permettra le paiement des frais directement via la comptabilit\u00e9 des cr\u00e9anciers. Une application mobile pour les frais est d\u00e9j\u00e0 en cours d'\u00e9laboration et devrait \u00eatre disponible en f\u00e9vrier. Elle permettra aux collaborateurs de photographier tr\u00e8s simplement leurs justificatifs, de les compl\u00e9ter par des donn\u00e9es et de les remettre \u00e0 leur sup\u00e9rieur. Celui-ci peut valider les justificatifs de frais en ligne via le Web-Frontend et les transmettre \u00e0 la comptabilit\u00e9 des cr\u00e9anciers. Pour les clients Sage 50 Extra, cette extension figure sur la feuille de route pour l'ann\u00e9e prochaine.<\/p>\n<h2><strong>Microsoft Power BI pour des d\u00e9cisions plus \u00e9clair\u00e9es\u00a0<\/strong><\/h2>\n<p>L'outil d'analyse 'Power BI' est un outil standard de Microsoft, int\u00e9gr\u00e9 dans Office 365. Pour Sage 200 Extra, un mod\u00e8le financier standard est livr\u00e9 avec ses propres tableaux et scripts. Il est ainsi possible - \u00e0 condition d'obtenir une licence pour Power BI - de cr\u00e9er ses propres rapports financiers sur la base des donn\u00e9es de l'entreprise. Infoniqa fournit en outre les premiers rapports financiers et de centres de co\u00fbts pr\u00e9d\u00e9finis dans le mod\u00e8le de donn\u00e9es lui-m\u00eame.<\/p>\n<h2><strong>Rebranding de Sage en Infoniqa achev\u00e9 en avril 2022<\/strong><\/h2>\n<p>L'achat finalis\u00e9 a marqu\u00e9 le d\u00e9but d'une phase de transition pour la nouvelle image de marque de Sage vers Infoniqa. Cette transition sera compl\u00e8tement achev\u00e9e fin avril 2022. Les solutions seront rebrand\u00e9es. Sage Start deviendra Infoniqa ONE Start, Sage 50 Extra deviendra Infoniqa ONE 50 et Sage 200 Extra deviendra Infoniqa ONE 200.<\/p>\n<p><em><a href=\"http:\/\/www.infoniqa.com\">Source et informations compl\u00e9mentaires<\/a><\/em><\/p>","protected":false},"excerpt":{"rendered":"<p>Wie bei der \u00dcbernahme des Schweizer Gesch\u00e4fts von Sage angek\u00fcndigt, investiert das neue Besitzer-Unternehmen Infoniqa aktiv in die Weiterentwicklung der lokalen Software-Produkte und Dienstleistungen. F\u00fcr die neuen Versionen der Schweizer Produkte Sage 50 Extra und Sage 200 Extra werden eine Reihe neuer Funktionen und Basisarbeiten realisiert. Der Markenauftritt wird schrittweise angepasst. \u201eMit den Investitionen erweitern [&hellip;]<\/p>\n","protected":false},"author":4,"featured_media":11624,"comment_status":"closed","ping_status":"closed","sticky":false,"template":"","format":"standard","meta":{"_acf_changed":false,"_yoast_wpseo_focuskw":"Infoniqa","_yoast_wpseo_metadesc":"Nach der \u00dcbernahme von Sage Schweiz setzt Infoniqa bei den von KMU und Treuh\u00e4ndern eingesetzten Produkte Sage 50 Extra und Sage 200 Extra erste Akzente.","articlekey":"","footnotes":""},"categories":[27],"tags":[288,393],"class_list":["post-11819","post","type-post","status-publish","format-standard","has-post-thumbnail","hentry","category-it","tag-it-business-software","tag-produkte"],"acf":[],"yoast_head":"<!-- This site is optimized with the Yoast SEO plugin v27.5 - https:\/\/yoast.com\/product\/yoast-seo-wordpress\/ -->\n<title>Infoniqa investiert in Schweizer Portfolio - Organisator<\/title>\n<meta name=\"description\" content=\"Nach der \u00dcbernahme von Sage Schweiz setzt Infoniqa bei den von KMU und Treuh\u00e4ndern eingesetzten Produkte Sage 50 Extra und Sage 200 Extra erste Akzente.\" \/>\n<meta name=\"robots\" content=\"index, follow, max-snippet:-1, max-image-preview:large, max-video-preview:-1\" \/>\n<link rel=\"canonical\" href=\"https:\/\/www.organisator.ch\/fr\/gestion-2\/it\/2022-01-12\/infoniqa-investiert-in-schweizer-portfolio\/\" \/>\n<meta property=\"og:locale\" content=\"fr_FR\" \/>\n<meta property=\"og:type\" content=\"article\" \/>\n<meta property=\"og:title\" content=\"Infoniqa investiert in Schweizer Portfolio\" \/>\n<meta property=\"og:description\" content=\"Nach der \u00dcbernahme von Sage Schweiz setzt Infoniqa bei den von KMU und Treuh\u00e4ndern eingesetzten Produkte Sage 50 Extra und Sage 200 Extra erste Akzente.\" \/>\n<meta property=\"og:url\" content=\"https:\/\/www.organisator.ch\/fr\/gestion-2\/it\/2022-01-12\/infoniqa-investiert-in-schweizer-portfolio\/\" \/>\n<meta property=\"og:site_name\" content=\"Organisator\" \/>\n<meta property=\"article:publisher\" content=\"https:\/\/www.facebook.com\/OrganisatorFachmagazin\" \/>\n<meta property=\"article:published_time\" content=\"2022-01-12T10:38:37+00:00\" \/>\n<meta name=\"author\" content=\"thomas.berner\" \/>\n<meta name=\"twitter:card\" content=\"summary_large_image\" \/>\n<meta name=\"twitter:title\" content=\"#Infoniqa investiert in Schweizer Portfolio\" \/>\n<meta name=\"twitter:description\" content=\"Nach der \u00dcbernahme von #SageSchweiz setzt #Infoniqa bei den von KMU und Treuh\u00e4ndern eingesetzten Produkte Sage 50 Extra und Sage 200 Extra erste Akzente.\" \/>\n<script type=\"application\/ld+json\" class=\"yoast-schema-graph\">{\"@context\":\"https:\\\/\\\/schema.org\",\"@graph\":[{\"@type\":\"Article\",\"@id\":\"https:\\\/\\\/www.organisator.ch\\\/management\\\/it\\\/2022-01-12\\\/infoniqa-investiert-in-schweizer-portfolio\\\/#article\",\"isPartOf\":{\"@id\":\"https:\\\/\\\/www.organisator.ch\\\/management\\\/it\\\/2022-01-12\\\/infoniqa-investiert-in-schweizer-portfolio\\\/\"},\"author\":{\"name\":\"thomas.berner\",\"@id\":\"https:\\\/\\\/www.organisator.ch\\\/#\\\/schema\\\/person\\\/6f650f90b2842cd4c0cc334b4e36f67e\"},\"headline\":\"Infoniqa investiert in Schweizer Portfolio\",\"datePublished\":\"2022-01-12T10:38:37+00:00\",\"mainEntityOfPage\":{\"@id\":\"https:\\\/\\\/www.organisator.ch\\\/management\\\/it\\\/2022-01-12\\\/infoniqa-investiert-in-schweizer-portfolio\\\/\"},\"wordCount\":492,\"publisher\":{\"@id\":\"https:\\\/\\\/www.organisator.ch\\\/#organization\"},\"image\":{\"@id\":\"https:\\\/\\\/www.organisator.ch\\\/management\\\/it\\\/2022-01-12\\\/infoniqa-investiert-in-schweizer-portfolio\\\/#primaryimage\"},\"thumbnailUrl\":\"https:\\\/\\\/www.organisator.ch\\\/wp-content\\\/uploads\\\/2022\\\/01\\\/Infoniqa-investiert-in-Schweizer-Portfolio_Organisator.jpg\",\"keywords\":[\"IT &amp; Business Software\",\"Produkte\"],\"articleSection\":[\"IT\"],\"inLanguage\":\"fr-FR\"},{\"@type\":\"WebPage\",\"@id\":\"https:\\\/\\\/www.organisator.ch\\\/management\\\/it\\\/2022-01-12\\\/infoniqa-investiert-in-schweizer-portfolio\\\/\",\"url\":\"https:\\\/\\\/www.organisator.ch\\\/management\\\/it\\\/2022-01-12\\\/infoniqa-investiert-in-schweizer-portfolio\\\/\",\"name\":\"Infoniqa investiert in Schweizer Portfolio - Organisator\",\"isPartOf\":{\"@id\":\"https:\\\/\\\/www.organisator.ch\\\/#website\"},\"primaryImageOfPage\":{\"@id\":\"https:\\\/\\\/www.organisator.ch\\\/management\\\/it\\\/2022-01-12\\\/infoniqa-investiert-in-schweizer-portfolio\\\/#primaryimage\"},\"image\":{\"@id\":\"https:\\\/\\\/www.organisator.ch\\\/management\\\/it\\\/2022-01-12\\\/infoniqa-investiert-in-schweizer-portfolio\\\/#primaryimage\"},\"thumbnailUrl\":\"https:\\\/\\\/www.organisator.ch\\\/wp-content\\\/uploads\\\/2022\\\/01\\\/Infoniqa-investiert-in-Schweizer-Portfolio_Organisator.jpg\",\"datePublished\":\"2022-01-12T10:38:37+00:00\",\"description\":\"Nach der \u00dcbernahme von Sage Schweiz setzt Infoniqa bei den von KMU und Treuh\u00e4ndern eingesetzten Produkte Sage 50 Extra und Sage 200 Extra erste Akzente.\",\"breadcrumb\":{\"@id\":\"https:\\\/\\\/www.organisator.ch\\\/management\\\/it\\\/2022-01-12\\\/infoniqa-investiert-in-schweizer-portfolio\\\/#breadcrumb\"},\"inLanguage\":\"fr-FR\",\"potentialAction\":[{\"@type\":\"ReadAction\",\"target\":[\"https:\\\/\\\/www.organisator.ch\\\/management\\\/it\\\/2022-01-12\\\/infoniqa-investiert-in-schweizer-portfolio\\\/\"]}]},{\"@type\":\"ImageObject\",\"inLanguage\":\"fr-FR\",\"@id\":\"https:\\\/\\\/www.organisator.ch\\\/management\\\/it\\\/2022-01-12\\\/infoniqa-investiert-in-schweizer-portfolio\\\/#primaryimage\",\"url\":\"https:\\\/\\\/www.organisator.ch\\\/wp-content\\\/uploads\\\/2022\\\/01\\\/Infoniqa-investiert-in-Schweizer-Portfolio_Organisator.jpg\",\"contentUrl\":\"https:\\\/\\\/www.organisator.ch\\\/wp-content\\\/uploads\\\/2022\\\/01\\\/Infoniqa-investiert-in-Schweizer-Portfolio_Organisator.jpg\",\"width\":680,\"height\":494,\"caption\":\"Die ehemaligen Sage-Produkte erhalten nun das Branding von Infoniqa: Personalstamm aus Sage 200 Extra in Infoniqa ONE HCM (Bild: Infoniqa)\"},{\"@type\":\"BreadcrumbList\",\"@id\":\"https:\\\/\\\/www.organisator.ch\\\/management\\\/it\\\/2022-01-12\\\/infoniqa-investiert-in-schweizer-portfolio\\\/#breadcrumb\",\"itemListElement\":[{\"@type\":\"ListItem\",\"position\":1,\"name\":\"Home\",\"item\":\"https:\\\/\\\/www.organisator.ch\\\/\"},{\"@type\":\"ListItem\",\"position\":2,\"name\":\"Infoniqa investiert in Schweizer Portfolio\"}]},{\"@type\":\"WebSite\",\"@id\":\"https:\\\/\\\/www.organisator.ch\\\/#website\",\"url\":\"https:\\\/\\\/www.organisator.ch\\\/\",\"name\":\"Organisator\",\"description\":\"Kompetent. Praxisnah. Der ORGANISATOR bereitet in 10 Ausgaben pro Jahr die wesentlichen Themen f\u00fcr F\u00fchrungskr\u00e4fte von KMU auf.\",\"publisher\":{\"@id\":\"https:\\\/\\\/www.organisator.ch\\\/#organization\"},\"potentialAction\":[{\"@type\":\"SearchAction\",\"target\":{\"@type\":\"EntryPoint\",\"urlTemplate\":\"https:\\\/\\\/www.organisator.ch\\\/?s={search_term_string}\"},\"query-input\":{\"@type\":\"PropertyValueSpecification\",\"valueRequired\":true,\"valueName\":\"search_term_string\"}}],\"inLanguage\":\"fr-FR\"},{\"@type\":\"Organization\",\"@id\":\"https:\\\/\\\/www.organisator.ch\\\/#organization\",\"name\":\"Organisator\",\"url\":\"https:\\\/\\\/www.organisator.ch\\\/\",\"logo\":{\"@type\":\"ImageObject\",\"inLanguage\":\"fr-FR\",\"@id\":\"https:\\\/\\\/www.organisator.ch\\\/#\\\/schema\\\/logo\\\/image\\\/\",\"url\":\"https:\\\/\\\/www.organisator.ch\\\/wp-content\\\/uploads\\\/2022\\\/01\\\/Logo_Organisator_Website.png\",\"contentUrl\":\"https:\\\/\\\/www.organisator.ch\\\/wp-content\\\/uploads\\\/2022\\\/01\\\/Logo_Organisator_Website.png\",\"width\":800,\"height\":77,\"caption\":\"Organisator\"},\"image\":{\"@id\":\"https:\\\/\\\/www.organisator.ch\\\/#\\\/schema\\\/logo\\\/image\\\/\"},\"sameAs\":[\"https:\\\/\\\/www.facebook.com\\\/OrganisatorFachmagazin\",\"https:\\\/\\\/www.linkedin.com\\\/showcase\\\/organisator-das-magazin-fr-kmu\",\"https:\\\/\\\/www.xing.com\\\/news\\\/pages\\\/organisator-ch-695\",\"https:\\\/\\\/www.youtube.com\\\/channel\\\/UCGP2Sq0iWaZwT3BdIAQFYpw\"]},{\"@type\":\"Person\",\"@id\":\"https:\\\/\\\/www.organisator.ch\\\/#\\\/schema\\\/person\\\/6f650f90b2842cd4c0cc334b4e36f67e\",\"name\":\"thomas.berner\",\"image\":{\"@type\":\"ImageObject\",\"inLanguage\":\"fr-FR\",\"@id\":\"https:\\\/\\\/secure.gravatar.com\\\/avatar\\\/ac5001d2a36cb6c6cd3e50789007ffca834b477b74a2144564522e944eabff61?s=96&d=mm&r=g\",\"url\":\"https:\\\/\\\/secure.gravatar.com\\\/avatar\\\/ac5001d2a36cb6c6cd3e50789007ffca834b477b74a2144564522e944eabff61?s=96&d=mm&r=g\",\"contentUrl\":\"https:\\\/\\\/secure.gravatar.com\\\/avatar\\\/ac5001d2a36cb6c6cd3e50789007ffca834b477b74a2144564522e944eabff61?s=96&d=mm&r=g\",\"caption\":\"thomas.berner\"},\"url\":\"https:\\\/\\\/www.organisator.ch\\\/fr\\\/author\\\/thomas-berner\\\/\"}]}<\/script>\n<!-- \/ Yoast SEO plugin. -->","yoast_head_json":{"title":"Infoniqa investit dans un portefeuille suisse - Organisateur","description":"Apr\u00e8s le rachat de Sage Suisse, Infoniqa met l'accent sur les produits Sage 50 Extra et Sage 200 Extra utilis\u00e9s par les PME et les fiduciaires.","robots":{"index":"index","follow":"follow","max-snippet":"max-snippet:-1","max-image-preview":"max-image-preview:large","max-video-preview":"max-video-preview:-1"},"canonical":"https:\/\/www.organisator.ch\/fr\/gestion-2\/it\/2022-01-12\/infoniqa-investiert-in-schweizer-portfolio\/","og_locale":"fr_FR","og_type":"article","og_title":"Infoniqa investiert in Schweizer Portfolio","og_description":"Nach der \u00dcbernahme von Sage Schweiz setzt Infoniqa bei den von KMU und Treuh\u00e4ndern eingesetzten Produkte Sage 50 Extra und Sage 200 Extra erste Akzente.","og_url":"https:\/\/www.organisator.ch\/fr\/gestion-2\/it\/2022-01-12\/infoniqa-investiert-in-schweizer-portfolio\/","og_site_name":"Organisator","article_publisher":"https:\/\/www.facebook.com\/OrganisatorFachmagazin","article_published_time":"2022-01-12T10:38:37+00:00","author":"thomas.berner","twitter_card":"summary_large_image","twitter_title":"#Infoniqa investiert in Schweizer Portfolio","twitter_description":"Nach der \u00dcbernahme von #SageSchweiz setzt #Infoniqa bei den von KMU und Treuh\u00e4ndern eingesetzten Produkte Sage 50 Extra und Sage 200 Extra erste Akzente.","schema":{"@context":"https:\/\/schema.org","@graph":[{"@type":"Article","@id":"https:\/\/www.organisator.ch\/management\/it\/2022-01-12\/infoniqa-investiert-in-schweizer-portfolio\/#article","isPartOf":{"@id":"https:\/\/www.organisator.ch\/management\/it\/2022-01-12\/infoniqa-investiert-in-schweizer-portfolio\/"},"author":{"name":"thomas.berner","@id":"https:\/\/www.organisator.ch\/#\/schema\/person\/6f650f90b2842cd4c0cc334b4e36f67e"},"headline":"Infoniqa investiert in Schweizer Portfolio","datePublished":"2022-01-12T10:38:37+00:00","mainEntityOfPage":{"@id":"https:\/\/www.organisator.ch\/management\/it\/2022-01-12\/infoniqa-investiert-in-schweizer-portfolio\/"},"wordCount":492,"publisher":{"@id":"https:\/\/www.organisator.ch\/#organization"},"image":{"@id":"https:\/\/www.organisator.ch\/management\/it\/2022-01-12\/infoniqa-investiert-in-schweizer-portfolio\/#primaryimage"},"thumbnailUrl":"https:\/\/www.organisator.ch\/wp-content\/uploads\/2022\/01\/Infoniqa-investiert-in-Schweizer-Portfolio_Organisator.jpg","keywords":["IT &amp; Business Software","Produkte"],"articleSection":["IT"],"inLanguage":"fr-FR"},{"@type":"WebPage","@id":"https:\/\/www.organisator.ch\/management\/it\/2022-01-12\/infoniqa-investiert-in-schweizer-portfolio\/","url":"https:\/\/www.organisator.ch\/management\/it\/2022-01-12\/infoniqa-investiert-in-schweizer-portfolio\/","name":"Infoniqa investit dans un portefeuille suisse - Organisateur","isPartOf":{"@id":"https:\/\/www.organisator.ch\/#website"},"primaryImageOfPage":{"@id":"https:\/\/www.organisator.ch\/management\/it\/2022-01-12\/infoniqa-investiert-in-schweizer-portfolio\/#primaryimage"},"image":{"@id":"https:\/\/www.organisator.ch\/management\/it\/2022-01-12\/infoniqa-investiert-in-schweizer-portfolio\/#primaryimage"},"thumbnailUrl":"https:\/\/www.organisator.ch\/wp-content\/uploads\/2022\/01\/Infoniqa-investiert-in-Schweizer-Portfolio_Organisator.jpg","datePublished":"2022-01-12T10:38:37+00:00","description":"Apr\u00e8s le rachat de Sage Suisse, Infoniqa met l'accent sur les produits Sage 50 Extra et Sage 200 Extra utilis\u00e9s par les PME et les fiduciaires.","breadcrumb":{"@id":"https:\/\/www.organisator.ch\/management\/it\/2022-01-12\/infoniqa-investiert-in-schweizer-portfolio\/#breadcrumb"},"inLanguage":"fr-FR","potentialAction":[{"@type":"ReadAction","target":["https:\/\/www.organisator.ch\/management\/it\/2022-01-12\/infoniqa-investiert-in-schweizer-portfolio\/"]}]},{"@type":"ImageObject","inLanguage":"fr-FR","@id":"https:\/\/www.organisator.ch\/management\/it\/2022-01-12\/infoniqa-investiert-in-schweizer-portfolio\/#primaryimage","url":"https:\/\/www.organisator.ch\/wp-content\/uploads\/2022\/01\/Infoniqa-investiert-in-Schweizer-Portfolio_Organisator.jpg","contentUrl":"https:\/\/www.organisator.ch\/wp-content\/uploads\/2022\/01\/Infoniqa-investiert-in-Schweizer-Portfolio_Organisator.jpg","width":680,"height":494,"caption":"Die ehemaligen Sage-Produkte erhalten nun das Branding von Infoniqa: Personalstamm aus Sage 200 Extra in Infoniqa ONE HCM (Bild: Infoniqa)"},{"@type":"BreadcrumbList","@id":"https:\/\/www.organisator.ch\/management\/it\/2022-01-12\/infoniqa-investiert-in-schweizer-portfolio\/#breadcrumb","itemListElement":[{"@type":"ListItem","position":1,"name":"Home","item":"https:\/\/www.organisator.ch\/"},{"@type":"ListItem","position":2,"name":"Infoniqa investiert in Schweizer Portfolio"}]},{"@type":"WebSite","@id":"https:\/\/www.organisator.ch\/#website","url":"https:\/\/www.organisator.ch\/","name":"Organisateur","description":"Comp\u00e9tence et comp\u00e9tence. Proches de la pratique. L'ORGANISATEUR pr\u00e9pare 10 num\u00e9ros par an sur les th\u00e8mes essentiels pour les dirigeants de PME.","publisher":{"@id":"https:\/\/www.organisator.ch\/#organization"},"potentialAction":[{"@type":"SearchAction","target":{"@type":"EntryPoint","urlTemplate":"https:\/\/www.organisator.ch\/?s={search_term_string}"},"query-input":{"@type":"PropertyValueSpecification","valueRequired":true,"valueName":"search_term_string"}}],"inLanguage":"fr-FR"},{"@type":"Organization","@id":"https:\/\/www.organisator.ch\/#organization","name":"Organisateur","url":"https:\/\/www.organisator.ch\/","logo":{"@type":"ImageObject","inLanguage":"fr-FR","@id":"https:\/\/www.organisator.ch\/#\/schema\/logo\/image\/","url":"https:\/\/www.organisator.ch\/wp-content\/uploads\/2022\/01\/Logo_Organisator_Website.png","contentUrl":"https:\/\/www.organisator.ch\/wp-content\/uploads\/2022\/01\/Logo_Organisator_Website.png","width":800,"height":77,"caption":"Organisator"},"image":{"@id":"https:\/\/www.organisator.ch\/#\/schema\/logo\/image\/"},"sameAs":["https:\/\/www.facebook.com\/OrganisatorFachmagazin","https:\/\/www.linkedin.com\/showcase\/organisator-das-magazin-fr-kmu","https:\/\/www.xing.com\/news\/pages\/organisator-ch-695","https:\/\/www.youtube.com\/channel\/UCGP2Sq0iWaZwT3BdIAQFYpw"]},{"@type":"Person","@id":"https:\/\/www.organisator.ch\/#\/schema\/person\/6f650f90b2842cd4c0cc334b4e36f67e","name":"thomas.berner","image":{"@type":"ImageObject","inLanguage":"fr-FR","@id":"https:\/\/secure.gravatar.com\/avatar\/ac5001d2a36cb6c6cd3e50789007ffca834b477b74a2144564522e944eabff61?s=96&d=mm&r=g","url":"https:\/\/secure.gravatar.com\/avatar\/ac5001d2a36cb6c6cd3e50789007ffca834b477b74a2144564522e944eabff61?s=96&d=mm&r=g","contentUrl":"https:\/\/secure.gravatar.com\/avatar\/ac5001d2a36cb6c6cd3e50789007ffca834b477b74a2144564522e944eabff61?s=96&d=mm&r=g","caption":"thomas.berner"},"url":"https:\/\/www.organisator.ch\/fr\/author\/thomas-berner\/"}]}},"_links":{"self":[{"href":"https:\/\/www.organisator.ch\/fr\/wp-json\/wp\/v2\/posts\/11819","targetHints":{"allow":["GET"]}}],"collection":[{"href":"https:\/\/www.organisator.ch\/fr\/wp-json\/wp\/v2\/posts"}],"about":[{"href":"https:\/\/www.organisator.ch\/fr\/wp-json\/wp\/v2\/types\/post"}],"author":[{"embeddable":true,"href":"https:\/\/www.organisator.ch\/fr\/wp-json\/wp\/v2\/users\/4"}],"replies":[{"embeddable":true,"href":"https:\/\/www.organisator.ch\/fr\/wp-json\/wp\/v2\/comments?post=11819"}],"version-history":[{"count":0,"href":"https:\/\/www.organisator.ch\/fr\/wp-json\/wp\/v2\/posts\/11819\/revisions"}],"wp:featuredmedia":[{"embeddable":true,"href":"https:\/\/www.organisator.ch\/fr\/wp-json\/wp\/v2\/media\/11624"}],"wp:attachment":[{"href":"https:\/\/www.organisator.ch\/fr\/wp-json\/wp\/v2\/media?parent=11819"}],"wp:term":[{"taxonomy":"category","embeddable":true,"href":"https:\/\/www.organisator.ch\/fr\/wp-json\/wp\/v2\/categories?post=11819"},{"taxonomy":"post_tag","embeddable":true,"href":"https:\/\/www.organisator.ch\/fr\/wp-json\/wp\/v2\/tags?post=11819"}],"curies":[{"name":"wp","href":"https:\/\/api.w.org\/{rel}","templated":true}]}}