{"id":11821,"date":"2022-01-13T10:18:03","date_gmt":"2022-01-13T09:18:03","guid":{"rendered":"https:\/\/www.organisator.ch\/?p=9117"},"modified":"2022-01-13T10:18:03","modified_gmt":"2022-01-13T09:18:03","slug":"arbeitsmaerkte-haben-sich-weitgehend-erholt","status":"publish","type":"post","link":"https:\/\/www.organisator.ch\/fr\/human-resources\/hrm\/2022-01-13\/arbeitsmaerkte-haben-sich-weitgehend-erholt\/","title":{"rendered":"Les march\u00e9s du travail se sont largement r\u00e9tablis"},"content":{"rendered":"<figure id=\"attachment_9118\" aria-describedby=\"caption-attachment-9118\" style=\"width: 680px\" class=\"wp-caption alignnone\"><a href=\"https:\/\/www.organisator.ch\/wp-content\/uploads\/2022\/01\/Arbeitsmaerkte-haben-sich-weitgehend-erholt-1_Organisator.jpg\"><img loading=\"lazy\" decoding=\"async\" class=\"size-medium wp-image-9118\" src=\"https:\/\/www.organisator.ch\/wp-content\/uploads\/2022\/01\/Arbeitsmaerkte-haben-sich-weitgehend-erholt-1_Organisator.jpg\" alt=\"\" width=\"680\" height=\"372\" \/><\/a><figcaption id=\"caption-attachment-9118\" class=\"wp-caption-text\">\"Nous recrutons\", c'est ce que disent \u00e0 nouveau de nombreuses entreprises : Le march\u00e9 du travail s'est largement r\u00e9tabli. (Image : Pixabay.com)<\/figcaption><\/figure>\n<p>En mars 2020, le premier lockdown Corona a entra\u00een\u00e9 une chute drastique du march\u00e9 de l'emploi. Pr\u00e8s de deux ans plus tard, nous assistons \u00e0 une reprise \u00e9conomique fulgurante, comme le montrent diff\u00e9rentes \u00e9valuations concordantes. Ainsi, selon l'Adecco Group Swiss Job Market Index, les entreprises publient 39% de postes suppl\u00e9mentaires au 4e trimestre 2021 par rapport au m\u00eame trimestre de l'ann\u00e9e pr\u00e9c\u00e9dente. La plupart des groupes professionnels peuvent se r\u00e9jouir d'une demande nettement accrue. Toutes les grandes r\u00e9gions de Suisse profitent \u00e9galement d'une reprise g\u00e9n\u00e9ralis\u00e9e des march\u00e9s de l'emploi. Dans l'Espace Mittelland, ce sont les sp\u00e9cialistes de la technique (+50%) (p. ex. ing\u00e9nieurs et sp\u00e9cialistes comparables) qui en profitent le plus, et en Suisse centrale, les professions universitaires MINT et de la sant\u00e9 (+48%) (p. ex. m\u00e9decins, pharmaciens, infirmiers, etc.). En Suisse du Nord-Ouest, ce sont surtout les sp\u00e9cialistes des services et de la vente (+54%) (p. ex. vendeurs) et les professions universitaires de l'\u00e9conomie et du social (+45%) (p. ex. sp\u00e9cialistes des sciences sociales et professions culturelles) qui jouissent d'une forte croissance de l'emploi.<\/p>\n<figure id=\"attachment_9119\" aria-describedby=\"caption-attachment-9119\" style=\"width: 680px\" class=\"wp-caption alignnone\"><a href=\"https:\/\/www.organisator.ch\/wp-content\/uploads\/2022\/01\/Arbeitsmaerkte-haben-sich-weitgehend-erholt-2_Organisator.jpg\"><img loading=\"lazy\" decoding=\"async\" class=\"size-medium wp-image-9119\" src=\"https:\/\/www.organisator.ch\/wp-content\/uploads\/2022\/01\/Arbeitsmaerkte-haben-sich-weitgehend-erholt-2_Organisator.jpg\" alt=\"\" width=\"680\" height=\"352\" \/><\/a><figcaption id=\"caption-attachment-9119\" class=\"wp-caption-text\">Variation de l'indice du march\u00e9 de l'emploi au cours des derniers mois (source : Adecco Group)<\/figcaption><\/figure>\n<h2><strong>O\u00f9 la p\u00e9nurie de main-d'\u0153uvre qualifi\u00e9e est la plus aigu\u00eb<\/strong><\/h2>\n<p>Le barom\u00e8tre du march\u00e9 de l'emploi du prestataire de services d'outplacement von Rundstedt constate \u00e9galement une bonne reprise des march\u00e9s du travail. Apr\u00e8s une nette c\u00e9sure en 2020, certains secteurs recherchent \u00e0 nouveau intensivement du personnel. Selon l'Adecco Group Swiss Job Market Index, les professionnels de l'artisanat et les auxiliaires (+23%), qui comprennent entre autres les polym\u00e9caniciens, les artisans de pr\u00e9cision (p. ex. horlogers et microm\u00e9caniciens) et les m\u00e9tiers de l'agroalimentaire (p. ex. Les ouvriers qualifi\u00e9s de la bureautique et de l'administration (+21%) (p.ex. employ\u00e9s de bureau et de secr\u00e9tariat) et les ouvriers qualifi\u00e9s des services et de la vente (+17%) (p.ex. employ\u00e9s de vente et d'assistance) sont ceux qui ont connu la plus forte augmentation en pourcentage.)<\/p>\n<h2><strong>Moins de licenciements en raison des mesures de r\u00e9duction<\/strong><\/h2>\n<p>D'un autre c\u00f4t\u00e9, beaucoup moins de licenciements ont \u00e9t\u00e9 prononc\u00e9s en 2021 en raison de mesures de r\u00e9duction des effectifs, \u00e0 savoir seulement 23 pour cent, selon von Rundstedt. Mais une autre valeur attire l'attention : avec 25 pour cent, un nombre relativement \u00e9lev\u00e9 de licenciements individuels ont \u00e9t\u00e9 prononc\u00e9s en 2021 en raison d'\u00e9carts de performance. Mais ce qui est r\u00e9jouissant, c'est que les personnes licenci\u00e9es trouvent \u00e0 nouveau un nouvel emploi beaucoup plus rapidement qu'il y a un an. La dur\u00e9e moyenne de recherche est pass\u00e9e de 6,9 \u00e0 5,3 mois. La situation s'est particuli\u00e8rement am\u00e9lior\u00e9e chez les plus de 50 ans : la dur\u00e9e de recherche passe de 8,3 \u00e0 6,9 mois. Cette valeur est m\u00eame inf\u00e9rieure \u00e0 celle de 2019. Cette \u00e9volution fondamentalement r\u00e9jouissante ne doit cependant pas faire oublier qu'il existe toujours une grande diff\u00e9rence entre les profils commercialisables et les profils difficiles dans toutes les classes d'\u00e2ge, comme on peut le lire. La dur\u00e9e de recherche varie en effet de 3,2 mois (profils l\u00e9gers commercialisables) \u00e0 9,2 mois (profils difficiles). Cela illustre le fait que, malgr\u00e9 la p\u00e9nurie de main-d'\u0153uvre qualifi\u00e9e, il est toujours difficile pour certaines personnes de trouver un nouvel emploi. Cette polarisation entre les gagnants et les perdants sur le march\u00e9 du travail ne cesse de s'accentuer dans le cadre de la transformation num\u00e9rique. La p\u00e9nurie de main-d'\u0153uvre qualifi\u00e9e n'y change rien.<\/p>\n<h2><strong>Une plus grande mobilit\u00e9 sectorielle<\/strong><\/h2>\n<p>Gr\u00e2ce \u00e0 la p\u00e9nurie de main-d'\u0153uvre qualifi\u00e9e, les entreprises sont toutefois plus dispos\u00e9es \u00e0 prendre en compte des candidats \u00e9trangers \u00e0 la branche, selon une autre constatation de von Rundstedt. La mobilit\u00e9 sectorielle a atteint une valeur record de 52 pour cent en 2021. C'est une bonne nouvelle, car c'est pr\u00e9cis\u00e9ment de cette flexibilit\u00e9 dont a besoin le march\u00e9 du travail dans un grand changement structurel comme la transformation num\u00e9rique, \u00e9crit von Rundstedt \u00e0 ce sujet. Ces chiffres prouveraient qu'il existe un lien de causalit\u00e9 entre la p\u00e9nurie de main-d'\u0153uvre qualifi\u00e9e, la flexibilit\u00e9 de s\u00e9lection et les possibilit\u00e9s de mobilit\u00e9 des candidats. La situation difficile dans certains secteurs en raison de COVID-19 y a certainement contribu\u00e9, car de nombreuses personnes ont d\u00fb changer de m\u00e9tier et se reconvertir.<\/p>\n<h2><strong>Ce ne sont pas seulement les march\u00e9s du travail qui changent, mais le monde du travail dans son ensemble<\/strong><\/h2>\n<p>La pand\u00e9mie Corona a modifi\u00e9 le march\u00e9 du travail et le monde du travail dans son ensemble. Ainsi, l'acceptation et la propagation du travail \u00e0 domicile dans les entreprises ont fortement augment\u00e9 dans le monde entier, comme l'a constat\u00e9 une \u00e9tude commune de l'OCDE et du site d'emploi Indeed. Selon cette \u00e9tude, la proportion a nettement augment\u00e9 dans la plupart des pays de la communaut\u00e9 internationale (\u00e0 quelques exceptions pr\u00e8s). Notamment l\u00e0 o\u00f9 les mesures visant \u00e0 endiguer la pand\u00e9mie \u00e9taient particuli\u00e8rement strictes. Mais m\u00eame apr\u00e8s leur assouplissement, le recul souvent pronostiqu\u00e9 n'est gu\u00e8re devenu r\u00e9alit\u00e9, bien au contraire. Dans l'ensemble, la proportion moyenne de t\u00e9l\u00e9travail dans les 20 pays de l'OCDE \u00e9tudi\u00e9s a plus que tripl\u00e9 depuis le d\u00e9but de la pand\u00e9mie, selon l'\u00e9tude. Alors qu'en janvier 2020, \u00e0 peine 2,5 pour cent des offres d'emploi mentionnaient cette option, ce chiffre atteignait 7,9 pour cent en avril 2021. Cette augmentation \u00e9tait en grande partie due aux restrictions impos\u00e9es par la pand\u00e9mie, qui ont entra\u00een\u00e9 une forte acceptation du travail \u00e0 domicile - dans les emplois qui peuvent facilement \u00eatre effectu\u00e9s \u00e0 la maison. Malgr\u00e9 l'assouplissement des mesures, le pourcentage moyen d'annonces de travail \u00e0 domicile est rest\u00e9 proche de son maximum, soit 7,5 % en septembre 2021. En Suisse, elle \u00e9tait \u00e0 cette date de 7,08 pour cent et se situe actuellement \u00e0 7,2 pour cent.<\/p>\n<p><em>Sources : <a href=\"http:\/\/www.rundstedt.ch\">von Rundstedt<\/a>, <\/em><a href=\"http:\/\/www.adeccogroup.ch\"><em>Groupe Adecco<\/em><\/a><em>, <a href=\"https:\/\/ch.indeed.com\/\">Indeed<\/a><\/em><\/p>","protected":false},"excerpt":{"rendered":"<p>Im M\u00e4rz 2020 f\u00fchrte der erste Corona-Lockdown zu einem drastischen Einbruch des Stellenmarktes. Knapp zwei Jahre sp\u00e4ter sehen wir eine rasante wirtschaftliche Erholung, wie verschiedene Auswertungen \u00fcbereinstimmend zeigen. So schreiben gem\u00e4ss dem Adecco Group Swiss Job Market Index im 4. Quartal 2021 Unternehmen 39% mehr Stellen aus als im Vorjahresquartal. Dabei k\u00f6nnen sich die meisten [&hellip;]<\/p>\n","protected":false},"author":4,"featured_media":11626,"comment_status":"closed","ping_status":"closed","sticky":false,"template":"","format":"standard","meta":{"_acf_changed":false,"_yoast_wpseo_focuskw":"Arbeitsm\u00e4rkte","_yoast_wpseo_metadesc":"Verschiedene Indikatoren zeigen, dass die Arbeitsm\u00e4rkte sich vom \u00abCovid-Schock\u00bb weitgehend erholt haben. Einige Zahlen sind sogar noch besser als zuvor.","articlekey":"","footnotes":""},"categories":[26],"tags":[47,254,459],"class_list":["post-11821","post","type-post","status-publish","format-standard","has-post-thumbnail","hentry","category-hrm","tag-arbeitsmarkt","tag-hrm","tag-studie"],"acf":[],"yoast_head":"<!-- This site is optimized with the Yoast SEO plugin v27.5 - https:\/\/yoast.com\/product\/yoast-seo-wordpress\/ -->\n<title>Arbeitsm\u00e4rkte haben sich weitgehend erholt - Organisator<\/title>\n<meta name=\"description\" content=\"Verschiedene Indikatoren zeigen, dass die Arbeitsm\u00e4rkte sich vom \u00abCovid-Schock\u00bb weitgehend erholt haben. Einige Zahlen sind sogar noch besser als zuvor.\" \/>\n<meta name=\"robots\" content=\"index, follow, max-snippet:-1, max-image-preview:large, max-video-preview:-1\" \/>\n<link rel=\"canonical\" href=\"https:\/\/www.organisator.ch\/fr\/ressources-humaines\/hrm\/2022-01-13\/arbeitsmaerkte-haben-sich-weitgehend-erholt\/\" \/>\n<meta property=\"og:locale\" content=\"fr_FR\" \/>\n<meta property=\"og:type\" content=\"article\" \/>\n<meta property=\"og:title\" content=\"Arbeitsm\u00e4rkte haben sich weitgehend erholt\" \/>\n<meta property=\"og:description\" content=\"Verschiedene Indikatoren zeigen, dass die Arbeitsm\u00e4rkte sich vom \u00abCovid-Schock\u00bb weitgehend erholt haben. Einige Zahlen sind sogar noch besser als zuvor.\" \/>\n<meta property=\"og:url\" content=\"https:\/\/www.organisator.ch\/fr\/ressources-humaines\/hrm\/2022-01-13\/arbeitsmaerkte-haben-sich-weitgehend-erholt\/\" \/>\n<meta property=\"og:site_name\" content=\"Organisator\" \/>\n<meta property=\"article:publisher\" content=\"https:\/\/www.facebook.com\/OrganisatorFachmagazin\" \/>\n<meta property=\"article:published_time\" content=\"2022-01-13T09:18:03+00:00\" \/>\n<meta name=\"author\" content=\"thomas.berner\" \/>\n<meta name=\"twitter:card\" content=\"summary_large_image\" \/>\n<meta name=\"twitter:title\" content=\"#Arbeitsm\u00e4rkte haben sich weitgehend erholt\" \/>\n<meta name=\"twitter:description\" content=\"Verschiedene #Indikatoren zeigen, dass die #Arbeitsm\u00e4rkte sich vom #\u00abCovid-Schock\u00bb weitgehend erholt haben. Einige Zahlen sind sogar noch besser als zuvor.\" \/>\n<script type=\"application\/ld+json\" class=\"yoast-schema-graph\">{\"@context\":\"https:\\\/\\\/schema.org\",\"@graph\":[{\"@type\":\"Article\",\"@id\":\"https:\\\/\\\/www.organisator.ch\\\/human-resources\\\/hrm\\\/2022-01-13\\\/arbeitsmaerkte-haben-sich-weitgehend-erholt\\\/#article\",\"isPartOf\":{\"@id\":\"https:\\\/\\\/www.organisator.ch\\\/human-resources\\\/hrm\\\/2022-01-13\\\/arbeitsmaerkte-haben-sich-weitgehend-erholt\\\/\"},\"author\":{\"name\":\"thomas.berner\",\"@id\":\"https:\\\/\\\/www.organisator.ch\\\/#\\\/schema\\\/person\\\/6f650f90b2842cd4c0cc334b4e36f67e\"},\"headline\":\"Arbeitsm\u00e4rkte haben sich weitgehend erholt\",\"datePublished\":\"2022-01-13T09:18:03+00:00\",\"mainEntityOfPage\":{\"@id\":\"https:\\\/\\\/www.organisator.ch\\\/human-resources\\\/hrm\\\/2022-01-13\\\/arbeitsmaerkte-haben-sich-weitgehend-erholt\\\/\"},\"wordCount\":813,\"publisher\":{\"@id\":\"https:\\\/\\\/www.organisator.ch\\\/#organization\"},\"image\":{\"@id\":\"https:\\\/\\\/www.organisator.ch\\\/human-resources\\\/hrm\\\/2022-01-13\\\/arbeitsmaerkte-haben-sich-weitgehend-erholt\\\/#primaryimage\"},\"thumbnailUrl\":\"https:\\\/\\\/www.organisator.ch\\\/wp-content\\\/uploads\\\/2022\\\/01\\\/Arbeitsmaerkte-haben-sich-weitgehend-erholt-1_Organisator.jpg\",\"keywords\":[\"Arbeitsmarkt\",\"HRM\",\"Studie\"],\"articleSection\":[\"HRM\"],\"inLanguage\":\"fr-FR\"},{\"@type\":\"WebPage\",\"@id\":\"https:\\\/\\\/www.organisator.ch\\\/human-resources\\\/hrm\\\/2022-01-13\\\/arbeitsmaerkte-haben-sich-weitgehend-erholt\\\/\",\"url\":\"https:\\\/\\\/www.organisator.ch\\\/human-resources\\\/hrm\\\/2022-01-13\\\/arbeitsmaerkte-haben-sich-weitgehend-erholt\\\/\",\"name\":\"Arbeitsm\u00e4rkte haben sich weitgehend erholt - Organisator\",\"isPartOf\":{\"@id\":\"https:\\\/\\\/www.organisator.ch\\\/#website\"},\"primaryImageOfPage\":{\"@id\":\"https:\\\/\\\/www.organisator.ch\\\/human-resources\\\/hrm\\\/2022-01-13\\\/arbeitsmaerkte-haben-sich-weitgehend-erholt\\\/#primaryimage\"},\"image\":{\"@id\":\"https:\\\/\\\/www.organisator.ch\\\/human-resources\\\/hrm\\\/2022-01-13\\\/arbeitsmaerkte-haben-sich-weitgehend-erholt\\\/#primaryimage\"},\"thumbnailUrl\":\"https:\\\/\\\/www.organisator.ch\\\/wp-content\\\/uploads\\\/2022\\\/01\\\/Arbeitsmaerkte-haben-sich-weitgehend-erholt-1_Organisator.jpg\",\"datePublished\":\"2022-01-13T09:18:03+00:00\",\"description\":\"Verschiedene Indikatoren zeigen, dass die Arbeitsm\u00e4rkte sich vom \u00abCovid-Schock\u00bb weitgehend erholt haben. Einige Zahlen sind sogar noch besser als zuvor.\",\"breadcrumb\":{\"@id\":\"https:\\\/\\\/www.organisator.ch\\\/human-resources\\\/hrm\\\/2022-01-13\\\/arbeitsmaerkte-haben-sich-weitgehend-erholt\\\/#breadcrumb\"},\"inLanguage\":\"fr-FR\",\"potentialAction\":[{\"@type\":\"ReadAction\",\"target\":[\"https:\\\/\\\/www.organisator.ch\\\/human-resources\\\/hrm\\\/2022-01-13\\\/arbeitsmaerkte-haben-sich-weitgehend-erholt\\\/\"]}]},{\"@type\":\"ImageObject\",\"inLanguage\":\"fr-FR\",\"@id\":\"https:\\\/\\\/www.organisator.ch\\\/human-resources\\\/hrm\\\/2022-01-13\\\/arbeitsmaerkte-haben-sich-weitgehend-erholt\\\/#primaryimage\",\"url\":\"https:\\\/\\\/www.organisator.ch\\\/wp-content\\\/uploads\\\/2022\\\/01\\\/Arbeitsmaerkte-haben-sich-weitgehend-erholt-1_Organisator.jpg\",\"contentUrl\":\"https:\\\/\\\/www.organisator.ch\\\/wp-content\\\/uploads\\\/2022\\\/01\\\/Arbeitsmaerkte-haben-sich-weitgehend-erholt-1_Organisator.jpg\",\"width\":680,\"height\":372,\"caption\":\"\\\"Wir stellen ein\\\" heisst es wieder bei vielen Unternehmen: Die Arbeitsm\u00e4rkte haben sich weitgehend erholt. (Bild: Pixabay.com)\"},{\"@type\":\"BreadcrumbList\",\"@id\":\"https:\\\/\\\/www.organisator.ch\\\/human-resources\\\/hrm\\\/2022-01-13\\\/arbeitsmaerkte-haben-sich-weitgehend-erholt\\\/#breadcrumb\",\"itemListElement\":[{\"@type\":\"ListItem\",\"position\":1,\"name\":\"Home\",\"item\":\"https:\\\/\\\/www.organisator.ch\\\/\"},{\"@type\":\"ListItem\",\"position\":2,\"name\":\"Arbeitsm\u00e4rkte haben sich weitgehend erholt\"}]},{\"@type\":\"WebSite\",\"@id\":\"https:\\\/\\\/www.organisator.ch\\\/#website\",\"url\":\"https:\\\/\\\/www.organisator.ch\\\/\",\"name\":\"Organisator\",\"description\":\"Kompetent. Praxisnah. Der ORGANISATOR bereitet in 10 Ausgaben pro Jahr die wesentlichen Themen f\u00fcr F\u00fchrungskr\u00e4fte von KMU auf.\",\"publisher\":{\"@id\":\"https:\\\/\\\/www.organisator.ch\\\/#organization\"},\"potentialAction\":[{\"@type\":\"SearchAction\",\"target\":{\"@type\":\"EntryPoint\",\"urlTemplate\":\"https:\\\/\\\/www.organisator.ch\\\/?s={search_term_string}\"},\"query-input\":{\"@type\":\"PropertyValueSpecification\",\"valueRequired\":true,\"valueName\":\"search_term_string\"}}],\"inLanguage\":\"fr-FR\"},{\"@type\":\"Organization\",\"@id\":\"https:\\\/\\\/www.organisator.ch\\\/#organization\",\"name\":\"Organisator\",\"url\":\"https:\\\/\\\/www.organisator.ch\\\/\",\"logo\":{\"@type\":\"ImageObject\",\"inLanguage\":\"fr-FR\",\"@id\":\"https:\\\/\\\/www.organisator.ch\\\/#\\\/schema\\\/logo\\\/image\\\/\",\"url\":\"https:\\\/\\\/www.organisator.ch\\\/wp-content\\\/uploads\\\/2022\\\/01\\\/Logo_Organisator_Website.png\",\"contentUrl\":\"https:\\\/\\\/www.organisator.ch\\\/wp-content\\\/uploads\\\/2022\\\/01\\\/Logo_Organisator_Website.png\",\"width\":800,\"height\":77,\"caption\":\"Organisator\"},\"image\":{\"@id\":\"https:\\\/\\\/www.organisator.ch\\\/#\\\/schema\\\/logo\\\/image\\\/\"},\"sameAs\":[\"https:\\\/\\\/www.facebook.com\\\/OrganisatorFachmagazin\",\"https:\\\/\\\/www.linkedin.com\\\/showcase\\\/organisator-das-magazin-fr-kmu\",\"https:\\\/\\\/www.xing.com\\\/news\\\/pages\\\/organisator-ch-695\",\"https:\\\/\\\/www.youtube.com\\\/channel\\\/UCGP2Sq0iWaZwT3BdIAQFYpw\"]},{\"@type\":\"Person\",\"@id\":\"https:\\\/\\\/www.organisator.ch\\\/#\\\/schema\\\/person\\\/6f650f90b2842cd4c0cc334b4e36f67e\",\"name\":\"thomas.berner\",\"image\":{\"@type\":\"ImageObject\",\"inLanguage\":\"fr-FR\",\"@id\":\"https:\\\/\\\/secure.gravatar.com\\\/avatar\\\/ac5001d2a36cb6c6cd3e50789007ffca834b477b74a2144564522e944eabff61?s=96&d=mm&r=g\",\"url\":\"https:\\\/\\\/secure.gravatar.com\\\/avatar\\\/ac5001d2a36cb6c6cd3e50789007ffca834b477b74a2144564522e944eabff61?s=96&d=mm&r=g\",\"contentUrl\":\"https:\\\/\\\/secure.gravatar.com\\\/avatar\\\/ac5001d2a36cb6c6cd3e50789007ffca834b477b74a2144564522e944eabff61?s=96&d=mm&r=g\",\"caption\":\"thomas.berner\"},\"url\":\"https:\\\/\\\/www.organisator.ch\\\/fr\\\/author\\\/thomas-berner\\\/\"}]}<\/script>\n<!-- \/ Yoast SEO plugin. -->","yoast_head_json":{"title":"Les march\u00e9s du travail se sont largement r\u00e9tablis - Organisateur","description":"Plusieurs indicateurs montrent que les march\u00e9s du travail se sont largement remis du \"choc Covid\". Certains chiffres sont m\u00eame meilleurs qu'auparavant.","robots":{"index":"index","follow":"follow","max-snippet":"max-snippet:-1","max-image-preview":"max-image-preview:large","max-video-preview":"max-video-preview:-1"},"canonical":"https:\/\/www.organisator.ch\/fr\/ressources-humaines\/hrm\/2022-01-13\/arbeitsmaerkte-haben-sich-weitgehend-erholt\/","og_locale":"fr_FR","og_type":"article","og_title":"Arbeitsm\u00e4rkte haben sich weitgehend erholt","og_description":"Verschiedene Indikatoren zeigen, dass die Arbeitsm\u00e4rkte sich vom \u00abCovid-Schock\u00bb weitgehend erholt haben. Einige Zahlen sind sogar noch besser als zuvor.","og_url":"https:\/\/www.organisator.ch\/fr\/ressources-humaines\/hrm\/2022-01-13\/arbeitsmaerkte-haben-sich-weitgehend-erholt\/","og_site_name":"Organisator","article_publisher":"https:\/\/www.facebook.com\/OrganisatorFachmagazin","article_published_time":"2022-01-13T09:18:03+00:00","author":"thomas.berner","twitter_card":"summary_large_image","twitter_title":"#Arbeitsm\u00e4rkte haben sich weitgehend erholt","twitter_description":"Verschiedene #Indikatoren zeigen, dass die #Arbeitsm\u00e4rkte sich vom #\u00abCovid-Schock\u00bb weitgehend erholt haben. Einige Zahlen sind sogar noch besser als zuvor.","schema":{"@context":"https:\/\/schema.org","@graph":[{"@type":"Article","@id":"https:\/\/www.organisator.ch\/human-resources\/hrm\/2022-01-13\/arbeitsmaerkte-haben-sich-weitgehend-erholt\/#article","isPartOf":{"@id":"https:\/\/www.organisator.ch\/human-resources\/hrm\/2022-01-13\/arbeitsmaerkte-haben-sich-weitgehend-erholt\/"},"author":{"name":"thomas.berner","@id":"https:\/\/www.organisator.ch\/#\/schema\/person\/6f650f90b2842cd4c0cc334b4e36f67e"},"headline":"Arbeitsm\u00e4rkte haben sich weitgehend erholt","datePublished":"2022-01-13T09:18:03+00:00","mainEntityOfPage":{"@id":"https:\/\/www.organisator.ch\/human-resources\/hrm\/2022-01-13\/arbeitsmaerkte-haben-sich-weitgehend-erholt\/"},"wordCount":813,"publisher":{"@id":"https:\/\/www.organisator.ch\/#organization"},"image":{"@id":"https:\/\/www.organisator.ch\/human-resources\/hrm\/2022-01-13\/arbeitsmaerkte-haben-sich-weitgehend-erholt\/#primaryimage"},"thumbnailUrl":"https:\/\/www.organisator.ch\/wp-content\/uploads\/2022\/01\/Arbeitsmaerkte-haben-sich-weitgehend-erholt-1_Organisator.jpg","keywords":["Arbeitsmarkt","HRM","Studie"],"articleSection":["HRM"],"inLanguage":"fr-FR"},{"@type":"WebPage","@id":"https:\/\/www.organisator.ch\/human-resources\/hrm\/2022-01-13\/arbeitsmaerkte-haben-sich-weitgehend-erholt\/","url":"https:\/\/www.organisator.ch\/human-resources\/hrm\/2022-01-13\/arbeitsmaerkte-haben-sich-weitgehend-erholt\/","name":"Les march\u00e9s du travail se sont largement r\u00e9tablis - Organisateur","isPartOf":{"@id":"https:\/\/www.organisator.ch\/#website"},"primaryImageOfPage":{"@id":"https:\/\/www.organisator.ch\/human-resources\/hrm\/2022-01-13\/arbeitsmaerkte-haben-sich-weitgehend-erholt\/#primaryimage"},"image":{"@id":"https:\/\/www.organisator.ch\/human-resources\/hrm\/2022-01-13\/arbeitsmaerkte-haben-sich-weitgehend-erholt\/#primaryimage"},"thumbnailUrl":"https:\/\/www.organisator.ch\/wp-content\/uploads\/2022\/01\/Arbeitsmaerkte-haben-sich-weitgehend-erholt-1_Organisator.jpg","datePublished":"2022-01-13T09:18:03+00:00","description":"Plusieurs indicateurs montrent que les march\u00e9s du travail se sont largement remis du \"choc Covid\". Certains chiffres sont m\u00eame meilleurs qu'auparavant.","breadcrumb":{"@id":"https:\/\/www.organisator.ch\/human-resources\/hrm\/2022-01-13\/arbeitsmaerkte-haben-sich-weitgehend-erholt\/#breadcrumb"},"inLanguage":"fr-FR","potentialAction":[{"@type":"ReadAction","target":["https:\/\/www.organisator.ch\/human-resources\/hrm\/2022-01-13\/arbeitsmaerkte-haben-sich-weitgehend-erholt\/"]}]},{"@type":"ImageObject","inLanguage":"fr-FR","@id":"https:\/\/www.organisator.ch\/human-resources\/hrm\/2022-01-13\/arbeitsmaerkte-haben-sich-weitgehend-erholt\/#primaryimage","url":"https:\/\/www.organisator.ch\/wp-content\/uploads\/2022\/01\/Arbeitsmaerkte-haben-sich-weitgehend-erholt-1_Organisator.jpg","contentUrl":"https:\/\/www.organisator.ch\/wp-content\/uploads\/2022\/01\/Arbeitsmaerkte-haben-sich-weitgehend-erholt-1_Organisator.jpg","width":680,"height":372,"caption":"\"Wir stellen ein\" heisst es wieder bei vielen Unternehmen: Die Arbeitsm\u00e4rkte haben sich weitgehend erholt. (Bild: Pixabay.com)"},{"@type":"BreadcrumbList","@id":"https:\/\/www.organisator.ch\/human-resources\/hrm\/2022-01-13\/arbeitsmaerkte-haben-sich-weitgehend-erholt\/#breadcrumb","itemListElement":[{"@type":"ListItem","position":1,"name":"Home","item":"https:\/\/www.organisator.ch\/"},{"@type":"ListItem","position":2,"name":"Arbeitsm\u00e4rkte haben sich weitgehend erholt"}]},{"@type":"WebSite","@id":"https:\/\/www.organisator.ch\/#website","url":"https:\/\/www.organisator.ch\/","name":"Organisateur","description":"Comp\u00e9tence et comp\u00e9tence. Proches de la pratique. L'ORGANISATEUR pr\u00e9pare 10 num\u00e9ros par an sur les th\u00e8mes essentiels pour les dirigeants de PME.","publisher":{"@id":"https:\/\/www.organisator.ch\/#organization"},"potentialAction":[{"@type":"SearchAction","target":{"@type":"EntryPoint","urlTemplate":"https:\/\/www.organisator.ch\/?s={search_term_string}"},"query-input":{"@type":"PropertyValueSpecification","valueRequired":true,"valueName":"search_term_string"}}],"inLanguage":"fr-FR"},{"@type":"Organization","@id":"https:\/\/www.organisator.ch\/#organization","name":"Organisateur","url":"https:\/\/www.organisator.ch\/","logo":{"@type":"ImageObject","inLanguage":"fr-FR","@id":"https:\/\/www.organisator.ch\/#\/schema\/logo\/image\/","url":"https:\/\/www.organisator.ch\/wp-content\/uploads\/2022\/01\/Logo_Organisator_Website.png","contentUrl":"https:\/\/www.organisator.ch\/wp-content\/uploads\/2022\/01\/Logo_Organisator_Website.png","width":800,"height":77,"caption":"Organisator"},"image":{"@id":"https:\/\/www.organisator.ch\/#\/schema\/logo\/image\/"},"sameAs":["https:\/\/www.facebook.com\/OrganisatorFachmagazin","https:\/\/www.linkedin.com\/showcase\/organisator-das-magazin-fr-kmu","https:\/\/www.xing.com\/news\/pages\/organisator-ch-695","https:\/\/www.youtube.com\/channel\/UCGP2Sq0iWaZwT3BdIAQFYpw"]},{"@type":"Person","@id":"https:\/\/www.organisator.ch\/#\/schema\/person\/6f650f90b2842cd4c0cc334b4e36f67e","name":"thomas.berner","image":{"@type":"ImageObject","inLanguage":"fr-FR","@id":"https:\/\/secure.gravatar.com\/avatar\/ac5001d2a36cb6c6cd3e50789007ffca834b477b74a2144564522e944eabff61?s=96&d=mm&r=g","url":"https:\/\/secure.gravatar.com\/avatar\/ac5001d2a36cb6c6cd3e50789007ffca834b477b74a2144564522e944eabff61?s=96&d=mm&r=g","contentUrl":"https:\/\/secure.gravatar.com\/avatar\/ac5001d2a36cb6c6cd3e50789007ffca834b477b74a2144564522e944eabff61?s=96&d=mm&r=g","caption":"thomas.berner"},"url":"https:\/\/www.organisator.ch\/fr\/author\/thomas-berner\/"}]}},"_links":{"self":[{"href":"https:\/\/www.organisator.ch\/fr\/wp-json\/wp\/v2\/posts\/11821","targetHints":{"allow":["GET"]}}],"collection":[{"href":"https:\/\/www.organisator.ch\/fr\/wp-json\/wp\/v2\/posts"}],"about":[{"href":"https:\/\/www.organisator.ch\/fr\/wp-json\/wp\/v2\/types\/post"}],"author":[{"embeddable":true,"href":"https:\/\/www.organisator.ch\/fr\/wp-json\/wp\/v2\/users\/4"}],"replies":[{"embeddable":true,"href":"https:\/\/www.organisator.ch\/fr\/wp-json\/wp\/v2\/comments?post=11821"}],"version-history":[{"count":0,"href":"https:\/\/www.organisator.ch\/fr\/wp-json\/wp\/v2\/posts\/11821\/revisions"}],"wp:featuredmedia":[{"embeddable":true,"href":"https:\/\/www.organisator.ch\/fr\/wp-json\/wp\/v2\/media\/11626"}],"wp:attachment":[{"href":"https:\/\/www.organisator.ch\/fr\/wp-json\/wp\/v2\/media?parent=11821"}],"wp:term":[{"taxonomy":"category","embeddable":true,"href":"https:\/\/www.organisator.ch\/fr\/wp-json\/wp\/v2\/categories?post=11821"},{"taxonomy":"post_tag","embeddable":true,"href":"https:\/\/www.organisator.ch\/fr\/wp-json\/wp\/v2\/tags?post=11821"}],"curies":[{"name":"wp","href":"https:\/\/api.w.org\/{rel}","templated":true}]}}