{"id":11822,"date":"2022-01-14T07:18:17","date_gmt":"2022-01-14T06:18:17","guid":{"rendered":"https:\/\/www.organisator.ch\/?p=9121"},"modified":"2022-01-14T07:18:17","modified_gmt":"2022-01-14T06:18:17","slug":"watt-dor-2022-verliehen","status":"publish","type":"post","link":"https:\/\/www.organisator.ch\/fr\/allgemein\/2022-01-14\/watt-dor-2022-verliehen\/","title":{"rendered":"Le Watt d'Or 2022 d\u00e9cern\u00e9"},"content":{"rendered":"<figure id=\"attachment_9122\" aria-describedby=\"caption-attachment-9122\" style=\"width: 680px\" class=\"wp-caption alignnone\"><a href=\"https:\/\/www.organisator.ch\/wp-content\/uploads\/2022\/01\/Watt-dOr-2022-Bundesamt-fuer-Energie-verleiht-Energiepreis-an-drei-Unternehmen-2_MQ.jpg\"><img loading=\"lazy\" decoding=\"async\" class=\"size-medium wp-image-9122\" src=\"https:\/\/www.organisator.ch\/wp-content\/uploads\/2022\/01\/Watt-dOr-2022-Bundesamt-fuer-Energie-verleiht-Energiepreis-an-drei-Unternehmen-2_MQ.jpg\" alt=\"\" width=\"680\" height=\"453\" \/><\/a><figcaption id=\"caption-attachment-9122\" class=\"wp-caption-text\">Les CFF remportent le Watt d'Or 2022 pour leur gestion intelligente de la charge contre les pics de consommation d'\u00e9lectricit\u00e9 dans l'horaire cadenc\u00e9. (Image : SBB CFF FFS)<\/figcaption><\/figure>\n<p>Des entreprises et des hautes \u00e9coles suisses innovantes mettent d\u00e9j\u00e0 en pratique l'avenir \u00e9nerg\u00e9tique avec succ\u00e8s et audace. C'est en leur honneur que l'Office f\u00e9d\u00e9ral de l'\u00e9nergie a cr\u00e9\u00e9 le Watt d'Or, le label de qualit\u00e9 de l'excellence \u00e9nerg\u00e9tique. Pour la 15e fois, cette distinction a \u00e9t\u00e9 d\u00e9cern\u00e9e le 6 janvier 2022 dans trois cat\u00e9gories. Ce prix non dot\u00e9 r\u00e9compense des r\u00e9alisations exceptionnelles dans le domaine de l'\u00e9nergie. Cette ann\u00e9e, le troph\u00e9e - une boule \u00e0 neige - a \u00e9t\u00e9 remis en petit comit\u00e9 en raison de la situation pand\u00e9mique. Le jury du Watt d'Or 2022 \u00e9tait pr\u00e9sid\u00e9 par la conseill\u00e8re nationale saint-galloise Susanne Vincenz-Stauffacher.<\/p>\n<h2>Gagnant du Watt d'Or 2022<\/h2>\n<p>Au total, 31 organisations ont soumis des projets qui ont \u00e9t\u00e9 \u00e9valu\u00e9s par une \u00e9quipe d'experts. Au final, 11 projets ont \u00e9t\u00e9 s\u00e9lectionn\u00e9s pour la phase finale. Parmi elles, le jury a maintenant d\u00e9sign\u00e9 les projets gagnants dans les quatre cat\u00e9gories du Watt d'Or, \u00e0 noter que cette ann\u00e9e, il n'y a pas eu de gagnant dans la cat\u00e9gorie \"mobilit\u00e9\". Cette ann\u00e9e, les CFF ont remport\u00e9 le prix dans la cat\u00e9gorie \"Technologies \u00e9nerg\u00e9tiques\", Verora AG d'Edlibach ZG dans la cat\u00e9gorie \"Energies renouvelables\" et schaerraum AG de Horw LU dans la cat\u00e9gorie \"B\u00e2timents et espace\".<\/p>\n<h2>Une gestion intelligente de la charge contre les pics de consommation d'\u00e9lectricit\u00e9<\/h2>\n<p>Les CFF ont \u00e9t\u00e9 r\u00e9compens\u00e9s pour leur gestion intelligente de la charge contre les pics de consommation d'\u00e9lectricit\u00e9 dans l'horaire cadenc\u00e9. Il faut s'imaginer : Lorsque les trains acc\u00e9l\u00e8rent en m\u00eame temps dans toute la Suisse, cela entra\u00eene une \u00e9norme consommation d'\u00e9lectricit\u00e9. En effet, une locomotive aspire \u00e0 elle seule une puissance pouvant atteindre 8 m\u00e9gawatts (MW) dans le r\u00e9seau \u00e9lectrique ferroviaire. Avec 800 \u00e0 1000 trains qui circulent en m\u00eame temps, cela entra\u00eene des variations de consommation parfois extr\u00eames - et co\u00fbteuses. En l'espace d'un quart d'heure seulement, la consommation peut augmenter ou diminuer de 300 MW. Cela repr\u00e9sente tout de m\u00eame 50 pour cent de la charge maximale du r\u00e9seau \u00e9lectrique ferroviaire. Pour r\u00e9soudre ce probl\u00e8me, les CFF ont d\u00e9velopp\u00e9 leur propre logiciel de gestion de la charge. Celui-ci coupe les chauffages des voitures de train et des aiguillages pendant un court laps de temps lors des pics de charge - g\u00e9n\u00e9ralement quelques secondes \u00e0 une minute seulement, jusqu'\u00e0 ce que le pic de charge soit pass\u00e9. Les CFF flexibilisent ainsi leur consommation et optimisent, en tant que \"prosommateur\", l'interaction avec la production d'\u00e9lectricit\u00e9. D'ici 2023, les CFF pourront ainsi g\u00e9rer 70 m\u00e9gawatts de mani\u00e8re flexible. Ils jouent ainsi un r\u00f4le de mod\u00e8le \u00e9galement pour le r\u00e9seau \u00e9lectrique g\u00e9n\u00e9ral de la Suisse, conclut le jury.<\/p>\n<h2>Le charbon v\u00e9g\u00e9tal stocke le CO2<\/h2>\n<p>Dans la r\u00e9gion morainique de Menzingen\/Neuheim (canton de Zoug) se trouve une p\u00e9pini\u00e8re pour les technologies \u00e0 \u00e9missions n\u00e9gatives (NET) encore jeunes. Depuis 2012, Verora AG, un groupe d'agriculteurs de la r\u00e9gion montagneuse de Zoug, y produit du charbon v\u00e9g\u00e9tal \u00e0 partir de d\u00e9chets d'arbres et d'arbustes laiss\u00e9s \u00e0 l'\u00e9tat naturel. Au cours des dix derni\u00e8res ann\u00e9es, l'\u00e9quipe de Verora AG a d\u00e9velopp\u00e9 l'installation de pyrolyse n\u00e9cessaire pour passer du prototype de la soci\u00e9t\u00e9 allemande Pyreg GmbH, spin-off de l'universit\u00e9, \u00e0 une installation de production fonctionnant de mani\u00e8re fiable. Le charbon v\u00e9g\u00e9tal qui y est obtenu pr\u00e9sente une tr\u00e8s grande surface et une structure poreuse. Il agit ainsi comme une \u00e9ponge. Utilis\u00e9 comme additif alimentaire, il r\u00e9duit la formation de gaz \u00e0 effet de serre lors de la digestion des vaches, diminue l'odeur d'ammoniac dans les \u00e9tables, augmente la teneur en nutriments des engrais et du compost, rend les sols agricoles plus robustes et plus fertiles et y fixe le CO2 pendant des si\u00e8cles. L'installation de production de Verora AG a une capacit\u00e9 annuelle de 600 m3 de charbon v\u00e9g\u00e9tal, qui peut stocker \u00e0 long terme environ 460 tonnes de CO2. Verora AG fait peu de publicit\u00e9 pour son charbon v\u00e9g\u00e9tal et a pourtant atteint la rentabilit\u00e9.<\/p>\n<figure id=\"attachment_9123\" aria-describedby=\"caption-attachment-9123\" style=\"width: 680px\" class=\"wp-caption alignnone\"><a href=\"https:\/\/www.organisator.ch\/wp-content\/uploads\/2022\/01\/Watt-dOr-2022-Bundesamt-fuer-Energie-verleiht-Energiepreis-an-drei-Unternehmen-1_MQ.jpg\"><img loading=\"lazy\" decoding=\"async\" class=\"size-medium wp-image-9123\" src=\"https:\/\/www.organisator.ch\/wp-content\/uploads\/2022\/01\/Watt-dOr-2022-Bundesamt-fuer-Energie-verleiht-Energiepreis-an-drei-Unternehmen-1_MQ.jpg\" alt=\"\" width=\"680\" height=\"309\" \/><\/a><figcaption id=\"caption-attachment-9123\" class=\"wp-caption-text\">Gagnant du Watt d'Or 2022 dans la cat\u00e9gorie \"Energies renouvelables\" : de gauche \u00e0 droite : Albin Keiser, Fabian Keiser (pr\u00e9sident du conseil d'administration de Verora AG), Adrian W\u00fcrsch (directeur de Verora AG), Fredy Ab\u00e4cherli (membre du conseil d'administration de Verora AG) (Photo : zVg \/ Office f\u00e9d\u00e9ral de l'\u00e9nergie)<\/figcaption><\/figure>\n<h2 id=\"attachment_15740\" class=\"wp-caption alignnone\" aria-describedby=\"caption-attachment-15740\">\n\u00c9galement r\u00e9compens\u00e9 par le Watt d'Or 2022 : Immeuble commercial et r\u00e9sidentiel climatiquement neutre<\/h2>\n<p>Les constructions en bois deviennent de plus en plus une alternative \u00e9conomiquement int\u00e9ressante aux m\u00e9thodes de construction traditionnelles. La soci\u00e9t\u00e9 schaerraum AG, bas\u00e9e \u00e0 Horw dans le canton de Lucerne, a construit un b\u00e2timent commercial et r\u00e9sidentiel climatiquement neutre selon le principe de planification modulaire \"RaumRaster\". Le principe repose sur une ossature en bois qui repose sur un socle en b\u00e9ton et qui supporte toute la charge du b\u00e2timent. Gr\u00e2ce \u00e0 des modules pouvant \u00eatre combin\u00e9s de mani\u00e8re flexible, le temps de construction a pu \u00eatre consid\u00e9rablement r\u00e9duit : Le b\u00e2timent a \u00e9t\u00e9 construit en seulement huit mois. La technique du b\u00e2timent pr\u00e9serve \u00e9galement les ressources et les co\u00fbts : le couplage intelligent de la technique de climatisation avec les pieux \u00e9nerg\u00e9tiques, la pompe \u00e0 chaleur, les installations solaires sur le toit et l'abri pour voitures et un accumulateur \u00e0 batteries permet au b\u00e2timent de produire environ 50% d'\u00e9nergie de plus qu'il n'en consomme. Le couplage de l'ensemble de la technique de climatisation, des pieux \u00e9nerg\u00e9tiques et de la pompe \u00e0 chaleur permet \u00e0 cette derni\u00e8re d'atteindre un tr\u00e8s bon coefficient de performance annuel de 7 \u00e0 8, ce qui signifie qu'elle produit 7 \u00e0 8 kWh de chaleur avec 1 kilowattheure d'\u00e9lectricit\u00e9. Et enfin<br \/>\nle flux d'\u00e9nergie est surveill\u00e9, optimis\u00e9 et factur\u00e9 gr\u00e2ce \u00e0 la technologie des compteurs intelligents.<\/p>\n<p>Aux yeux du jury, le principe de planification \"RaumRaster\" de schaerraum AG pour la construction d'immeubles collectifs en bois est une approche prometteuse pour construire dans le respect du climat, en \u00e9conomisant les ressources et \u00e0 moindre co\u00fbt. L'immeuble mentionn\u00e9 est occup\u00e9 depuis janvier 2021 et les locataires sont tr\u00e8s satisfaits, est-il pr\u00e9cis\u00e9.<\/p>\n<p><em>Source :\u00a0<a href=\"https:\/\/www.bfe.admin.ch\/bfe\/de\/home.html\">Office f\u00e9d\u00e9ral de l'\u00e9nergie<\/a><\/em><\/p>","protected":false},"excerpt":{"rendered":"<p>Innovative Schweizer Unternehmen und Hochschulen setzen die Energiezukunft bereits heute erfolgreich und mutig in die Praxis um. Zu ihren Ehren hat das Bundesamt f\u00fcr Energie den Watt d\u2019Or geschaffen, das G\u00fctesiegel f\u00fcr Energieexzellenz. Zum nunmehr 15. Mal wurde am 6. Januar 2022 diese Auszeichnung in drei Kategorien verliehen. Der nicht dotierte Preis zeichnet aussergew\u00f6hnliche Leistungen [&hellip;]<\/p>\n","protected":false},"author":4,"featured_media":11629,"comment_status":"closed","ping_status":"closed","sticky":false,"template":"","format":"standard","meta":{"_acf_changed":false,"_yoast_wpseo_focuskw":"Watt d\u2019Or 2022","_yoast_wpseo_metadesc":"Am 6. Januar 2022 verlieh das Bundesamt f\u00fcr Energie zum f\u00fcnfzehnten Mal den Energiepreis Watt d'Or. Ausgezeichnet wurden auch zwei KMU.","articlekey":"","footnotes":""},"categories":[1],"tags":[66,358,492],"class_list":["post-11822","post","type-post","status-publish","format-standard","has-post-thumbnail","hentry","category-allgemein","tag-awards","tag-nachhaltige-wirtschaft","tag-unternehmen"],"acf":[],"yoast_head":"<!-- This site is optimized with the Yoast SEO plugin v27.5 - https:\/\/yoast.com\/product\/yoast-seo-wordpress\/ -->\n<title>Watt d\u2019Or 2022 verliehen - Organisator<\/title>\n<meta name=\"description\" content=\"Am 6. Januar 2022 verlieh das Bundesamt f\u00fcr Energie zum f\u00fcnfzehnten Mal den Energiepreis Watt d&#039;Or. Ausgezeichnet wurden auch zwei KMU.\" \/>\n<meta name=\"robots\" content=\"index, follow, max-snippet:-1, max-image-preview:large, max-video-preview:-1\" \/>\n<link rel=\"canonical\" href=\"https:\/\/www.organisator.ch\/fr\/general\/2022-01-14\/watt-dor-2022-verliehen\/\" \/>\n<meta property=\"og:locale\" content=\"fr_FR\" \/>\n<meta property=\"og:type\" content=\"article\" \/>\n<meta property=\"og:title\" content=\"Watt d\u2019Or 2022 verliehen\" \/>\n<meta property=\"og:description\" content=\"Am 6. Januar 2022 verlieh das Bundesamt f\u00fcr Energie zum f\u00fcnfzehnten Mal den Energiepreis Watt d&#039;Or. Ausgezeichnet wurden auch zwei KMU.\" \/>\n<meta property=\"og:url\" content=\"https:\/\/www.organisator.ch\/fr\/general\/2022-01-14\/watt-dor-2022-verliehen\/\" \/>\n<meta property=\"og:site_name\" content=\"Organisator\" \/>\n<meta property=\"article:publisher\" content=\"https:\/\/www.facebook.com\/OrganisatorFachmagazin\" \/>\n<meta property=\"article:published_time\" content=\"2022-01-14T06:18:17+00:00\" \/>\n<meta name=\"author\" content=\"thomas.berner\" \/>\n<meta name=\"twitter:card\" content=\"summary_large_image\" \/>\n<meta name=\"twitter:title\" content=\"#Watt d\u2019Or 2022 verliehen\" \/>\n<meta name=\"twitter:description\" content=\"Am 6. Januar 2022 verlieh das Bundesamt f\u00fcr Energie zum f\u00fcnfzehnten Mal den #Energiepreis #Watt d&#039;Or. Ausgezeichnet wurden auch zwei KMU.\" \/>\n<script type=\"application\/ld+json\" class=\"yoast-schema-graph\">{\"@context\":\"https:\\\/\\\/schema.org\",\"@graph\":[{\"@type\":\"Article\",\"@id\":\"https:\\\/\\\/www.organisator.ch\\\/en\\\/general\\\/2022-01-14\\\/watt-dor-2022-verliehen\\\/#article\",\"isPartOf\":{\"@id\":\"https:\\\/\\\/www.organisator.ch\\\/en\\\/general\\\/2022-01-14\\\/watt-dor-2022-verliehen\\\/\"},\"author\":{\"name\":\"thomas.berner\",\"@id\":\"https:\\\/\\\/www.organisator.ch\\\/#\\\/schema\\\/person\\\/6f650f90b2842cd4c0cc334b4e36f67e\"},\"headline\":\"Watt d\u2019Or 2022 verliehen\",\"datePublished\":\"2022-01-14T06:18:17+00:00\",\"mainEntityOfPage\":{\"@id\":\"https:\\\/\\\/www.organisator.ch\\\/en\\\/general\\\/2022-01-14\\\/watt-dor-2022-verliehen\\\/\"},\"wordCount\":825,\"publisher\":{\"@id\":\"https:\\\/\\\/www.organisator.ch\\\/#organization\"},\"image\":{\"@id\":\"https:\\\/\\\/www.organisator.ch\\\/en\\\/general\\\/2022-01-14\\\/watt-dor-2022-verliehen\\\/#primaryimage\"},\"thumbnailUrl\":\"https:\\\/\\\/www.organisator.ch\\\/wp-content\\\/uploads\\\/2022\\\/01\\\/Watt-dOr-2022-Bundesamt-fuer-Energie-verleiht-Energiepreis-an-drei-Unternehmen-1_MQ.jpg\",\"keywords\":[\"Awards\",\"Nachhaltige Wirtschaft\",\"Unternehmen\"],\"articleSection\":[\"Allgemein\"],\"inLanguage\":\"fr-FR\"},{\"@type\":\"WebPage\",\"@id\":\"https:\\\/\\\/www.organisator.ch\\\/en\\\/general\\\/2022-01-14\\\/watt-dor-2022-verliehen\\\/\",\"url\":\"https:\\\/\\\/www.organisator.ch\\\/en\\\/general\\\/2022-01-14\\\/watt-dor-2022-verliehen\\\/\",\"name\":\"Watt d\u2019Or 2022 verliehen - Organisator\",\"isPartOf\":{\"@id\":\"https:\\\/\\\/www.organisator.ch\\\/#website\"},\"primaryImageOfPage\":{\"@id\":\"https:\\\/\\\/www.organisator.ch\\\/en\\\/general\\\/2022-01-14\\\/watt-dor-2022-verliehen\\\/#primaryimage\"},\"image\":{\"@id\":\"https:\\\/\\\/www.organisator.ch\\\/en\\\/general\\\/2022-01-14\\\/watt-dor-2022-verliehen\\\/#primaryimage\"},\"thumbnailUrl\":\"https:\\\/\\\/www.organisator.ch\\\/wp-content\\\/uploads\\\/2022\\\/01\\\/Watt-dOr-2022-Bundesamt-fuer-Energie-verleiht-Energiepreis-an-drei-Unternehmen-1_MQ.jpg\",\"datePublished\":\"2022-01-14T06:18:17+00:00\",\"description\":\"Am 6. Januar 2022 verlieh das Bundesamt f\u00fcr Energie zum f\u00fcnfzehnten Mal den Energiepreis Watt d'Or. Ausgezeichnet wurden auch zwei KMU.\",\"breadcrumb\":{\"@id\":\"https:\\\/\\\/www.organisator.ch\\\/en\\\/general\\\/2022-01-14\\\/watt-dor-2022-verliehen\\\/#breadcrumb\"},\"inLanguage\":\"fr-FR\",\"potentialAction\":[{\"@type\":\"ReadAction\",\"target\":[\"https:\\\/\\\/www.organisator.ch\\\/en\\\/general\\\/2022-01-14\\\/watt-dor-2022-verliehen\\\/\"]}]},{\"@type\":\"ImageObject\",\"inLanguage\":\"fr-FR\",\"@id\":\"https:\\\/\\\/www.organisator.ch\\\/en\\\/general\\\/2022-01-14\\\/watt-dor-2022-verliehen\\\/#primaryimage\",\"url\":\"https:\\\/\\\/www.organisator.ch\\\/wp-content\\\/uploads\\\/2022\\\/01\\\/Watt-dOr-2022-Bundesamt-fuer-Energie-verleiht-Energiepreis-an-drei-Unternehmen-1_MQ.jpg\",\"contentUrl\":\"https:\\\/\\\/www.organisator.ch\\\/wp-content\\\/uploads\\\/2022\\\/01\\\/Watt-dOr-2022-Bundesamt-fuer-Energie-verleiht-Energiepreis-an-drei-Unternehmen-1_MQ.jpg\",\"width\":680,\"height\":309,\"caption\":\"Gewinner des Watt d\u2019Or 2022 in der Kategorie \u201eErneuerbare Energien\u201c: Von links nach rechts: Albin Keiser, Fabian Keiser (Verwaltungsratspr\u00e4sident Verora AG), Adrian W\u00fcrsch (Gesch\u00e4ftsf\u00fchrer Verora AG), Fredy Ab\u00e4cherli (Verwaltungsrat Verora AG) (Bild: zVg \\\/ Bundesamt f\u00fcr Energie)\"},{\"@type\":\"BreadcrumbList\",\"@id\":\"https:\\\/\\\/www.organisator.ch\\\/en\\\/general\\\/2022-01-14\\\/watt-dor-2022-verliehen\\\/#breadcrumb\",\"itemListElement\":[{\"@type\":\"ListItem\",\"position\":1,\"name\":\"Home\",\"item\":\"https:\\\/\\\/www.organisator.ch\\\/\"},{\"@type\":\"ListItem\",\"position\":2,\"name\":\"Watt d\u2019Or 2022 verliehen\"}]},{\"@type\":\"WebSite\",\"@id\":\"https:\\\/\\\/www.organisator.ch\\\/#website\",\"url\":\"https:\\\/\\\/www.organisator.ch\\\/\",\"name\":\"Organisator\",\"description\":\"Kompetent. Praxisnah. Der ORGANISATOR bereitet in 10 Ausgaben pro Jahr die wesentlichen Themen f\u00fcr F\u00fchrungskr\u00e4fte von KMU auf.\",\"publisher\":{\"@id\":\"https:\\\/\\\/www.organisator.ch\\\/#organization\"},\"potentialAction\":[{\"@type\":\"SearchAction\",\"target\":{\"@type\":\"EntryPoint\",\"urlTemplate\":\"https:\\\/\\\/www.organisator.ch\\\/?s={search_term_string}\"},\"query-input\":{\"@type\":\"PropertyValueSpecification\",\"valueRequired\":true,\"valueName\":\"search_term_string\"}}],\"inLanguage\":\"fr-FR\"},{\"@type\":\"Organization\",\"@id\":\"https:\\\/\\\/www.organisator.ch\\\/#organization\",\"name\":\"Organisator\",\"url\":\"https:\\\/\\\/www.organisator.ch\\\/\",\"logo\":{\"@type\":\"ImageObject\",\"inLanguage\":\"fr-FR\",\"@id\":\"https:\\\/\\\/www.organisator.ch\\\/#\\\/schema\\\/logo\\\/image\\\/\",\"url\":\"https:\\\/\\\/www.organisator.ch\\\/wp-content\\\/uploads\\\/2022\\\/01\\\/Logo_Organisator_Website.png\",\"contentUrl\":\"https:\\\/\\\/www.organisator.ch\\\/wp-content\\\/uploads\\\/2022\\\/01\\\/Logo_Organisator_Website.png\",\"width\":800,\"height\":77,\"caption\":\"Organisator\"},\"image\":{\"@id\":\"https:\\\/\\\/www.organisator.ch\\\/#\\\/schema\\\/logo\\\/image\\\/\"},\"sameAs\":[\"https:\\\/\\\/www.facebook.com\\\/OrganisatorFachmagazin\",\"https:\\\/\\\/www.linkedin.com\\\/showcase\\\/organisator-das-magazin-fr-kmu\",\"https:\\\/\\\/www.xing.com\\\/news\\\/pages\\\/organisator-ch-695\",\"https:\\\/\\\/www.youtube.com\\\/channel\\\/UCGP2Sq0iWaZwT3BdIAQFYpw\"]},{\"@type\":\"Person\",\"@id\":\"https:\\\/\\\/www.organisator.ch\\\/#\\\/schema\\\/person\\\/6f650f90b2842cd4c0cc334b4e36f67e\",\"name\":\"thomas.berner\",\"image\":{\"@type\":\"ImageObject\",\"inLanguage\":\"fr-FR\",\"@id\":\"https:\\\/\\\/secure.gravatar.com\\\/avatar\\\/ac5001d2a36cb6c6cd3e50789007ffca834b477b74a2144564522e944eabff61?s=96&d=mm&r=g\",\"url\":\"https:\\\/\\\/secure.gravatar.com\\\/avatar\\\/ac5001d2a36cb6c6cd3e50789007ffca834b477b74a2144564522e944eabff61?s=96&d=mm&r=g\",\"contentUrl\":\"https:\\\/\\\/secure.gravatar.com\\\/avatar\\\/ac5001d2a36cb6c6cd3e50789007ffca834b477b74a2144564522e944eabff61?s=96&d=mm&r=g\",\"caption\":\"thomas.berner\"},\"url\":\"https:\\\/\\\/www.organisator.ch\\\/fr\\\/author\\\/thomas-berner\\\/\"}]}<\/script>\n<!-- \/ Yoast SEO plugin. -->","yoast_head_json":{"title":"Watt d'Or 2022 d\u00e9cern\u00e9 - Organisateur","description":"Le 6 janvier 2022, l'Office f\u00e9d\u00e9ral de l'\u00e9nergie a d\u00e9cern\u00e9 pour la quinzi\u00e8me fois le prix de l'\u00e9nergie Watt d'Or. Deux PME ont \u00e9galement \u00e9t\u00e9 r\u00e9compens\u00e9es.","robots":{"index":"index","follow":"follow","max-snippet":"max-snippet:-1","max-image-preview":"max-image-preview:large","max-video-preview":"max-video-preview:-1"},"canonical":"https:\/\/www.organisator.ch\/fr\/general\/2022-01-14\/watt-dor-2022-verliehen\/","og_locale":"fr_FR","og_type":"article","og_title":"Watt d\u2019Or 2022 verliehen","og_description":"Am 6. Januar 2022 verlieh das Bundesamt f\u00fcr Energie zum f\u00fcnfzehnten Mal den Energiepreis Watt d'Or. Ausgezeichnet wurden auch zwei KMU.","og_url":"https:\/\/www.organisator.ch\/fr\/general\/2022-01-14\/watt-dor-2022-verliehen\/","og_site_name":"Organisator","article_publisher":"https:\/\/www.facebook.com\/OrganisatorFachmagazin","article_published_time":"2022-01-14T06:18:17+00:00","author":"thomas.berner","twitter_card":"summary_large_image","twitter_title":"#Watt d\u2019Or 2022 verliehen","twitter_description":"Am 6. Januar 2022 verlieh das Bundesamt f\u00fcr Energie zum f\u00fcnfzehnten Mal den #Energiepreis #Watt d'Or. Ausgezeichnet wurden auch zwei KMU.","schema":{"@context":"https:\/\/schema.org","@graph":[{"@type":"Article","@id":"https:\/\/www.organisator.ch\/en\/general\/2022-01-14\/watt-dor-2022-verliehen\/#article","isPartOf":{"@id":"https:\/\/www.organisator.ch\/en\/general\/2022-01-14\/watt-dor-2022-verliehen\/"},"author":{"name":"thomas.berner","@id":"https:\/\/www.organisator.ch\/#\/schema\/person\/6f650f90b2842cd4c0cc334b4e36f67e"},"headline":"Watt d\u2019Or 2022 verliehen","datePublished":"2022-01-14T06:18:17+00:00","mainEntityOfPage":{"@id":"https:\/\/www.organisator.ch\/en\/general\/2022-01-14\/watt-dor-2022-verliehen\/"},"wordCount":825,"publisher":{"@id":"https:\/\/www.organisator.ch\/#organization"},"image":{"@id":"https:\/\/www.organisator.ch\/en\/general\/2022-01-14\/watt-dor-2022-verliehen\/#primaryimage"},"thumbnailUrl":"https:\/\/www.organisator.ch\/wp-content\/uploads\/2022\/01\/Watt-dOr-2022-Bundesamt-fuer-Energie-verleiht-Energiepreis-an-drei-Unternehmen-1_MQ.jpg","keywords":["Awards","Nachhaltige Wirtschaft","Unternehmen"],"articleSection":["Allgemein"],"inLanguage":"fr-FR"},{"@type":"WebPage","@id":"https:\/\/www.organisator.ch\/en\/general\/2022-01-14\/watt-dor-2022-verliehen\/","url":"https:\/\/www.organisator.ch\/en\/general\/2022-01-14\/watt-dor-2022-verliehen\/","name":"Watt d'Or 2022 d\u00e9cern\u00e9 - Organisateur","isPartOf":{"@id":"https:\/\/www.organisator.ch\/#website"},"primaryImageOfPage":{"@id":"https:\/\/www.organisator.ch\/en\/general\/2022-01-14\/watt-dor-2022-verliehen\/#primaryimage"},"image":{"@id":"https:\/\/www.organisator.ch\/en\/general\/2022-01-14\/watt-dor-2022-verliehen\/#primaryimage"},"thumbnailUrl":"https:\/\/www.organisator.ch\/wp-content\/uploads\/2022\/01\/Watt-dOr-2022-Bundesamt-fuer-Energie-verleiht-Energiepreis-an-drei-Unternehmen-1_MQ.jpg","datePublished":"2022-01-14T06:18:17+00:00","description":"Le 6 janvier 2022, l'Office f\u00e9d\u00e9ral de l'\u00e9nergie a d\u00e9cern\u00e9 pour la quinzi\u00e8me fois le prix de l'\u00e9nergie Watt d'Or. Deux PME ont \u00e9galement \u00e9t\u00e9 r\u00e9compens\u00e9es.","breadcrumb":{"@id":"https:\/\/www.organisator.ch\/en\/general\/2022-01-14\/watt-dor-2022-verliehen\/#breadcrumb"},"inLanguage":"fr-FR","potentialAction":[{"@type":"ReadAction","target":["https:\/\/www.organisator.ch\/en\/general\/2022-01-14\/watt-dor-2022-verliehen\/"]}]},{"@type":"ImageObject","inLanguage":"fr-FR","@id":"https:\/\/www.organisator.ch\/en\/general\/2022-01-14\/watt-dor-2022-verliehen\/#primaryimage","url":"https:\/\/www.organisator.ch\/wp-content\/uploads\/2022\/01\/Watt-dOr-2022-Bundesamt-fuer-Energie-verleiht-Energiepreis-an-drei-Unternehmen-1_MQ.jpg","contentUrl":"https:\/\/www.organisator.ch\/wp-content\/uploads\/2022\/01\/Watt-dOr-2022-Bundesamt-fuer-Energie-verleiht-Energiepreis-an-drei-Unternehmen-1_MQ.jpg","width":680,"height":309,"caption":"Gewinner des Watt d\u2019Or 2022 in der Kategorie \u201eErneuerbare Energien\u201c: Von links nach rechts: Albin Keiser, Fabian Keiser (Verwaltungsratspr\u00e4sident Verora AG), Adrian W\u00fcrsch (Gesch\u00e4ftsf\u00fchrer Verora AG), Fredy Ab\u00e4cherli (Verwaltungsrat Verora AG) (Bild: zVg \/ Bundesamt f\u00fcr Energie)"},{"@type":"BreadcrumbList","@id":"https:\/\/www.organisator.ch\/en\/general\/2022-01-14\/watt-dor-2022-verliehen\/#breadcrumb","itemListElement":[{"@type":"ListItem","position":1,"name":"Home","item":"https:\/\/www.organisator.ch\/"},{"@type":"ListItem","position":2,"name":"Watt d\u2019Or 2022 verliehen"}]},{"@type":"WebSite","@id":"https:\/\/www.organisator.ch\/#website","url":"https:\/\/www.organisator.ch\/","name":"Organisateur","description":"Comp\u00e9tence et comp\u00e9tence. Proches de la pratique. L'ORGANISATEUR pr\u00e9pare 10 num\u00e9ros par an sur les th\u00e8mes essentiels pour les dirigeants de PME.","publisher":{"@id":"https:\/\/www.organisator.ch\/#organization"},"potentialAction":[{"@type":"SearchAction","target":{"@type":"EntryPoint","urlTemplate":"https:\/\/www.organisator.ch\/?s={search_term_string}"},"query-input":{"@type":"PropertyValueSpecification","valueRequired":true,"valueName":"search_term_string"}}],"inLanguage":"fr-FR"},{"@type":"Organization","@id":"https:\/\/www.organisator.ch\/#organization","name":"Organisateur","url":"https:\/\/www.organisator.ch\/","logo":{"@type":"ImageObject","inLanguage":"fr-FR","@id":"https:\/\/www.organisator.ch\/#\/schema\/logo\/image\/","url":"https:\/\/www.organisator.ch\/wp-content\/uploads\/2022\/01\/Logo_Organisator_Website.png","contentUrl":"https:\/\/www.organisator.ch\/wp-content\/uploads\/2022\/01\/Logo_Organisator_Website.png","width":800,"height":77,"caption":"Organisator"},"image":{"@id":"https:\/\/www.organisator.ch\/#\/schema\/logo\/image\/"},"sameAs":["https:\/\/www.facebook.com\/OrganisatorFachmagazin","https:\/\/www.linkedin.com\/showcase\/organisator-das-magazin-fr-kmu","https:\/\/www.xing.com\/news\/pages\/organisator-ch-695","https:\/\/www.youtube.com\/channel\/UCGP2Sq0iWaZwT3BdIAQFYpw"]},{"@type":"Person","@id":"https:\/\/www.organisator.ch\/#\/schema\/person\/6f650f90b2842cd4c0cc334b4e36f67e","name":"thomas.berner","image":{"@type":"ImageObject","inLanguage":"fr-FR","@id":"https:\/\/secure.gravatar.com\/avatar\/ac5001d2a36cb6c6cd3e50789007ffca834b477b74a2144564522e944eabff61?s=96&d=mm&r=g","url":"https:\/\/secure.gravatar.com\/avatar\/ac5001d2a36cb6c6cd3e50789007ffca834b477b74a2144564522e944eabff61?s=96&d=mm&r=g","contentUrl":"https:\/\/secure.gravatar.com\/avatar\/ac5001d2a36cb6c6cd3e50789007ffca834b477b74a2144564522e944eabff61?s=96&d=mm&r=g","caption":"thomas.berner"},"url":"https:\/\/www.organisator.ch\/fr\/author\/thomas-berner\/"}]}},"_links":{"self":[{"href":"https:\/\/www.organisator.ch\/fr\/wp-json\/wp\/v2\/posts\/11822","targetHints":{"allow":["GET"]}}],"collection":[{"href":"https:\/\/www.organisator.ch\/fr\/wp-json\/wp\/v2\/posts"}],"about":[{"href":"https:\/\/www.organisator.ch\/fr\/wp-json\/wp\/v2\/types\/post"}],"author":[{"embeddable":true,"href":"https:\/\/www.organisator.ch\/fr\/wp-json\/wp\/v2\/users\/4"}],"replies":[{"embeddable":true,"href":"https:\/\/www.organisator.ch\/fr\/wp-json\/wp\/v2\/comments?post=11822"}],"version-history":[{"count":0,"href":"https:\/\/www.organisator.ch\/fr\/wp-json\/wp\/v2\/posts\/11822\/revisions"}],"wp:featuredmedia":[{"embeddable":true,"href":"https:\/\/www.organisator.ch\/fr\/wp-json\/wp\/v2\/media\/11629"}],"wp:attachment":[{"href":"https:\/\/www.organisator.ch\/fr\/wp-json\/wp\/v2\/media?parent=11822"}],"wp:term":[{"taxonomy":"category","embeddable":true,"href":"https:\/\/www.organisator.ch\/fr\/wp-json\/wp\/v2\/categories?post=11822"},{"taxonomy":"post_tag","embeddable":true,"href":"https:\/\/www.organisator.ch\/fr\/wp-json\/wp\/v2\/tags?post=11822"}],"curies":[{"name":"wp","href":"https:\/\/api.w.org\/{rel}","templated":true}]}}