{"id":11824,"date":"2022-01-17T09:47:10","date_gmt":"2022-01-17T08:47:10","guid":{"rendered":"https:\/\/www.organisator.ch\/?p=9130"},"modified":"2022-01-17T09:47:10","modified_gmt":"2022-01-17T08:47:10","slug":"mit-wasserstoffwirtschaft-zu-neuer-globaler-energiedynamik","status":"publish","type":"post","link":"https:\/\/www.organisator.ch\/fr\/allgemein\/2022-01-17\/mit-wasserstoffwirtschaft-zu-neuer-globaler-energiedynamik\/","title":{"rendered":"Vers une nouvelle dynamique \u00e9nerg\u00e9tique mondiale gr\u00e2ce \u00e0 l'\u00e9conomie de l'hydrog\u00e8ne ?"},"content":{"rendered":"<figure id=\"attachment_9131\" aria-describedby=\"caption-attachment-9131\" style=\"width: 680px\" class=\"wp-caption alignnone\"><a href=\"https:\/\/www.organisator.ch\/wp-content\/uploads\/2022\/01\/Mit-Wasserstoffwirtschaft-zu-neuer-globaler-Energiedynamik_Organisator.jpg\"><img loading=\"lazy\" decoding=\"async\" class=\"size-medium wp-image-9131\" src=\"https:\/\/www.organisator.ch\/wp-content\/uploads\/2022\/01\/Mit-Wasserstoffwirtschaft-zu-neuer-globaler-Energiedynamik_Organisator.jpg\" alt=\"\" width=\"680\" height=\"466\" \/><\/a><figcaption id=\"caption-attachment-9131\" class=\"wp-caption-text\">Avec l'\u00e9conomie de l'hydrog\u00e8ne, une nouvelle dynamique \u00e9nerg\u00e9tique mondiale se dessine. (Image : Depositphotos.com)<\/figcaption><\/figure>\n<p>L'\u00e9conomie mondiale de l'hydrog\u00e8ne conna\u00eet une croissance rapide. Selon l'Agence internationale pour les \u00e9nergies renouvelables (IRENA), cela peut entra\u00eener d'importants changements g\u00e9o\u00e9conomiques et g\u00e9opolitiques. Ceux-ci pourraient donner lieu \u00e0 une s\u00e9rie de nouvelles interactions. L'analyse intitul\u00e9e \"<a href=\"https:\/\/u7061146.ct.sendgrid.net\/ls\/click?upn=4tNED-2FM8iDZJQyQ53jATUSB66QhSS2jxwDmITfXwDY2haMXvFK-2BIca3lYb36XNTfqaCNh5hfnN0HRSI-2FUhP-2BffNw-2FfX8TpxzOU0xNe2n3cqGXPZsMr57CcQ2sam7952qnY9OfuhKOk2F6BrCC7nrhw-3D-3DqcnJ_cGe9W5K-2FCqFb2N07halzpMHUUfPBCEQpnPtMccoXAU149YFoXzNQr1JSyM49unTn8hOx-2BosWN90RYph-2Bs6v4b4v1Wz5lJN5kdQJtRuneDtTNqx6dLB-2B8WxwUZNPalFBxS-2BtGTlEhif7ej1upfjZgDALAsT9KM305bTOTsC-2BDxUtukcZExC0u3BAg5Ams9y3OjkrWWWkCcx4TSVGWusJb66x2wpoDE4MeD4uuwhq6cCBqIFlt5n1IlFp94-2BWcdaYQ-2BdA2zrpI8G-2FpWZ1-2BQ5ADAyEvGSUz69f3ed4sVmEfvWX67-2BqPW8plAHxqJy8R-2FnBd15-2FtYGuHGbuZCTDiOu0FV793bxCgtGmPWe8yabtyGvM-3D\"><em>G\u00e9opolitique de la transition \u00e9nerg\u00e9tique : le facteur hydrog\u00e8ne<\/em>\"<\/a> part du principe que l'hydrog\u00e8ne va modifier le commerce de l'\u00e9nergie, par exemple en r\u00e9gionalisant les relations \u00e9nerg\u00e9tiques. De nouveaux centres d'influence g\u00e9opolitiques bas\u00e9s sur la production et l'utilisation de l'hydrog\u00e8ne verront le jour, tandis que les \u00e9changes traditionnels de p\u00e9trole et de gaz diminueront.<\/p>\n<h2>L'\u00e9conomie de l'hydrog\u00e8ne continuera de cro\u00eetre jusqu'en 2050<\/h2>\n<p>En se basant sur l'urgence de la lutte contre le changement climatique et sur les engagements des pays en faveur de l'objectif z\u00e9ro net, l'IRENA estime que l'hydrog\u00e8ne couvrira jusqu'\u00e0 12 % de la consommation \u00e9nerg\u00e9tique mondiale d'ici 2050. L'augmentation des \u00e9changes commerciaux et des investissements cibl\u00e9s sur un march\u00e9 domin\u00e9 par les combustibles fossiles, actuellement \u00e9valu\u00e9 \u00e0 174 milliards de dollars, devrait accro\u00eetre la comp\u00e9titivit\u00e9 \u00e9conomique et influencer le paysage de la politique \u00e9trang\u00e8re, avec des accords bilat\u00e9raux tr\u00e8s diff\u00e9rents des relations en mati\u00e8re d'hydrocarbures du 20e si\u00e8cle.<\/p>\n<h2>L'hydrog\u00e8ne n'est pas le nouveau p\u00e9trole<\/h2>\n<p>\"L'hydrog\u00e8ne pourrait s'av\u00e9rer \u00eatre le cha\u00eenon manquant sur la voie d'un avenir \u00e9nerg\u00e9tique respectueux du climat\", a d\u00e9clar\u00e9 Francesco La Camera, directeur g\u00e9n\u00e9ral de l'IRENA. \"L'hydrog\u00e8ne est clairement port\u00e9 par la r\u00e9volution des \u00e9nergies renouvelables et l'hydrog\u00e8ne vert peut poser les jalons de la neutralit\u00e9 climatique sans nuire \u00e0 la croissance industrielle et au d\u00e9veloppement social. L'hydrog\u00e8ne n'est toutefois pas le nouveau p\u00e9trole. Et la transition \u00e9nerg\u00e9tique n'est pas un remplacement des combustibles fossiles, mais un passage \u00e0 un nouveau syst\u00e8me avec de nouvelles r\u00e8gles du jeu politiques, techniques, environnementales et \u00e9conomiques\". L'hydrog\u00e8ne vert am\u00e8nera sur le march\u00e9 des acteurs nouveaux et diff\u00e9rents, explique encore Francesco La Camera. Les voies de transport et l'approvisionnement seront de plus en plus diversifi\u00e9s. La coop\u00e9ration internationale pourrait contribuer \u00e0 la d\u00e9mocratisation de l'\u00e9conomie de l'hydrog\u00e8ne, avec des chances \u00e9gales pour les pays industrialis\u00e9s et les pays en d\u00e9veloppement.<\/p>\n<h2>Commerce transfrontalier de l'hydrog\u00e8ne<\/h2>\n<p>L'IRENA estime que d'ici 2050, plus de 30 % d'hydrog\u00e8ne pourraient faire l'objet d'\u00e9changes transfrontaliers - une proportion plus \u00e9lev\u00e9e que celle du gaz naturel aujourd'hui. Des pays qui, traditionnellement, ne faisaient pas de commerce d'\u00e9nergie, d\u00e9veloppent des relations \u00e9nerg\u00e9tiques bilat\u00e9rales autour de l'hydrog\u00e8ne. \u00c9tant donn\u00e9 que de plus en plus d'acteurs et de nouvelles classes d'importateurs et d'exportateurs nets apparaissent sur la sc\u00e8ne internationale, il est peu probable que le commerce de l'hydrog\u00e8ne soit utilis\u00e9 comme une arme et conduise \u00e0 la formation de cartels, contrairement \u00e0 l'influence g\u00e9opolitique du p\u00e9trole et du gaz.<\/p>\n<p>Aujourd'hui, plus de 30 pays et r\u00e9gions pr\u00e9voient d\u00e9j\u00e0 de mettre en place un commerce actif. Certains pays qui se consid\u00e8rent comme de futurs importateurs m\u00e8nent d\u00e9j\u00e0 une diplomatie cibl\u00e9e sur l'hydrog\u00e8ne, comme le Japon et l'Allemagne. Les exportateurs de combustibles fossiles consid\u00e8rent de plus en plus l'hydrog\u00e8ne propre comme un moyen attrayant de diversifier leurs \u00e9conomies, comme l'Australie, Oman, l'Arabie saoudite et les \u00c9mirats arabes unis. Des strat\u00e9gies plus globales de transition \u00e9conomique sont toutefois n\u00e9cessaires, car l'hydrog\u00e8ne ne peut pas compenser les pertes de revenus du p\u00e9trole et du gaz, note l'IRENA.<\/p>\n<h2>L'\u00e9conomie de l'hydrog\u00e8ne fait \u00e9merger de nouveaux acteurs<\/h2>\n<p>Le potentiel technique de la production d'hydrog\u00e8ne d\u00e9passe de loin la demande mondiale estim\u00e9e. Les pays les plus \u00e0 m\u00eame de produire de l'\u00e9lectricit\u00e9 bon march\u00e9 \u00e0 partir d'\u00e9nergies renouvelables seront \u00e9galement les plus \u00e0 m\u00eame de produire de l'hydrog\u00e8ne vert comp\u00e9titif. Des pays comme le Chili, le Maroc et la Namibie, qui sont aujourd'hui des importateurs nets d'\u00e9nergie, sont en train de devenir des exportateurs d'hydrog\u00e8ne vert. L'exploitation du potentiel de r\u00e9gions telles que l'Afrique, l'Am\u00e9rique du Nord et du Sud, le Moyen-Orient et l'Oc\u00e9anie pourrait limiter le risque de concentration des exportations, mais de nombreux pays ont besoin de transferts de technologie, d'infrastructures et d'investissements importants. Selon les estimations de l'IRENA, la demande d'hydrog\u00e8ne vert ne devrait toutefois pas s'acc\u00e9l\u00e9rer avant le milieu des ann\u00e9es 2030. D'ici l\u00e0, l'hydrog\u00e8ne vert sera en mesure de concurrencer l'hydrog\u00e8ne issu de combustibles fossiles en termes de co\u00fbts dans le monde entier - dans des pays comme la Chine, le Br\u00e9sil et l'Inde, cela devrait m\u00eame \u00eatre le cas plus t\u00f4t. En Europe, l'hydrog\u00e8ne vert \u00e9tait d\u00e9j\u00e0 abordable lors de la hausse des prix du gaz naturel en 2021. La modernisation des gazoducs devrait encore stimuler la demande et faciliter le commerce de l'hydrog\u00e8ne.<\/p>\n<h2>De nouveaux sites pour l'industrialisation verte<\/h2>\n<p>Les pays disposant d'un potentiel important en mati\u00e8re d'\u00e9nergies renouvelables pourraient devenir des sites d'industrialisation verte en attirant des industries \u00e0 forte consommation d'\u00e9nergie. En outre, la participation \u00e0 la cha\u00eene de valeur de l'hydrog\u00e8ne peut accro\u00eetre la comp\u00e9titivit\u00e9 \u00e9conomique. La fabrication d'\u00e9lectrolyseurs et de piles \u00e0 combustible, en particulier, pourrait s'av\u00e9rer un moteur \u00e9conomique. La Chine, le Japon et l'Europe ont d\u00e9j\u00e0 pris de l'avance en mati\u00e8re de production, mais les innovations continueront \u00e0 fa\u00e7onner le paysage de production actuel.<\/p>\n<h2>Il reste encore quelques probl\u00e8mes \u00e0 r\u00e9soudre<\/h2>\n<p>L'hydrog\u00e8ne vert pourrait certes rendre l'approvisionnement \u00e9nerg\u00e9tique plus ind\u00e9pendant, plus s\u00fbr et plus robuste, en r\u00e9duisant la d\u00e9pendance vis-\u00e0-vis des importations et la volatilit\u00e9 des prix et en augmentant la flexibilit\u00e9 du syst\u00e8me \u00e9nerg\u00e9tique. Toutefois, les mati\u00e8res premi\u00e8res n\u00e9cessaires \u00e0 l'hydrog\u00e8ne et aux technologies renouvelables pourraient d\u00e9tourner l'attention de la s\u00e9curit\u00e9 des mati\u00e8res premi\u00e8res. Les p\u00e9nuries et la volatilit\u00e9 des prix pourraient avoir des r\u00e9percussions sur l'ensemble de la cha\u00eene d'approvisionnement en hydrog\u00e8ne et avoir un impact n\u00e9gatif sur les co\u00fbts et les revenus.<\/p>\n<p>La conception des r\u00e8gles, des normes et de la gouvernance de l'hydrog\u00e8ne pourrait donner lieu \u00e0 une concurrence g\u00e9opolitique ou ouvrir une nouvelle \u00e8re de coop\u00e9ration internationale renforc\u00e9e. Aider en particulier les pays en d\u00e9veloppement \u00e0 adopter les technologies de l'hydrog\u00e8ne vert et \u00e0 promouvoir l'industrie de l'hydrog\u00e8ne pourrait emp\u00eacher le foss\u00e9 de la d\u00e9carbonisation mondiale de s'\u00e9largir. C'est l'occasion de cr\u00e9er des cha\u00eenes de valeur locales, des industries vertes et des emplois dans des pays riches en sources d'\u00e9nergie renouvelables.<\/p>\n<p><em>Source : <a href=\"http:\/\/www.irena.org\">IRENA<\/a><\/em><\/p>","protected":false},"excerpt":{"rendered":"<p>Die globale Wasserstoffwirtschaft w\u00e4chst rasant. Dies kann nach Auffassung der Internationalen Agentur f\u00fcr erneuerbare Energien (IRENA) erhebliche geo\u00f6konomische und geopolitische Ver\u00e4nderungen mit sich bringen. Diese k\u00f6nnten zu einer Reihe von neuen Wechselbeziehungen f\u00fchren. Die Analyse mit dem Titel\u00a0\u201eGeopolitics of the Energy Transformation: The Hydrogen Factor\u201d geht davon aus, dass Wasserstoff den Energiehandel ver\u00e4ndern wird, etwa [&hellip;]<\/p>\n","protected":false},"author":4,"featured_media":11631,"comment_status":"closed","ping_status":"closed","sticky":false,"template":"","format":"standard","meta":{"_acf_changed":false,"_yoast_wpseo_focuskw":"Wasserstoffwirtschaft","_yoast_wpseo_metadesc":"Laut der Internationalen Agentur f\u00fcr Erneuerbare Energien (IRENA) k\u00f6nnte die Wasserstoffwirtschaft eine Z\u00e4sur in bilateralen Energiebeziehungen bewirken.","articlekey":"","footnotes":""},"categories":[1],"tags":[174,358,531],"class_list":["post-11824","post","type-post","status-publish","format-standard","has-post-thumbnail","hentry","category-allgemein","tag-energiewirtschaft","tag-nachhaltige-wirtschaft","tag-wirtschaftspolitik"],"acf":[],"yoast_head":"<!-- This site is optimized with the Yoast SEO plugin v27.5 - https:\/\/yoast.com\/product\/yoast-seo-wordpress\/ -->\n<title>Mit Wasserstoffwirtschaft zu neuer globaler Energiedynamik? - Organisator<\/title>\n<meta name=\"description\" content=\"Laut der Internationalen Agentur f\u00fcr Erneuerbare Energien (IRENA) k\u00f6nnte die Wasserstoffwirtschaft eine Z\u00e4sur in bilateralen Energiebeziehungen bewirken.\" \/>\n<meta name=\"robots\" content=\"index, follow, max-snippet:-1, max-image-preview:large, max-video-preview:-1\" \/>\n<link rel=\"canonical\" href=\"https:\/\/www.organisator.ch\/fr\/general\/2022-01-17\/mit-wasserstoffwirtschaft-zu-neuer-globaler-energiedynamik\/\" \/>\n<meta property=\"og:locale\" content=\"fr_FR\" \/>\n<meta property=\"og:type\" content=\"article\" \/>\n<meta property=\"og:title\" content=\"Mit Wasserstoffwirtschaft zu neuer globaler Energiedynamik?\" \/>\n<meta property=\"og:description\" content=\"Laut der Internationalen Agentur f\u00fcr Erneuerbare Energien (IRENA) k\u00f6nnte die Wasserstoffwirtschaft eine Z\u00e4sur in bilateralen Energiebeziehungen bewirken.\" \/>\n<meta property=\"og:url\" content=\"https:\/\/www.organisator.ch\/fr\/general\/2022-01-17\/mit-wasserstoffwirtschaft-zu-neuer-globaler-energiedynamik\/\" \/>\n<meta property=\"og:site_name\" content=\"Organisator\" \/>\n<meta property=\"article:publisher\" content=\"https:\/\/www.facebook.com\/OrganisatorFachmagazin\" \/>\n<meta property=\"article:published_time\" content=\"2022-01-17T08:47:10+00:00\" \/>\n<meta property=\"og:image\" content=\"https:\/\/www.organisator.ch\/wp-content\/uploads\/2021\/08\/organisator_1951_2.png\" \/>\n\t<meta property=\"og:image:width\" content=\"654\" \/>\n\t<meta property=\"og:image:height\" content=\"370\" \/>\n\t<meta property=\"og:image:type\" content=\"image\/png\" \/>\n<meta name=\"author\" content=\"thomas.berner\" \/>\n<meta name=\"twitter:card\" content=\"summary_large_image\" \/>\n<meta name=\"twitter:title\" content=\"Mit #Wasserstoffwirtschaft zu neuer globaler #Energiedynamik?\" \/>\n<meta name=\"twitter:description\" content=\"Laut der Internationalen Agentur f\u00fcr Erneuerbare Energien (#IRENA) k\u00f6nnte die #Wasserstoffwirtschaft eine Z\u00e4sur in bilateralen #Energiebeziehungen bewirken.\" \/>\n<meta name=\"twitter:image\" content=\"https:\/\/www.organisator.ch\/wp-content\/uploads\/2021\/08\/organisator_1951_2.png\" \/>\n<script type=\"application\/ld+json\" class=\"yoast-schema-graph\">{\"@context\":\"https:\\\/\\\/schema.org\",\"@graph\":[{\"@type\":\"Article\",\"@id\":\"https:\\\/\\\/www.organisator.ch\\\/en\\\/general\\\/2022-01-17\\\/mit-wasserstoffwirtschaft-zu-neuer-globaler-energiedynamik\\\/#article\",\"isPartOf\":{\"@id\":\"https:\\\/\\\/www.organisator.ch\\\/en\\\/general\\\/2022-01-17\\\/mit-wasserstoffwirtschaft-zu-neuer-globaler-energiedynamik\\\/\"},\"author\":{\"name\":\"thomas.berner\",\"@id\":\"https:\\\/\\\/www.organisator.ch\\\/#\\\/schema\\\/person\\\/6f650f90b2842cd4c0cc334b4e36f67e\"},\"headline\":\"Mit Wasserstoffwirtschaft zu neuer globaler Energiedynamik?\",\"datePublished\":\"2022-01-17T08:47:10+00:00\",\"mainEntityOfPage\":{\"@id\":\"https:\\\/\\\/www.organisator.ch\\\/en\\\/general\\\/2022-01-17\\\/mit-wasserstoffwirtschaft-zu-neuer-globaler-energiedynamik\\\/\"},\"wordCount\":947,\"publisher\":{\"@id\":\"https:\\\/\\\/www.organisator.ch\\\/#organization\"},\"image\":{\"@id\":\"https:\\\/\\\/www.organisator.ch\\\/en\\\/general\\\/2022-01-17\\\/mit-wasserstoffwirtschaft-zu-neuer-globaler-energiedynamik\\\/#primaryimage\"},\"thumbnailUrl\":\"https:\\\/\\\/www.organisator.ch\\\/wp-content\\\/uploads\\\/2022\\\/01\\\/Mit-Wasserstoffwirtschaft-zu-neuer-globaler-Energiedynamik_Organisator.jpg\",\"keywords\":[\"Energiewirtschaft\",\"Nachhaltige Wirtschaft\",\"Wirtschaftspolitik\"],\"articleSection\":[\"Allgemein\"],\"inLanguage\":\"fr-FR\"},{\"@type\":\"WebPage\",\"@id\":\"https:\\\/\\\/www.organisator.ch\\\/en\\\/general\\\/2022-01-17\\\/mit-wasserstoffwirtschaft-zu-neuer-globaler-energiedynamik\\\/\",\"url\":\"https:\\\/\\\/www.organisator.ch\\\/en\\\/general\\\/2022-01-17\\\/mit-wasserstoffwirtschaft-zu-neuer-globaler-energiedynamik\\\/\",\"name\":\"Mit Wasserstoffwirtschaft zu neuer globaler Energiedynamik? - Organisator\",\"isPartOf\":{\"@id\":\"https:\\\/\\\/www.organisator.ch\\\/#website\"},\"primaryImageOfPage\":{\"@id\":\"https:\\\/\\\/www.organisator.ch\\\/en\\\/general\\\/2022-01-17\\\/mit-wasserstoffwirtschaft-zu-neuer-globaler-energiedynamik\\\/#primaryimage\"},\"image\":{\"@id\":\"https:\\\/\\\/www.organisator.ch\\\/en\\\/general\\\/2022-01-17\\\/mit-wasserstoffwirtschaft-zu-neuer-globaler-energiedynamik\\\/#primaryimage\"},\"thumbnailUrl\":\"https:\\\/\\\/www.organisator.ch\\\/wp-content\\\/uploads\\\/2022\\\/01\\\/Mit-Wasserstoffwirtschaft-zu-neuer-globaler-Energiedynamik_Organisator.jpg\",\"datePublished\":\"2022-01-17T08:47:10+00:00\",\"description\":\"Laut der Internationalen Agentur f\u00fcr Erneuerbare Energien (IRENA) k\u00f6nnte die Wasserstoffwirtschaft eine Z\u00e4sur in bilateralen Energiebeziehungen bewirken.\",\"breadcrumb\":{\"@id\":\"https:\\\/\\\/www.organisator.ch\\\/en\\\/general\\\/2022-01-17\\\/mit-wasserstoffwirtschaft-zu-neuer-globaler-energiedynamik\\\/#breadcrumb\"},\"inLanguage\":\"fr-FR\",\"potentialAction\":[{\"@type\":\"ReadAction\",\"target\":[\"https:\\\/\\\/www.organisator.ch\\\/en\\\/general\\\/2022-01-17\\\/mit-wasserstoffwirtschaft-zu-neuer-globaler-energiedynamik\\\/\"]}]},{\"@type\":\"ImageObject\",\"inLanguage\":\"fr-FR\",\"@id\":\"https:\\\/\\\/www.organisator.ch\\\/en\\\/general\\\/2022-01-17\\\/mit-wasserstoffwirtschaft-zu-neuer-globaler-energiedynamik\\\/#primaryimage\",\"url\":\"https:\\\/\\\/www.organisator.ch\\\/wp-content\\\/uploads\\\/2022\\\/01\\\/Mit-Wasserstoffwirtschaft-zu-neuer-globaler-Energiedynamik_Organisator.jpg\",\"contentUrl\":\"https:\\\/\\\/www.organisator.ch\\\/wp-content\\\/uploads\\\/2022\\\/01\\\/Mit-Wasserstoffwirtschaft-zu-neuer-globaler-Energiedynamik_Organisator.jpg\",\"width\":680,\"height\":466,\"caption\":\"Mit der Wasserstoffwirtschaft zeichnet sich eine neue globale Energiedynamik ab. (Bild: Depositphotos.com)\"},{\"@type\":\"BreadcrumbList\",\"@id\":\"https:\\\/\\\/www.organisator.ch\\\/en\\\/general\\\/2022-01-17\\\/mit-wasserstoffwirtschaft-zu-neuer-globaler-energiedynamik\\\/#breadcrumb\",\"itemListElement\":[{\"@type\":\"ListItem\",\"position\":1,\"name\":\"Home\",\"item\":\"https:\\\/\\\/www.organisator.ch\\\/\"},{\"@type\":\"ListItem\",\"position\":2,\"name\":\"Mit Wasserstoffwirtschaft zu neuer globaler Energiedynamik?\"}]},{\"@type\":\"WebSite\",\"@id\":\"https:\\\/\\\/www.organisator.ch\\\/#website\",\"url\":\"https:\\\/\\\/www.organisator.ch\\\/\",\"name\":\"Organisator\",\"description\":\"Kompetent. Praxisnah. Der ORGANISATOR bereitet in 10 Ausgaben pro Jahr die wesentlichen Themen f\u00fcr F\u00fchrungskr\u00e4fte von KMU auf.\",\"publisher\":{\"@id\":\"https:\\\/\\\/www.organisator.ch\\\/#organization\"},\"potentialAction\":[{\"@type\":\"SearchAction\",\"target\":{\"@type\":\"EntryPoint\",\"urlTemplate\":\"https:\\\/\\\/www.organisator.ch\\\/?s={search_term_string}\"},\"query-input\":{\"@type\":\"PropertyValueSpecification\",\"valueRequired\":true,\"valueName\":\"search_term_string\"}}],\"inLanguage\":\"fr-FR\"},{\"@type\":\"Organization\",\"@id\":\"https:\\\/\\\/www.organisator.ch\\\/#organization\",\"name\":\"Organisator\",\"url\":\"https:\\\/\\\/www.organisator.ch\\\/\",\"logo\":{\"@type\":\"ImageObject\",\"inLanguage\":\"fr-FR\",\"@id\":\"https:\\\/\\\/www.organisator.ch\\\/#\\\/schema\\\/logo\\\/image\\\/\",\"url\":\"https:\\\/\\\/www.organisator.ch\\\/wp-content\\\/uploads\\\/2022\\\/01\\\/Logo_Organisator_Website.png\",\"contentUrl\":\"https:\\\/\\\/www.organisator.ch\\\/wp-content\\\/uploads\\\/2022\\\/01\\\/Logo_Organisator_Website.png\",\"width\":800,\"height\":77,\"caption\":\"Organisator\"},\"image\":{\"@id\":\"https:\\\/\\\/www.organisator.ch\\\/#\\\/schema\\\/logo\\\/image\\\/\"},\"sameAs\":[\"https:\\\/\\\/www.facebook.com\\\/OrganisatorFachmagazin\",\"https:\\\/\\\/www.linkedin.com\\\/showcase\\\/organisator-das-magazin-fr-kmu\",\"https:\\\/\\\/www.xing.com\\\/news\\\/pages\\\/organisator-ch-695\",\"https:\\\/\\\/www.youtube.com\\\/channel\\\/UCGP2Sq0iWaZwT3BdIAQFYpw\"]},{\"@type\":\"Person\",\"@id\":\"https:\\\/\\\/www.organisator.ch\\\/#\\\/schema\\\/person\\\/6f650f90b2842cd4c0cc334b4e36f67e\",\"name\":\"thomas.berner\",\"image\":{\"@type\":\"ImageObject\",\"inLanguage\":\"fr-FR\",\"@id\":\"https:\\\/\\\/secure.gravatar.com\\\/avatar\\\/ac5001d2a36cb6c6cd3e50789007ffca834b477b74a2144564522e944eabff61?s=96&d=mm&r=g\",\"url\":\"https:\\\/\\\/secure.gravatar.com\\\/avatar\\\/ac5001d2a36cb6c6cd3e50789007ffca834b477b74a2144564522e944eabff61?s=96&d=mm&r=g\",\"contentUrl\":\"https:\\\/\\\/secure.gravatar.com\\\/avatar\\\/ac5001d2a36cb6c6cd3e50789007ffca834b477b74a2144564522e944eabff61?s=96&d=mm&r=g\",\"caption\":\"thomas.berner\"},\"url\":\"https:\\\/\\\/www.organisator.ch\\\/fr\\\/author\\\/thomas-berner\\\/\"}]}<\/script>\n<!-- \/ Yoast SEO plugin. -->","yoast_head_json":{"title":"Vers une nouvelle dynamique \u00e9nerg\u00e9tique mondiale gr\u00e2ce \u00e0 l'\u00e9conomie de l'hydrog\u00e8ne ? - Organisateur","description":"Selon l'Agence internationale pour les \u00e9nergies renouvelables (IRENA), l'\u00e9conomie de l'hydrog\u00e8ne pourrait marquer un tournant dans les relations \u00e9nerg\u00e9tiques bilat\u00e9rales.","robots":{"index":"index","follow":"follow","max-snippet":"max-snippet:-1","max-image-preview":"max-image-preview:large","max-video-preview":"max-video-preview:-1"},"canonical":"https:\/\/www.organisator.ch\/fr\/general\/2022-01-17\/mit-wasserstoffwirtschaft-zu-neuer-globaler-energiedynamik\/","og_locale":"fr_FR","og_type":"article","og_title":"Mit Wasserstoffwirtschaft zu neuer globaler Energiedynamik?","og_description":"Laut der Internationalen Agentur f\u00fcr Erneuerbare Energien (IRENA) k\u00f6nnte die Wasserstoffwirtschaft eine Z\u00e4sur in bilateralen Energiebeziehungen bewirken.","og_url":"https:\/\/www.organisator.ch\/fr\/general\/2022-01-17\/mit-wasserstoffwirtschaft-zu-neuer-globaler-energiedynamik\/","og_site_name":"Organisator","article_publisher":"https:\/\/www.facebook.com\/OrganisatorFachmagazin","article_published_time":"2022-01-17T08:47:10+00:00","og_image":[{"width":654,"height":370,"url":"https:\/\/www.organisator.ch\/wp-content\/uploads\/2021\/08\/organisator_1951_2.png","type":"image\/png"}],"author":"thomas.berner","twitter_card":"summary_large_image","twitter_title":"Mit #Wasserstoffwirtschaft zu neuer globaler #Energiedynamik?","twitter_description":"Laut der Internationalen Agentur f\u00fcr Erneuerbare Energien (#IRENA) k\u00f6nnte die #Wasserstoffwirtschaft eine Z\u00e4sur in bilateralen #Energiebeziehungen bewirken.","twitter_image":"https:\/\/www.organisator.ch\/wp-content\/uploads\/2021\/08\/organisator_1951_2.png","schema":{"@context":"https:\/\/schema.org","@graph":[{"@type":"Article","@id":"https:\/\/www.organisator.ch\/en\/general\/2022-01-17\/mit-wasserstoffwirtschaft-zu-neuer-globaler-energiedynamik\/#article","isPartOf":{"@id":"https:\/\/www.organisator.ch\/en\/general\/2022-01-17\/mit-wasserstoffwirtschaft-zu-neuer-globaler-energiedynamik\/"},"author":{"name":"thomas.berner","@id":"https:\/\/www.organisator.ch\/#\/schema\/person\/6f650f90b2842cd4c0cc334b4e36f67e"},"headline":"Mit Wasserstoffwirtschaft zu neuer globaler Energiedynamik?","datePublished":"2022-01-17T08:47:10+00:00","mainEntityOfPage":{"@id":"https:\/\/www.organisator.ch\/en\/general\/2022-01-17\/mit-wasserstoffwirtschaft-zu-neuer-globaler-energiedynamik\/"},"wordCount":947,"publisher":{"@id":"https:\/\/www.organisator.ch\/#organization"},"image":{"@id":"https:\/\/www.organisator.ch\/en\/general\/2022-01-17\/mit-wasserstoffwirtschaft-zu-neuer-globaler-energiedynamik\/#primaryimage"},"thumbnailUrl":"https:\/\/www.organisator.ch\/wp-content\/uploads\/2022\/01\/Mit-Wasserstoffwirtschaft-zu-neuer-globaler-Energiedynamik_Organisator.jpg","keywords":["Energiewirtschaft","Nachhaltige Wirtschaft","Wirtschaftspolitik"],"articleSection":["Allgemein"],"inLanguage":"fr-FR"},{"@type":"WebPage","@id":"https:\/\/www.organisator.ch\/en\/general\/2022-01-17\/mit-wasserstoffwirtschaft-zu-neuer-globaler-energiedynamik\/","url":"https:\/\/www.organisator.ch\/en\/general\/2022-01-17\/mit-wasserstoffwirtschaft-zu-neuer-globaler-energiedynamik\/","name":"Vers une nouvelle dynamique \u00e9nerg\u00e9tique mondiale gr\u00e2ce \u00e0 l'\u00e9conomie de l'hydrog\u00e8ne ? - Organisateur","isPartOf":{"@id":"https:\/\/www.organisator.ch\/#website"},"primaryImageOfPage":{"@id":"https:\/\/www.organisator.ch\/en\/general\/2022-01-17\/mit-wasserstoffwirtschaft-zu-neuer-globaler-energiedynamik\/#primaryimage"},"image":{"@id":"https:\/\/www.organisator.ch\/en\/general\/2022-01-17\/mit-wasserstoffwirtschaft-zu-neuer-globaler-energiedynamik\/#primaryimage"},"thumbnailUrl":"https:\/\/www.organisator.ch\/wp-content\/uploads\/2022\/01\/Mit-Wasserstoffwirtschaft-zu-neuer-globaler-Energiedynamik_Organisator.jpg","datePublished":"2022-01-17T08:47:10+00:00","description":"Selon l'Agence internationale pour les \u00e9nergies renouvelables (IRENA), l'\u00e9conomie de l'hydrog\u00e8ne pourrait marquer un tournant dans les relations \u00e9nerg\u00e9tiques bilat\u00e9rales.","breadcrumb":{"@id":"https:\/\/www.organisator.ch\/en\/general\/2022-01-17\/mit-wasserstoffwirtschaft-zu-neuer-globaler-energiedynamik\/#breadcrumb"},"inLanguage":"fr-FR","potentialAction":[{"@type":"ReadAction","target":["https:\/\/www.organisator.ch\/en\/general\/2022-01-17\/mit-wasserstoffwirtschaft-zu-neuer-globaler-energiedynamik\/"]}]},{"@type":"ImageObject","inLanguage":"fr-FR","@id":"https:\/\/www.organisator.ch\/en\/general\/2022-01-17\/mit-wasserstoffwirtschaft-zu-neuer-globaler-energiedynamik\/#primaryimage","url":"https:\/\/www.organisator.ch\/wp-content\/uploads\/2022\/01\/Mit-Wasserstoffwirtschaft-zu-neuer-globaler-Energiedynamik_Organisator.jpg","contentUrl":"https:\/\/www.organisator.ch\/wp-content\/uploads\/2022\/01\/Mit-Wasserstoffwirtschaft-zu-neuer-globaler-Energiedynamik_Organisator.jpg","width":680,"height":466,"caption":"Mit der Wasserstoffwirtschaft zeichnet sich eine neue globale Energiedynamik ab. (Bild: Depositphotos.com)"},{"@type":"BreadcrumbList","@id":"https:\/\/www.organisator.ch\/en\/general\/2022-01-17\/mit-wasserstoffwirtschaft-zu-neuer-globaler-energiedynamik\/#breadcrumb","itemListElement":[{"@type":"ListItem","position":1,"name":"Home","item":"https:\/\/www.organisator.ch\/"},{"@type":"ListItem","position":2,"name":"Mit Wasserstoffwirtschaft zu neuer globaler Energiedynamik?"}]},{"@type":"WebSite","@id":"https:\/\/www.organisator.ch\/#website","url":"https:\/\/www.organisator.ch\/","name":"Organisateur","description":"Comp\u00e9tence et comp\u00e9tence. Proches de la pratique. L'ORGANISATEUR pr\u00e9pare 10 num\u00e9ros par an sur les th\u00e8mes essentiels pour les dirigeants de PME.","publisher":{"@id":"https:\/\/www.organisator.ch\/#organization"},"potentialAction":[{"@type":"SearchAction","target":{"@type":"EntryPoint","urlTemplate":"https:\/\/www.organisator.ch\/?s={search_term_string}"},"query-input":{"@type":"PropertyValueSpecification","valueRequired":true,"valueName":"search_term_string"}}],"inLanguage":"fr-FR"},{"@type":"Organization","@id":"https:\/\/www.organisator.ch\/#organization","name":"Organisateur","url":"https:\/\/www.organisator.ch\/","logo":{"@type":"ImageObject","inLanguage":"fr-FR","@id":"https:\/\/www.organisator.ch\/#\/schema\/logo\/image\/","url":"https:\/\/www.organisator.ch\/wp-content\/uploads\/2022\/01\/Logo_Organisator_Website.png","contentUrl":"https:\/\/www.organisator.ch\/wp-content\/uploads\/2022\/01\/Logo_Organisator_Website.png","width":800,"height":77,"caption":"Organisator"},"image":{"@id":"https:\/\/www.organisator.ch\/#\/schema\/logo\/image\/"},"sameAs":["https:\/\/www.facebook.com\/OrganisatorFachmagazin","https:\/\/www.linkedin.com\/showcase\/organisator-das-magazin-fr-kmu","https:\/\/www.xing.com\/news\/pages\/organisator-ch-695","https:\/\/www.youtube.com\/channel\/UCGP2Sq0iWaZwT3BdIAQFYpw"]},{"@type":"Person","@id":"https:\/\/www.organisator.ch\/#\/schema\/person\/6f650f90b2842cd4c0cc334b4e36f67e","name":"thomas.berner","image":{"@type":"ImageObject","inLanguage":"fr-FR","@id":"https:\/\/secure.gravatar.com\/avatar\/ac5001d2a36cb6c6cd3e50789007ffca834b477b74a2144564522e944eabff61?s=96&d=mm&r=g","url":"https:\/\/secure.gravatar.com\/avatar\/ac5001d2a36cb6c6cd3e50789007ffca834b477b74a2144564522e944eabff61?s=96&d=mm&r=g","contentUrl":"https:\/\/secure.gravatar.com\/avatar\/ac5001d2a36cb6c6cd3e50789007ffca834b477b74a2144564522e944eabff61?s=96&d=mm&r=g","caption":"thomas.berner"},"url":"https:\/\/www.organisator.ch\/fr\/author\/thomas-berner\/"}]}},"_links":{"self":[{"href":"https:\/\/www.organisator.ch\/fr\/wp-json\/wp\/v2\/posts\/11824","targetHints":{"allow":["GET"]}}],"collection":[{"href":"https:\/\/www.organisator.ch\/fr\/wp-json\/wp\/v2\/posts"}],"about":[{"href":"https:\/\/www.organisator.ch\/fr\/wp-json\/wp\/v2\/types\/post"}],"author":[{"embeddable":true,"href":"https:\/\/www.organisator.ch\/fr\/wp-json\/wp\/v2\/users\/4"}],"replies":[{"embeddable":true,"href":"https:\/\/www.organisator.ch\/fr\/wp-json\/wp\/v2\/comments?post=11824"}],"version-history":[{"count":0,"href":"https:\/\/www.organisator.ch\/fr\/wp-json\/wp\/v2\/posts\/11824\/revisions"}],"wp:featuredmedia":[{"embeddable":true,"href":"https:\/\/www.organisator.ch\/fr\/wp-json\/wp\/v2\/media\/11631"}],"wp:attachment":[{"href":"https:\/\/www.organisator.ch\/fr\/wp-json\/wp\/v2\/media?parent=11824"}],"wp:term":[{"taxonomy":"category","embeddable":true,"href":"https:\/\/www.organisator.ch\/fr\/wp-json\/wp\/v2\/categories?post=11824"},{"taxonomy":"post_tag","embeddable":true,"href":"https:\/\/www.organisator.ch\/fr\/wp-json\/wp\/v2\/tags?post=11824"}],"curies":[{"name":"wp","href":"https:\/\/api.w.org\/{rel}","templated":true}]}}