{"id":11838,"date":"2022-01-27T11:50:45","date_gmt":"2022-01-27T10:50:45","guid":{"rendered":"https:\/\/www.organisator.ch\/?p=9191"},"modified":"2022-01-27T11:50:45","modified_gmt":"2022-01-27T10:50:45","slug":"victorinox-verstaerkt-sales-niveau-de-conduite-dans-le-toit","status":"publish","type":"post","link":"https:\/\/www.organisator.ch\/fr\/management\/2022-01-27\/victorinox-verstaerkt-sales-fuehrungsebene-im-dach-raum\/","title":{"rendered":"Victorinox renforce sa direction des ventes dans la r\u00e9gion DACH"},"content":{"rendered":"<figure id=\"attachment_9192\" aria-describedby=\"caption-attachment-9192\" style=\"width: 680px\" class=\"wp-caption alignnone\"><a href=\"https:\/\/www.organisator.ch\/wp-content\/uploads\/2022\/01\/Victorinox-verstaerkt-Sales-Fuehrungsebene-im-DACH-Raum_Organisator.jpg\"><img loading=\"lazy\" decoding=\"async\" class=\"size-medium wp-image-9192\" src=\"https:\/\/www.organisator.ch\/wp-content\/uploads\/2022\/01\/Victorinox-verstaerkt-Sales-Fuehrungsebene-im-DACH-Raum_Organisator.jpg\" alt=\"\" width=\"680\" height=\"374\" \/><\/a><figcaption id=\"caption-attachment-9192\" class=\"wp-caption-text\">Andr\u00e9 F\u00e4ssler (\u00e0 gauche) et Matthias M\u00fcllersch\u00f6n renforcent le secteur Corporate Business de Victorinox dans la r\u00e9gion DACH. (Image : zVg)<\/figcaption><\/figure>\n<p>L'entreprise familiale mondialement connue Victorinox, c\u00e9l\u00e8bre pour son l\u00e9gendaire \"Original Swiss Army Knife\", renforce son \u00e9quipe de direction dans le domaine Corporate Business. Andr\u00e9 F\u00e4ssler, originaire de la Suisse centrale et qui a grandi non loin de l'usine Victorinox, est le nouveau \"Head of Sales\". Ce professionnel de la vente a plus de 15 ans d'exp\u00e9rience dans le secteur B2B au niveau national et international. Chez Victorinox depuis fin 2018, il s'occupait jusqu'\u00e0 pr\u00e9sent des pays Suisse et Allemagne en tant que Senior Key Account Manager. Dans ce cadre, il a \u00e9t\u00e9 impliqu\u00e9 en tant que chef de file dans divers projets dans les domaines de la vente, du marketing et des produits. \"Victorinox fabrique des produits uniques et innovants qui sont connus dans le monde entier. Nous voulons faire partager au client notre enthousiasme pour ces produits et lui faire d\u00e9couvrir le produit qui lui convient le mieux\", explique Andr\u00e9 F\u00e4ssler.<\/p>\n<p>Matthias M\u00fcllersch\u00f6n est le nouveau \"Area Manager Corporate Business Deutschland\" depuis le 1er septembre. Avec ce poste nouvellement cr\u00e9\u00e9, Victorinox veut continuer \u00e0 d\u00e9velopper le march\u00e9 Corporate Business allemand. M\u00fcllersch\u00f6n, qui vit dans le sud de l'Allemagne, travaille dans l'entreprise depuis 2015 et peut se pr\u00e9valoir d'une longue exp\u00e9rience dans le commerce de d\u00e9tail GPK. Il a accumul\u00e9 ses connaissances pendant 16 ans dans le commerce et repr\u00e9sente, selon Victorinox, un compl\u00e9ment optimal pour l'\u00e9quipe de vente. \"Ma motivation permanente est de cr\u00e9er le produit parfait en collaboration avec mes clients et d'obtenir ainsi le maximum de satisfaction de la part des clients\", explique Matthias M\u00fcllersch\u00f6n pour expliquer sa motivation dans sa nouvelle fonction.<\/p>\n<p>Les produits de Victorinox, dont le portefeuille comprend non seulement les c\u00e9l\u00e8bres couteaux de poche mais aussi des montres, des bagages et des parfums, sont disponibles en ligne et dans ses propres magasins ainsi que par le biais d'un vaste r\u00e9seau de filiales et de distributeurs dans plus de 120 pays. En 2019, l'entreprise, qui emploie plus de 2 100 personnes, a r\u00e9alis\u00e9 un chiffre d'affaires d'environ 480 millions de francs suisses.<\/p>\n<p><em><a href=\"http:\/\/www.victorinox.com\">Source<\/a><\/em><\/p>","protected":false},"excerpt":{"rendered":"<p>Das weltweit bekannte Familienunternehmen Victorinox, ber\u00fchmt f\u00fcr das legend\u00e4re &#8222;Original Swiss Army Knife&#8220;, verst\u00e4rkt die F\u00fchrungsriege im Bereich Corporate Business. Der geb\u00fcrtige Innerschwyzer Andr\u00e9 F\u00e4ssler, der unweit von der Victorinox-Fabrik aufgewachsen ist, ist neuer &#8222;Head of Sales&#8220;. Der Vertriebsprofi hat \u00fcber 15 Jahre Erfahrung im B2B-Bereich auf nationaler und internationaler Ebene. Seit Ende 2018 bei [&hellip;]<\/p>\n","protected":false},"author":4,"featured_media":11648,"comment_status":"closed","ping_status":"closed","sticky":false,"template":"","format":"standard","meta":{"_acf_changed":false,"_yoast_wpseo_focuskw":"Victorinox","_yoast_wpseo_metadesc":"Der Corporate Business Bereich bei Victorinox bekommt mit Andr\u00e9 F\u00e4ssler und Matthias M\u00fcllersch\u00f6n Verst\u00e4rkung auf F\u00fchrungsebene im DACH-Raum.","articlekey":"","footnotes":""},"categories":[28],"tags":[335,339,381],"class_list":["post-11838","post","type-post","status-publish","format-standard","has-post-thumbnail","hentry","category-management","tag-management-und-unternehmensfuehrung","tag-marketing","tag-personalia"],"acf":[],"yoast_head":"<!-- This site is optimized with the Yoast SEO plugin v27.5 - https:\/\/yoast.com\/product\/yoast-seo-wordpress\/ -->\n<title>Victorinox verst\u00e4rkt Sales-F\u00fchrungsebene im DACH-Raum - Organisator<\/title>\n<meta name=\"description\" content=\"Der Corporate Business Bereich bei Victorinox bekommt mit Andr\u00e9 F\u00e4ssler und Matthias M\u00fcllersch\u00f6n Verst\u00e4rkung auf F\u00fchrungsebene im DACH-Raum.\" \/>\n<meta name=\"robots\" content=\"index, follow, max-snippet:-1, max-image-preview:large, max-video-preview:-1\" \/>\n<link rel=\"canonical\" href=\"https:\/\/www.organisator.ch\/fr\/gestion-2\/2022-01-27\/victorinox-verstaerkt-sales-niveau-de-conduite-dans-le-toit\/\" \/>\n<meta property=\"og:locale\" content=\"fr_FR\" \/>\n<meta property=\"og:type\" content=\"article\" \/>\n<meta property=\"og:title\" content=\"Victorinox verst\u00e4rkt Sales-F\u00fchrungsebene im DACH-Raum\" \/>\n<meta property=\"og:description\" content=\"Der Corporate Business Bereich bei Victorinox bekommt mit Andr\u00e9 F\u00e4ssler und Matthias M\u00fcllersch\u00f6n Verst\u00e4rkung auf F\u00fchrungsebene im DACH-Raum.\" \/>\n<meta property=\"og:url\" content=\"https:\/\/www.organisator.ch\/fr\/gestion-2\/2022-01-27\/victorinox-verstaerkt-sales-niveau-de-conduite-dans-le-toit\/\" \/>\n<meta property=\"og:site_name\" content=\"Organisator\" \/>\n<meta property=\"article:publisher\" content=\"https:\/\/www.facebook.com\/OrganisatorFachmagazin\" \/>\n<meta property=\"article:published_time\" content=\"2022-01-27T10:50:45+00:00\" \/>\n<meta name=\"author\" content=\"thomas.berner\" \/>\n<meta name=\"twitter:card\" content=\"summary_large_image\" \/>\n<meta name=\"twitter:title\" content=\"#Victorinox verst\u00e4rkt #Sales-F\u00fchrungsebene im DACH-Raum\" \/>\n<meta name=\"twitter:description\" content=\"Der Corporate Business Bereich bei #Victorinox bekommt mit Andr\u00e9 #F\u00e4ssler und Matthias #M\u00fcllersch\u00f6n Verst\u00e4rkung auf F\u00fchrungsebene im #DACH-Raum.\" \/>\n<script type=\"application\/ld+json\" class=\"yoast-schema-graph\">{\"@context\":\"https:\\\/\\\/schema.org\",\"@graph\":[{\"@type\":\"Article\",\"@id\":\"https:\\\/\\\/www.organisator.ch\\\/management\\\/2022-01-27\\\/victorinox-verstaerkt-sales-fuehrungsebene-im-dach-raum\\\/#article\",\"isPartOf\":{\"@id\":\"https:\\\/\\\/www.organisator.ch\\\/management\\\/2022-01-27\\\/victorinox-verstaerkt-sales-fuehrungsebene-im-dach-raum\\\/\"},\"author\":{\"name\":\"thomas.berner\",\"@id\":\"https:\\\/\\\/www.organisator.ch\\\/#\\\/schema\\\/person\\\/6f650f90b2842cd4c0cc334b4e36f67e\"},\"headline\":\"Victorinox verst\u00e4rkt Sales-F\u00fchrungsebene im DACH-Raum\",\"datePublished\":\"2022-01-27T10:50:45+00:00\",\"mainEntityOfPage\":{\"@id\":\"https:\\\/\\\/www.organisator.ch\\\/management\\\/2022-01-27\\\/victorinox-verstaerkt-sales-fuehrungsebene-im-dach-raum\\\/\"},\"wordCount\":327,\"publisher\":{\"@id\":\"https:\\\/\\\/www.organisator.ch\\\/#organization\"},\"image\":{\"@id\":\"https:\\\/\\\/www.organisator.ch\\\/management\\\/2022-01-27\\\/victorinox-verstaerkt-sales-fuehrungsebene-im-dach-raum\\\/#primaryimage\"},\"thumbnailUrl\":\"https:\\\/\\\/www.organisator.ch\\\/wp-content\\\/uploads\\\/2022\\\/01\\\/Victorinox-verstaerkt-Sales-Fuehrungsebene-im-DACH-Raum_Organisator.jpg\",\"keywords\":[\"Management und Unternehmensf\u00fchrung\",\"Marketing\",\"Personalia\"],\"articleSection\":[\"MANAGEMENT\"],\"inLanguage\":\"fr-FR\"},{\"@type\":\"WebPage\",\"@id\":\"https:\\\/\\\/www.organisator.ch\\\/management\\\/2022-01-27\\\/victorinox-verstaerkt-sales-fuehrungsebene-im-dach-raum\\\/\",\"url\":\"https:\\\/\\\/www.organisator.ch\\\/management\\\/2022-01-27\\\/victorinox-verstaerkt-sales-fuehrungsebene-im-dach-raum\\\/\",\"name\":\"Victorinox verst\u00e4rkt Sales-F\u00fchrungsebene im DACH-Raum - Organisator\",\"isPartOf\":{\"@id\":\"https:\\\/\\\/www.organisator.ch\\\/#website\"},\"primaryImageOfPage\":{\"@id\":\"https:\\\/\\\/www.organisator.ch\\\/management\\\/2022-01-27\\\/victorinox-verstaerkt-sales-fuehrungsebene-im-dach-raum\\\/#primaryimage\"},\"image\":{\"@id\":\"https:\\\/\\\/www.organisator.ch\\\/management\\\/2022-01-27\\\/victorinox-verstaerkt-sales-fuehrungsebene-im-dach-raum\\\/#primaryimage\"},\"thumbnailUrl\":\"https:\\\/\\\/www.organisator.ch\\\/wp-content\\\/uploads\\\/2022\\\/01\\\/Victorinox-verstaerkt-Sales-Fuehrungsebene-im-DACH-Raum_Organisator.jpg\",\"datePublished\":\"2022-01-27T10:50:45+00:00\",\"description\":\"Der Corporate Business Bereich bei Victorinox bekommt mit Andr\u00e9 F\u00e4ssler und Matthias M\u00fcllersch\u00f6n Verst\u00e4rkung auf F\u00fchrungsebene im DACH-Raum.\",\"breadcrumb\":{\"@id\":\"https:\\\/\\\/www.organisator.ch\\\/management\\\/2022-01-27\\\/victorinox-verstaerkt-sales-fuehrungsebene-im-dach-raum\\\/#breadcrumb\"},\"inLanguage\":\"fr-FR\",\"potentialAction\":[{\"@type\":\"ReadAction\",\"target\":[\"https:\\\/\\\/www.organisator.ch\\\/management\\\/2022-01-27\\\/victorinox-verstaerkt-sales-fuehrungsebene-im-dach-raum\\\/\"]}]},{\"@type\":\"ImageObject\",\"inLanguage\":\"fr-FR\",\"@id\":\"https:\\\/\\\/www.organisator.ch\\\/management\\\/2022-01-27\\\/victorinox-verstaerkt-sales-fuehrungsebene-im-dach-raum\\\/#primaryimage\",\"url\":\"https:\\\/\\\/www.organisator.ch\\\/wp-content\\\/uploads\\\/2022\\\/01\\\/Victorinox-verstaerkt-Sales-Fuehrungsebene-im-DACH-Raum_Organisator.jpg\",\"contentUrl\":\"https:\\\/\\\/www.organisator.ch\\\/wp-content\\\/uploads\\\/2022\\\/01\\\/Victorinox-verstaerkt-Sales-Fuehrungsebene-im-DACH-Raum_Organisator.jpg\",\"width\":680,\"height\":374,\"caption\":\"Andr\u00e9 F\u00e4ssler (links) und Matthias M\u00fcllersch\u00f6n verst\u00e4rken das Corporate Business von Victorinox. (Bild: zVg)\"},{\"@type\":\"BreadcrumbList\",\"@id\":\"https:\\\/\\\/www.organisator.ch\\\/management\\\/2022-01-27\\\/victorinox-verstaerkt-sales-fuehrungsebene-im-dach-raum\\\/#breadcrumb\",\"itemListElement\":[{\"@type\":\"ListItem\",\"position\":1,\"name\":\"Home\",\"item\":\"https:\\\/\\\/www.organisator.ch\\\/\"},{\"@type\":\"ListItem\",\"position\":2,\"name\":\"Victorinox verst\u00e4rkt Sales-F\u00fchrungsebene im DACH-Raum\"}]},{\"@type\":\"WebSite\",\"@id\":\"https:\\\/\\\/www.organisator.ch\\\/#website\",\"url\":\"https:\\\/\\\/www.organisator.ch\\\/\",\"name\":\"Organisator\",\"description\":\"Kompetent. Praxisnah. Der ORGANISATOR bereitet in 10 Ausgaben pro Jahr die wesentlichen Themen f\u00fcr F\u00fchrungskr\u00e4fte von KMU auf.\",\"publisher\":{\"@id\":\"https:\\\/\\\/www.organisator.ch\\\/#organization\"},\"potentialAction\":[{\"@type\":\"SearchAction\",\"target\":{\"@type\":\"EntryPoint\",\"urlTemplate\":\"https:\\\/\\\/www.organisator.ch\\\/?s={search_term_string}\"},\"query-input\":{\"@type\":\"PropertyValueSpecification\",\"valueRequired\":true,\"valueName\":\"search_term_string\"}}],\"inLanguage\":\"fr-FR\"},{\"@type\":\"Organization\",\"@id\":\"https:\\\/\\\/www.organisator.ch\\\/#organization\",\"name\":\"Organisator\",\"url\":\"https:\\\/\\\/www.organisator.ch\\\/\",\"logo\":{\"@type\":\"ImageObject\",\"inLanguage\":\"fr-FR\",\"@id\":\"https:\\\/\\\/www.organisator.ch\\\/#\\\/schema\\\/logo\\\/image\\\/\",\"url\":\"https:\\\/\\\/www.organisator.ch\\\/wp-content\\\/uploads\\\/2022\\\/01\\\/Logo_Organisator_Website.png\",\"contentUrl\":\"https:\\\/\\\/www.organisator.ch\\\/wp-content\\\/uploads\\\/2022\\\/01\\\/Logo_Organisator_Website.png\",\"width\":800,\"height\":77,\"caption\":\"Organisator\"},\"image\":{\"@id\":\"https:\\\/\\\/www.organisator.ch\\\/#\\\/schema\\\/logo\\\/image\\\/\"},\"sameAs\":[\"https:\\\/\\\/www.facebook.com\\\/OrganisatorFachmagazin\",\"https:\\\/\\\/www.linkedin.com\\\/showcase\\\/organisator-das-magazin-fr-kmu\",\"https:\\\/\\\/www.xing.com\\\/news\\\/pages\\\/organisator-ch-695\",\"https:\\\/\\\/www.youtube.com\\\/channel\\\/UCGP2Sq0iWaZwT3BdIAQFYpw\"]},{\"@type\":\"Person\",\"@id\":\"https:\\\/\\\/www.organisator.ch\\\/#\\\/schema\\\/person\\\/6f650f90b2842cd4c0cc334b4e36f67e\",\"name\":\"thomas.berner\",\"image\":{\"@type\":\"ImageObject\",\"inLanguage\":\"fr-FR\",\"@id\":\"https:\\\/\\\/secure.gravatar.com\\\/avatar\\\/ac5001d2a36cb6c6cd3e50789007ffca834b477b74a2144564522e944eabff61?s=96&d=mm&r=g\",\"url\":\"https:\\\/\\\/secure.gravatar.com\\\/avatar\\\/ac5001d2a36cb6c6cd3e50789007ffca834b477b74a2144564522e944eabff61?s=96&d=mm&r=g\",\"contentUrl\":\"https:\\\/\\\/secure.gravatar.com\\\/avatar\\\/ac5001d2a36cb6c6cd3e50789007ffca834b477b74a2144564522e944eabff61?s=96&d=mm&r=g\",\"caption\":\"thomas.berner\"},\"url\":\"https:\\\/\\\/www.organisator.ch\\\/fr\\\/author\\\/thomas-berner\\\/\"}]}<\/script>\n<!-- \/ Yoast SEO plugin. -->","yoast_head_json":{"title":"Victorinox renforce sa direction commerciale dans la r\u00e9gion DACH - Organisateur","description":"Avec Andr\u00e9 F\u00e4ssler et Matthias M\u00fcllersch\u00f6n, le secteur Corporate Business de Victorinox se voit renforc\u00e9 au niveau de la direction dans la r\u00e9gion DACH.","robots":{"index":"index","follow":"follow","max-snippet":"max-snippet:-1","max-image-preview":"max-image-preview:large","max-video-preview":"max-video-preview:-1"},"canonical":"https:\/\/www.organisator.ch\/fr\/gestion-2\/2022-01-27\/victorinox-verstaerkt-sales-niveau-de-conduite-dans-le-toit\/","og_locale":"fr_FR","og_type":"article","og_title":"Victorinox verst\u00e4rkt Sales-F\u00fchrungsebene im DACH-Raum","og_description":"Der Corporate Business Bereich bei Victorinox bekommt mit Andr\u00e9 F\u00e4ssler und Matthias M\u00fcllersch\u00f6n Verst\u00e4rkung auf F\u00fchrungsebene im DACH-Raum.","og_url":"https:\/\/www.organisator.ch\/fr\/gestion-2\/2022-01-27\/victorinox-verstaerkt-sales-niveau-de-conduite-dans-le-toit\/","og_site_name":"Organisator","article_publisher":"https:\/\/www.facebook.com\/OrganisatorFachmagazin","article_published_time":"2022-01-27T10:50:45+00:00","author":"thomas.berner","twitter_card":"summary_large_image","twitter_title":"#Victorinox verst\u00e4rkt #Sales-F\u00fchrungsebene im DACH-Raum","twitter_description":"Der Corporate Business Bereich bei #Victorinox bekommt mit Andr\u00e9 #F\u00e4ssler und Matthias #M\u00fcllersch\u00f6n Verst\u00e4rkung auf F\u00fchrungsebene im #DACH-Raum.","schema":{"@context":"https:\/\/schema.org","@graph":[{"@type":"Article","@id":"https:\/\/www.organisator.ch\/management\/2022-01-27\/victorinox-verstaerkt-sales-fuehrungsebene-im-dach-raum\/#article","isPartOf":{"@id":"https:\/\/www.organisator.ch\/management\/2022-01-27\/victorinox-verstaerkt-sales-fuehrungsebene-im-dach-raum\/"},"author":{"name":"thomas.berner","@id":"https:\/\/www.organisator.ch\/#\/schema\/person\/6f650f90b2842cd4c0cc334b4e36f67e"},"headline":"Victorinox verst\u00e4rkt Sales-F\u00fchrungsebene im DACH-Raum","datePublished":"2022-01-27T10:50:45+00:00","mainEntityOfPage":{"@id":"https:\/\/www.organisator.ch\/management\/2022-01-27\/victorinox-verstaerkt-sales-fuehrungsebene-im-dach-raum\/"},"wordCount":327,"publisher":{"@id":"https:\/\/www.organisator.ch\/#organization"},"image":{"@id":"https:\/\/www.organisator.ch\/management\/2022-01-27\/victorinox-verstaerkt-sales-fuehrungsebene-im-dach-raum\/#primaryimage"},"thumbnailUrl":"https:\/\/www.organisator.ch\/wp-content\/uploads\/2022\/01\/Victorinox-verstaerkt-Sales-Fuehrungsebene-im-DACH-Raum_Organisator.jpg","keywords":["Management und Unternehmensf\u00fchrung","Marketing","Personalia"],"articleSection":["MANAGEMENT"],"inLanguage":"fr-FR"},{"@type":"WebPage","@id":"https:\/\/www.organisator.ch\/management\/2022-01-27\/victorinox-verstaerkt-sales-fuehrungsebene-im-dach-raum\/","url":"https:\/\/www.organisator.ch\/management\/2022-01-27\/victorinox-verstaerkt-sales-fuehrungsebene-im-dach-raum\/","name":"Victorinox renforce sa direction commerciale dans la r\u00e9gion DACH - Organisateur","isPartOf":{"@id":"https:\/\/www.organisator.ch\/#website"},"primaryImageOfPage":{"@id":"https:\/\/www.organisator.ch\/management\/2022-01-27\/victorinox-verstaerkt-sales-fuehrungsebene-im-dach-raum\/#primaryimage"},"image":{"@id":"https:\/\/www.organisator.ch\/management\/2022-01-27\/victorinox-verstaerkt-sales-fuehrungsebene-im-dach-raum\/#primaryimage"},"thumbnailUrl":"https:\/\/www.organisator.ch\/wp-content\/uploads\/2022\/01\/Victorinox-verstaerkt-Sales-Fuehrungsebene-im-DACH-Raum_Organisator.jpg","datePublished":"2022-01-27T10:50:45+00:00","description":"Avec Andr\u00e9 F\u00e4ssler et Matthias M\u00fcllersch\u00f6n, le secteur Corporate Business de Victorinox se voit renforc\u00e9 au niveau de la direction dans la r\u00e9gion DACH.","breadcrumb":{"@id":"https:\/\/www.organisator.ch\/management\/2022-01-27\/victorinox-verstaerkt-sales-fuehrungsebene-im-dach-raum\/#breadcrumb"},"inLanguage":"fr-FR","potentialAction":[{"@type":"ReadAction","target":["https:\/\/www.organisator.ch\/management\/2022-01-27\/victorinox-verstaerkt-sales-fuehrungsebene-im-dach-raum\/"]}]},{"@type":"ImageObject","inLanguage":"fr-FR","@id":"https:\/\/www.organisator.ch\/management\/2022-01-27\/victorinox-verstaerkt-sales-fuehrungsebene-im-dach-raum\/#primaryimage","url":"https:\/\/www.organisator.ch\/wp-content\/uploads\/2022\/01\/Victorinox-verstaerkt-Sales-Fuehrungsebene-im-DACH-Raum_Organisator.jpg","contentUrl":"https:\/\/www.organisator.ch\/wp-content\/uploads\/2022\/01\/Victorinox-verstaerkt-Sales-Fuehrungsebene-im-DACH-Raum_Organisator.jpg","width":680,"height":374,"caption":"Andr\u00e9 F\u00e4ssler (links) und Matthias M\u00fcllersch\u00f6n verst\u00e4rken das Corporate Business von Victorinox. (Bild: zVg)"},{"@type":"BreadcrumbList","@id":"https:\/\/www.organisator.ch\/management\/2022-01-27\/victorinox-verstaerkt-sales-fuehrungsebene-im-dach-raum\/#breadcrumb","itemListElement":[{"@type":"ListItem","position":1,"name":"Home","item":"https:\/\/www.organisator.ch\/"},{"@type":"ListItem","position":2,"name":"Victorinox verst\u00e4rkt Sales-F\u00fchrungsebene im DACH-Raum"}]},{"@type":"WebSite","@id":"https:\/\/www.organisator.ch\/#website","url":"https:\/\/www.organisator.ch\/","name":"Organisateur","description":"Comp\u00e9tence et comp\u00e9tence. Proches de la pratique. L'ORGANISATEUR pr\u00e9pare 10 num\u00e9ros par an sur les th\u00e8mes essentiels pour les dirigeants de PME.","publisher":{"@id":"https:\/\/www.organisator.ch\/#organization"},"potentialAction":[{"@type":"SearchAction","target":{"@type":"EntryPoint","urlTemplate":"https:\/\/www.organisator.ch\/?s={search_term_string}"},"query-input":{"@type":"PropertyValueSpecification","valueRequired":true,"valueName":"search_term_string"}}],"inLanguage":"fr-FR"},{"@type":"Organization","@id":"https:\/\/www.organisator.ch\/#organization","name":"Organisateur","url":"https:\/\/www.organisator.ch\/","logo":{"@type":"ImageObject","inLanguage":"fr-FR","@id":"https:\/\/www.organisator.ch\/#\/schema\/logo\/image\/","url":"https:\/\/www.organisator.ch\/wp-content\/uploads\/2022\/01\/Logo_Organisator_Website.png","contentUrl":"https:\/\/www.organisator.ch\/wp-content\/uploads\/2022\/01\/Logo_Organisator_Website.png","width":800,"height":77,"caption":"Organisator"},"image":{"@id":"https:\/\/www.organisator.ch\/#\/schema\/logo\/image\/"},"sameAs":["https:\/\/www.facebook.com\/OrganisatorFachmagazin","https:\/\/www.linkedin.com\/showcase\/organisator-das-magazin-fr-kmu","https:\/\/www.xing.com\/news\/pages\/organisator-ch-695","https:\/\/www.youtube.com\/channel\/UCGP2Sq0iWaZwT3BdIAQFYpw"]},{"@type":"Person","@id":"https:\/\/www.organisator.ch\/#\/schema\/person\/6f650f90b2842cd4c0cc334b4e36f67e","name":"thomas.berner","image":{"@type":"ImageObject","inLanguage":"fr-FR","@id":"https:\/\/secure.gravatar.com\/avatar\/ac5001d2a36cb6c6cd3e50789007ffca834b477b74a2144564522e944eabff61?s=96&d=mm&r=g","url":"https:\/\/secure.gravatar.com\/avatar\/ac5001d2a36cb6c6cd3e50789007ffca834b477b74a2144564522e944eabff61?s=96&d=mm&r=g","contentUrl":"https:\/\/secure.gravatar.com\/avatar\/ac5001d2a36cb6c6cd3e50789007ffca834b477b74a2144564522e944eabff61?s=96&d=mm&r=g","caption":"thomas.berner"},"url":"https:\/\/www.organisator.ch\/fr\/author\/thomas-berner\/"}]}},"_links":{"self":[{"href":"https:\/\/www.organisator.ch\/fr\/wp-json\/wp\/v2\/posts\/11838","targetHints":{"allow":["GET"]}}],"collection":[{"href":"https:\/\/www.organisator.ch\/fr\/wp-json\/wp\/v2\/posts"}],"about":[{"href":"https:\/\/www.organisator.ch\/fr\/wp-json\/wp\/v2\/types\/post"}],"author":[{"embeddable":true,"href":"https:\/\/www.organisator.ch\/fr\/wp-json\/wp\/v2\/users\/4"}],"replies":[{"embeddable":true,"href":"https:\/\/www.organisator.ch\/fr\/wp-json\/wp\/v2\/comments?post=11838"}],"version-history":[{"count":0,"href":"https:\/\/www.organisator.ch\/fr\/wp-json\/wp\/v2\/posts\/11838\/revisions"}],"wp:featuredmedia":[{"embeddable":true,"href":"https:\/\/www.organisator.ch\/fr\/wp-json\/wp\/v2\/media\/11648"}],"wp:attachment":[{"href":"https:\/\/www.organisator.ch\/fr\/wp-json\/wp\/v2\/media?parent=11838"}],"wp:term":[{"taxonomy":"category","embeddable":true,"href":"https:\/\/www.organisator.ch\/fr\/wp-json\/wp\/v2\/categories?post=11838"},{"taxonomy":"post_tag","embeddable":true,"href":"https:\/\/www.organisator.ch\/fr\/wp-json\/wp\/v2\/tags?post=11838"}],"curies":[{"name":"wp","href":"https:\/\/api.w.org\/{rel}","templated":true}]}}