{"id":11842,"date":"2022-02-01T08:41:38","date_gmt":"2022-02-01T07:41:38","guid":{"rendered":"https:\/\/www.organisator.ch\/?p=9202"},"modified":"2022-02-01T08:41:38","modified_gmt":"2022-02-01T07:41:38","slug":"fenster-erhalten-statt-ersetzen-2","status":"publish","type":"post","link":"https:\/\/www.organisator.ch\/fr\/allgemein\/2022-02-01\/fenster-erhalten-statt-ersetzen-2\/","title":{"rendered":"Conserver les fen\u00eatres au lieu de les remplacer"},"content":{"rendered":"<figure id=\"attachment_9206\" aria-describedby=\"caption-attachment-9206\" style=\"width: 680px\" class=\"wp-caption alignnone\"><a href=\"https:\/\/www.organisator.ch\/wp-content\/uploads\/2022\/01\/Fenster-erhalten-statt-ersetzen-1_Organisator-1.jpg\"><img loading=\"lazy\" decoding=\"async\" class=\"size-medium wp-image-9206\" src=\"https:\/\/www.organisator.ch\/wp-content\/uploads\/2022\/01\/Fenster-erhalten-statt-ersetzen-1_Organisator-1.jpg\" alt=\"\" width=\"680\" height=\"453\" \/><\/a><figcaption id=\"caption-attachment-9206\" class=\"wp-caption-text\">Chaque fen\u00eatre est unique. Le cadre existant est doubl\u00e9, ce qui permet d'ajouter un niveau de verre suppl\u00e9mentaire. (Image : Maurice K. Gr\u00fcnig)<\/figcaption><\/figure>\n<p>Le service des monuments historiques de B\u00e2le-Ville observe avec inqui\u00e9tude la disparition insidieuse de fen\u00eatres de valeur historique. Des fen\u00eatres fabriqu\u00e9es avec soin par des artisans sont m\u00eame parfois remplac\u00e9es par des fen\u00eatres en plastique ; les croisillons caract\u00e9ristiques sont tout simplement supprim\u00e9s. L'aspect ext\u00e9rieur et int\u00e9rieur en p\u00e2tit. \"Les maisons se font litt\u00e9ralement crever les yeux\", r\u00e9sume le rapport annuel 2015 du service cantonal des monuments historiques de B\u00e2le-Ville. La question centrale est la suivante : est-il possible de concilier la conservation d'un patrimoine b\u00e2ti de grande valeur historique avec l'efficacit\u00e9 \u00e9nerg\u00e9tique et le confort d'habitation ? La r\u00e9ponse est \"oui\". Il existe diff\u00e9rentes mani\u00e8res de renforcer les fen\u00eatres. C'est pourquoi la protection des monuments recommande d'examiner dans tous les cas la modernisation des fen\u00eatres avant de remplacer sans r\u00e9fl\u00e9chir ces t\u00e9moins du pass\u00e9. Si un remplacement est in\u00e9vitable, les nouvelles fen\u00eatres devraient \u00eatre de grande qualit\u00e9 et bien int\u00e9gr\u00e9es au b\u00e2timent.<\/p>\n<h2><strong>Un artisanat soign\u00e9<\/strong><\/h2>\n<p>En tant qu'\u00e9l\u00e9ment de construction, la fen\u00eatre doit r\u00e9pondre \u00e0 de nombreuses exigences techniques : Elle relie l'int\u00e9rieur \u00e0 l'ext\u00e9rieur et assure un \u00e9clairage naturel. Elle sert \u00e0 l'\u00e9change contr\u00f4l\u00e9 de l'air, \u00e0 la s\u00e9curit\u00e9, \u00e0 l'isolation acoustique et \u00e0 l'isolation thermique.<\/p>\n<figure id=\"attachment_9204\" aria-describedby=\"caption-attachment-9204\" style=\"width: 680px\" class=\"wp-caption alignnone\"><a href=\"https:\/\/www.organisator.ch\/wp-content\/uploads\/2022\/01\/Fenster-erhalten-statt-ersetzen-2_Organisator.jpg\"><img loading=\"lazy\" decoding=\"async\" class=\"size-medium wp-image-9204\" src=\"https:\/\/www.organisator.ch\/wp-content\/uploads\/2022\/01\/Fenster-erhalten-statt-ersetzen-2_Organisator.jpg\" alt=\"\" width=\"680\" height=\"726\" \/><\/a><figcaption id=\"caption-attachment-9204\" class=\"wp-caption-text\">Les fen\u00eatres sont de pr\u00e9cieux t\u00e9moins du pass\u00e9 et marquent le caract\u00e8re d'une maison. Mais pour que l'on s'y sente bien, elles doivent aussi r\u00e9pondre \u00e0 des exigences techniques. (Photo : Roman Weyeneth)<\/figcaption><\/figure>\n<p>La substance d'origine, la r\u00e9partition, les proportions et la construction font des fen\u00eatres des t\u00e9moins du temps qui marquent la sensation d'espace dans un b\u00e2timent. En effet, les fen\u00eatres historiques, mais aussi les fen\u00eatres modernes, poss\u00e8dent souvent un charme unique qui se perd souvent lors de leur remplacement. L'entreprise de construction de fen\u00eatres montre qu'il est possible de faire autrement. <a href=\"https:\/\/www.quadraligna.ch\/ueber-uns\">Quadra Ligna<\/a> de B\u00e2le, qui a d\u00e9velopp\u00e9 un syst\u00e8me de r\u00e9novation pour les fen\u00eatres. \"Notre proc\u00e9d\u00e9 a \u00e9t\u00e9 constamment d\u00e9velopp\u00e9 et am\u00e9lior\u00e9 pendant plus de 40 ans\", explique le directeur Stephan Hasler. La face ext\u00e9rieure des fen\u00eatres est doubl\u00e9e d'un profil\u00e9 sur mesure en bois de ch\u00eane suisse r\u00e9sistant aux intemp\u00e9ries, puis lasur\u00e9e ou peinte. \"M\u00eame les cadres d\u00e9form\u00e9s ou inclin\u00e9s ne sont pas un obstacle, car le doublage est adapt\u00e9 individuellement \u00e0 chaque fen\u00eatre\", explique Hasler. Le verre est remplac\u00e9 par un double ou triple vitrage isolant, con\u00e7u pour une isolation thermique optimale et, si n\u00e9cessaire, pour r\u00e9pondre \u00e0 des exigences particuli\u00e8res en mati\u00e8re d'isolation acoustique et de s\u00e9curit\u00e9. Si des verres de r\u00e9novation sp\u00e9ciaux sont utilis\u00e9s, la surface unique du vitrage d'origine est \u00e9galement conserv\u00e9e. Gr\u00e2ce \u00e0 un joint p\u00e9riph\u00e9rique du c\u00f4t\u00e9 expos\u00e9 aux intemp\u00e9ries, la fen\u00eatre est \u00e9tanche au vent et \u00e0 la pluie battante. Le joint entre le nouveau cadre de doublage et l'\u00e9l\u00e9ment historique est ventil\u00e9 vers le bas, ce qui permet \u00e0 toute humidit\u00e9 de s'\u00e9chapper.<\/p>\n<h2><strong>\u00c9conomiser l'\u00e9nergie et am\u00e9liorer le confort de vie<\/strong><\/h2>\n<p>Ce proc\u00e9d\u00e9 permet de r\u00e9ussir le compromis suivant : la substance historique du b\u00e2timent est conserv\u00e9e et les exigences actuelles sont satisfaites. Hasler ajoute : \"La consommation d'\u00e9nergie diminue et le confort augmente, car les courants d'air ne p\u00e9n\u00e8trent plus dans le b\u00e2timent et les asym\u00e9tries de rayonnement, c'est-\u00e0-dire les diff\u00e9rences de temp\u00e9rature entre les fen\u00eatres et les murs int\u00e9rieurs, sont minimis\u00e9es\". Le potentiel d'\u00e9conomie d'\u00e9nergie est consid\u00e9rable : si un ancien verre de fen\u00eatre simple pr\u00e9sente un coefficient de transmission thermique (Ug) d'environ 5 W\/(m\u00b2K) avant la r\u00e9novation, ce coefficient se situe \u00e0 environ 1 W\/(m\u00b2K) apr\u00e8s la r\u00e9novation gr\u00e2ce au deuxi\u00e8me niveau de verre et \u00e0 des rev\u00eatements sp\u00e9ciaux.<\/p>\n<p>Si l'on r\u00e9nove au lieu de remplacer, la part de verre est plus importante pour une structure de verre identique, car les cadres modernes sont en g\u00e9n\u00e9ral plus larges que les originaux. Les d\u00e9tails de raccordement \u00e0 l'int\u00e9rieur sont conserv\u00e9s, ce qui est particuli\u00e8rement important du point de vue de l'architecture int\u00e9rieure pour les embrasures artistiquement con\u00e7ues. Les fen\u00eatres en saillie - en particulier celles install\u00e9es ult\u00e9rieurement - qui d\u00e9naturent l'image architecturale, sont peu faciles \u00e0 utiliser et r\u00e9duisent l'apport de lumi\u00e8re, deviennent superflues.<\/p>\n<h2><strong>La qualit\u00e9 est payante<\/strong><\/h2>\n<p>Les b\u00e2timents de l'architecte Ernst Zimmer et de ses fr\u00e8res montrent qu'il vaut la peine de r\u00e9nover les fen\u00eatres. Apr\u00e8s avoir repris la maison de leurs parents dans le Gundeli b\u00e2lois dans les ann\u00e9es 70, ils l'ont r\u00e9nov\u00e9e en douceur. Afin de pr\u00e9server la substance du b\u00e2timent, ils ont d\u00e9cid\u00e9 de ne pas remplacer les fen\u00eatres \u00e0 l'avant et les ont fait doubler d\u00e8s 1987 par l'entreprise pr\u00e9d\u00e9cesseur de Quadra Ligna. Lorsque les fen\u00eatres du b\u00e2timent arri\u00e8re ont commenc\u00e9 \u00e0 prendre de l'\u00e2ge, il \u00e9tait clair pour lui : \"Comme les fen\u00eatres du b\u00e2timent avant sont toujours impeccables plus de 30 ans apr\u00e8s leur r\u00e9novation, nous voulions \u00e0 nouveau les r\u00e9nover de cette mani\u00e8re\".<\/p>\n<p>M\u00eame si la proc\u00e9dure semble fastidieuse - compte tenu du fait que certains voisins ont r\u00e9nov\u00e9 deux fois leurs fen\u00eatres dans la m\u00eame p\u00e9riode - ce type de r\u00e9novation m\u00e9nage aussi le porte-monnaie \u00e0 long terme.<\/p>","protected":false},"excerpt":{"rendered":"<p>Die Denkmalpflege Basel-Stadt beobachtet sorgenvoll, dass historisch wertvolle Fenster schleichend verschwinden. Handwerklich sorgf\u00e4ltig gefertigte Fenster werden zum Teil sogar durch Kunststofffenster ersetzt; charakteristische Sprossen einfach weggelassen. Darunter leidet das Erscheinungsbild \u2013 sowohl von aussen als auch von innen. \u00abDen H\u00e4usern werden regelrecht die Augen ausgestochen\u00bb, lautet ein Res\u00fcmee im Jahresbericht 2015 der kantonalen Denkmalpflege Basel-Stadt. [&hellip;]<\/p>\n","protected":false},"author":4,"featured_media":11652,"comment_status":"closed","ping_status":"closed","sticky":false,"template":"","format":"standard","meta":{"_acf_changed":false,"_yoast_wpseo_focuskw":"Fenster","_yoast_wpseo_metadesc":"Fenster pr\u00e4gen den Charakter eines Hauses und sind Zeitzeugen. Doch \u00e4ltere Fenster erf\u00fcllen die heutigen energetischen Anforderungen oft nicht mehr.","articlekey":"","footnotes":""},"categories":[1],"tags":[2670,174,358],"class_list":["post-11842","post","type-post","status-publish","format-standard","has-post-thumbnail","hentry","category-allgemein","tag-bauen-und-renovieren","tag-energiewirtschaft","tag-nachhaltige-wirtschaft"],"acf":[],"yoast_head":"<!-- This site is optimized with the Yoast SEO plugin v27.4 - https:\/\/yoast.com\/product\/yoast-seo-wordpress\/ -->\n<title>Fenster erhalten, statt ersetzen - Organisator<\/title>\n<meta name=\"description\" content=\"Fenster pr\u00e4gen den Charakter eines Hauses und sind Zeitzeugen. Doch \u00e4ltere Fenster erf\u00fcllen die heutigen energetischen Anforderungen oft nicht mehr.\" \/>\n<meta name=\"robots\" content=\"index, follow, max-snippet:-1, max-image-preview:large, max-video-preview:-1\" \/>\n<link rel=\"canonical\" href=\"https:\/\/www.organisator.ch\/fr\/general\/2022-02-01\/fenster-erhalten-statt-ersetzen-2\/\" \/>\n<meta property=\"og:locale\" content=\"fr_FR\" \/>\n<meta property=\"og:type\" content=\"article\" \/>\n<meta property=\"og:title\" content=\"Fenster erhalten, statt ersetzen\" \/>\n<meta property=\"og:description\" content=\"Fenster pr\u00e4gen den Charakter eines Hauses und sind Zeitzeugen. Doch \u00e4ltere Fenster erf\u00fcllen die heutigen energetischen Anforderungen oft nicht mehr.\" \/>\n<meta property=\"og:url\" content=\"https:\/\/www.organisator.ch\/fr\/general\/2022-02-01\/fenster-erhalten-statt-ersetzen-2\/\" \/>\n<meta property=\"og:site_name\" content=\"Organisator\" \/>\n<meta property=\"article:publisher\" content=\"https:\/\/www.facebook.com\/OrganisatorFachmagazin\" \/>\n<meta property=\"article:published_time\" content=\"2022-02-01T07:41:38+00:00\" \/>\n<meta name=\"author\" content=\"thomas.berner\" \/>\n<meta name=\"twitter:card\" content=\"summary_large_image\" \/>\n<meta name=\"twitter:title\" content=\"#Fenster erhalten, statt ersetzen\" \/>\n<meta name=\"twitter:description\" content=\"#Fenster pr\u00e4gen den #Charakter eines Hauses und sind #Zeitzeugen. Doch \u00e4ltere Fenster erf\u00fcllen die heutigen energetischen Anforderungen oft nicht mehr.\" \/>\n<script type=\"application\/ld+json\" class=\"yoast-schema-graph\">{\"@context\":\"https:\\\/\\\/schema.org\",\"@graph\":[{\"@type\":\"Article\",\"@id\":\"https:\\\/\\\/www.organisator.ch\\\/de\\\/allgemein\\\/2022-02-01\\\/fenster-erhalten-statt-ersetzen-2\\\/#article\",\"isPartOf\":{\"@id\":\"https:\\\/\\\/www.organisator.ch\\\/de\\\/allgemein\\\/2022-02-01\\\/fenster-erhalten-statt-ersetzen-2\\\/\"},\"author\":{\"name\":\"thomas.berner\",\"@id\":\"https:\\\/\\\/www.organisator.ch\\\/#\\\/schema\\\/person\\\/6f650f90b2842cd4c0cc334b4e36f67e\"},\"headline\":\"Fenster erhalten, statt ersetzen\",\"datePublished\":\"2022-02-01T07:41:38+00:00\",\"mainEntityOfPage\":{\"@id\":\"https:\\\/\\\/www.organisator.ch\\\/de\\\/allgemein\\\/2022-02-01\\\/fenster-erhalten-statt-ersetzen-2\\\/\"},\"wordCount\":713,\"publisher\":{\"@id\":\"https:\\\/\\\/www.organisator.ch\\\/#organization\"},\"image\":{\"@id\":\"https:\\\/\\\/www.organisator.ch\\\/de\\\/allgemein\\\/2022-02-01\\\/fenster-erhalten-statt-ersetzen-2\\\/#primaryimage\"},\"thumbnailUrl\":\"https:\\\/\\\/www.organisator.ch\\\/wp-content\\\/uploads\\\/2022\\\/01\\\/Fenster-erhalten-statt-ersetzen-2_Organisator.jpg\",\"keywords\":[\"Bauen und Renovieren\",\"Energiewirtschaft\",\"Nachhaltige Wirtschaft\"],\"articleSection\":[\"Allgemein\"],\"inLanguage\":\"fr-FR\"},{\"@type\":\"WebPage\",\"@id\":\"https:\\\/\\\/www.organisator.ch\\\/de\\\/allgemein\\\/2022-02-01\\\/fenster-erhalten-statt-ersetzen-2\\\/\",\"url\":\"https:\\\/\\\/www.organisator.ch\\\/de\\\/allgemein\\\/2022-02-01\\\/fenster-erhalten-statt-ersetzen-2\\\/\",\"name\":\"Fenster erhalten, statt ersetzen - Organisator\",\"isPartOf\":{\"@id\":\"https:\\\/\\\/www.organisator.ch\\\/#website\"},\"primaryImageOfPage\":{\"@id\":\"https:\\\/\\\/www.organisator.ch\\\/de\\\/allgemein\\\/2022-02-01\\\/fenster-erhalten-statt-ersetzen-2\\\/#primaryimage\"},\"image\":{\"@id\":\"https:\\\/\\\/www.organisator.ch\\\/de\\\/allgemein\\\/2022-02-01\\\/fenster-erhalten-statt-ersetzen-2\\\/#primaryimage\"},\"thumbnailUrl\":\"https:\\\/\\\/www.organisator.ch\\\/wp-content\\\/uploads\\\/2022\\\/01\\\/Fenster-erhalten-statt-ersetzen-2_Organisator.jpg\",\"datePublished\":\"2022-02-01T07:41:38+00:00\",\"description\":\"Fenster pr\u00e4gen den Charakter eines Hauses und sind Zeitzeugen. Doch \u00e4ltere Fenster erf\u00fcllen die heutigen energetischen Anforderungen oft nicht mehr.\",\"breadcrumb\":{\"@id\":\"https:\\\/\\\/www.organisator.ch\\\/de\\\/allgemein\\\/2022-02-01\\\/fenster-erhalten-statt-ersetzen-2\\\/#breadcrumb\"},\"inLanguage\":\"fr-FR\",\"potentialAction\":[{\"@type\":\"ReadAction\",\"target\":[\"https:\\\/\\\/www.organisator.ch\\\/de\\\/allgemein\\\/2022-02-01\\\/fenster-erhalten-statt-ersetzen-2\\\/\"]}]},{\"@type\":\"ImageObject\",\"inLanguage\":\"fr-FR\",\"@id\":\"https:\\\/\\\/www.organisator.ch\\\/de\\\/allgemein\\\/2022-02-01\\\/fenster-erhalten-statt-ersetzen-2\\\/#primaryimage\",\"url\":\"https:\\\/\\\/www.organisator.ch\\\/wp-content\\\/uploads\\\/2022\\\/01\\\/Fenster-erhalten-statt-ersetzen-2_Organisator.jpg\",\"contentUrl\":\"https:\\\/\\\/www.organisator.ch\\\/wp-content\\\/uploads\\\/2022\\\/01\\\/Fenster-erhalten-statt-ersetzen-2_Organisator.jpg\",\"width\":680,\"height\":726,\"caption\":\"Fenster sind wertvolle Zeitzeugen und pr\u00e4gen den Charakter eines Hauses. F\u00fcr ein behagliches Wohngef\u00fchl m\u00fcssen sie aber auch technische Anforderungen erf\u00fcllen. (Bild: Roman Weyeneth)\"},{\"@type\":\"BreadcrumbList\",\"@id\":\"https:\\\/\\\/www.organisator.ch\\\/de\\\/allgemein\\\/2022-02-01\\\/fenster-erhalten-statt-ersetzen-2\\\/#breadcrumb\",\"itemListElement\":[{\"@type\":\"ListItem\",\"position\":1,\"name\":\"Home\",\"item\":\"https:\\\/\\\/www.organisator.ch\\\/\"},{\"@type\":\"ListItem\",\"position\":2,\"name\":\"Fenster erhalten, statt ersetzen\"}]},{\"@type\":\"WebSite\",\"@id\":\"https:\\\/\\\/www.organisator.ch\\\/#website\",\"url\":\"https:\\\/\\\/www.organisator.ch\\\/\",\"name\":\"Organisator\",\"description\":\"Kompetent. Praxisnah. Der ORGANISATOR bereitet in 10 Ausgaben pro Jahr die wesentlichen Themen f\u00fcr F\u00fchrungskr\u00e4fte von KMU auf.\",\"publisher\":{\"@id\":\"https:\\\/\\\/www.organisator.ch\\\/#organization\"},\"potentialAction\":[{\"@type\":\"SearchAction\",\"target\":{\"@type\":\"EntryPoint\",\"urlTemplate\":\"https:\\\/\\\/www.organisator.ch\\\/?s={search_term_string}\"},\"query-input\":{\"@type\":\"PropertyValueSpecification\",\"valueRequired\":true,\"valueName\":\"search_term_string\"}}],\"inLanguage\":\"fr-FR\"},{\"@type\":\"Organization\",\"@id\":\"https:\\\/\\\/www.organisator.ch\\\/#organization\",\"name\":\"Organisator\",\"url\":\"https:\\\/\\\/www.organisator.ch\\\/\",\"logo\":{\"@type\":\"ImageObject\",\"inLanguage\":\"fr-FR\",\"@id\":\"https:\\\/\\\/www.organisator.ch\\\/#\\\/schema\\\/logo\\\/image\\\/\",\"url\":\"https:\\\/\\\/www.organisator.ch\\\/wp-content\\\/uploads\\\/2022\\\/01\\\/Logo_Organisator_Website.png\",\"contentUrl\":\"https:\\\/\\\/www.organisator.ch\\\/wp-content\\\/uploads\\\/2022\\\/01\\\/Logo_Organisator_Website.png\",\"width\":800,\"height\":77,\"caption\":\"Organisator\"},\"image\":{\"@id\":\"https:\\\/\\\/www.organisator.ch\\\/#\\\/schema\\\/logo\\\/image\\\/\"},\"sameAs\":[\"https:\\\/\\\/www.facebook.com\\\/OrganisatorFachmagazin\",\"https:\\\/\\\/www.linkedin.com\\\/showcase\\\/organisator-das-magazin-fr-kmu\",\"https:\\\/\\\/www.xing.com\\\/news\\\/pages\\\/organisator-ch-695\",\"https:\\\/\\\/www.youtube.com\\\/channel\\\/UCGP2Sq0iWaZwT3BdIAQFYpw\"]},{\"@type\":\"Person\",\"@id\":\"https:\\\/\\\/www.organisator.ch\\\/#\\\/schema\\\/person\\\/6f650f90b2842cd4c0cc334b4e36f67e\",\"name\":\"thomas.berner\",\"image\":{\"@type\":\"ImageObject\",\"inLanguage\":\"fr-FR\",\"@id\":\"https:\\\/\\\/secure.gravatar.com\\\/avatar\\\/ac5001d2a36cb6c6cd3e50789007ffca834b477b74a2144564522e944eabff61?s=96&d=mm&r=g\",\"url\":\"https:\\\/\\\/secure.gravatar.com\\\/avatar\\\/ac5001d2a36cb6c6cd3e50789007ffca834b477b74a2144564522e944eabff61?s=96&d=mm&r=g\",\"contentUrl\":\"https:\\\/\\\/secure.gravatar.com\\\/avatar\\\/ac5001d2a36cb6c6cd3e50789007ffca834b477b74a2144564522e944eabff61?s=96&d=mm&r=g\",\"caption\":\"thomas.berner\"},\"url\":\"https:\\\/\\\/www.organisator.ch\\\/fr\\\/author\\\/thomas-berner\\\/\"}]}<\/script>\n<!-- \/ Yoast SEO plugin. -->","yoast_head_json":{"title":"Conserver les fen\u00eatres au lieu de les remplacer - Organisateur","description":"Les fen\u00eatres marquent le caract\u00e8re d'une maison et sont des t\u00e9moins du temps. Pourtant, les fen\u00eatres anciennes ne r\u00e9pondent souvent plus aux exigences \u00e9nerg\u00e9tiques actuelles.","robots":{"index":"index","follow":"follow","max-snippet":"max-snippet:-1","max-image-preview":"max-image-preview:large","max-video-preview":"max-video-preview:-1"},"canonical":"https:\/\/www.organisator.ch\/fr\/general\/2022-02-01\/fenster-erhalten-statt-ersetzen-2\/","og_locale":"fr_FR","og_type":"article","og_title":"Fenster erhalten, statt ersetzen","og_description":"Fenster pr\u00e4gen den Charakter eines Hauses und sind Zeitzeugen. Doch \u00e4ltere Fenster erf\u00fcllen die heutigen energetischen Anforderungen oft nicht mehr.","og_url":"https:\/\/www.organisator.ch\/fr\/general\/2022-02-01\/fenster-erhalten-statt-ersetzen-2\/","og_site_name":"Organisator","article_publisher":"https:\/\/www.facebook.com\/OrganisatorFachmagazin","article_published_time":"2022-02-01T07:41:38+00:00","author":"thomas.berner","twitter_card":"summary_large_image","twitter_title":"#Fenster erhalten, statt ersetzen","twitter_description":"#Fenster pr\u00e4gen den #Charakter eines Hauses und sind #Zeitzeugen. Doch \u00e4ltere Fenster erf\u00fcllen die heutigen energetischen Anforderungen oft nicht mehr.","schema":{"@context":"https:\/\/schema.org","@graph":[{"@type":"Article","@id":"https:\/\/www.organisator.ch\/de\/allgemein\/2022-02-01\/fenster-erhalten-statt-ersetzen-2\/#article","isPartOf":{"@id":"https:\/\/www.organisator.ch\/de\/allgemein\/2022-02-01\/fenster-erhalten-statt-ersetzen-2\/"},"author":{"name":"thomas.berner","@id":"https:\/\/www.organisator.ch\/#\/schema\/person\/6f650f90b2842cd4c0cc334b4e36f67e"},"headline":"Fenster erhalten, statt ersetzen","datePublished":"2022-02-01T07:41:38+00:00","mainEntityOfPage":{"@id":"https:\/\/www.organisator.ch\/de\/allgemein\/2022-02-01\/fenster-erhalten-statt-ersetzen-2\/"},"wordCount":713,"publisher":{"@id":"https:\/\/www.organisator.ch\/#organization"},"image":{"@id":"https:\/\/www.organisator.ch\/de\/allgemein\/2022-02-01\/fenster-erhalten-statt-ersetzen-2\/#primaryimage"},"thumbnailUrl":"https:\/\/www.organisator.ch\/wp-content\/uploads\/2022\/01\/Fenster-erhalten-statt-ersetzen-2_Organisator.jpg","keywords":["Bauen und Renovieren","Energiewirtschaft","Nachhaltige Wirtschaft"],"articleSection":["Allgemein"],"inLanguage":"fr-FR"},{"@type":"WebPage","@id":"https:\/\/www.organisator.ch\/de\/allgemein\/2022-02-01\/fenster-erhalten-statt-ersetzen-2\/","url":"https:\/\/www.organisator.ch\/de\/allgemein\/2022-02-01\/fenster-erhalten-statt-ersetzen-2\/","name":"Conserver les fen\u00eatres au lieu de les remplacer - Organisateur","isPartOf":{"@id":"https:\/\/www.organisator.ch\/#website"},"primaryImageOfPage":{"@id":"https:\/\/www.organisator.ch\/de\/allgemein\/2022-02-01\/fenster-erhalten-statt-ersetzen-2\/#primaryimage"},"image":{"@id":"https:\/\/www.organisator.ch\/de\/allgemein\/2022-02-01\/fenster-erhalten-statt-ersetzen-2\/#primaryimage"},"thumbnailUrl":"https:\/\/www.organisator.ch\/wp-content\/uploads\/2022\/01\/Fenster-erhalten-statt-ersetzen-2_Organisator.jpg","datePublished":"2022-02-01T07:41:38+00:00","description":"Les fen\u00eatres marquent le caract\u00e8re d'une maison et sont des t\u00e9moins du temps. Pourtant, les fen\u00eatres anciennes ne r\u00e9pondent souvent plus aux exigences \u00e9nerg\u00e9tiques actuelles.","breadcrumb":{"@id":"https:\/\/www.organisator.ch\/de\/allgemein\/2022-02-01\/fenster-erhalten-statt-ersetzen-2\/#breadcrumb"},"inLanguage":"fr-FR","potentialAction":[{"@type":"ReadAction","target":["https:\/\/www.organisator.ch\/de\/allgemein\/2022-02-01\/fenster-erhalten-statt-ersetzen-2\/"]}]},{"@type":"ImageObject","inLanguage":"fr-FR","@id":"https:\/\/www.organisator.ch\/de\/allgemein\/2022-02-01\/fenster-erhalten-statt-ersetzen-2\/#primaryimage","url":"https:\/\/www.organisator.ch\/wp-content\/uploads\/2022\/01\/Fenster-erhalten-statt-ersetzen-2_Organisator.jpg","contentUrl":"https:\/\/www.organisator.ch\/wp-content\/uploads\/2022\/01\/Fenster-erhalten-statt-ersetzen-2_Organisator.jpg","width":680,"height":726,"caption":"Fenster sind wertvolle Zeitzeugen und pr\u00e4gen den Charakter eines Hauses. F\u00fcr ein behagliches Wohngef\u00fchl m\u00fcssen sie aber auch technische Anforderungen erf\u00fcllen. (Bild: Roman Weyeneth)"},{"@type":"BreadcrumbList","@id":"https:\/\/www.organisator.ch\/de\/allgemein\/2022-02-01\/fenster-erhalten-statt-ersetzen-2\/#breadcrumb","itemListElement":[{"@type":"ListItem","position":1,"name":"Home","item":"https:\/\/www.organisator.ch\/"},{"@type":"ListItem","position":2,"name":"Fenster erhalten, statt ersetzen"}]},{"@type":"WebSite","@id":"https:\/\/www.organisator.ch\/#website","url":"https:\/\/www.organisator.ch\/","name":"Organisateur","description":"Comp\u00e9tence et comp\u00e9tence. Proches de la pratique. L'ORGANISATEUR pr\u00e9pare 10 num\u00e9ros par an sur les th\u00e8mes essentiels pour les dirigeants de PME.","publisher":{"@id":"https:\/\/www.organisator.ch\/#organization"},"potentialAction":[{"@type":"SearchAction","target":{"@type":"EntryPoint","urlTemplate":"https:\/\/www.organisator.ch\/?s={search_term_string}"},"query-input":{"@type":"PropertyValueSpecification","valueRequired":true,"valueName":"search_term_string"}}],"inLanguage":"fr-FR"},{"@type":"Organization","@id":"https:\/\/www.organisator.ch\/#organization","name":"Organisateur","url":"https:\/\/www.organisator.ch\/","logo":{"@type":"ImageObject","inLanguage":"fr-FR","@id":"https:\/\/www.organisator.ch\/#\/schema\/logo\/image\/","url":"https:\/\/www.organisator.ch\/wp-content\/uploads\/2022\/01\/Logo_Organisator_Website.png","contentUrl":"https:\/\/www.organisator.ch\/wp-content\/uploads\/2022\/01\/Logo_Organisator_Website.png","width":800,"height":77,"caption":"Organisator"},"image":{"@id":"https:\/\/www.organisator.ch\/#\/schema\/logo\/image\/"},"sameAs":["https:\/\/www.facebook.com\/OrganisatorFachmagazin","https:\/\/www.linkedin.com\/showcase\/organisator-das-magazin-fr-kmu","https:\/\/www.xing.com\/news\/pages\/organisator-ch-695","https:\/\/www.youtube.com\/channel\/UCGP2Sq0iWaZwT3BdIAQFYpw"]},{"@type":"Person","@id":"https:\/\/www.organisator.ch\/#\/schema\/person\/6f650f90b2842cd4c0cc334b4e36f67e","name":"thomas.berner","image":{"@type":"ImageObject","inLanguage":"fr-FR","@id":"https:\/\/secure.gravatar.com\/avatar\/ac5001d2a36cb6c6cd3e50789007ffca834b477b74a2144564522e944eabff61?s=96&d=mm&r=g","url":"https:\/\/secure.gravatar.com\/avatar\/ac5001d2a36cb6c6cd3e50789007ffca834b477b74a2144564522e944eabff61?s=96&d=mm&r=g","contentUrl":"https:\/\/secure.gravatar.com\/avatar\/ac5001d2a36cb6c6cd3e50789007ffca834b477b74a2144564522e944eabff61?s=96&d=mm&r=g","caption":"thomas.berner"},"url":"https:\/\/www.organisator.ch\/fr\/author\/thomas-berner\/"}]}},"_links":{"self":[{"href":"https:\/\/www.organisator.ch\/fr\/wp-json\/wp\/v2\/posts\/11842","targetHints":{"allow":["GET"]}}],"collection":[{"href":"https:\/\/www.organisator.ch\/fr\/wp-json\/wp\/v2\/posts"}],"about":[{"href":"https:\/\/www.organisator.ch\/fr\/wp-json\/wp\/v2\/types\/post"}],"author":[{"embeddable":true,"href":"https:\/\/www.organisator.ch\/fr\/wp-json\/wp\/v2\/users\/4"}],"replies":[{"embeddable":true,"href":"https:\/\/www.organisator.ch\/fr\/wp-json\/wp\/v2\/comments?post=11842"}],"version-history":[{"count":0,"href":"https:\/\/www.organisator.ch\/fr\/wp-json\/wp\/v2\/posts\/11842\/revisions"}],"wp:featuredmedia":[{"embeddable":true,"href":"https:\/\/www.organisator.ch\/fr\/wp-json\/wp\/v2\/media\/11652"}],"wp:attachment":[{"href":"https:\/\/www.organisator.ch\/fr\/wp-json\/wp\/v2\/media?parent=11842"}],"wp:term":[{"taxonomy":"category","embeddable":true,"href":"https:\/\/www.organisator.ch\/fr\/wp-json\/wp\/v2\/categories?post=11842"},{"taxonomy":"post_tag","embeddable":true,"href":"https:\/\/www.organisator.ch\/fr\/wp-json\/wp\/v2\/tags?post=11842"}],"curies":[{"name":"wp","href":"https:\/\/api.w.org\/{rel}","templated":true}]}}