{"id":11843,"date":"2022-02-01T08:09:41","date_gmt":"2022-02-01T07:09:41","guid":{"rendered":"https:\/\/www.organisator.ch\/?p=9212"},"modified":"2022-02-01T08:09:41","modified_gmt":"2022-02-01T07:09:41","slug":"kmu-swiss-symposium-2022-zukunft-schweiz-ein-pflegefall","status":"publish","type":"post","link":"https:\/\/www.organisator.ch\/fr\/allgemein\/2022-02-01\/kmu-swiss-symposium-2022-zukunft-schweiz-ein-pflegefall\/","title":{"rendered":"KMU Swiss Symposium 2022 : L'avenir de la Suisse - un cas de soins ?!"},"content":{"rendered":"<figure id=\"attachment_9213\" aria-describedby=\"caption-attachment-9213\" style=\"width: 680px\" class=\"wp-caption alignnone\"><a href=\"https:\/\/www.organisator.ch\/wp-content\/uploads\/2022\/02\/KMU-Swiss-Symposium-2022-Zukunft-Schweiz-Ein-Pflegefall-_Organisator.jpg\"><img loading=\"lazy\" decoding=\"async\" class=\"size-medium wp-image-9213\" src=\"https:\/\/www.organisator.ch\/wp-content\/uploads\/2022\/02\/KMU-Swiss-Symposium-2022-Zukunft-Schweiz-Ein-Pflegefall-_Organisator.jpg\" alt=\"\" width=\"680\" height=\"383\" \/><\/a><figcaption id=\"caption-attachment-9213\" class=\"wp-caption-text\">Le Symposium PME Swiss 2022, qui aura lieu le 17 mars, pourra \u00e0 nouveau accueillir quelque 300 participants. (Image : PME Swiss)<\/figcaption><\/figure>\n<p>Depuis maintenant 20 ans, PME Swiss est une plateforme pour les entrepreneurs et les cadres. L'id\u00e9e est de les aider \u00e0 se maintenir en forme pour l'avenir gr\u00e2ce \u00e0 un r\u00e9seau et \u00e0 des manifestations. Pour ce faire, ils b\u00e9n\u00e9ficient d'un acc\u00e8s privil\u00e9gi\u00e9 \u00e0 une cinquantaine d'\u00e9v\u00e9nements tels que les symposiums, les StammTreffs, les InsideTreffs, le GolfTrophy et une plateforme num\u00e9rique de recommandation et de pr\u00e9sentation. Les symposiums PME Swiss, qui r\u00e9unissent chaque ann\u00e9e jusqu'\u00e0 500 participants, font d\u00e9sormais partie des manifestations \u00e9conomiques les plus importantes de Suisse.<\/p>\n<h2>300 \u00e0 400 participants attendus<\/h2>\n<p>Lors du KMU Swiss Symposium 2022, des personnalit\u00e9s \u00e0 succ\u00e8s issues de diff\u00e9rents domaines et branches pr\u00e9senteront \u00e0 nouveau des expos\u00e9s pratiques et opportuns sur leurs exp\u00e9riences. Elles \u00e9claireront et discuteront du th\u00e8me de la conf\u00e9rence sous diff\u00e9rentes perspectives, avec des mots cl\u00e9s tels que industrie, commerce, assurance, production, droit et innovation. Le KMU Swiss Symposium 2022 aura lieu le jeudi 17 mars 2022 au TRAFO \u00e0 Baden. Cette ann\u00e9e, la manifestation se penchera sur les perceptions et les r\u00e9alit\u00e9s de l'\u00e9conomie, de la soci\u00e9t\u00e9 et de la politique. Diverses \u00e9conomies nationales nous d\u00e9passent, nous et l'Europe, lentement mais s\u00fbrement, parce qu'elles sont plus volontaires et plus rapides : Est-ce le cas ? Entre 300 et 400 participants sont attendus au symposium. Parmi eux, divers invit\u00e9s d'honneur et des personnalit\u00e9s du monde \u00e9conomique et politique. \"Outre l'ambiance familiale, les participants appr\u00e9cient le haut niveau d'orientation pratique des expos\u00e9s\", explique Armin Baumann, initiateur de PME Swiss.<\/p>\n<h2><strong>La Suisse : un cas de soins...<\/strong><\/h2>\n<p>Le th\u00e8me du congr\u00e8s de cette ann\u00e9e peut sembler quelque peu provocateur : La Suisse se porte-t-elle aussi bien que nous le pensons ? Quelle est l'interd\u00e9pendance des facteurs \u00e9conomiques et les changements structurels ont-ils une influence sur la croissance de l'\u00e9conomie ? Une crise r\u00e9v\u00e8le des points faibles, et il convient de les contrer. Elles n\u00e9cessitent des d\u00e9cisions clairvoyantes et opportunes. Malheureusement, on continue \u00e0 r\u00e9agir au lieu d'agir. La responsabilit\u00e9 personnelle est un imp\u00e9ratif, et non l'\u00e9go\u00efsme et le narcissisme, ni un comportement l\u00e9thargique. Les moulins politiques travaillent plus lentement que les moulins \u00e9conomiques et parfois les uns contre les autres, ce qui emp\u00eache une \u00e9volution positive rapide.<\/p>\n<h2>La conseill\u00e8re f\u00e9d\u00e9rale Viola Amherd au KMU Swiss Symposium 2022<\/h2>\n<p>Le th\u00e8me de la conf\u00e9rence devrait donner lieu \u00e0 des discussions. Les personnalit\u00e9s entrepreneuriales suivantes devraient \u00e9galement laisser des impressions durables :<\/p>\n<ul>\n<li>Conseill\u00e8re f\u00e9d\u00e9rale Viola Amherd<\/li>\n<li>Claudia Thali, neuroscientifique<\/li>\n<li>Nina Suma, PDG de FORTYSEVEN<\/li>\n<li>Prof. Dr Aymo Brunetti, Universit\u00e9 de Berne<\/li>\n<li>Josef Zopp, directeur d'\u00e9tudes chez Weibel Hess &amp; Partner AG<\/li>\n<li>Thomas Boyer, CEO Groupe Mutuel<\/li>\n<li>Guido Konrad, directeur g\u00e9n\u00e9ral de Varian Medical Imaging Labs<\/li>\n<li>Ernst Gisin, CEO Stahlton Bauteile AG<\/li>\n<\/ul>\n<p>Hugo Bigi, qui a d\u00e9j\u00e0 anim\u00e9 avec succ\u00e8s des symposiums pr\u00e9c\u00e9dents, sera le mod\u00e9rateur de la conf\u00e9rence.<\/p>\n<p><em>Vous trouverez de plus amples informations sur les conf\u00e9renciers ainsi que des possibilit\u00e9s de commander des billets sous <\/em><a href=\"http:\/\/www.kmuswiss.ch\/symposium\"><em>www.kmuswiss.ch\/symposium<\/em><\/a><em>. <\/em><\/p>","protected":false},"excerpt":{"rendered":"<p>Nunmehr seit 20 Jahren existiert mit KMU Swiss eine Plattform f\u00fcr Unternehmer und F\u00fchrungskr\u00e4fte. Die Idee: Sie sollen sich in einem Netzwerk und an Anl\u00e4ssen fit f\u00fcr die Zukunft halten. Dies erfolgt durch bevorzugten Zugang zu rund 50 Anl\u00e4ssen wie Symposien, StammTreffs, InsideTreffs, der GolfTrophy und einer digitalen Empfehlungs- und Pr\u00e4sentationsplattform. Die KMU Swiss Symposien [&hellip;]<\/p>\n","protected":false},"author":4,"featured_media":11654,"comment_status":"closed","ping_status":"closed","sticky":false,"template":"","format":"standard","meta":{"_acf_changed":false,"_yoast_wpseo_focuskw":"KMU Swiss Symposium 2022","_yoast_wpseo_metadesc":"Vor 20 Jahren wurde die Idee von KMU Swiss, einer Plattform mit diversen Anl\u00e4ssen, geboren. Am 17. M\u00e4rz findet nun das KMU Swiss Symposium 2022 statt.","articlekey":"","footnotes":""},"categories":[1],"tags":[193,302,335,502],"class_list":["post-11843","post","type-post","status-publish","format-standard","has-post-thumbnail","hentry","category-allgemein","tag-fachkongressfachmesse","tag-kmu-swiss","tag-management-und-unternehmensfuehrung","tag-veranstaltungen"],"acf":[],"yoast_head":"<!-- This site is optimized with the Yoast SEO plugin v27.5 - https:\/\/yoast.com\/product\/yoast-seo-wordpress\/ -->\n<title>KMU Swiss Symposium 2022: Zukunft Schweiz \u2013 Ein Pflegefall?! - Organisator<\/title>\n<meta name=\"description\" content=\"Vor 20 Jahren wurde die Idee von KMU Swiss, einer Plattform mit diversen Anl\u00e4ssen, geboren. Am 17. M\u00e4rz findet nun das KMU Swiss Symposium 2022 statt.\" \/>\n<meta name=\"robots\" content=\"index, follow, max-snippet:-1, max-image-preview:large, max-video-preview:-1\" \/>\n<link rel=\"canonical\" href=\"https:\/\/www.organisator.ch\/fr\/general\/2022-02-01\/kmu-swiss-symposium-2022-zukunft-schweiz-ein-pflegefall\/\" \/>\n<meta property=\"og:locale\" content=\"fr_FR\" \/>\n<meta property=\"og:type\" content=\"article\" \/>\n<meta property=\"og:title\" content=\"KMU Swiss Symposium 2022: Zukunft Schweiz \u2013 Ein Pflegefall?!\" \/>\n<meta property=\"og:description\" content=\"Vor 20 Jahren wurde die Idee von KMU Swiss, einer Plattform mit diversen Anl\u00e4ssen, geboren. Am 17. M\u00e4rz findet nun das KMU Swiss Symposium 2022 statt.\" \/>\n<meta property=\"og:url\" content=\"https:\/\/www.organisator.ch\/fr\/general\/2022-02-01\/kmu-swiss-symposium-2022-zukunft-schweiz-ein-pflegefall\/\" \/>\n<meta property=\"og:site_name\" content=\"Organisator\" \/>\n<meta property=\"article:publisher\" content=\"https:\/\/www.facebook.com\/OrganisatorFachmagazin\" \/>\n<meta property=\"article:published_time\" content=\"2022-02-01T07:09:41+00:00\" \/>\n<meta name=\"author\" content=\"thomas.berner\" \/>\n<meta name=\"twitter:card\" content=\"summary_large_image\" \/>\n<meta name=\"twitter:title\" content=\"#KMUSwiss #Symposium 2022: Zukunft Schweiz \u2013 Ein #Pflegefall?!\" \/>\n<meta name=\"twitter:description\" content=\"Vor 20 Jahren wurde die Idee von KMU Swiss, einer #Plattform mit diversen Anl\u00e4ssen, geboren. Am 17. M\u00e4rz findet nun das #KMUSwiss #Symposium 2022 statt.\" \/>\n<script type=\"application\/ld+json\" class=\"yoast-schema-graph\">{\"@context\":\"https:\\\/\\\/schema.org\",\"@graph\":[{\"@type\":\"Article\",\"@id\":\"https:\\\/\\\/www.organisator.ch\\\/en\\\/general\\\/2022-02-01\\\/kmu-swiss-symposium-2022-zukunft-schweiz-ein-pflegefall\\\/#article\",\"isPartOf\":{\"@id\":\"https:\\\/\\\/www.organisator.ch\\\/en\\\/general\\\/2022-02-01\\\/kmu-swiss-symposium-2022-zukunft-schweiz-ein-pflegefall\\\/\"},\"author\":{\"name\":\"thomas.berner\",\"@id\":\"https:\\\/\\\/www.organisator.ch\\\/#\\\/schema\\\/person\\\/6f650f90b2842cd4c0cc334b4e36f67e\"},\"headline\":\"KMU Swiss Symposium 2022: Zukunft Schweiz \u2013 Ein Pflegefall?!\",\"datePublished\":\"2022-02-01T07:09:41+00:00\",\"mainEntityOfPage\":{\"@id\":\"https:\\\/\\\/www.organisator.ch\\\/en\\\/general\\\/2022-02-01\\\/kmu-swiss-symposium-2022-zukunft-schweiz-ein-pflegefall\\\/\"},\"wordCount\":451,\"publisher\":{\"@id\":\"https:\\\/\\\/www.organisator.ch\\\/#organization\"},\"image\":{\"@id\":\"https:\\\/\\\/www.organisator.ch\\\/en\\\/general\\\/2022-02-01\\\/kmu-swiss-symposium-2022-zukunft-schweiz-ein-pflegefall\\\/#primaryimage\"},\"thumbnailUrl\":\"https:\\\/\\\/www.organisator.ch\\\/wp-content\\\/uploads\\\/2022\\\/02\\\/KMU-Swiss-Symposium-2022-Zukunft-Schweiz-Ein-Pflegefall-_Organisator.jpg\",\"keywords\":[\"Fachkongress\\\/Fachmesse\",\"KMU Swiss\",\"Management und Unternehmensf\u00fchrung\",\"Veranstaltungen\"],\"articleSection\":[\"Allgemein\"],\"inLanguage\":\"fr-FR\"},{\"@type\":\"WebPage\",\"@id\":\"https:\\\/\\\/www.organisator.ch\\\/en\\\/general\\\/2022-02-01\\\/kmu-swiss-symposium-2022-zukunft-schweiz-ein-pflegefall\\\/\",\"url\":\"https:\\\/\\\/www.organisator.ch\\\/en\\\/general\\\/2022-02-01\\\/kmu-swiss-symposium-2022-zukunft-schweiz-ein-pflegefall\\\/\",\"name\":\"KMU Swiss Symposium 2022: Zukunft Schweiz \u2013 Ein Pflegefall?! - Organisator\",\"isPartOf\":{\"@id\":\"https:\\\/\\\/www.organisator.ch\\\/#website\"},\"primaryImageOfPage\":{\"@id\":\"https:\\\/\\\/www.organisator.ch\\\/en\\\/general\\\/2022-02-01\\\/kmu-swiss-symposium-2022-zukunft-schweiz-ein-pflegefall\\\/#primaryimage\"},\"image\":{\"@id\":\"https:\\\/\\\/www.organisator.ch\\\/en\\\/general\\\/2022-02-01\\\/kmu-swiss-symposium-2022-zukunft-schweiz-ein-pflegefall\\\/#primaryimage\"},\"thumbnailUrl\":\"https:\\\/\\\/www.organisator.ch\\\/wp-content\\\/uploads\\\/2022\\\/02\\\/KMU-Swiss-Symposium-2022-Zukunft-Schweiz-Ein-Pflegefall-_Organisator.jpg\",\"datePublished\":\"2022-02-01T07:09:41+00:00\",\"description\":\"Vor 20 Jahren wurde die Idee von KMU Swiss, einer Plattform mit diversen Anl\u00e4ssen, geboren. Am 17. M\u00e4rz findet nun das KMU Swiss Symposium 2022 statt.\",\"breadcrumb\":{\"@id\":\"https:\\\/\\\/www.organisator.ch\\\/en\\\/general\\\/2022-02-01\\\/kmu-swiss-symposium-2022-zukunft-schweiz-ein-pflegefall\\\/#breadcrumb\"},\"inLanguage\":\"fr-FR\",\"potentialAction\":[{\"@type\":\"ReadAction\",\"target\":[\"https:\\\/\\\/www.organisator.ch\\\/en\\\/general\\\/2022-02-01\\\/kmu-swiss-symposium-2022-zukunft-schweiz-ein-pflegefall\\\/\"]}]},{\"@type\":\"ImageObject\",\"inLanguage\":\"fr-FR\",\"@id\":\"https:\\\/\\\/www.organisator.ch\\\/en\\\/general\\\/2022-02-01\\\/kmu-swiss-symposium-2022-zukunft-schweiz-ein-pflegefall\\\/#primaryimage\",\"url\":\"https:\\\/\\\/www.organisator.ch\\\/wp-content\\\/uploads\\\/2022\\\/02\\\/KMU-Swiss-Symposium-2022-Zukunft-Schweiz-Ein-Pflegefall-_Organisator.jpg\",\"contentUrl\":\"https:\\\/\\\/www.organisator.ch\\\/wp-content\\\/uploads\\\/2022\\\/02\\\/KMU-Swiss-Symposium-2022-Zukunft-Schweiz-Ein-Pflegefall-_Organisator.jpg\",\"width\":680,\"height\":383,\"caption\":\"Das KMU Swiss Symposium 2022 vom 17. M\u00e4rz wird wieder mit rund 300 Teilnehmenden stattfinden k\u00f6nnen. (Bild: KMU Swiss)\"},{\"@type\":\"BreadcrumbList\",\"@id\":\"https:\\\/\\\/www.organisator.ch\\\/en\\\/general\\\/2022-02-01\\\/kmu-swiss-symposium-2022-zukunft-schweiz-ein-pflegefall\\\/#breadcrumb\",\"itemListElement\":[{\"@type\":\"ListItem\",\"position\":1,\"name\":\"Home\",\"item\":\"https:\\\/\\\/www.organisator.ch\\\/\"},{\"@type\":\"ListItem\",\"position\":2,\"name\":\"KMU Swiss Symposium 2022: Zukunft Schweiz \u2013 Ein Pflegefall?!\"}]},{\"@type\":\"WebSite\",\"@id\":\"https:\\\/\\\/www.organisator.ch\\\/#website\",\"url\":\"https:\\\/\\\/www.organisator.ch\\\/\",\"name\":\"Organisator\",\"description\":\"Kompetent. Praxisnah. Der ORGANISATOR bereitet in 10 Ausgaben pro Jahr die wesentlichen Themen f\u00fcr F\u00fchrungskr\u00e4fte von KMU auf.\",\"publisher\":{\"@id\":\"https:\\\/\\\/www.organisator.ch\\\/#organization\"},\"potentialAction\":[{\"@type\":\"SearchAction\",\"target\":{\"@type\":\"EntryPoint\",\"urlTemplate\":\"https:\\\/\\\/www.organisator.ch\\\/?s={search_term_string}\"},\"query-input\":{\"@type\":\"PropertyValueSpecification\",\"valueRequired\":true,\"valueName\":\"search_term_string\"}}],\"inLanguage\":\"fr-FR\"},{\"@type\":\"Organization\",\"@id\":\"https:\\\/\\\/www.organisator.ch\\\/#organization\",\"name\":\"Organisator\",\"url\":\"https:\\\/\\\/www.organisator.ch\\\/\",\"logo\":{\"@type\":\"ImageObject\",\"inLanguage\":\"fr-FR\",\"@id\":\"https:\\\/\\\/www.organisator.ch\\\/#\\\/schema\\\/logo\\\/image\\\/\",\"url\":\"https:\\\/\\\/www.organisator.ch\\\/wp-content\\\/uploads\\\/2022\\\/01\\\/Logo_Organisator_Website.png\",\"contentUrl\":\"https:\\\/\\\/www.organisator.ch\\\/wp-content\\\/uploads\\\/2022\\\/01\\\/Logo_Organisator_Website.png\",\"width\":800,\"height\":77,\"caption\":\"Organisator\"},\"image\":{\"@id\":\"https:\\\/\\\/www.organisator.ch\\\/#\\\/schema\\\/logo\\\/image\\\/\"},\"sameAs\":[\"https:\\\/\\\/www.facebook.com\\\/OrganisatorFachmagazin\",\"https:\\\/\\\/www.linkedin.com\\\/showcase\\\/organisator-das-magazin-fr-kmu\",\"https:\\\/\\\/www.xing.com\\\/news\\\/pages\\\/organisator-ch-695\",\"https:\\\/\\\/www.youtube.com\\\/channel\\\/UCGP2Sq0iWaZwT3BdIAQFYpw\"]},{\"@type\":\"Person\",\"@id\":\"https:\\\/\\\/www.organisator.ch\\\/#\\\/schema\\\/person\\\/6f650f90b2842cd4c0cc334b4e36f67e\",\"name\":\"thomas.berner\",\"image\":{\"@type\":\"ImageObject\",\"inLanguage\":\"fr-FR\",\"@id\":\"https:\\\/\\\/secure.gravatar.com\\\/avatar\\\/ac5001d2a36cb6c6cd3e50789007ffca834b477b74a2144564522e944eabff61?s=96&d=mm&r=g\",\"url\":\"https:\\\/\\\/secure.gravatar.com\\\/avatar\\\/ac5001d2a36cb6c6cd3e50789007ffca834b477b74a2144564522e944eabff61?s=96&d=mm&r=g\",\"contentUrl\":\"https:\\\/\\\/secure.gravatar.com\\\/avatar\\\/ac5001d2a36cb6c6cd3e50789007ffca834b477b74a2144564522e944eabff61?s=96&d=mm&r=g\",\"caption\":\"thomas.berner\"},\"url\":\"https:\\\/\\\/www.organisator.ch\\\/fr\\\/author\\\/thomas-berner\\\/\"}]}<\/script>\n<!-- \/ Yoast SEO plugin. -->","yoast_head_json":{"title":"KMU Swiss Symposium 2022 : L'avenir de la Suisse - un cas de soins ?! - Organisateur","description":"L'id\u00e9e de PME Swiss, une plateforme proposant diverses manifestations, est n\u00e9e il y a 20 ans. Le 17 mars aura lieu le Symposium PME Swiss 2022.","robots":{"index":"index","follow":"follow","max-snippet":"max-snippet:-1","max-image-preview":"max-image-preview:large","max-video-preview":"max-video-preview:-1"},"canonical":"https:\/\/www.organisator.ch\/fr\/general\/2022-02-01\/kmu-swiss-symposium-2022-zukunft-schweiz-ein-pflegefall\/","og_locale":"fr_FR","og_type":"article","og_title":"KMU Swiss Symposium 2022: Zukunft Schweiz \u2013 Ein Pflegefall?!","og_description":"Vor 20 Jahren wurde die Idee von KMU Swiss, einer Plattform mit diversen Anl\u00e4ssen, geboren. Am 17. M\u00e4rz findet nun das KMU Swiss Symposium 2022 statt.","og_url":"https:\/\/www.organisator.ch\/fr\/general\/2022-02-01\/kmu-swiss-symposium-2022-zukunft-schweiz-ein-pflegefall\/","og_site_name":"Organisator","article_publisher":"https:\/\/www.facebook.com\/OrganisatorFachmagazin","article_published_time":"2022-02-01T07:09:41+00:00","author":"thomas.berner","twitter_card":"summary_large_image","twitter_title":"#KMUSwiss #Symposium 2022: Zukunft Schweiz \u2013 Ein #Pflegefall?!","twitter_description":"Vor 20 Jahren wurde die Idee von KMU Swiss, einer #Plattform mit diversen Anl\u00e4ssen, geboren. Am 17. M\u00e4rz findet nun das #KMUSwiss #Symposium 2022 statt.","schema":{"@context":"https:\/\/schema.org","@graph":[{"@type":"Article","@id":"https:\/\/www.organisator.ch\/en\/general\/2022-02-01\/kmu-swiss-symposium-2022-zukunft-schweiz-ein-pflegefall\/#article","isPartOf":{"@id":"https:\/\/www.organisator.ch\/en\/general\/2022-02-01\/kmu-swiss-symposium-2022-zukunft-schweiz-ein-pflegefall\/"},"author":{"name":"thomas.berner","@id":"https:\/\/www.organisator.ch\/#\/schema\/person\/6f650f90b2842cd4c0cc334b4e36f67e"},"headline":"KMU Swiss Symposium 2022: Zukunft Schweiz \u2013 Ein Pflegefall?!","datePublished":"2022-02-01T07:09:41+00:00","mainEntityOfPage":{"@id":"https:\/\/www.organisator.ch\/en\/general\/2022-02-01\/kmu-swiss-symposium-2022-zukunft-schweiz-ein-pflegefall\/"},"wordCount":451,"publisher":{"@id":"https:\/\/www.organisator.ch\/#organization"},"image":{"@id":"https:\/\/www.organisator.ch\/en\/general\/2022-02-01\/kmu-swiss-symposium-2022-zukunft-schweiz-ein-pflegefall\/#primaryimage"},"thumbnailUrl":"https:\/\/www.organisator.ch\/wp-content\/uploads\/2022\/02\/KMU-Swiss-Symposium-2022-Zukunft-Schweiz-Ein-Pflegefall-_Organisator.jpg","keywords":["Fachkongress\/Fachmesse","KMU Swiss","Management und Unternehmensf\u00fchrung","Veranstaltungen"],"articleSection":["Allgemein"],"inLanguage":"fr-FR"},{"@type":"WebPage","@id":"https:\/\/www.organisator.ch\/en\/general\/2022-02-01\/kmu-swiss-symposium-2022-zukunft-schweiz-ein-pflegefall\/","url":"https:\/\/www.organisator.ch\/en\/general\/2022-02-01\/kmu-swiss-symposium-2022-zukunft-schweiz-ein-pflegefall\/","name":"KMU Swiss Symposium 2022 : L'avenir de la Suisse - un cas de soins ?! - Organisateur","isPartOf":{"@id":"https:\/\/www.organisator.ch\/#website"},"primaryImageOfPage":{"@id":"https:\/\/www.organisator.ch\/en\/general\/2022-02-01\/kmu-swiss-symposium-2022-zukunft-schweiz-ein-pflegefall\/#primaryimage"},"image":{"@id":"https:\/\/www.organisator.ch\/en\/general\/2022-02-01\/kmu-swiss-symposium-2022-zukunft-schweiz-ein-pflegefall\/#primaryimage"},"thumbnailUrl":"https:\/\/www.organisator.ch\/wp-content\/uploads\/2022\/02\/KMU-Swiss-Symposium-2022-Zukunft-Schweiz-Ein-Pflegefall-_Organisator.jpg","datePublished":"2022-02-01T07:09:41+00:00","description":"L'id\u00e9e de PME Swiss, une plateforme proposant diverses manifestations, est n\u00e9e il y a 20 ans. Le 17 mars aura lieu le Symposium PME Swiss 2022.","breadcrumb":{"@id":"https:\/\/www.organisator.ch\/en\/general\/2022-02-01\/kmu-swiss-symposium-2022-zukunft-schweiz-ein-pflegefall\/#breadcrumb"},"inLanguage":"fr-FR","potentialAction":[{"@type":"ReadAction","target":["https:\/\/www.organisator.ch\/en\/general\/2022-02-01\/kmu-swiss-symposium-2022-zukunft-schweiz-ein-pflegefall\/"]}]},{"@type":"ImageObject","inLanguage":"fr-FR","@id":"https:\/\/www.organisator.ch\/en\/general\/2022-02-01\/kmu-swiss-symposium-2022-zukunft-schweiz-ein-pflegefall\/#primaryimage","url":"https:\/\/www.organisator.ch\/wp-content\/uploads\/2022\/02\/KMU-Swiss-Symposium-2022-Zukunft-Schweiz-Ein-Pflegefall-_Organisator.jpg","contentUrl":"https:\/\/www.organisator.ch\/wp-content\/uploads\/2022\/02\/KMU-Swiss-Symposium-2022-Zukunft-Schweiz-Ein-Pflegefall-_Organisator.jpg","width":680,"height":383,"caption":"Das KMU Swiss Symposium 2022 vom 17. M\u00e4rz wird wieder mit rund 300 Teilnehmenden stattfinden k\u00f6nnen. (Bild: KMU Swiss)"},{"@type":"BreadcrumbList","@id":"https:\/\/www.organisator.ch\/en\/general\/2022-02-01\/kmu-swiss-symposium-2022-zukunft-schweiz-ein-pflegefall\/#breadcrumb","itemListElement":[{"@type":"ListItem","position":1,"name":"Home","item":"https:\/\/www.organisator.ch\/"},{"@type":"ListItem","position":2,"name":"KMU Swiss Symposium 2022: Zukunft Schweiz \u2013 Ein Pflegefall?!"}]},{"@type":"WebSite","@id":"https:\/\/www.organisator.ch\/#website","url":"https:\/\/www.organisator.ch\/","name":"Organisateur","description":"Comp\u00e9tence et comp\u00e9tence. Proches de la pratique. L'ORGANISATEUR pr\u00e9pare 10 num\u00e9ros par an sur les th\u00e8mes essentiels pour les dirigeants de PME.","publisher":{"@id":"https:\/\/www.organisator.ch\/#organization"},"potentialAction":[{"@type":"SearchAction","target":{"@type":"EntryPoint","urlTemplate":"https:\/\/www.organisator.ch\/?s={search_term_string}"},"query-input":{"@type":"PropertyValueSpecification","valueRequired":true,"valueName":"search_term_string"}}],"inLanguage":"fr-FR"},{"@type":"Organization","@id":"https:\/\/www.organisator.ch\/#organization","name":"Organisateur","url":"https:\/\/www.organisator.ch\/","logo":{"@type":"ImageObject","inLanguage":"fr-FR","@id":"https:\/\/www.organisator.ch\/#\/schema\/logo\/image\/","url":"https:\/\/www.organisator.ch\/wp-content\/uploads\/2022\/01\/Logo_Organisator_Website.png","contentUrl":"https:\/\/www.organisator.ch\/wp-content\/uploads\/2022\/01\/Logo_Organisator_Website.png","width":800,"height":77,"caption":"Organisator"},"image":{"@id":"https:\/\/www.organisator.ch\/#\/schema\/logo\/image\/"},"sameAs":["https:\/\/www.facebook.com\/OrganisatorFachmagazin","https:\/\/www.linkedin.com\/showcase\/organisator-das-magazin-fr-kmu","https:\/\/www.xing.com\/news\/pages\/organisator-ch-695","https:\/\/www.youtube.com\/channel\/UCGP2Sq0iWaZwT3BdIAQFYpw"]},{"@type":"Person","@id":"https:\/\/www.organisator.ch\/#\/schema\/person\/6f650f90b2842cd4c0cc334b4e36f67e","name":"thomas.berner","image":{"@type":"ImageObject","inLanguage":"fr-FR","@id":"https:\/\/secure.gravatar.com\/avatar\/ac5001d2a36cb6c6cd3e50789007ffca834b477b74a2144564522e944eabff61?s=96&d=mm&r=g","url":"https:\/\/secure.gravatar.com\/avatar\/ac5001d2a36cb6c6cd3e50789007ffca834b477b74a2144564522e944eabff61?s=96&d=mm&r=g","contentUrl":"https:\/\/secure.gravatar.com\/avatar\/ac5001d2a36cb6c6cd3e50789007ffca834b477b74a2144564522e944eabff61?s=96&d=mm&r=g","caption":"thomas.berner"},"url":"https:\/\/www.organisator.ch\/fr\/author\/thomas-berner\/"}]}},"_links":{"self":[{"href":"https:\/\/www.organisator.ch\/fr\/wp-json\/wp\/v2\/posts\/11843","targetHints":{"allow":["GET"]}}],"collection":[{"href":"https:\/\/www.organisator.ch\/fr\/wp-json\/wp\/v2\/posts"}],"about":[{"href":"https:\/\/www.organisator.ch\/fr\/wp-json\/wp\/v2\/types\/post"}],"author":[{"embeddable":true,"href":"https:\/\/www.organisator.ch\/fr\/wp-json\/wp\/v2\/users\/4"}],"replies":[{"embeddable":true,"href":"https:\/\/www.organisator.ch\/fr\/wp-json\/wp\/v2\/comments?post=11843"}],"version-history":[{"count":0,"href":"https:\/\/www.organisator.ch\/fr\/wp-json\/wp\/v2\/posts\/11843\/revisions"}],"wp:featuredmedia":[{"embeddable":true,"href":"https:\/\/www.organisator.ch\/fr\/wp-json\/wp\/v2\/media\/11654"}],"wp:attachment":[{"href":"https:\/\/www.organisator.ch\/fr\/wp-json\/wp\/v2\/media?parent=11843"}],"wp:term":[{"taxonomy":"category","embeddable":true,"href":"https:\/\/www.organisator.ch\/fr\/wp-json\/wp\/v2\/categories?post=11843"},{"taxonomy":"post_tag","embeddable":true,"href":"https:\/\/www.organisator.ch\/fr\/wp-json\/wp\/v2\/tags?post=11843"}],"curies":[{"name":"wp","href":"https:\/\/api.w.org\/{rel}","templated":true}]}}