{"id":11845,"date":"2022-02-04T07:38:06","date_gmt":"2022-02-04T06:38:06","guid":{"rendered":"https:\/\/www.organisator.ch\/?p=9233"},"modified":"2022-02-04T07:38:06","modified_gmt":"2022-02-04T06:38:06","slug":"schuetz-service-ag-mit-neuem-geschaeftsleiter","status":"publish","type":"post","link":"https:\/\/www.organisator.ch\/fr\/management\/2022-02-04\/schuetz-service-ag-mit-neuem-geschaeftsleiter\/","title":{"rendered":"Sch\u00fctz Service AG a un nouveau directeur"},"content":{"rendered":"<figure id=\"attachment_9234\" aria-describedby=\"caption-attachment-9234\" style=\"width: 680px\" class=\"wp-caption alignnone\"><a href=\"https:\/\/www.organisator.ch\/wp-content\/uploads\/2022\/02\/Schuetz-Service-AG-mit-neuem-Geschaeftsleiter_Organisator.jpg\"><img loading=\"lazy\" decoding=\"async\" class=\"size-medium wp-image-9234\" src=\"https:\/\/www.organisator.ch\/wp-content\/uploads\/2022\/02\/Schuetz-Service-AG-mit-neuem-Geschaeftsleiter_Organisator.jpg\" alt=\"\" width=\"680\" height=\"473\" \/><\/a><figcaption id=\"caption-attachment-9234\" class=\"wp-caption-text\">Erich Hausammann reprend avec effet imm\u00e9diat la direction de Sch\u00fctz Service AG \u00e0 Belp. (Image : zVg)<\/figcaption><\/figure>\n<p>Sch\u00fctz Service AG est une entreprise familiale fond\u00e9e en 1979 qui emploie 26 personnes. Avec la promesse \"Nous r\u00e9glons cela\", l'entreprise a d\u00e9velopp\u00e9 avec succ\u00e8s une client\u00e8le fid\u00e8le et de longue date \u00e0 partir de Berne. L'activit\u00e9 principale est l'automatisation des b\u00e2timents et de l'industrie.<\/p>\n<p>Philipp Sch\u00fctz a dirig\u00e9 l'entreprise jusqu'\u00e0 pr\u00e9sent en tant que directeur, mais il passe maintenant au second plan : avec Erich Hausammann, il a \u00e9t\u00e9 possible de trouver un directeur qui apporte une longue exp\u00e9rience dans la construction et la direction de PME et qui souhaite continuer \u00e0 d\u00e9velopper l'entreprise gr\u00e2ce \u00e0 sa volont\u00e9 de performance et \u00e0 sa motivation. \"Nous sommes fiers et tr\u00e8s heureux d'avoir en Erich un directeur comp\u00e9tent qui nous aidera \u00e0 continuer \u00e0 ma\u00eetriser les t\u00e2ches op\u00e9rationnelles de mani\u00e8re professionnelle, efficiente et efficace\", d\u00e9clare Philipp Sch\u00fctz \u00e0 propos du passage de t\u00e9moin. \"Quant \u00e0 moi, je consacrerai mon temps au d\u00e9veloppement strat\u00e9gique afin de pouvoir encore mieux servir nos clients \u00e0 l'avenir\". Erich Hausammann se r\u00e9jouit de sa nouvelle t\u00e2che : \"Je suis enthousiasm\u00e9 par la m\u00e9thode de travail pragmatique et efficace de Sch\u00fctz Service AG, l'\u00e9quipe et la culture du faire y sont v\u00e9cues et nous sommes l\u00e0 pour nos clients - cela me pla\u00eet et m'enthousiasme\".<\/p>\n<p>Les propri\u00e9taires de Sch\u00fctz Service AG, Philipp Sch\u00fctz et sa s\u0153ur Denise Jacob-Sch\u00fctz, souhaitent, par ce choix du directeur Erich Hausammann, faire \u00e9voluer l'entreprise d'une entreprise familiale \u00e0 une entreprise en mains familiales. De leur point de vue, il faut d\u00e9sormais, en plus de la capacit\u00e9 op\u00e9rationnelle, de plus en plus la capacit\u00e9 d'aborder des projets strat\u00e9giques qui, sinon, ne sont pas adress\u00e9s au quotidien pendant trop longtemps. Philipp Sch\u00fctz souhaite d\u00e9sormais s'atteler lui-m\u00eame \u00e0 cette t\u00e2che strat\u00e9gique et faire ainsi progresser l'entreprise. \"L'avenir\", Philipp Sch\u00fctz en est convaincu, \"exige \u00e9galement une plus grande automatisation dans sa propre entreprise, ainsi que des processus et des investissements technologiques appropri\u00e9s.<\/p>\n<p><a href=\"https:\/\/www.schuetz-service.ch\/\"><em>Source et informations compl\u00e9mentaires<\/em><\/a><\/p>","protected":false},"excerpt":{"rendered":"<p>Die Sch\u00fctz Service AG ist ein 1979 gegr\u00fcndetes Familienunternehmen mit 26 Mitarbeitenden. Mit dem Versprechen \u00abWir regeln das.\u00bb hat das Unternehmen von Bern aus erfolgreich einen treuen und lang-j\u00e4hrigen Kundenstamm aufgebaut. Schwerpunkt der T\u00e4tigkeit sind die Geb\u00e4ude- und Industrieautomation. Philipp Sch\u00fctz f\u00fchrte das Unternehmen bislang als Gesch\u00e4ftsleiter, tritt nun aber ins zweite Glied: Mit Erich [&hellip;]<\/p>\n","protected":false},"author":4,"featured_media":11660,"comment_status":"closed","ping_status":"closed","sticky":false,"template":"","format":"standard","meta":{"_acf_changed":false,"_yoast_wpseo_focuskw":"Sch\u00fctz Service","_yoast_wpseo_metadesc":"Sch\u00fctz Service AG ist mit einem neuen Gesch\u00e4ftsleiter ins neue Jahr gestartet: Erich Hausammann wird per sofort die Gesch\u00e4fte des Unternehmens \u00fcbernehmen.","articlekey":"","footnotes":""},"categories":[28],"tags":[207,335,492],"class_list":["post-11845","post","type-post","status-publish","format-standard","has-post-thumbnail","hentry","category-management","tag-firmennachfolge","tag-management-und-unternehmensfuehrung","tag-unternehmen"],"acf":[],"yoast_head":"<!-- This site is optimized with the Yoast SEO plugin v27.5 - https:\/\/yoast.com\/product\/yoast-seo-wordpress\/ -->\n<title>Sch\u00fctz Service AG mit neuem Gesch\u00e4ftsleiter - Organisator<\/title>\n<meta name=\"description\" content=\"Sch\u00fctz Service AG ist mit einem neuen Gesch\u00e4ftsleiter ins neue Jahr gestartet: Erich Hausammann wird per sofort die Gesch\u00e4fte des Unternehmens \u00fcbernehmen.\" \/>\n<meta name=\"robots\" content=\"index, follow, max-snippet:-1, max-image-preview:large, max-video-preview:-1\" \/>\n<link rel=\"canonical\" href=\"https:\/\/www.organisator.ch\/fr\/gestion-2\/2022-02-04\/schuetz-service-ag-mit-neuem-geschaeftsleiter\/\" \/>\n<meta property=\"og:locale\" content=\"fr_FR\" \/>\n<meta property=\"og:type\" content=\"article\" \/>\n<meta property=\"og:title\" content=\"Sch\u00fctz Service AG mit neuem Gesch\u00e4ftsleiter\" \/>\n<meta property=\"og:description\" content=\"Sch\u00fctz Service AG ist mit einem neuen Gesch\u00e4ftsleiter ins neue Jahr gestartet: Erich Hausammann wird per sofort die Gesch\u00e4fte des Unternehmens \u00fcbernehmen.\" \/>\n<meta property=\"og:url\" content=\"https:\/\/www.organisator.ch\/fr\/gestion-2\/2022-02-04\/schuetz-service-ag-mit-neuem-geschaeftsleiter\/\" \/>\n<meta property=\"og:site_name\" content=\"Organisator\" \/>\n<meta property=\"article:publisher\" content=\"https:\/\/www.facebook.com\/OrganisatorFachmagazin\" \/>\n<meta property=\"article:published_time\" content=\"2022-02-04T06:38:06+00:00\" \/>\n<meta name=\"author\" content=\"thomas.berner\" \/>\n<meta name=\"twitter:card\" content=\"summary_large_image\" \/>\n<meta name=\"twitter:title\" content=\"#Sch\u00fctz Service AG mit neuem #Gesch\u00e4ftsleiter\" \/>\n<meta name=\"twitter:description\" content=\"#Sch\u00fctz Service AG ist mit einem neuen #Gesch\u00e4ftsleiter ins neue Jahr gestartet: Erich #Hausammann wird per sofort die Gesch\u00e4fte des Unternehmens \u00fcbernehmen.\" \/>\n<script type=\"application\/ld+json\" class=\"yoast-schema-graph\">{\"@context\":\"https:\\\/\\\/schema.org\",\"@graph\":[{\"@type\":\"Article\",\"@id\":\"https:\\\/\\\/www.organisator.ch\\\/management\\\/2022-02-04\\\/schuetz-service-ag-mit-neuem-geschaeftsleiter\\\/#article\",\"isPartOf\":{\"@id\":\"https:\\\/\\\/www.organisator.ch\\\/management\\\/2022-02-04\\\/schuetz-service-ag-mit-neuem-geschaeftsleiter\\\/\"},\"author\":{\"name\":\"thomas.berner\",\"@id\":\"https:\\\/\\\/www.organisator.ch\\\/#\\\/schema\\\/person\\\/6f650f90b2842cd4c0cc334b4e36f67e\"},\"headline\":\"Sch\u00fctz Service AG mit neuem Gesch\u00e4ftsleiter\",\"datePublished\":\"2022-02-04T06:38:06+00:00\",\"mainEntityOfPage\":{\"@id\":\"https:\\\/\\\/www.organisator.ch\\\/management\\\/2022-02-04\\\/schuetz-service-ag-mit-neuem-geschaeftsleiter\\\/\"},\"wordCount\":368,\"publisher\":{\"@id\":\"https:\\\/\\\/www.organisator.ch\\\/#organization\"},\"image\":{\"@id\":\"https:\\\/\\\/www.organisator.ch\\\/management\\\/2022-02-04\\\/schuetz-service-ag-mit-neuem-geschaeftsleiter\\\/#primaryimage\"},\"thumbnailUrl\":\"https:\\\/\\\/www.organisator.ch\\\/wp-content\\\/uploads\\\/2022\\\/02\\\/Schuetz-Service-AG-mit-neuem-Geschaeftsleiter_Organisator.jpg\",\"keywords\":[\"Firmennachfolge\",\"Management und Unternehmensf\u00fchrung\",\"Unternehmen\"],\"articleSection\":[\"MANAGEMENT\"],\"inLanguage\":\"fr-FR\"},{\"@type\":\"WebPage\",\"@id\":\"https:\\\/\\\/www.organisator.ch\\\/management\\\/2022-02-04\\\/schuetz-service-ag-mit-neuem-geschaeftsleiter\\\/\",\"url\":\"https:\\\/\\\/www.organisator.ch\\\/management\\\/2022-02-04\\\/schuetz-service-ag-mit-neuem-geschaeftsleiter\\\/\",\"name\":\"Sch\u00fctz Service AG mit neuem Gesch\u00e4ftsleiter - Organisator\",\"isPartOf\":{\"@id\":\"https:\\\/\\\/www.organisator.ch\\\/#website\"},\"primaryImageOfPage\":{\"@id\":\"https:\\\/\\\/www.organisator.ch\\\/management\\\/2022-02-04\\\/schuetz-service-ag-mit-neuem-geschaeftsleiter\\\/#primaryimage\"},\"image\":{\"@id\":\"https:\\\/\\\/www.organisator.ch\\\/management\\\/2022-02-04\\\/schuetz-service-ag-mit-neuem-geschaeftsleiter\\\/#primaryimage\"},\"thumbnailUrl\":\"https:\\\/\\\/www.organisator.ch\\\/wp-content\\\/uploads\\\/2022\\\/02\\\/Schuetz-Service-AG-mit-neuem-Geschaeftsleiter_Organisator.jpg\",\"datePublished\":\"2022-02-04T06:38:06+00:00\",\"description\":\"Sch\u00fctz Service AG ist mit einem neuen Gesch\u00e4ftsleiter ins neue Jahr gestartet: Erich Hausammann wird per sofort die Gesch\u00e4fte des Unternehmens \u00fcbernehmen.\",\"breadcrumb\":{\"@id\":\"https:\\\/\\\/www.organisator.ch\\\/management\\\/2022-02-04\\\/schuetz-service-ag-mit-neuem-geschaeftsleiter\\\/#breadcrumb\"},\"inLanguage\":\"fr-FR\",\"potentialAction\":[{\"@type\":\"ReadAction\",\"target\":[\"https:\\\/\\\/www.organisator.ch\\\/management\\\/2022-02-04\\\/schuetz-service-ag-mit-neuem-geschaeftsleiter\\\/\"]}]},{\"@type\":\"ImageObject\",\"inLanguage\":\"fr-FR\",\"@id\":\"https:\\\/\\\/www.organisator.ch\\\/management\\\/2022-02-04\\\/schuetz-service-ag-mit-neuem-geschaeftsleiter\\\/#primaryimage\",\"url\":\"https:\\\/\\\/www.organisator.ch\\\/wp-content\\\/uploads\\\/2022\\\/02\\\/Schuetz-Service-AG-mit-neuem-Geschaeftsleiter_Organisator.jpg\",\"contentUrl\":\"https:\\\/\\\/www.organisator.ch\\\/wp-content\\\/uploads\\\/2022\\\/02\\\/Schuetz-Service-AG-mit-neuem-Geschaeftsleiter_Organisator.jpg\",\"width\":680,\"height\":473,\"caption\":\"Erich Hausammann \u00fcbernimmt per sofort die Gesch\u00e4ftsf\u00fchrung von Sch\u00fctz Services AG in Belp. (Bild: zVg)\"},{\"@type\":\"BreadcrumbList\",\"@id\":\"https:\\\/\\\/www.organisator.ch\\\/management\\\/2022-02-04\\\/schuetz-service-ag-mit-neuem-geschaeftsleiter\\\/#breadcrumb\",\"itemListElement\":[{\"@type\":\"ListItem\",\"position\":1,\"name\":\"Home\",\"item\":\"https:\\\/\\\/www.organisator.ch\\\/\"},{\"@type\":\"ListItem\",\"position\":2,\"name\":\"Sch\u00fctz Service AG mit neuem Gesch\u00e4ftsleiter\"}]},{\"@type\":\"WebSite\",\"@id\":\"https:\\\/\\\/www.organisator.ch\\\/#website\",\"url\":\"https:\\\/\\\/www.organisator.ch\\\/\",\"name\":\"Organisator\",\"description\":\"Kompetent. Praxisnah. Der ORGANISATOR bereitet in 10 Ausgaben pro Jahr die wesentlichen Themen f\u00fcr F\u00fchrungskr\u00e4fte von KMU auf.\",\"publisher\":{\"@id\":\"https:\\\/\\\/www.organisator.ch\\\/#organization\"},\"potentialAction\":[{\"@type\":\"SearchAction\",\"target\":{\"@type\":\"EntryPoint\",\"urlTemplate\":\"https:\\\/\\\/www.organisator.ch\\\/?s={search_term_string}\"},\"query-input\":{\"@type\":\"PropertyValueSpecification\",\"valueRequired\":true,\"valueName\":\"search_term_string\"}}],\"inLanguage\":\"fr-FR\"},{\"@type\":\"Organization\",\"@id\":\"https:\\\/\\\/www.organisator.ch\\\/#organization\",\"name\":\"Organisator\",\"url\":\"https:\\\/\\\/www.organisator.ch\\\/\",\"logo\":{\"@type\":\"ImageObject\",\"inLanguage\":\"fr-FR\",\"@id\":\"https:\\\/\\\/www.organisator.ch\\\/#\\\/schema\\\/logo\\\/image\\\/\",\"url\":\"https:\\\/\\\/www.organisator.ch\\\/wp-content\\\/uploads\\\/2022\\\/01\\\/Logo_Organisator_Website.png\",\"contentUrl\":\"https:\\\/\\\/www.organisator.ch\\\/wp-content\\\/uploads\\\/2022\\\/01\\\/Logo_Organisator_Website.png\",\"width\":800,\"height\":77,\"caption\":\"Organisator\"},\"image\":{\"@id\":\"https:\\\/\\\/www.organisator.ch\\\/#\\\/schema\\\/logo\\\/image\\\/\"},\"sameAs\":[\"https:\\\/\\\/www.facebook.com\\\/OrganisatorFachmagazin\",\"https:\\\/\\\/www.linkedin.com\\\/showcase\\\/organisator-das-magazin-fr-kmu\",\"https:\\\/\\\/www.xing.com\\\/news\\\/pages\\\/organisator-ch-695\",\"https:\\\/\\\/www.youtube.com\\\/channel\\\/UCGP2Sq0iWaZwT3BdIAQFYpw\"]},{\"@type\":\"Person\",\"@id\":\"https:\\\/\\\/www.organisator.ch\\\/#\\\/schema\\\/person\\\/6f650f90b2842cd4c0cc334b4e36f67e\",\"name\":\"thomas.berner\",\"image\":{\"@type\":\"ImageObject\",\"inLanguage\":\"fr-FR\",\"@id\":\"https:\\\/\\\/secure.gravatar.com\\\/avatar\\\/ac5001d2a36cb6c6cd3e50789007ffca834b477b74a2144564522e944eabff61?s=96&d=mm&r=g\",\"url\":\"https:\\\/\\\/secure.gravatar.com\\\/avatar\\\/ac5001d2a36cb6c6cd3e50789007ffca834b477b74a2144564522e944eabff61?s=96&d=mm&r=g\",\"contentUrl\":\"https:\\\/\\\/secure.gravatar.com\\\/avatar\\\/ac5001d2a36cb6c6cd3e50789007ffca834b477b74a2144564522e944eabff61?s=96&d=mm&r=g\",\"caption\":\"thomas.berner\"},\"url\":\"https:\\\/\\\/www.organisator.ch\\\/fr\\\/author\\\/thomas-berner\\\/\"}]}<\/script>\n<!-- \/ Yoast SEO plugin. -->","yoast_head_json":{"title":"Sch\u00fctz Service AG a un nouveau directeur - Organisateur","description":"Sch\u00fctz Service SA a commenc\u00e9 la nouvelle ann\u00e9e avec un nouveau directeur : Erich Hausammann reprend d\u00e8s \u00e0 pr\u00e9sent les affaires de l'entreprise.","robots":{"index":"index","follow":"follow","max-snippet":"max-snippet:-1","max-image-preview":"max-image-preview:large","max-video-preview":"max-video-preview:-1"},"canonical":"https:\/\/www.organisator.ch\/fr\/gestion-2\/2022-02-04\/schuetz-service-ag-mit-neuem-geschaeftsleiter\/","og_locale":"fr_FR","og_type":"article","og_title":"Sch\u00fctz Service AG mit neuem Gesch\u00e4ftsleiter","og_description":"Sch\u00fctz Service AG ist mit einem neuen Gesch\u00e4ftsleiter ins neue Jahr gestartet: Erich Hausammann wird per sofort die Gesch\u00e4fte des Unternehmens \u00fcbernehmen.","og_url":"https:\/\/www.organisator.ch\/fr\/gestion-2\/2022-02-04\/schuetz-service-ag-mit-neuem-geschaeftsleiter\/","og_site_name":"Organisator","article_publisher":"https:\/\/www.facebook.com\/OrganisatorFachmagazin","article_published_time":"2022-02-04T06:38:06+00:00","author":"thomas.berner","twitter_card":"summary_large_image","twitter_title":"#Sch\u00fctz Service AG mit neuem #Gesch\u00e4ftsleiter","twitter_description":"#Sch\u00fctz Service AG ist mit einem neuen #Gesch\u00e4ftsleiter ins neue Jahr gestartet: Erich #Hausammann wird per sofort die Gesch\u00e4fte des Unternehmens \u00fcbernehmen.","schema":{"@context":"https:\/\/schema.org","@graph":[{"@type":"Article","@id":"https:\/\/www.organisator.ch\/management\/2022-02-04\/schuetz-service-ag-mit-neuem-geschaeftsleiter\/#article","isPartOf":{"@id":"https:\/\/www.organisator.ch\/management\/2022-02-04\/schuetz-service-ag-mit-neuem-geschaeftsleiter\/"},"author":{"name":"thomas.berner","@id":"https:\/\/www.organisator.ch\/#\/schema\/person\/6f650f90b2842cd4c0cc334b4e36f67e"},"headline":"Sch\u00fctz Service AG mit neuem Gesch\u00e4ftsleiter","datePublished":"2022-02-04T06:38:06+00:00","mainEntityOfPage":{"@id":"https:\/\/www.organisator.ch\/management\/2022-02-04\/schuetz-service-ag-mit-neuem-geschaeftsleiter\/"},"wordCount":368,"publisher":{"@id":"https:\/\/www.organisator.ch\/#organization"},"image":{"@id":"https:\/\/www.organisator.ch\/management\/2022-02-04\/schuetz-service-ag-mit-neuem-geschaeftsleiter\/#primaryimage"},"thumbnailUrl":"https:\/\/www.organisator.ch\/wp-content\/uploads\/2022\/02\/Schuetz-Service-AG-mit-neuem-Geschaeftsleiter_Organisator.jpg","keywords":["Firmennachfolge","Management und Unternehmensf\u00fchrung","Unternehmen"],"articleSection":["MANAGEMENT"],"inLanguage":"fr-FR"},{"@type":"WebPage","@id":"https:\/\/www.organisator.ch\/management\/2022-02-04\/schuetz-service-ag-mit-neuem-geschaeftsleiter\/","url":"https:\/\/www.organisator.ch\/management\/2022-02-04\/schuetz-service-ag-mit-neuem-geschaeftsleiter\/","name":"Sch\u00fctz Service AG a un nouveau directeur - Organisateur","isPartOf":{"@id":"https:\/\/www.organisator.ch\/#website"},"primaryImageOfPage":{"@id":"https:\/\/www.organisator.ch\/management\/2022-02-04\/schuetz-service-ag-mit-neuem-geschaeftsleiter\/#primaryimage"},"image":{"@id":"https:\/\/www.organisator.ch\/management\/2022-02-04\/schuetz-service-ag-mit-neuem-geschaeftsleiter\/#primaryimage"},"thumbnailUrl":"https:\/\/www.organisator.ch\/wp-content\/uploads\/2022\/02\/Schuetz-Service-AG-mit-neuem-Geschaeftsleiter_Organisator.jpg","datePublished":"2022-02-04T06:38:06+00:00","description":"Sch\u00fctz Service SA a commenc\u00e9 la nouvelle ann\u00e9e avec un nouveau directeur : Erich Hausammann reprend d\u00e8s \u00e0 pr\u00e9sent les affaires de l'entreprise.","breadcrumb":{"@id":"https:\/\/www.organisator.ch\/management\/2022-02-04\/schuetz-service-ag-mit-neuem-geschaeftsleiter\/#breadcrumb"},"inLanguage":"fr-FR","potentialAction":[{"@type":"ReadAction","target":["https:\/\/www.organisator.ch\/management\/2022-02-04\/schuetz-service-ag-mit-neuem-geschaeftsleiter\/"]}]},{"@type":"ImageObject","inLanguage":"fr-FR","@id":"https:\/\/www.organisator.ch\/management\/2022-02-04\/schuetz-service-ag-mit-neuem-geschaeftsleiter\/#primaryimage","url":"https:\/\/www.organisator.ch\/wp-content\/uploads\/2022\/02\/Schuetz-Service-AG-mit-neuem-Geschaeftsleiter_Organisator.jpg","contentUrl":"https:\/\/www.organisator.ch\/wp-content\/uploads\/2022\/02\/Schuetz-Service-AG-mit-neuem-Geschaeftsleiter_Organisator.jpg","width":680,"height":473,"caption":"Erich Hausammann \u00fcbernimmt per sofort die Gesch\u00e4ftsf\u00fchrung von Sch\u00fctz Services AG in Belp. (Bild: zVg)"},{"@type":"BreadcrumbList","@id":"https:\/\/www.organisator.ch\/management\/2022-02-04\/schuetz-service-ag-mit-neuem-geschaeftsleiter\/#breadcrumb","itemListElement":[{"@type":"ListItem","position":1,"name":"Home","item":"https:\/\/www.organisator.ch\/"},{"@type":"ListItem","position":2,"name":"Sch\u00fctz Service AG mit neuem Gesch\u00e4ftsleiter"}]},{"@type":"WebSite","@id":"https:\/\/www.organisator.ch\/#website","url":"https:\/\/www.organisator.ch\/","name":"Organisateur","description":"Comp\u00e9tence et comp\u00e9tence. Proches de la pratique. L'ORGANISATEUR pr\u00e9pare 10 num\u00e9ros par an sur les th\u00e8mes essentiels pour les dirigeants de PME.","publisher":{"@id":"https:\/\/www.organisator.ch\/#organization"},"potentialAction":[{"@type":"SearchAction","target":{"@type":"EntryPoint","urlTemplate":"https:\/\/www.organisator.ch\/?s={search_term_string}"},"query-input":{"@type":"PropertyValueSpecification","valueRequired":true,"valueName":"search_term_string"}}],"inLanguage":"fr-FR"},{"@type":"Organization","@id":"https:\/\/www.organisator.ch\/#organization","name":"Organisateur","url":"https:\/\/www.organisator.ch\/","logo":{"@type":"ImageObject","inLanguage":"fr-FR","@id":"https:\/\/www.organisator.ch\/#\/schema\/logo\/image\/","url":"https:\/\/www.organisator.ch\/wp-content\/uploads\/2022\/01\/Logo_Organisator_Website.png","contentUrl":"https:\/\/www.organisator.ch\/wp-content\/uploads\/2022\/01\/Logo_Organisator_Website.png","width":800,"height":77,"caption":"Organisator"},"image":{"@id":"https:\/\/www.organisator.ch\/#\/schema\/logo\/image\/"},"sameAs":["https:\/\/www.facebook.com\/OrganisatorFachmagazin","https:\/\/www.linkedin.com\/showcase\/organisator-das-magazin-fr-kmu","https:\/\/www.xing.com\/news\/pages\/organisator-ch-695","https:\/\/www.youtube.com\/channel\/UCGP2Sq0iWaZwT3BdIAQFYpw"]},{"@type":"Person","@id":"https:\/\/www.organisator.ch\/#\/schema\/person\/6f650f90b2842cd4c0cc334b4e36f67e","name":"thomas.berner","image":{"@type":"ImageObject","inLanguage":"fr-FR","@id":"https:\/\/secure.gravatar.com\/avatar\/ac5001d2a36cb6c6cd3e50789007ffca834b477b74a2144564522e944eabff61?s=96&d=mm&r=g","url":"https:\/\/secure.gravatar.com\/avatar\/ac5001d2a36cb6c6cd3e50789007ffca834b477b74a2144564522e944eabff61?s=96&d=mm&r=g","contentUrl":"https:\/\/secure.gravatar.com\/avatar\/ac5001d2a36cb6c6cd3e50789007ffca834b477b74a2144564522e944eabff61?s=96&d=mm&r=g","caption":"thomas.berner"},"url":"https:\/\/www.organisator.ch\/fr\/author\/thomas-berner\/"}]}},"_links":{"self":[{"href":"https:\/\/www.organisator.ch\/fr\/wp-json\/wp\/v2\/posts\/11845","targetHints":{"allow":["GET"]}}],"collection":[{"href":"https:\/\/www.organisator.ch\/fr\/wp-json\/wp\/v2\/posts"}],"about":[{"href":"https:\/\/www.organisator.ch\/fr\/wp-json\/wp\/v2\/types\/post"}],"author":[{"embeddable":true,"href":"https:\/\/www.organisator.ch\/fr\/wp-json\/wp\/v2\/users\/4"}],"replies":[{"embeddable":true,"href":"https:\/\/www.organisator.ch\/fr\/wp-json\/wp\/v2\/comments?post=11845"}],"version-history":[{"count":0,"href":"https:\/\/www.organisator.ch\/fr\/wp-json\/wp\/v2\/posts\/11845\/revisions"}],"wp:featuredmedia":[{"embeddable":true,"href":"https:\/\/www.organisator.ch\/fr\/wp-json\/wp\/v2\/media\/11660"}],"wp:attachment":[{"href":"https:\/\/www.organisator.ch\/fr\/wp-json\/wp\/v2\/media?parent=11845"}],"wp:term":[{"taxonomy":"category","embeddable":true,"href":"https:\/\/www.organisator.ch\/fr\/wp-json\/wp\/v2\/categories?post=11845"},{"taxonomy":"post_tag","embeddable":true,"href":"https:\/\/www.organisator.ch\/fr\/wp-json\/wp\/v2\/tags?post=11845"}],"curies":[{"name":"wp","href":"https:\/\/api.w.org\/{rel}","templated":true}]}}