{"id":11848,"date":"2022-02-09T08:15:08","date_gmt":"2022-02-09T07:15:08","guid":{"rendered":"https:\/\/www.organisator.ch\/?p=9248"},"modified":"2022-02-09T08:15:08","modified_gmt":"2022-02-09T07:15:08","slug":"online-shopping-aeltere-generation-sowie-auslaender-holen-auf","status":"publish","type":"post","link":"https:\/\/www.organisator.ch\/fr\/marketing\/2022-02-09\/online-shopping-aeltere-generation-sowie-auslaender-holen-auf\/","title":{"rendered":"Achats en ligne : la g\u00e9n\u00e9ration plus \u00e2g\u00e9e et les \u00e9trangers rattrapent leur retard"},"content":{"rendered":"<figure id=\"attachment_9249\" aria-describedby=\"caption-attachment-9249\" style=\"width: 680px\" class=\"wp-caption alignnone\"><a href=\"https:\/\/www.organisator.ch\/wp-content\/uploads\/2022\/02\/Online-Shopping-Aeltere-Generation-sowie-Auslaender-holen-auf-1_Organisator.jpg\"><img loading=\"lazy\" decoding=\"async\" class=\"size-medium wp-image-9249\" src=\"https:\/\/www.organisator.ch\/wp-content\/uploads\/2022\/02\/Online-Shopping-Aeltere-Generation-sowie-Auslaender-holen-auf-1_Organisator.jpg\" alt=\"\" width=\"680\" height=\"451\" \/><\/a><figcaption id=\"caption-attachment-9249\" class=\"wp-caption-text\">La pand\u00e9mie de Corona a donn\u00e9 un coup de pouce aux achats en ligne, surtout parmi la g\u00e9n\u00e9ration plus \u00e2g\u00e9e. (Image : Pixabay.com)<\/figcaption><\/figure>\n<p>La pand\u00e9mie de Corona a donn\u00e9 une forte impulsion aux achats en ligne : Selon Handelsverband.swiss, le commerce en ligne en Suisse devrait atteindre 15 milliards de francs en 2021. En 2020, le chiffre d'affaires des achats en ligne en Suisse s'\u00e9levait encore \u00e0 13,1 milliards de francs, comme l'avait alors relev\u00e9 l'institut d'\u00e9tudes de march\u00e9 GfK. En 2021, Digitec Galaxus a augment\u00e9 son chiffre d'affaires de 16% par rapport \u00e0 l'ann\u00e9e pr\u00e9c\u00e9dente, pour atteindre 2,1 milliards de francs.<\/p>\n<h2><strong>\"Forte demande de biens de consommation courante\"<\/strong><\/h2>\n<p>Les acheteurs en ligne ont \u00e9galement fortement \u00e9volu\u00e9 entre d\u00e9but 2019 et fin 2021. C'est ce que montre l'analyse du portail de comparaison en ligne Comparis en coop\u00e9ration avec l'agence de renseignements \u00e9conomiques CRIF. Ainsi, la structure d'\u00e2ge a \u00e9t\u00e9 secou\u00e9e par la pand\u00e9mie : La part des 55-65 ans dans les achats en ligne est pass\u00e9e de 14,1 avant la pand\u00e9mie \u00e0 15,1 % fin 2021. La part des retrait\u00e9s (65 ans et plus) achetant sur Internet est pass\u00e9e de 13,3 \u00e0 14,1 % sur la m\u00eame p\u00e9riode. Chez les plus jeunes, seuls les 30-40 ans ont progress\u00e9 de 0,9 point pour atteindre 21,3 %.<\/p>\n<p>En revanche, la part des achats en ligne a relativement baiss\u00e9 chez les jeunes adultes de 20 \u00e0 24 ans (-0,9 point de pourcentage). Cela signifie que les g\u00e9n\u00e9rations plus \u00e2g\u00e9es ont contribu\u00e9 de mani\u00e8re disproportionn\u00e9e \u00e0 la croissance du march\u00e9 pendant la pand\u00e9mie. La raison de ce d\u00e9calage r\u00e9side probablement dans la demande accrue de biens de consommation courante, comme l'explique Michael Kuhn de Comparis. C'est justement le vendeur en ligne Digitec Galaxus qui a enregistr\u00e9 la plus forte croissance de son chiffre d'affaires dans les secteurs supermarch\u00e9, Do it + jardin, habitat, b\u00e9b\u00e9 et jouets.<\/p>\n<figure id=\"attachment_9250\" aria-describedby=\"caption-attachment-9250\" style=\"width: 680px\" class=\"wp-caption alignnone\"><a href=\"https:\/\/www.organisator.ch\/wp-content\/uploads\/2022\/02\/Online-Shopping-Aeltere-Generation-sowie-Auslaender-holen-auf-2_Organisator.jpg\"><img loading=\"lazy\" decoding=\"async\" class=\"size-medium wp-image-9250\" src=\"https:\/\/www.organisator.ch\/wp-content\/uploads\/2022\/02\/Online-Shopping-Aeltere-Generation-sowie-Auslaender-holen-auf-2_Organisator.jpg\" alt=\"\" width=\"680\" height=\"464\" \/><\/a><figcaption id=\"caption-attachment-9250\" class=\"wp-caption-text\">Plus de personnes \u00e2g\u00e9es ont achet\u00e9 en ligne lors du premier lockdown en 2020. (Graphique : Comparis)<\/figcaption><\/figure>\n<h2><strong>Les Suisses allemands et les \u00e9trangers ont donn\u00e9 un coup de pouce<\/strong><\/h2>\n<p>La forte croissance des achats en ligne a \u00e9t\u00e9 essentiellement le fait d'\u00e9trangers et de personnes vivant en Suisse al\u00e9manique. La part des autres r\u00e9gions linguistiques et des personnes de nationalit\u00e9 suisse a diminu\u00e9 en cons\u00e9quence. Avant la pand\u00e9mie, les \u00e9trangers \u00e9taient nettement moins nombreux \u00e0 faire des achats en ligne que leur part dans la population totale (25%), \u00e0 savoir seulement 21%. Au cours du deuxi\u00e8me semestre 2021, cette proportion est pass\u00e9e \u00e0 23 pour cent. C'est surtout au cours du premier lockdown (du 16 mars au 26 avril 2020) que la part des personnes \u00e2g\u00e9es a augment\u00e9 dans les achats en ligne : 14,4 pour cent des acheteurs \u00e9taient des retrait\u00e9s pendant cette p\u00e9riode, celle de la tranche d'\u00e2ge 55-65 ans \u00e9tait de 14,9 pour cent, ce qui correspond \u00e0 une augmentation de 0,6 point de pourcentage par rapport au deuxi\u00e8me semestre 2019.<\/p>\n<p>La population suisse al\u00e9manique a fortement progress\u00e9 : fin 2021, sa part de tous les achats en ligne \u00e9tait d'environ 79%, soit nettement plus que sa part dans la population totale (74%).<\/p>\n<h2><strong>Les femmes responsables de l'explosion des achats en ligne\u00a0<\/strong><\/h2>\n<p>La part des femmes parmi les acheteurs en ligne \u00e9tait d\u00e9j\u00e0 nettement plus \u00e9lev\u00e9e que celle des hommes avant la pand\u00e9mie (55,1 % contre 44,5 %). Lors du boom des achats en ligne pendant le premier lockdown au printemps, elle a encore grimp\u00e9 \u00e0 56,1 pour cent. Les femmes sont donc nettement surrepr\u00e9sent\u00e9es parmi les personnes qui passent commande, puisque la part des femmes dans la population totale est de 50,4 pour cent selon l'Office f\u00e9d\u00e9ral de la statistique (OFS).<\/p>\n<p>\"En raison de la fermeture de tous les magasins non essentiels, de la peur de la contagion et, de mani\u00e8re g\u00e9n\u00e9rale, des restrictions de mobilit\u00e9, de nombreux biens de consommation courante, comme les produits alimentaires, ont \u00e9t\u00e9 achet\u00e9s sur Internet plut\u00f4t que dans les magasins. Ce sont majoritairement les femmes qui se sont charg\u00e9es de cette t\u00e2che\", explique \u00e0 ce sujet l'expert de Comparis Michael Kuhn.<\/p>\n<h2><strong>Deuxi\u00e8me lockdown : les \u00e9trangers en nette progression \u00a0<\/strong><\/h2>\n<p>Lors du deuxi\u00e8me lockdown (du 11 janvier au 1er mars 2021), ce sont \u00e0 nouveau les g\u00e9n\u00e9rations plus \u00e2g\u00e9es qui ont tir\u00e9 la croissance des achats en ligne. Toutefois, l'effet a \u00e9t\u00e9 moins important que lors du premier lockdown. La part des plus de 65 ans et des 55-60 ans a encore augment\u00e9 de 0,5 et 0,3 point de pourcentage respectivement. Le groupe des 20-24 ans a perdu proportionnellement 0,2 point de pourcentage.<\/p>\n<p>La progression des \u00e9trangers sur le march\u00e9 des achats en ligne a \u00e9t\u00e9 nettement plus marqu\u00e9e lors du deuxi\u00e8me lockdown que lors du premier. Leur part est pass\u00e9e de 22 \u00e0 23%. Les Suisses ont perdu 1,1 point de pourcentage, passant de 78 \u00e0 76,9%.<\/p>\n<h2><strong>Les retrait\u00e9s ont encore du potentiel dans les achats en ligne<\/strong><\/h2>\n<p>\"Comme de plus en plus de personnes \u00e2g\u00e9es et de personnes ayant un passeport \u00e9tranger font des achats en ligne, le foss\u00e9 entre la r\u00e9partition dans la population et les achats par clic de souris se referme\", observe Kuhn. Comme les personnes de plus de 65 ans sont de plus en plus nombreuses \u00e0 faire leurs achats \u00e0 l'\u00e9cran par rapport \u00e0 2019, leur part de 14,1 % est d\u00e9j\u00e0 nettement plus proche de leur potentiel de 18,8 % de la population totale.<\/p>\n<p>A l'autre extr\u00e9mit\u00e9 du spectre, on trouve les personnes \u00e2g\u00e9es de 40 \u00e0 55 ans. Fin 2021, ils \u00e9taient les plus surrepr\u00e9sent\u00e9s par rapport \u00e0 la pyramide des \u00e2ges en Suisse. Au deuxi\u00e8me semestre 2021, ils repr\u00e9sentaient 28,7 % de tous les acheteurs en ligne. Pourtant, ils ne repr\u00e9sentent que 21,4 % de la population.<\/p>\n<p><em>Source : <a href=\"http:\/\/www.comparis.ch\">Comparis<\/a><\/em><\/p>","protected":false},"excerpt":{"rendered":"<p>Die Corona-Pandemie hat dem Online-Shopping m\u00e4chtig Schub verliehen: Auf 15 Milliarden Franken d\u00fcrfte der Onlinehandel in der Schweiz 2021 gem\u00e4ss Handelsverband.swiss gewachsen sein. 2020 betrug der Onlineshopping-Umsatz der Schweiz noch 13,1 Milliarden Franken, wie damals das Marktforschungsinstitut GfK erhoben hat. Alleine Digitec Galaxus steigerte 2021 den Umsatz gegen\u00fcber dem Vorjahr um 16 Prozent auf 2,1 [&hellip;]<\/p>\n","protected":false},"author":4,"featured_media":11664,"comment_status":"closed","ping_status":"closed","sticky":false,"template":"","format":"standard","meta":{"_acf_changed":false,"_yoast_wpseo_focuskw":"Online-Shopping","_yoast_wpseo_metadesc":"Gem\u00e4ss einer Analyse von Comparis sind es vor allem \u00c4ltere und Menschen mit ausl\u00e4ndischem Pass, die beim Online-Shopping sich besonders aktiv zeigen.","articlekey":"","footnotes":""},"categories":[29],"tags":[163,312,339,367],"class_list":["post-11848","post","type-post","status-publish","format-standard","has-post-thumbnail","hentry","category-marketing","tag-e-commerce","tag-konsum","tag-marketing","tag-online-handel"],"acf":[],"yoast_head":"<!-- This site is optimized with the Yoast SEO plugin v27.5 - https:\/\/yoast.com\/product\/yoast-seo-wordpress\/ -->\n<title>Online-Shopping: \u00c4ltere Generation sowie Ausl\u00e4nder holen auf - Organisator<\/title>\n<meta name=\"description\" content=\"Gem\u00e4ss einer Analyse von Comparis sind es vor allem \u00c4ltere und Menschen mit ausl\u00e4ndischem Pass, die beim Online-Shopping sich besonders aktiv zeigen.\" \/>\n<meta name=\"robots\" content=\"index, follow, max-snippet:-1, max-image-preview:large, max-video-preview:-1\" \/>\n<link rel=\"canonical\" href=\"https:\/\/www.organisator.ch\/fr\/marketing\/2022-02-09\/online-shopping-aeltere-generation-sowie-auslaender-holen-auf\/\" \/>\n<meta property=\"og:locale\" content=\"fr_FR\" \/>\n<meta property=\"og:type\" content=\"article\" \/>\n<meta property=\"og:title\" content=\"Online-Shopping: \u00c4ltere Generation sowie Ausl\u00e4nder holen auf\" \/>\n<meta property=\"og:description\" content=\"Gem\u00e4ss einer Analyse von Comparis sind es vor allem \u00c4ltere und Menschen mit ausl\u00e4ndischem Pass, die beim Online-Shopping sich besonders aktiv zeigen.\" \/>\n<meta property=\"og:url\" content=\"https:\/\/www.organisator.ch\/fr\/marketing\/2022-02-09\/online-shopping-aeltere-generation-sowie-auslaender-holen-auf\/\" \/>\n<meta property=\"og:site_name\" content=\"Organisator\" \/>\n<meta property=\"article:publisher\" content=\"https:\/\/www.facebook.com\/OrganisatorFachmagazin\" \/>\n<meta property=\"article:published_time\" content=\"2022-02-09T07:15:08+00:00\" \/>\n<meta name=\"author\" content=\"thomas.berner\" \/>\n<meta name=\"twitter:card\" content=\"summary_large_image\" \/>\n<meta name=\"twitter:title\" content=\"#Online-Shopping: \u00c4ltere #Generation sowie Ausl\u00e4nder holen auf\" \/>\n<meta name=\"twitter:description\" content=\"Gem\u00e4ss einer Analyse von #Comparis sind es vor allem \u00c4ltere und Menschen mit ausl\u00e4ndischem Pass, die beim #Online-Shopping sich besonders aktiv zeigen.\" \/>\n<script type=\"application\/ld+json\" class=\"yoast-schema-graph\">{\"@context\":\"https:\\\/\\\/schema.org\",\"@graph\":[{\"@type\":\"Article\",\"@id\":\"https:\\\/\\\/www.organisator.ch\\\/marketing\\\/2022-02-09\\\/online-shopping-aeltere-generation-sowie-auslaender-holen-auf\\\/#article\",\"isPartOf\":{\"@id\":\"https:\\\/\\\/www.organisator.ch\\\/marketing\\\/2022-02-09\\\/online-shopping-aeltere-generation-sowie-auslaender-holen-auf\\\/\"},\"author\":{\"name\":\"thomas.berner\",\"@id\":\"https:\\\/\\\/www.organisator.ch\\\/#\\\/schema\\\/person\\\/6f650f90b2842cd4c0cc334b4e36f67e\"},\"headline\":\"Online-Shopping: \u00c4ltere Generation sowie Ausl\u00e4nder holen auf\",\"datePublished\":\"2022-02-09T07:15:08+00:00\",\"mainEntityOfPage\":{\"@id\":\"https:\\\/\\\/www.organisator.ch\\\/marketing\\\/2022-02-09\\\/online-shopping-aeltere-generation-sowie-auslaender-holen-auf\\\/\"},\"wordCount\":762,\"publisher\":{\"@id\":\"https:\\\/\\\/www.organisator.ch\\\/#organization\"},\"image\":{\"@id\":\"https:\\\/\\\/www.organisator.ch\\\/marketing\\\/2022-02-09\\\/online-shopping-aeltere-generation-sowie-auslaender-holen-auf\\\/#primaryimage\"},\"thumbnailUrl\":\"https:\\\/\\\/www.organisator.ch\\\/wp-content\\\/uploads\\\/2022\\\/02\\\/Online-Shopping-Aeltere-Generation-sowie-Auslaender-holen-auf-1_Organisator.jpg\",\"keywords\":[\"E-Commerce\",\"Konsum\",\"Marketing\",\"Online-Handel\"],\"articleSection\":[\"MARKETING\"],\"inLanguage\":\"fr-FR\"},{\"@type\":\"WebPage\",\"@id\":\"https:\\\/\\\/www.organisator.ch\\\/marketing\\\/2022-02-09\\\/online-shopping-aeltere-generation-sowie-auslaender-holen-auf\\\/\",\"url\":\"https:\\\/\\\/www.organisator.ch\\\/marketing\\\/2022-02-09\\\/online-shopping-aeltere-generation-sowie-auslaender-holen-auf\\\/\",\"name\":\"Online-Shopping: \u00c4ltere Generation sowie Ausl\u00e4nder holen auf - Organisator\",\"isPartOf\":{\"@id\":\"https:\\\/\\\/www.organisator.ch\\\/#website\"},\"primaryImageOfPage\":{\"@id\":\"https:\\\/\\\/www.organisator.ch\\\/marketing\\\/2022-02-09\\\/online-shopping-aeltere-generation-sowie-auslaender-holen-auf\\\/#primaryimage\"},\"image\":{\"@id\":\"https:\\\/\\\/www.organisator.ch\\\/marketing\\\/2022-02-09\\\/online-shopping-aeltere-generation-sowie-auslaender-holen-auf\\\/#primaryimage\"},\"thumbnailUrl\":\"https:\\\/\\\/www.organisator.ch\\\/wp-content\\\/uploads\\\/2022\\\/02\\\/Online-Shopping-Aeltere-Generation-sowie-Auslaender-holen-auf-1_Organisator.jpg\",\"datePublished\":\"2022-02-09T07:15:08+00:00\",\"description\":\"Gem\u00e4ss einer Analyse von Comparis sind es vor allem \u00c4ltere und Menschen mit ausl\u00e4ndischem Pass, die beim Online-Shopping sich besonders aktiv zeigen.\",\"breadcrumb\":{\"@id\":\"https:\\\/\\\/www.organisator.ch\\\/marketing\\\/2022-02-09\\\/online-shopping-aeltere-generation-sowie-auslaender-holen-auf\\\/#breadcrumb\"},\"inLanguage\":\"fr-FR\",\"potentialAction\":[{\"@type\":\"ReadAction\",\"target\":[\"https:\\\/\\\/www.organisator.ch\\\/marketing\\\/2022-02-09\\\/online-shopping-aeltere-generation-sowie-auslaender-holen-auf\\\/\"]}]},{\"@type\":\"ImageObject\",\"inLanguage\":\"fr-FR\",\"@id\":\"https:\\\/\\\/www.organisator.ch\\\/marketing\\\/2022-02-09\\\/online-shopping-aeltere-generation-sowie-auslaender-holen-auf\\\/#primaryimage\",\"url\":\"https:\\\/\\\/www.organisator.ch\\\/wp-content\\\/uploads\\\/2022\\\/02\\\/Online-Shopping-Aeltere-Generation-sowie-Auslaender-holen-auf-1_Organisator.jpg\",\"contentUrl\":\"https:\\\/\\\/www.organisator.ch\\\/wp-content\\\/uploads\\\/2022\\\/02\\\/Online-Shopping-Aeltere-Generation-sowie-Auslaender-holen-auf-1_Organisator.jpg\",\"width\":680,\"height\":451,\"caption\":\"Die Corona-Pandemie hat dem Online-Shopping mehr Schub verliehen, vor allem bei der \u00e4lteren Generation. (Bild: Pixabay.com)\"},{\"@type\":\"BreadcrumbList\",\"@id\":\"https:\\\/\\\/www.organisator.ch\\\/marketing\\\/2022-02-09\\\/online-shopping-aeltere-generation-sowie-auslaender-holen-auf\\\/#breadcrumb\",\"itemListElement\":[{\"@type\":\"ListItem\",\"position\":1,\"name\":\"Home\",\"item\":\"https:\\\/\\\/www.organisator.ch\\\/\"},{\"@type\":\"ListItem\",\"position\":2,\"name\":\"Online-Shopping: \u00c4ltere Generation sowie Ausl\u00e4nder holen auf\"}]},{\"@type\":\"WebSite\",\"@id\":\"https:\\\/\\\/www.organisator.ch\\\/#website\",\"url\":\"https:\\\/\\\/www.organisator.ch\\\/\",\"name\":\"Organisator\",\"description\":\"Kompetent. Praxisnah. Der ORGANISATOR bereitet in 10 Ausgaben pro Jahr die wesentlichen Themen f\u00fcr F\u00fchrungskr\u00e4fte von KMU auf.\",\"publisher\":{\"@id\":\"https:\\\/\\\/www.organisator.ch\\\/#organization\"},\"potentialAction\":[{\"@type\":\"SearchAction\",\"target\":{\"@type\":\"EntryPoint\",\"urlTemplate\":\"https:\\\/\\\/www.organisator.ch\\\/?s={search_term_string}\"},\"query-input\":{\"@type\":\"PropertyValueSpecification\",\"valueRequired\":true,\"valueName\":\"search_term_string\"}}],\"inLanguage\":\"fr-FR\"},{\"@type\":\"Organization\",\"@id\":\"https:\\\/\\\/www.organisator.ch\\\/#organization\",\"name\":\"Organisator\",\"url\":\"https:\\\/\\\/www.organisator.ch\\\/\",\"logo\":{\"@type\":\"ImageObject\",\"inLanguage\":\"fr-FR\",\"@id\":\"https:\\\/\\\/www.organisator.ch\\\/#\\\/schema\\\/logo\\\/image\\\/\",\"url\":\"https:\\\/\\\/www.organisator.ch\\\/wp-content\\\/uploads\\\/2022\\\/01\\\/Logo_Organisator_Website.png\",\"contentUrl\":\"https:\\\/\\\/www.organisator.ch\\\/wp-content\\\/uploads\\\/2022\\\/01\\\/Logo_Organisator_Website.png\",\"width\":800,\"height\":77,\"caption\":\"Organisator\"},\"image\":{\"@id\":\"https:\\\/\\\/www.organisator.ch\\\/#\\\/schema\\\/logo\\\/image\\\/\"},\"sameAs\":[\"https:\\\/\\\/www.facebook.com\\\/OrganisatorFachmagazin\",\"https:\\\/\\\/www.linkedin.com\\\/showcase\\\/organisator-das-magazin-fr-kmu\",\"https:\\\/\\\/www.xing.com\\\/news\\\/pages\\\/organisator-ch-695\",\"https:\\\/\\\/www.youtube.com\\\/channel\\\/UCGP2Sq0iWaZwT3BdIAQFYpw\"]},{\"@type\":\"Person\",\"@id\":\"https:\\\/\\\/www.organisator.ch\\\/#\\\/schema\\\/person\\\/6f650f90b2842cd4c0cc334b4e36f67e\",\"name\":\"thomas.berner\",\"image\":{\"@type\":\"ImageObject\",\"inLanguage\":\"fr-FR\",\"@id\":\"https:\\\/\\\/secure.gravatar.com\\\/avatar\\\/ac5001d2a36cb6c6cd3e50789007ffca834b477b74a2144564522e944eabff61?s=96&d=mm&r=g\",\"url\":\"https:\\\/\\\/secure.gravatar.com\\\/avatar\\\/ac5001d2a36cb6c6cd3e50789007ffca834b477b74a2144564522e944eabff61?s=96&d=mm&r=g\",\"contentUrl\":\"https:\\\/\\\/secure.gravatar.com\\\/avatar\\\/ac5001d2a36cb6c6cd3e50789007ffca834b477b74a2144564522e944eabff61?s=96&d=mm&r=g\",\"caption\":\"thomas.berner\"},\"url\":\"https:\\\/\\\/www.organisator.ch\\\/fr\\\/author\\\/thomas-berner\\\/\"}]}<\/script>\n<!-- \/ Yoast SEO plugin. -->","yoast_head_json":{"title":"Achats en ligne : la g\u00e9n\u00e9ration plus \u00e2g\u00e9e et les \u00e9trangers rattrapent leur retard - Organisateur","description":"Selon une analyse de Comparis, ce sont surtout les personnes \u00e2g\u00e9es et les personnes d'origine \u00e9trang\u00e8re qui se montrent particuli\u00e8rement actives en mati\u00e8re d'achats en ligne.","robots":{"index":"index","follow":"follow","max-snippet":"max-snippet:-1","max-image-preview":"max-image-preview:large","max-video-preview":"max-video-preview:-1"},"canonical":"https:\/\/www.organisator.ch\/fr\/marketing\/2022-02-09\/online-shopping-aeltere-generation-sowie-auslaender-holen-auf\/","og_locale":"fr_FR","og_type":"article","og_title":"Online-Shopping: \u00c4ltere Generation sowie Ausl\u00e4nder holen auf","og_description":"Gem\u00e4ss einer Analyse von Comparis sind es vor allem \u00c4ltere und Menschen mit ausl\u00e4ndischem Pass, die beim Online-Shopping sich besonders aktiv zeigen.","og_url":"https:\/\/www.organisator.ch\/fr\/marketing\/2022-02-09\/online-shopping-aeltere-generation-sowie-auslaender-holen-auf\/","og_site_name":"Organisator","article_publisher":"https:\/\/www.facebook.com\/OrganisatorFachmagazin","article_published_time":"2022-02-09T07:15:08+00:00","author":"thomas.berner","twitter_card":"summary_large_image","twitter_title":"#Online-Shopping: \u00c4ltere #Generation sowie Ausl\u00e4nder holen auf","twitter_description":"Gem\u00e4ss einer Analyse von #Comparis sind es vor allem \u00c4ltere und Menschen mit ausl\u00e4ndischem Pass, die beim #Online-Shopping sich besonders aktiv zeigen.","schema":{"@context":"https:\/\/schema.org","@graph":[{"@type":"Article","@id":"https:\/\/www.organisator.ch\/marketing\/2022-02-09\/online-shopping-aeltere-generation-sowie-auslaender-holen-auf\/#article","isPartOf":{"@id":"https:\/\/www.organisator.ch\/marketing\/2022-02-09\/online-shopping-aeltere-generation-sowie-auslaender-holen-auf\/"},"author":{"name":"thomas.berner","@id":"https:\/\/www.organisator.ch\/#\/schema\/person\/6f650f90b2842cd4c0cc334b4e36f67e"},"headline":"Online-Shopping: \u00c4ltere Generation sowie Ausl\u00e4nder holen auf","datePublished":"2022-02-09T07:15:08+00:00","mainEntityOfPage":{"@id":"https:\/\/www.organisator.ch\/marketing\/2022-02-09\/online-shopping-aeltere-generation-sowie-auslaender-holen-auf\/"},"wordCount":762,"publisher":{"@id":"https:\/\/www.organisator.ch\/#organization"},"image":{"@id":"https:\/\/www.organisator.ch\/marketing\/2022-02-09\/online-shopping-aeltere-generation-sowie-auslaender-holen-auf\/#primaryimage"},"thumbnailUrl":"https:\/\/www.organisator.ch\/wp-content\/uploads\/2022\/02\/Online-Shopping-Aeltere-Generation-sowie-Auslaender-holen-auf-1_Organisator.jpg","keywords":["E-Commerce","Konsum","Marketing","Online-Handel"],"articleSection":["MARKETING"],"inLanguage":"fr-FR"},{"@type":"WebPage","@id":"https:\/\/www.organisator.ch\/marketing\/2022-02-09\/online-shopping-aeltere-generation-sowie-auslaender-holen-auf\/","url":"https:\/\/www.organisator.ch\/marketing\/2022-02-09\/online-shopping-aeltere-generation-sowie-auslaender-holen-auf\/","name":"Achats en ligne : la g\u00e9n\u00e9ration plus \u00e2g\u00e9e et les \u00e9trangers rattrapent leur retard - Organisateur","isPartOf":{"@id":"https:\/\/www.organisator.ch\/#website"},"primaryImageOfPage":{"@id":"https:\/\/www.organisator.ch\/marketing\/2022-02-09\/online-shopping-aeltere-generation-sowie-auslaender-holen-auf\/#primaryimage"},"image":{"@id":"https:\/\/www.organisator.ch\/marketing\/2022-02-09\/online-shopping-aeltere-generation-sowie-auslaender-holen-auf\/#primaryimage"},"thumbnailUrl":"https:\/\/www.organisator.ch\/wp-content\/uploads\/2022\/02\/Online-Shopping-Aeltere-Generation-sowie-Auslaender-holen-auf-1_Organisator.jpg","datePublished":"2022-02-09T07:15:08+00:00","description":"Selon une analyse de Comparis, ce sont surtout les personnes \u00e2g\u00e9es et les personnes d'origine \u00e9trang\u00e8re qui se montrent particuli\u00e8rement actives en mati\u00e8re d'achats en ligne.","breadcrumb":{"@id":"https:\/\/www.organisator.ch\/marketing\/2022-02-09\/online-shopping-aeltere-generation-sowie-auslaender-holen-auf\/#breadcrumb"},"inLanguage":"fr-FR","potentialAction":[{"@type":"ReadAction","target":["https:\/\/www.organisator.ch\/marketing\/2022-02-09\/online-shopping-aeltere-generation-sowie-auslaender-holen-auf\/"]}]},{"@type":"ImageObject","inLanguage":"fr-FR","@id":"https:\/\/www.organisator.ch\/marketing\/2022-02-09\/online-shopping-aeltere-generation-sowie-auslaender-holen-auf\/#primaryimage","url":"https:\/\/www.organisator.ch\/wp-content\/uploads\/2022\/02\/Online-Shopping-Aeltere-Generation-sowie-Auslaender-holen-auf-1_Organisator.jpg","contentUrl":"https:\/\/www.organisator.ch\/wp-content\/uploads\/2022\/02\/Online-Shopping-Aeltere-Generation-sowie-Auslaender-holen-auf-1_Organisator.jpg","width":680,"height":451,"caption":"Die Corona-Pandemie hat dem Online-Shopping mehr Schub verliehen, vor allem bei der \u00e4lteren Generation. (Bild: Pixabay.com)"},{"@type":"BreadcrumbList","@id":"https:\/\/www.organisator.ch\/marketing\/2022-02-09\/online-shopping-aeltere-generation-sowie-auslaender-holen-auf\/#breadcrumb","itemListElement":[{"@type":"ListItem","position":1,"name":"Home","item":"https:\/\/www.organisator.ch\/"},{"@type":"ListItem","position":2,"name":"Online-Shopping: \u00c4ltere Generation sowie Ausl\u00e4nder holen auf"}]},{"@type":"WebSite","@id":"https:\/\/www.organisator.ch\/#website","url":"https:\/\/www.organisator.ch\/","name":"Organisateur","description":"Comp\u00e9tence et comp\u00e9tence. Proches de la pratique. L'ORGANISATEUR pr\u00e9pare 10 num\u00e9ros par an sur les th\u00e8mes essentiels pour les dirigeants de PME.","publisher":{"@id":"https:\/\/www.organisator.ch\/#organization"},"potentialAction":[{"@type":"SearchAction","target":{"@type":"EntryPoint","urlTemplate":"https:\/\/www.organisator.ch\/?s={search_term_string}"},"query-input":{"@type":"PropertyValueSpecification","valueRequired":true,"valueName":"search_term_string"}}],"inLanguage":"fr-FR"},{"@type":"Organization","@id":"https:\/\/www.organisator.ch\/#organization","name":"Organisateur","url":"https:\/\/www.organisator.ch\/","logo":{"@type":"ImageObject","inLanguage":"fr-FR","@id":"https:\/\/www.organisator.ch\/#\/schema\/logo\/image\/","url":"https:\/\/www.organisator.ch\/wp-content\/uploads\/2022\/01\/Logo_Organisator_Website.png","contentUrl":"https:\/\/www.organisator.ch\/wp-content\/uploads\/2022\/01\/Logo_Organisator_Website.png","width":800,"height":77,"caption":"Organisator"},"image":{"@id":"https:\/\/www.organisator.ch\/#\/schema\/logo\/image\/"},"sameAs":["https:\/\/www.facebook.com\/OrganisatorFachmagazin","https:\/\/www.linkedin.com\/showcase\/organisator-das-magazin-fr-kmu","https:\/\/www.xing.com\/news\/pages\/organisator-ch-695","https:\/\/www.youtube.com\/channel\/UCGP2Sq0iWaZwT3BdIAQFYpw"]},{"@type":"Person","@id":"https:\/\/www.organisator.ch\/#\/schema\/person\/6f650f90b2842cd4c0cc334b4e36f67e","name":"thomas.berner","image":{"@type":"ImageObject","inLanguage":"fr-FR","@id":"https:\/\/secure.gravatar.com\/avatar\/ac5001d2a36cb6c6cd3e50789007ffca834b477b74a2144564522e944eabff61?s=96&d=mm&r=g","url":"https:\/\/secure.gravatar.com\/avatar\/ac5001d2a36cb6c6cd3e50789007ffca834b477b74a2144564522e944eabff61?s=96&d=mm&r=g","contentUrl":"https:\/\/secure.gravatar.com\/avatar\/ac5001d2a36cb6c6cd3e50789007ffca834b477b74a2144564522e944eabff61?s=96&d=mm&r=g","caption":"thomas.berner"},"url":"https:\/\/www.organisator.ch\/fr\/author\/thomas-berner\/"}]}},"_links":{"self":[{"href":"https:\/\/www.organisator.ch\/fr\/wp-json\/wp\/v2\/posts\/11848","targetHints":{"allow":["GET"]}}],"collection":[{"href":"https:\/\/www.organisator.ch\/fr\/wp-json\/wp\/v2\/posts"}],"about":[{"href":"https:\/\/www.organisator.ch\/fr\/wp-json\/wp\/v2\/types\/post"}],"author":[{"embeddable":true,"href":"https:\/\/www.organisator.ch\/fr\/wp-json\/wp\/v2\/users\/4"}],"replies":[{"embeddable":true,"href":"https:\/\/www.organisator.ch\/fr\/wp-json\/wp\/v2\/comments?post=11848"}],"version-history":[{"count":0,"href":"https:\/\/www.organisator.ch\/fr\/wp-json\/wp\/v2\/posts\/11848\/revisions"}],"wp:featuredmedia":[{"embeddable":true,"href":"https:\/\/www.organisator.ch\/fr\/wp-json\/wp\/v2\/media\/11664"}],"wp:attachment":[{"href":"https:\/\/www.organisator.ch\/fr\/wp-json\/wp\/v2\/media?parent=11848"}],"wp:term":[{"taxonomy":"category","embeddable":true,"href":"https:\/\/www.organisator.ch\/fr\/wp-json\/wp\/v2\/categories?post=11848"},{"taxonomy":"post_tag","embeddable":true,"href":"https:\/\/www.organisator.ch\/fr\/wp-json\/wp\/v2\/tags?post=11848"}],"curies":[{"name":"wp","href":"https:\/\/api.w.org\/{rel}","templated":true}]}}