{"id":1186,"date":"2017-09-11T09:49:06","date_gmt":"2017-09-11T07:49:06","guid":{"rendered":"https:\/\/www.umweltperspektiven.ch\/?p=1186"},"modified":"2024-11-07T07:30:42","modified_gmt":"2024-11-07T06:30:42","slug":"strategie-zur-erhaltung-und-foerderung-der-biodiversitaet","status":"publish","type":"post","link":"https:\/\/www.organisator.ch\/fr\/allgemein\/2017-09-11\/strategie-zur-erhaltung-und-foerderung-der-biodiversitaet\/","title":{"rendered":"Strat\u00e9gie de conservation et de promotion de la biodiversit\u00e9"},"content":{"rendered":"<figure id=\"attachment_1187\" aria-describedby=\"caption-attachment-1187\" style=\"width: 680px\" class=\"wp-caption alignnone\"><img loading=\"lazy\" decoding=\"async\" class=\"wp-image-1187 size-medium\" src=\"https:\/\/www.organisator.ch\/wp-content\/uploads\/2017\/09\/Strategie-zur-Erhaltung-und-Foerderung-der-Biodiversitaet-up-umweltperspektiven-680x454.jpg\" alt=\"Plan d&#039;action biodiversit\u00e9\" width=\"680\" height=\"454\" srcset=\"https:\/\/www.organisator.ch\/wp-content\/uploads\/2017\/09\/Strategie-zur-Erhaltung-und-Foerderung-der-Biodiversitaet-up-umweltperspektiven-680x454.jpg 680w, https:\/\/www.organisator.ch\/wp-content\/uploads\/2017\/09\/Strategie-zur-Erhaltung-und-Foerderung-der-Biodiversitaet-up-umweltperspektiven-768x512.jpg 768w, https:\/\/www.organisator.ch\/wp-content\/uploads\/2017\/09\/Strategie-zur-Erhaltung-und-Foerderung-der-Biodiversitaet-up-umweltperspektiven-18x12.jpg 18w, https:\/\/www.organisator.ch\/wp-content\/uploads\/2017\/09\/Strategie-zur-Erhaltung-und-Foerderung-der-Biodiversitaet-up-umweltperspektiven-262x175.jpg 262w, https:\/\/www.organisator.ch\/wp-content\/uploads\/2017\/09\/Strategie-zur-Erhaltung-und-Foerderung-der-Biodiversitaet-up-umweltperspektiven-525x350.jpg 525w, https:\/\/www.organisator.ch\/wp-content\/uploads\/2017\/09\/Strategie-zur-Erhaltung-und-Foerderung-der-Biodiversitaet-up-umweltperspektiven-920x614.jpg 920w, https:\/\/www.organisator.ch\/wp-content\/uploads\/2017\/09\/Strategie-zur-Erhaltung-und-Foerderung-der-Biodiversitaet-up-umweltperspektiven-300x200.jpg 300w, https:\/\/www.organisator.ch\/wp-content\/uploads\/2017\/09\/Strategie-zur-Erhaltung-und-Foerderung-der-Biodiversitaet-up-umweltperspektiven.jpg 1000w\" sizes=\"auto, (max-width: 680px) 100vw, 680px\" \/><figcaption id=\"caption-attachment-1187\" class=\"wp-caption-text\">La Conf\u00e9d\u00e9ration suisse contribuera \u00e0 hauteur de 80 millions de francs par an \u00e0 la conservation et \u00e0 la promotion de la biodiversit\u00e9. (Image : Depositphotos)<\/figcaption><\/figure>\n<p>Le recul de la biodiversit\u00e9 est d\u00fb \u00e0 l'urbanisation, au morcellement des habitats par les infrastructures ou \u00e0 l'agriculture intensive. La biodiversit\u00e9 est pourtant essentielle \u00e0 la pr\u00e9servation de nos bases vitales telles que les denr\u00e9es alimentaires, l'eau potable ou l'air pur. De plus, la biodiversit\u00e9 est importante pour l'\u00e9conomie.<\/p>\n<p>Ainsi, les organismes les plus divers fournissent les bases de la fabrication de m\u00e9dicaments tels que les antibiotiques. La biodiversit\u00e9 fournit des contributions importantes aux bases vitales de l'\u00e9conomie et de la soci\u00e9t\u00e9. Mais elle ne cesse de diminuer. Lors de la r\u00e9union du Conseil f\u00e9d\u00e9ral du 6 septembre 2017, un plan d'action pour la biodiversit\u00e9 a \u00e9t\u00e9 mis en place. Il comprend 26 mesures.<\/p>\n<p><strong>La biodiversit\u00e9 menac\u00e9e <\/strong><\/p>\n<p>La diversit\u00e9 des animaux, des plantes et d'autres organismes, leurs habitats et leurs interactions - en bref, la biodiversit\u00e9 - est sous pression en Suisse. Le rapport \"Biodiversit\u00e9 en Suisse : \u00e9tat et \u00e9volution\" publi\u00e9 en juillet par l'Office f\u00e9d\u00e9ral de l'environnement (OFEV) le montre clairement : Pr\u00e8s de la moiti\u00e9 des habitats \u00e9tudi\u00e9s et plus d'un tiers des esp\u00e8ces animales et v\u00e9g\u00e9tales de notre pays sont menac\u00e9s.<\/p>\n<p>En adoptant le plan d'action biodiversit\u00e9, le Conseil f\u00e9d\u00e9ral donne un signal clair en faveur de la biodiversit\u00e9. La mise en \u0153uvre des mesures se fera par \u00e9tapes. La premi\u00e8re \u00e9tape de mise en \u0153uvre est pr\u00e9vue pour les ann\u00e9es 2017-2023.<\/p>\n<p><strong>26 mesures dans trois domaines<\/strong><\/p>\n<p>Le plan d'action biodiversit\u00e9 comprend 26 mesures qui s'orientent vers les objectifs de la Strat\u00e9gie Biodiversit\u00e9 Suisse. Elles peuvent \u00eatre r\u00e9parties en trois domaines :<\/p>\n<ol>\n<li><em><em>Mesures de promotion directe de la biodiversit\u00e9 : les habitats de grande valeur \u00e9cologique, comme les marais ou les prairies s\u00e8ches, sont prot\u00e9g\u00e9s.<\/em><\/em><em>et mieux mises en r\u00e9seau. En outre, les esp\u00e8ces menac\u00e9es, comme les amphibiens et les reptiles, pour la conservation desquelles la Suisse porte une responsabilit\u00e9 particuli\u00e8re (esp\u00e8ces prioritaires au niveau national), sont sp\u00e9cialement encourag\u00e9es.<\/em><\/li>\n<\/ol>\n<p>Le 18 mai 2016, le Conseil f\u00e9d\u00e9ral avait d\u00e9j\u00e0 d\u00e9cid\u00e9 d'assainir de mani\u00e8re particuli\u00e8rement urgente les biotopes d'importance nationale et de promouvoir la biodiversit\u00e9 dans les for\u00eats. Ces travaux se poursuivent et s'\u00e9tendent dans le sillage de la d\u00e9cision actuelle.<\/p>\n<ol start=\"2\">\n<li><em>Mesures de promotion indirecte de la biodiversit\u00e9 : la promotion de la biodiversit\u00e9 doit \u00eatre abord\u00e9e conjointement avec d'autres domaines. C'est pourquoi certaines mesures lient la politique de la biodiversit\u00e9 \u00e0 d'autres domaines politiques de la Conf\u00e9d\u00e9ration (p. ex. l'urbanisation, les infrastructures, les transports, l'agriculture, le d\u00e9veloppement \u00e9conomique). La biodiversit\u00e9 doit devenir un crit\u00e8re de d\u00e9cision plus fort, par exemple lors de l'utilisation durable du territoire ou de l'octroi de subventions.<\/em><\/li>\n<li><em>Mesures de transmission des connaissances et de sensibilisation : les mesures du plan d'action sensibilisent davantage l'\u00e9conomie et la soci\u00e9t\u00e9 aux aspects de la biodiversit\u00e9. Il contribue ainsi \u00e0 ce que la biodiversit\u00e9 soit mieux prise en compte dans tous les processus de d\u00e9cision. En effet, on ne conserve et on ne promeut que ce qui est connu et reconnu comme utile.<\/em><\/li>\n<\/ol>\n<p><strong>19 projets pilotes pour la biodiversit\u00e9<\/strong><\/p>\n<p>Dans le cadre du plan d'action, 19 projets pilotes seront mis en \u0153uvre dans des domaines de la protection de la nature o\u00f9 le besoin d'agir est particuli\u00e8rement important. Ils ont pour but de communiquer clairement les besoins et les avantages de la biodiversit\u00e9 et d'impliquer les personnes directement concern\u00e9es, les repr\u00e9sentants de l'\u00e9conomie et des communes dans l'\u00e9valuation et la mise en \u0153uvre des activit\u00e9s. Des projets pilotes sont par exemple pr\u00e9vus pour am\u00e9liorer la mise en r\u00e9seau des habitats s\u00e9par\u00e9s par des routes et des voies ferr\u00e9es.<\/p>\n<p><strong>Mise en \u0153uvre et financement<\/strong><\/p>\n<p>Le plan d'action est mis en \u0153uvre conjointement par la Conf\u00e9d\u00e9ration, les cantons et des tiers (communes, associations, recherche, \u00e9conomie, organisations environnementales, particuliers). En 2022, une analyse d'impact de la premi\u00e8re phase de mise en \u0153uvre montrera quelles autres \u00e9tapes seront n\u00e9cessaires pour pr\u00e9server et promouvoir la biodiversit\u00e9. Pour financer le plan d'action biodiversit\u00e9, la Conf\u00e9d\u00e9ration investira jusqu'\u00e0 80 millions de francs par an au cours de la p\u00e9riode 2017-2023.<\/p>\n<p>Le Conseil f\u00e9d\u00e9ral entend consacrer environ la moiti\u00e9 de ces fonds en plus des d\u00e9penses d\u00e9j\u00e0 existantes. De leur c\u00f4t\u00e9, les cantons mettront \u00e0 disposition des moyens suppl\u00e9mentaires pour la mise en \u0153uvre du plan d'action biodiversit\u00e9 dans le cadre des conventions-programmes dans le domaine de l'environnement.<\/p>\n<p><em>Vous trouverez le r\u00e9sum\u00e9 \"Strat\u00e9gie Biodiversit\u00e9 Suisse\" dans ce <a href=\"\/\/www.newsd.admin.ch\/newsd\/message\/attachments\/49620.pdf\">Lien <\/a><\/em><\/p>","protected":false},"excerpt":{"rendered":"<p>Zur\u00fcckzuf\u00fchren ist der R\u00fcckgang der Biodiversit\u00e4t auf die Zersiedelung, die Zerst\u00fcckelung der Lebensr\u00e4ume durch Infrastrukturen oder die intensive Landwirtschaft. Dabei ist die Biodiversit\u00e4t von zentraler Bedeutung f\u00fcr die Erhaltung unserer Lebensgrundlagen wie Nahrungsmittel, Trinkwasser oder saubere Luft. Zudem ist die Biodiversit\u00e4t wichtig f\u00fcr die Wirtschaft. So liefern verschiedenste Organismen die Grundlagen zur Herstellung von Medikamenten [&hellip;]<\/p>\n","protected":false},"author":5,"featured_media":1187,"comment_status":"closed","ping_status":"closed","sticky":false,"template":"","format":"standard","meta":{"_acf_changed":false,"_yoast_wpseo_focuskw":"Aktionsplan Biodiversit\u00e4t","_yoast_wpseo_metadesc":"Der Schweizer Aktionsplan Biodiversit\u00e4t umfasst 26 Ma\u00dfnahmen zur F\u00f6rderung und Sensibilisierung f\u00fcr Biodiversit\u00e4t.","articlekey":"","footnotes":""},"categories":[1],"tags":[829,203,424,458],"class_list":["post-1186","post","type-post","status-publish","format-standard","has-post-thumbnail","hentry","category-allgemein","tag-biodiversitaet","tag-finanzierung","tag-schweiz","tag-strategie"],"acf":[],"yoast_head":"<!-- This site is optimized with the Yoast SEO plugin v27.5 - https:\/\/yoast.com\/product\/yoast-seo-wordpress\/ -->\n<title>Strategie zur Erhaltung und F\u00f6rderung der Biodiversit\u00e4t - Organisator<\/title>\n<meta name=\"description\" content=\"Der Schweizer Aktionsplan Biodiversit\u00e4t umfasst 26 Ma\u00dfnahmen zur F\u00f6rderung und Sensibilisierung f\u00fcr Biodiversit\u00e4t.\" \/>\n<meta name=\"robots\" content=\"index, follow, max-snippet:-1, max-image-preview:large, max-video-preview:-1\" \/>\n<link rel=\"canonical\" href=\"https:\/\/www.organisator.ch\/fr\/general\/2017-09-11\/strategie-zur-erhaltung-und-foerderung-der-biodiversitaet\/\" \/>\n<meta property=\"og:locale\" content=\"fr_FR\" \/>\n<meta property=\"og:type\" content=\"article\" \/>\n<meta property=\"og:title\" content=\"Strategie zur Erhaltung und F\u00f6rderung der Biodiversit\u00e4t - Organisator\" \/>\n<meta property=\"og:description\" content=\"Der Schweizer Aktionsplan Biodiversit\u00e4t umfasst 26 Ma\u00dfnahmen zur F\u00f6rderung und Sensibilisierung f\u00fcr Biodiversit\u00e4t.\" \/>\n<meta property=\"og:url\" content=\"https:\/\/www.organisator.ch\/fr\/general\/2017-09-11\/strategie-zur-erhaltung-und-foerderung-der-biodiversitaet\/\" \/>\n<meta property=\"og:site_name\" content=\"Organisator\" \/>\n<meta property=\"article:publisher\" content=\"https:\/\/www.facebook.com\/OrganisatorFachmagazin\" \/>\n<meta property=\"article:published_time\" content=\"2017-09-11T07:49:06+00:00\" \/>\n<meta property=\"article:modified_time\" content=\"2024-11-07T06:30:42+00:00\" \/>\n<meta property=\"og:image\" content=\"https:\/\/www.organisator.ch\/wp-content\/uploads\/2017\/09\/Strategie-zur-Erhaltung-und-Foerderung-der-Biodiversitaet-up-umweltperspektiven.jpg\" \/>\n\t<meta property=\"og:image:width\" content=\"1000\" \/>\n\t<meta property=\"og:image:height\" content=\"667\" \/>\n\t<meta property=\"og:image:type\" content=\"image\/jpeg\" \/>\n<meta name=\"author\" content=\"michael.merz\" \/>\n<meta name=\"twitter:card\" content=\"summary_large_image\" \/>\n<script type=\"application\/ld+json\" class=\"yoast-schema-graph\">{\"@context\":\"https:\\\/\\\/schema.org\",\"@graph\":[{\"@type\":\"Article\",\"@id\":\"https:\\\/\\\/www.organisator.ch\\\/allgemein\\\/2017-09-11\\\/strategie-zur-erhaltung-und-foerderung-der-biodiversitaet\\\/#article\",\"isPartOf\":{\"@id\":\"https:\\\/\\\/www.organisator.ch\\\/allgemein\\\/2017-09-11\\\/strategie-zur-erhaltung-und-foerderung-der-biodiversitaet\\\/\"},\"author\":{\"name\":\"michael.merz\",\"@id\":\"https:\\\/\\\/www.organisator.ch\\\/#\\\/schema\\\/person\\\/134708ca9321c57b0362cceb7948ffbd\"},\"headline\":\"Strategie zur Erhaltung und F\u00f6rderung der Biodiversit\u00e4t\",\"datePublished\":\"2017-09-11T07:49:06+00:00\",\"dateModified\":\"2024-11-07T06:30:42+00:00\",\"mainEntityOfPage\":{\"@id\":\"https:\\\/\\\/www.organisator.ch\\\/allgemein\\\/2017-09-11\\\/strategie-zur-erhaltung-und-foerderung-der-biodiversitaet\\\/\"},\"wordCount\":660,\"publisher\":{\"@id\":\"https:\\\/\\\/www.organisator.ch\\\/#organization\"},\"image\":{\"@id\":\"https:\\\/\\\/www.organisator.ch\\\/allgemein\\\/2017-09-11\\\/strategie-zur-erhaltung-und-foerderung-der-biodiversitaet\\\/#primaryimage\"},\"thumbnailUrl\":\"https:\\\/\\\/www.organisator.ch\\\/wp-content\\\/uploads\\\/2017\\\/09\\\/Strategie-zur-Erhaltung-und-Foerderung-der-Biodiversitaet-up-umweltperspektiven.jpg\",\"keywords\":[\"Biodiversit\u00e4t\",\"Finanzierung\",\"Schweiz\",\"Strategie\"],\"articleSection\":[\"Allgemein\"],\"inLanguage\":\"fr-FR\"},{\"@type\":\"WebPage\",\"@id\":\"https:\\\/\\\/www.organisator.ch\\\/allgemein\\\/2017-09-11\\\/strategie-zur-erhaltung-und-foerderung-der-biodiversitaet\\\/\",\"url\":\"https:\\\/\\\/www.organisator.ch\\\/allgemein\\\/2017-09-11\\\/strategie-zur-erhaltung-und-foerderung-der-biodiversitaet\\\/\",\"name\":\"Strategie zur Erhaltung und F\u00f6rderung der Biodiversit\u00e4t - Organisator\",\"isPartOf\":{\"@id\":\"https:\\\/\\\/www.organisator.ch\\\/#website\"},\"primaryImageOfPage\":{\"@id\":\"https:\\\/\\\/www.organisator.ch\\\/allgemein\\\/2017-09-11\\\/strategie-zur-erhaltung-und-foerderung-der-biodiversitaet\\\/#primaryimage\"},\"image\":{\"@id\":\"https:\\\/\\\/www.organisator.ch\\\/allgemein\\\/2017-09-11\\\/strategie-zur-erhaltung-und-foerderung-der-biodiversitaet\\\/#primaryimage\"},\"thumbnailUrl\":\"https:\\\/\\\/www.organisator.ch\\\/wp-content\\\/uploads\\\/2017\\\/09\\\/Strategie-zur-Erhaltung-und-Foerderung-der-Biodiversitaet-up-umweltperspektiven.jpg\",\"datePublished\":\"2017-09-11T07:49:06+00:00\",\"dateModified\":\"2024-11-07T06:30:42+00:00\",\"description\":\"Der Schweizer Aktionsplan Biodiversit\u00e4t umfasst 26 Ma\u00dfnahmen zur F\u00f6rderung und Sensibilisierung f\u00fcr Biodiversit\u00e4t.\",\"breadcrumb\":{\"@id\":\"https:\\\/\\\/www.organisator.ch\\\/allgemein\\\/2017-09-11\\\/strategie-zur-erhaltung-und-foerderung-der-biodiversitaet\\\/#breadcrumb\"},\"inLanguage\":\"fr-FR\",\"potentialAction\":[{\"@type\":\"ReadAction\",\"target\":[\"https:\\\/\\\/www.organisator.ch\\\/allgemein\\\/2017-09-11\\\/strategie-zur-erhaltung-und-foerderung-der-biodiversitaet\\\/\"]}]},{\"@type\":\"ImageObject\",\"inLanguage\":\"fr-FR\",\"@id\":\"https:\\\/\\\/www.organisator.ch\\\/allgemein\\\/2017-09-11\\\/strategie-zur-erhaltung-und-foerderung-der-biodiversitaet\\\/#primaryimage\",\"url\":\"https:\\\/\\\/www.organisator.ch\\\/wp-content\\\/uploads\\\/2017\\\/09\\\/Strategie-zur-Erhaltung-und-Foerderung-der-Biodiversitaet-up-umweltperspektiven.jpg\",\"contentUrl\":\"https:\\\/\\\/www.organisator.ch\\\/wp-content\\\/uploads\\\/2017\\\/09\\\/Strategie-zur-Erhaltung-und-Foerderung-der-Biodiversitaet-up-umweltperspektiven.jpg\",\"width\":1000,\"height\":667,\"caption\":\"Der Schweizer Bunder wird J\u00e4hrlich bis zu 80 Millionen Franken zur Erhaltung und F\u00f6rderung der Biodiversit\u00e4t beitragen. (Bild: Depositphotos)\"},{\"@type\":\"BreadcrumbList\",\"@id\":\"https:\\\/\\\/www.organisator.ch\\\/allgemein\\\/2017-09-11\\\/strategie-zur-erhaltung-und-foerderung-der-biodiversitaet\\\/#breadcrumb\",\"itemListElement\":[{\"@type\":\"ListItem\",\"position\":1,\"name\":\"Home\",\"item\":\"https:\\\/\\\/www.organisator.ch\\\/\"},{\"@type\":\"ListItem\",\"position\":2,\"name\":\"Strategie zur Erhaltung und F\u00f6rderung der Biodiversit\u00e4t\"}]},{\"@type\":\"WebSite\",\"@id\":\"https:\\\/\\\/www.organisator.ch\\\/#website\",\"url\":\"https:\\\/\\\/www.organisator.ch\\\/\",\"name\":\"Organisator\",\"description\":\"Kompetent. Praxisnah. Der ORGANISATOR bereitet in 10 Ausgaben pro Jahr die wesentlichen Themen f\u00fcr F\u00fchrungskr\u00e4fte von KMU auf.\",\"publisher\":{\"@id\":\"https:\\\/\\\/www.organisator.ch\\\/#organization\"},\"potentialAction\":[{\"@type\":\"SearchAction\",\"target\":{\"@type\":\"EntryPoint\",\"urlTemplate\":\"https:\\\/\\\/www.organisator.ch\\\/?s={search_term_string}\"},\"query-input\":{\"@type\":\"PropertyValueSpecification\",\"valueRequired\":true,\"valueName\":\"search_term_string\"}}],\"inLanguage\":\"fr-FR\"},{\"@type\":\"Organization\",\"@id\":\"https:\\\/\\\/www.organisator.ch\\\/#organization\",\"name\":\"Organisator\",\"url\":\"https:\\\/\\\/www.organisator.ch\\\/\",\"logo\":{\"@type\":\"ImageObject\",\"inLanguage\":\"fr-FR\",\"@id\":\"https:\\\/\\\/www.organisator.ch\\\/#\\\/schema\\\/logo\\\/image\\\/\",\"url\":\"https:\\\/\\\/www.organisator.ch\\\/wp-content\\\/uploads\\\/2022\\\/01\\\/Logo_Organisator_Website.png\",\"contentUrl\":\"https:\\\/\\\/www.organisator.ch\\\/wp-content\\\/uploads\\\/2022\\\/01\\\/Logo_Organisator_Website.png\",\"width\":800,\"height\":77,\"caption\":\"Organisator\"},\"image\":{\"@id\":\"https:\\\/\\\/www.organisator.ch\\\/#\\\/schema\\\/logo\\\/image\\\/\"},\"sameAs\":[\"https:\\\/\\\/www.facebook.com\\\/OrganisatorFachmagazin\",\"https:\\\/\\\/www.linkedin.com\\\/showcase\\\/organisator-das-magazin-fr-kmu\",\"https:\\\/\\\/www.xing.com\\\/news\\\/pages\\\/organisator-ch-695\",\"https:\\\/\\\/www.youtube.com\\\/channel\\\/UCGP2Sq0iWaZwT3BdIAQFYpw\"]},{\"@type\":\"Person\",\"@id\":\"https:\\\/\\\/www.organisator.ch\\\/#\\\/schema\\\/person\\\/134708ca9321c57b0362cceb7948ffbd\",\"name\":\"michael.merz\",\"image\":{\"@type\":\"ImageObject\",\"inLanguage\":\"fr-FR\",\"@id\":\"https:\\\/\\\/secure.gravatar.com\\\/avatar\\\/?s=96&d=mm&r=g\",\"url\":\"https:\\\/\\\/secure.gravatar.com\\\/avatar\\\/?s=96&d=mm&r=g\",\"contentUrl\":\"https:\\\/\\\/secure.gravatar.com\\\/avatar\\\/?s=96&d=mm&r=g\",\"caption\":\"michael.merz\"},\"url\":\"https:\\\/\\\/www.organisator.ch\\\/fr\\\/author\\\/michael-merz\\\/\"}]}<\/script>\n<!-- \/ Yoast SEO plugin. -->","yoast_head_json":{"title":"Strat\u00e9gie de conservation et de promotion de la biodiversit\u00e9 - Organisateur","description":"Le plan d'action suisse pour la biodiversit\u00e9 comprend 26 mesures de promotion et de sensibilisation \u00e0 la biodiversit\u00e9.","robots":{"index":"index","follow":"follow","max-snippet":"max-snippet:-1","max-image-preview":"max-image-preview:large","max-video-preview":"max-video-preview:-1"},"canonical":"https:\/\/www.organisator.ch\/fr\/general\/2017-09-11\/strategie-zur-erhaltung-und-foerderung-der-biodiversitaet\/","og_locale":"fr_FR","og_type":"article","og_title":"Strategie zur Erhaltung und F\u00f6rderung der Biodiversit\u00e4t - Organisator","og_description":"Der Schweizer Aktionsplan Biodiversit\u00e4t umfasst 26 Ma\u00dfnahmen zur F\u00f6rderung und Sensibilisierung f\u00fcr Biodiversit\u00e4t.","og_url":"https:\/\/www.organisator.ch\/fr\/general\/2017-09-11\/strategie-zur-erhaltung-und-foerderung-der-biodiversitaet\/","og_site_name":"Organisator","article_publisher":"https:\/\/www.facebook.com\/OrganisatorFachmagazin","article_published_time":"2017-09-11T07:49:06+00:00","article_modified_time":"2024-11-07T06:30:42+00:00","og_image":[{"width":1000,"height":667,"url":"https:\/\/www.organisator.ch\/wp-content\/uploads\/2017\/09\/Strategie-zur-Erhaltung-und-Foerderung-der-Biodiversitaet-up-umweltperspektiven.jpg","type":"image\/jpeg"}],"author":"michael.merz","twitter_card":"summary_large_image","schema":{"@context":"https:\/\/schema.org","@graph":[{"@type":"Article","@id":"https:\/\/www.organisator.ch\/allgemein\/2017-09-11\/strategie-zur-erhaltung-und-foerderung-der-biodiversitaet\/#article","isPartOf":{"@id":"https:\/\/www.organisator.ch\/allgemein\/2017-09-11\/strategie-zur-erhaltung-und-foerderung-der-biodiversitaet\/"},"author":{"name":"michael.merz","@id":"https:\/\/www.organisator.ch\/#\/schema\/person\/134708ca9321c57b0362cceb7948ffbd"},"headline":"Strategie zur Erhaltung und F\u00f6rderung der Biodiversit\u00e4t","datePublished":"2017-09-11T07:49:06+00:00","dateModified":"2024-11-07T06:30:42+00:00","mainEntityOfPage":{"@id":"https:\/\/www.organisator.ch\/allgemein\/2017-09-11\/strategie-zur-erhaltung-und-foerderung-der-biodiversitaet\/"},"wordCount":660,"publisher":{"@id":"https:\/\/www.organisator.ch\/#organization"},"image":{"@id":"https:\/\/www.organisator.ch\/allgemein\/2017-09-11\/strategie-zur-erhaltung-und-foerderung-der-biodiversitaet\/#primaryimage"},"thumbnailUrl":"https:\/\/www.organisator.ch\/wp-content\/uploads\/2017\/09\/Strategie-zur-Erhaltung-und-Foerderung-der-Biodiversitaet-up-umweltperspektiven.jpg","keywords":["Biodiversit\u00e4t","Finanzierung","Schweiz","Strategie"],"articleSection":["Allgemein"],"inLanguage":"fr-FR"},{"@type":"WebPage","@id":"https:\/\/www.organisator.ch\/allgemein\/2017-09-11\/strategie-zur-erhaltung-und-foerderung-der-biodiversitaet\/","url":"https:\/\/www.organisator.ch\/allgemein\/2017-09-11\/strategie-zur-erhaltung-und-foerderung-der-biodiversitaet\/","name":"Strat\u00e9gie de conservation et de promotion de la biodiversit\u00e9 - Organisateur","isPartOf":{"@id":"https:\/\/www.organisator.ch\/#website"},"primaryImageOfPage":{"@id":"https:\/\/www.organisator.ch\/allgemein\/2017-09-11\/strategie-zur-erhaltung-und-foerderung-der-biodiversitaet\/#primaryimage"},"image":{"@id":"https:\/\/www.organisator.ch\/allgemein\/2017-09-11\/strategie-zur-erhaltung-und-foerderung-der-biodiversitaet\/#primaryimage"},"thumbnailUrl":"https:\/\/www.organisator.ch\/wp-content\/uploads\/2017\/09\/Strategie-zur-Erhaltung-und-Foerderung-der-Biodiversitaet-up-umweltperspektiven.jpg","datePublished":"2017-09-11T07:49:06+00:00","dateModified":"2024-11-07T06:30:42+00:00","description":"Le plan d'action suisse pour la biodiversit\u00e9 comprend 26 mesures de promotion et de sensibilisation \u00e0 la biodiversit\u00e9.","breadcrumb":{"@id":"https:\/\/www.organisator.ch\/allgemein\/2017-09-11\/strategie-zur-erhaltung-und-foerderung-der-biodiversitaet\/#breadcrumb"},"inLanguage":"fr-FR","potentialAction":[{"@type":"ReadAction","target":["https:\/\/www.organisator.ch\/allgemein\/2017-09-11\/strategie-zur-erhaltung-und-foerderung-der-biodiversitaet\/"]}]},{"@type":"ImageObject","inLanguage":"fr-FR","@id":"https:\/\/www.organisator.ch\/allgemein\/2017-09-11\/strategie-zur-erhaltung-und-foerderung-der-biodiversitaet\/#primaryimage","url":"https:\/\/www.organisator.ch\/wp-content\/uploads\/2017\/09\/Strategie-zur-Erhaltung-und-Foerderung-der-Biodiversitaet-up-umweltperspektiven.jpg","contentUrl":"https:\/\/www.organisator.ch\/wp-content\/uploads\/2017\/09\/Strategie-zur-Erhaltung-und-Foerderung-der-Biodiversitaet-up-umweltperspektiven.jpg","width":1000,"height":667,"caption":"Der Schweizer Bunder wird J\u00e4hrlich bis zu 80 Millionen Franken zur Erhaltung und F\u00f6rderung der Biodiversit\u00e4t beitragen. (Bild: Depositphotos)"},{"@type":"BreadcrumbList","@id":"https:\/\/www.organisator.ch\/allgemein\/2017-09-11\/strategie-zur-erhaltung-und-foerderung-der-biodiversitaet\/#breadcrumb","itemListElement":[{"@type":"ListItem","position":1,"name":"Home","item":"https:\/\/www.organisator.ch\/"},{"@type":"ListItem","position":2,"name":"Strategie zur Erhaltung und F\u00f6rderung der Biodiversit\u00e4t"}]},{"@type":"WebSite","@id":"https:\/\/www.organisator.ch\/#website","url":"https:\/\/www.organisator.ch\/","name":"Organisateur","description":"Comp\u00e9tence et comp\u00e9tence. Proches de la pratique. L'ORGANISATEUR pr\u00e9pare 10 num\u00e9ros par an sur les th\u00e8mes essentiels pour les dirigeants de PME.","publisher":{"@id":"https:\/\/www.organisator.ch\/#organization"},"potentialAction":[{"@type":"SearchAction","target":{"@type":"EntryPoint","urlTemplate":"https:\/\/www.organisator.ch\/?s={search_term_string}"},"query-input":{"@type":"PropertyValueSpecification","valueRequired":true,"valueName":"search_term_string"}}],"inLanguage":"fr-FR"},{"@type":"Organization","@id":"https:\/\/www.organisator.ch\/#organization","name":"Organisateur","url":"https:\/\/www.organisator.ch\/","logo":{"@type":"ImageObject","inLanguage":"fr-FR","@id":"https:\/\/www.organisator.ch\/#\/schema\/logo\/image\/","url":"https:\/\/www.organisator.ch\/wp-content\/uploads\/2022\/01\/Logo_Organisator_Website.png","contentUrl":"https:\/\/www.organisator.ch\/wp-content\/uploads\/2022\/01\/Logo_Organisator_Website.png","width":800,"height":77,"caption":"Organisator"},"image":{"@id":"https:\/\/www.organisator.ch\/#\/schema\/logo\/image\/"},"sameAs":["https:\/\/www.facebook.com\/OrganisatorFachmagazin","https:\/\/www.linkedin.com\/showcase\/organisator-das-magazin-fr-kmu","https:\/\/www.xing.com\/news\/pages\/organisator-ch-695","https:\/\/www.youtube.com\/channel\/UCGP2Sq0iWaZwT3BdIAQFYpw"]},{"@type":"Person","@id":"https:\/\/www.organisator.ch\/#\/schema\/person\/134708ca9321c57b0362cceb7948ffbd","name":"michael.merz","image":{"@type":"ImageObject","inLanguage":"fr-FR","@id":"https:\/\/secure.gravatar.com\/avatar\/?s=96&d=mm&r=g","url":"https:\/\/secure.gravatar.com\/avatar\/?s=96&d=mm&r=g","contentUrl":"https:\/\/secure.gravatar.com\/avatar\/?s=96&d=mm&r=g","caption":"michael.merz"},"url":"https:\/\/www.organisator.ch\/fr\/author\/michael-merz\/"}]}},"_links":{"self":[{"href":"https:\/\/www.organisator.ch\/fr\/wp-json\/wp\/v2\/posts\/1186","targetHints":{"allow":["GET"]}}],"collection":[{"href":"https:\/\/www.organisator.ch\/fr\/wp-json\/wp\/v2\/posts"}],"about":[{"href":"https:\/\/www.organisator.ch\/fr\/wp-json\/wp\/v2\/types\/post"}],"author":[{"embeddable":true,"href":"https:\/\/www.organisator.ch\/fr\/wp-json\/wp\/v2\/users\/5"}],"replies":[{"embeddable":true,"href":"https:\/\/www.organisator.ch\/fr\/wp-json\/wp\/v2\/comments?post=1186"}],"version-history":[{"count":1,"href":"https:\/\/www.organisator.ch\/fr\/wp-json\/wp\/v2\/posts\/1186\/revisions"}],"predecessor-version":[{"id":31652,"href":"https:\/\/www.organisator.ch\/fr\/wp-json\/wp\/v2\/posts\/1186\/revisions\/31652"}],"wp:featuredmedia":[{"embeddable":true,"href":"https:\/\/www.organisator.ch\/fr\/wp-json\/wp\/v2\/media\/1187"}],"wp:attachment":[{"href":"https:\/\/www.organisator.ch\/fr\/wp-json\/wp\/v2\/media?parent=1186"}],"wp:term":[{"taxonomy":"category","embeddable":true,"href":"https:\/\/www.organisator.ch\/fr\/wp-json\/wp\/v2\/categories?post=1186"},{"taxonomy":"post_tag","embeddable":true,"href":"https:\/\/www.organisator.ch\/fr\/wp-json\/wp\/v2\/tags?post=1186"}],"curies":[{"name":"wp","href":"https:\/\/api.w.org\/{rel}","templated":true}]}}