{"id":11883,"date":"2022-02-22T11:55:06","date_gmt":"2022-02-22T10:55:06","guid":{"rendered":"https:\/\/www.organisator.ch\/?p=11883"},"modified":"2022-02-22T11:55:06","modified_gmt":"2022-02-22T10:55:06","slug":"gutes-geschaeftsklima-bei-mem-kmu","status":"publish","type":"post","link":"https:\/\/www.organisator.ch\/fr\/management\/2022-02-22\/gutes-geschaeftsklima-bei-mem-kmu\/","title":{"rendered":"Bon climat des affaires chez les PME MEM"},"content":{"rendered":"<figure id=\"attachment_11884\" aria-describedby=\"caption-attachment-11884\" style=\"width: 680px\" class=\"wp-caption alignnone\"><img loading=\"lazy\" decoding=\"async\" class=\"size-full wp-image-11884\" src=\"https:\/\/www.organisator.ch\/wp-content\/uploads\/2022\/02\/Gutes-Geschaeftsklima-bei-MEM-KMU_Organisator.jpg\" alt=\"\" width=\"680\" height=\"411\" srcset=\"https:\/\/www.organisator.ch\/wp-content\/uploads\/2022\/02\/Gutes-Geschaeftsklima-bei-MEM-KMU_Organisator.jpg 680w, https:\/\/www.organisator.ch\/wp-content\/uploads\/2022\/02\/Gutes-Geschaeftsklima-bei-MEM-KMU_Organisator-18x12.jpg 18w, https:\/\/www.organisator.ch\/wp-content\/uploads\/2022\/02\/Gutes-Geschaeftsklima-bei-MEM-KMU_Organisator-290x175.jpg 290w, https:\/\/www.organisator.ch\/wp-content\/uploads\/2022\/02\/Gutes-Geschaeftsklima-bei-MEM-KMU_Organisator-579x350.jpg 579w, https:\/\/www.organisator.ch\/wp-content\/uploads\/2022\/02\/Gutes-Geschaeftsklima-bei-MEM-KMU_Organisator-300x181.jpg 300w\" sizes=\"auto, (max-width: 680px) 100vw, 680px\" \/><figcaption id=\"caption-attachment-11884\" class=\"wp-caption-text\">Les PME de la branche MEM annoncent un bon climat des affaires. Combien de temps ce climat positif va-t-il encore durer ? (Graphique : Swissmechanic)<\/figcaption><\/figure>\n<p>Les PME de la branche MEM annoncent un bon climat des affaires. Le rythme \u00e9lev\u00e9 des entr\u00e9es de commandes et des chiffres d'affaires s'est poursuivi pour les entreprises au quatri\u00e8me trimestre 2021, annonce l'association professionnelle Swissmechanic apr\u00e8s la derni\u00e8re enqu\u00eate trimestrielle. Environ deux tiers des entreprises interrog\u00e9es ont enregistr\u00e9 des entr\u00e9es de commandes plus \u00e9lev\u00e9es qu'au m\u00eame trimestre de l'ann\u00e9e pr\u00e9c\u00e9dente, 69% ont pu augmenter leur chiffre d'affaires et la moiti\u00e9 des entreprises ont r\u00e9alis\u00e9 de meilleures marges.<\/p>\n<p>Les chiffres des exportations confirment cette tendance positive, m\u00eame si les pics du semestre d'\u00e9t\u00e9 2021 n'ont pas \u00e9t\u00e9 atteints. Le taux d'utilisation des capacit\u00e9s est \u00e9lev\u00e9 et se situe, avec 94 pour cent, au-dessus de la valeur d'avant la crise de Corona. Apr\u00e8s une longue p\u00e9riode de vaches maigres, la reprise a \u00e9galement atteint le march\u00e9 du travail ; la tendance \u00e0 l'augmentation des effectifs se poursuit selon l'enqu\u00eate de d\u00e9but d'ann\u00e9e.<\/p>\n<h2>Le climat des affaires devrait rester bon en 2022<\/h2>\n<p>En janvier 2022, l'indice du climat des affaires de Swissmechanic \u00e9tait positif pour la troisi\u00e8me fois cons\u00e9cutive et a atteint un nouveau record. \"Environ 80% des PME interrog\u00e9es ont jug\u00e9 le climat des affaires positif. Les carnets de commandes sont \u00e9galement rest\u00e9s \u00e0 un niveau \u00e9lev\u00e9\", explique J\u00fcrg Marti, directeur de Swissmechanic Suisse.<\/p>\n<p>Selon l'estimation de Swissmechanic, les cha\u00eenes d'approvisionnement tendues restent un frein \u00e0 la dynamique et figurent en t\u00eate de liste des plus grands d\u00e9fis pour 62% des entreprises. Selon l'\u00e9volution de la pand\u00e9mie, le probl\u00e8me pourrait m\u00eame s'aggraver temporairement en raison de la politique z\u00e9ro-covid de la Chine. Outre la probl\u00e9matique de la cha\u00eene d'approvisionnement, le manque de main-d'\u0153uvre et l'\u00e9volution des taux de change causeraient de plus en plus de maux de t\u00eate aux PME.<\/p>\n<h2>Pour un approvisionnement \u00e9nerg\u00e9tique s\u00fbr et climatiquement neutre de la Suisse<\/h2>\n<p>Malgr\u00e9 les probl\u00e8mes de la cha\u00eene d'approvisionnement, la p\u00e9nurie de main-d'\u0153uvre qualifi\u00e9e et la force du franc suisse, le secteur MEM est confiant en l'avenir. Mais pour combien de temps encore ? Du point de vue de Swissmechanic Suisse, la p\u00e9nurie d'\u00e9lectricit\u00e9 qui se profile met en p\u00e9ril la s\u00e9curit\u00e9 d'approvisionnement en Suisse. Or, un approvisionnement en \u00e9lectricit\u00e9 fiable et adapt\u00e9 aux besoins, en toute saison et \u00e0 des prix comp\u00e9titifs, est un facteur de comp\u00e9titivit\u00e9 central pour la place industrielle suisse. L'association professionnelle craint que la forte hausse des prix de l'\u00e9lectricit\u00e9 qui se profile d\u00e9j\u00e0 ne p\u00e8se sur l'ensemble de la cha\u00eene de production et d'approvisionnement et ne fasse grimper l'inflation.<\/p>\n<p>Il serait donc faux de se baser sur le courant import\u00e9 : \"Nous avons besoin de capacit\u00e9s de production en Suisse. Mais les centrales \u00e0 gaz ne sont pas compatibles avec la protection du climat ; nous avons besoin d'alternatives\", \u00e9crit Swissmechanic dans son communiqu\u00e9 de presse. C'est pourquoi l'association demande une politique \u00e9nerg\u00e9tique ouverte \u00e0 la technologie, qui ne se ferme pas non plus au nucl\u00e9aire et cr\u00e9e les conditions pour autoriser les centrales nucl\u00e9aires de nouvelle g\u00e9n\u00e9ration.<\/p>\n<p>Dans toute la discussion sur le climat et l'\u00e9nergie, l'industrie MEM est une partie importante de la solution, poursuit le communiqu\u00e9. Pour assumer ce r\u00f4le cl\u00e9, elle a besoin d'un environnement politico-\u00e9conomique favorable \u00e0 la recherche, au d\u00e9veloppement et \u00e0 l'innovation. C'est pourquoi Swissmechanic s'engage en faveur de la suppression des barri\u00e8res r\u00e9glementaires et bureaucratiques et de conditions-cadres attrayantes pour la place industrielle suisse.<\/p>\n<p><em>Source : <a href=\"http:\/\/www.swissmechanic.ch\">Swissmechanic<\/a><\/em><\/p>","protected":false},"excerpt":{"rendered":"<p>Die KMU der MEM-Branche vermelden ein gutes Gesch\u00e4ftsklima. Das hohe Tempo bei den Auftragseing\u00e4ngen und Ums\u00e4tzen habe sich bei den Unternehmen im vierten Quartal 2021 fortgesetzt, teilt der Branchenverband Swissmechanic nach der j\u00fcngsten Quartalsbefragung mit. Rund zwei Drittel der befragten Unternehmen verzeichneten im Vergleich zum Vorjahresquartal h\u00f6here Auftragseing\u00e4nge, 69 Prozent konnten ihre Ums\u00e4tze steigern, und [&hellip;]<\/p>\n","protected":false},"author":4,"featured_media":11884,"comment_status":"closed","ping_status":"closed","sticky":false,"template":"","format":"standard","meta":{"_acf_changed":false,"_yoast_wpseo_focuskw":"Gutes Gesch\u00e4ftsklima","_yoast_wpseo_metadesc":"Gutes Gesch\u00e4ftsklima dauert an: Die konjunkturellen Jahresaussichten werden von den KMU der MEM-Branche insgesamt gut beurteilt.","articlekey":"","footnotes":""},"categories":[28],"tags":[2711,2712,503],"class_list":["post-11883","post","type-post","status-publish","format-standard","has-post-thumbnail","hentry","category-management","tag-konjunkturdaten","tag-mem-branche","tag-verbaende"],"acf":[],"yoast_head":"<!-- This site is optimized with the Yoast SEO plugin v27.5 - https:\/\/yoast.com\/product\/yoast-seo-wordpress\/ -->\n<title>Gutes Gesch\u00e4ftsklima bei MEM-KMU - Organisator<\/title>\n<meta name=\"description\" content=\"Gutes Gesch\u00e4ftsklima dauert an: Die konjunkturellen Jahresaussichten werden von den KMU der MEM-Branche insgesamt gut beurteilt.\" \/>\n<meta name=\"robots\" content=\"index, follow, max-snippet:-1, max-image-preview:large, max-video-preview:-1\" \/>\n<link rel=\"canonical\" href=\"https:\/\/www.organisator.ch\/fr\/gestion-2\/2022-02-22\/gutes-geschaeftsklima-bei-mem-kmu\/\" \/>\n<meta property=\"og:locale\" content=\"fr_FR\" \/>\n<meta property=\"og:type\" content=\"article\" \/>\n<meta property=\"og:title\" content=\"Gutes Gesch\u00e4ftsklima bei MEM-KMU\" \/>\n<meta property=\"og:description\" content=\"Gutes Gesch\u00e4ftsklima dauert an: Die konjunkturellen Jahresaussichten werden von den KMU der MEM-Branche insgesamt gut beurteilt.\" \/>\n<meta property=\"og:url\" content=\"https:\/\/www.organisator.ch\/fr\/gestion-2\/2022-02-22\/gutes-geschaeftsklima-bei-mem-kmu\/\" \/>\n<meta property=\"og:site_name\" content=\"Organisator\" \/>\n<meta property=\"article:publisher\" content=\"https:\/\/www.facebook.com\/OrganisatorFachmagazin\" \/>\n<meta property=\"article:published_time\" content=\"2022-02-22T10:55:06+00:00\" \/>\n<meta property=\"og:image\" content=\"https:\/\/www.organisator.ch\/wp-content\/uploads\/2022\/02\/Gutes-Geschaeftsklima-bei-MEM-KMU_Organisator.jpg\" \/>\n\t<meta property=\"og:image:width\" content=\"680\" \/>\n\t<meta property=\"og:image:height\" content=\"411\" \/>\n\t<meta property=\"og:image:type\" content=\"image\/jpeg\" \/>\n<meta name=\"author\" content=\"thomas.berner\" \/>\n<meta name=\"twitter:card\" content=\"summary_large_image\" \/>\n<meta name=\"twitter:title\" content=\"Gutes #Gesch\u00e4ftsklima bei #MEM-KMU\" \/>\n<meta name=\"twitter:description\" content=\"Gutes #Gesch\u00e4ftsklima dauert an: Die konjunkturellen #Jahresaussichten werden von den KMU der #MEM-Branche insgesamt gut beurteilt.\" \/>\n<meta name=\"twitter:image\" content=\"https:\/\/www.organisator.ch\/wp-content\/uploads\/2022\/02\/Gutes-Geschaeftsklima-bei-MEM-KMU_Organisator.jpg\" \/>\n<script type=\"application\/ld+json\" class=\"yoast-schema-graph\">{\"@context\":\"https:\\\/\\\/schema.org\",\"@graph\":[{\"@type\":\"Article\",\"@id\":\"https:\\\/\\\/www.organisator.ch\\\/management\\\/2022-02-22\\\/gutes-geschaeftsklima-bei-mem-kmu\\\/#article\",\"isPartOf\":{\"@id\":\"https:\\\/\\\/www.organisator.ch\\\/management\\\/2022-02-22\\\/gutes-geschaeftsklima-bei-mem-kmu\\\/\"},\"author\":{\"name\":\"thomas.berner\",\"@id\":\"https:\\\/\\\/www.organisator.ch\\\/#\\\/schema\\\/person\\\/6f650f90b2842cd4c0cc334b4e36f67e\"},\"headline\":\"Gutes Gesch\u00e4ftsklima bei MEM-KMU\",\"datePublished\":\"2022-02-22T10:55:06+00:00\",\"mainEntityOfPage\":{\"@id\":\"https:\\\/\\\/www.organisator.ch\\\/management\\\/2022-02-22\\\/gutes-geschaeftsklima-bei-mem-kmu\\\/\"},\"wordCount\":505,\"publisher\":{\"@id\":\"https:\\\/\\\/www.organisator.ch\\\/#organization\"},\"image\":{\"@id\":\"https:\\\/\\\/www.organisator.ch\\\/management\\\/2022-02-22\\\/gutes-geschaeftsklima-bei-mem-kmu\\\/#primaryimage\"},\"thumbnailUrl\":\"https:\\\/\\\/www.organisator.ch\\\/wp-content\\\/uploads\\\/2022\\\/02\\\/Gutes-Geschaeftsklima-bei-MEM-KMU_Organisator.jpg\",\"keywords\":[\"Konjunkturdaten\",\"MEM-Branche\",\"Verb\u00e4nde\"],\"articleSection\":[\"MANAGEMENT\"],\"inLanguage\":\"fr-FR\"},{\"@type\":\"WebPage\",\"@id\":\"https:\\\/\\\/www.organisator.ch\\\/management\\\/2022-02-22\\\/gutes-geschaeftsklima-bei-mem-kmu\\\/\",\"url\":\"https:\\\/\\\/www.organisator.ch\\\/management\\\/2022-02-22\\\/gutes-geschaeftsklima-bei-mem-kmu\\\/\",\"name\":\"Gutes Gesch\u00e4ftsklima bei MEM-KMU - Organisator\",\"isPartOf\":{\"@id\":\"https:\\\/\\\/www.organisator.ch\\\/#website\"},\"primaryImageOfPage\":{\"@id\":\"https:\\\/\\\/www.organisator.ch\\\/management\\\/2022-02-22\\\/gutes-geschaeftsklima-bei-mem-kmu\\\/#primaryimage\"},\"image\":{\"@id\":\"https:\\\/\\\/www.organisator.ch\\\/management\\\/2022-02-22\\\/gutes-geschaeftsklima-bei-mem-kmu\\\/#primaryimage\"},\"thumbnailUrl\":\"https:\\\/\\\/www.organisator.ch\\\/wp-content\\\/uploads\\\/2022\\\/02\\\/Gutes-Geschaeftsklima-bei-MEM-KMU_Organisator.jpg\",\"datePublished\":\"2022-02-22T10:55:06+00:00\",\"description\":\"Gutes Gesch\u00e4ftsklima dauert an: Die konjunkturellen Jahresaussichten werden von den KMU der MEM-Branche insgesamt gut beurteilt.\",\"breadcrumb\":{\"@id\":\"https:\\\/\\\/www.organisator.ch\\\/management\\\/2022-02-22\\\/gutes-geschaeftsklima-bei-mem-kmu\\\/#breadcrumb\"},\"inLanguage\":\"fr-FR\",\"potentialAction\":[{\"@type\":\"ReadAction\",\"target\":[\"https:\\\/\\\/www.organisator.ch\\\/management\\\/2022-02-22\\\/gutes-geschaeftsklima-bei-mem-kmu\\\/\"]}]},{\"@type\":\"ImageObject\",\"inLanguage\":\"fr-FR\",\"@id\":\"https:\\\/\\\/www.organisator.ch\\\/management\\\/2022-02-22\\\/gutes-geschaeftsklima-bei-mem-kmu\\\/#primaryimage\",\"url\":\"https:\\\/\\\/www.organisator.ch\\\/wp-content\\\/uploads\\\/2022\\\/02\\\/Gutes-Geschaeftsklima-bei-MEM-KMU_Organisator.jpg\",\"contentUrl\":\"https:\\\/\\\/www.organisator.ch\\\/wp-content\\\/uploads\\\/2022\\\/02\\\/Gutes-Geschaeftsklima-bei-MEM-KMU_Organisator.jpg\",\"width\":680,\"height\":411,\"caption\":\"Die KMU der MEM-Branche vermelden ein gutes Gesch\u00e4ftsklima. Wie lange wird die positive Stimmung noch anhalten? (Grafik: Swissmechanic)\"},{\"@type\":\"BreadcrumbList\",\"@id\":\"https:\\\/\\\/www.organisator.ch\\\/management\\\/2022-02-22\\\/gutes-geschaeftsklima-bei-mem-kmu\\\/#breadcrumb\",\"itemListElement\":[{\"@type\":\"ListItem\",\"position\":1,\"name\":\"Home\",\"item\":\"https:\\\/\\\/www.organisator.ch\\\/\"},{\"@type\":\"ListItem\",\"position\":2,\"name\":\"Gutes Gesch\u00e4ftsklima bei MEM-KMU\"}]},{\"@type\":\"WebSite\",\"@id\":\"https:\\\/\\\/www.organisator.ch\\\/#website\",\"url\":\"https:\\\/\\\/www.organisator.ch\\\/\",\"name\":\"Organisator\",\"description\":\"Kompetent. Praxisnah. Der ORGANISATOR bereitet in 10 Ausgaben pro Jahr die wesentlichen Themen f\u00fcr F\u00fchrungskr\u00e4fte von KMU auf.\",\"publisher\":{\"@id\":\"https:\\\/\\\/www.organisator.ch\\\/#organization\"},\"potentialAction\":[{\"@type\":\"SearchAction\",\"target\":{\"@type\":\"EntryPoint\",\"urlTemplate\":\"https:\\\/\\\/www.organisator.ch\\\/?s={search_term_string}\"},\"query-input\":{\"@type\":\"PropertyValueSpecification\",\"valueRequired\":true,\"valueName\":\"search_term_string\"}}],\"inLanguage\":\"fr-FR\"},{\"@type\":\"Organization\",\"@id\":\"https:\\\/\\\/www.organisator.ch\\\/#organization\",\"name\":\"Organisator\",\"url\":\"https:\\\/\\\/www.organisator.ch\\\/\",\"logo\":{\"@type\":\"ImageObject\",\"inLanguage\":\"fr-FR\",\"@id\":\"https:\\\/\\\/www.organisator.ch\\\/#\\\/schema\\\/logo\\\/image\\\/\",\"url\":\"https:\\\/\\\/www.organisator.ch\\\/wp-content\\\/uploads\\\/2022\\\/01\\\/Logo_Organisator_Website.png\",\"contentUrl\":\"https:\\\/\\\/www.organisator.ch\\\/wp-content\\\/uploads\\\/2022\\\/01\\\/Logo_Organisator_Website.png\",\"width\":800,\"height\":77,\"caption\":\"Organisator\"},\"image\":{\"@id\":\"https:\\\/\\\/www.organisator.ch\\\/#\\\/schema\\\/logo\\\/image\\\/\"},\"sameAs\":[\"https:\\\/\\\/www.facebook.com\\\/OrganisatorFachmagazin\",\"https:\\\/\\\/www.linkedin.com\\\/showcase\\\/organisator-das-magazin-fr-kmu\",\"https:\\\/\\\/www.xing.com\\\/news\\\/pages\\\/organisator-ch-695\",\"https:\\\/\\\/www.youtube.com\\\/channel\\\/UCGP2Sq0iWaZwT3BdIAQFYpw\"]},{\"@type\":\"Person\",\"@id\":\"https:\\\/\\\/www.organisator.ch\\\/#\\\/schema\\\/person\\\/6f650f90b2842cd4c0cc334b4e36f67e\",\"name\":\"thomas.berner\",\"image\":{\"@type\":\"ImageObject\",\"inLanguage\":\"fr-FR\",\"@id\":\"https:\\\/\\\/secure.gravatar.com\\\/avatar\\\/ac5001d2a36cb6c6cd3e50789007ffca834b477b74a2144564522e944eabff61?s=96&d=mm&r=g\",\"url\":\"https:\\\/\\\/secure.gravatar.com\\\/avatar\\\/ac5001d2a36cb6c6cd3e50789007ffca834b477b74a2144564522e944eabff61?s=96&d=mm&r=g\",\"contentUrl\":\"https:\\\/\\\/secure.gravatar.com\\\/avatar\\\/ac5001d2a36cb6c6cd3e50789007ffca834b477b74a2144564522e944eabff61?s=96&d=mm&r=g\",\"caption\":\"thomas.berner\"},\"url\":\"https:\\\/\\\/www.organisator.ch\\\/fr\\\/author\\\/thomas-berner\\\/\"}]}<\/script>\n<!-- \/ Yoast SEO plugin. -->","yoast_head_json":{"title":"Bon climat d'affaires chez les PME MEM - Organisateur","description":"Le bon climat des affaires perdure : Les perspectives conjoncturelles annuelles sont globalement bien \u00e9valu\u00e9es par les PME de la branche MEM.","robots":{"index":"index","follow":"follow","max-snippet":"max-snippet:-1","max-image-preview":"max-image-preview:large","max-video-preview":"max-video-preview:-1"},"canonical":"https:\/\/www.organisator.ch\/fr\/gestion-2\/2022-02-22\/gutes-geschaeftsklima-bei-mem-kmu\/","og_locale":"fr_FR","og_type":"article","og_title":"Gutes Gesch\u00e4ftsklima bei MEM-KMU","og_description":"Gutes Gesch\u00e4ftsklima dauert an: Die konjunkturellen Jahresaussichten werden von den KMU der MEM-Branche insgesamt gut beurteilt.","og_url":"https:\/\/www.organisator.ch\/fr\/gestion-2\/2022-02-22\/gutes-geschaeftsklima-bei-mem-kmu\/","og_site_name":"Organisator","article_publisher":"https:\/\/www.facebook.com\/OrganisatorFachmagazin","article_published_time":"2022-02-22T10:55:06+00:00","og_image":[{"width":680,"height":411,"url":"https:\/\/www.organisator.ch\/wp-content\/uploads\/2022\/02\/Gutes-Geschaeftsklima-bei-MEM-KMU_Organisator.jpg","type":"image\/jpeg"}],"author":"thomas.berner","twitter_card":"summary_large_image","twitter_title":"Gutes #Gesch\u00e4ftsklima bei #MEM-KMU","twitter_description":"Gutes #Gesch\u00e4ftsklima dauert an: Die konjunkturellen #Jahresaussichten werden von den KMU der #MEM-Branche insgesamt gut beurteilt.","twitter_image":"https:\/\/www.organisator.ch\/wp-content\/uploads\/2022\/02\/Gutes-Geschaeftsklima-bei-MEM-KMU_Organisator.jpg","schema":{"@context":"https:\/\/schema.org","@graph":[{"@type":"Article","@id":"https:\/\/www.organisator.ch\/management\/2022-02-22\/gutes-geschaeftsklima-bei-mem-kmu\/#article","isPartOf":{"@id":"https:\/\/www.organisator.ch\/management\/2022-02-22\/gutes-geschaeftsklima-bei-mem-kmu\/"},"author":{"name":"thomas.berner","@id":"https:\/\/www.organisator.ch\/#\/schema\/person\/6f650f90b2842cd4c0cc334b4e36f67e"},"headline":"Gutes Gesch\u00e4ftsklima bei MEM-KMU","datePublished":"2022-02-22T10:55:06+00:00","mainEntityOfPage":{"@id":"https:\/\/www.organisator.ch\/management\/2022-02-22\/gutes-geschaeftsklima-bei-mem-kmu\/"},"wordCount":505,"publisher":{"@id":"https:\/\/www.organisator.ch\/#organization"},"image":{"@id":"https:\/\/www.organisator.ch\/management\/2022-02-22\/gutes-geschaeftsklima-bei-mem-kmu\/#primaryimage"},"thumbnailUrl":"https:\/\/www.organisator.ch\/wp-content\/uploads\/2022\/02\/Gutes-Geschaeftsklima-bei-MEM-KMU_Organisator.jpg","keywords":["Konjunkturdaten","MEM-Branche","Verb\u00e4nde"],"articleSection":["MANAGEMENT"],"inLanguage":"fr-FR"},{"@type":"WebPage","@id":"https:\/\/www.organisator.ch\/management\/2022-02-22\/gutes-geschaeftsklima-bei-mem-kmu\/","url":"https:\/\/www.organisator.ch\/management\/2022-02-22\/gutes-geschaeftsklima-bei-mem-kmu\/","name":"Bon climat d'affaires chez les PME MEM - Organisateur","isPartOf":{"@id":"https:\/\/www.organisator.ch\/#website"},"primaryImageOfPage":{"@id":"https:\/\/www.organisator.ch\/management\/2022-02-22\/gutes-geschaeftsklima-bei-mem-kmu\/#primaryimage"},"image":{"@id":"https:\/\/www.organisator.ch\/management\/2022-02-22\/gutes-geschaeftsklima-bei-mem-kmu\/#primaryimage"},"thumbnailUrl":"https:\/\/www.organisator.ch\/wp-content\/uploads\/2022\/02\/Gutes-Geschaeftsklima-bei-MEM-KMU_Organisator.jpg","datePublished":"2022-02-22T10:55:06+00:00","description":"Le bon climat des affaires perdure : Les perspectives conjoncturelles annuelles sont globalement bien \u00e9valu\u00e9es par les PME de la branche MEM.","breadcrumb":{"@id":"https:\/\/www.organisator.ch\/management\/2022-02-22\/gutes-geschaeftsklima-bei-mem-kmu\/#breadcrumb"},"inLanguage":"fr-FR","potentialAction":[{"@type":"ReadAction","target":["https:\/\/www.organisator.ch\/management\/2022-02-22\/gutes-geschaeftsklima-bei-mem-kmu\/"]}]},{"@type":"ImageObject","inLanguage":"fr-FR","@id":"https:\/\/www.organisator.ch\/management\/2022-02-22\/gutes-geschaeftsklima-bei-mem-kmu\/#primaryimage","url":"https:\/\/www.organisator.ch\/wp-content\/uploads\/2022\/02\/Gutes-Geschaeftsklima-bei-MEM-KMU_Organisator.jpg","contentUrl":"https:\/\/www.organisator.ch\/wp-content\/uploads\/2022\/02\/Gutes-Geschaeftsklima-bei-MEM-KMU_Organisator.jpg","width":680,"height":411,"caption":"Die KMU der MEM-Branche vermelden ein gutes Gesch\u00e4ftsklima. Wie lange wird die positive Stimmung noch anhalten? (Grafik: Swissmechanic)"},{"@type":"BreadcrumbList","@id":"https:\/\/www.organisator.ch\/management\/2022-02-22\/gutes-geschaeftsklima-bei-mem-kmu\/#breadcrumb","itemListElement":[{"@type":"ListItem","position":1,"name":"Home","item":"https:\/\/www.organisator.ch\/"},{"@type":"ListItem","position":2,"name":"Gutes Gesch\u00e4ftsklima bei MEM-KMU"}]},{"@type":"WebSite","@id":"https:\/\/www.organisator.ch\/#website","url":"https:\/\/www.organisator.ch\/","name":"Organisateur","description":"Comp\u00e9tence et comp\u00e9tence. Proches de la pratique. L'ORGANISATEUR pr\u00e9pare 10 num\u00e9ros par an sur les th\u00e8mes essentiels pour les dirigeants de PME.","publisher":{"@id":"https:\/\/www.organisator.ch\/#organization"},"potentialAction":[{"@type":"SearchAction","target":{"@type":"EntryPoint","urlTemplate":"https:\/\/www.organisator.ch\/?s={search_term_string}"},"query-input":{"@type":"PropertyValueSpecification","valueRequired":true,"valueName":"search_term_string"}}],"inLanguage":"fr-FR"},{"@type":"Organization","@id":"https:\/\/www.organisator.ch\/#organization","name":"Organisateur","url":"https:\/\/www.organisator.ch\/","logo":{"@type":"ImageObject","inLanguage":"fr-FR","@id":"https:\/\/www.organisator.ch\/#\/schema\/logo\/image\/","url":"https:\/\/www.organisator.ch\/wp-content\/uploads\/2022\/01\/Logo_Organisator_Website.png","contentUrl":"https:\/\/www.organisator.ch\/wp-content\/uploads\/2022\/01\/Logo_Organisator_Website.png","width":800,"height":77,"caption":"Organisator"},"image":{"@id":"https:\/\/www.organisator.ch\/#\/schema\/logo\/image\/"},"sameAs":["https:\/\/www.facebook.com\/OrganisatorFachmagazin","https:\/\/www.linkedin.com\/showcase\/organisator-das-magazin-fr-kmu","https:\/\/www.xing.com\/news\/pages\/organisator-ch-695","https:\/\/www.youtube.com\/channel\/UCGP2Sq0iWaZwT3BdIAQFYpw"]},{"@type":"Person","@id":"https:\/\/www.organisator.ch\/#\/schema\/person\/6f650f90b2842cd4c0cc334b4e36f67e","name":"thomas.berner","image":{"@type":"ImageObject","inLanguage":"fr-FR","@id":"https:\/\/secure.gravatar.com\/avatar\/ac5001d2a36cb6c6cd3e50789007ffca834b477b74a2144564522e944eabff61?s=96&d=mm&r=g","url":"https:\/\/secure.gravatar.com\/avatar\/ac5001d2a36cb6c6cd3e50789007ffca834b477b74a2144564522e944eabff61?s=96&d=mm&r=g","contentUrl":"https:\/\/secure.gravatar.com\/avatar\/ac5001d2a36cb6c6cd3e50789007ffca834b477b74a2144564522e944eabff61?s=96&d=mm&r=g","caption":"thomas.berner"},"url":"https:\/\/www.organisator.ch\/fr\/author\/thomas-berner\/"}]}},"_links":{"self":[{"href":"https:\/\/www.organisator.ch\/fr\/wp-json\/wp\/v2\/posts\/11883","targetHints":{"allow":["GET"]}}],"collection":[{"href":"https:\/\/www.organisator.ch\/fr\/wp-json\/wp\/v2\/posts"}],"about":[{"href":"https:\/\/www.organisator.ch\/fr\/wp-json\/wp\/v2\/types\/post"}],"author":[{"embeddable":true,"href":"https:\/\/www.organisator.ch\/fr\/wp-json\/wp\/v2\/users\/4"}],"replies":[{"embeddable":true,"href":"https:\/\/www.organisator.ch\/fr\/wp-json\/wp\/v2\/comments?post=11883"}],"version-history":[{"count":1,"href":"https:\/\/www.organisator.ch\/fr\/wp-json\/wp\/v2\/posts\/11883\/revisions"}],"predecessor-version":[{"id":11885,"href":"https:\/\/www.organisator.ch\/fr\/wp-json\/wp\/v2\/posts\/11883\/revisions\/11885"}],"wp:featuredmedia":[{"embeddable":true,"href":"https:\/\/www.organisator.ch\/fr\/wp-json\/wp\/v2\/media\/11884"}],"wp:attachment":[{"href":"https:\/\/www.organisator.ch\/fr\/wp-json\/wp\/v2\/media?parent=11883"}],"wp:term":[{"taxonomy":"category","embeddable":true,"href":"https:\/\/www.organisator.ch\/fr\/wp-json\/wp\/v2\/categories?post=11883"},{"taxonomy":"post_tag","embeddable":true,"href":"https:\/\/www.organisator.ch\/fr\/wp-json\/wp\/v2\/tags?post=11883"}],"curies":[{"name":"wp","href":"https:\/\/api.w.org\/{rel}","templated":true}]}}