{"id":11890,"date":"2022-02-23T08:00:50","date_gmt":"2022-02-23T07:00:50","guid":{"rendered":"https:\/\/www.m-q.ch\/?p=15999"},"modified":"2022-08-01T15:40:46","modified_gmt":"2022-08-01T13:40:46","slug":"datensicherungs-notstand-budgets-fuer-cybersicherheit-steigen","status":"publish","type":"post","link":"https:\/\/www.organisator.ch\/fr\/operational-excellence\/2022-02-23\/datensicherungs-notstand-budgets-fuer-cybersicherheit-steigen\/","title":{"rendered":"Urgence en mati\u00e8re de sauvegarde des donn\u00e9es : les budgets de cybers\u00e9curit\u00e9 augmentent"},"content":{"rendered":"<figure id=\"attachment_16001\" class=\"wp-caption alignnone\" style=\"width: 680px\" aria-describedby=\"caption-attachment-16001\"><img class=\"alignnone wp-image-16001 size-full\" src=\"https:\/\/www.m-q.ch\/wp-content\/uploads\/2022\/02\/Datensicherungs-Notstand-Budgets-fuer-Cybersicherheit-steigen_MQ.jpg\" alt=\"Sauvegarde des donn\u00e9es\" width=\"680\" height=\"595\" \/><figcaption id=\"caption-attachment-16001\" class=\"wp-caption-text\">\u00c9tat d'urgence en mati\u00e8re de protection des donn\u00e9es dans les entreprises : 89 % des responsables informatiques estiment qu'il existe un \"\u00e9cart de protection\" entre la perte de donn\u00e9es tol\u00e9rable et la mani\u00e8re dont l'informatique prot\u00e8ge leurs donn\u00e9es. (Graphique : Veeam)<\/figcaption><\/figure>\r\nL'\u00e9cart entre les attentes d'une entreprise et la capacit\u00e9 du d\u00e9partement informatique \u00e0 y r\u00e9pondre n'a jamais \u00e9t\u00e9 aussi grand. C'est ce qui ressort du <a href=\"https:\/\/go.veeam.com\/wp-data-protection-trends-2022\">Rapport 2022 sur les tendances de la protection des donn\u00e9es de Veeam<\/a> a \u00e9t\u00e9 publi\u00e9. Ce rapport, pour lequel plus de 3000 d\u00e9cideurs informatiques ont \u00e9t\u00e9 interrog\u00e9s dans le monde entier, constate que 89% des entreprises ne prot\u00e8gent pas suffisamment leurs donn\u00e9es. En outre, 88 % des responsables informatiques s'attendent \u00e0 ce que les budgets consacr\u00e9s \u00e0 la protection des donn\u00e9es augmentent plus que les d\u00e9penses informatiques en g\u00e9n\u00e9ral. Les donn\u00e9es deviennent en effet de plus en plus importantes pour le succ\u00e8s de l'entreprise et les d\u00e9fis li\u00e9s \u00e0 leur protection de plus en plus complexes. Il est donc d'autant plus frappant de constater qu'une sorte d'\u00e9tat d'urgence en mati\u00e8re de sauvegarde des donn\u00e9es r\u00e8gne encore en de nombreux endroits.\r\n<h2><strong>L'\u00e9cart de sauvegarde des donn\u00e9es s'accro\u00eet <\/strong><\/h2>\r\nLes personnes interrog\u00e9es ont indiqu\u00e9 que leur capacit\u00e9 de sauvegarde des donn\u00e9es ne pouvait pas suivre le rythme des besoins de l'entreprise. L'\u00e9cart important mentionn\u00e9 au d\u00e9but entre la quantit\u00e9 de donn\u00e9es perdues qui peuvent \u00eatre tol\u00e9r\u00e9es apr\u00e8s une panne et la fr\u00e9quence \u00e0 laquelle les donn\u00e9es sont sauvegard\u00e9es a augment\u00e9 de 13% au cours des 12 derniers mois. Cela indique que le volume et l'importance des donn\u00e9es continuent d'augmenter, mais aussi les d\u00e9fis li\u00e9s \u00e0 la protection de ces donn\u00e9es de mani\u00e8re satisfaisante. Cela s'explique principalement par le fait que les d\u00e9fis auxquels les entreprises doivent faire face en mati\u00e8re de sauvegarde des donn\u00e9es sont immenses et de plus en plus vari\u00e9s.\r\n\r\nPour la deuxi\u00e8me ann\u00e9e cons\u00e9cutive, les cyber-attaques ont en outre \u00e9t\u00e9 la principale cause de temps d'arr\u00eat. 76 % des entreprises ont signal\u00e9 au moins un \u00e9v\u00e9nement li\u00e9 \u00e0 un ransomware au cours des 12 derniers mois. Ce n'est pas seulement la fr\u00e9quence de ces incidents qui est alarmante, mais aussi leur ampleur. Pour chaque attaque, les entreprises n'ont pas \u00e9t\u00e9 en mesure de r\u00e9cup\u00e9rer 36 % de leurs donn\u00e9es perdues, ce qui prouve que les strat\u00e9gies de protection des donn\u00e9es ne sont actuellement pas en mesure d'aider les entreprises \u00e0 pr\u00e9venir, \u00e0 r\u00e9soudre et \u00e0 r\u00e9cup\u00e9rer les attaques de ransomware ainsi que celles survenant apr\u00e8s celles-ci. \"La meilleure fa\u00e7on de s'assurer que les donn\u00e9es sont prot\u00e9g\u00e9es et r\u00e9cup\u00e9rables en cas d'attaque par ransomware est de travailler avec un fournisseur tiers sp\u00e9cialis\u00e9 et d'investir dans une solution automatis\u00e9e et orchestr\u00e9e qui prot\u00e8ge les innombrables centres de donn\u00e9es et plateformes de production bas\u00e9es sur le cloud sur lesquels les entreprises de toutes tailles comptent aujourd'hui,\" d\u00e9clare Danny Allan, CTO chez Veeam.\r\n<h2><strong>Les entreprises sont confront\u00e9es \u00e0 une situation d'urgence en mati\u00e8re de sauvegarde des donn\u00e9es<\/strong><\/h2>\r\nPour combler l'\u00e9cart entre les capacit\u00e9s de sauvegarde des donn\u00e9es et le paysage croissant des menaces, les entreprises d\u00e9penseront chaque ann\u00e9e environ 6% de plus pour la sauvegarde des donn\u00e9es que pour les investissements informatiques g\u00e9n\u00e9raux. Bien que cela n'inversera que partiellement la tendance selon laquelle les besoins en mati\u00e8re de sauvegarde des donn\u00e9es d\u00e9passent la capacit\u00e9 existante \u00e0 les mettre en \u0153uvre, il est positif de constater que les directions des entreprises reconnaissent le besoin urgent d'une sauvegarde moderne des donn\u00e9es.\r\n\r\nComme le cloud continue de s'imposer comme la plateforme de donn\u00e9es dominante, 67% des entreprises utilisent d\u00e9j\u00e0 des services cloud dans le cadre de leur strat\u00e9gie de protection des donn\u00e9es, tandis que 56% utilisent d\u00e9j\u00e0 des conteneurs en production ou pr\u00e9voient de le faire dans les 12 prochains mois. La diversit\u00e9 des plateformes augmentera en 2022, l'\u00e9quilibre entre les centres de donn\u00e9es (52 pour cent) et les serveurs en nuage (48 pour cent) se rapprochant. C'est l'une des raisons pour lesquelles 21% des entreprises consid\u00e8rent la capacit\u00e9 \u00e0 prot\u00e9ger les charges de travail d\u00e9ploy\u00e9es dans le cloud comme le principal crit\u00e8re d'achat pour la protection des donn\u00e9es en entreprise en 2022. 39 % pensent que les fonctionnalit\u00e9s IaaS et SaaS sont l'attribut essentiel de la protection moderne des donn\u00e9es.\r\n\r\n<em>Pour plus d'informations, voir <a href=\"https:\/\/www.veeam.com\/de\">https:\/\/www.veeam.com\/de<\/a><\/em>\n<p class=\"syndicated-attribution\">Cet article est paru initialement sur m-q.ch - <a href=\"https:\/\/www.m-q.ch\/de\/datensicherungs-notstand-budgets-fuer-cybersicherheit-steigen\/\" target=\"_blank\">https:\/\/www.m-q.ch\/de\/datensicherungs-notstand-budgets-fuer-cybersicherheit-steigen\/<\/a><\/p>","protected":false},"excerpt":{"rendered":"<p>Die Diskrepanz zwischen den Erwartungen eines Unternehmens und der F\u00e4higkeit der IT-Abteilung, diese zu erf\u00fcllen, war noch nie so gross wie heute. Dies geht aus dem Veeam Data Protection Trends Report 2022 hervor. Dieser Report, f\u00fcr den weltweit mehr als 3000 IT-Entscheider befragt worden sind, stellt fest, dass 89 Prozent der Unternehmen ihre Daten nicht [\u2026]<\/p>\n","protected":false},"author":8,"featured_media":0,"comment_status":"closed","ping_status":"closed","sticky":false,"template":"","format":"standard","meta":{"_acf_changed":false,"_yoast_wpseo_focuskw":"Datensicherungs","_yoast_wpseo_metadesc":"Bei 89 Prozent der Unternehmen kommt die Datensicherung zu kurz, w\u00e4hrend die Budgets zur Bew\u00e4ltigung der wachsenden Cyber-Bedrohung steigen.","articlekey":"","footnotes":""},"categories":[582],"tags":[2713,3236],"class_list":["post-11890","post","type-post","status-publish","format-standard","hentry","category-operational-excellence","tag-datensicherheit","tag-datensicherungs"],"acf":[],"yoast_head":"<!-- This site is optimized with the Yoast SEO plugin v27.4 - https:\/\/yoast.com\/product\/yoast-seo-wordpress\/ -->\n<title>Datensicherungs-Notstand: Budgets f\u00fcr Cybersicherheit steigen - Organisator<\/title>\n<meta name=\"description\" content=\"Bei 89 Prozent der Unternehmen kommt die Datensicherung zu kurz, w\u00e4hrend die Budgets zur Bew\u00e4ltigung der wachsenden Cyber-Bedrohung steigen.\" \/>\n<meta name=\"robots\" content=\"index, follow, max-snippet:-1, max-image-preview:large, max-video-preview:-1\" \/>\n<link rel=\"canonical\" href=\"https:\/\/www.m-q.ch\/de\/datensicherungs-notstand-budgets-fuer-cybersicherheit-steigen\/\" \/>\n<meta property=\"og:locale\" content=\"fr_FR\" \/>\n<meta property=\"og:type\" content=\"article\" \/>\n<meta property=\"og:title\" content=\"Datensicherungs-Notstand: Budgets f\u00fcr Cybersicherheit steigen - Organisator\" \/>\n<meta property=\"og:description\" content=\"Bei 89 Prozent der Unternehmen kommt die Datensicherung zu kurz, w\u00e4hrend die Budgets zur Bew\u00e4ltigung der wachsenden Cyber-Bedrohung steigen.\" \/>\n<meta property=\"og:url\" content=\"https:\/\/www.m-q.ch\/de\/datensicherungs-notstand-budgets-fuer-cybersicherheit-steigen\/\" \/>\n<meta property=\"og:site_name\" content=\"Organisator\" \/>\n<meta property=\"article:publisher\" content=\"https:\/\/www.facebook.com\/OrganisatorFachmagazin\" \/>\n<meta property=\"article:published_time\" content=\"2022-02-23T07:00:50+00:00\" \/>\n<meta property=\"article:modified_time\" content=\"2022-08-01T13:40:46+00:00\" \/>\n<meta property=\"og:image\" content=\"https:\/\/www.m-q.ch\/wp-content\/uploads\/2022\/02\/Datensicherungs-Notstand-Budgets-fuer-Cybersicherheit-steigen_MQ.jpg\" \/>\n<meta name=\"author\" content=\"galledia\" \/>\n<meta name=\"twitter:card\" content=\"summary_large_image\" \/>\n<meta name=\"twitter:creator\" content=\"@admin\" \/>\n<script type=\"application\/ld+json\" class=\"yoast-schema-graph\">{\"@context\":\"https:\\\/\\\/schema.org\",\"@graph\":[{\"@type\":\"Article\",\"@id\":\"https:\\\/\\\/www.m-q.ch\\\/de\\\/datensicherungs-notstand-budgets-fuer-cybersicherheit-steigen\\\/#article\",\"isPartOf\":{\"@id\":\"https:\\\/\\\/www.organisator.ch\\\/operational-excellence\\\/2022-02-23\\\/datensicherungs-notstand-budgets-fuer-cybersicherheit-steigen\\\/\"},\"author\":{\"name\":\"galledia\",\"@id\":\"https:\\\/\\\/www.organisator.ch\\\/#\\\/schema\\\/person\\\/4e51799071cd2dd1232ac003643ef5f0\"},\"headline\":\"Datensicherungs-Notstand: Budgets f\u00fcr Cybersicherheit steigen\",\"datePublished\":\"2022-02-23T07:00:50+00:00\",\"dateModified\":\"2022-08-01T13:40:46+00:00\",\"mainEntityOfPage\":{\"@id\":\"https:\\\/\\\/www.organisator.ch\\\/operational-excellence\\\/2022-02-23\\\/datensicherungs-notstand-budgets-fuer-cybersicherheit-steigen\\\/\"},\"wordCount\":576,\"publisher\":{\"@id\":\"https:\\\/\\\/www.organisator.ch\\\/#organization\"},\"image\":{\"@id\":\"https:\\\/\\\/www.m-q.ch\\\/de\\\/datensicherungs-notstand-budgets-fuer-cybersicherheit-steigen\\\/#primaryimage\"},\"thumbnailUrl\":\"https:\\\/\\\/www.m-q.ch\\\/wp-content\\\/uploads\\\/2022\\\/02\\\/Datensicherungs-Notstand-Budgets-fuer-Cybersicherheit-steigen_MQ.jpg\",\"keywords\":[\"Datensicherheit\",\"Datensicherungs\"],\"articleSection\":[\"OPERATIONAL EXCELLENCE\"],\"inLanguage\":\"fr-FR\"},{\"@type\":\"WebPage\",\"@id\":\"https:\\\/\\\/www.organisator.ch\\\/operational-excellence\\\/2022-02-23\\\/datensicherungs-notstand-budgets-fuer-cybersicherheit-steigen\\\/\",\"url\":\"https:\\\/\\\/www.m-q.ch\\\/de\\\/datensicherungs-notstand-budgets-fuer-cybersicherheit-steigen\\\/\",\"name\":\"Datensicherungs-Notstand: Budgets f\u00fcr Cybersicherheit steigen - Organisator\",\"isPartOf\":{\"@id\":\"https:\\\/\\\/www.organisator.ch\\\/#website\"},\"primaryImageOfPage\":{\"@id\":\"https:\\\/\\\/www.m-q.ch\\\/de\\\/datensicherungs-notstand-budgets-fuer-cybersicherheit-steigen\\\/#primaryimage\"},\"image\":{\"@id\":\"https:\\\/\\\/www.m-q.ch\\\/de\\\/datensicherungs-notstand-budgets-fuer-cybersicherheit-steigen\\\/#primaryimage\"},\"thumbnailUrl\":\"https:\\\/\\\/www.m-q.ch\\\/wp-content\\\/uploads\\\/2022\\\/02\\\/Datensicherungs-Notstand-Budgets-fuer-Cybersicherheit-steigen_MQ.jpg\",\"datePublished\":\"2022-02-23T07:00:50+00:00\",\"dateModified\":\"2022-08-01T13:40:46+00:00\",\"description\":\"Bei 89 Prozent der Unternehmen kommt die Datensicherung zu kurz, w\u00e4hrend die Budgets zur Bew\u00e4ltigung der wachsenden Cyber-Bedrohung steigen.\",\"breadcrumb\":{\"@id\":\"https:\\\/\\\/www.m-q.ch\\\/de\\\/datensicherungs-notstand-budgets-fuer-cybersicherheit-steigen\\\/#breadcrumb\"},\"inLanguage\":\"fr-FR\",\"potentialAction\":[{\"@type\":\"ReadAction\",\"target\":[\"https:\\\/\\\/www.m-q.ch\\\/de\\\/datensicherungs-notstand-budgets-fuer-cybersicherheit-steigen\\\/\"]}]},{\"@type\":\"ImageObject\",\"inLanguage\":\"fr-FR\",\"@id\":\"https:\\\/\\\/www.m-q.ch\\\/de\\\/datensicherungs-notstand-budgets-fuer-cybersicherheit-steigen\\\/#primaryimage\",\"url\":\"https:\\\/\\\/www.m-q.ch\\\/wp-content\\\/uploads\\\/2022\\\/02\\\/Datensicherungs-Notstand-Budgets-fuer-Cybersicherheit-steigen_MQ.jpg\",\"contentUrl\":\"https:\\\/\\\/www.m-q.ch\\\/wp-content\\\/uploads\\\/2022\\\/02\\\/Datensicherungs-Notstand-Budgets-fuer-Cybersicherheit-steigen_MQ.jpg\"},{\"@type\":\"BreadcrumbList\",\"@id\":\"https:\\\/\\\/www.m-q.ch\\\/de\\\/datensicherungs-notstand-budgets-fuer-cybersicherheit-steigen\\\/#breadcrumb\",\"itemListElement\":[{\"@type\":\"ListItem\",\"position\":1,\"name\":\"Home\",\"item\":\"https:\\\/\\\/www.organisator.ch\\\/\"},{\"@type\":\"ListItem\",\"position\":2,\"name\":\"Datensicherungs-Notstand: Budgets f\u00fcr Cybersicherheit steigen\"}]},{\"@type\":\"WebSite\",\"@id\":\"https:\\\/\\\/www.organisator.ch\\\/#website\",\"url\":\"https:\\\/\\\/www.organisator.ch\\\/\",\"name\":\"Organisator\",\"description\":\"Kompetent. Praxisnah. Der ORGANISATOR bereitet in 10 Ausgaben pro Jahr die wesentlichen Themen f\u00fcr F\u00fchrungskr\u00e4fte von KMU auf.\",\"publisher\":{\"@id\":\"https:\\\/\\\/www.organisator.ch\\\/#organization\"},\"potentialAction\":[{\"@type\":\"SearchAction\",\"target\":{\"@type\":\"EntryPoint\",\"urlTemplate\":\"https:\\\/\\\/www.organisator.ch\\\/?s={search_term_string}\"},\"query-input\":{\"@type\":\"PropertyValueSpecification\",\"valueRequired\":true,\"valueName\":\"search_term_string\"}}],\"inLanguage\":\"fr-FR\"},{\"@type\":\"Organization\",\"@id\":\"https:\\\/\\\/www.organisator.ch\\\/#organization\",\"name\":\"Organisator\",\"url\":\"https:\\\/\\\/www.organisator.ch\\\/\",\"logo\":{\"@type\":\"ImageObject\",\"inLanguage\":\"fr-FR\",\"@id\":\"https:\\\/\\\/www.organisator.ch\\\/#\\\/schema\\\/logo\\\/image\\\/\",\"url\":\"https:\\\/\\\/www.organisator.ch\\\/wp-content\\\/uploads\\\/2022\\\/01\\\/Logo_Organisator_Website.png\",\"contentUrl\":\"https:\\\/\\\/www.organisator.ch\\\/wp-content\\\/uploads\\\/2022\\\/01\\\/Logo_Organisator_Website.png\",\"width\":800,\"height\":77,\"caption\":\"Organisator\"},\"image\":{\"@id\":\"https:\\\/\\\/www.organisator.ch\\\/#\\\/schema\\\/logo\\\/image\\\/\"},\"sameAs\":[\"https:\\\/\\\/www.facebook.com\\\/OrganisatorFachmagazin\",\"https:\\\/\\\/www.linkedin.com\\\/showcase\\\/organisator-das-magazin-fr-kmu\",\"https:\\\/\\\/www.xing.com\\\/news\\\/pages\\\/organisator-ch-695\",\"https:\\\/\\\/www.youtube.com\\\/channel\\\/UCGP2Sq0iWaZwT3BdIAQFYpw\"]},{\"@type\":\"Person\",\"@id\":\"https:\\\/\\\/www.organisator.ch\\\/#\\\/schema\\\/person\\\/4e51799071cd2dd1232ac003643ef5f0\",\"name\":\"galledia\",\"image\":{\"@type\":\"ImageObject\",\"inLanguage\":\"fr-FR\",\"@id\":\"https:\\\/\\\/secure.gravatar.com\\\/avatar\\\/78a7f90c01fc2bfc875782a0d4922b37cde2cf184ce347b91316d23cd7f69a36?s=96&d=mm&r=g\",\"url\":\"https:\\\/\\\/secure.gravatar.com\\\/avatar\\\/78a7f90c01fc2bfc875782a0d4922b37cde2cf184ce347b91316d23cd7f69a36?s=96&d=mm&r=g\",\"contentUrl\":\"https:\\\/\\\/secure.gravatar.com\\\/avatar\\\/78a7f90c01fc2bfc875782a0d4922b37cde2cf184ce347b91316d23cd7f69a36?s=96&d=mm&r=g\",\"caption\":\"galledia\"},\"sameAs\":[\"https:\\\/\\\/x.com\\\/admin\"],\"url\":\"https:\\\/\\\/www.organisator.ch\\\/fr\\\/author\\\/galledia\\\/\"}]}<\/script>\n<!-- \/ Yoast SEO plugin. -->","yoast_head_json":{"title":"Urgence de la sauvegarde des donn\u00e9es : les budgets de cybers\u00e9curit\u00e9 augmentent - Organisator","description":"Pour 89 % des entreprises, la sauvegarde des donn\u00e9es est n\u00e9glig\u00e9e, alors que les budgets pour faire face \u00e0 la cybermenace croissante augmentent.","robots":{"index":"index","follow":"follow","max-snippet":"max-snippet:-1","max-image-preview":"max-image-preview:large","max-video-preview":"max-video-preview:-1"},"canonical":"https:\/\/www.m-q.ch\/de\/datensicherungs-notstand-budgets-fuer-cybersicherheit-steigen\/","og_locale":"fr_FR","og_type":"article","og_title":"Datensicherungs-Notstand: Budgets f\u00fcr Cybersicherheit steigen - Organisator","og_description":"Bei 89 Prozent der Unternehmen kommt die Datensicherung zu kurz, w\u00e4hrend die Budgets zur Bew\u00e4ltigung der wachsenden Cyber-Bedrohung steigen.","og_url":"https:\/\/www.m-q.ch\/de\/datensicherungs-notstand-budgets-fuer-cybersicherheit-steigen\/","og_site_name":"Organisator","article_publisher":"https:\/\/www.facebook.com\/OrganisatorFachmagazin","article_published_time":"2022-02-23T07:00:50+00:00","article_modified_time":"2022-08-01T13:40:46+00:00","og_image":[{"url":"https:\/\/www.m-q.ch\/wp-content\/uploads\/2022\/02\/Datensicherungs-Notstand-Budgets-fuer-Cybersicherheit-steigen_MQ.jpg","type":"","width":"","height":""}],"author":"galledia","twitter_card":"summary_large_image","twitter_creator":"@admin","schema":{"@context":"https:\/\/schema.org","@graph":[{"@type":"Article","@id":"https:\/\/www.m-q.ch\/de\/datensicherungs-notstand-budgets-fuer-cybersicherheit-steigen\/#article","isPartOf":{"@id":"https:\/\/www.organisator.ch\/operational-excellence\/2022-02-23\/datensicherungs-notstand-budgets-fuer-cybersicherheit-steigen\/"},"author":{"name":"galledia","@id":"https:\/\/www.organisator.ch\/#\/schema\/person\/4e51799071cd2dd1232ac003643ef5f0"},"headline":"Datensicherungs-Notstand: Budgets f\u00fcr Cybersicherheit steigen","datePublished":"2022-02-23T07:00:50+00:00","dateModified":"2022-08-01T13:40:46+00:00","mainEntityOfPage":{"@id":"https:\/\/www.organisator.ch\/operational-excellence\/2022-02-23\/datensicherungs-notstand-budgets-fuer-cybersicherheit-steigen\/"},"wordCount":576,"publisher":{"@id":"https:\/\/www.organisator.ch\/#organization"},"image":{"@id":"https:\/\/www.m-q.ch\/de\/datensicherungs-notstand-budgets-fuer-cybersicherheit-steigen\/#primaryimage"},"thumbnailUrl":"https:\/\/www.m-q.ch\/wp-content\/uploads\/2022\/02\/Datensicherungs-Notstand-Budgets-fuer-Cybersicherheit-steigen_MQ.jpg","keywords":["Datensicherheit","Datensicherungs"],"articleSection":["OPERATIONAL EXCELLENCE"],"inLanguage":"fr-FR"},{"@type":"WebPage","@id":"https:\/\/www.organisator.ch\/operational-excellence\/2022-02-23\/datensicherungs-notstand-budgets-fuer-cybersicherheit-steigen\/","url":"https:\/\/www.m-q.ch\/de\/datensicherungs-notstand-budgets-fuer-cybersicherheit-steigen\/","name":"Urgence de la sauvegarde des donn\u00e9es : les budgets de cybers\u00e9curit\u00e9 augmentent - Organisator","isPartOf":{"@id":"https:\/\/www.organisator.ch\/#website"},"primaryImageOfPage":{"@id":"https:\/\/www.m-q.ch\/de\/datensicherungs-notstand-budgets-fuer-cybersicherheit-steigen\/#primaryimage"},"image":{"@id":"https:\/\/www.m-q.ch\/de\/datensicherungs-notstand-budgets-fuer-cybersicherheit-steigen\/#primaryimage"},"thumbnailUrl":"https:\/\/www.m-q.ch\/wp-content\/uploads\/2022\/02\/Datensicherungs-Notstand-Budgets-fuer-Cybersicherheit-steigen_MQ.jpg","datePublished":"2022-02-23T07:00:50+00:00","dateModified":"2022-08-01T13:40:46+00:00","description":"Pour 89 % des entreprises, la sauvegarde des donn\u00e9es est n\u00e9glig\u00e9e, alors que les budgets pour faire face \u00e0 la cybermenace croissante augmentent.","breadcrumb":{"@id":"https:\/\/www.m-q.ch\/de\/datensicherungs-notstand-budgets-fuer-cybersicherheit-steigen\/#breadcrumb"},"inLanguage":"fr-FR","potentialAction":[{"@type":"ReadAction","target":["https:\/\/www.m-q.ch\/de\/datensicherungs-notstand-budgets-fuer-cybersicherheit-steigen\/"]}]},{"@type":"ImageObject","inLanguage":"fr-FR","@id":"https:\/\/www.m-q.ch\/de\/datensicherungs-notstand-budgets-fuer-cybersicherheit-steigen\/#primaryimage","url":"https:\/\/www.m-q.ch\/wp-content\/uploads\/2022\/02\/Datensicherungs-Notstand-Budgets-fuer-Cybersicherheit-steigen_MQ.jpg","contentUrl":"https:\/\/www.m-q.ch\/wp-content\/uploads\/2022\/02\/Datensicherungs-Notstand-Budgets-fuer-Cybersicherheit-steigen_MQ.jpg"},{"@type":"BreadcrumbList","@id":"https:\/\/www.m-q.ch\/de\/datensicherungs-notstand-budgets-fuer-cybersicherheit-steigen\/#breadcrumb","itemListElement":[{"@type":"ListItem","position":1,"name":"Home","item":"https:\/\/www.organisator.ch\/"},{"@type":"ListItem","position":2,"name":"Datensicherungs-Notstand: Budgets f\u00fcr Cybersicherheit steigen"}]},{"@type":"WebSite","@id":"https:\/\/www.organisator.ch\/#website","url":"https:\/\/www.organisator.ch\/","name":"Organisateur","description":"Comp\u00e9tence et comp\u00e9tence. Proches de la pratique. L'ORGANISATEUR pr\u00e9pare 10 num\u00e9ros par an sur les th\u00e8mes essentiels pour les dirigeants de PME.","publisher":{"@id":"https:\/\/www.organisator.ch\/#organization"},"potentialAction":[{"@type":"SearchAction","target":{"@type":"EntryPoint","urlTemplate":"https:\/\/www.organisator.ch\/?s={search_term_string}"},"query-input":{"@type":"PropertyValueSpecification","valueRequired":true,"valueName":"search_term_string"}}],"inLanguage":"fr-FR"},{"@type":"Organization","@id":"https:\/\/www.organisator.ch\/#organization","name":"Organisateur","url":"https:\/\/www.organisator.ch\/","logo":{"@type":"ImageObject","inLanguage":"fr-FR","@id":"https:\/\/www.organisator.ch\/#\/schema\/logo\/image\/","url":"https:\/\/www.organisator.ch\/wp-content\/uploads\/2022\/01\/Logo_Organisator_Website.png","contentUrl":"https:\/\/www.organisator.ch\/wp-content\/uploads\/2022\/01\/Logo_Organisator_Website.png","width":800,"height":77,"caption":"Organisator"},"image":{"@id":"https:\/\/www.organisator.ch\/#\/schema\/logo\/image\/"},"sameAs":["https:\/\/www.facebook.com\/OrganisatorFachmagazin","https:\/\/www.linkedin.com\/showcase\/organisator-das-magazin-fr-kmu","https:\/\/www.xing.com\/news\/pages\/organisator-ch-695","https:\/\/www.youtube.com\/channel\/UCGP2Sq0iWaZwT3BdIAQFYpw"]},{"@type":"Person","@id":"https:\/\/www.organisator.ch\/#\/schema\/person\/4e51799071cd2dd1232ac003643ef5f0","name":"galledia","image":{"@type":"ImageObject","inLanguage":"fr-FR","@id":"https:\/\/secure.gravatar.com\/avatar\/78a7f90c01fc2bfc875782a0d4922b37cde2cf184ce347b91316d23cd7f69a36?s=96&d=mm&r=g","url":"https:\/\/secure.gravatar.com\/avatar\/78a7f90c01fc2bfc875782a0d4922b37cde2cf184ce347b91316d23cd7f69a36?s=96&d=mm&r=g","contentUrl":"https:\/\/secure.gravatar.com\/avatar\/78a7f90c01fc2bfc875782a0d4922b37cde2cf184ce347b91316d23cd7f69a36?s=96&d=mm&r=g","caption":"galledia"},"sameAs":["https:\/\/x.com\/admin"],"url":"https:\/\/www.organisator.ch\/fr\/author\/galledia\/"}]}},"_links":{"self":[{"href":"https:\/\/www.organisator.ch\/fr\/wp-json\/wp\/v2\/posts\/11890","targetHints":{"allow":["GET"]}}],"collection":[{"href":"https:\/\/www.organisator.ch\/fr\/wp-json\/wp\/v2\/posts"}],"about":[{"href":"https:\/\/www.organisator.ch\/fr\/wp-json\/wp\/v2\/types\/post"}],"author":[{"embeddable":true,"href":"https:\/\/www.organisator.ch\/fr\/wp-json\/wp\/v2\/users\/8"}],"replies":[{"embeddable":true,"href":"https:\/\/www.organisator.ch\/fr\/wp-json\/wp\/v2\/comments?post=11890"}],"version-history":[{"count":4,"href":"https:\/\/www.organisator.ch\/fr\/wp-json\/wp\/v2\/posts\/11890\/revisions"}],"predecessor-version":[{"id":16105,"href":"https:\/\/www.organisator.ch\/fr\/wp-json\/wp\/v2\/posts\/11890\/revisions\/16105"}],"wp:attachment":[{"href":"https:\/\/www.organisator.ch\/fr\/wp-json\/wp\/v2\/media?parent=11890"}],"wp:term":[{"taxonomy":"category","embeddable":true,"href":"https:\/\/www.organisator.ch\/fr\/wp-json\/wp\/v2\/categories?post=11890"},{"taxonomy":"post_tag","embeddable":true,"href":"https:\/\/www.organisator.ch\/fr\/wp-json\/wp\/v2\/tags?post=11890"}],"curies":[{"name":"wp","href":"https:\/\/api.w.org\/{rel}","templated":true}]}}