{"id":11893,"date":"2022-02-23T09:30:39","date_gmt":"2022-02-23T08:30:39","guid":{"rendered":"https:\/\/www.m-q.ch\/?p=16003"},"modified":"2022-08-02T13:25:50","modified_gmt":"2022-08-02T11:25:50","slug":"sicherheit-in-der-luftfahrt-100-jahre-schweizer-flugsicherung","status":"publish","type":"post","link":"https:\/\/www.organisator.ch\/fr\/operational-excellence\/2022-02-23\/sicherheit-in-der-luftfahrt-100-jahre-schweizer-flugsicherung\/","title":{"rendered":"La s\u00e9curit\u00e9 dans l'aviation : 100 ans de services suisses de la navigation a\u00e9rienne"},"content":{"rendered":"<figure id=\"attachment_16004\" class=\"wp-caption alignnone\" style=\"width: 680px\" aria-describedby=\"caption-attachment-16004\"><img class=\"alignnone wp-image-16004 size-full\" src=\"https:\/\/www.m-q.ch\/wp-content\/uploads\/2022\/02\/Sicherheit-in-der-Luftfahrt-100-Jahre-Schweizer-Flugsicherung_MQ.jpg\" alt=\"Les services suisses de la navigation a\u00e9rienne\" width=\"680\" height=\"395\" \/><figcaption id=\"caption-attachment-16004\" class=\"wp-caption-text\">Les services de la navigation a\u00e9rienne en Suisse f\u00eatent cette ann\u00e9e leurs 100 ans d'existence. En illustration : vue depuis la tour de contr\u00f4le de l'a\u00e9roport de Zurich en 1970 (Image : Skyguide).<\/figcaption><\/figure>\r\nSans les services de la navigation a\u00e9rienne, le trafic a\u00e9rien actuel, tr\u00e8s dense, serait sans doute chaotique. En Suisse, c'est l'entreprise Skyguide qui est responsable de la s\u00e9curit\u00e9 de l'aviation. Avec ses 1500 collaborateurs r\u00e9partis sur 14 sites, elle veille \u00e0 une gestion s\u00fbre, efficace et durable du trafic a\u00e9rien en Suisse et dans les r\u00e9gions limitrophes des pays voisins, l'espace a\u00e9rien le plus fr\u00e9quent\u00e9 d'Europe.\r\n<h2>Au d\u00e9but, il y avait Guglielmo Marconi<\/h2>\r\nCette ann\u00e9e, les services de la navigation a\u00e9rienne en Suisse f\u00eatent leurs 100 ans d'existence. Tout a commenc\u00e9 avec Marconi Radio SA, une filiale de l'entreprise de l'inventeur et pionnier de la radio Guglielmo Marconi. Elle a \u00e9t\u00e9 fond\u00e9e il y a cent ans, le 23 f\u00e9vrier 1922, pour d\u00e9velopper la t\u00e9l\u00e9graphie sans fil - la naissance du contr\u00f4le a\u00e9rien suisse. Le 10 mai 1928, la raison sociale a \u00e9t\u00e9 modifi\u00e9e en Radio Suisse SA pour souligner son caract\u00e8re suisse. Et le 1er janvier 1931, la Conf\u00e9d\u00e9ration suisse a charg\u00e9 Radio Suisse de fournir des services de navigation a\u00e9rienne en Suisse. Depuis lors, l'aviation a connu un grand d\u00e9veloppement. Dans la seconde moiti\u00e9 du si\u00e8cle dernier, l'avion a pu s'imposer dans le monde entier comme un moyen de transport de masse efficace pour les passagers et le fret.\r\n<h2>Le contr\u00f4le a\u00e9rien a rendu possible le d\u00e9veloppement actuel de l'aviation<\/h2>\r\nLe d\u00e9veloppement technologique par les services de la navigation a\u00e9rienne, qui assuraient les vols \u00e0 toute heure du jour et pratiquement dans toutes les conditions m\u00e9t\u00e9orologiques gr\u00e2ce \u00e0 des installations de communication, de navigation et de surveillance, a \u00e9galement \u00e9t\u00e9 d\u00e9cisif. En 1987, la majeure partie des activit\u00e9s non a\u00e9ronautiques de Radio Suisse SA a \u00e9t\u00e9 c\u00e9d\u00e9e ou vendue \u00e0 La Poste Suisse et \u00e0 des entreprises priv\u00e9es, le reste \u00e9tant ensuite transf\u00e9r\u00e9 \u00e0 la soci\u00e9t\u00e9 Swisscontrol. En 2001, suite \u00e0 une d\u00e9cision du Conseil f\u00e9d\u00e9ral, Skyguide a \u00e9t\u00e9 cr\u00e9\u00e9e dans le but d'int\u00e9grer les services civils et militaires de la navigation a\u00e9rienne. L'entreprise est majoritairement d\u00e9tenue par la Conf\u00e9d\u00e9ration suisse et a son si\u00e8ge principal \u00e0 Gen\u00e8ve.\r\n\r\n\"L'aviation a connu une \u00e9volution fondamentale au cours des 100 derni\u00e8res ann\u00e9es. Dans les ann\u00e9es \u00e0 venir, nous mettrons en \u0153uvre des solutions innovantes telles que le Virtual Centre, qui continueront \u00e0 marquer les services de la navigation a\u00e9rienne de leur empreinte\", se r\u00e9jouit Alex Bristol, CEO de Skyguide.\r\nSkyguide comm\u00e9more maintenant ce centenaire par diverses activit\u00e9s tout au long de l'ann\u00e9e : Par de simples \u00e9v\u00e9nements locaux sur les 14 sites de skyguide en Suisse pour les collaborateurs et les m\u00e9dias, par une publication ainsi que par une s\u00e9rie de vid\u00e9os sur YouTube et des campagnes dans les m\u00e9dias sociaux, qui permettent de mieux conna\u00eetre le travail quotidien et les services de la navigation a\u00e9rienne.\r\n\r\n<em>Source et informations compl\u00e9mentaires : <a href=\"http:\/\/www.skyguide.ch\/\">Skyguide<\/a><\/em>\n<p class=\"syndicated-attribution\">Cet article est paru initialement sur m-q.ch - <a href=\"https:\/\/www.m-q.ch\/de\/sicherheit-in-der-luftfahrt-100-jahre-schweizer-flugsicherung\/\" target=\"_blank\">https:\/\/www.m-q.ch\/de\/sicherheit-in-der-luftfahrt-100-jahre-schweizer-flugsicherung\/<\/a><\/p>","protected":false},"excerpt":{"rendered":"<p>Ohne Flugsicherung w\u00fcrde im heutigen dichten Luftverkehr wohl das nackte Chaos herrschen. In der Schweiz f\u00fcr Sicherheit in der Luftfahrt verantwortlich zeigt sich die Firma Skyguide. Sie sorgt mit ihren 1500 Mitarbeitenden an 14 Standorten f\u00fcr ein sicheres, effizientes und nachhaltiges Flugverkehrsmanagement in der Schweiz und den angrenzenden Gebieten der Nachbarl\u00e4nder, dem wohl verkehrsreichsten Luftraum [\u2026]<\/p>\n","protected":false},"author":8,"featured_media":0,"comment_status":"closed","ping_status":"closed","sticky":false,"template":"","format":"standard","meta":{"_acf_changed":false,"_yoast_wpseo_focuskw":"Schweizer Flugsicherung","_yoast_wpseo_metadesc":"Dieses Jahr feiert Skyguide 100 Jahre Flugsicherung in der Schweiz. F\u00fcr die Schweizer Aviatik und der Sicherheit in der Luftfahrt ist dies ein historischer Meilenstein, welchen Skyguide w\u00e4hrend des ganzen Jahres 2022 mit diversen Aktivit\u00e4ten und Publikationen w\u00fcrdigen wird.","articlekey":"","footnotes":""},"categories":[582],"tags":[3259],"class_list":["post-11893","post","type-post","status-publish","format-standard","hentry","category-operational-excellence","tag-schweizer-flugsicherung"],"acf":[],"yoast_head":"<!-- This site is optimized with the Yoast SEO plugin v27.5 - https:\/\/yoast.com\/product\/yoast-seo-wordpress\/ -->\n<title>Sicherheit in der Luftfahrt: 100 Jahre Schweizer Flugsicherung - Organisator<\/title>\n<meta name=\"description\" content=\"Dieses Jahr feiert Skyguide 100 Jahre Flugsicherung in der Schweiz. F\u00fcr die Schweizer Aviatik und der Sicherheit in der Luftfahrt ist dies ein historischer Meilenstein, welchen Skyguide w\u00e4hrend des ganzen Jahres 2022 mit diversen Aktivit\u00e4ten und Publikationen w\u00fcrdigen wird.\" \/>\n<meta name=\"robots\" content=\"index, follow, max-snippet:-1, max-image-preview:large, max-video-preview:-1\" \/>\n<link rel=\"canonical\" href=\"https:\/\/www.m-q.ch\/de\/sicherheit-in-der-luftfahrt-100-jahre-schweizer-flugsicherung\/\" \/>\n<meta property=\"og:locale\" content=\"fr_FR\" \/>\n<meta property=\"og:type\" content=\"article\" \/>\n<meta property=\"og:title\" content=\"Sicherheit in der Luftfahrt: 100 Jahre Schweizer Flugsicherung - Organisator\" \/>\n<meta property=\"og:description\" content=\"Dieses Jahr feiert Skyguide 100 Jahre Flugsicherung in der Schweiz. F\u00fcr die Schweizer Aviatik und der Sicherheit in der Luftfahrt ist dies ein historischer Meilenstein, welchen Skyguide w\u00e4hrend des ganzen Jahres 2022 mit diversen Aktivit\u00e4ten und Publikationen w\u00fcrdigen wird.\" \/>\n<meta property=\"og:url\" content=\"https:\/\/www.m-q.ch\/de\/sicherheit-in-der-luftfahrt-100-jahre-schweizer-flugsicherung\/\" \/>\n<meta property=\"og:site_name\" content=\"Organisator\" \/>\n<meta property=\"article:publisher\" content=\"https:\/\/www.facebook.com\/OrganisatorFachmagazin\" \/>\n<meta property=\"article:published_time\" content=\"2022-02-23T08:30:39+00:00\" \/>\n<meta property=\"article:modified_time\" content=\"2022-08-02T11:25:50+00:00\" \/>\n<meta property=\"og:image\" content=\"https:\/\/www.m-q.ch\/wp-content\/uploads\/2022\/02\/Sicherheit-in-der-Luftfahrt-100-Jahre-Schweizer-Flugsicherung_MQ.jpg\" \/>\n<meta name=\"author\" content=\"galledia\" \/>\n<meta name=\"twitter:card\" content=\"summary_large_image\" \/>\n<meta name=\"twitter:creator\" content=\"@admin\" \/>\n<script type=\"application\/ld+json\" class=\"yoast-schema-graph\">{\"@context\":\"https:\\\/\\\/schema.org\",\"@graph\":[{\"@type\":\"Article\",\"@id\":\"https:\\\/\\\/www.m-q.ch\\\/de\\\/sicherheit-in-der-luftfahrt-100-jahre-schweizer-flugsicherung\\\/#article\",\"isPartOf\":{\"@id\":\"https:\\\/\\\/www.organisator.ch\\\/operational-excellence\\\/2022-02-23\\\/sicherheit-in-der-luftfahrt-100-jahre-schweizer-flugsicherung\\\/\"},\"author\":{\"name\":\"galledia\",\"@id\":\"https:\\\/\\\/www.organisator.ch\\\/#\\\/schema\\\/person\\\/4e51799071cd2dd1232ac003643ef5f0\"},\"headline\":\"Sicherheit in der Luftfahrt: 100 Jahre Schweizer Flugsicherung\",\"datePublished\":\"2022-02-23T08:30:39+00:00\",\"dateModified\":\"2022-08-02T11:25:50+00:00\",\"mainEntityOfPage\":{\"@id\":\"https:\\\/\\\/www.organisator.ch\\\/operational-excellence\\\/2022-02-23\\\/sicherheit-in-der-luftfahrt-100-jahre-schweizer-flugsicherung\\\/\"},\"wordCount\":421,\"publisher\":{\"@id\":\"https:\\\/\\\/www.organisator.ch\\\/#organization\"},\"image\":{\"@id\":\"https:\\\/\\\/www.m-q.ch\\\/de\\\/sicherheit-in-der-luftfahrt-100-jahre-schweizer-flugsicherung\\\/#primaryimage\"},\"thumbnailUrl\":\"https:\\\/\\\/www.m-q.ch\\\/wp-content\\\/uploads\\\/2022\\\/02\\\/Sicherheit-in-der-Luftfahrt-100-Jahre-Schweizer-Flugsicherung_MQ.jpg\",\"keywords\":[\"Schweizer Flugsicherung\"],\"articleSection\":[\"OPERATIONAL EXCELLENCE\"],\"inLanguage\":\"fr-FR\"},{\"@type\":\"WebPage\",\"@id\":\"https:\\\/\\\/www.organisator.ch\\\/operational-excellence\\\/2022-02-23\\\/sicherheit-in-der-luftfahrt-100-jahre-schweizer-flugsicherung\\\/\",\"url\":\"https:\\\/\\\/www.m-q.ch\\\/de\\\/sicherheit-in-der-luftfahrt-100-jahre-schweizer-flugsicherung\\\/\",\"name\":\"Sicherheit in der Luftfahrt: 100 Jahre Schweizer Flugsicherung - Organisator\",\"isPartOf\":{\"@id\":\"https:\\\/\\\/www.organisator.ch\\\/#website\"},\"primaryImageOfPage\":{\"@id\":\"https:\\\/\\\/www.m-q.ch\\\/de\\\/sicherheit-in-der-luftfahrt-100-jahre-schweizer-flugsicherung\\\/#primaryimage\"},\"image\":{\"@id\":\"https:\\\/\\\/www.m-q.ch\\\/de\\\/sicherheit-in-der-luftfahrt-100-jahre-schweizer-flugsicherung\\\/#primaryimage\"},\"thumbnailUrl\":\"https:\\\/\\\/www.m-q.ch\\\/wp-content\\\/uploads\\\/2022\\\/02\\\/Sicherheit-in-der-Luftfahrt-100-Jahre-Schweizer-Flugsicherung_MQ.jpg\",\"datePublished\":\"2022-02-23T08:30:39+00:00\",\"dateModified\":\"2022-08-02T11:25:50+00:00\",\"description\":\"Dieses Jahr feiert Skyguide 100 Jahre Flugsicherung in der Schweiz. F\u00fcr die Schweizer Aviatik und der Sicherheit in der Luftfahrt ist dies ein historischer Meilenstein, welchen Skyguide w\u00e4hrend des ganzen Jahres 2022 mit diversen Aktivit\u00e4ten und Publikationen w\u00fcrdigen wird.\",\"breadcrumb\":{\"@id\":\"https:\\\/\\\/www.m-q.ch\\\/de\\\/sicherheit-in-der-luftfahrt-100-jahre-schweizer-flugsicherung\\\/#breadcrumb\"},\"inLanguage\":\"fr-FR\",\"potentialAction\":[{\"@type\":\"ReadAction\",\"target\":[\"https:\\\/\\\/www.m-q.ch\\\/de\\\/sicherheit-in-der-luftfahrt-100-jahre-schweizer-flugsicherung\\\/\"]}]},{\"@type\":\"ImageObject\",\"inLanguage\":\"fr-FR\",\"@id\":\"https:\\\/\\\/www.m-q.ch\\\/de\\\/sicherheit-in-der-luftfahrt-100-jahre-schweizer-flugsicherung\\\/#primaryimage\",\"url\":\"https:\\\/\\\/www.m-q.ch\\\/wp-content\\\/uploads\\\/2022\\\/02\\\/Sicherheit-in-der-Luftfahrt-100-Jahre-Schweizer-Flugsicherung_MQ.jpg\",\"contentUrl\":\"https:\\\/\\\/www.m-q.ch\\\/wp-content\\\/uploads\\\/2022\\\/02\\\/Sicherheit-in-der-Luftfahrt-100-Jahre-Schweizer-Flugsicherung_MQ.jpg\"},{\"@type\":\"BreadcrumbList\",\"@id\":\"https:\\\/\\\/www.m-q.ch\\\/de\\\/sicherheit-in-der-luftfahrt-100-jahre-schweizer-flugsicherung\\\/#breadcrumb\",\"itemListElement\":[{\"@type\":\"ListItem\",\"position\":1,\"name\":\"Home\",\"item\":\"https:\\\/\\\/www.organisator.ch\\\/\"},{\"@type\":\"ListItem\",\"position\":2,\"name\":\"Sicherheit in der Luftfahrt: 100 Jahre Schweizer Flugsicherung\"}]},{\"@type\":\"WebSite\",\"@id\":\"https:\\\/\\\/www.organisator.ch\\\/#website\",\"url\":\"https:\\\/\\\/www.organisator.ch\\\/\",\"name\":\"Organisator\",\"description\":\"Kompetent. Praxisnah. Der ORGANISATOR bereitet in 10 Ausgaben pro Jahr die wesentlichen Themen f\u00fcr F\u00fchrungskr\u00e4fte von KMU auf.\",\"publisher\":{\"@id\":\"https:\\\/\\\/www.organisator.ch\\\/#organization\"},\"potentialAction\":[{\"@type\":\"SearchAction\",\"target\":{\"@type\":\"EntryPoint\",\"urlTemplate\":\"https:\\\/\\\/www.organisator.ch\\\/?s={search_term_string}\"},\"query-input\":{\"@type\":\"PropertyValueSpecification\",\"valueRequired\":true,\"valueName\":\"search_term_string\"}}],\"inLanguage\":\"fr-FR\"},{\"@type\":\"Organization\",\"@id\":\"https:\\\/\\\/www.organisator.ch\\\/#organization\",\"name\":\"Organisator\",\"url\":\"https:\\\/\\\/www.organisator.ch\\\/\",\"logo\":{\"@type\":\"ImageObject\",\"inLanguage\":\"fr-FR\",\"@id\":\"https:\\\/\\\/www.organisator.ch\\\/#\\\/schema\\\/logo\\\/image\\\/\",\"url\":\"https:\\\/\\\/www.organisator.ch\\\/wp-content\\\/uploads\\\/2022\\\/01\\\/Logo_Organisator_Website.png\",\"contentUrl\":\"https:\\\/\\\/www.organisator.ch\\\/wp-content\\\/uploads\\\/2022\\\/01\\\/Logo_Organisator_Website.png\",\"width\":800,\"height\":77,\"caption\":\"Organisator\"},\"image\":{\"@id\":\"https:\\\/\\\/www.organisator.ch\\\/#\\\/schema\\\/logo\\\/image\\\/\"},\"sameAs\":[\"https:\\\/\\\/www.facebook.com\\\/OrganisatorFachmagazin\",\"https:\\\/\\\/www.linkedin.com\\\/showcase\\\/organisator-das-magazin-fr-kmu\",\"https:\\\/\\\/www.xing.com\\\/news\\\/pages\\\/organisator-ch-695\",\"https:\\\/\\\/www.youtube.com\\\/channel\\\/UCGP2Sq0iWaZwT3BdIAQFYpw\"]},{\"@type\":\"Person\",\"@id\":\"https:\\\/\\\/www.organisator.ch\\\/#\\\/schema\\\/person\\\/4e51799071cd2dd1232ac003643ef5f0\",\"name\":\"galledia\",\"image\":{\"@type\":\"ImageObject\",\"inLanguage\":\"fr-FR\",\"@id\":\"https:\\\/\\\/secure.gravatar.com\\\/avatar\\\/78a7f90c01fc2bfc875782a0d4922b37cde2cf184ce347b91316d23cd7f69a36?s=96&d=mm&r=g\",\"url\":\"https:\\\/\\\/secure.gravatar.com\\\/avatar\\\/78a7f90c01fc2bfc875782a0d4922b37cde2cf184ce347b91316d23cd7f69a36?s=96&d=mm&r=g\",\"contentUrl\":\"https:\\\/\\\/secure.gravatar.com\\\/avatar\\\/78a7f90c01fc2bfc875782a0d4922b37cde2cf184ce347b91316d23cd7f69a36?s=96&d=mm&r=g\",\"caption\":\"galledia\"},\"sameAs\":[\"https:\\\/\\\/x.com\\\/admin\"],\"url\":\"https:\\\/\\\/www.organisator.ch\\\/fr\\\/author\\\/galledia\\\/\"}]}<\/script>\n<!-- \/ Yoast SEO plugin. -->","yoast_head_json":{"title":"La s\u00e9curit\u00e9 dans l'aviation : 100 ans de services suisses de la navigation a\u00e9rienne - Organisateur","description":"Cette ann\u00e9e, Skyguide f\u00eate ses 100 ans de services de la navigation a\u00e9rienne en Suisse. Pour l'aviation suisse et la s\u00e9curit\u00e9 a\u00e9rienne, il s'agit d'une \u00e9tape historique que Skyguide c\u00e9l\u00e9brera tout au long de l'ann\u00e9e 2022 par diverses activit\u00e9s et publications.","robots":{"index":"index","follow":"follow","max-snippet":"max-snippet:-1","max-image-preview":"max-image-preview:large","max-video-preview":"max-video-preview:-1"},"canonical":"https:\/\/www.m-q.ch\/de\/sicherheit-in-der-luftfahrt-100-jahre-schweizer-flugsicherung\/","og_locale":"fr_FR","og_type":"article","og_title":"Sicherheit in der Luftfahrt: 100 Jahre Schweizer Flugsicherung - Organisator","og_description":"Dieses Jahr feiert Skyguide 100 Jahre Flugsicherung in der Schweiz. F\u00fcr die Schweizer Aviatik und der Sicherheit in der Luftfahrt ist dies ein historischer Meilenstein, welchen Skyguide w\u00e4hrend des ganzen Jahres 2022 mit diversen Aktivit\u00e4ten und Publikationen w\u00fcrdigen wird.","og_url":"https:\/\/www.m-q.ch\/de\/sicherheit-in-der-luftfahrt-100-jahre-schweizer-flugsicherung\/","og_site_name":"Organisator","article_publisher":"https:\/\/www.facebook.com\/OrganisatorFachmagazin","article_published_time":"2022-02-23T08:30:39+00:00","article_modified_time":"2022-08-02T11:25:50+00:00","og_image":[{"url":"https:\/\/www.m-q.ch\/wp-content\/uploads\/2022\/02\/Sicherheit-in-der-Luftfahrt-100-Jahre-Schweizer-Flugsicherung_MQ.jpg","type":"","width":"","height":""}],"author":"galledia","twitter_card":"summary_large_image","twitter_creator":"@admin","schema":{"@context":"https:\/\/schema.org","@graph":[{"@type":"Article","@id":"https:\/\/www.m-q.ch\/de\/sicherheit-in-der-luftfahrt-100-jahre-schweizer-flugsicherung\/#article","isPartOf":{"@id":"https:\/\/www.organisator.ch\/operational-excellence\/2022-02-23\/sicherheit-in-der-luftfahrt-100-jahre-schweizer-flugsicherung\/"},"author":{"name":"galledia","@id":"https:\/\/www.organisator.ch\/#\/schema\/person\/4e51799071cd2dd1232ac003643ef5f0"},"headline":"Sicherheit in der Luftfahrt: 100 Jahre Schweizer Flugsicherung","datePublished":"2022-02-23T08:30:39+00:00","dateModified":"2022-08-02T11:25:50+00:00","mainEntityOfPage":{"@id":"https:\/\/www.organisator.ch\/operational-excellence\/2022-02-23\/sicherheit-in-der-luftfahrt-100-jahre-schweizer-flugsicherung\/"},"wordCount":421,"publisher":{"@id":"https:\/\/www.organisator.ch\/#organization"},"image":{"@id":"https:\/\/www.m-q.ch\/de\/sicherheit-in-der-luftfahrt-100-jahre-schweizer-flugsicherung\/#primaryimage"},"thumbnailUrl":"https:\/\/www.m-q.ch\/wp-content\/uploads\/2022\/02\/Sicherheit-in-der-Luftfahrt-100-Jahre-Schweizer-Flugsicherung_MQ.jpg","keywords":["Schweizer Flugsicherung"],"articleSection":["OPERATIONAL EXCELLENCE"],"inLanguage":"fr-FR"},{"@type":"WebPage","@id":"https:\/\/www.organisator.ch\/operational-excellence\/2022-02-23\/sicherheit-in-der-luftfahrt-100-jahre-schweizer-flugsicherung\/","url":"https:\/\/www.m-q.ch\/de\/sicherheit-in-der-luftfahrt-100-jahre-schweizer-flugsicherung\/","name":"La s\u00e9curit\u00e9 dans l'aviation : 100 ans de services suisses de la navigation a\u00e9rienne - Organisateur","isPartOf":{"@id":"https:\/\/www.organisator.ch\/#website"},"primaryImageOfPage":{"@id":"https:\/\/www.m-q.ch\/de\/sicherheit-in-der-luftfahrt-100-jahre-schweizer-flugsicherung\/#primaryimage"},"image":{"@id":"https:\/\/www.m-q.ch\/de\/sicherheit-in-der-luftfahrt-100-jahre-schweizer-flugsicherung\/#primaryimage"},"thumbnailUrl":"https:\/\/www.m-q.ch\/wp-content\/uploads\/2022\/02\/Sicherheit-in-der-Luftfahrt-100-Jahre-Schweizer-Flugsicherung_MQ.jpg","datePublished":"2022-02-23T08:30:39+00:00","dateModified":"2022-08-02T11:25:50+00:00","description":"Cette ann\u00e9e, Skyguide f\u00eate ses 100 ans de services de la navigation a\u00e9rienne en Suisse. Pour l'aviation suisse et la s\u00e9curit\u00e9 a\u00e9rienne, il s'agit d'une \u00e9tape historique que Skyguide c\u00e9l\u00e9brera tout au long de l'ann\u00e9e 2022 par diverses activit\u00e9s et publications.","breadcrumb":{"@id":"https:\/\/www.m-q.ch\/de\/sicherheit-in-der-luftfahrt-100-jahre-schweizer-flugsicherung\/#breadcrumb"},"inLanguage":"fr-FR","potentialAction":[{"@type":"ReadAction","target":["https:\/\/www.m-q.ch\/de\/sicherheit-in-der-luftfahrt-100-jahre-schweizer-flugsicherung\/"]}]},{"@type":"ImageObject","inLanguage":"fr-FR","@id":"https:\/\/www.m-q.ch\/de\/sicherheit-in-der-luftfahrt-100-jahre-schweizer-flugsicherung\/#primaryimage","url":"https:\/\/www.m-q.ch\/wp-content\/uploads\/2022\/02\/Sicherheit-in-der-Luftfahrt-100-Jahre-Schweizer-Flugsicherung_MQ.jpg","contentUrl":"https:\/\/www.m-q.ch\/wp-content\/uploads\/2022\/02\/Sicherheit-in-der-Luftfahrt-100-Jahre-Schweizer-Flugsicherung_MQ.jpg"},{"@type":"BreadcrumbList","@id":"https:\/\/www.m-q.ch\/de\/sicherheit-in-der-luftfahrt-100-jahre-schweizer-flugsicherung\/#breadcrumb","itemListElement":[{"@type":"ListItem","position":1,"name":"Home","item":"https:\/\/www.organisator.ch\/"},{"@type":"ListItem","position":2,"name":"Sicherheit in der Luftfahrt: 100 Jahre Schweizer Flugsicherung"}]},{"@type":"WebSite","@id":"https:\/\/www.organisator.ch\/#website","url":"https:\/\/www.organisator.ch\/","name":"Organisateur","description":"Comp\u00e9tence et comp\u00e9tence. Proches de la pratique. L'ORGANISATEUR pr\u00e9pare 10 num\u00e9ros par an sur les th\u00e8mes essentiels pour les dirigeants de PME.","publisher":{"@id":"https:\/\/www.organisator.ch\/#organization"},"potentialAction":[{"@type":"SearchAction","target":{"@type":"EntryPoint","urlTemplate":"https:\/\/www.organisator.ch\/?s={search_term_string}"},"query-input":{"@type":"PropertyValueSpecification","valueRequired":true,"valueName":"search_term_string"}}],"inLanguage":"fr-FR"},{"@type":"Organization","@id":"https:\/\/www.organisator.ch\/#organization","name":"Organisateur","url":"https:\/\/www.organisator.ch\/","logo":{"@type":"ImageObject","inLanguage":"fr-FR","@id":"https:\/\/www.organisator.ch\/#\/schema\/logo\/image\/","url":"https:\/\/www.organisator.ch\/wp-content\/uploads\/2022\/01\/Logo_Organisator_Website.png","contentUrl":"https:\/\/www.organisator.ch\/wp-content\/uploads\/2022\/01\/Logo_Organisator_Website.png","width":800,"height":77,"caption":"Organisator"},"image":{"@id":"https:\/\/www.organisator.ch\/#\/schema\/logo\/image\/"},"sameAs":["https:\/\/www.facebook.com\/OrganisatorFachmagazin","https:\/\/www.linkedin.com\/showcase\/organisator-das-magazin-fr-kmu","https:\/\/www.xing.com\/news\/pages\/organisator-ch-695","https:\/\/www.youtube.com\/channel\/UCGP2Sq0iWaZwT3BdIAQFYpw"]},{"@type":"Person","@id":"https:\/\/www.organisator.ch\/#\/schema\/person\/4e51799071cd2dd1232ac003643ef5f0","name":"galledia","image":{"@type":"ImageObject","inLanguage":"fr-FR","@id":"https:\/\/secure.gravatar.com\/avatar\/78a7f90c01fc2bfc875782a0d4922b37cde2cf184ce347b91316d23cd7f69a36?s=96&d=mm&r=g","url":"https:\/\/secure.gravatar.com\/avatar\/78a7f90c01fc2bfc875782a0d4922b37cde2cf184ce347b91316d23cd7f69a36?s=96&d=mm&r=g","contentUrl":"https:\/\/secure.gravatar.com\/avatar\/78a7f90c01fc2bfc875782a0d4922b37cde2cf184ce347b91316d23cd7f69a36?s=96&d=mm&r=g","caption":"galledia"},"sameAs":["https:\/\/x.com\/admin"],"url":"https:\/\/www.organisator.ch\/fr\/author\/galledia\/"}]}},"_links":{"self":[{"href":"https:\/\/www.organisator.ch\/fr\/wp-json\/wp\/v2\/posts\/11893","targetHints":{"allow":["GET"]}}],"collection":[{"href":"https:\/\/www.organisator.ch\/fr\/wp-json\/wp\/v2\/posts"}],"about":[{"href":"https:\/\/www.organisator.ch\/fr\/wp-json\/wp\/v2\/types\/post"}],"author":[{"embeddable":true,"href":"https:\/\/www.organisator.ch\/fr\/wp-json\/wp\/v2\/users\/8"}],"replies":[{"embeddable":true,"href":"https:\/\/www.organisator.ch\/fr\/wp-json\/wp\/v2\/comments?post=11893"}],"version-history":[{"count":4,"href":"https:\/\/www.organisator.ch\/fr\/wp-json\/wp\/v2\/posts\/11893\/revisions"}],"predecessor-version":[{"id":16172,"href":"https:\/\/www.organisator.ch\/fr\/wp-json\/wp\/v2\/posts\/11893\/revisions\/16172"}],"wp:attachment":[{"href":"https:\/\/www.organisator.ch\/fr\/wp-json\/wp\/v2\/media?parent=11893"}],"wp:term":[{"taxonomy":"category","embeddable":true,"href":"https:\/\/www.organisator.ch\/fr\/wp-json\/wp\/v2\/categories?post=11893"},{"taxonomy":"post_tag","embeddable":true,"href":"https:\/\/www.organisator.ch\/fr\/wp-json\/wp\/v2\/tags?post=11893"}],"curies":[{"name":"wp","href":"https:\/\/api.w.org\/{rel}","templated":true}]}}