{"id":11927,"date":"2022-02-24T09:48:26","date_gmt":"2022-02-24T08:48:26","guid":{"rendered":"https:\/\/www.werbewoche.ch\/?p=166036"},"modified":"2022-08-02T13:22:19","modified_gmt":"2022-08-02T11:22:19","slug":"koch-setzt-einen-doppelpunkt-fuer-ekt","status":"publish","type":"post","link":"https:\/\/www.organisator.ch\/fr\/marketing\/2022-02-24\/koch-setzt-einen-doppelpunkt-fuer-ekt\/","title":{"rendered":"Koch met les points sur les i pour l'EKT"},"content":{"rendered":"<img class=\"aligncenter wp-image-166045 size-full\" src=\"https:\/\/www.werbewoche.ch\/wp-content\/uploads\/2022\/02\/3_Case_EKT_Agentur_Koch-scaled.jpg\" alt=\"Le cuisinier mise sur\" width=\"2560\" height=\"1442\" \/>Fond\u00e9e en 1912, la \"Centrale \u00e9lectrique du canton de Thurgovie\" approvisionne la Thurgovie en \u00e9nergie depuis plus d'un si\u00e8cle. Au fil des ann\u00e9es, un nouveau secteur d'activit\u00e9 \"Digital Services\" est venu s'ajouter aux secteurs R\u00e9seaux, \u00c9nergie et Production &amp; B\u00e2timents. Ce secteur d'activit\u00e9 de plus en plus important devait \u00eatre pris en compte dans la nouvelle image de marque.\r\n\r\n<a href=\"https:\/\/www.werbewoche.ch\/de\/marketing\/marken\/2022-02-24\/koch-setzt-einen-doppelpunkt-fuer-ekt\/attachment\/2_case_ekt_agentur_koch\/\"><img class=\"attachment-full alignnone\" src=\"https:\/\/www.werbewoche.ch\/wp-content\/uploads\/2022\/02\/2_Case_EKT_Agentur_Koch.jpg\" alt=\"Le cuisinier mise sur\" width=\"1340\" height=\"755\" \/><\/a>\r\n<a href=\"https:\/\/www.werbewoche.ch\/de\/marketing\/marken\/2022-02-24\/koch-setzt-einen-doppelpunkt-fuer-ekt\/attachment\/8_case_ekt_agentur_koch\/\"><img class=\"attachment-full alignnone\" src=\"https:\/\/www.werbewoche.ch\/wp-content\/uploads\/2022\/02\/8_Case_EKT_Agentur_Koch.jpg\" alt=\"Le cuisinier mise sur\" width=\"1340\" height=\"755\" \/><\/a>\r\n\r\nLe domaine des donn\u00e9es avait besoin d'une place correspondante dans l'image de marque. Ce faisant, l'image de la marque devait \u00eatre globalement plus forte, plus moderne et plus parlante. L'agence Koch a con\u00e7u et r\u00e9alis\u00e9 le changement souhait\u00e9 en collaboration avec le client.\r\n\r\n\r\n\r\n<a href=\"https:\/\/www.werbewoche.ch\/de\/marketing\/marken\/2022-02-24\/koch-setzt-einen-doppelpunkt-fuer-ekt\/attachment\/23_case_ekt_agentur_koch\/\"><img class=\"attachment-full alignnone\" src=\"https:\/\/www.werbewoche.ch\/wp-content\/uploads\/2022\/02\/23_Case_EKT_Agentur_Koch-scaled.jpg\" alt=\"Le cuisinier mise sur\" width=\"2560\" height=\"1442\" \/><\/a>\r\n<a href=\"https:\/\/www.werbewoche.ch\/de\/marketing\/marken\/2022-02-24\/koch-setzt-einen-doppelpunkt-fuer-ekt\/attachment\/24_case_ekt_agentur_koch\/\"><img class=\"attachment-full alignnone\" src=\"https:\/\/www.werbewoche.ch\/wp-content\/uploads\/2022\/02\/24_Case_EKT_Agentur_Koch-scaled.jpg\" alt=\"Le cuisinier mise sur\" width=\"2560\" height=\"1442\" \/><\/a>\r\n<a href=\"https:\/\/www.werbewoche.ch\/de\/marketing\/marken\/2022-02-24\/koch-setzt-einen-doppelpunkt-fuer-ekt\/attachment\/25_case_ekt_agentur_koch\/\"><img class=\"attachment-full alignnone\" src=\"https:\/\/www.werbewoche.ch\/wp-content\/uploads\/2022\/02\/25_Case_EKT_Agentur_Koch.jpg\" alt=\"Le cuisinier mise sur\" width=\"1340\" height=\"755\" \/><\/a>\r\n<a href=\"https:\/\/www.werbewoche.ch\/de\/marketing\/marken\/2022-02-24\/koch-setzt-einen-doppelpunkt-fuer-ekt\/attachment\/26_case_ekt_agentur_koch\/\"><img class=\"attachment-full alignnone\" src=\"https:\/\/www.werbewoche.ch\/wp-content\/uploads\/2022\/02\/26_Case_EKT_Agentur_Koch.jpg\" alt=\"Le cuisinier mise sur\" width=\"1340\" height=\"755\" \/><\/a>\r\n<a href=\"https:\/\/www.werbewoche.ch\/de\/marketing\/marken\/2022-02-24\/koch-setzt-einen-doppelpunkt-fuer-ekt\/attachment\/27_case_ekt_agentur_koch\/\"><img class=\"attachment-full alignnone\" src=\"https:\/\/www.werbewoche.ch\/wp-content\/uploads\/2022\/02\/27_Case_EKT_Agentur_Koch.jpg\" alt=\"Le cuisinier mise sur\" width=\"1340\" height=\"755\" \/><\/a>\r\n<a href=\"https:\/\/www.werbewoche.ch\/de\/marketing\/marken\/2022-02-24\/koch-setzt-einen-doppelpunkt-fuer-ekt\/attachment\/29_case_ekt_agentur_koch\/\"><img class=\"attachment-full alignnone\" src=\"https:\/\/www.werbewoche.ch\/wp-content\/uploads\/2022\/02\/29_Case_EKT_Agentur_Koch.jpg\" alt=\"Le cuisinier mise sur\" width=\"1340\" height=\"755\" \/><\/a>\r\n<a href=\"https:\/\/www.werbewoche.ch\/de\/marketing\/marken\/2022-02-24\/koch-setzt-einen-doppelpunkt-fuer-ekt\/attachment\/30_case_ekt_agentur_koch\/\"><img class=\"attachment-full alignnone\" src=\"https:\/\/www.werbewoche.ch\/wp-content\/uploads\/2022\/02\/30_Case_EKT_Agentur_Koch.jpg\" alt=\"Le cuisinier mise sur\" width=\"1340\" height=\"755\" \/><\/a>\r\n<a href=\"https:\/\/www.werbewoche.ch\/de\/marketing\/marken\/2022-02-24\/koch-setzt-einen-doppelpunkt-fuer-ekt\/attachment\/4_case_ekt_agentur_koch\/\"><img class=\"attachment-full alignnone\" src=\"https:\/\/www.werbewoche.ch\/wp-content\/uploads\/2022\/02\/4_Case_EKT_Agentur_Koch-scaled.jpg\" alt=\"Le cuisinier mise sur\" width=\"2560\" height=\"1442\" \/><\/a>\r\n<a href=\"https:\/\/www.werbewoche.ch\/de\/marketing\/marken\/2022-02-24\/koch-setzt-einen-doppelpunkt-fuer-ekt\/attachment\/5_case_ekt_agentur_koch\/\"><img class=\"attachment-full alignnone\" src=\"https:\/\/www.werbewoche.ch\/wp-content\/uploads\/2022\/02\/5_Case_EKT_Agentur_Koch.jpg\" alt=\"Le cuisinier mise sur\" width=\"1340\" height=\"755\" \/><\/a>\r\n<a href=\"https:\/\/www.werbewoche.ch\/de\/marketing\/marken\/2022-02-24\/koch-setzt-einen-doppelpunkt-fuer-ekt\/attachment\/6_case_ekt_agentur_koch\/\"><img class=\"attachment-full alignnone\" src=\"https:\/\/www.werbewoche.ch\/wp-content\/uploads\/2022\/02\/6_Case_EKT_Agentur_Koch.jpg\" alt=\"Le cuisinier mise sur\" width=\"1340\" height=\"755\" \/><\/a>\r\n<a href=\"https:\/\/www.werbewoche.ch\/de\/marketing\/marken\/2022-02-24\/koch-setzt-einen-doppelpunkt-fuer-ekt\/attachment\/7_case_ekt_agentur_koch\/\"><img class=\"attachment-full alignnone\" src=\"https:\/\/www.werbewoche.ch\/wp-content\/uploads\/2022\/02\/7_Case_EKT_Agentur_Koch.jpg\" alt=\"Le cuisinier mise sur\" width=\"1340\" height=\"755\" \/><\/a>\r\n<a href=\"https:\/\/www.werbewoche.ch\/de\/marketing\/marken\/2022-02-24\/koch-setzt-einen-doppelpunkt-fuer-ekt\/attachment\/9_case_ekt_agentur_koch\/\"><img class=\"attachment-full alignnone\" src=\"https:\/\/www.werbewoche.ch\/wp-content\/uploads\/2022\/02\/9_Case_EKT_Agentur_Koch.jpg\" alt=\"Le cuisinier mise sur\" width=\"1340\" height=\"755\" \/><\/a>\r\n<a href=\"https:\/\/www.werbewoche.ch\/de\/marketing\/marken\/2022-02-24\/koch-setzt-einen-doppelpunkt-fuer-ekt\/attachment\/10_case_ekt_agentur_koch\/\"><img class=\"attachment-full alignnone\" src=\"https:\/\/www.werbewoche.ch\/wp-content\/uploads\/2022\/02\/10_Case_EKT_Agentur_Koch.jpg\" alt=\"Le cuisinier mise sur\" width=\"1340\" height=\"755\" \/><\/a>\r\n<a href=\"https:\/\/www.werbewoche.ch\/de\/marketing\/marken\/2022-02-24\/koch-setzt-einen-doppelpunkt-fuer-ekt\/attachment\/11_case_ekt_agentur_koch\/\"><img class=\"attachment-full alignnone\" src=\"https:\/\/www.werbewoche.ch\/wp-content\/uploads\/2022\/02\/11_Case_EKT_Agentur_Koch-scaled.jpg\" alt=\"Le cuisinier mise sur\" width=\"2560\" height=\"1442\" \/><\/a>\r\n<a href=\"https:\/\/www.werbewoche.ch\/de\/marketing\/marken\/2022-02-24\/koch-setzt-einen-doppelpunkt-fuer-ekt\/attachment\/12_case_ekt_agentur_koch\/\"><img class=\"attachment-full alignnone\" src=\"https:\/\/www.werbewoche.ch\/wp-content\/uploads\/2022\/02\/12_Case_EKT_Agentur_Koch.jpg\" alt=\"Le cuisinier mise sur\" width=\"1340\" height=\"755\" \/><\/a>\r\n<a href=\"https:\/\/www.werbewoche.ch\/de\/marketing\/marken\/2022-02-24\/koch-setzt-einen-doppelpunkt-fuer-ekt\/attachment\/13_case_ekt_agentur_koch\/\"><img class=\"attachment-full alignnone\" src=\"https:\/\/www.werbewoche.ch\/wp-content\/uploads\/2022\/02\/13_Case_EKT_Agentur_Koch.jpg\" alt=\"Le cuisinier mise sur\" width=\"1340\" height=\"755\" \/><\/a>\r\n<a href=\"https:\/\/www.werbewoche.ch\/de\/marketing\/marken\/2022-02-24\/koch-setzt-einen-doppelpunkt-fuer-ekt\/attachment\/14_case_ekt_agentur_koch\/\"><img class=\"attachment-full alignnone\" src=\"https:\/\/www.werbewoche.ch\/wp-content\/uploads\/2022\/02\/14_Case_EKT_Agentur_Koch.jpg\" alt=\"Le cuisinier mise sur\" width=\"1340\" height=\"755\" \/><\/a>\r\n<a href=\"https:\/\/www.werbewoche.ch\/de\/marketing\/marken\/2022-02-24\/koch-setzt-einen-doppelpunkt-fuer-ekt\/attachment\/15_case_ekt_agentur_koch\/\"><img class=\"attachment-full alignnone\" src=\"https:\/\/www.werbewoche.ch\/wp-content\/uploads\/2022\/02\/15_Case_EKT_Agentur_Koch.jpg\" alt=\"Le cuisinier mise sur\" width=\"1340\" height=\"755\" \/><\/a>\r\n<a href=\"https:\/\/www.werbewoche.ch\/de\/marketing\/marken\/2022-02-24\/koch-setzt-einen-doppelpunkt-fuer-ekt\/attachment\/16_case_ekt_agentur_koch\/\"><img class=\"attachment-full alignnone\" src=\"https:\/\/www.werbewoche.ch\/wp-content\/uploads\/2022\/02\/16_Case_EKT_Agentur_Koch-scaled.jpg\" alt=\"Le cuisinier mise sur\" width=\"2560\" height=\"1442\" \/><\/a>\r\n<a href=\"https:\/\/www.werbewoche.ch\/de\/marketing\/marken\/2022-02-24\/koch-setzt-einen-doppelpunkt-fuer-ekt\/attachment\/17_case_ekt_agentur_koch\/\"><img class=\"attachment-full alignnone\" src=\"https:\/\/www.werbewoche.ch\/wp-content\/uploads\/2022\/02\/17_Case_EKT_Agentur_Koch-scaled.jpg\" alt=\"Le cuisinier mise sur\" width=\"2560\" height=\"1442\" \/><\/a>\r\n<a href=\"https:\/\/www.werbewoche.ch\/de\/marketing\/marken\/2022-02-24\/koch-setzt-einen-doppelpunkt-fuer-ekt\/attachment\/18_case_ekt_agentur_koch\/\"><img class=\"attachment-full alignnone\" src=\"https:\/\/www.werbewoche.ch\/wp-content\/uploads\/2022\/02\/18_Case_EKT_Agentur_Koch.jpg\" alt=\"Le cuisinier mise sur\" width=\"1340\" height=\"755\" \/><\/a>\r\n<a href=\"https:\/\/www.werbewoche.ch\/de\/marketing\/marken\/2022-02-24\/koch-setzt-einen-doppelpunkt-fuer-ekt\/attachment\/19_case_ekt_agentur_koch\/\"><img class=\"attachment-full alignnone\" src=\"https:\/\/www.werbewoche.ch\/wp-content\/uploads\/2022\/02\/19_Case_EKT_Agentur_Koch.jpg\" alt=\"Le cuisinier mise sur\" width=\"1340\" height=\"755\" \/><\/a>\r\n<a href=\"https:\/\/www.werbewoche.ch\/de\/marketing\/marken\/2022-02-24\/koch-setzt-einen-doppelpunkt-fuer-ekt\/attachment\/20_case_ekt_agentur_koch\/\"><img class=\"attachment-full alignnone\" src=\"https:\/\/www.werbewoche.ch\/wp-content\/uploads\/2022\/02\/20_Case_EKT_Agentur_Koch-scaled.jpg\" alt=\"Le cuisinier mise sur\" width=\"2560\" height=\"1442\" \/><\/a>\r\n<a href=\"https:\/\/www.werbewoche.ch\/de\/marketing\/marken\/2022-02-24\/koch-setzt-einen-doppelpunkt-fuer-ekt\/attachment\/21_case_ekt_agentur_koch\/\"><img class=\"attachment-full alignnone\" src=\"https:\/\/www.werbewoche.ch\/wp-content\/uploads\/2022\/02\/21_Case_EKT_Agentur_Koch-scaled.jpg\" alt=\"Le cuisinier mise sur\" width=\"2560\" height=\"1442\" \/><\/a>\r\n<a href=\"https:\/\/www.werbewoche.ch\/de\/marketing\/marken\/2022-02-24\/koch-setzt-einen-doppelpunkt-fuer-ekt\/attachment\/22_case_ekt_agentur_koch\/\"><img class=\"attachment-full alignnone\" src=\"https:\/\/www.werbewoche.ch\/wp-content\/uploads\/2022\/02\/22_Case_EKT_Agentur_Koch-scaled.jpg\" alt=\"Le cuisinier mise sur\" width=\"2560\" height=\"1442\" \/><\/a>\r\n\r\n<hr \/>\r\n\r\n<strong>Responsable chez EKT :<\/strong> Marc Senn (responsable marketing et ventes), Dominique Lambert (sp\u00e9cialiste communication \/ content marketing manager). <strong>Agence responsable :<\/strong> Agenturkoch.ch.\r\n\r\n&nbsp;\r\n\r\n&nbsp;","protected":false},"excerpt":{"rendered":"<p>Das 1912 gegr\u00fcndete \u00abElektrizit\u00e4tswerk des Kantons Thurgau\u00bb versorgt den Thurgau seit \u00fcber einem Jahrhundert mit Energie. Im Verlauf der Jahre ist neben den Bereichen Netze, Energie sowie Produktion &amp; Geb\u00e4ude ein weiterer Gesch\u00e4ftsbereich \u00abDigital Services\u00bb dazugekommen. Diesem zunehmend wichtigen Gesch\u00e4ftsfeld sollte im neuen Branding Rechnung getragen werden. Der Bereich Daten brauchte im Erscheinungsbild einen entsprechenden [\u2026]<\/p>\n","protected":false},"author":8,"featured_media":0,"comment_status":"closed","ping_status":"closed","sticky":false,"template":"","format":"standard","meta":{"_acf_changed":false,"_yoast_wpseo_focuskw":"Koch setzt","_yoast_wpseo_metadesc":"Im neuen Erscheinungsbild der EKT Gruppe hat der bedeutungsvolle Gesch\u00e4ftsbereich Daten nach vielen Jahren seinen verdienten Platz bekommen.","articlekey":"","footnotes":""},"categories":[29],"tags":[2715,3257,3258],"class_list":["post-11927","post","type-post","status-publish","format-standard","hentry","category-marketing","tag-agentur-koch","tag-ekt","tag-koch-setzt"],"acf":[],"yoast_head":"<!-- This site is optimized with the Yoast SEO plugin v27.5 - https:\/\/yoast.com\/product\/yoast-seo-wordpress\/ -->\n<title>Koch setzt einen Doppelpunkt f\u00fcr EKT - Organisator<\/title>\n<meta name=\"description\" content=\"Im neuen Erscheinungsbild der EKT Gruppe hat der bedeutungsvolle Gesch\u00e4ftsbereich Daten nach vielen Jahren seinen verdienten Platz bekommen.\" \/>\n<meta name=\"robots\" content=\"index, follow, max-snippet:-1, max-image-preview:large, max-video-preview:-1\" \/>\n<link rel=\"canonical\" href=\"https:\/\/www.werbewoche.ch\/de\/marketing\/marken\/2022-02-24\/koch-setzt-einen-doppelpunkt-fuer-ekt\/\" \/>\n<meta property=\"og:locale\" content=\"fr_FR\" \/>\n<meta property=\"og:type\" content=\"article\" \/>\n<meta property=\"og:title\" content=\"Koch setzt einen Doppelpunkt f\u00fcr EKT - Organisator\" \/>\n<meta property=\"og:description\" content=\"Im neuen Erscheinungsbild der EKT Gruppe hat der bedeutungsvolle Gesch\u00e4ftsbereich Daten nach vielen Jahren seinen verdienten Platz bekommen.\" \/>\n<meta property=\"og:url\" content=\"https:\/\/www.werbewoche.ch\/de\/marketing\/marken\/2022-02-24\/koch-setzt-einen-doppelpunkt-fuer-ekt\/\" \/>\n<meta property=\"og:site_name\" content=\"Organisator\" \/>\n<meta property=\"article:publisher\" content=\"https:\/\/www.facebook.com\/OrganisatorFachmagazin\" \/>\n<meta property=\"article:published_time\" content=\"2022-02-24T08:48:26+00:00\" \/>\n<meta property=\"article:modified_time\" content=\"2022-08-02T11:22:19+00:00\" \/>\n<meta property=\"og:image\" content=\"https:\/\/www.werbewoche.ch\/wp-content\/uploads\/2022\/02\/3_Case_EKT_Agentur_Koch-scaled.jpg\" \/>\n<meta name=\"author\" content=\"galledia\" \/>\n<meta name=\"twitter:card\" content=\"summary_large_image\" \/>\n<meta name=\"twitter:creator\" content=\"@admin\" \/>\n<script type=\"application\/ld+json\" class=\"yoast-schema-graph\">{\"@context\":\"https:\\\/\\\/schema.org\",\"@graph\":[{\"@type\":\"Article\",\"@id\":\"https:\\\/\\\/www.werbewoche.ch\\\/de\\\/marketing\\\/marken\\\/2022-02-24\\\/koch-setzt-einen-doppelpunkt-fuer-ekt\\\/#article\",\"isPartOf\":{\"@id\":\"https:\\\/\\\/www.organisator.ch\\\/marketing\\\/2022-02-24\\\/koch-setzt-einen-doppelpunkt-fuer-ekt\\\/\"},\"author\":{\"name\":\"galledia\",\"@id\":\"https:\\\/\\\/www.organisator.ch\\\/#\\\/schema\\\/person\\\/4e51799071cd2dd1232ac003643ef5f0\"},\"headline\":\"Koch setzt einen Doppelpunkt f\u00fcr EKT\",\"datePublished\":\"2022-02-24T08:48:26+00:00\",\"dateModified\":\"2022-08-02T11:22:19+00:00\",\"mainEntityOfPage\":{\"@id\":\"https:\\\/\\\/www.organisator.ch\\\/marketing\\\/2022-02-24\\\/koch-setzt-einen-doppelpunkt-fuer-ekt\\\/\"},\"wordCount\":116,\"publisher\":{\"@id\":\"https:\\\/\\\/www.organisator.ch\\\/#organization\"},\"image\":{\"@id\":\"https:\\\/\\\/www.werbewoche.ch\\\/de\\\/marketing\\\/marken\\\/2022-02-24\\\/koch-setzt-einen-doppelpunkt-fuer-ekt\\\/#primaryimage\"},\"thumbnailUrl\":\"https:\\\/\\\/www.werbewoche.ch\\\/wp-content\\\/uploads\\\/2022\\\/02\\\/3_Case_EKT_Agentur_Koch-scaled.jpg\",\"keywords\":[\"Agentur Koch\",\"EKT\",\"Koch setzt\"],\"articleSection\":[\"MARKETING\"],\"inLanguage\":\"fr-FR\"},{\"@type\":\"WebPage\",\"@id\":\"https:\\\/\\\/www.organisator.ch\\\/marketing\\\/2022-02-24\\\/koch-setzt-einen-doppelpunkt-fuer-ekt\\\/\",\"url\":\"https:\\\/\\\/www.werbewoche.ch\\\/de\\\/marketing\\\/marken\\\/2022-02-24\\\/koch-setzt-einen-doppelpunkt-fuer-ekt\\\/\",\"name\":\"Koch setzt einen Doppelpunkt f\u00fcr EKT - Organisator\",\"isPartOf\":{\"@id\":\"https:\\\/\\\/www.organisator.ch\\\/#website\"},\"primaryImageOfPage\":{\"@id\":\"https:\\\/\\\/www.werbewoche.ch\\\/de\\\/marketing\\\/marken\\\/2022-02-24\\\/koch-setzt-einen-doppelpunkt-fuer-ekt\\\/#primaryimage\"},\"image\":{\"@id\":\"https:\\\/\\\/www.werbewoche.ch\\\/de\\\/marketing\\\/marken\\\/2022-02-24\\\/koch-setzt-einen-doppelpunkt-fuer-ekt\\\/#primaryimage\"},\"thumbnailUrl\":\"https:\\\/\\\/www.werbewoche.ch\\\/wp-content\\\/uploads\\\/2022\\\/02\\\/3_Case_EKT_Agentur_Koch-scaled.jpg\",\"datePublished\":\"2022-02-24T08:48:26+00:00\",\"dateModified\":\"2022-08-02T11:22:19+00:00\",\"description\":\"Im neuen Erscheinungsbild der EKT Gruppe hat der bedeutungsvolle Gesch\u00e4ftsbereich Daten nach vielen Jahren seinen verdienten Platz bekommen.\",\"breadcrumb\":{\"@id\":\"https:\\\/\\\/www.werbewoche.ch\\\/de\\\/marketing\\\/marken\\\/2022-02-24\\\/koch-setzt-einen-doppelpunkt-fuer-ekt\\\/#breadcrumb\"},\"inLanguage\":\"fr-FR\",\"potentialAction\":[{\"@type\":\"ReadAction\",\"target\":[\"https:\\\/\\\/www.werbewoche.ch\\\/de\\\/marketing\\\/marken\\\/2022-02-24\\\/koch-setzt-einen-doppelpunkt-fuer-ekt\\\/\"]}]},{\"@type\":\"ImageObject\",\"inLanguage\":\"fr-FR\",\"@id\":\"https:\\\/\\\/www.werbewoche.ch\\\/de\\\/marketing\\\/marken\\\/2022-02-24\\\/koch-setzt-einen-doppelpunkt-fuer-ekt\\\/#primaryimage\",\"url\":\"https:\\\/\\\/www.werbewoche.ch\\\/wp-content\\\/uploads\\\/2022\\\/02\\\/3_Case_EKT_Agentur_Koch-scaled.jpg\",\"contentUrl\":\"https:\\\/\\\/www.werbewoche.ch\\\/wp-content\\\/uploads\\\/2022\\\/02\\\/3_Case_EKT_Agentur_Koch-scaled.jpg\"},{\"@type\":\"BreadcrumbList\",\"@id\":\"https:\\\/\\\/www.werbewoche.ch\\\/de\\\/marketing\\\/marken\\\/2022-02-24\\\/koch-setzt-einen-doppelpunkt-fuer-ekt\\\/#breadcrumb\",\"itemListElement\":[{\"@type\":\"ListItem\",\"position\":1,\"name\":\"Home\",\"item\":\"https:\\\/\\\/www.organisator.ch\\\/\"},{\"@type\":\"ListItem\",\"position\":2,\"name\":\"Koch setzt einen Doppelpunkt f\u00fcr EKT\"}]},{\"@type\":\"WebSite\",\"@id\":\"https:\\\/\\\/www.organisator.ch\\\/#website\",\"url\":\"https:\\\/\\\/www.organisator.ch\\\/\",\"name\":\"Organisator\",\"description\":\"Kompetent. Praxisnah. Der ORGANISATOR bereitet in 10 Ausgaben pro Jahr die wesentlichen Themen f\u00fcr F\u00fchrungskr\u00e4fte von KMU auf.\",\"publisher\":{\"@id\":\"https:\\\/\\\/www.organisator.ch\\\/#organization\"},\"potentialAction\":[{\"@type\":\"SearchAction\",\"target\":{\"@type\":\"EntryPoint\",\"urlTemplate\":\"https:\\\/\\\/www.organisator.ch\\\/?s={search_term_string}\"},\"query-input\":{\"@type\":\"PropertyValueSpecification\",\"valueRequired\":true,\"valueName\":\"search_term_string\"}}],\"inLanguage\":\"fr-FR\"},{\"@type\":\"Organization\",\"@id\":\"https:\\\/\\\/www.organisator.ch\\\/#organization\",\"name\":\"Organisator\",\"url\":\"https:\\\/\\\/www.organisator.ch\\\/\",\"logo\":{\"@type\":\"ImageObject\",\"inLanguage\":\"fr-FR\",\"@id\":\"https:\\\/\\\/www.organisator.ch\\\/#\\\/schema\\\/logo\\\/image\\\/\",\"url\":\"https:\\\/\\\/www.organisator.ch\\\/wp-content\\\/uploads\\\/2022\\\/01\\\/Logo_Organisator_Website.png\",\"contentUrl\":\"https:\\\/\\\/www.organisator.ch\\\/wp-content\\\/uploads\\\/2022\\\/01\\\/Logo_Organisator_Website.png\",\"width\":800,\"height\":77,\"caption\":\"Organisator\"},\"image\":{\"@id\":\"https:\\\/\\\/www.organisator.ch\\\/#\\\/schema\\\/logo\\\/image\\\/\"},\"sameAs\":[\"https:\\\/\\\/www.facebook.com\\\/OrganisatorFachmagazin\",\"https:\\\/\\\/www.linkedin.com\\\/showcase\\\/organisator-das-magazin-fr-kmu\",\"https:\\\/\\\/www.xing.com\\\/news\\\/pages\\\/organisator-ch-695\",\"https:\\\/\\\/www.youtube.com\\\/channel\\\/UCGP2Sq0iWaZwT3BdIAQFYpw\"]},{\"@type\":\"Person\",\"@id\":\"https:\\\/\\\/www.organisator.ch\\\/#\\\/schema\\\/person\\\/4e51799071cd2dd1232ac003643ef5f0\",\"name\":\"galledia\",\"image\":{\"@type\":\"ImageObject\",\"inLanguage\":\"fr-FR\",\"@id\":\"https:\\\/\\\/secure.gravatar.com\\\/avatar\\\/78a7f90c01fc2bfc875782a0d4922b37cde2cf184ce347b91316d23cd7f69a36?s=96&d=mm&r=g\",\"url\":\"https:\\\/\\\/secure.gravatar.com\\\/avatar\\\/78a7f90c01fc2bfc875782a0d4922b37cde2cf184ce347b91316d23cd7f69a36?s=96&d=mm&r=g\",\"contentUrl\":\"https:\\\/\\\/secure.gravatar.com\\\/avatar\\\/78a7f90c01fc2bfc875782a0d4922b37cde2cf184ce347b91316d23cd7f69a36?s=96&d=mm&r=g\",\"caption\":\"galledia\"},\"sameAs\":[\"https:\\\/\\\/x.com\\\/admin\"],\"url\":\"https:\\\/\\\/www.organisator.ch\\\/fr\\\/author\\\/galledia\\\/\"}]}<\/script>\n<!-- \/ Yoast SEO plugin. -->","yoast_head_json":{"title":"Koch met les points sur les i pour l'organisateur de l'EKT","description":"Dans la nouvelle identit\u00e9 visuelle du groupe EKT, l'important secteur d'activit\u00e9 des donn\u00e9es a obtenu, apr\u00e8s de nombreuses ann\u00e9es, la place qu'il m\u00e9ritait.","robots":{"index":"index","follow":"follow","max-snippet":"max-snippet:-1","max-image-preview":"max-image-preview:large","max-video-preview":"max-video-preview:-1"},"canonical":"https:\/\/www.werbewoche.ch\/de\/marketing\/marken\/2022-02-24\/koch-setzt-einen-doppelpunkt-fuer-ekt\/","og_locale":"fr_FR","og_type":"article","og_title":"Koch setzt einen Doppelpunkt f\u00fcr EKT - Organisator","og_description":"Im neuen Erscheinungsbild der EKT Gruppe hat der bedeutungsvolle Gesch\u00e4ftsbereich Daten nach vielen Jahren seinen verdienten Platz bekommen.","og_url":"https:\/\/www.werbewoche.ch\/de\/marketing\/marken\/2022-02-24\/koch-setzt-einen-doppelpunkt-fuer-ekt\/","og_site_name":"Organisator","article_publisher":"https:\/\/www.facebook.com\/OrganisatorFachmagazin","article_published_time":"2022-02-24T08:48:26+00:00","article_modified_time":"2022-08-02T11:22:19+00:00","og_image":[{"url":"https:\/\/www.werbewoche.ch\/wp-content\/uploads\/2022\/02\/3_Case_EKT_Agentur_Koch-scaled.jpg","type":"","width":"","height":""}],"author":"galledia","twitter_card":"summary_large_image","twitter_creator":"@admin","schema":{"@context":"https:\/\/schema.org","@graph":[{"@type":"Article","@id":"https:\/\/www.werbewoche.ch\/de\/marketing\/marken\/2022-02-24\/koch-setzt-einen-doppelpunkt-fuer-ekt\/#article","isPartOf":{"@id":"https:\/\/www.organisator.ch\/marketing\/2022-02-24\/koch-setzt-einen-doppelpunkt-fuer-ekt\/"},"author":{"name":"galledia","@id":"https:\/\/www.organisator.ch\/#\/schema\/person\/4e51799071cd2dd1232ac003643ef5f0"},"headline":"Koch setzt einen Doppelpunkt f\u00fcr EKT","datePublished":"2022-02-24T08:48:26+00:00","dateModified":"2022-08-02T11:22:19+00:00","mainEntityOfPage":{"@id":"https:\/\/www.organisator.ch\/marketing\/2022-02-24\/koch-setzt-einen-doppelpunkt-fuer-ekt\/"},"wordCount":116,"publisher":{"@id":"https:\/\/www.organisator.ch\/#organization"},"image":{"@id":"https:\/\/www.werbewoche.ch\/de\/marketing\/marken\/2022-02-24\/koch-setzt-einen-doppelpunkt-fuer-ekt\/#primaryimage"},"thumbnailUrl":"https:\/\/www.werbewoche.ch\/wp-content\/uploads\/2022\/02\/3_Case_EKT_Agentur_Koch-scaled.jpg","keywords":["Agentur Koch","EKT","Koch setzt"],"articleSection":["MARKETING"],"inLanguage":"fr-FR"},{"@type":"WebPage","@id":"https:\/\/www.organisator.ch\/marketing\/2022-02-24\/koch-setzt-einen-doppelpunkt-fuer-ekt\/","url":"https:\/\/www.werbewoche.ch\/de\/marketing\/marken\/2022-02-24\/koch-setzt-einen-doppelpunkt-fuer-ekt\/","name":"Koch met les points sur les i pour l'organisateur de l'EKT","isPartOf":{"@id":"https:\/\/www.organisator.ch\/#website"},"primaryImageOfPage":{"@id":"https:\/\/www.werbewoche.ch\/de\/marketing\/marken\/2022-02-24\/koch-setzt-einen-doppelpunkt-fuer-ekt\/#primaryimage"},"image":{"@id":"https:\/\/www.werbewoche.ch\/de\/marketing\/marken\/2022-02-24\/koch-setzt-einen-doppelpunkt-fuer-ekt\/#primaryimage"},"thumbnailUrl":"https:\/\/www.werbewoche.ch\/wp-content\/uploads\/2022\/02\/3_Case_EKT_Agentur_Koch-scaled.jpg","datePublished":"2022-02-24T08:48:26+00:00","dateModified":"2022-08-02T11:22:19+00:00","description":"Dans la nouvelle identit\u00e9 visuelle du groupe EKT, l'important secteur d'activit\u00e9 des donn\u00e9es a obtenu, apr\u00e8s de nombreuses ann\u00e9es, la place qu'il m\u00e9ritait.","breadcrumb":{"@id":"https:\/\/www.werbewoche.ch\/de\/marketing\/marken\/2022-02-24\/koch-setzt-einen-doppelpunkt-fuer-ekt\/#breadcrumb"},"inLanguage":"fr-FR","potentialAction":[{"@type":"ReadAction","target":["https:\/\/www.werbewoche.ch\/de\/marketing\/marken\/2022-02-24\/koch-setzt-einen-doppelpunkt-fuer-ekt\/"]}]},{"@type":"ImageObject","inLanguage":"fr-FR","@id":"https:\/\/www.werbewoche.ch\/de\/marketing\/marken\/2022-02-24\/koch-setzt-einen-doppelpunkt-fuer-ekt\/#primaryimage","url":"https:\/\/www.werbewoche.ch\/wp-content\/uploads\/2022\/02\/3_Case_EKT_Agentur_Koch-scaled.jpg","contentUrl":"https:\/\/www.werbewoche.ch\/wp-content\/uploads\/2022\/02\/3_Case_EKT_Agentur_Koch-scaled.jpg"},{"@type":"BreadcrumbList","@id":"https:\/\/www.werbewoche.ch\/de\/marketing\/marken\/2022-02-24\/koch-setzt-einen-doppelpunkt-fuer-ekt\/#breadcrumb","itemListElement":[{"@type":"ListItem","position":1,"name":"Home","item":"https:\/\/www.organisator.ch\/"},{"@type":"ListItem","position":2,"name":"Koch setzt einen Doppelpunkt f\u00fcr EKT"}]},{"@type":"WebSite","@id":"https:\/\/www.organisator.ch\/#website","url":"https:\/\/www.organisator.ch\/","name":"Organisateur","description":"Comp\u00e9tence et comp\u00e9tence. Proches de la pratique. L'ORGANISATEUR pr\u00e9pare 10 num\u00e9ros par an sur les th\u00e8mes essentiels pour les dirigeants de PME.","publisher":{"@id":"https:\/\/www.organisator.ch\/#organization"},"potentialAction":[{"@type":"SearchAction","target":{"@type":"EntryPoint","urlTemplate":"https:\/\/www.organisator.ch\/?s={search_term_string}"},"query-input":{"@type":"PropertyValueSpecification","valueRequired":true,"valueName":"search_term_string"}}],"inLanguage":"fr-FR"},{"@type":"Organization","@id":"https:\/\/www.organisator.ch\/#organization","name":"Organisateur","url":"https:\/\/www.organisator.ch\/","logo":{"@type":"ImageObject","inLanguage":"fr-FR","@id":"https:\/\/www.organisator.ch\/#\/schema\/logo\/image\/","url":"https:\/\/www.organisator.ch\/wp-content\/uploads\/2022\/01\/Logo_Organisator_Website.png","contentUrl":"https:\/\/www.organisator.ch\/wp-content\/uploads\/2022\/01\/Logo_Organisator_Website.png","width":800,"height":77,"caption":"Organisator"},"image":{"@id":"https:\/\/www.organisator.ch\/#\/schema\/logo\/image\/"},"sameAs":["https:\/\/www.facebook.com\/OrganisatorFachmagazin","https:\/\/www.linkedin.com\/showcase\/organisator-das-magazin-fr-kmu","https:\/\/www.xing.com\/news\/pages\/organisator-ch-695","https:\/\/www.youtube.com\/channel\/UCGP2Sq0iWaZwT3BdIAQFYpw"]},{"@type":"Person","@id":"https:\/\/www.organisator.ch\/#\/schema\/person\/4e51799071cd2dd1232ac003643ef5f0","name":"galledia","image":{"@type":"ImageObject","inLanguage":"fr-FR","@id":"https:\/\/secure.gravatar.com\/avatar\/78a7f90c01fc2bfc875782a0d4922b37cde2cf184ce347b91316d23cd7f69a36?s=96&d=mm&r=g","url":"https:\/\/secure.gravatar.com\/avatar\/78a7f90c01fc2bfc875782a0d4922b37cde2cf184ce347b91316d23cd7f69a36?s=96&d=mm&r=g","contentUrl":"https:\/\/secure.gravatar.com\/avatar\/78a7f90c01fc2bfc875782a0d4922b37cde2cf184ce347b91316d23cd7f69a36?s=96&d=mm&r=g","caption":"galledia"},"sameAs":["https:\/\/x.com\/admin"],"url":"https:\/\/www.organisator.ch\/fr\/author\/galledia\/"}]}},"_links":{"self":[{"href":"https:\/\/www.organisator.ch\/fr\/wp-json\/wp\/v2\/posts\/11927","targetHints":{"allow":["GET"]}}],"collection":[{"href":"https:\/\/www.organisator.ch\/fr\/wp-json\/wp\/v2\/posts"}],"about":[{"href":"https:\/\/www.organisator.ch\/fr\/wp-json\/wp\/v2\/types\/post"}],"author":[{"embeddable":true,"href":"https:\/\/www.organisator.ch\/fr\/wp-json\/wp\/v2\/users\/8"}],"replies":[{"embeddable":true,"href":"https:\/\/www.organisator.ch\/fr\/wp-json\/wp\/v2\/comments?post=11927"}],"version-history":[{"count":3,"href":"https:\/\/www.organisator.ch\/fr\/wp-json\/wp\/v2\/posts\/11927\/revisions"}],"predecessor-version":[{"id":16170,"href":"https:\/\/www.organisator.ch\/fr\/wp-json\/wp\/v2\/posts\/11927\/revisions\/16170"}],"wp:attachment":[{"href":"https:\/\/www.organisator.ch\/fr\/wp-json\/wp\/v2\/media?parent=11927"}],"wp:term":[{"taxonomy":"category","embeddable":true,"href":"https:\/\/www.organisator.ch\/fr\/wp-json\/wp\/v2\/categories?post=11927"},{"taxonomy":"post_tag","embeddable":true,"href":"https:\/\/www.organisator.ch\/fr\/wp-json\/wp\/v2\/tags?post=11927"}],"curies":[{"name":"wp","href":"https:\/\/api.w.org\/{rel}","templated":true}]}}