{"id":11958,"date":"2022-02-28T09:45:15","date_gmt":"2022-02-28T08:45:15","guid":{"rendered":"https:\/\/www.werbewoche.ch\/?p=166212"},"modified":"2022-02-28T16:12:07","modified_gmt":"2022-02-28T15:12:07","slug":"noord-konzipiert-die-marke-fuer-die-digitale-verwaltung-schweiz","status":"publish","type":"post","link":"https:\/\/www.organisator.ch\/fr\/marketing\/2022-02-28\/noord-konzipiert-die-marke-fuer-die-digitale-verwaltung-schweiz\/","title":{"rendered":"Noord con\u00e7oit la marque pour l'administration num\u00e9rique suisse"},"content":{"rendered":"<img class=\"alignnone size-full wp-image-166214\" src=\"https:\/\/www.werbewoche.ch\/wp-content\/uploads\/2022\/02\/DVS_Badge-02-scaled.jpg\" sizes=\"(max-width: 2560px) 100vw, 2560px\" srcset=\"https:\/\/www.werbewoche.ch\/wp-content\/uploads\/2022\/02\/DVS_Badge-02-scaled.jpg 2560w, https:\/\/www.werbewoche.ch\/wp-content\/uploads\/2022\/02\/DVS_Badge-02-300x206.jpg 300w, https:\/\/www.werbewoche.ch\/wp-content\/uploads\/2022\/02\/DVS_Badge-02-1024x704.jpg 1024w, https:\/\/www.werbewoche.ch\/wp-content\/uploads\/2022\/02\/DVS_Badge-02-768x528.jpg 768w, https:\/\/www.werbewoche.ch\/wp-content\/uploads\/2022\/02\/DVS_Badge-02-1536x1055.jpg 1536w, https:\/\/www.werbewoche.ch\/wp-content\/uploads\/2022\/02\/DVS_Badge-02-2048x1407.jpg 2048w, https:\/\/www.werbewoche.ch\/wp-content\/uploads\/2022\/02\/DVS_Badge-02-18x12.jpg 18w, https:\/\/www.werbewoche.ch\/wp-content\/uploads\/2022\/02\/DVS_Badge-02-255x175.jpg 255w, https:\/\/www.werbewoche.ch\/wp-content\/uploads\/2022\/02\/DVS_Badge-02-509x350.jpg 509w, https:\/\/www.werbewoche.ch\/wp-content\/uploads\/2022\/02\/DVS_Badge-02-1164x800.jpg 1164w, https:\/\/www.werbewoche.ch\/wp-content\/uploads\/2022\/02\/DVS_Badge-02-920x632.jpg 920w, https:\/\/www.werbewoche.ch\/wp-content\/uploads\/2022\/02\/DVS_Badge-02-1400x962.jpg 1400w, https:\/\/www.werbewoche.ch\/wp-content\/uploads\/2022\/02\/DVS_Badge-02-2037x1400.jpg 2037w\" alt=\"\" width=\"2560\" height=\"1759\" \/>La Conf\u00e9d\u00e9ration et les cantons ont uni leurs forces pour la transformation num\u00e9rique des administrations, en tant qu'organisation sous le nom d'\"Administration num\u00e9rique suisse\" ou ADS. La DVS est op\u00e9rationnelle depuis janvier 2022 et organise le pilotage strat\u00e9gique et la coordination des activit\u00e9s de num\u00e9risation de la Conf\u00e9d\u00e9ration, des cantons et des communes.  L'agence Noord est responsable de la nouvelle marque et de l'identit\u00e9 visuelle de l'administration num\u00e9rique suisse.\r\n\r\nLa nouvelle marque doit repr\u00e9senter les valeurs de l'ADS et symboliser la num\u00e9risation et le progr\u00e8s. Le concept de branding comprend un logo trilingue, de nouvelles couleurs et polices de caract\u00e8res, ainsi qu'un concept visuel. Le logo r\u00e9unit diff\u00e9rents aspects : le \"CH\" et la croix invers\u00e9e pour la Suisse et une r\u00e9f\u00e9rence aux pixels pour la num\u00e9risation. Lorsque le logo est anim\u00e9, il symbolise en outre l'union de la cyberadministration suisse et de la Conf\u00e9rence suisse sur l'informatique (CSI).\r\n\r\nLes th\u00e8mes cl\u00e9s de l'administration num\u00e9rique suisse sont repr\u00e9sent\u00e9s par de nouvelles illustrations et utilis\u00e9s sur diff\u00e9rents canaux. Le nouveau branding est particuli\u00e8rement bien mis en valeur sur le site web, o\u00f9 des \u00e9l\u00e9ments anim\u00e9s sont parfois utilis\u00e9s. De plus, Noord a cr\u00e9\u00e9 des mod\u00e8les pour des brochures et des applications bureautiques.\r\n\r\n<img class=\"alignnone size-full wp-image-166215\" src=\"https:\/\/www.werbewoche.ch\/wp-content\/uploads\/2022\/02\/DVS_Lanyard-scaled.jpg\" sizes=\"(max-width: 2560px) 100vw, 2560px\" srcset=\"https:\/\/www.werbewoche.ch\/wp-content\/uploads\/2022\/02\/DVS_Lanyard-scaled.jpg 2560w, https:\/\/www.werbewoche.ch\/wp-content\/uploads\/2022\/02\/DVS_Lanyard-300x206.jpg 300w, https:\/\/www.werbewoche.ch\/wp-content\/uploads\/2022\/02\/DVS_Lanyard-1024x704.jpg 1024w, https:\/\/www.werbewoche.ch\/wp-content\/uploads\/2022\/02\/DVS_Lanyard-768x528.jpg 768w, https:\/\/www.werbewoche.ch\/wp-content\/uploads\/2022\/02\/DVS_Lanyard-1536x1055.jpg 1536w, https:\/\/www.werbewoche.ch\/wp-content\/uploads\/2022\/02\/DVS_Lanyard-2048x1407.jpg 2048w, https:\/\/www.werbewoche.ch\/wp-content\/uploads\/2022\/02\/DVS_Lanyard-18x12.jpg 18w, https:\/\/www.werbewoche.ch\/wp-content\/uploads\/2022\/02\/DVS_Lanyard-255x175.jpg 255w, https:\/\/www.werbewoche.ch\/wp-content\/uploads\/2022\/02\/DVS_Lanyard-509x350.jpg 509w, https:\/\/www.werbewoche.ch\/wp-content\/uploads\/2022\/02\/DVS_Lanyard-1164x800.jpg 1164w, https:\/\/www.werbewoche.ch\/wp-content\/uploads\/2022\/02\/DVS_Lanyard-920x632.jpg 920w, https:\/\/www.werbewoche.ch\/wp-content\/uploads\/2022\/02\/DVS_Lanyard-1400x962.jpg 1400w, https:\/\/www.werbewoche.ch\/wp-content\/uploads\/2022\/02\/DVS_Lanyard-2037x1400.jpg 2037w\" alt=\"\" width=\"2560\" height=\"1759\" \/>\r\n\r\n<img class=\"alignnone size-full wp-image-166216\" src=\"https:\/\/www.werbewoche.ch\/wp-content\/uploads\/2022\/02\/DVS_Mobile-Device-scaled.jpg\" sizes=\"(max-width: 2560px) 100vw, 2560px\" srcset=\"https:\/\/www.werbewoche.ch\/wp-content\/uploads\/2022\/02\/DVS_Mobile-Device-scaled.jpg 2560w, https:\/\/www.werbewoche.ch\/wp-content\/uploads\/2022\/02\/DVS_Mobile-Device-300x206.jpg 300w, https:\/\/www.werbewoche.ch\/wp-content\/uploads\/2022\/02\/DVS_Mobile-Device-1024x704.jpg 1024w, https:\/\/www.werbewoche.ch\/wp-content\/uploads\/2022\/02\/DVS_Mobile-Device-768x528.jpg 768w, https:\/\/www.werbewoche.ch\/wp-content\/uploads\/2022\/02\/DVS_Mobile-Device-1536x1055.jpg 1536w, https:\/\/www.werbewoche.ch\/wp-content\/uploads\/2022\/02\/DVS_Mobile-Device-2048x1407.jpg 2048w, https:\/\/www.werbewoche.ch\/wp-content\/uploads\/2022\/02\/DVS_Mobile-Device-18x12.jpg 18w, https:\/\/www.werbewoche.ch\/wp-content\/uploads\/2022\/02\/DVS_Mobile-Device-255x175.jpg 255w, https:\/\/www.werbewoche.ch\/wp-content\/uploads\/2022\/02\/DVS_Mobile-Device-509x350.jpg 509w, https:\/\/www.werbewoche.ch\/wp-content\/uploads\/2022\/02\/DVS_Mobile-Device-1164x800.jpg 1164w, https:\/\/www.werbewoche.ch\/wp-content\/uploads\/2022\/02\/DVS_Mobile-Device-920x632.jpg 920w, https:\/\/www.werbewoche.ch\/wp-content\/uploads\/2022\/02\/DVS_Mobile-Device-1400x962.jpg 1400w, https:\/\/www.werbewoche.ch\/wp-content\/uploads\/2022\/02\/DVS_Mobile-Device-2037x1400.jpg 2037w\" alt=\"\" width=\"2560\" height=\"1759\" \/>\r\n\r\n<img class=\"alignnone size-full wp-image-166217\" src=\"https:\/\/www.werbewoche.ch\/wp-content\/uploads\/2022\/02\/DVS_Mousepad-scaled.jpg\" sizes=\"(max-width: 2560px) 100vw, 2560px\" srcset=\"https:\/\/www.werbewoche.ch\/wp-content\/uploads\/2022\/02\/DVS_Mousepad-scaled.jpg 2560w, https:\/\/www.werbewoche.ch\/wp-content\/uploads\/2022\/02\/DVS_Mousepad-300x206.jpg 300w, https:\/\/www.werbewoche.ch\/wp-content\/uploads\/2022\/02\/DVS_Mousepad-1024x704.jpg 1024w, https:\/\/www.werbewoche.ch\/wp-content\/uploads\/2022\/02\/DVS_Mousepad-768x528.jpg 768w, https:\/\/www.werbewoche.ch\/wp-content\/uploads\/2022\/02\/DVS_Mousepad-1536x1055.jpg 1536w, https:\/\/www.werbewoche.ch\/wp-content\/uploads\/2022\/02\/DVS_Mousepad-2048x1407.jpg 2048w, https:\/\/www.werbewoche.ch\/wp-content\/uploads\/2022\/02\/DVS_Mousepad-18x12.jpg 18w, https:\/\/www.werbewoche.ch\/wp-content\/uploads\/2022\/02\/DVS_Mousepad-255x175.jpg 255w, https:\/\/www.werbewoche.ch\/wp-content\/uploads\/2022\/02\/DVS_Mousepad-509x350.jpg 509w, https:\/\/www.werbewoche.ch\/wp-content\/uploads\/2022\/02\/DVS_Mousepad-1164x800.jpg 1164w, https:\/\/www.werbewoche.ch\/wp-content\/uploads\/2022\/02\/DVS_Mousepad-920x632.jpg 920w, https:\/\/www.werbewoche.ch\/wp-content\/uploads\/2022\/02\/DVS_Mousepad-1400x962.jpg 1400w, https:\/\/www.werbewoche.ch\/wp-content\/uploads\/2022\/02\/DVS_Mousepad-2037x1400.jpg 2037w\" alt=\"\" width=\"2560\" height=\"1759\" \/>\r\n\r\n<hr \/>\r\n\r\nSite web de la DVS <a href=\"https:\/\/www.digitale-verwaltung-schweiz.ch\/\" rel=\"noopener noreferrer\">administration-digitale-suisse.ch<\/a>","protected":false},"excerpt":{"rendered":"<p>Bund und Kantone haben ihre Kr\u00e4fte f\u00fcr die digitale Transformation der Verwaltungen geb\u00fcndelt, als Organisation unter dem Namen \u00abDigitale Verwaltung Schweiz\u00bb\u00a0 kurz DVS. Die DVS ist seit Januar 2022 operativ t\u00e4tig und gestaltet die strategische Steuerung und Koordination der Digitalisierungsaktivit\u00e4ten von Bund, Kantonen und Gemeinden.\u00a0 F\u00fcr die neue Marke und das Corporate Design der Digitalen [\u2026]<\/p>\n","protected":false},"author":8,"featured_media":0,"comment_status":"closed","ping_status":"closed","sticky":false,"template":"","format":"standard","meta":{"_acf_changed":false,"_yoast_wpseo_focuskw":"Noord","_yoast_wpseo_metadesc":"","articlekey":"","footnotes":""},"categories":[29],"tags":[2717,2718,2719,2720,2721],"class_list":["post-11958","post","type-post","status-publish","format-standard","hentry","category-marketing","tag-branding","tag-digitale-verwaltung-schweiz","tag-dvs","tag-noord","tag-verwaltung"],"acf":[],"yoast_head":"<!-- This site is optimized with the Yoast SEO plugin v27.4 - https:\/\/yoast.com\/product\/yoast-seo-wordpress\/ -->\n<title>Noord konzipiert die Marke f\u00fcr die Digitale Verwaltung Schweiz - Organisator<\/title>\n<meta name=\"robots\" content=\"index, follow, max-snippet:-1, max-image-preview:large, max-video-preview:-1\" \/>\n<link rel=\"canonical\" href=\"https:\/\/www.organisator.ch\/fr\/marketing\/2022-02-28\/noord-konzipiert-die-marke-fuer-die-digitale-verwaltung-schweiz\/\" \/>\n<meta property=\"og:locale\" content=\"fr_FR\" \/>\n<meta property=\"og:type\" content=\"article\" \/>\n<meta property=\"og:title\" content=\"Noord konzipiert die Marke f\u00fcr die Digitale Verwaltung Schweiz - Organisator\" \/>\n<meta property=\"og:description\" content=\"Bund und Kantone haben ihre Kr\u00e4fte f\u00fcr die digitale Transformation der Verwaltungen geb\u00fcndelt, als Organisation unter dem Namen \u00abDigitale Verwaltung Schweiz\u00bb\u00a0 kurz DVS. Die DVS ist seit Januar 2022 operativ t\u00e4tig und gestaltet die strategische Steuerung und Koordination der Digitalisierungsaktivit\u00e4ten von Bund, Kantonen und Gemeinden.\u00a0 F\u00fcr die neue Marke und das Corporate Design der Digitalen [\u2026]\" \/>\n<meta property=\"og:url\" content=\"https:\/\/www.organisator.ch\/fr\/marketing\/2022-02-28\/noord-konzipiert-die-marke-fuer-die-digitale-verwaltung-schweiz\/\" \/>\n<meta property=\"og:site_name\" content=\"Organisator\" \/>\n<meta property=\"article:publisher\" content=\"https:\/\/www.facebook.com\/OrganisatorFachmagazin\" \/>\n<meta property=\"article:published_time\" content=\"2022-02-28T08:45:15+00:00\" \/>\n<meta property=\"article:modified_time\" content=\"2022-02-28T15:12:07+00:00\" \/>\n<meta property=\"og:image\" content=\"https:\/\/www.werbewoche.ch\/wp-content\/uploads\/2022\/02\/DVS_Badge-02-scaled.jpg\" \/>\n<meta name=\"author\" content=\"galledia\" \/>\n<meta name=\"twitter:card\" content=\"summary_large_image\" \/>\n<meta name=\"twitter:creator\" content=\"@admin\" \/>\n<script type=\"application\/ld+json\" class=\"yoast-schema-graph\">{\"@context\":\"https:\\\/\\\/schema.org\",\"@graph\":[{\"@type\":\"Article\",\"@id\":\"https:\\\/\\\/www.organisator.ch\\\/marketing\\\/2022-02-28\\\/noord-konzipiert-die-marke-fuer-die-digitale-verwaltung-schweiz\\\/#article\",\"isPartOf\":{\"@id\":\"https:\\\/\\\/www.organisator.ch\\\/marketing\\\/2022-02-28\\\/noord-konzipiert-die-marke-fuer-die-digitale-verwaltung-schweiz\\\/\"},\"author\":{\"name\":\"galledia\",\"@id\":\"https:\\\/\\\/www.organisator.ch\\\/#\\\/schema\\\/person\\\/4e51799071cd2dd1232ac003643ef5f0\"},\"headline\":\"Noord konzipiert die Marke f\u00fcr die Digitale Verwaltung Schweiz\",\"datePublished\":\"2022-02-28T08:45:15+00:00\",\"dateModified\":\"2022-02-28T15:12:07+00:00\",\"mainEntityOfPage\":{\"@id\":\"https:\\\/\\\/www.organisator.ch\\\/marketing\\\/2022-02-28\\\/noord-konzipiert-die-marke-fuer-die-digitale-verwaltung-schweiz\\\/\"},\"wordCount\":204,\"publisher\":{\"@id\":\"https:\\\/\\\/www.organisator.ch\\\/#organization\"},\"image\":{\"@id\":\"https:\\\/\\\/www.organisator.ch\\\/marketing\\\/2022-02-28\\\/noord-konzipiert-die-marke-fuer-die-digitale-verwaltung-schweiz\\\/#primaryimage\"},\"thumbnailUrl\":\"https:\\\/\\\/www.werbewoche.ch\\\/wp-content\\\/uploads\\\/2022\\\/02\\\/DVS_Badge-02-scaled.jpg\",\"keywords\":[\"Branding\",\"Digitale Verwaltung Schweiz\",\"DVS\",\"Noord\",\"Verwaltung\"],\"articleSection\":[\"MARKETING\"],\"inLanguage\":\"fr-FR\"},{\"@type\":\"WebPage\",\"@id\":\"https:\\\/\\\/www.organisator.ch\\\/marketing\\\/2022-02-28\\\/noord-konzipiert-die-marke-fuer-die-digitale-verwaltung-schweiz\\\/\",\"url\":\"https:\\\/\\\/www.organisator.ch\\\/marketing\\\/2022-02-28\\\/noord-konzipiert-die-marke-fuer-die-digitale-verwaltung-schweiz\\\/\",\"name\":\"Noord konzipiert die Marke f\u00fcr die Digitale Verwaltung Schweiz - Organisator\",\"isPartOf\":{\"@id\":\"https:\\\/\\\/www.organisator.ch\\\/#website\"},\"primaryImageOfPage\":{\"@id\":\"https:\\\/\\\/www.organisator.ch\\\/marketing\\\/2022-02-28\\\/noord-konzipiert-die-marke-fuer-die-digitale-verwaltung-schweiz\\\/#primaryimage\"},\"image\":{\"@id\":\"https:\\\/\\\/www.organisator.ch\\\/marketing\\\/2022-02-28\\\/noord-konzipiert-die-marke-fuer-die-digitale-verwaltung-schweiz\\\/#primaryimage\"},\"thumbnailUrl\":\"https:\\\/\\\/www.werbewoche.ch\\\/wp-content\\\/uploads\\\/2022\\\/02\\\/DVS_Badge-02-scaled.jpg\",\"datePublished\":\"2022-02-28T08:45:15+00:00\",\"dateModified\":\"2022-02-28T15:12:07+00:00\",\"breadcrumb\":{\"@id\":\"https:\\\/\\\/www.organisator.ch\\\/marketing\\\/2022-02-28\\\/noord-konzipiert-die-marke-fuer-die-digitale-verwaltung-schweiz\\\/#breadcrumb\"},\"inLanguage\":\"fr-FR\",\"potentialAction\":[{\"@type\":\"ReadAction\",\"target\":[\"https:\\\/\\\/www.organisator.ch\\\/marketing\\\/2022-02-28\\\/noord-konzipiert-die-marke-fuer-die-digitale-verwaltung-schweiz\\\/\"]}]},{\"@type\":\"ImageObject\",\"inLanguage\":\"fr-FR\",\"@id\":\"https:\\\/\\\/www.organisator.ch\\\/marketing\\\/2022-02-28\\\/noord-konzipiert-die-marke-fuer-die-digitale-verwaltung-schweiz\\\/#primaryimage\",\"url\":\"https:\\\/\\\/www.werbewoche.ch\\\/wp-content\\\/uploads\\\/2022\\\/02\\\/DVS_Badge-02-scaled.jpg\",\"contentUrl\":\"https:\\\/\\\/www.werbewoche.ch\\\/wp-content\\\/uploads\\\/2022\\\/02\\\/DVS_Badge-02-scaled.jpg\"},{\"@type\":\"BreadcrumbList\",\"@id\":\"https:\\\/\\\/www.organisator.ch\\\/marketing\\\/2022-02-28\\\/noord-konzipiert-die-marke-fuer-die-digitale-verwaltung-schweiz\\\/#breadcrumb\",\"itemListElement\":[{\"@type\":\"ListItem\",\"position\":1,\"name\":\"Home\",\"item\":\"https:\\\/\\\/www.organisator.ch\\\/\"},{\"@type\":\"ListItem\",\"position\":2,\"name\":\"Noord konzipiert die Marke f\u00fcr die Digitale Verwaltung Schweiz\"}]},{\"@type\":\"WebSite\",\"@id\":\"https:\\\/\\\/www.organisator.ch\\\/#website\",\"url\":\"https:\\\/\\\/www.organisator.ch\\\/\",\"name\":\"Organisator\",\"description\":\"Kompetent. Praxisnah. Der ORGANISATOR bereitet in 10 Ausgaben pro Jahr die wesentlichen Themen f\u00fcr F\u00fchrungskr\u00e4fte von KMU auf.\",\"publisher\":{\"@id\":\"https:\\\/\\\/www.organisator.ch\\\/#organization\"},\"potentialAction\":[{\"@type\":\"SearchAction\",\"target\":{\"@type\":\"EntryPoint\",\"urlTemplate\":\"https:\\\/\\\/www.organisator.ch\\\/?s={search_term_string}\"},\"query-input\":{\"@type\":\"PropertyValueSpecification\",\"valueRequired\":true,\"valueName\":\"search_term_string\"}}],\"inLanguage\":\"fr-FR\"},{\"@type\":\"Organization\",\"@id\":\"https:\\\/\\\/www.organisator.ch\\\/#organization\",\"name\":\"Organisator\",\"url\":\"https:\\\/\\\/www.organisator.ch\\\/\",\"logo\":{\"@type\":\"ImageObject\",\"inLanguage\":\"fr-FR\",\"@id\":\"https:\\\/\\\/www.organisator.ch\\\/#\\\/schema\\\/logo\\\/image\\\/\",\"url\":\"https:\\\/\\\/www.organisator.ch\\\/wp-content\\\/uploads\\\/2022\\\/01\\\/Logo_Organisator_Website.png\",\"contentUrl\":\"https:\\\/\\\/www.organisator.ch\\\/wp-content\\\/uploads\\\/2022\\\/01\\\/Logo_Organisator_Website.png\",\"width\":800,\"height\":77,\"caption\":\"Organisator\"},\"image\":{\"@id\":\"https:\\\/\\\/www.organisator.ch\\\/#\\\/schema\\\/logo\\\/image\\\/\"},\"sameAs\":[\"https:\\\/\\\/www.facebook.com\\\/OrganisatorFachmagazin\",\"https:\\\/\\\/www.linkedin.com\\\/showcase\\\/organisator-das-magazin-fr-kmu\",\"https:\\\/\\\/www.xing.com\\\/news\\\/pages\\\/organisator-ch-695\",\"https:\\\/\\\/www.youtube.com\\\/channel\\\/UCGP2Sq0iWaZwT3BdIAQFYpw\"]},{\"@type\":\"Person\",\"@id\":\"https:\\\/\\\/www.organisator.ch\\\/#\\\/schema\\\/person\\\/4e51799071cd2dd1232ac003643ef5f0\",\"name\":\"galledia\",\"image\":{\"@type\":\"ImageObject\",\"inLanguage\":\"fr-FR\",\"@id\":\"https:\\\/\\\/secure.gravatar.com\\\/avatar\\\/78a7f90c01fc2bfc875782a0d4922b37cde2cf184ce347b91316d23cd7f69a36?s=96&d=mm&r=g\",\"url\":\"https:\\\/\\\/secure.gravatar.com\\\/avatar\\\/78a7f90c01fc2bfc875782a0d4922b37cde2cf184ce347b91316d23cd7f69a36?s=96&d=mm&r=g\",\"contentUrl\":\"https:\\\/\\\/secure.gravatar.com\\\/avatar\\\/78a7f90c01fc2bfc875782a0d4922b37cde2cf184ce347b91316d23cd7f69a36?s=96&d=mm&r=g\",\"caption\":\"galledia\"},\"sameAs\":[\"https:\\\/\\\/x.com\\\/admin\"],\"url\":\"https:\\\/\\\/www.organisator.ch\\\/fr\\\/author\\\/galledia\\\/\"}]}<\/script>\n<!-- \/ Yoast SEO plugin. -->","yoast_head_json":{"title":"Noord con\u00e7oit la marque pour l'administration num\u00e9rique suisse - Organisateur","robots":{"index":"index","follow":"follow","max-snippet":"max-snippet:-1","max-image-preview":"max-image-preview:large","max-video-preview":"max-video-preview:-1"},"canonical":"https:\/\/www.organisator.ch\/fr\/marketing\/2022-02-28\/noord-konzipiert-die-marke-fuer-die-digitale-verwaltung-schweiz\/","og_locale":"fr_FR","og_type":"article","og_title":"Noord konzipiert die Marke f\u00fcr die Digitale Verwaltung Schweiz - Organisator","og_description":"Bund und Kantone haben ihre Kr\u00e4fte f\u00fcr die digitale Transformation der Verwaltungen geb\u00fcndelt, als Organisation unter dem Namen \u00abDigitale Verwaltung Schweiz\u00bb\u00a0 kurz DVS. Die DVS ist seit Januar 2022 operativ t\u00e4tig und gestaltet die strategische Steuerung und Koordination der Digitalisierungsaktivit\u00e4ten von Bund, Kantonen und Gemeinden.\u00a0 F\u00fcr die neue Marke und das Corporate Design der Digitalen [\u2026]","og_url":"https:\/\/www.organisator.ch\/fr\/marketing\/2022-02-28\/noord-konzipiert-die-marke-fuer-die-digitale-verwaltung-schweiz\/","og_site_name":"Organisator","article_publisher":"https:\/\/www.facebook.com\/OrganisatorFachmagazin","article_published_time":"2022-02-28T08:45:15+00:00","article_modified_time":"2022-02-28T15:12:07+00:00","og_image":[{"url":"https:\/\/www.werbewoche.ch\/wp-content\/uploads\/2022\/02\/DVS_Badge-02-scaled.jpg","type":"","width":"","height":""}],"author":"galledia","twitter_card":"summary_large_image","twitter_creator":"@admin","schema":{"@context":"https:\/\/schema.org","@graph":[{"@type":"Article","@id":"https:\/\/www.organisator.ch\/marketing\/2022-02-28\/noord-konzipiert-die-marke-fuer-die-digitale-verwaltung-schweiz\/#article","isPartOf":{"@id":"https:\/\/www.organisator.ch\/marketing\/2022-02-28\/noord-konzipiert-die-marke-fuer-die-digitale-verwaltung-schweiz\/"},"author":{"name":"galledia","@id":"https:\/\/www.organisator.ch\/#\/schema\/person\/4e51799071cd2dd1232ac003643ef5f0"},"headline":"Noord konzipiert die Marke f\u00fcr die Digitale Verwaltung Schweiz","datePublished":"2022-02-28T08:45:15+00:00","dateModified":"2022-02-28T15:12:07+00:00","mainEntityOfPage":{"@id":"https:\/\/www.organisator.ch\/marketing\/2022-02-28\/noord-konzipiert-die-marke-fuer-die-digitale-verwaltung-schweiz\/"},"wordCount":204,"publisher":{"@id":"https:\/\/www.organisator.ch\/#organization"},"image":{"@id":"https:\/\/www.organisator.ch\/marketing\/2022-02-28\/noord-konzipiert-die-marke-fuer-die-digitale-verwaltung-schweiz\/#primaryimage"},"thumbnailUrl":"https:\/\/www.werbewoche.ch\/wp-content\/uploads\/2022\/02\/DVS_Badge-02-scaled.jpg","keywords":["Branding","Digitale Verwaltung Schweiz","DVS","Noord","Verwaltung"],"articleSection":["MARKETING"],"inLanguage":"fr-FR"},{"@type":"WebPage","@id":"https:\/\/www.organisator.ch\/marketing\/2022-02-28\/noord-konzipiert-die-marke-fuer-die-digitale-verwaltung-schweiz\/","url":"https:\/\/www.organisator.ch\/marketing\/2022-02-28\/noord-konzipiert-die-marke-fuer-die-digitale-verwaltung-schweiz\/","name":"Noord con\u00e7oit la marque pour l'administration num\u00e9rique suisse - Organisateur","isPartOf":{"@id":"https:\/\/www.organisator.ch\/#website"},"primaryImageOfPage":{"@id":"https:\/\/www.organisator.ch\/marketing\/2022-02-28\/noord-konzipiert-die-marke-fuer-die-digitale-verwaltung-schweiz\/#primaryimage"},"image":{"@id":"https:\/\/www.organisator.ch\/marketing\/2022-02-28\/noord-konzipiert-die-marke-fuer-die-digitale-verwaltung-schweiz\/#primaryimage"},"thumbnailUrl":"https:\/\/www.werbewoche.ch\/wp-content\/uploads\/2022\/02\/DVS_Badge-02-scaled.jpg","datePublished":"2022-02-28T08:45:15+00:00","dateModified":"2022-02-28T15:12:07+00:00","breadcrumb":{"@id":"https:\/\/www.organisator.ch\/marketing\/2022-02-28\/noord-konzipiert-die-marke-fuer-die-digitale-verwaltung-schweiz\/#breadcrumb"},"inLanguage":"fr-FR","potentialAction":[{"@type":"ReadAction","target":["https:\/\/www.organisator.ch\/marketing\/2022-02-28\/noord-konzipiert-die-marke-fuer-die-digitale-verwaltung-schweiz\/"]}]},{"@type":"ImageObject","inLanguage":"fr-FR","@id":"https:\/\/www.organisator.ch\/marketing\/2022-02-28\/noord-konzipiert-die-marke-fuer-die-digitale-verwaltung-schweiz\/#primaryimage","url":"https:\/\/www.werbewoche.ch\/wp-content\/uploads\/2022\/02\/DVS_Badge-02-scaled.jpg","contentUrl":"https:\/\/www.werbewoche.ch\/wp-content\/uploads\/2022\/02\/DVS_Badge-02-scaled.jpg"},{"@type":"BreadcrumbList","@id":"https:\/\/www.organisator.ch\/marketing\/2022-02-28\/noord-konzipiert-die-marke-fuer-die-digitale-verwaltung-schweiz\/#breadcrumb","itemListElement":[{"@type":"ListItem","position":1,"name":"Home","item":"https:\/\/www.organisator.ch\/"},{"@type":"ListItem","position":2,"name":"Noord konzipiert die Marke f\u00fcr die Digitale Verwaltung Schweiz"}]},{"@type":"WebSite","@id":"https:\/\/www.organisator.ch\/#website","url":"https:\/\/www.organisator.ch\/","name":"Organisateur","description":"Comp\u00e9tence et comp\u00e9tence. Proches de la pratique. L'ORGANISATEUR pr\u00e9pare 10 num\u00e9ros par an sur les th\u00e8mes essentiels pour les dirigeants de PME.","publisher":{"@id":"https:\/\/www.organisator.ch\/#organization"},"potentialAction":[{"@type":"SearchAction","target":{"@type":"EntryPoint","urlTemplate":"https:\/\/www.organisator.ch\/?s={search_term_string}"},"query-input":{"@type":"PropertyValueSpecification","valueRequired":true,"valueName":"search_term_string"}}],"inLanguage":"fr-FR"},{"@type":"Organization","@id":"https:\/\/www.organisator.ch\/#organization","name":"Organisateur","url":"https:\/\/www.organisator.ch\/","logo":{"@type":"ImageObject","inLanguage":"fr-FR","@id":"https:\/\/www.organisator.ch\/#\/schema\/logo\/image\/","url":"https:\/\/www.organisator.ch\/wp-content\/uploads\/2022\/01\/Logo_Organisator_Website.png","contentUrl":"https:\/\/www.organisator.ch\/wp-content\/uploads\/2022\/01\/Logo_Organisator_Website.png","width":800,"height":77,"caption":"Organisator"},"image":{"@id":"https:\/\/www.organisator.ch\/#\/schema\/logo\/image\/"},"sameAs":["https:\/\/www.facebook.com\/OrganisatorFachmagazin","https:\/\/www.linkedin.com\/showcase\/organisator-das-magazin-fr-kmu","https:\/\/www.xing.com\/news\/pages\/organisator-ch-695","https:\/\/www.youtube.com\/channel\/UCGP2Sq0iWaZwT3BdIAQFYpw"]},{"@type":"Person","@id":"https:\/\/www.organisator.ch\/#\/schema\/person\/4e51799071cd2dd1232ac003643ef5f0","name":"galledia","image":{"@type":"ImageObject","inLanguage":"fr-FR","@id":"https:\/\/secure.gravatar.com\/avatar\/78a7f90c01fc2bfc875782a0d4922b37cde2cf184ce347b91316d23cd7f69a36?s=96&d=mm&r=g","url":"https:\/\/secure.gravatar.com\/avatar\/78a7f90c01fc2bfc875782a0d4922b37cde2cf184ce347b91316d23cd7f69a36?s=96&d=mm&r=g","contentUrl":"https:\/\/secure.gravatar.com\/avatar\/78a7f90c01fc2bfc875782a0d4922b37cde2cf184ce347b91316d23cd7f69a36?s=96&d=mm&r=g","caption":"galledia"},"sameAs":["https:\/\/x.com\/admin"],"url":"https:\/\/www.organisator.ch\/fr\/author\/galledia\/"}]}},"_links":{"self":[{"href":"https:\/\/www.organisator.ch\/fr\/wp-json\/wp\/v2\/posts\/11958","targetHints":{"allow":["GET"]}}],"collection":[{"href":"https:\/\/www.organisator.ch\/fr\/wp-json\/wp\/v2\/posts"}],"about":[{"href":"https:\/\/www.organisator.ch\/fr\/wp-json\/wp\/v2\/types\/post"}],"author":[{"embeddable":true,"href":"https:\/\/www.organisator.ch\/fr\/wp-json\/wp\/v2\/users\/8"}],"replies":[{"embeddable":true,"href":"https:\/\/www.organisator.ch\/fr\/wp-json\/wp\/v2\/comments?post=11958"}],"version-history":[{"count":2,"href":"https:\/\/www.organisator.ch\/fr\/wp-json\/wp\/v2\/posts\/11958\/revisions"}],"predecessor-version":[{"id":11969,"href":"https:\/\/www.organisator.ch\/fr\/wp-json\/wp\/v2\/posts\/11958\/revisions\/11969"}],"wp:attachment":[{"href":"https:\/\/www.organisator.ch\/fr\/wp-json\/wp\/v2\/media?parent=11958"}],"wp:term":[{"taxonomy":"category","embeddable":true,"href":"https:\/\/www.organisator.ch\/fr\/wp-json\/wp\/v2\/categories?post=11958"},{"taxonomy":"post_tag","embeddable":true,"href":"https:\/\/www.organisator.ch\/fr\/wp-json\/wp\/v2\/tags?post=11958"}],"curies":[{"name":"wp","href":"https:\/\/api.w.org\/{rel}","templated":true}]}}