{"id":1196,"date":"2016-08-10T11:16:48","date_gmt":"2016-08-10T09:16:48","guid":{"rendered":"http:\/\/dev.organisator.ch\/?p=1196"},"modified":"2016-08-10T11:16:48","modified_gmt":"2016-08-10T09:16:48","slug":"die-sfm-methode","status":"publish","type":"post","link":"https:\/\/www.organisator.ch\/fr\/human-resources\/hrm\/2016-08-10\/die-sfm-methode\/","title":{"rendered":"La m\u00e9thode SFM"},"content":{"rendered":"<figure id=\"attachment_1197\" aria-describedby=\"caption-attachment-1197\" style=\"width: 680px\" class=\"wp-caption alignnone\"><a href=\"https:\/\/organisator.ch\/wp-content\/uploads\/2016\/12\/Die-SFM-Methode-organisator.jpg\"><img loading=\"lazy\" decoding=\"async\" class=\"size-medium wp-image-1197\" src=\"https:\/\/organisator.ch\/wp-content\/uploads\/2016\/12\/Die-SFM-Methode-organisator.jpg\" alt=\"\" width=\"680\" height=\"425\" \/><\/a><figcaption id=\"caption-attachment-1197\" class=\"wp-caption-text\">La m\u00e9thode SFM<\/figcaption><\/figure>\n<p>Le site <a href=\"https:\/\/tube.switch.ch\/videos\/b855fc39\" target=\"_blank\" rel=\"noreferrer noopener\" data-cke-saved-href=\"https:\/\/tube.switch.ch\/videos\/b855fc39\">M\u00e9thode SFM (SFM = Solution Finder Model)<\/a> est utilis\u00e9 comme mod\u00e8le d'analyse dans la pens\u00e9e convergente, c'est-\u00e0-dire qu'il doit apporter de la clart\u00e9 quant aux variantes de solutions. Elle part d'un probl\u00e8me pour lequel une solution doit \u00eatre trouv\u00e9e. Cette m\u00e9thode a \u00e9t\u00e9 d\u00e9velopp\u00e9e en 2009 \u00e0 la Haute \u00e9cole sp\u00e9cialis\u00e9e \u00e0 distance Suisse par une \u00e9quipe de recherche du p\u00f4le de recherche eCollaboration en tant qu'instrument collaboratif de recherche de solutions et a \u00e9t\u00e9 utilis\u00e9e depuis lors avec succ\u00e8s dans de nombreux projets. La m\u00e9thode SFM fonctionne de la mani\u00e8re suivante : un th\u00e8me est d'abord class\u00e9 et identifi\u00e9 comme besoin, objectif ou solution. Ensuite, des questions appropri\u00e9es permettent de v\u00e9rifier si cette hypoth\u00e8se permet d'int\u00e9grer la cha\u00eene \"besoin-objectif-solution\" dans une unit\u00e9. Il est important de noter qu'un besoin doit avoir un objectif et qu'une solution doit \u00eatre trouv\u00e9e pour cet objectif. Cette solution doit \u00e0 son tour r\u00e9pondre au besoin initial. Ce n'est que lorsque la relation triangulaire peut \u00eatre \u00e9tablie en fonction du sens que la solution peut \u00eatre consid\u00e9r\u00e9e comme une solution adapt\u00e9e au probl\u00e8me.<\/p>\n<p><strong>Smart Uffi - le bureau intelligent du futur<\/strong><\/p>\n<p>La m\u00e9thode SFM a d\u00e9j\u00e0 \u00e9t\u00e9 utilis\u00e9e avec succ\u00e8s dans de nombreux projets diff\u00e9rents, comme le projet \"Smart Uffi\" (Smart Office). Il s'agit d'un projet de recherche que la FFHS m\u00e8ne en collaboration avec la SUPSI (Haute \u00e9cole sp\u00e9cialis\u00e9e du Tessin). Il s'agit de d\u00e9terminer quelles solutions doivent \u00eatre mises en \u0153uvre pour obtenir ce que l'on appelle un \"Smart Office\", c'est-\u00e0-dire un bureau intelligent.<\/p>\n<p>Dans ce sens, Smart doit \u00eatre interpr\u00e9t\u00e9 de la mani\u00e8re suivante (Conf\u00e9rence sur l'avenir de Fraunhofer 2015 \u00e0 Stuttgart) :<\/p>\n<ol>\n<li><em>L'op\u00e9rateur devient le serviteur - la technique reconna\u00eet ce que quelqu'un veut et agit directement, sans demander. <\/em>Par exemple, j'arrive au bureau le soir, l'ordinateur portable d\u00e9marre imm\u00e9diatement et se connecte \u00e0 un forum o\u00f9 l'on attend de moi une r\u00e9ponse pour ce soir. Je n'ai pas \u00e0 me soucier de la connexion au forum, ni du nom d'utilisateur ou du mot de passe - tout est d\u00e9j\u00e0 pr\u00eat. Je peux commencer \u00e0 travailler.<\/li>\n<li><em>Les choses ne n\u00e9cessitent pas d'intervention humaine. <\/em>Par exemple, je suis en d\u00e9placement et j'utilise un ordinateur portable avec une connexion WLAN \u00e0 Internet. Lorsque je change de lieu, l'ordinateur portable se connecte automatiquement aux r\u00e9seaux WLAN, sans que je doive s\u00e9lectionner ou taper quoi que ce soit.<\/li>\n<li><em>Le choix entre plusieurs options d'action se fait de mani\u00e8re flexible et en fonction du contexte. <\/em>Par exemple, je me suis absent\u00e9 trois jours pour cause de vacances. Pendant ce temps, je re\u00e7ois une demande concernant un projet auquel j'ai d\u00e9j\u00e0 consacr\u00e9 beaucoup de temps et que j'aimerais traiter. Je re\u00e7ois un SMS sur mon t\u00e9l\u00e9phone portable et je n'ai qu'\u00e0 confirmer bri\u00e8vement ma participation - ce qui g\u00e9n\u00e8re un e-mail de r\u00e9ponse. Les autres e-mails et demandes qui ne me concernent pas \u00e0 ce moment-l\u00e0 sont retenus et attendent que je revienne au bureau.<\/li>\n<\/ol>\n<p>Les d\u00e9clarations suivantes ont \u00e9t\u00e9 recueillies dans le cadre d'une enqu\u00eate du projet Smart Uffi \u00e0 la FFHS et ont ensuite \u00e9t\u00e9 soumises \u00e0 une analyse SFM en attribuant les diff\u00e9rentes d\u00e9clarations d'un groupe aux besoins, objectifs ou solutions. On a ensuite tent\u00e9 d'\u00e9tablir les relations entre les \u00e9l\u00e9ments.<\/p>\n<figure id=\"attachment_1198\" aria-describedby=\"caption-attachment-1198\" style=\"width: 680px\" class=\"wp-caption alignnone\"><a href=\"https:\/\/organisator.ch\/wp-content\/uploads\/2016\/12\/Die-SFM-Methode-SFM-Analyse-organisator.jpg\"><img loading=\"lazy\" decoding=\"async\" class=\"size-medium wp-image-1198\" src=\"https:\/\/organisator.ch\/wp-content\/uploads\/2016\/12\/Die-SFM-Methode-SFM-Analyse-organisator.jpg\" alt=\"\" width=\"680\" height=\"245\" \/><\/a><figcaption id=\"caption-attachment-1198\" class=\"wp-caption-text\">Analyse de SFM \u00e0 partir d'une enqu\u00eate sur les besoins en mati\u00e8re d'infrastructure.<\/figcaption><\/figure>\n<p>Dans le graphique, il est possible de trouver une solution (en vert, en trait plein) ; pour le besoin \"bureau trop petit\", il est possible de trouver un objectif (soutien du propre bien-\u00eatre) et d'attribuer une solution (plus de zones de bureau ouvertes) - la solution soutient r\u00e9troactivement \u00e0 nouveau le besoin. Le triangle de ces \u00e9l\u00e9ments peut donc \u00eatre ferm\u00e9 et repr\u00e9sente ainsi une solution r\u00e9elle et durable.<\/p>\n<p>Pour le besoin de \"travailler debout\", on peut certes trouver un objectif (son propre bien-\u00eatre), mais il n'existe pas encore de solution. Elle doit donc \u00eatre d\u00e9velopp\u00e9e : Par exemple, il serait possible d'installer une table haute avec des chaises hautes, ce qui permettrait de travailler debout ou assis (ou de fa\u00e7on mixte) \u00e0 la m\u00eame table. Cela r\u00e9pondrait \u00e0 un autre besoin (mobilier trop rigide), car la solution (debout ou assis, ou les deux \u00e0 plusieurs) permettrait d'augmenter la flexibilit\u00e9 et le bien-\u00eatre personnel.<\/p>\n<p>Le souhait d'avoir \"son propre iPad\" ne repr\u00e9sente pas un besoin, mais d\u00e9j\u00e0 une solution (puisqu'il s'agit d'un instrument). Il n'est toutefois pas possible de lui attribuer un objectif ou un besoin, de sorte que ces deux \u00e9l\u00e9ments doivent encore \u00eatre recherch\u00e9s. S'ils sont trouv\u00e9s de mani\u00e8re pertinente, un iPad peut tout \u00e0 fait \u00eatre une solution.<\/p>\n<p><strong>Se rapprocher pas \u00e0 pas du bureau intelligent<\/strong><\/p>\n<p>De cette mani\u00e8re, il sera possible de se rapprocher petit \u00e0 petit du bureau intelligent du futur en accordant les besoins et les objectifs de ses utilisateurs. Pour commencer, quelques solutions s\u00e9lectionn\u00e9es, r\u00e9v\u00e9l\u00e9es par l'analyse SFM, seront donc mises en \u0153uvre dans la pratique des deux partenaires du projet.<\/p>\n<p>Mod\u00e8le Solution Finder\u00a0<a href=\"https:\/\/tube.switch.ch\/videos\/b855fc39\" target=\"_blank\" rel=\"noopener\">https:\/\/tube.switch.ch\/videos\/b855fc39<\/a><\/p>\n<p>Haute \u00e9cole sp\u00e9cialis\u00e9e \u00e0 distance Suisse\u00a0<a href=\"https:\/\/www.ffhs.ch\/\" target=\"_blank\" rel=\"noopener\">https:\/\/www.ffhs.ch\/<\/a><\/p>\n<p>Solutions collaboratives Quick&amp;Clean : la m\u00e9thode SFM\u00a0<a href=\"http:\/\/bit.ly\/2aRTtVk\" target=\"_blank\" rel=\"noopener\">http:\/\/bit.ly\/2aRTtVk<\/a><\/p>","protected":false},"excerpt":{"rendered":"<p>Die SFM-Methode (SFM = Solution Finder Model) wird als Analysemodell beim konvergenten Denken eingesetzt, es soll also Klarheit bez\u00fcglich der L\u00f6sungsvarianten bringen. Es geht dabei von einem Problem aus, f\u00fcr das eine L\u00f6sung gefunden werden soll. Diese Methode wurde 2009 an der Fernfachhochschule Schweiz von einem Forschungsteam des Forschungsschwerpunktes eCollaboration als kollaboratives Instrument der L\u00f6sungsfindung [&hellip;]<\/p>\n","protected":false},"author":8,"featured_media":1197,"comment_status":"open","ping_status":"open","sticky":false,"template":"","format":"standard","meta":{"_acf_changed":false,"_yoast_wpseo_focuskw":"Die SFM-Methode","_yoast_wpseo_metadesc":"Viele Unternehmen m\u00f6chten die B\u00fcros f\u00fcr ihre Mitarbeitenden modernisieren. Eine Arbeitsgruppe wird gebildet, ein Brainstorming durchgef\u00fchrt und durch eine Mitarbeiterumfrage erg\u00e4nzt. Und wie geht's dann weiter?","articlekey":"","footnotes":""},"categories":[26],"tags":[51,254],"class_list":["post-1196","post","type-post","status-publish","format-standard","has-post-thumbnail","hentry","category-hrm","tag-arbeitsplatzgestaltung","tag-hrm"],"acf":[],"yoast_head":"<!-- This site is optimized with the Yoast SEO plugin v27.5 - https:\/\/yoast.com\/product\/yoast-seo-wordpress\/ -->\n<title>Die SFM-Methode - Organisator<\/title>\n<meta name=\"description\" content=\"Viele Unternehmen m\u00f6chten die B\u00fcros f\u00fcr ihre Mitarbeitenden modernisieren. Eine Arbeitsgruppe wird gebildet, ein Brainstorming durchgef\u00fchrt und durch eine Mitarbeiterumfrage erg\u00e4nzt. Und wie geht&#039;s dann weiter?\" \/>\n<meta name=\"robots\" content=\"index, follow, max-snippet:-1, max-image-preview:large, max-video-preview:-1\" \/>\n<link rel=\"canonical\" href=\"https:\/\/www.organisator.ch\/fr\/ressources-humaines\/hrm\/2016-08-10\/die-sfm-methode\/\" \/>\n<meta property=\"og:locale\" content=\"fr_FR\" \/>\n<meta property=\"og:type\" content=\"article\" \/>\n<meta property=\"og:title\" content=\"Die SFM-Methode\" \/>\n<meta property=\"og:description\" content=\"Viele Unternehmen m\u00f6chten die B\u00fcros f\u00fcr ihre Mitarbeitenden modernisieren. Eine Arbeitsgruppe wird gebildet, ein Brainstorming durchgef\u00fchrt und durch eine Mitarbeiterumfrage erg\u00e4nzt. Und wie geht&#039;s dann weiter?\" \/>\n<meta property=\"og:url\" content=\"https:\/\/www.organisator.ch\/fr\/ressources-humaines\/hrm\/2016-08-10\/die-sfm-methode\/\" \/>\n<meta property=\"og:site_name\" content=\"Organisator\" \/>\n<meta property=\"article:publisher\" content=\"https:\/\/www.facebook.com\/OrganisatorFachmagazin\" \/>\n<meta property=\"article:published_time\" content=\"2016-08-10T09:16:48+00:00\" \/>\n<meta name=\"author\" content=\"galledia\" \/>\n<meta name=\"twitter:card\" content=\"summary_large_image\" \/>\n<meta name=\"twitter:title\" content=\"Die SFM-Methode\" \/>\n<meta name=\"twitter:description\" content=\"Viele Unternehmen m\u00f6chten die B\u00fcros f\u00fcr ihre Mitarbeitenden modernisieren. Eine Arbeitsgruppe wird gebildet, ein Brainstorming durchgef\u00fchrt und durch eine Mitarbeiterumfrage erg\u00e4nzt. Und wie geht&#039;s dann weiter?\" \/>\n<meta name=\"twitter:image\" content=\"http:\/\/dev.organisator.ch\/wp-content\/uploads\/2016\/12\/Die-SFM-Methode-organisator.jpg\" \/>\n<meta name=\"twitter:creator\" content=\"@admin\" \/>\n<script type=\"application\/ld+json\" class=\"yoast-schema-graph\">{\"@context\":\"https:\\\/\\\/schema.org\",\"@graph\":[{\"@type\":\"Article\",\"@id\":\"https:\\\/\\\/www.organisator.ch\\\/human-resources\\\/hrm\\\/2016-08-10\\\/die-sfm-methode\\\/#article\",\"isPartOf\":{\"@id\":\"https:\\\/\\\/www.organisator.ch\\\/human-resources\\\/hrm\\\/2016-08-10\\\/die-sfm-methode\\\/\"},\"author\":{\"name\":\"galledia\",\"@id\":\"https:\\\/\\\/www.organisator.ch\\\/#\\\/schema\\\/person\\\/4e51799071cd2dd1232ac003643ef5f0\"},\"headline\":\"Die SFM-Methode\",\"datePublished\":\"2016-08-10T09:16:48+00:00\",\"mainEntityOfPage\":{\"@id\":\"https:\\\/\\\/www.organisator.ch\\\/human-resources\\\/hrm\\\/2016-08-10\\\/die-sfm-methode\\\/\"},\"wordCount\":836,\"commentCount\":0,\"publisher\":{\"@id\":\"https:\\\/\\\/www.organisator.ch\\\/#organization\"},\"image\":{\"@id\":\"https:\\\/\\\/www.organisator.ch\\\/human-resources\\\/hrm\\\/2016-08-10\\\/die-sfm-methode\\\/#primaryimage\"},\"thumbnailUrl\":\"\",\"keywords\":[\"Arbeitsplatzgestaltung\",\"HRM\"],\"articleSection\":[\"HRM\"],\"inLanguage\":\"fr-FR\"},{\"@type\":\"WebPage\",\"@id\":\"https:\\\/\\\/www.organisator.ch\\\/human-resources\\\/hrm\\\/2016-08-10\\\/die-sfm-methode\\\/\",\"url\":\"https:\\\/\\\/www.organisator.ch\\\/human-resources\\\/hrm\\\/2016-08-10\\\/die-sfm-methode\\\/\",\"name\":\"Die SFM-Methode - Organisator\",\"isPartOf\":{\"@id\":\"https:\\\/\\\/www.organisator.ch\\\/#website\"},\"primaryImageOfPage\":{\"@id\":\"https:\\\/\\\/www.organisator.ch\\\/human-resources\\\/hrm\\\/2016-08-10\\\/die-sfm-methode\\\/#primaryimage\"},\"image\":{\"@id\":\"https:\\\/\\\/www.organisator.ch\\\/human-resources\\\/hrm\\\/2016-08-10\\\/die-sfm-methode\\\/#primaryimage\"},\"thumbnailUrl\":\"\",\"datePublished\":\"2016-08-10T09:16:48+00:00\",\"description\":\"Viele Unternehmen m\u00f6chten die B\u00fcros f\u00fcr ihre Mitarbeitenden modernisieren. Eine Arbeitsgruppe wird gebildet, ein Brainstorming durchgef\u00fchrt und durch eine Mitarbeiterumfrage erg\u00e4nzt. Und wie geht's dann weiter?\",\"breadcrumb\":{\"@id\":\"https:\\\/\\\/www.organisator.ch\\\/human-resources\\\/hrm\\\/2016-08-10\\\/die-sfm-methode\\\/#breadcrumb\"},\"inLanguage\":\"fr-FR\",\"potentialAction\":[{\"@type\":\"ReadAction\",\"target\":[\"https:\\\/\\\/www.organisator.ch\\\/human-resources\\\/hrm\\\/2016-08-10\\\/die-sfm-methode\\\/\"]}]},{\"@type\":\"ImageObject\",\"inLanguage\":\"fr-FR\",\"@id\":\"https:\\\/\\\/www.organisator.ch\\\/human-resources\\\/hrm\\\/2016-08-10\\\/die-sfm-methode\\\/#primaryimage\",\"url\":\"\",\"contentUrl\":\"\"},{\"@type\":\"BreadcrumbList\",\"@id\":\"https:\\\/\\\/www.organisator.ch\\\/human-resources\\\/hrm\\\/2016-08-10\\\/die-sfm-methode\\\/#breadcrumb\",\"itemListElement\":[{\"@type\":\"ListItem\",\"position\":1,\"name\":\"Home\",\"item\":\"https:\\\/\\\/www.organisator.ch\\\/\"},{\"@type\":\"ListItem\",\"position\":2,\"name\":\"Die SFM-Methode\"}]},{\"@type\":\"WebSite\",\"@id\":\"https:\\\/\\\/www.organisator.ch\\\/#website\",\"url\":\"https:\\\/\\\/www.organisator.ch\\\/\",\"name\":\"Organisator\",\"description\":\"Kompetent. Praxisnah. Der ORGANISATOR bereitet in 10 Ausgaben pro Jahr die wesentlichen Themen f\u00fcr F\u00fchrungskr\u00e4fte von KMU auf.\",\"publisher\":{\"@id\":\"https:\\\/\\\/www.organisator.ch\\\/#organization\"},\"potentialAction\":[{\"@type\":\"SearchAction\",\"target\":{\"@type\":\"EntryPoint\",\"urlTemplate\":\"https:\\\/\\\/www.organisator.ch\\\/?s={search_term_string}\"},\"query-input\":{\"@type\":\"PropertyValueSpecification\",\"valueRequired\":true,\"valueName\":\"search_term_string\"}}],\"inLanguage\":\"fr-FR\"},{\"@type\":\"Organization\",\"@id\":\"https:\\\/\\\/www.organisator.ch\\\/#organization\",\"name\":\"Organisator\",\"url\":\"https:\\\/\\\/www.organisator.ch\\\/\",\"logo\":{\"@type\":\"ImageObject\",\"inLanguage\":\"fr-FR\",\"@id\":\"https:\\\/\\\/www.organisator.ch\\\/#\\\/schema\\\/logo\\\/image\\\/\",\"url\":\"https:\\\/\\\/www.organisator.ch\\\/wp-content\\\/uploads\\\/2022\\\/01\\\/Logo_Organisator_Website.png\",\"contentUrl\":\"https:\\\/\\\/www.organisator.ch\\\/wp-content\\\/uploads\\\/2022\\\/01\\\/Logo_Organisator_Website.png\",\"width\":800,\"height\":77,\"caption\":\"Organisator\"},\"image\":{\"@id\":\"https:\\\/\\\/www.organisator.ch\\\/#\\\/schema\\\/logo\\\/image\\\/\"},\"sameAs\":[\"https:\\\/\\\/www.facebook.com\\\/OrganisatorFachmagazin\",\"https:\\\/\\\/www.linkedin.com\\\/showcase\\\/organisator-das-magazin-fr-kmu\",\"https:\\\/\\\/www.xing.com\\\/news\\\/pages\\\/organisator-ch-695\",\"https:\\\/\\\/www.youtube.com\\\/channel\\\/UCGP2Sq0iWaZwT3BdIAQFYpw\"]},{\"@type\":\"Person\",\"@id\":\"https:\\\/\\\/www.organisator.ch\\\/#\\\/schema\\\/person\\\/4e51799071cd2dd1232ac003643ef5f0\",\"name\":\"galledia\",\"image\":{\"@type\":\"ImageObject\",\"inLanguage\":\"fr-FR\",\"@id\":\"https:\\\/\\\/secure.gravatar.com\\\/avatar\\\/78a7f90c01fc2bfc875782a0d4922b37cde2cf184ce347b91316d23cd7f69a36?s=96&d=mm&r=g\",\"url\":\"https:\\\/\\\/secure.gravatar.com\\\/avatar\\\/78a7f90c01fc2bfc875782a0d4922b37cde2cf184ce347b91316d23cd7f69a36?s=96&d=mm&r=g\",\"contentUrl\":\"https:\\\/\\\/secure.gravatar.com\\\/avatar\\\/78a7f90c01fc2bfc875782a0d4922b37cde2cf184ce347b91316d23cd7f69a36?s=96&d=mm&r=g\",\"caption\":\"galledia\"},\"sameAs\":[\"https:\\\/\\\/x.com\\\/admin\"],\"url\":\"https:\\\/\\\/www.organisator.ch\\\/fr\\\/author\\\/galledia\\\/\"}]}<\/script>\n<!-- \/ Yoast SEO plugin. -->","yoast_head_json":{"title":"La m\u00e9thode SFM - Organisateur","description":"De nombreuses entreprises souhaitent moderniser les bureaux de leurs collaborateurs. Un groupe de travail est form\u00e9, un brainstorming est organis\u00e9 et compl\u00e9t\u00e9 par un sondage aupr\u00e8s des collaborateurs. Et ensuite ?","robots":{"index":"index","follow":"follow","max-snippet":"max-snippet:-1","max-image-preview":"max-image-preview:large","max-video-preview":"max-video-preview:-1"},"canonical":"https:\/\/www.organisator.ch\/fr\/ressources-humaines\/hrm\/2016-08-10\/die-sfm-methode\/","og_locale":"fr_FR","og_type":"article","og_title":"Die SFM-Methode","og_description":"Viele Unternehmen m\u00f6chten die B\u00fcros f\u00fcr ihre Mitarbeitenden modernisieren. Eine Arbeitsgruppe wird gebildet, ein Brainstorming durchgef\u00fchrt und durch eine Mitarbeiterumfrage erg\u00e4nzt. Und wie geht's dann weiter?","og_url":"https:\/\/www.organisator.ch\/fr\/ressources-humaines\/hrm\/2016-08-10\/die-sfm-methode\/","og_site_name":"Organisator","article_publisher":"https:\/\/www.facebook.com\/OrganisatorFachmagazin","article_published_time":"2016-08-10T09:16:48+00:00","author":"galledia","twitter_card":"summary_large_image","twitter_title":"Die SFM-Methode","twitter_description":"Viele Unternehmen m\u00f6chten die B\u00fcros f\u00fcr ihre Mitarbeitenden modernisieren. Eine Arbeitsgruppe wird gebildet, ein Brainstorming durchgef\u00fchrt und durch eine Mitarbeiterumfrage erg\u00e4nzt. Und wie geht's dann weiter?","twitter_image":"http:\/\/dev.organisator.ch\/wp-content\/uploads\/2016\/12\/Die-SFM-Methode-organisator.jpg","twitter_creator":"@admin","schema":{"@context":"https:\/\/schema.org","@graph":[{"@type":"Article","@id":"https:\/\/www.organisator.ch\/human-resources\/hrm\/2016-08-10\/die-sfm-methode\/#article","isPartOf":{"@id":"https:\/\/www.organisator.ch\/human-resources\/hrm\/2016-08-10\/die-sfm-methode\/"},"author":{"name":"galledia","@id":"https:\/\/www.organisator.ch\/#\/schema\/person\/4e51799071cd2dd1232ac003643ef5f0"},"headline":"Die SFM-Methode","datePublished":"2016-08-10T09:16:48+00:00","mainEntityOfPage":{"@id":"https:\/\/www.organisator.ch\/human-resources\/hrm\/2016-08-10\/die-sfm-methode\/"},"wordCount":836,"commentCount":0,"publisher":{"@id":"https:\/\/www.organisator.ch\/#organization"},"image":{"@id":"https:\/\/www.organisator.ch\/human-resources\/hrm\/2016-08-10\/die-sfm-methode\/#primaryimage"},"thumbnailUrl":"","keywords":["Arbeitsplatzgestaltung","HRM"],"articleSection":["HRM"],"inLanguage":"fr-FR"},{"@type":"WebPage","@id":"https:\/\/www.organisator.ch\/human-resources\/hrm\/2016-08-10\/die-sfm-methode\/","url":"https:\/\/www.organisator.ch\/human-resources\/hrm\/2016-08-10\/die-sfm-methode\/","name":"La m\u00e9thode SFM - Organisateur","isPartOf":{"@id":"https:\/\/www.organisator.ch\/#website"},"primaryImageOfPage":{"@id":"https:\/\/www.organisator.ch\/human-resources\/hrm\/2016-08-10\/die-sfm-methode\/#primaryimage"},"image":{"@id":"https:\/\/www.organisator.ch\/human-resources\/hrm\/2016-08-10\/die-sfm-methode\/#primaryimage"},"thumbnailUrl":"","datePublished":"2016-08-10T09:16:48+00:00","description":"De nombreuses entreprises souhaitent moderniser les bureaux de leurs collaborateurs. Un groupe de travail est form\u00e9, un brainstorming est organis\u00e9 et compl\u00e9t\u00e9 par un sondage aupr\u00e8s des collaborateurs. Et ensuite ?","breadcrumb":{"@id":"https:\/\/www.organisator.ch\/human-resources\/hrm\/2016-08-10\/die-sfm-methode\/#breadcrumb"},"inLanguage":"fr-FR","potentialAction":[{"@type":"ReadAction","target":["https:\/\/www.organisator.ch\/human-resources\/hrm\/2016-08-10\/die-sfm-methode\/"]}]},{"@type":"ImageObject","inLanguage":"fr-FR","@id":"https:\/\/www.organisator.ch\/human-resources\/hrm\/2016-08-10\/die-sfm-methode\/#primaryimage","url":"","contentUrl":""},{"@type":"BreadcrumbList","@id":"https:\/\/www.organisator.ch\/human-resources\/hrm\/2016-08-10\/die-sfm-methode\/#breadcrumb","itemListElement":[{"@type":"ListItem","position":1,"name":"Home","item":"https:\/\/www.organisator.ch\/"},{"@type":"ListItem","position":2,"name":"Die SFM-Methode"}]},{"@type":"WebSite","@id":"https:\/\/www.organisator.ch\/#website","url":"https:\/\/www.organisator.ch\/","name":"Organisateur","description":"Comp\u00e9tence et comp\u00e9tence. Proches de la pratique. L'ORGANISATEUR pr\u00e9pare 10 num\u00e9ros par an sur les th\u00e8mes essentiels pour les dirigeants de PME.","publisher":{"@id":"https:\/\/www.organisator.ch\/#organization"},"potentialAction":[{"@type":"SearchAction","target":{"@type":"EntryPoint","urlTemplate":"https:\/\/www.organisator.ch\/?s={search_term_string}"},"query-input":{"@type":"PropertyValueSpecification","valueRequired":true,"valueName":"search_term_string"}}],"inLanguage":"fr-FR"},{"@type":"Organization","@id":"https:\/\/www.organisator.ch\/#organization","name":"Organisateur","url":"https:\/\/www.organisator.ch\/","logo":{"@type":"ImageObject","inLanguage":"fr-FR","@id":"https:\/\/www.organisator.ch\/#\/schema\/logo\/image\/","url":"https:\/\/www.organisator.ch\/wp-content\/uploads\/2022\/01\/Logo_Organisator_Website.png","contentUrl":"https:\/\/www.organisator.ch\/wp-content\/uploads\/2022\/01\/Logo_Organisator_Website.png","width":800,"height":77,"caption":"Organisator"},"image":{"@id":"https:\/\/www.organisator.ch\/#\/schema\/logo\/image\/"},"sameAs":["https:\/\/www.facebook.com\/OrganisatorFachmagazin","https:\/\/www.linkedin.com\/showcase\/organisator-das-magazin-fr-kmu","https:\/\/www.xing.com\/news\/pages\/organisator-ch-695","https:\/\/www.youtube.com\/channel\/UCGP2Sq0iWaZwT3BdIAQFYpw"]},{"@type":"Person","@id":"https:\/\/www.organisator.ch\/#\/schema\/person\/4e51799071cd2dd1232ac003643ef5f0","name":"galledia","image":{"@type":"ImageObject","inLanguage":"fr-FR","@id":"https:\/\/secure.gravatar.com\/avatar\/78a7f90c01fc2bfc875782a0d4922b37cde2cf184ce347b91316d23cd7f69a36?s=96&d=mm&r=g","url":"https:\/\/secure.gravatar.com\/avatar\/78a7f90c01fc2bfc875782a0d4922b37cde2cf184ce347b91316d23cd7f69a36?s=96&d=mm&r=g","contentUrl":"https:\/\/secure.gravatar.com\/avatar\/78a7f90c01fc2bfc875782a0d4922b37cde2cf184ce347b91316d23cd7f69a36?s=96&d=mm&r=g","caption":"galledia"},"sameAs":["https:\/\/x.com\/admin"],"url":"https:\/\/www.organisator.ch\/fr\/author\/galledia\/"}]}},"_links":{"self":[{"href":"https:\/\/www.organisator.ch\/fr\/wp-json\/wp\/v2\/posts\/1196","targetHints":{"allow":["GET"]}}],"collection":[{"href":"https:\/\/www.organisator.ch\/fr\/wp-json\/wp\/v2\/posts"}],"about":[{"href":"https:\/\/www.organisator.ch\/fr\/wp-json\/wp\/v2\/types\/post"}],"author":[{"embeddable":true,"href":"https:\/\/www.organisator.ch\/fr\/wp-json\/wp\/v2\/users\/8"}],"replies":[{"embeddable":true,"href":"https:\/\/www.organisator.ch\/fr\/wp-json\/wp\/v2\/comments?post=1196"}],"version-history":[{"count":0,"href":"https:\/\/www.organisator.ch\/fr\/wp-json\/wp\/v2\/posts\/1196\/revisions"}],"wp:featuredmedia":[{"embeddable":true,"href":"https:\/\/www.organisator.ch\/fr\/wp-json\/"}],"wp:attachment":[{"href":"https:\/\/www.organisator.ch\/fr\/wp-json\/wp\/v2\/media?parent=1196"}],"wp:term":[{"taxonomy":"category","embeddable":true,"href":"https:\/\/www.organisator.ch\/fr\/wp-json\/wp\/v2\/categories?post=1196"},{"taxonomy":"post_tag","embeddable":true,"href":"https:\/\/www.organisator.ch\/fr\/wp-json\/wp\/v2\/tags?post=1196"}],"curies":[{"name":"wp","href":"https:\/\/api.w.org\/{rel}","templated":true}]}}