{"id":11975,"date":"2022-03-01T11:23:45","date_gmt":"2022-03-01T10:23:45","guid":{"rendered":"https:\/\/www.organisator.ch\/?p=11975"},"modified":"2022-03-01T11:23:45","modified_gmt":"2022-03-01T10:23:45","slug":"ivf-hartmann-gruppe-spuert-auswirkungen-der-pandemie","status":"publish","type":"post","link":"https:\/\/www.organisator.ch\/fr\/management\/2022-03-01\/ivf-hartmann-gruppe-spuert-auswirkungen-der-pandemie\/","title":{"rendered":"Le groupe IVF Hartmann ressent les effets de la pand\u00e9mie"},"content":{"rendered":"<figure id=\"attachment_11976\" aria-describedby=\"caption-attachment-11976\" style=\"width: 680px\" class=\"wp-caption alignnone\"><img loading=\"lazy\" decoding=\"async\" class=\"size-full wp-image-11976\" src=\"https:\/\/www.organisator.ch\/wp-content\/uploads\/2022\/03\/IVF-Hartmann-Gruppe-spuert-Auswirkungen-der-Pandemie_Organisator.jpg\" alt=\"\" width=\"680\" height=\"340\" srcset=\"https:\/\/www.organisator.ch\/wp-content\/uploads\/2022\/03\/IVF-Hartmann-Gruppe-spuert-Auswirkungen-der-Pandemie_Organisator.jpg 680w, https:\/\/www.organisator.ch\/wp-content\/uploads\/2022\/03\/IVF-Hartmann-Gruppe-spuert-Auswirkungen-der-Pandemie_Organisator-18x9.jpg 18w, https:\/\/www.organisator.ch\/wp-content\/uploads\/2022\/03\/IVF-Hartmann-Gruppe-spuert-Auswirkungen-der-Pandemie_Organisator-350x175.jpg 350w, https:\/\/www.organisator.ch\/wp-content\/uploads\/2022\/03\/IVF-Hartmann-Gruppe-spuert-Auswirkungen-der-Pandemie_Organisator-300x150.jpg 300w\" sizes=\"auto, (max-width: 680px) 100vw, 680px\" \/><figcaption id=\"caption-attachment-11976\" class=\"wp-caption-text\">Si\u00e8ge principal d'IVF Hartmann \u00e0 Neuhausen am Rheinfall. (Image : groupe IVF Hartmann)<\/figcaption><\/figure>\n<p>Les cons\u00e9quences de la pand\u00e9mie p\u00e8sent \u00e9galement sur les r\u00e9sultats du groupe IVF Hartmann, l'une des entreprises leaders dans le domaine des biens de consommation m\u00e9dicaux en Suisse. C'est ce qui ressort des comptes annuels 2021 qui viennent d'\u00eatre pr\u00e9sent\u00e9s. Le chiffre d'affaires a diminu\u00e9 de 16,7 % pour atteindre 144,1 millions de CHF. Le r\u00e9sultat d'exploitation avant int\u00e9r\u00eats et imp\u00f4ts (EBIT) a baiss\u00e9 de 63,8 % pour atteindre 7,7 millions de CHF. Le b\u00e9n\u00e9fice du groupe a diminu\u00e9 de 65,2 %, passant du montant record de CHF 17,8 millions de l'ann\u00e9e pr\u00e9c\u00e9dente \u00e0 CHF 6,2 millions (exercice 2019 : CHF 12,2 millions). Mais comme l'indique le groupe IVF Hartmann, il dispose toujours d'une base financi\u00e8re solide : le ratio de fonds propres a augment\u00e9 de 2,2 points de pourcentage par rapport \u00e0 l'ann\u00e9e pr\u00e9c\u00e9dente, pour atteindre 79,1 %. Le conseil d'administration propose \u00e0 l'assembl\u00e9e g\u00e9n\u00e9rale 2022 un dividende ordinaire de CHF 1.90 par action nominative. L'ann\u00e9e pr\u00e9c\u00e9dente, la soci\u00e9t\u00e9 avait vers\u00e9 un dividende ordinaire de 2,50 CHF et un dividende de 1,00 CHF par action nominative \u00e0 l'occasion de son 150e anniversaire.<\/p>\n<h2><strong>Perspectives d'avenir : Un d\u00e9veloppement robuste du chiffre d'affaires est attendu<\/strong><\/h2>\n<p>Apr\u00e8s la pand\u00e9mie qui a dur\u00e9 deux ans, le groupe IVF Hartmann s'attend \u00e0 une normalisation progressive de ses activit\u00e9s en 2022. Comme l'entreprise a maintenu ou d\u00e9velopp\u00e9 ses parts de march\u00e9 dans la plupart des domaines, m\u00eame dans un contexte marqu\u00e9 par la Corona, elle peut saisir les opportunit\u00e9s qui se pr\u00e9sentent en position de force, selon le communiqu\u00e9. Un potentiel de croissance \u00e9lev\u00e9 existe notamment dans les domaines d'application qui requi\u00e8rent des connaissances sp\u00e9ciales approfondies, un savoir-faire particulier en mati\u00e8re de fabrication et une grande familiarit\u00e9 avec les besoins des clients. Le groupe a \u00e9galement l'intention de poursuivre la num\u00e9risation des services. De nouvelles solutions logistiques int\u00e9grales doivent \u00e9galement \u00eatre mises \u00e0 disposition. En compl\u00e9ment de la plateforme d'approvisionnement \"Hartmann easy\", le groupe IVF Hartmann veut augmenter sensiblement son chiffre d'affaires r\u00e9alis\u00e9 en ligne. Dans ce but, il intensifie d'une part la collaboration avec les commer\u00e7ants en ligne connus et, d'autre part, acc\u00e9l\u00e8re la mise en place de ses propres plateformes de commerce \u00e9lectronique.<\/p>\n<p>Pour l'exercice 2022, le groupe s'attend \u00e0 une \u00e9volution robuste du chiffre d'affaires et \u00e0 un EBIT sup\u00e9rieur \u00e0 celui de 2021.<\/p>\n<h2><strong>Changement au sein du conseil d'administration du groupe IVF Hartmann<\/strong><\/h2>\n<p>Dr Rinaldo Riguzzi, 75 ans, a d\u00e9cid\u00e9, apr\u00e8s 35 ann\u00e9es tr\u00e8s fructueuses au sein du groupe IVF Hartmann (dont 31 ans au sein du conseil d'administration), de ne pas se repr\u00e9senter \u00e0 la prochaine assembl\u00e9e g\u00e9n\u00e9rale ordinaire du 26 avril 2022. Le conseil d'administration proposera \u00e9galement \u00e0 l'assembl\u00e9e g\u00e9n\u00e9rale d'\u00e9lire Mme Cornelia Ritz Bossicard comme nouvelle pr\u00e9sidente du conseil d'administration. L'assembl\u00e9e g\u00e9n\u00e9rale ordinaire se d\u00e9roulera sans la pr\u00e9sence physique des actionnaires, conform\u00e9ment \u00e0 l'ordonnance Covid 19 du Conseil f\u00e9d\u00e9ral. Cette ann\u00e9e, tous les actionnaires auront uniquement la possibilit\u00e9 de donner au repr\u00e9sentant ind\u00e9pendant (Dr. iur. J\u00fcrg Martin, avocat, Winterthur) une procuration \u00e9lectronique ou \u00e9crite accompagn\u00e9e d'instructions.<\/p>\n<p><em><a href=\"http:\/\/ivf.hartmann.info\">Source et informations compl\u00e9mentaires<\/a><\/em><\/p>","protected":false},"excerpt":{"rendered":"<p>Die Folgen der Pandemie dr\u00fccken auch bei der IVF Hartmann Gruppe, einem der f\u00fchrenden Unternehmen im Bereich der medizinischen Verbrauchsg\u00fcter in der Schweiz, auf die Ergebnisse. Dies geht aus dem eben pr\u00e4sentierten Jahresabschluss 2021 hervor. Die Umsatzerl\u00f6se sanken um 16.7 % auf CHF 144.1 Mio. Das Betriebsergebnis vor Zinsen und Steuern (EBIT) sank um 63.8 [&hellip;]<\/p>\n","protected":false},"author":4,"featured_media":11976,"comment_status":"closed","ping_status":"closed","sticky":false,"template":"","format":"standard","meta":{"_acf_changed":false,"_yoast_wpseo_focuskw":"IVF Hartmann Gruppe","_yoast_wpseo_metadesc":"Die Gesch\u00e4ftsentwicklung der IVF Hartmann Gruppe im Jahr 2021 unterlag weiterhin den Einfl\u00fcssen der Covid-19-Pandemie.","articlekey":"","footnotes":""},"categories":[28],"tags":[2724,236,335,492],"class_list":["post-11975","post","type-post","status-publish","format-standard","has-post-thumbnail","hentry","category-management","tag-finanzkennzahlen","tag-geschaeftsbericht","tag-management-und-unternehmensfuehrung","tag-unternehmen"],"acf":[],"yoast_head":"<!-- This site is optimized with the Yoast SEO plugin v27.5 - https:\/\/yoast.com\/product\/yoast-seo-wordpress\/ -->\n<title>IVF Hartmann Gruppe sp\u00fcrt Auswirkungen der Pandemie - Organisator<\/title>\n<meta name=\"description\" content=\"Die Gesch\u00e4ftsentwicklung der IVF Hartmann Gruppe im Jahr 2021 unterlag weiterhin den Einfl\u00fcssen der Covid-19-Pandemie.\" \/>\n<meta name=\"robots\" content=\"index, follow, max-snippet:-1, max-image-preview:large, max-video-preview:-1\" \/>\n<link rel=\"canonical\" href=\"https:\/\/www.organisator.ch\/fr\/gestion-2\/2022-03-01\/ivf-hartmann-gruppe-spuert-auswirkungen-der-pandemie\/\" \/>\n<meta property=\"og:locale\" content=\"fr_FR\" \/>\n<meta property=\"og:type\" content=\"article\" \/>\n<meta property=\"og:title\" content=\"IVF Hartmann Gruppe sp\u00fcrt Auswirkungen der Pandemie\" \/>\n<meta property=\"og:description\" content=\"Die Gesch\u00e4ftsentwicklung der IVF Hartmann Gruppe im Jahr 2021 unterlag weiterhin den Einfl\u00fcssen der Covid-19-Pandemie.\" \/>\n<meta property=\"og:url\" content=\"https:\/\/www.organisator.ch\/fr\/gestion-2\/2022-03-01\/ivf-hartmann-gruppe-spuert-auswirkungen-der-pandemie\/\" \/>\n<meta property=\"og:site_name\" content=\"Organisator\" \/>\n<meta property=\"article:publisher\" content=\"https:\/\/www.facebook.com\/OrganisatorFachmagazin\" \/>\n<meta property=\"article:published_time\" content=\"2022-03-01T10:23:45+00:00\" \/>\n<meta property=\"og:image\" content=\"https:\/\/www.organisator.ch\/wp-content\/uploads\/2022\/03\/IVF-Hartmann-Gruppe-spuert-Auswirkungen-der-Pandemie_Organisator.jpg\" \/>\n\t<meta property=\"og:image:width\" content=\"680\" \/>\n\t<meta property=\"og:image:height\" content=\"340\" \/>\n\t<meta property=\"og:image:type\" content=\"image\/jpeg\" \/>\n<meta name=\"author\" content=\"thomas.berner\" \/>\n<meta name=\"twitter:card\" content=\"summary_large_image\" \/>\n<meta name=\"twitter:title\" content=\"IVF #Hartmann Gruppe sp\u00fcrt Auswirkungen der Pandemie\" \/>\n<meta name=\"twitter:description\" content=\"Die #Gesch\u00e4ftsentwicklung der #IVF Hartmann Gruppe im Jahr 2021 unterlag weiterhin den Einfl\u00fcssen der #Covid-19-Pandemie.\" \/>\n<meta name=\"twitter:image\" content=\"https:\/\/www.organisator.ch\/wp-content\/uploads\/2022\/03\/IVF-Hartmann-Gruppe-spuert-Auswirkungen-der-Pandemie_Organisator.jpg\" \/>\n<script type=\"application\/ld+json\" class=\"yoast-schema-graph\">{\"@context\":\"https:\\\/\\\/schema.org\",\"@graph\":[{\"@type\":\"Article\",\"@id\":\"https:\\\/\\\/www.organisator.ch\\\/management\\\/2022-03-01\\\/ivf-hartmann-gruppe-spuert-auswirkungen-der-pandemie\\\/#article\",\"isPartOf\":{\"@id\":\"https:\\\/\\\/www.organisator.ch\\\/management\\\/2022-03-01\\\/ivf-hartmann-gruppe-spuert-auswirkungen-der-pandemie\\\/\"},\"author\":{\"name\":\"thomas.berner\",\"@id\":\"https:\\\/\\\/www.organisator.ch\\\/#\\\/schema\\\/person\\\/6f650f90b2842cd4c0cc334b4e36f67e\"},\"headline\":\"IVF Hartmann Gruppe sp\u00fcrt Auswirkungen der Pandemie\",\"datePublished\":\"2022-03-01T10:23:45+00:00\",\"mainEntityOfPage\":{\"@id\":\"https:\\\/\\\/www.organisator.ch\\\/management\\\/2022-03-01\\\/ivf-hartmann-gruppe-spuert-auswirkungen-der-pandemie\\\/\"},\"wordCount\":465,\"publisher\":{\"@id\":\"https:\\\/\\\/www.organisator.ch\\\/#organization\"},\"image\":{\"@id\":\"https:\\\/\\\/www.organisator.ch\\\/management\\\/2022-03-01\\\/ivf-hartmann-gruppe-spuert-auswirkungen-der-pandemie\\\/#primaryimage\"},\"thumbnailUrl\":\"https:\\\/\\\/www.organisator.ch\\\/wp-content\\\/uploads\\\/2022\\\/03\\\/IVF-Hartmann-Gruppe-spuert-Auswirkungen-der-Pandemie_Organisator.jpg\",\"keywords\":[\"Finanzkennzahlen\",\"Gesch\u00e4ftsbericht\",\"Management und Unternehmensf\u00fchrung\",\"Unternehmen\"],\"articleSection\":[\"MANAGEMENT\"],\"inLanguage\":\"fr-FR\"},{\"@type\":\"WebPage\",\"@id\":\"https:\\\/\\\/www.organisator.ch\\\/management\\\/2022-03-01\\\/ivf-hartmann-gruppe-spuert-auswirkungen-der-pandemie\\\/\",\"url\":\"https:\\\/\\\/www.organisator.ch\\\/management\\\/2022-03-01\\\/ivf-hartmann-gruppe-spuert-auswirkungen-der-pandemie\\\/\",\"name\":\"IVF Hartmann Gruppe sp\u00fcrt Auswirkungen der Pandemie - Organisator\",\"isPartOf\":{\"@id\":\"https:\\\/\\\/www.organisator.ch\\\/#website\"},\"primaryImageOfPage\":{\"@id\":\"https:\\\/\\\/www.organisator.ch\\\/management\\\/2022-03-01\\\/ivf-hartmann-gruppe-spuert-auswirkungen-der-pandemie\\\/#primaryimage\"},\"image\":{\"@id\":\"https:\\\/\\\/www.organisator.ch\\\/management\\\/2022-03-01\\\/ivf-hartmann-gruppe-spuert-auswirkungen-der-pandemie\\\/#primaryimage\"},\"thumbnailUrl\":\"https:\\\/\\\/www.organisator.ch\\\/wp-content\\\/uploads\\\/2022\\\/03\\\/IVF-Hartmann-Gruppe-spuert-Auswirkungen-der-Pandemie_Organisator.jpg\",\"datePublished\":\"2022-03-01T10:23:45+00:00\",\"description\":\"Die Gesch\u00e4ftsentwicklung der IVF Hartmann Gruppe im Jahr 2021 unterlag weiterhin den Einfl\u00fcssen der Covid-19-Pandemie.\",\"breadcrumb\":{\"@id\":\"https:\\\/\\\/www.organisator.ch\\\/management\\\/2022-03-01\\\/ivf-hartmann-gruppe-spuert-auswirkungen-der-pandemie\\\/#breadcrumb\"},\"inLanguage\":\"fr-FR\",\"potentialAction\":[{\"@type\":\"ReadAction\",\"target\":[\"https:\\\/\\\/www.organisator.ch\\\/management\\\/2022-03-01\\\/ivf-hartmann-gruppe-spuert-auswirkungen-der-pandemie\\\/\"]}]},{\"@type\":\"ImageObject\",\"inLanguage\":\"fr-FR\",\"@id\":\"https:\\\/\\\/www.organisator.ch\\\/management\\\/2022-03-01\\\/ivf-hartmann-gruppe-spuert-auswirkungen-der-pandemie\\\/#primaryimage\",\"url\":\"https:\\\/\\\/www.organisator.ch\\\/wp-content\\\/uploads\\\/2022\\\/03\\\/IVF-Hartmann-Gruppe-spuert-Auswirkungen-der-Pandemie_Organisator.jpg\",\"contentUrl\":\"https:\\\/\\\/www.organisator.ch\\\/wp-content\\\/uploads\\\/2022\\\/03\\\/IVF-Hartmann-Gruppe-spuert-Auswirkungen-der-Pandemie_Organisator.jpg\",\"width\":680,\"height\":340,\"caption\":\"Hauptsitz von IVF Hartmann in Neuhausen am Rheinfall. (Bild: IVF Hartmann Gruppe)\"},{\"@type\":\"BreadcrumbList\",\"@id\":\"https:\\\/\\\/www.organisator.ch\\\/management\\\/2022-03-01\\\/ivf-hartmann-gruppe-spuert-auswirkungen-der-pandemie\\\/#breadcrumb\",\"itemListElement\":[{\"@type\":\"ListItem\",\"position\":1,\"name\":\"Home\",\"item\":\"https:\\\/\\\/www.organisator.ch\\\/\"},{\"@type\":\"ListItem\",\"position\":2,\"name\":\"IVF Hartmann Gruppe sp\u00fcrt Auswirkungen der Pandemie\"}]},{\"@type\":\"WebSite\",\"@id\":\"https:\\\/\\\/www.organisator.ch\\\/#website\",\"url\":\"https:\\\/\\\/www.organisator.ch\\\/\",\"name\":\"Organisator\",\"description\":\"Kompetent. Praxisnah. Der ORGANISATOR bereitet in 10 Ausgaben pro Jahr die wesentlichen Themen f\u00fcr F\u00fchrungskr\u00e4fte von KMU auf.\",\"publisher\":{\"@id\":\"https:\\\/\\\/www.organisator.ch\\\/#organization\"},\"potentialAction\":[{\"@type\":\"SearchAction\",\"target\":{\"@type\":\"EntryPoint\",\"urlTemplate\":\"https:\\\/\\\/www.organisator.ch\\\/?s={search_term_string}\"},\"query-input\":{\"@type\":\"PropertyValueSpecification\",\"valueRequired\":true,\"valueName\":\"search_term_string\"}}],\"inLanguage\":\"fr-FR\"},{\"@type\":\"Organization\",\"@id\":\"https:\\\/\\\/www.organisator.ch\\\/#organization\",\"name\":\"Organisator\",\"url\":\"https:\\\/\\\/www.organisator.ch\\\/\",\"logo\":{\"@type\":\"ImageObject\",\"inLanguage\":\"fr-FR\",\"@id\":\"https:\\\/\\\/www.organisator.ch\\\/#\\\/schema\\\/logo\\\/image\\\/\",\"url\":\"https:\\\/\\\/www.organisator.ch\\\/wp-content\\\/uploads\\\/2022\\\/01\\\/Logo_Organisator_Website.png\",\"contentUrl\":\"https:\\\/\\\/www.organisator.ch\\\/wp-content\\\/uploads\\\/2022\\\/01\\\/Logo_Organisator_Website.png\",\"width\":800,\"height\":77,\"caption\":\"Organisator\"},\"image\":{\"@id\":\"https:\\\/\\\/www.organisator.ch\\\/#\\\/schema\\\/logo\\\/image\\\/\"},\"sameAs\":[\"https:\\\/\\\/www.facebook.com\\\/OrganisatorFachmagazin\",\"https:\\\/\\\/www.linkedin.com\\\/showcase\\\/organisator-das-magazin-fr-kmu\",\"https:\\\/\\\/www.xing.com\\\/news\\\/pages\\\/organisator-ch-695\",\"https:\\\/\\\/www.youtube.com\\\/channel\\\/UCGP2Sq0iWaZwT3BdIAQFYpw\"]},{\"@type\":\"Person\",\"@id\":\"https:\\\/\\\/www.organisator.ch\\\/#\\\/schema\\\/person\\\/6f650f90b2842cd4c0cc334b4e36f67e\",\"name\":\"thomas.berner\",\"image\":{\"@type\":\"ImageObject\",\"inLanguage\":\"fr-FR\",\"@id\":\"https:\\\/\\\/secure.gravatar.com\\\/avatar\\\/ac5001d2a36cb6c6cd3e50789007ffca834b477b74a2144564522e944eabff61?s=96&d=mm&r=g\",\"url\":\"https:\\\/\\\/secure.gravatar.com\\\/avatar\\\/ac5001d2a36cb6c6cd3e50789007ffca834b477b74a2144564522e944eabff61?s=96&d=mm&r=g\",\"contentUrl\":\"https:\\\/\\\/secure.gravatar.com\\\/avatar\\\/ac5001d2a36cb6c6cd3e50789007ffca834b477b74a2144564522e944eabff61?s=96&d=mm&r=g\",\"caption\":\"thomas.berner\"},\"url\":\"https:\\\/\\\/www.organisator.ch\\\/fr\\\/author\\\/thomas-berner\\\/\"}]}<\/script>\n<!-- \/ Yoast SEO plugin. -->","yoast_head_json":{"title":"Le groupe IVF Hartmann ressent les effets de la pand\u00e9mie - Organisateur","description":"L'\u00e9volution de l'activit\u00e9 du groupe IVF Hartmann en 2021 est rest\u00e9e soumise \u00e0 l'influence de la pand\u00e9mie de Covid-19.","robots":{"index":"index","follow":"follow","max-snippet":"max-snippet:-1","max-image-preview":"max-image-preview:large","max-video-preview":"max-video-preview:-1"},"canonical":"https:\/\/www.organisator.ch\/fr\/gestion-2\/2022-03-01\/ivf-hartmann-gruppe-spuert-auswirkungen-der-pandemie\/","og_locale":"fr_FR","og_type":"article","og_title":"IVF Hartmann Gruppe sp\u00fcrt Auswirkungen der Pandemie","og_description":"Die Gesch\u00e4ftsentwicklung der IVF Hartmann Gruppe im Jahr 2021 unterlag weiterhin den Einfl\u00fcssen der Covid-19-Pandemie.","og_url":"https:\/\/www.organisator.ch\/fr\/gestion-2\/2022-03-01\/ivf-hartmann-gruppe-spuert-auswirkungen-der-pandemie\/","og_site_name":"Organisator","article_publisher":"https:\/\/www.facebook.com\/OrganisatorFachmagazin","article_published_time":"2022-03-01T10:23:45+00:00","og_image":[{"width":680,"height":340,"url":"https:\/\/www.organisator.ch\/wp-content\/uploads\/2022\/03\/IVF-Hartmann-Gruppe-spuert-Auswirkungen-der-Pandemie_Organisator.jpg","type":"image\/jpeg"}],"author":"thomas.berner","twitter_card":"summary_large_image","twitter_title":"IVF #Hartmann Gruppe sp\u00fcrt Auswirkungen der Pandemie","twitter_description":"Die #Gesch\u00e4ftsentwicklung der #IVF Hartmann Gruppe im Jahr 2021 unterlag weiterhin den Einfl\u00fcssen der #Covid-19-Pandemie.","twitter_image":"https:\/\/www.organisator.ch\/wp-content\/uploads\/2022\/03\/IVF-Hartmann-Gruppe-spuert-Auswirkungen-der-Pandemie_Organisator.jpg","schema":{"@context":"https:\/\/schema.org","@graph":[{"@type":"Article","@id":"https:\/\/www.organisator.ch\/management\/2022-03-01\/ivf-hartmann-gruppe-spuert-auswirkungen-der-pandemie\/#article","isPartOf":{"@id":"https:\/\/www.organisator.ch\/management\/2022-03-01\/ivf-hartmann-gruppe-spuert-auswirkungen-der-pandemie\/"},"author":{"name":"thomas.berner","@id":"https:\/\/www.organisator.ch\/#\/schema\/person\/6f650f90b2842cd4c0cc334b4e36f67e"},"headline":"IVF Hartmann Gruppe sp\u00fcrt Auswirkungen der Pandemie","datePublished":"2022-03-01T10:23:45+00:00","mainEntityOfPage":{"@id":"https:\/\/www.organisator.ch\/management\/2022-03-01\/ivf-hartmann-gruppe-spuert-auswirkungen-der-pandemie\/"},"wordCount":465,"publisher":{"@id":"https:\/\/www.organisator.ch\/#organization"},"image":{"@id":"https:\/\/www.organisator.ch\/management\/2022-03-01\/ivf-hartmann-gruppe-spuert-auswirkungen-der-pandemie\/#primaryimage"},"thumbnailUrl":"https:\/\/www.organisator.ch\/wp-content\/uploads\/2022\/03\/IVF-Hartmann-Gruppe-spuert-Auswirkungen-der-Pandemie_Organisator.jpg","keywords":["Finanzkennzahlen","Gesch\u00e4ftsbericht","Management und Unternehmensf\u00fchrung","Unternehmen"],"articleSection":["MANAGEMENT"],"inLanguage":"fr-FR"},{"@type":"WebPage","@id":"https:\/\/www.organisator.ch\/management\/2022-03-01\/ivf-hartmann-gruppe-spuert-auswirkungen-der-pandemie\/","url":"https:\/\/www.organisator.ch\/management\/2022-03-01\/ivf-hartmann-gruppe-spuert-auswirkungen-der-pandemie\/","name":"Le groupe IVF Hartmann ressent les effets de la pand\u00e9mie - Organisateur","isPartOf":{"@id":"https:\/\/www.organisator.ch\/#website"},"primaryImageOfPage":{"@id":"https:\/\/www.organisator.ch\/management\/2022-03-01\/ivf-hartmann-gruppe-spuert-auswirkungen-der-pandemie\/#primaryimage"},"image":{"@id":"https:\/\/www.organisator.ch\/management\/2022-03-01\/ivf-hartmann-gruppe-spuert-auswirkungen-der-pandemie\/#primaryimage"},"thumbnailUrl":"https:\/\/www.organisator.ch\/wp-content\/uploads\/2022\/03\/IVF-Hartmann-Gruppe-spuert-Auswirkungen-der-Pandemie_Organisator.jpg","datePublished":"2022-03-01T10:23:45+00:00","description":"L'\u00e9volution de l'activit\u00e9 du groupe IVF Hartmann en 2021 est rest\u00e9e soumise \u00e0 l'influence de la pand\u00e9mie de Covid-19.","breadcrumb":{"@id":"https:\/\/www.organisator.ch\/management\/2022-03-01\/ivf-hartmann-gruppe-spuert-auswirkungen-der-pandemie\/#breadcrumb"},"inLanguage":"fr-FR","potentialAction":[{"@type":"ReadAction","target":["https:\/\/www.organisator.ch\/management\/2022-03-01\/ivf-hartmann-gruppe-spuert-auswirkungen-der-pandemie\/"]}]},{"@type":"ImageObject","inLanguage":"fr-FR","@id":"https:\/\/www.organisator.ch\/management\/2022-03-01\/ivf-hartmann-gruppe-spuert-auswirkungen-der-pandemie\/#primaryimage","url":"https:\/\/www.organisator.ch\/wp-content\/uploads\/2022\/03\/IVF-Hartmann-Gruppe-spuert-Auswirkungen-der-Pandemie_Organisator.jpg","contentUrl":"https:\/\/www.organisator.ch\/wp-content\/uploads\/2022\/03\/IVF-Hartmann-Gruppe-spuert-Auswirkungen-der-Pandemie_Organisator.jpg","width":680,"height":340,"caption":"Hauptsitz von IVF Hartmann in Neuhausen am Rheinfall. (Bild: IVF Hartmann Gruppe)"},{"@type":"BreadcrumbList","@id":"https:\/\/www.organisator.ch\/management\/2022-03-01\/ivf-hartmann-gruppe-spuert-auswirkungen-der-pandemie\/#breadcrumb","itemListElement":[{"@type":"ListItem","position":1,"name":"Home","item":"https:\/\/www.organisator.ch\/"},{"@type":"ListItem","position":2,"name":"IVF Hartmann Gruppe sp\u00fcrt Auswirkungen der Pandemie"}]},{"@type":"WebSite","@id":"https:\/\/www.organisator.ch\/#website","url":"https:\/\/www.organisator.ch\/","name":"Organisateur","description":"Comp\u00e9tence et comp\u00e9tence. Proches de la pratique. L'ORGANISATEUR pr\u00e9pare 10 num\u00e9ros par an sur les th\u00e8mes essentiels pour les dirigeants de PME.","publisher":{"@id":"https:\/\/www.organisator.ch\/#organization"},"potentialAction":[{"@type":"SearchAction","target":{"@type":"EntryPoint","urlTemplate":"https:\/\/www.organisator.ch\/?s={search_term_string}"},"query-input":{"@type":"PropertyValueSpecification","valueRequired":true,"valueName":"search_term_string"}}],"inLanguage":"fr-FR"},{"@type":"Organization","@id":"https:\/\/www.organisator.ch\/#organization","name":"Organisateur","url":"https:\/\/www.organisator.ch\/","logo":{"@type":"ImageObject","inLanguage":"fr-FR","@id":"https:\/\/www.organisator.ch\/#\/schema\/logo\/image\/","url":"https:\/\/www.organisator.ch\/wp-content\/uploads\/2022\/01\/Logo_Organisator_Website.png","contentUrl":"https:\/\/www.organisator.ch\/wp-content\/uploads\/2022\/01\/Logo_Organisator_Website.png","width":800,"height":77,"caption":"Organisator"},"image":{"@id":"https:\/\/www.organisator.ch\/#\/schema\/logo\/image\/"},"sameAs":["https:\/\/www.facebook.com\/OrganisatorFachmagazin","https:\/\/www.linkedin.com\/showcase\/organisator-das-magazin-fr-kmu","https:\/\/www.xing.com\/news\/pages\/organisator-ch-695","https:\/\/www.youtube.com\/channel\/UCGP2Sq0iWaZwT3BdIAQFYpw"]},{"@type":"Person","@id":"https:\/\/www.organisator.ch\/#\/schema\/person\/6f650f90b2842cd4c0cc334b4e36f67e","name":"thomas.berner","image":{"@type":"ImageObject","inLanguage":"fr-FR","@id":"https:\/\/secure.gravatar.com\/avatar\/ac5001d2a36cb6c6cd3e50789007ffca834b477b74a2144564522e944eabff61?s=96&d=mm&r=g","url":"https:\/\/secure.gravatar.com\/avatar\/ac5001d2a36cb6c6cd3e50789007ffca834b477b74a2144564522e944eabff61?s=96&d=mm&r=g","contentUrl":"https:\/\/secure.gravatar.com\/avatar\/ac5001d2a36cb6c6cd3e50789007ffca834b477b74a2144564522e944eabff61?s=96&d=mm&r=g","caption":"thomas.berner"},"url":"https:\/\/www.organisator.ch\/fr\/author\/thomas-berner\/"}]}},"_links":{"self":[{"href":"https:\/\/www.organisator.ch\/fr\/wp-json\/wp\/v2\/posts\/11975","targetHints":{"allow":["GET"]}}],"collection":[{"href":"https:\/\/www.organisator.ch\/fr\/wp-json\/wp\/v2\/posts"}],"about":[{"href":"https:\/\/www.organisator.ch\/fr\/wp-json\/wp\/v2\/types\/post"}],"author":[{"embeddable":true,"href":"https:\/\/www.organisator.ch\/fr\/wp-json\/wp\/v2\/users\/4"}],"replies":[{"embeddable":true,"href":"https:\/\/www.organisator.ch\/fr\/wp-json\/wp\/v2\/comments?post=11975"}],"version-history":[{"count":1,"href":"https:\/\/www.organisator.ch\/fr\/wp-json\/wp\/v2\/posts\/11975\/revisions"}],"predecessor-version":[{"id":11977,"href":"https:\/\/www.organisator.ch\/fr\/wp-json\/wp\/v2\/posts\/11975\/revisions\/11977"}],"wp:featuredmedia":[{"embeddable":true,"href":"https:\/\/www.organisator.ch\/fr\/wp-json\/wp\/v2\/media\/11976"}],"wp:attachment":[{"href":"https:\/\/www.organisator.ch\/fr\/wp-json\/wp\/v2\/media?parent=11975"}],"wp:term":[{"taxonomy":"category","embeddable":true,"href":"https:\/\/www.organisator.ch\/fr\/wp-json\/wp\/v2\/categories?post=11975"},{"taxonomy":"post_tag","embeddable":true,"href":"https:\/\/www.organisator.ch\/fr\/wp-json\/wp\/v2\/tags?post=11975"}],"curies":[{"name":"wp","href":"https:\/\/api.w.org\/{rel}","templated":true}]}}