{"id":12004,"date":"2022-03-02T16:35:05","date_gmt":"2022-03-02T15:35:05","guid":{"rendered":"https:\/\/www.organisator.ch\/?p=12004"},"modified":"2022-03-02T16:35:05","modified_gmt":"2022-03-02T15:35:05","slug":"goba-ag-neu-unter-dem-dach-der-f-g-pfister-stiftung","status":"publish","type":"post","link":"https:\/\/www.organisator.ch\/fr\/management\/2022-03-02\/goba-ag-neu-unter-dem-dach-der-f-g-pfister-stiftung\/","title":{"rendered":"Goba SA d\u00e9sormais sous l'\u00e9gide de la fondation F.G. Pfister"},"content":{"rendered":"<figure id=\"attachment_12005\" aria-describedby=\"caption-attachment-12005\" style=\"width: 680px\" class=\"wp-caption alignnone\"><img loading=\"lazy\" decoding=\"async\" class=\"size-full wp-image-12005\" src=\"https:\/\/www.organisator.ch\/wp-content\/uploads\/2022\/03\/Goba-AG-neu-unter-dem-Dach-der-F.G.-Pfister-Stiftung_Organisator.jpg\" alt=\"\" width=\"680\" height=\"538\" srcset=\"https:\/\/www.organisator.ch\/wp-content\/uploads\/2022\/03\/Goba-AG-neu-unter-dem-Dach-der-F.G.-Pfister-Stiftung_Organisator.jpg 680w, https:\/\/www.organisator.ch\/wp-content\/uploads\/2022\/03\/Goba-AG-neu-unter-dem-Dach-der-F.G.-Pfister-Stiftung_Organisator-15x12.jpg 15w, https:\/\/www.organisator.ch\/wp-content\/uploads\/2022\/03\/Goba-AG-neu-unter-dem-Dach-der-F.G.-Pfister-Stiftung_Organisator-221x175.jpg 221w, https:\/\/www.organisator.ch\/wp-content\/uploads\/2022\/03\/Goba-AG-neu-unter-dem-Dach-der-F.G.-Pfister-Stiftung_Organisator-442x350.jpg 442w, https:\/\/www.organisator.ch\/wp-content\/uploads\/2022\/03\/Goba-AG-neu-unter-dem-Dach-der-F.G.-Pfister-Stiftung_Organisator-300x237.jpg 300w\" sizes=\"auto, (max-width: 680px) 100vw, 680px\" \/><figcaption id=\"caption-attachment-12005\" class=\"wp-caption-text\">La co-CEO et copropri\u00e9taire Gabriela Manser vend 90% de l'entreprise Goba SA \u00e0 F.G. Pfister Beteiligungen AG. (Image : ORGANISATEUR \/ Linda Pollari)<\/figcaption><\/figure>\n<p>Elle est depuis des ann\u00e9es le visage de Goba SA : Gabriela Manser. Elle a men\u00e9 le petit producteur d'eau min\u00e9rale de Gontenbad AI \u00e0 un nouvel essor avec la marque \"Flauder\", d\u00e9sormais connue dans tout le pays. Il s'agit maintenant de r\u00e9gler la succession de l'entreprise. \"Goba est une entreprise merveilleuse et un morceau de culture suisse. Nous sommes heureux et fiers d'accueillir Goba AG, la premi\u00e8re entreprise du secteur des biens de consommation \u00e0 \u00eatre plac\u00e9e sous l'\u00e9gide de la fondation F.G. Pfister\", d\u00e9clare Rudolf Obrecht, pr\u00e9sident de F.G. Pfister Beteiligungen AG, qui acquiert les parts en tant qu'entreprise de la fondation F.G. Pfister. La soci\u00e9t\u00e9 F.G. Pfister Beteiligungen AG appartient \u00e0 100% de la fondation F.G. Pfister. Avec Pfister Immobilien AG, elle exerce une activit\u00e9 entrepreneuriale sous l'\u00e9gide de F.G. Pfister Holding AG.<\/p>\n<h2>Goba AG : une PME prosp\u00e8re dans le secteur des boissons<\/h2>\n<p>Goba AG, source min\u00e9rale et manufacture, est l'un des plus petits producteurs d'eau min\u00e9rale de Suisse. Gabriela Manser dirige l'entreprise familiale en troisi\u00e8me g\u00e9n\u00e9ration depuis 1999. Sous sa direction et gr\u00e2ce \u00e0 des innovations passionnantes, Goba AG est devenue une PME florissante dans le secteur des boissons. Depuis cinq bonnes ann\u00e9es, Manser et son entourage se sont activement pench\u00e9s sur des solutions de succession viables. \"Avec la fondation F.G. Pfister, Goba SA a trouv\u00e9 le partenaire id\u00e9al, qui partage les m\u00eames valeurs \u00e9cologiques, sociales et soci\u00e9tales. Un investisseur orient\u00e9 vers le rendement \u00e9tait exclu. Cette \u00e9tape ouvre un nouveau chapitre dans le d\u00e9veloppement de Goba. Une entreprise traditionnelle et une tradition entrepreneuriale pr\u00e9serv\u00e9e au sein d'une fondation s'unissent pour continuer \u00e0 \u00e9crire l'histoire de Goba\", a d\u00e9clar\u00e9 Gabriela Manser, qui continuera \u00e0 exercer les fonctions de pr\u00e9sidente du conseil d'administration et de membre de la direction. Elle s'engagera notamment comme force motrice dans les th\u00e8mes d'innovation. L'entreprise emploie 73 personnes et dispose de trois sites dans le pays d'Appenzell. Le si\u00e8ge principal avec l'usine d'embouteillage \u00e0 Gontenbad (AI), le centre logistique et la manufacture \u00e0 B\u00fchler (AR) ainsi que l'univers de d\u00e9couverte \"Flauderei\" dans le village d'Appenzell. Outre l'eau min\u00e9rale, c'est surtout la ligne Flauder qui a fait la renomm\u00e9e de Goba AG. L'\u00e9quipe bien rod\u00e9e de Goba AG restera inchang\u00e9e.<\/p>\n<h2>Partenariat pour un d\u00e9veloppement \u00e0 long terme<\/h2>\n<p>Goba restera Goba - et pourra continuer \u00e0 se d\u00e9velopper dans sa propre culture, selon les nouveaux propri\u00e9taires. \"Un conglom\u00e9rat organis\u00e9 de mani\u00e8re centralis\u00e9e avec d'\u00e9normes synergies n'est pas notre objectif. Nous croyons \u00e0 l'efficacit\u00e9 et \u00e0 la force des entreprises d\u00e9centralis\u00e9es avec leur propre culture d'entreprise. Ce que nous pouvons apporter, c'est la s\u00e9curit\u00e9 et la mise \u00e0 disposition de notre savoir-faire et de notre r\u00e9seau - pour autant que cela soit souhait\u00e9. La libert\u00e9 d'entreprise des soci\u00e9t\u00e9s dans lesquelles nous prenons des participations est tr\u00e8s importante. La fondation F.G. Pfister s'engage pour la Suisse. Notre id\u00e9e de base est la suivante : acheter, conserver, \u00e9tendre et d\u00e9velopper\", explique Rudolf Obrecht. L'expertise et le vaste r\u00e9seau des entreprises appartenant \u00e0 la fondation F.G Pfister pourront aider Goba AG \u00e0 conqu\u00e9rir de nouveaux segments et march\u00e9s afin de faire avancer des projets orient\u00e9s vers l'avenir. La soci\u00e9t\u00e9 F.G. Pfister Beteiligungen AG si\u00e8ge au conseil d'administration et se consid\u00e8re ainsi comme un partenaire dans le d\u00e9veloppement strat\u00e9gique de l'entreprise.<\/p>\n<p><a href=\"https:\/\/goba-welt.ch\/\"><em>Plus d'informations<\/em><\/a><\/p>","protected":false},"excerpt":{"rendered":"<p>Sie ist seit Jahren das Gesicht der Goba AG: Gabriela Manser. Sie hat den kleinen Mineralwasserproduzenten aus Gontenbad AI mit der inzwischen landesweit bekannten Marke &#8222;Flauder&#8220; zu neuer Bl\u00fcte gef\u00fchrt. Nun kommt es zur Regelung der Firmennachfolge. \u00abGoba ist eine wunderbare Firma und ein St\u00fcck Schweizer Kultur. Wir freuen uns und sind stolz, die Goba [&hellip;]<\/p>\n","protected":false},"author":4,"featured_media":12005,"comment_status":"closed","ping_status":"closed","sticky":false,"template":"","format":"standard","meta":{"_acf_changed":false,"_yoast_wpseo_focuskw":"Goba AG","_yoast_wpseo_metadesc":"Gabriela Manser, Co-CEO und Miteigent\u00fcmerin der Goba AG, verkauft 90% des Unternehmens an die F.G. Pfister Beteiligungen AG.","articlekey":"","footnotes":""},"categories":[28],"tags":[207,334,492],"class_list":["post-12004","post","type-post","status-publish","format-standard","has-post-thumbnail","hentry","category-management","tag-firmennachfolge","tag-management","tag-unternehmen"],"acf":[],"yoast_head":"<!-- This site is optimized with the Yoast SEO plugin v27.5 - https:\/\/yoast.com\/product\/yoast-seo-wordpress\/ -->\n<title>Goba AG neu unter dem Dach der F.G. Pfister Stiftung - Organisator<\/title>\n<meta name=\"description\" content=\"Gabriela Manser, Co-CEO und Miteigent\u00fcmerin der Goba AG, verkauft 90% des Unternehmens an die F.G. Pfister Beteiligungen AG.\" \/>\n<meta name=\"robots\" content=\"index, follow, max-snippet:-1, max-image-preview:large, max-video-preview:-1\" \/>\n<link rel=\"canonical\" href=\"https:\/\/www.organisator.ch\/fr\/gestion-2\/2022-03-02\/goba-ag-neu-unter-dem-dach-der-f-g-pfister-stiftung\/\" \/>\n<meta property=\"og:locale\" content=\"fr_FR\" \/>\n<meta property=\"og:type\" content=\"article\" \/>\n<meta property=\"og:title\" content=\"Goba AG neu unter dem Dach der F.G. Pfister Stiftung\" \/>\n<meta property=\"og:description\" content=\"Gabriela Manser, Co-CEO und Miteigent\u00fcmerin der Goba AG, verkauft 90% des Unternehmens an die F.G. Pfister Beteiligungen AG.\" \/>\n<meta property=\"og:url\" content=\"https:\/\/www.organisator.ch\/fr\/gestion-2\/2022-03-02\/goba-ag-neu-unter-dem-dach-der-f-g-pfister-stiftung\/\" \/>\n<meta property=\"og:site_name\" content=\"Organisator\" \/>\n<meta property=\"article:publisher\" content=\"https:\/\/www.facebook.com\/OrganisatorFachmagazin\" \/>\n<meta property=\"article:published_time\" content=\"2022-03-02T15:35:05+00:00\" \/>\n<meta property=\"og:image\" content=\"https:\/\/www.organisator.ch\/wp-content\/uploads\/2022\/03\/Goba-AG-neu-unter-dem-Dach-der-F.G.-Pfister-Stiftung_Organisator.jpg\" \/>\n\t<meta property=\"og:image:width\" content=\"680\" \/>\n\t<meta property=\"og:image:height\" content=\"538\" \/>\n\t<meta property=\"og:image:type\" content=\"image\/jpeg\" \/>\n<meta name=\"author\" content=\"thomas.berner\" \/>\n<meta name=\"twitter:card\" content=\"summary_large_image\" \/>\n<meta name=\"twitter:title\" content=\"#Goba AG neu unter dem Dach der F.G. #Pfister Stiftung\" \/>\n<meta name=\"twitter:description\" content=\"Gabriela #Manser, Co-CEO und Miteigent\u00fcmerin der #Goba AG, verkauft 90% des Unternehmens an die F.G. #Pfister Beteiligungen AG.\" \/>\n<meta name=\"twitter:image\" content=\"https:\/\/www.organisator.ch\/wp-content\/uploads\/2022\/03\/Goba-AG-neu-unter-dem-Dach-der-F.G.-Pfister-Stiftung_Organisator.jpg\" \/>\n<script type=\"application\/ld+json\" class=\"yoast-schema-graph\">{\"@context\":\"https:\\\/\\\/schema.org\",\"@graph\":[{\"@type\":\"Article\",\"@id\":\"https:\\\/\\\/www.organisator.ch\\\/management\\\/2022-03-02\\\/goba-ag-neu-unter-dem-dach-der-f-g-pfister-stiftung\\\/#article\",\"isPartOf\":{\"@id\":\"https:\\\/\\\/www.organisator.ch\\\/management\\\/2022-03-02\\\/goba-ag-neu-unter-dem-dach-der-f-g-pfister-stiftung\\\/\"},\"author\":{\"name\":\"thomas.berner\",\"@id\":\"https:\\\/\\\/www.organisator.ch\\\/#\\\/schema\\\/person\\\/6f650f90b2842cd4c0cc334b4e36f67e\"},\"headline\":\"Goba AG neu unter dem Dach der F.G. Pfister Stiftung\",\"datePublished\":\"2022-03-02T15:35:05+00:00\",\"mainEntityOfPage\":{\"@id\":\"https:\\\/\\\/www.organisator.ch\\\/management\\\/2022-03-02\\\/goba-ag-neu-unter-dem-dach-der-f-g-pfister-stiftung\\\/\"},\"wordCount\":555,\"publisher\":{\"@id\":\"https:\\\/\\\/www.organisator.ch\\\/#organization\"},\"image\":{\"@id\":\"https:\\\/\\\/www.organisator.ch\\\/management\\\/2022-03-02\\\/goba-ag-neu-unter-dem-dach-der-f-g-pfister-stiftung\\\/#primaryimage\"},\"thumbnailUrl\":\"https:\\\/\\\/www.organisator.ch\\\/wp-content\\\/uploads\\\/2022\\\/03\\\/Goba-AG-neu-unter-dem-Dach-der-F.G.-Pfister-Stiftung_Organisator.jpg\",\"keywords\":[\"Firmennachfolge\",\"Management\",\"Unternehmen\"],\"articleSection\":[\"MANAGEMENT\"],\"inLanguage\":\"fr-FR\"},{\"@type\":\"WebPage\",\"@id\":\"https:\\\/\\\/www.organisator.ch\\\/management\\\/2022-03-02\\\/goba-ag-neu-unter-dem-dach-der-f-g-pfister-stiftung\\\/\",\"url\":\"https:\\\/\\\/www.organisator.ch\\\/management\\\/2022-03-02\\\/goba-ag-neu-unter-dem-dach-der-f-g-pfister-stiftung\\\/\",\"name\":\"Goba AG neu unter dem Dach der F.G. Pfister Stiftung - Organisator\",\"isPartOf\":{\"@id\":\"https:\\\/\\\/www.organisator.ch\\\/#website\"},\"primaryImageOfPage\":{\"@id\":\"https:\\\/\\\/www.organisator.ch\\\/management\\\/2022-03-02\\\/goba-ag-neu-unter-dem-dach-der-f-g-pfister-stiftung\\\/#primaryimage\"},\"image\":{\"@id\":\"https:\\\/\\\/www.organisator.ch\\\/management\\\/2022-03-02\\\/goba-ag-neu-unter-dem-dach-der-f-g-pfister-stiftung\\\/#primaryimage\"},\"thumbnailUrl\":\"https:\\\/\\\/www.organisator.ch\\\/wp-content\\\/uploads\\\/2022\\\/03\\\/Goba-AG-neu-unter-dem-Dach-der-F.G.-Pfister-Stiftung_Organisator.jpg\",\"datePublished\":\"2022-03-02T15:35:05+00:00\",\"description\":\"Gabriela Manser, Co-CEO und Miteigent\u00fcmerin der Goba AG, verkauft 90% des Unternehmens an die F.G. Pfister Beteiligungen AG.\",\"breadcrumb\":{\"@id\":\"https:\\\/\\\/www.organisator.ch\\\/management\\\/2022-03-02\\\/goba-ag-neu-unter-dem-dach-der-f-g-pfister-stiftung\\\/#breadcrumb\"},\"inLanguage\":\"fr-FR\",\"potentialAction\":[{\"@type\":\"ReadAction\",\"target\":[\"https:\\\/\\\/www.organisator.ch\\\/management\\\/2022-03-02\\\/goba-ag-neu-unter-dem-dach-der-f-g-pfister-stiftung\\\/\"]}]},{\"@type\":\"ImageObject\",\"inLanguage\":\"fr-FR\",\"@id\":\"https:\\\/\\\/www.organisator.ch\\\/management\\\/2022-03-02\\\/goba-ag-neu-unter-dem-dach-der-f-g-pfister-stiftung\\\/#primaryimage\",\"url\":\"https:\\\/\\\/www.organisator.ch\\\/wp-content\\\/uploads\\\/2022\\\/03\\\/Goba-AG-neu-unter-dem-Dach-der-F.G.-Pfister-Stiftung_Organisator.jpg\",\"contentUrl\":\"https:\\\/\\\/www.organisator.ch\\\/wp-content\\\/uploads\\\/2022\\\/03\\\/Goba-AG-neu-unter-dem-Dach-der-F.G.-Pfister-Stiftung_Organisator.jpg\",\"width\":680,\"height\":538,\"caption\":\"Gabriela Manser verkauft 90 Prozent ihrer Anteile an Goba AG an die F.G. Pfister Beteiligungen AG. (Bild: ORGANISATOR \\\/ Linda Pollari)\"},{\"@type\":\"BreadcrumbList\",\"@id\":\"https:\\\/\\\/www.organisator.ch\\\/management\\\/2022-03-02\\\/goba-ag-neu-unter-dem-dach-der-f-g-pfister-stiftung\\\/#breadcrumb\",\"itemListElement\":[{\"@type\":\"ListItem\",\"position\":1,\"name\":\"Home\",\"item\":\"https:\\\/\\\/www.organisator.ch\\\/\"},{\"@type\":\"ListItem\",\"position\":2,\"name\":\"Goba AG neu unter dem Dach der F.G. Pfister Stiftung\"}]},{\"@type\":\"WebSite\",\"@id\":\"https:\\\/\\\/www.organisator.ch\\\/#website\",\"url\":\"https:\\\/\\\/www.organisator.ch\\\/\",\"name\":\"Organisator\",\"description\":\"Kompetent. Praxisnah. Der ORGANISATOR bereitet in 10 Ausgaben pro Jahr die wesentlichen Themen f\u00fcr F\u00fchrungskr\u00e4fte von KMU auf.\",\"publisher\":{\"@id\":\"https:\\\/\\\/www.organisator.ch\\\/#organization\"},\"potentialAction\":[{\"@type\":\"SearchAction\",\"target\":{\"@type\":\"EntryPoint\",\"urlTemplate\":\"https:\\\/\\\/www.organisator.ch\\\/?s={search_term_string}\"},\"query-input\":{\"@type\":\"PropertyValueSpecification\",\"valueRequired\":true,\"valueName\":\"search_term_string\"}}],\"inLanguage\":\"fr-FR\"},{\"@type\":\"Organization\",\"@id\":\"https:\\\/\\\/www.organisator.ch\\\/#organization\",\"name\":\"Organisator\",\"url\":\"https:\\\/\\\/www.organisator.ch\\\/\",\"logo\":{\"@type\":\"ImageObject\",\"inLanguage\":\"fr-FR\",\"@id\":\"https:\\\/\\\/www.organisator.ch\\\/#\\\/schema\\\/logo\\\/image\\\/\",\"url\":\"https:\\\/\\\/www.organisator.ch\\\/wp-content\\\/uploads\\\/2022\\\/01\\\/Logo_Organisator_Website.png\",\"contentUrl\":\"https:\\\/\\\/www.organisator.ch\\\/wp-content\\\/uploads\\\/2022\\\/01\\\/Logo_Organisator_Website.png\",\"width\":800,\"height\":77,\"caption\":\"Organisator\"},\"image\":{\"@id\":\"https:\\\/\\\/www.organisator.ch\\\/#\\\/schema\\\/logo\\\/image\\\/\"},\"sameAs\":[\"https:\\\/\\\/www.facebook.com\\\/OrganisatorFachmagazin\",\"https:\\\/\\\/www.linkedin.com\\\/showcase\\\/organisator-das-magazin-fr-kmu\",\"https:\\\/\\\/www.xing.com\\\/news\\\/pages\\\/organisator-ch-695\",\"https:\\\/\\\/www.youtube.com\\\/channel\\\/UCGP2Sq0iWaZwT3BdIAQFYpw\"]},{\"@type\":\"Person\",\"@id\":\"https:\\\/\\\/www.organisator.ch\\\/#\\\/schema\\\/person\\\/6f650f90b2842cd4c0cc334b4e36f67e\",\"name\":\"thomas.berner\",\"image\":{\"@type\":\"ImageObject\",\"inLanguage\":\"fr-FR\",\"@id\":\"https:\\\/\\\/secure.gravatar.com\\\/avatar\\\/ac5001d2a36cb6c6cd3e50789007ffca834b477b74a2144564522e944eabff61?s=96&d=mm&r=g\",\"url\":\"https:\\\/\\\/secure.gravatar.com\\\/avatar\\\/ac5001d2a36cb6c6cd3e50789007ffca834b477b74a2144564522e944eabff61?s=96&d=mm&r=g\",\"contentUrl\":\"https:\\\/\\\/secure.gravatar.com\\\/avatar\\\/ac5001d2a36cb6c6cd3e50789007ffca834b477b74a2144564522e944eabff61?s=96&d=mm&r=g\",\"caption\":\"thomas.berner\"},\"url\":\"https:\\\/\\\/www.organisator.ch\\\/fr\\\/author\\\/thomas-berner\\\/\"}]}<\/script>\n<!-- \/ Yoast SEO plugin. -->","yoast_head_json":{"title":"Goba AG d\u00e9sormais sous l'\u00e9gide de la fondation F.G. Pfister - Organisateur","description":"Gabriela Manser, co-CEO et copropri\u00e9taire de Goba SA, vend 90% de l'entreprise \u00e0 F.G. Pfister Beteiligungen AG.","robots":{"index":"index","follow":"follow","max-snippet":"max-snippet:-1","max-image-preview":"max-image-preview:large","max-video-preview":"max-video-preview:-1"},"canonical":"https:\/\/www.organisator.ch\/fr\/gestion-2\/2022-03-02\/goba-ag-neu-unter-dem-dach-der-f-g-pfister-stiftung\/","og_locale":"fr_FR","og_type":"article","og_title":"Goba AG neu unter dem Dach der F.G. Pfister Stiftung","og_description":"Gabriela Manser, Co-CEO und Miteigent\u00fcmerin der Goba AG, verkauft 90% des Unternehmens an die F.G. Pfister Beteiligungen AG.","og_url":"https:\/\/www.organisator.ch\/fr\/gestion-2\/2022-03-02\/goba-ag-neu-unter-dem-dach-der-f-g-pfister-stiftung\/","og_site_name":"Organisator","article_publisher":"https:\/\/www.facebook.com\/OrganisatorFachmagazin","article_published_time":"2022-03-02T15:35:05+00:00","og_image":[{"width":680,"height":538,"url":"https:\/\/www.organisator.ch\/wp-content\/uploads\/2022\/03\/Goba-AG-neu-unter-dem-Dach-der-F.G.-Pfister-Stiftung_Organisator.jpg","type":"image\/jpeg"}],"author":"thomas.berner","twitter_card":"summary_large_image","twitter_title":"#Goba AG neu unter dem Dach der F.G. #Pfister Stiftung","twitter_description":"Gabriela #Manser, Co-CEO und Miteigent\u00fcmerin der #Goba AG, verkauft 90% des Unternehmens an die F.G. #Pfister Beteiligungen AG.","twitter_image":"https:\/\/www.organisator.ch\/wp-content\/uploads\/2022\/03\/Goba-AG-neu-unter-dem-Dach-der-F.G.-Pfister-Stiftung_Organisator.jpg","schema":{"@context":"https:\/\/schema.org","@graph":[{"@type":"Article","@id":"https:\/\/www.organisator.ch\/management\/2022-03-02\/goba-ag-neu-unter-dem-dach-der-f-g-pfister-stiftung\/#article","isPartOf":{"@id":"https:\/\/www.organisator.ch\/management\/2022-03-02\/goba-ag-neu-unter-dem-dach-der-f-g-pfister-stiftung\/"},"author":{"name":"thomas.berner","@id":"https:\/\/www.organisator.ch\/#\/schema\/person\/6f650f90b2842cd4c0cc334b4e36f67e"},"headline":"Goba AG neu unter dem Dach der F.G. Pfister Stiftung","datePublished":"2022-03-02T15:35:05+00:00","mainEntityOfPage":{"@id":"https:\/\/www.organisator.ch\/management\/2022-03-02\/goba-ag-neu-unter-dem-dach-der-f-g-pfister-stiftung\/"},"wordCount":555,"publisher":{"@id":"https:\/\/www.organisator.ch\/#organization"},"image":{"@id":"https:\/\/www.organisator.ch\/management\/2022-03-02\/goba-ag-neu-unter-dem-dach-der-f-g-pfister-stiftung\/#primaryimage"},"thumbnailUrl":"https:\/\/www.organisator.ch\/wp-content\/uploads\/2022\/03\/Goba-AG-neu-unter-dem-Dach-der-F.G.-Pfister-Stiftung_Organisator.jpg","keywords":["Firmennachfolge","Management","Unternehmen"],"articleSection":["MANAGEMENT"],"inLanguage":"fr-FR"},{"@type":"WebPage","@id":"https:\/\/www.organisator.ch\/management\/2022-03-02\/goba-ag-neu-unter-dem-dach-der-f-g-pfister-stiftung\/","url":"https:\/\/www.organisator.ch\/management\/2022-03-02\/goba-ag-neu-unter-dem-dach-der-f-g-pfister-stiftung\/","name":"Goba AG d\u00e9sormais sous l'\u00e9gide de la fondation F.G. Pfister - Organisateur","isPartOf":{"@id":"https:\/\/www.organisator.ch\/#website"},"primaryImageOfPage":{"@id":"https:\/\/www.organisator.ch\/management\/2022-03-02\/goba-ag-neu-unter-dem-dach-der-f-g-pfister-stiftung\/#primaryimage"},"image":{"@id":"https:\/\/www.organisator.ch\/management\/2022-03-02\/goba-ag-neu-unter-dem-dach-der-f-g-pfister-stiftung\/#primaryimage"},"thumbnailUrl":"https:\/\/www.organisator.ch\/wp-content\/uploads\/2022\/03\/Goba-AG-neu-unter-dem-Dach-der-F.G.-Pfister-Stiftung_Organisator.jpg","datePublished":"2022-03-02T15:35:05+00:00","description":"Gabriela Manser, co-CEO et copropri\u00e9taire de Goba SA, vend 90% de l'entreprise \u00e0 F.G. Pfister Beteiligungen AG.","breadcrumb":{"@id":"https:\/\/www.organisator.ch\/management\/2022-03-02\/goba-ag-neu-unter-dem-dach-der-f-g-pfister-stiftung\/#breadcrumb"},"inLanguage":"fr-FR","potentialAction":[{"@type":"ReadAction","target":["https:\/\/www.organisator.ch\/management\/2022-03-02\/goba-ag-neu-unter-dem-dach-der-f-g-pfister-stiftung\/"]}]},{"@type":"ImageObject","inLanguage":"fr-FR","@id":"https:\/\/www.organisator.ch\/management\/2022-03-02\/goba-ag-neu-unter-dem-dach-der-f-g-pfister-stiftung\/#primaryimage","url":"https:\/\/www.organisator.ch\/wp-content\/uploads\/2022\/03\/Goba-AG-neu-unter-dem-Dach-der-F.G.-Pfister-Stiftung_Organisator.jpg","contentUrl":"https:\/\/www.organisator.ch\/wp-content\/uploads\/2022\/03\/Goba-AG-neu-unter-dem-Dach-der-F.G.-Pfister-Stiftung_Organisator.jpg","width":680,"height":538,"caption":"Gabriela Manser verkauft 90 Prozent ihrer Anteile an Goba AG an die F.G. Pfister Beteiligungen AG. (Bild: ORGANISATOR \/ Linda Pollari)"},{"@type":"BreadcrumbList","@id":"https:\/\/www.organisator.ch\/management\/2022-03-02\/goba-ag-neu-unter-dem-dach-der-f-g-pfister-stiftung\/#breadcrumb","itemListElement":[{"@type":"ListItem","position":1,"name":"Home","item":"https:\/\/www.organisator.ch\/"},{"@type":"ListItem","position":2,"name":"Goba AG neu unter dem Dach der F.G. Pfister Stiftung"}]},{"@type":"WebSite","@id":"https:\/\/www.organisator.ch\/#website","url":"https:\/\/www.organisator.ch\/","name":"Organisateur","description":"Comp\u00e9tence et comp\u00e9tence. Proches de la pratique. L'ORGANISATEUR pr\u00e9pare 10 num\u00e9ros par an sur les th\u00e8mes essentiels pour les dirigeants de PME.","publisher":{"@id":"https:\/\/www.organisator.ch\/#organization"},"potentialAction":[{"@type":"SearchAction","target":{"@type":"EntryPoint","urlTemplate":"https:\/\/www.organisator.ch\/?s={search_term_string}"},"query-input":{"@type":"PropertyValueSpecification","valueRequired":true,"valueName":"search_term_string"}}],"inLanguage":"fr-FR"},{"@type":"Organization","@id":"https:\/\/www.organisator.ch\/#organization","name":"Organisateur","url":"https:\/\/www.organisator.ch\/","logo":{"@type":"ImageObject","inLanguage":"fr-FR","@id":"https:\/\/www.organisator.ch\/#\/schema\/logo\/image\/","url":"https:\/\/www.organisator.ch\/wp-content\/uploads\/2022\/01\/Logo_Organisator_Website.png","contentUrl":"https:\/\/www.organisator.ch\/wp-content\/uploads\/2022\/01\/Logo_Organisator_Website.png","width":800,"height":77,"caption":"Organisator"},"image":{"@id":"https:\/\/www.organisator.ch\/#\/schema\/logo\/image\/"},"sameAs":["https:\/\/www.facebook.com\/OrganisatorFachmagazin","https:\/\/www.linkedin.com\/showcase\/organisator-das-magazin-fr-kmu","https:\/\/www.xing.com\/news\/pages\/organisator-ch-695","https:\/\/www.youtube.com\/channel\/UCGP2Sq0iWaZwT3BdIAQFYpw"]},{"@type":"Person","@id":"https:\/\/www.organisator.ch\/#\/schema\/person\/6f650f90b2842cd4c0cc334b4e36f67e","name":"thomas.berner","image":{"@type":"ImageObject","inLanguage":"fr-FR","@id":"https:\/\/secure.gravatar.com\/avatar\/ac5001d2a36cb6c6cd3e50789007ffca834b477b74a2144564522e944eabff61?s=96&d=mm&r=g","url":"https:\/\/secure.gravatar.com\/avatar\/ac5001d2a36cb6c6cd3e50789007ffca834b477b74a2144564522e944eabff61?s=96&d=mm&r=g","contentUrl":"https:\/\/secure.gravatar.com\/avatar\/ac5001d2a36cb6c6cd3e50789007ffca834b477b74a2144564522e944eabff61?s=96&d=mm&r=g","caption":"thomas.berner"},"url":"https:\/\/www.organisator.ch\/fr\/author\/thomas-berner\/"}]}},"_links":{"self":[{"href":"https:\/\/www.organisator.ch\/fr\/wp-json\/wp\/v2\/posts\/12004","targetHints":{"allow":["GET"]}}],"collection":[{"href":"https:\/\/www.organisator.ch\/fr\/wp-json\/wp\/v2\/posts"}],"about":[{"href":"https:\/\/www.organisator.ch\/fr\/wp-json\/wp\/v2\/types\/post"}],"author":[{"embeddable":true,"href":"https:\/\/www.organisator.ch\/fr\/wp-json\/wp\/v2\/users\/4"}],"replies":[{"embeddable":true,"href":"https:\/\/www.organisator.ch\/fr\/wp-json\/wp\/v2\/comments?post=12004"}],"version-history":[{"count":1,"href":"https:\/\/www.organisator.ch\/fr\/wp-json\/wp\/v2\/posts\/12004\/revisions"}],"predecessor-version":[{"id":12009,"href":"https:\/\/www.organisator.ch\/fr\/wp-json\/wp\/v2\/posts\/12004\/revisions\/12009"}],"wp:featuredmedia":[{"embeddable":true,"href":"https:\/\/www.organisator.ch\/fr\/wp-json\/wp\/v2\/media\/12005"}],"wp:attachment":[{"href":"https:\/\/www.organisator.ch\/fr\/wp-json\/wp\/v2\/media?parent=12004"}],"wp:term":[{"taxonomy":"category","embeddable":true,"href":"https:\/\/www.organisator.ch\/fr\/wp-json\/wp\/v2\/categories?post=12004"},{"taxonomy":"post_tag","embeddable":true,"href":"https:\/\/www.organisator.ch\/fr\/wp-json\/wp\/v2\/tags?post=12004"}],"curies":[{"name":"wp","href":"https:\/\/api.w.org\/{rel}","templated":true}]}}