{"id":12060,"date":"2022-03-08T08:29:26","date_gmt":"2022-03-08T07:29:26","guid":{"rendered":"https:\/\/www.m-q.ch\/?p=16050"},"modified":"2022-08-02T16:10:20","modified_gmt":"2022-08-02T14:10:20","slug":"gesundheitsschutz-burnout-bei-mitarbeitern-verhindern","status":"publish","type":"post","link":"https:\/\/www.organisator.ch\/fr\/operational-excellence\/2022-03-08\/gesundheitsschutz-burnout-bei-mitarbeitern-verhindern\/","title":{"rendered":"Protection de la sant\u00e9 : pr\u00e9venir l'\u00e9puisement professionnel des employ\u00e9s"},"content":{"rendered":"<figure id=\"attachment_16051\" class=\"wp-caption alignnone\" style=\"width: 680px\" aria-describedby=\"caption-attachment-16051\"><img class=\"alignnone wp-image-16051 size-full\" src=\"https:\/\/www.m-q.ch\/wp-content\/uploads\/2022\/03\/Gesundheitsschutz-Burnout-bei-Mitarbeitern-verhindern_MQ.jpg\" alt=\"Burnout\" width=\"680\" height=\"327\" \/><figcaption id=\"caption-attachment-16051\" class=\"wp-caption-text\">Le travail \u00e0 domicile efface les fronti\u00e8res entre le temps libre et la vie priv\u00e9e. Le risque de burnout augmente. (Image : Pixabay.com)<\/figcaption><\/figure>\r\nAvec la pand\u00e9mie, beaucoup d'entre nous ont d\u00fb d\u00e9placer leur lieu de travail vers le Home Office. Si le burnout a toujours \u00e9t\u00e9 un sujet dont il fallait prendre acte et contre lequel il fallait lutter, la pand\u00e9mie a consid\u00e9rablement brouill\u00e9 les fronti\u00e8res entre le travail et la vie priv\u00e9e. Cela a conduit beaucoup d'entre nous \u00e0 travailler des heures suppl\u00e9mentaires, soit pour compenser ce que nous pensions \u00eatre des lacunes ou des retards dans notre travail, soit m\u00eame sans le savoir.\r\n<h2>Lorsque l'engagement des collaborateurs diminue<\/h2>\r\nSelon une <a href=\"https:\/\/metro.co.uk\/2021\/10\/20\/burnout-cases-on-the-rise-again-as-more-people-return-to-the-office-15453227\/\">\u00e9tude britannique<\/a> 70 % des collaborateurs signalent qu'ils souffrent de sympt\u00f4mes d'\u00e9puisement professionnel. Le manque de temps libre et la charge de travail \u00e9lev\u00e9e sont les principaux facteurs contribuant \u00e0 de tels effets chez ceux qui les ressentent. Cela pr\u00e9occupe beaucoup les managers et les entreprises, car l'engagement des collaborateurs est directement li\u00e9 aux r\u00e9sultats de l'entreprise. Hogan Assessments, l'un des principaux fournisseurs d'\u00e9valuations de la personnalit\u00e9 et de conseils en mati\u00e8re de leadership, met en \u00e9vidence trois domaines que les employeurs peuvent examiner et aborder afin de s'assurer que leurs employ\u00e9s sont satisfaits, engag\u00e9s et bien encadr\u00e9s, et ainsi \u00e9viter le fardeau de l'\u00e9puisement professionnel.\r\n<h2>La personnalit\u00e9 est la cl\u00e9 lorsqu'il s'agit de travail et de burnout<\/h2>\r\nL'\u00e9tude men\u00e9e par Hogan sugg\u00e8re que la pand\u00e9mie n'a pas modifi\u00e9 la personnalit\u00e9 des personnes en tant que telle, mais qu'elle a seulement renforc\u00e9 certaines caract\u00e9ristiques pr\u00e9existantes. Par exemple, si une personne est extravertie et appr\u00e9cie les aspects plus sociaux d'un environnement de bureau, ses priorit\u00e9s n'ont pas chang\u00e9. L'isolement qui accompagne le travail \u00e0 domicile pourrait avoir un impact n\u00e9gatif sur son travail. En revanche, une personne plus introvertie pourrait s'\u00e9panouir dans une atmosph\u00e8re de bureau \u00e0 domicile et constater qu'il est possible d'accomplir davantage de t\u00e2ches sans les distractions suppl\u00e9mentaires li\u00e9es au travail dans un espace commun.\r\n\r\nAfin d'\u00e9viter l'\u00e9puisement professionnel et de ne pas faire peser une charge inutile sur les employ\u00e9s lorsqu'ils retournent au travail, les employeurs doivent collaborer avec les chefs d'\u00e9quipe. La promotion d'un dialogue ouvert entre les managers et les membres de l'\u00e9quipe contribuera \u00e0 la mise en place d'un syst\u00e8me hybride plus flexible, qui permettra aux employ\u00e9s de maximiser leur productivit\u00e9. Les employ\u00e9s qui choisissent de continuer \u00e0 travailler \u00e0 domicile peuvent avoir l'impression de devoir faire plus d'efforts ou de travailler plus d'heures, car ils ne sont pas surveill\u00e9s en permanence - il est donc important d'y pr\u00eater une attention particuli\u00e8re et de rappeler \u00e0 ces employ\u00e9s, par des messages r\u00e9guliers, que leur charge de travail habituelle est plus que suffisante. Mettre en place un syst\u00e8me qui permette et encourage des discussions ouvertes et honn\u00eates entre les employ\u00e9s et les managers donnera aux employ\u00e9s le sentiment d'\u00eatre vus et entendus et de voir leurs besoins pris en compte.\r\n<h2>Pour att\u00e9nuer les effets du burnout, la gestion du stress est essentielle<\/h2>\r\nSouvent, le burnout peut \u00eatre d\u00e9clench\u00e9 par un exc\u00e8s de stress. Le Covid-19 a fait en sorte que les employ\u00e9s ressentent une pression accrue pour dissimuler toutes les difficult\u00e9s qu'ils rencontrent pour faire face au stress, \u00e0 la fois du travail et de la pand\u00e9mie. Ce faisant, selon une <a href=\"https:\/\/uploads-ssl.webflow.com\/5ebaa388b12fd1b0b7366429\/610289183978c97ab6bc84bb_LIME_MentalHealth_29-07-21.pdf\">Enqu\u00eate du Lime Group<\/a> seul un travailleur sur six a le sentiment que les besoins psychologiques sont suffisamment pris en compte par l'employeur et sur le lieu de travail.\r\n\r\nL'exp\u00e9rience d'\u00e9puisement professionnel d'une personne peut souvent \u00eatre d\u00e9termin\u00e9e par sa capacit\u00e9 \u00e0 g\u00e9rer le stress. Pour avoir une meilleure id\u00e9e de la mani\u00e8re dont les employ\u00e9s g\u00e8rent le stress, on peut utiliser une enqu\u00eate de d\u00e9veloppement con\u00e7ue \u00e0 cet effet. En effet, les personnes qui int\u00e9riorisent le stress sont plus susceptibles de ressentir les effets du burnout. Les tests peuvent aider les entreprises \u00e0 prendre de meilleures d\u00e9cisions, ce qui permet aux employ\u00e9s de mieux g\u00e9rer leur temps et leur charge de travail et d'\u00e9viter le stress. Ils contribuent \u00e9galement, au sein des structures de gestion de l'entreprise, \u00e0 une strat\u00e9gie et \u00e0 une prise de d\u00e9cision plus intelligentes afin de pr\u00e9venir les effets du burnout. En outre, ils aident les personnes qui en souffrent d\u00e9j\u00e0 \u00e0 mieux s'en remettre. Un outil important dans la lutte contre le burnout consiste \u00e0 rappeler aux collaborateurs tous les syst\u00e8mes de sant\u00e9 mentale et de soutien qui sont \u00e0 leur disposition dans leur entreprise. Ils sont ainsi encourag\u00e9s \u00e0 s'adresser au service des ressources humaines s'ils souhaitent ou doivent y avoir recours.\r\n<h2>Les valeurs de l'entreprise sont directement li\u00e9es \u00e0 l'engagement des collaborateurs<\/h2>\r\nL'\u00e9puisement professionnel a moins de chances de se produire si l'on recrute des personnes dont les valeurs personnelles sont les plus en phase avec celles de l'entreprise. Toutefois, une entreprise doit toujours montrer l'exemple. Si la direction ne donne pas l'exemple des valeurs qu'elle souhaite voir chez ses collaborateurs, elle risque d'\u00eatre le moteur de pratiques de travail malsaines. La cl\u00e9 pour lutter contre le burnout est de donner la priorit\u00e9 \u00e0 la conciliation de la vie professionnelle et de la vie priv\u00e9e. Il est essentiel de reconna\u00eetre les heures suppl\u00e9mentaires des employ\u00e9s et de leur assurer qu'il ne s'agit pas d'une norme que l'on attend toujours d'eux. Permettre aux employ\u00e9s de se d\u00e9connecter \u00e0 la fin de leur journ\u00e9e de travail peut ne pas sembler \u00eatre un concept r\u00e9volutionnaire, mais c'est important, car ce fait a \u00e9t\u00e9 oubli\u00e9 ou mis de c\u00f4t\u00e9 par de nombreux employ\u00e9s pendant la pand\u00e9mie.\r\n\r\n\"La r\u00e9action de l'employeur face au burnout ne doit plus \u00eatre r\u00e9troactive. Les employeurs doivent commencer \u00e0 s'attaquer au burnout de mani\u00e8re pr\u00e9ventive, avant m\u00eame qu'il ne se produise. Les entreprises doivent pr\u00eater attention aux donn\u00e9es relatives \u00e0 l'implication des employ\u00e9s afin de voir qui, dans leur entreprise, est le plus expos\u00e9 au burnout\", ajoute le Dr Ryne Sherman, Chief Science Officer chez Hogan Assessments. \"Pour ceux qui souffrent de burnout, vous devriez envisager de mettre en place des check-ins individuels hebdomadaires avec les membres de l'\u00e9quipe afin que les managers soient au courant de leur charge de travail et de toutes les heures suppl\u00e9mentaires ou des mesures suppl\u00e9mentaires qui pourraient \u00eatre prises.\r\nsont au courant. En proposant une meilleure structure de cette mani\u00e8re, vous aidez \u00e0 fixer des attentes et assurez \u00e0 votre \u00e9quipe qu'elle peut recevoir le soutien dont elle a besoin\".\r\n\r\n<em>Source : <a href=\"http:\/\/www.hoganassessments.eu\/\">\u00c9valuations Hogan<\/a><\/em>\n<p class=\"syndicated-attribution\">Cet article est paru initialement sur m-q.ch - <a href=\"https:\/\/www.m-q.ch\/de\/gesundheitsschutz-burnout-bei-mitarbeitern-verhindern\/\" target=\"_blank\">https:\/\/www.m-q.ch\/de\/gesundheitsschutz-burnout-bei-mitarbeitern-verhindern\/<\/a><\/p>","protected":false},"excerpt":{"rendered":"<p>Durch die Pandemie mussten viele von uns ihren Arbeitsplatz ins Home Office verlegen. Burnout war zwar schon immer ein Thema, das man zur Kenntnis nehmen und dem man entgegenwirken musste, aber die Pandemie hat die Grenzen zwischen Arbeit und Privatleben erheblich verwischt. Das hat dazu gef\u00fchrt, dass viele von uns zus\u00e4tzliche Stunden arbeiten, entweder um [\u2026]<\/p>\n","protected":false},"author":8,"featured_media":0,"comment_status":"closed","ping_status":"closed","sticky":false,"template":"","format":"standard","meta":{"_acf_changed":false,"_yoast_wpseo_focuskw":"Burnout","_yoast_wpseo_metadesc":"Die Pandemie und die zu ihrer Eind\u00e4mmung ergriffenen Ma\u00dfnahmen haben von den Arbeitnehmern ihren Tribut gefordert.","articlekey":"","footnotes":""},"categories":[582],"tags":[101,244],"class_list":["post-12060","post","type-post","status-publish","format-standard","hentry","category-operational-excellence","tag-burnout","tag-gesundheitsschutz"],"acf":[],"yoast_head":"<!-- This site is optimized with the Yoast SEO plugin v27.5 - https:\/\/yoast.com\/product\/yoast-seo-wordpress\/ -->\n<title>Gesundheitsschutz: Burnout bei Mitarbeitern verhindern - Organisator<\/title>\n<meta name=\"description\" content=\"Die Pandemie und die zu ihrer Eind\u00e4mmung ergriffenen Ma\u00dfnahmen haben von den Arbeitnehmern ihren Tribut gefordert.\" \/>\n<meta name=\"robots\" content=\"index, follow, max-snippet:-1, max-image-preview:large, max-video-preview:-1\" \/>\n<link rel=\"canonical\" href=\"https:\/\/www.m-q.ch\/de\/gesundheitsschutz-burnout-bei-mitarbeitern-verhindern\/\" \/>\n<meta property=\"og:locale\" content=\"fr_FR\" \/>\n<meta property=\"og:type\" content=\"article\" \/>\n<meta property=\"og:title\" content=\"Gesundheitsschutz: Burnout bei Mitarbeitern verhindern - Organisator\" \/>\n<meta property=\"og:description\" content=\"Die Pandemie und die zu ihrer Eind\u00e4mmung ergriffenen Ma\u00dfnahmen haben von den Arbeitnehmern ihren Tribut gefordert.\" \/>\n<meta property=\"og:url\" content=\"https:\/\/www.m-q.ch\/de\/gesundheitsschutz-burnout-bei-mitarbeitern-verhindern\/\" \/>\n<meta property=\"og:site_name\" content=\"Organisator\" \/>\n<meta property=\"article:publisher\" content=\"https:\/\/www.facebook.com\/OrganisatorFachmagazin\" \/>\n<meta property=\"article:published_time\" content=\"2022-03-08T07:29:26+00:00\" \/>\n<meta property=\"article:modified_time\" content=\"2022-08-02T14:10:20+00:00\" \/>\n<meta property=\"og:image\" content=\"https:\/\/www.m-q.ch\/wp-content\/uploads\/2022\/03\/Gesundheitsschutz-Burnout-bei-Mitarbeitern-verhindern_MQ.jpg\" \/>\n<meta name=\"author\" content=\"galledia\" \/>\n<meta name=\"twitter:card\" content=\"summary_large_image\" \/>\n<meta name=\"twitter:creator\" content=\"@admin\" \/>\n<script type=\"application\/ld+json\" class=\"yoast-schema-graph\">{\"@context\":\"https:\\\/\\\/schema.org\",\"@graph\":[{\"@type\":\"Article\",\"@id\":\"https:\\\/\\\/www.m-q.ch\\\/de\\\/gesundheitsschutz-burnout-bei-mitarbeitern-verhindern\\\/#article\",\"isPartOf\":{\"@id\":\"https:\\\/\\\/www.organisator.ch\\\/operational-excellence\\\/2022-03-08\\\/gesundheitsschutz-burnout-bei-mitarbeitern-verhindern\\\/\"},\"author\":{\"name\":\"galledia\",\"@id\":\"https:\\\/\\\/www.organisator.ch\\\/#\\\/schema\\\/person\\\/4e51799071cd2dd1232ac003643ef5f0\"},\"headline\":\"Gesundheitsschutz: Burnout bei Mitarbeitern verhindern\",\"datePublished\":\"2022-03-08T07:29:26+00:00\",\"dateModified\":\"2022-08-02T14:10:20+00:00\",\"mainEntityOfPage\":{\"@id\":\"https:\\\/\\\/www.organisator.ch\\\/operational-excellence\\\/2022-03-08\\\/gesundheitsschutz-burnout-bei-mitarbeitern-verhindern\\\/\"},\"wordCount\":1026,\"publisher\":{\"@id\":\"https:\\\/\\\/www.organisator.ch\\\/#organization\"},\"image\":{\"@id\":\"https:\\\/\\\/www.m-q.ch\\\/de\\\/gesundheitsschutz-burnout-bei-mitarbeitern-verhindern\\\/#primaryimage\"},\"thumbnailUrl\":\"https:\\\/\\\/www.m-q.ch\\\/wp-content\\\/uploads\\\/2022\\\/03\\\/Gesundheitsschutz-Burnout-bei-Mitarbeitern-verhindern_MQ.jpg\",\"keywords\":[\"Burnout\",\"Gesundheitsschutz\"],\"articleSection\":[\"OPERATIONAL EXCELLENCE\"],\"inLanguage\":\"fr-FR\"},{\"@type\":\"WebPage\",\"@id\":\"https:\\\/\\\/www.organisator.ch\\\/operational-excellence\\\/2022-03-08\\\/gesundheitsschutz-burnout-bei-mitarbeitern-verhindern\\\/\",\"url\":\"https:\\\/\\\/www.m-q.ch\\\/de\\\/gesundheitsschutz-burnout-bei-mitarbeitern-verhindern\\\/\",\"name\":\"Gesundheitsschutz: Burnout bei Mitarbeitern verhindern - Organisator\",\"isPartOf\":{\"@id\":\"https:\\\/\\\/www.organisator.ch\\\/#website\"},\"primaryImageOfPage\":{\"@id\":\"https:\\\/\\\/www.m-q.ch\\\/de\\\/gesundheitsschutz-burnout-bei-mitarbeitern-verhindern\\\/#primaryimage\"},\"image\":{\"@id\":\"https:\\\/\\\/www.m-q.ch\\\/de\\\/gesundheitsschutz-burnout-bei-mitarbeitern-verhindern\\\/#primaryimage\"},\"thumbnailUrl\":\"https:\\\/\\\/www.m-q.ch\\\/wp-content\\\/uploads\\\/2022\\\/03\\\/Gesundheitsschutz-Burnout-bei-Mitarbeitern-verhindern_MQ.jpg\",\"datePublished\":\"2022-03-08T07:29:26+00:00\",\"dateModified\":\"2022-08-02T14:10:20+00:00\",\"description\":\"Die Pandemie und die zu ihrer Eind\u00e4mmung ergriffenen Ma\u00dfnahmen haben von den Arbeitnehmern ihren Tribut gefordert.\",\"breadcrumb\":{\"@id\":\"https:\\\/\\\/www.m-q.ch\\\/de\\\/gesundheitsschutz-burnout-bei-mitarbeitern-verhindern\\\/#breadcrumb\"},\"inLanguage\":\"fr-FR\",\"potentialAction\":[{\"@type\":\"ReadAction\",\"target\":[\"https:\\\/\\\/www.m-q.ch\\\/de\\\/gesundheitsschutz-burnout-bei-mitarbeitern-verhindern\\\/\"]}]},{\"@type\":\"ImageObject\",\"inLanguage\":\"fr-FR\",\"@id\":\"https:\\\/\\\/www.m-q.ch\\\/de\\\/gesundheitsschutz-burnout-bei-mitarbeitern-verhindern\\\/#primaryimage\",\"url\":\"https:\\\/\\\/www.m-q.ch\\\/wp-content\\\/uploads\\\/2022\\\/03\\\/Gesundheitsschutz-Burnout-bei-Mitarbeitern-verhindern_MQ.jpg\",\"contentUrl\":\"https:\\\/\\\/www.m-q.ch\\\/wp-content\\\/uploads\\\/2022\\\/03\\\/Gesundheitsschutz-Burnout-bei-Mitarbeitern-verhindern_MQ.jpg\"},{\"@type\":\"BreadcrumbList\",\"@id\":\"https:\\\/\\\/www.m-q.ch\\\/de\\\/gesundheitsschutz-burnout-bei-mitarbeitern-verhindern\\\/#breadcrumb\",\"itemListElement\":[{\"@type\":\"ListItem\",\"position\":1,\"name\":\"Home\",\"item\":\"https:\\\/\\\/www.organisator.ch\\\/\"},{\"@type\":\"ListItem\",\"position\":2,\"name\":\"Gesundheitsschutz: Burnout bei Mitarbeitern verhindern\"}]},{\"@type\":\"WebSite\",\"@id\":\"https:\\\/\\\/www.organisator.ch\\\/#website\",\"url\":\"https:\\\/\\\/www.organisator.ch\\\/\",\"name\":\"Organisator\",\"description\":\"Kompetent. Praxisnah. Der ORGANISATOR bereitet in 10 Ausgaben pro Jahr die wesentlichen Themen f\u00fcr F\u00fchrungskr\u00e4fte von KMU auf.\",\"publisher\":{\"@id\":\"https:\\\/\\\/www.organisator.ch\\\/#organization\"},\"potentialAction\":[{\"@type\":\"SearchAction\",\"target\":{\"@type\":\"EntryPoint\",\"urlTemplate\":\"https:\\\/\\\/www.organisator.ch\\\/?s={search_term_string}\"},\"query-input\":{\"@type\":\"PropertyValueSpecification\",\"valueRequired\":true,\"valueName\":\"search_term_string\"}}],\"inLanguage\":\"fr-FR\"},{\"@type\":\"Organization\",\"@id\":\"https:\\\/\\\/www.organisator.ch\\\/#organization\",\"name\":\"Organisator\",\"url\":\"https:\\\/\\\/www.organisator.ch\\\/\",\"logo\":{\"@type\":\"ImageObject\",\"inLanguage\":\"fr-FR\",\"@id\":\"https:\\\/\\\/www.organisator.ch\\\/#\\\/schema\\\/logo\\\/image\\\/\",\"url\":\"https:\\\/\\\/www.organisator.ch\\\/wp-content\\\/uploads\\\/2022\\\/01\\\/Logo_Organisator_Website.png\",\"contentUrl\":\"https:\\\/\\\/www.organisator.ch\\\/wp-content\\\/uploads\\\/2022\\\/01\\\/Logo_Organisator_Website.png\",\"width\":800,\"height\":77,\"caption\":\"Organisator\"},\"image\":{\"@id\":\"https:\\\/\\\/www.organisator.ch\\\/#\\\/schema\\\/logo\\\/image\\\/\"},\"sameAs\":[\"https:\\\/\\\/www.facebook.com\\\/OrganisatorFachmagazin\",\"https:\\\/\\\/www.linkedin.com\\\/showcase\\\/organisator-das-magazin-fr-kmu\",\"https:\\\/\\\/www.xing.com\\\/news\\\/pages\\\/organisator-ch-695\",\"https:\\\/\\\/www.youtube.com\\\/channel\\\/UCGP2Sq0iWaZwT3BdIAQFYpw\"]},{\"@type\":\"Person\",\"@id\":\"https:\\\/\\\/www.organisator.ch\\\/#\\\/schema\\\/person\\\/4e51799071cd2dd1232ac003643ef5f0\",\"name\":\"galledia\",\"image\":{\"@type\":\"ImageObject\",\"inLanguage\":\"fr-FR\",\"@id\":\"https:\\\/\\\/secure.gravatar.com\\\/avatar\\\/78a7f90c01fc2bfc875782a0d4922b37cde2cf184ce347b91316d23cd7f69a36?s=96&d=mm&r=g\",\"url\":\"https:\\\/\\\/secure.gravatar.com\\\/avatar\\\/78a7f90c01fc2bfc875782a0d4922b37cde2cf184ce347b91316d23cd7f69a36?s=96&d=mm&r=g\",\"contentUrl\":\"https:\\\/\\\/secure.gravatar.com\\\/avatar\\\/78a7f90c01fc2bfc875782a0d4922b37cde2cf184ce347b91316d23cd7f69a36?s=96&d=mm&r=g\",\"caption\":\"galledia\"},\"sameAs\":[\"https:\\\/\\\/x.com\\\/admin\"],\"url\":\"https:\\\/\\\/www.organisator.ch\\\/fr\\\/author\\\/galledia\\\/\"}]}<\/script>\n<!-- \/ Yoast SEO plugin. -->","yoast_head_json":{"title":"Protection de la sant\u00e9 : pr\u00e9venir le burnout des collaborateurs - Organisateur","description":"La pand\u00e9mie et les mesures prises pour l'endiguer ont fait payer un lourd tribut aux travailleurs.","robots":{"index":"index","follow":"follow","max-snippet":"max-snippet:-1","max-image-preview":"max-image-preview:large","max-video-preview":"max-video-preview:-1"},"canonical":"https:\/\/www.m-q.ch\/de\/gesundheitsschutz-burnout-bei-mitarbeitern-verhindern\/","og_locale":"fr_FR","og_type":"article","og_title":"Gesundheitsschutz: Burnout bei Mitarbeitern verhindern - Organisator","og_description":"Die Pandemie und die zu ihrer Eind\u00e4mmung ergriffenen Ma\u00dfnahmen haben von den Arbeitnehmern ihren Tribut gefordert.","og_url":"https:\/\/www.m-q.ch\/de\/gesundheitsschutz-burnout-bei-mitarbeitern-verhindern\/","og_site_name":"Organisator","article_publisher":"https:\/\/www.facebook.com\/OrganisatorFachmagazin","article_published_time":"2022-03-08T07:29:26+00:00","article_modified_time":"2022-08-02T14:10:20+00:00","og_image":[{"url":"https:\/\/www.m-q.ch\/wp-content\/uploads\/2022\/03\/Gesundheitsschutz-Burnout-bei-Mitarbeitern-verhindern_MQ.jpg","type":"","width":"","height":""}],"author":"galledia","twitter_card":"summary_large_image","twitter_creator":"@admin","schema":{"@context":"https:\/\/schema.org","@graph":[{"@type":"Article","@id":"https:\/\/www.m-q.ch\/de\/gesundheitsschutz-burnout-bei-mitarbeitern-verhindern\/#article","isPartOf":{"@id":"https:\/\/www.organisator.ch\/operational-excellence\/2022-03-08\/gesundheitsschutz-burnout-bei-mitarbeitern-verhindern\/"},"author":{"name":"galledia","@id":"https:\/\/www.organisator.ch\/#\/schema\/person\/4e51799071cd2dd1232ac003643ef5f0"},"headline":"Gesundheitsschutz: Burnout bei Mitarbeitern verhindern","datePublished":"2022-03-08T07:29:26+00:00","dateModified":"2022-08-02T14:10:20+00:00","mainEntityOfPage":{"@id":"https:\/\/www.organisator.ch\/operational-excellence\/2022-03-08\/gesundheitsschutz-burnout-bei-mitarbeitern-verhindern\/"},"wordCount":1026,"publisher":{"@id":"https:\/\/www.organisator.ch\/#organization"},"image":{"@id":"https:\/\/www.m-q.ch\/de\/gesundheitsschutz-burnout-bei-mitarbeitern-verhindern\/#primaryimage"},"thumbnailUrl":"https:\/\/www.m-q.ch\/wp-content\/uploads\/2022\/03\/Gesundheitsschutz-Burnout-bei-Mitarbeitern-verhindern_MQ.jpg","keywords":["Burnout","Gesundheitsschutz"],"articleSection":["OPERATIONAL EXCELLENCE"],"inLanguage":"fr-FR"},{"@type":"WebPage","@id":"https:\/\/www.organisator.ch\/operational-excellence\/2022-03-08\/gesundheitsschutz-burnout-bei-mitarbeitern-verhindern\/","url":"https:\/\/www.m-q.ch\/de\/gesundheitsschutz-burnout-bei-mitarbeitern-verhindern\/","name":"Protection de la sant\u00e9 : pr\u00e9venir le burnout des collaborateurs - Organisateur","isPartOf":{"@id":"https:\/\/www.organisator.ch\/#website"},"primaryImageOfPage":{"@id":"https:\/\/www.m-q.ch\/de\/gesundheitsschutz-burnout-bei-mitarbeitern-verhindern\/#primaryimage"},"image":{"@id":"https:\/\/www.m-q.ch\/de\/gesundheitsschutz-burnout-bei-mitarbeitern-verhindern\/#primaryimage"},"thumbnailUrl":"https:\/\/www.m-q.ch\/wp-content\/uploads\/2022\/03\/Gesundheitsschutz-Burnout-bei-Mitarbeitern-verhindern_MQ.jpg","datePublished":"2022-03-08T07:29:26+00:00","dateModified":"2022-08-02T14:10:20+00:00","description":"La pand\u00e9mie et les mesures prises pour l'endiguer ont fait payer un lourd tribut aux travailleurs.","breadcrumb":{"@id":"https:\/\/www.m-q.ch\/de\/gesundheitsschutz-burnout-bei-mitarbeitern-verhindern\/#breadcrumb"},"inLanguage":"fr-FR","potentialAction":[{"@type":"ReadAction","target":["https:\/\/www.m-q.ch\/de\/gesundheitsschutz-burnout-bei-mitarbeitern-verhindern\/"]}]},{"@type":"ImageObject","inLanguage":"fr-FR","@id":"https:\/\/www.m-q.ch\/de\/gesundheitsschutz-burnout-bei-mitarbeitern-verhindern\/#primaryimage","url":"https:\/\/www.m-q.ch\/wp-content\/uploads\/2022\/03\/Gesundheitsschutz-Burnout-bei-Mitarbeitern-verhindern_MQ.jpg","contentUrl":"https:\/\/www.m-q.ch\/wp-content\/uploads\/2022\/03\/Gesundheitsschutz-Burnout-bei-Mitarbeitern-verhindern_MQ.jpg"},{"@type":"BreadcrumbList","@id":"https:\/\/www.m-q.ch\/de\/gesundheitsschutz-burnout-bei-mitarbeitern-verhindern\/#breadcrumb","itemListElement":[{"@type":"ListItem","position":1,"name":"Home","item":"https:\/\/www.organisator.ch\/"},{"@type":"ListItem","position":2,"name":"Gesundheitsschutz: Burnout bei Mitarbeitern verhindern"}]},{"@type":"WebSite","@id":"https:\/\/www.organisator.ch\/#website","url":"https:\/\/www.organisator.ch\/","name":"Organisateur","description":"Comp\u00e9tence et comp\u00e9tence. Proches de la pratique. L'ORGANISATEUR pr\u00e9pare 10 num\u00e9ros par an sur les th\u00e8mes essentiels pour les dirigeants de PME.","publisher":{"@id":"https:\/\/www.organisator.ch\/#organization"},"potentialAction":[{"@type":"SearchAction","target":{"@type":"EntryPoint","urlTemplate":"https:\/\/www.organisator.ch\/?s={search_term_string}"},"query-input":{"@type":"PropertyValueSpecification","valueRequired":true,"valueName":"search_term_string"}}],"inLanguage":"fr-FR"},{"@type":"Organization","@id":"https:\/\/www.organisator.ch\/#organization","name":"Organisateur","url":"https:\/\/www.organisator.ch\/","logo":{"@type":"ImageObject","inLanguage":"fr-FR","@id":"https:\/\/www.organisator.ch\/#\/schema\/logo\/image\/","url":"https:\/\/www.organisator.ch\/wp-content\/uploads\/2022\/01\/Logo_Organisator_Website.png","contentUrl":"https:\/\/www.organisator.ch\/wp-content\/uploads\/2022\/01\/Logo_Organisator_Website.png","width":800,"height":77,"caption":"Organisator"},"image":{"@id":"https:\/\/www.organisator.ch\/#\/schema\/logo\/image\/"},"sameAs":["https:\/\/www.facebook.com\/OrganisatorFachmagazin","https:\/\/www.linkedin.com\/showcase\/organisator-das-magazin-fr-kmu","https:\/\/www.xing.com\/news\/pages\/organisator-ch-695","https:\/\/www.youtube.com\/channel\/UCGP2Sq0iWaZwT3BdIAQFYpw"]},{"@type":"Person","@id":"https:\/\/www.organisator.ch\/#\/schema\/person\/4e51799071cd2dd1232ac003643ef5f0","name":"galledia","image":{"@type":"ImageObject","inLanguage":"fr-FR","@id":"https:\/\/secure.gravatar.com\/avatar\/78a7f90c01fc2bfc875782a0d4922b37cde2cf184ce347b91316d23cd7f69a36?s=96&d=mm&r=g","url":"https:\/\/secure.gravatar.com\/avatar\/78a7f90c01fc2bfc875782a0d4922b37cde2cf184ce347b91316d23cd7f69a36?s=96&d=mm&r=g","contentUrl":"https:\/\/secure.gravatar.com\/avatar\/78a7f90c01fc2bfc875782a0d4922b37cde2cf184ce347b91316d23cd7f69a36?s=96&d=mm&r=g","caption":"galledia"},"sameAs":["https:\/\/x.com\/admin"],"url":"https:\/\/www.organisator.ch\/fr\/author\/galledia\/"}]}},"_links":{"self":[{"href":"https:\/\/www.organisator.ch\/fr\/wp-json\/wp\/v2\/posts\/12060","targetHints":{"allow":["GET"]}}],"collection":[{"href":"https:\/\/www.organisator.ch\/fr\/wp-json\/wp\/v2\/posts"}],"about":[{"href":"https:\/\/www.organisator.ch\/fr\/wp-json\/wp\/v2\/types\/post"}],"author":[{"embeddable":true,"href":"https:\/\/www.organisator.ch\/fr\/wp-json\/wp\/v2\/users\/8"}],"replies":[{"embeddable":true,"href":"https:\/\/www.organisator.ch\/fr\/wp-json\/wp\/v2\/comments?post=12060"}],"version-history":[{"count":4,"href":"https:\/\/www.organisator.ch\/fr\/wp-json\/wp\/v2\/posts\/12060\/revisions"}],"predecessor-version":[{"id":16268,"href":"https:\/\/www.organisator.ch\/fr\/wp-json\/wp\/v2\/posts\/12060\/revisions\/16268"}],"wp:attachment":[{"href":"https:\/\/www.organisator.ch\/fr\/wp-json\/wp\/v2\/media?parent=12060"}],"wp:term":[{"taxonomy":"category","embeddable":true,"href":"https:\/\/www.organisator.ch\/fr\/wp-json\/wp\/v2\/categories?post=12060"},{"taxonomy":"post_tag","embeddable":true,"href":"https:\/\/www.organisator.ch\/fr\/wp-json\/wp\/v2\/tags?post=12060"}],"curies":[{"name":"wp","href":"https:\/\/api.w.org\/{rel}","templated":true}]}}