{"id":12063,"date":"2022-03-08T11:51:25","date_gmt":"2022-03-08T10:51:25","guid":{"rendered":"https:\/\/www.organisator.ch\/?p=12063"},"modified":"2022-03-08T11:51:25","modified_gmt":"2022-03-08T10:51:25","slug":"neue-geschaeftsleitungsmitglieder-fuer-victorinox","status":"publish","type":"post","link":"https:\/\/www.organisator.ch\/fr\/management\/2022-03-08\/neue-geschaeftsleitungsmitglieder-fuer-victorinox\/","title":{"rendered":"Nouveaux membres de la direction pour Victorinox"},"content":{"rendered":"<figure id=\"attachment_12064\" aria-describedby=\"caption-attachment-12064\" style=\"width: 680px\" class=\"wp-caption alignnone\"><img loading=\"lazy\" decoding=\"async\" class=\"size-full wp-image-12064\" src=\"https:\/\/www.organisator.ch\/wp-content\/uploads\/2022\/03\/Neue-Geschaeftsleitungsmitglieder-fuer-Victorinox_Organisator.jpg\" alt=\"\" width=\"680\" height=\"840\" srcset=\"https:\/\/www.organisator.ch\/wp-content\/uploads\/2022\/03\/Neue-Geschaeftsleitungsmitglieder-fuer-Victorinox_Organisator.jpg 680w, https:\/\/www.organisator.ch\/wp-content\/uploads\/2022\/03\/Neue-Geschaeftsleitungsmitglieder-fuer-Victorinox_Organisator-10x12.jpg 10w, https:\/\/www.organisator.ch\/wp-content\/uploads\/2022\/03\/Neue-Geschaeftsleitungsmitglieder-fuer-Victorinox_Organisator-142x175.jpg 142w, https:\/\/www.organisator.ch\/wp-content\/uploads\/2022\/03\/Neue-Geschaeftsleitungsmitglieder-fuer-Victorinox_Organisator-283x350.jpg 283w, https:\/\/www.organisator.ch\/wp-content\/uploads\/2022\/03\/Neue-Geschaeftsleitungsmitglieder-fuer-Victorinox_Organisator-648x800.jpg 648w, https:\/\/www.organisator.ch\/wp-content\/uploads\/2022\/03\/Neue-Geschaeftsleitungsmitglieder-fuer-Victorinox_Organisator-300x371.jpg 300w\" sizes=\"auto, (max-width: 680px) 100vw, 680px\" \/><figcaption id=\"caption-attachment-12064\" class=\"wp-caption-text\">Victorinox a trois nouveaux membres de la direction : Patrik Hauert (en haut), Michela Argir\u00f2 (en bas \u00e0 gauche) et Kilian Eyholzer. (Images : Victorinox)<\/figcaption><\/figure>\n<p>Trois nouveaux membres de la direction renforcent la direction de l'entreprise familiale Victorinox SA, active dans le monde entier. D\u00e9but f\u00e9vrier 2022, Patrik Hauert a pris ses fonctions de Chief Sales Officer et dirige l'organisation mondiale des ventes. Ce Suisse d'origine est titulaire d'un dipl\u00f4me en administration des affaires et d'un Executive MBA. Hauert a commenc\u00e9 sa carri\u00e8re chez KPMG et a ensuite acquis une exp\u00e9rience de direction globale chez Swarovski. En dernier lieu, il a \u00e9t\u00e9 Chief Sales Officer et membre de la direction de St\u00f6ckli Swiss Sports AG. Dans son r\u00f4le de Chief Sales Officer chez Victorinox, il est d\u00e9sormais responsable de la distribution mondiale et dirige les filiales de distribution \u00e0 l'\u00e9tranger. L'assortiment de produits de Victorinox est disponible dans le monde entier dans des points de vente situ\u00e9s dans plus de 120 pays. L'univers de la marque Victorinox est pr\u00e9sent\u00e9 dans des shop-in-shops et dans plus de 50 magasins de d\u00e9tail propres situ\u00e9s dans des lieux attrayants comme Zurich, Berlin, Londres, Tokyo et Hong Kong. Depuis 2019, un concept de franchise permet d'\u00e9tendre continuellement la pr\u00e9sence de Victorinox. Par ailleurs, l'accent est mis sur la num\u00e9risation et le d\u00e9veloppement des canaux num\u00e9riques.<\/p>\n<h2>Succession r\u00e9gl\u00e9e dans le domaine de la cha\u00eene d'approvisionnement<\/h2>\n<p>Michela Argir\u00f2 a repris le secteur Supply Chain \u00e0 la mi-novembre 2021 dans le cadre d'un r\u00e8glement de succession en tant que membre de la direction. Michela Argir\u00f2 \u00e9tait auparavant Head of Supply Chain Europe pendant dix ans au sein du groupe am\u00e9ricain Sherwin Williams. Elle dispose d'une grande exp\u00e9rience internationale et d'une expertise av\u00e9r\u00e9e dans la gestion de la cha\u00eene d'approvisionnement. Au cours de sa carri\u00e8re professionnelle, elle a pu acqu\u00e9rir de grandes connaissances dans les domaines de la planification strat\u00e9gique des affaires, de la logistique et de la distribution ainsi que du service \u00e0 la client\u00e8le dans le secteur B2C. Son profil est compl\u00e9t\u00e9 par l'exp\u00e9rience de projets de transformation complexes visant \u00e0 optimiser la satisfaction des clients et les co\u00fbts op\u00e9rationnels. Le domaine de la cha\u00eene d'approvisionnement comprend notamment les activit\u00e9s op\u00e9rationnelles du centre de distribution de Victorinox \u00e0 Seewen (canton de Schwyz), qui est entr\u00e9 en service \u00e0 l'automne 2020 et d'o\u00f9 peuvent \u00eatre exp\u00e9di\u00e9s chaque ann\u00e9e plus de 40 millions de produits par an avec un bon taux d'occupation.<\/p>\n<h2>Nouveau secteur \"Transformation &amp; Technology<\/h2>\n<p>Enfin, Kilian Eyholzer dirige depuis le d\u00e9but de l'ann\u00e9e le nouveau secteur Transformation &amp; Technology, qui englobe les th\u00e8mes suivants : gestion de l'innovation, Business Services &amp; Applications, gestion de projets et de processus, Data et BI ainsi que IT. Kilian Eyholzer a rejoint Victorinox en 2014 apr\u00e8s avoir travaill\u00e9 dans le conseil en entreprise, dans le secteur des voyages et dans le commerce \u00e9lectronique. En tant que Global Head of E-Commerce, il a d\u00e9velopp\u00e9 avec succ\u00e8s les canaux num\u00e9riques et les activit\u00e9s en ligne de Victorinox avec son \u00e9quipe. Depuis septembre 2020, Kilian Eyholzer dirigeait le d\u00e9partement Digital Business Transformation, alors nouvellement cr\u00e9\u00e9, qui a \u00e9t\u00e9 fusionn\u00e9 avec les d\u00e9partements Global IT et Gestion des donn\u00e9es au 1er janvier 2022. Eyholzer est titulaire d'un MBA en gestion d'entreprise et d'un doctorat en informatique de gestion de l'Universit\u00e9 de Berne, ainsi que de vastes connaissances pratiques dans les domaines du commerce \u00e9lectronique, de la num\u00e9risation, du d\u00e9veloppement commercial et de la gestion de projet.<\/p>\n<h2>Nouveaux membres de la direction : \"Contribuer \u00e0 fa\u00e7onner l'avenir avec succ\u00e8s\".<\/h2>\n<p>Carl Elsener, CEO de Victorinox SA, se r\u00e9jouit de la collaboration avec les nouveaux membres de la direction. \"Je suis convaincu qu'ils pourront apporter leur vaste savoir-faire de mani\u00e8re profitable \u00e0 Victorinox. Gr\u00e2ce \u00e0 leur vaste exp\u00e9rience, ils contribueront \u00e0 fa\u00e7onner activement et avec succ\u00e8s l'avenir de l'entreprise\".<\/p>\n<p><em>Source : <a href=\"http:\/\/www.victorinox.com\">Victorinox AG<\/a><\/em><\/p>","protected":false},"excerpt":{"rendered":"<p>Drei neue Gesch\u00e4ftsleitungsmitglieder verst\u00e4rken die F\u00fchrung des weltweit t\u00e4tigen Familienunternehmens Victorinox AG. Anfang Februar 2022 ist Patrik Hauert als Chief Sales Officer gestartet und leitet die globale Vertriebsorganisation. Der geb\u00fcrtiger Schweizer verf\u00fcgt \u00fcber einen Abschluss in Business Administration und einen Executive MBA. Seine Karriere begann Hauert bei KPMG und sammelte im Anschluss bei Swarovski globale [&hellip;]<\/p>\n","protected":false},"author":4,"featured_media":12064,"comment_status":"closed","ping_status":"closed","sticky":false,"template":"","format":"standard","meta":{"_acf_changed":false,"_yoast_wpseo_focuskw":"Gesch\u00e4ftsleitungsmitglieder","_yoast_wpseo_metadesc":"Victorinox AG erh\u00e4lt drei neue Gesch\u00e4ftsleitungsmitglieder: Patrik Hauert, Michela Argir\u00f2 und Kilian Eyholzer.","articlekey":"","footnotes":""},"categories":[28],"tags":[335,381,492],"class_list":["post-12063","post","type-post","status-publish","format-standard","has-post-thumbnail","hentry","category-management","tag-management-und-unternehmensfuehrung","tag-personalia","tag-unternehmen"],"acf":[],"yoast_head":"<!-- This site is optimized with the Yoast SEO plugin v27.5 - https:\/\/yoast.com\/product\/yoast-seo-wordpress\/ -->\n<title>Neue Gesch\u00e4ftsleitungsmitglieder f\u00fcr Victorinox - Organisator<\/title>\n<meta name=\"description\" content=\"Victorinox AG erh\u00e4lt drei neue Gesch\u00e4ftsleitungsmitglieder: Patrik Hauert, Michela Argir\u00f2 und Kilian Eyholzer.\" \/>\n<meta name=\"robots\" content=\"index, follow, max-snippet:-1, max-image-preview:large, max-video-preview:-1\" \/>\n<link rel=\"canonical\" href=\"https:\/\/www.organisator.ch\/fr\/gestion-2\/2022-03-08\/neue-geschaeftsleitungsmitglieder-fuer-victorinox\/\" \/>\n<meta property=\"og:locale\" content=\"fr_FR\" \/>\n<meta property=\"og:type\" content=\"article\" \/>\n<meta property=\"og:title\" content=\"Neue Gesch\u00e4ftsleitungsmitglieder f\u00fcr Victorinox\" \/>\n<meta property=\"og:description\" content=\"Victorinox AG erh\u00e4lt drei neue Gesch\u00e4ftsleitungsmitglieder: Patrik Hauert, Michela Argir\u00f2 und Kilian Eyholzer.\" \/>\n<meta property=\"og:url\" content=\"https:\/\/www.organisator.ch\/fr\/gestion-2\/2022-03-08\/neue-geschaeftsleitungsmitglieder-fuer-victorinox\/\" \/>\n<meta property=\"og:site_name\" content=\"Organisator\" \/>\n<meta property=\"article:publisher\" content=\"https:\/\/www.facebook.com\/OrganisatorFachmagazin\" \/>\n<meta property=\"article:published_time\" content=\"2022-03-08T10:51:25+00:00\" \/>\n<meta property=\"og:image\" content=\"https:\/\/www.organisator.ch\/wp-content\/uploads\/2022\/03\/Neue-Geschaeftsleitungsmitglieder-fuer-Victorinox_Organisator.jpg\" \/>\n\t<meta property=\"og:image:width\" content=\"680\" \/>\n\t<meta property=\"og:image:height\" content=\"840\" \/>\n\t<meta property=\"og:image:type\" content=\"image\/jpeg\" \/>\n<meta name=\"author\" content=\"thomas.berner\" \/>\n<meta name=\"twitter:card\" content=\"summary_large_image\" \/>\n<meta name=\"twitter:title\" content=\"Neue #Gesch\u00e4ftsleitungsmitglieder f\u00fcr #Victorinox\" \/>\n<meta name=\"twitter:description\" content=\"#Victorinox AG erh\u00e4lt drei neue #Gesch\u00e4ftsleitungsmitglieder: Patrik Hauert, Michela Argir\u00f2 und Kilian Eyholzer.\" \/>\n<meta name=\"twitter:image\" content=\"https:\/\/www.organisator.ch\/wp-content\/uploads\/2022\/03\/Neue-Geschaeftsleitungsmitglieder-fuer-Victorinox_Organisator.jpg\" \/>\n<script type=\"application\/ld+json\" class=\"yoast-schema-graph\">{\"@context\":\"https:\\\/\\\/schema.org\",\"@graph\":[{\"@type\":\"Article\",\"@id\":\"https:\\\/\\\/www.organisator.ch\\\/management\\\/2022-03-08\\\/neue-geschaeftsleitungsmitglieder-fuer-victorinox\\\/#article\",\"isPartOf\":{\"@id\":\"https:\\\/\\\/www.organisator.ch\\\/management\\\/2022-03-08\\\/neue-geschaeftsleitungsmitglieder-fuer-victorinox\\\/\"},\"author\":{\"name\":\"thomas.berner\",\"@id\":\"https:\\\/\\\/www.organisator.ch\\\/#\\\/schema\\\/person\\\/6f650f90b2842cd4c0cc334b4e36f67e\"},\"headline\":\"Neue Gesch\u00e4ftsleitungsmitglieder f\u00fcr Victorinox\",\"datePublished\":\"2022-03-08T10:51:25+00:00\",\"mainEntityOfPage\":{\"@id\":\"https:\\\/\\\/www.organisator.ch\\\/management\\\/2022-03-08\\\/neue-geschaeftsleitungsmitglieder-fuer-victorinox\\\/\"},\"wordCount\":536,\"publisher\":{\"@id\":\"https:\\\/\\\/www.organisator.ch\\\/#organization\"},\"image\":{\"@id\":\"https:\\\/\\\/www.organisator.ch\\\/management\\\/2022-03-08\\\/neue-geschaeftsleitungsmitglieder-fuer-victorinox\\\/#primaryimage\"},\"thumbnailUrl\":\"https:\\\/\\\/www.organisator.ch\\\/wp-content\\\/uploads\\\/2022\\\/03\\\/Neue-Geschaeftsleitungsmitglieder-fuer-Victorinox_Organisator.jpg\",\"keywords\":[\"Management und Unternehmensf\u00fchrung\",\"Personalia\",\"Unternehmen\"],\"articleSection\":[\"MANAGEMENT\"],\"inLanguage\":\"fr-FR\"},{\"@type\":\"WebPage\",\"@id\":\"https:\\\/\\\/www.organisator.ch\\\/management\\\/2022-03-08\\\/neue-geschaeftsleitungsmitglieder-fuer-victorinox\\\/\",\"url\":\"https:\\\/\\\/www.organisator.ch\\\/management\\\/2022-03-08\\\/neue-geschaeftsleitungsmitglieder-fuer-victorinox\\\/\",\"name\":\"Neue Gesch\u00e4ftsleitungsmitglieder f\u00fcr Victorinox - Organisator\",\"isPartOf\":{\"@id\":\"https:\\\/\\\/www.organisator.ch\\\/#website\"},\"primaryImageOfPage\":{\"@id\":\"https:\\\/\\\/www.organisator.ch\\\/management\\\/2022-03-08\\\/neue-geschaeftsleitungsmitglieder-fuer-victorinox\\\/#primaryimage\"},\"image\":{\"@id\":\"https:\\\/\\\/www.organisator.ch\\\/management\\\/2022-03-08\\\/neue-geschaeftsleitungsmitglieder-fuer-victorinox\\\/#primaryimage\"},\"thumbnailUrl\":\"https:\\\/\\\/www.organisator.ch\\\/wp-content\\\/uploads\\\/2022\\\/03\\\/Neue-Geschaeftsleitungsmitglieder-fuer-Victorinox_Organisator.jpg\",\"datePublished\":\"2022-03-08T10:51:25+00:00\",\"description\":\"Victorinox AG erh\u00e4lt drei neue Gesch\u00e4ftsleitungsmitglieder: Patrik Hauert, Michela Argir\u00f2 und Kilian Eyholzer.\",\"breadcrumb\":{\"@id\":\"https:\\\/\\\/www.organisator.ch\\\/management\\\/2022-03-08\\\/neue-geschaeftsleitungsmitglieder-fuer-victorinox\\\/#breadcrumb\"},\"inLanguage\":\"fr-FR\",\"potentialAction\":[{\"@type\":\"ReadAction\",\"target\":[\"https:\\\/\\\/www.organisator.ch\\\/management\\\/2022-03-08\\\/neue-geschaeftsleitungsmitglieder-fuer-victorinox\\\/\"]}]},{\"@type\":\"ImageObject\",\"inLanguage\":\"fr-FR\",\"@id\":\"https:\\\/\\\/www.organisator.ch\\\/management\\\/2022-03-08\\\/neue-geschaeftsleitungsmitglieder-fuer-victorinox\\\/#primaryimage\",\"url\":\"https:\\\/\\\/www.organisator.ch\\\/wp-content\\\/uploads\\\/2022\\\/03\\\/Neue-Geschaeftsleitungsmitglieder-fuer-Victorinox_Organisator.jpg\",\"contentUrl\":\"https:\\\/\\\/www.organisator.ch\\\/wp-content\\\/uploads\\\/2022\\\/03\\\/Neue-Geschaeftsleitungsmitglieder-fuer-Victorinox_Organisator.jpg\",\"width\":680,\"height\":840,\"caption\":\"Victorinox hat drei neue Gesch\u00e4ftsleitungsmitglieder: Patrik Hauert (oben), Michela Argir\u00f2 (unten links) und Kilian Eyholzer. (Bilder: Victorinox)\"},{\"@type\":\"BreadcrumbList\",\"@id\":\"https:\\\/\\\/www.organisator.ch\\\/management\\\/2022-03-08\\\/neue-geschaeftsleitungsmitglieder-fuer-victorinox\\\/#breadcrumb\",\"itemListElement\":[{\"@type\":\"ListItem\",\"position\":1,\"name\":\"Home\",\"item\":\"https:\\\/\\\/www.organisator.ch\\\/\"},{\"@type\":\"ListItem\",\"position\":2,\"name\":\"Neue Gesch\u00e4ftsleitungsmitglieder f\u00fcr Victorinox\"}]},{\"@type\":\"WebSite\",\"@id\":\"https:\\\/\\\/www.organisator.ch\\\/#website\",\"url\":\"https:\\\/\\\/www.organisator.ch\\\/\",\"name\":\"Organisator\",\"description\":\"Kompetent. Praxisnah. Der ORGANISATOR bereitet in 10 Ausgaben pro Jahr die wesentlichen Themen f\u00fcr F\u00fchrungskr\u00e4fte von KMU auf.\",\"publisher\":{\"@id\":\"https:\\\/\\\/www.organisator.ch\\\/#organization\"},\"potentialAction\":[{\"@type\":\"SearchAction\",\"target\":{\"@type\":\"EntryPoint\",\"urlTemplate\":\"https:\\\/\\\/www.organisator.ch\\\/?s={search_term_string}\"},\"query-input\":{\"@type\":\"PropertyValueSpecification\",\"valueRequired\":true,\"valueName\":\"search_term_string\"}}],\"inLanguage\":\"fr-FR\"},{\"@type\":\"Organization\",\"@id\":\"https:\\\/\\\/www.organisator.ch\\\/#organization\",\"name\":\"Organisator\",\"url\":\"https:\\\/\\\/www.organisator.ch\\\/\",\"logo\":{\"@type\":\"ImageObject\",\"inLanguage\":\"fr-FR\",\"@id\":\"https:\\\/\\\/www.organisator.ch\\\/#\\\/schema\\\/logo\\\/image\\\/\",\"url\":\"https:\\\/\\\/www.organisator.ch\\\/wp-content\\\/uploads\\\/2022\\\/01\\\/Logo_Organisator_Website.png\",\"contentUrl\":\"https:\\\/\\\/www.organisator.ch\\\/wp-content\\\/uploads\\\/2022\\\/01\\\/Logo_Organisator_Website.png\",\"width\":800,\"height\":77,\"caption\":\"Organisator\"},\"image\":{\"@id\":\"https:\\\/\\\/www.organisator.ch\\\/#\\\/schema\\\/logo\\\/image\\\/\"},\"sameAs\":[\"https:\\\/\\\/www.facebook.com\\\/OrganisatorFachmagazin\",\"https:\\\/\\\/www.linkedin.com\\\/showcase\\\/organisator-das-magazin-fr-kmu\",\"https:\\\/\\\/www.xing.com\\\/news\\\/pages\\\/organisator-ch-695\",\"https:\\\/\\\/www.youtube.com\\\/channel\\\/UCGP2Sq0iWaZwT3BdIAQFYpw\"]},{\"@type\":\"Person\",\"@id\":\"https:\\\/\\\/www.organisator.ch\\\/#\\\/schema\\\/person\\\/6f650f90b2842cd4c0cc334b4e36f67e\",\"name\":\"thomas.berner\",\"image\":{\"@type\":\"ImageObject\",\"inLanguage\":\"fr-FR\",\"@id\":\"https:\\\/\\\/secure.gravatar.com\\\/avatar\\\/ac5001d2a36cb6c6cd3e50789007ffca834b477b74a2144564522e944eabff61?s=96&d=mm&r=g\",\"url\":\"https:\\\/\\\/secure.gravatar.com\\\/avatar\\\/ac5001d2a36cb6c6cd3e50789007ffca834b477b74a2144564522e944eabff61?s=96&d=mm&r=g\",\"contentUrl\":\"https:\\\/\\\/secure.gravatar.com\\\/avatar\\\/ac5001d2a36cb6c6cd3e50789007ffca834b477b74a2144564522e944eabff61?s=96&d=mm&r=g\",\"caption\":\"thomas.berner\"},\"url\":\"https:\\\/\\\/www.organisator.ch\\\/fr\\\/author\\\/thomas-berner\\\/\"}]}<\/script>\n<!-- \/ Yoast SEO plugin. -->","yoast_head_json":{"title":"Nouveaux membres de la direction de Victorinox - Organisateur","description":"Victorinox SA accueille trois nouveaux membres de sa direction : Patrik Hauert, Michela Argir\u00f2 et Kilian Eyholzer.","robots":{"index":"index","follow":"follow","max-snippet":"max-snippet:-1","max-image-preview":"max-image-preview:large","max-video-preview":"max-video-preview:-1"},"canonical":"https:\/\/www.organisator.ch\/fr\/gestion-2\/2022-03-08\/neue-geschaeftsleitungsmitglieder-fuer-victorinox\/","og_locale":"fr_FR","og_type":"article","og_title":"Neue Gesch\u00e4ftsleitungsmitglieder f\u00fcr Victorinox","og_description":"Victorinox AG erh\u00e4lt drei neue Gesch\u00e4ftsleitungsmitglieder: Patrik Hauert, Michela Argir\u00f2 und Kilian Eyholzer.","og_url":"https:\/\/www.organisator.ch\/fr\/gestion-2\/2022-03-08\/neue-geschaeftsleitungsmitglieder-fuer-victorinox\/","og_site_name":"Organisator","article_publisher":"https:\/\/www.facebook.com\/OrganisatorFachmagazin","article_published_time":"2022-03-08T10:51:25+00:00","og_image":[{"width":680,"height":840,"url":"https:\/\/www.organisator.ch\/wp-content\/uploads\/2022\/03\/Neue-Geschaeftsleitungsmitglieder-fuer-Victorinox_Organisator.jpg","type":"image\/jpeg"}],"author":"thomas.berner","twitter_card":"summary_large_image","twitter_title":"Neue #Gesch\u00e4ftsleitungsmitglieder f\u00fcr #Victorinox","twitter_description":"#Victorinox AG erh\u00e4lt drei neue #Gesch\u00e4ftsleitungsmitglieder: Patrik Hauert, Michela Argir\u00f2 und Kilian Eyholzer.","twitter_image":"https:\/\/www.organisator.ch\/wp-content\/uploads\/2022\/03\/Neue-Geschaeftsleitungsmitglieder-fuer-Victorinox_Organisator.jpg","schema":{"@context":"https:\/\/schema.org","@graph":[{"@type":"Article","@id":"https:\/\/www.organisator.ch\/management\/2022-03-08\/neue-geschaeftsleitungsmitglieder-fuer-victorinox\/#article","isPartOf":{"@id":"https:\/\/www.organisator.ch\/management\/2022-03-08\/neue-geschaeftsleitungsmitglieder-fuer-victorinox\/"},"author":{"name":"thomas.berner","@id":"https:\/\/www.organisator.ch\/#\/schema\/person\/6f650f90b2842cd4c0cc334b4e36f67e"},"headline":"Neue Gesch\u00e4ftsleitungsmitglieder f\u00fcr Victorinox","datePublished":"2022-03-08T10:51:25+00:00","mainEntityOfPage":{"@id":"https:\/\/www.organisator.ch\/management\/2022-03-08\/neue-geschaeftsleitungsmitglieder-fuer-victorinox\/"},"wordCount":536,"publisher":{"@id":"https:\/\/www.organisator.ch\/#organization"},"image":{"@id":"https:\/\/www.organisator.ch\/management\/2022-03-08\/neue-geschaeftsleitungsmitglieder-fuer-victorinox\/#primaryimage"},"thumbnailUrl":"https:\/\/www.organisator.ch\/wp-content\/uploads\/2022\/03\/Neue-Geschaeftsleitungsmitglieder-fuer-Victorinox_Organisator.jpg","keywords":["Management und Unternehmensf\u00fchrung","Personalia","Unternehmen"],"articleSection":["MANAGEMENT"],"inLanguage":"fr-FR"},{"@type":"WebPage","@id":"https:\/\/www.organisator.ch\/management\/2022-03-08\/neue-geschaeftsleitungsmitglieder-fuer-victorinox\/","url":"https:\/\/www.organisator.ch\/management\/2022-03-08\/neue-geschaeftsleitungsmitglieder-fuer-victorinox\/","name":"Nouveaux membres de la direction de Victorinox - Organisateur","isPartOf":{"@id":"https:\/\/www.organisator.ch\/#website"},"primaryImageOfPage":{"@id":"https:\/\/www.organisator.ch\/management\/2022-03-08\/neue-geschaeftsleitungsmitglieder-fuer-victorinox\/#primaryimage"},"image":{"@id":"https:\/\/www.organisator.ch\/management\/2022-03-08\/neue-geschaeftsleitungsmitglieder-fuer-victorinox\/#primaryimage"},"thumbnailUrl":"https:\/\/www.organisator.ch\/wp-content\/uploads\/2022\/03\/Neue-Geschaeftsleitungsmitglieder-fuer-Victorinox_Organisator.jpg","datePublished":"2022-03-08T10:51:25+00:00","description":"Victorinox SA accueille trois nouveaux membres de sa direction : Patrik Hauert, Michela Argir\u00f2 et Kilian Eyholzer.","breadcrumb":{"@id":"https:\/\/www.organisator.ch\/management\/2022-03-08\/neue-geschaeftsleitungsmitglieder-fuer-victorinox\/#breadcrumb"},"inLanguage":"fr-FR","potentialAction":[{"@type":"ReadAction","target":["https:\/\/www.organisator.ch\/management\/2022-03-08\/neue-geschaeftsleitungsmitglieder-fuer-victorinox\/"]}]},{"@type":"ImageObject","inLanguage":"fr-FR","@id":"https:\/\/www.organisator.ch\/management\/2022-03-08\/neue-geschaeftsleitungsmitglieder-fuer-victorinox\/#primaryimage","url":"https:\/\/www.organisator.ch\/wp-content\/uploads\/2022\/03\/Neue-Geschaeftsleitungsmitglieder-fuer-Victorinox_Organisator.jpg","contentUrl":"https:\/\/www.organisator.ch\/wp-content\/uploads\/2022\/03\/Neue-Geschaeftsleitungsmitglieder-fuer-Victorinox_Organisator.jpg","width":680,"height":840,"caption":"Victorinox hat drei neue Gesch\u00e4ftsleitungsmitglieder: Patrik Hauert (oben), Michela Argir\u00f2 (unten links) und Kilian Eyholzer. (Bilder: Victorinox)"},{"@type":"BreadcrumbList","@id":"https:\/\/www.organisator.ch\/management\/2022-03-08\/neue-geschaeftsleitungsmitglieder-fuer-victorinox\/#breadcrumb","itemListElement":[{"@type":"ListItem","position":1,"name":"Home","item":"https:\/\/www.organisator.ch\/"},{"@type":"ListItem","position":2,"name":"Neue Gesch\u00e4ftsleitungsmitglieder f\u00fcr Victorinox"}]},{"@type":"WebSite","@id":"https:\/\/www.organisator.ch\/#website","url":"https:\/\/www.organisator.ch\/","name":"Organisateur","description":"Comp\u00e9tence et comp\u00e9tence. Proches de la pratique. L'ORGANISATEUR pr\u00e9pare 10 num\u00e9ros par an sur les th\u00e8mes essentiels pour les dirigeants de PME.","publisher":{"@id":"https:\/\/www.organisator.ch\/#organization"},"potentialAction":[{"@type":"SearchAction","target":{"@type":"EntryPoint","urlTemplate":"https:\/\/www.organisator.ch\/?s={search_term_string}"},"query-input":{"@type":"PropertyValueSpecification","valueRequired":true,"valueName":"search_term_string"}}],"inLanguage":"fr-FR"},{"@type":"Organization","@id":"https:\/\/www.organisator.ch\/#organization","name":"Organisateur","url":"https:\/\/www.organisator.ch\/","logo":{"@type":"ImageObject","inLanguage":"fr-FR","@id":"https:\/\/www.organisator.ch\/#\/schema\/logo\/image\/","url":"https:\/\/www.organisator.ch\/wp-content\/uploads\/2022\/01\/Logo_Organisator_Website.png","contentUrl":"https:\/\/www.organisator.ch\/wp-content\/uploads\/2022\/01\/Logo_Organisator_Website.png","width":800,"height":77,"caption":"Organisator"},"image":{"@id":"https:\/\/www.organisator.ch\/#\/schema\/logo\/image\/"},"sameAs":["https:\/\/www.facebook.com\/OrganisatorFachmagazin","https:\/\/www.linkedin.com\/showcase\/organisator-das-magazin-fr-kmu","https:\/\/www.xing.com\/news\/pages\/organisator-ch-695","https:\/\/www.youtube.com\/channel\/UCGP2Sq0iWaZwT3BdIAQFYpw"]},{"@type":"Person","@id":"https:\/\/www.organisator.ch\/#\/schema\/person\/6f650f90b2842cd4c0cc334b4e36f67e","name":"thomas.berner","image":{"@type":"ImageObject","inLanguage":"fr-FR","@id":"https:\/\/secure.gravatar.com\/avatar\/ac5001d2a36cb6c6cd3e50789007ffca834b477b74a2144564522e944eabff61?s=96&d=mm&r=g","url":"https:\/\/secure.gravatar.com\/avatar\/ac5001d2a36cb6c6cd3e50789007ffca834b477b74a2144564522e944eabff61?s=96&d=mm&r=g","contentUrl":"https:\/\/secure.gravatar.com\/avatar\/ac5001d2a36cb6c6cd3e50789007ffca834b477b74a2144564522e944eabff61?s=96&d=mm&r=g","caption":"thomas.berner"},"url":"https:\/\/www.organisator.ch\/fr\/author\/thomas-berner\/"}]}},"_links":{"self":[{"href":"https:\/\/www.organisator.ch\/fr\/wp-json\/wp\/v2\/posts\/12063","targetHints":{"allow":["GET"]}}],"collection":[{"href":"https:\/\/www.organisator.ch\/fr\/wp-json\/wp\/v2\/posts"}],"about":[{"href":"https:\/\/www.organisator.ch\/fr\/wp-json\/wp\/v2\/types\/post"}],"author":[{"embeddable":true,"href":"https:\/\/www.organisator.ch\/fr\/wp-json\/wp\/v2\/users\/4"}],"replies":[{"embeddable":true,"href":"https:\/\/www.organisator.ch\/fr\/wp-json\/wp\/v2\/comments?post=12063"}],"version-history":[{"count":1,"href":"https:\/\/www.organisator.ch\/fr\/wp-json\/wp\/v2\/posts\/12063\/revisions"}],"predecessor-version":[{"id":12065,"href":"https:\/\/www.organisator.ch\/fr\/wp-json\/wp\/v2\/posts\/12063\/revisions\/12065"}],"wp:featuredmedia":[{"embeddable":true,"href":"https:\/\/www.organisator.ch\/fr\/wp-json\/wp\/v2\/media\/12064"}],"wp:attachment":[{"href":"https:\/\/www.organisator.ch\/fr\/wp-json\/wp\/v2\/media?parent=12063"}],"wp:term":[{"taxonomy":"category","embeddable":true,"href":"https:\/\/www.organisator.ch\/fr\/wp-json\/wp\/v2\/categories?post=12063"},{"taxonomy":"post_tag","embeddable":true,"href":"https:\/\/www.organisator.ch\/fr\/wp-json\/wp\/v2\/tags?post=12063"}],"curies":[{"name":"wp","href":"https:\/\/api.w.org\/{rel}","templated":true}]}}