{"id":12096,"date":"2022-03-10T13:12:19","date_gmt":"2022-03-10T12:12:19","guid":{"rendered":"https:\/\/www.werbewoche.ch\/?p=166964"},"modified":"2022-08-01T15:08:36","modified_gmt":"2022-08-01T13:08:36","slug":"jung-von-matt-brand-identity-create-fresh-market-entry-for-freshhaus","status":"publish","type":"post","link":"https:\/\/www.organisator.ch\/fr\/marketing\/2022-03-10\/jung-von-matt-brand-identity-kreiert-frischen-marktauftritt-fuer-freshhaus\/","title":{"rendered":"Jung von Matt Brand Identity cr\u00e9e une nouvelle image de marque pour Freshhaus"},"content":{"rendered":"<img class=\"aligncenter wp-image-166965 size-full\" src=\"https:\/\/www.werbewoche.ch\/wp-content\/uploads\/2022\/03\/220227_fh_Bild_Web_01.jpg\" alt=\"Jung von Matt Identit\u00e9 de marque\" width=\"1200\" height=\"831\" \/>\r\n\r\nFreshhaus construit depuis de nombreuses ann\u00e9es des maisons individuelles dans toute la Suisse. En tant qu'entreprise g\u00e9n\u00e9rale, Freshhaus assume la responsabilit\u00e9 globale du projet de construction et assiste les futurs propri\u00e9taires* en mati\u00e8re de conseil en construction, d'architecture, de direction des travaux et d'architecture d'int\u00e9rieur.\r\n\r\nPar le pass\u00e9, Freshhaus a cependant toujours \u00e9t\u00e9 confront\u00e9e \u00e0 des pr\u00e9jug\u00e9s sur les maisons pr\u00e9fabriqu\u00e9es et a d\u00fb prouver \u00e0 plusieurs reprises qu'une maison conceptuelle n'est pas une maison pr\u00e9fabriqu\u00e9e.\r\n\r\nAfin de mettre fin une fois pour toutes \u00e0 ces pr\u00e9jug\u00e9s, Freshhaus a d\u00e9velopp\u00e9 sa propre marque - en collaboration avec Jung von Matt Brand Identity - dans le but de mettre en avant les prestations diff\u00e9renciantes de la marque et de s'adresser aux clients de mani\u00e8re plus \u00e9motionnelle.\r\n\r\nDans le cadre d'ateliers communs, l'agence et l'entreprise ont d\u00e9velopp\u00e9 une histoire de marque qui doit mettre en \u00e9vidence les caract\u00e9ristiques uniques de la marque : Des maisons conceptuelles individuelles et de haute qualit\u00e9 qui, gr\u00e2ce \u00e0 un soutien complet, \u00e0 la flexibilit\u00e9 et \u00e0 la garantie des co\u00fbts, permettent de r\u00e9aliser les souhaits des futurs propri\u00e9taires*.<img class=\"aligncenter wp-image-166967 size-full\" src=\"https:\/\/www.werbewoche.ch\/wp-content\/uploads\/2022\/03\/220124_fh_Foto_05.jpg\" alt=\"Jung von Matt Identit\u00e9 de marque\" width=\"1200\" height=\"773\" \/>\r\n<h3><strong>Rendre possible les r\u00eaves de vie individuels<\/strong><\/h3>\r\nAfin d'exprimer encore plus fortement l'histoire de la marque dans son design, les diff\u00e9rents \u00e9l\u00e9ments du design ont \u00e9t\u00e9 d\u00e9velopp\u00e9s. Le logo et les couleurs ont \u00e9t\u00e9 modernis\u00e9s et rafra\u00eechis. En compl\u00e9ment, des animations de plans ont \u00e9t\u00e9 d\u00e9velopp\u00e9es afin de montrer que chez Freshhaus, on ne se contente pas de poser des gabarits de maison tout pr\u00eats sur les terrains.\r\n\r\nLes diff\u00e9rentes maisons conceptuelles Freshhaus peuvent \u00eatre visit\u00e9es par le biais d'une visite num\u00e9rique ainsi qu'\u00e0 l'aide d'une vue \u00e0 360 degr\u00e9s.\r\n<h3><strong>L'exp\u00e9rience de la marque repens\u00e9e<\/strong><\/h3>\r\nD'autres points de contact ont \u00e9galement \u00e9t\u00e9 \u00e9labor\u00e9s sur la base de la nouvelle exp\u00e9rience de la marque : D'un concept de m\u00e9dias imprim\u00e9s en passant par des documents de vente et une nouvelle pr\u00e9sence sur le web. Le site web a \u00e9t\u00e9 r\u00e9alis\u00e9 en \u00e9troite collaboration avec les experts num\u00e9riques* de Jung von Matt Tech. Gr\u00e2ce \u00e0 une approche \"brand first\", une exp\u00e9rience de marque num\u00e9rique et moderne a \u00e9t\u00e9 cr\u00e9\u00e9e sur la base de Webflow. Le site web doit s\u00e9duire par sa simplicit\u00e9, sa facilit\u00e9 d'utilisation et son langage d'entreprise frappant.<img class=\"aligncenter wp-image-166966 size-full\" src=\"https:\/\/www.werbewoche.ch\/wp-content\/uploads\/2022\/03\/220124_fh_Foto_02.jpg\" alt=\"Jung von Matt Identit\u00e9 de marque\" width=\"1200\" height=\"675\" \/>\r\n\r\n<hr \/>\r\n\r\n<strong>Responsable chez Freshhaus : <\/strong>Ivana Milanovic, Andr\u00e9 Kressebuch, Kerry de Zilva. <strong>Responsable chez Jung von Matt Brand Identity : <\/strong>Alessandra Bally, Julius J\u00e4ger (strat\u00e9gie), Monica B\u00fchlmann, Boris Stoll, Christina Widmann (design). <strong>Responsable chez Jung von Matt Tech : <\/strong>Andrin Gorgi (r\u00e9alisation, direction de projet), Stefanie Pfeffer (direction de projet), Manuela Tappe, Michelle Scholz (design).","protected":false},"excerpt":{"rendered":"<p>Freshhaus baut seit vielen Jahren individuelle Einfamilienh\u00e4user in der ganzen Schweiz. Als Generalunternehmen \u00fcbernimmt Freshhaus die Gesamtverantwortung f\u00fcr das Bauvorhaben und steht zuk\u00fcnftigen Hausbesitzer*innen bei Bauberatung, Architektur, Bauleitung und Innenarchitektur zur Seite. In der Vergangenheit sah sich Freshhaus jedoch immer wieder mit Vorurteilen gegen\u00fcber Fertigh\u00e4usern konfrontiert und musste wiederholt beweisen, dass ein Konzepthaus kein Fertighaus [\u2026]<\/p>\n","protected":false},"author":8,"featured_media":0,"comment_status":"closed","ping_status":"closed","sticky":false,"template":"","format":"standard","meta":{"_acf_changed":false,"_yoast_wpseo_focuskw":"Jung von Matt Brand Identity","_yoast_wpseo_metadesc":"F\u00fcr die Neuausrichtung des Traumhaus-Bauers Freshhaus konzipierte Jung von Matt Brand Identity die Marke neu.","articlekey":"","footnotes":""},"categories":[29],"tags":[2740],"class_list":["post-12096","post","type-post","status-publish","format-standard","hentry","category-marketing","tag-jung-von-matt-brand-identity"],"acf":[],"yoast_head":"<!-- This site is optimized with the Yoast SEO plugin v27.5 - https:\/\/yoast.com\/product\/yoast-seo-wordpress\/ -->\n<title>Jung von Matt Brand Identity kreiert frischen Marktauftritt f\u00fcr Freshhaus - Organisator<\/title>\n<meta name=\"description\" content=\"F\u00fcr die Neuausrichtung des Traumhaus-Bauers Freshhaus konzipierte Jung von Matt Brand Identity die Marke neu.\" \/>\n<meta name=\"robots\" content=\"index, follow, max-snippet:-1, max-image-preview:large, max-video-preview:-1\" \/>\n<link rel=\"canonical\" href=\"https:\/\/www.werbewoche.ch\/de\/marketing\/marken\/2022-03-10\/jung-von-matt-brand-identity-kreiert-frischen-marktauftritt-fuer-freshhaus\/\" \/>\n<meta property=\"og:locale\" content=\"fr_FR\" \/>\n<meta property=\"og:type\" content=\"article\" \/>\n<meta property=\"og:title\" content=\"Jung von Matt Brand Identity kreiert frischen Marktauftritt f\u00fcr Freshhaus - Organisator\" \/>\n<meta property=\"og:description\" content=\"F\u00fcr die Neuausrichtung des Traumhaus-Bauers Freshhaus konzipierte Jung von Matt Brand Identity die Marke neu.\" \/>\n<meta property=\"og:url\" content=\"https:\/\/www.werbewoche.ch\/de\/marketing\/marken\/2022-03-10\/jung-von-matt-brand-identity-kreiert-frischen-marktauftritt-fuer-freshhaus\/\" \/>\n<meta property=\"og:site_name\" content=\"Organisator\" \/>\n<meta property=\"article:publisher\" content=\"https:\/\/www.facebook.com\/OrganisatorFachmagazin\" \/>\n<meta property=\"article:published_time\" content=\"2022-03-10T12:12:19+00:00\" \/>\n<meta property=\"article:modified_time\" content=\"2022-08-01T13:08:36+00:00\" \/>\n<meta property=\"og:image\" content=\"https:\/\/www.werbewoche.ch\/wp-content\/uploads\/2022\/03\/220227_fh_Bild_Web_01.jpg\" \/>\n<meta name=\"author\" content=\"galledia\" \/>\n<meta name=\"twitter:card\" content=\"summary_large_image\" \/>\n<meta name=\"twitter:creator\" content=\"@admin\" \/>\n<script type=\"application\/ld+json\" class=\"yoast-schema-graph\">{\"@context\":\"https:\\\/\\\/schema.org\",\"@graph\":[{\"@type\":\"Article\",\"@id\":\"https:\\\/\\\/www.werbewoche.ch\\\/de\\\/marketing\\\/marken\\\/2022-03-10\\\/jung-von-matt-brand-identity-kreiert-frischen-marktauftritt-fuer-freshhaus\\\/#article\",\"isPartOf\":{\"@id\":\"https:\\\/\\\/www.organisator.ch\\\/marketing\\\/2022-03-10\\\/jung-von-matt-brand-identity-kreiert-frischen-marktauftritt-fuer-freshhaus\\\/\"},\"author\":{\"name\":\"galledia\",\"@id\":\"https:\\\/\\\/www.organisator.ch\\\/#\\\/schema\\\/person\\\/4e51799071cd2dd1232ac003643ef5f0\"},\"headline\":\"Jung von Matt Brand Identity kreiert frischen Marktauftritt f\u00fcr Freshhaus\",\"datePublished\":\"2022-03-10T12:12:19+00:00\",\"dateModified\":\"2022-08-01T13:08:36+00:00\",\"mainEntityOfPage\":{\"@id\":\"https:\\\/\\\/www.organisator.ch\\\/marketing\\\/2022-03-10\\\/jung-von-matt-brand-identity-kreiert-frischen-marktauftritt-fuer-freshhaus\\\/\"},\"wordCount\":337,\"publisher\":{\"@id\":\"https:\\\/\\\/www.organisator.ch\\\/#organization\"},\"image\":{\"@id\":\"https:\\\/\\\/www.werbewoche.ch\\\/de\\\/marketing\\\/marken\\\/2022-03-10\\\/jung-von-matt-brand-identity-kreiert-frischen-marktauftritt-fuer-freshhaus\\\/#primaryimage\"},\"thumbnailUrl\":\"https:\\\/\\\/www.werbewoche.ch\\\/wp-content\\\/uploads\\\/2022\\\/03\\\/220227_fh_Bild_Web_01.jpg\",\"keywords\":[\"Jung von Matt Brand Identity\"],\"articleSection\":[\"MARKETING\"],\"inLanguage\":\"fr-FR\"},{\"@type\":\"WebPage\",\"@id\":\"https:\\\/\\\/www.organisator.ch\\\/marketing\\\/2022-03-10\\\/jung-von-matt-brand-identity-kreiert-frischen-marktauftritt-fuer-freshhaus\\\/\",\"url\":\"https:\\\/\\\/www.werbewoche.ch\\\/de\\\/marketing\\\/marken\\\/2022-03-10\\\/jung-von-matt-brand-identity-kreiert-frischen-marktauftritt-fuer-freshhaus\\\/\",\"name\":\"Jung von Matt Brand Identity kreiert frischen Marktauftritt f\u00fcr Freshhaus - Organisator\",\"isPartOf\":{\"@id\":\"https:\\\/\\\/www.organisator.ch\\\/#website\"},\"primaryImageOfPage\":{\"@id\":\"https:\\\/\\\/www.werbewoche.ch\\\/de\\\/marketing\\\/marken\\\/2022-03-10\\\/jung-von-matt-brand-identity-kreiert-frischen-marktauftritt-fuer-freshhaus\\\/#primaryimage\"},\"image\":{\"@id\":\"https:\\\/\\\/www.werbewoche.ch\\\/de\\\/marketing\\\/marken\\\/2022-03-10\\\/jung-von-matt-brand-identity-kreiert-frischen-marktauftritt-fuer-freshhaus\\\/#primaryimage\"},\"thumbnailUrl\":\"https:\\\/\\\/www.werbewoche.ch\\\/wp-content\\\/uploads\\\/2022\\\/03\\\/220227_fh_Bild_Web_01.jpg\",\"datePublished\":\"2022-03-10T12:12:19+00:00\",\"dateModified\":\"2022-08-01T13:08:36+00:00\",\"description\":\"F\u00fcr die Neuausrichtung des Traumhaus-Bauers Freshhaus konzipierte Jung von Matt Brand Identity die Marke neu.\",\"breadcrumb\":{\"@id\":\"https:\\\/\\\/www.werbewoche.ch\\\/de\\\/marketing\\\/marken\\\/2022-03-10\\\/jung-von-matt-brand-identity-kreiert-frischen-marktauftritt-fuer-freshhaus\\\/#breadcrumb\"},\"inLanguage\":\"fr-FR\",\"potentialAction\":[{\"@type\":\"ReadAction\",\"target\":[\"https:\\\/\\\/www.werbewoche.ch\\\/de\\\/marketing\\\/marken\\\/2022-03-10\\\/jung-von-matt-brand-identity-kreiert-frischen-marktauftritt-fuer-freshhaus\\\/\"]}]},{\"@type\":\"ImageObject\",\"inLanguage\":\"fr-FR\",\"@id\":\"https:\\\/\\\/www.werbewoche.ch\\\/de\\\/marketing\\\/marken\\\/2022-03-10\\\/jung-von-matt-brand-identity-kreiert-frischen-marktauftritt-fuer-freshhaus\\\/#primaryimage\",\"url\":\"https:\\\/\\\/www.werbewoche.ch\\\/wp-content\\\/uploads\\\/2022\\\/03\\\/220227_fh_Bild_Web_01.jpg\",\"contentUrl\":\"https:\\\/\\\/www.werbewoche.ch\\\/wp-content\\\/uploads\\\/2022\\\/03\\\/220227_fh_Bild_Web_01.jpg\"},{\"@type\":\"BreadcrumbList\",\"@id\":\"https:\\\/\\\/www.werbewoche.ch\\\/de\\\/marketing\\\/marken\\\/2022-03-10\\\/jung-von-matt-brand-identity-kreiert-frischen-marktauftritt-fuer-freshhaus\\\/#breadcrumb\",\"itemListElement\":[{\"@type\":\"ListItem\",\"position\":1,\"name\":\"Home\",\"item\":\"https:\\\/\\\/www.organisator.ch\\\/\"},{\"@type\":\"ListItem\",\"position\":2,\"name\":\"Jung von Matt Brand Identity kreiert frischen Marktauftritt f\u00fcr Freshhaus\"}]},{\"@type\":\"WebSite\",\"@id\":\"https:\\\/\\\/www.organisator.ch\\\/#website\",\"url\":\"https:\\\/\\\/www.organisator.ch\\\/\",\"name\":\"Organisator\",\"description\":\"Kompetent. Praxisnah. Der ORGANISATOR bereitet in 10 Ausgaben pro Jahr die wesentlichen Themen f\u00fcr F\u00fchrungskr\u00e4fte von KMU auf.\",\"publisher\":{\"@id\":\"https:\\\/\\\/www.organisator.ch\\\/#organization\"},\"potentialAction\":[{\"@type\":\"SearchAction\",\"target\":{\"@type\":\"EntryPoint\",\"urlTemplate\":\"https:\\\/\\\/www.organisator.ch\\\/?s={search_term_string}\"},\"query-input\":{\"@type\":\"PropertyValueSpecification\",\"valueRequired\":true,\"valueName\":\"search_term_string\"}}],\"inLanguage\":\"fr-FR\"},{\"@type\":\"Organization\",\"@id\":\"https:\\\/\\\/www.organisator.ch\\\/#organization\",\"name\":\"Organisator\",\"url\":\"https:\\\/\\\/www.organisator.ch\\\/\",\"logo\":{\"@type\":\"ImageObject\",\"inLanguage\":\"fr-FR\",\"@id\":\"https:\\\/\\\/www.organisator.ch\\\/#\\\/schema\\\/logo\\\/image\\\/\",\"url\":\"https:\\\/\\\/www.organisator.ch\\\/wp-content\\\/uploads\\\/2022\\\/01\\\/Logo_Organisator_Website.png\",\"contentUrl\":\"https:\\\/\\\/www.organisator.ch\\\/wp-content\\\/uploads\\\/2022\\\/01\\\/Logo_Organisator_Website.png\",\"width\":800,\"height\":77,\"caption\":\"Organisator\"},\"image\":{\"@id\":\"https:\\\/\\\/www.organisator.ch\\\/#\\\/schema\\\/logo\\\/image\\\/\"},\"sameAs\":[\"https:\\\/\\\/www.facebook.com\\\/OrganisatorFachmagazin\",\"https:\\\/\\\/www.linkedin.com\\\/showcase\\\/organisator-das-magazin-fr-kmu\",\"https:\\\/\\\/www.xing.com\\\/news\\\/pages\\\/organisator-ch-695\",\"https:\\\/\\\/www.youtube.com\\\/channel\\\/UCGP2Sq0iWaZwT3BdIAQFYpw\"]},{\"@type\":\"Person\",\"@id\":\"https:\\\/\\\/www.organisator.ch\\\/#\\\/schema\\\/person\\\/4e51799071cd2dd1232ac003643ef5f0\",\"name\":\"galledia\",\"image\":{\"@type\":\"ImageObject\",\"inLanguage\":\"fr-FR\",\"@id\":\"https:\\\/\\\/secure.gravatar.com\\\/avatar\\\/78a7f90c01fc2bfc875782a0d4922b37cde2cf184ce347b91316d23cd7f69a36?s=96&d=mm&r=g\",\"url\":\"https:\\\/\\\/secure.gravatar.com\\\/avatar\\\/78a7f90c01fc2bfc875782a0d4922b37cde2cf184ce347b91316d23cd7f69a36?s=96&d=mm&r=g\",\"contentUrl\":\"https:\\\/\\\/secure.gravatar.com\\\/avatar\\\/78a7f90c01fc2bfc875782a0d4922b37cde2cf184ce347b91316d23cd7f69a36?s=96&d=mm&r=g\",\"caption\":\"galledia\"},\"sameAs\":[\"https:\\\/\\\/x.com\\\/admin\"],\"url\":\"https:\\\/\\\/www.organisator.ch\\\/fr\\\/author\\\/galledia\\\/\"}]}<\/script>\n<!-- \/ Yoast SEO plugin. -->","yoast_head_json":{"title":"Jung von Matt Brand Identity cr\u00e9e une nouvelle identit\u00e9 visuelle pour Freshhaus - Organisateur","description":"Pour la nouvelle orientation du constructeur de maisons de r\u00eave Freshhaus, Jung von Matt Brand Identity a repens\u00e9 la marque.","robots":{"index":"index","follow":"follow","max-snippet":"max-snippet:-1","max-image-preview":"max-image-preview:large","max-video-preview":"max-video-preview:-1"},"canonical":"https:\/\/www.werbewoche.ch\/de\/marketing\/marken\/2022-03-10\/jung-von-matt-brand-identity-kreiert-frischen-marktauftritt-fuer-freshhaus\/","og_locale":"fr_FR","og_type":"article","og_title":"Jung von Matt Brand Identity kreiert frischen Marktauftritt f\u00fcr Freshhaus - Organisator","og_description":"F\u00fcr die Neuausrichtung des Traumhaus-Bauers Freshhaus konzipierte Jung von Matt Brand Identity die Marke neu.","og_url":"https:\/\/www.werbewoche.ch\/de\/marketing\/marken\/2022-03-10\/jung-von-matt-brand-identity-kreiert-frischen-marktauftritt-fuer-freshhaus\/","og_site_name":"Organisator","article_publisher":"https:\/\/www.facebook.com\/OrganisatorFachmagazin","article_published_time":"2022-03-10T12:12:19+00:00","article_modified_time":"2022-08-01T13:08:36+00:00","og_image":[{"url":"https:\/\/www.werbewoche.ch\/wp-content\/uploads\/2022\/03\/220227_fh_Bild_Web_01.jpg","type":"","width":"","height":""}],"author":"galledia","twitter_card":"summary_large_image","twitter_creator":"@admin","schema":{"@context":"https:\/\/schema.org","@graph":[{"@type":"Article","@id":"https:\/\/www.werbewoche.ch\/de\/marketing\/marken\/2022-03-10\/jung-von-matt-brand-identity-kreiert-frischen-marktauftritt-fuer-freshhaus\/#article","isPartOf":{"@id":"https:\/\/www.organisator.ch\/marketing\/2022-03-10\/jung-von-matt-brand-identity-kreiert-frischen-marktauftritt-fuer-freshhaus\/"},"author":{"name":"galledia","@id":"https:\/\/www.organisator.ch\/#\/schema\/person\/4e51799071cd2dd1232ac003643ef5f0"},"headline":"Jung von Matt Brand Identity kreiert frischen Marktauftritt f\u00fcr Freshhaus","datePublished":"2022-03-10T12:12:19+00:00","dateModified":"2022-08-01T13:08:36+00:00","mainEntityOfPage":{"@id":"https:\/\/www.organisator.ch\/marketing\/2022-03-10\/jung-von-matt-brand-identity-kreiert-frischen-marktauftritt-fuer-freshhaus\/"},"wordCount":337,"publisher":{"@id":"https:\/\/www.organisator.ch\/#organization"},"image":{"@id":"https:\/\/www.werbewoche.ch\/de\/marketing\/marken\/2022-03-10\/jung-von-matt-brand-identity-kreiert-frischen-marktauftritt-fuer-freshhaus\/#primaryimage"},"thumbnailUrl":"https:\/\/www.werbewoche.ch\/wp-content\/uploads\/2022\/03\/220227_fh_Bild_Web_01.jpg","keywords":["Jung von Matt Brand Identity"],"articleSection":["MARKETING"],"inLanguage":"fr-FR"},{"@type":"WebPage","@id":"https:\/\/www.organisator.ch\/marketing\/2022-03-10\/jung-von-matt-brand-identity-kreiert-frischen-marktauftritt-fuer-freshhaus\/","url":"https:\/\/www.werbewoche.ch\/de\/marketing\/marken\/2022-03-10\/jung-von-matt-brand-identity-kreiert-frischen-marktauftritt-fuer-freshhaus\/","name":"Jung von Matt Brand Identity cr\u00e9e une nouvelle identit\u00e9 visuelle pour Freshhaus - Organisateur","isPartOf":{"@id":"https:\/\/www.organisator.ch\/#website"},"primaryImageOfPage":{"@id":"https:\/\/www.werbewoche.ch\/de\/marketing\/marken\/2022-03-10\/jung-von-matt-brand-identity-kreiert-frischen-marktauftritt-fuer-freshhaus\/#primaryimage"},"image":{"@id":"https:\/\/www.werbewoche.ch\/de\/marketing\/marken\/2022-03-10\/jung-von-matt-brand-identity-kreiert-frischen-marktauftritt-fuer-freshhaus\/#primaryimage"},"thumbnailUrl":"https:\/\/www.werbewoche.ch\/wp-content\/uploads\/2022\/03\/220227_fh_Bild_Web_01.jpg","datePublished":"2022-03-10T12:12:19+00:00","dateModified":"2022-08-01T13:08:36+00:00","description":"Pour la nouvelle orientation du constructeur de maisons de r\u00eave Freshhaus, Jung von Matt Brand Identity a repens\u00e9 la marque.","breadcrumb":{"@id":"https:\/\/www.werbewoche.ch\/de\/marketing\/marken\/2022-03-10\/jung-von-matt-brand-identity-kreiert-frischen-marktauftritt-fuer-freshhaus\/#breadcrumb"},"inLanguage":"fr-FR","potentialAction":[{"@type":"ReadAction","target":["https:\/\/www.werbewoche.ch\/de\/marketing\/marken\/2022-03-10\/jung-von-matt-brand-identity-kreiert-frischen-marktauftritt-fuer-freshhaus\/"]}]},{"@type":"ImageObject","inLanguage":"fr-FR","@id":"https:\/\/www.werbewoche.ch\/de\/marketing\/marken\/2022-03-10\/jung-von-matt-brand-identity-kreiert-frischen-marktauftritt-fuer-freshhaus\/#primaryimage","url":"https:\/\/www.werbewoche.ch\/wp-content\/uploads\/2022\/03\/220227_fh_Bild_Web_01.jpg","contentUrl":"https:\/\/www.werbewoche.ch\/wp-content\/uploads\/2022\/03\/220227_fh_Bild_Web_01.jpg"},{"@type":"BreadcrumbList","@id":"https:\/\/www.werbewoche.ch\/de\/marketing\/marken\/2022-03-10\/jung-von-matt-brand-identity-kreiert-frischen-marktauftritt-fuer-freshhaus\/#breadcrumb","itemListElement":[{"@type":"ListItem","position":1,"name":"Home","item":"https:\/\/www.organisator.ch\/"},{"@type":"ListItem","position":2,"name":"Jung von Matt Brand Identity kreiert frischen Marktauftritt f\u00fcr Freshhaus"}]},{"@type":"WebSite","@id":"https:\/\/www.organisator.ch\/#website","url":"https:\/\/www.organisator.ch\/","name":"Organisateur","description":"Comp\u00e9tence et comp\u00e9tence. Proches de la pratique. L'ORGANISATEUR pr\u00e9pare 10 num\u00e9ros par an sur les th\u00e8mes essentiels pour les dirigeants de PME.","publisher":{"@id":"https:\/\/www.organisator.ch\/#organization"},"potentialAction":[{"@type":"SearchAction","target":{"@type":"EntryPoint","urlTemplate":"https:\/\/www.organisator.ch\/?s={search_term_string}"},"query-input":{"@type":"PropertyValueSpecification","valueRequired":true,"valueName":"search_term_string"}}],"inLanguage":"fr-FR"},{"@type":"Organization","@id":"https:\/\/www.organisator.ch\/#organization","name":"Organisateur","url":"https:\/\/www.organisator.ch\/","logo":{"@type":"ImageObject","inLanguage":"fr-FR","@id":"https:\/\/www.organisator.ch\/#\/schema\/logo\/image\/","url":"https:\/\/www.organisator.ch\/wp-content\/uploads\/2022\/01\/Logo_Organisator_Website.png","contentUrl":"https:\/\/www.organisator.ch\/wp-content\/uploads\/2022\/01\/Logo_Organisator_Website.png","width":800,"height":77,"caption":"Organisator"},"image":{"@id":"https:\/\/www.organisator.ch\/#\/schema\/logo\/image\/"},"sameAs":["https:\/\/www.facebook.com\/OrganisatorFachmagazin","https:\/\/www.linkedin.com\/showcase\/organisator-das-magazin-fr-kmu","https:\/\/www.xing.com\/news\/pages\/organisator-ch-695","https:\/\/www.youtube.com\/channel\/UCGP2Sq0iWaZwT3BdIAQFYpw"]},{"@type":"Person","@id":"https:\/\/www.organisator.ch\/#\/schema\/person\/4e51799071cd2dd1232ac003643ef5f0","name":"galledia","image":{"@type":"ImageObject","inLanguage":"fr-FR","@id":"https:\/\/secure.gravatar.com\/avatar\/78a7f90c01fc2bfc875782a0d4922b37cde2cf184ce347b91316d23cd7f69a36?s=96&d=mm&r=g","url":"https:\/\/secure.gravatar.com\/avatar\/78a7f90c01fc2bfc875782a0d4922b37cde2cf184ce347b91316d23cd7f69a36?s=96&d=mm&r=g","contentUrl":"https:\/\/secure.gravatar.com\/avatar\/78a7f90c01fc2bfc875782a0d4922b37cde2cf184ce347b91316d23cd7f69a36?s=96&d=mm&r=g","caption":"galledia"},"sameAs":["https:\/\/x.com\/admin"],"url":"https:\/\/www.organisator.ch\/fr\/author\/galledia\/"}]}},"_links":{"self":[{"href":"https:\/\/www.organisator.ch\/fr\/wp-json\/wp\/v2\/posts\/12096","targetHints":{"allow":["GET"]}}],"collection":[{"href":"https:\/\/www.organisator.ch\/fr\/wp-json\/wp\/v2\/posts"}],"about":[{"href":"https:\/\/www.organisator.ch\/fr\/wp-json\/wp\/v2\/types\/post"}],"author":[{"embeddable":true,"href":"https:\/\/www.organisator.ch\/fr\/wp-json\/wp\/v2\/users\/8"}],"replies":[{"embeddable":true,"href":"https:\/\/www.organisator.ch\/fr\/wp-json\/wp\/v2\/comments?post=12096"}],"version-history":[{"count":3,"href":"https:\/\/www.organisator.ch\/fr\/wp-json\/wp\/v2\/posts\/12096\/revisions"}],"predecessor-version":[{"id":16093,"href":"https:\/\/www.organisator.ch\/fr\/wp-json\/wp\/v2\/posts\/12096\/revisions\/16093"}],"wp:attachment":[{"href":"https:\/\/www.organisator.ch\/fr\/wp-json\/wp\/v2\/media?parent=12096"}],"wp:term":[{"taxonomy":"category","embeddable":true,"href":"https:\/\/www.organisator.ch\/fr\/wp-json\/wp\/v2\/categories?post=12096"},{"taxonomy":"post_tag","embeddable":true,"href":"https:\/\/www.organisator.ch\/fr\/wp-json\/wp\/v2\/tags?post=12096"}],"curies":[{"name":"wp","href":"https:\/\/api.w.org\/{rel}","templated":true}]}}