{"id":12099,"date":"2022-03-11T09:37:27","date_gmt":"2022-03-11T08:37:27","guid":{"rendered":"https:\/\/www.organisator.ch\/?p=12099"},"modified":"2022-03-17T09:27:33","modified_gmt":"2022-03-17T08:27:33","slug":"wild-kuepfer-gewinnt-prix-svc-ostschweiz-2022","status":"publish","type":"post","link":"https:\/\/www.organisator.ch\/fr\/management\/2022-03-11\/wild-kuepfer-gewinnt-prix-svc-ostschweiz-2022\/","title":{"rendered":"Wild &amp; K\u00fcpfer remporte le Prix SVC Ostschweiz 2022"},"content":{"rendered":"<figure id=\"attachment_12100\" aria-describedby=\"caption-attachment-12100\" style=\"width: 680px\" class=\"wp-caption alignnone\"><img loading=\"lazy\" decoding=\"async\" class=\"size-full wp-image-12100\" src=\"https:\/\/www.organisator.ch\/wp-content\/uploads\/2022\/03\/Wild-Kuepfer-gewinnt-Prix-SVC-Ostschweiz-2022-1_Organisator.jpg\" alt=\"\" width=\"680\" height=\"428\" srcset=\"https:\/\/www.organisator.ch\/wp-content\/uploads\/2022\/03\/Wild-Kuepfer-gewinnt-Prix-SVC-Ostschweiz-2022-1_Organisator.jpg 680w, https:\/\/www.organisator.ch\/wp-content\/uploads\/2022\/03\/Wild-Kuepfer-gewinnt-Prix-SVC-Ostschweiz-2022-1_Organisator-18x12.jpg 18w, https:\/\/www.organisator.ch\/wp-content\/uploads\/2022\/03\/Wild-Kuepfer-gewinnt-Prix-SVC-Ostschweiz-2022-1_Organisator-278x175.jpg 278w, https:\/\/www.organisator.ch\/wp-content\/uploads\/2022\/03\/Wild-Kuepfer-gewinnt-Prix-SVC-Ostschweiz-2022-1_Organisator-556x350.jpg 556w, https:\/\/www.organisator.ch\/wp-content\/uploads\/2022\/03\/Wild-Kuepfer-gewinnt-Prix-SVC-Ostschweiz-2022-1_Organisator-300x189.jpg 300w\" sizes=\"auto, (max-width: 680px) 100vw, 680px\" \/><figcaption id=\"caption-attachment-12100\" class=\"wp-caption-text\">Tobias Wild de Wild &amp; K\u00fcpfer AG avec le troph\u00e9e du vainqueur. (Photo : Thomas Berner)<\/figcaption><\/figure>\n<p>Le 10 mars 2022, le Prix SVC Ostschweiz a \u00e9t\u00e9 d\u00e9cern\u00e9 \u00e0 Saint-Gall devant quelque 900 invit\u00e9s. Il s'agissait d'un jubil\u00e9, puisque la remise des prix avait lieu pour la dixi\u00e8me fois. Le pr\u00e9sident du comit\u00e9 d'organisation, Christoph Zeller, pouvait lire la joie et la d\u00e9tente sur son visage : l'\u00e9v\u00e9nement a pu se d\u00e9rouler en grande partie sans restrictions dues \u00e0 la pand\u00e9mie. \"Il n'a pas \u00e9t\u00e9 facile d'avoir toujours un plan B ou un plan C pr\u00eat\", a d\u00e9clar\u00e9 Zeller dans son discours d'ouverture.<\/p>\n<h2><strong>Processus de jury \u00e0 plusieurs niveaux<\/strong><\/h2>\n<p>Les six entreprises finalistes pr\u00e9sent\u00e9es lors de la manifestation, \u00e0 savoir Appenzeller Alpenbitter AG, Ifolor AG, H\u00f6gg Gruppe, La Conditoria, Mosmatic AG et Wild &amp; K\u00fcpfer AG, ont \u00e9t\u00e9 s\u00e9lectionn\u00e9es au pr\u00e9alable dans le cadre d'un processus de jury en plusieurs \u00e9tapes \u00e0 partir d'une longue liste de plus de 200 entreprises au d\u00e9part. Le jury, compos\u00e9 de 13 experts, a rendu visite aux candidats lors d'un voyage du jury afin de se faire une id\u00e9e diff\u00e9renci\u00e9e de ces derniers sur place. Le vainqueur a ensuite \u00e9t\u00e9 d\u00e9sign\u00e9 parmi tous les nomin\u00e9s selon des crit\u00e8res clairement d\u00e9finis. Dans l'ensemble, les six entreprises ont donn\u00e9 une impression diversifi\u00e9e de la r\u00e9gion \u00e9conomique de la Suisse orientale, qui s'\u00e9tend du lac de Constance aux Grisons.<\/p>\n<figure id=\"attachment_12101\" aria-describedby=\"caption-attachment-12101\" style=\"width: 680px\" class=\"wp-caption alignnone\"><img loading=\"lazy\" decoding=\"async\" class=\"size-medium wp-image-12101\" src=\"https:\/\/www.organisator.ch\/wp-content\/uploads\/2022\/03\/Wild-Kuepfer-gewinnt-Prix-SVC-Ostschweiz-2022-2_Organisator-680x490.jpg\" alt=\"\" width=\"680\" height=\"490\" srcset=\"https:\/\/www.organisator.ch\/wp-content\/uploads\/2022\/03\/Wild-Kuepfer-gewinnt-Prix-SVC-Ostschweiz-2022-2_Organisator-680x490.jpg 680w, https:\/\/www.organisator.ch\/wp-content\/uploads\/2022\/03\/Wild-Kuepfer-gewinnt-Prix-SVC-Ostschweiz-2022-2_Organisator-1024x738.jpg 1024w, https:\/\/www.organisator.ch\/wp-content\/uploads\/2022\/03\/Wild-Kuepfer-gewinnt-Prix-SVC-Ostschweiz-2022-2_Organisator-768x554.jpg 768w, https:\/\/www.organisator.ch\/wp-content\/uploads\/2022\/03\/Wild-Kuepfer-gewinnt-Prix-SVC-Ostschweiz-2022-2_Organisator-1536x1108.jpg 1536w, https:\/\/www.organisator.ch\/wp-content\/uploads\/2022\/03\/Wild-Kuepfer-gewinnt-Prix-SVC-Ostschweiz-2022-2_Organisator-18x12.jpg 18w, https:\/\/www.organisator.ch\/wp-content\/uploads\/2022\/03\/Wild-Kuepfer-gewinnt-Prix-SVC-Ostschweiz-2022-2_Organisator-243x175.jpg 243w, https:\/\/www.organisator.ch\/wp-content\/uploads\/2022\/03\/Wild-Kuepfer-gewinnt-Prix-SVC-Ostschweiz-2022-2_Organisator-485x350.jpg 485w, https:\/\/www.organisator.ch\/wp-content\/uploads\/2022\/03\/Wild-Kuepfer-gewinnt-Prix-SVC-Ostschweiz-2022-2_Organisator-1109x800.jpg 1109w, https:\/\/www.organisator.ch\/wp-content\/uploads\/2022\/03\/Wild-Kuepfer-gewinnt-Prix-SVC-Ostschweiz-2022-2_Organisator-920x663.jpg 920w, https:\/\/www.organisator.ch\/wp-content\/uploads\/2022\/03\/Wild-Kuepfer-gewinnt-Prix-SVC-Ostschweiz-2022-2_Organisator-1400x1009.jpg 1400w, https:\/\/www.organisator.ch\/wp-content\/uploads\/2022\/03\/Wild-Kuepfer-gewinnt-Prix-SVC-Ostschweiz-2022-2_Organisator-300x216.jpg 300w, https:\/\/www.organisator.ch\/wp-content\/uploads\/2022\/03\/Wild-Kuepfer-gewinnt-Prix-SVC-Ostschweiz-2022-2_Organisator.jpg 1943w\" sizes=\"auto, (max-width: 680px) 100vw, 680px\" \/><figcaption id=\"caption-attachment-12101\" class=\"wp-caption-text\">Le pr\u00e9sident du jury Andrea Fanzun (au centre) lisant la laudatio, flanqu\u00e9 de Patrick Rieben (Mosmatic AG, \u00e0 gauche) et Tobias Wild. (Photo : Thomas Berner)<\/figcaption><\/figure>\n<h2><strong>Wild &amp; K\u00fcpfer : Tout a commenc\u00e9 dans une porcherie<\/strong><\/h2>\n<p>C'est la soci\u00e9t\u00e9 Wild &amp; K\u00fcpfer AG, repr\u00e9sent\u00e9e par son CEO Tobias Wild, qui a finalement remport\u00e9 le concours final. \"Le management est aussi comp\u00e9tent et qualifi\u00e9 que les sp\u00e9cialistes du plastique\", a d\u00e9clar\u00e9 le pr\u00e9sident du jury Andrea Fanzun dans sa laudatio en louant le concept de r\u00e9ussite de Wild &amp; K\u00fcpfer AG. Le leader technologique du march\u00e9 de l'injection plastique en Suisse et en Europe est une PME familiale dirig\u00e9e par la deuxi\u00e8me g\u00e9n\u00e9ration, qui emploie environ 200 personnes. Malgr\u00e9 son caract\u00e8re international, l'entreprise n'a pas oubli\u00e9 ses racines en Suisse orientale, comme le constate le pr\u00e9sident du jury : \"Malgr\u00e9 son orientation internationale, l'entreprise, dont l'histoire a commenc\u00e9 dans une porcherie, est aussi fortement ancr\u00e9e localement. Ici, les valeurs ne font pas seulement partie de la brochure d'image, elles sont v\u00e9cues de mani\u00e8re exemplaire\".<\/p>\n<h2><strong>Du \"Krachen le plus recul\u00e9\" vers le vaste monde<\/strong><\/h2>\n<p>La deuxi\u00e8me place est revenue \u00e0 Mosmatic AG de Necker, qui a su convaincre le jury par sa strat\u00e9gie de croissance convaincante, son engagement clair en faveur d'un site d'innovation et de production en Suisse et un programme de formation exceptionnel. Son statut de num\u00e9ro un incontest\u00e9 des joints tournants - 97 pour cent des produits sont export\u00e9s -, elle l'a acquis de haute lutte : Dans toutes les stations de lavage du monde, on trouve toujours une pi\u00e8ce Mosmatic. La troisi\u00e8me place est revenue \u00e0 l'entreprise traditionnelle Appenzeller Alpenbitter AG, dont la success story dure depuis plus de 120 ans et est toujours entre les mains de la famille. Et la recette de l'eau-de-vie aux herbes, qui \u00e9tait autrefois d\u00e9j\u00e0 prescrite comme m\u00e9dicament, est rest\u00e9e secr\u00e8te jusqu'\u00e0 aujourd'hui.<\/p>\n<h2><strong>Les rangs des dipl\u00f4mes du Prix SVC Ostschweiz 2022<\/strong><\/h2>\n<p>Les autres laur\u00e9ats du Prix SVC Ostschweiz 2022 \u00e9taient le groupe H\u00f6gg de Lichtensteig (fabricant de syst\u00e8mes d'ascenseurs), Ifolor AG de Kreuzlingen (leader du march\u00e9 des produits photo personnalis\u00e9s) et La Conditoria Sedrun-Switzerland (fabricant de ce qui est probablement le plus petit g\u00e2teau aux noix des Grisons au monde). Toutes les entreprises ont re\u00e7u de pr\u00e9cieux prix offerts par les sponsors principaux. Ce qui restera \u00e9galement, c'est l'effet durable de ce Prix de l'Entreprise, comme l'a mentionn\u00e9 Thomas K\u00f6berl, qui a eu le plaisir de remporter le premier Prix SVC Ostschweiz en 2004 avec Abacus. Andreas W\u00e4lti, laur\u00e9at du Prix SVC Ostschweiz 2020, a lui aussi soulign\u00e9 que les PME qui ne sont habituellement pas tr\u00e8s visibles peuvent ainsi accro\u00eetre leur degr\u00e9 de notori\u00e9t\u00e9. La date de la prochaine remise de prix est d\u00e9j\u00e0 fix\u00e9e : elle aura lieu le mercredi 7 mars 2024.<\/p>\n<p><em>Plus d'informations : <a href=\"http:\/\/www.svc.swiss\">Club suisse des entrepreneurs<\/a><\/em><\/p>","protected":false},"excerpt":{"rendered":"<p>Vor rund 900 G\u00e4sten wurde am 10. M\u00e4rz 2022 in St.Gallen der Prix SVC Ostschweiz vergeben. Es war ein Jubil\u00e4um, denn die Preisverleihung fand zum zehnten Mal statt. OK-Pr\u00e4sident Christoph Zeller war die Freude und Entspannung anzusehen, konnte der Anlass weitgehend ohne pandemie-bedingte Einschr\u00e4nkungen durchgef\u00fchrt werden. \u00abEs war nicht einfach, immer wieder einen Plan B [&hellip;]<\/p>\n","protected":false},"author":4,"featured_media":12100,"comment_status":"closed","ping_status":"closed","sticky":false,"template":"","format":"standard","meta":{"_acf_changed":false,"_yoast_wpseo_focuskw":"Wild & K\u00fcpfer","_yoast_wpseo_metadesc":"Die Wild & K\u00fcpfer AG gewinnt den Prix SVC Ostschweiz 2022. Die Pl\u00e4tze zwei und drei belegen Mosmatic AG und Appenzeller Alpenbitter AG.","articlekey":"","footnotes":""},"categories":[28],"tags":[66,335,390,492],"class_list":["post-12099","post","type-post","status-publish","format-standard","has-post-thumbnail","hentry","category-management","tag-awards","tag-management-und-unternehmensfuehrung","tag-prix-svc","tag-unternehmen"],"acf":[],"yoast_head":"<!-- This site is optimized with the Yoast SEO plugin v27.5 - https:\/\/yoast.com\/product\/yoast-seo-wordpress\/ -->\n<title>Wild &amp; K\u00fcpfer gewinnt Prix SVC Ostschweiz 2022 - Organisator<\/title>\n<meta name=\"description\" content=\"Die Wild &amp; K\u00fcpfer AG gewinnt den Prix SVC Ostschweiz 2022. Die Pl\u00e4tze zwei und drei belegen Mosmatic AG und Appenzeller Alpenbitter AG.\" \/>\n<meta name=\"robots\" content=\"index, follow, max-snippet:-1, max-image-preview:large, max-video-preview:-1\" \/>\n<link rel=\"canonical\" href=\"https:\/\/www.organisator.ch\/fr\/gestion-2\/2022-03-11\/wild-kuepfer-gewinnt-prix-svc-ostschweiz-2022\/\" \/>\n<meta property=\"og:locale\" content=\"fr_FR\" \/>\n<meta property=\"og:type\" content=\"article\" \/>\n<meta property=\"og:title\" content=\"Wild &amp; K\u00fcpfer gewinnt Prix SVC Ostschweiz 2022\" \/>\n<meta property=\"og:description\" content=\"Die Wild &amp; K\u00fcpfer AG gewinnt den Prix SVC Ostschweiz 2022. Die Pl\u00e4tze zwei und drei belegen Mosmatic AG und Appenzeller Alpenbitter AG.\" \/>\n<meta property=\"og:url\" content=\"https:\/\/www.organisator.ch\/fr\/gestion-2\/2022-03-11\/wild-kuepfer-gewinnt-prix-svc-ostschweiz-2022\/\" \/>\n<meta property=\"og:site_name\" content=\"Organisator\" \/>\n<meta property=\"article:publisher\" content=\"https:\/\/www.facebook.com\/OrganisatorFachmagazin\" \/>\n<meta property=\"article:published_time\" content=\"2022-03-11T08:37:27+00:00\" \/>\n<meta property=\"article:modified_time\" content=\"2022-03-17T08:27:33+00:00\" \/>\n<meta property=\"og:image\" content=\"https:\/\/www.organisator.ch\/wp-content\/uploads\/2022\/03\/Wild-Kuepfer-gewinnt-Prix-SVC-Ostschweiz-2022-1_Organisator.jpg\" \/>\n\t<meta property=\"og:image:width\" content=\"680\" \/>\n\t<meta property=\"og:image:height\" content=\"428\" \/>\n\t<meta property=\"og:image:type\" content=\"image\/jpeg\" \/>\n<meta name=\"author\" content=\"thomas.berner\" \/>\n<meta name=\"twitter:card\" content=\"summary_large_image\" \/>\n<meta name=\"twitter:title\" content=\"#Wild &amp; #K\u00fcpfer gewinnt Prix #SVC Ostschweiz 2022\" \/>\n<meta name=\"twitter:description\" content=\"Die #Wild&amp;K\u00fcpfer AG gewinnt den Prix #SVC Ostschweiz 2022. Die Pl\u00e4tze zwei und drei belegen #Mosmatic AG und Appenzeller #Alpenbitter AG.\" \/>\n<meta name=\"twitter:image\" content=\"https:\/\/www.organisator.ch\/wp-content\/uploads\/2022\/03\/Wild-Kuepfer-gewinnt-Prix-SVC-Ostschweiz-2022-1_Organisator.jpg\" \/>\n<script type=\"application\/ld+json\" class=\"yoast-schema-graph\">{\"@context\":\"https:\\\/\\\/schema.org\",\"@graph\":[{\"@type\":\"Article\",\"@id\":\"https:\\\/\\\/www.organisator.ch\\\/management\\\/2022-03-11\\\/wild-kuepfer-gewinnt-prix-svc-ostschweiz-2022\\\/#article\",\"isPartOf\":{\"@id\":\"https:\\\/\\\/www.organisator.ch\\\/management\\\/2022-03-11\\\/wild-kuepfer-gewinnt-prix-svc-ostschweiz-2022\\\/\"},\"author\":{\"name\":\"thomas.berner\",\"@id\":\"https:\\\/\\\/www.organisator.ch\\\/#\\\/schema\\\/person\\\/6f650f90b2842cd4c0cc334b4e36f67e\"},\"headline\":\"Wild &#038; K\u00fcpfer gewinnt Prix SVC Ostschweiz 2022\",\"datePublished\":\"2022-03-11T08:37:27+00:00\",\"dateModified\":\"2022-03-17T08:27:33+00:00\",\"mainEntityOfPage\":{\"@id\":\"https:\\\/\\\/www.organisator.ch\\\/management\\\/2022-03-11\\\/wild-kuepfer-gewinnt-prix-svc-ostschweiz-2022\\\/\"},\"wordCount\":612,\"publisher\":{\"@id\":\"https:\\\/\\\/www.organisator.ch\\\/#organization\"},\"image\":{\"@id\":\"https:\\\/\\\/www.organisator.ch\\\/management\\\/2022-03-11\\\/wild-kuepfer-gewinnt-prix-svc-ostschweiz-2022\\\/#primaryimage\"},\"thumbnailUrl\":\"https:\\\/\\\/www.organisator.ch\\\/wp-content\\\/uploads\\\/2022\\\/03\\\/Wild-Kuepfer-gewinnt-Prix-SVC-Ostschweiz-2022-1_Organisator.jpg\",\"keywords\":[\"Awards\",\"Management und Unternehmensf\u00fchrung\",\"Prix SVC\",\"Unternehmen\"],\"articleSection\":[\"MANAGEMENT\"],\"inLanguage\":\"fr-FR\"},{\"@type\":\"WebPage\",\"@id\":\"https:\\\/\\\/www.organisator.ch\\\/management\\\/2022-03-11\\\/wild-kuepfer-gewinnt-prix-svc-ostschweiz-2022\\\/\",\"url\":\"https:\\\/\\\/www.organisator.ch\\\/management\\\/2022-03-11\\\/wild-kuepfer-gewinnt-prix-svc-ostschweiz-2022\\\/\",\"name\":\"Wild & K\u00fcpfer gewinnt Prix SVC Ostschweiz 2022 - Organisator\",\"isPartOf\":{\"@id\":\"https:\\\/\\\/www.organisator.ch\\\/#website\"},\"primaryImageOfPage\":{\"@id\":\"https:\\\/\\\/www.organisator.ch\\\/management\\\/2022-03-11\\\/wild-kuepfer-gewinnt-prix-svc-ostschweiz-2022\\\/#primaryimage\"},\"image\":{\"@id\":\"https:\\\/\\\/www.organisator.ch\\\/management\\\/2022-03-11\\\/wild-kuepfer-gewinnt-prix-svc-ostschweiz-2022\\\/#primaryimage\"},\"thumbnailUrl\":\"https:\\\/\\\/www.organisator.ch\\\/wp-content\\\/uploads\\\/2022\\\/03\\\/Wild-Kuepfer-gewinnt-Prix-SVC-Ostschweiz-2022-1_Organisator.jpg\",\"datePublished\":\"2022-03-11T08:37:27+00:00\",\"dateModified\":\"2022-03-17T08:27:33+00:00\",\"description\":\"Die Wild & K\u00fcpfer AG gewinnt den Prix SVC Ostschweiz 2022. Die Pl\u00e4tze zwei und drei belegen Mosmatic AG und Appenzeller Alpenbitter AG.\",\"breadcrumb\":{\"@id\":\"https:\\\/\\\/www.organisator.ch\\\/management\\\/2022-03-11\\\/wild-kuepfer-gewinnt-prix-svc-ostschweiz-2022\\\/#breadcrumb\"},\"inLanguage\":\"fr-FR\",\"potentialAction\":[{\"@type\":\"ReadAction\",\"target\":[\"https:\\\/\\\/www.organisator.ch\\\/management\\\/2022-03-11\\\/wild-kuepfer-gewinnt-prix-svc-ostschweiz-2022\\\/\"]}]},{\"@type\":\"ImageObject\",\"inLanguage\":\"fr-FR\",\"@id\":\"https:\\\/\\\/www.organisator.ch\\\/management\\\/2022-03-11\\\/wild-kuepfer-gewinnt-prix-svc-ostschweiz-2022\\\/#primaryimage\",\"url\":\"https:\\\/\\\/www.organisator.ch\\\/wp-content\\\/uploads\\\/2022\\\/03\\\/Wild-Kuepfer-gewinnt-Prix-SVC-Ostschweiz-2022-1_Organisator.jpg\",\"contentUrl\":\"https:\\\/\\\/www.organisator.ch\\\/wp-content\\\/uploads\\\/2022\\\/03\\\/Wild-Kuepfer-gewinnt-Prix-SVC-Ostschweiz-2022-1_Organisator.jpg\",\"width\":680,\"height\":428,\"caption\":\"Tobias Wild von Wild & K\u00fcpfer AG mit der Siegertroph\u00e4e. (Bild: Thomas Berner)\"},{\"@type\":\"BreadcrumbList\",\"@id\":\"https:\\\/\\\/www.organisator.ch\\\/management\\\/2022-03-11\\\/wild-kuepfer-gewinnt-prix-svc-ostschweiz-2022\\\/#breadcrumb\",\"itemListElement\":[{\"@type\":\"ListItem\",\"position\":1,\"name\":\"Home\",\"item\":\"https:\\\/\\\/www.organisator.ch\\\/\"},{\"@type\":\"ListItem\",\"position\":2,\"name\":\"Wild &#038; K\u00fcpfer gewinnt Prix SVC Ostschweiz 2022\"}]},{\"@type\":\"WebSite\",\"@id\":\"https:\\\/\\\/www.organisator.ch\\\/#website\",\"url\":\"https:\\\/\\\/www.organisator.ch\\\/\",\"name\":\"Organisator\",\"description\":\"Kompetent. Praxisnah. Der ORGANISATOR bereitet in 10 Ausgaben pro Jahr die wesentlichen Themen f\u00fcr F\u00fchrungskr\u00e4fte von KMU auf.\",\"publisher\":{\"@id\":\"https:\\\/\\\/www.organisator.ch\\\/#organization\"},\"potentialAction\":[{\"@type\":\"SearchAction\",\"target\":{\"@type\":\"EntryPoint\",\"urlTemplate\":\"https:\\\/\\\/www.organisator.ch\\\/?s={search_term_string}\"},\"query-input\":{\"@type\":\"PropertyValueSpecification\",\"valueRequired\":true,\"valueName\":\"search_term_string\"}}],\"inLanguage\":\"fr-FR\"},{\"@type\":\"Organization\",\"@id\":\"https:\\\/\\\/www.organisator.ch\\\/#organization\",\"name\":\"Organisator\",\"url\":\"https:\\\/\\\/www.organisator.ch\\\/\",\"logo\":{\"@type\":\"ImageObject\",\"inLanguage\":\"fr-FR\",\"@id\":\"https:\\\/\\\/www.organisator.ch\\\/#\\\/schema\\\/logo\\\/image\\\/\",\"url\":\"https:\\\/\\\/www.organisator.ch\\\/wp-content\\\/uploads\\\/2022\\\/01\\\/Logo_Organisator_Website.png\",\"contentUrl\":\"https:\\\/\\\/www.organisator.ch\\\/wp-content\\\/uploads\\\/2022\\\/01\\\/Logo_Organisator_Website.png\",\"width\":800,\"height\":77,\"caption\":\"Organisator\"},\"image\":{\"@id\":\"https:\\\/\\\/www.organisator.ch\\\/#\\\/schema\\\/logo\\\/image\\\/\"},\"sameAs\":[\"https:\\\/\\\/www.facebook.com\\\/OrganisatorFachmagazin\",\"https:\\\/\\\/www.linkedin.com\\\/showcase\\\/organisator-das-magazin-fr-kmu\",\"https:\\\/\\\/www.xing.com\\\/news\\\/pages\\\/organisator-ch-695\",\"https:\\\/\\\/www.youtube.com\\\/channel\\\/UCGP2Sq0iWaZwT3BdIAQFYpw\"]},{\"@type\":\"Person\",\"@id\":\"https:\\\/\\\/www.organisator.ch\\\/#\\\/schema\\\/person\\\/6f650f90b2842cd4c0cc334b4e36f67e\",\"name\":\"thomas.berner\",\"image\":{\"@type\":\"ImageObject\",\"inLanguage\":\"fr-FR\",\"@id\":\"https:\\\/\\\/secure.gravatar.com\\\/avatar\\\/ac5001d2a36cb6c6cd3e50789007ffca834b477b74a2144564522e944eabff61?s=96&d=mm&r=g\",\"url\":\"https:\\\/\\\/secure.gravatar.com\\\/avatar\\\/ac5001d2a36cb6c6cd3e50789007ffca834b477b74a2144564522e944eabff61?s=96&d=mm&r=g\",\"contentUrl\":\"https:\\\/\\\/secure.gravatar.com\\\/avatar\\\/ac5001d2a36cb6c6cd3e50789007ffca834b477b74a2144564522e944eabff61?s=96&d=mm&r=g\",\"caption\":\"thomas.berner\"},\"url\":\"https:\\\/\\\/www.organisator.ch\\\/fr\\\/author\\\/thomas-berner\\\/\"}]}<\/script>\n<!-- \/ Yoast SEO plugin. -->","yoast_head_json":{"title":"Wild &amp; K\u00fcpfer remporte le Prix SVC Ostschweiz 2022 - Organisateur","description":"Wild &amp; K\u00fcpfer AG remporte le Prix SVC Ostschweiz 2022. Mosmatic AG et Appenzeller Alpenbitter AG occupent les deuxi\u00e8me et troisi\u00e8me places.","robots":{"index":"index","follow":"follow","max-snippet":"max-snippet:-1","max-image-preview":"max-image-preview:large","max-video-preview":"max-video-preview:-1"},"canonical":"https:\/\/www.organisator.ch\/fr\/gestion-2\/2022-03-11\/wild-kuepfer-gewinnt-prix-svc-ostschweiz-2022\/","og_locale":"fr_FR","og_type":"article","og_title":"Wild & K\u00fcpfer gewinnt Prix SVC Ostschweiz 2022","og_description":"Die Wild & K\u00fcpfer AG gewinnt den Prix SVC Ostschweiz 2022. Die Pl\u00e4tze zwei und drei belegen Mosmatic AG und Appenzeller Alpenbitter AG.","og_url":"https:\/\/www.organisator.ch\/fr\/gestion-2\/2022-03-11\/wild-kuepfer-gewinnt-prix-svc-ostschweiz-2022\/","og_site_name":"Organisator","article_publisher":"https:\/\/www.facebook.com\/OrganisatorFachmagazin","article_published_time":"2022-03-11T08:37:27+00:00","article_modified_time":"2022-03-17T08:27:33+00:00","og_image":[{"width":680,"height":428,"url":"https:\/\/www.organisator.ch\/wp-content\/uploads\/2022\/03\/Wild-Kuepfer-gewinnt-Prix-SVC-Ostschweiz-2022-1_Organisator.jpg","type":"image\/jpeg"}],"author":"thomas.berner","twitter_card":"summary_large_image","twitter_title":"#Wild & #K\u00fcpfer gewinnt Prix #SVC Ostschweiz 2022","twitter_description":"Die #Wild&K\u00fcpfer AG gewinnt den Prix #SVC Ostschweiz 2022. Die Pl\u00e4tze zwei und drei belegen #Mosmatic AG und Appenzeller #Alpenbitter AG.","twitter_image":"https:\/\/www.organisator.ch\/wp-content\/uploads\/2022\/03\/Wild-Kuepfer-gewinnt-Prix-SVC-Ostschweiz-2022-1_Organisator.jpg","schema":{"@context":"https:\/\/schema.org","@graph":[{"@type":"Article","@id":"https:\/\/www.organisator.ch\/management\/2022-03-11\/wild-kuepfer-gewinnt-prix-svc-ostschweiz-2022\/#article","isPartOf":{"@id":"https:\/\/www.organisator.ch\/management\/2022-03-11\/wild-kuepfer-gewinnt-prix-svc-ostschweiz-2022\/"},"author":{"name":"thomas.berner","@id":"https:\/\/www.organisator.ch\/#\/schema\/person\/6f650f90b2842cd4c0cc334b4e36f67e"},"headline":"Wild &#038; K\u00fcpfer gewinnt Prix SVC Ostschweiz 2022","datePublished":"2022-03-11T08:37:27+00:00","dateModified":"2022-03-17T08:27:33+00:00","mainEntityOfPage":{"@id":"https:\/\/www.organisator.ch\/management\/2022-03-11\/wild-kuepfer-gewinnt-prix-svc-ostschweiz-2022\/"},"wordCount":612,"publisher":{"@id":"https:\/\/www.organisator.ch\/#organization"},"image":{"@id":"https:\/\/www.organisator.ch\/management\/2022-03-11\/wild-kuepfer-gewinnt-prix-svc-ostschweiz-2022\/#primaryimage"},"thumbnailUrl":"https:\/\/www.organisator.ch\/wp-content\/uploads\/2022\/03\/Wild-Kuepfer-gewinnt-Prix-SVC-Ostschweiz-2022-1_Organisator.jpg","keywords":["Awards","Management und Unternehmensf\u00fchrung","Prix SVC","Unternehmen"],"articleSection":["MANAGEMENT"],"inLanguage":"fr-FR"},{"@type":"WebPage","@id":"https:\/\/www.organisator.ch\/management\/2022-03-11\/wild-kuepfer-gewinnt-prix-svc-ostschweiz-2022\/","url":"https:\/\/www.organisator.ch\/management\/2022-03-11\/wild-kuepfer-gewinnt-prix-svc-ostschweiz-2022\/","name":"Wild &amp; K\u00fcpfer remporte le Prix SVC Ostschweiz 2022 - Organisateur","isPartOf":{"@id":"https:\/\/www.organisator.ch\/#website"},"primaryImageOfPage":{"@id":"https:\/\/www.organisator.ch\/management\/2022-03-11\/wild-kuepfer-gewinnt-prix-svc-ostschweiz-2022\/#primaryimage"},"image":{"@id":"https:\/\/www.organisator.ch\/management\/2022-03-11\/wild-kuepfer-gewinnt-prix-svc-ostschweiz-2022\/#primaryimage"},"thumbnailUrl":"https:\/\/www.organisator.ch\/wp-content\/uploads\/2022\/03\/Wild-Kuepfer-gewinnt-Prix-SVC-Ostschweiz-2022-1_Organisator.jpg","datePublished":"2022-03-11T08:37:27+00:00","dateModified":"2022-03-17T08:27:33+00:00","description":"Wild &amp; K\u00fcpfer AG remporte le Prix SVC Ostschweiz 2022. Mosmatic AG et Appenzeller Alpenbitter AG occupent les deuxi\u00e8me et troisi\u00e8me places.","breadcrumb":{"@id":"https:\/\/www.organisator.ch\/management\/2022-03-11\/wild-kuepfer-gewinnt-prix-svc-ostschweiz-2022\/#breadcrumb"},"inLanguage":"fr-FR","potentialAction":[{"@type":"ReadAction","target":["https:\/\/www.organisator.ch\/management\/2022-03-11\/wild-kuepfer-gewinnt-prix-svc-ostschweiz-2022\/"]}]},{"@type":"ImageObject","inLanguage":"fr-FR","@id":"https:\/\/www.organisator.ch\/management\/2022-03-11\/wild-kuepfer-gewinnt-prix-svc-ostschweiz-2022\/#primaryimage","url":"https:\/\/www.organisator.ch\/wp-content\/uploads\/2022\/03\/Wild-Kuepfer-gewinnt-Prix-SVC-Ostschweiz-2022-1_Organisator.jpg","contentUrl":"https:\/\/www.organisator.ch\/wp-content\/uploads\/2022\/03\/Wild-Kuepfer-gewinnt-Prix-SVC-Ostschweiz-2022-1_Organisator.jpg","width":680,"height":428,"caption":"Tobias Wild von Wild & K\u00fcpfer AG mit der Siegertroph\u00e4e. (Bild: Thomas Berner)"},{"@type":"BreadcrumbList","@id":"https:\/\/www.organisator.ch\/management\/2022-03-11\/wild-kuepfer-gewinnt-prix-svc-ostschweiz-2022\/#breadcrumb","itemListElement":[{"@type":"ListItem","position":1,"name":"Home","item":"https:\/\/www.organisator.ch\/"},{"@type":"ListItem","position":2,"name":"Wild &#038; K\u00fcpfer gewinnt Prix SVC Ostschweiz 2022"}]},{"@type":"WebSite","@id":"https:\/\/www.organisator.ch\/#website","url":"https:\/\/www.organisator.ch\/","name":"Organisateur","description":"Comp\u00e9tence et comp\u00e9tence. Proches de la pratique. L'ORGANISATEUR pr\u00e9pare 10 num\u00e9ros par an sur les th\u00e8mes essentiels pour les dirigeants de PME.","publisher":{"@id":"https:\/\/www.organisator.ch\/#organization"},"potentialAction":[{"@type":"SearchAction","target":{"@type":"EntryPoint","urlTemplate":"https:\/\/www.organisator.ch\/?s={search_term_string}"},"query-input":{"@type":"PropertyValueSpecification","valueRequired":true,"valueName":"search_term_string"}}],"inLanguage":"fr-FR"},{"@type":"Organization","@id":"https:\/\/www.organisator.ch\/#organization","name":"Organisateur","url":"https:\/\/www.organisator.ch\/","logo":{"@type":"ImageObject","inLanguage":"fr-FR","@id":"https:\/\/www.organisator.ch\/#\/schema\/logo\/image\/","url":"https:\/\/www.organisator.ch\/wp-content\/uploads\/2022\/01\/Logo_Organisator_Website.png","contentUrl":"https:\/\/www.organisator.ch\/wp-content\/uploads\/2022\/01\/Logo_Organisator_Website.png","width":800,"height":77,"caption":"Organisator"},"image":{"@id":"https:\/\/www.organisator.ch\/#\/schema\/logo\/image\/"},"sameAs":["https:\/\/www.facebook.com\/OrganisatorFachmagazin","https:\/\/www.linkedin.com\/showcase\/organisator-das-magazin-fr-kmu","https:\/\/www.xing.com\/news\/pages\/organisator-ch-695","https:\/\/www.youtube.com\/channel\/UCGP2Sq0iWaZwT3BdIAQFYpw"]},{"@type":"Person","@id":"https:\/\/www.organisator.ch\/#\/schema\/person\/6f650f90b2842cd4c0cc334b4e36f67e","name":"thomas.berner","image":{"@type":"ImageObject","inLanguage":"fr-FR","@id":"https:\/\/secure.gravatar.com\/avatar\/ac5001d2a36cb6c6cd3e50789007ffca834b477b74a2144564522e944eabff61?s=96&d=mm&r=g","url":"https:\/\/secure.gravatar.com\/avatar\/ac5001d2a36cb6c6cd3e50789007ffca834b477b74a2144564522e944eabff61?s=96&d=mm&r=g","contentUrl":"https:\/\/secure.gravatar.com\/avatar\/ac5001d2a36cb6c6cd3e50789007ffca834b477b74a2144564522e944eabff61?s=96&d=mm&r=g","caption":"thomas.berner"},"url":"https:\/\/www.organisator.ch\/fr\/author\/thomas-berner\/"}]}},"_links":{"self":[{"href":"https:\/\/www.organisator.ch\/fr\/wp-json\/wp\/v2\/posts\/12099","targetHints":{"allow":["GET"]}}],"collection":[{"href":"https:\/\/www.organisator.ch\/fr\/wp-json\/wp\/v2\/posts"}],"about":[{"href":"https:\/\/www.organisator.ch\/fr\/wp-json\/wp\/v2\/types\/post"}],"author":[{"embeddable":true,"href":"https:\/\/www.organisator.ch\/fr\/wp-json\/wp\/v2\/users\/4"}],"replies":[{"embeddable":true,"href":"https:\/\/www.organisator.ch\/fr\/wp-json\/wp\/v2\/comments?post=12099"}],"version-history":[{"count":1,"href":"https:\/\/www.organisator.ch\/fr\/wp-json\/wp\/v2\/posts\/12099\/revisions"}],"predecessor-version":[{"id":12102,"href":"https:\/\/www.organisator.ch\/fr\/wp-json\/wp\/v2\/posts\/12099\/revisions\/12102"}],"wp:featuredmedia":[{"embeddable":true,"href":"https:\/\/www.organisator.ch\/fr\/wp-json\/wp\/v2\/media\/12100"}],"wp:attachment":[{"href":"https:\/\/www.organisator.ch\/fr\/wp-json\/wp\/v2\/media?parent=12099"}],"wp:term":[{"taxonomy":"category","embeddable":true,"href":"https:\/\/www.organisator.ch\/fr\/wp-json\/wp\/v2\/categories?post=12099"},{"taxonomy":"post_tag","embeddable":true,"href":"https:\/\/www.organisator.ch\/fr\/wp-json\/wp\/v2\/tags?post=12099"}],"curies":[{"name":"wp","href":"https:\/\/api.w.org\/{rel}","templated":true}]}}