{"id":12120,"date":"2022-03-14T13:42:44","date_gmt":"2022-03-14T12:42:44","guid":{"rendered":"https:\/\/www.organisator.ch\/?p=12120"},"modified":"2022-03-18T10:35:25","modified_gmt":"2022-03-18T09:35:25","slug":"penurie-de-personnel-qualifie-en-suisse-menace-la-force-dinnovation","status":"publish","type":"post","link":"https:\/\/www.organisator.ch\/fr\/management\/2022-03-14\/schweizer-verwaltungsraete-fachkraeftemangel-bedroht-innovationskraft\/","title":{"rendered":"Conseils d'administration suisses : le manque de personnel qualifi\u00e9 menace la capacit\u00e9 d'innovation"},"content":{"rendered":"<figure id=\"attachment_12122\" aria-describedby=\"caption-attachment-12122\" style=\"width: 680px\" class=\"wp-caption alignnone\"><img loading=\"lazy\" decoding=\"async\" class=\"size-full wp-image-12122\" src=\"https:\/\/www.organisator.ch\/wp-content\/uploads\/2022\/03\/Schweizer-Verwaltungsraete-Fachkraeftemangel-bedroht-Innovationskraft_Organisator.jpg\" alt=\"\" width=\"680\" height=\"421\" srcset=\"https:\/\/www.organisator.ch\/wp-content\/uploads\/2022\/03\/Schweizer-Verwaltungsraete-Fachkraeftemangel-bedroht-Innovationskraft_Organisator.jpg 680w, https:\/\/www.organisator.ch\/wp-content\/uploads\/2022\/03\/Schweizer-Verwaltungsraete-Fachkraeftemangel-bedroht-Innovationskraft_Organisator-18x12.jpg 18w, https:\/\/www.organisator.ch\/wp-content\/uploads\/2022\/03\/Schweizer-Verwaltungsraete-Fachkraeftemangel-bedroht-Innovationskraft_Organisator-283x175.jpg 283w, https:\/\/www.organisator.ch\/wp-content\/uploads\/2022\/03\/Schweizer-Verwaltungsraete-Fachkraeftemangel-bedroht-Innovationskraft_Organisator-565x350.jpg 565w, https:\/\/www.organisator.ch\/wp-content\/uploads\/2022\/03\/Schweizer-Verwaltungsraete-Fachkraeftemangel-bedroht-Innovationskraft_Organisator-300x186.jpg 300w\" sizes=\"auto, (max-width: 680px) 100vw, 680px\" \/><figcaption id=\"caption-attachment-12122\" class=\"wp-caption-text\">Innovation : les professionnels qualifi\u00e9s sont tr\u00e8s demand\u00e9s. C'est aussi l'avis des conseils d'administration suisses. (Image : Unsplash.com)<\/figcaption><\/figure>\n<p>Depuis 2017, le swissVR Monitor est publi\u00e9, r\u00e9dig\u00e9 conjointement par SwissVR, la Haute \u00e9cole de Lucerne et l'entreprise d'audit Deloitte. Pour sa onzi\u00e8me \u00e9dition, il se concentre sur le th\u00e8me de l'innovation. C'est sur ce th\u00e8me qu'ont \u00e9t\u00e9 interrog\u00e9s, entre le 1er d\u00e9cembre 2021 et le 10 janvier 2022, des conseils d'administration suisses d'entreprises cot\u00e9es en bourse, mais aussi de PME de tous les secteurs pertinents. Au total, 413 personnes ont particip\u00e9 \u00e0 l'enqu\u00eate.<\/p>\n<p>Pour jouer dans la ligue des champions de l'\u00e9conomie mondiale, il faut \u00eatre innovant, que ce soit au niveau des produits et des services ou des mod\u00e8les d'entreprise et des processus. C'est bien connu. Les entreprises suisses ont d'ailleurs reconnu l'importance de l'innovation, conclut le swissVR Monitor. Il atteste donc que l'\u00e9conomie suisse a la \"volont\u00e9 d'innover\" n\u00e9cessaire.<\/p>\n<h2>La pand\u00e9mie n'a pas \u00e9t\u00e9 un frein \u00e0 l'innovation<\/h2>\n<p>Le swissVR Monitor constate que la pand\u00e9mie a stimul\u00e9 les activit\u00e9s d'innovation : 19 pour cent des entreprises interrog\u00e9es ont donc d\u00e9velopp\u00e9 leurs activit\u00e9s au cours de la crise Corona. 32 pour cent ont en outre r\u00e9orient\u00e9 leur focalisation sur l'innovation et ont par exemple mis en \u0153uvre des projets de num\u00e9risation. Seules 2 % des personnes interrog\u00e9es ont r\u00e9duit leurs activit\u00e9s d'innovation, 7 % les ont tout de m\u00eame gel\u00e9es temporairement. En 2021, comme l'ann\u00e9e pr\u00e9c\u00e9dente, la num\u00e9risation et les th\u00e8mes qui y sont li\u00e9s, tels que la robotique et l'automatisation, ont \u00e9t\u00e9 les principaux sujets abord\u00e9s par les conseils d'administration. Mais cela devrait changer cette ann\u00e9e encore. Comme le montre l'enqu\u00eate, le manque de personnel qualifi\u00e9 est au centre des pr\u00e9occupations. Selon les 413 membres du conseil d'administration interrog\u00e9s, le th\u00e8me des talents donnera le ton au cours des douze prochains mois. C'est pourquoi la majorit\u00e9 souhaite mettre davantage l'accent sur le recrutement de collaborateurs innovants et bien form\u00e9s : 57% des membres du CA voient un potentiel d'am\u00e9lioration dans le recrutement et la formation de personnel qualifi\u00e9.<\/p>\n<h2>Les membres des conseils d'administration suisses sont m\u00e9contents de la politique<\/h2>\n<p>En mati\u00e8re de recrutement, les entreprises sont \u00e9galement fortement d\u00e9pendantes des conditions \u00e9conomiques et politiques. 69 pour cent des conseils d'administration suisses interrog\u00e9s esp\u00e8rent que la politique apportera des solutions pour limiter la p\u00e9nurie de main-d'\u0153uvre qualifi\u00e9e. Si elles n'y parviennent pas, la reprise \u00e9conomique pourrait \u00eatre frein\u00e9e. Les perspectives commerciales sont actuellement jug\u00e9es par les membres des conseils d'administration avec 9 points de pourcentage d'optimisme en moins que lors du dernier sondage il y a six mois (66% contre 75% d'attentes positives).<\/p>\n<p>\"Attirer et conserver des collaborateurs qualifi\u00e9s est la premi\u00e8re priorit\u00e9 des entreprises, car ils sont d\u00e9terminants pour leur capacit\u00e9 d'innovation. Les incitations fiscales ou les subventions publiques peuvent \u00eatre utiles \u00e0 cet \u00e9gard, mais ne constituent pas un levier suffisant pour l'innovation. Pour d\u00e9samorcer la p\u00e9nurie de personnel qualifi\u00e9, les entreprises, la politique et les \u00e9tablissements de formation doivent tirer \u00e0 la m\u00eame corde\", r\u00e9sume Reto Savoia, CEO de Deloitte Suisse.<\/p>\n<h2>Les conseils d'administration doivent stimuler l'innovation<\/h2>\n<p>Des collaborateurs qualifi\u00e9s, une culture d'entreprise ouverte et le soutien de la direction - tels sont, du point de vue du CA, les trois principaux facteurs de r\u00e9ussite de l'innovation. Les moyens financiers sont un probl\u00e8me pour peu d'entre eux. Mais c'est au niveau des processus internes qu'il faut agir : 45% des membres du CA voient dans l'esprit de silo un obstacle majeur au d\u00e9veloppement de nouveaux produits et de services innovants.<\/p>\n<p>Mais le conseil d'administration lui-m\u00eame doit \u00e9galement \u00eatre actif : La comp\u00e9tence en mati\u00e8re d'innovation au sein de l'organe pr\u00e9sente un potentiel d'am\u00e9lioration, tout comme l'\u00e9change avec les d\u00e9partements de d\u00e9veloppement. 30 % des membres du conseil d'administration n'\u00e9changent pas ou peu avec les personnes comp\u00e9tentes au sein de leur entreprise. Pr\u00e8s d'un quart des comit\u00e9s ne dispose pas d'un membre du CA ayant des comp\u00e9tences en mati\u00e8re d'innovation et pour la m\u00eame proportion, ce n'est pas non plus un crit\u00e8re de s\u00e9lection lors de la nomination de nouveaux membres de la direction. \"Il faut davantage de comp\u00e9tences en mati\u00e8re d'innovation dans les conseils d'administration. Le CA doit faire monter \u00e0 bord des membres qualifi\u00e9s en cons\u00e9quence et agir comme un catalyseur pour les projets d'innovation\", explique Christoph Lengwiler, charg\u00e9 de cours \u00e0 l'Institut f\u00fcr Finanzdienstleistungen Zug IFZ de la Haute \u00e9cole de Lucerne.<\/p>\n<h2>La moiti\u00e9 des membres de conseils d'administration suisses estime que la coop\u00e9ration est indispensable \u00e0 l'innovation<\/h2>\n<p>Le swissVR Monitor montre \u00e9galement que la coop\u00e9ration avec des organisations externes est au moins aussi importante que le propre d\u00e9partement de recherche. Une part consid\u00e9rable des personnes interrog\u00e9es mise sur la collaboration avec d'autres entreprises (51%), des hautes \u00e9coles et des instituts de recherche (40%) ainsi que sur des investissements dans des start-ups (18%). Le point de vue externe sur les th\u00e8mes de l'innovation prend de plus en plus d'importance. L'\"open innovation\" a le vent en poupe : 38 pour cent collaborent avec des parties prenantes externes telles que les clients. Les conseillers externes (41%) sont \u00e9galement de plus en plus impliqu\u00e9s dans les processus d'innovation. \"L'avenir de l'innovation r\u00e9side dans la coop\u00e9ration. Les entreprises doivent s'associer \u00e0 d'autres acteurs du monde \u00e9conomique et scientifique. M\u00eame au sein des entreprises, une collaboration entre diff\u00e9rents d\u00e9partements et silos est n\u00e9cessaire, car l'innovation na\u00eet souvent \u00e0 des interfaces. Faire cavalier seul n'est plus possible\", explique Cornelia Ritz Bossicard, pr\u00e9sidente de swissVR.<\/p>\n<p><em>Source et informations compl\u00e9mentaires : <a href=\"http:\/\/www.swissvr.ch\">swissVR<\/a> \/ <a href=\"http:\/\/www.deloitte.com\/ch\/de\/about\">Deloitte SA<\/a> \/ <a href=\"http:\/\/www.hslu.ch\">Haute \u00e9cole de Lucerne<\/a><\/em><\/p>","protected":false},"excerpt":{"rendered":"<p>Seit 2017 erscheint der swissVR Monitor, gemeinsam verfasst von SwissVR, der Hochschule Luzern und dem Wirtschaftspr\u00fcfungsunternehmen Deloitte. In seiner elften Ausgabe geht es um das Fokusthema Innovation. Zu diesem Thema wurden zwischen 1. Dezember 2021 und 10. Januar 2022 Schweizer Verwaltungsr\u00e4te von b\u00f6rsenkotierten Unternehmen aber auch von KMU aus allen relevanten Branchen befragt. Insgesamt nahmen [&hellip;]<\/p>\n","protected":false},"author":4,"featured_media":12122,"comment_status":"closed","ping_status":"closed","sticky":false,"template":"","format":"standard","meta":{"_acf_changed":false,"_yoast_wpseo_focuskw":"Schweizer Verwaltungsr\u00e4te","_yoast_wpseo_metadesc":"Schweizer Verwaltungsr\u00e4te sehen gem\u00e4ss einer Studie im Fachkr\u00e4ftemangel aktuell das gr\u00f6sste Hindernis f\u00fcr den wirtschaftlichen Erfolg.","articlekey":"","footnotes":""},"categories":[28],"tags":[194,274,459,513],"class_list":["post-12120","post","type-post","status-publish","format-standard","has-post-thumbnail","hentry","category-management","tag-fachkraeftemangel","tag-innovation","tag-studie","tag-verwaltungsraete"],"acf":[],"yoast_head":"<!-- This site is optimized with the Yoast SEO plugin v27.5 - https:\/\/yoast.com\/product\/yoast-seo-wordpress\/ -->\n<title>Schweizer Verwaltungsr\u00e4te: Fachkr\u00e4ftemangel bedroht Innovationskraft - Organisator<\/title>\n<meta name=\"description\" content=\"Schweizer Verwaltungsr\u00e4te sehen gem\u00e4ss einer Studie im Fachkr\u00e4ftemangel aktuell das gr\u00f6sste Hindernis f\u00fcr den wirtschaftlichen Erfolg.\" \/>\n<meta name=\"robots\" content=\"index, follow, max-snippet:-1, max-image-preview:large, max-video-preview:-1\" \/>\n<link rel=\"canonical\" href=\"https:\/\/www.organisator.ch\/fr\/gestion-2\/2022-03-14\/penurie-de-personnel-qualifie-en-suisse-menace-la-force-dinnovation\/\" \/>\n<meta property=\"og:locale\" content=\"fr_FR\" \/>\n<meta property=\"og:type\" content=\"article\" \/>\n<meta property=\"og:title\" content=\"Schweizer Verwaltungsr\u00e4te: Fachkr\u00e4ftemangel bedroht Innovationskraft\" \/>\n<meta property=\"og:description\" content=\"Schweizer Verwaltungsr\u00e4te sehen gem\u00e4ss einer Studie im Fachkr\u00e4ftemangel aktuell das gr\u00f6sste Hindernis f\u00fcr den wirtschaftlichen Erfolg.\" \/>\n<meta property=\"og:url\" content=\"https:\/\/www.organisator.ch\/fr\/gestion-2\/2022-03-14\/penurie-de-personnel-qualifie-en-suisse-menace-la-force-dinnovation\/\" \/>\n<meta property=\"og:site_name\" content=\"Organisator\" \/>\n<meta property=\"article:publisher\" content=\"https:\/\/www.facebook.com\/OrganisatorFachmagazin\" \/>\n<meta property=\"article:published_time\" content=\"2022-03-14T12:42:44+00:00\" \/>\n<meta property=\"article:modified_time\" content=\"2022-03-18T09:35:25+00:00\" \/>\n<meta property=\"og:image\" content=\"https:\/\/www.organisator.ch\/wp-content\/uploads\/2022\/03\/Schweizer-Verwaltungsraete-Fachkraeftemangel-bedroht-Innovationskraft_Organisator.jpg\" \/>\n\t<meta property=\"og:image:width\" content=\"680\" \/>\n\t<meta property=\"og:image:height\" content=\"421\" \/>\n\t<meta property=\"og:image:type\" content=\"image\/jpeg\" \/>\n<meta name=\"author\" content=\"thomas.berner\" \/>\n<meta name=\"twitter:card\" content=\"summary_large_image\" \/>\n<meta name=\"twitter:title\" content=\"Schweizer #Verwaltungsr\u00e4te: #Fachkr\u00e4ftemangel bedroht #Innovationskraft\" \/>\n<meta name=\"twitter:description\" content=\"Schweizer #Verwaltungsr\u00e4te sehen gem\u00e4ss einer Studie im #Fachkr\u00e4ftemangel aktuell das gr\u00f6sste Hindernis f\u00fcr den wirtschaftlichen Erfolg.\" \/>\n<meta name=\"twitter:image\" content=\"https:\/\/www.organisator.ch\/wp-content\/uploads\/2022\/03\/Schweizer-Verwaltungsraete-Fachkraeftemangel-bedroht-Innovationskraft_Organisator.jpg\" \/>\n<script type=\"application\/ld+json\" class=\"yoast-schema-graph\">{\"@context\":\"https:\\\/\\\/schema.org\",\"@graph\":[{\"@type\":\"Article\",\"@id\":\"https:\\\/\\\/www.organisator.ch\\\/management\\\/2022-03-14\\\/schweizer-verwaltungsraete-fachkraeftemangel-bedroht-innovationskraft\\\/#article\",\"isPartOf\":{\"@id\":\"https:\\\/\\\/www.organisator.ch\\\/management\\\/2022-03-14\\\/schweizer-verwaltungsraete-fachkraeftemangel-bedroht-innovationskraft\\\/\"},\"author\":{\"name\":\"thomas.berner\",\"@id\":\"https:\\\/\\\/www.organisator.ch\\\/#\\\/schema\\\/person\\\/6f650f90b2842cd4c0cc334b4e36f67e\"},\"headline\":\"Schweizer Verwaltungsr\u00e4te: Fachkr\u00e4ftemangel bedroht Innovationskraft\",\"datePublished\":\"2022-03-14T12:42:44+00:00\",\"dateModified\":\"2022-03-18T09:35:25+00:00\",\"mainEntityOfPage\":{\"@id\":\"https:\\\/\\\/www.organisator.ch\\\/management\\\/2022-03-14\\\/schweizer-verwaltungsraete-fachkraeftemangel-bedroht-innovationskraft\\\/\"},\"wordCount\":770,\"publisher\":{\"@id\":\"https:\\\/\\\/www.organisator.ch\\\/#organization\"},\"image\":{\"@id\":\"https:\\\/\\\/www.organisator.ch\\\/management\\\/2022-03-14\\\/schweizer-verwaltungsraete-fachkraeftemangel-bedroht-innovationskraft\\\/#primaryimage\"},\"thumbnailUrl\":\"https:\\\/\\\/www.organisator.ch\\\/wp-content\\\/uploads\\\/2022\\\/03\\\/Schweizer-Verwaltungsraete-Fachkraeftemangel-bedroht-Innovationskraft_Organisator.jpg\",\"keywords\":[\"Fachkr\u00e4ftemangel\",\"Innovation\",\"Studie\",\"Verwaltungsr\u00e4te\"],\"articleSection\":[\"MANAGEMENT\"],\"inLanguage\":\"fr-FR\"},{\"@type\":\"WebPage\",\"@id\":\"https:\\\/\\\/www.organisator.ch\\\/management\\\/2022-03-14\\\/schweizer-verwaltungsraete-fachkraeftemangel-bedroht-innovationskraft\\\/\",\"url\":\"https:\\\/\\\/www.organisator.ch\\\/management\\\/2022-03-14\\\/schweizer-verwaltungsraete-fachkraeftemangel-bedroht-innovationskraft\\\/\",\"name\":\"Schweizer Verwaltungsr\u00e4te: Fachkr\u00e4ftemangel bedroht Innovationskraft - Organisator\",\"isPartOf\":{\"@id\":\"https:\\\/\\\/www.organisator.ch\\\/#website\"},\"primaryImageOfPage\":{\"@id\":\"https:\\\/\\\/www.organisator.ch\\\/management\\\/2022-03-14\\\/schweizer-verwaltungsraete-fachkraeftemangel-bedroht-innovationskraft\\\/#primaryimage\"},\"image\":{\"@id\":\"https:\\\/\\\/www.organisator.ch\\\/management\\\/2022-03-14\\\/schweizer-verwaltungsraete-fachkraeftemangel-bedroht-innovationskraft\\\/#primaryimage\"},\"thumbnailUrl\":\"https:\\\/\\\/www.organisator.ch\\\/wp-content\\\/uploads\\\/2022\\\/03\\\/Schweizer-Verwaltungsraete-Fachkraeftemangel-bedroht-Innovationskraft_Organisator.jpg\",\"datePublished\":\"2022-03-14T12:42:44+00:00\",\"dateModified\":\"2022-03-18T09:35:25+00:00\",\"description\":\"Schweizer Verwaltungsr\u00e4te sehen gem\u00e4ss einer Studie im Fachkr\u00e4ftemangel aktuell das gr\u00f6sste Hindernis f\u00fcr den wirtschaftlichen Erfolg.\",\"breadcrumb\":{\"@id\":\"https:\\\/\\\/www.organisator.ch\\\/management\\\/2022-03-14\\\/schweizer-verwaltungsraete-fachkraeftemangel-bedroht-innovationskraft\\\/#breadcrumb\"},\"inLanguage\":\"fr-FR\",\"potentialAction\":[{\"@type\":\"ReadAction\",\"target\":[\"https:\\\/\\\/www.organisator.ch\\\/management\\\/2022-03-14\\\/schweizer-verwaltungsraete-fachkraeftemangel-bedroht-innovationskraft\\\/\"]}]},{\"@type\":\"ImageObject\",\"inLanguage\":\"fr-FR\",\"@id\":\"https:\\\/\\\/www.organisator.ch\\\/management\\\/2022-03-14\\\/schweizer-verwaltungsraete-fachkraeftemangel-bedroht-innovationskraft\\\/#primaryimage\",\"url\":\"https:\\\/\\\/www.organisator.ch\\\/wp-content\\\/uploads\\\/2022\\\/03\\\/Schweizer-Verwaltungsraete-Fachkraeftemangel-bedroht-Innovationskraft_Organisator.jpg\",\"contentUrl\":\"https:\\\/\\\/www.organisator.ch\\\/wp-content\\\/uploads\\\/2022\\\/03\\\/Schweizer-Verwaltungsraete-Fachkraeftemangel-bedroht-Innovationskraft_Organisator.jpg\",\"width\":680,\"height\":421,\"caption\":\"Innovation: Qualifizierte Fachkr\u00e4fte sind gefragt. So sehen es auch Schweizer Verwaltungsr\u00e4te. (Bild: Unsplash.com)\"},{\"@type\":\"BreadcrumbList\",\"@id\":\"https:\\\/\\\/www.organisator.ch\\\/management\\\/2022-03-14\\\/schweizer-verwaltungsraete-fachkraeftemangel-bedroht-innovationskraft\\\/#breadcrumb\",\"itemListElement\":[{\"@type\":\"ListItem\",\"position\":1,\"name\":\"Home\",\"item\":\"https:\\\/\\\/www.organisator.ch\\\/\"},{\"@type\":\"ListItem\",\"position\":2,\"name\":\"Schweizer Verwaltungsr\u00e4te: Fachkr\u00e4ftemangel bedroht Innovationskraft\"}]},{\"@type\":\"WebSite\",\"@id\":\"https:\\\/\\\/www.organisator.ch\\\/#website\",\"url\":\"https:\\\/\\\/www.organisator.ch\\\/\",\"name\":\"Organisator\",\"description\":\"Kompetent. Praxisnah. Der ORGANISATOR bereitet in 10 Ausgaben pro Jahr die wesentlichen Themen f\u00fcr F\u00fchrungskr\u00e4fte von KMU auf.\",\"publisher\":{\"@id\":\"https:\\\/\\\/www.organisator.ch\\\/#organization\"},\"potentialAction\":[{\"@type\":\"SearchAction\",\"target\":{\"@type\":\"EntryPoint\",\"urlTemplate\":\"https:\\\/\\\/www.organisator.ch\\\/?s={search_term_string}\"},\"query-input\":{\"@type\":\"PropertyValueSpecification\",\"valueRequired\":true,\"valueName\":\"search_term_string\"}}],\"inLanguage\":\"fr-FR\"},{\"@type\":\"Organization\",\"@id\":\"https:\\\/\\\/www.organisator.ch\\\/#organization\",\"name\":\"Organisator\",\"url\":\"https:\\\/\\\/www.organisator.ch\\\/\",\"logo\":{\"@type\":\"ImageObject\",\"inLanguage\":\"fr-FR\",\"@id\":\"https:\\\/\\\/www.organisator.ch\\\/#\\\/schema\\\/logo\\\/image\\\/\",\"url\":\"https:\\\/\\\/www.organisator.ch\\\/wp-content\\\/uploads\\\/2022\\\/01\\\/Logo_Organisator_Website.png\",\"contentUrl\":\"https:\\\/\\\/www.organisator.ch\\\/wp-content\\\/uploads\\\/2022\\\/01\\\/Logo_Organisator_Website.png\",\"width\":800,\"height\":77,\"caption\":\"Organisator\"},\"image\":{\"@id\":\"https:\\\/\\\/www.organisator.ch\\\/#\\\/schema\\\/logo\\\/image\\\/\"},\"sameAs\":[\"https:\\\/\\\/www.facebook.com\\\/OrganisatorFachmagazin\",\"https:\\\/\\\/www.linkedin.com\\\/showcase\\\/organisator-das-magazin-fr-kmu\",\"https:\\\/\\\/www.xing.com\\\/news\\\/pages\\\/organisator-ch-695\",\"https:\\\/\\\/www.youtube.com\\\/channel\\\/UCGP2Sq0iWaZwT3BdIAQFYpw\"]},{\"@type\":\"Person\",\"@id\":\"https:\\\/\\\/www.organisator.ch\\\/#\\\/schema\\\/person\\\/6f650f90b2842cd4c0cc334b4e36f67e\",\"name\":\"thomas.berner\",\"image\":{\"@type\":\"ImageObject\",\"inLanguage\":\"fr-FR\",\"@id\":\"https:\\\/\\\/secure.gravatar.com\\\/avatar\\\/ac5001d2a36cb6c6cd3e50789007ffca834b477b74a2144564522e944eabff61?s=96&d=mm&r=g\",\"url\":\"https:\\\/\\\/secure.gravatar.com\\\/avatar\\\/ac5001d2a36cb6c6cd3e50789007ffca834b477b74a2144564522e944eabff61?s=96&d=mm&r=g\",\"contentUrl\":\"https:\\\/\\\/secure.gravatar.com\\\/avatar\\\/ac5001d2a36cb6c6cd3e50789007ffca834b477b74a2144564522e944eabff61?s=96&d=mm&r=g\",\"caption\":\"thomas.berner\"},\"url\":\"https:\\\/\\\/www.organisator.ch\\\/fr\\\/author\\\/thomas-berner\\\/\"}]}<\/script>\n<!-- \/ Yoast SEO plugin. -->","yoast_head_json":{"title":"Conseils d'administration suisses : le manque de personnel qualifi\u00e9 menace la capacit\u00e9 d'innovation - Organisator","description":"Selon une \u00e9tude, les conseils d'administration suisses consid\u00e8rent la p\u00e9nurie de personnel qualifi\u00e9 comme le principal obstacle actuel \u00e0 la r\u00e9ussite \u00e9conomique.","robots":{"index":"index","follow":"follow","max-snippet":"max-snippet:-1","max-image-preview":"max-image-preview:large","max-video-preview":"max-video-preview:-1"},"canonical":"https:\/\/www.organisator.ch\/fr\/gestion-2\/2022-03-14\/penurie-de-personnel-qualifie-en-suisse-menace-la-force-dinnovation\/","og_locale":"fr_FR","og_type":"article","og_title":"Schweizer Verwaltungsr\u00e4te: Fachkr\u00e4ftemangel bedroht Innovationskraft","og_description":"Schweizer Verwaltungsr\u00e4te sehen gem\u00e4ss einer Studie im Fachkr\u00e4ftemangel aktuell das gr\u00f6sste Hindernis f\u00fcr den wirtschaftlichen Erfolg.","og_url":"https:\/\/www.organisator.ch\/fr\/gestion-2\/2022-03-14\/penurie-de-personnel-qualifie-en-suisse-menace-la-force-dinnovation\/","og_site_name":"Organisator","article_publisher":"https:\/\/www.facebook.com\/OrganisatorFachmagazin","article_published_time":"2022-03-14T12:42:44+00:00","article_modified_time":"2022-03-18T09:35:25+00:00","og_image":[{"width":680,"height":421,"url":"https:\/\/www.organisator.ch\/wp-content\/uploads\/2022\/03\/Schweizer-Verwaltungsraete-Fachkraeftemangel-bedroht-Innovationskraft_Organisator.jpg","type":"image\/jpeg"}],"author":"thomas.berner","twitter_card":"summary_large_image","twitter_title":"Schweizer #Verwaltungsr\u00e4te: #Fachkr\u00e4ftemangel bedroht #Innovationskraft","twitter_description":"Schweizer #Verwaltungsr\u00e4te sehen gem\u00e4ss einer Studie im #Fachkr\u00e4ftemangel aktuell das gr\u00f6sste Hindernis f\u00fcr den wirtschaftlichen Erfolg.","twitter_image":"https:\/\/www.organisator.ch\/wp-content\/uploads\/2022\/03\/Schweizer-Verwaltungsraete-Fachkraeftemangel-bedroht-Innovationskraft_Organisator.jpg","schema":{"@context":"https:\/\/schema.org","@graph":[{"@type":"Article","@id":"https:\/\/www.organisator.ch\/management\/2022-03-14\/schweizer-verwaltungsraete-fachkraeftemangel-bedroht-innovationskraft\/#article","isPartOf":{"@id":"https:\/\/www.organisator.ch\/management\/2022-03-14\/schweizer-verwaltungsraete-fachkraeftemangel-bedroht-innovationskraft\/"},"author":{"name":"thomas.berner","@id":"https:\/\/www.organisator.ch\/#\/schema\/person\/6f650f90b2842cd4c0cc334b4e36f67e"},"headline":"Schweizer Verwaltungsr\u00e4te: Fachkr\u00e4ftemangel bedroht Innovationskraft","datePublished":"2022-03-14T12:42:44+00:00","dateModified":"2022-03-18T09:35:25+00:00","mainEntityOfPage":{"@id":"https:\/\/www.organisator.ch\/management\/2022-03-14\/schweizer-verwaltungsraete-fachkraeftemangel-bedroht-innovationskraft\/"},"wordCount":770,"publisher":{"@id":"https:\/\/www.organisator.ch\/#organization"},"image":{"@id":"https:\/\/www.organisator.ch\/management\/2022-03-14\/schweizer-verwaltungsraete-fachkraeftemangel-bedroht-innovationskraft\/#primaryimage"},"thumbnailUrl":"https:\/\/www.organisator.ch\/wp-content\/uploads\/2022\/03\/Schweizer-Verwaltungsraete-Fachkraeftemangel-bedroht-Innovationskraft_Organisator.jpg","keywords":["Fachkr\u00e4ftemangel","Innovation","Studie","Verwaltungsr\u00e4te"],"articleSection":["MANAGEMENT"],"inLanguage":"fr-FR"},{"@type":"WebPage","@id":"https:\/\/www.organisator.ch\/management\/2022-03-14\/schweizer-verwaltungsraete-fachkraeftemangel-bedroht-innovationskraft\/","url":"https:\/\/www.organisator.ch\/management\/2022-03-14\/schweizer-verwaltungsraete-fachkraeftemangel-bedroht-innovationskraft\/","name":"Conseils d'administration suisses : le manque de personnel qualifi\u00e9 menace la capacit\u00e9 d'innovation - Organisator","isPartOf":{"@id":"https:\/\/www.organisator.ch\/#website"},"primaryImageOfPage":{"@id":"https:\/\/www.organisator.ch\/management\/2022-03-14\/schweizer-verwaltungsraete-fachkraeftemangel-bedroht-innovationskraft\/#primaryimage"},"image":{"@id":"https:\/\/www.organisator.ch\/management\/2022-03-14\/schweizer-verwaltungsraete-fachkraeftemangel-bedroht-innovationskraft\/#primaryimage"},"thumbnailUrl":"https:\/\/www.organisator.ch\/wp-content\/uploads\/2022\/03\/Schweizer-Verwaltungsraete-Fachkraeftemangel-bedroht-Innovationskraft_Organisator.jpg","datePublished":"2022-03-14T12:42:44+00:00","dateModified":"2022-03-18T09:35:25+00:00","description":"Selon une \u00e9tude, les conseils d'administration suisses consid\u00e8rent la p\u00e9nurie de personnel qualifi\u00e9 comme le principal obstacle actuel \u00e0 la r\u00e9ussite \u00e9conomique.","breadcrumb":{"@id":"https:\/\/www.organisator.ch\/management\/2022-03-14\/schweizer-verwaltungsraete-fachkraeftemangel-bedroht-innovationskraft\/#breadcrumb"},"inLanguage":"fr-FR","potentialAction":[{"@type":"ReadAction","target":["https:\/\/www.organisator.ch\/management\/2022-03-14\/schweizer-verwaltungsraete-fachkraeftemangel-bedroht-innovationskraft\/"]}]},{"@type":"ImageObject","inLanguage":"fr-FR","@id":"https:\/\/www.organisator.ch\/management\/2022-03-14\/schweizer-verwaltungsraete-fachkraeftemangel-bedroht-innovationskraft\/#primaryimage","url":"https:\/\/www.organisator.ch\/wp-content\/uploads\/2022\/03\/Schweizer-Verwaltungsraete-Fachkraeftemangel-bedroht-Innovationskraft_Organisator.jpg","contentUrl":"https:\/\/www.organisator.ch\/wp-content\/uploads\/2022\/03\/Schweizer-Verwaltungsraete-Fachkraeftemangel-bedroht-Innovationskraft_Organisator.jpg","width":680,"height":421,"caption":"Innovation: Qualifizierte Fachkr\u00e4fte sind gefragt. So sehen es auch Schweizer Verwaltungsr\u00e4te. (Bild: Unsplash.com)"},{"@type":"BreadcrumbList","@id":"https:\/\/www.organisator.ch\/management\/2022-03-14\/schweizer-verwaltungsraete-fachkraeftemangel-bedroht-innovationskraft\/#breadcrumb","itemListElement":[{"@type":"ListItem","position":1,"name":"Home","item":"https:\/\/www.organisator.ch\/"},{"@type":"ListItem","position":2,"name":"Schweizer Verwaltungsr\u00e4te: Fachkr\u00e4ftemangel bedroht Innovationskraft"}]},{"@type":"WebSite","@id":"https:\/\/www.organisator.ch\/#website","url":"https:\/\/www.organisator.ch\/","name":"Organisateur","description":"Comp\u00e9tence et comp\u00e9tence. Proches de la pratique. L'ORGANISATEUR pr\u00e9pare 10 num\u00e9ros par an sur les th\u00e8mes essentiels pour les dirigeants de PME.","publisher":{"@id":"https:\/\/www.organisator.ch\/#organization"},"potentialAction":[{"@type":"SearchAction","target":{"@type":"EntryPoint","urlTemplate":"https:\/\/www.organisator.ch\/?s={search_term_string}"},"query-input":{"@type":"PropertyValueSpecification","valueRequired":true,"valueName":"search_term_string"}}],"inLanguage":"fr-FR"},{"@type":"Organization","@id":"https:\/\/www.organisator.ch\/#organization","name":"Organisateur","url":"https:\/\/www.organisator.ch\/","logo":{"@type":"ImageObject","inLanguage":"fr-FR","@id":"https:\/\/www.organisator.ch\/#\/schema\/logo\/image\/","url":"https:\/\/www.organisator.ch\/wp-content\/uploads\/2022\/01\/Logo_Organisator_Website.png","contentUrl":"https:\/\/www.organisator.ch\/wp-content\/uploads\/2022\/01\/Logo_Organisator_Website.png","width":800,"height":77,"caption":"Organisator"},"image":{"@id":"https:\/\/www.organisator.ch\/#\/schema\/logo\/image\/"},"sameAs":["https:\/\/www.facebook.com\/OrganisatorFachmagazin","https:\/\/www.linkedin.com\/showcase\/organisator-das-magazin-fr-kmu","https:\/\/www.xing.com\/news\/pages\/organisator-ch-695","https:\/\/www.youtube.com\/channel\/UCGP2Sq0iWaZwT3BdIAQFYpw"]},{"@type":"Person","@id":"https:\/\/www.organisator.ch\/#\/schema\/person\/6f650f90b2842cd4c0cc334b4e36f67e","name":"thomas.berner","image":{"@type":"ImageObject","inLanguage":"fr-FR","@id":"https:\/\/secure.gravatar.com\/avatar\/ac5001d2a36cb6c6cd3e50789007ffca834b477b74a2144564522e944eabff61?s=96&d=mm&r=g","url":"https:\/\/secure.gravatar.com\/avatar\/ac5001d2a36cb6c6cd3e50789007ffca834b477b74a2144564522e944eabff61?s=96&d=mm&r=g","contentUrl":"https:\/\/secure.gravatar.com\/avatar\/ac5001d2a36cb6c6cd3e50789007ffca834b477b74a2144564522e944eabff61?s=96&d=mm&r=g","caption":"thomas.berner"},"url":"https:\/\/www.organisator.ch\/fr\/author\/thomas-berner\/"}]}},"_links":{"self":[{"href":"https:\/\/www.organisator.ch\/fr\/wp-json\/wp\/v2\/posts\/12120","targetHints":{"allow":["GET"]}}],"collection":[{"href":"https:\/\/www.organisator.ch\/fr\/wp-json\/wp\/v2\/posts"}],"about":[{"href":"https:\/\/www.organisator.ch\/fr\/wp-json\/wp\/v2\/types\/post"}],"author":[{"embeddable":true,"href":"https:\/\/www.organisator.ch\/fr\/wp-json\/wp\/v2\/users\/4"}],"replies":[{"embeddable":true,"href":"https:\/\/www.organisator.ch\/fr\/wp-json\/wp\/v2\/comments?post=12120"}],"version-history":[{"count":2,"href":"https:\/\/www.organisator.ch\/fr\/wp-json\/wp\/v2\/posts\/12120\/revisions"}],"predecessor-version":[{"id":12123,"href":"https:\/\/www.organisator.ch\/fr\/wp-json\/wp\/v2\/posts\/12120\/revisions\/12123"}],"wp:featuredmedia":[{"embeddable":true,"href":"https:\/\/www.organisator.ch\/fr\/wp-json\/wp\/v2\/media\/12122"}],"wp:attachment":[{"href":"https:\/\/www.organisator.ch\/fr\/wp-json\/wp\/v2\/media?parent=12120"}],"wp:term":[{"taxonomy":"category","embeddable":true,"href":"https:\/\/www.organisator.ch\/fr\/wp-json\/wp\/v2\/categories?post=12120"},{"taxonomy":"post_tag","embeddable":true,"href":"https:\/\/www.organisator.ch\/fr\/wp-json\/wp\/v2\/tags?post=12120"}],"curies":[{"name":"wp","href":"https:\/\/api.w.org\/{rel}","templated":true}]}}