{"id":12136,"date":"2022-03-15T15:24:48","date_gmt":"2022-03-15T14:24:48","guid":{"rendered":"https:\/\/www.organisator.ch\/?p=12136"},"modified":"2022-03-15T15:24:48","modified_gmt":"2022-03-15T14:24:48","slug":"gesundheitsfoerderung-bei-unternehmen-versicherer-lanciert-neues-produkt","status":"publish","type":"post","link":"https:\/\/www.organisator.ch\/fr\/human-resources\/2022-03-15\/gesundheitsfoerderung-bei-unternehmen-versicherer-lanciert-neues-produkt\/","title":{"rendered":"Promotion de la sant\u00e9 aupr\u00e8s des entreprises : Un assureur lance un nouveau produit"},"content":{"rendered":"<figure id=\"attachment_12137\" aria-describedby=\"caption-attachment-12137\" style=\"width: 680px\" class=\"wp-caption alignnone\"><img loading=\"lazy\" decoding=\"async\" class=\"size-full wp-image-12137\" src=\"https:\/\/www.organisator.ch\/wp-content\/uploads\/2022\/03\/Gesundheitsfoerderung-bei-Unternehmen-Versicherer-lanciert-neues-Produkt_Organisator.jpg\" alt=\"\" width=\"680\" height=\"453\" srcset=\"https:\/\/www.organisator.ch\/wp-content\/uploads\/2022\/03\/Gesundheitsfoerderung-bei-Unternehmen-Versicherer-lanciert-neues-Produkt_Organisator.jpg 680w, https:\/\/www.organisator.ch\/wp-content\/uploads\/2022\/03\/Gesundheitsfoerderung-bei-Unternehmen-Versicherer-lanciert-neues-Produkt_Organisator-18x12.jpg 18w, https:\/\/www.organisator.ch\/wp-content\/uploads\/2022\/03\/Gesundheitsfoerderung-bei-Unternehmen-Versicherer-lanciert-neues-Produkt_Organisator-263x175.jpg 263w, https:\/\/www.organisator.ch\/wp-content\/uploads\/2022\/03\/Gesundheitsfoerderung-bei-Unternehmen-Versicherer-lanciert-neues-Produkt_Organisator-525x350.jpg 525w, https:\/\/www.organisator.ch\/wp-content\/uploads\/2022\/03\/Gesundheitsfoerderung-bei-Unternehmen-Versicherer-lanciert-neues-Produkt_Organisator-300x200.jpg 300w\" sizes=\"auto, (max-width: 680px) 100vw, 680px\" \/><figcaption id=\"caption-attachment-12137\" class=\"wp-caption-text\">Des collaborateurs sains et motiv\u00e9s comme facteur de r\u00e9ussite : AXA lance \"WeCare\" pour la promotion de la sant\u00e9 dans les entreprises. (Image : zVg \/ AXA)<\/figcaption><\/figure>\n<p>Selon une \u00e9tude d'AXA sur la sant\u00e9 mentale r\u00e9alis\u00e9e \u00e0 l'automne 2021, 22% des employ\u00e9s en Suisse souffrent de stress en raison d'une trop forte pression de performance. Cela ne cause pas seulement des souffrances aux personnes concern\u00e9es, mais aussi des co\u00fbts \u00e9lev\u00e9s : le stress li\u00e9 au travail repr\u00e9sente plus de sept milliards de francs par an pour les employeurs (<a href=\"https:\/\/gesundheitsfoerderung.ch\/betriebliches-gesundheitsmanagement\/grundlagen-und-studien\/job-stress-index.html\" target=\"_blank\" rel=\"noopener\">Promotion Sant\u00e9 Suisse, 2020<\/a>). Parce que des collaborateurs en bonne sant\u00e9 et motiv\u00e9s sont un facteur de succ\u00e8s essentiel, le plus grand prestataire d'assurances de personnes de Suisse a d\u00e9velopp\u00e9 WeCare, une solution globale pour la promotion de la sant\u00e9 dans les entreprises. Toutes les entreprises assur\u00e9es aupr\u00e8s d'AXA pour la pr\u00e9voyance professionnelle, les indemnit\u00e9s journali\u00e8res en cas de maladie ou d'accident peuvent en profiter. Selon Martin Schmid, responsable des op\u00e9rations Accident et Indemnit\u00e9s journali\u00e8res maladie, cette nouvelle offre vise \u00e0 cr\u00e9er une valeur ajout\u00e9e durable.<\/p>\n<h3>Un ensemble complet de mesures pour la promotion de la sant\u00e9 dans les entreprises<\/h3>\n<p>Les entreprises assur\u00e9es ont \u00e0 leur disposition de nombreuses offres gratuites ou \u00e0 prix r\u00e9duit dans le domaine de la pr\u00e9vention de la sant\u00e9. Il s'agit notamment de solutions visant \u00e0 r\u00e9duire les absences, \u00e0 g\u00e9rer les maladies psychiques ou \u00e0 augmenter la motivation. L'ensemble des mesures, pour lesquelles AXA collabore avec divers partenaires et qu'elle \u00e9largit en permanence, va du coaching de direction aux services de sant\u00e9 num\u00e9riques en passant par les webinaires. L'\u00e9l\u00e9ment central est le conseil individuel, au cours duquel l'\u00e9quipe de WeCare analyse avec les entreprises, dans le cadre d'un entretien personnel, les mesures qui entrent en ligne de compte. Pour une analyse fond\u00e9e, AXA travaille en tant que pr\u00e9curseur en Suisse avec la boussole du climat de travail, bas\u00e9e sur la plateforme du partenaire exp\u00e9riment\u00e9 DearEmployee. La boussole du climat de travail comprend des enqu\u00eates continues aupr\u00e8s des collaborateurs, dont les r\u00e9sultats ainsi que les recommandations d'action peuvent \u00eatre consult\u00e9s sur le portail num\u00e9rique propre au client. En outre, les mesures relatives \u00e0 la sant\u00e9 et au personnel peuvent \u00eatre planifi\u00e9es, r\u00e9serv\u00e9es et \u00e9valu\u00e9es aussi bien lors d'un entretien personnel que par voie num\u00e9rique. \"En proposant des services simples, num\u00e9riques et efficaces, nous aidons les PME \u00e0 se concentrer sur leur activit\u00e9 principale\", explique Martin Schmid. Si, malgr\u00e9 la pr\u00e9vention, un cas de prestation survient, les Care et Case Managers d'AXA accompagnent les entreprises et les collaborateurs concern\u00e9s de mani\u00e8re professionnelle dans leur r\u00e9insertion.<\/p>\n<h3>Cr\u00e9ation d'une unit\u00e9 commerciale propre<\/h3>\n<p>Le fait qu'AXA prenne ce th\u00e8me tr\u00e8s au s\u00e9rieux se traduit \u00e9galement par la cr\u00e9ation d'une nouvelle unit\u00e9 commerciale sp\u00e9cialement d\u00e9di\u00e9e \u00e0 WeCare et dirig\u00e9e par Martin Schmid : \"Avec plus de 60 collaborateurs, nous nous engageons pour la sant\u00e9 des collaborateurs en Suisse. L'expertise provient ici des domaines du suivi de la client\u00e8le, du conseil en pr\u00e9vention ainsi que du care et du case management\".<\/p>\n<p><em>Plus d'informations : <a href=\"http:\/\/www.axa.ch\/wecare\" target=\"_blank\" rel=\"noopener\">www.axa.ch\/wecare<\/a><\/em><\/p>","protected":false},"excerpt":{"rendered":"<p>Gem\u00e4ss einer im Herbst 2021 durchgef\u00fchrten Studie der AXA zum Thema mentale Gesundheit leiden in der Schweiz 22 Prozent der Arbeitnehmenden unter Stress aufgrund von zu viel Leistungsdruck. Dies verursacht nicht nur Leid bei den Betroffenen, sondern auch hohe Kosten: Arbeitsbezogener Stress schl\u00e4gt bei Arbeitgebenden mit \u00fcber sieben Milliarden Franken pro Jahr zu Buche (Gesundheitsf\u00f6rderung [&hellip;]<\/p>\n","protected":false},"author":4,"featured_media":12137,"comment_status":"closed","ping_status":"closed","sticky":false,"template":"","format":"standard","meta":{"_acf_changed":false,"_yoast_wpseo_focuskw":"Gesundheitsf\u00f6rderung bei Unternehmen","_yoast_wpseo_metadesc":"Der neue Service \"WeCare\" von AXA Schweiz bietet gezielte Unterst\u00fctzung im Bereich Gesundheitsf\u00f6rderung bei Unternehmen.","articlekey":"","footnotes":""},"categories":[579],"tags":[77,393,511],"class_list":["post-12136","post","type-post","status-publish","format-standard","has-post-thumbnail","hentry","category-human-resources","tag-betriebliches-gesundheitsmanagement","tag-produkte","tag-versicherungen"],"acf":[],"yoast_head":"<!-- This site is optimized with the Yoast SEO plugin v27.4 - https:\/\/yoast.com\/product\/yoast-seo-wordpress\/ -->\n<title>Gesundheitsf\u00f6rderung bei Unternehmen: Versicherer lanciert neues Produkt - Organisator<\/title>\n<meta name=\"description\" content=\"Der neue Service &quot;WeCare&quot; von AXA Schweiz bietet gezielte Unterst\u00fctzung im Bereich Gesundheitsf\u00f6rderung bei Unternehmen.\" \/>\n<meta name=\"robots\" content=\"index, follow, max-snippet:-1, max-image-preview:large, max-video-preview:-1\" \/>\n<link rel=\"canonical\" href=\"https:\/\/www.organisator.ch\/fr\/ressources-humaines\/2022-03-15\/gesundheitsfoerderung-bei-unternehmen-versicherer-lanciert-neues-produkt\/\" \/>\n<meta property=\"og:locale\" content=\"fr_FR\" \/>\n<meta property=\"og:type\" content=\"article\" \/>\n<meta property=\"og:title\" content=\"Gesundheitsf\u00f6rderung bei Unternehmen: Versicherer lanciert neues Produkt\" \/>\n<meta property=\"og:description\" content=\"Der neue Service &quot;WeCare&quot; von AXA Schweiz bietet gezielte Unterst\u00fctzung im Bereich Gesundheitsf\u00f6rderung bei Unternehmen.\" \/>\n<meta property=\"og:url\" content=\"https:\/\/www.organisator.ch\/fr\/ressources-humaines\/2022-03-15\/gesundheitsfoerderung-bei-unternehmen-versicherer-lanciert-neues-produkt\/\" \/>\n<meta property=\"og:site_name\" content=\"Organisator\" \/>\n<meta property=\"article:publisher\" content=\"https:\/\/www.facebook.com\/OrganisatorFachmagazin\" \/>\n<meta property=\"article:published_time\" content=\"2022-03-15T14:24:48+00:00\" \/>\n<meta property=\"og:image\" content=\"https:\/\/www.organisator.ch\/wp-content\/uploads\/2022\/03\/Gesundheitsfoerderung-bei-Unternehmen-Versicherer-lanciert-neues-Produkt_Organisator.jpg\" \/>\n\t<meta property=\"og:image:width\" content=\"680\" \/>\n\t<meta property=\"og:image:height\" content=\"453\" \/>\n\t<meta property=\"og:image:type\" content=\"image\/jpeg\" \/>\n<meta name=\"author\" content=\"thomas.berner\" \/>\n<meta name=\"twitter:card\" content=\"summary_large_image\" \/>\n<meta name=\"twitter:title\" content=\"#Gesundheitsf\u00f6rderung bei #Unternehmen: #Versicherer lanciert neues Produkt\" \/>\n<meta name=\"twitter:description\" content=\"Der neue Service &quot;#WeCare&quot; von #AXA Schweiz bietet gezielte Unterst\u00fctzung im Bereich #Gesundheitsf\u00f6rderung bei Unternehmen.\" \/>\n<meta name=\"twitter:image\" content=\"https:\/\/www.organisator.ch\/wp-content\/uploads\/2022\/03\/Gesundheitsfoerderung-bei-Unternehmen-Versicherer-lanciert-neues-Produkt_Organisator.jpg\" \/>\n<script type=\"application\/ld+json\" class=\"yoast-schema-graph\">{\"@context\":\"https:\\\/\\\/schema.org\",\"@graph\":[{\"@type\":\"Article\",\"@id\":\"https:\\\/\\\/www.organisator.ch\\\/human-resources\\\/2022-03-15\\\/gesundheitsfoerderung-bei-unternehmen-versicherer-lanciert-neues-produkt\\\/#article\",\"isPartOf\":{\"@id\":\"https:\\\/\\\/www.organisator.ch\\\/human-resources\\\/2022-03-15\\\/gesundheitsfoerderung-bei-unternehmen-versicherer-lanciert-neues-produkt\\\/\"},\"author\":{\"name\":\"thomas.berner\",\"@id\":\"https:\\\/\\\/www.organisator.ch\\\/#\\\/schema\\\/person\\\/6f650f90b2842cd4c0cc334b4e36f67e\"},\"headline\":\"Gesundheitsf\u00f6rderung bei Unternehmen: Versicherer lanciert neues Produkt\",\"datePublished\":\"2022-03-15T14:24:48+00:00\",\"mainEntityOfPage\":{\"@id\":\"https:\\\/\\\/www.organisator.ch\\\/human-resources\\\/2022-03-15\\\/gesundheitsfoerderung-bei-unternehmen-versicherer-lanciert-neues-produkt\\\/\"},\"wordCount\":437,\"publisher\":{\"@id\":\"https:\\\/\\\/www.organisator.ch\\\/#organization\"},\"image\":{\"@id\":\"https:\\\/\\\/www.organisator.ch\\\/human-resources\\\/2022-03-15\\\/gesundheitsfoerderung-bei-unternehmen-versicherer-lanciert-neues-produkt\\\/#primaryimage\"},\"thumbnailUrl\":\"https:\\\/\\\/www.organisator.ch\\\/wp-content\\\/uploads\\\/2022\\\/03\\\/Gesundheitsfoerderung-bei-Unternehmen-Versicherer-lanciert-neues-Produkt_Organisator.jpg\",\"keywords\":[\"Betriebliches Gesundheitsmanagement\",\"Produkte\",\"Versicherungen\"],\"articleSection\":[\"HUMAN RESOURCES\"],\"inLanguage\":\"fr-FR\"},{\"@type\":\"WebPage\",\"@id\":\"https:\\\/\\\/www.organisator.ch\\\/human-resources\\\/2022-03-15\\\/gesundheitsfoerderung-bei-unternehmen-versicherer-lanciert-neues-produkt\\\/\",\"url\":\"https:\\\/\\\/www.organisator.ch\\\/human-resources\\\/2022-03-15\\\/gesundheitsfoerderung-bei-unternehmen-versicherer-lanciert-neues-produkt\\\/\",\"name\":\"Gesundheitsf\u00f6rderung bei Unternehmen: Versicherer lanciert neues Produkt - Organisator\",\"isPartOf\":{\"@id\":\"https:\\\/\\\/www.organisator.ch\\\/#website\"},\"primaryImageOfPage\":{\"@id\":\"https:\\\/\\\/www.organisator.ch\\\/human-resources\\\/2022-03-15\\\/gesundheitsfoerderung-bei-unternehmen-versicherer-lanciert-neues-produkt\\\/#primaryimage\"},\"image\":{\"@id\":\"https:\\\/\\\/www.organisator.ch\\\/human-resources\\\/2022-03-15\\\/gesundheitsfoerderung-bei-unternehmen-versicherer-lanciert-neues-produkt\\\/#primaryimage\"},\"thumbnailUrl\":\"https:\\\/\\\/www.organisator.ch\\\/wp-content\\\/uploads\\\/2022\\\/03\\\/Gesundheitsfoerderung-bei-Unternehmen-Versicherer-lanciert-neues-Produkt_Organisator.jpg\",\"datePublished\":\"2022-03-15T14:24:48+00:00\",\"description\":\"Der neue Service \\\"WeCare\\\" von AXA Schweiz bietet gezielte Unterst\u00fctzung im Bereich Gesundheitsf\u00f6rderung bei Unternehmen.\",\"breadcrumb\":{\"@id\":\"https:\\\/\\\/www.organisator.ch\\\/human-resources\\\/2022-03-15\\\/gesundheitsfoerderung-bei-unternehmen-versicherer-lanciert-neues-produkt\\\/#breadcrumb\"},\"inLanguage\":\"fr-FR\",\"potentialAction\":[{\"@type\":\"ReadAction\",\"target\":[\"https:\\\/\\\/www.organisator.ch\\\/human-resources\\\/2022-03-15\\\/gesundheitsfoerderung-bei-unternehmen-versicherer-lanciert-neues-produkt\\\/\"]}]},{\"@type\":\"ImageObject\",\"inLanguage\":\"fr-FR\",\"@id\":\"https:\\\/\\\/www.organisator.ch\\\/human-resources\\\/2022-03-15\\\/gesundheitsfoerderung-bei-unternehmen-versicherer-lanciert-neues-produkt\\\/#primaryimage\",\"url\":\"https:\\\/\\\/www.organisator.ch\\\/wp-content\\\/uploads\\\/2022\\\/03\\\/Gesundheitsfoerderung-bei-Unternehmen-Versicherer-lanciert-neues-Produkt_Organisator.jpg\",\"contentUrl\":\"https:\\\/\\\/www.organisator.ch\\\/wp-content\\\/uploads\\\/2022\\\/03\\\/Gesundheitsfoerderung-bei-Unternehmen-Versicherer-lanciert-neues-Produkt_Organisator.jpg\",\"width\":680,\"height\":453,\"caption\":\"Gesunde und motivierte Mitarbeitende als Erfolgsfaktor: AXA lanciert \u00abWeCare\u00bb zur Gesundheitsf\u00f6rderung bei Unternehmen. (Bild: zVg \\\/ AXA)\"},{\"@type\":\"BreadcrumbList\",\"@id\":\"https:\\\/\\\/www.organisator.ch\\\/human-resources\\\/2022-03-15\\\/gesundheitsfoerderung-bei-unternehmen-versicherer-lanciert-neues-produkt\\\/#breadcrumb\",\"itemListElement\":[{\"@type\":\"ListItem\",\"position\":1,\"name\":\"Home\",\"item\":\"https:\\\/\\\/www.organisator.ch\\\/\"},{\"@type\":\"ListItem\",\"position\":2,\"name\":\"Gesundheitsf\u00f6rderung bei Unternehmen: Versicherer lanciert neues Produkt\"}]},{\"@type\":\"WebSite\",\"@id\":\"https:\\\/\\\/www.organisator.ch\\\/#website\",\"url\":\"https:\\\/\\\/www.organisator.ch\\\/\",\"name\":\"Organisator\",\"description\":\"Kompetent. Praxisnah. Der ORGANISATOR bereitet in 10 Ausgaben pro Jahr die wesentlichen Themen f\u00fcr F\u00fchrungskr\u00e4fte von KMU auf.\",\"publisher\":{\"@id\":\"https:\\\/\\\/www.organisator.ch\\\/#organization\"},\"potentialAction\":[{\"@type\":\"SearchAction\",\"target\":{\"@type\":\"EntryPoint\",\"urlTemplate\":\"https:\\\/\\\/www.organisator.ch\\\/?s={search_term_string}\"},\"query-input\":{\"@type\":\"PropertyValueSpecification\",\"valueRequired\":true,\"valueName\":\"search_term_string\"}}],\"inLanguage\":\"fr-FR\"},{\"@type\":\"Organization\",\"@id\":\"https:\\\/\\\/www.organisator.ch\\\/#organization\",\"name\":\"Organisator\",\"url\":\"https:\\\/\\\/www.organisator.ch\\\/\",\"logo\":{\"@type\":\"ImageObject\",\"inLanguage\":\"fr-FR\",\"@id\":\"https:\\\/\\\/www.organisator.ch\\\/#\\\/schema\\\/logo\\\/image\\\/\",\"url\":\"https:\\\/\\\/www.organisator.ch\\\/wp-content\\\/uploads\\\/2022\\\/01\\\/Logo_Organisator_Website.png\",\"contentUrl\":\"https:\\\/\\\/www.organisator.ch\\\/wp-content\\\/uploads\\\/2022\\\/01\\\/Logo_Organisator_Website.png\",\"width\":800,\"height\":77,\"caption\":\"Organisator\"},\"image\":{\"@id\":\"https:\\\/\\\/www.organisator.ch\\\/#\\\/schema\\\/logo\\\/image\\\/\"},\"sameAs\":[\"https:\\\/\\\/www.facebook.com\\\/OrganisatorFachmagazin\",\"https:\\\/\\\/www.linkedin.com\\\/showcase\\\/organisator-das-magazin-fr-kmu\",\"https:\\\/\\\/www.xing.com\\\/news\\\/pages\\\/organisator-ch-695\",\"https:\\\/\\\/www.youtube.com\\\/channel\\\/UCGP2Sq0iWaZwT3BdIAQFYpw\"]},{\"@type\":\"Person\",\"@id\":\"https:\\\/\\\/www.organisator.ch\\\/#\\\/schema\\\/person\\\/6f650f90b2842cd4c0cc334b4e36f67e\",\"name\":\"thomas.berner\",\"image\":{\"@type\":\"ImageObject\",\"inLanguage\":\"fr-FR\",\"@id\":\"https:\\\/\\\/secure.gravatar.com\\\/avatar\\\/ac5001d2a36cb6c6cd3e50789007ffca834b477b74a2144564522e944eabff61?s=96&d=mm&r=g\",\"url\":\"https:\\\/\\\/secure.gravatar.com\\\/avatar\\\/ac5001d2a36cb6c6cd3e50789007ffca834b477b74a2144564522e944eabff61?s=96&d=mm&r=g\",\"contentUrl\":\"https:\\\/\\\/secure.gravatar.com\\\/avatar\\\/ac5001d2a36cb6c6cd3e50789007ffca834b477b74a2144564522e944eabff61?s=96&d=mm&r=g\",\"caption\":\"thomas.berner\"},\"url\":\"https:\\\/\\\/www.organisator.ch\\\/fr\\\/author\\\/thomas-berner\\\/\"}]}<\/script>\n<!-- \/ Yoast SEO plugin. -->","yoast_head_json":{"title":"Promotion de la sant\u00e9 aupr\u00e8s des entreprises : L'assureur lance un nouveau produit - Organisator","description":"Le nouveau service \"WeCare\" d'AXA Suisse offre un soutien cibl\u00e9 dans le domaine de la promotion de la sant\u00e9 aupr\u00e8s des entreprises.","robots":{"index":"index","follow":"follow","max-snippet":"max-snippet:-1","max-image-preview":"max-image-preview:large","max-video-preview":"max-video-preview:-1"},"canonical":"https:\/\/www.organisator.ch\/fr\/ressources-humaines\/2022-03-15\/gesundheitsfoerderung-bei-unternehmen-versicherer-lanciert-neues-produkt\/","og_locale":"fr_FR","og_type":"article","og_title":"Gesundheitsf\u00f6rderung bei Unternehmen: Versicherer lanciert neues Produkt","og_description":"Der neue Service \"WeCare\" von AXA Schweiz bietet gezielte Unterst\u00fctzung im Bereich Gesundheitsf\u00f6rderung bei Unternehmen.","og_url":"https:\/\/www.organisator.ch\/fr\/ressources-humaines\/2022-03-15\/gesundheitsfoerderung-bei-unternehmen-versicherer-lanciert-neues-produkt\/","og_site_name":"Organisator","article_publisher":"https:\/\/www.facebook.com\/OrganisatorFachmagazin","article_published_time":"2022-03-15T14:24:48+00:00","og_image":[{"width":680,"height":453,"url":"https:\/\/www.organisator.ch\/wp-content\/uploads\/2022\/03\/Gesundheitsfoerderung-bei-Unternehmen-Versicherer-lanciert-neues-Produkt_Organisator.jpg","type":"image\/jpeg"}],"author":"thomas.berner","twitter_card":"summary_large_image","twitter_title":"#Gesundheitsf\u00f6rderung bei #Unternehmen: #Versicherer lanciert neues Produkt","twitter_description":"Der neue Service \"#WeCare\" von #AXA Schweiz bietet gezielte Unterst\u00fctzung im Bereich #Gesundheitsf\u00f6rderung bei Unternehmen.","twitter_image":"https:\/\/www.organisator.ch\/wp-content\/uploads\/2022\/03\/Gesundheitsfoerderung-bei-Unternehmen-Versicherer-lanciert-neues-Produkt_Organisator.jpg","schema":{"@context":"https:\/\/schema.org","@graph":[{"@type":"Article","@id":"https:\/\/www.organisator.ch\/human-resources\/2022-03-15\/gesundheitsfoerderung-bei-unternehmen-versicherer-lanciert-neues-produkt\/#article","isPartOf":{"@id":"https:\/\/www.organisator.ch\/human-resources\/2022-03-15\/gesundheitsfoerderung-bei-unternehmen-versicherer-lanciert-neues-produkt\/"},"author":{"name":"thomas.berner","@id":"https:\/\/www.organisator.ch\/#\/schema\/person\/6f650f90b2842cd4c0cc334b4e36f67e"},"headline":"Gesundheitsf\u00f6rderung bei Unternehmen: Versicherer lanciert neues Produkt","datePublished":"2022-03-15T14:24:48+00:00","mainEntityOfPage":{"@id":"https:\/\/www.organisator.ch\/human-resources\/2022-03-15\/gesundheitsfoerderung-bei-unternehmen-versicherer-lanciert-neues-produkt\/"},"wordCount":437,"publisher":{"@id":"https:\/\/www.organisator.ch\/#organization"},"image":{"@id":"https:\/\/www.organisator.ch\/human-resources\/2022-03-15\/gesundheitsfoerderung-bei-unternehmen-versicherer-lanciert-neues-produkt\/#primaryimage"},"thumbnailUrl":"https:\/\/www.organisator.ch\/wp-content\/uploads\/2022\/03\/Gesundheitsfoerderung-bei-Unternehmen-Versicherer-lanciert-neues-Produkt_Organisator.jpg","keywords":["Betriebliches Gesundheitsmanagement","Produkte","Versicherungen"],"articleSection":["HUMAN RESOURCES"],"inLanguage":"fr-FR"},{"@type":"WebPage","@id":"https:\/\/www.organisator.ch\/human-resources\/2022-03-15\/gesundheitsfoerderung-bei-unternehmen-versicherer-lanciert-neues-produkt\/","url":"https:\/\/www.organisator.ch\/human-resources\/2022-03-15\/gesundheitsfoerderung-bei-unternehmen-versicherer-lanciert-neues-produkt\/","name":"Promotion de la sant\u00e9 aupr\u00e8s des entreprises : L'assureur lance un nouveau produit - Organisator","isPartOf":{"@id":"https:\/\/www.organisator.ch\/#website"},"primaryImageOfPage":{"@id":"https:\/\/www.organisator.ch\/human-resources\/2022-03-15\/gesundheitsfoerderung-bei-unternehmen-versicherer-lanciert-neues-produkt\/#primaryimage"},"image":{"@id":"https:\/\/www.organisator.ch\/human-resources\/2022-03-15\/gesundheitsfoerderung-bei-unternehmen-versicherer-lanciert-neues-produkt\/#primaryimage"},"thumbnailUrl":"https:\/\/www.organisator.ch\/wp-content\/uploads\/2022\/03\/Gesundheitsfoerderung-bei-Unternehmen-Versicherer-lanciert-neues-Produkt_Organisator.jpg","datePublished":"2022-03-15T14:24:48+00:00","description":"Le nouveau service \"WeCare\" d'AXA Suisse offre un soutien cibl\u00e9 dans le domaine de la promotion de la sant\u00e9 aupr\u00e8s des entreprises.","breadcrumb":{"@id":"https:\/\/www.organisator.ch\/human-resources\/2022-03-15\/gesundheitsfoerderung-bei-unternehmen-versicherer-lanciert-neues-produkt\/#breadcrumb"},"inLanguage":"fr-FR","potentialAction":[{"@type":"ReadAction","target":["https:\/\/www.organisator.ch\/human-resources\/2022-03-15\/gesundheitsfoerderung-bei-unternehmen-versicherer-lanciert-neues-produkt\/"]}]},{"@type":"ImageObject","inLanguage":"fr-FR","@id":"https:\/\/www.organisator.ch\/human-resources\/2022-03-15\/gesundheitsfoerderung-bei-unternehmen-versicherer-lanciert-neues-produkt\/#primaryimage","url":"https:\/\/www.organisator.ch\/wp-content\/uploads\/2022\/03\/Gesundheitsfoerderung-bei-Unternehmen-Versicherer-lanciert-neues-Produkt_Organisator.jpg","contentUrl":"https:\/\/www.organisator.ch\/wp-content\/uploads\/2022\/03\/Gesundheitsfoerderung-bei-Unternehmen-Versicherer-lanciert-neues-Produkt_Organisator.jpg","width":680,"height":453,"caption":"Gesunde und motivierte Mitarbeitende als Erfolgsfaktor: AXA lanciert \u00abWeCare\u00bb zur Gesundheitsf\u00f6rderung bei Unternehmen. (Bild: zVg \/ AXA)"},{"@type":"BreadcrumbList","@id":"https:\/\/www.organisator.ch\/human-resources\/2022-03-15\/gesundheitsfoerderung-bei-unternehmen-versicherer-lanciert-neues-produkt\/#breadcrumb","itemListElement":[{"@type":"ListItem","position":1,"name":"Home","item":"https:\/\/www.organisator.ch\/"},{"@type":"ListItem","position":2,"name":"Gesundheitsf\u00f6rderung bei Unternehmen: Versicherer lanciert neues Produkt"}]},{"@type":"WebSite","@id":"https:\/\/www.organisator.ch\/#website","url":"https:\/\/www.organisator.ch\/","name":"Organisateur","description":"Comp\u00e9tence et comp\u00e9tence. Proches de la pratique. L'ORGANISATEUR pr\u00e9pare 10 num\u00e9ros par an sur les th\u00e8mes essentiels pour les dirigeants de PME.","publisher":{"@id":"https:\/\/www.organisator.ch\/#organization"},"potentialAction":[{"@type":"SearchAction","target":{"@type":"EntryPoint","urlTemplate":"https:\/\/www.organisator.ch\/?s={search_term_string}"},"query-input":{"@type":"PropertyValueSpecification","valueRequired":true,"valueName":"search_term_string"}}],"inLanguage":"fr-FR"},{"@type":"Organization","@id":"https:\/\/www.organisator.ch\/#organization","name":"Organisateur","url":"https:\/\/www.organisator.ch\/","logo":{"@type":"ImageObject","inLanguage":"fr-FR","@id":"https:\/\/www.organisator.ch\/#\/schema\/logo\/image\/","url":"https:\/\/www.organisator.ch\/wp-content\/uploads\/2022\/01\/Logo_Organisator_Website.png","contentUrl":"https:\/\/www.organisator.ch\/wp-content\/uploads\/2022\/01\/Logo_Organisator_Website.png","width":800,"height":77,"caption":"Organisator"},"image":{"@id":"https:\/\/www.organisator.ch\/#\/schema\/logo\/image\/"},"sameAs":["https:\/\/www.facebook.com\/OrganisatorFachmagazin","https:\/\/www.linkedin.com\/showcase\/organisator-das-magazin-fr-kmu","https:\/\/www.xing.com\/news\/pages\/organisator-ch-695","https:\/\/www.youtube.com\/channel\/UCGP2Sq0iWaZwT3BdIAQFYpw"]},{"@type":"Person","@id":"https:\/\/www.organisator.ch\/#\/schema\/person\/6f650f90b2842cd4c0cc334b4e36f67e","name":"thomas.berner","image":{"@type":"ImageObject","inLanguage":"fr-FR","@id":"https:\/\/secure.gravatar.com\/avatar\/ac5001d2a36cb6c6cd3e50789007ffca834b477b74a2144564522e944eabff61?s=96&d=mm&r=g","url":"https:\/\/secure.gravatar.com\/avatar\/ac5001d2a36cb6c6cd3e50789007ffca834b477b74a2144564522e944eabff61?s=96&d=mm&r=g","contentUrl":"https:\/\/secure.gravatar.com\/avatar\/ac5001d2a36cb6c6cd3e50789007ffca834b477b74a2144564522e944eabff61?s=96&d=mm&r=g","caption":"thomas.berner"},"url":"https:\/\/www.organisator.ch\/fr\/author\/thomas-berner\/"}]}},"_links":{"self":[{"href":"https:\/\/www.organisator.ch\/fr\/wp-json\/wp\/v2\/posts\/12136","targetHints":{"allow":["GET"]}}],"collection":[{"href":"https:\/\/www.organisator.ch\/fr\/wp-json\/wp\/v2\/posts"}],"about":[{"href":"https:\/\/www.organisator.ch\/fr\/wp-json\/wp\/v2\/types\/post"}],"author":[{"embeddable":true,"href":"https:\/\/www.organisator.ch\/fr\/wp-json\/wp\/v2\/users\/4"}],"replies":[{"embeddable":true,"href":"https:\/\/www.organisator.ch\/fr\/wp-json\/wp\/v2\/comments?post=12136"}],"version-history":[{"count":1,"href":"https:\/\/www.organisator.ch\/fr\/wp-json\/wp\/v2\/posts\/12136\/revisions"}],"predecessor-version":[{"id":12138,"href":"https:\/\/www.organisator.ch\/fr\/wp-json\/wp\/v2\/posts\/12136\/revisions\/12138"}],"wp:featuredmedia":[{"embeddable":true,"href":"https:\/\/www.organisator.ch\/fr\/wp-json\/wp\/v2\/media\/12137"}],"wp:attachment":[{"href":"https:\/\/www.organisator.ch\/fr\/wp-json\/wp\/v2\/media?parent=12136"}],"wp:term":[{"taxonomy":"category","embeddable":true,"href":"https:\/\/www.organisator.ch\/fr\/wp-json\/wp\/v2\/categories?post=12136"},{"taxonomy":"post_tag","embeddable":true,"href":"https:\/\/www.organisator.ch\/fr\/wp-json\/wp\/v2\/tags?post=12136"}],"curies":[{"name":"wp","href":"https:\/\/api.w.org\/{rel}","templated":true}]}}