{"id":12141,"date":"2022-03-16T09:28:53","date_gmt":"2022-03-16T08:28:53","guid":{"rendered":"https:\/\/www.organisator.ch\/?p=12141"},"modified":"2022-03-16T09:28:53","modified_gmt":"2022-03-16T08:28:53","slug":"infoniqa-erweitert-oberste-fuehrungsebene","status":"publish","type":"post","link":"https:\/\/www.organisator.ch\/fr\/management\/it\/2022-03-16\/infoniqa-erweitert-oberste-fuehrungsebene\/","title":{"rendered":"Infoniqa \u00e9largit sa haute direction"},"content":{"rendered":"<figure id=\"attachment_12142\" aria-describedby=\"caption-attachment-12142\" style=\"width: 680px\" class=\"wp-caption alignnone\"><img loading=\"lazy\" decoding=\"async\" class=\"size-full wp-image-12142\" src=\"https:\/\/www.organisator.ch\/wp-content\/uploads\/2022\/03\/Infoniqa-erweitert-oberste-Fuehrungsebene_Organisator.jpg\" alt=\"\" width=\"680\" height=\"775\" srcset=\"https:\/\/www.organisator.ch\/wp-content\/uploads\/2022\/03\/Infoniqa-erweitert-oberste-Fuehrungsebene_Organisator.jpg 680w, https:\/\/www.organisator.ch\/wp-content\/uploads\/2022\/03\/Infoniqa-erweitert-oberste-Fuehrungsebene_Organisator-11x12.jpg 11w, https:\/\/www.organisator.ch\/wp-content\/uploads\/2022\/03\/Infoniqa-erweitert-oberste-Fuehrungsebene_Organisator-154x175.jpg 154w, https:\/\/www.organisator.ch\/wp-content\/uploads\/2022\/03\/Infoniqa-erweitert-oberste-Fuehrungsebene_Organisator-307x350.jpg 307w, https:\/\/www.organisator.ch\/wp-content\/uploads\/2022\/03\/Infoniqa-erweitert-oberste-Fuehrungsebene_Organisator-300x342.jpg 300w\" sizes=\"auto, (max-width: 680px) 100vw, 680px\" \/><figcaption id=\"caption-attachment-12142\" class=\"wp-caption-text\">La haute direction \u00e9largie d'Infoniqa : L\u00e9on Vergnes (CEO, en haut \u00e0 gauche), Christopher Brezlan (CTO, en haut \u00e0 droite), Andrew Barton (COO, en bas \u00e0 gauche) et Hans-J\u00fcrgen Wels (CPO, en bas \u00e0 droite). (Photos : Infoniqa)<\/figcaption><\/figure>\n<p>Le fournisseur de logiciels de gestion Infoniqa \u00e9largit apr\u00e8s <a href=\"https:\/\/www.organisator.ch\/de\/management\/it\/2022-01-12\/infoniqa-investiert-in-schweizer-portfolio\/\">ses acquisitions pass\u00e9es<\/a> Christopher Brezlan a \u00e9t\u00e9 int\u00e9gr\u00e9 \u00e0 la direction en tant que Chief Technical Officer (CTO). Andrew Barton occupera d\u00e9sormais le poste de Chief Organisation Officer (COO) et Hans-J\u00fcrgen Wels sera responsable de l'ensemble du d\u00e9veloppement des produits en tant que Chief Product Officer (CPO).<\/p>\n<p>Le nouveau CTO Christopher Bezlan est responsable de l'ensemble du domaine technique chez Infoniqa depuis le 1er novembre 2021. Il occupe d\u00e9j\u00e0 depuis 15 ans diff\u00e9rents postes de direction dans le domaine de l'informatique. Ces quatre derni\u00e8res ann\u00e9es, il a travaill\u00e9 en tant que Head of Global Engineering pour une multinationale de la Silicon Valley, o\u00f9 il \u00e9tait responsable de la strat\u00e9gie AIOps Cloud chez Broadcom. \"Je me r\u00e9jouis d'accompagner Infoniqa dans sa transformation de champion cach\u00e9 en grand acteur. L'orientation cloud g\u00e9n\u00e9ralis\u00e9e de toutes les solutions n'est qu'un d\u00e9but. Infoniqa a tout ce qu'il faut pour devenir un pionnier technologique sur l'ensemble du march\u00e9 DACH\", d\u00e9clare Christopher Brezlan \u00e0 propos de son nouveau d\u00e9fi chez Infoniqa.<\/p>\n<h3>Augmenter l'excellence du service<\/h3>\n<p>Andrew Barton, quant \u00e0 lui, dirige et optimise depuis le 1er janvier 2022, en tant que Chief Operations Officer (COO), les activit\u00e9s op\u00e9rationnelles, y compris tous les processus d'exploitation chez Infoniqa. Cet Irlandais d'origine a plus de 15 ans d'exp\u00e9rience de direction chez Hewlett-Packard, Tricentis et Wrike. Andrew Barton y \u00e9tait notamment responsable des secteurs Customer Success, Consulting et Services Transformation. \"Avec Andrew Barton \u00e0 la t\u00eate de l'organisation, nous allons faire preuve d'une excellence de service unique dans tous les pays et continuer \u00e0 placer le client au centre de toutes nos activit\u00e9s\", a d\u00e9clar\u00e9 L\u00e9on Vergnes, CEO d'Infoniqa, \u00e0 propos de la nouvelle recrue. \"D\u00e8s le premier instant, nous soutenons nos clients de mani\u00e8re transparente et rapide dans leurs objectifs, accompagn\u00e9s par des \u00e9quipes de conseil, de support et de livraison de premier ordre\".<\/p>\n<p>Andrew Barton a des plans concrets pour l'\u00e9tablissement de l'excellence du service chez Infoniqa : \"L'exp\u00e9rience client et le parcours client doivent \u00eatre facilit\u00e9s et standardis\u00e9s dans le secteur des technologies et des services RH, qui \u00e9volue rapidement. Pour cela, nous investissons dans trois domaines principaux : Premi\u00e8rement, nous renfor\u00e7ons nos \u00e9quipes de service hautement comp\u00e9tentes et lan\u00e7ons un programme de partenaires certifi\u00e9s pour la fourniture de services. Deuxi\u00e8mement, nous nous assurons que nos processus sont efficaces et que notre parcours client est de premi\u00e8re qualit\u00e9. Et troisi\u00e8mement, nous introduisons des plateformes et des technologies pertinentes afin de toujours offrir \u00e0 nos clients le plus haut niveau de service, de qualit\u00e9 et de transparence\".<\/p>\n<h3>Direction sup\u00e9rieure avec la cr\u00e9ation d'un poste de CPO<\/h3>\n<p>Enfin, en tant que nouveau Chief Product Officer (CPO), Hans-J\u00fcrgen Wels occupe depuis le 14 f\u00e9vrier 2022 un poste nouvellement cr\u00e9\u00e9 au sein de la direction d'Infoniqa. Hans-J\u00fcrgen Wels dispose de plus de 20 ans d'exp\u00e9rience dans la gestion de produits. Apr\u00e8s avoir travaill\u00e9 chez proAlpha et Raiffeisen, il s'est concentr\u00e9 entre autres sur le domaine \"Customer\" en tant que cofondateur d'Unycom et a finalement \u00e9t\u00e9 responsable du succ\u00e8s commercial et de la croissance de l'entreprise en tant que CEO. \"A l'avenir, Infoniqa veut proposer exclusivement des solutions bas\u00e9es sur le cloud en mode SaaS ou directement comme service d'externalisation. Hans-J\u00fcrgen Wels, en tant que Chief Product Officer, et son expertise sur ce march\u00e9 en pleine croissance donneront \u00e0 Infoniqa l'impulsion n\u00e9cessaire pour y parvenir\", a d\u00e9clar\u00e9 L\u00e9on Vergnes. La strat\u00e9gie future comprend notamment l'int\u00e9gration des activit\u00e9s suisses du groupe Sage, acquises en mars 2021.<\/p>\n<p><em>Source et informations compl\u00e9mentaires : <a href=\"http:\/\/www.infoniqa.com\">www.infoniqa.com<\/a><\/em><\/p>","protected":false},"excerpt":{"rendered":"<p>Der Anbieter von Business-Software Infoniqa erweitert nach seinen vergangenen Zuk\u00e4ufen die oberste F\u00fchrungsebene: Christopher Brezlan wurde als Chief Technical Officer (CTO) ins Management aufgenommen. Andrew Barton bekleidet k\u00fcnftig die Position des Chief Organisation Officer (COO) und Hans-J\u00fcrgen Wels verantwortet als Chief Product Officer (CPO) die gesamte Produktentwicklung. Der neue CTO Christopher Bezlan verantwortet den\u00a0gesamten technischen [&hellip;]<\/p>\n","protected":false},"author":4,"featured_media":12142,"comment_status":"closed","ping_status":"closed","sticky":false,"template":"","format":"standard","meta":{"_acf_changed":false,"_yoast_wpseo_focuskw":"oberste F\u00fchrungsebene","_yoast_wpseo_metadesc":"Nach den vergangenen Firmenzuk\u00e4ufen hat sich das Software-Unternehmen Infoniqa breiter aufgestellt und die oberste F\u00fchrungsebene erweitert.","articlekey":"","footnotes":""},"categories":[27],"tags":[287,334,381],"class_list":["post-12141","post","type-post","status-publish","format-standard","has-post-thumbnail","hentry","category-it","tag-itbusiness-software","tag-management","tag-personalia"],"acf":[],"yoast_head":"<!-- This site is optimized with the Yoast SEO plugin v27.5 - https:\/\/yoast.com\/product\/yoast-seo-wordpress\/ -->\n<title>Infoniqa erweitert oberste F\u00fchrungsebene - Organisator<\/title>\n<meta name=\"description\" content=\"Nach den vergangenen Firmenzuk\u00e4ufen hat sich das Software-Unternehmen Infoniqa breiter aufgestellt und die oberste F\u00fchrungsebene erweitert.\" \/>\n<meta name=\"robots\" content=\"index, follow, max-snippet:-1, max-image-preview:large, max-video-preview:-1\" \/>\n<link rel=\"canonical\" href=\"https:\/\/www.organisator.ch\/fr\/gestion-2\/it\/2022-03-16\/infoniqa-erweitert-oberste-fuehrungsebene\/\" \/>\n<meta property=\"og:locale\" content=\"fr_FR\" \/>\n<meta property=\"og:type\" content=\"article\" \/>\n<meta property=\"og:title\" content=\"Infoniqa erweitert oberste F\u00fchrungsebene\" \/>\n<meta property=\"og:description\" content=\"Nach den vergangenen Firmenzuk\u00e4ufen hat sich das Software-Unternehmen Infoniqa breiter aufgestellt und die oberste F\u00fchrungsebene erweitert.\" \/>\n<meta property=\"og:url\" content=\"https:\/\/www.organisator.ch\/fr\/gestion-2\/it\/2022-03-16\/infoniqa-erweitert-oberste-fuehrungsebene\/\" \/>\n<meta property=\"og:site_name\" content=\"Organisator\" \/>\n<meta property=\"article:publisher\" content=\"https:\/\/www.facebook.com\/OrganisatorFachmagazin\" \/>\n<meta property=\"article:published_time\" content=\"2022-03-16T08:28:53+00:00\" \/>\n<meta property=\"og:image\" content=\"https:\/\/www.organisator.ch\/wp-content\/uploads\/2022\/03\/Infoniqa-erweitert-oberste-Fuehrungsebene_Organisator.jpg\" \/>\n\t<meta property=\"og:image:width\" content=\"680\" \/>\n\t<meta property=\"og:image:height\" content=\"775\" \/>\n\t<meta property=\"og:image:type\" content=\"image\/jpeg\" \/>\n<meta name=\"author\" content=\"thomas.berner\" \/>\n<meta name=\"twitter:card\" content=\"summary_large_image\" \/>\n<meta name=\"twitter:title\" content=\"#Infoniqa erweitert oberste #F\u00fchrungsebene\" \/>\n<meta name=\"twitter:description\" content=\"Nach den vergangenen #Firmenzuk\u00e4ufen hat sich das #Software-Unternehmen #Infoniqa breiter aufgestellt und die oberste #F\u00fchrungsebene erweitert.\" \/>\n<meta name=\"twitter:image\" content=\"https:\/\/www.organisator.ch\/wp-content\/uploads\/2022\/03\/Infoniqa-erweitert-oberste-Fuehrungsebene_Organisator.jpg\" \/>\n<script type=\"application\/ld+json\" class=\"yoast-schema-graph\">{\"@context\":\"https:\\\/\\\/schema.org\",\"@graph\":[{\"@type\":\"Article\",\"@id\":\"https:\\\/\\\/www.organisator.ch\\\/management\\\/it\\\/2022-03-16\\\/infoniqa-erweitert-oberste-fuehrungsebene\\\/#article\",\"isPartOf\":{\"@id\":\"https:\\\/\\\/www.organisator.ch\\\/management\\\/it\\\/2022-03-16\\\/infoniqa-erweitert-oberste-fuehrungsebene\\\/\"},\"author\":{\"name\":\"thomas.berner\",\"@id\":\"https:\\\/\\\/www.organisator.ch\\\/#\\\/schema\\\/person\\\/6f650f90b2842cd4c0cc334b4e36f67e\"},\"headline\":\"Infoniqa erweitert oberste F\u00fchrungsebene\",\"datePublished\":\"2022-03-16T08:28:53+00:00\",\"mainEntityOfPage\":{\"@id\":\"https:\\\/\\\/www.organisator.ch\\\/management\\\/it\\\/2022-03-16\\\/infoniqa-erweitert-oberste-fuehrungsebene\\\/\"},\"wordCount\":550,\"publisher\":{\"@id\":\"https:\\\/\\\/www.organisator.ch\\\/#organization\"},\"image\":{\"@id\":\"https:\\\/\\\/www.organisator.ch\\\/management\\\/it\\\/2022-03-16\\\/infoniqa-erweitert-oberste-fuehrungsebene\\\/#primaryimage\"},\"thumbnailUrl\":\"https:\\\/\\\/www.organisator.ch\\\/wp-content\\\/uploads\\\/2022\\\/03\\\/Infoniqa-erweitert-oberste-Fuehrungsebene_Organisator.jpg\",\"keywords\":[\"IT\u2009&amp;\u2009Business Software\",\"Management\",\"Personalia\"],\"articleSection\":[\"IT\"],\"inLanguage\":\"fr-FR\"},{\"@type\":\"WebPage\",\"@id\":\"https:\\\/\\\/www.organisator.ch\\\/management\\\/it\\\/2022-03-16\\\/infoniqa-erweitert-oberste-fuehrungsebene\\\/\",\"url\":\"https:\\\/\\\/www.organisator.ch\\\/management\\\/it\\\/2022-03-16\\\/infoniqa-erweitert-oberste-fuehrungsebene\\\/\",\"name\":\"Infoniqa erweitert oberste F\u00fchrungsebene - Organisator\",\"isPartOf\":{\"@id\":\"https:\\\/\\\/www.organisator.ch\\\/#website\"},\"primaryImageOfPage\":{\"@id\":\"https:\\\/\\\/www.organisator.ch\\\/management\\\/it\\\/2022-03-16\\\/infoniqa-erweitert-oberste-fuehrungsebene\\\/#primaryimage\"},\"image\":{\"@id\":\"https:\\\/\\\/www.organisator.ch\\\/management\\\/it\\\/2022-03-16\\\/infoniqa-erweitert-oberste-fuehrungsebene\\\/#primaryimage\"},\"thumbnailUrl\":\"https:\\\/\\\/www.organisator.ch\\\/wp-content\\\/uploads\\\/2022\\\/03\\\/Infoniqa-erweitert-oberste-Fuehrungsebene_Organisator.jpg\",\"datePublished\":\"2022-03-16T08:28:53+00:00\",\"description\":\"Nach den vergangenen Firmenzuk\u00e4ufen hat sich das Software-Unternehmen Infoniqa breiter aufgestellt und die oberste F\u00fchrungsebene erweitert.\",\"breadcrumb\":{\"@id\":\"https:\\\/\\\/www.organisator.ch\\\/management\\\/it\\\/2022-03-16\\\/infoniqa-erweitert-oberste-fuehrungsebene\\\/#breadcrumb\"},\"inLanguage\":\"fr-FR\",\"potentialAction\":[{\"@type\":\"ReadAction\",\"target\":[\"https:\\\/\\\/www.organisator.ch\\\/management\\\/it\\\/2022-03-16\\\/infoniqa-erweitert-oberste-fuehrungsebene\\\/\"]}]},{\"@type\":\"ImageObject\",\"inLanguage\":\"fr-FR\",\"@id\":\"https:\\\/\\\/www.organisator.ch\\\/management\\\/it\\\/2022-03-16\\\/infoniqa-erweitert-oberste-fuehrungsebene\\\/#primaryimage\",\"url\":\"https:\\\/\\\/www.organisator.ch\\\/wp-content\\\/uploads\\\/2022\\\/03\\\/Infoniqa-erweitert-oberste-Fuehrungsebene_Organisator.jpg\",\"contentUrl\":\"https:\\\/\\\/www.organisator.ch\\\/wp-content\\\/uploads\\\/2022\\\/03\\\/Infoniqa-erweitert-oberste-Fuehrungsebene_Organisator.jpg\",\"width\":680,\"height\":775,\"caption\":\"Die erweiterte oberste F\u00fchrungsebene von Infoniqa: L\u00e9on Vergnes (CEO, oben links), Christopher Brezlan (CTO, oben rechts), Andrew Barton (COO, unten links) und Hans-J\u00fcrgen Wels (CPO, unten rechts). (Fotos: Infoniqa)\"},{\"@type\":\"BreadcrumbList\",\"@id\":\"https:\\\/\\\/www.organisator.ch\\\/management\\\/it\\\/2022-03-16\\\/infoniqa-erweitert-oberste-fuehrungsebene\\\/#breadcrumb\",\"itemListElement\":[{\"@type\":\"ListItem\",\"position\":1,\"name\":\"Home\",\"item\":\"https:\\\/\\\/www.organisator.ch\\\/\"},{\"@type\":\"ListItem\",\"position\":2,\"name\":\"Infoniqa erweitert oberste F\u00fchrungsebene\"}]},{\"@type\":\"WebSite\",\"@id\":\"https:\\\/\\\/www.organisator.ch\\\/#website\",\"url\":\"https:\\\/\\\/www.organisator.ch\\\/\",\"name\":\"Organisator\",\"description\":\"Kompetent. Praxisnah. Der ORGANISATOR bereitet in 10 Ausgaben pro Jahr die wesentlichen Themen f\u00fcr F\u00fchrungskr\u00e4fte von KMU auf.\",\"publisher\":{\"@id\":\"https:\\\/\\\/www.organisator.ch\\\/#organization\"},\"potentialAction\":[{\"@type\":\"SearchAction\",\"target\":{\"@type\":\"EntryPoint\",\"urlTemplate\":\"https:\\\/\\\/www.organisator.ch\\\/?s={search_term_string}\"},\"query-input\":{\"@type\":\"PropertyValueSpecification\",\"valueRequired\":true,\"valueName\":\"search_term_string\"}}],\"inLanguage\":\"fr-FR\"},{\"@type\":\"Organization\",\"@id\":\"https:\\\/\\\/www.organisator.ch\\\/#organization\",\"name\":\"Organisator\",\"url\":\"https:\\\/\\\/www.organisator.ch\\\/\",\"logo\":{\"@type\":\"ImageObject\",\"inLanguage\":\"fr-FR\",\"@id\":\"https:\\\/\\\/www.organisator.ch\\\/#\\\/schema\\\/logo\\\/image\\\/\",\"url\":\"https:\\\/\\\/www.organisator.ch\\\/wp-content\\\/uploads\\\/2022\\\/01\\\/Logo_Organisator_Website.png\",\"contentUrl\":\"https:\\\/\\\/www.organisator.ch\\\/wp-content\\\/uploads\\\/2022\\\/01\\\/Logo_Organisator_Website.png\",\"width\":800,\"height\":77,\"caption\":\"Organisator\"},\"image\":{\"@id\":\"https:\\\/\\\/www.organisator.ch\\\/#\\\/schema\\\/logo\\\/image\\\/\"},\"sameAs\":[\"https:\\\/\\\/www.facebook.com\\\/OrganisatorFachmagazin\",\"https:\\\/\\\/www.linkedin.com\\\/showcase\\\/organisator-das-magazin-fr-kmu\",\"https:\\\/\\\/www.xing.com\\\/news\\\/pages\\\/organisator-ch-695\",\"https:\\\/\\\/www.youtube.com\\\/channel\\\/UCGP2Sq0iWaZwT3BdIAQFYpw\"]},{\"@type\":\"Person\",\"@id\":\"https:\\\/\\\/www.organisator.ch\\\/#\\\/schema\\\/person\\\/6f650f90b2842cd4c0cc334b4e36f67e\",\"name\":\"thomas.berner\",\"image\":{\"@type\":\"ImageObject\",\"inLanguage\":\"fr-FR\",\"@id\":\"https:\\\/\\\/secure.gravatar.com\\\/avatar\\\/ac5001d2a36cb6c6cd3e50789007ffca834b477b74a2144564522e944eabff61?s=96&d=mm&r=g\",\"url\":\"https:\\\/\\\/secure.gravatar.com\\\/avatar\\\/ac5001d2a36cb6c6cd3e50789007ffca834b477b74a2144564522e944eabff61?s=96&d=mm&r=g\",\"contentUrl\":\"https:\\\/\\\/secure.gravatar.com\\\/avatar\\\/ac5001d2a36cb6c6cd3e50789007ffca834b477b74a2144564522e944eabff61?s=96&d=mm&r=g\",\"caption\":\"thomas.berner\"},\"url\":\"https:\\\/\\\/www.organisator.ch\\\/fr\\\/author\\\/thomas-berner\\\/\"}]}<\/script>\n<!-- \/ Yoast SEO plugin. -->","yoast_head_json":{"title":"Infoniqa \u00e9largit sa haute direction - Organisateur","description":"Apr\u00e8s les acquisitions d'entreprises pass\u00e9es, l'entreprise de logiciels Infoniqa s'est diversifi\u00e9e et a \u00e9largi son niveau de direction sup\u00e9rieur.","robots":{"index":"index","follow":"follow","max-snippet":"max-snippet:-1","max-image-preview":"max-image-preview:large","max-video-preview":"max-video-preview:-1"},"canonical":"https:\/\/www.organisator.ch\/fr\/gestion-2\/it\/2022-03-16\/infoniqa-erweitert-oberste-fuehrungsebene\/","og_locale":"fr_FR","og_type":"article","og_title":"Infoniqa erweitert oberste F\u00fchrungsebene","og_description":"Nach den vergangenen Firmenzuk\u00e4ufen hat sich das Software-Unternehmen Infoniqa breiter aufgestellt und die oberste F\u00fchrungsebene erweitert.","og_url":"https:\/\/www.organisator.ch\/fr\/gestion-2\/it\/2022-03-16\/infoniqa-erweitert-oberste-fuehrungsebene\/","og_site_name":"Organisator","article_publisher":"https:\/\/www.facebook.com\/OrganisatorFachmagazin","article_published_time":"2022-03-16T08:28:53+00:00","og_image":[{"width":680,"height":775,"url":"https:\/\/www.organisator.ch\/wp-content\/uploads\/2022\/03\/Infoniqa-erweitert-oberste-Fuehrungsebene_Organisator.jpg","type":"image\/jpeg"}],"author":"thomas.berner","twitter_card":"summary_large_image","twitter_title":"#Infoniqa erweitert oberste #F\u00fchrungsebene","twitter_description":"Nach den vergangenen #Firmenzuk\u00e4ufen hat sich das #Software-Unternehmen #Infoniqa breiter aufgestellt und die oberste #F\u00fchrungsebene erweitert.","twitter_image":"https:\/\/www.organisator.ch\/wp-content\/uploads\/2022\/03\/Infoniqa-erweitert-oberste-Fuehrungsebene_Organisator.jpg","schema":{"@context":"https:\/\/schema.org","@graph":[{"@type":"Article","@id":"https:\/\/www.organisator.ch\/management\/it\/2022-03-16\/infoniqa-erweitert-oberste-fuehrungsebene\/#article","isPartOf":{"@id":"https:\/\/www.organisator.ch\/management\/it\/2022-03-16\/infoniqa-erweitert-oberste-fuehrungsebene\/"},"author":{"name":"thomas.berner","@id":"https:\/\/www.organisator.ch\/#\/schema\/person\/6f650f90b2842cd4c0cc334b4e36f67e"},"headline":"Infoniqa erweitert oberste F\u00fchrungsebene","datePublished":"2022-03-16T08:28:53+00:00","mainEntityOfPage":{"@id":"https:\/\/www.organisator.ch\/management\/it\/2022-03-16\/infoniqa-erweitert-oberste-fuehrungsebene\/"},"wordCount":550,"publisher":{"@id":"https:\/\/www.organisator.ch\/#organization"},"image":{"@id":"https:\/\/www.organisator.ch\/management\/it\/2022-03-16\/infoniqa-erweitert-oberste-fuehrungsebene\/#primaryimage"},"thumbnailUrl":"https:\/\/www.organisator.ch\/wp-content\/uploads\/2022\/03\/Infoniqa-erweitert-oberste-Fuehrungsebene_Organisator.jpg","keywords":["IT\u2009&amp;\u2009Business Software","Management","Personalia"],"articleSection":["IT"],"inLanguage":"fr-FR"},{"@type":"WebPage","@id":"https:\/\/www.organisator.ch\/management\/it\/2022-03-16\/infoniqa-erweitert-oberste-fuehrungsebene\/","url":"https:\/\/www.organisator.ch\/management\/it\/2022-03-16\/infoniqa-erweitert-oberste-fuehrungsebene\/","name":"Infoniqa \u00e9largit sa haute direction - Organisateur","isPartOf":{"@id":"https:\/\/www.organisator.ch\/#website"},"primaryImageOfPage":{"@id":"https:\/\/www.organisator.ch\/management\/it\/2022-03-16\/infoniqa-erweitert-oberste-fuehrungsebene\/#primaryimage"},"image":{"@id":"https:\/\/www.organisator.ch\/management\/it\/2022-03-16\/infoniqa-erweitert-oberste-fuehrungsebene\/#primaryimage"},"thumbnailUrl":"https:\/\/www.organisator.ch\/wp-content\/uploads\/2022\/03\/Infoniqa-erweitert-oberste-Fuehrungsebene_Organisator.jpg","datePublished":"2022-03-16T08:28:53+00:00","description":"Apr\u00e8s les acquisitions d'entreprises pass\u00e9es, l'entreprise de logiciels Infoniqa s'est diversifi\u00e9e et a \u00e9largi son niveau de direction sup\u00e9rieur.","breadcrumb":{"@id":"https:\/\/www.organisator.ch\/management\/it\/2022-03-16\/infoniqa-erweitert-oberste-fuehrungsebene\/#breadcrumb"},"inLanguage":"fr-FR","potentialAction":[{"@type":"ReadAction","target":["https:\/\/www.organisator.ch\/management\/it\/2022-03-16\/infoniqa-erweitert-oberste-fuehrungsebene\/"]}]},{"@type":"ImageObject","inLanguage":"fr-FR","@id":"https:\/\/www.organisator.ch\/management\/it\/2022-03-16\/infoniqa-erweitert-oberste-fuehrungsebene\/#primaryimage","url":"https:\/\/www.organisator.ch\/wp-content\/uploads\/2022\/03\/Infoniqa-erweitert-oberste-Fuehrungsebene_Organisator.jpg","contentUrl":"https:\/\/www.organisator.ch\/wp-content\/uploads\/2022\/03\/Infoniqa-erweitert-oberste-Fuehrungsebene_Organisator.jpg","width":680,"height":775,"caption":"Die erweiterte oberste F\u00fchrungsebene von Infoniqa: L\u00e9on Vergnes (CEO, oben links), Christopher Brezlan (CTO, oben rechts), Andrew Barton (COO, unten links) und Hans-J\u00fcrgen Wels (CPO, unten rechts). (Fotos: Infoniqa)"},{"@type":"BreadcrumbList","@id":"https:\/\/www.organisator.ch\/management\/it\/2022-03-16\/infoniqa-erweitert-oberste-fuehrungsebene\/#breadcrumb","itemListElement":[{"@type":"ListItem","position":1,"name":"Home","item":"https:\/\/www.organisator.ch\/"},{"@type":"ListItem","position":2,"name":"Infoniqa erweitert oberste F\u00fchrungsebene"}]},{"@type":"WebSite","@id":"https:\/\/www.organisator.ch\/#website","url":"https:\/\/www.organisator.ch\/","name":"Organisateur","description":"Comp\u00e9tence et comp\u00e9tence. Proches de la pratique. L'ORGANISATEUR pr\u00e9pare 10 num\u00e9ros par an sur les th\u00e8mes essentiels pour les dirigeants de PME.","publisher":{"@id":"https:\/\/www.organisator.ch\/#organization"},"potentialAction":[{"@type":"SearchAction","target":{"@type":"EntryPoint","urlTemplate":"https:\/\/www.organisator.ch\/?s={search_term_string}"},"query-input":{"@type":"PropertyValueSpecification","valueRequired":true,"valueName":"search_term_string"}}],"inLanguage":"fr-FR"},{"@type":"Organization","@id":"https:\/\/www.organisator.ch\/#organization","name":"Organisateur","url":"https:\/\/www.organisator.ch\/","logo":{"@type":"ImageObject","inLanguage":"fr-FR","@id":"https:\/\/www.organisator.ch\/#\/schema\/logo\/image\/","url":"https:\/\/www.organisator.ch\/wp-content\/uploads\/2022\/01\/Logo_Organisator_Website.png","contentUrl":"https:\/\/www.organisator.ch\/wp-content\/uploads\/2022\/01\/Logo_Organisator_Website.png","width":800,"height":77,"caption":"Organisator"},"image":{"@id":"https:\/\/www.organisator.ch\/#\/schema\/logo\/image\/"},"sameAs":["https:\/\/www.facebook.com\/OrganisatorFachmagazin","https:\/\/www.linkedin.com\/showcase\/organisator-das-magazin-fr-kmu","https:\/\/www.xing.com\/news\/pages\/organisator-ch-695","https:\/\/www.youtube.com\/channel\/UCGP2Sq0iWaZwT3BdIAQFYpw"]},{"@type":"Person","@id":"https:\/\/www.organisator.ch\/#\/schema\/person\/6f650f90b2842cd4c0cc334b4e36f67e","name":"thomas.berner","image":{"@type":"ImageObject","inLanguage":"fr-FR","@id":"https:\/\/secure.gravatar.com\/avatar\/ac5001d2a36cb6c6cd3e50789007ffca834b477b74a2144564522e944eabff61?s=96&d=mm&r=g","url":"https:\/\/secure.gravatar.com\/avatar\/ac5001d2a36cb6c6cd3e50789007ffca834b477b74a2144564522e944eabff61?s=96&d=mm&r=g","contentUrl":"https:\/\/secure.gravatar.com\/avatar\/ac5001d2a36cb6c6cd3e50789007ffca834b477b74a2144564522e944eabff61?s=96&d=mm&r=g","caption":"thomas.berner"},"url":"https:\/\/www.organisator.ch\/fr\/author\/thomas-berner\/"}]}},"_links":{"self":[{"href":"https:\/\/www.organisator.ch\/fr\/wp-json\/wp\/v2\/posts\/12141","targetHints":{"allow":["GET"]}}],"collection":[{"href":"https:\/\/www.organisator.ch\/fr\/wp-json\/wp\/v2\/posts"}],"about":[{"href":"https:\/\/www.organisator.ch\/fr\/wp-json\/wp\/v2\/types\/post"}],"author":[{"embeddable":true,"href":"https:\/\/www.organisator.ch\/fr\/wp-json\/wp\/v2\/users\/4"}],"replies":[{"embeddable":true,"href":"https:\/\/www.organisator.ch\/fr\/wp-json\/wp\/v2\/comments?post=12141"}],"version-history":[{"count":1,"href":"https:\/\/www.organisator.ch\/fr\/wp-json\/wp\/v2\/posts\/12141\/revisions"}],"predecessor-version":[{"id":12143,"href":"https:\/\/www.organisator.ch\/fr\/wp-json\/wp\/v2\/posts\/12141\/revisions\/12143"}],"wp:featuredmedia":[{"embeddable":true,"href":"https:\/\/www.organisator.ch\/fr\/wp-json\/wp\/v2\/media\/12142"}],"wp:attachment":[{"href":"https:\/\/www.organisator.ch\/fr\/wp-json\/wp\/v2\/media?parent=12141"}],"wp:term":[{"taxonomy":"category","embeddable":true,"href":"https:\/\/www.organisator.ch\/fr\/wp-json\/wp\/v2\/categories?post=12141"},{"taxonomy":"post_tag","embeddable":true,"href":"https:\/\/www.organisator.ch\/fr\/wp-json\/wp\/v2\/tags?post=12141"}],"curies":[{"name":"wp","href":"https:\/\/api.w.org\/{rel}","templated":true}]}}