{"id":12149,"date":"2022-03-16T13:23:52","date_gmt":"2022-03-16T12:23:52","guid":{"rendered":"https:\/\/www.m-q.ch\/?p=16071"},"modified":"2022-08-02T15:40:42","modified_gmt":"2022-08-02T13:40:42","slug":"sustainable-productivity-studie-fordert-neues-produktionsverstaendnis","status":"publish","type":"post","link":"https:\/\/www.organisator.ch\/fr\/operational-excellence\/2022-03-16\/sustainable-productivity-studie-fordert-neues-produktionsverstaendnis\/","title":{"rendered":"Sustainable Productivity : une \u00e9tude appelle \u00e0 une nouvelle compr\u00e9hension de la production"},"content":{"rendered":"<figure id=\"attachment_16072\" class=\"wp-caption alignnone\" style=\"width: 680px\" aria-describedby=\"caption-attachment-16072\"><img class=\"alignnone wp-image-16072 size-full\" src=\"https:\/\/www.m-q.ch\/wp-content\/uploads\/2022\/03\/Sustainable-Productivity-Studie-fordert-neues-Produktionsverstaendnis_MQ.jpg\" alt=\"Productivit\u00e9 durable\" width=\"680\" height=\"382\" \/><figcaption id=\"caption-attachment-16072\" class=\"wp-caption-text\">Sustainable Productivity : l'industrie germanophone doit prendre un virage de production durable. (\u00a9 iStock)<\/figcaption><\/figure>\r\nLes acquis des r\u00e9volutions industrielles ont conduit \u00e0 une \u00e9norme efficacit\u00e9 dans la production - mais pas \u00e0 la Sustainable Productivity : les produits quotidiens des domaines de l'\u00e9lectronique, de la consommation et des transports sont fabriqu\u00e9s \u00e0 des co\u00fbts si bas qu'ils peuvent \u00eatre rendus accessibles \u00e0 toute la population. Une prosp\u00e9rit\u00e9 qui permet en m\u00eame temps de s'offrir un taux d'utilisation parfois effroyablement bas des objets utilis\u00e9s. Ainsi, le taux d'utilisation moyen d'une voiture priv\u00e9e est d'\u00e0 peine quatre pour cent. Une grande partie des articles de consommation et \u00e9lectroniques sont jet\u00e9s apr\u00e8s une courte phase d'utilisation - l'efficacit\u00e9 de la production le permet.\r\n<h2>Loin de Sustainable Productivity<\/h2>\r\nLa recherche continue de l'optimisation des co\u00fbts et de l'augmentation de l'efficacit\u00e9 a conduit \u00e0 une r\u00e9flexion sur la productivit\u00e9 qui n\u00e9cessite beaucoup de capital et de ressources. L'augmentation des \u00e9missions de CO2, qui ont presque doubl\u00e9 depuis 1990, en est la preuve. Les cons\u00e9quences sociales et \u00e9cologiques de cette \u00e9volution sont devenues de plus en plus \u00e9videntes au cours des derni\u00e8res ann\u00e9es. L'aggravation de la crise climatique, en particulier, a eu pour cons\u00e9quence que la pens\u00e9e productive, intensive en capital et en ressources, se distingue de la vision d'avenir d'une soci\u00e9t\u00e9 plus consciente de l'\u00e9cologie. En tant que l'un des pollueurs, l'industrie de production porte une grande responsabilit\u00e9 \u00e0 cet \u00e9gard. L'industrie germanophone doit prendre un tournant durable en mati\u00e8re de production - et ce imm\u00e9diatement !\r\n<h2>Le tournant de la production est \u00e0 la fois une n\u00e9cessit\u00e9 et une opportunit\u00e9<\/h2>\r\nDans ce contexte, la notion de productivit\u00e9 doit \u00eatre fondamentalement repens\u00e9e en int\u00e9grant une approche globale de la durabilit\u00e9. C'est l\u00e0 qu'intervient l'\u00e9tude \"Sustainable Productivity\" de la chaire de syst\u00e9matique de production du laboratoire de machines-outils WZL de la RWTH Aachen. L'objectif de l'\u00e9tude \u00e9tait d'\u00e9laborer la nouvelle compr\u00e9hension n\u00e9cessaire de la notion de productivit\u00e9 afin de pouvoir amorcer le tournant de la production. Si jusqu'\u00e0 pr\u00e9sent, les objectifs financiers \u00e9taient principalement mis en avant, il convient de les compl\u00e9ter par des objectifs \u00e9cologiques, sociaux et r\u00e9glementaires. Ces objectifs in\u00e9dits ont un impact sur la conception des produits dans les phases de d\u00e9veloppement, de production et d'utilisation. Cette nouvelle conception est rendue possible par la num\u00e9risation et notamment par l'\"Internet of Production\", qui met \u00e0 disposition la transparence n\u00e9cessaire \u00e0 l'augmentation globale de la durabilit\u00e9.\r\n\r\nOutre la n\u00e9cessit\u00e9 li\u00e9e \u00e0 la responsabilit\u00e9, le tournant de la production repr\u00e9sente \u00e9galement une \u00e9norme opportunit\u00e9 pour une orientation durable de l'industrie germanophone. Cela comprend d'une part la perception sociale et l'organisation r\u00e9elle du changement global par l'industrie de production germanophone. D'autre part, cela cr\u00e9e un avantage concurrentiel clair par rapport aux sites concurrents. L'interaction de ces deux facteurs permet d'obtenir une plus-value mon\u00e9tarisable.\r\n\r\nLa pr\u00e9sente \u00e9tude fournit \u00e0 cet effet aux entreprises des recommandations concr\u00e8tes pour l'organisation de leur production en vue d'une \"production durable\". Outre des chiffres cl\u00e9s permettant d'\u00e9valuer la situation actuelle et les progr\u00e8s r\u00e9alis\u00e9s, des exemples de r\u00e9ussite d\u00e9j\u00e0 existants d'entreprises de production sont pr\u00e9sent\u00e9s.\r\n\r\n<em>Source et informations compl\u00e9mentaires : <a href=\"https:\/\/www.wzl.rwth-aachen.de\/ca\/f\/txhei\/#aaaaaaaaaatxhlk\">WZL<\/a><\/em>\n<p class=\"syndicated-attribution\">Cet article est paru initialement sur m-q.ch - <a href=\"https:\/\/www.m-q.ch\/de\/ustainable-productivity-studie-fordert-neues-produktionsverstaendnis\/\" target=\"_blank\">https:\/\/www.m-q.ch\/de\/ustainable-productivity-studie-fordert-neues-produktionsverstaendnis\/<\/a><\/p>","protected":false},"excerpt":{"rendered":"<p>Die Errungenschaften der industriellen Revolutionen haben zu einer enormen Effizienz in der Produktion gef\u00fchrt \u2013 aber nicht zu Sustainable Productivity: Alltagsprodukte aus den Bereichen Elektronik, Konsum und Verkehr werden derart kosteng\u00fcnstig hergestellt, dass sie der gesamten Bev\u00f6lkerung zug\u00e4nglich gemacht werden k\u00f6nnen. Ein Wohlstand, der es zeitgleich erm\u00f6glicht, sich einen teilweise erschreckend niedrigen Nutzungsgrad der verwendeten [\u2026]<\/p>\n","protected":false},"author":8,"featured_media":0,"comment_status":"closed","ping_status":"closed","sticky":false,"template":"","format":"standard","meta":{"_acf_changed":false,"_yoast_wpseo_focuskw":"Sustainable Productivity","_yoast_wpseo_metadesc":"Unter dem Titel \u201eSustainable Productivity \u2013 Ein neues Produktionsverst\u00e4ndnis f\u00fcr eine nachhaltige Produktionswende\u201c hat das Werkzeugmaschinenlabor WZL der RWTH Aachen University k\u00fcrzlich eine Studie ver\u00f6ffentlicht.","articlekey":"","footnotes":""},"categories":[582],"tags":[3282],"class_list":["post-12149","post","type-post","status-publish","format-standard","hentry","category-operational-excellence","tag-sustainable-productivity"],"acf":[],"yoast_head":"<!-- This site is optimized with the Yoast SEO plugin v27.4 - https:\/\/yoast.com\/product\/yoast-seo-wordpress\/ -->\n<title>Sustainable Productivity: Studie fordert neues Produktionsverst\u00e4ndnis - Organisator<\/title>\n<meta name=\"description\" content=\"Unter dem Titel \u201eSustainable Productivity \u2013 Ein neues Produktionsverst\u00e4ndnis f\u00fcr eine nachhaltige Produktionswende\u201c hat das Werkzeugmaschinenlabor WZL der RWTH Aachen University k\u00fcrzlich eine Studie ver\u00f6ffentlicht.\" \/>\n<meta name=\"robots\" content=\"index, follow, max-snippet:-1, max-image-preview:large, max-video-preview:-1\" \/>\n<link rel=\"canonical\" href=\"https:\/\/www.m-q.ch\/de\/ustainable-productivity-studie-fordert-neues-produktionsverstaendnis\/\" \/>\n<meta property=\"og:locale\" content=\"fr_FR\" \/>\n<meta property=\"og:type\" content=\"article\" \/>\n<meta property=\"og:title\" content=\"Sustainable Productivity: Studie fordert neues Produktionsverst\u00e4ndnis - Organisator\" \/>\n<meta property=\"og:description\" content=\"Unter dem Titel \u201eSustainable Productivity \u2013 Ein neues Produktionsverst\u00e4ndnis f\u00fcr eine nachhaltige Produktionswende\u201c hat das Werkzeugmaschinenlabor WZL der RWTH Aachen University k\u00fcrzlich eine Studie ver\u00f6ffentlicht.\" \/>\n<meta property=\"og:url\" content=\"https:\/\/www.m-q.ch\/de\/ustainable-productivity-studie-fordert-neues-produktionsverstaendnis\/\" \/>\n<meta property=\"og:site_name\" content=\"Organisator\" \/>\n<meta property=\"article:publisher\" content=\"https:\/\/www.facebook.com\/OrganisatorFachmagazin\" \/>\n<meta property=\"article:published_time\" content=\"2022-03-16T12:23:52+00:00\" \/>\n<meta property=\"article:modified_time\" content=\"2022-08-02T13:40:42+00:00\" \/>\n<meta property=\"og:image\" content=\"https:\/\/www.m-q.ch\/wp-content\/uploads\/2022\/03\/Sustainable-Productivity-Studie-fordert-neues-Produktionsverstaendnis_MQ.jpg\" \/>\n<meta name=\"author\" content=\"galledia\" \/>\n<meta name=\"twitter:card\" content=\"summary_large_image\" \/>\n<meta name=\"twitter:creator\" content=\"@admin\" \/>\n<script type=\"application\/ld+json\" class=\"yoast-schema-graph\">{\"@context\":\"https:\\\/\\\/schema.org\",\"@graph\":[{\"@type\":\"Article\",\"@id\":\"https:\\\/\\\/www.m-q.ch\\\/de\\\/ustainable-productivity-studie-fordert-neues-produktionsverstaendnis\\\/#article\",\"isPartOf\":{\"@id\":\"https:\\\/\\\/www.organisator.ch\\\/operational-excellence\\\/2022-03-16\\\/sustainable-productivity-studie-fordert-neues-produktionsverstaendnis\\\/\"},\"author\":{\"name\":\"galledia\",\"@id\":\"https:\\\/\\\/www.organisator.ch\\\/#\\\/schema\\\/person\\\/4e51799071cd2dd1232ac003643ef5f0\"},\"headline\":\"Sustainable Productivity: Studie fordert neues Produktionsverst\u00e4ndnis\",\"datePublished\":\"2022-03-16T12:23:52+00:00\",\"dateModified\":\"2022-08-02T13:40:42+00:00\",\"mainEntityOfPage\":{\"@id\":\"https:\\\/\\\/www.organisator.ch\\\/operational-excellence\\\/2022-03-16\\\/sustainable-productivity-studie-fordert-neues-produktionsverstaendnis\\\/\"},\"wordCount\":446,\"publisher\":{\"@id\":\"https:\\\/\\\/www.organisator.ch\\\/#organization\"},\"image\":{\"@id\":\"https:\\\/\\\/www.m-q.ch\\\/de\\\/ustainable-productivity-studie-fordert-neues-produktionsverstaendnis\\\/#primaryimage\"},\"thumbnailUrl\":\"https:\\\/\\\/www.m-q.ch\\\/wp-content\\\/uploads\\\/2022\\\/03\\\/Sustainable-Productivity-Studie-fordert-neues-Produktionsverstaendnis_MQ.jpg\",\"keywords\":[\"Sustainable Productivity\"],\"articleSection\":[\"OPERATIONAL EXCELLENCE\"],\"inLanguage\":\"fr-FR\"},{\"@type\":\"WebPage\",\"@id\":\"https:\\\/\\\/www.organisator.ch\\\/operational-excellence\\\/2022-03-16\\\/sustainable-productivity-studie-fordert-neues-produktionsverstaendnis\\\/\",\"url\":\"https:\\\/\\\/www.m-q.ch\\\/de\\\/ustainable-productivity-studie-fordert-neues-produktionsverstaendnis\\\/\",\"name\":\"Sustainable Productivity: Studie fordert neues Produktionsverst\u00e4ndnis - Organisator\",\"isPartOf\":{\"@id\":\"https:\\\/\\\/www.organisator.ch\\\/#website\"},\"primaryImageOfPage\":{\"@id\":\"https:\\\/\\\/www.m-q.ch\\\/de\\\/ustainable-productivity-studie-fordert-neues-produktionsverstaendnis\\\/#primaryimage\"},\"image\":{\"@id\":\"https:\\\/\\\/www.m-q.ch\\\/de\\\/ustainable-productivity-studie-fordert-neues-produktionsverstaendnis\\\/#primaryimage\"},\"thumbnailUrl\":\"https:\\\/\\\/www.m-q.ch\\\/wp-content\\\/uploads\\\/2022\\\/03\\\/Sustainable-Productivity-Studie-fordert-neues-Produktionsverstaendnis_MQ.jpg\",\"datePublished\":\"2022-03-16T12:23:52+00:00\",\"dateModified\":\"2022-08-02T13:40:42+00:00\",\"description\":\"Unter dem Titel \u201eSustainable Productivity \u2013 Ein neues Produktionsverst\u00e4ndnis f\u00fcr eine nachhaltige Produktionswende\u201c hat das Werkzeugmaschinenlabor WZL der RWTH Aachen University k\u00fcrzlich eine Studie ver\u00f6ffentlicht.\",\"breadcrumb\":{\"@id\":\"https:\\\/\\\/www.m-q.ch\\\/de\\\/ustainable-productivity-studie-fordert-neues-produktionsverstaendnis\\\/#breadcrumb\"},\"inLanguage\":\"fr-FR\",\"potentialAction\":[{\"@type\":\"ReadAction\",\"target\":[\"https:\\\/\\\/www.m-q.ch\\\/de\\\/ustainable-productivity-studie-fordert-neues-produktionsverstaendnis\\\/\"]}]},{\"@type\":\"ImageObject\",\"inLanguage\":\"fr-FR\",\"@id\":\"https:\\\/\\\/www.m-q.ch\\\/de\\\/ustainable-productivity-studie-fordert-neues-produktionsverstaendnis\\\/#primaryimage\",\"url\":\"https:\\\/\\\/www.m-q.ch\\\/wp-content\\\/uploads\\\/2022\\\/03\\\/Sustainable-Productivity-Studie-fordert-neues-Produktionsverstaendnis_MQ.jpg\",\"contentUrl\":\"https:\\\/\\\/www.m-q.ch\\\/wp-content\\\/uploads\\\/2022\\\/03\\\/Sustainable-Productivity-Studie-fordert-neues-Produktionsverstaendnis_MQ.jpg\"},{\"@type\":\"BreadcrumbList\",\"@id\":\"https:\\\/\\\/www.m-q.ch\\\/de\\\/ustainable-productivity-studie-fordert-neues-produktionsverstaendnis\\\/#breadcrumb\",\"itemListElement\":[{\"@type\":\"ListItem\",\"position\":1,\"name\":\"Home\",\"item\":\"https:\\\/\\\/www.organisator.ch\\\/\"},{\"@type\":\"ListItem\",\"position\":2,\"name\":\"Sustainable Productivity: Studie fordert neues Produktionsverst\u00e4ndnis\"}]},{\"@type\":\"WebSite\",\"@id\":\"https:\\\/\\\/www.organisator.ch\\\/#website\",\"url\":\"https:\\\/\\\/www.organisator.ch\\\/\",\"name\":\"Organisator\",\"description\":\"Kompetent. Praxisnah. Der ORGANISATOR bereitet in 10 Ausgaben pro Jahr die wesentlichen Themen f\u00fcr F\u00fchrungskr\u00e4fte von KMU auf.\",\"publisher\":{\"@id\":\"https:\\\/\\\/www.organisator.ch\\\/#organization\"},\"potentialAction\":[{\"@type\":\"SearchAction\",\"target\":{\"@type\":\"EntryPoint\",\"urlTemplate\":\"https:\\\/\\\/www.organisator.ch\\\/?s={search_term_string}\"},\"query-input\":{\"@type\":\"PropertyValueSpecification\",\"valueRequired\":true,\"valueName\":\"search_term_string\"}}],\"inLanguage\":\"fr-FR\"},{\"@type\":\"Organization\",\"@id\":\"https:\\\/\\\/www.organisator.ch\\\/#organization\",\"name\":\"Organisator\",\"url\":\"https:\\\/\\\/www.organisator.ch\\\/\",\"logo\":{\"@type\":\"ImageObject\",\"inLanguage\":\"fr-FR\",\"@id\":\"https:\\\/\\\/www.organisator.ch\\\/#\\\/schema\\\/logo\\\/image\\\/\",\"url\":\"https:\\\/\\\/www.organisator.ch\\\/wp-content\\\/uploads\\\/2022\\\/01\\\/Logo_Organisator_Website.png\",\"contentUrl\":\"https:\\\/\\\/www.organisator.ch\\\/wp-content\\\/uploads\\\/2022\\\/01\\\/Logo_Organisator_Website.png\",\"width\":800,\"height\":77,\"caption\":\"Organisator\"},\"image\":{\"@id\":\"https:\\\/\\\/www.organisator.ch\\\/#\\\/schema\\\/logo\\\/image\\\/\"},\"sameAs\":[\"https:\\\/\\\/www.facebook.com\\\/OrganisatorFachmagazin\",\"https:\\\/\\\/www.linkedin.com\\\/showcase\\\/organisator-das-magazin-fr-kmu\",\"https:\\\/\\\/www.xing.com\\\/news\\\/pages\\\/organisator-ch-695\",\"https:\\\/\\\/www.youtube.com\\\/channel\\\/UCGP2Sq0iWaZwT3BdIAQFYpw\"]},{\"@type\":\"Person\",\"@id\":\"https:\\\/\\\/www.organisator.ch\\\/#\\\/schema\\\/person\\\/4e51799071cd2dd1232ac003643ef5f0\",\"name\":\"galledia\",\"image\":{\"@type\":\"ImageObject\",\"inLanguage\":\"fr-FR\",\"@id\":\"https:\\\/\\\/secure.gravatar.com\\\/avatar\\\/78a7f90c01fc2bfc875782a0d4922b37cde2cf184ce347b91316d23cd7f69a36?s=96&d=mm&r=g\",\"url\":\"https:\\\/\\\/secure.gravatar.com\\\/avatar\\\/78a7f90c01fc2bfc875782a0d4922b37cde2cf184ce347b91316d23cd7f69a36?s=96&d=mm&r=g\",\"contentUrl\":\"https:\\\/\\\/secure.gravatar.com\\\/avatar\\\/78a7f90c01fc2bfc875782a0d4922b37cde2cf184ce347b91316d23cd7f69a36?s=96&d=mm&r=g\",\"caption\":\"galledia\"},\"sameAs\":[\"https:\\\/\\\/x.com\\\/admin\"],\"url\":\"https:\\\/\\\/www.organisator.ch\\\/fr\\\/author\\\/galledia\\\/\"}]}<\/script>\n<!-- \/ Yoast SEO plugin. -->","yoast_head_json":{"title":"Sustainable Productivity : une \u00e9tude appelle \u00e0 une nouvelle compr\u00e9hension de la production - Organisator","description":"Sous le titre \"Sustainable Productivity - A new production understanding for a sustainable production turn\", le laboratoire de machines-outils WZL de l'universit\u00e9 RWTH d'Aix-la-Chapelle a r\u00e9cemment publi\u00e9 une \u00e9tude.","robots":{"index":"index","follow":"follow","max-snippet":"max-snippet:-1","max-image-preview":"max-image-preview:large","max-video-preview":"max-video-preview:-1"},"canonical":"https:\/\/www.m-q.ch\/de\/ustainable-productivity-studie-fordert-neues-produktionsverstaendnis\/","og_locale":"fr_FR","og_type":"article","og_title":"Sustainable Productivity: Studie fordert neues Produktionsverst\u00e4ndnis - Organisator","og_description":"Unter dem Titel \u201eSustainable Productivity \u2013 Ein neues Produktionsverst\u00e4ndnis f\u00fcr eine nachhaltige Produktionswende\u201c hat das Werkzeugmaschinenlabor WZL der RWTH Aachen University k\u00fcrzlich eine Studie ver\u00f6ffentlicht.","og_url":"https:\/\/www.m-q.ch\/de\/ustainable-productivity-studie-fordert-neues-produktionsverstaendnis\/","og_site_name":"Organisator","article_publisher":"https:\/\/www.facebook.com\/OrganisatorFachmagazin","article_published_time":"2022-03-16T12:23:52+00:00","article_modified_time":"2022-08-02T13:40:42+00:00","og_image":[{"url":"https:\/\/www.m-q.ch\/wp-content\/uploads\/2022\/03\/Sustainable-Productivity-Studie-fordert-neues-Produktionsverstaendnis_MQ.jpg","type":"","width":"","height":""}],"author":"galledia","twitter_card":"summary_large_image","twitter_creator":"@admin","schema":{"@context":"https:\/\/schema.org","@graph":[{"@type":"Article","@id":"https:\/\/www.m-q.ch\/de\/ustainable-productivity-studie-fordert-neues-produktionsverstaendnis\/#article","isPartOf":{"@id":"https:\/\/www.organisator.ch\/operational-excellence\/2022-03-16\/sustainable-productivity-studie-fordert-neues-produktionsverstaendnis\/"},"author":{"name":"galledia","@id":"https:\/\/www.organisator.ch\/#\/schema\/person\/4e51799071cd2dd1232ac003643ef5f0"},"headline":"Sustainable Productivity: Studie fordert neues Produktionsverst\u00e4ndnis","datePublished":"2022-03-16T12:23:52+00:00","dateModified":"2022-08-02T13:40:42+00:00","mainEntityOfPage":{"@id":"https:\/\/www.organisator.ch\/operational-excellence\/2022-03-16\/sustainable-productivity-studie-fordert-neues-produktionsverstaendnis\/"},"wordCount":446,"publisher":{"@id":"https:\/\/www.organisator.ch\/#organization"},"image":{"@id":"https:\/\/www.m-q.ch\/de\/ustainable-productivity-studie-fordert-neues-produktionsverstaendnis\/#primaryimage"},"thumbnailUrl":"https:\/\/www.m-q.ch\/wp-content\/uploads\/2022\/03\/Sustainable-Productivity-Studie-fordert-neues-Produktionsverstaendnis_MQ.jpg","keywords":["Sustainable Productivity"],"articleSection":["OPERATIONAL EXCELLENCE"],"inLanguage":"fr-FR"},{"@type":"WebPage","@id":"https:\/\/www.organisator.ch\/operational-excellence\/2022-03-16\/sustainable-productivity-studie-fordert-neues-produktionsverstaendnis\/","url":"https:\/\/www.m-q.ch\/de\/ustainable-productivity-studie-fordert-neues-produktionsverstaendnis\/","name":"Sustainable Productivity : une \u00e9tude appelle \u00e0 une nouvelle compr\u00e9hension de la production - Organisator","isPartOf":{"@id":"https:\/\/www.organisator.ch\/#website"},"primaryImageOfPage":{"@id":"https:\/\/www.m-q.ch\/de\/ustainable-productivity-studie-fordert-neues-produktionsverstaendnis\/#primaryimage"},"image":{"@id":"https:\/\/www.m-q.ch\/de\/ustainable-productivity-studie-fordert-neues-produktionsverstaendnis\/#primaryimage"},"thumbnailUrl":"https:\/\/www.m-q.ch\/wp-content\/uploads\/2022\/03\/Sustainable-Productivity-Studie-fordert-neues-Produktionsverstaendnis_MQ.jpg","datePublished":"2022-03-16T12:23:52+00:00","dateModified":"2022-08-02T13:40:42+00:00","description":"Sous le titre \"Sustainable Productivity - A new production understanding for a sustainable production turn\", le laboratoire de machines-outils WZL de l'universit\u00e9 RWTH d'Aix-la-Chapelle a r\u00e9cemment publi\u00e9 une \u00e9tude.","breadcrumb":{"@id":"https:\/\/www.m-q.ch\/de\/ustainable-productivity-studie-fordert-neues-produktionsverstaendnis\/#breadcrumb"},"inLanguage":"fr-FR","potentialAction":[{"@type":"ReadAction","target":["https:\/\/www.m-q.ch\/de\/ustainable-productivity-studie-fordert-neues-produktionsverstaendnis\/"]}]},{"@type":"ImageObject","inLanguage":"fr-FR","@id":"https:\/\/www.m-q.ch\/de\/ustainable-productivity-studie-fordert-neues-produktionsverstaendnis\/#primaryimage","url":"https:\/\/www.m-q.ch\/wp-content\/uploads\/2022\/03\/Sustainable-Productivity-Studie-fordert-neues-Produktionsverstaendnis_MQ.jpg","contentUrl":"https:\/\/www.m-q.ch\/wp-content\/uploads\/2022\/03\/Sustainable-Productivity-Studie-fordert-neues-Produktionsverstaendnis_MQ.jpg"},{"@type":"BreadcrumbList","@id":"https:\/\/www.m-q.ch\/de\/ustainable-productivity-studie-fordert-neues-produktionsverstaendnis\/#breadcrumb","itemListElement":[{"@type":"ListItem","position":1,"name":"Home","item":"https:\/\/www.organisator.ch\/"},{"@type":"ListItem","position":2,"name":"Sustainable Productivity: Studie fordert neues Produktionsverst\u00e4ndnis"}]},{"@type":"WebSite","@id":"https:\/\/www.organisator.ch\/#website","url":"https:\/\/www.organisator.ch\/","name":"Organisateur","description":"Comp\u00e9tence et comp\u00e9tence. Proches de la pratique. L'ORGANISATEUR pr\u00e9pare 10 num\u00e9ros par an sur les th\u00e8mes essentiels pour les dirigeants de PME.","publisher":{"@id":"https:\/\/www.organisator.ch\/#organization"},"potentialAction":[{"@type":"SearchAction","target":{"@type":"EntryPoint","urlTemplate":"https:\/\/www.organisator.ch\/?s={search_term_string}"},"query-input":{"@type":"PropertyValueSpecification","valueRequired":true,"valueName":"search_term_string"}}],"inLanguage":"fr-FR"},{"@type":"Organization","@id":"https:\/\/www.organisator.ch\/#organization","name":"Organisateur","url":"https:\/\/www.organisator.ch\/","logo":{"@type":"ImageObject","inLanguage":"fr-FR","@id":"https:\/\/www.organisator.ch\/#\/schema\/logo\/image\/","url":"https:\/\/www.organisator.ch\/wp-content\/uploads\/2022\/01\/Logo_Organisator_Website.png","contentUrl":"https:\/\/www.organisator.ch\/wp-content\/uploads\/2022\/01\/Logo_Organisator_Website.png","width":800,"height":77,"caption":"Organisator"},"image":{"@id":"https:\/\/www.organisator.ch\/#\/schema\/logo\/image\/"},"sameAs":["https:\/\/www.facebook.com\/OrganisatorFachmagazin","https:\/\/www.linkedin.com\/showcase\/organisator-das-magazin-fr-kmu","https:\/\/www.xing.com\/news\/pages\/organisator-ch-695","https:\/\/www.youtube.com\/channel\/UCGP2Sq0iWaZwT3BdIAQFYpw"]},{"@type":"Person","@id":"https:\/\/www.organisator.ch\/#\/schema\/person\/4e51799071cd2dd1232ac003643ef5f0","name":"galledia","image":{"@type":"ImageObject","inLanguage":"fr-FR","@id":"https:\/\/secure.gravatar.com\/avatar\/78a7f90c01fc2bfc875782a0d4922b37cde2cf184ce347b91316d23cd7f69a36?s=96&d=mm&r=g","url":"https:\/\/secure.gravatar.com\/avatar\/78a7f90c01fc2bfc875782a0d4922b37cde2cf184ce347b91316d23cd7f69a36?s=96&d=mm&r=g","contentUrl":"https:\/\/secure.gravatar.com\/avatar\/78a7f90c01fc2bfc875782a0d4922b37cde2cf184ce347b91316d23cd7f69a36?s=96&d=mm&r=g","caption":"galledia"},"sameAs":["https:\/\/x.com\/admin"],"url":"https:\/\/www.organisator.ch\/fr\/author\/galledia\/"}]}},"_links":{"self":[{"href":"https:\/\/www.organisator.ch\/fr\/wp-json\/wp\/v2\/posts\/12149","targetHints":{"allow":["GET"]}}],"collection":[{"href":"https:\/\/www.organisator.ch\/fr\/wp-json\/wp\/v2\/posts"}],"about":[{"href":"https:\/\/www.organisator.ch\/fr\/wp-json\/wp\/v2\/types\/post"}],"author":[{"embeddable":true,"href":"https:\/\/www.organisator.ch\/fr\/wp-json\/wp\/v2\/users\/8"}],"replies":[{"embeddable":true,"href":"https:\/\/www.organisator.ch\/fr\/wp-json\/wp\/v2\/comments?post=12149"}],"version-history":[{"count":3,"href":"https:\/\/www.organisator.ch\/fr\/wp-json\/wp\/v2\/posts\/12149\/revisions"}],"predecessor-version":[{"id":16250,"href":"https:\/\/www.organisator.ch\/fr\/wp-json\/wp\/v2\/posts\/12149\/revisions\/16250"}],"wp:attachment":[{"href":"https:\/\/www.organisator.ch\/fr\/wp-json\/wp\/v2\/media?parent=12149"}],"wp:term":[{"taxonomy":"category","embeddable":true,"href":"https:\/\/www.organisator.ch\/fr\/wp-json\/wp\/v2\/categories?post=12149"},{"taxonomy":"post_tag","embeddable":true,"href":"https:\/\/www.organisator.ch\/fr\/wp-json\/wp\/v2\/tags?post=12149"}],"curies":[{"name":"wp","href":"https:\/\/api.w.org\/{rel}","templated":true}]}}