{"id":12152,"date":"2022-03-16T14:47:23","date_gmt":"2022-03-16T13:47:23","guid":{"rendered":"https:\/\/www.m-q.ch\/?p=16080"},"modified":"2022-08-02T16:34:24","modified_gmt":"2022-08-02T14:34:24","slug":"control-2022-macht-sich-startbereit","status":"publish","type":"post","link":"https:\/\/www.organisator.ch\/fr\/operational-excellence\/2022-03-16\/control-2022-macht-sich-startbereit\/","title":{"rendered":"Control 2022 se pr\u00e9pare au d\u00e9collage"},"content":{"rendered":"<figure id=\"attachment_16081\" class=\"wp-caption alignnone\" style=\"width: 680px\" aria-describedby=\"caption-attachment-16081\"><img class=\"alignnone wp-image-16081 size-full\" src=\"https:\/\/www.m-q.ch\/wp-content\/uploads\/2022\/03\/Control-2022-macht-sich-startbereit_MQ.jpg\" alt=\"Contr\u00f4le 2022\" width=\"680\" height=\"481\" \/><figcaption id=\"caption-attachment-16081\" class=\"wp-caption-text\">Control 2022 est dans les starting-blocks : du 3 au 6 mai 2022, le salon professionnel leader de l'assurance qualit\u00e9 se tiendra \u00e0 Stuttgart. (Photo : salon Control)<\/figcaption><\/figure>\r\nControl, le salon international de l'assurance qualit\u00e9 (AQ), est depuis des d\u00e9cennies, en tant que salon phare de la technique de mesure, un forum id\u00e9al pour le contact personnel et l'\u00e9change professionnel commercial. \"La forte demande de participation personnelle au salon est ininterrompue depuis des mois de la part du secteur de l'assurance qualit\u00e9\", confirme le chef de projet Fabian Kr\u00fcger de l'organisateur du salon P. E. Schall GmbH &amp; Co. KG. \"Dans le monde entier, la branche appr\u00e9cie le salon Control en tant que plateforme indispensable et attend tout particuli\u00e8rement le salon en direct de cette ann\u00e9e apr\u00e8s une pause forc\u00e9e de deux ans\", poursuit Kr\u00fcger. \"C'est justement en ces semaines et mois o\u00f9 l'incertitude r\u00e8gne \u00e0 nouveau en raison de la pand\u00e9mie que de nombreuses entreprises consid\u00e8rent le salon Control de d\u00e9but mai comme un rendez-vous incontournable\", explique le chef de projet, rappelant le succ\u00e8s et le bon d\u00e9roulement des salons en pr\u00e9sentiel de l'automne dernier.\r\n<h2>L'AQ n'a jamais \u00e9t\u00e9 aussi importante qu'aujourd'hui<\/h2>\r\nLe besoin de discussions techniques sur les nouveaux d\u00e9veloppements dans le secteur de l'assurance qualit\u00e9 est \u00e9norme. De nombreuses entreprises introduisent actuellement des syst\u00e8mes d'assurance qualit\u00e9 \u00e9tendus ou enti\u00e8rement nouveaux, sous l'impulsion de l'automatisation et de la num\u00e9risation croissantes, de l'augmentation des processus sans contact, des services \u00e0 distance, des petites tailles de lots et de la production z\u00e9ro d\u00e9faut. La n\u00e9cessit\u00e9 de contr\u00f4ler la qualit\u00e9 de tous les processus, y compris l'analyse des donn\u00e9es et la tra\u00e7abilit\u00e9 de bout en bout, concerne d\u00e9sormais presque tous les secteurs, qu'il s'agisse de l'industrie ou des services. \"Les solutions d'assurance qualit\u00e9 n'ont jamais \u00e9t\u00e9 aussi importantes qu'aujourd'hui\", fait remarquer le chef de projet Control. Les solutions et les syst\u00e8mes de la technique de mesure et de contr\u00f4le, du contr\u00f4le des mat\u00e9riaux, des appareils d'analyse, de la technologie de vision, du traitement de l'image, de la technique des capteurs ainsi que de la technique de pesage et de comptage ont \u00e9t\u00e9 consid\u00e9rablement d\u00e9velopp\u00e9s au cours des deux derni\u00e8res ann\u00e9es et trouveront au salon Control 2022 un public de sp\u00e9cialistes tr\u00e8s int\u00e9ress\u00e9s.\r\n<h2>Forte proportion d'exposants \u00e9trangers au salon Control 2022<\/h2>\r\nEt le public professionnel semble n'attendre qu'une chose : pouvoir enfin visiter un salon en direct. Des mois avant la date du salon, des visiteurs avaient d\u00e9j\u00e0 demand\u00e9 des billets, selon le chef de projet Fabian Kr\u00fcger. \"Les exposants et les visiteurs professionnels veulent enfin s'entretenir personnellement des nouveaut\u00e9s de l'AQ, car il s'est pass\u00e9 beaucoup de choses au cours des derniers mois\". Le fait que Control soit toujours consid\u00e9r\u00e9 comme le salon phare mondial de l'AQ se refl\u00e8te dans la forte proportion d'exposants \u00e9trangers : environ 35 pour cent viennent d'autres pays que l'Allemagne, y compris de la Suisse.\r\n\r\nLes progr\u00e8s de l'automatisation, de la num\u00e9risation, des processus sans contact, des services \u00e0 distance et de la tra\u00e7abilit\u00e9 de bout en bout concernent tous les secteurs, y compris d\u00e9sormais les services. Les utilisateurs de techniques de contr\u00f4le utilisent diverses solutions d'assurance qualit\u00e9 en ligne dans des processus en r\u00e9seau, y compris sans contact. C'est ce qu'approfondira l'exposition sp\u00e9ciale \"Technique de mesure sans contact\" de l'alliance Vision de Fraunhofer, qui se tiendra pour la 17e fois \u00e0 l'occasion du salon Control 2022. Elle pr\u00e9sentera dans le hall 6 un \u00e9chantillon des technologies innovantes dans le domaine de la technique de mesure et de contr\u00f4le sans contact.\r\n\r\n<em>Plus d'informations : <a href=\"https:\/\/www.control-messe.de\/\">https:\/\/www.control-messe.de\/<\/a><\/em>\n<p class=\"syndicated-attribution\">Cet article est paru initialement sur m-q.ch - <a href=\"https:\/\/www.m-q.ch\/de\/control-2022-macht-sich-startbereit\/\" target=\"_blank\">https:\/\/www.m-q.ch\/de\/control-2022-macht-sich-startbereit\/<\/a><\/p>","protected":false},"excerpt":{"rendered":"<p>Die Control, Internationale Fachmesse f\u00fcr Qualit\u00e4tssicherung (QS), ist als Leitmesse f\u00fcr die Messtechnik seit Jahrzehnten ein ideales Forum f\u00fcr den pers\u00f6nlichen Kontakt und den gesch\u00e4ftlichen Fachaustausch. \u201eDie hohe Nachfrage nach pers\u00f6nlicher Messeteilnahme ist seitens der QS-Branche seit Monaten ungebrochen\u201c, best\u00e4tigt Projektleiter Fabian Kr\u00fcger vom Messeveranstalter P. E. Schall GmbH &amp; Co. KG. \u201eWeltweit sch\u00e4tzt die [\u2026]<\/p>\n","protected":false},"author":8,"featured_media":0,"comment_status":"closed","ping_status":"closed","sticky":false,"template":"","format":"standard","meta":{"_acf_changed":false,"_yoast_wpseo_focuskw":"Control 2022","_yoast_wpseo_metadesc":"Aussteller und Fachbesucher machen sich bereit f\u00fcr die Control 2022, der internationalen Fachmesse f\u00fcr Qualit\u00e4tssicherung.","articlekey":"","footnotes":""},"categories":[582],"tags":[2814],"class_list":["post-12152","post","type-post","status-publish","format-standard","hentry","category-operational-excellence","tag-control-2022"],"acf":[],"yoast_head":"<!-- This site is optimized with the Yoast SEO plugin v27.5 - https:\/\/yoast.com\/product\/yoast-seo-wordpress\/ -->\n<title>Control 2022 macht sich startbereit - Organisator<\/title>\n<meta name=\"description\" content=\"Aussteller und Fachbesucher machen sich bereit f\u00fcr die Control 2022, der internationalen Fachmesse f\u00fcr Qualit\u00e4tssicherung.\" \/>\n<meta name=\"robots\" content=\"index, follow, max-snippet:-1, max-image-preview:large, max-video-preview:-1\" \/>\n<link rel=\"canonical\" href=\"https:\/\/www.m-q.ch\/de\/control-2022-macht-sich-startbereit\/\" \/>\n<meta property=\"og:locale\" content=\"fr_FR\" \/>\n<meta property=\"og:type\" content=\"article\" \/>\n<meta property=\"og:title\" content=\"Control 2022 macht sich startbereit - Organisator\" \/>\n<meta property=\"og:description\" content=\"Aussteller und Fachbesucher machen sich bereit f\u00fcr die Control 2022, der internationalen Fachmesse f\u00fcr Qualit\u00e4tssicherung.\" \/>\n<meta property=\"og:url\" content=\"https:\/\/www.m-q.ch\/de\/control-2022-macht-sich-startbereit\/\" \/>\n<meta property=\"og:site_name\" content=\"Organisator\" \/>\n<meta property=\"article:publisher\" content=\"https:\/\/www.facebook.com\/OrganisatorFachmagazin\" \/>\n<meta property=\"article:published_time\" content=\"2022-03-16T13:47:23+00:00\" \/>\n<meta property=\"article:modified_time\" content=\"2022-08-02T14:34:24+00:00\" \/>\n<meta property=\"og:image\" content=\"https:\/\/www.m-q.ch\/wp-content\/uploads\/2022\/03\/Control-2022-macht-sich-startbereit_MQ.jpg\" \/>\n<meta name=\"author\" content=\"galledia\" \/>\n<meta name=\"twitter:card\" content=\"summary_large_image\" \/>\n<meta name=\"twitter:creator\" content=\"@admin\" \/>\n<script type=\"application\/ld+json\" class=\"yoast-schema-graph\">{\"@context\":\"https:\\\/\\\/schema.org\",\"@graph\":[{\"@type\":\"Article\",\"@id\":\"https:\\\/\\\/www.m-q.ch\\\/de\\\/control-2022-macht-sich-startbereit\\\/#article\",\"isPartOf\":{\"@id\":\"https:\\\/\\\/www.organisator.ch\\\/operational-excellence\\\/2022-03-16\\\/control-2022-macht-sich-startbereit\\\/\"},\"author\":{\"name\":\"galledia\",\"@id\":\"https:\\\/\\\/www.organisator.ch\\\/#\\\/schema\\\/person\\\/4e51799071cd2dd1232ac003643ef5f0\"},\"headline\":\"Control 2022 macht sich startbereit\",\"datePublished\":\"2022-03-16T13:47:23+00:00\",\"dateModified\":\"2022-08-02T14:34:24+00:00\",\"mainEntityOfPage\":{\"@id\":\"https:\\\/\\\/www.organisator.ch\\\/operational-excellence\\\/2022-03-16\\\/control-2022-macht-sich-startbereit\\\/\"},\"wordCount\":448,\"publisher\":{\"@id\":\"https:\\\/\\\/www.organisator.ch\\\/#organization\"},\"image\":{\"@id\":\"https:\\\/\\\/www.m-q.ch\\\/de\\\/control-2022-macht-sich-startbereit\\\/#primaryimage\"},\"thumbnailUrl\":\"https:\\\/\\\/www.m-q.ch\\\/wp-content\\\/uploads\\\/2022\\\/03\\\/Control-2022-macht-sich-startbereit_MQ.jpg\",\"keywords\":[\"Control 2022\"],\"articleSection\":[\"OPERATIONAL EXCELLENCE\"],\"inLanguage\":\"fr-FR\"},{\"@type\":\"WebPage\",\"@id\":\"https:\\\/\\\/www.organisator.ch\\\/operational-excellence\\\/2022-03-16\\\/control-2022-macht-sich-startbereit\\\/\",\"url\":\"https:\\\/\\\/www.m-q.ch\\\/de\\\/control-2022-macht-sich-startbereit\\\/\",\"name\":\"Control 2022 macht sich startbereit - Organisator\",\"isPartOf\":{\"@id\":\"https:\\\/\\\/www.organisator.ch\\\/#website\"},\"primaryImageOfPage\":{\"@id\":\"https:\\\/\\\/www.m-q.ch\\\/de\\\/control-2022-macht-sich-startbereit\\\/#primaryimage\"},\"image\":{\"@id\":\"https:\\\/\\\/www.m-q.ch\\\/de\\\/control-2022-macht-sich-startbereit\\\/#primaryimage\"},\"thumbnailUrl\":\"https:\\\/\\\/www.m-q.ch\\\/wp-content\\\/uploads\\\/2022\\\/03\\\/Control-2022-macht-sich-startbereit_MQ.jpg\",\"datePublished\":\"2022-03-16T13:47:23+00:00\",\"dateModified\":\"2022-08-02T14:34:24+00:00\",\"description\":\"Aussteller und Fachbesucher machen sich bereit f\u00fcr die Control 2022, der internationalen Fachmesse f\u00fcr Qualit\u00e4tssicherung.\",\"breadcrumb\":{\"@id\":\"https:\\\/\\\/www.m-q.ch\\\/de\\\/control-2022-macht-sich-startbereit\\\/#breadcrumb\"},\"inLanguage\":\"fr-FR\",\"potentialAction\":[{\"@type\":\"ReadAction\",\"target\":[\"https:\\\/\\\/www.m-q.ch\\\/de\\\/control-2022-macht-sich-startbereit\\\/\"]}]},{\"@type\":\"ImageObject\",\"inLanguage\":\"fr-FR\",\"@id\":\"https:\\\/\\\/www.m-q.ch\\\/de\\\/control-2022-macht-sich-startbereit\\\/#primaryimage\",\"url\":\"https:\\\/\\\/www.m-q.ch\\\/wp-content\\\/uploads\\\/2022\\\/03\\\/Control-2022-macht-sich-startbereit_MQ.jpg\",\"contentUrl\":\"https:\\\/\\\/www.m-q.ch\\\/wp-content\\\/uploads\\\/2022\\\/03\\\/Control-2022-macht-sich-startbereit_MQ.jpg\"},{\"@type\":\"BreadcrumbList\",\"@id\":\"https:\\\/\\\/www.m-q.ch\\\/de\\\/control-2022-macht-sich-startbereit\\\/#breadcrumb\",\"itemListElement\":[{\"@type\":\"ListItem\",\"position\":1,\"name\":\"Home\",\"item\":\"https:\\\/\\\/www.organisator.ch\\\/\"},{\"@type\":\"ListItem\",\"position\":2,\"name\":\"Control 2022 macht sich startbereit\"}]},{\"@type\":\"WebSite\",\"@id\":\"https:\\\/\\\/www.organisator.ch\\\/#website\",\"url\":\"https:\\\/\\\/www.organisator.ch\\\/\",\"name\":\"Organisator\",\"description\":\"Kompetent. Praxisnah. Der ORGANISATOR bereitet in 10 Ausgaben pro Jahr die wesentlichen Themen f\u00fcr F\u00fchrungskr\u00e4fte von KMU auf.\",\"publisher\":{\"@id\":\"https:\\\/\\\/www.organisator.ch\\\/#organization\"},\"potentialAction\":[{\"@type\":\"SearchAction\",\"target\":{\"@type\":\"EntryPoint\",\"urlTemplate\":\"https:\\\/\\\/www.organisator.ch\\\/?s={search_term_string}\"},\"query-input\":{\"@type\":\"PropertyValueSpecification\",\"valueRequired\":true,\"valueName\":\"search_term_string\"}}],\"inLanguage\":\"fr-FR\"},{\"@type\":\"Organization\",\"@id\":\"https:\\\/\\\/www.organisator.ch\\\/#organization\",\"name\":\"Organisator\",\"url\":\"https:\\\/\\\/www.organisator.ch\\\/\",\"logo\":{\"@type\":\"ImageObject\",\"inLanguage\":\"fr-FR\",\"@id\":\"https:\\\/\\\/www.organisator.ch\\\/#\\\/schema\\\/logo\\\/image\\\/\",\"url\":\"https:\\\/\\\/www.organisator.ch\\\/wp-content\\\/uploads\\\/2022\\\/01\\\/Logo_Organisator_Website.png\",\"contentUrl\":\"https:\\\/\\\/www.organisator.ch\\\/wp-content\\\/uploads\\\/2022\\\/01\\\/Logo_Organisator_Website.png\",\"width\":800,\"height\":77,\"caption\":\"Organisator\"},\"image\":{\"@id\":\"https:\\\/\\\/www.organisator.ch\\\/#\\\/schema\\\/logo\\\/image\\\/\"},\"sameAs\":[\"https:\\\/\\\/www.facebook.com\\\/OrganisatorFachmagazin\",\"https:\\\/\\\/www.linkedin.com\\\/showcase\\\/organisator-das-magazin-fr-kmu\",\"https:\\\/\\\/www.xing.com\\\/news\\\/pages\\\/organisator-ch-695\",\"https:\\\/\\\/www.youtube.com\\\/channel\\\/UCGP2Sq0iWaZwT3BdIAQFYpw\"]},{\"@type\":\"Person\",\"@id\":\"https:\\\/\\\/www.organisator.ch\\\/#\\\/schema\\\/person\\\/4e51799071cd2dd1232ac003643ef5f0\",\"name\":\"galledia\",\"image\":{\"@type\":\"ImageObject\",\"inLanguage\":\"fr-FR\",\"@id\":\"https:\\\/\\\/secure.gravatar.com\\\/avatar\\\/78a7f90c01fc2bfc875782a0d4922b37cde2cf184ce347b91316d23cd7f69a36?s=96&d=mm&r=g\",\"url\":\"https:\\\/\\\/secure.gravatar.com\\\/avatar\\\/78a7f90c01fc2bfc875782a0d4922b37cde2cf184ce347b91316d23cd7f69a36?s=96&d=mm&r=g\",\"contentUrl\":\"https:\\\/\\\/secure.gravatar.com\\\/avatar\\\/78a7f90c01fc2bfc875782a0d4922b37cde2cf184ce347b91316d23cd7f69a36?s=96&d=mm&r=g\",\"caption\":\"galledia\"},\"sameAs\":[\"https:\\\/\\\/x.com\\\/admin\"],\"url\":\"https:\\\/\\\/www.organisator.ch\\\/fr\\\/author\\\/galledia\\\/\"}]}<\/script>\n<!-- \/ Yoast SEO plugin. -->","yoast_head_json":{"title":"Control 2022 se pr\u00e9pare \u00e0 partir - Organisateur","description":"Les exposants et les visiteurs professionnels se pr\u00e9parent pour Control 2022, le salon international de l'assurance qualit\u00e9.","robots":{"index":"index","follow":"follow","max-snippet":"max-snippet:-1","max-image-preview":"max-image-preview:large","max-video-preview":"max-video-preview:-1"},"canonical":"https:\/\/www.m-q.ch\/de\/control-2022-macht-sich-startbereit\/","og_locale":"fr_FR","og_type":"article","og_title":"Control 2022 macht sich startbereit - Organisator","og_description":"Aussteller und Fachbesucher machen sich bereit f\u00fcr die Control 2022, der internationalen Fachmesse f\u00fcr Qualit\u00e4tssicherung.","og_url":"https:\/\/www.m-q.ch\/de\/control-2022-macht-sich-startbereit\/","og_site_name":"Organisator","article_publisher":"https:\/\/www.facebook.com\/OrganisatorFachmagazin","article_published_time":"2022-03-16T13:47:23+00:00","article_modified_time":"2022-08-02T14:34:24+00:00","og_image":[{"url":"https:\/\/www.m-q.ch\/wp-content\/uploads\/2022\/03\/Control-2022-macht-sich-startbereit_MQ.jpg","type":"","width":"","height":""}],"author":"galledia","twitter_card":"summary_large_image","twitter_creator":"@admin","schema":{"@context":"https:\/\/schema.org","@graph":[{"@type":"Article","@id":"https:\/\/www.m-q.ch\/de\/control-2022-macht-sich-startbereit\/#article","isPartOf":{"@id":"https:\/\/www.organisator.ch\/operational-excellence\/2022-03-16\/control-2022-macht-sich-startbereit\/"},"author":{"name":"galledia","@id":"https:\/\/www.organisator.ch\/#\/schema\/person\/4e51799071cd2dd1232ac003643ef5f0"},"headline":"Control 2022 macht sich startbereit","datePublished":"2022-03-16T13:47:23+00:00","dateModified":"2022-08-02T14:34:24+00:00","mainEntityOfPage":{"@id":"https:\/\/www.organisator.ch\/operational-excellence\/2022-03-16\/control-2022-macht-sich-startbereit\/"},"wordCount":448,"publisher":{"@id":"https:\/\/www.organisator.ch\/#organization"},"image":{"@id":"https:\/\/www.m-q.ch\/de\/control-2022-macht-sich-startbereit\/#primaryimage"},"thumbnailUrl":"https:\/\/www.m-q.ch\/wp-content\/uploads\/2022\/03\/Control-2022-macht-sich-startbereit_MQ.jpg","keywords":["Control 2022"],"articleSection":["OPERATIONAL EXCELLENCE"],"inLanguage":"fr-FR"},{"@type":"WebPage","@id":"https:\/\/www.organisator.ch\/operational-excellence\/2022-03-16\/control-2022-macht-sich-startbereit\/","url":"https:\/\/www.m-q.ch\/de\/control-2022-macht-sich-startbereit\/","name":"Control 2022 se pr\u00e9pare \u00e0 partir - Organisateur","isPartOf":{"@id":"https:\/\/www.organisator.ch\/#website"},"primaryImageOfPage":{"@id":"https:\/\/www.m-q.ch\/de\/control-2022-macht-sich-startbereit\/#primaryimage"},"image":{"@id":"https:\/\/www.m-q.ch\/de\/control-2022-macht-sich-startbereit\/#primaryimage"},"thumbnailUrl":"https:\/\/www.m-q.ch\/wp-content\/uploads\/2022\/03\/Control-2022-macht-sich-startbereit_MQ.jpg","datePublished":"2022-03-16T13:47:23+00:00","dateModified":"2022-08-02T14:34:24+00:00","description":"Les exposants et les visiteurs professionnels se pr\u00e9parent pour Control 2022, le salon international de l'assurance qualit\u00e9.","breadcrumb":{"@id":"https:\/\/www.m-q.ch\/de\/control-2022-macht-sich-startbereit\/#breadcrumb"},"inLanguage":"fr-FR","potentialAction":[{"@type":"ReadAction","target":["https:\/\/www.m-q.ch\/de\/control-2022-macht-sich-startbereit\/"]}]},{"@type":"ImageObject","inLanguage":"fr-FR","@id":"https:\/\/www.m-q.ch\/de\/control-2022-macht-sich-startbereit\/#primaryimage","url":"https:\/\/www.m-q.ch\/wp-content\/uploads\/2022\/03\/Control-2022-macht-sich-startbereit_MQ.jpg","contentUrl":"https:\/\/www.m-q.ch\/wp-content\/uploads\/2022\/03\/Control-2022-macht-sich-startbereit_MQ.jpg"},{"@type":"BreadcrumbList","@id":"https:\/\/www.m-q.ch\/de\/control-2022-macht-sich-startbereit\/#breadcrumb","itemListElement":[{"@type":"ListItem","position":1,"name":"Home","item":"https:\/\/www.organisator.ch\/"},{"@type":"ListItem","position":2,"name":"Control 2022 macht sich startbereit"}]},{"@type":"WebSite","@id":"https:\/\/www.organisator.ch\/#website","url":"https:\/\/www.organisator.ch\/","name":"Organisateur","description":"Comp\u00e9tence et comp\u00e9tence. Proches de la pratique. L'ORGANISATEUR pr\u00e9pare 10 num\u00e9ros par an sur les th\u00e8mes essentiels pour les dirigeants de PME.","publisher":{"@id":"https:\/\/www.organisator.ch\/#organization"},"potentialAction":[{"@type":"SearchAction","target":{"@type":"EntryPoint","urlTemplate":"https:\/\/www.organisator.ch\/?s={search_term_string}"},"query-input":{"@type":"PropertyValueSpecification","valueRequired":true,"valueName":"search_term_string"}}],"inLanguage":"fr-FR"},{"@type":"Organization","@id":"https:\/\/www.organisator.ch\/#organization","name":"Organisateur","url":"https:\/\/www.organisator.ch\/","logo":{"@type":"ImageObject","inLanguage":"fr-FR","@id":"https:\/\/www.organisator.ch\/#\/schema\/logo\/image\/","url":"https:\/\/www.organisator.ch\/wp-content\/uploads\/2022\/01\/Logo_Organisator_Website.png","contentUrl":"https:\/\/www.organisator.ch\/wp-content\/uploads\/2022\/01\/Logo_Organisator_Website.png","width":800,"height":77,"caption":"Organisator"},"image":{"@id":"https:\/\/www.organisator.ch\/#\/schema\/logo\/image\/"},"sameAs":["https:\/\/www.facebook.com\/OrganisatorFachmagazin","https:\/\/www.linkedin.com\/showcase\/organisator-das-magazin-fr-kmu","https:\/\/www.xing.com\/news\/pages\/organisator-ch-695","https:\/\/www.youtube.com\/channel\/UCGP2Sq0iWaZwT3BdIAQFYpw"]},{"@type":"Person","@id":"https:\/\/www.organisator.ch\/#\/schema\/person\/4e51799071cd2dd1232ac003643ef5f0","name":"galledia","image":{"@type":"ImageObject","inLanguage":"fr-FR","@id":"https:\/\/secure.gravatar.com\/avatar\/78a7f90c01fc2bfc875782a0d4922b37cde2cf184ce347b91316d23cd7f69a36?s=96&d=mm&r=g","url":"https:\/\/secure.gravatar.com\/avatar\/78a7f90c01fc2bfc875782a0d4922b37cde2cf184ce347b91316d23cd7f69a36?s=96&d=mm&r=g","contentUrl":"https:\/\/secure.gravatar.com\/avatar\/78a7f90c01fc2bfc875782a0d4922b37cde2cf184ce347b91316d23cd7f69a36?s=96&d=mm&r=g","caption":"galledia"},"sameAs":["https:\/\/x.com\/admin"],"url":"https:\/\/www.organisator.ch\/fr\/author\/galledia\/"}]}},"_links":{"self":[{"href":"https:\/\/www.organisator.ch\/fr\/wp-json\/wp\/v2\/posts\/12152","targetHints":{"allow":["GET"]}}],"collection":[{"href":"https:\/\/www.organisator.ch\/fr\/wp-json\/wp\/v2\/posts"}],"about":[{"href":"https:\/\/www.organisator.ch\/fr\/wp-json\/wp\/v2\/types\/post"}],"author":[{"embeddable":true,"href":"https:\/\/www.organisator.ch\/fr\/wp-json\/wp\/v2\/users\/8"}],"replies":[{"embeddable":true,"href":"https:\/\/www.organisator.ch\/fr\/wp-json\/wp\/v2\/comments?post=12152"}],"version-history":[{"count":5,"href":"https:\/\/www.organisator.ch\/fr\/wp-json\/wp\/v2\/posts\/12152\/revisions"}],"predecessor-version":[{"id":16245,"href":"https:\/\/www.organisator.ch\/fr\/wp-json\/wp\/v2\/posts\/12152\/revisions\/16245"}],"wp:attachment":[{"href":"https:\/\/www.organisator.ch\/fr\/wp-json\/wp\/v2\/media?parent=12152"}],"wp:term":[{"taxonomy":"category","embeddable":true,"href":"https:\/\/www.organisator.ch\/fr\/wp-json\/wp\/v2\/categories?post=12152"},{"taxonomy":"post_tag","embeddable":true,"href":"https:\/\/www.organisator.ch\/fr\/wp-json\/wp\/v2\/tags?post=12152"}],"curies":[{"name":"wp","href":"https:\/\/api.w.org\/{rel}","templated":true}]}}