{"id":1218,"date":"2016-08-08T17:58:57","date_gmt":"2016-08-08T15:58:57","guid":{"rendered":"https:\/\/organisator.ch\/?p=1218"},"modified":"2016-08-08T17:58:57","modified_gmt":"2016-08-08T15:58:57","slug":"aeltere-mitarbeitende-sind-eine-chance-fuer-die-kmu","status":"publish","type":"post","link":"https:\/\/www.organisator.ch\/fr\/management\/2016-08-08\/aeltere-mitarbeitende-sind-eine-chance-fuer-die-kmu\/","title":{"rendered":"Les collaborateurs \u00e2g\u00e9s sont une chance pour les PME"},"content":{"rendered":"<figure id=\"attachment_1219\" aria-describedby=\"caption-attachment-1219\" style=\"width: 680px\" class=\"wp-caption alignnone\"><a href=\"https:\/\/www.organisator.ch\/wp-content\/uploads\/2016\/12\/Aeltere-Mitarbeitende-sind-eine-Chance-fuer-die-KMU-organisator.jpg\"><img loading=\"lazy\" decoding=\"async\" class=\"wp-image-1219 size-medium\" src=\"https:\/\/organisator.ch\/wp-content\/uploads\/2016\/12\/\u00c4ltere-Mitarbeitende-sind-eine-Chance-f\u00fcr-die-KMU-organisator.jpg\" width=\"680\" height=\"454\" \/><\/a><figcaption id=\"caption-attachment-1219\" class=\"wp-caption-text\">Le m\u00e9lange des g\u00e9n\u00e9rations dans les entreprises (Depositphotos.com - SimpleFoto, photography33)<\/figcaption><\/figure>\n<p>Il ne vaut donc plus la peine de les confronter \u00e0 de nouveaux d\u00e9fis. Or, un m\u00e9lange \u00e9quilibr\u00e9 des g\u00e9n\u00e9rations est un facteur important de la r\u00e9ussite d'une philosophie d'entreprise : les personnes d'\u00e2ge m\u00fbr et moyen disposent d'un potentiel consid\u00e9rable en termes d'exp\u00e9rience professionnelle et de vie, tandis que les juniors apportent aux entreprises des connaissances actuelles, de l'\u00e9lan, du dynamisme et une force d'innovation. Un m\u00e9lange \u00e9quilibr\u00e9 de g\u00e9n\u00e9rations est important pour l'homog\u00e9n\u00e9it\u00e9 et l'ambiance de travail d'une communaut\u00e9 de travail. Il ne peut donc plus s'agir d'encourager les d\u00e9parts \u00e0 la retraite anticip\u00e9e, mais de conserver les professionnels exp\u00e9riment\u00e9s et les sp\u00e9cialistes dans les entreprises - une question de survie pour de nombreuses PME, puisque le manque de personnel qualifi\u00e9 et bien form\u00e9 s'accentue de plus en plus.<\/p>\n<p><strong>L'\u00e2ge biologique n'est pas d\u00e9terminant pour les performances<\/strong><\/p>\n<p>Comme le montrent les r\u00e9sultats d'une recherche g\u00e9rontologique approfondie, l'\u00e2ge biologique n'est qu'un des nombreux facteurs d'influence qui marquent le d\u00e9veloppement individuel d'une personne. Sa capacit\u00e9 de performance est d\u00e9termin\u00e9e dans une bien plus large mesure par les activit\u00e9s, les fonctions et les exigences auxquelles elle est confront\u00e9e au cours de sa vie. Les explications \u00e9clairantes sont de Werner R. M\u00fcller, professeur \u00e9m\u00e9rite d'\u00e9conomie d'entreprise, d'organisation et de gestion du personnel \u00e0 l'universit\u00e9 de Zurich. <a href=\"https:\/\/www.unibas.ch\/de.html\" target=\"_blank\" rel=\"noreferrer noopener\" data-cke-saved-href=\"https:\/\/www.unibas.ch\/de.html\">Universit\u00e9 de B\u00e2le.<\/a> Il ajoute que l'acquisition de comp\u00e9tences se d\u00e9roule ind\u00e9pendamment des ph\u00e9nom\u00e8nes de d\u00e9gradation biologique li\u00e9s \u00e0 l'\u00e2ge. En cons\u00e9quence, la politique du personnel ne devrait pas \u00eatre ax\u00e9e sur les d\u00e9ficits dus \u00e0 l'\u00e2ge, mais sur les possibilit\u00e9s de d\u00e9veloppement humain. Il s'agit de cr\u00e9er un environnement de travail qui stimule tous les collaborateurs tout au long de leur vie professionnelle.<\/p>\n<p><strong>Mieux exploiter le potentiel de la g\u00e9n\u00e9ration plus \u00e2g\u00e9e<\/strong><\/p>\n<p>Il ne suffit donc plus de jouer les \"bienfaiteurs\" et de donner de temps en temps \u00e0 un senior une chance de se profiler utilement. Il s'agit plut\u00f4t de prendre conscience des avantages que les entreprises peuvent tirer d'une meilleure utilisation du potentiel de la g\u00e9n\u00e9ration plus \u00e2g\u00e9e qu'auparavant. Cela implique un changement de mentalit\u00e9 dans les \u00e9tages de direction o\u00f9 l'\u00e2ge est consid\u00e9r\u00e9 en premier lieu comme un d\u00e9ficit et non comme une chance. Il existe pourtant toute une s\u00e9rie de qualifications qui sont sp\u00e9cifiques \u00e0 la g\u00e9n\u00e9ration plus \u00e2g\u00e9e, sans pour autant d\u00e9nier les capacit\u00e9s des jeunes collaborateurs :<\/p>\n<ul>\n<li>Exp\u00e9rience de vie et professionnelle solide<\/li>\n<li>Connaissances d'experts : acquises gr\u00e2ce \u00e0 une longue exp\u00e9rience professionnelle<\/li>\n<li>Jugement \u00e9quilibr\u00e9<\/li>\n<li>Grande fiabilit\u00e9, grand sens du devoir et des responsabilit\u00e9s<\/li>\n<li>Excellentes comp\u00e9tences en mati\u00e8re de r\u00e9solution de probl\u00e8mes<\/li>\n<li>S\u00e9curit\u00e9\/stabilit\u00e9 gr\u00e2ce \u00e0 la pr\u00e9visibilit\u00e9 de la carri\u00e8re professionnelle<\/li>\n<li>Loyaut\u00e9, fid\u00e9lit\u00e9, assiduit\u00e9 et discipline.<\/li>\n<\/ul>\n<p>Enfin, les clients prennent de l'\u00e2ge et attachent une grande importance \u00e0 une relation commerciale de longue dur\u00e9e, de pr\u00e9f\u00e9rence avec une personne de r\u00e9f\u00e9rence d'une tranche d'\u00e2ge similaire.<\/p>\n<p><strong>Responsabilit\u00e9 personnelle des classes d'\u00e2ge sup\u00e9rieures<\/strong><\/p>\n<p>Dans le cadre des changements constants, l'employabilit\u00e9, c'est-\u00e0-dire la capacit\u00e9 de chaque collaborateur \u00e0 s'adapter au march\u00e9 du travail, gagne en importance. Cela signifie que m\u00eame les seniors exp\u00e9riment\u00e9s doivent \u00eatre pr\u00eats \u00e0 apprendre de nouvelles choses et \u00e0 aborder activement les changements parfois rapides d'aujourd'hui. Des notions telles que la mobilit\u00e9 intellectuelle et g\u00e9ographique, l'apprentissage tout au long de la vie et le d\u00e9veloppement personnel ne sont pas des mots \u00e9trangers pour eux non plus, mais font partie int\u00e9grante de leur propre aptitude au march\u00e9 du travail. Les directeurs et les responsables RH sont pr\u00e9destin\u00e9s \u00e0 jouer le r\u00f4le de \"coach en employabilit\u00e9\" en veillant \u00e0 ce que les comp\u00e9tences professionnelles et sociales de tous les groupes d'\u00e2ge soient encourag\u00e9es.<\/p>\n<p><strong>De la philosophie \u00e0 la strat\u00e9gie<\/strong><\/p>\n<p>La philosophie de l'entreprise est une chose, la responsabilit\u00e9 personnelle de chaque collaborateur en est une autre. Il s'agit maintenant de d\u00e9velopper une strat\u00e9gie \u00e0 partir de l\u00e0, qui pourrait se pr\u00e9senter comme suit :<\/p>\n<ul>\n<li>Formation continue pour tous les groupes d'\u00e2ge<\/li>\n<li>Gestion de la sant\u00e9 en entreprise<\/li>\n<li>Une politique interg\u00e9n\u00e9rationnelle consciente dans la planification et le recrutement du personnel<\/li>\n<li>Transfert de connaissances entre les collaborateurs plus \u00e2g\u00e9s et plus jeunes<\/li>\n<li>Prise en charge de la client\u00e8le vieillissante par du personnel de la m\u00eame g\u00e9n\u00e9ration<\/li>\n<\/ul>\n<p>Ce ne sont l\u00e0 que quelques points. Ce qui est plus important que leur fixation dans un document sur papier glac\u00e9, c'est leur ancrage dans l'esprit des directions d'entreprise et leur mise en \u0153uvre dans une politique du personnel progressiste. Si celle-ci doit avoir un caract\u00e8re durable, la liste de contr\u00f4le suivante peut s'av\u00e9rer utile.<\/p>\n<p><strong>Liste de contr\u00f4le pour une politique du personnel adapt\u00e9e aux g\u00e9n\u00e9rations<\/strong><\/p>\n<ul>\n<li>Tout d'abord : faire une analyse de la structure d'\u00e2ge : Quand les d\u00e9parts \u00e0 la retraite sont-ils pr\u00e9vus ?<\/li>\n<li>Comparer les besoins futurs en personnel aux ressources existantes<\/li>\n<li>\u00c9galit\u00e9 des chances pour les jeunes et les moins jeunes : c'est le profil d'exigences qui est d\u00e9terminant pour l'attribution des postes, et non l'\u00e2ge.<\/li>\n<li>Si ce n'est pas absolument obligatoire : pas de limite d'\u00e2ge dans les annonces<\/li>\n<li>Mise en place d'un m\u00e9lange de g\u00e9n\u00e9rations : Les jeunes en tant que d\u00e9tenteurs actuels du savoir, les plus \u00e2g\u00e9s en tant que garants d'un savoir-faire d'experts<\/li>\n<li>En principe, pas de retraite anticip\u00e9e<\/li>\n<li>Proposer des mod\u00e8les de travail et de retraite flexibles<\/li>\n<li>Au lieu d'organiser de luxueux s\u00e9minaires de pr\u00e9paration \u00e0 la retraite et autres : Investir dans une formation continue cibl\u00e9e pour les travailleurs \u00e2g\u00e9s<\/li>\n<li>Adapter l'organisation du travail \u00e0 l'allongement de l'esp\u00e9rance de vie. Du mod\u00e8le 50plus au mod\u00e8le 60plus : carri\u00e8res en arc, tandems, mentoring et autres<\/li>\n<\/ul>\n<p><em>D'ailleurs <\/em>Rome ne s'est pas non plus construite en un jour : il est donc possible de mettre en \u0153uvre progressivement les points \u00e9num\u00e9r\u00e9s selon le principe modulaire - en fonction de la volont\u00e9 interne et des conditions organisationnelles de votre entreprise.<\/p>\n<p><em>Conclusion :<\/em> Le travail entre les g\u00e9n\u00e9rations doit prendre une nouvelle importance et une nouvelle qualit\u00e9.<\/p>","protected":false},"excerpt":{"rendered":"<p>Somit lohne es sich nicht mehr, sie mit neuen Herausforderungen zu konfrontieren. Dabei ist eine ausgewogene altersm\u00e4ssige Durchmischung der Generationen ein wichtiger Faktor einer erfolgreichen Uternehmensphilosophie: Die \u00e4lteren und mittleren Jahrg\u00e4nge verf\u00fcgen \u00fcber betr\u00e4chtliches Potenzial an Berufs- und Lebenserfahrung, w\u00e4hrend die Junioren aktuelles Wissen, Schwung, Dynamik und Innovationskraft in die Unternehmen bringen. Ein ausgewogener Generationenmix [&hellip;]<\/p>\n","protected":false},"author":8,"featured_media":0,"comment_status":"open","ping_status":"open","sticky":false,"template":"","format":"standard","meta":{"_acf_changed":false,"_yoast_wpseo_focuskw":"\u00c4ltere Mitarbeitende sind eine Chance f\u00fcr die KMU","_yoast_wpseo_metadesc":"Die \u00e4ltere Generation sei zu wenig dynamisch, zu wenig flexibel, zu wenig leistungsf\u00e4hig und zu teuer. Die Reihe abwertender Eigenschaften, die mit dem fortschreitenden Lebensalter verbunden werden, l\u00e4sst sich m\u00fchelos erweitern und gipfelt nicht selten in der fest verankerten Vorstellung, dass \u00e4ltere Arbeitnehmerinnen und Arbeitnehmer \u00abverkrustet\u00bb seien, nur noch \u00fcber eine beschr\u00e4nkte Lernf\u00e4higkeit und eine sehr bescheidene Lernbereitschaft verf\u00fcgten!","articlekey":"","footnotes":""},"categories":[28],"tags":[334,492],"class_list":["post-1218","post","type-post","status-publish","format-standard","hentry","category-management","tag-management","tag-unternehmen"],"acf":[],"yoast_head":"<!-- This site is optimized with the Yoast SEO plugin v27.5 - https:\/\/yoast.com\/product\/yoast-seo-wordpress\/ -->\n<title>\u00c4ltere Mitarbeitende sind eine Chance f\u00fcr die KMU - Organisator<\/title>\n<meta name=\"description\" content=\"Die \u00e4ltere Generation sei zu wenig dynamisch, zu wenig flexibel, zu wenig leistungsf\u00e4hig und zu teuer. Die Reihe abwertender Eigenschaften, die mit dem fortschreitenden Lebensalter verbunden werden, l\u00e4sst sich m\u00fchelos erweitern und gipfelt nicht selten in der fest verankerten Vorstellung, dass \u00e4ltere Arbeitnehmerinnen und Arbeitnehmer \u00abverkrustet\u00bb seien, nur noch \u00fcber eine beschr\u00e4nkte Lernf\u00e4higkeit und eine sehr bescheidene Lernbereitschaft verf\u00fcgten!\" \/>\n<meta name=\"robots\" content=\"index, follow, max-snippet:-1, max-image-preview:large, max-video-preview:-1\" \/>\n<link rel=\"canonical\" href=\"https:\/\/www.organisator.ch\/fr\/gestion-2\/2016-08-08\/aeltere-mitarbeitende-sind-eine-chance-fuer-die-kmu\/\" \/>\n<meta property=\"og:locale\" content=\"fr_FR\" \/>\n<meta property=\"og:type\" content=\"article\" \/>\n<meta property=\"og:title\" content=\"\u00c4ltere Mitarbeitende sind eine Chance f\u00fcr die KMU\" \/>\n<meta property=\"og:description\" content=\"Die \u00e4ltere Generation sei zu wenig dynamisch, zu wenig flexibel, zu wenig leistungsf\u00e4hig und zu teuer. Die Reihe abwertender Eigenschaften, die mit dem fortschreitenden Lebensalter verbunden werden, l\u00e4sst sich m\u00fchelos erweitern und gipfelt nicht selten in der fest verankerten Vorstellung, dass \u00e4ltere Arbeitnehmerinnen und Arbeitnehmer \u00abverkrustet\u00bb seien, nur noch \u00fcber eine beschr\u00e4nkte Lernf\u00e4higkeit und eine sehr bescheidene Lernbereitschaft verf\u00fcgten!\" \/>\n<meta property=\"og:url\" content=\"https:\/\/www.organisator.ch\/fr\/gestion-2\/2016-08-08\/aeltere-mitarbeitende-sind-eine-chance-fuer-die-kmu\/\" \/>\n<meta property=\"og:site_name\" content=\"Organisator\" \/>\n<meta property=\"article:publisher\" content=\"https:\/\/www.facebook.com\/OrganisatorFachmagazin\" \/>\n<meta property=\"article:published_time\" content=\"2016-08-08T15:58:57+00:00\" \/>\n<meta name=\"author\" content=\"galledia\" \/>\n<meta name=\"twitter:card\" content=\"summary_large_image\" \/>\n<meta name=\"twitter:title\" content=\"\u00c4ltere Mitarbeitende sind eine Chance f\u00fcr die KMU\" \/>\n<meta name=\"twitter:description\" content=\"Die \u00e4ltere Generation sei zu wenig dynamisch, zu wenig flexibel, zu wenig leistungsf\u00e4hig und zu teuer. Die Reihe abwertender Eigenschaften, die mit dem fortschreitenden Lebensalter verbunden werden, l\u00e4sst sich m\u00fchelos erweitern und gipfelt nicht selten in der fest verankerten Vorstellung, dass \u00e4ltere Arbeitnehmerinnen und Arbeitnehmer \u00abverkrustet\u00bb seien, nur noch \u00fcber eine beschr\u00e4nkte Lernf\u00e4higkeit und eine sehr bescheidene Lernbereitschaft verf\u00fcgten!\" \/>\n<meta name=\"twitter:creator\" content=\"@admin\" \/>\n<script type=\"application\/ld+json\" class=\"yoast-schema-graph\">{\"@context\":\"https:\\\/\\\/schema.org\",\"@graph\":[{\"@type\":\"Article\",\"@id\":\"https:\\\/\\\/www.organisator.ch\\\/management\\\/2016-08-08\\\/aeltere-mitarbeitende-sind-eine-chance-fuer-die-kmu\\\/#article\",\"isPartOf\":{\"@id\":\"https:\\\/\\\/www.organisator.ch\\\/management\\\/2016-08-08\\\/aeltere-mitarbeitende-sind-eine-chance-fuer-die-kmu\\\/\"},\"author\":{\"name\":\"galledia\",\"@id\":\"https:\\\/\\\/www.organisator.ch\\\/#\\\/schema\\\/person\\\/4e51799071cd2dd1232ac003643ef5f0\"},\"headline\":\"\u00c4ltere Mitarbeitende sind eine Chance f\u00fcr die KMU\",\"datePublished\":\"2016-08-08T15:58:57+00:00\",\"mainEntityOfPage\":{\"@id\":\"https:\\\/\\\/www.organisator.ch\\\/management\\\/2016-08-08\\\/aeltere-mitarbeitende-sind-eine-chance-fuer-die-kmu\\\/\"},\"wordCount\":793,\"commentCount\":0,\"publisher\":{\"@id\":\"https:\\\/\\\/www.organisator.ch\\\/#organization\"},\"keywords\":[\"Management\",\"Unternehmen\"],\"articleSection\":[\"MANAGEMENT\"],\"inLanguage\":\"fr-FR\"},{\"@type\":\"WebPage\",\"@id\":\"https:\\\/\\\/www.organisator.ch\\\/management\\\/2016-08-08\\\/aeltere-mitarbeitende-sind-eine-chance-fuer-die-kmu\\\/\",\"url\":\"https:\\\/\\\/www.organisator.ch\\\/management\\\/2016-08-08\\\/aeltere-mitarbeitende-sind-eine-chance-fuer-die-kmu\\\/\",\"name\":\"\u00c4ltere Mitarbeitende sind eine Chance f\u00fcr die KMU - Organisator\",\"isPartOf\":{\"@id\":\"https:\\\/\\\/www.organisator.ch\\\/#website\"},\"datePublished\":\"2016-08-08T15:58:57+00:00\",\"description\":\"Die \u00e4ltere Generation sei zu wenig dynamisch, zu wenig flexibel, zu wenig leistungsf\u00e4hig und zu teuer. Die Reihe abwertender Eigenschaften, die mit dem fortschreitenden Lebensalter verbunden werden, l\u00e4sst sich m\u00fchelos erweitern und gipfelt nicht selten in der fest verankerten Vorstellung, dass \u00e4ltere Arbeitnehmerinnen und Arbeitnehmer \u00abverkrustet\u00bb seien, nur noch \u00fcber eine beschr\u00e4nkte Lernf\u00e4higkeit und eine sehr bescheidene Lernbereitschaft verf\u00fcgten!\",\"breadcrumb\":{\"@id\":\"https:\\\/\\\/www.organisator.ch\\\/management\\\/2016-08-08\\\/aeltere-mitarbeitende-sind-eine-chance-fuer-die-kmu\\\/#breadcrumb\"},\"inLanguage\":\"fr-FR\",\"potentialAction\":[{\"@type\":\"ReadAction\",\"target\":[\"https:\\\/\\\/www.organisator.ch\\\/management\\\/2016-08-08\\\/aeltere-mitarbeitende-sind-eine-chance-fuer-die-kmu\\\/\"]}]},{\"@type\":\"BreadcrumbList\",\"@id\":\"https:\\\/\\\/www.organisator.ch\\\/management\\\/2016-08-08\\\/aeltere-mitarbeitende-sind-eine-chance-fuer-die-kmu\\\/#breadcrumb\",\"itemListElement\":[{\"@type\":\"ListItem\",\"position\":1,\"name\":\"Home\",\"item\":\"https:\\\/\\\/www.organisator.ch\\\/\"},{\"@type\":\"ListItem\",\"position\":2,\"name\":\"\u00c4ltere Mitarbeitende sind eine Chance f\u00fcr die KMU\"}]},{\"@type\":\"WebSite\",\"@id\":\"https:\\\/\\\/www.organisator.ch\\\/#website\",\"url\":\"https:\\\/\\\/www.organisator.ch\\\/\",\"name\":\"Organisator\",\"description\":\"Kompetent. Praxisnah. Der ORGANISATOR bereitet in 10 Ausgaben pro Jahr die wesentlichen Themen f\u00fcr F\u00fchrungskr\u00e4fte von KMU auf.\",\"publisher\":{\"@id\":\"https:\\\/\\\/www.organisator.ch\\\/#organization\"},\"potentialAction\":[{\"@type\":\"SearchAction\",\"target\":{\"@type\":\"EntryPoint\",\"urlTemplate\":\"https:\\\/\\\/www.organisator.ch\\\/?s={search_term_string}\"},\"query-input\":{\"@type\":\"PropertyValueSpecification\",\"valueRequired\":true,\"valueName\":\"search_term_string\"}}],\"inLanguage\":\"fr-FR\"},{\"@type\":\"Organization\",\"@id\":\"https:\\\/\\\/www.organisator.ch\\\/#organization\",\"name\":\"Organisator\",\"url\":\"https:\\\/\\\/www.organisator.ch\\\/\",\"logo\":{\"@type\":\"ImageObject\",\"inLanguage\":\"fr-FR\",\"@id\":\"https:\\\/\\\/www.organisator.ch\\\/#\\\/schema\\\/logo\\\/image\\\/\",\"url\":\"https:\\\/\\\/www.organisator.ch\\\/wp-content\\\/uploads\\\/2022\\\/01\\\/Logo_Organisator_Website.png\",\"contentUrl\":\"https:\\\/\\\/www.organisator.ch\\\/wp-content\\\/uploads\\\/2022\\\/01\\\/Logo_Organisator_Website.png\",\"width\":800,\"height\":77,\"caption\":\"Organisator\"},\"image\":{\"@id\":\"https:\\\/\\\/www.organisator.ch\\\/#\\\/schema\\\/logo\\\/image\\\/\"},\"sameAs\":[\"https:\\\/\\\/www.facebook.com\\\/OrganisatorFachmagazin\",\"https:\\\/\\\/www.linkedin.com\\\/showcase\\\/organisator-das-magazin-fr-kmu\",\"https:\\\/\\\/www.xing.com\\\/news\\\/pages\\\/organisator-ch-695\",\"https:\\\/\\\/www.youtube.com\\\/channel\\\/UCGP2Sq0iWaZwT3BdIAQFYpw\"]},{\"@type\":\"Person\",\"@id\":\"https:\\\/\\\/www.organisator.ch\\\/#\\\/schema\\\/person\\\/4e51799071cd2dd1232ac003643ef5f0\",\"name\":\"galledia\",\"image\":{\"@type\":\"ImageObject\",\"inLanguage\":\"fr-FR\",\"@id\":\"https:\\\/\\\/secure.gravatar.com\\\/avatar\\\/78a7f90c01fc2bfc875782a0d4922b37cde2cf184ce347b91316d23cd7f69a36?s=96&d=mm&r=g\",\"url\":\"https:\\\/\\\/secure.gravatar.com\\\/avatar\\\/78a7f90c01fc2bfc875782a0d4922b37cde2cf184ce347b91316d23cd7f69a36?s=96&d=mm&r=g\",\"contentUrl\":\"https:\\\/\\\/secure.gravatar.com\\\/avatar\\\/78a7f90c01fc2bfc875782a0d4922b37cde2cf184ce347b91316d23cd7f69a36?s=96&d=mm&r=g\",\"caption\":\"galledia\"},\"sameAs\":[\"https:\\\/\\\/x.com\\\/admin\"],\"url\":\"https:\\\/\\\/www.organisator.ch\\\/fr\\\/author\\\/galledia\\\/\"}]}<\/script>\n<!-- \/ Yoast SEO plugin. -->","yoast_head_json":{"title":"Les collaborateurs \u00e2g\u00e9s sont une chance pour les PME - Organisateur","description":"La g\u00e9n\u00e9ration plus \u00e2g\u00e9e ne serait pas assez dynamique, pas assez flexible, pas assez performante et trop ch\u00e8re. La s\u00e9rie de caract\u00e9ristiques p\u00e9joratives associ\u00e9es \u00e0 l'avanc\u00e9e en \u00e2ge s'\u00e9tend sans peine et culmine souvent dans l'id\u00e9e bien ancr\u00e9e que les travailleurs \u00e2g\u00e9s sont \"scl\u00e9ros\u00e9s\", ne disposent plus que d'une capacit\u00e9 d'apprentissage limit\u00e9e et d'une volont\u00e9 d'apprendre tr\u00e8s modeste !","robots":{"index":"index","follow":"follow","max-snippet":"max-snippet:-1","max-image-preview":"max-image-preview:large","max-video-preview":"max-video-preview:-1"},"canonical":"https:\/\/www.organisator.ch\/fr\/gestion-2\/2016-08-08\/aeltere-mitarbeitende-sind-eine-chance-fuer-die-kmu\/","og_locale":"fr_FR","og_type":"article","og_title":"\u00c4ltere Mitarbeitende sind eine Chance f\u00fcr die KMU","og_description":"Die \u00e4ltere Generation sei zu wenig dynamisch, zu wenig flexibel, zu wenig leistungsf\u00e4hig und zu teuer. Die Reihe abwertender Eigenschaften, die mit dem fortschreitenden Lebensalter verbunden werden, l\u00e4sst sich m\u00fchelos erweitern und gipfelt nicht selten in der fest verankerten Vorstellung, dass \u00e4ltere Arbeitnehmerinnen und Arbeitnehmer \u00abverkrustet\u00bb seien, nur noch \u00fcber eine beschr\u00e4nkte Lernf\u00e4higkeit und eine sehr bescheidene Lernbereitschaft verf\u00fcgten!","og_url":"https:\/\/www.organisator.ch\/fr\/gestion-2\/2016-08-08\/aeltere-mitarbeitende-sind-eine-chance-fuer-die-kmu\/","og_site_name":"Organisator","article_publisher":"https:\/\/www.facebook.com\/OrganisatorFachmagazin","article_published_time":"2016-08-08T15:58:57+00:00","author":"galledia","twitter_card":"summary_large_image","twitter_title":"\u00c4ltere Mitarbeitende sind eine Chance f\u00fcr die KMU","twitter_description":"Die \u00e4ltere Generation sei zu wenig dynamisch, zu wenig flexibel, zu wenig leistungsf\u00e4hig und zu teuer. Die Reihe abwertender Eigenschaften, die mit dem fortschreitenden Lebensalter verbunden werden, l\u00e4sst sich m\u00fchelos erweitern und gipfelt nicht selten in der fest verankerten Vorstellung, dass \u00e4ltere Arbeitnehmerinnen und Arbeitnehmer \u00abverkrustet\u00bb seien, nur noch \u00fcber eine beschr\u00e4nkte Lernf\u00e4higkeit und eine sehr bescheidene Lernbereitschaft verf\u00fcgten!","twitter_creator":"@admin","schema":{"@context":"https:\/\/schema.org","@graph":[{"@type":"Article","@id":"https:\/\/www.organisator.ch\/management\/2016-08-08\/aeltere-mitarbeitende-sind-eine-chance-fuer-die-kmu\/#article","isPartOf":{"@id":"https:\/\/www.organisator.ch\/management\/2016-08-08\/aeltere-mitarbeitende-sind-eine-chance-fuer-die-kmu\/"},"author":{"name":"galledia","@id":"https:\/\/www.organisator.ch\/#\/schema\/person\/4e51799071cd2dd1232ac003643ef5f0"},"headline":"\u00c4ltere Mitarbeitende sind eine Chance f\u00fcr die KMU","datePublished":"2016-08-08T15:58:57+00:00","mainEntityOfPage":{"@id":"https:\/\/www.organisator.ch\/management\/2016-08-08\/aeltere-mitarbeitende-sind-eine-chance-fuer-die-kmu\/"},"wordCount":793,"commentCount":0,"publisher":{"@id":"https:\/\/www.organisator.ch\/#organization"},"keywords":["Management","Unternehmen"],"articleSection":["MANAGEMENT"],"inLanguage":"fr-FR"},{"@type":"WebPage","@id":"https:\/\/www.organisator.ch\/management\/2016-08-08\/aeltere-mitarbeitende-sind-eine-chance-fuer-die-kmu\/","url":"https:\/\/www.organisator.ch\/management\/2016-08-08\/aeltere-mitarbeitende-sind-eine-chance-fuer-die-kmu\/","name":"Les collaborateurs \u00e2g\u00e9s sont une chance pour les PME - Organisateur","isPartOf":{"@id":"https:\/\/www.organisator.ch\/#website"},"datePublished":"2016-08-08T15:58:57+00:00","description":"La g\u00e9n\u00e9ration plus \u00e2g\u00e9e ne serait pas assez dynamique, pas assez flexible, pas assez performante et trop ch\u00e8re. La s\u00e9rie de caract\u00e9ristiques p\u00e9joratives associ\u00e9es \u00e0 l'avanc\u00e9e en \u00e2ge s'\u00e9tend sans peine et culmine souvent dans l'id\u00e9e bien ancr\u00e9e que les travailleurs \u00e2g\u00e9s sont \"scl\u00e9ros\u00e9s\", ne disposent plus que d'une capacit\u00e9 d'apprentissage limit\u00e9e et d'une volont\u00e9 d'apprendre tr\u00e8s modeste !","breadcrumb":{"@id":"https:\/\/www.organisator.ch\/management\/2016-08-08\/aeltere-mitarbeitende-sind-eine-chance-fuer-die-kmu\/#breadcrumb"},"inLanguage":"fr-FR","potentialAction":[{"@type":"ReadAction","target":["https:\/\/www.organisator.ch\/management\/2016-08-08\/aeltere-mitarbeitende-sind-eine-chance-fuer-die-kmu\/"]}]},{"@type":"BreadcrumbList","@id":"https:\/\/www.organisator.ch\/management\/2016-08-08\/aeltere-mitarbeitende-sind-eine-chance-fuer-die-kmu\/#breadcrumb","itemListElement":[{"@type":"ListItem","position":1,"name":"Home","item":"https:\/\/www.organisator.ch\/"},{"@type":"ListItem","position":2,"name":"\u00c4ltere Mitarbeitende sind eine Chance f\u00fcr die KMU"}]},{"@type":"WebSite","@id":"https:\/\/www.organisator.ch\/#website","url":"https:\/\/www.organisator.ch\/","name":"Organisateur","description":"Comp\u00e9tence et comp\u00e9tence. Proches de la pratique. L'ORGANISATEUR pr\u00e9pare 10 num\u00e9ros par an sur les th\u00e8mes essentiels pour les dirigeants de PME.","publisher":{"@id":"https:\/\/www.organisator.ch\/#organization"},"potentialAction":[{"@type":"SearchAction","target":{"@type":"EntryPoint","urlTemplate":"https:\/\/www.organisator.ch\/?s={search_term_string}"},"query-input":{"@type":"PropertyValueSpecification","valueRequired":true,"valueName":"search_term_string"}}],"inLanguage":"fr-FR"},{"@type":"Organization","@id":"https:\/\/www.organisator.ch\/#organization","name":"Organisateur","url":"https:\/\/www.organisator.ch\/","logo":{"@type":"ImageObject","inLanguage":"fr-FR","@id":"https:\/\/www.organisator.ch\/#\/schema\/logo\/image\/","url":"https:\/\/www.organisator.ch\/wp-content\/uploads\/2022\/01\/Logo_Organisator_Website.png","contentUrl":"https:\/\/www.organisator.ch\/wp-content\/uploads\/2022\/01\/Logo_Organisator_Website.png","width":800,"height":77,"caption":"Organisator"},"image":{"@id":"https:\/\/www.organisator.ch\/#\/schema\/logo\/image\/"},"sameAs":["https:\/\/www.facebook.com\/OrganisatorFachmagazin","https:\/\/www.linkedin.com\/showcase\/organisator-das-magazin-fr-kmu","https:\/\/www.xing.com\/news\/pages\/organisator-ch-695","https:\/\/www.youtube.com\/channel\/UCGP2Sq0iWaZwT3BdIAQFYpw"]},{"@type":"Person","@id":"https:\/\/www.organisator.ch\/#\/schema\/person\/4e51799071cd2dd1232ac003643ef5f0","name":"galledia","image":{"@type":"ImageObject","inLanguage":"fr-FR","@id":"https:\/\/secure.gravatar.com\/avatar\/78a7f90c01fc2bfc875782a0d4922b37cde2cf184ce347b91316d23cd7f69a36?s=96&d=mm&r=g","url":"https:\/\/secure.gravatar.com\/avatar\/78a7f90c01fc2bfc875782a0d4922b37cde2cf184ce347b91316d23cd7f69a36?s=96&d=mm&r=g","contentUrl":"https:\/\/secure.gravatar.com\/avatar\/78a7f90c01fc2bfc875782a0d4922b37cde2cf184ce347b91316d23cd7f69a36?s=96&d=mm&r=g","caption":"galledia"},"sameAs":["https:\/\/x.com\/admin"],"url":"https:\/\/www.organisator.ch\/fr\/author\/galledia\/"}]}},"_links":{"self":[{"href":"https:\/\/www.organisator.ch\/fr\/wp-json\/wp\/v2\/posts\/1218","targetHints":{"allow":["GET"]}}],"collection":[{"href":"https:\/\/www.organisator.ch\/fr\/wp-json\/wp\/v2\/posts"}],"about":[{"href":"https:\/\/www.organisator.ch\/fr\/wp-json\/wp\/v2\/types\/post"}],"author":[{"embeddable":true,"href":"https:\/\/www.organisator.ch\/fr\/wp-json\/wp\/v2\/users\/8"}],"replies":[{"embeddable":true,"href":"https:\/\/www.organisator.ch\/fr\/wp-json\/wp\/v2\/comments?post=1218"}],"version-history":[{"count":0,"href":"https:\/\/www.organisator.ch\/fr\/wp-json\/wp\/v2\/posts\/1218\/revisions"}],"wp:attachment":[{"href":"https:\/\/www.organisator.ch\/fr\/wp-json\/wp\/v2\/media?parent=1218"}],"wp:term":[{"taxonomy":"category","embeddable":true,"href":"https:\/\/www.organisator.ch\/fr\/wp-json\/wp\/v2\/categories?post=1218"},{"taxonomy":"post_tag","embeddable":true,"href":"https:\/\/www.organisator.ch\/fr\/wp-json\/wp\/v2\/tags?post=1218"}],"curies":[{"name":"wp","href":"https:\/\/api.w.org\/{rel}","templated":true}]}}