{"id":12188,"date":"2022-03-21T15:55:11","date_gmt":"2022-03-21T14:55:11","guid":{"rendered":"https:\/\/www.werbewoche.ch\/?p=167587"},"modified":"2022-08-01T13:46:10","modified_gmt":"2022-08-01T11:46:10","slug":"groupe-mutuel-neues-image-und-prominente-botschafterinnen","status":"publish","type":"post","link":"https:\/\/www.organisator.ch\/fr\/marketing\/2022-03-21\/groupe-mutuel-neues-image-und-prominente-botschafterinnen\/","title":{"rendered":"Groupe Mutuel : une nouvelle image et des ambassadrices de renom"},"content":{"rendered":"<img class=\"alignnone wp-image-167589 size-large\" src=\"https:\/\/www.werbewoche.ch\/wp-content\/uploads\/2022\/03\/Schilder-Groupe-Mutuel_klein-1024x672.jpg\" alt=\"Ambassadrices\" width=\"768\" height=\"504\" \/>\r\n\r\nOutre l'image, le Groupe Mutuel affine sa strat\u00e9gie en se focalisant sur les deux pr\u00e9occupations majeures de la population suisse : la sant\u00e9 et la pr\u00e9voyance. Avec 1,3 million de clients individuels et 27 000 clients entreprises, cette strat\u00e9gie s'adresse aussi bien au march\u00e9 des assurances priv\u00e9es qu'\u00e0 celui des assurances entreprises.\r\n<h3><strong>Une nouvelle image de marque apr\u00e8s 27 ans<\/strong><\/h3>\r\nLe logo rouge et blanc repr\u00e9sentait le Groupe Mutuel depuis 1995. D\u00e8s aujourd'hui, l'ambre et le bleu marine, r\u00e9unis dans un logo \u00e9pur\u00e9, sont les nouvelles couleurs de l'entreprise. Outre le logo, tous les autres \u00e9l\u00e9ments qui font partie de l'identit\u00e9 de marque du Groupe Mutuel sont modernis\u00e9s, du style des photos \u00e0 la charte graphique. Cet important changement d'image est port\u00e9 par de nouvelles valeurs introduites il y a deux ans et par une nouvelle orientation strat\u00e9gique de l'entreprise. La nouvelle identit\u00e9 de marque mise sur plus de proximit\u00e9, notamment via une nouvelle campagne de communication qui sera lanc\u00e9e \u00e0 partir du 28 mars. Elle raconte la \"vraie\" vie de mani\u00e8re naturelle et \u00e9motionnelle, au plus pr\u00e8s des gens.\r\n\r\n<img class=\"alignnone wp-image-167588 size-large\" src=\"https:\/\/www.werbewoche.ch\/wp-content\/uploads\/2022\/03\/Gebaeude-Groupe-Mutuel_1200-1024x672.jpg\" alt=\"Ambassadrices\" width=\"768\" height=\"504\" \/>\r\n<h3><strong>Deux ambassadrices de marque<\/strong><\/h3>\r\nDans le cadre du lancement de sa nouvelle identit\u00e9 de marque, le Groupe Mutuel s'associe \u00e0 deux ambassadrices de talent. Belinda Bencic, r\u00e9cente championne olympique de tennis, et Ajla Del Ponte, championne d'Europe d'athl\u00e9tisme, collaboreront avec le Groupe Mutuel au cours des trois prochaines ann\u00e9es.\r\n\r\nDepuis de nombreuses ann\u00e9es, le Groupe Mutuel soutient le sport, en particulier la course \u00e0 pied, par exemple en tant que partenaire d'une quinzaine de courses populaires en Suisse. Car le sport et la pr\u00e9vention sont extr\u00eamement importants pour la sant\u00e9. \"Avec Belinda Bencic et Ajla Del Ponte, nous pouvons compter sur deux grandes personnalit\u00e9s qui incarnent les bienfaits du sport et portent les nouvelles couleurs du Groupe Mutuel \u00e0 l'ext\u00e9rieur\", se r\u00e9jouit Thomas Boyer, CEO du Groupe Mutuel.\r\n\r\n<hr \/>\r\n\r\n<em>Avec plus de 2700 collaborateurs r\u00e9partis dans toute la Suisse, le Groupe Mutuel est au service de 1,3 million de clients individuels et de 27 000 entreprises. Dans le domaine des assurances sant\u00e9 pour entreprises, le Groupe Mutuel occupe le 5e rang national.<\/em>","protected":false},"excerpt":{"rendered":"<p>Neben dem Image verfeinert die Groupe\u00a0Mutuel ihre Strategie und richtet den Fokus auf die beiden gr\u00f6ssten Anliegen der Schweizer Bev\u00f6lkerung: Gesundheit und Vorsorge. Mit 1,3 Millionen Einzelkunden und 27\u00a0000 Unternehmenskunden ist diese Strategie sowohl auf den Markt der Privat- als auch auf jenen der Unternehmensversicherungen ausgerichtet. Ein neues Markenimage nach 27 Jahren Das rot-weisse Logo [\u2026]<\/p>\n","protected":false},"author":8,"featured_media":0,"comment_status":"closed","ping_status":"closed","sticky":false,"template":"","format":"standard","meta":{"_acf_changed":false,"_yoast_wpseo_focuskw":"Botschafterinnen","_yoast_wpseo_metadesc":"Der schweizweit t\u00e4tige Versicherer entwickelt sein Image weiter. Dazu geh\u00f6ren neue Farben, eine neue Strategie, Tennis-Olympiasiegerin Belinda Bencic und Ajla Del Ponte, Europameisterin in der Leichtathletik.","articlekey":"","footnotes":""},"categories":[29],"tags":[3223,2779],"class_list":["post-12188","post","type-post","status-publish","format-standard","hentry","category-marketing","tag-botschafterinnen","tag-groupe-mutuel"],"acf":[],"yoast_head":"<!-- This site is optimized with the Yoast SEO plugin v27.5 - https:\/\/yoast.com\/product\/yoast-seo-wordpress\/ -->\n<title>Groupe Mutuel: Neues Image und prominente Botschafterinnen - Organisator<\/title>\n<meta name=\"description\" content=\"Der schweizweit t\u00e4tige Versicherer entwickelt sein Image weiter. Dazu geh\u00f6ren neue Farben, eine neue Strategie, Tennis-Olympiasiegerin Belinda Bencic und Ajla Del Ponte, Europameisterin in der Leichtathletik.\" \/>\n<meta name=\"robots\" content=\"index, follow, max-snippet:-1, max-image-preview:large, max-video-preview:-1\" \/>\n<link rel=\"canonical\" href=\"https:\/\/www.werbewoche.ch\/de\/marketing\/marken\/2022-03-21\/groupe-mutuel-neues-image-und-prominente-botschafterinnen\/\" \/>\n<meta property=\"og:locale\" content=\"fr_FR\" \/>\n<meta property=\"og:type\" content=\"article\" \/>\n<meta property=\"og:title\" content=\"Groupe Mutuel: Neues Image und prominente Botschafterinnen - Organisator\" \/>\n<meta property=\"og:description\" content=\"Der schweizweit t\u00e4tige Versicherer entwickelt sein Image weiter. Dazu geh\u00f6ren neue Farben, eine neue Strategie, Tennis-Olympiasiegerin Belinda Bencic und Ajla Del Ponte, Europameisterin in der Leichtathletik.\" \/>\n<meta property=\"og:url\" content=\"https:\/\/www.werbewoche.ch\/de\/marketing\/marken\/2022-03-21\/groupe-mutuel-neues-image-und-prominente-botschafterinnen\/\" \/>\n<meta property=\"og:site_name\" content=\"Organisator\" \/>\n<meta property=\"article:publisher\" content=\"https:\/\/www.facebook.com\/OrganisatorFachmagazin\" \/>\n<meta property=\"article:published_time\" content=\"2022-03-21T14:55:11+00:00\" \/>\n<meta property=\"article:modified_time\" content=\"2022-08-01T11:46:10+00:00\" \/>\n<meta property=\"og:image\" content=\"https:\/\/www.werbewoche.ch\/wp-content\/uploads\/2022\/03\/Schilder-Groupe-Mutuel_klein-1024x672.jpg\" \/>\n<meta name=\"author\" content=\"galledia\" \/>\n<meta name=\"twitter:card\" content=\"summary_large_image\" \/>\n<meta name=\"twitter:creator\" content=\"@admin\" \/>\n<script type=\"application\/ld+json\" class=\"yoast-schema-graph\">{\"@context\":\"https:\\\/\\\/schema.org\",\"@graph\":[{\"@type\":\"Article\",\"@id\":\"https:\\\/\\\/www.werbewoche.ch\\\/de\\\/marketing\\\/marken\\\/2022-03-21\\\/groupe-mutuel-neues-image-und-prominente-botschafterinnen\\\/#article\",\"isPartOf\":{\"@id\":\"https:\\\/\\\/www.organisator.ch\\\/marketing\\\/2022-03-21\\\/groupe-mutuel-neues-image-und-prominente-botschafterinnen\\\/\"},\"author\":{\"name\":\"galledia\",\"@id\":\"https:\\\/\\\/www.organisator.ch\\\/#\\\/schema\\\/person\\\/4e51799071cd2dd1232ac003643ef5f0\"},\"headline\":\"Groupe Mutuel: Neues Image und prominente Botschafterinnen\",\"datePublished\":\"2022-03-21T14:55:11+00:00\",\"dateModified\":\"2022-08-01T11:46:10+00:00\",\"mainEntityOfPage\":{\"@id\":\"https:\\\/\\\/www.organisator.ch\\\/marketing\\\/2022-03-21\\\/groupe-mutuel-neues-image-und-prominente-botschafterinnen\\\/\"},\"wordCount\":332,\"publisher\":{\"@id\":\"https:\\\/\\\/www.organisator.ch\\\/#organization\"},\"image\":{\"@id\":\"https:\\\/\\\/www.werbewoche.ch\\\/de\\\/marketing\\\/marken\\\/2022-03-21\\\/groupe-mutuel-neues-image-und-prominente-botschafterinnen\\\/#primaryimage\"},\"thumbnailUrl\":\"https:\\\/\\\/www.werbewoche.ch\\\/wp-content\\\/uploads\\\/2022\\\/03\\\/Schilder-Groupe-Mutuel_klein-1024x672.jpg\",\"keywords\":[\"Botschafterinnen\",\"Groupe Mutuel\"],\"articleSection\":[\"MARKETING\"],\"inLanguage\":\"fr-FR\"},{\"@type\":\"WebPage\",\"@id\":\"https:\\\/\\\/www.organisator.ch\\\/marketing\\\/2022-03-21\\\/groupe-mutuel-neues-image-und-prominente-botschafterinnen\\\/\",\"url\":\"https:\\\/\\\/www.werbewoche.ch\\\/de\\\/marketing\\\/marken\\\/2022-03-21\\\/groupe-mutuel-neues-image-und-prominente-botschafterinnen\\\/\",\"name\":\"Groupe Mutuel: Neues Image und prominente Botschafterinnen - Organisator\",\"isPartOf\":{\"@id\":\"https:\\\/\\\/www.organisator.ch\\\/#website\"},\"primaryImageOfPage\":{\"@id\":\"https:\\\/\\\/www.werbewoche.ch\\\/de\\\/marketing\\\/marken\\\/2022-03-21\\\/groupe-mutuel-neues-image-und-prominente-botschafterinnen\\\/#primaryimage\"},\"image\":{\"@id\":\"https:\\\/\\\/www.werbewoche.ch\\\/de\\\/marketing\\\/marken\\\/2022-03-21\\\/groupe-mutuel-neues-image-und-prominente-botschafterinnen\\\/#primaryimage\"},\"thumbnailUrl\":\"https:\\\/\\\/www.werbewoche.ch\\\/wp-content\\\/uploads\\\/2022\\\/03\\\/Schilder-Groupe-Mutuel_klein-1024x672.jpg\",\"datePublished\":\"2022-03-21T14:55:11+00:00\",\"dateModified\":\"2022-08-01T11:46:10+00:00\",\"description\":\"Der schweizweit t\u00e4tige Versicherer entwickelt sein Image weiter. Dazu geh\u00f6ren neue Farben, eine neue Strategie, Tennis-Olympiasiegerin Belinda Bencic und Ajla Del Ponte, Europameisterin in der Leichtathletik.\",\"breadcrumb\":{\"@id\":\"https:\\\/\\\/www.werbewoche.ch\\\/de\\\/marketing\\\/marken\\\/2022-03-21\\\/groupe-mutuel-neues-image-und-prominente-botschafterinnen\\\/#breadcrumb\"},\"inLanguage\":\"fr-FR\",\"potentialAction\":[{\"@type\":\"ReadAction\",\"target\":[\"https:\\\/\\\/www.werbewoche.ch\\\/de\\\/marketing\\\/marken\\\/2022-03-21\\\/groupe-mutuel-neues-image-und-prominente-botschafterinnen\\\/\"]}]},{\"@type\":\"ImageObject\",\"inLanguage\":\"fr-FR\",\"@id\":\"https:\\\/\\\/www.werbewoche.ch\\\/de\\\/marketing\\\/marken\\\/2022-03-21\\\/groupe-mutuel-neues-image-und-prominente-botschafterinnen\\\/#primaryimage\",\"url\":\"https:\\\/\\\/www.werbewoche.ch\\\/wp-content\\\/uploads\\\/2022\\\/03\\\/Schilder-Groupe-Mutuel_klein-1024x672.jpg\",\"contentUrl\":\"https:\\\/\\\/www.werbewoche.ch\\\/wp-content\\\/uploads\\\/2022\\\/03\\\/Schilder-Groupe-Mutuel_klein-1024x672.jpg\"},{\"@type\":\"BreadcrumbList\",\"@id\":\"https:\\\/\\\/www.werbewoche.ch\\\/de\\\/marketing\\\/marken\\\/2022-03-21\\\/groupe-mutuel-neues-image-und-prominente-botschafterinnen\\\/#breadcrumb\",\"itemListElement\":[{\"@type\":\"ListItem\",\"position\":1,\"name\":\"Home\",\"item\":\"https:\\\/\\\/www.organisator.ch\\\/\"},{\"@type\":\"ListItem\",\"position\":2,\"name\":\"Groupe Mutuel: Neues Image und prominente Botschafterinnen\"}]},{\"@type\":\"WebSite\",\"@id\":\"https:\\\/\\\/www.organisator.ch\\\/#website\",\"url\":\"https:\\\/\\\/www.organisator.ch\\\/\",\"name\":\"Organisator\",\"description\":\"Kompetent. Praxisnah. Der ORGANISATOR bereitet in 10 Ausgaben pro Jahr die wesentlichen Themen f\u00fcr F\u00fchrungskr\u00e4fte von KMU auf.\",\"publisher\":{\"@id\":\"https:\\\/\\\/www.organisator.ch\\\/#organization\"},\"potentialAction\":[{\"@type\":\"SearchAction\",\"target\":{\"@type\":\"EntryPoint\",\"urlTemplate\":\"https:\\\/\\\/www.organisator.ch\\\/?s={search_term_string}\"},\"query-input\":{\"@type\":\"PropertyValueSpecification\",\"valueRequired\":true,\"valueName\":\"search_term_string\"}}],\"inLanguage\":\"fr-FR\"},{\"@type\":\"Organization\",\"@id\":\"https:\\\/\\\/www.organisator.ch\\\/#organization\",\"name\":\"Organisator\",\"url\":\"https:\\\/\\\/www.organisator.ch\\\/\",\"logo\":{\"@type\":\"ImageObject\",\"inLanguage\":\"fr-FR\",\"@id\":\"https:\\\/\\\/www.organisator.ch\\\/#\\\/schema\\\/logo\\\/image\\\/\",\"url\":\"https:\\\/\\\/www.organisator.ch\\\/wp-content\\\/uploads\\\/2022\\\/01\\\/Logo_Organisator_Website.png\",\"contentUrl\":\"https:\\\/\\\/www.organisator.ch\\\/wp-content\\\/uploads\\\/2022\\\/01\\\/Logo_Organisator_Website.png\",\"width\":800,\"height\":77,\"caption\":\"Organisator\"},\"image\":{\"@id\":\"https:\\\/\\\/www.organisator.ch\\\/#\\\/schema\\\/logo\\\/image\\\/\"},\"sameAs\":[\"https:\\\/\\\/www.facebook.com\\\/OrganisatorFachmagazin\",\"https:\\\/\\\/www.linkedin.com\\\/showcase\\\/organisator-das-magazin-fr-kmu\",\"https:\\\/\\\/www.xing.com\\\/news\\\/pages\\\/organisator-ch-695\",\"https:\\\/\\\/www.youtube.com\\\/channel\\\/UCGP2Sq0iWaZwT3BdIAQFYpw\"]},{\"@type\":\"Person\",\"@id\":\"https:\\\/\\\/www.organisator.ch\\\/#\\\/schema\\\/person\\\/4e51799071cd2dd1232ac003643ef5f0\",\"name\":\"galledia\",\"image\":{\"@type\":\"ImageObject\",\"inLanguage\":\"fr-FR\",\"@id\":\"https:\\\/\\\/secure.gravatar.com\\\/avatar\\\/78a7f90c01fc2bfc875782a0d4922b37cde2cf184ce347b91316d23cd7f69a36?s=96&d=mm&r=g\",\"url\":\"https:\\\/\\\/secure.gravatar.com\\\/avatar\\\/78a7f90c01fc2bfc875782a0d4922b37cde2cf184ce347b91316d23cd7f69a36?s=96&d=mm&r=g\",\"contentUrl\":\"https:\\\/\\\/secure.gravatar.com\\\/avatar\\\/78a7f90c01fc2bfc875782a0d4922b37cde2cf184ce347b91316d23cd7f69a36?s=96&d=mm&r=g\",\"caption\":\"galledia\"},\"sameAs\":[\"https:\\\/\\\/x.com\\\/admin\"],\"url\":\"https:\\\/\\\/www.organisator.ch\\\/fr\\\/author\\\/galledia\\\/\"}]}<\/script>\n<!-- \/ Yoast SEO plugin. -->","yoast_head_json":{"title":"Groupe Mutuel : nouvelle image et ambassadrices de marque - Organisateur","description":"L'assureur actif dans toute la Suisse continue de d\u00e9velopper son image. De nouvelles couleurs, une nouvelle strat\u00e9gie, la championne olympique de tennis Belinda Bencic et Ajla Del Ponte, championne d'Europe d'athl\u00e9tisme, en font partie.","robots":{"index":"index","follow":"follow","max-snippet":"max-snippet:-1","max-image-preview":"max-image-preview:large","max-video-preview":"max-video-preview:-1"},"canonical":"https:\/\/www.werbewoche.ch\/de\/marketing\/marken\/2022-03-21\/groupe-mutuel-neues-image-und-prominente-botschafterinnen\/","og_locale":"fr_FR","og_type":"article","og_title":"Groupe Mutuel: Neues Image und prominente Botschafterinnen - Organisator","og_description":"Der schweizweit t\u00e4tige Versicherer entwickelt sein Image weiter. Dazu geh\u00f6ren neue Farben, eine neue Strategie, Tennis-Olympiasiegerin Belinda Bencic und Ajla Del Ponte, Europameisterin in der Leichtathletik.","og_url":"https:\/\/www.werbewoche.ch\/de\/marketing\/marken\/2022-03-21\/groupe-mutuel-neues-image-und-prominente-botschafterinnen\/","og_site_name":"Organisator","article_publisher":"https:\/\/www.facebook.com\/OrganisatorFachmagazin","article_published_time":"2022-03-21T14:55:11+00:00","article_modified_time":"2022-08-01T11:46:10+00:00","og_image":[{"url":"https:\/\/www.werbewoche.ch\/wp-content\/uploads\/2022\/03\/Schilder-Groupe-Mutuel_klein-1024x672.jpg","type":"","width":"","height":""}],"author":"galledia","twitter_card":"summary_large_image","twitter_creator":"@admin","schema":{"@context":"https:\/\/schema.org","@graph":[{"@type":"Article","@id":"https:\/\/www.werbewoche.ch\/de\/marketing\/marken\/2022-03-21\/groupe-mutuel-neues-image-und-prominente-botschafterinnen\/#article","isPartOf":{"@id":"https:\/\/www.organisator.ch\/marketing\/2022-03-21\/groupe-mutuel-neues-image-und-prominente-botschafterinnen\/"},"author":{"name":"galledia","@id":"https:\/\/www.organisator.ch\/#\/schema\/person\/4e51799071cd2dd1232ac003643ef5f0"},"headline":"Groupe Mutuel: Neues Image und prominente Botschafterinnen","datePublished":"2022-03-21T14:55:11+00:00","dateModified":"2022-08-01T11:46:10+00:00","mainEntityOfPage":{"@id":"https:\/\/www.organisator.ch\/marketing\/2022-03-21\/groupe-mutuel-neues-image-und-prominente-botschafterinnen\/"},"wordCount":332,"publisher":{"@id":"https:\/\/www.organisator.ch\/#organization"},"image":{"@id":"https:\/\/www.werbewoche.ch\/de\/marketing\/marken\/2022-03-21\/groupe-mutuel-neues-image-und-prominente-botschafterinnen\/#primaryimage"},"thumbnailUrl":"https:\/\/www.werbewoche.ch\/wp-content\/uploads\/2022\/03\/Schilder-Groupe-Mutuel_klein-1024x672.jpg","keywords":["Botschafterinnen","Groupe Mutuel"],"articleSection":["MARKETING"],"inLanguage":"fr-FR"},{"@type":"WebPage","@id":"https:\/\/www.organisator.ch\/marketing\/2022-03-21\/groupe-mutuel-neues-image-und-prominente-botschafterinnen\/","url":"https:\/\/www.werbewoche.ch\/de\/marketing\/marken\/2022-03-21\/groupe-mutuel-neues-image-und-prominente-botschafterinnen\/","name":"Groupe Mutuel : nouvelle image et ambassadrices de marque - Organisateur","isPartOf":{"@id":"https:\/\/www.organisator.ch\/#website"},"primaryImageOfPage":{"@id":"https:\/\/www.werbewoche.ch\/de\/marketing\/marken\/2022-03-21\/groupe-mutuel-neues-image-und-prominente-botschafterinnen\/#primaryimage"},"image":{"@id":"https:\/\/www.werbewoche.ch\/de\/marketing\/marken\/2022-03-21\/groupe-mutuel-neues-image-und-prominente-botschafterinnen\/#primaryimage"},"thumbnailUrl":"https:\/\/www.werbewoche.ch\/wp-content\/uploads\/2022\/03\/Schilder-Groupe-Mutuel_klein-1024x672.jpg","datePublished":"2022-03-21T14:55:11+00:00","dateModified":"2022-08-01T11:46:10+00:00","description":"L'assureur actif dans toute la Suisse continue de d\u00e9velopper son image. De nouvelles couleurs, une nouvelle strat\u00e9gie, la championne olympique de tennis Belinda Bencic et Ajla Del Ponte, championne d'Europe d'athl\u00e9tisme, en font partie.","breadcrumb":{"@id":"https:\/\/www.werbewoche.ch\/de\/marketing\/marken\/2022-03-21\/groupe-mutuel-neues-image-und-prominente-botschafterinnen\/#breadcrumb"},"inLanguage":"fr-FR","potentialAction":[{"@type":"ReadAction","target":["https:\/\/www.werbewoche.ch\/de\/marketing\/marken\/2022-03-21\/groupe-mutuel-neues-image-und-prominente-botschafterinnen\/"]}]},{"@type":"ImageObject","inLanguage":"fr-FR","@id":"https:\/\/www.werbewoche.ch\/de\/marketing\/marken\/2022-03-21\/groupe-mutuel-neues-image-und-prominente-botschafterinnen\/#primaryimage","url":"https:\/\/www.werbewoche.ch\/wp-content\/uploads\/2022\/03\/Schilder-Groupe-Mutuel_klein-1024x672.jpg","contentUrl":"https:\/\/www.werbewoche.ch\/wp-content\/uploads\/2022\/03\/Schilder-Groupe-Mutuel_klein-1024x672.jpg"},{"@type":"BreadcrumbList","@id":"https:\/\/www.werbewoche.ch\/de\/marketing\/marken\/2022-03-21\/groupe-mutuel-neues-image-und-prominente-botschafterinnen\/#breadcrumb","itemListElement":[{"@type":"ListItem","position":1,"name":"Home","item":"https:\/\/www.organisator.ch\/"},{"@type":"ListItem","position":2,"name":"Groupe Mutuel: Neues Image und prominente Botschafterinnen"}]},{"@type":"WebSite","@id":"https:\/\/www.organisator.ch\/#website","url":"https:\/\/www.organisator.ch\/","name":"Organisateur","description":"Comp\u00e9tence et comp\u00e9tence. Proches de la pratique. L'ORGANISATEUR pr\u00e9pare 10 num\u00e9ros par an sur les th\u00e8mes essentiels pour les dirigeants de PME.","publisher":{"@id":"https:\/\/www.organisator.ch\/#organization"},"potentialAction":[{"@type":"SearchAction","target":{"@type":"EntryPoint","urlTemplate":"https:\/\/www.organisator.ch\/?s={search_term_string}"},"query-input":{"@type":"PropertyValueSpecification","valueRequired":true,"valueName":"search_term_string"}}],"inLanguage":"fr-FR"},{"@type":"Organization","@id":"https:\/\/www.organisator.ch\/#organization","name":"Organisateur","url":"https:\/\/www.organisator.ch\/","logo":{"@type":"ImageObject","inLanguage":"fr-FR","@id":"https:\/\/www.organisator.ch\/#\/schema\/logo\/image\/","url":"https:\/\/www.organisator.ch\/wp-content\/uploads\/2022\/01\/Logo_Organisator_Website.png","contentUrl":"https:\/\/www.organisator.ch\/wp-content\/uploads\/2022\/01\/Logo_Organisator_Website.png","width":800,"height":77,"caption":"Organisator"},"image":{"@id":"https:\/\/www.organisator.ch\/#\/schema\/logo\/image\/"},"sameAs":["https:\/\/www.facebook.com\/OrganisatorFachmagazin","https:\/\/www.linkedin.com\/showcase\/organisator-das-magazin-fr-kmu","https:\/\/www.xing.com\/news\/pages\/organisator-ch-695","https:\/\/www.youtube.com\/channel\/UCGP2Sq0iWaZwT3BdIAQFYpw"]},{"@type":"Person","@id":"https:\/\/www.organisator.ch\/#\/schema\/person\/4e51799071cd2dd1232ac003643ef5f0","name":"galledia","image":{"@type":"ImageObject","inLanguage":"fr-FR","@id":"https:\/\/secure.gravatar.com\/avatar\/78a7f90c01fc2bfc875782a0d4922b37cde2cf184ce347b91316d23cd7f69a36?s=96&d=mm&r=g","url":"https:\/\/secure.gravatar.com\/avatar\/78a7f90c01fc2bfc875782a0d4922b37cde2cf184ce347b91316d23cd7f69a36?s=96&d=mm&r=g","contentUrl":"https:\/\/secure.gravatar.com\/avatar\/78a7f90c01fc2bfc875782a0d4922b37cde2cf184ce347b91316d23cd7f69a36?s=96&d=mm&r=g","caption":"galledia"},"sameAs":["https:\/\/x.com\/admin"],"url":"https:\/\/www.organisator.ch\/fr\/author\/galledia\/"}]}},"_links":{"self":[{"href":"https:\/\/www.organisator.ch\/fr\/wp-json\/wp\/v2\/posts\/12188","targetHints":{"allow":["GET"]}}],"collection":[{"href":"https:\/\/www.organisator.ch\/fr\/wp-json\/wp\/v2\/posts"}],"about":[{"href":"https:\/\/www.organisator.ch\/fr\/wp-json\/wp\/v2\/types\/post"}],"author":[{"embeddable":true,"href":"https:\/\/www.organisator.ch\/fr\/wp-json\/wp\/v2\/users\/8"}],"replies":[{"embeddable":true,"href":"https:\/\/www.organisator.ch\/fr\/wp-json\/wp\/v2\/comments?post=12188"}],"version-history":[{"count":5,"href":"https:\/\/www.organisator.ch\/fr\/wp-json\/wp\/v2\/posts\/12188\/revisions"}],"predecessor-version":[{"id":16045,"href":"https:\/\/www.organisator.ch\/fr\/wp-json\/wp\/v2\/posts\/12188\/revisions\/16045"}],"wp:attachment":[{"href":"https:\/\/www.organisator.ch\/fr\/wp-json\/wp\/v2\/media?parent=12188"}],"wp:term":[{"taxonomy":"category","embeddable":true,"href":"https:\/\/www.organisator.ch\/fr\/wp-json\/wp\/v2\/categories?post=12188"},{"taxonomy":"post_tag","embeddable":true,"href":"https:\/\/www.organisator.ch\/fr\/wp-json\/wp\/v2\/tags?post=12188"}],"curies":[{"name":"wp","href":"https:\/\/api.w.org\/{rel}","templated":true}]}}