{"id":12196,"date":"2022-03-23T00:15:23","date_gmt":"2022-03-22T23:15:23","guid":{"rendered":"https:\/\/www.werbewoche.ch\/?p=167682"},"modified":"2022-08-01T15:28:07","modified_gmt":"2022-08-01T13:28:07","slug":"corona-und-nachhaltigkeit-die-schweiz-ist-aufmerksamer-geworden","status":"publish","type":"post","link":"https:\/\/www.organisator.ch\/fr\/marketing\/2022-03-23\/corona-und-nachhaltigkeit-die-schweiz-ist-aufmerksamer-geworden\/","title":{"rendered":"Corona et durabilit\u00e9 : la Suisse est devenue plus attentive"},"content":{"rendered":"<img class=\"alignnone wp-image-167683 size-large\" src=\"https:\/\/www.werbewoche.ch\/wp-content\/uploads\/2022\/03\/Pressemeldung_Consumer-Report_2022_Pressematerial_Titelbild_CH1-1024x512.png\" alt=\"Corona\" width=\"768\" height=\"384\" \/>\r\n\r\nLa pand\u00e9mie de coronavirus a influenc\u00e9 durablement aussi bien les achats que l'alimentation des consommateurs* suisses. C'est ce qui ressort d'une \u00e9tude de l'application d'achat Bring ! sur les habitudes de planification des achats et de consommation en Suisse. Cette \u00e9tude se base sur un sondage r\u00e9alis\u00e9 aupr\u00e8s d'environ 1.000 utilisateurs de Bring ! Il en ressort que pour de nombreux consommateurs, la planification des achats, les produits achet\u00e9s et les priorit\u00e9s lors des achats, mais aussi les habitudes alimentaires, ont notamment chang\u00e9.\r\n<h3><strong>Plus de planification, plus de r\u00e9gionalit\u00e9, plus de bio<\/strong><\/h3>\r\nAinsi, la pand\u00e9mie a eu un impact consid\u00e9rable sur la mani\u00e8re dont les achats hebdomadaires sont planifi\u00e9s : 35 pour cent des personnes interrog\u00e9es ont d\u00e9clar\u00e9 planifier leurs achats de mani\u00e8re plus intensive qu'avant Corona. 30 % \u00e9tablissent davantage de listes d'achats, 21 % planifient d\u00e9sormais de mani\u00e8re tr\u00e8s d\u00e9taill\u00e9e et 17 % consacrent plus de temps \u00e0 la planification des achats qu'avant. Cela se r\u00e9percute \u00e9galement sur les achats eux-m\u00eames : pour 24 % seulement, rien n'a chang\u00e9 ; en revanche, 22 % vont d\u00e9sormais moins souvent au supermarch\u00e9 et 18 % font davantage de r\u00e9serves.\r\n\r\nMais il n'y a pas que le \"comment\" qui change, il y a aussi le \"quoi\" : une personne sur huit (13 %) ach\u00e8te d'autres produits qu'auparavant. A la question de savoir \u00e0 quoi les consommateurs* font particuli\u00e8rement attention lors du choix d'un produit, l'origine arrive en t\u00eate : pour 79%, c'est un crit\u00e8re essentiel - et donc beaucoup plus important que le prix par exemple (47%). La production est \u00e9galement importante, par exemple le fait qu'il s'agisse d'aliments bio (47 %) ainsi que les ingr\u00e9dients (46 %). La dur\u00e9e de conservation est \u00e9galement tr\u00e8s importante pour la d\u00e9cision d'achat (52 %).\r\n\r\n<img class=\"alignnone wp-image-167686 size-large\" src=\"https:\/\/www.werbewoche.ch\/wp-content\/uploads\/2022\/03\/Pressemeldung_Consumer-Report_2022_Pressematerial_Visual-3_CH-1024x597.png\" alt=\"Corona\" width=\"768\" height=\"448\" \/>\r\n<h3><strong>Les Suisses se nourrissent plus sainement et plus consciemment depuis le d\u00e9but de la pand\u00e9mie<\/strong><\/h3>\r\nCela se refl\u00e8te \u00e9galement dans les habitudes alimentaires : les consommateurs* suisses se nourrissent de mani\u00e8re plus consciente et plus durable qu'avant la pand\u00e9mie. Pr\u00e8s de la moiti\u00e9 des personnes interrog\u00e9es (47 pour cent) ont d\u00e9clar\u00e9 manger plus sainement qu'avant, 43 pour cent mangent moins ou pas du tout de viande, huit pour cent se nourrissent davantage de mani\u00e8re v\u00e9g\u00e9talienne. En revanche, seule une personne sur trois (33 pour cent) n'a pas modifi\u00e9 son comportement alimentaire et \u00e0 peine deux pour cent se nourrissent de mani\u00e8re moins saine qu'auparavant - une contradiction claire avec l'hypoth\u00e8se selon laquelle beaucoup auraient surv\u00e9cu \u00e0 la pand\u00e9mie en mangeant surtout des snacks et des sucreries.\r\n\r\nLes consommateurs* interrog\u00e9s veulent poursuivre la tendance vers des achats durables et une alimentation plus saine. Pour 2022, ils se proposent surtout d'acheter plus r\u00e9gional (58%) et de moins gaspiller (52%) ainsi que d'acheter moins de viande (27%). Mais ils veulent \u00e9galement m\u00e9nager leur porte-monnaie et d\u00e9penser moins lors de leurs achats (33 %).\r\n\r\n<img class=\"alignnone wp-image-167684 size-large\" src=\"https:\/\/www.werbewoche.ch\/wp-content\/uploads\/2022\/03\/Pressemeldung_Consumer-Report_2022_Pressematerial_Visual-1_CH-1024x597.png\" alt=\"Corona\" width=\"768\" height=\"448\" \/>\r\n<h3>Les consommateurs : La tendance vers plus de durabilit\u00e9 va se poursuivre<\/h3>\r\nLa plupart des consommateurs consid\u00e8rent ces changements comme une \u00e9volution durable : \u00e0 la question de savoir quelles tendances influenceront leur comportement d'achat \u00e0 long terme, plus de quatre personnes interrog\u00e9es sur cinq (83 %) ont cit\u00e9 la r\u00e9gionalit\u00e9, suivie par la saisonnalit\u00e9 (77 %), la durabilit\u00e9 (61 %) et les produits bio (47 %). L'achat d'aliments v\u00e9g\u00e9tariens et v\u00e9g\u00e9taliens deviendra \u00e9galement de plus en plus important \u00e0 l'avenir pour les personnes interrog\u00e9es (24 pour cent).\r\n\r\n<img class=\"alignnone wp-image-167685 size-large\" src=\"https:\/\/www.werbewoche.ch\/wp-content\/uploads\/2022\/03\/Pressemeldung_Consumer-Report_2022_Pressematerial_Visual-2_CH-1024x597.png\" alt=\"Corona\" width=\"768\" height=\"448\" \/>\r\n\r\n\"Les r\u00e9sultats de notre analyse montrent clairement que les gens en Suisse font leurs courses de mani\u00e8re plus r\u00e9fl\u00e9chie qu'avant la pand\u00e9mie\", explique Nadine M\u00fcller, Head of Sales Switzerland chez Bring ! \"La pand\u00e9mie de Corona a eu pour cons\u00e9quence que les gens font leurs courses moins souvent, mais de mani\u00e8re plus planifi\u00e9e, notamment pour passer le moins de temps possible au supermarch\u00e9. L'un des r\u00e9sultats - et notre \u00e9tude le prouve clairement - est que les consommateurs* r\u00e9fl\u00e9chissent plus attentivement \u00e0 ce qui atterrit dans leur caddie et donc dans leur assiette. Cette tendance va se poursuivre et avec elle le r\u00f4le accru de la planification des achats\".\r\n\r\n<hr \/>\r\n\r\n<em>L'\u00e9tude compl\u00e8te peut \u00eatre t\u00e9l\u00e9charg\u00e9e <a href=\"https:\/\/insights.getbring.com\/konsumtrends-2022-ch\" rel=\"noopener\">ici<\/a> disponibles. <\/em>\r\n\r\n<strong><em>\u00c0 propos de l'entreprise :<\/em><\/strong><em> Bring ! permet aux marques et aux distributeurs d'atteindre les consommateurs au moment o\u00f9 ils en ont le plus besoin, c'est-\u00e0-dire lors de la planification et de la r\u00e9alisation des achats. Parmi les formats publicitaires propos\u00e9s, on trouve notamment le produit sponsoris\u00e9 (les produits promus sont int\u00e9gr\u00e9s nativement dans la liste des courses avec le look &amp; feel de l'application Bring !), les offres personnalis\u00e9es des commer\u00e7ants locaux, les recommandations de recettes dans la rubrique Inspiration et bien d'autres encore.\u00a0<\/em>","protected":false},"excerpt":{"rendered":"<p>Die Corona-Pandemie hat sowohl Einkauf als auch\u00a0 Ern\u00e4hrung der Schweizer Konsument*innen nachhaltig beeinflusst. Das geht aus einer Studie der Einkaufs-App Bring! zum Einkaufsplanungs- und Konsumverhalten in der Schweiz hervor. Basis waren eine Befragung unter etwa 1.000 Bring!-Nutzer*innen. Demzufolge \u00e4nderten sich bei vielen Konsumenten unter anderem die Einkaufsplanung, die gekauften Produkte und die Priorit\u00e4ten beim Einkauf, [\u2026]<\/p>\n","protected":false},"author":8,"featured_media":0,"comment_status":"closed","ping_status":"closed","sticky":false,"template":"","format":"standard","meta":{"_acf_changed":false,"_yoast_wpseo_focuskw":"Corona","_yoast_wpseo_metadesc":"Die Corona-Pandemie hat sowohl Einkauf als auch Ern\u00e4hrung der Schweizer Konsument:innen nachhaltig beeinflusst.","articlekey":"","footnotes":""},"categories":[29],"tags":[2756,946],"class_list":["post-12196","post","type-post","status-publish","format-standard","hentry","category-marketing","tag-bring-labs","tag-corona"],"acf":[],"yoast_head":"<!-- This site is optimized with the Yoast SEO plugin v27.5 - https:\/\/yoast.com\/product\/yoast-seo-wordpress\/ -->\n<title>Corona und Nachhaltigkeit: Die Schweiz ist aufmerksamer geworden - Organisator<\/title>\n<meta name=\"description\" content=\"Die Corona-Pandemie hat sowohl Einkauf als auch Ern\u00e4hrung der Schweizer Konsument:innen nachhaltig beeinflusst.\" \/>\n<meta name=\"robots\" content=\"index, follow, max-snippet:-1, max-image-preview:large, max-video-preview:-1\" \/>\n<link rel=\"canonical\" href=\"https:\/\/www.werbewoche.ch\/de\/marketing\/2022-03-23\/corona-und-nachhaltigkeit-die-schweiz-ist-aufmerksamer-geworden\/\" \/>\n<meta property=\"og:locale\" content=\"fr_FR\" \/>\n<meta property=\"og:type\" content=\"article\" \/>\n<meta property=\"og:title\" content=\"Corona und Nachhaltigkeit: Die Schweiz ist aufmerksamer geworden - Organisator\" \/>\n<meta property=\"og:description\" content=\"Die Corona-Pandemie hat sowohl Einkauf als auch Ern\u00e4hrung der Schweizer Konsument:innen nachhaltig beeinflusst.\" \/>\n<meta property=\"og:url\" content=\"https:\/\/www.werbewoche.ch\/de\/marketing\/2022-03-23\/corona-und-nachhaltigkeit-die-schweiz-ist-aufmerksamer-geworden\/\" \/>\n<meta property=\"og:site_name\" content=\"Organisator\" \/>\n<meta property=\"article:publisher\" content=\"https:\/\/www.facebook.com\/OrganisatorFachmagazin\" \/>\n<meta property=\"article:published_time\" content=\"2022-03-22T23:15:23+00:00\" \/>\n<meta property=\"article:modified_time\" content=\"2022-08-01T13:28:07+00:00\" \/>\n<meta property=\"og:image\" content=\"https:\/\/www.werbewoche.ch\/wp-content\/uploads\/2022\/03\/Pressemeldung_Consumer-Report_2022_Pressematerial_Titelbild_CH1-1024x512.png\" \/>\n<meta name=\"author\" content=\"galledia\" \/>\n<meta name=\"twitter:card\" content=\"summary_large_image\" \/>\n<meta name=\"twitter:creator\" content=\"@admin\" \/>\n<script type=\"application\/ld+json\" class=\"yoast-schema-graph\">{\"@context\":\"https:\\\/\\\/schema.org\",\"@graph\":[{\"@type\":\"Article\",\"@id\":\"https:\\\/\\\/www.werbewoche.ch\\\/de\\\/marketing\\\/2022-03-23\\\/corona-und-nachhaltigkeit-die-schweiz-ist-aufmerksamer-geworden\\\/#article\",\"isPartOf\":{\"@id\":\"https:\\\/\\\/www.organisator.ch\\\/marketing\\\/2022-03-23\\\/corona-und-nachhaltigkeit-die-schweiz-ist-aufmerksamer-geworden\\\/\"},\"author\":{\"name\":\"galledia\",\"@id\":\"https:\\\/\\\/www.organisator.ch\\\/#\\\/schema\\\/person\\\/4e51799071cd2dd1232ac003643ef5f0\"},\"headline\":\"Corona und Nachhaltigkeit: Die Schweiz ist aufmerksamer geworden\",\"datePublished\":\"2022-03-22T23:15:23+00:00\",\"dateModified\":\"2022-08-01T13:28:07+00:00\",\"mainEntityOfPage\":{\"@id\":\"https:\\\/\\\/www.organisator.ch\\\/marketing\\\/2022-03-23\\\/corona-und-nachhaltigkeit-die-schweiz-ist-aufmerksamer-geworden\\\/\"},\"wordCount\":643,\"publisher\":{\"@id\":\"https:\\\/\\\/www.organisator.ch\\\/#organization\"},\"image\":{\"@id\":\"https:\\\/\\\/www.werbewoche.ch\\\/de\\\/marketing\\\/2022-03-23\\\/corona-und-nachhaltigkeit-die-schweiz-ist-aufmerksamer-geworden\\\/#primaryimage\"},\"thumbnailUrl\":\"https:\\\/\\\/www.werbewoche.ch\\\/wp-content\\\/uploads\\\/2022\\\/03\\\/Pressemeldung_Consumer-Report_2022_Pressematerial_Titelbild_CH1-1024x512.png\",\"keywords\":[\"Bring! Labs\",\"Corona\"],\"articleSection\":[\"MARKETING\"],\"inLanguage\":\"fr-FR\"},{\"@type\":\"WebPage\",\"@id\":\"https:\\\/\\\/www.organisator.ch\\\/marketing\\\/2022-03-23\\\/corona-und-nachhaltigkeit-die-schweiz-ist-aufmerksamer-geworden\\\/\",\"url\":\"https:\\\/\\\/www.werbewoche.ch\\\/de\\\/marketing\\\/2022-03-23\\\/corona-und-nachhaltigkeit-die-schweiz-ist-aufmerksamer-geworden\\\/\",\"name\":\"Corona und Nachhaltigkeit: Die Schweiz ist aufmerksamer geworden - Organisator\",\"isPartOf\":{\"@id\":\"https:\\\/\\\/www.organisator.ch\\\/#website\"},\"primaryImageOfPage\":{\"@id\":\"https:\\\/\\\/www.werbewoche.ch\\\/de\\\/marketing\\\/2022-03-23\\\/corona-und-nachhaltigkeit-die-schweiz-ist-aufmerksamer-geworden\\\/#primaryimage\"},\"image\":{\"@id\":\"https:\\\/\\\/www.werbewoche.ch\\\/de\\\/marketing\\\/2022-03-23\\\/corona-und-nachhaltigkeit-die-schweiz-ist-aufmerksamer-geworden\\\/#primaryimage\"},\"thumbnailUrl\":\"https:\\\/\\\/www.werbewoche.ch\\\/wp-content\\\/uploads\\\/2022\\\/03\\\/Pressemeldung_Consumer-Report_2022_Pressematerial_Titelbild_CH1-1024x512.png\",\"datePublished\":\"2022-03-22T23:15:23+00:00\",\"dateModified\":\"2022-08-01T13:28:07+00:00\",\"description\":\"Die Corona-Pandemie hat sowohl Einkauf als auch Ern\u00e4hrung der Schweizer Konsument:innen nachhaltig beeinflusst.\",\"breadcrumb\":{\"@id\":\"https:\\\/\\\/www.werbewoche.ch\\\/de\\\/marketing\\\/2022-03-23\\\/corona-und-nachhaltigkeit-die-schweiz-ist-aufmerksamer-geworden\\\/#breadcrumb\"},\"inLanguage\":\"fr-FR\",\"potentialAction\":[{\"@type\":\"ReadAction\",\"target\":[\"https:\\\/\\\/www.werbewoche.ch\\\/de\\\/marketing\\\/2022-03-23\\\/corona-und-nachhaltigkeit-die-schweiz-ist-aufmerksamer-geworden\\\/\"]}]},{\"@type\":\"ImageObject\",\"inLanguage\":\"fr-FR\",\"@id\":\"https:\\\/\\\/www.werbewoche.ch\\\/de\\\/marketing\\\/2022-03-23\\\/corona-und-nachhaltigkeit-die-schweiz-ist-aufmerksamer-geworden\\\/#primaryimage\",\"url\":\"https:\\\/\\\/www.werbewoche.ch\\\/wp-content\\\/uploads\\\/2022\\\/03\\\/Pressemeldung_Consumer-Report_2022_Pressematerial_Titelbild_CH1-1024x512.png\",\"contentUrl\":\"https:\\\/\\\/www.werbewoche.ch\\\/wp-content\\\/uploads\\\/2022\\\/03\\\/Pressemeldung_Consumer-Report_2022_Pressematerial_Titelbild_CH1-1024x512.png\"},{\"@type\":\"BreadcrumbList\",\"@id\":\"https:\\\/\\\/www.werbewoche.ch\\\/de\\\/marketing\\\/2022-03-23\\\/corona-und-nachhaltigkeit-die-schweiz-ist-aufmerksamer-geworden\\\/#breadcrumb\",\"itemListElement\":[{\"@type\":\"ListItem\",\"position\":1,\"name\":\"Home\",\"item\":\"https:\\\/\\\/www.organisator.ch\\\/\"},{\"@type\":\"ListItem\",\"position\":2,\"name\":\"Corona und Nachhaltigkeit: Die Schweiz ist aufmerksamer geworden\"}]},{\"@type\":\"WebSite\",\"@id\":\"https:\\\/\\\/www.organisator.ch\\\/#website\",\"url\":\"https:\\\/\\\/www.organisator.ch\\\/\",\"name\":\"Organisator\",\"description\":\"Kompetent. Praxisnah. Der ORGANISATOR bereitet in 10 Ausgaben pro Jahr die wesentlichen Themen f\u00fcr F\u00fchrungskr\u00e4fte von KMU auf.\",\"publisher\":{\"@id\":\"https:\\\/\\\/www.organisator.ch\\\/#organization\"},\"potentialAction\":[{\"@type\":\"SearchAction\",\"target\":{\"@type\":\"EntryPoint\",\"urlTemplate\":\"https:\\\/\\\/www.organisator.ch\\\/?s={search_term_string}\"},\"query-input\":{\"@type\":\"PropertyValueSpecification\",\"valueRequired\":true,\"valueName\":\"search_term_string\"}}],\"inLanguage\":\"fr-FR\"},{\"@type\":\"Organization\",\"@id\":\"https:\\\/\\\/www.organisator.ch\\\/#organization\",\"name\":\"Organisator\",\"url\":\"https:\\\/\\\/www.organisator.ch\\\/\",\"logo\":{\"@type\":\"ImageObject\",\"inLanguage\":\"fr-FR\",\"@id\":\"https:\\\/\\\/www.organisator.ch\\\/#\\\/schema\\\/logo\\\/image\\\/\",\"url\":\"https:\\\/\\\/www.organisator.ch\\\/wp-content\\\/uploads\\\/2022\\\/01\\\/Logo_Organisator_Website.png\",\"contentUrl\":\"https:\\\/\\\/www.organisator.ch\\\/wp-content\\\/uploads\\\/2022\\\/01\\\/Logo_Organisator_Website.png\",\"width\":800,\"height\":77,\"caption\":\"Organisator\"},\"image\":{\"@id\":\"https:\\\/\\\/www.organisator.ch\\\/#\\\/schema\\\/logo\\\/image\\\/\"},\"sameAs\":[\"https:\\\/\\\/www.facebook.com\\\/OrganisatorFachmagazin\",\"https:\\\/\\\/www.linkedin.com\\\/showcase\\\/organisator-das-magazin-fr-kmu\",\"https:\\\/\\\/www.xing.com\\\/news\\\/pages\\\/organisator-ch-695\",\"https:\\\/\\\/www.youtube.com\\\/channel\\\/UCGP2Sq0iWaZwT3BdIAQFYpw\"]},{\"@type\":\"Person\",\"@id\":\"https:\\\/\\\/www.organisator.ch\\\/#\\\/schema\\\/person\\\/4e51799071cd2dd1232ac003643ef5f0\",\"name\":\"galledia\",\"image\":{\"@type\":\"ImageObject\",\"inLanguage\":\"fr-FR\",\"@id\":\"https:\\\/\\\/secure.gravatar.com\\\/avatar\\\/78a7f90c01fc2bfc875782a0d4922b37cde2cf184ce347b91316d23cd7f69a36?s=96&d=mm&r=g\",\"url\":\"https:\\\/\\\/secure.gravatar.com\\\/avatar\\\/78a7f90c01fc2bfc875782a0d4922b37cde2cf184ce347b91316d23cd7f69a36?s=96&d=mm&r=g\",\"contentUrl\":\"https:\\\/\\\/secure.gravatar.com\\\/avatar\\\/78a7f90c01fc2bfc875782a0d4922b37cde2cf184ce347b91316d23cd7f69a36?s=96&d=mm&r=g\",\"caption\":\"galledia\"},\"sameAs\":[\"https:\\\/\\\/x.com\\\/admin\"],\"url\":\"https:\\\/\\\/www.organisator.ch\\\/fr\\\/author\\\/galledia\\\/\"}]}<\/script>\n<!-- \/ Yoast SEO plugin. -->","yoast_head_json":{"title":"Corona et durabilit\u00e9 : la Suisse est devenue plus attentive - Organisateur","description":"La pand\u00e9mie de coronavirus a eu un impact durable sur les achats et l'alimentation des consommateurs suisses.","robots":{"index":"index","follow":"follow","max-snippet":"max-snippet:-1","max-image-preview":"max-image-preview:large","max-video-preview":"max-video-preview:-1"},"canonical":"https:\/\/www.werbewoche.ch\/de\/marketing\/2022-03-23\/corona-und-nachhaltigkeit-die-schweiz-ist-aufmerksamer-geworden\/","og_locale":"fr_FR","og_type":"article","og_title":"Corona und Nachhaltigkeit: Die Schweiz ist aufmerksamer geworden - Organisator","og_description":"Die Corona-Pandemie hat sowohl Einkauf als auch Ern\u00e4hrung der Schweizer Konsument:innen nachhaltig beeinflusst.","og_url":"https:\/\/www.werbewoche.ch\/de\/marketing\/2022-03-23\/corona-und-nachhaltigkeit-die-schweiz-ist-aufmerksamer-geworden\/","og_site_name":"Organisator","article_publisher":"https:\/\/www.facebook.com\/OrganisatorFachmagazin","article_published_time":"2022-03-22T23:15:23+00:00","article_modified_time":"2022-08-01T13:28:07+00:00","og_image":[{"url":"https:\/\/www.werbewoche.ch\/wp-content\/uploads\/2022\/03\/Pressemeldung_Consumer-Report_2022_Pressematerial_Titelbild_CH1-1024x512.png","type":"","width":"","height":""}],"author":"galledia","twitter_card":"summary_large_image","twitter_creator":"@admin","schema":{"@context":"https:\/\/schema.org","@graph":[{"@type":"Article","@id":"https:\/\/www.werbewoche.ch\/de\/marketing\/2022-03-23\/corona-und-nachhaltigkeit-die-schweiz-ist-aufmerksamer-geworden\/#article","isPartOf":{"@id":"https:\/\/www.organisator.ch\/marketing\/2022-03-23\/corona-und-nachhaltigkeit-die-schweiz-ist-aufmerksamer-geworden\/"},"author":{"name":"galledia","@id":"https:\/\/www.organisator.ch\/#\/schema\/person\/4e51799071cd2dd1232ac003643ef5f0"},"headline":"Corona und Nachhaltigkeit: Die Schweiz ist aufmerksamer geworden","datePublished":"2022-03-22T23:15:23+00:00","dateModified":"2022-08-01T13:28:07+00:00","mainEntityOfPage":{"@id":"https:\/\/www.organisator.ch\/marketing\/2022-03-23\/corona-und-nachhaltigkeit-die-schweiz-ist-aufmerksamer-geworden\/"},"wordCount":643,"publisher":{"@id":"https:\/\/www.organisator.ch\/#organization"},"image":{"@id":"https:\/\/www.werbewoche.ch\/de\/marketing\/2022-03-23\/corona-und-nachhaltigkeit-die-schweiz-ist-aufmerksamer-geworden\/#primaryimage"},"thumbnailUrl":"https:\/\/www.werbewoche.ch\/wp-content\/uploads\/2022\/03\/Pressemeldung_Consumer-Report_2022_Pressematerial_Titelbild_CH1-1024x512.png","keywords":["Bring! Labs","Corona"],"articleSection":["MARKETING"],"inLanguage":"fr-FR"},{"@type":"WebPage","@id":"https:\/\/www.organisator.ch\/marketing\/2022-03-23\/corona-und-nachhaltigkeit-die-schweiz-ist-aufmerksamer-geworden\/","url":"https:\/\/www.werbewoche.ch\/de\/marketing\/2022-03-23\/corona-und-nachhaltigkeit-die-schweiz-ist-aufmerksamer-geworden\/","name":"Corona et durabilit\u00e9 : la Suisse est devenue plus attentive - Organisateur","isPartOf":{"@id":"https:\/\/www.organisator.ch\/#website"},"primaryImageOfPage":{"@id":"https:\/\/www.werbewoche.ch\/de\/marketing\/2022-03-23\/corona-und-nachhaltigkeit-die-schweiz-ist-aufmerksamer-geworden\/#primaryimage"},"image":{"@id":"https:\/\/www.werbewoche.ch\/de\/marketing\/2022-03-23\/corona-und-nachhaltigkeit-die-schweiz-ist-aufmerksamer-geworden\/#primaryimage"},"thumbnailUrl":"https:\/\/www.werbewoche.ch\/wp-content\/uploads\/2022\/03\/Pressemeldung_Consumer-Report_2022_Pressematerial_Titelbild_CH1-1024x512.png","datePublished":"2022-03-22T23:15:23+00:00","dateModified":"2022-08-01T13:28:07+00:00","description":"La pand\u00e9mie de coronavirus a eu un impact durable sur les achats et l'alimentation des consommateurs suisses.","breadcrumb":{"@id":"https:\/\/www.werbewoche.ch\/de\/marketing\/2022-03-23\/corona-und-nachhaltigkeit-die-schweiz-ist-aufmerksamer-geworden\/#breadcrumb"},"inLanguage":"fr-FR","potentialAction":[{"@type":"ReadAction","target":["https:\/\/www.werbewoche.ch\/de\/marketing\/2022-03-23\/corona-und-nachhaltigkeit-die-schweiz-ist-aufmerksamer-geworden\/"]}]},{"@type":"ImageObject","inLanguage":"fr-FR","@id":"https:\/\/www.werbewoche.ch\/de\/marketing\/2022-03-23\/corona-und-nachhaltigkeit-die-schweiz-ist-aufmerksamer-geworden\/#primaryimage","url":"https:\/\/www.werbewoche.ch\/wp-content\/uploads\/2022\/03\/Pressemeldung_Consumer-Report_2022_Pressematerial_Titelbild_CH1-1024x512.png","contentUrl":"https:\/\/www.werbewoche.ch\/wp-content\/uploads\/2022\/03\/Pressemeldung_Consumer-Report_2022_Pressematerial_Titelbild_CH1-1024x512.png"},{"@type":"BreadcrumbList","@id":"https:\/\/www.werbewoche.ch\/de\/marketing\/2022-03-23\/corona-und-nachhaltigkeit-die-schweiz-ist-aufmerksamer-geworden\/#breadcrumb","itemListElement":[{"@type":"ListItem","position":1,"name":"Home","item":"https:\/\/www.organisator.ch\/"},{"@type":"ListItem","position":2,"name":"Corona und Nachhaltigkeit: Die Schweiz ist aufmerksamer geworden"}]},{"@type":"WebSite","@id":"https:\/\/www.organisator.ch\/#website","url":"https:\/\/www.organisator.ch\/","name":"Organisateur","description":"Comp\u00e9tence et comp\u00e9tence. Proches de la pratique. L'ORGANISATEUR pr\u00e9pare 10 num\u00e9ros par an sur les th\u00e8mes essentiels pour les dirigeants de PME.","publisher":{"@id":"https:\/\/www.organisator.ch\/#organization"},"potentialAction":[{"@type":"SearchAction","target":{"@type":"EntryPoint","urlTemplate":"https:\/\/www.organisator.ch\/?s={search_term_string}"},"query-input":{"@type":"PropertyValueSpecification","valueRequired":true,"valueName":"search_term_string"}}],"inLanguage":"fr-FR"},{"@type":"Organization","@id":"https:\/\/www.organisator.ch\/#organization","name":"Organisateur","url":"https:\/\/www.organisator.ch\/","logo":{"@type":"ImageObject","inLanguage":"fr-FR","@id":"https:\/\/www.organisator.ch\/#\/schema\/logo\/image\/","url":"https:\/\/www.organisator.ch\/wp-content\/uploads\/2022\/01\/Logo_Organisator_Website.png","contentUrl":"https:\/\/www.organisator.ch\/wp-content\/uploads\/2022\/01\/Logo_Organisator_Website.png","width":800,"height":77,"caption":"Organisator"},"image":{"@id":"https:\/\/www.organisator.ch\/#\/schema\/logo\/image\/"},"sameAs":["https:\/\/www.facebook.com\/OrganisatorFachmagazin","https:\/\/www.linkedin.com\/showcase\/organisator-das-magazin-fr-kmu","https:\/\/www.xing.com\/news\/pages\/organisator-ch-695","https:\/\/www.youtube.com\/channel\/UCGP2Sq0iWaZwT3BdIAQFYpw"]},{"@type":"Person","@id":"https:\/\/www.organisator.ch\/#\/schema\/person\/4e51799071cd2dd1232ac003643ef5f0","name":"galledia","image":{"@type":"ImageObject","inLanguage":"fr-FR","@id":"https:\/\/secure.gravatar.com\/avatar\/78a7f90c01fc2bfc875782a0d4922b37cde2cf184ce347b91316d23cd7f69a36?s=96&d=mm&r=g","url":"https:\/\/secure.gravatar.com\/avatar\/78a7f90c01fc2bfc875782a0d4922b37cde2cf184ce347b91316d23cd7f69a36?s=96&d=mm&r=g","contentUrl":"https:\/\/secure.gravatar.com\/avatar\/78a7f90c01fc2bfc875782a0d4922b37cde2cf184ce347b91316d23cd7f69a36?s=96&d=mm&r=g","caption":"galledia"},"sameAs":["https:\/\/x.com\/admin"],"url":"https:\/\/www.organisator.ch\/fr\/author\/galledia\/"}]}},"_links":{"self":[{"href":"https:\/\/www.organisator.ch\/fr\/wp-json\/wp\/v2\/posts\/12196","targetHints":{"allow":["GET"]}}],"collection":[{"href":"https:\/\/www.organisator.ch\/fr\/wp-json\/wp\/v2\/posts"}],"about":[{"href":"https:\/\/www.organisator.ch\/fr\/wp-json\/wp\/v2\/types\/post"}],"author":[{"embeddable":true,"href":"https:\/\/www.organisator.ch\/fr\/wp-json\/wp\/v2\/users\/8"}],"replies":[{"embeddable":true,"href":"https:\/\/www.organisator.ch\/fr\/wp-json\/wp\/v2\/comments?post=12196"}],"version-history":[{"count":2,"href":"https:\/\/www.organisator.ch\/fr\/wp-json\/wp\/v2\/posts\/12196\/revisions"}],"predecessor-version":[{"id":16101,"href":"https:\/\/www.organisator.ch\/fr\/wp-json\/wp\/v2\/posts\/12196\/revisions\/16101"}],"wp:attachment":[{"href":"https:\/\/www.organisator.ch\/fr\/wp-json\/wp\/v2\/media?parent=12196"}],"wp:term":[{"taxonomy":"category","embeddable":true,"href":"https:\/\/www.organisator.ch\/fr\/wp-json\/wp\/v2\/categories?post=12196"},{"taxonomy":"post_tag","embeddable":true,"href":"https:\/\/www.organisator.ch\/fr\/wp-json\/wp\/v2\/tags?post=12196"}],"curies":[{"name":"wp","href":"https:\/\/api.w.org\/{rel}","templated":true}]}}