{"id":12213,"date":"2022-03-24T13:46:38","date_gmt":"2022-03-24T12:46:38","guid":{"rendered":"https:\/\/www.organisator.ch\/?p=12213"},"modified":"2022-03-24T13:46:38","modified_gmt":"2022-03-24T12:46:38","slug":"basel-area-remeldet-rekordjahr-im-standortmarketing","status":"publish","type":"post","link":"https:\/\/www.organisator.ch\/fr\/allgemein\/2022-03-24\/basel-area-vermeldet-rekordjahr-im-standortmarketing\/","title":{"rendered":"Basel Area annonce une ann\u00e9e record en mati\u00e8re de marketing local"},"content":{"rendered":"<figure id=\"attachment_12214\" aria-describedby=\"caption-attachment-12214\" style=\"width: 680px\" class=\"wp-caption alignnone\"><img loading=\"lazy\" decoding=\"async\" class=\"size-full wp-image-12214\" src=\"https:\/\/www.organisator.ch\/wp-content\/uploads\/2022\/03\/Basel-Area-vermeldet-Rekordjahr-im-Standortmarketing_Organisator.jpg\" alt=\"\" width=\"680\" height=\"452\" srcset=\"https:\/\/www.organisator.ch\/wp-content\/uploads\/2022\/03\/Basel-Area-vermeldet-Rekordjahr-im-Standortmarketing_Organisator.jpg 680w, https:\/\/www.organisator.ch\/wp-content\/uploads\/2022\/03\/Basel-Area-vermeldet-Rekordjahr-im-Standortmarketing_Organisator-18x12.jpg 18w, https:\/\/www.organisator.ch\/wp-content\/uploads\/2022\/03\/Basel-Area-vermeldet-Rekordjahr-im-Standortmarketing_Organisator-263x175.jpg 263w, https:\/\/www.organisator.ch\/wp-content\/uploads\/2022\/03\/Basel-Area-vermeldet-Rekordjahr-im-Standortmarketing_Organisator-527x350.jpg 527w, https:\/\/www.organisator.ch\/wp-content\/uploads\/2022\/03\/Basel-Area-vermeldet-Rekordjahr-im-Standortmarketing_Organisator-300x199.jpg 300w\" sizes=\"auto, (max-width: 680px) 100vw, 680px\" \/><figcaption id=\"caption-attachment-12214\" class=\"wp-caption-text\">L'espace \u00e9conomique de B\u00e2le a pu attirer un nombre croissant de nouvelles entreprises en 2021. (Image : zVg \/ Basel Area)<\/figcaption><\/figure>\n<p>Jamais Basel Area Business &amp; Innovation n'a r\u00e9ussi \u00e0 aider autant d'entreprises \u00e0 s'implanter qu'en 2021. L'organisation \u00e0 but non lucratif, qui se concentre sur le d\u00e9veloppement des industries de pointe de la r\u00e9gion telles que les sciences de la vie, le secteur de la sant\u00e9 et les technologies de production et qui g\u00e8re le Switzerland Innovation Park Basel Area, se r\u00e9jouit en cons\u00e9quence. Elle parle et attire les entreprises \u00e9trang\u00e8res en pleine expansion, soutient les entreprises innovantes lors de leur cr\u00e9ation et encourage les initiatives \u00e0 forte croissance. Cela semble avoir bien fonctionn\u00e9 \u00e9galement au cours de la deuxi\u00e8me ann\u00e9e de la pand\u00e9mie de Corona, car la demande pour le site de Basel Area n'a pas diminu\u00e9, peut-on lire \u00e0 ce sujet dans un communiqu\u00e9 de presse. Le nouveau record de 39 implantations d'entreprises d\u00e9passe m\u00eame nettement le r\u00e9sultat de l'ann\u00e9e pr\u00e9c\u00e9dente, qui \u00e9tait de 27.<\/p>\n<h3>Les sciences de la vie en t\u00eate<\/h3>\n<p>Avec 28 implantations, les entreprises du secteur des sciences de la vie repr\u00e9sentent plus de deux tiers des entreprises nouvellement arriv\u00e9es. Parmi elles, 7 appartiennent au secteur d'innovation en pleine croissance de la sant\u00e9 num\u00e9rique. Cela montre que l'espace \u00e9conomique de B\u00e2le est de plus en plus appr\u00e9ci\u00e9 par les entreprises qui s'occupent d'innovations num\u00e9riques dans le domaine de la sant\u00e9. Parall\u00e8lement, la r\u00e9gion est \u00e9galement devenue plus attrayante pour les entreprises du secteur de la transformation industrielle. 5 entreprises actives dans les technologies de production et de processus se sont nouvellement install\u00e9es dans la r\u00e9gion. Les entreprises qui se sont install\u00e9es en 2021 dans les cantons de B\u00e2le-Campagne, de B\u00e2le-Ville et du Jura proviennent de 15 pays. Les \u00c9tats-Unis et la France comptent chacun pour 5 implantations, la Grande-Bretagne pour 3. 9 nouveaux arrivants proviennent de cantons situ\u00e9s en dehors de la Basel Area.<\/p>\n<h3>Nombre \u00e9lev\u00e9 de nouvelles entreprises<\/h3>\n<p>Le nombre de cr\u00e9ations d'entreprises reste remarquablement \u00e9lev\u00e9, poursuit le communiqu\u00e9. Selon ses propres indications, l'organisation a soutenu 76 start-up qui se sont cr\u00e9\u00e9es en 2021 dans la r\u00e9gion de B\u00e2le. Ce sont certes 6 de moins que l'ann\u00e9e pr\u00e9c\u00e9dente, mais il s'agit de la deuxi\u00e8me meilleure valeur jamais atteinte. L'excellent \u00e9cosyst\u00e8me de la r\u00e9gion b\u00e2loise joue un r\u00f4le central, tant pour les nouvelles start-up que pour l'implantation d'entreprises \u00e9tablies. Les programmes de promotion et les acc\u00e9l\u00e9rateurs BaseLaunch (biotechnologie), DayOne (sant\u00e9 num\u00e9rique), i4Challenge (transformation industrielle) ainsi que le Venture Mentoring \u00e0 large spectre ont \u00e9galement jou\u00e9 un r\u00f4le important dans le d\u00e9veloppement de l'\u00e9cosyst\u00e8me.<\/p>\n<h3>Basel Area d\u00e9m\u00e9nage son parc d'innovation<\/h3>\n<p>Le Switzerland Innovation Park Basel Area, dont les sites d'Allschwil, de B\u00e2le et du Jura ainsi que le campus Novartis accueillent d\u00e9sormais 68 entreprises et 14 groupes de recherche, se d\u00e9veloppe lui aussi de mani\u00e8re r\u00e9jouissante. Comme le parc d'innovation du campus Novartis est enti\u00e8rement occup\u00e9, le d\u00e9m\u00e9nagement aura lieu le 1er avril aux 12e et 14e \u00e9tages d'un b\u00e2timent voisin, qui offre une surface nettement plus grande et une vue sur Basel Area.<\/p>\n<p><em>Source : <a href=\"http:\/\/www.baselarea.swiss\">www.baselarea.swiss<\/a><\/em><\/p>","protected":false},"excerpt":{"rendered":"<p>Noch nie ist es Basel Area Business &amp; Innovation gelungen, mehr Unternehmen bei der Ansiedlung zu unterst\u00fctzen als 2021. Die Non-Profit-Organisation, die sich auf die Entwicklung der f\u00fchrenden Industrien der Region wie Life Sciences, Gesundheitsbranche und Produktionstechnologie und den Switzerland Innovation Park Basel Area betreibt, zeigt sich entsprechend erfreut. Sie spricht und zieht ausl\u00e4ndische Firmen [&hellip;]<\/p>\n","protected":false},"author":4,"featured_media":12214,"comment_status":"closed","ping_status":"closed","sticky":false,"template":"","format":"standard","meta":{"_acf_changed":false,"_yoast_wpseo_focuskw":"Basel Area","_yoast_wpseo_metadesc":"Rekordjahr f\u00fcr Basel Area: 2021 wurden in den Kantonen Basel-Landschaft, Basel-Stadt und Jura 39 Firmenansiedlungen unterst\u00fctzt.","articlekey":"","footnotes":""},"categories":[1],"tags":[2761,451,531],"class_list":["post-12213","post","type-post","status-publish","format-standard","has-post-thumbnail","hentry","category-allgemein","tag-standortfoerderung","tag-startups","tag-wirtschaftspolitik"],"acf":[],"yoast_head":"<!-- This site is optimized with the Yoast SEO plugin v27.5 - https:\/\/yoast.com\/product\/yoast-seo-wordpress\/ -->\n<title>Basel Area vermeldet Rekordjahr im Standortmarketing - Organisator<\/title>\n<meta name=\"description\" content=\"Rekordjahr f\u00fcr Basel Area: 2021 wurden in den Kantonen Basel-Landschaft, Basel-Stadt und Jura 39 Firmenansiedlungen unterst\u00fctzt.\" \/>\n<meta name=\"robots\" content=\"index, follow, max-snippet:-1, max-image-preview:large, max-video-preview:-1\" \/>\n<link rel=\"canonical\" href=\"https:\/\/www.organisator.ch\/fr\/general\/2022-03-24\/basel-area-remeldet-rekordjahr-im-standortmarketing\/\" \/>\n<meta property=\"og:locale\" content=\"fr_FR\" \/>\n<meta property=\"og:type\" content=\"article\" \/>\n<meta property=\"og:title\" content=\"Basel Area vermeldet Rekordjahr im Standortmarketing\" \/>\n<meta property=\"og:description\" content=\"Rekordjahr f\u00fcr Basel Area: 2021 wurden in den Kantonen Basel-Landschaft, Basel-Stadt und Jura 39 Firmenansiedlungen unterst\u00fctzt.\" \/>\n<meta property=\"og:url\" content=\"https:\/\/www.organisator.ch\/fr\/general\/2022-03-24\/basel-area-remeldet-rekordjahr-im-standortmarketing\/\" \/>\n<meta property=\"og:site_name\" content=\"Organisator\" \/>\n<meta property=\"article:publisher\" content=\"https:\/\/www.facebook.com\/OrganisatorFachmagazin\" \/>\n<meta property=\"article:published_time\" content=\"2022-03-24T12:46:38+00:00\" \/>\n<meta property=\"og:image\" content=\"https:\/\/www.organisator.ch\/wp-content\/uploads\/2022\/03\/Basel-Area-vermeldet-Rekordjahr-im-Standortmarketing_Organisator.jpg\" \/>\n\t<meta property=\"og:image:width\" content=\"680\" \/>\n\t<meta property=\"og:image:height\" content=\"452\" \/>\n\t<meta property=\"og:image:type\" content=\"image\/jpeg\" \/>\n<meta name=\"author\" content=\"thomas.berner\" \/>\n<meta name=\"twitter:card\" content=\"summary_large_image\" \/>\n<meta name=\"twitter:title\" content=\"#BaselArea vermeldet #Rekordjahr im #Standortmarketing\" \/>\n<meta name=\"twitter:description\" content=\"#Rekordjahr f\u00fcr #BaselArea: 2021 wurden in den Kantonen #Basel-Landschaft, #Basel-Stadt und #Jura 39 #Firmenansiedlungen unterst\u00fctzt.\" \/>\n<meta name=\"twitter:image\" content=\"https:\/\/www.organisator.ch\/wp-content\/uploads\/2022\/03\/Basel-Area-vermeldet-Rekordjahr-im-Standortmarketing_Organisator.jpg\" \/>\n<script type=\"application\/ld+json\" class=\"yoast-schema-graph\">{\"@context\":\"https:\\\/\\\/schema.org\",\"@graph\":[{\"@type\":\"Article\",\"@id\":\"https:\\\/\\\/www.organisator.ch\\\/fr\\\/general\\\/2022-03-24\\\/basel-area-remeldet-rekordjahr-im-standortmarketing\\\/#article\",\"isPartOf\":{\"@id\":\"https:\\\/\\\/www.organisator.ch\\\/fr\\\/general\\\/2022-03-24\\\/basel-area-remeldet-rekordjahr-im-standortmarketing\\\/\"},\"author\":{\"name\":\"thomas.berner\",\"@id\":\"https:\\\/\\\/www.organisator.ch\\\/#\\\/schema\\\/person\\\/6f650f90b2842cd4c0cc334b4e36f67e\"},\"headline\":\"Basel Area vermeldet Rekordjahr im Standortmarketing\",\"datePublished\":\"2022-03-24T12:46:38+00:00\",\"mainEntityOfPage\":{\"@id\":\"https:\\\/\\\/www.organisator.ch\\\/fr\\\/general\\\/2022-03-24\\\/basel-area-remeldet-rekordjahr-im-standortmarketing\\\/\"},\"wordCount\":444,\"publisher\":{\"@id\":\"https:\\\/\\\/www.organisator.ch\\\/#organization\"},\"image\":{\"@id\":\"https:\\\/\\\/www.organisator.ch\\\/fr\\\/general\\\/2022-03-24\\\/basel-area-remeldet-rekordjahr-im-standortmarketing\\\/#primaryimage\"},\"thumbnailUrl\":\"https:\\\/\\\/www.organisator.ch\\\/wp-content\\\/uploads\\\/2022\\\/03\\\/Basel-Area-vermeldet-Rekordjahr-im-Standortmarketing_Organisator.jpg\",\"keywords\":[\"Standortf\u00f6rderung\",\"Startups\",\"Wirtschaftspolitik\"],\"articleSection\":[\"Allgemein\"],\"inLanguage\":\"fr-FR\"},{\"@type\":\"WebPage\",\"@id\":\"https:\\\/\\\/www.organisator.ch\\\/fr\\\/general\\\/2022-03-24\\\/basel-area-remeldet-rekordjahr-im-standortmarketing\\\/\",\"url\":\"https:\\\/\\\/www.organisator.ch\\\/fr\\\/general\\\/2022-03-24\\\/basel-area-remeldet-rekordjahr-im-standortmarketing\\\/\",\"name\":\"Basel Area vermeldet Rekordjahr im Standortmarketing - Organisator\",\"isPartOf\":{\"@id\":\"https:\\\/\\\/www.organisator.ch\\\/#website\"},\"primaryImageOfPage\":{\"@id\":\"https:\\\/\\\/www.organisator.ch\\\/fr\\\/general\\\/2022-03-24\\\/basel-area-remeldet-rekordjahr-im-standortmarketing\\\/#primaryimage\"},\"image\":{\"@id\":\"https:\\\/\\\/www.organisator.ch\\\/fr\\\/general\\\/2022-03-24\\\/basel-area-remeldet-rekordjahr-im-standortmarketing\\\/#primaryimage\"},\"thumbnailUrl\":\"https:\\\/\\\/www.organisator.ch\\\/wp-content\\\/uploads\\\/2022\\\/03\\\/Basel-Area-vermeldet-Rekordjahr-im-Standortmarketing_Organisator.jpg\",\"datePublished\":\"2022-03-24T12:46:38+00:00\",\"description\":\"Rekordjahr f\u00fcr Basel Area: 2021 wurden in den Kantonen Basel-Landschaft, Basel-Stadt und Jura 39 Firmenansiedlungen unterst\u00fctzt.\",\"breadcrumb\":{\"@id\":\"https:\\\/\\\/www.organisator.ch\\\/fr\\\/general\\\/2022-03-24\\\/basel-area-remeldet-rekordjahr-im-standortmarketing\\\/#breadcrumb\"},\"inLanguage\":\"fr-FR\",\"potentialAction\":[{\"@type\":\"ReadAction\",\"target\":[\"https:\\\/\\\/www.organisator.ch\\\/fr\\\/general\\\/2022-03-24\\\/basel-area-remeldet-rekordjahr-im-standortmarketing\\\/\"]}]},{\"@type\":\"ImageObject\",\"inLanguage\":\"fr-FR\",\"@id\":\"https:\\\/\\\/www.organisator.ch\\\/fr\\\/general\\\/2022-03-24\\\/basel-area-remeldet-rekordjahr-im-standortmarketing\\\/#primaryimage\",\"url\":\"https:\\\/\\\/www.organisator.ch\\\/wp-content\\\/uploads\\\/2022\\\/03\\\/Basel-Area-vermeldet-Rekordjahr-im-Standortmarketing_Organisator.jpg\",\"contentUrl\":\"https:\\\/\\\/www.organisator.ch\\\/wp-content\\\/uploads\\\/2022\\\/03\\\/Basel-Area-vermeldet-Rekordjahr-im-Standortmarketing_Organisator.jpg\",\"width\":680,\"height\":452,\"caption\":\"Der Wirtschaftsraum Basel konnte 2021 eine wachsende Zahl neuer Firmen anlocken. (Bild: zVg \\\/ Basel Area)\"},{\"@type\":\"BreadcrumbList\",\"@id\":\"https:\\\/\\\/www.organisator.ch\\\/fr\\\/general\\\/2022-03-24\\\/basel-area-remeldet-rekordjahr-im-standortmarketing\\\/#breadcrumb\",\"itemListElement\":[{\"@type\":\"ListItem\",\"position\":1,\"name\":\"Home\",\"item\":\"https:\\\/\\\/www.organisator.ch\\\/\"},{\"@type\":\"ListItem\",\"position\":2,\"name\":\"Basel Area vermeldet Rekordjahr im Standortmarketing\"}]},{\"@type\":\"WebSite\",\"@id\":\"https:\\\/\\\/www.organisator.ch\\\/#website\",\"url\":\"https:\\\/\\\/www.organisator.ch\\\/\",\"name\":\"Organisator\",\"description\":\"Kompetent. Praxisnah. Der ORGANISATOR bereitet in 10 Ausgaben pro Jahr die wesentlichen Themen f\u00fcr F\u00fchrungskr\u00e4fte von KMU auf.\",\"publisher\":{\"@id\":\"https:\\\/\\\/www.organisator.ch\\\/#organization\"},\"potentialAction\":[{\"@type\":\"SearchAction\",\"target\":{\"@type\":\"EntryPoint\",\"urlTemplate\":\"https:\\\/\\\/www.organisator.ch\\\/?s={search_term_string}\"},\"query-input\":{\"@type\":\"PropertyValueSpecification\",\"valueRequired\":true,\"valueName\":\"search_term_string\"}}],\"inLanguage\":\"fr-FR\"},{\"@type\":\"Organization\",\"@id\":\"https:\\\/\\\/www.organisator.ch\\\/#organization\",\"name\":\"Organisator\",\"url\":\"https:\\\/\\\/www.organisator.ch\\\/\",\"logo\":{\"@type\":\"ImageObject\",\"inLanguage\":\"fr-FR\",\"@id\":\"https:\\\/\\\/www.organisator.ch\\\/#\\\/schema\\\/logo\\\/image\\\/\",\"url\":\"https:\\\/\\\/www.organisator.ch\\\/wp-content\\\/uploads\\\/2022\\\/01\\\/Logo_Organisator_Website.png\",\"contentUrl\":\"https:\\\/\\\/www.organisator.ch\\\/wp-content\\\/uploads\\\/2022\\\/01\\\/Logo_Organisator_Website.png\",\"width\":800,\"height\":77,\"caption\":\"Organisator\"},\"image\":{\"@id\":\"https:\\\/\\\/www.organisator.ch\\\/#\\\/schema\\\/logo\\\/image\\\/\"},\"sameAs\":[\"https:\\\/\\\/www.facebook.com\\\/OrganisatorFachmagazin\",\"https:\\\/\\\/www.linkedin.com\\\/showcase\\\/organisator-das-magazin-fr-kmu\",\"https:\\\/\\\/www.xing.com\\\/news\\\/pages\\\/organisator-ch-695\",\"https:\\\/\\\/www.youtube.com\\\/channel\\\/UCGP2Sq0iWaZwT3BdIAQFYpw\"]},{\"@type\":\"Person\",\"@id\":\"https:\\\/\\\/www.organisator.ch\\\/#\\\/schema\\\/person\\\/6f650f90b2842cd4c0cc334b4e36f67e\",\"name\":\"thomas.berner\",\"image\":{\"@type\":\"ImageObject\",\"inLanguage\":\"fr-FR\",\"@id\":\"https:\\\/\\\/secure.gravatar.com\\\/avatar\\\/ac5001d2a36cb6c6cd3e50789007ffca834b477b74a2144564522e944eabff61?s=96&d=mm&r=g\",\"url\":\"https:\\\/\\\/secure.gravatar.com\\\/avatar\\\/ac5001d2a36cb6c6cd3e50789007ffca834b477b74a2144564522e944eabff61?s=96&d=mm&r=g\",\"contentUrl\":\"https:\\\/\\\/secure.gravatar.com\\\/avatar\\\/ac5001d2a36cb6c6cd3e50789007ffca834b477b74a2144564522e944eabff61?s=96&d=mm&r=g\",\"caption\":\"thomas.berner\"},\"url\":\"https:\\\/\\\/www.organisator.ch\\\/fr\\\/author\\\/thomas-berner\\\/\"}]}<\/script>\n<!-- \/ Yoast SEO plugin. -->","yoast_head_json":{"title":"Basel Area annonce une ann\u00e9e record en mati\u00e8re de marketing local - Organisateur","description":"Ann\u00e9e record pour Basel Area : en 2021, 39 implantations d'entreprises ont \u00e9t\u00e9 soutenues dans les cantons de B\u00e2le-Campagne, B\u00e2le-Ville et du Jura.","robots":{"index":"index","follow":"follow","max-snippet":"max-snippet:-1","max-image-preview":"max-image-preview:large","max-video-preview":"max-video-preview:-1"},"canonical":"https:\/\/www.organisator.ch\/fr\/general\/2022-03-24\/basel-area-remeldet-rekordjahr-im-standortmarketing\/","og_locale":"fr_FR","og_type":"article","og_title":"Basel Area vermeldet Rekordjahr im Standortmarketing","og_description":"Rekordjahr f\u00fcr Basel Area: 2021 wurden in den Kantonen Basel-Landschaft, Basel-Stadt und Jura 39 Firmenansiedlungen unterst\u00fctzt.","og_url":"https:\/\/www.organisator.ch\/fr\/general\/2022-03-24\/basel-area-remeldet-rekordjahr-im-standortmarketing\/","og_site_name":"Organisator","article_publisher":"https:\/\/www.facebook.com\/OrganisatorFachmagazin","article_published_time":"2022-03-24T12:46:38+00:00","og_image":[{"width":680,"height":452,"url":"https:\/\/www.organisator.ch\/wp-content\/uploads\/2022\/03\/Basel-Area-vermeldet-Rekordjahr-im-Standortmarketing_Organisator.jpg","type":"image\/jpeg"}],"author":"thomas.berner","twitter_card":"summary_large_image","twitter_title":"#BaselArea vermeldet #Rekordjahr im #Standortmarketing","twitter_description":"#Rekordjahr f\u00fcr #BaselArea: 2021 wurden in den Kantonen #Basel-Landschaft, #Basel-Stadt und #Jura 39 #Firmenansiedlungen unterst\u00fctzt.","twitter_image":"https:\/\/www.organisator.ch\/wp-content\/uploads\/2022\/03\/Basel-Area-vermeldet-Rekordjahr-im-Standortmarketing_Organisator.jpg","schema":{"@context":"https:\/\/schema.org","@graph":[{"@type":"Article","@id":"https:\/\/www.organisator.ch\/fr\/general\/2022-03-24\/basel-area-remeldet-rekordjahr-im-standortmarketing\/#article","isPartOf":{"@id":"https:\/\/www.organisator.ch\/fr\/general\/2022-03-24\/basel-area-remeldet-rekordjahr-im-standortmarketing\/"},"author":{"name":"thomas.berner","@id":"https:\/\/www.organisator.ch\/#\/schema\/person\/6f650f90b2842cd4c0cc334b4e36f67e"},"headline":"Basel Area vermeldet Rekordjahr im Standortmarketing","datePublished":"2022-03-24T12:46:38+00:00","mainEntityOfPage":{"@id":"https:\/\/www.organisator.ch\/fr\/general\/2022-03-24\/basel-area-remeldet-rekordjahr-im-standortmarketing\/"},"wordCount":444,"publisher":{"@id":"https:\/\/www.organisator.ch\/#organization"},"image":{"@id":"https:\/\/www.organisator.ch\/fr\/general\/2022-03-24\/basel-area-remeldet-rekordjahr-im-standortmarketing\/#primaryimage"},"thumbnailUrl":"https:\/\/www.organisator.ch\/wp-content\/uploads\/2022\/03\/Basel-Area-vermeldet-Rekordjahr-im-Standortmarketing_Organisator.jpg","keywords":["Standortf\u00f6rderung","Startups","Wirtschaftspolitik"],"articleSection":["Allgemein"],"inLanguage":"fr-FR"},{"@type":"WebPage","@id":"https:\/\/www.organisator.ch\/fr\/general\/2022-03-24\/basel-area-remeldet-rekordjahr-im-standortmarketing\/","url":"https:\/\/www.organisator.ch\/fr\/general\/2022-03-24\/basel-area-remeldet-rekordjahr-im-standortmarketing\/","name":"Basel Area annonce une ann\u00e9e record en mati\u00e8re de marketing local - Organisateur","isPartOf":{"@id":"https:\/\/www.organisator.ch\/#website"},"primaryImageOfPage":{"@id":"https:\/\/www.organisator.ch\/fr\/general\/2022-03-24\/basel-area-remeldet-rekordjahr-im-standortmarketing\/#primaryimage"},"image":{"@id":"https:\/\/www.organisator.ch\/fr\/general\/2022-03-24\/basel-area-remeldet-rekordjahr-im-standortmarketing\/#primaryimage"},"thumbnailUrl":"https:\/\/www.organisator.ch\/wp-content\/uploads\/2022\/03\/Basel-Area-vermeldet-Rekordjahr-im-Standortmarketing_Organisator.jpg","datePublished":"2022-03-24T12:46:38+00:00","description":"Ann\u00e9e record pour Basel Area : en 2021, 39 implantations d'entreprises ont \u00e9t\u00e9 soutenues dans les cantons de B\u00e2le-Campagne, B\u00e2le-Ville et du Jura.","breadcrumb":{"@id":"https:\/\/www.organisator.ch\/fr\/general\/2022-03-24\/basel-area-remeldet-rekordjahr-im-standortmarketing\/#breadcrumb"},"inLanguage":"fr-FR","potentialAction":[{"@type":"ReadAction","target":["https:\/\/www.organisator.ch\/fr\/general\/2022-03-24\/basel-area-remeldet-rekordjahr-im-standortmarketing\/"]}]},{"@type":"ImageObject","inLanguage":"fr-FR","@id":"https:\/\/www.organisator.ch\/fr\/general\/2022-03-24\/basel-area-remeldet-rekordjahr-im-standortmarketing\/#primaryimage","url":"https:\/\/www.organisator.ch\/wp-content\/uploads\/2022\/03\/Basel-Area-vermeldet-Rekordjahr-im-Standortmarketing_Organisator.jpg","contentUrl":"https:\/\/www.organisator.ch\/wp-content\/uploads\/2022\/03\/Basel-Area-vermeldet-Rekordjahr-im-Standortmarketing_Organisator.jpg","width":680,"height":452,"caption":"Der Wirtschaftsraum Basel konnte 2021 eine wachsende Zahl neuer Firmen anlocken. (Bild: zVg \/ Basel Area)"},{"@type":"BreadcrumbList","@id":"https:\/\/www.organisator.ch\/fr\/general\/2022-03-24\/basel-area-remeldet-rekordjahr-im-standortmarketing\/#breadcrumb","itemListElement":[{"@type":"ListItem","position":1,"name":"Home","item":"https:\/\/www.organisator.ch\/"},{"@type":"ListItem","position":2,"name":"Basel Area vermeldet Rekordjahr im Standortmarketing"}]},{"@type":"WebSite","@id":"https:\/\/www.organisator.ch\/#website","url":"https:\/\/www.organisator.ch\/","name":"Organisateur","description":"Comp\u00e9tence et comp\u00e9tence. Proches de la pratique. L'ORGANISATEUR pr\u00e9pare 10 num\u00e9ros par an sur les th\u00e8mes essentiels pour les dirigeants de PME.","publisher":{"@id":"https:\/\/www.organisator.ch\/#organization"},"potentialAction":[{"@type":"SearchAction","target":{"@type":"EntryPoint","urlTemplate":"https:\/\/www.organisator.ch\/?s={search_term_string}"},"query-input":{"@type":"PropertyValueSpecification","valueRequired":true,"valueName":"search_term_string"}}],"inLanguage":"fr-FR"},{"@type":"Organization","@id":"https:\/\/www.organisator.ch\/#organization","name":"Organisateur","url":"https:\/\/www.organisator.ch\/","logo":{"@type":"ImageObject","inLanguage":"fr-FR","@id":"https:\/\/www.organisator.ch\/#\/schema\/logo\/image\/","url":"https:\/\/www.organisator.ch\/wp-content\/uploads\/2022\/01\/Logo_Organisator_Website.png","contentUrl":"https:\/\/www.organisator.ch\/wp-content\/uploads\/2022\/01\/Logo_Organisator_Website.png","width":800,"height":77,"caption":"Organisator"},"image":{"@id":"https:\/\/www.organisator.ch\/#\/schema\/logo\/image\/"},"sameAs":["https:\/\/www.facebook.com\/OrganisatorFachmagazin","https:\/\/www.linkedin.com\/showcase\/organisator-das-magazin-fr-kmu","https:\/\/www.xing.com\/news\/pages\/organisator-ch-695","https:\/\/www.youtube.com\/channel\/UCGP2Sq0iWaZwT3BdIAQFYpw"]},{"@type":"Person","@id":"https:\/\/www.organisator.ch\/#\/schema\/person\/6f650f90b2842cd4c0cc334b4e36f67e","name":"thomas.berner","image":{"@type":"ImageObject","inLanguage":"fr-FR","@id":"https:\/\/secure.gravatar.com\/avatar\/ac5001d2a36cb6c6cd3e50789007ffca834b477b74a2144564522e944eabff61?s=96&d=mm&r=g","url":"https:\/\/secure.gravatar.com\/avatar\/ac5001d2a36cb6c6cd3e50789007ffca834b477b74a2144564522e944eabff61?s=96&d=mm&r=g","contentUrl":"https:\/\/secure.gravatar.com\/avatar\/ac5001d2a36cb6c6cd3e50789007ffca834b477b74a2144564522e944eabff61?s=96&d=mm&r=g","caption":"thomas.berner"},"url":"https:\/\/www.organisator.ch\/fr\/author\/thomas-berner\/"}]}},"_links":{"self":[{"href":"https:\/\/www.organisator.ch\/fr\/wp-json\/wp\/v2\/posts\/12213","targetHints":{"allow":["GET"]}}],"collection":[{"href":"https:\/\/www.organisator.ch\/fr\/wp-json\/wp\/v2\/posts"}],"about":[{"href":"https:\/\/www.organisator.ch\/fr\/wp-json\/wp\/v2\/types\/post"}],"author":[{"embeddable":true,"href":"https:\/\/www.organisator.ch\/fr\/wp-json\/wp\/v2\/users\/4"}],"replies":[{"embeddable":true,"href":"https:\/\/www.organisator.ch\/fr\/wp-json\/wp\/v2\/comments?post=12213"}],"version-history":[{"count":1,"href":"https:\/\/www.organisator.ch\/fr\/wp-json\/wp\/v2\/posts\/12213\/revisions"}],"predecessor-version":[{"id":12215,"href":"https:\/\/www.organisator.ch\/fr\/wp-json\/wp\/v2\/posts\/12213\/revisions\/12215"}],"wp:featuredmedia":[{"embeddable":true,"href":"https:\/\/www.organisator.ch\/fr\/wp-json\/wp\/v2\/media\/12214"}],"wp:attachment":[{"href":"https:\/\/www.organisator.ch\/fr\/wp-json\/wp\/v2\/media?parent=12213"}],"wp:term":[{"taxonomy":"category","embeddable":true,"href":"https:\/\/www.organisator.ch\/fr\/wp-json\/wp\/v2\/categories?post=12213"},{"taxonomy":"post_tag","embeddable":true,"href":"https:\/\/www.organisator.ch\/fr\/wp-json\/wp\/v2\/tags?post=12213"}],"curies":[{"name":"wp","href":"https:\/\/api.w.org\/{rel}","templated":true}]}}