{"id":12219,"date":"2022-03-24T13:43:12","date_gmt":"2022-03-24T12:43:12","guid":{"rendered":"https:\/\/www.werbewoche.ch\/?p=167875"},"modified":"2022-08-01T15:15:54","modified_gmt":"2022-08-01T13:15:54","slug":"baselwest-konzipiert-magazin-von-iwb-neu","status":"publish","type":"post","link":"https:\/\/www.organisator.ch\/fr\/marketing\/2022-03-24\/baselwest-konzipiert-magazin-von-iwb-neu\/","title":{"rendered":"Baselwest repense le magazine d'IWB"},"content":{"rendered":"<img class=\"alignnone wp-image-167876 size-large\" src=\"https:\/\/www.werbewoche.ch\/wp-content\/uploads\/2022\/03\/IWB_E2_1-1-1024x725.jpg\" alt=\"IWB\" width=\"768\" height=\"544\" \/>Le fournisseur d'\u00e9nergie b\u00e2lois IWB distribue quatre fois par an un magazine aux m\u00e9nages de sa zone de march\u00e9, jusqu'\u00e0 pr\u00e9sent sous le titre \"Energie &amp; Wasser\". Le magazine a d\u00e9sormais \u00e9t\u00e9 adapt\u00e9 aux nouvelles directives du Corporate Design et para\u00eet sous le titre \"E puissance 2\", afin de mieux refl\u00e9ter la gamme de prestations plus large de l'entreprise. Le E signifie \"\u00e9nergie renouvelable\", le chiffre 2 en exposant doit montrer le grand potentiel d'IWB - en r\u00e9f\u00e9rence \u00e0 la c\u00e9l\u00e8bre \u00e9quation d'Einstein.\r\n\r\nLe concept du magazine mise d\u00e9sormais davantage sur le storytelling et l'edutainment. Chaque num\u00e9ro a un th\u00e8me principal qui est davantage mis en valeur dans la dramaturgie. La pr\u00e9sentation dans le nouveau design suit un affinement des formats journalistiques avec diff\u00e9rentes parts de textes et d'images afin de rendre les contenus plus accessibles et d'optimiser la facilit\u00e9 de lecture.\r\n\r\n<a href=\"https:\/\/www.werbewoche.ch\/wp-content\/uploads\/2022\/03\/IWB_E2_1-2.jpg\"><img class=\"attachment-large alignnone\" src=\"https:\/\/www.werbewoche.ch\/wp-content\/uploads\/2022\/03\/IWB_E2_1-2-1024x726.jpg\" alt=\"IWB\" width=\"768\" height=\"545\" \/><\/a>\r\n<a href=\"https:\/\/www.werbewoche.ch\/wp-content\/uploads\/2022\/03\/IWB_E2_1-3.jpg\"><img class=\"attachment-large alignnone\" src=\"https:\/\/www.werbewoche.ch\/wp-content\/uploads\/2022\/03\/IWB_E2_1-3-1024x726.jpg\" alt=\"IWB\" width=\"768\" height=\"545\" \/><\/a>\r\n<a href=\"https:\/\/www.werbewoche.ch\/wp-content\/uploads\/2022\/03\/IWB_E2_1-4.jpg\"><img class=\"attachment-large alignnone\" src=\"https:\/\/www.werbewoche.ch\/wp-content\/uploads\/2022\/03\/IWB_E2_1-4-1024x726.jpg\" alt=\"IWB\" width=\"768\" height=\"545\" \/><\/a>\r\n<a href=\"https:\/\/www.werbewoche.ch\/wp-content\/uploads\/2022\/03\/IWB_E2_1-5.jpg\"><img class=\"attachment-large alignnone\" src=\"https:\/\/www.werbewoche.ch\/wp-content\/uploads\/2022\/03\/IWB_E2_1-5-1024x726.jpg\" alt=\"IWB\" width=\"768\" height=\"545\" \/><\/a>\r\n<a href=\"https:\/\/www.werbewoche.ch\/wp-content\/uploads\/2022\/03\/IWB_E2_1-6.jpg\"><img class=\"attachment-large alignnone\" src=\"https:\/\/www.werbewoche.ch\/wp-content\/uploads\/2022\/03\/IWB_E2_1-6-1024x726.jpg\" alt=\"IWB\" width=\"768\" height=\"545\" \/><\/a>\r\n<a href=\"https:\/\/www.werbewoche.ch\/wp-content\/uploads\/2022\/03\/IWB_E2_1-7.jpg\"><img class=\"attachment-large alignnone\" src=\"https:\/\/www.werbewoche.ch\/wp-content\/uploads\/2022\/03\/IWB_E2_1-7-1024x726.jpg\" alt=\"IWB\" width=\"768\" height=\"545\" \/><\/a>\r\n\r\n<hr \/>\r\n\r\n<strong>Responsable chez IWB :<\/strong> Katarina Karadzic, Reto M\u00fcller (direction de projet), Erik Rummer (directeur de la communication d'entreprise), Dietmar K\u00fcther (directeur de la marque et du d\u00e9veloppement durable). <strong>Responsable<\/strong> <strong>chez<\/strong> <strong>Tatin Design Enterprises :<\/strong> Oliver Mayer, Lukas Gysin (Corporate Redesign). <strong>Responsable chez Kooi :<\/strong> Claude Beauge, Paul Drzimalla (concept r\u00e9dactionnel). <strong>Responsable de la communication d'entreprise de Basel West :<\/strong> Thomas Aerni, Markus Siegenthaler (concept d'am\u00e9nagement).","protected":false},"excerpt":{"rendered":"<p>Der Basler Energieversorger IWB verteilt viermal j\u00e4hrlich ein Magazin an die Haushalte in seinem Marktgebiet, bisher unter dem Titel \u00abEnergie &amp; Wasser\u00bb. Das Heft wurde nun an neue Vorgaben des Corporate Designs angepasst und erscheint unter dem Titel \u00abE hoch 2\u00bb, um dem breiteren Leistungsspektrum des Unternehmens besser gerecht zu werden. Das E steht f\u00fcr [\u2026]<\/p>\n","protected":false},"author":8,"featured_media":0,"comment_status":"closed","ping_status":"closed","sticky":false,"template":"","format":"standard","meta":{"_acf_changed":false,"_yoast_wpseo_focuskw":"IWB","_yoast_wpseo_metadesc":"Neu tritt das viermal j\u00e4hrlich erscheinende Magazin \u00abEnergie & Wasser\u00bb von IWB unter dem Namen \u00abE hoch 2\u00bb auf. F\u00fcr die Neukonzeption des Magazins zeichnet die Basler Agentur Basel West verantwortlich.","articlekey":"","footnotes":""},"categories":[29],"tags":[2764,3234],"class_list":["post-12219","post","type-post","status-publish","format-standard","hentry","category-marketing","tag-basel-west","tag-iwb"],"acf":[],"yoast_head":"<!-- This site is optimized with the Yoast SEO plugin v27.5 - https:\/\/yoast.com\/product\/yoast-seo-wordpress\/ -->\n<title>Baselwest konzipiert Magazin von IWB neu - Organisator<\/title>\n<meta name=\"description\" content=\"Neu tritt das viermal j\u00e4hrlich erscheinende Magazin \u00abEnergie &amp; Wasser\u00bb von IWB unter dem Namen \u00abE hoch 2\u00bb auf. F\u00fcr die Neukonzeption des Magazins zeichnet die Basler Agentur Basel West verantwortlich.\" \/>\n<meta name=\"robots\" content=\"index, follow, max-snippet:-1, max-image-preview:large, max-video-preview:-1\" \/>\n<link rel=\"canonical\" href=\"https:\/\/www.werbewoche.ch\/de\/marketing\/marken\/2022-03-24\/baselwest-konzipiert-magazin-von-iwb-neu\/\" \/>\n<meta property=\"og:locale\" content=\"fr_FR\" \/>\n<meta property=\"og:type\" content=\"article\" \/>\n<meta property=\"og:title\" content=\"Baselwest konzipiert Magazin von IWB neu - Organisator\" \/>\n<meta property=\"og:description\" content=\"Neu tritt das viermal j\u00e4hrlich erscheinende Magazin \u00abEnergie &amp; Wasser\u00bb von IWB unter dem Namen \u00abE hoch 2\u00bb auf. F\u00fcr die Neukonzeption des Magazins zeichnet die Basler Agentur Basel West verantwortlich.\" \/>\n<meta property=\"og:url\" content=\"https:\/\/www.werbewoche.ch\/de\/marketing\/marken\/2022-03-24\/baselwest-konzipiert-magazin-von-iwb-neu\/\" \/>\n<meta property=\"og:site_name\" content=\"Organisator\" \/>\n<meta property=\"article:publisher\" content=\"https:\/\/www.facebook.com\/OrganisatorFachmagazin\" \/>\n<meta property=\"article:published_time\" content=\"2022-03-24T12:43:12+00:00\" \/>\n<meta property=\"article:modified_time\" content=\"2022-08-01T13:15:54+00:00\" \/>\n<meta property=\"og:image\" content=\"https:\/\/www.werbewoche.ch\/wp-content\/uploads\/2022\/03\/IWB_E2_1-1-1024x725.jpg\" \/>\n<meta name=\"author\" content=\"galledia\" \/>\n<meta name=\"twitter:card\" content=\"summary_large_image\" \/>\n<meta name=\"twitter:creator\" content=\"@admin\" \/>\n<script type=\"application\/ld+json\" class=\"yoast-schema-graph\">{\"@context\":\"https:\\\/\\\/schema.org\",\"@graph\":[{\"@type\":\"Article\",\"@id\":\"https:\\\/\\\/www.werbewoche.ch\\\/de\\\/marketing\\\/marken\\\/2022-03-24\\\/baselwest-konzipiert-magazin-von-iwb-neu\\\/#article\",\"isPartOf\":{\"@id\":\"https:\\\/\\\/www.organisator.ch\\\/marketing\\\/2022-03-24\\\/baselwest-konzipiert-magazin-von-iwb-neu\\\/\"},\"author\":{\"name\":\"galledia\",\"@id\":\"https:\\\/\\\/www.organisator.ch\\\/#\\\/schema\\\/person\\\/4e51799071cd2dd1232ac003643ef5f0\"},\"headline\":\"Baselwest konzipiert Magazin von IWB neu\",\"datePublished\":\"2022-03-24T12:43:12+00:00\",\"dateModified\":\"2022-08-01T13:15:54+00:00\",\"mainEntityOfPage\":{\"@id\":\"https:\\\/\\\/www.organisator.ch\\\/marketing\\\/2022-03-24\\\/baselwest-konzipiert-magazin-von-iwb-neu\\\/\"},\"wordCount\":181,\"publisher\":{\"@id\":\"https:\\\/\\\/www.organisator.ch\\\/#organization\"},\"image\":{\"@id\":\"https:\\\/\\\/www.werbewoche.ch\\\/de\\\/marketing\\\/marken\\\/2022-03-24\\\/baselwest-konzipiert-magazin-von-iwb-neu\\\/#primaryimage\"},\"thumbnailUrl\":\"https:\\\/\\\/www.werbewoche.ch\\\/wp-content\\\/uploads\\\/2022\\\/03\\\/IWB_E2_1-1-1024x725.jpg\",\"keywords\":[\"Basel West\",\"IWB\"],\"articleSection\":[\"MARKETING\"],\"inLanguage\":\"fr-FR\"},{\"@type\":\"WebPage\",\"@id\":\"https:\\\/\\\/www.organisator.ch\\\/marketing\\\/2022-03-24\\\/baselwest-konzipiert-magazin-von-iwb-neu\\\/\",\"url\":\"https:\\\/\\\/www.werbewoche.ch\\\/de\\\/marketing\\\/marken\\\/2022-03-24\\\/baselwest-konzipiert-magazin-von-iwb-neu\\\/\",\"name\":\"Baselwest konzipiert Magazin von IWB neu - Organisator\",\"isPartOf\":{\"@id\":\"https:\\\/\\\/www.organisator.ch\\\/#website\"},\"primaryImageOfPage\":{\"@id\":\"https:\\\/\\\/www.werbewoche.ch\\\/de\\\/marketing\\\/marken\\\/2022-03-24\\\/baselwest-konzipiert-magazin-von-iwb-neu\\\/#primaryimage\"},\"image\":{\"@id\":\"https:\\\/\\\/www.werbewoche.ch\\\/de\\\/marketing\\\/marken\\\/2022-03-24\\\/baselwest-konzipiert-magazin-von-iwb-neu\\\/#primaryimage\"},\"thumbnailUrl\":\"https:\\\/\\\/www.werbewoche.ch\\\/wp-content\\\/uploads\\\/2022\\\/03\\\/IWB_E2_1-1-1024x725.jpg\",\"datePublished\":\"2022-03-24T12:43:12+00:00\",\"dateModified\":\"2022-08-01T13:15:54+00:00\",\"description\":\"Neu tritt das viermal j\u00e4hrlich erscheinende Magazin \u00abEnergie & Wasser\u00bb von IWB unter dem Namen \u00abE hoch 2\u00bb auf. F\u00fcr die Neukonzeption des Magazins zeichnet die Basler Agentur Basel West verantwortlich.\",\"breadcrumb\":{\"@id\":\"https:\\\/\\\/www.werbewoche.ch\\\/de\\\/marketing\\\/marken\\\/2022-03-24\\\/baselwest-konzipiert-magazin-von-iwb-neu\\\/#breadcrumb\"},\"inLanguage\":\"fr-FR\",\"potentialAction\":[{\"@type\":\"ReadAction\",\"target\":[\"https:\\\/\\\/www.werbewoche.ch\\\/de\\\/marketing\\\/marken\\\/2022-03-24\\\/baselwest-konzipiert-magazin-von-iwb-neu\\\/\"]}]},{\"@type\":\"ImageObject\",\"inLanguage\":\"fr-FR\",\"@id\":\"https:\\\/\\\/www.werbewoche.ch\\\/de\\\/marketing\\\/marken\\\/2022-03-24\\\/baselwest-konzipiert-magazin-von-iwb-neu\\\/#primaryimage\",\"url\":\"https:\\\/\\\/www.werbewoche.ch\\\/wp-content\\\/uploads\\\/2022\\\/03\\\/IWB_E2_1-1-1024x725.jpg\",\"contentUrl\":\"https:\\\/\\\/www.werbewoche.ch\\\/wp-content\\\/uploads\\\/2022\\\/03\\\/IWB_E2_1-1-1024x725.jpg\"},{\"@type\":\"BreadcrumbList\",\"@id\":\"https:\\\/\\\/www.werbewoche.ch\\\/de\\\/marketing\\\/marken\\\/2022-03-24\\\/baselwest-konzipiert-magazin-von-iwb-neu\\\/#breadcrumb\",\"itemListElement\":[{\"@type\":\"ListItem\",\"position\":1,\"name\":\"Home\",\"item\":\"https:\\\/\\\/www.organisator.ch\\\/\"},{\"@type\":\"ListItem\",\"position\":2,\"name\":\"Baselwest konzipiert Magazin von IWB neu\"}]},{\"@type\":\"WebSite\",\"@id\":\"https:\\\/\\\/www.organisator.ch\\\/#website\",\"url\":\"https:\\\/\\\/www.organisator.ch\\\/\",\"name\":\"Organisator\",\"description\":\"Kompetent. Praxisnah. Der ORGANISATOR bereitet in 10 Ausgaben pro Jahr die wesentlichen Themen f\u00fcr F\u00fchrungskr\u00e4fte von KMU auf.\",\"publisher\":{\"@id\":\"https:\\\/\\\/www.organisator.ch\\\/#organization\"},\"potentialAction\":[{\"@type\":\"SearchAction\",\"target\":{\"@type\":\"EntryPoint\",\"urlTemplate\":\"https:\\\/\\\/www.organisator.ch\\\/?s={search_term_string}\"},\"query-input\":{\"@type\":\"PropertyValueSpecification\",\"valueRequired\":true,\"valueName\":\"search_term_string\"}}],\"inLanguage\":\"fr-FR\"},{\"@type\":\"Organization\",\"@id\":\"https:\\\/\\\/www.organisator.ch\\\/#organization\",\"name\":\"Organisator\",\"url\":\"https:\\\/\\\/www.organisator.ch\\\/\",\"logo\":{\"@type\":\"ImageObject\",\"inLanguage\":\"fr-FR\",\"@id\":\"https:\\\/\\\/www.organisator.ch\\\/#\\\/schema\\\/logo\\\/image\\\/\",\"url\":\"https:\\\/\\\/www.organisator.ch\\\/wp-content\\\/uploads\\\/2022\\\/01\\\/Logo_Organisator_Website.png\",\"contentUrl\":\"https:\\\/\\\/www.organisator.ch\\\/wp-content\\\/uploads\\\/2022\\\/01\\\/Logo_Organisator_Website.png\",\"width\":800,\"height\":77,\"caption\":\"Organisator\"},\"image\":{\"@id\":\"https:\\\/\\\/www.organisator.ch\\\/#\\\/schema\\\/logo\\\/image\\\/\"},\"sameAs\":[\"https:\\\/\\\/www.facebook.com\\\/OrganisatorFachmagazin\",\"https:\\\/\\\/www.linkedin.com\\\/showcase\\\/organisator-das-magazin-fr-kmu\",\"https:\\\/\\\/www.xing.com\\\/news\\\/pages\\\/organisator-ch-695\",\"https:\\\/\\\/www.youtube.com\\\/channel\\\/UCGP2Sq0iWaZwT3BdIAQFYpw\"]},{\"@type\":\"Person\",\"@id\":\"https:\\\/\\\/www.organisator.ch\\\/#\\\/schema\\\/person\\\/4e51799071cd2dd1232ac003643ef5f0\",\"name\":\"galledia\",\"image\":{\"@type\":\"ImageObject\",\"inLanguage\":\"fr-FR\",\"@id\":\"https:\\\/\\\/secure.gravatar.com\\\/avatar\\\/78a7f90c01fc2bfc875782a0d4922b37cde2cf184ce347b91316d23cd7f69a36?s=96&d=mm&r=g\",\"url\":\"https:\\\/\\\/secure.gravatar.com\\\/avatar\\\/78a7f90c01fc2bfc875782a0d4922b37cde2cf184ce347b91316d23cd7f69a36?s=96&d=mm&r=g\",\"contentUrl\":\"https:\\\/\\\/secure.gravatar.com\\\/avatar\\\/78a7f90c01fc2bfc875782a0d4922b37cde2cf184ce347b91316d23cd7f69a36?s=96&d=mm&r=g\",\"caption\":\"galledia\"},\"sameAs\":[\"https:\\\/\\\/x.com\\\/admin\"],\"url\":\"https:\\\/\\\/www.organisator.ch\\\/fr\\\/author\\\/galledia\\\/\"}]}<\/script>\n<!-- \/ Yoast SEO plugin. -->","yoast_head_json":{"title":"Baselwest repense le magazine d'IWB - Organisateur","description":"Le magazine \"Energie &amp; Wasser\" d'IWB, qui para\u00eet quatre fois par an, se pr\u00e9sente d\u00e9sormais sous le nom de \"E puissance 2\". C'est l'agence b\u00e2loise Basel West qui est responsable de la nouvelle conception du magazine.","robots":{"index":"index","follow":"follow","max-snippet":"max-snippet:-1","max-image-preview":"max-image-preview:large","max-video-preview":"max-video-preview:-1"},"canonical":"https:\/\/www.werbewoche.ch\/de\/marketing\/marken\/2022-03-24\/baselwest-konzipiert-magazin-von-iwb-neu\/","og_locale":"fr_FR","og_type":"article","og_title":"Baselwest konzipiert Magazin von IWB neu - Organisator","og_description":"Neu tritt das viermal j\u00e4hrlich erscheinende Magazin \u00abEnergie & Wasser\u00bb von IWB unter dem Namen \u00abE hoch 2\u00bb auf. F\u00fcr die Neukonzeption des Magazins zeichnet die Basler Agentur Basel West verantwortlich.","og_url":"https:\/\/www.werbewoche.ch\/de\/marketing\/marken\/2022-03-24\/baselwest-konzipiert-magazin-von-iwb-neu\/","og_site_name":"Organisator","article_publisher":"https:\/\/www.facebook.com\/OrganisatorFachmagazin","article_published_time":"2022-03-24T12:43:12+00:00","article_modified_time":"2022-08-01T13:15:54+00:00","og_image":[{"url":"https:\/\/www.werbewoche.ch\/wp-content\/uploads\/2022\/03\/IWB_E2_1-1-1024x725.jpg","type":"","width":"","height":""}],"author":"galledia","twitter_card":"summary_large_image","twitter_creator":"@admin","schema":{"@context":"https:\/\/schema.org","@graph":[{"@type":"Article","@id":"https:\/\/www.werbewoche.ch\/de\/marketing\/marken\/2022-03-24\/baselwest-konzipiert-magazin-von-iwb-neu\/#article","isPartOf":{"@id":"https:\/\/www.organisator.ch\/marketing\/2022-03-24\/baselwest-konzipiert-magazin-von-iwb-neu\/"},"author":{"name":"galledia","@id":"https:\/\/www.organisator.ch\/#\/schema\/person\/4e51799071cd2dd1232ac003643ef5f0"},"headline":"Baselwest konzipiert Magazin von IWB neu","datePublished":"2022-03-24T12:43:12+00:00","dateModified":"2022-08-01T13:15:54+00:00","mainEntityOfPage":{"@id":"https:\/\/www.organisator.ch\/marketing\/2022-03-24\/baselwest-konzipiert-magazin-von-iwb-neu\/"},"wordCount":181,"publisher":{"@id":"https:\/\/www.organisator.ch\/#organization"},"image":{"@id":"https:\/\/www.werbewoche.ch\/de\/marketing\/marken\/2022-03-24\/baselwest-konzipiert-magazin-von-iwb-neu\/#primaryimage"},"thumbnailUrl":"https:\/\/www.werbewoche.ch\/wp-content\/uploads\/2022\/03\/IWB_E2_1-1-1024x725.jpg","keywords":["Basel West","IWB"],"articleSection":["MARKETING"],"inLanguage":"fr-FR"},{"@type":"WebPage","@id":"https:\/\/www.organisator.ch\/marketing\/2022-03-24\/baselwest-konzipiert-magazin-von-iwb-neu\/","url":"https:\/\/www.werbewoche.ch\/de\/marketing\/marken\/2022-03-24\/baselwest-konzipiert-magazin-von-iwb-neu\/","name":"Baselwest repense le magazine d'IWB - Organisateur","isPartOf":{"@id":"https:\/\/www.organisator.ch\/#website"},"primaryImageOfPage":{"@id":"https:\/\/www.werbewoche.ch\/de\/marketing\/marken\/2022-03-24\/baselwest-konzipiert-magazin-von-iwb-neu\/#primaryimage"},"image":{"@id":"https:\/\/www.werbewoche.ch\/de\/marketing\/marken\/2022-03-24\/baselwest-konzipiert-magazin-von-iwb-neu\/#primaryimage"},"thumbnailUrl":"https:\/\/www.werbewoche.ch\/wp-content\/uploads\/2022\/03\/IWB_E2_1-1-1024x725.jpg","datePublished":"2022-03-24T12:43:12+00:00","dateModified":"2022-08-01T13:15:54+00:00","description":"Le magazine \"Energie &amp; Wasser\" d'IWB, qui para\u00eet quatre fois par an, se pr\u00e9sente d\u00e9sormais sous le nom de \"E puissance 2\". C'est l'agence b\u00e2loise Basel West qui est responsable de la nouvelle conception du magazine.","breadcrumb":{"@id":"https:\/\/www.werbewoche.ch\/de\/marketing\/marken\/2022-03-24\/baselwest-konzipiert-magazin-von-iwb-neu\/#breadcrumb"},"inLanguage":"fr-FR","potentialAction":[{"@type":"ReadAction","target":["https:\/\/www.werbewoche.ch\/de\/marketing\/marken\/2022-03-24\/baselwest-konzipiert-magazin-von-iwb-neu\/"]}]},{"@type":"ImageObject","inLanguage":"fr-FR","@id":"https:\/\/www.werbewoche.ch\/de\/marketing\/marken\/2022-03-24\/baselwest-konzipiert-magazin-von-iwb-neu\/#primaryimage","url":"https:\/\/www.werbewoche.ch\/wp-content\/uploads\/2022\/03\/IWB_E2_1-1-1024x725.jpg","contentUrl":"https:\/\/www.werbewoche.ch\/wp-content\/uploads\/2022\/03\/IWB_E2_1-1-1024x725.jpg"},{"@type":"BreadcrumbList","@id":"https:\/\/www.werbewoche.ch\/de\/marketing\/marken\/2022-03-24\/baselwest-konzipiert-magazin-von-iwb-neu\/#breadcrumb","itemListElement":[{"@type":"ListItem","position":1,"name":"Home","item":"https:\/\/www.organisator.ch\/"},{"@type":"ListItem","position":2,"name":"Baselwest konzipiert Magazin von IWB neu"}]},{"@type":"WebSite","@id":"https:\/\/www.organisator.ch\/#website","url":"https:\/\/www.organisator.ch\/","name":"Organisateur","description":"Comp\u00e9tence et comp\u00e9tence. Proches de la pratique. L'ORGANISATEUR pr\u00e9pare 10 num\u00e9ros par an sur les th\u00e8mes essentiels pour les dirigeants de PME.","publisher":{"@id":"https:\/\/www.organisator.ch\/#organization"},"potentialAction":[{"@type":"SearchAction","target":{"@type":"EntryPoint","urlTemplate":"https:\/\/www.organisator.ch\/?s={search_term_string}"},"query-input":{"@type":"PropertyValueSpecification","valueRequired":true,"valueName":"search_term_string"}}],"inLanguage":"fr-FR"},{"@type":"Organization","@id":"https:\/\/www.organisator.ch\/#organization","name":"Organisateur","url":"https:\/\/www.organisator.ch\/","logo":{"@type":"ImageObject","inLanguage":"fr-FR","@id":"https:\/\/www.organisator.ch\/#\/schema\/logo\/image\/","url":"https:\/\/www.organisator.ch\/wp-content\/uploads\/2022\/01\/Logo_Organisator_Website.png","contentUrl":"https:\/\/www.organisator.ch\/wp-content\/uploads\/2022\/01\/Logo_Organisator_Website.png","width":800,"height":77,"caption":"Organisator"},"image":{"@id":"https:\/\/www.organisator.ch\/#\/schema\/logo\/image\/"},"sameAs":["https:\/\/www.facebook.com\/OrganisatorFachmagazin","https:\/\/www.linkedin.com\/showcase\/organisator-das-magazin-fr-kmu","https:\/\/www.xing.com\/news\/pages\/organisator-ch-695","https:\/\/www.youtube.com\/channel\/UCGP2Sq0iWaZwT3BdIAQFYpw"]},{"@type":"Person","@id":"https:\/\/www.organisator.ch\/#\/schema\/person\/4e51799071cd2dd1232ac003643ef5f0","name":"galledia","image":{"@type":"ImageObject","inLanguage":"fr-FR","@id":"https:\/\/secure.gravatar.com\/avatar\/78a7f90c01fc2bfc875782a0d4922b37cde2cf184ce347b91316d23cd7f69a36?s=96&d=mm&r=g","url":"https:\/\/secure.gravatar.com\/avatar\/78a7f90c01fc2bfc875782a0d4922b37cde2cf184ce347b91316d23cd7f69a36?s=96&d=mm&r=g","contentUrl":"https:\/\/secure.gravatar.com\/avatar\/78a7f90c01fc2bfc875782a0d4922b37cde2cf184ce347b91316d23cd7f69a36?s=96&d=mm&r=g","caption":"galledia"},"sameAs":["https:\/\/x.com\/admin"],"url":"https:\/\/www.organisator.ch\/fr\/author\/galledia\/"}]}},"_links":{"self":[{"href":"https:\/\/www.organisator.ch\/fr\/wp-json\/wp\/v2\/posts\/12219","targetHints":{"allow":["GET"]}}],"collection":[{"href":"https:\/\/www.organisator.ch\/fr\/wp-json\/wp\/v2\/posts"}],"about":[{"href":"https:\/\/www.organisator.ch\/fr\/wp-json\/wp\/v2\/types\/post"}],"author":[{"embeddable":true,"href":"https:\/\/www.organisator.ch\/fr\/wp-json\/wp\/v2\/users\/8"}],"replies":[{"embeddable":true,"href":"https:\/\/www.organisator.ch\/fr\/wp-json\/wp\/v2\/comments?post=12219"}],"version-history":[{"count":3,"href":"https:\/\/www.organisator.ch\/fr\/wp-json\/wp\/v2\/posts\/12219\/revisions"}],"predecessor-version":[{"id":16097,"href":"https:\/\/www.organisator.ch\/fr\/wp-json\/wp\/v2\/posts\/12219\/revisions\/16097"}],"wp:attachment":[{"href":"https:\/\/www.organisator.ch\/fr\/wp-json\/wp\/v2\/media?parent=12219"}],"wp:term":[{"taxonomy":"category","embeddable":true,"href":"https:\/\/www.organisator.ch\/fr\/wp-json\/wp\/v2\/categories?post=12219"},{"taxonomy":"post_tag","embeddable":true,"href":"https:\/\/www.organisator.ch\/fr\/wp-json\/wp\/v2\/tags?post=12219"}],"curies":[{"name":"wp","href":"https:\/\/api.w.org\/{rel}","templated":true}]}}